{"id":62775,"date":"2024-09-24T17:22:14","date_gmt":"2024-09-24T20:22:14","guid":{"rendered":"https:\/\/med.estrategia.com\/portal\/?p=62775"},"modified":"2024-10-28T13:22:34","modified_gmt":"2024-10-28T16:22:34","slug":"uerj-divulga-edital-para-residencia-medica-2025","status":"publish","type":"post","link":"https:\/\/med.estrategia.com\/portal\/noticias\/uerj-divulga-edital-para-residencia-medica-2025\/","title":{"rendered":"UERJ divulga edital para Resid\u00eancia M\u00e9dica 2025"},"content":{"rendered":"<p>A <strong>Universidade do Estado do Rio de Janeiro (UERJ)<\/strong> divulgou hoje (24) o edital para a edi&ccedil;&atilde;o com ingresso em 2025 do seu <strong>processo seletivo de resid&ecirc;ncia m&eacute;dica.<\/strong> Com<strong> vagas dispon&iacute;veis<\/strong> distribu&iacute;das entre especialidades de Acesso Direto e com Pr&eacute;-Requisito, a sele&ccedil;&atilde;o de resid&ecirc;ncia m&eacute;dica <strong>UERJ 2025 <\/strong>conta com apenas<strong> uma etapa<\/strong>. A avalia&ccedil;&atilde;o dos candidatos participantes acontecer&aacute; atrav&eacute;s de uma<strong> prova objetiva prevista para o dia 30 de novembro de 2024<\/strong>.<br><br>O<strong> per&iacute;odo de inscri&ccedil;&otilde;es<\/strong> acontece <strong>entre os dias 8 e 31 de outubro de 2024<\/strong> e a taxa de inscri&ccedil;&atilde;o &eacute; de <strong>R$380,00.<\/strong> Confira mais informa&ccedil;&otilde;es abaixo!<div id=\"ez-toc-container\" class=\"ez-toc-v2_0_79_2 counter-hierarchy ez-toc-counter ez-toc-transparent ez-toc-container-direction\">\n<div class=\"ez-toc-title-container\"><p class=\"ez-toc-title\" style=\"cursor:inherit\">Navegue pelo conte\u00fado<\/p>\n<\/div><nav><ul class='ez-toc-list ez-toc-list-level-1 ' ><li class='ez-toc-page-1 ez-toc-heading-level-2'><a class=\"ez-toc-link ez-toc-heading-1\" href=\"https:\/\/med.estrategia.com\/portal\/noticias\/uerj-divulga-edital-para-residencia-medica-2025\/#Resumo-Edital-%E2%80%93-UERJ-2025\" >Resumo Edital &ndash; UERJ 2025<\/a><ul class='ez-toc-list-level-3' ><li class='ez-toc-heading-level-3'><a class=\"ez-toc-link ez-toc-heading-2\" href=\"https:\/\/med.estrategia.com\/portal\/noticias\/uerj-divulga-edital-para-residencia-medica-2025\/#Inscreva-se-em-nossa-newsletter\" >Inscreva-se em nossa newsletter!<\/a><\/li><\/ul><\/li><li class='ez-toc-page-1 ez-toc-heading-level-2'><a class=\"ez-toc-link ez-toc-heading-3\" href=\"https:\/\/med.estrategia.com\/portal\/noticias\/uerj-divulga-edital-para-residencia-medica-2025\/#Edital-UERJ-2025\" >Edital UERJ 2025<\/a><\/li><li class='ez-toc-page-1 ez-toc-heading-level-2'><a class=\"ez-toc-link ez-toc-heading-4\" href=\"https:\/\/med.estrategia.com\/portal\/noticias\/uerj-divulga-edital-para-residencia-medica-2025\/#A-UERJ\" >A UERJ<\/a><\/li><li class='ez-toc-page-1 ez-toc-heading-level-2'><a class=\"ez-toc-link ez-toc-heading-5\" href=\"https:\/\/med.estrategia.com\/portal\/noticias\/uerj-divulga-edital-para-residencia-medica-2025\/#Prepare-se-para-a-UERJ-2025-com-o-Estrategia-MED\" >Prepare-se para a UERJ 2025 com o Estrat&eacute;gia MED<\/a><\/li><\/ul><\/nav><\/div>\n<h2 class=\"wp-block-heading\" id=\"h-resumo-edital-uerj-2025\"><span class=\"ez-toc-section\" id=\"Resumo-Edital-%E2%80%93-UERJ-2025\"><\/span>Resumo Edital &ndash; UERJ 2025<span class=\"ez-toc-section-end\"><\/span><\/h2><figure class=\"wp-block-table\"><table class=\"has-fixed-layout\"><tbody><tr><td><strong>Vagas livres<\/strong><\/td><td class=\"has-text-align-center\" data-align=\"center\">116 (AD) + 111 (PR)<\/td><\/tr><tr><td><strong>Inscri&ccedil;&otilde;es<\/strong><\/td><td class=\"has-text-align-center\" data-align=\"center\">08\/10 (14h) a 31\/10\/2024<\/td><\/tr><tr><td><strong>Taxa de inscri&ccedil;&atilde;o<\/strong><\/td><td class=\"has-text-align-center\" data-align=\"center\">R$ 380,00<\/td><\/tr><tr><td><strong>Solicita&ccedil;&atilde;o de isen&ccedil;&atilde;o<\/strong><\/td><td class=\"has-text-align-center\" data-align=\"center\">08\/10 (14h) a 10\/10\/2024<\/td><\/tr><tr><td><strong>Composi&ccedil;&atilde;o do processo seletivo<\/strong><\/td><td class=\"has-text-align-center\" data-align=\"center\"><strong>Etapa &uacute;nica: Prova Objetiva (AD)<\/strong>, Prova Discursiva ou Discursiva e Objetiva (vide especialidades com pr&eacute;-requisito)<\/td><\/tr><tr><td><strong>Data da prova<\/strong><\/td><td class=\"has-text-align-center\" data-align=\"center\">30\/11\/2024<\/td><\/tr><tr><td><strong>Gabarito preliminar<\/strong><\/td><td class=\"has-text-align-center\" data-align=\"center\">30\/11\/2024<\/td><\/tr><tr><td><strong>Recursos ao gabarito<\/strong><\/td><td class=\"has-text-align-center\" data-align=\"center\">30\/11 a 02\/12\/2024<\/td><\/tr><tr><td><strong>Divulga&ccedil;&atilde;o das notas preliminares<\/strong> <strong>(Pr&eacute;-Requisito)<\/strong><\/td><td class=\"has-text-align-center\" data-align=\"center\">16\/01\/2025<\/td><\/tr><tr><td><strong>Recursos &agrave;s notas preliminares<\/strong> <strong>(Pr&eacute;-Requisito)<\/strong><\/td><td class=\"has-text-align-center\" data-align=\"center\">16\/01 (18h) e 17\/01\/2025<\/td><\/tr><tr><td><strong><strong>Resultado Final (Acesso Direto)<\/strong><\/strong><\/td><td class=\"has-text-align-center\" data-align=\"center\">19\/12\/2024<\/td><\/tr><tr><td><strong>Resultado Final (<strong><strong>Pr&eacute;-Requisito<\/strong><\/strong>)<\/strong><\/td><td class=\"has-text-align-center\" data-align=\"center\">30\/01\/2025<\/td><\/tr><tr><td><strong>Confirma&ccedil;&atilde;o de Interesse na Vaga<\/strong><\/td><td class=\"has-text-align-center\" data-align=\"center\">03\/02, 04\/02 e 05\/02\/2025<\/td><\/tr><tr><td><strong>Divulga&ccedil;&atilde;o da listagem de candidatos aptos a efetivar a matr&iacute;cula<\/strong><\/td><td class=\"has-text-align-center\" data-align=\"center\">06\/02\/2025<\/td><\/tr><tr><td><strong>Matr&iacute;culas<\/strong><\/td><td class=\"has-text-align-center\" data-align=\"center\">10\/02 a 14\/02\/2025<\/td><\/tr><tr><td><strong>In&iacute;cio dos programas<\/strong><\/td><td class=\"has-text-align-center\" data-align=\"center\">Mar&ccedil;o de 2025<\/td><\/tr><\/tbody><\/table><\/figure><p>Quer saber em detalhes tudo sobre o processo seletivo para resid&ecirc;ncia m&eacute;dica da UERJ?&nbsp;<a href=\"https:\/\/med.estrategia.com\/portal\/residencia-medica\/uerj-residencia-medica\/\" target=\"_blank\">Clique aqui e confira o texto exclusivo<\/a>&nbsp;que preparamos para auxiliar voc&ecirc; a entender como funciona a inscri&ccedil;&atilde;o, prova, vagas ofertadas e mais da UERJ 2025 para Resid&ecirc;ncia M&eacute;dica! Assine tamb&eacute;m a nossa Newsletter para receber atualiza&ccedil;&otilde;es sobre este e outros processos seletivos diretamente no seu e-mail:<\/p><p>\n\n\n<div id=\"new-form\">\n\t<form id=\"forms_layout\">\n\t<input type=\"hidden\" id=\"chave_de\" name=\"chave_de\" value=\"01_EMED_LEADS_TOTAIS\" \/>\n\t\t<input type=\"hidden\" id=\"mid\" name=\"mid\" value=\"515009018\" \/>\n\t\t<input type=\"hidden\" id=\"Objetivo\" name=\"Objetivo\" value=\"Medicina\" \/>\n\t\t<input type=\"hidden\" id=\"Estado_de_Origem_do_IP\" name=\"Estado_de_Origem_do_IP\"  value=\"\" \/>\n\t\t<input type=\"hidden\" id=\"Cidade_de_Origem_do_IP\" name=\"Cidade_de_Origem_do_IP\" value=\"\" \/>\n\t\t<input type=\"hidden\" id=\"Modo_de_entrada\" name=\"Modo_de_entrada\" value=\"Portal\" \/>\n\t\t<input type=\"hidden\" id=\"Pagina_Origem\" name=\"Pagina_Origem\" value=\"\" \/>\n\n\t\t<div class=\"texto\">\n\t\t\t<h3 class=\"news\"><span class=\"ez-toc-section\" id=\"Inscreva-se-em-nossa-newsletter\"><\/span>Inscreva-se em nossa newsletter!<span class=\"ez-toc-section-end\"><\/span><\/h3>\n\t\t\t<p>Receba not\u00edcias sobre resid\u00eancia m\u00e9dica, revalida\u00e7\u00e3o de diplomas e concursos m\u00e9dicos, al\u00e9m de materiais de estudo gratuitos e informa\u00e7\u00f5es relevantes do mundo da Medicina.<\/p>\n\t\t<\/div>\n\t\t<div class=\"campos\">\n\t\t\t<div class=\"first_name labels\">\n\t\t\t\t<input type=\"text\" class=\"input_labels\" id=\"first_name\" name=\"Nome_Completo\" placeholder=\"Nome\" required \/>\n\t\t\t<\/div>\n\t\t\t<div class=\"email labels\">\n\t\t\t\t<input type=\"email\" class=\"input_labels\" id=\"email\" name=\"Email\" placeholder=\"E-mail\" required \/>\n\t\t\t<\/div>\n\t\t\t<button type=\"submit\" class=\"button_layout\">\n\t\t\t\t<div id=\"lblBotao\">Inscreva-se<\/div>\n\t\t\t\t<span id=\"divSpiner\" class=\"loader\" role=\"status\" style=\"display: none;\"><\/span>\t\n\t\t\t<\/button>\n\t\t<\/div><!-- \/campos -->\n\t\t\n\t\t<label class=\"container_checkbox\">Voc\u00ea concorda com a nossa\n\t\t\t<a class=\"politics_privacy_ahref\" target=\"_blank\" href=\"https:\/\/gratis.estrategiaconcursos.com.br\/politica-de-privacidade\/\">Pol\u00edtica de Privacidade<\/a> e aceita receber informa\u00e7\u00f5es adicionais do Estrat\u00e9gia Educacional.\n\t\t\t<input id=\"checkbox_layout\" type=\"checkbox\" checked=\"checked\" required \/>\n\t\t\t<span class=\"checkbox\"><\/span>\n\t\t<\/label>\n\t\t<div id=\"msg\"><\/div>\n\t\t<div id=\"error\" class=\"error\">\n\t\t<\/div>\n\t<\/form>\n<\/div><!-- \/new-form -->\n\n\n\n<\/p><h2 class=\"wp-block-heading\" id=\"h-edital-uerj-2025\"><span class=\"ez-toc-section\" id=\"Edital-UERJ-2025\"><\/span>Edital UERJ 2025<span class=\"ez-toc-section-end\"><\/span><\/h2><p>Para conferir os editais completos da UERJ 2025 para resid&ecirc;ncia m&eacute;dica, basta clicar nos bot&otilde;es abaixo. Confira:<\/p><div class=\"wp-block-buttons is-content-justification-center is-layout-flex wp-container-core-buttons-is-layout-1 wp-block-buttons-is-layout-flex\">\n<div class=\"wp-block-button\"><a class=\"wp-block-button__link wp-element-button\" href=\"https:\/\/med.estrategia.com\/portal\/wp-content\/uploads\/2024\/09\/acesso-direto.pdf\" target=\"_blank\"><strong>Edital UERJ 2025 &ndash; Acesso Direto<\/strong><\/a><\/div>\n\n\n\n<div class=\"wp-block-button\"><a class=\"wp-block-button__link wp-element-button\" href=\"https:\/\/med.estrategia.com\/portal\/wp-content\/uploads\/2024\/09\/292057777.pdf\" target=\"_blank\"><strong>Edital UERJ 2025 &ndash; Pr&eacute;-Requisito<\/strong> 1<\/a><\/div>\n\n\n\n<div class=\"wp-block-button\"><a class=\"wp-block-button__link wp-element-button\" href=\"https:\/\/med.estrategia.com\/portal\/wp-content\/uploads\/2024\/09\/291518389.pdf\" target=\"_blank\"><strong>Edital UERJ 2025 &ndash; <\/strong>PR&Eacute;-REQUISITO 2<\/a><\/div>\n<\/div><p>\n\n\n\n<div class=\"estrategia-catalog\"><p>Categoria \"Sprints Resid&ecirc;ncia M&eacute;dica\" n\u00e3o encontrada no cat\u00e1logo.<\/p><\/div>\n\n\n\n<\/p><h2 class=\"wp-block-heading\" id=\"h-a-uerj\"><span class=\"ez-toc-section\" id=\"A-UERJ\"><\/span>A UERJ<span class=\"ez-toc-section-end\"><\/span><\/h2><p>Fundada em 1950, a&nbsp;<strong><a href=\"https:\/\/med.estrategia.com\/portal\/residencia-medica\/uerj-residencia-medica\/\" target=\"_blank\">Universidade do Estado do Rio de Janeiro<\/a><\/strong>&nbsp;&eacute; um &oacute;rg&atilde;o de ensino voltado para os cursos de gradua&ccedil;&atilde;o, p&oacute;s-gradua&ccedil;&atilde;o e pesquisa.<\/p><p>Atualmente a institui&ccedil;&atilde;o conta com os&nbsp;<strong>seguintes campi<\/strong>:<\/p><ul class=\"wp-block-list\">\n<li>Campus Maracan&atilde;;<\/li>\n\n\n\n<li>Campus Biom&eacute;dico I;<\/li>\n\n\n\n<li>Campus Biom&eacute;dico III &ndash; PPC;<\/li>\n\n\n\n<li>Campus S&atilde;o Gon&ccedil;alo &ndash; FFP;<\/li>\n\n\n\n<li>Campus Duque de Caxias &ndash; FEBF;<\/li>\n\n\n\n<li>Campus Nova Friburgo &ndash; IPRJ;<\/li>\n\n\n\n<li>Campus Resende &ndash; FAT;&nbsp;<\/li>\n\n\n\n<li>Campus Teres&oacute;polis;<\/li>\n\n\n\n<li>Campus Petr&oacute;polis; e<\/li>\n\n\n\n<li>Campus Ilha Grande.<\/li>\n<\/ul><p>Al&eacute;m de todos esses campi, a UERJ tamb&eacute;m administra um hospital, o&nbsp;<strong>Hospital Universit&aacute;rio Pedro Ernesto (HUPE)<\/strong>, local onde os futuros residentes ir&atilde;o exercer suas atividades.<\/p><h2 class=\"wp-block-heading\" id=\"h-prepare-se-para-a-uerj-2025-com-o-estrategia-med\"><span class=\"ez-toc-section\" id=\"Prepare-se-para-a-UERJ-2025-com-o-Estrategia-MED\"><\/span>Prepare-se para a UERJ 2025 com o Estrat&eacute;gia MED<span class=\"ez-toc-section-end\"><\/span><\/h2><p>O&nbsp;Estrat&eacute;gia MED&nbsp;preparou uma revis&atilde;o para Reta Final completa, com conte&uacute;dos espec&iacute;ficos e direcionados para a banca. Inscreva-se no&nbsp;<a href=\"https:\/\/www.youtube.com\/c\/Estrat%C3%A9giaMED\" target=\"_blank\">nosso canal do&nbsp;Youtube<\/a>&nbsp;e acompanhe as transmiss&otilde;es do&nbsp;<strong>Reta Final UERJ Resid&ecirc;ncia M&eacute;dica<\/strong>&nbsp;<strong>2025<\/strong>. Confira a programa&ccedil;&atilde;o:<\/p><figure class=\"wp-block-table\"><table><thead><tr><th><strong>DATA<\/strong><\/th><th><strong>HOR&Aacute;RIO<\/strong><\/th><th class=\"has-text-align-center\" data-align=\"center\"><strong>EVENTO<\/strong><\/th><\/tr><\/thead><tbody><tr><td><strong>24\/11<\/strong><\/td><td>10:00 &agrave;s 17:20<\/td><td class=\"has-text-align-center\" data-align=\"center\">Revis&atilde;o de V&eacute;spera&nbsp;<strong>UERJ&nbsp;<\/strong>Resid&ecirc;ncia M&eacute;dica<\/td><\/tr><tr><td><strong>01\/12<\/strong><\/td><td>a partir das 16 horas<\/td><td class=\"has-text-align-center\" data-align=\"center\">Gabarito&nbsp;<strong>UERJ&nbsp;<\/strong>2024\/25 Resid&ecirc;ncia M&eacute;dica<\/td><\/tr><\/tbody><\/table><\/figure><p>Aproveite e confira abaixo alguns artigos que preparamos especialmente para voc&ecirc; e que podem ser &uacute;teis na reta final de prepara&ccedil;&atilde;o.<\/p><p class=\"wp-block-preformatted\">Tudo sobre o processo seletivo: <a href=\"https:\/\/med.estrategia.com\/portal\/residencia-medica\/uerj-residencia-medica\/\" target=\"_blank\">Resid&ecirc;ncia M&eacute;dica UERJ: edital, cronograma, vagas e mais!<\/a><\/p><p class=\"wp-block-preformatted\">Concorr&ecirc;ncia da &uacute;ltima edi&ccedil;&atilde;o: <a href=\"https:\/\/med.estrategia.com\/portal\/noticias\/uerj-2024-veja-a-relacao-candidato-vaga-para-residencia-medica\/\" target=\"_blank\">UERJ 2024: veja a rela&ccedil;&atilde;o candidato\/vaga para resid&ecirc;ncia m&eacute;dica<\/a>\n<\/p><p class=\"wp-block-preformatted\">Nota de Corte da &uacute;ltima edi&ccedil;&atilde;o: <a href=\"https:\/\/med.estrategia.com\/portal\/residencia-medica\/notas-de-corte-para-residencia-medica-rio-de-janeiro\/#Nota-de-Corte-da-UERJ\" target=\"_blank\">Notas de Corte para Resid&ecirc;ncia M&eacute;dica 2023\/2024: confira a rela&ccedil;&atilde;o no Rio de Janeiro<\/a><\/p><p class=\"wp-block-preformatted\">Calend&aacute;rio de Provas: <a href=\"https:\/\/med.estrategia.com\/portal\/residencia-medica\/calendario-de-residencia-medica-confira-as-datas-das-proximas-provas\/\" target=\"_blank\">Resid&ecirc;ncia M&eacute;dica 2024\/2025<\/a><\/p><p>\n\n\n\n\n\n<a id=\"cta\" class=\"cta-imagem\" href=\"https:\/\/med.estrategia.com\/curso\/banco-de-questes-resumos-estrategicos-anual\/\" target=\"blank\">\n                <img decoding=\"async\" width=\"100%\" src=\"https:\/\/med.estrategia.com\/portal\/wp-content\/uploads\/2025\/08\/banco_questoes.png\" alt=\"banco_questoes\" title=\"banco_questoes\">\n        <\/a>\n<\/p><\/p>\n","protected":false},"excerpt":{"rendered":"A Universidade do Estado do Rio de Janeiro (UERJ) divulgou hoje (24) o edital para a edi&ccedil;&atilde;o com&hellip;\n","protected":false},"author":22,"featured_media":61889,"comment_status":"closed","ping_status":"closed","sticky":false,"template":"","format":"standard","meta":{"wl_entities_gutenberg":"","footnotes":""},"categories":[300],"tags":[],"wl_entity_type":[199],"class_list":{"0":"post-62775","1":"post","2":"type-post","3":"status-publish","4":"format-standard","5":"has-post-thumbnail","7":"category-noticias","8":"wl_entity_type-article"},"acf":[],"yoast_head":"<!-- This site is optimized with the Yoast SEO Premium plugin v26.6 (Yoast SEO v26.6) - https:\/\/yoast.com\/wordpress\/plugins\/seo\/ -->\n<title>UERJ divulga edital para Resid\u00eancia M\u00e9dica 2025<\/title>\n<meta name=\"description\" content=\"O edital para resid\u00eancia m\u00e9dica da UERJ 2025 foi divulgado! Confira as principais informa\u00e7\u00f5es com o Estrat\u00e9gia MED.\" \/>\n<meta name=\"robots\" content=\"index, follow, max-snippet:-1, max-image-preview:large, max-video-preview:-1\" \/>\n<link rel=\"canonical\" href=\"https:\/\/med.estrategia.com\/portal\/noticias\/uerj-divulga-edital-para-residencia-medica-2025\/\" \/>\n<meta property=\"og:locale\" content=\"pt_BR\" \/>\n<meta property=\"og:type\" content=\"article\" \/>\n<meta property=\"og:title\" content=\"UERJ divulga edital para Resid\u00eancia M\u00e9dica 2025\" \/>\n<meta property=\"og:description\" content=\"O edital para resid\u00eancia m\u00e9dica da UERJ 2025 foi divulgado! Confira as principais informa\u00e7\u00f5es com o Estrat\u00e9gia MED.\" \/>\n<meta property=\"og:url\" content=\"https:\/\/med.estrategia.com\/portal\/noticias\/uerj-divulga-edital-para-residencia-medica-2025\/\" \/>\n<meta property=\"og:site_name\" content=\"Estrat\u00e9gia MED\" \/>\n<meta property=\"article:publisher\" content=\"https:\/\/www.facebook.com\/estrategiamed1\" \/>\n<meta property=\"article:published_time\" content=\"2024-09-24T20:22:14+00:00\" \/>\n<meta property=\"article:modified_time\" content=\"2024-10-28T16:22:34+00:00\" \/>\n<meta property=\"og:image\" content=\"https:\/\/med.estrategia.com\/portal\/wp-content\/uploads\/2024\/04\/2-19.jpg\" \/>\n\t<meta property=\"og:image:width\" content=\"1920\" \/>\n\t<meta property=\"og:image:height\" content=\"1080\" \/>\n\t<meta property=\"og:image:type\" content=\"image\/jpeg\" \/>\n<meta name=\"author\" content=\"Erika Coelho\" \/>\n<meta name=\"twitter:card\" content=\"summary_large_image\" \/>\n<meta name=\"twitter:creator\" content=\"@estrategiamed_\" \/>\n<meta name=\"twitter:site\" content=\"@estrategiamed_\" \/>\n<meta name=\"twitter:label1\" content=\"Escrito por\" \/>\n\t<meta name=\"twitter:data1\" content=\"Erika Coelho\" \/>\n\t<meta name=\"twitter:label2\" content=\"Est. tempo de leitura\" \/>\n\t<meta name=\"twitter:data2\" content=\"3 minutos\" \/>\n<script type=\"application\/ld+json\" class=\"yoast-schema-graph\">{\"@context\":\"https:\/\/schema.org\",\"@graph\":[{\"@type\":\"WebPage\",\"@id\":\"https:\/\/med.estrategia.com\/portal\/noticias\/uerj-divulga-edital-para-residencia-medica-2025\/\",\"url\":\"https:\/\/med.estrategia.com\/portal\/noticias\/uerj-divulga-edital-para-residencia-medica-2025\/\",\"name\":\"UERJ divulga edital para Resid\u00eancia M\u00e9dica 2025\",\"isPartOf\":{\"@id\":\"https:\/\/med.estrategia.com\/portal\/#website\"},\"primaryImageOfPage\":{\"@id\":\"https:\/\/med.estrategia.com\/portal\/noticias\/uerj-divulga-edital-para-residencia-medica-2025\/#primaryimage\"},\"image\":{\"@id\":\"https:\/\/med.estrategia.com\/portal\/noticias\/uerj-divulga-edital-para-residencia-medica-2025\/#primaryimage\"},\"thumbnailUrl\":\"https:\/\/med.estrategia.com\/portal\/wp-content\/uploads\/2024\/04\/2-19.jpg\",\"datePublished\":\"2024-09-24T20:22:14+00:00\",\"dateModified\":\"2024-10-28T16:22:34+00:00\",\"author\":{\"@id\":\"https:\/\/med.estrategia.com\/portal\/#\/schema\/person\/8e7c9b2f53f2eede3b8880ad86ff20a3\"},\"description\":\"O edital para resid\u00eancia m\u00e9dica da UERJ 2025 foi divulgado! Confira as principais informa\u00e7\u00f5es com o Estrat\u00e9gia MED.\",\"breadcrumb\":{\"@id\":\"https:\/\/med.estrategia.com\/portal\/noticias\/uerj-divulga-edital-para-residencia-medica-2025\/#breadcrumb\"},\"inLanguage\":\"pt-BR\",\"potentialAction\":[{\"@type\":\"ReadAction\",\"target\":[\"https:\/\/med.estrategia.com\/portal\/noticias\/uerj-divulga-edital-para-residencia-medica-2025\/\"]}]},{\"@type\":\"ImageObject\",\"inLanguage\":\"pt-BR\",\"@id\":\"https:\/\/med.estrategia.com\/portal\/noticias\/uerj-divulga-edital-para-residencia-medica-2025\/#primaryimage\",\"url\":\"https:\/\/med.estrategia.com\/portal\/wp-content\/uploads\/2024\/04\/2-19.jpg\",\"contentUrl\":\"https:\/\/med.estrategia.com\/portal\/wp-content\/uploads\/2024\/04\/2-19.jpg\",\"width\":1920,\"height\":1080,\"caption\":\"Estrat\u00e9gia MED | Foto de divulga\u00e7\u00e3o: Universidade do Estado do Rio de Janeiro\"},{\"@type\":\"BreadcrumbList\",\"@id\":\"https:\/\/med.estrategia.com\/portal\/noticias\/uerj-divulga-edital-para-residencia-medica-2025\/#breadcrumb\",\"itemListElement\":[{\"@type\":\"ListItem\",\"position\":1,\"name\":\"Home\",\"item\":\"https:\/\/med.estrategia.com\/portal\/\"},{\"@type\":\"ListItem\",\"position\":2,\"name\":\"Not\u00edcias\",\"item\":\"https:\/\/med.estrategia.com\/portal\/noticias\/\"},{\"@type\":\"ListItem\",\"position\":3,\"name\":\"UERJ divulga edital para Resid\u00eancia M\u00e9dica 2025\"}]},{\"@type\":\"WebSite\",\"@id\":\"https:\/\/med.estrategia.com\/portal\/#website\",\"url\":\"https:\/\/med.estrategia.com\/portal\/\",\"name\":\"Estrat\u00e9gia MED\",\"description\":\"\",\"potentialAction\":[{\"@type\":\"SearchAction\",\"target\":{\"@type\":\"EntryPoint\",\"urlTemplate\":\"https:\/\/med.estrategia.com\/portal\/?s={search_term_string}\"},\"query-input\":{\"@type\":\"PropertyValueSpecification\",\"valueRequired\":true,\"valueName\":\"search_term_string\"}}],\"inLanguage\":\"pt-BR\"},{\"@type\":\"Person\",\"@id\":\"https:\/\/med.estrategia.com\/portal\/#\/schema\/person\/8e7c9b2f53f2eede3b8880ad86ff20a3\",\"name\":\"Erika Coelho\",\"image\":{\"@type\":\"ImageObject\",\"inLanguage\":\"pt-BR\",\"@id\":\"https:\/\/med.estrategia.com\/portal\/#\/schema\/person\/image\/\",\"url\":\"https:\/\/secure.gravatar.com\/avatar\/8ef9ff2e2fa53829c640cca8d1a45178?s=96&d=mm&r=g\",\"contentUrl\":\"https:\/\/secure.gravatar.com\/avatar\/8ef9ff2e2fa53829c640cca8d1a45178?s=96&d=mm&r=g\",\"caption\":\"Erika Coelho\"},\"description\":\"Jornalista pela Universidade Presbiteriana Mackenzie, escrevo sobre educa\u00e7\u00e3o, sa\u00fade e pol\u00edticas p\u00fablicas\",\"url\":\"https:\/\/med.estrategia.com\/portal\/author\/erika\/\"}]}<\/script>\n<!-- \/ Yoast SEO Premium plugin. -->","yoast_head_json":{"title":"UERJ divulga edital para Resid\u00eancia M\u00e9dica 2025","description":"O edital para resid\u00eancia m\u00e9dica da UERJ 2025 foi divulgado! Confira as principais informa\u00e7\u00f5es com o Estrat\u00e9gia MED.","robots":{"index":"index","follow":"follow","max-snippet":"max-snippet:-1","max-image-preview":"max-image-preview:large","max-video-preview":"max-video-preview:-1"},"canonical":"https:\/\/med.estrategia.com\/portal\/noticias\/uerj-divulga-edital-para-residencia-medica-2025\/","og_locale":"pt_BR","og_type":"article","og_title":"UERJ divulga edital para Resid\u00eancia M\u00e9dica 2025","og_description":"O edital para resid\u00eancia m\u00e9dica da UERJ 2025 foi divulgado! Confira as principais informa\u00e7\u00f5es com o Estrat\u00e9gia MED.","og_url":"https:\/\/med.estrategia.com\/portal\/noticias\/uerj-divulga-edital-para-residencia-medica-2025\/","og_site_name":"Estrat\u00e9gia MED","article_publisher":"https:\/\/www.facebook.com\/estrategiamed1","article_published_time":"2024-09-24T20:22:14+00:00","article_modified_time":"2024-10-28T16:22:34+00:00","og_image":[{"width":1920,"height":1080,"url":"https:\/\/med.estrategia.com\/portal\/wp-content\/uploads\/2024\/04\/2-19.jpg","type":"image\/jpeg"}],"author":"Erika Coelho","twitter_card":"summary_large_image","twitter_creator":"@estrategiamed_","twitter_site":"@estrategiamed_","twitter_misc":{"Escrito por":"Erika Coelho","Est. tempo de leitura":"3 minutos"},"schema":{"@context":"https:\/\/schema.org","@graph":[{"@type":"WebPage","@id":"https:\/\/med.estrategia.com\/portal\/noticias\/uerj-divulga-edital-para-residencia-medica-2025\/","url":"https:\/\/med.estrategia.com\/portal\/noticias\/uerj-divulga-edital-para-residencia-medica-2025\/","name":"UERJ divulga edital para Resid\u00eancia M\u00e9dica 2025","isPartOf":{"@id":"https:\/\/med.estrategia.com\/portal\/#website"},"primaryImageOfPage":{"@id":"https:\/\/med.estrategia.com\/portal\/noticias\/uerj-divulga-edital-para-residencia-medica-2025\/#primaryimage"},"image":{"@id":"https:\/\/med.estrategia.com\/portal\/noticias\/uerj-divulga-edital-para-residencia-medica-2025\/#primaryimage"},"thumbnailUrl":"https:\/\/med.estrategia.com\/portal\/wp-content\/uploads\/2024\/04\/2-19.jpg","datePublished":"2024-09-24T20:22:14+00:00","dateModified":"2024-10-28T16:22:34+00:00","author":{"@id":"https:\/\/med.estrategia.com\/portal\/#\/schema\/person\/8e7c9b2f53f2eede3b8880ad86ff20a3"},"description":"O edital para resid\u00eancia m\u00e9dica da UERJ 2025 foi divulgado! Confira as principais informa\u00e7\u00f5es com o Estrat\u00e9gia MED.","breadcrumb":{"@id":"https:\/\/med.estrategia.com\/portal\/noticias\/uerj-divulga-edital-para-residencia-medica-2025\/#breadcrumb"},"inLanguage":"pt-BR","potentialAction":[{"@type":"ReadAction","target":["https:\/\/med.estrategia.com\/portal\/noticias\/uerj-divulga-edital-para-residencia-medica-2025\/"]}]},{"@type":"ImageObject","inLanguage":"pt-BR","@id":"https:\/\/med.estrategia.com\/portal\/noticias\/uerj-divulga-edital-para-residencia-medica-2025\/#primaryimage","url":"https:\/\/med.estrategia.com\/portal\/wp-content\/uploads\/2024\/04\/2-19.jpg","contentUrl":"https:\/\/med.estrategia.com\/portal\/wp-content\/uploads\/2024\/04\/2-19.jpg","width":1920,"height":1080,"caption":"Estrat\u00e9gia MED | Foto de divulga\u00e7\u00e3o: Universidade do Estado do Rio de Janeiro"},{"@type":"BreadcrumbList","@id":"https:\/\/med.estrategia.com\/portal\/noticias\/uerj-divulga-edital-para-residencia-medica-2025\/#breadcrumb","itemListElement":[{"@type":"ListItem","position":1,"name":"Home","item":"https:\/\/med.estrategia.com\/portal\/"},{"@type":"ListItem","position":2,"name":"Not\u00edcias","item":"https:\/\/med.estrategia.com\/portal\/noticias\/"},{"@type":"ListItem","position":3,"name":"UERJ divulga edital para Resid\u00eancia M\u00e9dica 2025"}]},{"@type":"WebSite","@id":"https:\/\/med.estrategia.com\/portal\/#website","url":"https:\/\/med.estrategia.com\/portal\/","name":"Estrat\u00e9gia MED","description":"","potentialAction":[{"@type":"SearchAction","target":{"@type":"EntryPoint","urlTemplate":"https:\/\/med.estrategia.com\/portal\/?s={search_term_string}"},"query-input":{"@type":"PropertyValueSpecification","valueRequired":true,"valueName":"search_term_string"}}],"inLanguage":"pt-BR"},{"@type":"Person","@id":"https:\/\/med.estrategia.com\/portal\/#\/schema\/person\/8e7c9b2f53f2eede3b8880ad86ff20a3","name":"Erika Coelho","image":{"@type":"ImageObject","inLanguage":"pt-BR","@id":"https:\/\/med.estrategia.com\/portal\/#\/schema\/person\/image\/","url":"https:\/\/secure.gravatar.com\/avatar\/8ef9ff2e2fa53829c640cca8d1a45178?s=96&d=mm&r=g","contentUrl":"https:\/\/secure.gravatar.com\/avatar\/8ef9ff2e2fa53829c640cca8d1a45178?s=96&d=mm&r=g","caption":"Erika Coelho"},"description":"Jornalista pela Universidade Presbiteriana Mackenzie, escrevo sobre educa\u00e7\u00e3o, sa\u00fade e pol\u00edticas p\u00fablicas","url":"https:\/\/med.estrategia.com\/portal\/author\/erika\/"}]}},"_wl_alt_label":[],"wl:entity_url":"\/post\/uerj-divulga-edital-para-residencia-medica-2025","_links":{"self":[{"href":"https:\/\/med.estrategia.com\/portal\/wp-json\/wp\/v2\/posts\/62775","targetHints":{"allow":["GET"]}}],"collection":[{"href":"https:\/\/med.estrategia.com\/portal\/wp-json\/wp\/v2\/posts"}],"about":[{"href":"https:\/\/med.estrategia.com\/portal\/wp-json\/wp\/v2\/types\/post"}],"author":[{"embeddable":true,"href":"https:\/\/med.estrategia.com\/portal\/wp-json\/wp\/v2\/users\/22"}],"replies":[{"embeddable":true,"href":"https:\/\/med.estrategia.com\/portal\/wp-json\/wp\/v2\/comments?post=62775"}],"version-history":[{"count":15,"href":"https:\/\/med.estrategia.com\/portal\/wp-json\/wp\/v2\/posts\/62775\/revisions"}],"predecessor-version":[{"id":73792,"href":"https:\/\/med.estrategia.com\/portal\/wp-json\/wp\/v2\/posts\/62775\/revisions\/73792"}],"wp:featuredmedia":[{"embeddable":true,"href":"https:\/\/med.estrategia.com\/portal\/wp-json\/wp\/v2\/media\/61889"}],"wp:attachment":[{"href":"https:\/\/med.estrategia.com\/portal\/wp-json\/wp\/v2\/media?parent=62775"}],"wp:term":[{"taxonomy":"category","embeddable":true,"href":"https:\/\/med.estrategia.com\/portal\/wp-json\/wp\/v2\/categories?post=62775"},{"taxonomy":"post_tag","embeddable":true,"href":"https:\/\/med.estrategia.com\/portal\/wp-json\/wp\/v2\/tags?post=62775"},{"taxonomy":"wl_entity_type","embeddable":true,"href":"https:\/\/med.estrategia.com\/portal\/wp-json\/wp\/v2\/wl_entity_type?post=62775"}],"curies":[{"name":"wp","href":"https:\/\/api.w.org\/{rel}","templated":true}]}}