{"id":63012,"date":"2024-09-13T14:47:02","date_gmt":"2024-09-13T17:47:02","guid":{"rendered":"https:\/\/med.estrategia.com\/portal\/?p=63012"},"modified":"2024-11-18T09:19:21","modified_gmt":"2024-11-18T12:19:21","slug":"aremg-publica-editais-do-psu-mg-para-residencia-medica-2025","status":"publish","type":"post","link":"https:\/\/med.estrategia.com\/portal\/noticias\/aremg-publica-editais-do-psu-mg-para-residencia-medica-2025\/","title":{"rendered":"AREMG publica editais do PSU-MG para Resid\u00eancia M\u00e9dica 2025"},"content":{"rendered":"<p>A <strong>Associa&ccedil;&atilde;o de Apoio &agrave; Resid&ecirc;ncia M&eacute;dica de Minas Gerais (AREMG)<\/strong> tornou p&uacute;blico nesta sexta-feira, 13 de setembro de 2024, os editais das institui&ccedil;&otilde;es participantes do <strong>processo seletivo unificado de resid&ecirc;ncia m&eacute;dica de Minas Gerais (PSU-MG)<\/strong>, para ingresso nos programas ofertados em 2025.<p>Dezenas de<strong> institui&ccedil;&otilde;es<\/strong> est&atilde;o participando e ofertam vagas distribu&iacute;das entre especialidades de <strong>Acesso Direto <\/strong>e com <strong>Pr&eacute;-Requisito<\/strong> exigido. As <strong>inscri&ccedil;&otilde;es<\/strong> estar&atilde;o abertas entre <strong>30 de setembro e 14 de outubro de 2024<\/strong>. Os interessados podem realizar as inscri&ccedil;&otilde;es exclusivamente <strong>via Internet<\/strong>, atrav&eacute;s do <a href=\"https:\/\/aremg.starlinetecnologia.com.br\/smartflex\/\" target=\"_blank\">site da AREMG<\/a>, seguindo as instru&ccedil;&otilde;es do edital. A inscri&ccedil;&atilde;o tem uma <strong>taxa<\/strong> no valor de <strong>R$240<\/strong>. Confira mais informa&ccedil;&otilde;es sobre o seletivo abaixo:<\/p><div id=\"ez-toc-container\" class=\"ez-toc-v2_0_79_2 counter-hierarchy ez-toc-counter ez-toc-transparent ez-toc-container-direction\">\n<div class=\"ez-toc-title-container\"><p class=\"ez-toc-title\" style=\"cursor:inherit\">Navegue pelo conte\u00fado<\/p>\n<\/div><nav><ul class='ez-toc-list ez-toc-list-level-1 ' ><li class='ez-toc-page-1 ez-toc-heading-level-2'><a class=\"ez-toc-link ez-toc-heading-1\" href=\"https:\/\/med.estrategia.com\/portal\/noticias\/aremg-publica-editais-do-psu-mg-para-residencia-medica-2025\/#Resumo-Edital\" >Resumo Edital<\/a><ul class='ez-toc-list-level-3' ><li class='ez-toc-heading-level-3'><a class=\"ez-toc-link ez-toc-heading-2\" href=\"https:\/\/med.estrategia.com\/portal\/noticias\/aremg-publica-editais-do-psu-mg-para-residencia-medica-2025\/#Inscreva-se-em-nossa-newsletter\" >Inscreva-se em nossa newsletter!<\/a><\/li><\/ul><\/li><li class='ez-toc-page-1 ez-toc-heading-level-2'><a class=\"ez-toc-link ez-toc-heading-3\" href=\"https:\/\/med.estrategia.com\/portal\/noticias\/aremg-publica-editais-do-psu-mg-para-residencia-medica-2025\/#Edital-PSU-MG-2025\" >Edital PSU-MG 2025<\/a><\/li><li class='ez-toc-page-1 ez-toc-heading-level-2'><a class=\"ez-toc-link ez-toc-heading-4\" href=\"https:\/\/med.estrategia.com\/portal\/noticias\/aremg-publica-editais-do-psu-mg-para-residencia-medica-2025\/#Prepare-se-para-a-PSU-MG-20242025-com-o-Estrategia-MED\" >Prepare-se para a PSU-MG 2024\/2025 com o Estrat&eacute;gia MED<\/a><\/li><\/ul><\/nav><\/div>\n<h2 class=\"wp-block-heading\" id=\"h-resumo-edital\"><span class=\"ez-toc-section\" id=\"Resumo-Edital\"><\/span>Resumo Edital<span class=\"ez-toc-section-end\"><\/span><\/h2><figure class=\"wp-block-table\"><table><tbody><tr><td><strong>Taxa de inscri&ccedil;&atilde;o<\/strong><\/td><td class=\"has-text-align-center\" data-align=\"center\">R$240<\/td><\/tr><tr><td><strong>Composi&ccedil;&atilde;o do processo seletivo<\/strong><\/td><td class=\"has-text-align-center\" data-align=\"center\">Prova Objetiva (90%) + An&aacute;lise Curricular Padronizada (10%)<\/td><\/tr><tr><td><strong>Solicita&ccedil;&atilde;o de isen&ccedil;&atilde;o<\/strong><\/td><td class=\"has-text-align-center\" data-align=\"center\">23\/09\/2024 &agrave; 26\/09\/2024<\/td><\/tr><tr><td><strong>Inscri&ccedil;&otilde;es e envio de documentos do curr&iacute;culo<\/strong><\/td><td class=\"has-text-align-center\" data-align=\"center\">30\/09\/2024 a 16\/10\/2024<\/td><\/tr><tr><td><strong>Locais de Prova<\/strong><\/td><td class=\"has-text-align-center\" data-align=\"center\">Belo Horizonte, Uberaba ou Goi&acirc;nia\/GO<\/td><\/tr><tr><td><strong>Impress&atilde;o do comprovante de inscri&ccedil;&atilde;o<\/strong><\/td><td class=\"has-text-align-center\" data-align=\"center\">07\/11\/2024 a 14\/11\/2024<\/td><\/tr><tr><td><strong>Data da prova escrita e divulga&ccedil;&atilde;o do gabarito<\/strong><\/td><td class=\"has-text-align-center\" data-align=\"center\">01\/12\/2024<\/td><\/tr><tr><td><strong>Recursos ao gabarito<\/strong><\/td><td class=\"has-text-align-center\" data-align=\"center\">at&eacute; 48h ap&oacute;s a divulga&ccedil;&atilde;o<\/td><\/tr><tr><td><strong>Divulga&ccedil;&atilde;o do resultado da prova (previs&atilde;o)<\/strong><\/td><td class=\"has-text-align-center\" data-align=\"center\">19\/12\/2024<\/td><\/tr><tr><td><strong>Resultado da avalia&ccedil;&atilde;o curricular (previs&atilde;o)<\/strong><\/td><td class=\"has-text-align-center\" data-align=\"center\">21\/01\/2025<\/td><\/tr><tr><td><strong>Nota final com a ordem de prefer&ecirc;ncia (previs&atilde;o)<\/strong><\/td><td class=\"has-text-align-center\" data-align=\"center\">28\/01\/2025<\/td><\/tr><tr><td><strong>Data e hora finais para altera&ccedil;&atilde;o da ordem de prefer&ecirc;ncia<\/strong><\/td><td class=\"has-text-align-center\" data-align=\"center\">29\/01\/2025 at&eacute; &agrave;s 16:00 h<\/td><\/tr><tr><td><strong>Resultado final &ndash; convoca&ccedil;&atilde;o (previs&atilde;o)<\/strong><\/td><td class=\"has-text-align-center\" data-align=\"center\">30\/01\/2025<\/td><\/tr><tr><td><strong>Confirma&ccedil;&atilde;o interesse\/desist&ecirc;ncia aprovados\/matriculas<\/strong><\/td><td class=\"has-text-align-center\" data-align=\"center\">30\/01\/2025 a 03\/02\/2025<\/td><\/tr><tr><td><strong>Convoca&ccedil;&atilde;o de excedentes por desist&ecirc;ncia com libera&ccedil;&atilde;o de vagas<\/strong><\/td><td class=\"has-text-align-center\" data-align=\"center\">03\/02\/2025 at&eacute; 15\/03\/2025<\/td><\/tr><\/tbody><\/table><\/figure><p>Quer saber em detalhes tudo sobre o processo seletivo para resid&ecirc;ncia m&eacute;dica do PSU-MG? <a href=\"https:\/\/med.estrategia.com\/portal\/residencia-medica\/psu-mg-residencia-medica\" target=\"_blank\">Clique aqui e confira o texto exclusivo<\/a> que preparamos para auxiliar voc&ecirc; a entender como funciona a inscri&ccedil;&atilde;o, prova, vagas ofertadas e mais do PSU-MG 2025 para Resid&ecirc;ncia M&eacute;dica! Assine tamb&eacute;m a nossa Newsletter para receber atualiza&ccedil;&otilde;es sobre este e outros processos seletivos diretamente no seu e-mail:<\/p><p>\n\n\n<div id=\"new-form\">\n\t<form id=\"forms_layout\">\n\t<input type=\"hidden\" id=\"chave_de\" name=\"chave_de\" value=\"01_EMED_LEADS_TOTAIS\" \/>\n\t\t<input type=\"hidden\" id=\"mid\" name=\"mid\" value=\"515009018\" \/>\n\t\t<input type=\"hidden\" id=\"Objetivo\" name=\"Objetivo\" value=\"Medicina\" \/>\n\t\t<input type=\"hidden\" id=\"Estado_de_Origem_do_IP\" name=\"Estado_de_Origem_do_IP\"  value=\"\" \/>\n\t\t<input type=\"hidden\" id=\"Cidade_de_Origem_do_IP\" name=\"Cidade_de_Origem_do_IP\" value=\"\" \/>\n\t\t<input type=\"hidden\" id=\"Modo_de_entrada\" name=\"Modo_de_entrada\" value=\"Portal\" \/>\n\t\t<input type=\"hidden\" id=\"Pagina_Origem\" name=\"Pagina_Origem\" value=\"\" \/>\n\n\t\t<div class=\"texto\">\n\t\t\t<h3 class=\"news\"><span class=\"ez-toc-section\" id=\"Inscreva-se-em-nossa-newsletter\"><\/span>Inscreva-se em nossa newsletter!<span class=\"ez-toc-section-end\"><\/span><\/h3>\n\t\t\t<p>Receba not\u00edcias sobre resid\u00eancia m\u00e9dica, revalida\u00e7\u00e3o de diplomas e concursos m\u00e9dicos, al\u00e9m de materiais de estudo gratuitos e informa\u00e7\u00f5es relevantes do mundo da Medicina.<\/p>\n\t\t<\/div>\n\t\t<div class=\"campos\">\n\t\t\t<div class=\"first_name labels\">\n\t\t\t\t<input type=\"text\" class=\"input_labels\" id=\"first_name\" name=\"Nome_Completo\" placeholder=\"Nome\" required \/>\n\t\t\t<\/div>\n\t\t\t<div class=\"email labels\">\n\t\t\t\t<input type=\"email\" class=\"input_labels\" id=\"email\" name=\"Email\" placeholder=\"E-mail\" required \/>\n\t\t\t<\/div>\n\t\t\t<button type=\"submit\" class=\"button_layout\">\n\t\t\t\t<div id=\"lblBotao\">Inscreva-se<\/div>\n\t\t\t\t<span id=\"divSpiner\" class=\"loader\" role=\"status\" style=\"display: none;\"><\/span>\t\n\t\t\t<\/button>\n\t\t<\/div><!-- \/campos -->\n\t\t\n\t\t<label class=\"container_checkbox\">Voc\u00ea concorda com a nossa\n\t\t\t<a class=\"politics_privacy_ahref\" target=\"_blank\" href=\"https:\/\/gratis.estrategiaconcursos.com.br\/politica-de-privacidade\/\">Pol\u00edtica de Privacidade<\/a> e aceita receber informa\u00e7\u00f5es adicionais do Estrat\u00e9gia Educacional.\n\t\t\t<input id=\"checkbox_layout\" type=\"checkbox\" checked=\"checked\" required \/>\n\t\t\t<span class=\"checkbox\"><\/span>\n\t\t<\/label>\n\t\t<div id=\"msg\"><\/div>\n\t\t<div id=\"error\" class=\"error\">\n\t\t<\/div>\n\t<\/form>\n<\/div><!-- \/new-form -->\n\n\n\n<\/p><h2 class=\"wp-block-heading\" id=\"h-edital-psu-mg-2025\"><span class=\"ez-toc-section\" id=\"Edital-PSU-MG-2025\"><\/span>Edital PSU-MG 2025<span class=\"ez-toc-section-end\"><\/span><\/h2><p>Os editais completos do processo seletivo unificado de Minas Gerais para ingresso dos m&eacute;dicos residentes aprovados em 2025 foram divulgados e voc&ecirc; pode conferir todos os documentos clicando nos bot&otilde;es abaixo:<\/p><div class=\"wp-block-buttons is-content-justification-center is-layout-flex wp-container-core-buttons-is-layout-1 wp-block-buttons-is-layout-flex\">\n<div class=\"wp-block-button\"><a class=\"wp-block-button__link wp-element-button\" href=\"https:\/\/www.aremg.org.br\/processos-atuais\" target=\"_blank\">edital institui&ccedil;&otilde;es participantes psu-mg 2025<\/a><\/div>\n\n\n\n<div class=\"wp-block-button\"><a class=\"wp-block-button__link wp-element-button\" href=\"https:\/\/cdn.medblog.estrategiaeducacional.com.br\/wp-content\/uploads\/2024\/10\/ProrrogacaodasInscricoesPSU2025-20241014133438.pdf\" target=\"_blank\">prorroga&ccedil;&atilde;o das inscri&ccedil;&otilde;es psu-mg 2025<\/a><\/div>\n<\/div><p>\n\n\n\n<div class=\"estrategia-catalog\"><p>Categoria \"Sprints Resid&ecirc;ncia M&eacute;dica\" n\u00e3o encontrada no cat\u00e1logo.<\/p><\/div>\n\n\n\n<\/p><p>Al&eacute;m dos editais, a AREMG divulgou as orienta&ccedil;&otilde;es para an&aacute;lise curricular e formul&aacute;rio para autodeclara&ccedil;&atilde;o para concorrer &agrave;s vagas reservadas a candidatos pretos. Confira:<\/p><div class=\"wp-block-buttons is-content-justification-center is-layout-flex wp-container-core-buttons-is-layout-2 wp-block-buttons-is-layout-flex\">\n<div class=\"wp-block-button\"><a class=\"wp-block-button__link wp-element-button\" href=\"https:\/\/med.estrategia.com\/portal\/wp-content\/uploads\/2024\/09\/Anexo1-AvaliacaoCurricularPadronizadaEntradaDiretaPSUMG2025-20240913143803.pdf\" target=\"_blank\">avalia&ccedil;&atilde;o curricular &ndash; acesso direto<\/a><\/div>\n\n\n\n<div class=\"wp-block-button\"><a class=\"wp-block-button__link wp-element-button\" href=\"https:\/\/med.estrategia.com\/portal\/wp-content\/uploads\/2024\/09\/Anexo2-AvaliacaoCurricularPadronizadaPreRequisitoPSUMG2025-20240913143832.pdf\" target=\"_blank\">avalica&ccedil;&atilde;o curricular &ndash; pr&eacute;-requisito<\/a><\/div>\n\n\n\n<div class=\"wp-block-button\"><a class=\"wp-block-button__link wp-element-button\" href=\"https:\/\/med.estrategia.com\/portal\/wp-content\/uploads\/2024\/09\/Anexo3-Formulariodeconfirmacaodeautodeclaracao-Pretos-20240913144054.pdf\" target=\"_blank\">Autodeclara&ccedil;&atilde;o vagas reservadas<\/a><\/div>\n<\/div><p>Confira tamb&eacute;m as orienta&ccedil;&otilde;es para solicita&ccedil;&atilde;o de isen&ccedil;&atilde;o da taxa de inscri&ccedil;&atilde;o para institui&ccedil;&otilde;es p&uacute;blicas:<\/p><div class=\"wp-block-buttons is-content-justification-center is-layout-flex wp-container-core-buttons-is-layout-3 wp-block-buttons-is-layout-flex\">\n<div class=\"wp-block-button\"><a class=\"wp-block-button__link wp-element-button\" href=\"https:\/\/med.estrategia.com\/portal\/wp-content\/uploads\/2024\/09\/Formulario-SolicitacaodeIsencaoPSU2025-20240916100650.doc\" target=\"_blank\">Formul&aacute;rio de solicita&ccedil;&atilde;o de isen&ccedil;&atilde;o<\/a><\/div>\n\n\n\n<div class=\"wp-block-button\"><a class=\"wp-block-button__link wp-element-button\" href=\"https:\/\/med.estrategia.com\/portal\/wp-content\/uploads\/2024\/09\/OrientacoesparaSolicitacaodeIsencao-PSU2025-20240916100728.pdf\" target=\"_blank\">Orienta&ccedil;&otilde;es para isen&ccedil;&atilde;o<\/a><\/div>\n<\/div><p>Para n&atilde;o perder nenhuma atualiza&ccedil;&atilde;o no universo da medicina e ficar por dentro dos seletivos de Resid&ecirc;ncia M&eacute;dica, de revalida&ccedil;&atilde;o de diplomas e conte&uacute;dos t&eacute;cnicos, continue acessando o <a href=\"https:\/\/med.estrategia.com\/portal\/\" target=\"_blank\">Portal do Estrat&eacute;gia MED<\/a>!<\/p><p>Confira tamb&eacute;m os artigos preparados exclusivamente para voc&ecirc; que deseja participar do PSU-MG 2025!<\/p><p class=\"wp-block-verse\">Tudo sobre o processo seletivo: <a href=\"https:\/\/med.estrategia.com\/portal\/residencia-medica\/psu-mg-residencia-medica\" target=\"_blank\">Resid&ecirc;ncia M&eacute;dica PSU-MG: tudo sobre o processo seletivo!<\/a><\/p><p class=\"wp-block-verse\">Calend&aacute;rio de Provas: <a href=\"https:\/\/med.estrategia.com\/portal\/residencia-medica\/calendario-de-residencia-medica-confira-as-datas-das-proximas-provas\/\" target=\"_blank\">Resid&ecirc;ncia M&eacute;dica 2024\/2025<\/a><\/p><h2 class=\"wp-block-heading\" id=\"h-prepare-se-para-a-psu-mg-2024-2025-com-o-estrategia-med\"><span class=\"ez-toc-section\" id=\"Prepare-se-para-a-PSU-MG-20242025-com-o-Estrategia-MED\"><\/span>Prepare-se para a PSU-MG 2024\/2025 com o Estrat&eacute;gia MED<span class=\"ez-toc-section-end\"><\/span><\/h2><p>O&nbsp;Estrat&eacute;gia MED&nbsp;preparou uma semana de Revis&otilde;es para Reta Final completa, com conte&uacute;dos espec&iacute;ficos e direcionados para a banca. Inscreva-se no&nbsp;<a href=\"https:\/\/www.youtube.com\/c\/Estrat%C3%A9giaMED\" target=\"_blank\">nosso canal do&nbsp;Youtube<\/a>&nbsp;e acompanhe as transmiss&otilde;es do&nbsp;<strong>Reta Final PSU-MG Resid&ecirc;ncia M&eacute;dica<\/strong>&nbsp;<strong>2024\/2025<\/strong>. Confira a programa&ccedil;&atilde;o:<\/p><figure class=\"wp-block-table\"><table><tbody><tr><td><strong>DATA<\/strong><\/td><td class=\"has-text-align-center\" data-align=\"center\"><strong>HOR&Aacute;RIO<\/strong><\/td><td><strong>EVENTO<\/strong><\/td><\/tr><tr><td>24\/11<\/td><td class=\"has-text-align-center\" data-align=\"center\">08:30<\/td><td>Premoni&ccedil;&atilde;o&nbsp; PSU-MG Resid&ecirc;ncia M&eacute;dica<\/td><\/tr><tr><td>25\/11<\/td><td class=\"has-text-align-center\" data-align=\"center\">17:00<\/td><td>Hora da Verdade Medicina Preventiva&nbsp;PSU-MG Resid&ecirc;ncia M&eacute;dica<\/td><\/tr><tr><td>26\/11<\/td><td class=\"has-text-align-center\" data-align=\"center\">17:00<\/td><td>Hora da Verdade Cirurgia&nbsp;PSU-MG Resid&ecirc;ncia M&eacute;dica<\/td><\/tr><tr><td>27\/11<\/td><td class=\"has-text-align-center\" data-align=\"center\">17:00<\/td><td>Hora da Verdade Pediatria PSU-MG Resid&ecirc;ncia M&eacute;dica<\/td><\/tr><tr><td>28\/11<\/td><td class=\"has-text-align-center\" data-align=\"center\">17:00<\/td><td>Hora da Verdade Ginecologia e Obstetr&iacute;cia PSU-MG Resid&ecirc;ncia M&eacute;dica<\/td><\/tr><tr><td>29\/11<\/td><td class=\"has-text-align-center\" data-align=\"center\">17:00<\/td><td>Hora da Verdade Cl&iacute;nica M&eacute;dica PSU-MG Resid&ecirc;ncia M&eacute;dica<\/td><\/tr><tr><td>30\/11<\/td><td class=\"has-text-align-center\" data-align=\"center\">08:30<\/td><td>Revis&atilde;o de V&eacute;spera&nbsp; PSU-MG Resid&ecirc;ncia M&eacute;dica<\/td><\/tr><tr><td>01\/12<\/td><td class=\"has-text-align-center\" data-align=\"center\">hor&aacute;rio a definir<\/td><td>Gabarito&nbsp;PSU-MG&nbsp;2024\/25<\/td><\/tr><\/tbody><\/table><\/figure><p>A<strong>&nbsp;data da prova est&aacute; marcada<\/strong>&nbsp;e se voc&ecirc; procura a<strong>&nbsp;melhor maneira&nbsp;<\/strong>para testar os seus conhecimentos nessa&nbsp;<strong>reta final de prepara&ccedil;&atilde;o, chegou ao lugar certo!<\/strong><\/p><p>Com o&nbsp;<strong>Banco de Quest&otilde;es do Estrat&eacute;gia MED<\/strong>&nbsp;(BQMED) voc&ecirc; ter&aacute; a disposi&ccedil;&atilde;o&nbsp;<strong>mais de 198 mil quest&otilde;es cadastradas<\/strong>&nbsp;para colocar em pr&aacute;tica seu conhecimento, podendo filtrar quest&otilde;es por especialidade\/tema que sente mais dificuldade e aprimorar ainda mais os seus estudos.&nbsp;<strong>N&atilde;o deixe de experimentar e vem ser coruja!<\/strong><\/p><p>\n\n\n\n\n\n<a id=\"cta\" class=\"cta-imagem\" href=\"https:\/\/med.estrategia.com\/curso\/banco-de-questes-resumos-estrategicos-anual\/\" target=\"blank\">\n                <img decoding=\"async\" width=\"100%\" src=\"https:\/\/med.estrategia.com\/portal\/wp-content\/uploads\/2025\/08\/banco_questoes.png\" alt=\"banco_questoes\" title=\"banco_questoes\">\n        <\/a>\n<\/p><\/p>\n","protected":false},"excerpt":{"rendered":"A Associa&ccedil;&atilde;o de Apoio &agrave; Resid&ecirc;ncia M&eacute;dica de Minas Gerais (AREMG) tornou p&uacute;blico nesta sexta-feira, 13 de setembro&hellip;\n","protected":false},"author":52,"featured_media":61292,"comment_status":"closed","ping_status":"closed","sticky":false,"template":"","format":"standard","meta":{"wl_entities_gutenberg":"","footnotes":""},"categories":[300],"tags":[866,95],"wl_entity_type":[199],"class_list":{"0":"post-63012","1":"post","2":"type-post","3":"status-publish","4":"format-standard","5":"has-post-thumbnail","7":"category-noticias","8":"tag-psu-mg-2025","9":"tag-residencia-medica","10":"wl_entity_type-article"},"acf":[],"yoast_head":"<!-- This site is optimized with the Yoast SEO Premium plugin v26.6 (Yoast SEO v26.6) - https:\/\/yoast.com\/wordpress\/plugins\/seo\/ -->\n<title>AREMG publica editais do PSU-MG para Resid\u00eancia M\u00e9dica 2025<\/title>\n<meta name=\"description\" content=\"AAREMG) divulgou o edital processo seletivo unificado de resid\u00eancia m\u00e9dica de Minas Gerais (PSU-MG) 2025. Saiba mais!\" \/>\n<meta name=\"robots\" content=\"index, follow, max-snippet:-1, max-image-preview:large, max-video-preview:-1\" \/>\n<link rel=\"canonical\" href=\"https:\/\/med.estrategia.com\/portal\/noticias\/aremg-publica-editais-do-psu-mg-para-residencia-medica-2025\/\" \/>\n<meta property=\"og:locale\" content=\"pt_BR\" \/>\n<meta property=\"og:type\" content=\"article\" \/>\n<meta property=\"og:title\" content=\"AREMG publica editais do PSU-MG para Resid\u00eancia M\u00e9dica 2025\" \/>\n<meta property=\"og:description\" content=\"AAREMG) divulgou o edital processo seletivo unificado de resid\u00eancia m\u00e9dica de Minas Gerais (PSU-MG) 2025. Saiba mais!\" \/>\n<meta property=\"og:url\" content=\"https:\/\/med.estrategia.com\/portal\/noticias\/aremg-publica-editais-do-psu-mg-para-residencia-medica-2025\/\" \/>\n<meta property=\"og:site_name\" content=\"Estrat\u00e9gia MED\" \/>\n<meta property=\"article:publisher\" content=\"https:\/\/www.facebook.com\/estrategiamed1\" \/>\n<meta property=\"article:published_time\" content=\"2024-09-13T17:47:02+00:00\" \/>\n<meta property=\"article:modified_time\" content=\"2024-11-18T12:19:21+00:00\" \/>\n<meta property=\"og:image\" content=\"https:\/\/med.estrategia.com\/portal\/wp-content\/uploads\/2024\/04\/2-12.jpg\" \/>\n\t<meta property=\"og:image:width\" content=\"1920\" \/>\n\t<meta property=\"og:image:height\" content=\"1080\" \/>\n\t<meta property=\"og:image:type\" content=\"image\/jpeg\" \/>\n<meta name=\"author\" content=\"Arion Wolff\" \/>\n<meta name=\"twitter:card\" content=\"summary_large_image\" \/>\n<meta name=\"twitter:creator\" content=\"@estrategiamed_\" \/>\n<meta name=\"twitter:site\" content=\"@estrategiamed_\" \/>\n<meta name=\"twitter:label1\" content=\"Escrito por\" \/>\n\t<meta name=\"twitter:data1\" content=\"Arion Wolff\" \/>\n\t<meta name=\"twitter:label2\" content=\"Est. tempo de leitura\" \/>\n\t<meta name=\"twitter:data2\" content=\"4 minutos\" \/>\n<script type=\"application\/ld+json\" class=\"yoast-schema-graph\">{\"@context\":\"https:\/\/schema.org\",\"@graph\":[{\"@type\":\"WebPage\",\"@id\":\"https:\/\/med.estrategia.com\/portal\/noticias\/aremg-publica-editais-do-psu-mg-para-residencia-medica-2025\/\",\"url\":\"https:\/\/med.estrategia.com\/portal\/noticias\/aremg-publica-editais-do-psu-mg-para-residencia-medica-2025\/\",\"name\":\"AREMG publica editais do PSU-MG para Resid\u00eancia M\u00e9dica 2025\",\"isPartOf\":{\"@id\":\"https:\/\/med.estrategia.com\/portal\/#website\"},\"primaryImageOfPage\":{\"@id\":\"https:\/\/med.estrategia.com\/portal\/noticias\/aremg-publica-editais-do-psu-mg-para-residencia-medica-2025\/#primaryimage\"},\"image\":{\"@id\":\"https:\/\/med.estrategia.com\/portal\/noticias\/aremg-publica-editais-do-psu-mg-para-residencia-medica-2025\/#primaryimage\"},\"thumbnailUrl\":\"https:\/\/med.estrategia.com\/portal\/wp-content\/uploads\/2024\/04\/2-12.jpg\",\"datePublished\":\"2024-09-13T17:47:02+00:00\",\"dateModified\":\"2024-11-18T12:19:21+00:00\",\"author\":{\"@id\":\"https:\/\/med.estrategia.com\/portal\/#\/schema\/person\/b6aba49604868a427dd15c3b1fc6a8bc\"},\"description\":\"AAREMG) divulgou o edital processo seletivo unificado de resid\u00eancia m\u00e9dica de Minas Gerais (PSU-MG) 2025. Saiba mais!\",\"breadcrumb\":{\"@id\":\"https:\/\/med.estrategia.com\/portal\/noticias\/aremg-publica-editais-do-psu-mg-para-residencia-medica-2025\/#breadcrumb\"},\"inLanguage\":\"pt-BR\",\"potentialAction\":[{\"@type\":\"ReadAction\",\"target\":[\"https:\/\/med.estrategia.com\/portal\/noticias\/aremg-publica-editais-do-psu-mg-para-residencia-medica-2025\/\"]}]},{\"@type\":\"ImageObject\",\"inLanguage\":\"pt-BR\",\"@id\":\"https:\/\/med.estrategia.com\/portal\/noticias\/aremg-publica-editais-do-psu-mg-para-residencia-medica-2025\/#primaryimage\",\"url\":\"https:\/\/med.estrategia.com\/portal\/wp-content\/uploads\/2024\/04\/2-12.jpg\",\"contentUrl\":\"https:\/\/med.estrategia.com\/portal\/wp-content\/uploads\/2024\/04\/2-12.jpg\",\"width\":1920,\"height\":1080,\"caption\":\"Estrat\u00e9gia MED | Foto de divulga\u00e7\u00e3o: Hospital das Cl\u00ednicas Samuel Lib\u00e2nio\"},{\"@type\":\"BreadcrumbList\",\"@id\":\"https:\/\/med.estrategia.com\/portal\/noticias\/aremg-publica-editais-do-psu-mg-para-residencia-medica-2025\/#breadcrumb\",\"itemListElement\":[{\"@type\":\"ListItem\",\"position\":1,\"name\":\"Home\",\"item\":\"https:\/\/med.estrategia.com\/portal\/\"},{\"@type\":\"ListItem\",\"position\":2,\"name\":\"Not\u00edcias\",\"item\":\"https:\/\/med.estrategia.com\/portal\/noticias\/\"},{\"@type\":\"ListItem\",\"position\":3,\"name\":\"AREMG publica editais do PSU-MG para Resid\u00eancia M\u00e9dica 2025\"}]},{\"@type\":\"WebSite\",\"@id\":\"https:\/\/med.estrategia.com\/portal\/#website\",\"url\":\"https:\/\/med.estrategia.com\/portal\/\",\"name\":\"Estrat\u00e9gia MED\",\"description\":\"\",\"potentialAction\":[{\"@type\":\"SearchAction\",\"target\":{\"@type\":\"EntryPoint\",\"urlTemplate\":\"https:\/\/med.estrategia.com\/portal\/?s={search_term_string}\"},\"query-input\":{\"@type\":\"PropertyValueSpecification\",\"valueRequired\":true,\"valueName\":\"search_term_string\"}}],\"inLanguage\":\"pt-BR\"},{\"@type\":\"Person\",\"@id\":\"https:\/\/med.estrategia.com\/portal\/#\/schema\/person\/b6aba49604868a427dd15c3b1fc6a8bc\",\"name\":\"Arion Wolff\",\"image\":{\"@type\":\"ImageObject\",\"inLanguage\":\"pt-BR\",\"@id\":\"https:\/\/med.estrategia.com\/portal\/#\/schema\/person\/image\/\",\"url\":\"https:\/\/med.estrategia.com\/portal\/wp-content\/uploads\/2023\/12\/arion-wolff-estrategia-med-150x150.jpg\",\"contentUrl\":\"https:\/\/med.estrategia.com\/portal\/wp-content\/uploads\/2023\/12\/arion-wolff-estrategia-med-150x150.jpg\",\"caption\":\"Arion Wolff\"},\"description\":\"Jornalista formado pela UNIFATEC e p\u00f3s-graduado em Jornalismo Digital pela UNINTER. Escrevo sobre medicina, resid\u00eancia m\u00e9dica e sa\u00fade. Entusiasta de filmes, livros, bons dramas e romances gen\u00e9ricos.\",\"sameAs\":[\"http:\/\/med.estrategia.com\"],\"url\":\"https:\/\/med.estrategia.com\/portal\/author\/arion-santos\/\"}]}<\/script>\n<!-- \/ Yoast SEO Premium plugin. -->","yoast_head_json":{"title":"AREMG publica editais do PSU-MG para Resid\u00eancia M\u00e9dica 2025","description":"AAREMG) divulgou o edital processo seletivo unificado de resid\u00eancia m\u00e9dica de Minas Gerais (PSU-MG) 2025. Saiba mais!","robots":{"index":"index","follow":"follow","max-snippet":"max-snippet:-1","max-image-preview":"max-image-preview:large","max-video-preview":"max-video-preview:-1"},"canonical":"https:\/\/med.estrategia.com\/portal\/noticias\/aremg-publica-editais-do-psu-mg-para-residencia-medica-2025\/","og_locale":"pt_BR","og_type":"article","og_title":"AREMG publica editais do PSU-MG para Resid\u00eancia M\u00e9dica 2025","og_description":"AAREMG) divulgou o edital processo seletivo unificado de resid\u00eancia m\u00e9dica de Minas Gerais (PSU-MG) 2025. Saiba mais!","og_url":"https:\/\/med.estrategia.com\/portal\/noticias\/aremg-publica-editais-do-psu-mg-para-residencia-medica-2025\/","og_site_name":"Estrat\u00e9gia MED","article_publisher":"https:\/\/www.facebook.com\/estrategiamed1","article_published_time":"2024-09-13T17:47:02+00:00","article_modified_time":"2024-11-18T12:19:21+00:00","og_image":[{"width":1920,"height":1080,"url":"https:\/\/med.estrategia.com\/portal\/wp-content\/uploads\/2024\/04\/2-12.jpg","type":"image\/jpeg"}],"author":"Arion Wolff","twitter_card":"summary_large_image","twitter_creator":"@estrategiamed_","twitter_site":"@estrategiamed_","twitter_misc":{"Escrito por":"Arion Wolff","Est. tempo de leitura":"4 minutos"},"schema":{"@context":"https:\/\/schema.org","@graph":[{"@type":"WebPage","@id":"https:\/\/med.estrategia.com\/portal\/noticias\/aremg-publica-editais-do-psu-mg-para-residencia-medica-2025\/","url":"https:\/\/med.estrategia.com\/portal\/noticias\/aremg-publica-editais-do-psu-mg-para-residencia-medica-2025\/","name":"AREMG publica editais do PSU-MG para Resid\u00eancia M\u00e9dica 2025","isPartOf":{"@id":"https:\/\/med.estrategia.com\/portal\/#website"},"primaryImageOfPage":{"@id":"https:\/\/med.estrategia.com\/portal\/noticias\/aremg-publica-editais-do-psu-mg-para-residencia-medica-2025\/#primaryimage"},"image":{"@id":"https:\/\/med.estrategia.com\/portal\/noticias\/aremg-publica-editais-do-psu-mg-para-residencia-medica-2025\/#primaryimage"},"thumbnailUrl":"https:\/\/med.estrategia.com\/portal\/wp-content\/uploads\/2024\/04\/2-12.jpg","datePublished":"2024-09-13T17:47:02+00:00","dateModified":"2024-11-18T12:19:21+00:00","author":{"@id":"https:\/\/med.estrategia.com\/portal\/#\/schema\/person\/b6aba49604868a427dd15c3b1fc6a8bc"},"description":"AAREMG) divulgou o edital processo seletivo unificado de resid\u00eancia m\u00e9dica de Minas Gerais (PSU-MG) 2025. Saiba mais!","breadcrumb":{"@id":"https:\/\/med.estrategia.com\/portal\/noticias\/aremg-publica-editais-do-psu-mg-para-residencia-medica-2025\/#breadcrumb"},"inLanguage":"pt-BR","potentialAction":[{"@type":"ReadAction","target":["https:\/\/med.estrategia.com\/portal\/noticias\/aremg-publica-editais-do-psu-mg-para-residencia-medica-2025\/"]}]},{"@type":"ImageObject","inLanguage":"pt-BR","@id":"https:\/\/med.estrategia.com\/portal\/noticias\/aremg-publica-editais-do-psu-mg-para-residencia-medica-2025\/#primaryimage","url":"https:\/\/med.estrategia.com\/portal\/wp-content\/uploads\/2024\/04\/2-12.jpg","contentUrl":"https:\/\/med.estrategia.com\/portal\/wp-content\/uploads\/2024\/04\/2-12.jpg","width":1920,"height":1080,"caption":"Estrat\u00e9gia MED | Foto de divulga\u00e7\u00e3o: Hospital das Cl\u00ednicas Samuel Lib\u00e2nio"},{"@type":"BreadcrumbList","@id":"https:\/\/med.estrategia.com\/portal\/noticias\/aremg-publica-editais-do-psu-mg-para-residencia-medica-2025\/#breadcrumb","itemListElement":[{"@type":"ListItem","position":1,"name":"Home","item":"https:\/\/med.estrategia.com\/portal\/"},{"@type":"ListItem","position":2,"name":"Not\u00edcias","item":"https:\/\/med.estrategia.com\/portal\/noticias\/"},{"@type":"ListItem","position":3,"name":"AREMG publica editais do PSU-MG para Resid\u00eancia M\u00e9dica 2025"}]},{"@type":"WebSite","@id":"https:\/\/med.estrategia.com\/portal\/#website","url":"https:\/\/med.estrategia.com\/portal\/","name":"Estrat\u00e9gia MED","description":"","potentialAction":[{"@type":"SearchAction","target":{"@type":"EntryPoint","urlTemplate":"https:\/\/med.estrategia.com\/portal\/?s={search_term_string}"},"query-input":{"@type":"PropertyValueSpecification","valueRequired":true,"valueName":"search_term_string"}}],"inLanguage":"pt-BR"},{"@type":"Person","@id":"https:\/\/med.estrategia.com\/portal\/#\/schema\/person\/b6aba49604868a427dd15c3b1fc6a8bc","name":"Arion Wolff","image":{"@type":"ImageObject","inLanguage":"pt-BR","@id":"https:\/\/med.estrategia.com\/portal\/#\/schema\/person\/image\/","url":"https:\/\/med.estrategia.com\/portal\/wp-content\/uploads\/2023\/12\/arion-wolff-estrategia-med-150x150.jpg","contentUrl":"https:\/\/med.estrategia.com\/portal\/wp-content\/uploads\/2023\/12\/arion-wolff-estrategia-med-150x150.jpg","caption":"Arion Wolff"},"description":"Jornalista formado pela UNIFATEC e p\u00f3s-graduado em Jornalismo Digital pela UNINTER. Escrevo sobre medicina, resid\u00eancia m\u00e9dica e sa\u00fade. Entusiasta de filmes, livros, bons dramas e romances gen\u00e9ricos.","sameAs":["http:\/\/med.estrategia.com"],"url":"https:\/\/med.estrategia.com\/portal\/author\/arion-santos\/"}]}},"_wl_alt_label":[],"wl:entity_url":"\/post\/aremg-publica-editais-do-psu-mg-para-residencia-medica-2025","_links":{"self":[{"href":"https:\/\/med.estrategia.com\/portal\/wp-json\/wp\/v2\/posts\/63012","targetHints":{"allow":["GET"]}}],"collection":[{"href":"https:\/\/med.estrategia.com\/portal\/wp-json\/wp\/v2\/posts"}],"about":[{"href":"https:\/\/med.estrategia.com\/portal\/wp-json\/wp\/v2\/types\/post"}],"author":[{"embeddable":true,"href":"https:\/\/med.estrategia.com\/portal\/wp-json\/wp\/v2\/users\/52"}],"replies":[{"embeddable":true,"href":"https:\/\/med.estrategia.com\/portal\/wp-json\/wp\/v2\/comments?post=63012"}],"version-history":[{"count":10,"href":"https:\/\/med.estrategia.com\/portal\/wp-json\/wp\/v2\/posts\/63012\/revisions"}],"predecessor-version":[{"id":76071,"href":"https:\/\/med.estrategia.com\/portal\/wp-json\/wp\/v2\/posts\/63012\/revisions\/76071"}],"wp:featuredmedia":[{"embeddable":true,"href":"https:\/\/med.estrategia.com\/portal\/wp-json\/wp\/v2\/media\/61292"}],"wp:attachment":[{"href":"https:\/\/med.estrategia.com\/portal\/wp-json\/wp\/v2\/media?parent=63012"}],"wp:term":[{"taxonomy":"category","embeddable":true,"href":"https:\/\/med.estrategia.com\/portal\/wp-json\/wp\/v2\/categories?post=63012"},{"taxonomy":"post_tag","embeddable":true,"href":"https:\/\/med.estrategia.com\/portal\/wp-json\/wp\/v2\/tags?post=63012"},{"taxonomy":"wl_entity_type","embeddable":true,"href":"https:\/\/med.estrategia.com\/portal\/wp-json\/wp\/v2\/wl_entity_type?post=63012"}],"curies":[{"name":"wp","href":"https:\/\/api.w.org\/{rel}","templated":true}]}}