{"id":63442,"date":"2023-05-16T11:54:00","date_gmt":"2023-05-16T14:54:00","guid":{"rendered":"https:\/\/med.estrategia.com\/portal\/?p=63442"},"modified":"2024-08-21T18:57:53","modified_gmt":"2024-08-21T21:57:53","slug":"hpp-residencia-medica-2024-vagas-etapas-e-mais","status":"publish","type":"post","link":"https:\/\/med.estrategia.com\/portal\/residencia-medica\/hpp-residencia-medica-2024-vagas-etapas-e-mais\/","title":{"rendered":"HPP Resid\u00eancia M\u00e9dica 2024: vagas, etapas e mais"},"content":{"rendered":"<p>Se voc&ecirc; est&aacute; interessado no concurso para Resid&ecirc;ncia M&eacute;dica do Hospital Pequeno Pr&iacute;ncipe (HPP) de 2024, fique atento &agrave;s informa&ccedil;&otilde;es que o Estrat&eacute;gia MED separou neste artigo!<div id=\"ez-toc-container\" class=\"ez-toc-v2_0_79_2 counter-hierarchy ez-toc-counter ez-toc-transparent ez-toc-container-direction\">\n<div class=\"ez-toc-title-container\"><p class=\"ez-toc-title\" style=\"cursor:inherit\">Navegue pelo conte\u00fado<\/p>\n<\/div><nav><ul class='ez-toc-list ez-toc-list-level-1 ' ><li class='ez-toc-page-1 ez-toc-heading-level-2'><a class=\"ez-toc-link ez-toc-heading-1\" href=\"https:\/\/med.estrategia.com\/portal\/residencia-medica\/hpp-residencia-medica-2024-vagas-etapas-e-mais\/#O-Hospital-Pequeno-Principe-HPP\" >O Hospital Pequeno Pr&iacute;ncipe (HPP)<\/a><\/li><li class='ez-toc-page-1 ez-toc-heading-level-2'><a class=\"ez-toc-link ez-toc-heading-2\" href=\"https:\/\/med.estrategia.com\/portal\/residencia-medica\/hpp-residencia-medica-2024-vagas-etapas-e-mais\/#Edital-HPP-Residencia-Medica-2024\" >Edital HPP Resid&ecirc;ncia M&eacute;dica 2024<\/a><\/li><li class='ez-toc-page-1 ez-toc-heading-level-2'><a class=\"ez-toc-link ez-toc-heading-3\" href=\"https:\/\/med.estrategia.com\/portal\/residencia-medica\/hpp-residencia-medica-2024-vagas-etapas-e-mais\/#Especialidades-e-Vagas-2024\" >Especialidades e Vagas 2024<\/a><\/li><li class='ez-toc-page-1 ez-toc-heading-level-2'><a class=\"ez-toc-link ez-toc-heading-4\" href=\"https:\/\/med.estrategia.com\/portal\/residencia-medica\/hpp-residencia-medica-2024-vagas-etapas-e-mais\/#Cronograma-HPP-2024\" >Cronograma HPP 2024<\/a><\/li><li class='ez-toc-page-1 ez-toc-heading-level-2'><a class=\"ez-toc-link ez-toc-heading-5\" href=\"https:\/\/med.estrategia.com\/portal\/residencia-medica\/hpp-residencia-medica-2024-vagas-etapas-e-mais\/#Processo-Seletivo-do-HPP\" >Processo Seletivo do HPP<\/a><\/li><li class='ez-toc-page-1 ez-toc-heading-level-2'><a class=\"ez-toc-link ez-toc-heading-6\" href=\"https:\/\/med.estrategia.com\/portal\/residencia-medica\/hpp-residencia-medica-2024-vagas-etapas-e-mais\/#Resultados-do-HPP\" >Resultados do HPP<\/a><\/li><li class='ez-toc-page-1 ez-toc-heading-level-2'><a class=\"ez-toc-link ez-toc-heading-7\" href=\"https:\/\/med.estrategia.com\/portal\/residencia-medica\/hpp-residencia-medica-2024-vagas-etapas-e-mais\/#A-Matricula\" >A Matr&iacute;cula<\/a><\/li><li class='ez-toc-page-1 ez-toc-heading-level-2'><a class=\"ez-toc-link ez-toc-heading-8\" href=\"https:\/\/med.estrategia.com\/portal\/residencia-medica\/hpp-residencia-medica-2024-vagas-etapas-e-mais\/#Estudar-por-questoes\" >Estudar por quest&otilde;es<\/a><\/li><\/ul><\/nav><\/div>\n<h2 class=\"wp-block-heading\"><span class=\"ez-toc-section\" id=\"O-Hospital-Pequeno-Principe-HPP\"><\/span>O Hospital Pequeno Pr&iacute;ncipe (HPP)<span class=\"ez-toc-section-end\"><\/span><\/h2><p>O Hospital Pequeno Pr&iacute;ncipe (HPP) &eacute; uma das estruturas integrantes da Faculdade Pequeno Pr&iacute;ncipe (FPP). Localizado no Paran&aacute;, o HPP &eacute; a unidade voltada para a &aacute;rea da sa&uacute;de do Complexo Pequeno Pr&iacute;ncipe. A institui&ccedil;&atilde;o oferece o programa de <strong>Resid&ecirc;ncia M&eacute;dica,<\/strong> al&eacute;m de cursos de medicina, biomedicina, enfermagem, farm&aacute;cia e psicologia. S&atilde;o oferecidos tamb&eacute;m cursos de p&oacute;s-gradua&ccedil;&atilde;o Stricto e Latu Sensu.<\/p><div class=\"wp-block-image\">\n<figure class=\"aligncenter size-large\"><img decoding=\"async\" width=\"1024\" height=\"680\" src=\"https:\/\/med.estrategia.com\/portal\/wp-content\/uploads\/2021\/02\/hpp-1-1024x680.webp\" alt=\"hpp\" class=\"wp-image-10827\" srcset=\"https:\/\/med.estrategia.com\/portal\/wp-content\/uploads\/2021\/02\/hpp-1-1024x680.webp 1024w, https:\/\/med.estrategia.com\/portal\/wp-content\/uploads\/2021\/02\/hpp-1-768x510.webp 768w, https:\/\/med.estrategia.com\/portal\/wp-content\/uploads\/2021\/02\/hpp-1.jpg 2048w\" sizes=\"(max-width: 1024px) 100vw, 1024px\" \/><figcaption class=\"wp-element-caption\">Foto: <a href=\"https:\/\/pequenoprincipe.org.br\/noticia\/pequeno-principe-referencia-no-brasil\/\" target=\"_blank\">Divulga&ccedil;&atilde;o Hospital Pequeno Pr&iacute;ncipe<\/a><\/figcaption><\/figure><\/div><h2 class=\"wp-block-heading\"><span class=\"ez-toc-section\" id=\"Edital-HPP-Residencia-Medica-2024\"><\/span><strong>Edital HPP Resid&ecirc;ncia M&eacute;dica 2024<\/strong><span class=\"ez-toc-section-end\"><\/span><\/h2><p>Tr&ecirc;s editais para o processo seletivo de resid&ecirc;ncia m&eacute;dica do HPP foram divulgados e voc&ecirc; pode conferir todos os detalhes, bem como as retifica&ccedil;&otilde;es, clicando nos bot&otilde;es abaixo:<\/p><div class=\"wp-block-buttons is-horizontal is-content-justification-center is-layout-flex wp-container-core-buttons-is-layout-1 wp-block-buttons-is-layout-flex\">\n<div class=\"wp-block-button\"><a class=\"wp-block-button__link wp-element-button\" href=\"https:\/\/med.estrategia.com\/portal\/wp-content\/uploads\/2023\/09\/edital01_hpp_2024.pdf\" target=\"_blank\">Especialidades pedi&aacute;tricas &ndash; Hospital Pequeno Pr&iacute;ncipe 2024<\/a><\/div>\n\n\n\n<div class=\"wp-block-button\"><a class=\"wp-block-button__link wp-element-button\" href=\"https:\/\/med.estrategia.com\/portal\/wp-content\/uploads\/2023\/09\/RETIFICACAO-EDITAL-No-16-RM-PED-1.pdf\" target=\"_blank\">Especialidades pedi&aacute;tricas &ndash; retifica&ccedil;&atilde;o<\/a><\/div>\n\n\n\n<div class=\"wp-block-button\"><a class=\"wp-block-button__link wp-element-button\" href=\"https:\/\/med.estrategia.com\/portal\/wp-content\/uploads\/2023\/09\/edital02_hpp_2024.pdf\" target=\"_blank\">&Aacute;reas de atua&ccedil;&atilde;o em pediatria &ndash; Hospital Pequeno Principe 2024<\/a><\/div>\n\n\n\n<div class=\"wp-block-button\"><a class=\"wp-block-button__link wp-element-button\" href=\"https:\/\/med.estrategia.com\/portal\/wp-content\/uploads\/2023\/09\/errata01_edital02_hpp_2024.pdf\" target=\"_blank\">&Aacute;reas de Atua&ccedil;&atilde;o em pediatria &ndash; retifica&ccedil;&atilde;o<\/a><\/div>\n\n\n\n<div class=\"wp-block-button\"><a class=\"wp-block-button__link wp-element-button\" href=\"https:\/\/med.estrategia.com\/portal\/wp-content\/uploads\/2023\/09\/edital03_hpp_2024.pdf\" target=\"_blank\">Medicina da Fam&iacute;lia e Comunidade &ndash; Hospital Pequeno Pr&iacute;ncipe 2024<\/a><\/div>\n\n\n\n<div class=\"wp-block-button\"><a class=\"wp-block-button__link wp-element-button\" href=\"https:\/\/med.estrategia.com\/portal\/wp-content\/uploads\/2023\/09\/errata01_edital03_hpp_2024.pdf\" target=\"_blank\">Medicina da Fam&iacute;lia e Comunidade &ndash; retifica&ccedil;&atilde;o<\/a><\/div>\n<\/div><h2 class=\"wp-block-heading\"><span class=\"ez-toc-section\" id=\"Especialidades-e-Vagas-2024\"><\/span>Especialidades e Vagas 2024<span class=\"ez-toc-section-end\"><\/span><\/h2><p>Para o processo seletivo com ingresso em 2024, o HPP <strong>ofereceu 67 vagas<\/strong> distribu&iacute;das entre as seguintes especialidades e &aacute;reas de atua&ccedil;&atilde;o:<\/p><h3 class=\"wp-block-heading\" id=\"h-programas-de-residencia-medica-especialidades-pediatricas\">Programas de Resid&ecirc;ncia M&eacute;dica &ndash; Especialidades Pedi&aacute;tricas<\/h3><figure class=\"wp-block-table is-style-stripes\"><table><thead><tr><th>Especialidades<\/th><th class=\"has-text-align-center\" data-align=\"center\">Vagas Totais<\/th><th class=\"has-text-align-center\" data-align=\"center\">Ampla Concorr&ecirc;ncia<\/th><th class=\"has-text-align-center\" data-align=\"center\">Cotas Etnias<\/th><th class=\"has-text-align-center\" data-align=\"center\">Cotas PCD<\/th><\/tr><\/thead><tbody><tr><td>Pediatria<\/td><td class=\"has-text-align-center\" data-align=\"center\">21<\/td><td class=\"has-text-align-center\" data-align=\"center\">16<\/td><td class=\"has-text-align-center\" data-align=\"center\">4<\/td><td class=\"has-text-align-center\" data-align=\"center\">1<\/td><\/tr><tr><td>Cirurgia Pedi&aacute;trica<\/td><td class=\"has-text-align-center\" data-align=\"center\">02<\/td><td class=\"has-text-align-center\" data-align=\"center\">02<\/td><td class=\"has-text-align-center\" data-align=\"center\">0<\/td><td class=\"has-text-align-center\" data-align=\"center\">0<\/td><\/tr><tr><td>Oncologia Pedi&aacute;trica<\/td><td class=\"has-text-align-center\" data-align=\"center\">02<\/td><td class=\"has-text-align-center\" data-align=\"center\">02<\/td><td class=\"has-text-align-center\" data-align=\"center\">0<\/td><td class=\"has-text-align-center\" data-align=\"center\">0<\/td><\/tr><tr><td>Ortopedia e Traumatologia<\/td><td class=\"has-text-align-center\" data-align=\"center\">04<\/td><td class=\"has-text-align-center\" data-align=\"center\">03<\/td><td class=\"has-text-align-center\" data-align=\"center\">1<\/td><td class=\"has-text-align-center\" data-align=\"center\">0<\/td><\/tr><tr><td>Psiquiatria da Inf&acirc;ncia e Adolesc&ecirc;ncia<\/td><td class=\"has-text-align-center\" data-align=\"center\">02<\/td><td class=\"has-text-align-center\" data-align=\"center\">02<\/td><td class=\"has-text-align-center\" data-align=\"center\">0<\/td><td class=\"has-text-align-center\" data-align=\"center\">0<\/td><\/tr><\/tbody><\/table><\/figure><h3 class=\"wp-block-heading\" id=\"h-areas-de-atuacao-em-pediatria\">&Aacute;reas de Atua&ccedil;&atilde;o em Pediatria<\/h3><figure class=\"wp-block-table is-style-stripes\"><table><thead><tr><th>Especialidades<\/th><th class=\"has-text-align-center\" data-align=\"center\">Vagas Totais<\/th><th class=\"has-text-align-center\" data-align=\"center\">Ampla Concorr&ecirc;ncia<\/th><th class=\"has-text-align-center\" data-align=\"center\">Vagas Etnias<\/th><th class=\"has-text-align-center\" data-align=\"center\">Vagas PCD<\/th><\/tr><\/thead><tbody><tr><td>Cardiologia Pedi&aacute;trica<\/td><td class=\"has-text-align-center\" data-align=\"center\">04<\/td><td class=\"has-text-align-center\" data-align=\"center\">03<\/td><td class=\"has-text-align-center\" data-align=\"center\">0<\/td><td class=\"has-text-align-center\" data-align=\"center\">01<\/td><\/tr><tr><td>Neurologia Pedi&aacute;trica<\/td><td class=\"has-text-align-center\" data-align=\"center\">04<\/td><td class=\"has-text-align-center\" data-align=\"center\">03<\/td><td class=\"has-text-align-center\" data-align=\"center\">01<\/td><td class=\"has-text-align-center\" data-align=\"center\">0<\/td><\/tr><tr><td>Medicina Intensiva Pedi&aacute;trica<\/td><td class=\"has-text-align-center\" data-align=\"center\">04<\/td><td class=\"has-text-align-center\" data-align=\"center\">03<\/td><td class=\"has-text-align-center\" data-align=\"center\">01<\/td><td class=\"has-text-align-center\" data-align=\"center\">0<\/td><\/tr><tr><td>Neonatologia Pedi&aacute;trica<\/td><td class=\"has-text-align-center\" data-align=\"center\">03<\/td><td class=\"has-text-align-center\" data-align=\"center\">02<\/td><td class=\"has-text-align-center\" data-align=\"center\">01<\/td><td class=\"has-text-align-center\" data-align=\"center\">0<\/td><\/tr><tr><td>Nefrologia Pedi&aacute;trica<\/td><td class=\"has-text-align-center\" data-align=\"center\">03<\/td><td class=\"has-text-align-center\" data-align=\"center\">03<\/td><td class=\"has-text-align-center\" data-align=\"center\">0<\/td><td class=\"has-text-align-center\" data-align=\"center\">01<\/td><\/tr><tr><td>Gastroenterologia Pedi&aacute;trica<\/td><td class=\"has-text-align-center\" data-align=\"center\">02<\/td><td class=\"has-text-align-center\" data-align=\"center\">02<\/td><td class=\"has-text-align-center\" data-align=\"center\">0<\/td><td class=\"has-text-align-center\" data-align=\"center\">0<\/td><\/tr><tr><td>Nutrologia Pedi&aacute;trica<\/td><td class=\"has-text-align-center\" data-align=\"center\">01<\/td><td class=\"has-text-align-center\" data-align=\"center\">01<\/td><td class=\"has-text-align-center\" data-align=\"center\">0<\/td><td class=\"has-text-align-center\" data-align=\"center\">0<\/td><\/tr><tr><td>Reumatologia Pedi&aacute;trica<\/td><td class=\"has-text-align-center\" data-align=\"center\">01<\/td><td class=\"has-text-align-center\" data-align=\"center\">01<\/td><td class=\"has-text-align-center\" data-align=\"center\">0<\/td><td class=\"has-text-align-center\" data-align=\"center\">0<\/td><\/tr><tr><td>Pneumologia Pedi&aacute;trica<\/td><td class=\"has-text-align-center\" data-align=\"center\">02<\/td><td class=\"has-text-align-center\" data-align=\"center\">02<\/td><td class=\"has-text-align-center\" data-align=\"center\">0<\/td><td class=\"has-text-align-center\" data-align=\"center\">0<\/td><\/tr><\/tbody><\/table><\/figure><h3 class=\"wp-block-heading\" id=\"h-medicina-de-familia-e-comunidade\">Medicina de Fam&iacute;lia e Comunidade<\/h3><figure class=\"wp-block-table\"><table><thead><tr><th>Especialidade<\/th><th class=\"has-text-align-center\" data-align=\"center\">Vagas Totais<\/th><th class=\"has-text-align-center\" data-align=\"center\">Ampla Concorr&ecirc;ncia<\/th><th class=\"has-text-align-center\" data-align=\"center\">Vagas Etnias<\/th><th class=\"has-text-align-center\" data-align=\"center\">Vagas PCD<\/th><\/tr><\/thead><tbody><tr><td>Medicina da Fam&iacute;lia e<br>Comunidade<\/td><td class=\"has-text-align-center\" data-align=\"center\">12<\/td><td class=\"has-text-align-center\" data-align=\"center\">09<\/td><td class=\"has-text-align-center\" data-align=\"center\">02<\/td><td class=\"has-text-align-center\" data-align=\"center\">01<\/td><\/tr><\/tbody><\/table><\/figure><h2 class=\"wp-block-heading\"><span class=\"ez-toc-section\" id=\"Cronograma-HPP-2024\"><\/span>Cronograma HPP 2024<span class=\"ez-toc-section-end\"><\/span><\/h2><figure class=\"wp-block-table\"><table><tbody><tr><td><strong>Taxa de inscri&ccedil;&atilde;o<\/strong><\/td><td class=\"has-text-align-center\" data-align=\"center\">R$500,00<\/td><\/tr><tr><td><strong>Inscri&ccedil;&otilde;es e envio da documenta&ccedil;&atilde;o<\/strong><\/td><td class=\"has-text-align-center\" data-align=\"center\">25\/09 a 06\/11\/2023<\/td><\/tr><tr><td><strong>Local da Prova Objetiva<\/strong><\/td><td class=\"has-text-align-center\" data-align=\"center\">16\/11\/2023<\/td><\/tr><tr><td><strong>Realiza&ccedil;&atilde;o da Prova Objetiva<\/strong><\/td><td class=\"has-text-align-center\" data-align=\"center\">03\/12\/2023, &agrave;s 8h<\/td><\/tr><tr><td><strong>Realiza&ccedil;&atilde;o da Argui&ccedil;&atilde;o, An&aacute;lise e Defesa de Curr&iacute;culo, al&eacute;m de Prova Pr&aacute;tica para especialidades qualificadas<\/strong><\/td><td class=\"has-text-align-center\" data-align=\"center\">03\/12\/2023, a partir das 14h<\/td><\/tr><tr><td><strong>Gabarito Preliminar<\/strong><\/td><td class=\"has-text-align-center\" data-align=\"center\">04\/12\/2023<\/td><\/tr><tr><td><strong>Recurso ao Gabarito Preliminar<\/strong><\/td><td class=\"has-text-align-center\" data-align=\"center\">05\/12\/2023<\/td><\/tr><tr><td><strong>Gabarito definitivo<\/strong><\/td><td class=\"has-text-align-center\" data-align=\"center\">12\/12\/2023<\/td><\/tr><tr><td><strong>Classifica&ccedil;&atilde;o da prova objetiva<\/strong><\/td><td class=\"has-text-align-center\" data-align=\"center\">12\/12\/2023<\/td><\/tr><tr><td><strong>Classifica&ccedil;&atilde;o Preliminar do processo seletivo para Oncologia, Psiquiatria, MFC e &aacute;reas de atua&ccedil;&atilde;o em pediatria<\/strong><\/td><td class=\"has-text-align-center\" data-align=\"center\">13\/12\/2023<\/td><\/tr><tr><td><strong>Divulga&ccedil;&atilde;o da lista dos candidatos classificados e convoca&ccedil;&atilde;o<br>para Argui&ccedil;&atilde;o, an&aacute;lise e defesa do curr&iacute;culo para Pediatria<\/strong>,&nbsp;<strong>Ortopedia e Traumatologia e Cirurgia Pedi&aacute;trica<\/strong><\/td><td class=\"has-text-align-center\" data-align=\"center\">13\/12\/2023<\/td><\/tr><tr><td><strong>Recurso quanto &agrave; classifica&ccedil;&atilde;o preliminar do Processo Seletivo&nbsp;para&nbsp;Oncologia, Psiquiatria, MFC e &aacute;reas de atua&ccedil;&atilde;o em pediatria<\/strong><\/td><td class=\"has-text-align-center\" data-align=\"center\">14\/12\/2023<\/td><\/tr><tr><td><strong>Realiza&ccedil;&atilde;o da Argui&ccedil;&atilde;o, An&aacute;lise e Defesa de Curr&iacute;culo para Pediatria, Ortopedia e Traumatologia e Cirurgia Pedi&aacute;trica<\/strong><\/td><td class=\"has-text-align-center\" data-align=\"center\">14 e 15\/12\/2023<\/td><\/tr><tr><td><strong>Classifica&ccedil;&atilde;o Preliminar do Processo Seletivo para Pediatria, Ortopedia e Traumatologia e Cirurgia Pedi&aacute;trica<\/strong><\/td><td class=\"has-text-align-center\" data-align=\"center\">18\/12\/2023<\/td><\/tr><tr><td><strong>Recurso quanto &agrave; classifica&ccedil;&atilde;o preliminar do Processo Seletivo para Pediatria, Ortopedia e Traumatologia e Cirurgia Pedi&aacute;trica<\/strong><\/td><td class=\"has-text-align-center\" data-align=\"center\">19\/12\/2023<\/td><\/tr><tr><td><strong>Classifica&ccedil;&atilde;o Final no Processo Seletivo e convoca&ccedil;&atilde;o para matr&iacute;cula para&nbsp;Oncologia, Psiquiatria, MFC e &aacute;reas de atua&ccedil;&atilde;o em pediatria<\/strong><\/td><td class=\"has-text-align-center\" data-align=\"center\">22\/12\/2023<\/td><\/tr><tr><td><strong>Per&iacute;odo de matr&iacute;cula dos aprovados em&nbsp;Oncologia, Psiquiatria, MFC e &aacute;reas de atua&ccedil;&atilde;o em pediatria<\/strong><\/td><td class=\"has-text-align-center\" data-align=\"center\">26 a 27\/12\/2023<\/td><\/tr><tr><td><strong>Classifica&ccedil;&atilde;o Final do Processo Seletivo e convoca&ccedil;&atilde;o para matr&iacute;cula para Pediatria, Ortopedia e Traumatologia e Cirurgia Pedi&aacute;trica<\/strong><\/td><td class=\"has-text-align-center\" data-align=\"center\">26\/12\/2023<\/td><\/tr><tr><td><strong>Per&iacute;odo de matr&iacute;cula dos aprovados em Pediatria, Ortopedia e Traumatologia e Cirurgia Pedi&aacute;trica<\/strong><\/td><td class=\"has-text-align-center\" data-align=\"center\">28 e 29\/12\/2023<\/td><\/tr><tr><td><strong>In&iacute;cio dos programas<\/strong><\/td><td class=\"has-text-align-center\" data-align=\"center\">01\/03\/2024<\/td><\/tr><\/tbody><\/table><\/figure><h2 class=\"wp-block-heading\"><span class=\"ez-toc-section\" id=\"Processo-Seletivo-do-HPP\"><\/span><strong>Processo Seletivo do HPP<\/strong><span class=\"ez-toc-section-end\"><\/span><\/h2><p>O processo seletivo do Hospital Pequeno Pr&iacute;ncipe para ingresso em 2024 contou com <strong>duas fases<\/strong>. A 1&ordf; foi a Prova Objetiva e a 2&ordf; fase foi composta pela An&aacute;lise e Defesa do Curr&iacute;culo e, para algumas especialidades, houve uma Prova Pr&aacute;tica.<\/p><h3 class=\"wp-block-heading\">Prova Objetiva<\/h3><p>A prova objetiva, classificada como a primeira etapa, foi <strong>aplicada <\/strong>no dia<strong> 3 de dezembro, &agrave;s 8h, em Curitiba e para todas as especialidades. <\/strong>Foi uma prova de <strong>m&uacute;ltipla escolha<\/strong>, com quatro alternativas em cada quest&atilde;o. Confira a dura&ccedil;&atilde;o de cada prova:<\/p><figure class=\"wp-block-table is-style-stripes\"><table class=\"has-light-green-cyan-to-vivid-green-cyan-gradient-background has-background has-fixed-layout\"><thead><tr><th class=\"has-text-align-center\" data-align=\"center\"> Provas 1&ordf; fase <\/th><th class=\"has-text-align-center\" data-align=\"center\"> In&iacute;cio <\/th><th class=\"has-text-align-center\" data-align=\"center\"> T&eacute;rmino <\/th><\/tr><\/thead><tbody><tr><td class=\"has-text-align-center\" data-align=\"center\">Provas com 100 quest&otilde;es &ndash; Demais Especialidades<\/td><td class=\"has-text-align-center\" data-align=\"center\">8h<\/td><td class=\"has-text-align-center\" data-align=\"center\">12h<\/td><\/tr><tr><td class=\"has-text-align-center\" data-align=\"center\">Provas com 50 quest&otilde;es &ndash;  Oncologia Pedi&aacute;trica e Cirurgia Pedi&aacute;trica<\/td><td class=\"has-text-align-center\" data-align=\"center\">8h<\/td><td class=\"has-text-align-center\" data-align=\"center\">10h<\/td><\/tr><tr><td class=\"has-text-align-center\" data-align=\"center\">Provas com 25 quest&otilde;es &ndash; Psiquiatria da Inf&acirc;ncia e da Adolesc&ecirc;ncia<\/td><td class=\"has-text-align-center\" data-align=\"center\">8h<\/td><td class=\"has-text-align-center\" data-align=\"center\">09h<\/td><\/tr><\/tbody><\/table><\/figure><p>Cada candidato precisou permanecer na sala de aplica&ccedil;&atilde;o da prova por <strong>pelo menos 1 hora <\/strong>e <strong>n&atilde;o foi permitido <\/strong>sair com o caderno de quest&otilde;es.<\/p><h3 class=\"wp-block-heading\">An&aacute;lise e Defesa do Curr&iacute;culo<\/h3><p>A <strong>segunda etapa era<\/strong> composta pela <strong>an&aacute;lise curricular. <\/strong>A<strong> documenta&ccedil;&atilde;o para essa fase teve de ser entregue ainda durante o per&iacute;odo de inscri&ccedil;&otilde;es.&nbsp;<\/strong><\/p><p>Essa etapa aconteceu no dia <strong>3 de dezembro de 2023<\/strong>, a partir das<strong> 14h<\/strong>, exceto para os candidatos &agrave;s especialidades de Pediatria, Ortopedia e Traumatologia e Cirurgia Pedi&aacute;tria, que realizaram a prova em data espec&iacute;fica, a ser divulgada em 13 de dezembro. <\/p><p>Os candidatos &agrave; especialidade de <strong>Oncologia Pedi&aacute;trica e &agrave;s &Aacute;reas de Atua&ccedil;&atilde;o <\/strong>foram avaliados tamb&eacute;m por uma <strong>prova pr&aacute;tica<\/strong> no dia <strong>3 de dezembro de 2023<\/strong>.<\/p><p>Quer saber mais sobre a<a href=\"https:\/\/med.estrategia.com\/portal\/residencia-medica\/analise-curricular\/analise-curricular-residencia-medica\/\" target=\"_blank\"> an&aacute;lise curricular<\/a> e a<a href=\"https:\/\/med.estrategia.com\/portal\/residencia-medica\/provas-de-rm\/prova-pratica-residencia-medica\/\" target=\"_blank\"> prova pr&aacute;tica<\/a>? Confira nossos artigos! O Estrat&eacute;gia MED est&aacute; aqui para te orientar em todo o processo.<\/p><h2 class=\"wp-block-heading\"><span class=\"ez-toc-section\" id=\"Resultados-do-HPP\"><\/span><strong>Resultados do HPP<\/strong><span class=\"ez-toc-section-end\"><\/span><\/h2><p>O resultado do seletivo ser&aacute; divulgado no dia <strong>22 e 26 de dezembro de 2023 <\/strong>no site da FPP. Em caso de empate, os crit&eacute;rios de desempate seguir&atilde;o a seguinte ordem:<\/p><ol class=\"wp-block-list\">\n<li>Maior nota na Prova Objetiva;&nbsp;&nbsp;<\/li>\n\n\n\n<li>Maior nota na an&aacute;lise de curr&iacute;culo; e&nbsp;<\/li>\n\n\n\n<li>Maior idade.<\/li>\n<\/ol><div class=\"wp-block-buttons is-content-justification-center is-layout-flex wp-container-core-buttons-is-layout-2 wp-block-buttons-is-layout-flex\">\n<div class=\"wp-block-button\"><a class=\"wp-block-button__link wp-element-button\" href=\"https:\/\/med.estrategia.com\/portal\/wp-content\/uploads\/2023\/12\/resultado_final_HPP.zip\" target=\"_blank\">RESULTADOS ESPECIALIDADES PR&Eacute;-REQUISITO<\/a><\/div>\n<\/div><h2 class=\"wp-block-heading\"><span class=\"ez-toc-section\" id=\"A-Matricula\"><\/span><strong>A Matr&iacute;cula<\/strong><span class=\"ez-toc-section-end\"><\/span><\/h2><p>O per&iacute;odo de matr&iacute;culas ser&aacute; realizado entres os dias <strong>26 e 29 de dezembro de 2023<\/strong>, conforme convoca&ccedil;&atilde;o. No ato da matr&iacute;cula, os candidatos precisam levar os seguintes documentos:<\/p><ul class=\"wp-block-list\">\n<li>Carteira de Trabalho e Previd&ecirc;ncia Social;<\/li>\n\n\n\n<li>Registro no Conselho Regional Profissional (CRM) do Paran&aacute;;<\/li>\n\n\n\n<li>02 fotografias 3X4 atualizadas;<\/li>\n\n\n\n<li>Ficha de pr&eacute;-matr&iacute;cula devidamente preenchida;<\/li>\n\n\n\n<li>Fotoc&oacute;pia da Carteira do Conselho Regional de Medicina do Paran&aacute;;<\/li>\n\n\n\n<li>Declara&ccedil;&atilde;o de curso referente ao &uacute;ltimo ano de um Programa de Resid&ecirc;ncia M&eacute;dica se for o caso;<\/li>\n\n\n\n<li>Certificado de participa&ccedil;&atilde;o no Programa de Valoriza&ccedil;&atilde;o do Profissional da Aten&ccedil;&atilde;o B&aacute;sica (caso tenha participado do programa);<\/li>\n\n\n\n<li>Comprovante de Endere&ccedil;o; e<\/li>\n\n\n\n<li>C&oacute;pia do RG e CPF.<\/li>\n<\/ul><p>Quer saber mais sobre as edi&ccedil;&otilde;es antigas? O Estrat&eacute;gia MED possui um conte&uacute;do espec&iacute;fico de<a href=\"https:\/\/med.estrategia.com\/portal\/residencia-medica\/provas-e-editais\/hpp-provas-e-editais\/\" target=\"_blank\"> Provas e Editais HPP<\/a>. Com ele, voc&ecirc; consegue<strong> baixar gratuitamente os PDFs<\/strong> do seletivo. N&atilde;o perca essa oportunidade!<\/p><h2 class=\"wp-block-heading\"><span class=\"ez-toc-section\" id=\"Estudar-por-questoes\"><\/span><strong>Estudar por quest&otilde;es<\/strong><span class=\"ez-toc-section-end\"><\/span><\/h2><p>Ao estudar por<strong> resolu&ccedil;&atilde;o de quest&otilde;es<\/strong>, voc&ecirc; consegue <strong>treinar o que aprendeu nas aulas.<\/strong> O aluno se sente mais<strong> seguro na hora da avalia&ccedil;&atilde;o<\/strong>, pois ele j&aacute; conhece o modelo de prova, quais s&atilde;o os assuntos mais cobrados e sabe quanto tempo demora para resolver cada quest&atilde;o.<\/p><p>Por isso, se voc&ecirc; est&aacute; estudando para algum <strong>processo seletivo para Resid&ecirc;ncia M&eacute;dica<\/strong>, confira o<a href=\"https:\/\/med.estrategia.com\/portal\/banco-de-questoes-de-residencia-medica-e-revalida\/\" target=\"_blank\"> <strong>Banco de Quest&otilde;es do Estrat&eacute;gia MED<\/strong><\/a>! Nele, voc&ecirc; estuda por milhares de <strong>quest&otilde;es cadastradas<\/strong>, muitas delas j&aacute; est&atilde;o <strong>comentadas por nossos professores<\/strong>. N&atilde;o perca essa oportunidade! Venha estudar com o Estrat&eacute;gia MED!<\/p><p><strong>Por: Nath&aacute;lia Diniz<\/strong><\/p><p>\n\n\n\n\n\n<a id=\"cta\" class=\"cta-imagem\" href=\"https:\/\/med.estrategia.com\/curso\/banco-de-questes-resumos-estrategicos-anual\/\" target=\"blank\">\n                <img decoding=\"async\" width=\"100%\" src=\"https:\/\/med.estrategia.com\/portal\/wp-content\/uploads\/2025\/08\/banco_questoes.png\" alt=\"banco_questoes\" title=\"banco_questoes\">\n        <\/a>\n\n\n\n<\/p><h3 class=\"wp-block-heading\" id=\"voce-tambem-pode-se-interessar-por\">Voc&ecirc; tamb&eacute;m pode se interessar por:<\/h3><ul class=\"wp-block-list\">\n<li><a href=\"https:\/\/med.estrategia.com\/portal\/aluno-de-medicina\/dicas-de-estudo\/notas-de-corte-residencia-medica\/\" target=\"_blank\">Notas de corte das principais provas de resid&ecirc;ncia m&eacute;dica<\/a><\/li>\n\n\n\n<li><a href=\"https:\/\/med.estrategia.com\/portal\/residencia-medica\/programa-de-residencia-medica\/usp-sp-residencia-medica\/\" target=\"_blank\">Resid&ecirc;ncia m&eacute;dica na USP<\/a><\/li>\n\n\n\n<li><a href=\"https:\/\/med.estrategia.com\/portal\/residencia-medica\/programa-de-residencia-medica\/surce-residencia-medica\/\" target=\"_blank\">Resid&ecirc;ncia m&eacute;dica na SURCE<\/a><\/li>\n\n\n\n<li><a href=\"https:\/\/med.estrategia.com\/portal\/residencia-medica\/programa-de-residencia-medica\/sus-ba-residencia-medica\/\" target=\"_blank\">Resid&ecirc;ncia m&eacute;dica na SUS BA<\/a><\/li>\n\n\n\n<li><a href=\"https:\/\/med.estrategia.com\/portal\/residencia-medica\/programa-de-residencia-medica\/sus-sp-residencia-medica\/\" target=\"_blank\">Resid&ecirc;ncia m&eacute;dica do SUS SP<\/a><\/li>\n<\/ul><\/p>\n","protected":false},"excerpt":{"rendered":"Se voc&ecirc; est&aacute; interessado no concurso para Resid&ecirc;ncia M&eacute;dica do Hospital Pequeno Pr&iacute;ncipe (HPP) de 2024, fique atento&hellip;\n","protected":false},"author":52,"featured_media":47064,"comment_status":"open","ping_status":"open","sticky":false,"template":"","format":"standard","meta":{"wl_entities_gutenberg":"","footnotes":""},"categories":[24],"tags":[],"wl_entity_type":[199],"class_list":{"0":"post-63442","1":"post","2":"type-post","3":"status-publish","4":"format-standard","5":"has-post-thumbnail","7":"category-residencia-medica","8":"wl_entity_type-article"},"acf":[],"yoast_head":"<!-- This site is optimized with the Yoast SEO Premium plugin v26.6 (Yoast SEO v26.6) - https:\/\/yoast.com\/wordpress\/plugins\/seo\/ -->\n<title>HPP 2024: tudo sobre o edital para Resid\u00eancia M\u00e9dica - Estrat\u00e9gia MED<\/title>\n<meta name=\"description\" content=\"Aqui voc\u00ea encontra tudo sobre o processo seletivo 2024 de Resid\u00eancia M\u00e9dica do Hospital Pequeno Principe (HPP). Confira e fique por dentro!\" \/>\n<meta name=\"robots\" content=\"index, follow, max-snippet:-1, max-image-preview:large, max-video-preview:-1\" \/>\n<link rel=\"canonical\" href=\"https:\/\/med.estrategia.com\/portal\/residencia-medica\/hpp-residencia-medica-2024-vagas-etapas-e-mais\/\" \/>\n<meta property=\"og:locale\" content=\"pt_BR\" \/>\n<meta property=\"og:type\" content=\"article\" \/>\n<meta property=\"og:title\" content=\"HPP Resid\u00eancia M\u00e9dica 2024: vagas, etapas e mais\" \/>\n<meta property=\"og:description\" content=\"Aqui voc\u00ea encontra tudo sobre o processo seletivo 2024 de Resid\u00eancia M\u00e9dica do Hospital Pequeno Principe (HPP). Confira e fique por dentro!\" \/>\n<meta property=\"og:url\" content=\"https:\/\/med.estrategia.com\/portal\/residencia-medica\/hpp-residencia-medica-2024-vagas-etapas-e-mais\/\" \/>\n<meta property=\"og:site_name\" content=\"Estrat\u00e9gia MED\" \/>\n<meta property=\"article:publisher\" content=\"https:\/\/www.facebook.com\/estrategiamed1\" \/>\n<meta property=\"article:published_time\" content=\"2023-05-16T14:54:00+00:00\" \/>\n<meta property=\"article:modified_time\" content=\"2024-08-21T21:57:53+00:00\" \/>\n<meta property=\"og:image\" content=\"https:\/\/med.estrategia.com\/portal\/wp-content\/uploads\/2023\/02\/coverWP_publica_bgfoto_logo-9.jpg\" \/>\n\t<meta property=\"og:image:width\" content=\"1200\" \/>\n\t<meta property=\"og:image:height\" content=\"800\" \/>\n\t<meta property=\"og:image:type\" content=\"image\/jpeg\" \/>\n<meta name=\"author\" content=\"Arion Wolff\" \/>\n<meta name=\"twitter:card\" content=\"summary_large_image\" \/>\n<meta name=\"twitter:creator\" content=\"@estrategiamed_\" \/>\n<meta name=\"twitter:site\" content=\"@estrategiamed_\" \/>\n<meta name=\"twitter:label1\" content=\"Escrito por\" \/>\n\t<meta name=\"twitter:data1\" content=\"Arion Wolff\" \/>\n\t<meta name=\"twitter:label2\" content=\"Est. tempo de leitura\" \/>\n\t<meta name=\"twitter:data2\" content=\"5 minutos\" \/>\n<script type=\"application\/ld+json\" class=\"yoast-schema-graph\">{\"@context\":\"https:\/\/schema.org\",\"@graph\":[{\"@type\":\"WebPage\",\"@id\":\"https:\/\/med.estrategia.com\/portal\/residencia-medica\/hpp-residencia-medica-2024-vagas-etapas-e-mais\/\",\"url\":\"https:\/\/med.estrategia.com\/portal\/residencia-medica\/hpp-residencia-medica-2024-vagas-etapas-e-mais\/\",\"name\":\"HPP 2024: tudo sobre o edital para Resid\u00eancia M\u00e9dica - Estrat\u00e9gia MED\",\"isPartOf\":{\"@id\":\"https:\/\/med.estrategia.com\/portal\/#website\"},\"primaryImageOfPage\":{\"@id\":\"https:\/\/med.estrategia.com\/portal\/residencia-medica\/hpp-residencia-medica-2024-vagas-etapas-e-mais\/#primaryimage\"},\"image\":{\"@id\":\"https:\/\/med.estrategia.com\/portal\/residencia-medica\/hpp-residencia-medica-2024-vagas-etapas-e-mais\/#primaryimage\"},\"thumbnailUrl\":\"https:\/\/med.estrategia.com\/portal\/wp-content\/uploads\/2023\/02\/coverWP_publica_bgfoto_logo-9.jpg\",\"datePublished\":\"2023-05-16T14:54:00+00:00\",\"dateModified\":\"2024-08-21T21:57:53+00:00\",\"author\":{\"@id\":\"https:\/\/med.estrategia.com\/portal\/#\/schema\/person\/b6aba49604868a427dd15c3b1fc6a8bc\"},\"description\":\"Aqui voc\u00ea encontra tudo sobre o processo seletivo 2024 de Resid\u00eancia M\u00e9dica do Hospital Pequeno Principe (HPP). Confira e fique por dentro!\",\"breadcrumb\":{\"@id\":\"https:\/\/med.estrategia.com\/portal\/residencia-medica\/hpp-residencia-medica-2024-vagas-etapas-e-mais\/#breadcrumb\"},\"inLanguage\":\"pt-BR\",\"potentialAction\":[{\"@type\":\"ReadAction\",\"target\":[\"https:\/\/med.estrategia.com\/portal\/residencia-medica\/hpp-residencia-medica-2024-vagas-etapas-e-mais\/\"]}]},{\"@type\":\"ImageObject\",\"inLanguage\":\"pt-BR\",\"@id\":\"https:\/\/med.estrategia.com\/portal\/residencia-medica\/hpp-residencia-medica-2024-vagas-etapas-e-mais\/#primaryimage\",\"url\":\"https:\/\/med.estrategia.com\/portal\/wp-content\/uploads\/2023\/02\/coverWP_publica_bgfoto_logo-9.jpg\",\"contentUrl\":\"https:\/\/med.estrategia.com\/portal\/wp-content\/uploads\/2023\/02\/coverWP_publica_bgfoto_logo-9.jpg\",\"width\":1200,\"height\":800,\"caption\":\"Cr\u00e9ditos: HPP e Estrat\u00e9gia MED\"},{\"@type\":\"BreadcrumbList\",\"@id\":\"https:\/\/med.estrategia.com\/portal\/residencia-medica\/hpp-residencia-medica-2024-vagas-etapas-e-mais\/#breadcrumb\",\"itemListElement\":[{\"@type\":\"ListItem\",\"position\":1,\"name\":\"Home\",\"item\":\"https:\/\/med.estrategia.com\/portal\/\"},{\"@type\":\"ListItem\",\"position\":2,\"name\":\"Resid\u00eancia M\u00e9dica\",\"item\":\"https:\/\/med.estrategia.com\/portal\/residencia-medica\/\"},{\"@type\":\"ListItem\",\"position\":3,\"name\":\"HPP Resid\u00eancia M\u00e9dica 2024: vagas, etapas e mais\"}]},{\"@type\":\"WebSite\",\"@id\":\"https:\/\/med.estrategia.com\/portal\/#website\",\"url\":\"https:\/\/med.estrategia.com\/portal\/\",\"name\":\"Estrat\u00e9gia MED\",\"description\":\"\",\"potentialAction\":[{\"@type\":\"SearchAction\",\"target\":{\"@type\":\"EntryPoint\",\"urlTemplate\":\"https:\/\/med.estrategia.com\/portal\/?s={search_term_string}\"},\"query-input\":{\"@type\":\"PropertyValueSpecification\",\"valueRequired\":true,\"valueName\":\"search_term_string\"}}],\"inLanguage\":\"pt-BR\"},{\"@type\":\"Person\",\"@id\":\"https:\/\/med.estrategia.com\/portal\/#\/schema\/person\/b6aba49604868a427dd15c3b1fc6a8bc\",\"name\":\"Arion Wolff\",\"image\":{\"@type\":\"ImageObject\",\"inLanguage\":\"pt-BR\",\"@id\":\"https:\/\/med.estrategia.com\/portal\/#\/schema\/person\/image\/\",\"url\":\"https:\/\/med.estrategia.com\/portal\/wp-content\/uploads\/2023\/12\/arion-wolff-estrategia-med-150x150.jpg\",\"contentUrl\":\"https:\/\/med.estrategia.com\/portal\/wp-content\/uploads\/2023\/12\/arion-wolff-estrategia-med-150x150.jpg\",\"caption\":\"Arion Wolff\"},\"description\":\"Jornalista formado pela UNIFATEC e p\u00f3s-graduado em Jornalismo Digital pela UNINTER. Escrevo sobre medicina, resid\u00eancia m\u00e9dica e sa\u00fade. Entusiasta de filmes, livros, bons dramas e romances gen\u00e9ricos.\",\"sameAs\":[\"http:\/\/med.estrategia.com\"],\"url\":\"https:\/\/med.estrategia.com\/portal\/author\/arion-santos\/\"}]}<\/script>\n<!-- \/ Yoast SEO Premium plugin. -->","yoast_head_json":{"title":"HPP 2024: tudo sobre o edital para Resid\u00eancia M\u00e9dica - Estrat\u00e9gia MED","description":"Aqui voc\u00ea encontra tudo sobre o processo seletivo 2024 de Resid\u00eancia M\u00e9dica do Hospital Pequeno Principe (HPP). Confira e fique por dentro!","robots":{"index":"index","follow":"follow","max-snippet":"max-snippet:-1","max-image-preview":"max-image-preview:large","max-video-preview":"max-video-preview:-1"},"canonical":"https:\/\/med.estrategia.com\/portal\/residencia-medica\/hpp-residencia-medica-2024-vagas-etapas-e-mais\/","og_locale":"pt_BR","og_type":"article","og_title":"HPP Resid\u00eancia M\u00e9dica 2024: vagas, etapas e mais","og_description":"Aqui voc\u00ea encontra tudo sobre o processo seletivo 2024 de Resid\u00eancia M\u00e9dica do Hospital Pequeno Principe (HPP). Confira e fique por dentro!","og_url":"https:\/\/med.estrategia.com\/portal\/residencia-medica\/hpp-residencia-medica-2024-vagas-etapas-e-mais\/","og_site_name":"Estrat\u00e9gia MED","article_publisher":"https:\/\/www.facebook.com\/estrategiamed1","article_published_time":"2023-05-16T14:54:00+00:00","article_modified_time":"2024-08-21T21:57:53+00:00","og_image":[{"width":1200,"height":800,"url":"https:\/\/med.estrategia.com\/portal\/wp-content\/uploads\/2023\/02\/coverWP_publica_bgfoto_logo-9.jpg","type":"image\/jpeg"}],"author":"Arion Wolff","twitter_card":"summary_large_image","twitter_creator":"@estrategiamed_","twitter_site":"@estrategiamed_","twitter_misc":{"Escrito por":"Arion Wolff","Est. tempo de leitura":"5 minutos"},"schema":{"@context":"https:\/\/schema.org","@graph":[{"@type":"WebPage","@id":"https:\/\/med.estrategia.com\/portal\/residencia-medica\/hpp-residencia-medica-2024-vagas-etapas-e-mais\/","url":"https:\/\/med.estrategia.com\/portal\/residencia-medica\/hpp-residencia-medica-2024-vagas-etapas-e-mais\/","name":"HPP 2024: tudo sobre o edital para Resid\u00eancia M\u00e9dica - Estrat\u00e9gia MED","isPartOf":{"@id":"https:\/\/med.estrategia.com\/portal\/#website"},"primaryImageOfPage":{"@id":"https:\/\/med.estrategia.com\/portal\/residencia-medica\/hpp-residencia-medica-2024-vagas-etapas-e-mais\/#primaryimage"},"image":{"@id":"https:\/\/med.estrategia.com\/portal\/residencia-medica\/hpp-residencia-medica-2024-vagas-etapas-e-mais\/#primaryimage"},"thumbnailUrl":"https:\/\/med.estrategia.com\/portal\/wp-content\/uploads\/2023\/02\/coverWP_publica_bgfoto_logo-9.jpg","datePublished":"2023-05-16T14:54:00+00:00","dateModified":"2024-08-21T21:57:53+00:00","author":{"@id":"https:\/\/med.estrategia.com\/portal\/#\/schema\/person\/b6aba49604868a427dd15c3b1fc6a8bc"},"description":"Aqui voc\u00ea encontra tudo sobre o processo seletivo 2024 de Resid\u00eancia M\u00e9dica do Hospital Pequeno Principe (HPP). Confira e fique por dentro!","breadcrumb":{"@id":"https:\/\/med.estrategia.com\/portal\/residencia-medica\/hpp-residencia-medica-2024-vagas-etapas-e-mais\/#breadcrumb"},"inLanguage":"pt-BR","potentialAction":[{"@type":"ReadAction","target":["https:\/\/med.estrategia.com\/portal\/residencia-medica\/hpp-residencia-medica-2024-vagas-etapas-e-mais\/"]}]},{"@type":"ImageObject","inLanguage":"pt-BR","@id":"https:\/\/med.estrategia.com\/portal\/residencia-medica\/hpp-residencia-medica-2024-vagas-etapas-e-mais\/#primaryimage","url":"https:\/\/med.estrategia.com\/portal\/wp-content\/uploads\/2023\/02\/coverWP_publica_bgfoto_logo-9.jpg","contentUrl":"https:\/\/med.estrategia.com\/portal\/wp-content\/uploads\/2023\/02\/coverWP_publica_bgfoto_logo-9.jpg","width":1200,"height":800,"caption":"Cr\u00e9ditos: HPP e Estrat\u00e9gia MED"},{"@type":"BreadcrumbList","@id":"https:\/\/med.estrategia.com\/portal\/residencia-medica\/hpp-residencia-medica-2024-vagas-etapas-e-mais\/#breadcrumb","itemListElement":[{"@type":"ListItem","position":1,"name":"Home","item":"https:\/\/med.estrategia.com\/portal\/"},{"@type":"ListItem","position":2,"name":"Resid\u00eancia M\u00e9dica","item":"https:\/\/med.estrategia.com\/portal\/residencia-medica\/"},{"@type":"ListItem","position":3,"name":"HPP Resid\u00eancia M\u00e9dica 2024: vagas, etapas e mais"}]},{"@type":"WebSite","@id":"https:\/\/med.estrategia.com\/portal\/#website","url":"https:\/\/med.estrategia.com\/portal\/","name":"Estrat\u00e9gia MED","description":"","potentialAction":[{"@type":"SearchAction","target":{"@type":"EntryPoint","urlTemplate":"https:\/\/med.estrategia.com\/portal\/?s={search_term_string}"},"query-input":{"@type":"PropertyValueSpecification","valueRequired":true,"valueName":"search_term_string"}}],"inLanguage":"pt-BR"},{"@type":"Person","@id":"https:\/\/med.estrategia.com\/portal\/#\/schema\/person\/b6aba49604868a427dd15c3b1fc6a8bc","name":"Arion Wolff","image":{"@type":"ImageObject","inLanguage":"pt-BR","@id":"https:\/\/med.estrategia.com\/portal\/#\/schema\/person\/image\/","url":"https:\/\/med.estrategia.com\/portal\/wp-content\/uploads\/2023\/12\/arion-wolff-estrategia-med-150x150.jpg","contentUrl":"https:\/\/med.estrategia.com\/portal\/wp-content\/uploads\/2023\/12\/arion-wolff-estrategia-med-150x150.jpg","caption":"Arion Wolff"},"description":"Jornalista formado pela UNIFATEC e p\u00f3s-graduado em Jornalismo Digital pela UNINTER. Escrevo sobre medicina, resid\u00eancia m\u00e9dica e sa\u00fade. Entusiasta de filmes, livros, bons dramas e romances gen\u00e9ricos.","sameAs":["http:\/\/med.estrategia.com"],"url":"https:\/\/med.estrategia.com\/portal\/author\/arion-santos\/"}]}},"_wl_alt_label":[],"wl:entity_url":"\/post\/hpp-residencia-medica-2024-vagas-etapas-e-mais","_links":{"self":[{"href":"https:\/\/med.estrategia.com\/portal\/wp-json\/wp\/v2\/posts\/63442","targetHints":{"allow":["GET"]}}],"collection":[{"href":"https:\/\/med.estrategia.com\/portal\/wp-json\/wp\/v2\/posts"}],"about":[{"href":"https:\/\/med.estrategia.com\/portal\/wp-json\/wp\/v2\/types\/post"}],"author":[{"embeddable":true,"href":"https:\/\/med.estrategia.com\/portal\/wp-json\/wp\/v2\/users\/52"}],"replies":[{"embeddable":true,"href":"https:\/\/med.estrategia.com\/portal\/wp-json\/wp\/v2\/comments?post=63442"}],"version-history":[{"count":1,"href":"https:\/\/med.estrategia.com\/portal\/wp-json\/wp\/v2\/posts\/63442\/revisions"}],"predecessor-version":[{"id":63443,"href":"https:\/\/med.estrategia.com\/portal\/wp-json\/wp\/v2\/posts\/63442\/revisions\/63443"}],"wp:featuredmedia":[{"embeddable":true,"href":"https:\/\/med.estrategia.com\/portal\/wp-json\/wp\/v2\/media\/47064"}],"wp:attachment":[{"href":"https:\/\/med.estrategia.com\/portal\/wp-json\/wp\/v2\/media?parent=63442"}],"wp:term":[{"taxonomy":"category","embeddable":true,"href":"https:\/\/med.estrategia.com\/portal\/wp-json\/wp\/v2\/categories?post=63442"},{"taxonomy":"post_tag","embeddable":true,"href":"https:\/\/med.estrategia.com\/portal\/wp-json\/wp\/v2\/tags?post=63442"},{"taxonomy":"wl_entity_type","embeddable":true,"href":"https:\/\/med.estrategia.com\/portal\/wp-json\/wp\/v2\/wl_entity_type?post=63442"}],"curies":[{"name":"wp","href":"https:\/\/api.w.org\/{rel}","templated":true}]}}