{"id":64263,"date":"2024-05-29T16:52:22","date_gmt":"2024-05-29T19:52:22","guid":{"rendered":"https:\/\/med.estrategia.com\/portal\/?p=64263"},"modified":"2024-05-29T16:56:07","modified_gmt":"2024-05-29T19:56:07","slug":"esquizofrenia-questoes","status":"publish","type":"post","link":"https:\/\/med.estrategia.com\/portal\/conteudos-gratis\/esquizofrenia-questoes\/","title":{"rendered":"Criado o Dia Nacional de Conscientiza\u00e7\u00e3o sobre a Esquizofrenia; confira 5 quest\u00f5es sobre o tema"},"content":{"rendered":"<p>Voc&ecirc; sabia que para o dia <strong>24 de maio<\/strong> foi institu&iacute;do o <strong>Dia Nacional de Conscientiza&ccedil;&atilde;o sobre a Esquizofrenia?<\/strong> Publicada ontem (28) no Di&aacute;rio Oficial da Uni&atilde;o, a <a href=\"https:\/\/med.estrategia.com\/portal\/wp-content\/uploads\/2024\/05\/LEI-No-14.860-DE-27-DE-MAIO-DE-2024-LEI-No-14.860-DE-27-DE-MAIO-DE-2024-DOU-Imprensa-Nacional.pdf\" target=\"_blank\">Lei n&ordm; 14.860, de 27 de maio de 2024<\/a> define que, na semana em que recair a data de 24 de maio, as entidades p&uacute;blicas e privadas promover&atilde;o<strong> a&ccedil;&otilde;es direcionadas &agrave; tem&aacute;tica desse transtorno<\/strong>. Entre as a&ccedil;&otilde;es, podem estar presentes:<ul class=\"wp-block-list\">\n<li>a promo&ccedil;&atilde;o do debate sobre as condi&ccedil;&otilde;es da pessoa com esquizofrenia, de modo a fomentar o respeito por seus direitos e dignidade;<\/li>\n\n\n\n<li>o combate a estere&oacute;tipos, a preconceitos e a pr&aacute;ticas nocivas em rela&ccedil;&atilde;o &agrave; pessoa com esquizofrenia, em todas as &aacute;reas da vida;<\/li>\n\n\n\n<li>a contribui&ccedil;&atilde;o &agrave; plena inclus&atilde;o da pessoa com esquizofrenia na sociedade, especialmente no mercado de trabalho;<\/li>\n\n\n\n<li>a difus&atilde;o de orienta&ccedil;&otilde;es sobre o tratamento adequado, com medicamentos e apoio psicossocial.<\/li>\n<\/ul><p>Sendo esse um dos t&oacute;picos frequentes nas quest&otilde;es de Psiquiatria ao longo das provas de resid&ecirc;ncia m&eacute;dica e revalida&ccedil;&atilde;o de diplomas em medicina, &eacute; fundamental revisar o<strong> conhecimento sobre suas causas, sinais, sintomas, diagn&oacute;stico e tratamento<\/strong>. Continue lendo para explorar algumas quest&otilde;es que ajudar&atilde;o a praticar o que voc&ecirc; tem estudado para os exames!<\/p><div id=\"ez-toc-container\" class=\"ez-toc-v2_0_79_2 counter-hierarchy ez-toc-counter ez-toc-transparent ez-toc-container-direction\">\n<div class=\"ez-toc-title-container\"><p class=\"ez-toc-title\" style=\"cursor:inherit\">Navegue pelo conte\u00fado<\/p>\n<\/div><nav><ul class='ez-toc-list ez-toc-list-level-1 ' ><li class='ez-toc-page-1 ez-toc-heading-level-2'><a class=\"ez-toc-link ez-toc-heading-1\" href=\"https:\/\/med.estrategia.com\/portal\/conteudos-gratis\/esquizofrenia-questoes\/#O-que-e-Esquizofrenia\" >O que &eacute; Esquizofrenia?<\/a><\/li><li class='ez-toc-page-1 ez-toc-heading-level-2'><a class=\"ez-toc-link ez-toc-heading-2\" href=\"https:\/\/med.estrategia.com\/portal\/conteudos-gratis\/esquizofrenia-questoes\/#Processo-Seletivo-Unificado-de-Alagoas-%E2%80%93-PSU-AL-2024\" >Processo Seletivo Unificado de Alagoas &ndash; PSU-AL (2024)<\/a><\/li><li class='ez-toc-page-1 ez-toc-heading-level-2'><a class=\"ez-toc-link ez-toc-heading-3\" href=\"https:\/\/med.estrategia.com\/portal\/conteudos-gratis\/esquizofrenia-questoes\/#Visao-Laser-Hospital-Oftalmologico-%E2%80%93-HVL-2024\" >Vis&atilde;o Laser Hospital Oftalmol&oacute;gico &ndash; HVL (2024)<\/a><\/li><li class='ez-toc-page-1 ez-toc-heading-level-2'><a class=\"ez-toc-link ez-toc-heading-4\" href=\"https:\/\/med.estrategia.com\/portal\/conteudos-gratis\/esquizofrenia-questoes\/#Faculdade-de-Medicina-de-Marilia-%E2%80%93-FAMEMA-2024\" >Faculdade de Medicina de Mar&iacute;lia &ndash; FAMEMA (2024)<\/a><\/li><li class='ez-toc-page-1 ez-toc-heading-level-2'><a class=\"ez-toc-link ez-toc-heading-5\" href=\"https:\/\/med.estrategia.com\/portal\/conteudos-gratis\/esquizofrenia-questoes\/#Universidade-do-Estado-do-Para-%E2%80%93-UEPA-2023\" >Universidade do Estado do Par&aacute; &ndash; UEPA (2023)<\/a><\/li><li class='ez-toc-page-1 ez-toc-heading-level-2'><a class=\"ez-toc-link ez-toc-heading-6\" href=\"https:\/\/med.estrategia.com\/portal\/conteudos-gratis\/esquizofrenia-questoes\/#Revalida-UNIRG-2022\" >Revalida UNIRG (2022)<\/a><\/li><li class='ez-toc-page-1 ez-toc-heading-level-2'><a class=\"ez-toc-link ez-toc-heading-7\" href=\"https:\/\/med.estrategia.com\/portal\/conteudos-gratis\/esquizofrenia-questoes\/#Prepare-se-para-as-provas-com-o-Estrategia-MED\" >Prepare-se para as provas com o Estrat&eacute;gia MED&nbsp;<\/a><ul class='ez-toc-list-level-3' ><li class='ez-toc-heading-level-3'><a class=\"ez-toc-link ez-toc-heading-8\" href=\"https:\/\/med.estrategia.com\/portal\/conteudos-gratis\/esquizofrenia-questoes\/#Banco-de-Questoes\" >Banco de Quest\u00f5es<\/a><\/li><\/ul><\/li><\/ul><\/nav><\/div>\n<h2 class=\"wp-block-heading\" id=\"h-o-que-e-esquizofrenia\"><span class=\"ez-toc-section\" id=\"O-que-e-Esquizofrenia\"><\/span>O que &eacute; Esquizofrenia?<span class=\"ez-toc-section-end\"><\/span><\/h2><p>A esquizofrenia &eacute; um <strong>transtorno psiqui&aacute;trico <\/strong>que, por conta de sua manifesta&ccedil;&atilde;o cr&ocirc;nica, pode ser incapacitante. Normalmente, ela se inicia no final da inf&acirc;ncia e in&iacute;cio da juventude. &Eacute; dif&iacute;cil definir esquizofrenia, entretanto, ela &eacute; bem caracterizada por uma <strong>sintomatologia de car&aacute;ter multidimensional<\/strong>. Dessa forma, al&eacute;m do aparecimento de <strong>sintomas psic&oacute;ticos como alucina&ccedil;&otilde;es e del&iacute;rios<\/strong>, a doen&ccedil;a pode cursar com uma variedade de outros sinais e sintomas poss&iacute;veis, tanto no<strong> dom&iacute;nio emocional quanto do aspecto cognitivo<\/strong>.<\/p><p class=\"wp-block-verse\">Se preferir, confira o resumo antes de resolver as quest&otilde;es: <a href=\"https:\/\/med.estrategia.com\/portal\/conteudos-gratis\/doencas\/esquizofrenia\/\">Esquizofrenia: tudo sobre!<\/a><\/p><p class=\"wp-block-verse\">Veja tamb&eacute;m: <a href=\"https:\/\/med.estrategia.com\/portal\/conteudos-gratis\/transtornos-psicoticos-entendendo-os-principais-conceitos\/\">Transtornos psic&oacute;ticos: entendendo os principais conceitos<\/a><\/p><p>Como o tema pode aparecer<strong> nas provas <\/strong>de Resid&ecirc;ncia M&eacute;dica, o Portal de Not&iacute;cias do Estrat&eacute;gia MED trouxe <strong>5 quest&otilde;es sobre Esquizofrenia <\/strong>que j&aacute; ca&iacute;ram nas provas para ajudar, na pr&aacute;tica, a sua prepara&ccedil;&atilde;o para as pr&oacute;ximas sele&ccedil;&otilde;es.<\/p><h2 class=\"wp-block-heading\" id=\"h-processo-seletivo-unificado-de-alagoas-psu-al-2024\"><span class=\"ez-toc-section\" id=\"Processo-Seletivo-Unificado-de-Alagoas-%E2%80%93-PSU-AL-2024\"><\/span>Processo Seletivo Unificado de Alagoas &ndash; PSU-AL (2024)<span class=\"ez-toc-section-end\"><\/span><\/h2><p><strong>Uma fam&iacute;lia de baixa renda est&aacute; preocupada com seu filho adolescente, de 16 anos de idade, pois, recentemente, o rapaz tem demonstrado comportamentos at&iacute;picos, como falar sozinho, expressar ideias &ldquo;estranhas&rdquo; e desejar ficar s&oacute; por longo tempo. O jovem tem um tio materno que foi diagnosticado com esquizofrenia na juventude. Os pais do adolescente est&atilde;o particularmente preocupados com a possibilidade de ele estar desenvolvendo a doen&ccedil;a.<\/strong><\/p><p><strong>Sobre o risco familiar de desenvolver esquizofrenia, pode-se afirmar que:&nbsp;<\/strong><\/p><p>A) Parentes de primeiro grau de indiv&iacute;duos com esquizofrenia t&ecirc;m o mesmo risco de desenvolver a doen&ccedil;a que a popula&ccedil;&atilde;o geral.<\/p><p>B) O risco de esquizofrenia &eacute; significativamente aumentado em parentes de primeiro grau de indiv&iacute;duos com a doen&ccedil;a.<\/p><p>C) A esquizofrenia &eacute; determinada por fatores gen&eacute;ticos, existindo risco familiar muito alto, mesmo ocorrendo em parentes distantes.<\/p><p>D) O hist&oacute;rico familiar de esquizofrenia n&atilde;o influencia o risco de desenvolvimento da doen&ccedil;a em parentes de segundo grau<\/p><details class=\"wp-block-details is-layout-flow wp-block-details-is-layout-flow\"><summary>Confira a resolu&ccedil;&atilde;o<\/summary>\n<p>Resolu&ccedil;&atilde;o: Esquizofrenia &eacute; um transtorno psic&oacute;tico cr&ocirc;nico que afeta o pensamento, o humor, a sensopercep&ccedil;&atilde;o, o comportamento e o ju&iacute;zo cr&iacute;tico. Gradualmente, esse transtorno prejudica as fun&ccedil;&otilde;es cognitivas e as executivas, em um processo que, no passado, foi conhecido como dementia praecox, devido ao seu curso progressivo e incapacitante.<\/p>\n\n\n\n<p>A esquizofrenia afeta cerca de 1% da popula&ccedil;&atilde;o, e seu curso normalmente inicia-se entre 25 e 30 anos. Observa-se evolu&ccedil;&atilde;o satisfat&oacute;ria em apenas 20 a 30% dos casos, com manuten&ccedil;&atilde;o parcial da autonomia. J&aacute; os demais indiv&iacute;duos sofrem manifesta&ccedil;&otilde;es de intensidade moderada a grave durante toda a vida. A s&iacute;ndrome afeta ligeiramente mais o sexo masculino, que sofre com in&iacute;cio mais precoce e mais sintomas negativos. Por sua vez, as mulheres t&ecirc;m um quadro que se inicia mais tarde e sofrem mais sintomas positivos.<\/p>\n\n\n\n<p>De forma geral, podemos classificar seus sintomas centrais em dois grupos: positivos e negativos:<\/p>\n\n\n\n<p>Entre os sintomas positivos, destacam-se as ideias delirantes: normalmente desorganizadas, vagas, imprecisas, de teor bizarro e inveross&iacute;meis; e as alucina&ccedil;&otilde;es, principalmente auditivas: vozes amea&ccedil;adoras, acusat&oacute;rias, ofensivas, obscenas ou de comando.<\/p>\n\n\n\n<p>Entre os sintomas negativos, destacam-se o embotamento afetivo &mdash; redu&ccedil;&atilde;o da capacidade de sentir e demonstrar afeto; anedonia &mdash; capacidade reduzida em sentir prazer ou interesse; avolia &mdash; redu&ccedil;&atilde;o da motiva&ccedil;&atilde;o ou iniciativa de a&ccedil;&atilde;o; e empobrecimento do discurso &mdash; redu&ccedil;&atilde;o da produ&ccedil;&atilde;o e express&atilde;o da linguagem.<\/p>\n\n\n\n<p>O tratamento da esquizofrenia &eacute; feito com medica&ccedil;&otilde;es antipsic&oacute;ticas, que, principalmente, bloqueiam receptores D2 de dopamina na via mesol&iacute;mbica.<\/p>\n\n\n\n<p>Assim, correta a letra B. Observe o que menciona o Comp&ecirc;ndio de Psiquiatria (1):<\/p>\n\n\n\n<p>&ldquo;Existe uma contribui&ccedil;&atilde;o gen&eacute;tica a algumas, talvez todas, formas de esquizofrenia, e uma alta propor&ccedil;&atilde;o da varia&ccedil;&atilde;o na suscetibilidade ao transtorno se deve a efeitos gen&eacute;ticos cumulativos. Por exemplo, esquizofrenia e transtornos a ela relacionados ocorrem com uma frequ&ecirc;ncia maior entre os parentes biol&oacute;gicos de pacientes com esquizofrenia. A probabilidade de uma pessoa ter esquizofrenia est&aacute; correlacionada com a proximidade da rela&ccedil;&atilde;o com um parente afetado (p. ex., parente de primeiro ou segundo graus). O papel dos fatores gen&eacute;ticos &eacute; refletido, ainda, na queda na ocorr&ecirc;ncia de esquizofrenia entre parentes de segundo e terceiro graus, nos quais uma hip&oacute;tese poderia ser uma diminui&ccedil;&atilde;o na carga gen&eacute;tica.&rdquo;<\/p>\n\n\n\n<p>1 &ndash; Sadock, Benjamin J. Comp&ecirc;ndio de psiquiatria : ci&ecirc;ncia do comportamento e psiquiatria cl&iacute;nica [recurso eletr&ocirc;nico] \/ Benjamin J. Sadock, Virginia A. Sadock, Pedro Ruiz ; tradu&ccedil;&atilde;o: Marcelo de Abreu Almeida &hellip; [et al.] ; revis&atilde;o t&eacute;cnica: Gustavo Schestatsky&hellip; [et al.] &ndash; 11. ed. &ndash; Porto Alegre : Artmed, 2017.<\/p>\n<\/details><h2 class=\"wp-block-heading\" id=\"h-visao-laser-hospital-oftalmologico-hvl-2024\"><span class=\"ez-toc-section\" id=\"Visao-Laser-Hospital-Oftalmologico-%E2%80%93-HVL-2024\"><\/span>Vis&atilde;o Laser Hospital Oftalmol&oacute;gico &ndash; HVL (2024)<span class=\"ez-toc-section-end\"><\/span><\/h2><p><strong>&nbsp;Qual dos seguintes sintomas &eacute; caracter&iacute;stico da esquizofrenia positiva?<\/strong><\/p><p>A) Anedonia.<\/p><p>B) Aplanamento afetivo.<\/p><p>C) Alucina&ccedil;&otilde;es auditivas.<\/p><p>D) Abulia.<\/p><details class=\"wp-block-details is-layout-flow wp-block-details-is-layout-flow\"><summary>Confira a resolu&ccedil;&atilde;o<\/summary>\n<p>Resolu&ccedil;&atilde;o: Esquizofrenia &eacute; um transtorno psic&oacute;tico cr&ocirc;nico que afeta o pensamento, o humor, a sensopercep&ccedil;&atilde;o, o comportamento e o ju&iacute;zo cr&iacute;tico. Gradualmente, esse transtorno prejudica as fun&ccedil;&otilde;es cognitivas e as executivas, em um processo que, no passado, foi conhecido como dementia praecox, devido ao seu curso progressivo e incapacitante.<\/p>\n\n\n\n<p>De forma geral, podemos classificar seus sintomas centrais em dois grupos: positivos e negativos:<\/p>\n\n\n\n<p>Entre os sintomas positivos, destacam-se as ideias delirantes: normalmente desorganizadas, vagas, imprecisas, de teor bizarro e inveross&iacute;meis; e as alucina&ccedil;&otilde;es, principalmente auditivas: vozes amea&ccedil;adoras, acusat&oacute;rias, ofensivas, obscenas ou de comando.<\/p>\n\n\n\n<p>Entre os sintomas negativos, destacam-se o embotamento afetivo &mdash; redu&ccedil;&atilde;o da capacidade de sentir e demonstrar afeto; anedonia&nbsp;<\/p>\n\n\n\n<p>&mdash; capacidade reduzida em sentir prazer ou interesse; avolia &mdash; redu&ccedil;&atilde;o da motiva&ccedil;&atilde;o ou iniciativa de a&ccedil;&atilde;o; e empobrecimento do discurso&nbsp;<\/p>\n\n\n\n<p>&mdash; redu&ccedil;&atilde;o da produ&ccedil;&atilde;o e express&atilde;o da linguagem.<\/p>\n\n\n\n<p>A esquizofrenia afeta cerca de 1% da popula&ccedil;&atilde;o, e seu curso normalmente inicia-se entre 25 e 30 anos. Observa-se evolu&ccedil;&atilde;o satisfat&oacute;ria em apenas 20 a 30% dos casos, com manuten&ccedil;&atilde;o parcial da autonomia. J&aacute; os demais indiv&iacute;duos sofrem manifesta&ccedil;&otilde;es de intensidade moderada a grave durante toda a vida. A s&iacute;ndrome afeta ligeiramente mais o sexo masculino, que sofre com in&iacute;cio mais precoce e mais sintomas negativos. Por sua vez, as mulheres t&ecirc;m um quadro que se inicia mais tarde e sofrem mais sintomas positivos.<\/p>\n\n\n\n<p>O tratamento da esquizofrenia &eacute; feito com medica&ccedil;&otilde;es antipsic&oacute;ticas, que, principalmente, bloqueiam receptores D2 de dopamina na via mesol&iacute;mbica.<\/p>\n\n\n\n<p>Assim, correto a letra C.<\/p>\n<\/details><p><\/p><h2 class=\"wp-block-heading\" id=\"h-faculdade-de-medicina-de-marilia-famema-2024\"><span class=\"ez-toc-section\" id=\"Faculdade-de-Medicina-de-Marilia-%E2%80%93-FAMEMA-2024\"><\/span>Faculdade de Medicina de Mar&iacute;lia &ndash; FAMEMA (2024)<span class=\"ez-toc-section-end\"><\/span><\/h2><p><strong>Assinale a alternativa que cont&eacute;m um ou mais tratamentos recomendados com evid&ecirc;ncia de efic&aacute;cia para quadros psic&oacute;ticos como a esquizofrenia e transtornos delirantes.<\/strong><\/p><p>A) Estabilizadores de humor.<\/p><p>B) Fitoterapia, medita&ccedil;&atilde;o e aromaterapia.<\/p><p>C) Medicamentos antipsic&oacute;ticos ou neurol&eacute;pticos.<\/p><p>D) Psicoterapia de fam&iacute;lia.<\/p><details class=\"wp-block-details is-layout-flow wp-block-details-is-layout-flow\"><summary>Confira a resulu&ccedil;&atilde;o<\/summary>\n<p>Resolu&ccedil;&atilde;o: Estrategista, quest&atilde;o muito simples e direta sobre o tratamento de dois transtornos: esquizofrenia e transtorno delirante persistente:<\/p>\n\n\n\n<p>O tratamento da esquizofrenia e do transtorno delirante &eacute; feito com medica&ccedil;&otilde;es antipsic&oacute;ticas, tamb&eacute;m conhecidas como neurol&eacute;pticos, drogas que agem principalmente bloqueando a transmiss&atilde;o dopamin&eacute;rgica cerebral, especialmente na via dopamin&eacute;rgica mesol&iacute;mbica e mesocortical, principais alvos terap&ecirc;uticos segundo a &ldquo;hip&oacute;tese dopamin&eacute;rgica&rdquo;.<\/p>\n\n\n\n<p>O antipsic&oacute;tico escolhido deve ser institu&iacute;do at&eacute; sua dose alvo, devendo-se aguardar entre quatro e oito semanas para avaliar a resposta terap&ecirc;utica. Caso a resposta terap&ecirc;utica seja pobre ou insatisfat&oacute;ria, outro antipsic&oacute;tico deve ser institu&iacute;do, preferencialmente um antipsic&oacute;tico at&iacute;pico, e um outro per&iacute;odo de quatro a oito semanas deve ser aguardado para nova avalia&ccedil;&atilde;o.<\/p>\n\n\n\n<p>Caso haja falha de duas tentativas consecutivas, chamamos o quadro de &ldquo;refrat&aacute;rio ao tratamento&rdquo;, estando indicado o uso do antipsic&oacute;tico at&iacute;pico clozapina.<\/p>\n\n\n\n<p>Assim, correta a C.<\/p>\n<\/details><p><\/p><h2 class=\"wp-block-heading\" id=\"h-universidade-do-estado-do-para-uepa-2023\"><span class=\"ez-toc-section\" id=\"Universidade-do-Estado-do-Para-%E2%80%93-UEPA-2023\"><\/span>Universidade do Estado do Par&aacute; &ndash; UEPA (2023)<span class=\"ez-toc-section-end\"><\/span><\/h2><p><strong>Sobre os sintomas negativos da Esquizofrenia, informe se &eacute; Verdadeiro (V) ou Falso (F) para o que se afirma e assinale a alternativa que apresenta a sequ&ecirc;ncia correta.<\/strong><\/p><p><strong>(&nbsp; ) Perdas de certas fun&ccedil;&otilde;es ps&iacute;quicas e empobrecimento global da vida afetiva, cognitiva e social.<\/strong><\/p><p><strong>(&nbsp; ) Distanciamento e aplainamento afetivo ou afeto embotado.<\/strong><\/p><p><strong>(&nbsp; ) Distor&ccedil;&atilde;o sobre o que &eacute; verdadeiro, como a presen&ccedil;a de ideias deturpadas sobre a realidade.<\/strong><\/p><p><strong>(&nbsp; ) Alucina&ccedil;&otilde;es, que s&atilde;o consideravelmente frequentes, mas tamb&eacute;m pode haver ilus&otilde;es ou pseudoalucina&ccedil;&otilde;es.&nbsp;<\/strong><\/p><p><strong>A alternativa que apresenta a sequencia correta de cima para baixo &eacute;:<\/strong><\/p><p>A) V &ndash; F &ndash; V &ndash; V<\/p><p>B) F &ndash; V &ndash; F &ndash; F<\/p><p>C) F &ndash; F &ndash; V &ndash; V<\/p><p>D) V &ndash; V &ndash; V &ndash; V<\/p><p>E) V &ndash; V &ndash; F &ndash; F<\/p><details class=\"wp-block-details is-layout-flow wp-block-details-is-layout-flow\"><summary>Confira a resolu&ccedil;&atilde;o<\/summary>\n<p>Resolu&ccedil;&atilde;o: Estrategista, quest&atilde;o sobre avalia&ccedil;&atilde;o do estado mental em psiquiatria, especialmente diante de um quadro de esquizofrenia, um transtorno psic&oacute;tico cr&ocirc;nico, caracterizado por sintomas positivos e negativos.<\/p>\n\n\n\n<p>Fique atento, pois nesta quest&atilde;o, o ponto fundamental &eacute; separar os sintomas negativos: isolacionismo, embotamento ou achatamento do afeto, avolia (tend&ecirc;ncia diminu&iacute;da de tomar iniciativa), empobrecimento do discurso e anedonia; dos sintomas positivos: del&iacute;rios, alucina&ccedil;&otilde;es, discurso desorganizado e pensamento desorganizado.&nbsp;<\/p>\n\n\n\n<p>Vamos &agrave;s assertivas!<\/p>\n\n\n\n<p>Perdas de certas fun&ccedil;&otilde;es ps&iacute;quicas e empobrecimento global da vida afetiva, cognitiva e social &ndash; Sintomas negativo<\/p>\n\n\n\n<p>Distanciamento e aplainamento afetivo ou afeto embotado &ndash; Sintoma negativo<\/p>\n\n\n\n<p>Distor&ccedil;&atilde;o sobre o que &eacute; verdadeiro, como a presen&ccedil;a de ideias deturpadas sobre a realidade. &ndash; Sintoma positivo<\/p>\n\n\n\n<p>Alucina&ccedil;&otilde;es, que s&atilde;o consideravelmente frequentes, mas tamb&eacute;m pode haver ilus&otilde;es ou pseudoalucina&ccedil;&otilde;es. &ndash; Sintoma positivo<\/p>\n\n\n\n<p>Desta forma, melhor resposta letra E.<\/p>\n<\/details><h2 class=\"wp-block-heading\" id=\"h-revalida-unirg-2022\"><span class=\"ez-toc-section\" id=\"Revalida-UNIRG-2022\"><\/span>Revalida UNIRG (2022)<span class=\"ez-toc-section-end\"><\/span><\/h2><p><strong>A esquizofrenia &eacute; um dos mais comuns transtornos mentais graves, mas sua natureza essencial ainda n&atilde;o foi esclarecida; portanto, &agrave;s vezes, ela &eacute; referida como uma s&iacute;ndrome, como o grupo de esquizofrenias ou, como na quinta edi&ccedil;&atilde;o do Manual Diagn&oacute;stico e Estat&iacute;stico de Transtornos Mentais (DSM-5), o espectro da esquizofrenia.<\/strong><\/p><p><strong>Em rela&ccedil;&atilde;o aos crit&eacute;rios diagn&oacute;sticos da esquizofrenia, assinale a afirmativa incorreta.<\/strong><\/p><p>A) Se h&aacute; hist&oacute;ria de transtorno do espectro autista ou de um transtorno da comunica&ccedil;&atilde;o iniciado na inf&acirc;ncia, o diagn&oacute;stico adicional de esquizofrenia &eacute; realizado somente se del&iacute;rios ou alucina&ccedil;&otilde;es proeminentes, al&eacute;m dos demais sintomas exigidos de esquizofrenia, estiverem tamb&eacute;m presentes por pelo menos um m&ecirc;s (ou menos, se tratados com sucesso).<\/p><p>B) Os sintomas devem persistir por pelo menos seis meses, e n&atilde;o deve haver um diagn&oacute;stico de transtorno esquizoafetivo ou transtorno do humo<\/p><p>C) Deve haver dois dos itens a seguir, cada um presente por uma quantidade significativa de tempo durante um per&iacute;odo de um m&ecirc;s (ou menos, se tratados com sucesso): del&iacute;rios, alucina&ccedil;&otilde;es, discurso desorganizado, comportamento grosseiramente desorganizado ou catat&ocirc;nico e\/ou sintomas negativos (i.e., express&atilde;o emocional diminu&iacute;da ou avolia).<\/p><p>D) A presen&ccedil;a de alucina&ccedil;&otilde;es ou del&iacute;rios &eacute; necess&aacute;ria para um diagn&oacute;stico de esquizofrenia.<\/p><details class=\"wp-block-details is-layout-flow wp-block-details-is-layout-flow\"><summary>Confira a resolu&ccedil;&atilde;o<\/summary>\n<p>Resolu&ccedil;&atilde;o: Esquizofrenia &eacute; uma s&iacute;ndrome psic&oacute;tica cr&ocirc;nica, que &eacute; caracterizada por sintomas como alucina&ccedil;&otilde;es, del&iacute;rios, comportamento bizarro ou desorganizado e embotamento afetivo. Normalmente, seus primeiros sintomas surgem na adolesc&ecirc;ncia, e o diagn&oacute;stico ocorre no in&iacute;cio da terceira d&eacute;cada de vida. &Eacute; indispens&aacute;vel, para diagnosticar esquizofrenia, que ao menos 2 dos sinais e sintomas estejam presentes por ao menos 30 dias de maneira intensa, e que os preju&iacute;zos durem pelo menos 6 meses, segundo o DSM-5 (apenas um m&ecirc;s segundo a CID-10). O tratamento da esquizofrenia &eacute; feito com o uso de antipsic&oacute;ticos.<br>Vamos &agrave;s alternativas!<br>A) Correto! &Eacute; poss&iacute;vel o diagn&oacute;stico com&oacute;rbido entre autismo (in&iacute;cio precoce) e esquizofrenia (in&iacute;cio normalmente a partir da adolesc&ecirc;ncia).<br>B) Correto. O quadro deve durar ao menos 6 meses, sendo necess&aacute;rio excluir outras s&iacute;ndromes psic&oacute;ticas antes de firmar este diagn&oacute;stico.<br>C) Correto, como vimos na introdu&ccedil;&atilde;o.<br>D) Incorreto, visto que &eacute; poss&iacute;vel o diagn&oacute;stico da esquizofrenia mesmo na aus&ecirc;ncia de del&iacute;rios e alucina&ccedil;&otilde;es. Por exemplo: um paciente com 6 meses ou mais com sintomas negativos e discurso desorganizado.<br>Resposta: letra D.<\/p>\n<\/details><h2 class=\"wp-block-heading\" id=\"h-prepare-se-para-as-provas-com-o-estrategia-med-nbsp\"><span class=\"ez-toc-section\" id=\"Prepare-se-para-as-provas-com-o-Estrategia-MED\"><\/span>Prepare-se para as provas com o Estrat&eacute;gia MED&nbsp;<span class=\"ez-toc-section-end\"><\/span><\/h2><p>O estudo pelas resolu&ccedil;&otilde;es de quest&otilde;es &eacute; a grande chave para a aprova&ccedil;&atilde;o e o Estrat&eacute;gia MED n&atilde;o est&aacute; de fora desse m&eacute;todo de aprendizagem. Com o Banco de Quest&otilde;es do Estrat&eacute;gia MED, voc&ecirc; poder&aacute; aproveitar todos os recursos dispon&iacute;veis, incluindo <strong>mais de 100 quest&otilde;es sobre Esquizofrenia <\/strong>e mais outras milhares sobre Psiquiatria, grande parte j&aacute; com a resolu&ccedil;&atilde;o comentada das alternativas.&nbsp;<\/p><p>Vem ser coruja! Clique abaixo e saiba mais sobre o Banco de Quest&otilde;es do Estrat&eacute;gia MED!<\/p><p>\n\n\n\n<div class=\"estrategia-catalog\"><h3><span class=\"ez-toc-section\" id=\"Banco-de-Questoes\"><\/span>Banco de Quest\u00f5es<span class=\"ez-toc-section-end\"><\/span><\/h3><div class=\"carrossel-product\"><div><h4><strong>Banco de Quest\u00f5es + B\u00f4nus Resumos Estrat\u00e9gicos - Anual<\/strong><\/h4><div class=\"cat-description\">Estude com o maior Banco de Quest\u00f5es aut\u00f4nomo da \u00e1rea m\u00e9dica, com mais de 200 mil quest\u00f5es dispon\u00edveis, sendo mais de 108 mil comentadas alternativa por alternativa e mais de 75 mil resolvidas em v\u00eddeo pelos professores especialistas do Estrat\u00e9gia MED.<\/div><div class=\"cat-price\"><span>12x<\/span> R$ 416,41<\/div><div class=\"cat-sale\">No Cart\u00e3o de Cr\u00e9dito ou 10% de desconto no Boleto ou Pix \u00e0 vista: R$ 4.497,30<\/div><br><a href=\"https:\/\/med.estrategia.com\/curso\/banco-de-questes-resumos-estrategicos-anual\/?utm_source=portal&utm_medium=post&utm_campaign=med-x-vd-seo-portal-v-catalogo\" class=\"estrategia-button\" target=\"_blank\">Saiba mais<\/a><\/div><div><h4><strong>Banco de Quest\u00f5es + B\u00f4nus Resumos Estrat\u00e9gicos - Anual + Sprint ENARE\/ENAMED<\/strong><\/h4><div class=\"cat-description\">Estude com o maior Banco de Quest\u00f5es aut\u00f4nomo da \u00e1rea m\u00e9dica, com mais de 200 mil quest\u00f5es dispon\u00edveis, sendo mais de 108 mil comentadas alternativa por alternativa e mais de 75 mil resolvidas em v\u00eddeo pelos professores especialistas do Estrat\u00e9gia MED.<\/div><div class=\"cat-price\"><span>12x<\/span> R$ 555,35<\/div><div class=\"cat-sale\">No Cart\u00e3o de Cr\u00e9dito ou 10% de desconto no Boleto ou Pix \u00e0 vista: R$ 5.997,87<\/div><br><a href=\"https:\/\/med.estrategia.com\/curso\/banco-de-questes-bonus-resumos-estrategicos-anual-sprint-enare-enamed\/?utm_source=portal&utm_medium=post&utm_campaign=med-x-vd-seo-portal-v-catalogo\" class=\"estrategia-button\" target=\"_blank\">Saiba mais<\/a><\/div><\/div><\/div>\n<\/p><\/p>\n","protected":false},"excerpt":{"rendered":"Voc&ecirc; sabia que para o dia 24 de maio foi institu&iacute;do o Dia Nacional de Conscientiza&ccedil;&atilde;o sobre a&hellip;\n","protected":false},"author":22,"featured_media":64264,"comment_status":"closed","ping_status":"closed","sticky":false,"template":"","format":"standard","meta":{"wl_entities_gutenberg":"","footnotes":""},"categories":[33],"tags":[],"wl_entity_type":[199],"class_list":{"0":"post-64263","1":"post","2":"type-post","3":"status-publish","4":"format-standard","5":"has-post-thumbnail","7":"category-conteudos-gratis","8":"wl_entity_type-article"},"acf":[],"yoast_head":"<!-- This site is optimized with the Yoast SEO Premium plugin v26.6 (Yoast SEO v26.6) - https:\/\/yoast.com\/wordpress\/plugins\/seo\/ -->\n<title>Criado o Dia Nacional de Conscientiza\u00e7\u00e3o sobre a Esquizofrenia; confira 5 quest\u00f5es sobre o tema<\/title>\n<meta name=\"description\" content=\"Voc\u00ea sabia o dia 24 de maio foi institu\u00eddo o Dia Nacional de Conscientiza\u00e7\u00e3o sobre a Esquizofrenia? Confira 5 quest\u00f5es sobre o tema!\" \/>\n<meta name=\"robots\" content=\"index, follow, max-snippet:-1, max-image-preview:large, max-video-preview:-1\" \/>\n<link rel=\"canonical\" href=\"https:\/\/med.estrategia.com\/portal\/conteudos-gratis\/esquizofrenia-questoes\/\" \/>\n<meta property=\"og:locale\" content=\"pt_BR\" \/>\n<meta property=\"og:type\" content=\"article\" \/>\n<meta property=\"og:title\" content=\"Criado o Dia Nacional de Conscientiza\u00e7\u00e3o sobre a Esquizofrenia; confira 5 quest\u00f5es sobre o tema\" \/>\n<meta property=\"og:description\" content=\"Voc\u00ea sabia o dia 24 de maio foi institu\u00eddo o Dia Nacional de Conscientiza\u00e7\u00e3o sobre a Esquizofrenia? Confira 5 quest\u00f5es sobre o tema!\" \/>\n<meta property=\"og:url\" content=\"https:\/\/med.estrategia.com\/portal\/conteudos-gratis\/esquizofrenia-questoes\/\" \/>\n<meta property=\"og:site_name\" content=\"Estrat\u00e9gia MED\" \/>\n<meta property=\"article:publisher\" content=\"https:\/\/www.facebook.com\/estrategiamed1\" \/>\n<meta property=\"article:published_time\" content=\"2024-05-29T19:52:22+00:00\" \/>\n<meta property=\"article:modified_time\" content=\"2024-05-29T19:56:07+00:00\" \/>\n<meta property=\"og:image\" content=\"https:\/\/med.estrategia.com\/portal\/wp-content\/uploads\/2024\/05\/nik-shuliahin-BuNWp1bL0nc-unsplash.jpg\" \/>\n\t<meta property=\"og:image:width\" content=\"1920\" \/>\n\t<meta property=\"og:image:height\" content=\"1252\" \/>\n\t<meta property=\"og:image:type\" content=\"image\/jpeg\" \/>\n<meta name=\"author\" content=\"Erika Coelho\" \/>\n<meta name=\"twitter:card\" content=\"summary_large_image\" \/>\n<meta name=\"twitter:creator\" content=\"@estrategiamed_\" \/>\n<meta name=\"twitter:site\" content=\"@estrategiamed_\" \/>\n<meta name=\"twitter:label1\" content=\"Escrito por\" \/>\n\t<meta name=\"twitter:data1\" content=\"Erika Coelho\" \/>\n\t<meta name=\"twitter:label2\" content=\"Est. tempo de leitura\" \/>\n\t<meta name=\"twitter:data2\" content=\"12 minutos\" \/>\n<script type=\"application\/ld+json\" class=\"yoast-schema-graph\">{\"@context\":\"https:\/\/schema.org\",\"@graph\":[{\"@type\":\"WebPage\",\"@id\":\"https:\/\/med.estrategia.com\/portal\/conteudos-gratis\/esquizofrenia-questoes\/\",\"url\":\"https:\/\/med.estrategia.com\/portal\/conteudos-gratis\/esquizofrenia-questoes\/\",\"name\":\"Criado o Dia Nacional de Conscientiza\u00e7\u00e3o sobre a Esquizofrenia; confira 5 quest\u00f5es sobre o tema\",\"isPartOf\":{\"@id\":\"https:\/\/med.estrategia.com\/portal\/#website\"},\"primaryImageOfPage\":{\"@id\":\"https:\/\/med.estrategia.com\/portal\/conteudos-gratis\/esquizofrenia-questoes\/#primaryimage\"},\"image\":{\"@id\":\"https:\/\/med.estrategia.com\/portal\/conteudos-gratis\/esquizofrenia-questoes\/#primaryimage\"},\"thumbnailUrl\":\"https:\/\/med.estrategia.com\/portal\/wp-content\/uploads\/2024\/05\/nik-shuliahin-BuNWp1bL0nc-unsplash.jpg\",\"datePublished\":\"2024-05-29T19:52:22+00:00\",\"dateModified\":\"2024-05-29T19:56:07+00:00\",\"author\":{\"@id\":\"https:\/\/med.estrategia.com\/portal\/#\/schema\/person\/8e7c9b2f53f2eede3b8880ad86ff20a3\"},\"description\":\"Voc\u00ea sabia o dia 24 de maio foi institu\u00eddo o Dia Nacional de Conscientiza\u00e7\u00e3o sobre a Esquizofrenia? Confira 5 quest\u00f5es sobre o tema!\",\"breadcrumb\":{\"@id\":\"https:\/\/med.estrategia.com\/portal\/conteudos-gratis\/esquizofrenia-questoes\/#breadcrumb\"},\"inLanguage\":\"pt-BR\",\"potentialAction\":[{\"@type\":\"ReadAction\",\"target\":[\"https:\/\/med.estrategia.com\/portal\/conteudos-gratis\/esquizofrenia-questoes\/\"]}]},{\"@type\":\"ImageObject\",\"inLanguage\":\"pt-BR\",\"@id\":\"https:\/\/med.estrategia.com\/portal\/conteudos-gratis\/esquizofrenia-questoes\/#primaryimage\",\"url\":\"https:\/\/med.estrategia.com\/portal\/wp-content\/uploads\/2024\/05\/nik-shuliahin-BuNWp1bL0nc-unsplash.jpg\",\"contentUrl\":\"https:\/\/med.estrategia.com\/portal\/wp-content\/uploads\/2024\/05\/nik-shuliahin-BuNWp1bL0nc-unsplash.jpg\",\"width\":1920,\"height\":1252,\"caption\":\"Cr\u00e9ditos: Unsplash\"},{\"@type\":\"BreadcrumbList\",\"@id\":\"https:\/\/med.estrategia.com\/portal\/conteudos-gratis\/esquizofrenia-questoes\/#breadcrumb\",\"itemListElement\":[{\"@type\":\"ListItem\",\"position\":1,\"name\":\"Home\",\"item\":\"https:\/\/med.estrategia.com\/portal\/\"},{\"@type\":\"ListItem\",\"position\":2,\"name\":\"Conte\u00fados Gr\u00e1tis\",\"item\":\"https:\/\/med.estrategia.com\/portal\/conteudos-gratis\/\"},{\"@type\":\"ListItem\",\"position\":3,\"name\":\"Criado o Dia Nacional de Conscientiza\u00e7\u00e3o sobre a Esquizofrenia; confira 5 quest\u00f5es sobre o tema\"}]},{\"@type\":\"WebSite\",\"@id\":\"https:\/\/med.estrategia.com\/portal\/#website\",\"url\":\"https:\/\/med.estrategia.com\/portal\/\",\"name\":\"Estrat\u00e9gia MED\",\"description\":\"\",\"potentialAction\":[{\"@type\":\"SearchAction\",\"target\":{\"@type\":\"EntryPoint\",\"urlTemplate\":\"https:\/\/med.estrategia.com\/portal\/?s={search_term_string}\"},\"query-input\":{\"@type\":\"PropertyValueSpecification\",\"valueRequired\":true,\"valueName\":\"search_term_string\"}}],\"inLanguage\":\"pt-BR\"},{\"@type\":\"Person\",\"@id\":\"https:\/\/med.estrategia.com\/portal\/#\/schema\/person\/8e7c9b2f53f2eede3b8880ad86ff20a3\",\"name\":\"Erika Coelho\",\"image\":{\"@type\":\"ImageObject\",\"inLanguage\":\"pt-BR\",\"@id\":\"https:\/\/med.estrategia.com\/portal\/#\/schema\/person\/image\/\",\"url\":\"https:\/\/secure.gravatar.com\/avatar\/8ef9ff2e2fa53829c640cca8d1a45178?s=96&d=mm&r=g\",\"contentUrl\":\"https:\/\/secure.gravatar.com\/avatar\/8ef9ff2e2fa53829c640cca8d1a45178?s=96&d=mm&r=g\",\"caption\":\"Erika Coelho\"},\"description\":\"Jornalista pela Universidade Presbiteriana Mackenzie, escrevo sobre educa\u00e7\u00e3o, sa\u00fade e pol\u00edticas p\u00fablicas\",\"url\":\"https:\/\/med.estrategia.com\/portal\/author\/erika\/\"}]}<\/script>\n<!-- \/ Yoast SEO Premium plugin. -->","yoast_head_json":{"title":"Criado o Dia Nacional de Conscientiza\u00e7\u00e3o sobre a Esquizofrenia; confira 5 quest\u00f5es sobre o tema","description":"Voc\u00ea sabia o dia 24 de maio foi institu\u00eddo o Dia Nacional de Conscientiza\u00e7\u00e3o sobre a Esquizofrenia? Confira 5 quest\u00f5es sobre o tema!","robots":{"index":"index","follow":"follow","max-snippet":"max-snippet:-1","max-image-preview":"max-image-preview:large","max-video-preview":"max-video-preview:-1"},"canonical":"https:\/\/med.estrategia.com\/portal\/conteudos-gratis\/esquizofrenia-questoes\/","og_locale":"pt_BR","og_type":"article","og_title":"Criado o Dia Nacional de Conscientiza\u00e7\u00e3o sobre a Esquizofrenia; confira 5 quest\u00f5es sobre o tema","og_description":"Voc\u00ea sabia o dia 24 de maio foi institu\u00eddo o Dia Nacional de Conscientiza\u00e7\u00e3o sobre a Esquizofrenia? Confira 5 quest\u00f5es sobre o tema!","og_url":"https:\/\/med.estrategia.com\/portal\/conteudos-gratis\/esquizofrenia-questoes\/","og_site_name":"Estrat\u00e9gia MED","article_publisher":"https:\/\/www.facebook.com\/estrategiamed1","article_published_time":"2024-05-29T19:52:22+00:00","article_modified_time":"2024-05-29T19:56:07+00:00","og_image":[{"width":1920,"height":1252,"url":"https:\/\/med.estrategia.com\/portal\/wp-content\/uploads\/2024\/05\/nik-shuliahin-BuNWp1bL0nc-unsplash.jpg","type":"image\/jpeg"}],"author":"Erika Coelho","twitter_card":"summary_large_image","twitter_creator":"@estrategiamed_","twitter_site":"@estrategiamed_","twitter_misc":{"Escrito por":"Erika Coelho","Est. tempo de leitura":"12 minutos"},"schema":{"@context":"https:\/\/schema.org","@graph":[{"@type":"WebPage","@id":"https:\/\/med.estrategia.com\/portal\/conteudos-gratis\/esquizofrenia-questoes\/","url":"https:\/\/med.estrategia.com\/portal\/conteudos-gratis\/esquizofrenia-questoes\/","name":"Criado o Dia Nacional de Conscientiza\u00e7\u00e3o sobre a Esquizofrenia; confira 5 quest\u00f5es sobre o tema","isPartOf":{"@id":"https:\/\/med.estrategia.com\/portal\/#website"},"primaryImageOfPage":{"@id":"https:\/\/med.estrategia.com\/portal\/conteudos-gratis\/esquizofrenia-questoes\/#primaryimage"},"image":{"@id":"https:\/\/med.estrategia.com\/portal\/conteudos-gratis\/esquizofrenia-questoes\/#primaryimage"},"thumbnailUrl":"https:\/\/med.estrategia.com\/portal\/wp-content\/uploads\/2024\/05\/nik-shuliahin-BuNWp1bL0nc-unsplash.jpg","datePublished":"2024-05-29T19:52:22+00:00","dateModified":"2024-05-29T19:56:07+00:00","author":{"@id":"https:\/\/med.estrategia.com\/portal\/#\/schema\/person\/8e7c9b2f53f2eede3b8880ad86ff20a3"},"description":"Voc\u00ea sabia o dia 24 de maio foi institu\u00eddo o Dia Nacional de Conscientiza\u00e7\u00e3o sobre a Esquizofrenia? Confira 5 quest\u00f5es sobre o tema!","breadcrumb":{"@id":"https:\/\/med.estrategia.com\/portal\/conteudos-gratis\/esquizofrenia-questoes\/#breadcrumb"},"inLanguage":"pt-BR","potentialAction":[{"@type":"ReadAction","target":["https:\/\/med.estrategia.com\/portal\/conteudos-gratis\/esquizofrenia-questoes\/"]}]},{"@type":"ImageObject","inLanguage":"pt-BR","@id":"https:\/\/med.estrategia.com\/portal\/conteudos-gratis\/esquizofrenia-questoes\/#primaryimage","url":"https:\/\/med.estrategia.com\/portal\/wp-content\/uploads\/2024\/05\/nik-shuliahin-BuNWp1bL0nc-unsplash.jpg","contentUrl":"https:\/\/med.estrategia.com\/portal\/wp-content\/uploads\/2024\/05\/nik-shuliahin-BuNWp1bL0nc-unsplash.jpg","width":1920,"height":1252,"caption":"Cr\u00e9ditos: Unsplash"},{"@type":"BreadcrumbList","@id":"https:\/\/med.estrategia.com\/portal\/conteudos-gratis\/esquizofrenia-questoes\/#breadcrumb","itemListElement":[{"@type":"ListItem","position":1,"name":"Home","item":"https:\/\/med.estrategia.com\/portal\/"},{"@type":"ListItem","position":2,"name":"Conte\u00fados Gr\u00e1tis","item":"https:\/\/med.estrategia.com\/portal\/conteudos-gratis\/"},{"@type":"ListItem","position":3,"name":"Criado o Dia Nacional de Conscientiza\u00e7\u00e3o sobre a Esquizofrenia; confira 5 quest\u00f5es sobre o tema"}]},{"@type":"WebSite","@id":"https:\/\/med.estrategia.com\/portal\/#website","url":"https:\/\/med.estrategia.com\/portal\/","name":"Estrat\u00e9gia MED","description":"","potentialAction":[{"@type":"SearchAction","target":{"@type":"EntryPoint","urlTemplate":"https:\/\/med.estrategia.com\/portal\/?s={search_term_string}"},"query-input":{"@type":"PropertyValueSpecification","valueRequired":true,"valueName":"search_term_string"}}],"inLanguage":"pt-BR"},{"@type":"Person","@id":"https:\/\/med.estrategia.com\/portal\/#\/schema\/person\/8e7c9b2f53f2eede3b8880ad86ff20a3","name":"Erika Coelho","image":{"@type":"ImageObject","inLanguage":"pt-BR","@id":"https:\/\/med.estrategia.com\/portal\/#\/schema\/person\/image\/","url":"https:\/\/secure.gravatar.com\/avatar\/8ef9ff2e2fa53829c640cca8d1a45178?s=96&d=mm&r=g","contentUrl":"https:\/\/secure.gravatar.com\/avatar\/8ef9ff2e2fa53829c640cca8d1a45178?s=96&d=mm&r=g","caption":"Erika Coelho"},"description":"Jornalista pela Universidade Presbiteriana Mackenzie, escrevo sobre educa\u00e7\u00e3o, sa\u00fade e pol\u00edticas p\u00fablicas","url":"https:\/\/med.estrategia.com\/portal\/author\/erika\/"}]}},"_wl_alt_label":[],"wl:entity_url":"\/post\/esquizofrenia-questoes","_links":{"self":[{"href":"https:\/\/med.estrategia.com\/portal\/wp-json\/wp\/v2\/posts\/64263","targetHints":{"allow":["GET"]}}],"collection":[{"href":"https:\/\/med.estrategia.com\/portal\/wp-json\/wp\/v2\/posts"}],"about":[{"href":"https:\/\/med.estrategia.com\/portal\/wp-json\/wp\/v2\/types\/post"}],"author":[{"embeddable":true,"href":"https:\/\/med.estrategia.com\/portal\/wp-json\/wp\/v2\/users\/22"}],"replies":[{"embeddable":true,"href":"https:\/\/med.estrategia.com\/portal\/wp-json\/wp\/v2\/comments?post=64263"}],"version-history":[{"count":3,"href":"https:\/\/med.estrategia.com\/portal\/wp-json\/wp\/v2\/posts\/64263\/revisions"}],"predecessor-version":[{"id":64274,"href":"https:\/\/med.estrategia.com\/portal\/wp-json\/wp\/v2\/posts\/64263\/revisions\/64274"}],"wp:featuredmedia":[{"embeddable":true,"href":"https:\/\/med.estrategia.com\/portal\/wp-json\/wp\/v2\/media\/64264"}],"wp:attachment":[{"href":"https:\/\/med.estrategia.com\/portal\/wp-json\/wp\/v2\/media?parent=64263"}],"wp:term":[{"taxonomy":"category","embeddable":true,"href":"https:\/\/med.estrategia.com\/portal\/wp-json\/wp\/v2\/categories?post=64263"},{"taxonomy":"post_tag","embeddable":true,"href":"https:\/\/med.estrategia.com\/portal\/wp-json\/wp\/v2\/tags?post=64263"},{"taxonomy":"wl_entity_type","embeddable":true,"href":"https:\/\/med.estrategia.com\/portal\/wp-json\/wp\/v2\/wl_entity_type?post=64263"}],"curies":[{"name":"wp","href":"https:\/\/api.w.org\/{rel}","templated":true}]}}