{"id":64484,"date":"2024-06-04T12:33:55","date_gmt":"2024-06-04T15:33:55","guid":{"rendered":"https:\/\/med.estrategia.com\/portal\/?p=64484"},"modified":"2024-06-04T12:34:00","modified_gmt":"2024-06-04T15:34:00","slug":"stf-decide-que-abertura-de-cursos-de-medicina-deve-seguir-criterios-do-mais-medicos","status":"publish","type":"post","link":"https:\/\/med.estrategia.com\/portal\/noticias\/stf-decide-que-abertura-de-cursos-de-medicina-deve-seguir-criterios-do-mais-medicos\/","title":{"rendered":"STF decide que abertura de cursos de Medicina deve seguir crit\u00e9rios do Mais M\u00e9dicos"},"content":{"rendered":"<p>Em uma decis&atilde;o un&acirc;nime, o <strong>Supremo Tribunal Federal (STF)<\/strong> determinou na &uacute;ltima segunda-feira (3) que <strong>a<\/strong> <strong>abertura de novos cursos de medicina deve seguir os crit&eacute;rios estabelecidos pelo programa Mais M&eacute;dicos<\/strong>.<p>Os editais do Mais M&eacute;dicos priorizam <strong>regi&otilde;es com d&eacute;ficit de profissionais da &aacute;rea<\/strong>. Al&eacute;m disso, estabelecem par&acirc;metros como a <strong>disponibilidade de infraestrutura<\/strong> para que os alunos tenham experi&ecirc;ncias pr&aacute;ticas.<\/p><p class=\"wp-block-verse\">Confira mais informa&ccedil;&otilde;es sobre o <a href=\"https:\/\/med.estrategia.com\/portal\/maismedicos\/lei-do-mais-medicos-e-sancionada-e-novos-editais-do-programa-sao-publicados\/#O-que-e-o-Mais-Medicos\" target=\"_blank\">Programa Mais M&eacute;dicos<\/a><\/p><p>De acordo com os ministros, <strong>essa regra tem vig&ecirc;ncia enquanto o programa de contrata&ccedil;&atilde;o de m&eacute;dicos estiver em vigor<\/strong>. A <strong>autoriza&ccedil;&atilde;o para funcionamento<\/strong> de cursos de medicina em <strong>institui&ccedil;&otilde;es privadas<\/strong> deve ser precedida de <strong>chamamento p&uacute;blico<\/strong>, conforme a lei.<\/p><p>\n\n\n<div id=\"new-form\">\n\t<form id=\"forms_layout\">\n\t<input type=\"hidden\" id=\"chave_de\" name=\"chave_de\" value=\"01_EMED_LEADS_TOTAIS\" \/>\n\t\t<input type=\"hidden\" id=\"mid\" name=\"mid\" value=\"515009018\" \/>\n\t\t<input type=\"hidden\" id=\"Objetivo\" name=\"Objetivo\" value=\"Medicina\" \/>\n\t\t<input type=\"hidden\" id=\"Estado_de_Origem_do_IP\" name=\"Estado_de_Origem_do_IP\"  value=\"\" \/>\n\t\t<input type=\"hidden\" id=\"Cidade_de_Origem_do_IP\" name=\"Cidade_de_Origem_do_IP\" value=\"\" \/>\n\t\t<input type=\"hidden\" id=\"Modo_de_entrada\" name=\"Modo_de_entrada\" value=\"Portal\" \/>\n\t\t<input type=\"hidden\" id=\"Pagina_Origem\" name=\"Pagina_Origem\" value=\"\" \/>\n\n\t\t<div class=\"texto\">\n\t\t\t<h3 class=\"news\">Inscreva-se em nossa newsletter!<\/h3>\n\t\t\t<p>Receba not\u00edcias sobre resid\u00eancia m\u00e9dica, revalida\u00e7\u00e3o de diplomas e concursos m\u00e9dicos, al\u00e9m de materiais de estudo gratuitos e informa\u00e7\u00f5es relevantes do mundo da Medicina.<\/p>\n\t\t<\/div>\n\t\t<div class=\"campos\">\n\t\t\t<div class=\"first_name labels\">\n\t\t\t\t<input type=\"text\" class=\"input_labels\" id=\"first_name\" name=\"Nome_Completo\" placeholder=\"Nome\" required \/>\n\t\t\t<\/div>\n\t\t\t<div class=\"email labels\">\n\t\t\t\t<input type=\"email\" class=\"input_labels\" id=\"email\" name=\"Email\" placeholder=\"E-mail\" required \/>\n\t\t\t<\/div>\n\t\t\t<button type=\"submit\" class=\"button_layout\">\n\t\t\t\t<div id=\"lblBotao\">Inscreva-se<\/div>\n\t\t\t\t<span id=\"divSpiner\" class=\"loader\" role=\"status\" style=\"display: none;\"><\/span>\t\n\t\t\t<\/button>\n\t\t<\/div><!-- \/campos -->\n\t\t\n\t\t<label class=\"container_checkbox\">Voc\u00ea concorda com a nossa\n\t\t\t<a class=\"politics_privacy_ahref\" target=\"_blank\" href=\"https:\/\/gratis.estrategiaconcursos.com.br\/politica-de-privacidade\/\">Pol\u00edtica de Privacidade<\/a> e aceita receber informa\u00e7\u00f5es adicionais do Estrat\u00e9gia Educacional.\n\t\t\t<input id=\"checkbox_layout\" type=\"checkbox\" checked=\"checked\" required \/>\n\t\t\t<span class=\"checkbox\"><\/span>\n\t\t<\/label>\n\t\t<div id=\"msg\"><\/div>\n\t\t<div id=\"error\" class=\"error\">\n\t\t<\/div>\n\t<\/form>\n<\/div><!-- \/new-form -->\n\n\n\n<\/p><p>Apesar da unanimidade na decis&atilde;o, houve diverg&ecirc;ncia quanto ao tratamento das institui&ccedil;&otilde;es que j&aacute; haviam iniciado o processo de abertura de novos cursos. Sete dos onze ministros acompanharam o relator Gilmar Mendes, entendendo que <strong>as institui&ccedil;&otilde;es que j&aacute; haviam avan&ccedil;ado na documenta&ccedil;&atilde;o devem continuar o processo de tramita&ccedil;&atilde;o<\/strong>.<\/p><p><strong>Processos administrativos na Justi&ccedil;a que ultrapassaram a fase inicial de an&aacute;lise documental ter&atilde;o continuidade<\/strong>. No entanto, todos os envolvidos devem observar se os novos cursos de medicina ou as vagas adicionais nos cursos existentes <strong>atendem integralmente &agrave;s disposi&ccedil;&otilde;es da Lei do Mais M&eacute;dicos<\/strong>.<\/p><p>J&aacute; os processos administrativos que <strong>n&atilde;o passaram da fase inicial<\/strong> de an&aacute;lise documental est&atilde;o <strong>suspensos<\/strong>.<\/p><p>O julgamento, que ocorre no plen&aacute;rio virtual, ser&aacute; conclu&iacute;do nesta ter&ccedil;a-feira, dia 4.<\/p><p>Acompanhe as not&iacute;cias sobre o universo da medicina no Portal do <a href=\"https:\/\/med.estrategia.com\/\" target=\"_blank\">Estrat&eacute;gia MED<\/a>! Conhe&ccedil;a nossos preparat&oacute;rios para provas de resid&ecirc;ncia m&eacute;dica, revalida&ccedil;&atilde;o de diplomas e concursos p&uacute;blicos da &aacute;rea clicando na imagem a seguir.<\/p><p>\n\n\n\n\n\n<a id=\"cta\" class=\"cta-imagem\" href=\"https:\/\/med.estrategia.com\/curso\/banco-de-questes-resumos-estrategicos-anual\/\" target=\"blank\">\n                <img decoding=\"async\" width=\"100%\" src=\"https:\/\/med.estrategia.com\/portal\/wp-content\/uploads\/2025\/08\/banco_questoes.png\" alt=\"banco_questoes\" title=\"banco_questoes\">\n        <\/a>\n<\/p><\/p>\n","protected":false},"excerpt":{"rendered":"Apesar da unanimidade na decis\u00e3o, houve diverg\u00eancia quanto ao tratamento das institui\u00e7\u00f5es que j\u00e1 haviam iniciado o processo de abertura de novos cursos\n","protected":false},"author":52,"featured_media":64485,"comment_status":"closed","ping_status":"closed","sticky":false,"template":"","format":"standard","meta":{"wl_entities_gutenberg":"","footnotes":""},"categories":[300],"tags":[],"wl_entity_type":[199],"class_list":{"0":"post-64484","1":"post","2":"type-post","3":"status-publish","4":"format-standard","5":"has-post-thumbnail","7":"category-noticias","8":"wl_entity_type-article"},"acf":[],"yoast_head":"<!-- This site is optimized with the Yoast SEO Premium plugin v26.6 (Yoast SEO v26.6) - https:\/\/yoast.com\/wordpress\/plugins\/seo\/ -->\n<title>STF decide que abertura de cursos de Medicina deve seguir crit\u00e9rios do Mais M\u00e9dicos<\/title>\n<meta name=\"description\" content=\"Em uma decis\u00e3o un\u00e2nime, o Supremo Tribunal Federal (STF) determinou na \u00faltima segunda-feira (3) que a abertura de novos cursos de medicina deve seguir os crit\u00e9rios estabelecidos pelo programa Mais M\u00e9dicos.\" \/>\n<meta name=\"robots\" content=\"index, follow, max-snippet:-1, max-image-preview:large, max-video-preview:-1\" \/>\n<link rel=\"canonical\" href=\"https:\/\/med.estrategia.com\/portal\/noticias\/stf-decide-que-abertura-de-cursos-de-medicina-deve-seguir-criterios-do-mais-medicos\/\" \/>\n<meta property=\"og:locale\" content=\"pt_BR\" \/>\n<meta property=\"og:type\" content=\"article\" \/>\n<meta property=\"og:title\" content=\"STF decide que abertura de cursos de Medicina deve seguir crit\u00e9rios do Mais M\u00e9dicos\" \/>\n<meta property=\"og:description\" content=\"Em uma decis\u00e3o un\u00e2nime, o Supremo Tribunal Federal (STF) determinou na \u00faltima segunda-feira (3) que a abertura de novos cursos de medicina deve seguir os crit\u00e9rios estabelecidos pelo programa Mais M\u00e9dicos.\" \/>\n<meta property=\"og:url\" content=\"https:\/\/med.estrategia.com\/portal\/noticias\/stf-decide-que-abertura-de-cursos-de-medicina-deve-seguir-criterios-do-mais-medicos\/\" \/>\n<meta property=\"og:site_name\" content=\"Estrat\u00e9gia MED\" \/>\n<meta property=\"article:publisher\" content=\"https:\/\/www.facebook.com\/estrategiamed1\" \/>\n<meta property=\"article:published_time\" content=\"2024-06-04T15:33:55+00:00\" \/>\n<meta property=\"article:modified_time\" content=\"2024-06-04T15:34:00+00:00\" \/>\n<meta property=\"og:image\" content=\"https:\/\/med.estrategia.com\/portal\/wp-content\/uploads\/2024\/06\/stf-cursos-medicina-mais-medicos.jpg\" \/>\n\t<meta property=\"og:image:width\" content=\"1920\" \/>\n\t<meta property=\"og:image:height\" content=\"1280\" \/>\n\t<meta property=\"og:image:type\" content=\"image\/jpeg\" \/>\n<meta name=\"author\" content=\"Arion Wolff\" \/>\n<meta name=\"twitter:card\" content=\"summary_large_image\" \/>\n<meta name=\"twitter:creator\" content=\"@estrategiamed_\" \/>\n<meta name=\"twitter:site\" content=\"@estrategiamed_\" \/>\n<meta name=\"twitter:label1\" content=\"Escrito por\" \/>\n\t<meta name=\"twitter:data1\" content=\"Arion Wolff\" \/>\n\t<meta name=\"twitter:label2\" content=\"Est. tempo de leitura\" \/>\n\t<meta name=\"twitter:data2\" content=\"2 minutos\" \/>\n<script type=\"application\/ld+json\" class=\"yoast-schema-graph\">{\"@context\":\"https:\/\/schema.org\",\"@graph\":[{\"@type\":\"WebPage\",\"@id\":\"https:\/\/med.estrategia.com\/portal\/noticias\/stf-decide-que-abertura-de-cursos-de-medicina-deve-seguir-criterios-do-mais-medicos\/\",\"url\":\"https:\/\/med.estrategia.com\/portal\/noticias\/stf-decide-que-abertura-de-cursos-de-medicina-deve-seguir-criterios-do-mais-medicos\/\",\"name\":\"STF decide que abertura de cursos de Medicina deve seguir crit\u00e9rios do Mais M\u00e9dicos\",\"isPartOf\":{\"@id\":\"https:\/\/med.estrategia.com\/portal\/#website\"},\"primaryImageOfPage\":{\"@id\":\"https:\/\/med.estrategia.com\/portal\/noticias\/stf-decide-que-abertura-de-cursos-de-medicina-deve-seguir-criterios-do-mais-medicos\/#primaryimage\"},\"image\":{\"@id\":\"https:\/\/med.estrategia.com\/portal\/noticias\/stf-decide-que-abertura-de-cursos-de-medicina-deve-seguir-criterios-do-mais-medicos\/#primaryimage\"},\"thumbnailUrl\":\"https:\/\/med.estrategia.com\/portal\/wp-content\/uploads\/2024\/06\/stf-cursos-medicina-mais-medicos.jpg\",\"datePublished\":\"2024-06-04T15:33:55+00:00\",\"dateModified\":\"2024-06-04T15:34:00+00:00\",\"author\":{\"@id\":\"https:\/\/med.estrategia.com\/portal\/#\/schema\/person\/b6aba49604868a427dd15c3b1fc6a8bc\"},\"description\":\"Em uma decis\u00e3o un\u00e2nime, o Supremo Tribunal Federal (STF) determinou na \u00faltima segunda-feira (3) que a abertura de novos cursos de medicina deve seguir os crit\u00e9rios estabelecidos pelo programa Mais M\u00e9dicos.\",\"breadcrumb\":{\"@id\":\"https:\/\/med.estrategia.com\/portal\/noticias\/stf-decide-que-abertura-de-cursos-de-medicina-deve-seguir-criterios-do-mais-medicos\/#breadcrumb\"},\"inLanguage\":\"pt-BR\",\"potentialAction\":[{\"@type\":\"ReadAction\",\"target\":[\"https:\/\/med.estrategia.com\/portal\/noticias\/stf-decide-que-abertura-de-cursos-de-medicina-deve-seguir-criterios-do-mais-medicos\/\"]}]},{\"@type\":\"ImageObject\",\"inLanguage\":\"pt-BR\",\"@id\":\"https:\/\/med.estrategia.com\/portal\/noticias\/stf-decide-que-abertura-de-cursos-de-medicina-deve-seguir-criterios-do-mais-medicos\/#primaryimage\",\"url\":\"https:\/\/med.estrategia.com\/portal\/wp-content\/uploads\/2024\/06\/stf-cursos-medicina-mais-medicos.jpg\",\"contentUrl\":\"https:\/\/med.estrategia.com\/portal\/wp-content\/uploads\/2024\/06\/stf-cursos-medicina-mais-medicos.jpg\",\"width\":1920,\"height\":1280,\"caption\":\"Estrat\u00e9gia Med | Foto: Rosinei Coutinho\/SCO\/STF\"},{\"@type\":\"BreadcrumbList\",\"@id\":\"https:\/\/med.estrategia.com\/portal\/noticias\/stf-decide-que-abertura-de-cursos-de-medicina-deve-seguir-criterios-do-mais-medicos\/#breadcrumb\",\"itemListElement\":[{\"@type\":\"ListItem\",\"position\":1,\"name\":\"Home\",\"item\":\"https:\/\/med.estrategia.com\/portal\/\"},{\"@type\":\"ListItem\",\"position\":2,\"name\":\"Not\u00edcias\",\"item\":\"https:\/\/med.estrategia.com\/portal\/noticias\/\"},{\"@type\":\"ListItem\",\"position\":3,\"name\":\"STF decide que abertura de cursos de Medicina deve seguir crit\u00e9rios do Mais M\u00e9dicos\"}]},{\"@type\":\"WebSite\",\"@id\":\"https:\/\/med.estrategia.com\/portal\/#website\",\"url\":\"https:\/\/med.estrategia.com\/portal\/\",\"name\":\"Estrat\u00e9gia MED\",\"description\":\"\",\"potentialAction\":[{\"@type\":\"SearchAction\",\"target\":{\"@type\":\"EntryPoint\",\"urlTemplate\":\"https:\/\/med.estrategia.com\/portal\/?s={search_term_string}\"},\"query-input\":{\"@type\":\"PropertyValueSpecification\",\"valueRequired\":true,\"valueName\":\"search_term_string\"}}],\"inLanguage\":\"pt-BR\"},{\"@type\":\"Person\",\"@id\":\"https:\/\/med.estrategia.com\/portal\/#\/schema\/person\/b6aba49604868a427dd15c3b1fc6a8bc\",\"name\":\"Arion Wolff\",\"image\":{\"@type\":\"ImageObject\",\"inLanguage\":\"pt-BR\",\"@id\":\"https:\/\/med.estrategia.com\/portal\/#\/schema\/person\/image\/\",\"url\":\"https:\/\/med.estrategia.com\/portal\/wp-content\/uploads\/2023\/12\/arion-wolff-estrategia-med-150x150.jpg\",\"contentUrl\":\"https:\/\/med.estrategia.com\/portal\/wp-content\/uploads\/2023\/12\/arion-wolff-estrategia-med-150x150.jpg\",\"caption\":\"Arion Wolff\"},\"description\":\"Jornalista formado pela UNIFATEC e p\u00f3s-graduado em Jornalismo Digital pela UNINTER. Escrevo sobre medicina, resid\u00eancia m\u00e9dica e sa\u00fade. Entusiasta de filmes, livros, bons dramas e romances gen\u00e9ricos.\",\"sameAs\":[\"http:\/\/med.estrategia.com\"],\"url\":\"https:\/\/med.estrategia.com\/portal\/author\/arion-santos\/\"}]}<\/script>\n<!-- \/ Yoast SEO Premium plugin. -->","yoast_head_json":{"title":"STF decide que abertura de cursos de Medicina deve seguir crit\u00e9rios do Mais M\u00e9dicos","description":"Em uma decis\u00e3o un\u00e2nime, o Supremo Tribunal Federal (STF) determinou na \u00faltima segunda-feira (3) que a abertura de novos cursos de medicina deve seguir os crit\u00e9rios estabelecidos pelo programa Mais M\u00e9dicos.","robots":{"index":"index","follow":"follow","max-snippet":"max-snippet:-1","max-image-preview":"max-image-preview:large","max-video-preview":"max-video-preview:-1"},"canonical":"https:\/\/med.estrategia.com\/portal\/noticias\/stf-decide-que-abertura-de-cursos-de-medicina-deve-seguir-criterios-do-mais-medicos\/","og_locale":"pt_BR","og_type":"article","og_title":"STF decide que abertura de cursos de Medicina deve seguir crit\u00e9rios do Mais M\u00e9dicos","og_description":"Em uma decis\u00e3o un\u00e2nime, o Supremo Tribunal Federal (STF) determinou na \u00faltima segunda-feira (3) que a abertura de novos cursos de medicina deve seguir os crit\u00e9rios estabelecidos pelo programa Mais M\u00e9dicos.","og_url":"https:\/\/med.estrategia.com\/portal\/noticias\/stf-decide-que-abertura-de-cursos-de-medicina-deve-seguir-criterios-do-mais-medicos\/","og_site_name":"Estrat\u00e9gia MED","article_publisher":"https:\/\/www.facebook.com\/estrategiamed1","article_published_time":"2024-06-04T15:33:55+00:00","article_modified_time":"2024-06-04T15:34:00+00:00","og_image":[{"width":1920,"height":1280,"url":"https:\/\/med.estrategia.com\/portal\/wp-content\/uploads\/2024\/06\/stf-cursos-medicina-mais-medicos.jpg","type":"image\/jpeg"}],"author":"Arion Wolff","twitter_card":"summary_large_image","twitter_creator":"@estrategiamed_","twitter_site":"@estrategiamed_","twitter_misc":{"Escrito por":"Arion Wolff","Est. tempo de leitura":"2 minutos"},"schema":{"@context":"https:\/\/schema.org","@graph":[{"@type":"WebPage","@id":"https:\/\/med.estrategia.com\/portal\/noticias\/stf-decide-que-abertura-de-cursos-de-medicina-deve-seguir-criterios-do-mais-medicos\/","url":"https:\/\/med.estrategia.com\/portal\/noticias\/stf-decide-que-abertura-de-cursos-de-medicina-deve-seguir-criterios-do-mais-medicos\/","name":"STF decide que abertura de cursos de Medicina deve seguir crit\u00e9rios do Mais M\u00e9dicos","isPartOf":{"@id":"https:\/\/med.estrategia.com\/portal\/#website"},"primaryImageOfPage":{"@id":"https:\/\/med.estrategia.com\/portal\/noticias\/stf-decide-que-abertura-de-cursos-de-medicina-deve-seguir-criterios-do-mais-medicos\/#primaryimage"},"image":{"@id":"https:\/\/med.estrategia.com\/portal\/noticias\/stf-decide-que-abertura-de-cursos-de-medicina-deve-seguir-criterios-do-mais-medicos\/#primaryimage"},"thumbnailUrl":"https:\/\/med.estrategia.com\/portal\/wp-content\/uploads\/2024\/06\/stf-cursos-medicina-mais-medicos.jpg","datePublished":"2024-06-04T15:33:55+00:00","dateModified":"2024-06-04T15:34:00+00:00","author":{"@id":"https:\/\/med.estrategia.com\/portal\/#\/schema\/person\/b6aba49604868a427dd15c3b1fc6a8bc"},"description":"Em uma decis\u00e3o un\u00e2nime, o Supremo Tribunal Federal (STF) determinou na \u00faltima segunda-feira (3) que a abertura de novos cursos de medicina deve seguir os crit\u00e9rios estabelecidos pelo programa Mais M\u00e9dicos.","breadcrumb":{"@id":"https:\/\/med.estrategia.com\/portal\/noticias\/stf-decide-que-abertura-de-cursos-de-medicina-deve-seguir-criterios-do-mais-medicos\/#breadcrumb"},"inLanguage":"pt-BR","potentialAction":[{"@type":"ReadAction","target":["https:\/\/med.estrategia.com\/portal\/noticias\/stf-decide-que-abertura-de-cursos-de-medicina-deve-seguir-criterios-do-mais-medicos\/"]}]},{"@type":"ImageObject","inLanguage":"pt-BR","@id":"https:\/\/med.estrategia.com\/portal\/noticias\/stf-decide-que-abertura-de-cursos-de-medicina-deve-seguir-criterios-do-mais-medicos\/#primaryimage","url":"https:\/\/med.estrategia.com\/portal\/wp-content\/uploads\/2024\/06\/stf-cursos-medicina-mais-medicos.jpg","contentUrl":"https:\/\/med.estrategia.com\/portal\/wp-content\/uploads\/2024\/06\/stf-cursos-medicina-mais-medicos.jpg","width":1920,"height":1280,"caption":"Estrat\u00e9gia Med | Foto: Rosinei Coutinho\/SCO\/STF"},{"@type":"BreadcrumbList","@id":"https:\/\/med.estrategia.com\/portal\/noticias\/stf-decide-que-abertura-de-cursos-de-medicina-deve-seguir-criterios-do-mais-medicos\/#breadcrumb","itemListElement":[{"@type":"ListItem","position":1,"name":"Home","item":"https:\/\/med.estrategia.com\/portal\/"},{"@type":"ListItem","position":2,"name":"Not\u00edcias","item":"https:\/\/med.estrategia.com\/portal\/noticias\/"},{"@type":"ListItem","position":3,"name":"STF decide que abertura de cursos de Medicina deve seguir crit\u00e9rios do Mais M\u00e9dicos"}]},{"@type":"WebSite","@id":"https:\/\/med.estrategia.com\/portal\/#website","url":"https:\/\/med.estrategia.com\/portal\/","name":"Estrat\u00e9gia MED","description":"","potentialAction":[{"@type":"SearchAction","target":{"@type":"EntryPoint","urlTemplate":"https:\/\/med.estrategia.com\/portal\/?s={search_term_string}"},"query-input":{"@type":"PropertyValueSpecification","valueRequired":true,"valueName":"search_term_string"}}],"inLanguage":"pt-BR"},{"@type":"Person","@id":"https:\/\/med.estrategia.com\/portal\/#\/schema\/person\/b6aba49604868a427dd15c3b1fc6a8bc","name":"Arion Wolff","image":{"@type":"ImageObject","inLanguage":"pt-BR","@id":"https:\/\/med.estrategia.com\/portal\/#\/schema\/person\/image\/","url":"https:\/\/med.estrategia.com\/portal\/wp-content\/uploads\/2023\/12\/arion-wolff-estrategia-med-150x150.jpg","contentUrl":"https:\/\/med.estrategia.com\/portal\/wp-content\/uploads\/2023\/12\/arion-wolff-estrategia-med-150x150.jpg","caption":"Arion Wolff"},"description":"Jornalista formado pela UNIFATEC e p\u00f3s-graduado em Jornalismo Digital pela UNINTER. Escrevo sobre medicina, resid\u00eancia m\u00e9dica e sa\u00fade. Entusiasta de filmes, livros, bons dramas e romances gen\u00e9ricos.","sameAs":["http:\/\/med.estrategia.com"],"url":"https:\/\/med.estrategia.com\/portal\/author\/arion-santos\/"}]}},"_wl_alt_label":[],"wl:entity_url":"\/post\/stf-decide-que-abertura-de-cursos-de-medicina-deve-seguir-criterios-do-mais-medicos","_links":{"self":[{"href":"https:\/\/med.estrategia.com\/portal\/wp-json\/wp\/v2\/posts\/64484","targetHints":{"allow":["GET"]}}],"collection":[{"href":"https:\/\/med.estrategia.com\/portal\/wp-json\/wp\/v2\/posts"}],"about":[{"href":"https:\/\/med.estrategia.com\/portal\/wp-json\/wp\/v2\/types\/post"}],"author":[{"embeddable":true,"href":"https:\/\/med.estrategia.com\/portal\/wp-json\/wp\/v2\/users\/52"}],"replies":[{"embeddable":true,"href":"https:\/\/med.estrategia.com\/portal\/wp-json\/wp\/v2\/comments?post=64484"}],"version-history":[{"count":3,"href":"https:\/\/med.estrategia.com\/portal\/wp-json\/wp\/v2\/posts\/64484\/revisions"}],"predecessor-version":[{"id":64489,"href":"https:\/\/med.estrategia.com\/portal\/wp-json\/wp\/v2\/posts\/64484\/revisions\/64489"}],"wp:featuredmedia":[{"embeddable":true,"href":"https:\/\/med.estrategia.com\/portal\/wp-json\/wp\/v2\/media\/64485"}],"wp:attachment":[{"href":"https:\/\/med.estrategia.com\/portal\/wp-json\/wp\/v2\/media?parent=64484"}],"wp:term":[{"taxonomy":"category","embeddable":true,"href":"https:\/\/med.estrategia.com\/portal\/wp-json\/wp\/v2\/categories?post=64484"},{"taxonomy":"post_tag","embeddable":true,"href":"https:\/\/med.estrategia.com\/portal\/wp-json\/wp\/v2\/tags?post=64484"},{"taxonomy":"wl_entity_type","embeddable":true,"href":"https:\/\/med.estrategia.com\/portal\/wp-json\/wp\/v2\/wl_entity_type?post=64484"}],"curies":[{"name":"wp","href":"https:\/\/api.w.org\/{rel}","templated":true}]}}