{"id":64625,"date":"2024-06-06T18:04:14","date_gmt":"2024-06-06T21:04:14","guid":{"rendered":"https:\/\/med.estrategia.com\/portal\/?p=64625"},"modified":"2024-06-11T19:58:32","modified_gmt":"2024-06-11T22:58:32","slug":"flashcards-de-dengue","status":"publish","type":"post","link":"https:\/\/med.estrategia.com\/portal\/flashcards\/flashcards-de-dengue\/","title":{"rendered":"Flashcards de Dengue"},"content":{"rendered":"<p><strong>Ol&aacute;, querido doutor e doutora!<\/strong> A dengue &eacute; uma doen&ccedil;a infecciosa viral transmitida principalmente pelo mosquito <em>Aedes aegypti<\/em>. Trata-se de uma das arboviroses mais prevalentes no mundo, especialmente em regi&otilde;es tropicais e subtropicais. A dengue &eacute; uma preocupa&ccedil;&atilde;o de sa&uacute;de p&uacute;blica significativa devido &agrave; sua alta incid&ecirc;ncia e potencial para causar surtos epid&ecirc;micos. <p><strong>Que tal praticarmos alguns flashcards para aprofundar nosso entendimento sobre essa condi&ccedil;&atilde;o?<\/strong><\/p><div class=\"wp-block-cover is-light has-black-color has-text-color has-link-color wp-elements-799755a0049e2bf28c29882100dd45b0\" style=\"min-height:363px;aspect-ratio:unset;\"><span aria-hidden=\"true\" class=\"wp-block-cover__background has-vivid-green-cyan-background-color has-background-dim-20 has-background-dim\"><\/span><div class=\"wp-block-cover__inner-container is-layout-flow wp-block-cover-is-layout-flow\">\n<div class=\"wp-block-group is-vertical is-content-justification-stretch is-layout-flex wp-container-core-group-is-layout-1 wp-block-group-is-layout-flex\">\n<p class=\"has-text-align-center\"><strong>O estudo funcionar&aacute; da seguinte forma:<\/strong><\/p>\n\n\n\n<ul class=\"wp-block-list\">\n<li>Leia todas as perguntas e tente respond&ecirc;-las sem o aux&iacute;lio de nenhum material (voc&ecirc; pode responder verbalmente ou escrever as respostas em uma folha);<\/li>\n<\/ul>\n\n\n\n<p><\/p>\n\n\n\n<ul class=\"wp-block-list\">\n<li>Ap&oacute;s responder todas as perguntas, volte, confira as respostas e anote sua porcentagem de acertos.<\/li>\n<\/ul>\n\n\n\n<p><\/p>\n\n\n\n<ul class=\"wp-block-list\">\n<li>Realize a revis&atilde;o dos flashcards dentro de alguns dias conforme a dificuldade. A cada revis&atilde;o, aumente o tempo para a revis&atilde;o seguinte!<\/li>\n<\/ul>\n\n\n\n<p><\/p>\n\n\n\n<ul class=\"wp-block-list\">\n<li>O estudo pode ser feito individualmente ou em grupo com amigos.<\/li>\n<\/ul>\n\n\n\n<p><\/p>\n\n\n\n<p class=\"has-text-align-center\"><strong>Bons estudos!<\/strong><\/p>\n<\/div>\n<\/div><\/div><div id=\"ez-toc-container\" class=\"ez-toc-v2_0_79_2 counter-hierarchy ez-toc-counter ez-toc-transparent ez-toc-container-direction\">\n<div class=\"ez-toc-title-container\"><p class=\"ez-toc-title\" style=\"cursor:inherit\">Navegue pelo conte\u00fado<\/p>\n<\/div><nav><ul class='ez-toc-list ez-toc-list-level-1 ' ><li class='ez-toc-page-1 ez-toc-heading-level-2'><a class=\"ez-toc-link ez-toc-heading-1\" href=\"https:\/\/med.estrategia.com\/portal\/flashcards\/flashcards-de-dengue\/#Flashcard-1\" >Flashcard 1<\/a><\/li><li class='ez-toc-page-1 ez-toc-heading-level-2'><a class=\"ez-toc-link ez-toc-heading-2\" href=\"https:\/\/med.estrategia.com\/portal\/flashcards\/flashcards-de-dengue\/#Flashcard-2\" >Flashcard 2<\/a><\/li><li class='ez-toc-page-1 ez-toc-heading-level-2'><a class=\"ez-toc-link ez-toc-heading-3\" href=\"https:\/\/med.estrategia.com\/portal\/flashcards\/flashcards-de-dengue\/#Flashcard-3\" >Flashcard 3<\/a><\/li><li class='ez-toc-page-1 ez-toc-heading-level-2'><a class=\"ez-toc-link ez-toc-heading-4\" href=\"https:\/\/med.estrategia.com\/portal\/flashcards\/flashcards-de-dengue\/#Flashcard-4\" >Flashcard 4<\/a><\/li><li class='ez-toc-page-1 ez-toc-heading-level-2'><a class=\"ez-toc-link ez-toc-heading-5\" href=\"https:\/\/med.estrategia.com\/portal\/flashcards\/flashcards-de-dengue\/#Flashcard-5\" >Flashcard 5<\/a><\/li><li class='ez-toc-page-1 ez-toc-heading-level-2'><a class=\"ez-toc-link ez-toc-heading-6\" href=\"https:\/\/med.estrategia.com\/portal\/flashcards\/flashcards-de-dengue\/#Flashcard-6\" >Flashcard 6<\/a><\/li><li class='ez-toc-page-1 ez-toc-heading-level-2'><a class=\"ez-toc-link ez-toc-heading-7\" href=\"https:\/\/med.estrategia.com\/portal\/flashcards\/flashcards-de-dengue\/#Flashcard-7\" >Flashcard 7<\/a><\/li><li class='ez-toc-page-1 ez-toc-heading-level-2'><a class=\"ez-toc-link ez-toc-heading-8\" href=\"https:\/\/med.estrategia.com\/portal\/flashcards\/flashcards-de-dengue\/#Flashcard-8\" >Flashcard 8<\/a><\/li><li class='ez-toc-page-1 ez-toc-heading-level-2'><a class=\"ez-toc-link ez-toc-heading-9\" href=\"https:\/\/med.estrategia.com\/portal\/flashcards\/flashcards-de-dengue\/#Flashcard-9\" >Flashcard 9<\/a><\/li><li class='ez-toc-page-1 ez-toc-heading-level-2'><a class=\"ez-toc-link ez-toc-heading-10\" href=\"https:\/\/med.estrategia.com\/portal\/flashcards\/flashcards-de-dengue\/#Flashcard-10\" >Flashcard 10<\/a><\/li><li class='ez-toc-page-1 ez-toc-heading-level-2'><a class=\"ez-toc-link ez-toc-heading-11\" href=\"https:\/\/med.estrategia.com\/portal\/flashcards\/flashcards-de-dengue\/#Flashcard-11\" >Flashcard 11<\/a><\/li><li class='ez-toc-page-1 ez-toc-heading-level-2'><a class=\"ez-toc-link ez-toc-heading-12\" href=\"https:\/\/med.estrategia.com\/portal\/flashcards\/flashcards-de-dengue\/#Flashcard-12\" >Flashcard 12<\/a><\/li><li class='ez-toc-page-1 ez-toc-heading-level-2'><a class=\"ez-toc-link ez-toc-heading-13\" href=\"https:\/\/med.estrategia.com\/portal\/flashcards\/flashcards-de-dengue\/#Flashcard-13\" >Flashcard 13<\/a><\/li><li class='ez-toc-page-1 ez-toc-heading-level-2'><a class=\"ez-toc-link ez-toc-heading-14\" href=\"https:\/\/med.estrategia.com\/portal\/flashcards\/flashcards-de-dengue\/#Flashcard-14\" >Flashcard 14<\/a><\/li><li class='ez-toc-page-1 ez-toc-heading-level-2'><a class=\"ez-toc-link ez-toc-heading-15\" href=\"https:\/\/med.estrategia.com\/portal\/flashcards\/flashcards-de-dengue\/#Flashcard-15\" >Flashcard 15<\/a><\/li><li class='ez-toc-page-1 ez-toc-heading-level-2'><a class=\"ez-toc-link ez-toc-heading-16\" href=\"https:\/\/med.estrategia.com\/portal\/flashcards\/flashcards-de-dengue\/#Flashcard-16\" >Flashcard 16<\/a><\/li><li class='ez-toc-page-1 ez-toc-heading-level-2'><a class=\"ez-toc-link ez-toc-heading-17\" href=\"https:\/\/med.estrategia.com\/portal\/flashcards\/flashcards-de-dengue\/#Flashcard-17\" >Flashcard 17<\/a><\/li><li class='ez-toc-page-1 ez-toc-heading-level-2'><a class=\"ez-toc-link ez-toc-heading-18\" href=\"https:\/\/med.estrategia.com\/portal\/flashcards\/flashcards-de-dengue\/#Flashcard-18\" >Flashcard 18<\/a><\/li><li class='ez-toc-page-1 ez-toc-heading-level-2'><a class=\"ez-toc-link ez-toc-heading-19\" href=\"https:\/\/med.estrategia.com\/portal\/flashcards\/flashcards-de-dengue\/#Flashcard-19\" >Flashcard 19<\/a><\/li><li class='ez-toc-page-1 ez-toc-heading-level-2'><a class=\"ez-toc-link ez-toc-heading-20\" href=\"https:\/\/med.estrategia.com\/portal\/flashcards\/flashcards-de-dengue\/#Flashcard-20\" >Flashcard 20<\/a><\/li><li class='ez-toc-page-1 ez-toc-heading-level-2'><a class=\"ez-toc-link ez-toc-heading-21\" href=\"https:\/\/med.estrategia.com\/portal\/flashcards\/flashcards-de-dengue\/#Flashcard-21\" >Flashcard 21<\/a><\/li><li class='ez-toc-page-1 ez-toc-heading-level-2'><a class=\"ez-toc-link ez-toc-heading-22\" href=\"https:\/\/med.estrategia.com\/portal\/flashcards\/flashcards-de-dengue\/#Flashcard-22\" >Flashcard 22<\/a><\/li><li class='ez-toc-page-1 ez-toc-heading-level-2'><a class=\"ez-toc-link ez-toc-heading-23\" href=\"https:\/\/med.estrategia.com\/portal\/flashcards\/flashcards-de-dengue\/#Flashcard-23\" >Flashcard 23<\/a><\/li><li class='ez-toc-page-1 ez-toc-heading-level-2'><a class=\"ez-toc-link ez-toc-heading-24\" href=\"https:\/\/med.estrategia.com\/portal\/flashcards\/flashcards-de-dengue\/#Flashcard-24\" >Flashcard 24<\/a><\/li><li class='ez-toc-page-1 ez-toc-heading-level-2'><a class=\"ez-toc-link ez-toc-heading-25\" href=\"https:\/\/med.estrategia.com\/portal\/flashcards\/flashcards-de-dengue\/#Flashcard-25\" >Flashcard 25<\/a><\/li><li class='ez-toc-page-1 ez-toc-heading-level-2'><a class=\"ez-toc-link ez-toc-heading-26\" href=\"https:\/\/med.estrategia.com\/portal\/flashcards\/flashcards-de-dengue\/#Flashcard-26\" >Flashcard 26<\/a><\/li><li class='ez-toc-page-1 ez-toc-heading-level-2'><a class=\"ez-toc-link ez-toc-heading-27\" href=\"https:\/\/med.estrategia.com\/portal\/flashcards\/flashcards-de-dengue\/#Flashcard-27\" >Flashcard 27<\/a><\/li><li class='ez-toc-page-1 ez-toc-heading-level-2'><a class=\"ez-toc-link ez-toc-heading-28\" href=\"https:\/\/med.estrategia.com\/portal\/flashcards\/flashcards-de-dengue\/#Flashcard-28\" >Flashcard 28<\/a><\/li><li class='ez-toc-page-1 ez-toc-heading-level-2'><a class=\"ez-toc-link ez-toc-heading-29\" href=\"https:\/\/med.estrategia.com\/portal\/flashcards\/flashcards-de-dengue\/#Flashcard-29\" >Flashcard 29<\/a><\/li><li class='ez-toc-page-1 ez-toc-heading-level-2'><a class=\"ez-toc-link ez-toc-heading-30\" href=\"https:\/\/med.estrategia.com\/portal\/flashcards\/flashcards-de-dengue\/#Flashcard-30\" >Flashcard 30<\/a><\/li><li class='ez-toc-page-1 ez-toc-heading-level-2'><a class=\"ez-toc-link ez-toc-heading-31\" href=\"https:\/\/med.estrategia.com\/portal\/flashcards\/flashcards-de-dengue\/#Veja-Tambem\" >Veja Tamb&eacute;m<\/a><\/li><li class='ez-toc-page-1 ez-toc-heading-level-2'><a class=\"ez-toc-link ez-toc-heading-32\" href=\"https:\/\/med.estrategia.com\/portal\/flashcards\/flashcards-de-dengue\/#Referencias-Bibliograficas\" >Refer&ecirc;ncias Bibliogr&aacute;ficas&nbsp;<\/a><\/li><\/ul><\/nav><\/div>\n<h2 class=\"wp-block-heading\" id=\"h-flashcard-1\" style=\"font-style:normal;font-weight:500;text-decoration:underline\"><span class=\"ez-toc-section\" id=\"Flashcard-1\"><\/span>Flashcard 1<span class=\"ez-toc-section-end\"><\/span><\/h2><h3 class=\"wp-block-heading\" id=\"h-qual-o-agente-causal-da-dengue\" style=\"font-style:normal;font-weight:500\">Qual o agente causal da dengue?<\/h3><details class=\"wp-block-details has-medium-font-size is-layout-flow wp-block-details-is-layout-flow\" style=\"font-style:normal;font-weight:500\"><summary>Resposta<\/summary>\n<p><\/p>\n\n\n\n<h4 class=\"wp-block-heading\" id=\"h-causada-pelo-virus-do-genero-flavivirus-familia-flaviviridae-conhecido-como-virus-da-dengue-denv\" style=\"font-style:normal;font-weight:400\">Causada pelo v&iacute;rus do g&ecirc;nero Flavivirus, fam&iacute;lia <em>Flaviviridae<\/em>, conhecido como v&iacute;rus da Dengue (DENV)<\/h4>\n\n\n\n<p><\/p>\n<\/details><h2 class=\"wp-block-heading has-text-align-left\" id=\"h-flashcard-2\" style=\"font-style:normal;font-weight:500;text-decoration:underline\"><span class=\"ez-toc-section\" id=\"Flashcard-2\"><\/span>Flashcard 2<span class=\"ez-toc-section-end\"><\/span><\/h2><h3 class=\"wp-block-heading has-text-align-left\" id=\"h-como-a-dengue-e-transmitida\" style=\"font-style:normal;font-weight:500\">Como a dengue &eacute; transmitida?<\/h3><details class=\"wp-block-details has-medium-font-size is-layout-flow wp-block-details-is-layout-flow\" style=\"font-style:normal;font-weight:500\"><summary>Resposta<\/summary>\n<p><\/p>\n\n\n\n<h4 class=\"wp-block-heading\" id=\"h-a-transmissao-ao-homem-se-da-por-intermedio-do-mosquito-aedes-aegypti\" style=\"font-style:normal;font-weight:400\">A transmiss&atilde;o ao homem se d&aacute; por interm&eacute;dio do mosquito<em> Aedes aegypti<\/em><\/h4>\n\n\n\n<p><\/p>\n<\/details><h2 class=\"wp-block-heading has-text-align-left\" id=\"h-flashcard-3\" style=\"font-style:normal;font-weight:500;text-decoration:underline\"><span class=\"ez-toc-section\" id=\"Flashcard-3\"><\/span>Flashcard 3<span class=\"ez-toc-section-end\"><\/span><\/h2><h3 class=\"wp-block-heading has-text-align-left\" id=\"h-qual-e-o-padrao-sazonal-de-ocorrencia-da-dengue\" style=\"font-style:normal;font-weight:500\">Qual &eacute; o padr&atilde;o sazonal de ocorr&ecirc;ncia da dengue?<\/h3><details class=\"wp-block-details has-medium-font-size is-layout-flow wp-block-details-is-layout-flow\" style=\"font-style:normal;font-weight:500\"><summary>Resposta<\/summary>\n<p><\/p>\n\n\n\n<h4 class=\"wp-block-heading\" id=\"h-maior-incidencia-no-verao-devido-as-chuvas-e-temperaturas-mais-elevadas\" style=\"font-style:normal;font-weight:400\">Maior incid&ecirc;ncia no ver&atilde;o devido &agrave;s chuvas e temperaturas mais elevadas.<\/h4>\n\n\n\n<p><\/p>\n<\/details><h2 class=\"wp-block-heading has-text-align-left\" id=\"h-flashcard-4\" style=\"font-style:normal;font-weight:500;text-decoration:underline\"><span class=\"ez-toc-section\" id=\"Flashcard-4\"><\/span>Flashcard 4<span class=\"ez-toc-section-end\"><\/span><\/h2><h3 class=\"wp-block-heading has-text-align-left\" id=\"h-quantos-sorotipos-de-virus-da-dengue-existem\" style=\"font-style:normal;font-weight:500\">Quantos sorotipos de v&iacute;rus da dengue existem?<\/h3><details class=\"wp-block-details has-medium-font-size is-layout-flow wp-block-details-is-layout-flow\" style=\"font-style:normal;font-weight:500\"><summary>Resposta<\/summary>\n<p><\/p>\n\n\n\n<h4 class=\"wp-block-heading\" id=\"h-cinco-sorotipos-denv1-denv2-denv3-denv4-e-denv5-ainda-nao-detectado-no-brasil\" style=\"font-style:normal;font-weight:400\">Cinco sorotipos: DENV1, DENV2, DENV3, DENV4 e DENV5 (ainda n&atilde;o detectado no Brasil).<\/h4>\n\n\n\n<p><\/p>\n<\/details><h2 class=\"wp-block-heading has-text-align-left\" id=\"h-flashcard-5\" style=\"font-style:normal;font-weight:500;text-decoration:underline\"><span class=\"ez-toc-section\" id=\"Flashcard-5\"><\/span>Flashcard 5<span class=\"ez-toc-section-end\"><\/span><\/h2><h3 class=\"wp-block-heading has-text-align-left\" id=\"h-qual-sorotipo-de-virus-da-dengue-e-o-mais-grave\" style=\"font-style:normal;font-weight:500\">Qual sorotipo de v&iacute;rus da dengue &eacute; o mais grave?<\/h3><details class=\"wp-block-details has-medium-font-size is-layout-flow wp-block-details-is-layout-flow\" style=\"font-style:normal;font-weight:500\"><summary>Resposta<\/summary>\n<p><\/p>\n\n\n\n<h4 class=\"wp-block-heading\" id=\"h-denv2\" style=\"font-style:normal;font-weight:400\">DENV2.<\/h4>\n\n\n\n<p><\/p>\n<\/details><h2 class=\"wp-block-heading has-text-align-left\" id=\"h-flashcard-6\" style=\"font-style:normal;font-weight:500;text-decoration:underline\"><span class=\"ez-toc-section\" id=\"Flashcard-6\"><\/span>Flashcard 6<span class=\"ez-toc-section-end\"><\/span><\/h2><h3 class=\"wp-block-heading has-text-align-left\" id=\"h-qual-e-o-periodo-de-incubacao-da-dengue\" style=\"font-style:normal;font-weight:500\">Qual &eacute; o per&iacute;odo de incuba&ccedil;&atilde;o da dengue?<\/h3><details class=\"wp-block-details has-medium-font-size is-layout-flow wp-block-details-is-layout-flow\" style=\"font-style:normal;font-weight:500\"><summary>Resposta<\/summary>\n<p><\/p>\n\n\n\n<h4 class=\"wp-block-heading\" id=\"h-lt-15-dias-em-media-5-a-6-dias\" style=\"font-style:normal;font-weight:400\">&lt; 15 dias (em m&eacute;dia 5 a 6 dias).<\/h4>\n\n\n\n<p><\/p>\n<\/details><h2 class=\"wp-block-heading has-text-align-left\" id=\"h-flashcard-7\" style=\"font-style:normal;font-weight:500;text-decoration:underline\"><span class=\"ez-toc-section\" id=\"Flashcard-7\"><\/span>Flashcard 7<span class=\"ez-toc-section-end\"><\/span><\/h2><h3 class=\"wp-block-heading has-text-align-left\" id=\"h-quais-sao-os-principais-sintomas-de-um-caso-suspeito-de-dengue\" style=\"font-style:normal;font-weight:500\">Quais s&atilde;o os principais sintomas de um caso suspeito de dengue?<\/h3><details class=\"wp-block-details has-medium-font-size is-layout-flow wp-block-details-is-layout-flow\" style=\"font-style:normal;font-weight:500\"><summary>Resposta<\/summary>\n<ul class=\"wp-block-list\">\n<li>Febre alta;<\/li>\n\n\n\n<li>cefaleia retro-orbit&aacute;ria;<\/li>\n\n\n\n<li>mialgia;<\/li>\n\n\n\n<li>artralgia;<\/li>\n\n\n\n<li>n&aacute;useas e v&ocirc;mitos; e <\/li>\n\n\n\n<li>diarreia.<\/li>\n<\/ul>\n\n\n\n<figure class=\"wp-block-image size-full\"><img decoding=\"async\" width=\"598\" height=\"597\" src=\"https:\/\/med.estrategia.com\/portal\/wp-content\/uploads\/2024\/06\/image-13.png\" alt=\"\" class=\"wp-image-64626\" srcset=\"https:\/\/med.estrategia.com\/portal\/wp-content\/uploads\/2024\/06\/image-13.png 598w, https:\/\/med.estrategia.com\/portal\/wp-content\/uploads\/2024\/06\/image-13-150x150.png 150w\" sizes=\"(max-width: 598px) 100vw, 598px\" \/><\/figure>\n\n\n\n<p><\/p>\n<\/details><h2 class=\"wp-block-heading has-text-align-left\" id=\"h-flashcard-8\" style=\"font-style:normal;font-weight:500;text-decoration:underline\"><span class=\"ez-toc-section\" id=\"Flashcard-8\"><\/span>Flashcard 8<span class=\"ez-toc-section-end\"><\/span><\/h2><h3 class=\"wp-block-heading has-text-align-left\" id=\"h-quais-sao-os-sinais-de-alarme-da-dengue\" style=\"font-style:normal;font-weight:500\">Quais s&atilde;o os sinais de alarme da dengue?<\/h3><details class=\"wp-block-details has-medium-font-size is-layout-flow wp-block-details-is-layout-flow\" style=\"font-style:normal;font-weight:500\"><summary>Resposta<\/summary>\n<p><\/p>\n\n\n\n<h4 class=\"wp-block-heading\" id=\"h-mnemonico-silva-3h\" style=\"font-style:normal;font-weight:400\">Mnem&ocirc;nico <strong>SILVA 3H<\/strong>:<\/h4>\n\n\n\n<figure class=\"wp-block-image size-large\"><img decoding=\"async\" width=\"1024\" height=\"512\" src=\"https:\/\/med.estrategia.com\/portal\/wp-content\/uploads\/2024\/06\/image-14-1024x512.png\" alt=\"\" class=\"wp-image-64627\" srcset=\"https:\/\/med.estrategia.com\/portal\/wp-content\/uploads\/2024\/06\/image-14-1024x512.png 1024w, https:\/\/med.estrategia.com\/portal\/wp-content\/uploads\/2024\/06\/image-14-768x384.png 768w, https:\/\/med.estrategia.com\/portal\/wp-content\/uploads\/2024\/06\/image-14-800x400.png 800w, https:\/\/med.estrategia.com\/portal\/wp-content\/uploads\/2024\/06\/image-14.png 1059w\" sizes=\"(max-width: 1024px) 100vw, 1024px\" \/><\/figure>\n\n\n\n<p><\/p>\n<\/details><h2 class=\"wp-block-heading has-text-align-left\" id=\"h-flashcard-9\" style=\"font-style:normal;font-weight:500;text-decoration:underline\"><span class=\"ez-toc-section\" id=\"Flashcard-9\"><\/span>Flashcard 9<span class=\"ez-toc-section-end\"><\/span><\/h2><h3 class=\"wp-block-heading has-text-align-left\" id=\"h-o-que-e-um-caso-de-dengue-grave\" style=\"font-style:normal;font-weight:500\">O que &eacute; um caso de dengue grave?<\/h3><details class=\"wp-block-details has-medium-font-size is-layout-flow wp-block-details-is-layout-flow\" style=\"font-style:normal;font-weight:500\"><summary>Resposta<\/summary>\n<p><\/p>\n\n\n\n<h4 class=\"wp-block-heading\" id=\"h-caso-suspeito-de-dengue-com-sinais-de-extravasamento-plasmatico-grave-insuficiencia-respiratoria-sangramento-grave-ou-comprometimento-grave-de-orgaos\" style=\"font-style:normal;font-weight:400\">Caso suspeito de dengue com sinais de extravasamento plasm&aacute;tico grave, insufici&ecirc;ncia respirat&oacute;ria, sangramento grave ou comprometimento grave de &oacute;rg&atilde;os.<\/h4>\n\n\n\n<p><\/p>\n<\/details><h2 class=\"wp-block-heading has-text-align-left\" id=\"h-flashcard-10\" style=\"font-style:normal;font-weight:500;text-decoration:underline\"><span class=\"ez-toc-section\" id=\"Flashcard-10\"><\/span>Flashcard 10<span class=\"ez-toc-section-end\"><\/span><\/h2><h3 class=\"wp-block-heading has-text-align-left\" id=\"h-quais-sao-as-tres-fases-da-dengue\" style=\"font-style:normal;font-weight:500\">Quais s&atilde;o as tr&ecirc;s fases da dengue?<\/h3><details class=\"wp-block-details has-medium-font-size is-layout-flow wp-block-details-is-layout-flow\" style=\"font-style:normal;font-weight:500\"><summary>Resposta<\/summary>\n<p><\/p>\n\n\n\n<h4 class=\"wp-block-heading\" id=\"h-fase-febril-fase-critica-e-fase-de-recuperacao\" style=\"font-style:normal;font-weight:400\">Fase febril, fase cr&iacute;tica e fase de recupera&ccedil;&atilde;o.<\/h4>\n\n\n\n<figure class=\"wp-block-image size-large\"><img decoding=\"async\" width=\"1024\" height=\"253\" src=\"https:\/\/med.estrategia.com\/portal\/wp-content\/uploads\/2024\/06\/image-16-1024x253.png\" alt=\"\" class=\"wp-image-64629\" srcset=\"https:\/\/med.estrategia.com\/portal\/wp-content\/uploads\/2024\/06\/image-16-1024x253.png 1024w, https:\/\/med.estrategia.com\/portal\/wp-content\/uploads\/2024\/06\/image-16-768x190.png 768w, https:\/\/med.estrategia.com\/portal\/wp-content\/uploads\/2024\/06\/image-16-800x197.png 800w, https:\/\/med.estrategia.com\/portal\/wp-content\/uploads\/2024\/06\/image-16.png 1159w\" sizes=\"(max-width: 1024px) 100vw, 1024px\" \/><\/figure>\n\n\n\n<p><\/p>\n<\/details><div class=\"wp-block-group\"><div class=\"wp-block-group__inner-container is-layout-constrained wp-block-group-is-layout-constrained\">\n<h2 class=\"wp-block-heading\" id=\"h-flashcard-11\" style=\"font-style:normal;font-weight:500;text-decoration:underline\"><span class=\"ez-toc-section\" id=\"Flashcard-11\"><\/span>Flashcard 11<span class=\"ez-toc-section-end\"><\/span><\/h2>\n\n\n\n<h3 class=\"wp-block-heading\" id=\"h-quanto-tempo-dura-a-fase-febril-da-dengue\" style=\"font-style:normal;font-weight:500\">Quanto tempo dura a fase febril da dengue?<\/h3>\n<\/div><\/div><details class=\"wp-block-details has-medium-font-size is-layout-flow wp-block-details-is-layout-flow\" style=\"font-style:normal;font-weight:500\"><summary>Resposta<\/summary>\n<p><\/p>\n\n\n\n<h4 class=\"wp-block-heading\" id=\"h-dura-aproximadamente-2-a-7-dias\" style=\"font-style:normal;font-weight:400\">Dura aproximadamente 2 a 7 dias.<\/h4>\n\n\n\n<figure class=\"wp-block-image size-large\"><img decoding=\"async\" width=\"1024\" height=\"253\" src=\"https:\/\/med.estrategia.com\/portal\/wp-content\/uploads\/2024\/06\/image-15-1024x253.png\" alt=\"\" class=\"wp-image-64628\" srcset=\"https:\/\/med.estrategia.com\/portal\/wp-content\/uploads\/2024\/06\/image-15-1024x253.png 1024w, https:\/\/med.estrategia.com\/portal\/wp-content\/uploads\/2024\/06\/image-15-768x190.png 768w, https:\/\/med.estrategia.com\/portal\/wp-content\/uploads\/2024\/06\/image-15-800x197.png 800w, https:\/\/med.estrategia.com\/portal\/wp-content\/uploads\/2024\/06\/image-15.png 1159w\" sizes=\"(max-width: 1024px) 100vw, 1024px\" \/><\/figure>\n\n\n\n<p><\/p>\n<\/details><h2 class=\"wp-block-heading\" id=\"h-flashcard-12\" style=\"font-style:normal;font-weight:500;text-decoration:underline\"><span class=\"ez-toc-section\" id=\"Flashcard-12\"><\/span>Flashcard 12<span class=\"ez-toc-section-end\"><\/span><\/h2><h3 class=\"wp-block-heading\" id=\"h-quais-as-caracteristicas-do-exantema-da-dengue\" style=\"font-style:normal;font-weight:500\">Quais as caracter&iacute;sticas do exantema da dengue? <\/h3><details class=\"wp-block-details has-medium-font-size is-layout-flow wp-block-details-is-layout-flow\" style=\"font-style:normal;font-weight:500\"><summary>Resposta<\/summary>\n<p><\/p>\n\n\n\n<h4 class=\"wp-block-heading\" id=\"h-e-uma-erupcao-cutanea-que-pode-ser-maculopapular-pruriginosa-ou-nao-surgindo-entre-o-3&ordm;-e-6&ordm;-dia\" style=\"font-style:normal;font-weight:400\">&Eacute; uma erup&ccedil;&atilde;o cut&acirc;nea que pode ser maculopapular, pruriginosa ou n&atilde;o, surgindo entre o 3&ordm; e 6&ordm; dia.<\/h4>\n\n\n\n<figure class=\"wp-block-image size-full\"><img decoding=\"async\" width=\"459\" height=\"283\" src=\"https:\/\/med.estrategia.com\/portal\/wp-content\/uploads\/2024\/06\/image-17.png\" alt=\"\" class=\"wp-image-64630\"><\/figure>\n\n\n\n<p><\/p>\n<\/details><h2 class=\"wp-block-heading\" id=\"h-flashcard-13\" style=\"font-style:normal;font-weight:500;text-decoration:underline\"><span class=\"ez-toc-section\" id=\"Flashcard-13\"><\/span>Flashcard 13<span class=\"ez-toc-section-end\"><\/span><\/h2><h3 class=\"wp-block-heading\" id=\"h-qual-e-a-principal-causa-de-obito-na-dengue\" style=\"font-style:normal;font-weight:500\">Qual &eacute; a principal causa de &oacute;bito na dengue?<\/h3><details class=\"wp-block-details has-medium-font-size is-layout-flow wp-block-details-is-layout-flow\" style=\"font-style:normal;font-weight:500\"><summary>Resposta<\/summary>\n<p><\/p>\n\n\n\n<h4 class=\"wp-block-heading\" id=\"h-choque-por-hipovolemia-devido-ao-extravasamento-plasmatico\" style=\"font-style:normal;font-weight:400\">Choque por hipovolemia devido ao extravasamento plasm&aacute;tico.<\/h4>\n\n\n\n<p><\/p>\n<\/details><h2 class=\"wp-block-heading\" id=\"h-flashcard-14\" style=\"font-style:normal;font-weight:500;text-decoration:underline\"><span class=\"ez-toc-section\" id=\"Flashcard-14\"><\/span>Flashcard 14<span class=\"ez-toc-section-end\"><\/span><\/h2><h3 class=\"wp-block-heading\" id=\"h-como-a-dengue-e-classificada-pela-oms\" style=\"font-style:normal;font-weight:500\">Como a dengue &eacute; classificada pela OMS?<\/h3><details class=\"wp-block-details has-medium-font-size is-layout-flow wp-block-details-is-layout-flow\" style=\"font-style:normal;font-weight:500\"><summary>Resposta<\/summary>\n<p><\/p>\n\n\n\n<h4 class=\"wp-block-heading\" id=\"h-em-dengue-sem-sinais-de-alarme-dengue-com-sinais-de-alarme-e-dengue-grave\" style=\"font-style:normal;font-weight:400\">Em dengue sem sinais de alarme, dengue com sinais de alarme e dengue grave.<\/h4>\n\n\n\n<p><\/p>\n<\/details><h2 class=\"wp-block-heading\" id=\"h-flashcard-15\" style=\"font-style:normal;font-weight:500;text-decoration:underline\"><span class=\"ez-toc-section\" id=\"Flashcard-15\"><\/span>Flashcard 15<span class=\"ez-toc-section-end\"><\/span><\/h2><h3 class=\"wp-block-heading\" id=\"h-quais-metodos-sao-utilizados-para-diagnosticar-a-dengue\" style=\"font-style:normal;font-weight:500\">Quais m&eacute;todos s&atilde;o utilizados para diagnosticar a dengue?<\/h3><details class=\"wp-block-details has-medium-font-size is-layout-flow wp-block-details-is-layout-flow\" style=\"font-style:normal;font-weight:500\"><summary>Resposta<\/summary>\n<p><\/p>\n\n\n\n<h4 class=\"wp-block-heading\" id=\"h-deteccao-viral-e-exame-sorologico\" style=\"font-style:normal;font-weight:400\">Detec&ccedil;&atilde;o viral e exame sorol&oacute;gico.<\/h4>\n\n\n\n<p><\/p>\n<\/details><h2 class=\"wp-block-heading\" id=\"h-flashcard-16\" style=\"font-style:normal;font-weight:500;text-decoration:underline\"><span class=\"ez-toc-section\" id=\"Flashcard-16\"><\/span>Flashcard 16<span class=\"ez-toc-section-end\"><\/span><\/h2><h3 class=\"wp-block-heading\" id=\"h-quando-deve-ser-realizado-o-exame-sorologico-para-dengue\" style=\"font-style:normal;font-weight:500\">Quando deve ser realizado o exame sorol&oacute;gico para dengue?<\/h3><details class=\"wp-block-details has-medium-font-size is-layout-flow wp-block-details-is-layout-flow\" style=\"font-style:normal;font-weight:500\"><summary>Resposta<\/summary>\n<p><\/p>\n\n\n\n<h4 class=\"wp-block-heading\" id=\"h-a-partir-do-sexto-dia-apos-o-inicio-dos-sintomas\" style=\"font-style:normal;font-weight:400\">A partir do sexto dia ap&oacute;s o in&iacute;cio dos sintomas.<\/h4>\n\n\n\n<figure class=\"wp-block-image size-full\"><img decoding=\"async\" width=\"939\" height=\"390\" src=\"https:\/\/med.estrategia.com\/portal\/wp-content\/uploads\/2024\/06\/image-20.png\" alt=\"\" class=\"wp-image-64633\" srcset=\"https:\/\/med.estrategia.com\/portal\/wp-content\/uploads\/2024\/06\/image-20.png 939w, https:\/\/med.estrategia.com\/portal\/wp-content\/uploads\/2024\/06\/image-20-768x319.png 768w, https:\/\/med.estrategia.com\/portal\/wp-content\/uploads\/2024\/06\/image-20-800x332.png 800w\" sizes=\"(max-width: 939px) 100vw, 939px\" \/><\/figure>\n\n\n\n<p><\/p>\n<\/details><h2 class=\"wp-block-heading\" id=\"h-flashcard-17\" style=\"font-style:normal;font-weight:500;text-decoration:underline\"><span class=\"ez-toc-section\" id=\"Flashcard-17\"><\/span>Flashcard 17<span class=\"ez-toc-section-end\"><\/span><\/h2><h3 class=\"wp-block-heading\" id=\"h-quando-deve-ser-realizado-a-deteccao-viral-para-dengue-e-quais-os-metodos-utilizados\" style=\"font-style:normal;font-weight:500\">Quando deve ser realizado a detec&ccedil;&atilde;o viral para dengue e quais os m&eacute;todos utilizados?<\/h3><details class=\"wp-block-details has-medium-font-size is-layout-flow wp-block-details-is-layout-flow\" style=\"font-style:normal;font-weight:500\"><summary>Resposta<\/summary>\n<p><\/p>\n\n\n\n<h4 class=\"wp-block-heading\" id=\"h-ate-o-quinto-dia-de-sintomas-os-mais-utilizados-sao-pesquisa-de-antigeno-ns1-e-rt-pcr\" style=\"font-style:normal;font-weight:400\">At&eacute; o quinto dia de sintomas. Os mais utilizados s&atilde;o: pesquisa de ant&iacute;geno NS1 e RT-PCR.<\/h4>\n\n\n\n<figure class=\"wp-block-image size-full\"><img decoding=\"async\" width=\"939\" height=\"390\" src=\"https:\/\/med.estrategia.com\/portal\/wp-content\/uploads\/2024\/06\/image-19.png\" alt=\"\" class=\"wp-image-64632\" srcset=\"https:\/\/med.estrategia.com\/portal\/wp-content\/uploads\/2024\/06\/image-19.png 939w, https:\/\/med.estrategia.com\/portal\/wp-content\/uploads\/2024\/06\/image-19-768x319.png 768w, https:\/\/med.estrategia.com\/portal\/wp-content\/uploads\/2024\/06\/image-19-800x332.png 800w\" sizes=\"(max-width: 939px) 100vw, 939px\" \/><\/figure>\n\n\n\n<p><\/p>\n<\/details><h2 class=\"wp-block-heading\" id=\"h-flashcard-18\" style=\"font-style:normal;font-weight:500;text-decoration:underline\"><span class=\"ez-toc-section\" id=\"Flashcard-18\"><\/span>Flashcard 18<span class=\"ez-toc-section-end\"><\/span><\/h2><h3 class=\"wp-block-heading\" id=\"h-quais-as-alteracoes-laboratoriais-na-dengue\" style=\"font-style:normal;font-weight:500\">Quais as altera&ccedil;&otilde;es laboratoriais na dengue? <\/h3><details class=\"wp-block-details has-medium-font-size is-layout-flow wp-block-details-is-layout-flow\" style=\"font-style:normal;font-weight:500\"><summary>Resposta<\/summary>\n<ul class=\"wp-block-list\">\n<li>Leucopenia\/linfoenia &eacute; a altera&ccedil;&atilde;o mais precoce;<\/li>\n\n\n\n<li>Plaquetopenia;<\/li>\n\n\n\n<li>Hemoconcentra&ccedil;&atilde;o; e<\/li>\n\n\n\n<li>Aumento de Bilirrubina e AST\/ALT.<\/li>\n<\/ul>\n\n\n\n<figure class=\"wp-block-image size-full\"><img decoding=\"async\" width=\"844\" height=\"532\" src=\"https:\/\/med.estrategia.com\/portal\/wp-content\/uploads\/2024\/06\/image-21.png\" alt=\"\" class=\"wp-image-64634\" srcset=\"https:\/\/med.estrategia.com\/portal\/wp-content\/uploads\/2024\/06\/image-21.png 844w, https:\/\/med.estrategia.com\/portal\/wp-content\/uploads\/2024\/06\/image-21-768x484.png 768w, https:\/\/med.estrategia.com\/portal\/wp-content\/uploads\/2024\/06\/image-21-800x504.png 800w\" sizes=\"(max-width: 844px) 100vw, 844px\" \/><\/figure>\n\n\n\n<p><\/p>\n<\/details><h2 class=\"wp-block-heading\" id=\"h-flashcard-19\" style=\"font-style:normal;font-weight:500;text-decoration:underline\"><span class=\"ez-toc-section\" id=\"Flashcard-19\"><\/span>Flashcard 19<span class=\"ez-toc-section-end\"><\/span><\/h2><h3 class=\"wp-block-heading\" id=\"h-quais-sao-os-quatro-grupos-de-risco-da-dengue\" style=\"font-style:normal;font-weight:500\">Quais s&atilde;o os quatro grupos de risco da dengue?<\/h3><details class=\"wp-block-details has-medium-font-size is-layout-flow wp-block-details-is-layout-flow\" style=\"font-style:normal;font-weight:500\"><summary>Resposta<\/summary>\n<p><\/p>\n\n\n\n<h4 class=\"wp-block-heading\" id=\"h-grupo-a-grupo-b-grupo-c-e-grupo-d\" style=\"font-style:normal;font-weight:400\">Grupo A, Grupo B, Grupo C e Grupo D.<\/h4>\n\n\n\n<figure class=\"wp-block-image size-full\"><img decoding=\"async\" width=\"701\" height=\"583\" src=\"https:\/\/med.estrategia.com\/portal\/wp-content\/uploads\/2024\/06\/image-22.png\" alt=\"\" class=\"wp-image-64635\"><\/figure>\n\n\n\n<p><\/p>\n<\/details><h2 class=\"wp-block-heading\" id=\"h-flashcard-20\" style=\"font-style:normal;font-weight:500;text-decoration:underline\"><span class=\"ez-toc-section\" id=\"Flashcard-20\"><\/span>Flashcard 20<span class=\"ez-toc-section-end\"><\/span><\/h2><h3 class=\"wp-block-heading\" id=\"h-o-que-caracteriza-o-grupo-a\" style=\"font-style:normal;font-weight:500\">O que caracteriza o Grupo A?<\/h3><details class=\"wp-block-details has-medium-font-size is-layout-flow wp-block-details-is-layout-flow\" style=\"font-style:normal;font-weight:500\"><summary>Resposta<\/summary>\n<p><\/p>\n\n\n\n<h4 class=\"wp-block-heading\" id=\"h-sem-sinais-de-alarme-comorbidades-ou-condicoes-clinicas-especiais\" style=\"font-style:normal;font-weight:400\">Sem sinais de alarme, comorbidades ou condi&ccedil;&otilde;es cl&iacute;nicas especiais.<\/h4>\n\n\n\n<figure class=\"wp-block-image size-full\"><img decoding=\"async\" width=\"701\" height=\"583\" src=\"https:\/\/med.estrategia.com\/portal\/wp-content\/uploads\/2024\/06\/image-23.png\" alt=\"\" class=\"wp-image-64636\"><\/figure>\n\n\n\n<p><\/p>\n<\/details><h2 class=\"wp-block-heading\" id=\"h-flashcard-21\" style=\"font-style:normal;font-weight:500;text-decoration:underline\"><span class=\"ez-toc-section\" id=\"Flashcard-21\"><\/span>Flashcard 21<span class=\"ez-toc-section-end\"><\/span><\/h2><h3 class=\"wp-block-heading\" id=\"h-o-que-caracteriza-o-grupo-b\" style=\"font-style:normal;font-weight:500\">O que caracteriza o Grupo B?<\/h3><details class=\"wp-block-details has-medium-font-size is-layout-flow wp-block-details-is-layout-flow\" style=\"font-style:normal;font-weight:500\"><summary>Resposta<\/summary>\n<p><\/p>\n\n\n\n<h4 class=\"wp-block-heading\" id=\"h-sem-sinais-de-alarme-mas-com-sangramento-espontaneo-de-pele-ou-comorbidades-grupo-de-risco-ou-condicoes-clinicas-especiais\" style=\"font-style:normal;font-weight:400\">Sem sinais de alarme, mas com sangramento espont&acirc;neo de pele ou comorbidades, grupo de risco ou condi&ccedil;&otilde;es cl&iacute;nicas especiais.<\/h4>\n\n\n\n<figure class=\"wp-block-image size-full\"><img decoding=\"async\" width=\"701\" height=\"583\" src=\"https:\/\/med.estrategia.com\/portal\/wp-content\/uploads\/2024\/06\/image-24.png\" alt=\"\" class=\"wp-image-64637\"><\/figure>\n<\/details><p><\/p><h2 class=\"wp-block-heading\" id=\"h-flashcard-22\" style=\"font-style:normal;font-weight:500;text-decoration:underline\"><span class=\"ez-toc-section\" id=\"Flashcard-22\"><\/span>Flashcard 22<span class=\"ez-toc-section-end\"><\/span><\/h2><h3 class=\"wp-block-heading\" id=\"h-o-que-caracteriza-o-grupo-c\" style=\"font-style:normal;font-weight:500\">O que caracteriza o Grupo C?<\/h3><details class=\"wp-block-details has-medium-font-size is-layout-flow wp-block-details-is-layout-flow\" style=\"font-style:normal;font-weight:500\"><summary>Resposta<\/summary>\n<p><\/p>\n\n\n\n<h4 class=\"wp-block-heading\" id=\"h-com-sinais-de-alarme-mas-sem-sinais-de-choque-sangramento-grave-ou-disfuncao-grave-de-orgaos\" style=\"font-style:normal;font-weight:400\">Com sinais de alarme, mas sem sinais de choque, sangramento grave ou disfun&ccedil;&atilde;o grave de &oacute;rg&atilde;os.<\/h4>\n\n\n\n<figure class=\"wp-block-image size-full\"><img decoding=\"async\" width=\"701\" height=\"583\" src=\"https:\/\/med.estrategia.com\/portal\/wp-content\/uploads\/2024\/06\/image-26.png\" alt=\"\" class=\"wp-image-64639\"><\/figure>\n<\/details><h2 class=\"wp-block-heading\" id=\"h-flashcard-23\" style=\"font-style:normal;font-weight:500;text-decoration:underline\"><span class=\"ez-toc-section\" id=\"Flashcard-23\"><\/span>Flashcard 23<span class=\"ez-toc-section-end\"><\/span><\/h2><h3 class=\"wp-block-heading\" id=\"h-o-que-caracteriza-o-grupo-d\" style=\"font-style:normal;font-weight:500\">O que caracteriza o Grupo D?<\/h3><details class=\"wp-block-details has-medium-font-size is-layout-flow wp-block-details-is-layout-flow\" style=\"font-style:normal;font-weight:500\"><summary>Resposta<\/summary>\n<p><\/p>\n\n\n\n<h4 class=\"wp-block-heading\" id=\"h-dengue-grave-com-sinais-de-choque-sangramento-grave-ou-disfuncao-grave-de-orgaos\" style=\"font-style:normal;font-weight:400\">Dengue grave com sinais de choque, sangramento grave ou disfun&ccedil;&atilde;o grave de &oacute;rg&atilde;os.<\/h4>\n\n\n\n<figure class=\"wp-block-image size-full\"><img decoding=\"async\" width=\"701\" height=\"583\" src=\"https:\/\/med.estrategia.com\/portal\/wp-content\/uploads\/2024\/06\/image-25.png\" alt=\"\" class=\"wp-image-64638\"><\/figure>\n<\/details><h2 class=\"wp-block-heading\" id=\"h-flashcard-24\" style=\"font-style:normal;font-weight:500;text-decoration:underline\"><span class=\"ez-toc-section\" id=\"Flashcard-24\"><\/span>Flashcard 24<span class=\"ez-toc-section-end\"><\/span><\/h2><h3 class=\"wp-block-heading\" id=\"h-como-deve-ser-realizada-a-hidratacao-para-pacientes-dos-grupos-a-e-b\" style=\"font-style:normal;font-weight:500\">Como deve ser realizada a hidrata&ccedil;&atilde;o para pacientes dos grupos A e B?<\/h3><details class=\"wp-block-details has-medium-font-size is-layout-flow wp-block-details-is-layout-flow\" style=\"font-style:normal;font-weight:500\"><summary>Resposta<\/summary>\n<p><\/p>\n\n\n\n<h4 class=\"wp-block-heading\" id=\"h-por-via-oral-com-60-ml-kg-dia-sendo-1-3-de-solucao-salina-e-2-3-de-outros-liquidos\" style=\"font-style:normal;font-weight:400\">Por via oral, com 60 ml\/kg\/dia, sendo 1\/3 de solu&ccedil;&atilde;o salina e 2\/3 de outros l&iacute;quidos.<\/h4>\n\n\n\n<figure class=\"wp-block-image size-full\"><img decoding=\"async\" width=\"868\" height=\"439\" src=\"https:\/\/med.estrategia.com\/portal\/wp-content\/uploads\/2024\/06\/image-27.png\" alt=\"\" class=\"wp-image-64640\" srcset=\"https:\/\/med.estrategia.com\/portal\/wp-content\/uploads\/2024\/06\/image-27.png 868w, https:\/\/med.estrategia.com\/portal\/wp-content\/uploads\/2024\/06\/image-27-768x388.png 768w, https:\/\/med.estrategia.com\/portal\/wp-content\/uploads\/2024\/06\/image-27-800x405.png 800w\" sizes=\"(max-width: 868px) 100vw, 868px\" \/><\/figure>\n<\/details><h2 class=\"wp-block-heading\" id=\"h-flashcard-25\" style=\"font-style:normal;font-weight:500;text-decoration:underline\"><span class=\"ez-toc-section\" id=\"Flashcard-25\"><\/span>Flashcard 25<span class=\"ez-toc-section-end\"><\/span><\/h2><h3 class=\"wp-block-heading\" id=\"h-como-deve-ser-realizada-a-hidratacao-para-pacientes-dos-grupos-c-e-d\" style=\"font-style:normal;font-weight:500\">Como deve ser realizada a hidrata&ccedil;&atilde;o para pacientes dos grupos C e D?<\/h3><details class=\"wp-block-details has-medium-font-size is-layout-flow wp-block-details-is-layout-flow\" style=\"font-style:normal;font-weight:500\"><summary>Resposta<\/summary>\n<p><\/p>\n\n\n\n<h4 class=\"wp-block-heading\" id=\"h-por-via-parenteral-com-10-ml-kg-iv-em-1-hora-c-ou-20-ml-kg-iv-em-20-minutos-d\" style=\"font-style:normal;font-weight:400\"> Por via parenteral, com 10 ml\/kg IV em 1 hora (C) ou 20 ml\/kg IV em 20 minutos (D).<\/h4>\n\n\n\n<figure class=\"wp-block-image size-full\"><img decoding=\"async\" width=\"868\" height=\"439\" src=\"https:\/\/med.estrategia.com\/portal\/wp-content\/uploads\/2024\/06\/image-28.png\" alt=\"\" class=\"wp-image-64641\" srcset=\"https:\/\/med.estrategia.com\/portal\/wp-content\/uploads\/2024\/06\/image-28.png 868w, https:\/\/med.estrategia.com\/portal\/wp-content\/uploads\/2024\/06\/image-28-768x388.png 768w, https:\/\/med.estrategia.com\/portal\/wp-content\/uploads\/2024\/06\/image-28-800x405.png 800w\" sizes=\"(max-width: 868px) 100vw, 868px\" \/><\/figure>\n<\/details><h2 class=\"wp-block-heading\" id=\"h-flashcard-26\" style=\"font-style:normal;font-weight:500;text-decoration:underline\"><span class=\"ez-toc-section\" id=\"Flashcard-26\"><\/span>Flashcard 26<span class=\"ez-toc-section-end\"><\/span><\/h2><h3 class=\"wp-block-heading\" id=\"h-quais-tratamentos-sao-contraindicados-na-dengue\" style=\"font-style:normal;font-weight:500\">Quais tratamentos s&atilde;o contraindicados na dengue?<\/h3><details class=\"wp-block-details has-medium-font-size is-layout-flow wp-block-details-is-layout-flow\" style=\"font-style:normal;font-weight:500\"><summary>Resposta<\/summary>\n<p><\/p>\n\n\n\n<h4 class=\"wp-block-heading\" id=\"h-salicilatos-aspirina-e-anti-inflamatorios-nao-esteroidais-como-cetoprofeno-ibuprofeno-e-nimesulida-por-terem-potencial-hemorragico\" style=\"font-style:normal;font-weight:400\">Salicilatos (Aspirina) e anti-inflamat&oacute;rios n&atilde;o esteroidais como Cetoprofeno, Ibuprofeno e Nimesulida por terem potencial hemorr&aacute;gico.<\/h4>\n<\/details><h2 class=\"wp-block-heading\" id=\"h-flashcard-27\" style=\"font-style:normal;font-weight:500;text-decoration:underline\"><span class=\"ez-toc-section\" id=\"Flashcard-27\"><\/span>Flashcard 27<span class=\"ez-toc-section-end\"><\/span><\/h2><h3 class=\"wp-block-heading\" id=\"h-cite-5-fatores-de-risco-para-dengue\" style=\"font-style:normal;font-weight:500\">Cite 5 fatores de risco para dengue? <\/h3><details class=\"wp-block-details has-medium-font-size is-layout-flow wp-block-details-is-layout-flow\" style=\"font-style:normal;font-weight:500\"><summary>Resposta<\/summary>\n<p><\/p>\n\n\n\n<h4 class=\"wp-block-heading\" id=\"h-idade-lt-2-anos-ou-gt-65-anos\" style=\"font-style:normal;font-weight:400\">Idade &lt; 2 anos ou &gt; 65 anos;<\/h4>\n\n\n\n<h4 class=\"wp-block-heading\" id=\"h-gestantes\" style=\"font-style:normal;font-weight:400\">Gestantes;<\/h4>\n\n\n\n<h4 class=\"wp-block-heading\" id=\"h-hipertensao-arterial-sistemica-ou-doencas-cardiovasculares-graves\" style=\"font-style:normal;font-weight:400\">Hipertens&atilde;o arterial sist&ecirc;mica ou doen&ccedil;as cardiovasculares graves;<\/h4>\n\n\n\n<h4 class=\"wp-block-heading\" id=\"h-diabetes-mellitus\" style=\"font-style:normal;font-weight:400\">Diabetes mellitus;<\/h4>\n\n\n\n<h4 class=\"wp-block-heading\" id=\"h-doenca-pulmonar-obstrutiva-cronica\" style=\"font-style:normal;font-weight:400\">Doen&ccedil;a pulmonar obstrutiva cr&ocirc;nica;<\/h4>\n\n\n\n<h4 class=\"wp-block-heading\" id=\"h-doenca-renal-cronica\" style=\"font-style:normal;font-weight:400\">Doen&ccedil;a renal cr&ocirc;nica;<\/h4>\n\n\n\n<h4 class=\"wp-block-heading\" id=\"h-hepatopatias-e\" style=\"font-style:normal;font-weight:400\">Hepatopatias; e <\/h4>\n\n\n\n<h4 class=\"wp-block-heading\" id=\"h-doencas-autoimunes\" style=\"font-style:normal;font-weight:400\">Doen&ccedil;as autoimunes.<\/h4>\n<\/details><h2 class=\"wp-block-heading\" id=\"h-flashcard-28\" style=\"font-style:normal;font-weight:500;text-decoration:underline\"><span class=\"ez-toc-section\" id=\"Flashcard-28\"><\/span>Flashcard 28<span class=\"ez-toc-section-end\"><\/span><\/h2><h3 class=\"wp-block-heading\" id=\"h-como-e-feita-a-prova-do-laco\" style=\"font-style:normal;font-weight:500\">Como &eacute; feita a prova do la&ccedil;o? <\/h3><details class=\"wp-block-details has-medium-font-size is-layout-flow wp-block-details-is-layout-flow\" style=\"font-style:normal;font-weight:500\"><summary>Resposta<\/summary>\n<p><\/p>\n\n\n\n<h4 class=\"wp-block-heading\" id=\"h-1-verificar-a-pressao-arterial-sistolica-pas-e-diastolica-pad-e-calcular-o-valor-medio-pela-formula-pas-pad-2\" style=\"font-style:normal;font-weight:400\">1. Verificar a press&atilde;o arterial sist&oacute;lica (PAS) e diast&oacute;lica (PAD) e calcular o valor m&eacute;dio pela f&oacute;rmula (PAS + PAD)\/2. <\/h4>\n\n\n\n<h4 class=\"wp-block-heading\" id=\"h-2-insuflar-o-manguito-ate-o-valor-medio-e-manter-durante-cinco-minutos-em-adultos-e-tres-minutos-em-criancas\" style=\"font-style:normal;font-weight:400\">2. Insuflar o manguito at&eacute; o valor m&eacute;dio e manter durante cinco minutos em adultos e tr&ecirc;s minutos em crian&ccedil;as. <\/h4>\n\n\n\n<h4 class=\"wp-block-heading\" id=\"h-3-desenhar-um-quadrado-com-2-5-cm-de-lado-no-antebraco-e-contar-o-numero-de-petequias-formadas-em-seu-interior\" style=\"font-style:normal;font-weight:400\">3. Desenhar um quadrado com 2,5 cm de lado no antebra&ccedil;o e contar o n&uacute;mero de pet&eacute;quias formadas em seu interior.<\/h4>\n\n\n\n<figure class=\"wp-block-image size-full\"><img decoding=\"async\" width=\"570\" height=\"399\" src=\"https:\/\/med.estrategia.com\/portal\/wp-content\/uploads\/2024\/06\/image-31.png\" alt=\"\" class=\"wp-image-64644\"><\/figure>\n<\/details><h2 class=\"wp-block-heading\" id=\"h-flashcard-29\" style=\"font-style:normal;font-weight:500;text-decoration:underline\"><span class=\"ez-toc-section\" id=\"Flashcard-29\"><\/span>Flashcard 29<span class=\"ez-toc-section-end\"><\/span><\/h2><h3 class=\"wp-block-heading\" id=\"h-quando-a-prova-do-laco-e-positiva-em-adultos\" style=\"font-style:normal;font-weight:500\">Quando a prova do la&ccedil;o &eacute; positiva em adultos? <\/h3><details class=\"wp-block-details has-medium-font-size is-layout-flow wp-block-details-is-layout-flow\" style=\"font-style:normal;font-weight:500\"><summary>Resposta<\/summary>\n<p><\/p>\n\n\n\n<h4 class=\"wp-block-heading\" id=\"h-a-prova-sera-positiva-se-houver-20-ou-mais-petequias-em-adultos\" style=\"font-style:normal;font-weight:400\">A prova ser&aacute; positiva se houver 20 ou mais pet&eacute;quias em adultos.<\/h4>\n\n\n\n<figure class=\"wp-block-image size-full\"><img decoding=\"async\" width=\"570\" height=\"399\" src=\"https:\/\/med.estrategia.com\/portal\/wp-content\/uploads\/2024\/06\/image-29.png\" alt=\"\" class=\"wp-image-64642\"><\/figure>\n<\/details><h2 class=\"wp-block-heading\" id=\"h-flashcard-30\" style=\"font-style:normal;font-weight:500;text-decoration:underline\"><span class=\"ez-toc-section\" id=\"Flashcard-30\"><\/span>Flashcard 30<span class=\"ez-toc-section-end\"><\/span><\/h2><h3 class=\"wp-block-heading\" id=\"h-como-e-feita-a-vacinacao-contra-a-dengue\" style=\"font-style:normal;font-weight:500\">Como &eacute; feita a vacina&ccedil;&atilde;o contra a dengue?<\/h3><details class=\"wp-block-details has-medium-font-size is-layout-flow wp-block-details-is-layout-flow\" style=\"font-style:normal;font-weight:500\"><summary>Resposta<\/summary>\n<p><\/p>\n\n\n\n<h4 class=\"wp-block-heading\" id=\"h-sao-duas-doses-via-subcutanea-com-intervalo-de-3-meses-entre-elas-uso-permitido-entre-4-60-anos\" style=\"font-style:normal;font-weight:400\">S&atilde;o duas doses via subcut&acirc;nea com intervalo de 3 meses entre elas. Uso permitido entre 4-60 anos.<\/h4>\n<\/details><p><\/p><h4 class=\"wp-block-heading\" id=\"h-venha-fazer-parte-da-maior-plataforma-de-medicina-do-brasil-o-estrategia-med-possui-os-materiais-mais-atualizados-e-cursos-ministrados-por-especialistas-na-area-nao-perca-a-oportunidade-de-elevar-seus-estudos-inscreva-se-agora-e-comece-a-construir-um-caminho-de-excelencia-na-medicina-nbsp\" style=\"font-style:normal;font-weight:400\">Venha fazer parte da <strong>maior plataforma de Medicina do Brasil<\/strong>! O Estrategia MED possui os materiais mais atualizados e cursos ministrados por especialistas na &aacute;rea. <strong>N&atilde;o perca a oportunidade de elevar seus estudos,<\/strong> <strong>inscreva-se agora<\/strong> e comece a construir um caminho de excel&ecirc;ncia na medicina!&nbsp;<\/h4><h2 class=\"wp-block-heading\"><span class=\"ez-toc-section\" id=\"Veja-Tambem\"><\/span>Veja Tamb&eacute;m<span class=\"ez-toc-section-end\"><\/span><\/h2><ul class=\"wp-block-list\">\n<li><a href=\"https:\/\/med.estrategia.com\/portal\/flashcards\/flashcards-de-abortamento\/\">Flashcards de Abortamento<\/a><\/li>\n\n\n\n<li><a href=\"https:\/\/med.estrategia.com\/portal\/flashcards\/flashcards-de-cefalosporinas\/\">Flashcards de Cefalosporinas<\/a><\/li>\n\n\n\n<li><a href=\"https:\/\/med.estrategia.com\/portal\/flashcards\/flashcards-de-bronquiolite-aguda\/\">Flashcards de Bronquiolite Aguda<\/a><\/li>\n\n\n\n<li><a href=\"https:\/\/med.estrategia.com\/portal\/flashcards\/flashcards-de-apendicite-aguda\/\">Flashcards de Apendicite Aguda<\/a><\/li>\n\n\n\n<li><a href=\"https:\/\/med.estrategia.com\/portal\/flashcards\/flashcards-de-anemia-ferropriva\/\">Flashcards de Anemia Ferropriva<\/a><\/li>\n\n\n\n<li><a href=\"https:\/\/med.estrategia.com\/portal\/flashcards\/flashcards-de-derrame-pleural\/\">Flashcards de Derrame Pleural<\/a><\/li>\n\n\n\n<li><a href=\"https:\/\/med.estrategia.com\/portal\/flashcards\/flashcards-de-leishmaniose-tegumentar\/\">Flashcards de Leishmaniose Tegumentar<\/a><\/li>\n\n\n\n<li><a href=\"https:\/\/med.estrategia.com\/portal\/flashcards\/flashcards-de-pancreatite-aguda\/\">Flashcards de Pancreatite Aguda<\/a><\/li>\n<\/ul><h2 class=\"wp-block-heading\"><span class=\"ez-toc-section\" id=\"Referencias-Bibliograficas\"><\/span>Refer&ecirc;ncias Bibliogr&aacute;ficas&nbsp;<span class=\"ez-toc-section-end\"><\/span><\/h2><ol class=\"wp-block-list\">\n<li>PROF. S&Eacute;RGIO, B. <strong>Arboviroses<\/strong>. (Estrat&eacute;gia MED), 2023.<\/li>\n<\/ol><\/p>\n","protected":false},"excerpt":{"rendered":"Ol&aacute;, querido doutor e doutora! A dengue &eacute; uma doen&ccedil;a infecciosa viral transmitida principalmente pelo mosquito Aedes aegypti.&hellip;\n","protected":false},"author":46,"featured_media":64646,"comment_status":"closed","ping_status":"closed","sticky":false,"template":"","format":"standard","meta":{"wl_entities_gutenberg":"","footnotes":""},"categories":[827],"tags":[705,828],"wl_entity_type":[199],"class_list":{"0":"post-64625","1":"post","2":"type-post","3":"status-publish","4":"format-standard","5":"has-post-thumbnail","7":"category-flashcards","8":"tag-dengue","9":"tag-flashcards","10":"wl_entity_type-article"},"acf":[],"yoast_head":"<!-- This site is optimized with the Yoast SEO Premium plugin v26.6 (Yoast SEO v26.6) - https:\/\/yoast.com\/wordpress\/plugins\/seo\/ -->\n<title>Flashcards de Dengue<\/title>\n<meta name=\"description\" content=\"Como \u00e9 feita a vacina\u00e7\u00e3o contra a dengue? S\u00e3o duas doses via subcut\u00e2nea com intervalo de 3 meses entre elas. Uso permitido entre 4-60 anos.\" \/>\n<meta name=\"robots\" content=\"index, follow, max-snippet:-1, max-image-preview:large, max-video-preview:-1\" \/>\n<link rel=\"canonical\" href=\"https:\/\/med.estrategia.com\/portal\/flashcards\/flashcards-de-dengue\/\" \/>\n<meta property=\"og:locale\" content=\"pt_BR\" \/>\n<meta property=\"og:type\" content=\"article\" \/>\n<meta property=\"og:title\" content=\"Flashcards de Dengue\" \/>\n<meta property=\"og:description\" content=\"Como \u00e9 feita a vacina\u00e7\u00e3o contra a dengue? S\u00e3o duas doses via subcut\u00e2nea com intervalo de 3 meses entre elas. Uso permitido entre 4-60 anos.\" \/>\n<meta property=\"og:url\" content=\"https:\/\/med.estrategia.com\/portal\/flashcards\/flashcards-de-dengue\/\" \/>\n<meta property=\"og:site_name\" content=\"Estrat\u00e9gia MED\" \/>\n<meta property=\"article:publisher\" content=\"https:\/\/www.facebook.com\/estrategiamed1\" \/>\n<meta property=\"article:published_time\" content=\"2024-06-06T21:04:14+00:00\" \/>\n<meta property=\"article:modified_time\" content=\"2024-06-11T22:58:32+00:00\" \/>\n<meta property=\"og:image\" content=\"https:\/\/med.estrategia.com\/portal\/wp-content\/uploads\/2024\/06\/Capturar-1.jpg\" \/>\n\t<meta property=\"og:image:width\" content=\"824\" \/>\n\t<meta property=\"og:image:height\" content=\"306\" \/>\n\t<meta property=\"og:image:type\" content=\"image\/jpeg\" \/>\n<meta name=\"author\" content=\"Pablo Fernandes\" \/>\n<meta name=\"twitter:card\" content=\"summary_large_image\" \/>\n<meta name=\"twitter:creator\" content=\"@estrategiamed_\" \/>\n<meta name=\"twitter:site\" content=\"@estrategiamed_\" \/>\n<meta name=\"twitter:label1\" content=\"Escrito por\" \/>\n\t<meta name=\"twitter:data1\" content=\"Pablo Fernandes\" \/>\n\t<meta name=\"twitter:label2\" content=\"Est. tempo de leitura\" \/>\n\t<meta name=\"twitter:data2\" content=\"5 minutos\" \/>\n<script type=\"application\/ld+json\" class=\"yoast-schema-graph\">{\"@context\":\"https:\/\/schema.org\",\"@graph\":[{\"@type\":\"WebPage\",\"@id\":\"https:\/\/med.estrategia.com\/portal\/flashcards\/flashcards-de-dengue\/\",\"url\":\"https:\/\/med.estrategia.com\/portal\/flashcards\/flashcards-de-dengue\/\",\"name\":\"Flashcards de Dengue\",\"isPartOf\":{\"@id\":\"https:\/\/med.estrategia.com\/portal\/#website\"},\"primaryImageOfPage\":{\"@id\":\"https:\/\/med.estrategia.com\/portal\/flashcards\/flashcards-de-dengue\/#primaryimage\"},\"image\":{\"@id\":\"https:\/\/med.estrategia.com\/portal\/flashcards\/flashcards-de-dengue\/#primaryimage\"},\"thumbnailUrl\":\"https:\/\/med.estrategia.com\/portal\/wp-content\/uploads\/2024\/06\/Capturar-1.jpg\",\"datePublished\":\"2024-06-06T21:04:14+00:00\",\"dateModified\":\"2024-06-11T22:58:32+00:00\",\"author\":{\"@id\":\"https:\/\/med.estrategia.com\/portal\/#\/schema\/person\/67a72aa9c51ed5919796767d808606b4\"},\"description\":\"Como \u00e9 feita a vacina\u00e7\u00e3o contra a dengue? S\u00e3o duas doses via subcut\u00e2nea com intervalo de 3 meses entre elas. Uso permitido entre 4-60 anos.\",\"breadcrumb\":{\"@id\":\"https:\/\/med.estrategia.com\/portal\/flashcards\/flashcards-de-dengue\/#breadcrumb\"},\"inLanguage\":\"pt-BR\",\"potentialAction\":[{\"@type\":\"ReadAction\",\"target\":[\"https:\/\/med.estrategia.com\/portal\/flashcards\/flashcards-de-dengue\/\"]}]},{\"@type\":\"ImageObject\",\"inLanguage\":\"pt-BR\",\"@id\":\"https:\/\/med.estrategia.com\/portal\/flashcards\/flashcards-de-dengue\/#primaryimage\",\"url\":\"https:\/\/med.estrategia.com\/portal\/wp-content\/uploads\/2024\/06\/Capturar-1.jpg\",\"contentUrl\":\"https:\/\/med.estrategia.com\/portal\/wp-content\/uploads\/2024\/06\/Capturar-1.jpg\",\"width\":824,\"height\":306},{\"@type\":\"BreadcrumbList\",\"@id\":\"https:\/\/med.estrategia.com\/portal\/flashcards\/flashcards-de-dengue\/#breadcrumb\",\"itemListElement\":[{\"@type\":\"ListItem\",\"position\":1,\"name\":\"Home\",\"item\":\"https:\/\/med.estrategia.com\/portal\/\"},{\"@type\":\"ListItem\",\"position\":2,\"name\":\"Flashcards\",\"item\":\"https:\/\/med.estrategia.com\/portal\/flashcards\/\"},{\"@type\":\"ListItem\",\"position\":3,\"name\":\"Flashcards de Dengue\"}]},{\"@type\":\"WebSite\",\"@id\":\"https:\/\/med.estrategia.com\/portal\/#website\",\"url\":\"https:\/\/med.estrategia.com\/portal\/\",\"name\":\"Estrat\u00e9gia MED\",\"description\":\"\",\"potentialAction\":[{\"@type\":\"SearchAction\",\"target\":{\"@type\":\"EntryPoint\",\"urlTemplate\":\"https:\/\/med.estrategia.com\/portal\/?s={search_term_string}\"},\"query-input\":{\"@type\":\"PropertyValueSpecification\",\"valueRequired\":true,\"valueName\":\"search_term_string\"}}],\"inLanguage\":\"pt-BR\"},{\"@type\":\"Person\",\"@id\":\"https:\/\/med.estrategia.com\/portal\/#\/schema\/person\/67a72aa9c51ed5919796767d808606b4\",\"name\":\"Pablo Fernandes\",\"image\":{\"@type\":\"ImageObject\",\"inLanguage\":\"pt-BR\",\"@id\":\"https:\/\/med.estrategia.com\/portal\/#\/schema\/person\/image\/\",\"url\":\"https:\/\/med.estrategia.com\/portal\/wp-content\/uploads\/2025\/07\/DSC_0059-1-150x150.jpg\",\"contentUrl\":\"https:\/\/med.estrategia.com\/portal\/wp-content\/uploads\/2025\/07\/DSC_0059-1-150x150.jpg\",\"caption\":\"Pablo Fernandes\"},\"description\":\"R1 em Medicina de Fam\u00edlia e Comunidade, mineiro e apaixonado por Jesus.\",\"sameAs\":[\"https:\/\/www.instagram.com\/pablowiil\/\"],\"url\":\"https:\/\/med.estrategia.com\/portal\/author\/pablo-souza\/\"}]}<\/script>\n<!-- \/ Yoast SEO Premium plugin. -->","yoast_head_json":{"title":"Flashcards de Dengue","description":"Como \u00e9 feita a vacina\u00e7\u00e3o contra a dengue? S\u00e3o duas doses via subcut\u00e2nea com intervalo de 3 meses entre elas. Uso permitido entre 4-60 anos.","robots":{"index":"index","follow":"follow","max-snippet":"max-snippet:-1","max-image-preview":"max-image-preview:large","max-video-preview":"max-video-preview:-1"},"canonical":"https:\/\/med.estrategia.com\/portal\/flashcards\/flashcards-de-dengue\/","og_locale":"pt_BR","og_type":"article","og_title":"Flashcards de Dengue","og_description":"Como \u00e9 feita a vacina\u00e7\u00e3o contra a dengue? S\u00e3o duas doses via subcut\u00e2nea com intervalo de 3 meses entre elas. Uso permitido entre 4-60 anos.","og_url":"https:\/\/med.estrategia.com\/portal\/flashcards\/flashcards-de-dengue\/","og_site_name":"Estrat\u00e9gia MED","article_publisher":"https:\/\/www.facebook.com\/estrategiamed1","article_published_time":"2024-06-06T21:04:14+00:00","article_modified_time":"2024-06-11T22:58:32+00:00","og_image":[{"width":824,"height":306,"url":"https:\/\/med.estrategia.com\/portal\/wp-content\/uploads\/2024\/06\/Capturar-1.jpg","type":"image\/jpeg"}],"author":"Pablo Fernandes","twitter_card":"summary_large_image","twitter_creator":"@estrategiamed_","twitter_site":"@estrategiamed_","twitter_misc":{"Escrito por":"Pablo Fernandes","Est. tempo de leitura":"5 minutos"},"schema":{"@context":"https:\/\/schema.org","@graph":[{"@type":"WebPage","@id":"https:\/\/med.estrategia.com\/portal\/flashcards\/flashcards-de-dengue\/","url":"https:\/\/med.estrategia.com\/portal\/flashcards\/flashcards-de-dengue\/","name":"Flashcards de Dengue","isPartOf":{"@id":"https:\/\/med.estrategia.com\/portal\/#website"},"primaryImageOfPage":{"@id":"https:\/\/med.estrategia.com\/portal\/flashcards\/flashcards-de-dengue\/#primaryimage"},"image":{"@id":"https:\/\/med.estrategia.com\/portal\/flashcards\/flashcards-de-dengue\/#primaryimage"},"thumbnailUrl":"https:\/\/med.estrategia.com\/portal\/wp-content\/uploads\/2024\/06\/Capturar-1.jpg","datePublished":"2024-06-06T21:04:14+00:00","dateModified":"2024-06-11T22:58:32+00:00","author":{"@id":"https:\/\/med.estrategia.com\/portal\/#\/schema\/person\/67a72aa9c51ed5919796767d808606b4"},"description":"Como \u00e9 feita a vacina\u00e7\u00e3o contra a dengue? S\u00e3o duas doses via subcut\u00e2nea com intervalo de 3 meses entre elas. Uso permitido entre 4-60 anos.","breadcrumb":{"@id":"https:\/\/med.estrategia.com\/portal\/flashcards\/flashcards-de-dengue\/#breadcrumb"},"inLanguage":"pt-BR","potentialAction":[{"@type":"ReadAction","target":["https:\/\/med.estrategia.com\/portal\/flashcards\/flashcards-de-dengue\/"]}]},{"@type":"ImageObject","inLanguage":"pt-BR","@id":"https:\/\/med.estrategia.com\/portal\/flashcards\/flashcards-de-dengue\/#primaryimage","url":"https:\/\/med.estrategia.com\/portal\/wp-content\/uploads\/2024\/06\/Capturar-1.jpg","contentUrl":"https:\/\/med.estrategia.com\/portal\/wp-content\/uploads\/2024\/06\/Capturar-1.jpg","width":824,"height":306},{"@type":"BreadcrumbList","@id":"https:\/\/med.estrategia.com\/portal\/flashcards\/flashcards-de-dengue\/#breadcrumb","itemListElement":[{"@type":"ListItem","position":1,"name":"Home","item":"https:\/\/med.estrategia.com\/portal\/"},{"@type":"ListItem","position":2,"name":"Flashcards","item":"https:\/\/med.estrategia.com\/portal\/flashcards\/"},{"@type":"ListItem","position":3,"name":"Flashcards de Dengue"}]},{"@type":"WebSite","@id":"https:\/\/med.estrategia.com\/portal\/#website","url":"https:\/\/med.estrategia.com\/portal\/","name":"Estrat\u00e9gia MED","description":"","potentialAction":[{"@type":"SearchAction","target":{"@type":"EntryPoint","urlTemplate":"https:\/\/med.estrategia.com\/portal\/?s={search_term_string}"},"query-input":{"@type":"PropertyValueSpecification","valueRequired":true,"valueName":"search_term_string"}}],"inLanguage":"pt-BR"},{"@type":"Person","@id":"https:\/\/med.estrategia.com\/portal\/#\/schema\/person\/67a72aa9c51ed5919796767d808606b4","name":"Pablo Fernandes","image":{"@type":"ImageObject","inLanguage":"pt-BR","@id":"https:\/\/med.estrategia.com\/portal\/#\/schema\/person\/image\/","url":"https:\/\/med.estrategia.com\/portal\/wp-content\/uploads\/2025\/07\/DSC_0059-1-150x150.jpg","contentUrl":"https:\/\/med.estrategia.com\/portal\/wp-content\/uploads\/2025\/07\/DSC_0059-1-150x150.jpg","caption":"Pablo Fernandes"},"description":"R1 em Medicina de Fam\u00edlia e Comunidade, mineiro e apaixonado por Jesus.","sameAs":["https:\/\/www.instagram.com\/pablowiil\/"],"url":"https:\/\/med.estrategia.com\/portal\/author\/pablo-souza\/"}]}},"_wl_alt_label":[],"wl:entity_url":"\/post\/flashcards-de-dengue","_links":{"self":[{"href":"https:\/\/med.estrategia.com\/portal\/wp-json\/wp\/v2\/posts\/64625","targetHints":{"allow":["GET"]}}],"collection":[{"href":"https:\/\/med.estrategia.com\/portal\/wp-json\/wp\/v2\/posts"}],"about":[{"href":"https:\/\/med.estrategia.com\/portal\/wp-json\/wp\/v2\/types\/post"}],"author":[{"embeddable":true,"href":"https:\/\/med.estrategia.com\/portal\/wp-json\/wp\/v2\/users\/46"}],"replies":[{"embeddable":true,"href":"https:\/\/med.estrategia.com\/portal\/wp-json\/wp\/v2\/comments?post=64625"}],"version-history":[{"count":3,"href":"https:\/\/med.estrategia.com\/portal\/wp-json\/wp\/v2\/posts\/64625\/revisions"}],"predecessor-version":[{"id":64782,"href":"https:\/\/med.estrategia.com\/portal\/wp-json\/wp\/v2\/posts\/64625\/revisions\/64782"}],"wp:featuredmedia":[{"embeddable":true,"href":"https:\/\/med.estrategia.com\/portal\/wp-json\/wp\/v2\/media\/64646"}],"wp:attachment":[{"href":"https:\/\/med.estrategia.com\/portal\/wp-json\/wp\/v2\/media?parent=64625"}],"wp:term":[{"taxonomy":"category","embeddable":true,"href":"https:\/\/med.estrategia.com\/portal\/wp-json\/wp\/v2\/categories?post=64625"},{"taxonomy":"post_tag","embeddable":true,"href":"https:\/\/med.estrategia.com\/portal\/wp-json\/wp\/v2\/tags?post=64625"},{"taxonomy":"wl_entity_type","embeddable":true,"href":"https:\/\/med.estrategia.com\/portal\/wp-json\/wp\/v2\/wl_entity_type?post=64625"}],"curies":[{"name":"wp","href":"https:\/\/api.w.org\/{rel}","templated":true}]}}