{"id":65704,"date":"2024-07-02T15:11:17","date_gmt":"2024-07-02T18:11:17","guid":{"rendered":"https:\/\/med.estrategia.com\/portal\/?p=65704"},"modified":"2024-08-05T11:43:45","modified_gmt":"2024-08-05T14:43:45","slug":"como-e-a-residencia-de-medicina-de-familia-e-comunidade-na-unifesp","status":"publish","type":"post","link":"https:\/\/med.estrategia.com\/portal\/residencia-medica\/como-e-a-residencia-de-medicina-de-familia-e-comunidade-na-unifesp\/","title":{"rendered":"Como \u00e9 a resid\u00eancia de Medicina de Fam\u00edlia e Comunidade na UNIFESP"},"content":{"rendered":"<p>A resid&ecirc;ncia em<strong> Medicina de Fam&iacute;lia e Comunidade (MFC) da Universidade Federal de S&atilde;o Paulo (UNIFESP) <\/strong>oferece uma forma&ccedil;&atilde;o diferenciada, com oportunidades para discuss&atilde;o aprofundada de casos cl&iacute;nicos com preceptores, uma variedade de est&aacute;gios e ambulat&oacute;rios, al&eacute;m de uma forte<strong> &ecirc;nfase na aten&ccedil;&atilde;o prim&aacute;ria, sa&uacute;de suplementar, gest&atilde;o e ensino<\/strong>. Quer saber mais sobre como funciona a resid&ecirc;ncia em MFC da UNIFESP? Continue lendo e descubra os detalhes deste programa!<div id=\"ez-toc-container\" class=\"ez-toc-v2_0_79_2 counter-hierarchy ez-toc-counter ez-toc-transparent ez-toc-container-direction\">\n<div class=\"ez-toc-title-container\"><p class=\"ez-toc-title\" style=\"cursor:inherit\">Navegue pelo conte\u00fado<\/p>\n<\/div><nav><ul class='ez-toc-list ez-toc-list-level-1 ' ><li class='ez-toc-page-1 ez-toc-heading-level-2'><a class=\"ez-toc-link ez-toc-heading-1\" href=\"https:\/\/med.estrategia.com\/portal\/residencia-medica\/como-e-a-residencia-de-medicina-de-familia-e-comunidade-na-unifesp\/#A-residencia-em-Medicina-de-Familia-e-Comunidade-na-UNIFESP\" >A resid&ecirc;ncia em Medicina de Fam&iacute;lia e Comunidade na UNIFESP<\/a><ul class='ez-toc-list-level-3' ><li class='ez-toc-heading-level-3'><a class=\"ez-toc-link ez-toc-heading-2\" href=\"https:\/\/med.estrategia.com\/portal\/residencia-medica\/como-e-a-residencia-de-medicina-de-familia-e-comunidade-na-unifesp\/#Inscreva-se-em-nossa-newsletter\" >Inscreva-se em nossa newsletter!<\/a><\/li><li class='ez-toc-page-1 ez-toc-heading-level-3'><a class=\"ez-toc-link ez-toc-heading-3\" href=\"https:\/\/med.estrategia.com\/portal\/residencia-medica\/como-e-a-residencia-de-medicina-de-familia-e-comunidade-na-unifesp\/#Estrutura-do-programa\" >Estrutura do programa<\/a><\/li><li class='ez-toc-page-1 ez-toc-heading-level-3'><a class=\"ez-toc-link ez-toc-heading-4\" href=\"https:\/\/med.estrategia.com\/portal\/residencia-medica\/como-e-a-residencia-de-medicina-de-familia-e-comunidade-na-unifesp\/#Rotina-no-R1\" >Rotina no R1<\/a><\/li><li class='ez-toc-page-1 ez-toc-heading-level-3'><a class=\"ez-toc-link ez-toc-heading-5\" href=\"https:\/\/med.estrategia.com\/portal\/residencia-medica\/como-e-a-residencia-de-medicina-de-familia-e-comunidade-na-unifesp\/#Rotina-no-R2\" >Rotina no R2<\/a><\/li><li class='ez-toc-page-1 ez-toc-heading-level-3'><a class=\"ez-toc-link ez-toc-heading-6\" href=\"https:\/\/med.estrategia.com\/portal\/residencia-medica\/como-e-a-residencia-de-medicina-de-familia-e-comunidade-na-unifesp\/#Carga-horaria-e-parte-teorica\" >Carga hor&aacute;ria e parte te&oacute;rica<\/a><\/li><li class='ez-toc-page-1 ez-toc-heading-level-3'><a class=\"ez-toc-link ez-toc-heading-7\" href=\"https:\/\/med.estrategia.com\/portal\/residencia-medica\/como-e-a-residencia-de-medicina-de-familia-e-comunidade-na-unifesp\/#Mercado-de-trabalho\" >Mercado de trabalho<\/a><\/li><\/ul><\/li><\/ul><\/nav><\/div>\n<h2 class=\"wp-block-heading\" id=\"h-a-residencia-em-medicina-de-familia-e-comunidade-na-unifesp\"><span class=\"ez-toc-section\" id=\"A-residencia-em-Medicina-de-Familia-e-Comunidade-na-UNIFESP\"><\/span>A resid&ecirc;ncia em Medicina de Fam&iacute;lia e Comunidade na UNIFESP<span class=\"ez-toc-section-end\"><\/span><\/h2><p>Para entendermos melhor como funciona o programa de <a href=\"https:\/\/med.estrategia.com\/portal\/residencia-medica\/especialidades\/medicina-da-familia-e-comunidade\/\" target=\"_blank\">Medicina de Fam&iacute;lia e Comunidade<\/a> na UNIFESP, o Estrat&eacute;gia MED conversou com <strong>Victor Raphael, residente do primeiro ano da especialidade<\/strong>. Segundo ele, a resid&ecirc;ncia ocorre em <strong>seis unidades distribu&iacute;das pela cidade de S&atilde;o Paulo<\/strong>, quatro na zona sul e duas na zona leste. As atividades s&atilde;o divididas entre unidades b&aacute;sicas de sa&uacute;de e ambulat&oacute;rios parceiros, como o Hospital S&atilde;o Paulo.<\/p><p>Para Victor, o programa de MFC ofertado pela UNIFESP oferece uma <strong>vis&atilde;o abrangente dos diferentes contextos epidemiol&oacute;gicos e sociais<\/strong>, passando por unidades com estrat&eacute;gias variadas, desde equipes de Sa&uacute;de da Fam&iacute;lia at&eacute; Unidades B&aacute;sicas de Sa&uacute;de (UBS) tradicionais e AMAs integradas. Esta diversidade permite aos residentes<strong> entenderem as particularidades de cada territ&oacute;rio e se adaptarem &agrave;s suas demandas<\/strong>. Victor destaca que o f&aacute;cil acesso &agrave;s unidades por transporte p&uacute;blico facilita o deslocamento e a integra&ccedil;&atilde;o entre as diferentes realidades da cidade.&nbsp;<\/p><p>\n\n\n<div id=\"new-form\">\n\t<form id=\"forms_layout\">\n\t<input type=\"hidden\" id=\"chave_de\" name=\"chave_de\" value=\"01_EMED_LEADS_TOTAIS\" \/>\n\t\t<input type=\"hidden\" id=\"mid\" name=\"mid\" value=\"515009018\" \/>\n\t\t<input type=\"hidden\" id=\"Objetivo\" name=\"Objetivo\" value=\"Medicina\" \/>\n\t\t<input type=\"hidden\" id=\"Estado_de_Origem_do_IP\" name=\"Estado_de_Origem_do_IP\"  value=\"\" \/>\n\t\t<input type=\"hidden\" id=\"Cidade_de_Origem_do_IP\" name=\"Cidade_de_Origem_do_IP\" value=\"\" \/>\n\t\t<input type=\"hidden\" id=\"Modo_de_entrada\" name=\"Modo_de_entrada\" value=\"Portal\" \/>\n\t\t<input type=\"hidden\" id=\"Pagina_Origem\" name=\"Pagina_Origem\" value=\"\" \/>\n\n\t\t<div class=\"texto\">\n\t\t\t<h3 class=\"news\"><span class=\"ez-toc-section\" id=\"Inscreva-se-em-nossa-newsletter\"><\/span>Inscreva-se em nossa newsletter!<span class=\"ez-toc-section-end\"><\/span><\/h3>\n\t\t\t<p>Receba not\u00edcias sobre resid\u00eancia m\u00e9dica, revalida\u00e7\u00e3o de diplomas e concursos m\u00e9dicos, al\u00e9m de materiais de estudo gratuitos e informa\u00e7\u00f5es relevantes do mundo da Medicina.<\/p>\n\t\t<\/div>\n\t\t<div class=\"campos\">\n\t\t\t<div class=\"first_name labels\">\n\t\t\t\t<input type=\"text\" class=\"input_labels\" id=\"first_name\" name=\"Nome_Completo\" placeholder=\"Nome\" required \/>\n\t\t\t<\/div>\n\t\t\t<div class=\"email labels\">\n\t\t\t\t<input type=\"email\" class=\"input_labels\" id=\"email\" name=\"Email\" placeholder=\"E-mail\" required \/>\n\t\t\t<\/div>\n\t\t\t<button type=\"submit\" class=\"button_layout\">\n\t\t\t\t<div id=\"lblBotao\">Inscreva-se<\/div>\n\t\t\t\t<span id=\"divSpiner\" class=\"loader\" role=\"status\" style=\"display: none;\"><\/span>\t\n\t\t\t<\/button>\n\t\t<\/div><!-- \/campos -->\n\t\t\n\t\t<label class=\"container_checkbox\">Voc\u00ea concorda com a nossa\n\t\t\t<a class=\"politics_privacy_ahref\" target=\"_blank\" href=\"https:\/\/gratis.estrategiaconcursos.com.br\/politica-de-privacidade\/\">Pol\u00edtica de Privacidade<\/a> e aceita receber informa\u00e7\u00f5es adicionais do Estrat\u00e9gia Educacional.\n\t\t\t<input id=\"checkbox_layout\" type=\"checkbox\" checked=\"checked\" required \/>\n\t\t\t<span class=\"checkbox\"><\/span>\n\t\t<\/label>\n\t\t<div id=\"msg\"><\/div>\n\t\t<div id=\"error\" class=\"error\">\n\t\t<\/div>\n\t<\/form>\n<\/div><!-- \/new-form -->\n\n\n\n<\/p><h3 class=\"wp-block-heading\" id=\"h-estrutura-do-programa\"><span class=\"ez-toc-section\" id=\"Estrutura-do-programa\"><\/span>Estrutura do programa<span class=\"ez-toc-section-end\"><\/span><\/h3><p>Durante o primeiro ano, os residentes passam dois meses em cada UBS prevista, proporcionando uma viv&ecirc;ncia rica e diversificada. Al&eacute;m disso, a UNIFESP oferece um <strong>acompanhamento pr&oacute;ximo dos preceptores<\/strong>, com <strong>turmas menores, de seis residentes por ano<\/strong>, permitindo um aprendizado aprofundado e personalizado. O modelo favorece o <strong>desenvolvimento de habilidades de comunica&ccedil;&atilde;o e a realiza&ccedil;&atilde;o de consultas de qualidade<\/strong>, essenciais na pr&aacute;tica da Medicina de Fam&iacute;lia.<\/p><p>A estrutura do programa, com per&iacute;odos divididos entre <strong>atividades na unidade e ambulat&oacute;rios<\/strong>, garante uma forma&ccedil;&atilde;o completa, atendendo &agrave;s demandas tanto de <strong>pacientes idosos quanto de crian&ccedil;as e gestantes<\/strong>.<\/p><h3 class=\"wp-block-heading\" id=\"h-rotina-no-r1\"><span class=\"ez-toc-section\" id=\"Rotina-no-R1\"><\/span>Rotina no R1<span class=\"ez-toc-section-end\"><\/span><\/h3><p>Durante o primeiro ano (R1), os residentes passam por ambulat&oacute;rios de <strong>Cirurgia Pedi&aacute;trica, dermatopediatria<\/strong>, <strong>Nutrologia Pedi&aacute;trica, sa&uacute;de familiar, diabetes, sa&uacute;de ind&iacute;gena, Ginecologia geral, obesidade<\/strong>, al&eacute;m de <strong>prontos-socorros de Cl&iacute;nica M&eacute;dica, Otorrinolaringologia, Neurologia<\/strong> e de institui&ccedil;&otilde;es especializadas, como o Instituto de Geriatria e Gerontologia.<\/p><p>A diversidade de ambulat&oacute;rios proporciona uma forma&ccedil;&atilde;o rica ao permitir que os residentes <strong>adquiram conhecimentos espec&iacute;ficos de cada especialidade<\/strong>, essenciais para o atendimento integral na aten&ccedil;&atilde;o prim&aacute;ria. Ainda, a UNIFESP com seu renomado <strong>Projeto Xingu<\/strong> oferece uma <strong>experi&ecirc;ncia &uacute;nica em sa&uacute;de ind&iacute;gena<\/strong>, valorizando a <strong>compet&ecirc;ncia cultural no atendimento aos pacientes<\/strong>.<\/p><p>A <strong>carga hor&aacute;ria<\/strong> &eacute; bem distribu&iacute;da entre as atividades nas unidades b&aacute;sicas de sa&uacute;de (UBS) e nos ambulat&oacute;rios, garantindo que os residentes possam ter uma vis&atilde;o completa e integrada da pr&aacute;tica cl&iacute;nica. No segundo m&ecirc;s de cada bloco bimestral, os residentes dividem seu tempo entre os<strong> turnos na UBS e os ambulat&oacute;rios<\/strong>, proporcionando uma rotina din&acirc;mica.<\/p><p>O contato direto com especialistas nos ambulat&oacute;rios &eacute; uma <strong>oportunidade valiosa para tirar d&uacute;vidas e aprender com profissionais de destaque<\/strong>, como os do Hospital S&atilde;o Paulo. Essa intera&ccedil;&atilde;o enriquece a forma&ccedil;&atilde;o dos residentes, tornando-os mais resolutivos e completos na pr&aacute;tica cl&iacute;nica.<\/p><h3 class=\"wp-block-heading\" id=\"h-rotina-no-r2\"><span class=\"ez-toc-section\" id=\"Rotina-no-R2\"><\/span>Rotina no R2<span class=\"ez-toc-section-end\"><\/span><\/h3><p>A rotina e as responsabilidades mudam significativamente do primeiro ano (R1) para o segundo ano (R2). No R1, n&atilde;o h&aacute; plant&otilde;es, enquanto <strong>no R2, os residentes come&ccedil;am a assumir plant&otilde;es<\/strong>, incluindo finais de semana, especialmente em &aacute;reas como Psiquiatria e Ginecologia e Obstetr&iacute;cia.&nbsp;<\/p><p>Durante o R2, os residentes passam a ter uma <strong>UBS fixa, escolhida com base na experi&ecirc;ncia pr&eacute;via e prefer&ecirc;ncia<\/strong>, o que favorece a continuidade do cuidado &ndash; longitudinalidade &ndash;&nbsp; e o <strong>fortalecimento dos v&iacute;nculos com os pacientes e a equipe<\/strong>. A perman&ecirc;ncia em uma &uacute;nica UBS ao longo do ano permite que o residente <strong>acompanhe os pacientes desde o diagn&oacute;stico at&eacute; o tratamento<\/strong>, promovendo uma experi&ecirc;ncia pr&aacute;tica e rica em diversas &aacute;reas, como a <strong>intera&ccedil;&atilde;o com agentes de sa&uacute;de, enfermeiros e gestores<\/strong>.<\/p><p>\n\n\n\n<p>Cat\u00e1logo nomeado 'SPRINT' n\u00e3o encontrado.<\/p>\n\n\n\n<\/p><p>Al&eacute;m da UBS fixa, o R2 inclui passagens por v&aacute;rios ambulat&oacute;rios especializados. Entre eles, est&atilde;o:<\/p><ul class=\"wp-block-list\">\n<li>Ginecologia geral;<\/li>\n\n\n\n<li>Mastologia;<\/li>\n\n\n\n<li>Climat&eacute;rio;<\/li>\n\n\n\n<li>Planejamento familiar;<\/li>\n\n\n\n<li>Psiquiatria infantil e geral;<\/li>\n\n\n\n<li>Atendimento &agrave; depend&ecirc;ncia qu&iacute;mica;<\/li>\n\n\n\n<li>Sa&uacute;de da popula&ccedil;&atilde;o de rua;<\/li>\n\n\n\n<li>Nefrologia;<\/li>\n\n\n\n<li>Cuidados Paliativos; e<\/li>\n\n\n\n<li>Atendimento &agrave; popula&ccedil;&atilde;o trans.&nbsp;<\/li>\n<\/ul><p>Essas experi&ecirc;ncias permitem que os residentes adquiram um conhecimento profundo em v&aacute;rias especialidades, tornando-os mais preparados para atender na aten&ccedil;&atilde;o prim&aacute;ria.<\/p><p>A divis&atilde;o do tempo entre UBS e ambulat&oacute;rios &eacute; bem organizada, geralmente com um m&ecirc;s dedicado a cada ambulat&oacute;rio, o que pode incluir turnos espec&iacute;ficos durante a semana. Al&eacute;m disso, o R2 oferece um <strong>est&aacute;gio optativo de um m&ecirc;s<\/strong>, permitindo que os residentes escolham &aacute;reas de interesse para complementar sua forma&ccedil;&atilde;o, como <strong>gest&atilde;o, sa&uacute;de ind&iacute;gena ou aten&ccedil;&atilde;o domiciliar<\/strong>.<\/p><h3 class=\"wp-block-heading\" id=\"h-carga-horaria-e-parte-teorica\"><span class=\"ez-toc-section\" id=\"Carga-horaria-e-parte-teorica\"><\/span>Carga hor&aacute;ria e parte te&oacute;rica<span class=\"ez-toc-section-end\"><\/span><\/h3><p>A resid&ecirc;ncia na UNIFESP, voltada para a parte acad&ecirc;mica, oferece uma <strong>carga hor&aacute;ria respeitada<\/strong>, permitindo que os residentes possam se organizar para atividades complementares, como <strong>plant&otilde;es fora do hor&aacute;rio da resid&ecirc;ncia<\/strong>. Como a <strong>carga hor&aacute;ria n&atilde;o ultrapassa 60 horas semanais<\/strong>, os residentes t&ecirc;m a flexibilidade para buscar complementa&ccedil;&atilde;o financeira e aprimorar sua forma&ccedil;&atilde;o.<\/p><p>A parte te&oacute;rica da resid&ecirc;ncia &eacute; igualmente completa, seguindo o curr&iacute;culo da Sociedade Brasileira de MFC. Inclui<strong> m&oacute;dulos sobre comunica&ccedil;&atilde;o cl&iacute;nica, hipertens&atilde;o, diabetes, sa&uacute;de da mulher, pr&eacute;-natal, e sa&uacute;de do idoso<\/strong>, entre outros. Os residentes tamb&eacute;m participam de <strong>atividades de educa&ccedil;&atilde;o a dist&acirc;ncia<\/strong> vinculadas &agrave; UNIFESP e &agrave; UnaSUS, al&eacute;m de <strong>grupos que discutem sa&uacute;de mental e complexidade dos casos cl&iacute;nicos<\/strong>.<\/p><p>A grade te&oacute;rica &eacute; distribu&iacute;da ao longo da semana, com <strong>segundas e quintas reservadas para aulas e discuss&otilde;es te&oacute;ricas<\/strong>, enquanto as sextas-feiras no R1 s&atilde;o dedicadas ao planejamento estrat&eacute;gico situacional, abordando territorializa&ccedil;&atilde;o e gest&atilde;o de sistemas de sa&uacute;de. No final do R2, os residentes apresentam um <strong>Trabalho de Conclus&atilde;o de Curso (TCC)<\/strong>, consolidando o aprendizado te&oacute;rico e pr&aacute;tico da resid&ecirc;ncia.<\/p><p>Como os residentes em MFC da UNIFESP n&atilde;o t&ecirc;m uma agenda t&atilde;o apertada, eles podem aproveitar mais tempo para discutir casos com seus preceptores. No in&iacute;cio, os residentes discutem condutas e esclarecem d&uacute;vidas sobre atendimentos espec&iacute;ficos. Os preceptores muitas vezes recomendam<strong> leituras adicionais, como artigos relevantes<\/strong>, para que os residentes possam aprofundar seus conhecimentos e discutir os casos com mais detalhes posteriormente.&nbsp;<\/p><h3 class=\"wp-block-heading\" id=\"h-mercado-de-trabalho\"><span class=\"ez-toc-section\" id=\"Mercado-de-trabalho\"><\/span>Mercado de trabalho<span class=\"ez-toc-section-end\"><\/span><\/h3><p>Ap&oacute;s a resid&ecirc;ncia, o mercado de trabalho &eacute; promissor. A resid&ecirc;ncia &eacute; um grande diferencial e abre muitas portas, tanto no <strong>Sistema &Uacute;nico de Sa&uacute;de (SUS)<\/strong>, em que a maioria das oportunidades est&aacute;, devido &agrave; vasta rede de unidades b&aacute;sicas de sa&uacute;de espalhadas pelo Brasil, quanto na sa&uacute;de suplementar &ndash; privada. Na sa&uacute;de suplementar, <strong>m&eacute;dicos de fam&iacute;lia s&atilde;o cada vez mais valorizados para triagem inicial<\/strong>, evitando consultas desnecess&aacute;rias com especialistas e reduzindo custos para o sistema privado.<\/p><p>Al&eacute;m da aten&ccedil;&atilde;o prim&aacute;ria e da sa&uacute;de suplementar, m&eacute;dicos de fam&iacute;lia tamb&eacute;m podem seguir <strong>carreiras em gest&atilde;o, preceptoria e ensino<\/strong>. A resid&ecirc;ncia na UNIFESP proporciona uma forma&ccedil;&atilde;o robusta e abrangente, preparando os m&eacute;dicos para diversas oportunidades de carreira.<\/p><p>No geral, a resid&ecirc;ncia em MFC na UNIFESP &eacute; <strong>muito bem avaliada pelos residentes<\/strong>, que destacam o cuidado com a forma&ccedil;&atilde;o e a aten&ccedil;&atilde;o dos preceptores. Descubra mais sobre o programa de Resid&ecirc;ncia M&eacute;dica em <strong>Medicina de Fam&iacute;lia e Comunidade na UNIFESP<\/strong> com o bate-papo &ldquo;Vida de Residente&rdquo; entre a professora Ana Luiza Viana e Victor Raphael, residente dessa especialidade na institui&ccedil;&atilde;o, no v&iacute;deo abaixo:<\/p><figure class=\"wp-block-embed is-type-video is-provider-youtube wp-block-embed-youtube wp-embed-aspect-16-9 wp-has-aspect-ratio\"><div class=\"wp-block-embed__wrapper\">\n<div class=\"cs-embed cs-embed-responsive\"><iframe title=\"Como &eacute; a resid&ecirc;ncia de Medicina de Fam&iacute;lia e Comunidade na UNIFESP\" width=\"1200\" height=\"675\" src=\"https:\/\/www.youtube.com\/embed\/iyQr-3qoHoM?list=PLZJoO86DqMTTgyeqgcdfO13H0WdLW0I4f\" frameborder=\"0\" allow=\"accelerometer; autoplay; clipboard-write; encrypted-media; gyroscope; picture-in-picture; web-share\" referrerpolicy=\"strict-origin-when-cross-origin\" allowfullscreen><\/iframe><\/div>\n<\/div><\/figure><div class=\"wp-block-buttons is-content-justification-center is-layout-flex wp-container-core-buttons-is-layout-1 wp-block-buttons-is-layout-flex\">\n<div class=\"wp-block-button\"><a class=\"wp-block-button__link wp-element-button\" href=\"https:\/\/med.estrategia.com\/portal\/residencia-medica\/unifesp-residencia-medica\/\" target=\"_blank\">Confira tudo sobre o processo seletivo da UNIFESP<\/a><\/div>\n<\/div><figure class=\"wp-block-embed is-type-video is-provider-youtube wp-block-embed-youtube wp-embed-aspect-16-9 wp-has-aspect-ratio\"><div class=\"wp-block-embed__wrapper\">\n<div class=\"cs-embed cs-embed-responsive\"><iframe title=\"Tipos de Resid&ecirc;ncia de Medicina de Fam&iacute;lia e Comunidade: Vale a pena fazer na USP ou UNIFESP?\" width=\"1200\" height=\"675\" src=\"https:\/\/www.youtube.com\/embed\/Dmycif4hoWI?feature=oembed\" frameborder=\"0\" allow=\"accelerometer; autoplay; clipboard-write; encrypted-media; gyroscope; picture-in-picture; web-share\" referrerpolicy=\"strict-origin-when-cross-origin\" allowfullscreen><\/iframe><\/div>\n<\/div><\/figure><p>Se voc&ecirc; quer ficar por dentro de mais conte&uacute;dos relevantes sobre a &aacute;rea m&eacute;dica, continue acompanhando o material preparado pelo Portal de Not&iacute;cias do Estrat&eacute;gia MED. Aqui, voc&ecirc; encontrar&aacute; informa&ccedil;&otilde;es atualizadas sobre resid&ecirc;ncias, carreira m&eacute;dica e muito mais.<\/p><p>\n\n\n\n\n\n<a id=\"cta\" class=\"cta-imagem\" href=\"https:\/\/med.estrategia.com\/curso\/banco-de-questes-resumos-estrategicos-anual\/\" target=\"blank\">\n                <img decoding=\"async\" width=\"100%\" src=\"https:\/\/med.estrategia.com\/portal\/wp-content\/uploads\/2025\/08\/banco_questoes.png\" alt=\"banco_questoes\" title=\"banco_questoes\">\n        <\/a>\n<\/p><\/p>\n","protected":false},"excerpt":{"rendered":"A resid&ecirc;ncia em Medicina de Fam&iacute;lia e Comunidade (MFC) da Universidade Federal de S&atilde;o Paulo (UNIFESP) oferece uma&hellip;\n","protected":false},"author":22,"featured_media":38502,"comment_status":"closed","ping_status":"closed","sticky":false,"template":"","format":"standard","meta":{"wl_entities_gutenberg":"","footnotes":""},"categories":[24],"tags":[],"wl_entity_type":[199],"class_list":{"0":"post-65704","1":"post","2":"type-post","3":"status-publish","4":"format-standard","5":"has-post-thumbnail","7":"category-residencia-medica","8":"wl_entity_type-article"},"acf":[],"yoast_head":"<!-- This site is optimized with the Yoast SEO Premium plugin v26.6 (Yoast SEO v26.6) - https:\/\/yoast.com\/wordpress\/plugins\/seo\/ -->\n<title>Como \u00e9 a resid\u00eancia de Medicina de Fam\u00edlia e Comunidade na UNIFESP<\/title>\n<meta name=\"description\" content=\"Confira o relato de residente ao Estrat\u00e9gia MED sobre o programa de resid\u00eancia m\u00e9dica em Medicina de Fam\u00edlia e Comunidade na UNIFESP!\" \/>\n<meta name=\"robots\" content=\"index, follow, max-snippet:-1, max-image-preview:large, max-video-preview:-1\" \/>\n<link rel=\"canonical\" href=\"https:\/\/med.estrategia.com\/portal\/residencia-medica\/como-e-a-residencia-de-medicina-de-familia-e-comunidade-na-unifesp\/\" \/>\n<meta property=\"og:locale\" content=\"pt_BR\" \/>\n<meta property=\"og:type\" content=\"article\" \/>\n<meta property=\"og:title\" content=\"Como \u00e9 a resid\u00eancia de Medicina de Fam\u00edlia e Comunidade na UNIFESP\" \/>\n<meta property=\"og:description\" content=\"Confira o relato de residente ao Estrat\u00e9gia MED sobre o programa de resid\u00eancia m\u00e9dica em Medicina de Fam\u00edlia e Comunidade na UNIFESP!\" \/>\n<meta property=\"og:url\" content=\"https:\/\/med.estrategia.com\/portal\/residencia-medica\/como-e-a-residencia-de-medicina-de-familia-e-comunidade-na-unifesp\/\" \/>\n<meta property=\"og:site_name\" content=\"Estrat\u00e9gia MED\" \/>\n<meta property=\"article:publisher\" content=\"https:\/\/www.facebook.com\/estrategiamed1\" \/>\n<meta property=\"article:published_time\" content=\"2024-07-02T18:11:17+00:00\" \/>\n<meta property=\"article:modified_time\" content=\"2024-08-05T14:43:45+00:00\" \/>\n<meta property=\"og:image\" content=\"https:\/\/med.estrategia.com\/portal\/wp-content\/uploads\/2023\/04\/YTB_.png\" \/>\n\t<meta property=\"og:image:width\" content=\"1280\" \/>\n\t<meta property=\"og:image:height\" content=\"720\" \/>\n\t<meta property=\"og:image:type\" content=\"image\/png\" \/>\n<meta name=\"author\" content=\"Erika Coelho\" \/>\n<meta name=\"twitter:card\" content=\"summary_large_image\" \/>\n<meta name=\"twitter:creator\" content=\"@estrategiamed_\" \/>\n<meta name=\"twitter:site\" content=\"@estrategiamed_\" \/>\n<meta name=\"twitter:label1\" content=\"Escrito por\" \/>\n\t<meta name=\"twitter:data1\" content=\"Erika Coelho\" \/>\n\t<meta name=\"twitter:label2\" content=\"Est. tempo de leitura\" \/>\n\t<meta name=\"twitter:data2\" content=\"7 minutos\" \/>\n<script type=\"application\/ld+json\" class=\"yoast-schema-graph\">{\"@context\":\"https:\/\/schema.org\",\"@graph\":[{\"@type\":\"WebPage\",\"@id\":\"https:\/\/med.estrategia.com\/portal\/residencia-medica\/como-e-a-residencia-de-medicina-de-familia-e-comunidade-na-unifesp\/\",\"url\":\"https:\/\/med.estrategia.com\/portal\/residencia-medica\/como-e-a-residencia-de-medicina-de-familia-e-comunidade-na-unifesp\/\",\"name\":\"Como \u00e9 a resid\u00eancia de Medicina de Fam\u00edlia e Comunidade na UNIFESP\",\"isPartOf\":{\"@id\":\"https:\/\/med.estrategia.com\/portal\/#website\"},\"primaryImageOfPage\":{\"@id\":\"https:\/\/med.estrategia.com\/portal\/residencia-medica\/como-e-a-residencia-de-medicina-de-familia-e-comunidade-na-unifesp\/#primaryimage\"},\"image\":{\"@id\":\"https:\/\/med.estrategia.com\/portal\/residencia-medica\/como-e-a-residencia-de-medicina-de-familia-e-comunidade-na-unifesp\/#primaryimage\"},\"thumbnailUrl\":\"https:\/\/med.estrategia.com\/portal\/wp-content\/uploads\/2023\/04\/YTB_.png\",\"datePublished\":\"2024-07-02T18:11:17+00:00\",\"dateModified\":\"2024-08-05T14:43:45+00:00\",\"author\":{\"@id\":\"https:\/\/med.estrategia.com\/portal\/#\/schema\/person\/8e7c9b2f53f2eede3b8880ad86ff20a3\"},\"description\":\"Confira o relato de residente ao Estrat\u00e9gia MED sobre o programa de resid\u00eancia m\u00e9dica em Medicina de Fam\u00edlia e Comunidade na UNIFESP!\",\"breadcrumb\":{\"@id\":\"https:\/\/med.estrategia.com\/portal\/residencia-medica\/como-e-a-residencia-de-medicina-de-familia-e-comunidade-na-unifesp\/#breadcrumb\"},\"inLanguage\":\"pt-BR\",\"potentialAction\":[{\"@type\":\"ReadAction\",\"target\":[\"https:\/\/med.estrategia.com\/portal\/residencia-medica\/como-e-a-residencia-de-medicina-de-familia-e-comunidade-na-unifesp\/\"]}]},{\"@type\":\"ImageObject\",\"inLanguage\":\"pt-BR\",\"@id\":\"https:\/\/med.estrategia.com\/portal\/residencia-medica\/como-e-a-residencia-de-medicina-de-familia-e-comunidade-na-unifesp\/#primaryimage\",\"url\":\"https:\/\/med.estrategia.com\/portal\/wp-content\/uploads\/2023\/04\/YTB_.png\",\"contentUrl\":\"https:\/\/med.estrategia.com\/portal\/wp-content\/uploads\/2023\/04\/YTB_.png\",\"width\":1280,\"height\":720,\"caption\":\"Estrat\u00e9gia MED\"},{\"@type\":\"BreadcrumbList\",\"@id\":\"https:\/\/med.estrategia.com\/portal\/residencia-medica\/como-e-a-residencia-de-medicina-de-familia-e-comunidade-na-unifesp\/#breadcrumb\",\"itemListElement\":[{\"@type\":\"ListItem\",\"position\":1,\"name\":\"Home\",\"item\":\"https:\/\/med.estrategia.com\/portal\/\"},{\"@type\":\"ListItem\",\"position\":2,\"name\":\"Resid\u00eancia M\u00e9dica\",\"item\":\"https:\/\/med.estrategia.com\/portal\/residencia-medica\/\"},{\"@type\":\"ListItem\",\"position\":3,\"name\":\"Como \u00e9 a resid\u00eancia de Medicina de Fam\u00edlia e Comunidade na UNIFESP\"}]},{\"@type\":\"WebSite\",\"@id\":\"https:\/\/med.estrategia.com\/portal\/#website\",\"url\":\"https:\/\/med.estrategia.com\/portal\/\",\"name\":\"Estrat\u00e9gia MED\",\"description\":\"\",\"potentialAction\":[{\"@type\":\"SearchAction\",\"target\":{\"@type\":\"EntryPoint\",\"urlTemplate\":\"https:\/\/med.estrategia.com\/portal\/?s={search_term_string}\"},\"query-input\":{\"@type\":\"PropertyValueSpecification\",\"valueRequired\":true,\"valueName\":\"search_term_string\"}}],\"inLanguage\":\"pt-BR\"},{\"@type\":\"Person\",\"@id\":\"https:\/\/med.estrategia.com\/portal\/#\/schema\/person\/8e7c9b2f53f2eede3b8880ad86ff20a3\",\"name\":\"Erika Coelho\",\"image\":{\"@type\":\"ImageObject\",\"inLanguage\":\"pt-BR\",\"@id\":\"https:\/\/med.estrategia.com\/portal\/#\/schema\/person\/image\/\",\"url\":\"https:\/\/secure.gravatar.com\/avatar\/8ef9ff2e2fa53829c640cca8d1a45178?s=96&d=mm&r=g\",\"contentUrl\":\"https:\/\/secure.gravatar.com\/avatar\/8ef9ff2e2fa53829c640cca8d1a45178?s=96&d=mm&r=g\",\"caption\":\"Erika Coelho\"},\"description\":\"Jornalista pela Universidade Presbiteriana Mackenzie, escrevo sobre educa\u00e7\u00e3o, sa\u00fade e pol\u00edticas p\u00fablicas\",\"url\":\"https:\/\/med.estrategia.com\/portal\/author\/erika\/\"}]}<\/script>\n<!-- \/ Yoast SEO Premium plugin. -->","yoast_head_json":{"title":"Como \u00e9 a resid\u00eancia de Medicina de Fam\u00edlia e Comunidade na UNIFESP","description":"Confira o relato de residente ao Estrat\u00e9gia MED sobre o programa de resid\u00eancia m\u00e9dica em Medicina de Fam\u00edlia e Comunidade na UNIFESP!","robots":{"index":"index","follow":"follow","max-snippet":"max-snippet:-1","max-image-preview":"max-image-preview:large","max-video-preview":"max-video-preview:-1"},"canonical":"https:\/\/med.estrategia.com\/portal\/residencia-medica\/como-e-a-residencia-de-medicina-de-familia-e-comunidade-na-unifesp\/","og_locale":"pt_BR","og_type":"article","og_title":"Como \u00e9 a resid\u00eancia de Medicina de Fam\u00edlia e Comunidade na UNIFESP","og_description":"Confira o relato de residente ao Estrat\u00e9gia MED sobre o programa de resid\u00eancia m\u00e9dica em Medicina de Fam\u00edlia e Comunidade na UNIFESP!","og_url":"https:\/\/med.estrategia.com\/portal\/residencia-medica\/como-e-a-residencia-de-medicina-de-familia-e-comunidade-na-unifesp\/","og_site_name":"Estrat\u00e9gia MED","article_publisher":"https:\/\/www.facebook.com\/estrategiamed1","article_published_time":"2024-07-02T18:11:17+00:00","article_modified_time":"2024-08-05T14:43:45+00:00","og_image":[{"width":1280,"height":720,"url":"https:\/\/med.estrategia.com\/portal\/wp-content\/uploads\/2023\/04\/YTB_.png","type":"image\/png"}],"author":"Erika Coelho","twitter_card":"summary_large_image","twitter_creator":"@estrategiamed_","twitter_site":"@estrategiamed_","twitter_misc":{"Escrito por":"Erika Coelho","Est. tempo de leitura":"7 minutos"},"schema":{"@context":"https:\/\/schema.org","@graph":[{"@type":"WebPage","@id":"https:\/\/med.estrategia.com\/portal\/residencia-medica\/como-e-a-residencia-de-medicina-de-familia-e-comunidade-na-unifesp\/","url":"https:\/\/med.estrategia.com\/portal\/residencia-medica\/como-e-a-residencia-de-medicina-de-familia-e-comunidade-na-unifesp\/","name":"Como \u00e9 a resid\u00eancia de Medicina de Fam\u00edlia e Comunidade na UNIFESP","isPartOf":{"@id":"https:\/\/med.estrategia.com\/portal\/#website"},"primaryImageOfPage":{"@id":"https:\/\/med.estrategia.com\/portal\/residencia-medica\/como-e-a-residencia-de-medicina-de-familia-e-comunidade-na-unifesp\/#primaryimage"},"image":{"@id":"https:\/\/med.estrategia.com\/portal\/residencia-medica\/como-e-a-residencia-de-medicina-de-familia-e-comunidade-na-unifesp\/#primaryimage"},"thumbnailUrl":"https:\/\/med.estrategia.com\/portal\/wp-content\/uploads\/2023\/04\/YTB_.png","datePublished":"2024-07-02T18:11:17+00:00","dateModified":"2024-08-05T14:43:45+00:00","author":{"@id":"https:\/\/med.estrategia.com\/portal\/#\/schema\/person\/8e7c9b2f53f2eede3b8880ad86ff20a3"},"description":"Confira o relato de residente ao Estrat\u00e9gia MED sobre o programa de resid\u00eancia m\u00e9dica em Medicina de Fam\u00edlia e Comunidade na UNIFESP!","breadcrumb":{"@id":"https:\/\/med.estrategia.com\/portal\/residencia-medica\/como-e-a-residencia-de-medicina-de-familia-e-comunidade-na-unifesp\/#breadcrumb"},"inLanguage":"pt-BR","potentialAction":[{"@type":"ReadAction","target":["https:\/\/med.estrategia.com\/portal\/residencia-medica\/como-e-a-residencia-de-medicina-de-familia-e-comunidade-na-unifesp\/"]}]},{"@type":"ImageObject","inLanguage":"pt-BR","@id":"https:\/\/med.estrategia.com\/portal\/residencia-medica\/como-e-a-residencia-de-medicina-de-familia-e-comunidade-na-unifesp\/#primaryimage","url":"https:\/\/med.estrategia.com\/portal\/wp-content\/uploads\/2023\/04\/YTB_.png","contentUrl":"https:\/\/med.estrategia.com\/portal\/wp-content\/uploads\/2023\/04\/YTB_.png","width":1280,"height":720,"caption":"Estrat\u00e9gia MED"},{"@type":"BreadcrumbList","@id":"https:\/\/med.estrategia.com\/portal\/residencia-medica\/como-e-a-residencia-de-medicina-de-familia-e-comunidade-na-unifesp\/#breadcrumb","itemListElement":[{"@type":"ListItem","position":1,"name":"Home","item":"https:\/\/med.estrategia.com\/portal\/"},{"@type":"ListItem","position":2,"name":"Resid\u00eancia M\u00e9dica","item":"https:\/\/med.estrategia.com\/portal\/residencia-medica\/"},{"@type":"ListItem","position":3,"name":"Como \u00e9 a resid\u00eancia de Medicina de Fam\u00edlia e Comunidade na UNIFESP"}]},{"@type":"WebSite","@id":"https:\/\/med.estrategia.com\/portal\/#website","url":"https:\/\/med.estrategia.com\/portal\/","name":"Estrat\u00e9gia MED","description":"","potentialAction":[{"@type":"SearchAction","target":{"@type":"EntryPoint","urlTemplate":"https:\/\/med.estrategia.com\/portal\/?s={search_term_string}"},"query-input":{"@type":"PropertyValueSpecification","valueRequired":true,"valueName":"search_term_string"}}],"inLanguage":"pt-BR"},{"@type":"Person","@id":"https:\/\/med.estrategia.com\/portal\/#\/schema\/person\/8e7c9b2f53f2eede3b8880ad86ff20a3","name":"Erika Coelho","image":{"@type":"ImageObject","inLanguage":"pt-BR","@id":"https:\/\/med.estrategia.com\/portal\/#\/schema\/person\/image\/","url":"https:\/\/secure.gravatar.com\/avatar\/8ef9ff2e2fa53829c640cca8d1a45178?s=96&d=mm&r=g","contentUrl":"https:\/\/secure.gravatar.com\/avatar\/8ef9ff2e2fa53829c640cca8d1a45178?s=96&d=mm&r=g","caption":"Erika Coelho"},"description":"Jornalista pela Universidade Presbiteriana Mackenzie, escrevo sobre educa\u00e7\u00e3o, sa\u00fade e pol\u00edticas p\u00fablicas","url":"https:\/\/med.estrategia.com\/portal\/author\/erika\/"}]}},"_wl_alt_label":[],"wl:entity_url":"\/post\/como-e-a-residencia-de-medicina-de-familia-e-comunidade-na-unifesp","_links":{"self":[{"href":"https:\/\/med.estrategia.com\/portal\/wp-json\/wp\/v2\/posts\/65704","targetHints":{"allow":["GET"]}}],"collection":[{"href":"https:\/\/med.estrategia.com\/portal\/wp-json\/wp\/v2\/posts"}],"about":[{"href":"https:\/\/med.estrategia.com\/portal\/wp-json\/wp\/v2\/types\/post"}],"author":[{"embeddable":true,"href":"https:\/\/med.estrategia.com\/portal\/wp-json\/wp\/v2\/users\/22"}],"replies":[{"embeddable":true,"href":"https:\/\/med.estrategia.com\/portal\/wp-json\/wp\/v2\/comments?post=65704"}],"version-history":[{"count":2,"href":"https:\/\/med.estrategia.com\/portal\/wp-json\/wp\/v2\/posts\/65704\/revisions"}],"predecessor-version":[{"id":67420,"href":"https:\/\/med.estrategia.com\/portal\/wp-json\/wp\/v2\/posts\/65704\/revisions\/67420"}],"wp:featuredmedia":[{"embeddable":true,"href":"https:\/\/med.estrategia.com\/portal\/wp-json\/wp\/v2\/media\/38502"}],"wp:attachment":[{"href":"https:\/\/med.estrategia.com\/portal\/wp-json\/wp\/v2\/media?parent=65704"}],"wp:term":[{"taxonomy":"category","embeddable":true,"href":"https:\/\/med.estrategia.com\/portal\/wp-json\/wp\/v2\/categories?post=65704"},{"taxonomy":"post_tag","embeddable":true,"href":"https:\/\/med.estrategia.com\/portal\/wp-json\/wp\/v2\/tags?post=65704"},{"taxonomy":"wl_entity_type","embeddable":true,"href":"https:\/\/med.estrategia.com\/portal\/wp-json\/wp\/v2\/wl_entity_type?post=65704"}],"curies":[{"name":"wp","href":"https:\/\/api.w.org\/{rel}","templated":true}]}}