{"id":66347,"date":"2023-08-07T22:42:00","date_gmt":"2023-08-08T01:42:00","guid":{"rendered":"https:\/\/med.estrategia.com\/portal\/?p=66347"},"modified":"2024-07-18T01:02:14","modified_gmt":"2024-07-18T04:02:14","slug":"enare-2023-2024-instituicoes-participantes-e-suas-vagas","status":"publish","type":"post","link":"https:\/\/med.estrategia.com\/portal\/residencia-medica\/enare-2023-2024-instituicoes-participantes-e-suas-vagas\/","title":{"rendered":"ENARE 2023\/2024: institui\u00e7\u00f5es participantes e suas vagas!"},"content":{"rendered":"<p>Voc&ecirc; sabia que o <a href=\"https:\/\/enare.ebserh.gov.br\/\" target=\"_blank\">ENARE<\/a> &eacute; conhecido como o <strong>ENEM <\/strong>da medicina? A nomea&ccedil;&atilde;o acontece porque o seu sistema para a classifica&ccedil;&atilde;o final &eacute; parecido com o <strong>Sisu<\/strong>. Ap&oacute;s o candidato receber a sua nota para a especialidade escolhida, ele <strong>pode escolher, dentre as institui&ccedil;&otilde;es participantes do seletivo<\/strong>, aquela de sua <strong>prefer&ecirc;ncia<\/strong> para a realiza&ccedil;&atilde;o da Resid&ecirc;ncia M&eacute;dica, conforme <strong>afinidade e interesse profissional<\/strong>, ou at&eacute; mesmo outros crit&eacute;rios como<strong> recursos financeiros para custos de viagem e moradia. <\/strong><p>Se voc&ecirc; quer conferir em primeira m&atilde;o as<strong> institui&ccedil;&otilde;es que j&aacute; confirmaram ades&atilde;o ao Enare 2024\/2025<\/strong>, clique no bot&atilde;o abaixo:<\/p><div class=\"wp-block-buttons is-content-justification-center is-layout-flex wp-container-core-buttons-is-layout-1 wp-block-buttons-is-layout-flex\">\n<div class=\"wp-block-button\"><a class=\"wp-block-button__link wp-element-button\" href=\"https:\/\/med.estrategia.com\/portal\/residencia-medica\/enare-vagas-cronograma-provas-edital\/#Instituicoes-ja-confirmadas-na-edicao-20242025-do-ENARE\" target=\"_blank\">institui&ccedil;&otilde;es enare 2025<\/a><\/div>\n<\/div><p>Para saber as instiu&ccedil;&otilde;es aderentes &agrave; &uacute;ltima edi&ccedil;&atilde;o, siga no texto e confira abaixo quais s&atilde;o as <strong>92 op&ccedil;&otilde;es de institui&ccedil;&otilde;es<\/strong> aderentes ao Enare para realizar a resid&ecirc;ncia m&eacute;dica em 2023\/2024!<\/p><div class=\"wp-block-buttons is-horizontal is-content-justification-center is-layout-flex wp-container-core-buttons-is-layout-2 wp-block-buttons-is-layout-flex\">\n<div class=\"wp-block-button\"><a class=\"wp-block-button__link has-background wp-element-button\" href=\"https:\/\/med.estrategia.com\/cursos\/\" style=\"background-color:#0ba4ae\" target=\"_blank\">Conhe&ccedil;a os cursos do Estrat&eacute;gia MED!<\/a><\/div>\n<\/div><div id=\"ez-toc-container\" class=\"ez-toc-v2_0_79_2 counter-hierarchy ez-toc-counter ez-toc-transparent ez-toc-container-direction\">\n<div class=\"ez-toc-title-container\"><p class=\"ez-toc-title\" style=\"cursor:inherit\">Navegue pelo conte\u00fado<\/p>\n<\/div><nav><ul class='ez-toc-list ez-toc-list-level-1 ' ><li class='ez-toc-page-1 ez-toc-heading-level-2'><a class=\"ez-toc-link ez-toc-heading-1\" href=\"https:\/\/med.estrategia.com\/portal\/residencia-medica\/enare-2023-2024-instituicoes-participantes-e-suas-vagas\/#Novas-instituicoes-no-Enare-2024\" >Novas institui&ccedil;&otilde;es no Enare 2024<\/a><\/li><li class='ez-toc-page-1 ez-toc-heading-level-2'><a class=\"ez-toc-link ez-toc-heading-2\" href=\"https:\/\/med.estrategia.com\/portal\/residencia-medica\/enare-2023-2024-instituicoes-participantes-e-suas-vagas\/#ENARE-20232024-%E2%80%93-Vagas-por-Instituicoes\" >ENARE 2023\/2024 &ndash; Vagas por Institui&ccedil;&otilde;es<\/a><\/li><li class='ez-toc-page-1 ez-toc-heading-level-2'><a class=\"ez-toc-link ez-toc-heading-3\" href=\"https:\/\/med.estrategia.com\/portal\/residencia-medica\/enare-2023-2024-instituicoes-participantes-e-suas-vagas\/#Voce-tambem-pode-se-interessar-por\" >Voc&ecirc; tamb&eacute;m pode se interessar por:<\/a><\/li><\/ul><\/nav><\/div>\n<h2 class=\"wp-block-heading\"><span class=\"ez-toc-section\" id=\"Novas-instituicoes-no-Enare-2024\"><\/span>Novas institui&ccedil;&otilde;es no Enare 2024<span class=\"ez-toc-section-end\"><\/span><\/h2><p>Antes de revelar as vagas por institui&ccedil;&atilde;o, confira quais foram as <strong>novas 19 institui&ccedil;&otilde;es<\/strong> que aderiram ao Enare 2023\/2024:<\/p><ul class=\"wp-block-list\">\n<li>UNIVERSIDADE FEDERAL DO RIO GRANDE DO NORTE<\/li>\n\n\n\n<li>HOSPITAL UNIVERSIT&Aacute;RIO ONOFRE LOPES (UFRN)<\/li>\n\n\n\n<li>EMPRESA BRASILEIRA DE SERVI&Ccedil;OS HOSPITALARES &ndash; HOSPITAL UNIVERSIT&Aacute;RIO J&Uacute;LIO MULLER<\/li>\n\n\n\n<li>FUNDA&Ccedil;&Atilde;O INSTITUTTO CLINICO JUIZ DE FORA<\/li>\n\n\n\n<li>FUNDA&Ccedil;&Atilde;O OCTAC&Iacute;LIO GUALBERTO<\/li>\n\n\n\n<li>FUNDA&Ccedil;&Atilde;O PIO XII &ndash; HOSPITAL DE AMOR DE BARRETOS<\/li>\n\n\n\n<li>FUNDA&Ccedil;&Atilde;O UNIVERSIDADE FEDERAL DO AMAP&Aacute;<\/li>\n\n\n\n<li>FUNDA&Ccedil;&Atilde;O UNIVERSIDADE FEDERAL DO VALE DO S&Atilde;O FRANCISCO<\/li>\n\n\n\n<li>HOSPITAL DO C&Acirc;NCER ALDENORA BELLO<\/li>\n\n\n\n<li>HOSPITAL MILITAR DE AREA DE PORTO ALEGRE<\/li>\n\n\n\n<li>HOSPITAL RISOLETA TOLENTINO NEVES<\/li>\n\n\n\n<li>INST. CAPIXABA DE ENSINO, PESQUISA E INOVACAO EM SAUDE<\/li>\n\n\n\n<li>ISMEP- INSTITUTO SANTA MARTA DE ENSINO E PESQUISA<\/li>\n\n\n\n<li>MATERNIDADE DE ALTA COMPLEXIDADE DO MARANH&Atilde;O<\/li>\n\n\n\n<li>PREFEITURA MUNICIPAL DE IPATINGA<\/li>\n\n\n\n<li>UNIVERSIDADE FEDERAL DA PARA&Iacute;BA<\/li>\n\n\n\n<li>UNIVERSIDADE NOVE DE JULHO &ndash; CAMPUS BAURU<\/li>\n\n\n\n<li>ASSOCIA&Ccedil;&Atilde;O CONGREGA&Ccedil;&Atilde;O DE SANTA CATARINA<\/li>\n\n\n\n<li>ASSOCIA&Ccedil;&Atilde;O EDUCACIONAL NOVE DE JULHO<\/li>\n<\/ul><p>Enquanto isso, algumas<strong> deixaram de fazer parte do exame<\/strong>. S&atilde;o elas:<\/p><ul class=\"wp-block-list\">\n<li><a href=\"https:\/\/med.estrategia.com\/portal\/noticias\/edital-residencia-medica-sms-vitoria-2024\/\" target=\"_blank\">Secretaria de Estado da Sa&uacute;de de Vit&oacute;ria<\/a><\/li>\n\n\n\n<li>Universidade do Extremo Sul Catarinense &ndash; Funda&ccedil;&atilde;o Educacional de Crici&uacute;ma<\/li>\n\n\n\n<li>Associa&ccedil;&atilde;o Aracajuana de Benefic&ecirc;ncia<\/li>\n\n\n\n<li>Associa&ccedil;&atilde;o Beneficente de Assist&ecirc;ncia Social Nossa Senhora Pari<\/li>\n<\/ul><p>Agora, continue no texto e confira a distribui&ccedil;&atilde;o de vagas pelas 92 institui&ccedil;&otilde;es do Enare 2024! <\/p><h2 class=\"wp-block-heading\" id=\"h-enare-2023-2024-vagas-por-instituicoes\"><span class=\"ez-toc-section\" id=\"ENARE-20232024-%E2%80%93-Vagas-por-Instituicoes\"><\/span>ENARE 2023\/2024 &ndash; Vagas por Institui&ccedil;&otilde;es<span class=\"ez-toc-section-end\"><\/span><\/h2><p>O Estrat&eacute;gia MED separou todas as op&ccedil;&otilde;es de <strong>institui&ccedil;&otilde;es entre as regi&otilde;es brasileiras<\/strong>. Al&eacute;m disso, voc&ecirc; pode conferir o <strong>n&uacute;mero de vagas totais que cada uma <\/strong>disponibilizou na edi&ccedil;&atilde;o de 2023\/2024 do exame!<\/p><h3 class=\"wp-block-heading\" id=\"h-regiao-sudeste\">Regi&atilde;o Sudeste<\/h3><figure class=\"wp-block-table is-style-stripes\"><table><thead><tr><th>Institui&ccedil;&otilde;es<\/th><th class=\"has-text-align-center\" data-align=\"center\">Vagas Dispon&iacute;veis<\/th><\/tr><\/thead><tbody><tr><td>ASSOCIA&Ccedil;&Atilde;O CONGREGA&Ccedil;&Atilde;O DE SANTA CATARINA<\/td><td class=\"has-text-align-center\" data-align=\"center\">12<\/td><\/tr><tr><td>ASSOCIA&Ccedil;&Atilde;O EDUCACIONAL NOVE DE JULHO<\/td><td class=\"has-text-align-center\" data-align=\"center\">15<\/td><\/tr><tr><td>CENTRO DE ATENDIMENTO PSIQUI&Aacute;TRICO DR. ARISTIDES ALEXANDRE CAMPOS<\/td><td class=\"has-text-align-center\" data-align=\"center\">3<\/td><\/tr><tr><td>CENTRO PS&Iacute;QUICO DA ADOLESC&Ecirc;NCIA E INF&Acirc;NCIA<\/td><td class=\"has-text-align-center\" data-align=\"center\">6<\/td><\/tr><tr><td>COMPLEXO HOSPITALAR DE BARBACENA<\/td><td class=\"has-text-align-center\" data-align=\"center\">15<\/td><\/tr><tr><td>FUNDA&Ccedil;&Atilde;O INSTITUTTO CLINICO JUIZ DE FORA<\/td><td class=\"has-text-align-center\" data-align=\"center\">8<\/td><\/tr><tr><td>FUNDA&Ccedil;&Atilde;O OCTAC&Iacute;LIO GUALBERTO<\/td><td class=\"has-text-align-center\" data-align=\"center\">45<\/td><\/tr><tr><td>FUNDA&Ccedil;&Atilde;O PIO XII &ndash; HOSPITAL DE AMOR DE BARRETOS<\/td><td class=\"has-text-align-center\" data-align=\"center\">26<\/td><\/tr><tr><td>FUNDA&Ccedil;&Atilde;O UNIVERSIDADE FEDERAL DE S&Atilde;O CARLOS<\/td><td class=\"has-text-align-center\" data-align=\"center\">10<\/td><\/tr><tr><td>FUNDO MUNICIPAL DE SAUDE &ndash; SECRETARIA MUNICIPAL DE SA&Uacute;DE DE BELO HORIZONTE<\/td><td class=\"has-text-align-center\" data-align=\"center\">5<\/td><\/tr><tr><td>HOSPITAL ALBERTO CAVALCANTI<\/td><td class=\"has-text-align-center\" data-align=\"center\">16<\/td><\/tr><tr><td>HOSPITAL CENTRAL DA POL&Iacute;CIA MILITAR DO ESTADO DO RIO DE JANEIRO<\/td><td class=\"has-text-align-center\" data-align=\"center\">47<\/td><\/tr><tr><td>HOSPITAL DA POL&Iacute;CIA MILITAR DE NITER&Oacute;I<\/td><td class=\"has-text-align-center\" data-align=\"center\">2<\/td><\/tr><tr><td>HOSPITAL DA POL&Iacute;CIA MILITAR DO ESTADO DE MINAS GERAIS<\/td><td class=\"has-text-align-center\" data-align=\"center\">21<\/td><\/tr><tr><td>HOSPITAL DAS CL&Iacute;NICAS UFMG\/EBSERH<\/td><td class=\"has-text-align-center\" data-align=\"center\">231<\/td><\/tr><tr><td>HOSPITAL EDUARDO DE MENEZES<\/td><td class=\"has-text-align-center\" data-align=\"center\">11<\/td><\/tr><tr><td>HOSPITAL FEDERAL CARDOSO FONTES<\/td><td class=\"has-text-align-center\" data-align=\"center\">31<\/td><\/tr><tr><td>HOSPITAL FEDERAL DA LAGOA<\/td><td class=\"has-text-align-center\" data-align=\"center\">69<\/td><\/tr><tr><td>HOSPITAL FEDERAL DE BONSUCESSO<\/td><td class=\"has-text-align-center\" data-align=\"center\">87<\/td><\/tr><tr><td>HOSPITAL FEDERAL DE IPANEMA<\/td><td class=\"has-text-align-center\" data-align=\"center\">30<\/td><\/tr><tr><td>HOSPITAL FEDERAL DO ANDARA&Iacute;<\/td><td class=\"has-text-align-center\" data-align=\"center\">34<\/td><\/tr><tr><td>HOSPITAL FEDERAL DOS SERVIDORES DO ESTADO<\/td><td class=\"has-text-align-center\" data-align=\"center\">132<\/td><\/tr><tr><td>HOSPITAL GERAL DE NOVA IGUA&Ccedil;U<\/td><td class=\"has-text-align-center\" data-align=\"center\">28<\/td><\/tr><tr><td>HOSPITAL INFANTIL JOAO PAULO II<\/td><td class=\"has-text-align-center\" data-align=\"center\">33<\/td><\/tr><tr><td>HOSPITAL JO&Atilde;O XXIII<\/td><td class=\"has-text-align-center\" data-align=\"center\">51<\/td><\/tr><tr><td>HOSPITAL J&Uacute;LIA KUBITSCHEK<\/td><td class=\"has-text-align-center\" data-align=\"center\">31<\/td><\/tr><tr><td>HOSPITAL MARIA AMELIA LINS<\/td><td class=\"has-text-align-center\" data-align=\"center\">9<\/td><\/tr><tr><td>HOSPITAL METROPOLITANO ODILON BEHRENS<\/td><td class=\"has-text-align-center\" data-align=\"center\">83<\/td><\/tr><tr><td>HOSPITAL REGIONAL ANT&Ocirc;NIO DIAS<\/td><td class=\"has-text-align-center\" data-align=\"center\">13<\/td><\/tr><tr><td>HOSPITAL REGIONAL JO&Atilde;O PENIDO<\/td><td class=\"has-text-align-center\" data-align=\"center\">11<\/td><\/tr><tr><td>HOSPITAL RISOLETA TOLENTINO NEVES<\/td><td class=\"has-text-align-center\" data-align=\"center\">15<\/td><\/tr><tr><td>HOSPITAL UNIVERSIT&Aacute;RIO ANTONIO PEDRO<\/td><td class=\"has-text-align-center\" data-align=\"center\">105<\/td><\/tr><tr><td>HOSPITAL UNIVERSIT&Aacute;RIO DA UNIVERSIDADE FEDERAL DE JUIZ DE FORA<\/td><td class=\"has-text-align-center\" data-align=\"center\">76<\/td><\/tr><tr><td>HOSPITAL UNIVERSIT&Aacute;RIO GAFFR&Eacute;E E GUINLE<\/td><td class=\"has-text-align-center\" data-align=\"center\">87<\/td><\/tr><tr><td>INST. CAPIXABA DE ENSINO, PESQUISA E INOVACAO EM SAUDE<\/td><td class=\"has-text-align-center\" data-align=\"center\">41<\/td><\/tr><tr><td>INSTITUTO NACIONAL DE CARDIOLOGIA<\/td><td class=\"has-text-align-center\" data-align=\"center\">40<\/td><\/tr><tr><td>INSTITUTO RAUL SOARES<\/td><td class=\"has-text-align-center\" data-align=\"center\">12<\/td><\/tr><tr><td>MATERNIDADE ODETE VALADARES<\/td><td class=\"has-text-align-center\" data-align=\"center\">16<\/td><\/tr><tr><td>PREFEITURA MUNICIPAL DE IPATINGA<\/td><td class=\"has-text-align-center\" data-align=\"center\">3<\/td><\/tr><tr><td>PREFEITURA MUNICIPAL DE SOROCABA<\/td><td class=\"has-text-align-center\" data-align=\"center\">7<\/td><\/tr><tr><td>SANTA CASA DE MISERIC&Oacute;RDIA DE VOTUPORANGA<\/td><td class=\"has-text-align-center\" data-align=\"center\">21<\/td><\/tr><tr><td>UNIVERSIDADE ESTADUAL DE MONTES CLAROS<\/td><td class=\"has-text-align-center\" data-align=\"center\">62<\/td><\/tr><tr><td>UNIVERSIDADE NOVE DE JULHO &ndash; CAMPUS BAURU<\/td><td class=\"has-text-align-center\" data-align=\"center\">10<\/td><\/tr><\/tbody><\/table><\/figure><h3 class=\"wp-block-heading\" id=\"h-regiao-sul\">Regi&atilde;o Sul<\/h3><figure class=\"wp-block-table is-style-stripes\"><table><thead><tr><th>Institui&ccedil;&otilde;es<\/th><th class=\"has-text-align-center\" data-align=\"center\">Vagas Dispon&iacute;veis<\/th><\/tr><\/thead><tbody><tr><td>COMPLEXO DO HOSPITAL DE CL&Iacute;NICAS DA UFPR<\/td><td class=\"has-text-align-center\" data-align=\"center\">205<\/td><\/tr><tr><td>FUNDO MUNICIPAL DE SA&Uacute;DE DE CASCAVEL &ndash; PARAN&Aacute;<\/td><td class=\"has-text-align-center\" data-align=\"center\">8<\/td><\/tr><tr><td>FUNDO MUNICIPAL DE SA&Uacute;DE DE JARAGUA DO SUL<\/td><td class=\"has-text-align-center\" data-align=\"center\">4<\/td><\/tr><tr><td>FUNDO MUNICIPAL DE SAUDE DE LONDRINA<\/td><td class=\"has-text-align-center\" data-align=\"center\">6<\/td><\/tr><tr><td>HOSPITAL MILITAR DE AREA DE PORTO ALEGRE<\/td><td class=\"has-text-align-center\" data-align=\"center\">4<\/td><\/tr><tr><td>MUNIC&Iacute;PIO DE GUARAPUAVA<\/td><td class=\"has-text-align-center\" data-align=\"center\">4<\/td><\/tr><tr><td>SECRETARIA DE ESTADO DA SA&Uacute;DE &ndash; PARAN&Aacute;<\/td><td class=\"has-text-align-center\" data-align=\"center\">8<\/td><\/tr><tr><td>SECRETARIA MUNICIPAL DE SA&Uacute;DE DE PATO BRANCO<\/td><td class=\"has-text-align-center\" data-align=\"center\">2<\/td><\/tr><\/tbody><\/table><\/figure><h3 class=\"wp-block-heading\" id=\"h-regiao-norte\">Regi&atilde;o Norte<\/h3><figure class=\"wp-block-table is-style-stripes\"><table><thead><tr><th>Institui&ccedil;&otilde;es<\/th><th class=\"has-text-align-center\" data-align=\"center\">Vagas<\/th><\/tr><\/thead><tbody><tr><td>FUNDA&Ccedil;&Atilde;O UNIVERSIDADE FEDERAL DO AMAP&Aacute;<\/td><td class=\"has-text-align-center\" data-align=\"center\">23<\/td><\/tr><tr><td>FUNDA&Ccedil;&Atilde;O UNIVERSIDADE FEDERAL DO TOCANTINS<\/td><td class=\"has-text-align-center\" data-align=\"center\">48<\/td><\/tr><tr><td>HOSPITAL DE DOEN&Ccedil;AS TROPICAIS DA UNIVERSIDADE FEDERAL DO TOCANTINS<\/td><td class=\"has-text-align-center\" data-align=\"center\">11<\/td><\/tr><tr><td>UNIVERSIDADE FEDERAL DE RORAIMA<\/td><td class=\"has-text-align-center\" data-align=\"center\">39<\/td><\/tr><\/tbody><\/table><\/figure><h3 class=\"wp-block-heading\" id=\"h-regiao-centro-oeste\">Regi&atilde;o Centro-Oeste<\/h3><figure class=\"wp-block-table is-style-stripes\"><table><thead><tr><th>Institui&ccedil;&otilde;es<\/th><th class=\"has-text-align-center\" data-align=\"center\">Vagas Dispon&iacute;veis<\/th><\/tr><\/thead><tbody><tr><td>EMPRESA BRASILEIRA DE SERVI&Ccedil;OS HOSPITALARES &ndash; HOSPITAL UNIVERSIT&Aacute;RIO J&Uacute;LIO MULLER<\/td><td class=\"has-text-align-center\" data-align=\"center\">62<\/td><\/tr><tr><td>FUNDA&Ccedil;&Atilde;O UNIVERSIDADE FEDERAL DE MATO GROSSO DO SUL &ndash; UFMS<\/td><td class=\"has-text-align-center\" data-align=\"center\">74<\/td><\/tr><tr><td>HOSPITAL DAS FOR&Ccedil;AS ARMADAS<\/td><td class=\"has-text-align-center\" data-align=\"center\">32<\/td><\/tr><tr><td>HOSPITAL DE FOR&Ccedil;A A&Eacute;REA DE BRAS&Iacute;LIA<\/td><td class=\"has-text-align-center\" data-align=\"center\">4<\/td><\/tr><tr><td>HOSPITAL UNIVERSIT&Aacute;RIO DA UNIVERSIDADE FEDERAL DA GRANDE DOURADOS<\/td><td class=\"has-text-align-center\" data-align=\"center\">20<\/td><\/tr><tr><td>HOSPITAL UNIVERSIT&Aacute;RIO DE BRASILIA<\/td><td class=\"has-text-align-center\" data-align=\"center\">97<\/td><\/tr><tr><td>ISMEP- INSTITUTO SANTA MARTA DE ENSINO E PESQUISA<\/td><td class=\"has-text-align-center\" data-align=\"center\">6<\/td><\/tr><tr><td>PREFEITURA MUNICIPAL DE SINOP<\/td><td class=\"has-text-align-center\" data-align=\"center\">12<\/td><\/tr><\/tbody><\/table><\/figure><h3 class=\"wp-block-heading\" id=\"h-regiao-nordeste\">Regi&atilde;o Nordeste<\/h3><figure class=\"wp-block-table is-style-stripes\"><table><thead><tr><th>Institui&ccedil;&otilde;es<\/th><th class=\"has-text-align-center\" data-align=\"center\">Vagas Dispon&iacute;veis<\/th><\/tr><\/thead><tbody><tr><td>ASSOCIA&Ccedil;&Atilde;O PIAUIENSE DE COMBATE AO C&Acirc;NCER ALCENOR ALMEIDA &ndash; HOSPITAL S&Atilde;O MARCOS<\/td><td class=\"has-text-align-center\" data-align=\"center\">5<\/td><\/tr><tr><td>FUNDA&Ccedil;&Atilde;O DE BENEFIC&Ecirc;NCIA HOSPITAL CIRURGIA<\/td><td class=\"has-text-align-center\" data-align=\"center\">33<\/td><\/tr><tr><td>FUNDA&Ccedil;&Atilde;O UNIVERSIDADE FEDERAL DO VALE DO S&Atilde;O FRANCISCO<\/td><td class=\"has-text-align-center\" data-align=\"center\">16<\/td><\/tr><tr><td>FUNDO MUNICIPAL DE SA&Uacute;DE DE CAMPINA GRANDE<\/td><td class=\"has-text-align-center\" data-align=\"center\">25<\/td><\/tr><tr><td>HOSPITAL DAS CL&Iacute;NICAS PROFESSOR ROMERO MARQUES &ndash; UNIVERSIDADE FEDERAL DE PERNAMBUCO<\/td><td class=\"has-text-align-center\" data-align=\"center\">126<\/td><\/tr><tr><td>HOSPITAL DE C&Acirc;NCER DR TARQU&Iacute;NIO LOPES FILHO<\/td><td class=\"has-text-align-center\" data-align=\"center\">3<\/td><\/tr><tr><td>HOSPITAL DO C&Acirc;NCER ALDENORA BELLO<\/td><td class=\"has-text-align-center\" data-align=\"center\">2<\/td><\/tr><tr><td>HOSPITAL DR. CARLOS MACIEIRA<\/td><td class=\"has-text-align-center\" data-align=\"center\">23<\/td><\/tr><tr><td>HOSPITAL GERAL DO ESTADO &ndash; HGE BAHIA<\/td><td class=\"has-text-align-center\" data-align=\"center\">4<\/td><\/tr><tr><td>HOSPITAL INFANTIL DR JUV&Ecirc;NCIO MATOS<\/td><td class=\"has-text-align-center\" data-align=\"center\">5<\/td><\/tr><tr><td>HOSPITAL INFANTIL LUCIDIO PORTELLA<\/td><td class=\"has-text-align-center\" data-align=\"center\">12<\/td><\/tr><tr><td>HOSPITAL MACRORREGIONAL DRA. RUTH NOLETO<\/td><td class=\"has-text-align-center\" data-align=\"center\">3<\/td><\/tr><tr><td>HOSPITAL NINA RODRIGUES<\/td><td class=\"has-text-align-center\" data-align=\"center\">5<\/td><\/tr><tr><td>HOSPITAL UNIVERSIT&Aacute;RIO ALCIDES CARNEIRO<\/td><td class=\"has-text-align-center\" data-align=\"center\">33<\/td><\/tr><tr><td>HOSPITAL UNIVERSIT&Aacute;RIO ANA BEZERRA<\/td><td class=\"has-text-align-center\" data-align=\"center\">17<\/td><\/tr><tr><td>HOSPITAL UNIVERSIT&Aacute;RIO DA UNIVERSIDADE FEDERAL DE SERGIPE<\/td><td class=\"has-text-align-center\" data-align=\"center\">74<\/td><\/tr><tr><td>HOSPITAL UNIVERSIT&Aacute;RIO DA UNIVERSIDADE FEDERAL DO MARANH&Atilde;O<\/td><td class=\"has-text-align-center\" data-align=\"center\">103<\/td><\/tr><tr><td>HOSPITAL UNIVERSIT&Aacute;RIO DA UNIVERSIDADE FEDERAL DO PIAU&Iacute;- HU-UFPI<\/td><td class=\"has-text-align-center\" data-align=\"center\">71<\/td><\/tr><tr><td>HOSPITAL UNIVERSITARIO DE LAGARTO<\/td><td class=\"has-text-align-center\" data-align=\"center\">12<\/td><\/tr><tr><td>HOSPITAL UNIVERSIT&Aacute;RIO J&Uacute;LIO BANDEIRA<\/td><td class=\"has-text-align-center\" data-align=\"center\">8<\/td><\/tr><tr><td>HOSPITAL UNIVERSIT&Aacute;RIO ONOFRE LOPES<\/td><td class=\"has-text-align-center\" data-align=\"center\">84<\/td><\/tr><tr><td>LIGA NORTE RIOGRANDENSE CONTRA O CANCER<\/td><td class=\"has-text-align-center\" data-align=\"center\">12<\/td><\/tr><tr><td>MATERNIDADE DE ALTA COMPLEXIDADE DO MARANH&Atilde;O<\/td><td class=\"has-text-align-center\" data-align=\"center\">6<\/td><\/tr><tr><td>MATERNIDADE DE ALTO RISCO DE IMPERATRIZ<\/td><td class=\"has-text-align-center\" data-align=\"center\">5<\/td><\/tr><tr><td>MATERNIDADE ESCOLA JANU&Aacute;RIO CICCO<\/td><td class=\"has-text-align-center\" data-align=\"center\">14<\/td><\/tr><tr><td>UNIVERSIDADE ESTADUAL DE CI&Ecirc;NCIAS DA SA&Uacute;DE DE ALAGOAS<\/td><td class=\"has-text-align-center\" data-align=\"center\">25<\/td><\/tr><tr><td>UNIVERSIDADE FEDERAL DA PARA&Iacute;BA<\/td><td class=\"has-text-align-center\" data-align=\"center\">74<\/td><\/tr><tr><td>UNIVERSIDADE FEDERAL DE ALAGOAS<\/td><td class=\"has-text-align-center\" data-align=\"center\">64<\/td><\/tr><tr><td>UNIVERSIDADE FEDERAL DO RIO GRANDE DO NORTE<\/td><td class=\"has-text-align-center\" data-align=\"center\">18<\/td><\/tr><\/tbody><\/table><\/figure><p>Al&eacute;m das 3.159 vagas distribu&iacute;das por todo o pa&iacute;s, h&aacute; mais 100 que est&atilde;o reservadas para os candidatos aprovados na edi&ccedil;&atilde;o anterior e que foram convocados ao Servi&ccedil;o Militar obrigat&oacute;rio.<br><br>Voc&ecirc; pode conferir clicando no bot&atilde;o abaixo a divis&atilde;o por especialidades das institui&ccedil;&otilde;es participantes e os cen&aacute;rios de pr&aacute;tica de cada uma delas:<\/p><div class=\"wp-block-buttons is-horizontal is-content-justification-center is-layout-flex wp-container-core-buttons-is-layout-3 wp-block-buttons-is-layout-flex\">\n<div class=\"wp-block-button\"><a class=\"wp-block-button__link wp-element-button\" href=\"https:\/\/enare.ebserh.gov.br\/site-enare\/vagas-area-medica-table.jsp?a=a&amp;idLink=7911\" target=\"_blank\">Institui&ccedil;&otilde;es Participantes &ndash; ENARE 2023\/2024<\/a><\/div>\n<\/div><p>E a&iacute;, voc&ecirc; j&aacute; sabe qual ser&aacute; a sua institui&ccedil;&atilde;o escolhida dentre tantas op&ccedil;&otilde;es nas diferentes regi&otilde;es do Brasil? Para ficar por dentro de todas as demais novidades do mundo da medicina e especificamente da Resid&ecirc;ncia M&eacute;dica, clique aqui e acompanhe os artigos disponibilizados no Portal do Estrat&eacute;gia MED.<\/p><figure class=\"wp-block-image size-large\"><img decoding=\"async\" width=\"1024\" height=\"576\" src=\"https:\/\/med.estrategia.com\/portal\/wp-content\/uploads\/2022\/07\/Sprint-ENARE-1024x576.png\" alt=\"\" class=\"wp-image-21735\" srcset=\"https:\/\/med.estrategia.com\/portal\/wp-content\/uploads\/2022\/07\/Sprint-ENARE-1024x576.png 1024w, https:\/\/med.estrategia.com\/portal\/wp-content\/uploads\/2022\/07\/Sprint-ENARE-768x432.png 768w, https:\/\/med.estrategia.com\/portal\/wp-content\/uploads\/2022\/07\/Sprint-ENARE-800x450.png 800w, https:\/\/med.estrategia.com\/portal\/wp-content\/uploads\/2022\/07\/Sprint-ENARE-1160x653.png 1160w, https:\/\/med.estrategia.com\/portal\/wp-content\/uploads\/2022\/07\/Sprint-ENARE-1200x675.png 1200w, https:\/\/med.estrategia.com\/portal\/wp-content\/uploads\/2022\/07\/Sprint-ENARE-150x84.png 150w, https:\/\/med.estrategia.com\/portal\/wp-content\/uploads\/2022\/07\/Sprint-ENARE.png 1280w\" sizes=\"(max-width: 1024px) 100vw, 1024px\" \/><figcaption class=\"wp-element-caption\">Cr&eacute;ditos: Estrat&eacute;gia MED\/Ebserh<\/figcaption><\/figure><h2 class=\"wp-block-heading\" id=\"voce-tambem-pode-se-interessar-por\"><span class=\"ez-toc-section\" id=\"Voce-tambem-pode-se-interessar-por\"><\/span>Voc&ecirc; tamb&eacute;m pode se interessar por:<span class=\"ez-toc-section-end\"><\/span><\/h2><ul class=\"wp-block-list\">\n<li><a href=\"https:\/\/med.estrategia.com\/portal\/residencia-medica\/enare-vagas-cronograma-provas-edital\/\">ENARE: cronograma, vagas, provas, edital e mais!<\/a><\/li>\n\n\n\n<li><a href=\"https:\/\/med.estrategia.com\/portal\/aluno-de-medicina\/dicas-de-estudo\/notas-de-corte-residencia-medica\/\" target=\"_blank\">Notas de corte das principais provas de resid&ecirc;ncias m&eacute;dicas<\/a><\/li>\n\n\n\n<li><a href=\"https:\/\/med.estrategia.com\/portal\/residencia-medica\/residencias-medicas-mais-concorridos\/\" target=\"_blank\">Resid&ecirc;ncias M&eacute;dicas mais concorridas: top 10 seletivos<\/a><\/li>\n\n\n\n<li><a href=\"https:\/\/med.estrategia.com\/portal\/residencia-medica\/especialidades-medicas-mais-concorridas-top-10\/\" target=\"_blank\">Especialidades M&eacute;dicas mais concorridas: top 10<\/a><\/li>\n\n\n\n<li><a href=\"https:\/\/med.estrategia.com\/portal\/aluno-de-medicina\/proximas-provas-residencia-medica\/\" target=\"_blank\">Calend&aacute;rio de Resid&ecirc;ncias M&eacute;dicas: confira as datas das pr&oacute;ximas provas!<\/a><\/li>\n\n\n\n<li><a href=\"https:\/\/med.estrategia.com\/portal\/atualidades\/terceira-dose-covid-19\/\" target=\"_blank\">Terceira dose da vacina contra a Covid-19: p&uacute;blico-alvo, quais s&atilde;o as vacinas utilizadas e muito mais<\/a><\/li>\n<\/ul><\/p>\n","protected":false},"excerpt":{"rendered":"Voc&ecirc; sabia que o ENARE &eacute; conhecido como o ENEM da medicina? A nomea&ccedil;&atilde;o acontece porque o seu&hellip;\n","protected":false},"author":39,"featured_media":44427,"comment_status":"closed","ping_status":"closed","sticky":false,"template":"","format":"standard","meta":{"wl_entities_gutenberg":"","footnotes":""},"categories":[24],"tags":[],"wl_entity_type":[199],"class_list":{"0":"post-66347","1":"post","2":"type-post","3":"status-publish","4":"format-standard","5":"has-post-thumbnail","7":"category-residencia-medica","8":"wl_entity_type-article"},"acf":[],"yoast_head":"<!-- This site is optimized with the Yoast SEO Premium plugin v26.6 (Yoast SEO v26.6) - https:\/\/yoast.com\/wordpress\/plugins\/seo\/ -->\n<title>Enare 2024: institui\u00e7\u00f5es participantes e suas vagas<\/title>\n<meta name=\"description\" content=\"Saiba quais s\u00e3o as institui\u00e7\u00f5es participantes do ENARE 2023\/2024 e a quantidade de vagas por regi\u00e3o da sele\u00e7\u00e3o com o Estrat\u00e9gia MED!\" \/>\n<meta name=\"robots\" content=\"index, follow, max-snippet:-1, max-image-preview:large, max-video-preview:-1\" \/>\n<link rel=\"canonical\" href=\"https:\/\/med.estrategia.com\/portal\/residencia-medica\/enare-vagas-cronograma-provas-edital\/\" \/>\n<meta property=\"og:locale\" content=\"pt_BR\" \/>\n<meta property=\"og:type\" content=\"article\" \/>\n<meta property=\"og:title\" content=\"ENARE 2023\/2024: institui\u00e7\u00f5es participantes e suas vagas!\" \/>\n<meta property=\"og:description\" content=\"Saiba quais s\u00e3o as institui\u00e7\u00f5es participantes do ENARE 2023\/2024 e a quantidade de vagas por regi\u00e3o da sele\u00e7\u00e3o com o Estrat\u00e9gia MED!\" \/>\n<meta property=\"og:url\" content=\"https:\/\/med.estrategia.com\/portal\/residencia-medica\/enare-vagas-cronograma-provas-edital\/\" \/>\n<meta property=\"og:site_name\" content=\"Estrat\u00e9gia MED\" \/>\n<meta property=\"article:publisher\" content=\"https:\/\/www.facebook.com\/estrategiamed1\" \/>\n<meta property=\"article:published_time\" content=\"2023-08-08T01:42:00+00:00\" \/>\n<meta property=\"article:modified_time\" content=\"2024-07-18T04:02:14+00:00\" \/>\n<meta property=\"og:image\" content=\"https:\/\/med.estrategia.com\/portal\/wp-content\/uploads\/2023\/08\/enare-instituicoes-participantes.jpg\" \/>\n\t<meta property=\"og:image:width\" content=\"1920\" \/>\n\t<meta property=\"og:image:height\" content=\"1080\" \/>\n\t<meta property=\"og:image:type\" content=\"image\/jpeg\" \/>\n<meta name=\"author\" content=\"Ana Carolina Damasceno\" \/>\n<meta name=\"twitter:card\" content=\"summary_large_image\" \/>\n<meta name=\"twitter:creator\" content=\"@estrategiamed_\" \/>\n<meta name=\"twitter:site\" content=\"@estrategiamed_\" \/>\n<meta name=\"twitter:label1\" content=\"Escrito por\" \/>\n\t<meta name=\"twitter:data1\" content=\"Ana Carolina Damasceno\" \/>\n\t<meta name=\"twitter:label2\" content=\"Est. tempo de leitura\" \/>\n\t<meta name=\"twitter:data2\" content=\"5 minutos\" \/>\n<script type=\"application\/ld+json\" class=\"yoast-schema-graph\">{\"@context\":\"https:\/\/schema.org\",\"@graph\":[{\"@type\":\"WebPage\",\"@id\":\"https:\/\/med.estrategia.com\/portal\/residencia-medica\/enare-2023-2024-instituicoes-participantes-e-suas-vagas\/\",\"url\":\"https:\/\/med.estrategia.com\/portal\/residencia-medica\/enare-vagas-cronograma-provas-edital\/\",\"name\":\"Enare 2024: institui\u00e7\u00f5es participantes e suas vagas\",\"isPartOf\":{\"@id\":\"https:\/\/med.estrategia.com\/portal\/#website\"},\"primaryImageOfPage\":{\"@id\":\"https:\/\/med.estrategia.com\/portal\/residencia-medica\/enare-vagas-cronograma-provas-edital\/#primaryimage\"},\"image\":{\"@id\":\"https:\/\/med.estrategia.com\/portal\/residencia-medica\/enare-vagas-cronograma-provas-edital\/#primaryimage\"},\"thumbnailUrl\":\"https:\/\/med.estrategia.com\/portal\/wp-content\/uploads\/2023\/08\/enare-instituicoes-participantes.jpg\",\"datePublished\":\"2023-08-08T01:42:00+00:00\",\"dateModified\":\"2024-07-18T04:02:14+00:00\",\"author\":{\"@id\":\"https:\/\/med.estrategia.com\/portal\/#\/schema\/person\/2f553adbb8e25fe39d145c5b2927f58c\"},\"description\":\"Saiba quais s\u00e3o as institui\u00e7\u00f5es participantes do ENARE 2023\/2024 e a quantidade de vagas por regi\u00e3o da sele\u00e7\u00e3o com o Estrat\u00e9gia MED!\",\"breadcrumb\":{\"@id\":\"https:\/\/med.estrategia.com\/portal\/residencia-medica\/enare-vagas-cronograma-provas-edital\/#breadcrumb\"},\"inLanguage\":\"pt-BR\",\"potentialAction\":[{\"@type\":\"ReadAction\",\"target\":[\"https:\/\/med.estrategia.com\/portal\/residencia-medica\/enare-vagas-cronograma-provas-edital\/\"]}]},{\"@type\":\"ImageObject\",\"inLanguage\":\"pt-BR\",\"@id\":\"https:\/\/med.estrategia.com\/portal\/residencia-medica\/enare-vagas-cronograma-provas-edital\/#primaryimage\",\"url\":\"https:\/\/med.estrategia.com\/portal\/wp-content\/uploads\/2023\/08\/enare-instituicoes-participantes.jpg\",\"contentUrl\":\"https:\/\/med.estrategia.com\/portal\/wp-content\/uploads\/2023\/08\/enare-instituicoes-participantes.jpg\",\"width\":1920,\"height\":1080,\"caption\":\"Estrat\u00e9gia MED | Foto de Banco de Imagens: Pexels\"},{\"@type\":\"BreadcrumbList\",\"@id\":\"https:\/\/med.estrategia.com\/portal\/residencia-medica\/enare-vagas-cronograma-provas-edital\/#breadcrumb\",\"itemListElement\":[{\"@type\":\"ListItem\",\"position\":1,\"name\":\"Home\",\"item\":\"https:\/\/med.estrategia.com\/portal\/\"},{\"@type\":\"ListItem\",\"position\":2,\"name\":\"Resid\u00eancia M\u00e9dica\",\"item\":\"https:\/\/med.estrategia.com\/portal\/residencia-medica\/\"},{\"@type\":\"ListItem\",\"position\":3,\"name\":\"ENARE 2023\/2024: institui\u00e7\u00f5es participantes e suas vagas!\"}]},{\"@type\":\"WebSite\",\"@id\":\"https:\/\/med.estrategia.com\/portal\/#website\",\"url\":\"https:\/\/med.estrategia.com\/portal\/\",\"name\":\"Estrat\u00e9gia MED\",\"description\":\"\",\"potentialAction\":[{\"@type\":\"SearchAction\",\"target\":{\"@type\":\"EntryPoint\",\"urlTemplate\":\"https:\/\/med.estrategia.com\/portal\/?s={search_term_string}\"},\"query-input\":{\"@type\":\"PropertyValueSpecification\",\"valueRequired\":true,\"valueName\":\"search_term_string\"}}],\"inLanguage\":\"pt-BR\"},{\"@type\":\"Person\",\"@id\":\"https:\/\/med.estrategia.com\/portal\/#\/schema\/person\/2f553adbb8e25fe39d145c5b2927f58c\",\"name\":\"Ana Carolina Damasceno\",\"image\":{\"@type\":\"ImageObject\",\"inLanguage\":\"pt-BR\",\"@id\":\"https:\/\/med.estrategia.com\/portal\/#\/schema\/person\/image\/\",\"url\":\"https:\/\/med.estrategia.com\/portal\/wp-content\/uploads\/2021\/09\/WhatsApp-Image-2023-08-18-at-16.46.43-150x150.jpeg\",\"contentUrl\":\"https:\/\/med.estrategia.com\/portal\/wp-content\/uploads\/2021\/09\/WhatsApp-Image-2023-08-18-at-16.46.43-150x150.jpeg\",\"caption\":\"Ana Carolina Damasceno\"},\"description\":\"Coordenadora de Jornalismo EMED. Comunicadora por natureza e forma\u00e7\u00e3o, que ama e perde a no\u00e7\u00e3o do tempo com m\u00fasica e s\u00e9rie.\",\"url\":\"https:\/\/med.estrategia.com\/portal\/author\/ana-carolina-damasceno\/\"}]}<\/script>\n<!-- \/ Yoast SEO Premium plugin. -->","yoast_head_json":{"title":"Enare 2024: institui\u00e7\u00f5es participantes e suas vagas","description":"Saiba quais s\u00e3o as institui\u00e7\u00f5es participantes do ENARE 2023\/2024 e a quantidade de vagas por regi\u00e3o da sele\u00e7\u00e3o com o Estrat\u00e9gia MED!","robots":{"index":"index","follow":"follow","max-snippet":"max-snippet:-1","max-image-preview":"max-image-preview:large","max-video-preview":"max-video-preview:-1"},"canonical":"https:\/\/med.estrategia.com\/portal\/residencia-medica\/enare-vagas-cronograma-provas-edital\/","og_locale":"pt_BR","og_type":"article","og_title":"ENARE 2023\/2024: institui\u00e7\u00f5es participantes e suas vagas!","og_description":"Saiba quais s\u00e3o as institui\u00e7\u00f5es participantes do ENARE 2023\/2024 e a quantidade de vagas por regi\u00e3o da sele\u00e7\u00e3o com o Estrat\u00e9gia MED!","og_url":"https:\/\/med.estrategia.com\/portal\/residencia-medica\/enare-vagas-cronograma-provas-edital\/","og_site_name":"Estrat\u00e9gia MED","article_publisher":"https:\/\/www.facebook.com\/estrategiamed1","article_published_time":"2023-08-08T01:42:00+00:00","article_modified_time":"2024-07-18T04:02:14+00:00","og_image":[{"width":1920,"height":1080,"url":"https:\/\/med.estrategia.com\/portal\/wp-content\/uploads\/2023\/08\/enare-instituicoes-participantes.jpg","type":"image\/jpeg"}],"author":"Ana Carolina Damasceno","twitter_card":"summary_large_image","twitter_creator":"@estrategiamed_","twitter_site":"@estrategiamed_","twitter_misc":{"Escrito por":"Ana Carolina Damasceno","Est. tempo de leitura":"5 minutos"},"schema":{"@context":"https:\/\/schema.org","@graph":[{"@type":"WebPage","@id":"https:\/\/med.estrategia.com\/portal\/residencia-medica\/enare-2023-2024-instituicoes-participantes-e-suas-vagas\/","url":"https:\/\/med.estrategia.com\/portal\/residencia-medica\/enare-vagas-cronograma-provas-edital\/","name":"Enare 2024: institui\u00e7\u00f5es participantes e suas vagas","isPartOf":{"@id":"https:\/\/med.estrategia.com\/portal\/#website"},"primaryImageOfPage":{"@id":"https:\/\/med.estrategia.com\/portal\/residencia-medica\/enare-vagas-cronograma-provas-edital\/#primaryimage"},"image":{"@id":"https:\/\/med.estrategia.com\/portal\/residencia-medica\/enare-vagas-cronograma-provas-edital\/#primaryimage"},"thumbnailUrl":"https:\/\/med.estrategia.com\/portal\/wp-content\/uploads\/2023\/08\/enare-instituicoes-participantes.jpg","datePublished":"2023-08-08T01:42:00+00:00","dateModified":"2024-07-18T04:02:14+00:00","author":{"@id":"https:\/\/med.estrategia.com\/portal\/#\/schema\/person\/2f553adbb8e25fe39d145c5b2927f58c"},"description":"Saiba quais s\u00e3o as institui\u00e7\u00f5es participantes do ENARE 2023\/2024 e a quantidade de vagas por regi\u00e3o da sele\u00e7\u00e3o com o Estrat\u00e9gia MED!","breadcrumb":{"@id":"https:\/\/med.estrategia.com\/portal\/residencia-medica\/enare-vagas-cronograma-provas-edital\/#breadcrumb"},"inLanguage":"pt-BR","potentialAction":[{"@type":"ReadAction","target":["https:\/\/med.estrategia.com\/portal\/residencia-medica\/enare-vagas-cronograma-provas-edital\/"]}]},{"@type":"ImageObject","inLanguage":"pt-BR","@id":"https:\/\/med.estrategia.com\/portal\/residencia-medica\/enare-vagas-cronograma-provas-edital\/#primaryimage","url":"https:\/\/med.estrategia.com\/portal\/wp-content\/uploads\/2023\/08\/enare-instituicoes-participantes.jpg","contentUrl":"https:\/\/med.estrategia.com\/portal\/wp-content\/uploads\/2023\/08\/enare-instituicoes-participantes.jpg","width":1920,"height":1080,"caption":"Estrat\u00e9gia MED | Foto de Banco de Imagens: Pexels"},{"@type":"BreadcrumbList","@id":"https:\/\/med.estrategia.com\/portal\/residencia-medica\/enare-vagas-cronograma-provas-edital\/#breadcrumb","itemListElement":[{"@type":"ListItem","position":1,"name":"Home","item":"https:\/\/med.estrategia.com\/portal\/"},{"@type":"ListItem","position":2,"name":"Resid\u00eancia M\u00e9dica","item":"https:\/\/med.estrategia.com\/portal\/residencia-medica\/"},{"@type":"ListItem","position":3,"name":"ENARE 2023\/2024: institui\u00e7\u00f5es participantes e suas vagas!"}]},{"@type":"WebSite","@id":"https:\/\/med.estrategia.com\/portal\/#website","url":"https:\/\/med.estrategia.com\/portal\/","name":"Estrat\u00e9gia MED","description":"","potentialAction":[{"@type":"SearchAction","target":{"@type":"EntryPoint","urlTemplate":"https:\/\/med.estrategia.com\/portal\/?s={search_term_string}"},"query-input":{"@type":"PropertyValueSpecification","valueRequired":true,"valueName":"search_term_string"}}],"inLanguage":"pt-BR"},{"@type":"Person","@id":"https:\/\/med.estrategia.com\/portal\/#\/schema\/person\/2f553adbb8e25fe39d145c5b2927f58c","name":"Ana Carolina Damasceno","image":{"@type":"ImageObject","inLanguage":"pt-BR","@id":"https:\/\/med.estrategia.com\/portal\/#\/schema\/person\/image\/","url":"https:\/\/med.estrategia.com\/portal\/wp-content\/uploads\/2021\/09\/WhatsApp-Image-2023-08-18-at-16.46.43-150x150.jpeg","contentUrl":"https:\/\/med.estrategia.com\/portal\/wp-content\/uploads\/2021\/09\/WhatsApp-Image-2023-08-18-at-16.46.43-150x150.jpeg","caption":"Ana Carolina Damasceno"},"description":"Coordenadora de Jornalismo EMED. Comunicadora por natureza e forma\u00e7\u00e3o, que ama e perde a no\u00e7\u00e3o do tempo com m\u00fasica e s\u00e9rie.","url":"https:\/\/med.estrategia.com\/portal\/author\/ana-carolina-damasceno\/"}]}},"_wl_alt_label":[],"wl:entity_url":"\/post\/enare-2023-2024-instituicoes-participantes-e-suas-vagas","_links":{"self":[{"href":"https:\/\/med.estrategia.com\/portal\/wp-json\/wp\/v2\/posts\/66347","targetHints":{"allow":["GET"]}}],"collection":[{"href":"https:\/\/med.estrategia.com\/portal\/wp-json\/wp\/v2\/posts"}],"about":[{"href":"https:\/\/med.estrategia.com\/portal\/wp-json\/wp\/v2\/types\/post"}],"author":[{"embeddable":true,"href":"https:\/\/med.estrategia.com\/portal\/wp-json\/wp\/v2\/users\/39"}],"replies":[{"embeddable":true,"href":"https:\/\/med.estrategia.com\/portal\/wp-json\/wp\/v2\/comments?post=66347"}],"version-history":[{"count":1,"href":"https:\/\/med.estrategia.com\/portal\/wp-json\/wp\/v2\/posts\/66347\/revisions"}],"predecessor-version":[{"id":66357,"href":"https:\/\/med.estrategia.com\/portal\/wp-json\/wp\/v2\/posts\/66347\/revisions\/66357"}],"wp:featuredmedia":[{"embeddable":true,"href":"https:\/\/med.estrategia.com\/portal\/wp-json\/wp\/v2\/media\/44427"}],"wp:attachment":[{"href":"https:\/\/med.estrategia.com\/portal\/wp-json\/wp\/v2\/media?parent=66347"}],"wp:term":[{"taxonomy":"category","embeddable":true,"href":"https:\/\/med.estrategia.com\/portal\/wp-json\/wp\/v2\/categories?post=66347"},{"taxonomy":"post_tag","embeddable":true,"href":"https:\/\/med.estrategia.com\/portal\/wp-json\/wp\/v2\/tags?post=66347"},{"taxonomy":"wl_entity_type","embeddable":true,"href":"https:\/\/med.estrategia.com\/portal\/wp-json\/wp\/v2\/wl_entity_type?post=66347"}],"curies":[{"name":"wp","href":"https:\/\/api.w.org\/{rel}","templated":true}]}}