{"id":66665,"date":"2024-07-23T12:44:58","date_gmt":"2024-07-23T15:44:58","guid":{"rendered":"https:\/\/med.estrategia.com\/portal\/?p=66665"},"modified":"2024-07-23T12:45:03","modified_gmt":"2024-07-23T15:45:03","slug":"concurso-publico-dos-correios-oferece-25-vagas-para-area-medica","status":"publish","type":"post","link":"https:\/\/med.estrategia.com\/portal\/concursos\/concurso-publico-dos-correios-oferece-25-vagas-para-area-medica\/","title":{"rendered":"Concurso P\u00fablico dos Correios oferece 25 vagas para \u00e1rea m\u00e9dica"},"content":{"rendered":"<p>O edital para o <strong>concurso p&uacute;blico dos Correios<\/strong> j&aacute; est&aacute; dispon&iacute;vel com <strong>25 vagas para m&eacute;dico do trabalho Jr<\/strong>, sendo 25 vagas para in&iacute;cio imediato e forma&ccedil;&atilde;o de cadastro reserva.<p>As inscri&ccedil;&otilde;es iniciam no dia <strong>7 de agosto e seguem at&eacute; o dia 8 de setembro de 2024<\/strong>, por meio do site da banca organizadora, <a href=\"https:\/\/www.iades.com.br\/inscricao\" target=\"_blank\">IADES<\/a>. O valor da taxa de inscri&ccedil;&atilde;o &eacute; de R$ 70,00.<\/p><p>O requisito para a vaga de m&eacute;dico do trabalho jr. &eacute;:<\/p><ul class=\"wp-block-list\">\n<li>Diploma ou certificado de conclus&atilde;o de Bacharel no curso de gradua&ccedil;&atilde;o de ensino superior em Medicina, expedido por institui&ccedil;&atilde;o de ensino reconhecida pelo Minist&eacute;rio da Educa&ccedil;&atilde;o;<\/li>\n\n\n\n<li>Certificado de conclus&atilde;o de curso de especializa&ccedil;&atilde;o em Medicina do Trabalho, em n&iacute;vel de p&oacute;s-gradua&ccedil;&atilde;o, ou certificado de resid&ecirc;ncia m&eacute;dica em &aacute;rea de concentra&ccedil;&atilde;o em sa&uacute;de do trabalhador ou denomina&ccedil;&atilde;o equivalente, reconhecida pela Comiss&atilde;o Nacional de Resid&ecirc;ncia M&eacute;dica, do Minist&eacute;rio da Educa&ccedil;&atilde;o, ambos ministrados por institui&ccedil;&atilde;o que mantenha curso de gradua&ccedil;&atilde;o em Medicina; e<\/li>\n\n\n\n<li>Registro profissional e comprovante de regularidade no Conselho de Classe.<\/li>\n<\/ul><p>A <strong>remunera&ccedil;&atilde;o inicial &eacute; de <\/strong><strong>R$6.872,48<\/strong> para uma jornada de 120 horas mensais.<\/p><div class=\"wp-block-buttons is-content-justification-center is-layout-flex wp-container-core-buttons-is-layout-1 wp-block-buttons-is-layout-flex\">\n<div class=\"wp-block-button\"><a class=\"wp-block-button__link wp-element-button\" href=\"https:\/\/med.estrategia.com\/portal\/wp-content\/uploads\/2024\/07\/edital_de_abertura_Correios_2024.pdf\" target=\"_blank\">edital &ndash; concurso correios 2024<\/a><\/div>\n<\/div><div id=\"ez-toc-container\" class=\"ez-toc-v2_0_79_2 counter-hierarchy ez-toc-counter ez-toc-transparent ez-toc-container-direction\">\n<div class=\"ez-toc-title-container\"><p class=\"ez-toc-title\" style=\"cursor:inherit\">Navegue pelo conte\u00fado<\/p>\n<\/div><nav><ul class='ez-toc-list ez-toc-list-level-1 ' ><li class='ez-toc-page-1 ez-toc-heading-level-2'><a class=\"ez-toc-link ez-toc-heading-1\" href=\"https:\/\/med.estrategia.com\/portal\/concursos\/concurso-publico-dos-correios-oferece-25-vagas-para-area-medica\/#Resumo-do-edital-Correios-2024\" >Resumo do edital Correios 2024&nbsp; &nbsp; &nbsp; &nbsp; &nbsp;<\/a><\/li><li class='ez-toc-page-1 ez-toc-heading-level-2'><a class=\"ez-toc-link ez-toc-heading-2\" href=\"https:\/\/med.estrategia.com\/portal\/concursos\/concurso-publico-dos-correios-oferece-25-vagas-para-area-medica\/#Inscricoes\" >Inscri&ccedil;&otilde;es<\/a><\/li><li class='ez-toc-page-1 ez-toc-heading-level-2'><a class=\"ez-toc-link ez-toc-heading-3\" href=\"https:\/\/med.estrategia.com\/portal\/concursos\/concurso-publico-dos-correios-oferece-25-vagas-para-area-medica\/#Vagas\" >Vagas<\/a><\/li><li class='ez-toc-page-1 ez-toc-heading-level-2'><a class=\"ez-toc-link ez-toc-heading-4\" href=\"https:\/\/med.estrategia.com\/portal\/concursos\/concurso-publico-dos-correios-oferece-25-vagas-para-area-medica\/#Processo-Seletivo\" >Processo Seletivo<\/a><\/li><li class='ez-toc-page-1 ez-toc-heading-level-2'><a class=\"ez-toc-link ez-toc-heading-5\" href=\"https:\/\/med.estrategia.com\/portal\/concursos\/concurso-publico-dos-correios-oferece-25-vagas-para-area-medica\/#Ultimo-edital-Correios-2017\" >&Uacute;ltimo edital Correios 2017<\/a><\/li><li class='ez-toc-page-1 ez-toc-heading-level-2'><a class=\"ez-toc-link ez-toc-heading-6\" href=\"https:\/\/med.estrategia.com\/portal\/concursos\/concurso-publico-dos-correios-oferece-25-vagas-para-area-medica\/#Processo-Seletivo-2\" >Processo Seletivo<\/a><\/li><li class='ez-toc-page-1 ez-toc-heading-level-2'><a class=\"ez-toc-link ez-toc-heading-7\" href=\"https:\/\/med.estrategia.com\/portal\/concursos\/concurso-publico-dos-correios-oferece-25-vagas-para-area-medica\/#Prepare-se-para-o-concurso-publico-dos-Correios-com-o-Estrategia-MED\" >Prepare-se para o concurso p&uacute;blico dos Correios com o Estrat&eacute;gia MED!&nbsp;&nbsp;<\/a><\/li><\/ul><\/nav><\/div>\n<h2 class=\"wp-block-heading\" id=\"h-resumo-do-edital-correios-2024-nbsp-nbsp-nbsp-nbsp-nbsp\"><span class=\"ez-toc-section\" id=\"Resumo-do-edital-Correios-2024\"><\/span>Resumo do edital Correios 2024&nbsp; &nbsp; &nbsp; &nbsp; &nbsp;<span class=\"ez-toc-section-end\"><\/span><\/h2><figure class=\"wp-block-table\"><table><tbody><tr><td>Vagas Ofertadas<\/td><td>25 + CR<\/td><\/tr><tr><td>Remunera&ccedil;&atilde;o<\/td><td>R$ 6.872,48<\/td><\/tr><tr><td>Carga Hor&aacute;ria mensal<\/td><td>120 horas&nbsp;<\/td><\/tr><tr><td>Composi&ccedil;&atilde;o do Processo Seletivo<\/td><td>Prova objetiva<\/td><\/tr><tr><td>Taxa de Inscri&ccedil;&atilde;o<\/td><td>R$ 70,00<\/td><\/tr><tr><td>Per&iacute;odo de inscri&ccedil;&atilde;o<\/td><td>07\/08\/2024 a 08\/09\/2024<\/td><\/tr><tr><td>Per&iacute;odo para solicita&ccedil;&atilde;o de isen&ccedil;&atilde;o da taxa de inscri&ccedil;&atilde;o<\/td><td>07\/08 a 15\/08\/2024<\/td><\/tr><tr><td>&Uacute;ltimo dia para o pagamento da taxa de inscri&ccedil;&atilde;o<\/td><td>09\/09\/2024<\/td><\/tr><tr><td>Aplica&ccedil;&atilde;o das provas objetivas e da discursiva<\/td><td>13\/10\/2024&nbsp;<\/td><\/tr><tr><td>Divulga&ccedil;&atilde;o dos gabaritos das provas objetivas<\/td><td>13\/10\/2024&nbsp;<\/td><\/tr><tr><td>Publica&ccedil;&atilde;o do resultado final das provas objetivas<\/td><td>28\/10\/2024<\/td><\/tr><tr><td>Resultado preliminar do concurso p&uacute;blico<\/td><td>13\/11\/2024<\/td><\/tr><tr><td>Resultado final e homologa&ccedil;&atilde;o do concurso p&uacute;blico.&nbsp;<\/td><td>20\/11\/2024<\/td><\/tr><\/tbody><\/table><\/figure><h2 class=\"wp-block-heading\" id=\"h-inscricoes\"><span class=\"ez-toc-section\" id=\"Inscricoes\"><\/span>Inscri&ccedil;&otilde;es<span class=\"ez-toc-section-end\"><\/span><\/h2><p>As inscri&ccedil;&otilde;es iniciam no dia <strong>7 de agosto e seguem at&eacute; o dia 15 de agosto de 2024<\/strong>, via site da banca organizadora, <a href=\"https:\/\/www.iades.com.br\/inscricao\" target=\"_blank\">IADES<\/a>. O valor da taxa de inscri&ccedil;&atilde;o &eacute; de R$ 70,00.<\/p><h2 class=\"wp-block-heading\" id=\"h-vagas\"><span class=\"ez-toc-section\" id=\"Vagas\"><\/span>Vagas<span class=\"ez-toc-section-end\"><\/span><\/h2><p>As 25 vagas para in&iacute;cio imediato, al&eacute;m da forma&ccedil;&atilde;o de cadastro reserva, ser&atilde;o distribu&iacute;das entre os estados, conforme o quadro a seguir:<\/p><figure class=\"wp-block-table\"><table><tbody><tr><td>SE<\/td><td>Vagas M&eacute;dico do Trabalho<\/td><\/tr><tr><td>ACR<\/td><td>1<\/td><\/tr><tr><td>AL<\/td><td>CR<\/td><\/tr><tr><td>AM<\/td><td>CR<\/td><\/tr><tr><td>AP<\/td><td>1<\/td><\/tr><tr><td>BA<\/td><td>CR<\/td><\/tr><tr><td>CE<\/td><td>1<\/td><\/tr><tr><td>BSB + CS<\/td><td>2<\/td><\/tr><tr><td>ES<\/td><td>CR<\/td><\/tr><tr><td>GO<\/td><td>1<\/td><\/tr><tr><td>MA<\/td><td>1<\/td><\/tr><tr><td>MG<\/td><td>CR<\/td><\/tr><tr><td>MS<\/td><td>CR<\/td><\/tr><tr><td>MT<\/td><td>1<\/td><\/tr><tr><td>PA<\/td><td>1<\/td><\/tr><tr><td>PB<\/td><td>CR<\/td><\/tr><tr><td>PE<\/td><td>CR<\/td><\/tr><tr><td>PI<\/td><td>1<\/td><\/tr><tr><td>PR<\/td><td>CR<\/td><\/tr><tr><td>RJ<\/td><td>CR<\/td><\/tr><tr><td>RN<\/td><td>1<\/td><\/tr><tr><td>RO<\/td><td>1<\/td><\/tr><tr><td>RR<\/td><td>1<\/td><\/tr><tr><td>RS<\/td><td>3<\/td><\/tr><tr><td>SC<\/td><td>1<\/td><\/tr><tr><td>SE<\/td><td>1<\/td><\/tr><tr><td>SPM<\/td><td>4<\/td><\/tr><tr><td>SPI<\/td><td>2<\/td><\/tr><tr><td>TO<\/td><td>1<\/td><\/tr><\/tbody><\/table><\/figure><h2 class=\"wp-block-heading\" id=\"h-processo-seletivo\"><span class=\"ez-toc-section\" id=\"Processo-Seletivo\"><\/span>Processo Seletivo<span class=\"ez-toc-section-end\"><\/span><\/h2><p>O processo seletivo para esse edital conta com uma <strong>prova objetiva<\/strong> prevista para o dia<strong> 13 de outubro de 2024, <\/strong>de car&aacute;ter classificat&oacute;rio\/eliminat&oacute;rio, composta por <strong>50 quest&otilde;es de m&uacute;ltipla escolha<\/strong>, com cinco alternativas cada, distribu&iacute;das pelas seguintes &aacute;reas de conhecimento:&nbsp;<\/p><ul class=\"wp-block-list\">\n<li>8 quest&otilde;es de L&iacute;ngua Portuguesa;<\/li>\n\n\n\n<li>4 quest&otilde;es de Legisla&ccedil;&atilde;o Aplicada;<\/li>\n\n\n\n<li>8 quest&otilde;es de Fundamentos de Seguran&ccedil;a do Trabalho; e<\/li>\n\n\n\n<li>30 quest&otilde;es de Conhecimentos Espec&iacute;ficos.<\/li>\n<\/ul><p>Os candidatos aprovados na prova objetiva ser&atilde;o ordenados por cargo\/localidade, de acordo com os valores decrescentes da nota final na prova objetiva.&nbsp;<\/p><p>Para mais informa&ccedil;&otilde;es sobre o <strong>concurso p&uacute;blico dos Correios<\/strong> com vagas em outras &aacute;reas,<a href=\"https:\/\/www.estrategiaconcursos.com.br\/blog\/concurso-correios-edital-publicado\/\" target=\"_blank\"> acesse aqui<\/a>!<\/p><h2 class=\"wp-block-heading\" id=\"h-ultimo-edital-correios-2017\"><span class=\"ez-toc-section\" id=\"Ultimo-edital-Correios-2017\"><\/span>&Uacute;ltimo edital Correios 2017<span class=\"ez-toc-section-end\"><\/span><\/h2><p>O &uacute;ltimo concurso dos Correios com vagas na &aacute;rea da sa&uacute;de aconteceu em 2017, organizado pelo IADES. Foram ofertadas 44 vagas, al&eacute;m de forma&ccedil;&atilde;o de cadastro reserva para M&eacute;dico do Trabalho Jr.<\/p><p>O concurso Correios registrou no total 22.136 inscritos, sendo 409 para o cargo de M&eacute;dico do Trabalho Jr.&nbsp;<\/p><ul class=\"wp-block-list\">\n<li><a href=\"https:\/\/med.estrategia.com\/portal\/wp-content\/uploads\/2024\/07\/edital_de_abertura_Correios_2017.pdf\" target=\"_blank\">Edital Concurso Correios 2017<\/a><\/li>\n<\/ul><h2 class=\"wp-block-heading\" id=\"h-processo-seletivo-0\"><span class=\"ez-toc-section\" id=\"Processo-Seletivo-2\"><\/span>Processo Seletivo<span class=\"ez-toc-section-end\"><\/span><\/h2><p>O processo seletivo para o cargo de m&eacute;dico do trabalho contou com um etapa, sendo uma prova objetiva, car&aacute;ter classificat&oacute;rio e eliminat&oacute;rio composta por 50 quest&otilde;es, com cinco alternativas cada, sendo apenas uma correta:&nbsp;&nbsp;<\/p><ul class=\"wp-block-list\">\n<li>8 quest&otilde;es de L&iacute;ngua Portuguesa;<\/li>\n\n\n\n<li>4 quest&otilde;es de Racioc&iacute;nio L&oacute;gico e Matem&aacute;tico;<\/li>\n\n\n\n<li>4 quest&otilde;es de No&ccedil;&otilde;es de Inform&aacute;tica;<\/li>\n\n\n\n<li>4 quest&otilde;es de Legisla&ccedil;&atilde;o aplicada aos Correios; e<\/li>\n\n\n\n<li>30 quest&otilde;es de Conhecimentos espec&iacute;ficos.<\/li>\n<\/ul><h2 class=\"wp-block-heading\" id=\"h-prepare-se-para-o-concurso-publico-dos-correios-com-o-estrategia-med-nbsp-nbsp\"><span class=\"ez-toc-section\" id=\"Prepare-se-para-o-concurso-publico-dos-Correios-com-o-Estrategia-MED\"><\/span>Prepare-se para o concurso p&uacute;blico dos Correios com o Estrat&eacute;gia MED!&nbsp;&nbsp;<span class=\"ez-toc-section-end\"><\/span><\/h2><p>Com o<a href=\"https:\/\/med.estrategia.com\/curso\/sprint-concursos-medicos\/\" target=\"_blank\"> Sprint Concursos M&eacute;dicos do Estrat&eacute;gia MED<\/a> voc&ecirc; ter&aacute; &agrave; disposi&ccedil;&atilde;o 1.500 quest&otilde;es com foco em concursos p&uacute;blicos com cargos m&eacute;dicos incluindo as disciplinas mais cobradas neste tipo de sele&ccedil;&atilde;o: Portugu&ecirc;s, Matem&aacute;tica, Inform&aacute;tica, Direito e claro, Medicina.<\/p><p>Conhe&ccedil;a tamb&eacute;m o nosso<a href=\"https:\/\/med.estrategia.com\/curso\/banco-de-questes-resumos-estrategicos-anual\/\" target=\"_blank\"> Banco de Quest&otilde;es<\/a>, que atualmente conta com mais de 198 mil quest&otilde;es cadastradas e n&atilde;o para de crescer. Vem ser coruja!<\/p><div class=\"wp-block-image\">\n<figure class=\"aligncenter size-full\"><img decoding=\"async\" width=\"1280\" height=\"622\" src=\"https:\/\/med.estrategia.com\/portal\/wp-content\/uploads\/2025\/08\/concursos_medicos.jpg\" alt=\"concursos_medicos\" class=\"wp-image-91529\" srcset=\"https:\/\/med.estrategia.com\/portal\/wp-content\/uploads\/2025\/08\/concursos_medicos.jpg 1280w, https:\/\/med.estrategia.com\/portal\/wp-content\/uploads\/2025\/08\/concursos_medicos-1024x498.jpg 1024w, https:\/\/med.estrategia.com\/portal\/wp-content\/uploads\/2025\/08\/concursos_medicos-768x373.jpg 768w, https:\/\/med.estrategia.com\/portal\/wp-content\/uploads\/2025\/08\/concursos_medicos-800x389.jpg 800w, https:\/\/med.estrategia.com\/portal\/wp-content\/uploads\/2025\/08\/concursos_medicos-1160x564.jpg 1160w\" sizes=\"(max-width: 1280px) 100vw, 1280px\" \/><\/figure><\/div><\/p>\n","protected":false},"excerpt":{"rendered":"As inscri\u00e7\u00f5es iniciam no dia 8 de agosto com sal\u00e1rios iniciais de R$6,8 mil para o cargo de M\u00e9dico do Trabalho Jr. \n","protected":false},"author":45,"featured_media":66666,"comment_status":"closed","ping_status":"closed","sticky":false,"template":"","format":"standard","meta":{"wl_entities_gutenberg":"","footnotes":""},"categories":[474],"tags":[],"wl_entity_type":[199],"class_list":{"0":"post-66665","1":"post","2":"type-post","3":"status-publish","4":"format-standard","5":"has-post-thumbnail","7":"category-concursos","8":"wl_entity_type-article"},"acf":[],"yoast_head":"<!-- This site is optimized with the Yoast SEO Premium plugin v26.6 (Yoast SEO v26.6) - https:\/\/yoast.com\/wordpress\/plugins\/seo\/ -->\n<title>Concurso dos Correios oferta 25 vagas para M\u00e9dico do Trabalho Jr<\/title>\n<meta name=\"description\" content=\"As inscri\u00e7\u00f5es para o Concurso P\u00fablico dos Correios iniciam no dia 8 de agosto com sal\u00e1rios iniciais de R$6,8 mil para M\u00e9dico do Trabalho Jr.\" \/>\n<meta name=\"robots\" content=\"index, follow, max-snippet:-1, max-image-preview:large, max-video-preview:-1\" \/>\n<link rel=\"canonical\" href=\"https:\/\/med.estrategia.com\/portal\/concursos\/concurso-publico-dos-correios-oferece-25-vagas-para-area-medica\/\" \/>\n<meta property=\"og:locale\" content=\"pt_BR\" \/>\n<meta property=\"og:type\" content=\"article\" \/>\n<meta property=\"og:title\" content=\"Concurso P\u00fablico dos Correios oferece 25 vagas para \u00e1rea m\u00e9dica\" \/>\n<meta property=\"og:description\" content=\"As inscri\u00e7\u00f5es para o Concurso P\u00fablico dos Correios iniciam no dia 8 de agosto com sal\u00e1rios iniciais de R$6,8 mil para M\u00e9dico do Trabalho Jr.\" \/>\n<meta property=\"og:url\" content=\"https:\/\/med.estrategia.com\/portal\/concursos\/concurso-publico-dos-correios-oferece-25-vagas-para-area-medica\/\" \/>\n<meta property=\"og:site_name\" content=\"Estrat\u00e9gia MED\" \/>\n<meta property=\"article:publisher\" content=\"https:\/\/www.facebook.com\/estrategiamed1\" \/>\n<meta property=\"article:published_time\" content=\"2024-07-23T15:44:58+00:00\" \/>\n<meta property=\"article:modified_time\" content=\"2024-07-23T15:45:03+00:00\" \/>\n<meta property=\"og:image\" content=\"https:\/\/med.estrategia.com\/portal\/wp-content\/uploads\/2024\/07\/Capa-Concurso_Correios.jpg\" \/>\n\t<meta property=\"og:image:width\" content=\"1280\" \/>\n\t<meta property=\"og:image:height\" content=\"720\" \/>\n\t<meta property=\"og:image:type\" content=\"image\/jpeg\" \/>\n<meta name=\"author\" content=\"Priscila Pereira\" \/>\n<meta name=\"twitter:card\" content=\"summary_large_image\" \/>\n<meta name=\"twitter:creator\" content=\"@estrategiamed_\" \/>\n<meta name=\"twitter:site\" content=\"@estrategiamed_\" \/>\n<meta name=\"twitter:label1\" content=\"Escrito por\" \/>\n\t<meta name=\"twitter:data1\" content=\"Priscila Pereira\" \/>\n\t<meta name=\"twitter:label2\" content=\"Est. tempo de leitura\" \/>\n\t<meta name=\"twitter:data2\" content=\"4 minutos\" \/>\n<script type=\"application\/ld+json\" class=\"yoast-schema-graph\">{\"@context\":\"https:\/\/schema.org\",\"@graph\":[{\"@type\":\"WebPage\",\"@id\":\"https:\/\/med.estrategia.com\/portal\/concursos\/concurso-publico-dos-correios-oferece-25-vagas-para-area-medica\/\",\"url\":\"https:\/\/med.estrategia.com\/portal\/concursos\/concurso-publico-dos-correios-oferece-25-vagas-para-area-medica\/\",\"name\":\"Concurso dos Correios oferta 25 vagas para M\u00e9dico do Trabalho Jr\",\"isPartOf\":{\"@id\":\"https:\/\/med.estrategia.com\/portal\/#website\"},\"primaryImageOfPage\":{\"@id\":\"https:\/\/med.estrategia.com\/portal\/concursos\/concurso-publico-dos-correios-oferece-25-vagas-para-area-medica\/#primaryimage\"},\"image\":{\"@id\":\"https:\/\/med.estrategia.com\/portal\/concursos\/concurso-publico-dos-correios-oferece-25-vagas-para-area-medica\/#primaryimage\"},\"thumbnailUrl\":\"https:\/\/med.estrategia.com\/portal\/wp-content\/uploads\/2024\/07\/Capa-Concurso_Correios.jpg\",\"datePublished\":\"2024-07-23T15:44:58+00:00\",\"dateModified\":\"2024-07-23T15:45:03+00:00\",\"author\":{\"@id\":\"https:\/\/med.estrategia.com\/portal\/#\/schema\/person\/d1df06a83a849b79b2d480e7d8952ce3\"},\"description\":\"As inscri\u00e7\u00f5es para o Concurso P\u00fablico dos Correios iniciam no dia 8 de agosto com sal\u00e1rios iniciais de R$6,8 mil para M\u00e9dico do Trabalho Jr.\",\"breadcrumb\":{\"@id\":\"https:\/\/med.estrategia.com\/portal\/concursos\/concurso-publico-dos-correios-oferece-25-vagas-para-area-medica\/#breadcrumb\"},\"inLanguage\":\"pt-BR\",\"potentialAction\":[{\"@type\":\"ReadAction\",\"target\":[\"https:\/\/med.estrategia.com\/portal\/concursos\/concurso-publico-dos-correios-oferece-25-vagas-para-area-medica\/\"]}]},{\"@type\":\"ImageObject\",\"inLanguage\":\"pt-BR\",\"@id\":\"https:\/\/med.estrategia.com\/portal\/concursos\/concurso-publico-dos-correios-oferece-25-vagas-para-area-medica\/#primaryimage\",\"url\":\"https:\/\/med.estrategia.com\/portal\/wp-content\/uploads\/2024\/07\/Capa-Concurso_Correios.jpg\",\"contentUrl\":\"https:\/\/med.estrategia.com\/portal\/wp-content\/uploads\/2024\/07\/Capa-Concurso_Correios.jpg\",\"width\":1280,\"height\":720,\"caption\":\"Estrat\u00e9gia MED | Concurso P\u00fablico Correios\"},{\"@type\":\"BreadcrumbList\",\"@id\":\"https:\/\/med.estrategia.com\/portal\/concursos\/concurso-publico-dos-correios-oferece-25-vagas-para-area-medica\/#breadcrumb\",\"itemListElement\":[{\"@type\":\"ListItem\",\"position\":1,\"name\":\"Home\",\"item\":\"https:\/\/med.estrategia.com\/portal\/\"},{\"@type\":\"ListItem\",\"position\":2,\"name\":\"Concursos M\u00e9dicos\",\"item\":\"https:\/\/med.estrategia.com\/portal\/concursos\/\"},{\"@type\":\"ListItem\",\"position\":3,\"name\":\"Concurso P\u00fablico dos Correios oferece 25 vagas para \u00e1rea m\u00e9dica\"}]},{\"@type\":\"WebSite\",\"@id\":\"https:\/\/med.estrategia.com\/portal\/#website\",\"url\":\"https:\/\/med.estrategia.com\/portal\/\",\"name\":\"Estrat\u00e9gia MED\",\"description\":\"\",\"potentialAction\":[{\"@type\":\"SearchAction\",\"target\":{\"@type\":\"EntryPoint\",\"urlTemplate\":\"https:\/\/med.estrategia.com\/portal\/?s={search_term_string}\"},\"query-input\":{\"@type\":\"PropertyValueSpecification\",\"valueRequired\":true,\"valueName\":\"search_term_string\"}}],\"inLanguage\":\"pt-BR\"},{\"@type\":\"Person\",\"@id\":\"https:\/\/med.estrategia.com\/portal\/#\/schema\/person\/d1df06a83a849b79b2d480e7d8952ce3\",\"name\":\"Priscila Pereira\",\"image\":{\"@type\":\"ImageObject\",\"inLanguage\":\"pt-BR\",\"@id\":\"https:\/\/med.estrategia.com\/portal\/#\/schema\/person\/image\/\",\"url\":\"https:\/\/secure.gravatar.com\/avatar\/fe94f8430a1d23a69c0bc7aab6202e21?s=96&d=mm&r=g\",\"contentUrl\":\"https:\/\/secure.gravatar.com\/avatar\/fe94f8430a1d23a69c0bc7aab6202e21?s=96&d=mm&r=g\",\"caption\":\"Priscila Pereira\"},\"description\":\"Formada e p\u00f3s-graduada na \u00e1rea de comunica\u00e7\u00e3o, divido minha paix\u00e3o entre o jornalismo e os esportes\",\"url\":\"https:\/\/med.estrategia.com\/portal\/author\/priscila-pereira\/\"}]}<\/script>\n<!-- \/ Yoast SEO Premium plugin. -->","yoast_head_json":{"title":"Concurso dos Correios oferta 25 vagas para M\u00e9dico do Trabalho Jr","description":"As inscri\u00e7\u00f5es para o Concurso P\u00fablico dos Correios iniciam no dia 8 de agosto com sal\u00e1rios iniciais de R$6,8 mil para M\u00e9dico do Trabalho Jr.","robots":{"index":"index","follow":"follow","max-snippet":"max-snippet:-1","max-image-preview":"max-image-preview:large","max-video-preview":"max-video-preview:-1"},"canonical":"https:\/\/med.estrategia.com\/portal\/concursos\/concurso-publico-dos-correios-oferece-25-vagas-para-area-medica\/","og_locale":"pt_BR","og_type":"article","og_title":"Concurso P\u00fablico dos Correios oferece 25 vagas para \u00e1rea m\u00e9dica","og_description":"As inscri\u00e7\u00f5es para o Concurso P\u00fablico dos Correios iniciam no dia 8 de agosto com sal\u00e1rios iniciais de R$6,8 mil para M\u00e9dico do Trabalho Jr.","og_url":"https:\/\/med.estrategia.com\/portal\/concursos\/concurso-publico-dos-correios-oferece-25-vagas-para-area-medica\/","og_site_name":"Estrat\u00e9gia MED","article_publisher":"https:\/\/www.facebook.com\/estrategiamed1","article_published_time":"2024-07-23T15:44:58+00:00","article_modified_time":"2024-07-23T15:45:03+00:00","og_image":[{"width":1280,"height":720,"url":"https:\/\/med.estrategia.com\/portal\/wp-content\/uploads\/2024\/07\/Capa-Concurso_Correios.jpg","type":"image\/jpeg"}],"author":"Priscila Pereira","twitter_card":"summary_large_image","twitter_creator":"@estrategiamed_","twitter_site":"@estrategiamed_","twitter_misc":{"Escrito por":"Priscila Pereira","Est. tempo de leitura":"4 minutos"},"schema":{"@context":"https:\/\/schema.org","@graph":[{"@type":"WebPage","@id":"https:\/\/med.estrategia.com\/portal\/concursos\/concurso-publico-dos-correios-oferece-25-vagas-para-area-medica\/","url":"https:\/\/med.estrategia.com\/portal\/concursos\/concurso-publico-dos-correios-oferece-25-vagas-para-area-medica\/","name":"Concurso dos Correios oferta 25 vagas para M\u00e9dico do Trabalho Jr","isPartOf":{"@id":"https:\/\/med.estrategia.com\/portal\/#website"},"primaryImageOfPage":{"@id":"https:\/\/med.estrategia.com\/portal\/concursos\/concurso-publico-dos-correios-oferece-25-vagas-para-area-medica\/#primaryimage"},"image":{"@id":"https:\/\/med.estrategia.com\/portal\/concursos\/concurso-publico-dos-correios-oferece-25-vagas-para-area-medica\/#primaryimage"},"thumbnailUrl":"https:\/\/med.estrategia.com\/portal\/wp-content\/uploads\/2024\/07\/Capa-Concurso_Correios.jpg","datePublished":"2024-07-23T15:44:58+00:00","dateModified":"2024-07-23T15:45:03+00:00","author":{"@id":"https:\/\/med.estrategia.com\/portal\/#\/schema\/person\/d1df06a83a849b79b2d480e7d8952ce3"},"description":"As inscri\u00e7\u00f5es para o Concurso P\u00fablico dos Correios iniciam no dia 8 de agosto com sal\u00e1rios iniciais de R$6,8 mil para M\u00e9dico do Trabalho Jr.","breadcrumb":{"@id":"https:\/\/med.estrategia.com\/portal\/concursos\/concurso-publico-dos-correios-oferece-25-vagas-para-area-medica\/#breadcrumb"},"inLanguage":"pt-BR","potentialAction":[{"@type":"ReadAction","target":["https:\/\/med.estrategia.com\/portal\/concursos\/concurso-publico-dos-correios-oferece-25-vagas-para-area-medica\/"]}]},{"@type":"ImageObject","inLanguage":"pt-BR","@id":"https:\/\/med.estrategia.com\/portal\/concursos\/concurso-publico-dos-correios-oferece-25-vagas-para-area-medica\/#primaryimage","url":"https:\/\/med.estrategia.com\/portal\/wp-content\/uploads\/2024\/07\/Capa-Concurso_Correios.jpg","contentUrl":"https:\/\/med.estrategia.com\/portal\/wp-content\/uploads\/2024\/07\/Capa-Concurso_Correios.jpg","width":1280,"height":720,"caption":"Estrat\u00e9gia MED | Concurso P\u00fablico Correios"},{"@type":"BreadcrumbList","@id":"https:\/\/med.estrategia.com\/portal\/concursos\/concurso-publico-dos-correios-oferece-25-vagas-para-area-medica\/#breadcrumb","itemListElement":[{"@type":"ListItem","position":1,"name":"Home","item":"https:\/\/med.estrategia.com\/portal\/"},{"@type":"ListItem","position":2,"name":"Concursos M\u00e9dicos","item":"https:\/\/med.estrategia.com\/portal\/concursos\/"},{"@type":"ListItem","position":3,"name":"Concurso P\u00fablico dos Correios oferece 25 vagas para \u00e1rea m\u00e9dica"}]},{"@type":"WebSite","@id":"https:\/\/med.estrategia.com\/portal\/#website","url":"https:\/\/med.estrategia.com\/portal\/","name":"Estrat\u00e9gia MED","description":"","potentialAction":[{"@type":"SearchAction","target":{"@type":"EntryPoint","urlTemplate":"https:\/\/med.estrategia.com\/portal\/?s={search_term_string}"},"query-input":{"@type":"PropertyValueSpecification","valueRequired":true,"valueName":"search_term_string"}}],"inLanguage":"pt-BR"},{"@type":"Person","@id":"https:\/\/med.estrategia.com\/portal\/#\/schema\/person\/d1df06a83a849b79b2d480e7d8952ce3","name":"Priscila Pereira","image":{"@type":"ImageObject","inLanguage":"pt-BR","@id":"https:\/\/med.estrategia.com\/portal\/#\/schema\/person\/image\/","url":"https:\/\/secure.gravatar.com\/avatar\/fe94f8430a1d23a69c0bc7aab6202e21?s=96&d=mm&r=g","contentUrl":"https:\/\/secure.gravatar.com\/avatar\/fe94f8430a1d23a69c0bc7aab6202e21?s=96&d=mm&r=g","caption":"Priscila Pereira"},"description":"Formada e p\u00f3s-graduada na \u00e1rea de comunica\u00e7\u00e3o, divido minha paix\u00e3o entre o jornalismo e os esportes","url":"https:\/\/med.estrategia.com\/portal\/author\/priscila-pereira\/"}]}},"_wl_alt_label":[],"wl:entity_url":"\/post\/concurso-publico-dos-correios-oferece-25-vagas-para-area-medica","_links":{"self":[{"href":"https:\/\/med.estrategia.com\/portal\/wp-json\/wp\/v2\/posts\/66665","targetHints":{"allow":["GET"]}}],"collection":[{"href":"https:\/\/med.estrategia.com\/portal\/wp-json\/wp\/v2\/posts"}],"about":[{"href":"https:\/\/med.estrategia.com\/portal\/wp-json\/wp\/v2\/types\/post"}],"author":[{"embeddable":true,"href":"https:\/\/med.estrategia.com\/portal\/wp-json\/wp\/v2\/users\/45"}],"replies":[{"embeddable":true,"href":"https:\/\/med.estrategia.com\/portal\/wp-json\/wp\/v2\/comments?post=66665"}],"version-history":[{"count":7,"href":"https:\/\/med.estrategia.com\/portal\/wp-json\/wp\/v2\/posts\/66665\/revisions"}],"predecessor-version":[{"id":66673,"href":"https:\/\/med.estrategia.com\/portal\/wp-json\/wp\/v2\/posts\/66665\/revisions\/66673"}],"wp:featuredmedia":[{"embeddable":true,"href":"https:\/\/med.estrategia.com\/portal\/wp-json\/wp\/v2\/media\/66666"}],"wp:attachment":[{"href":"https:\/\/med.estrategia.com\/portal\/wp-json\/wp\/v2\/media?parent=66665"}],"wp:term":[{"taxonomy":"category","embeddable":true,"href":"https:\/\/med.estrategia.com\/portal\/wp-json\/wp\/v2\/categories?post=66665"},{"taxonomy":"post_tag","embeddable":true,"href":"https:\/\/med.estrategia.com\/portal\/wp-json\/wp\/v2\/tags?post=66665"},{"taxonomy":"wl_entity_type","embeddable":true,"href":"https:\/\/med.estrategia.com\/portal\/wp-json\/wp\/v2\/wl_entity_type?post=66665"}],"curies":[{"name":"wp","href":"https:\/\/api.w.org\/{rel}","templated":true}]}}