{"id":67240,"date":"2024-07-31T19:56:04","date_gmt":"2024-07-31T22:56:04","guid":{"rendered":"https:\/\/med.estrategia.com\/portal\/?p=67240"},"modified":"2024-07-31T19:56:09","modified_gmt":"2024-07-31T22:56:09","slug":"saude-instituira-notificacao-compulsoria-de-hepatite-b-em-gestantes-e-criancas","status":"publish","type":"post","link":"https:\/\/med.estrategia.com\/portal\/noticias\/saude-instituira-notificacao-compulsoria-de-hepatite-b-em-gestantes-e-criancas\/","title":{"rendered":"Sa\u00fade instituir\u00e1 notifica\u00e7\u00e3o compuls\u00f3ria de hepatite B em gestantes e crian\u00e7as"},"content":{"rendered":"<p>Em nota divulgada na tarde desta quarta-feira (31), o Minist&eacute;rio da Sa&uacute;de anunciou que uma <strong>nova portaria ser&aacute; publicada em breve<\/strong> para incluir a <strong>notifica&ccedil;&atilde;o compuls&oacute;ria de infec&ccedil;&atilde;o por hepatite B em gestantes e crian&ccedil;as expostas &agrave; doen&ccedil;a<\/strong>. A decis&atilde;o ser&aacute; inclu&iacute;da na <a href=\"https:\/\/med.estrategia.com\/portal\/noticias\/como-funciona-a-notificacao-compulsoria-na-saude-publica-brasileira\/#Lista-Nacional-de-Notificacao-Compulsoria-de-Doencas-Agravos-e-Eventos-de-Saude-Publica\" target=\"_blank\">Lista Nacional de Notifica&ccedil;&atilde;o Compuls&oacute;ria de Doen&ccedil;as, Agravos e Eventos de Sa&uacute;de P&uacute;blica<\/a> e m&eacute;dicos, profissionais da sa&uacute;de ou respons&aacute;veis por servi&ccedil;os de sa&uacute;de p&uacute;blico e privado dever&atilde;o, obrigatoriamente, comunicar os casos &agrave; autoridade de sa&uacute;de.<br><br>A pasta ainda destaca que, <strong>atualmente, notifica&ccedil;&otilde;es de hepatite B em gestantes no Brasil n&atilde;o s&atilde;o realizadas a cada gesta&ccedil;&atilde;o, mas sim uma &uacute;nica vez no momento que obtiveram o diagn&oacute;stico da doen&ccedil;a<\/strong>. A triagem para hepatite B deve ser realizada em todas as gestantes a partir do primeiro trimestre ou no in&iacute;cio do pr&eacute;-natal &ndash; primeira consulta. O exame pode ser efetuado por meio de testes laboratoriais e\/ou r&aacute;pidos.<p>No Brasil, em 2023, foram contabilizados 732 casos de hepatite B em gestantes, ou seja, uma taxa de detec&ccedil;&atilde;o de 0,3 caso por mil nascidos vivos.<\/p><div id=\"ez-toc-container\" class=\"ez-toc-v2_0_79_2 counter-hierarchy ez-toc-counter ez-toc-transparent ez-toc-container-direction\">\n<div class=\"ez-toc-title-container\"><p class=\"ez-toc-title\" style=\"cursor:inherit\">Navegue pelo conte\u00fado<\/p>\n<\/div><nav><ul class='ez-toc-list ez-toc-list-level-1 ' ><li class='ez-toc-page-1 ez-toc-heading-level-2'><a class=\"ez-toc-link ez-toc-heading-1\" href=\"https:\/\/med.estrategia.com\/portal\/noticias\/saude-instituira-notificacao-compulsoria-de-hepatite-b-em-gestantes-e-criancas\/#A-Notificacao-Compulsoria-na-saude-publica-brasileira\" >A Notifica&ccedil;&atilde;o Compuls&oacute;ria na sa&uacute;de p&uacute;blica brasileira<\/a><\/li><li class='ez-toc-page-1 ez-toc-heading-level-2'><a class=\"ez-toc-link ez-toc-heading-2\" href=\"https:\/\/med.estrategia.com\/portal\/noticias\/saude-instituira-notificacao-compulsoria-de-hepatite-b-em-gestantes-e-criancas\/#Hepatite-B\" >Hepatite B<\/a><\/li><\/ul><\/nav><\/div>\n<h2 class=\"wp-block-heading\" id=\"h-a-notificacao-compulsoria-na-saude-publica-brasileira\"><span class=\"ez-toc-section\" id=\"A-Notificacao-Compulsoria-na-saude-publica-brasileira\"><\/span>A Notifica&ccedil;&atilde;o Compuls&oacute;ria na sa&uacute;de p&uacute;blica brasileira<span class=\"ez-toc-section-end\"><\/span><\/h2><p>Realizada por meio do&nbsp;<strong>Sistema de Informa&ccedil;&atilde;o de Agravos de Notifica&ccedil;&atilde;o (Sinan)<\/strong>, que &eacute; o principal&nbsp;<strong>banco de dados<\/strong>&nbsp;para o&nbsp;registro e investiga&ccedil;&atilde;o de casos de doen&ccedil;as e agravos listados na rela&ccedil;&atilde;o nacional de notifica&ccedil;&atilde;o compuls&oacute;ria. <br><br>A notifica&ccedil;&atilde;o compuls&oacute;ria &eacute; um mecanismo vital na vigil&acirc;ncia epidemiol&oacute;gica, representando uma<strong> ferramenta imprescind&iacute;vel para a sa&uacute;de p&uacute;blica<\/strong>. Este processo envolve a <strong>comunica&ccedil;&atilde;o obrigat&oacute;ria &agrave; autoridade de sa&uacute;de<\/strong> por m&eacute;dicos, profissionais de sa&uacute;de ou respons&aacute;veis por estabelecimentos de sa&uacute;de, tanto p&uacute;blicos quanto privados, sobre a <strong>ocorr&ecirc;ncia de suspeita ou confirma&ccedil;&atilde;o de doen&ccedil;as, agravos ou eventos de sa&uacute;de p&uacute;blica<\/strong>. Essas notifica&ccedil;&otilde;es podem ser realizadas de forma imediata ou semanal.<\/p><p>Al&eacute;m das doen&ccedil;as e agravos estipulados nacionalmente, estados e munic&iacute;pios t&ecirc;m a liberdade de incluir outros problemas de sa&uacute;de que considerem relevantes para sua regi&atilde;o.<br><br>Confira o <strong>texto exclusivo preparado pelo Estrat&eacute;gia MED<\/strong> para entender quais s&atilde;o os crit&eacute;rios para inclus&atilde;o de doen&ccedil;as e agravos, bem como sua import&acirc;ncia e a lista atualizada:<\/p><div class=\"wp-block-buttons is-content-justification-center is-layout-flex wp-container-core-buttons-is-layout-1 wp-block-buttons-is-layout-flex\">\n<div class=\"wp-block-button\"><a class=\"wp-block-button__link wp-element-button\" href=\"https:\/\/med.estrategia.com\/portal\/noticias\/como-funciona-a-notificacao-compulsoria-na-saude-publica-brasileira\/#Lista-Nacional-de-Notificacao-Compulsoria-de-Doencas-Agravos-e-Eventos-de-Saude-Publica\" target=\"_blank\">Como funciona a Notifica&ccedil;&atilde;o Compuls&oacute;ria na sa&uacute;de p&uacute;blica brasileira<\/a><\/div>\n<\/div><h2 class=\"wp-block-heading\" id=\"h-hepatite-b\"><span class=\"ez-toc-section\" id=\"Hepatite-B\"><\/span>Hepatite B<span class=\"ez-toc-section-end\"><\/span><\/h2><p>A <strong>hepatite B<\/strong>, infec&ccedil;&atilde;o causada por um v&iacute;rus pertencente &agrave; fam&iacute;lia <em>Hepadnaviridae<\/em>, &eacute; uma doen&ccedil;a que <strong>provoca inflama&ccedil;&atilde;o no f&iacute;gado<\/strong> transmitida de maneira parenteral, por sangue ou flu&iacute;dos corporais contaminados, sendo <strong>tamb&eacute;m classificada como uma infec&ccedil;&atilde;o sexualmente transmiss&iacute;vel (IST)<\/strong>. Al&eacute;m de ser um dos cinco tipos da doen&ccedil;a no pa&iacute;s (A, B, C, D e E), a hepatite B <strong>pode ser assintom&aacute;tica<\/strong>, <strong>aguda benigna<\/strong>, <strong>aguda grave e fulminante<\/strong>, ou <strong>cr&ocirc;nica com risco de progress&atilde;o para cirrose e carcinoma hepatomedular<\/strong>.<br><br>Segundo o Minist&eacute;rio da Sa&uacute;de, <strong>a maioria dos casos de hepatite B n&atilde;o apresentam sintomas e podem vir a ser diagnosticados anos ap&oacute;s a infec&ccedil;&atilde;o<\/strong>. Dentre os sintomas comuns temos cansa&ccedil;o, dor abdominal, pele e olhos amarelados, febre, enj&ocirc;o e v&ocirc;mito.<\/p><p>Se voc&ecirc; quer ficar por dentro de mais conte&uacute;dos relevantes sobre a &aacute;rea m&eacute;dica, continue acompanhando o material preparado pelo Portal de Not&iacute;cias do Estrat&eacute;gia MED. Aqui, voc&ecirc; encontrar&aacute; informa&ccedil;&otilde;es atualizadas sobre resid&ecirc;ncias, carreira m&eacute;dica e muito mais.<\/p><p>\n\n\n\n\n\n<a id=\"cta\" class=\"cta-imagem\" href=\"https:\/\/med.estrategia.com\/curso\/banco-de-questes-resumos-estrategicos-anual\/\" target=\"blank\">\n                <img decoding=\"async\" width=\"100%\" src=\"https:\/\/med.estrategia.com\/portal\/wp-content\/uploads\/2025\/08\/banco_questoes.png\" alt=\"banco_questoes\" title=\"banco_questoes\">\n        <\/a>\n<\/p><\/p>\n","protected":false},"excerpt":{"rendered":"Em nota divulgada na tarde desta quarta-feira (31), o Minist&eacute;rio da Sa&uacute;de anunciou que uma nova portaria ser&aacute;&hellip;\n","protected":false},"author":39,"featured_media":67250,"comment_status":"closed","ping_status":"closed","sticky":false,"template":"","format":"standard","meta":{"wl_entities_gutenberg":"","footnotes":""},"categories":[300],"tags":[],"wl_entity_type":[199],"class_list":{"0":"post-67240","1":"post","2":"type-post","3":"status-publish","4":"format-standard","5":"has-post-thumbnail","7":"category-noticias","8":"wl_entity_type-article"},"acf":[],"yoast_head":"<!-- This site is optimized with the Yoast SEO Premium plugin v26.6 (Yoast SEO v26.6) - https:\/\/yoast.com\/wordpress\/plugins\/seo\/ -->\n<title>Sa\u00fade instituir\u00e1 notifica\u00e7\u00e3o compuls\u00f3ria de hepatite B em gestantes e crian\u00e7as<\/title>\n<meta name=\"description\" content=\"Atualmente, a notifica\u00e7\u00e3o compuls\u00f3ria de hepatite B em gestantes no Brasil n\u00e3o \u00e9 realizada a cada gesta\u00e7\u00e3o. Confira!\" \/>\n<meta name=\"robots\" content=\"index, follow, max-snippet:-1, max-image-preview:large, max-video-preview:-1\" \/>\n<link rel=\"canonical\" href=\"https:\/\/med.estrategia.com\/portal\/noticias\/saude-instituira-notificacao-compulsoria-de-hepatite-b-em-gestantes-e-criancas\/\" \/>\n<meta property=\"og:locale\" content=\"pt_BR\" \/>\n<meta property=\"og:type\" content=\"article\" \/>\n<meta property=\"og:title\" content=\"Sa\u00fade instituir\u00e1 notifica\u00e7\u00e3o compuls\u00f3ria de hepatite B em gestantes e crian\u00e7as\" \/>\n<meta property=\"og:description\" content=\"Atualmente, a notifica\u00e7\u00e3o compuls\u00f3ria de hepatite B em gestantes no Brasil n\u00e3o \u00e9 realizada a cada gesta\u00e7\u00e3o. Confira!\" \/>\n<meta property=\"og:url\" content=\"https:\/\/med.estrategia.com\/portal\/noticias\/saude-instituira-notificacao-compulsoria-de-hepatite-b-em-gestantes-e-criancas\/\" \/>\n<meta property=\"og:site_name\" content=\"Estrat\u00e9gia MED\" \/>\n<meta property=\"article:publisher\" content=\"https:\/\/www.facebook.com\/estrategiamed1\" \/>\n<meta property=\"article:published_time\" content=\"2024-07-31T22:56:04+00:00\" \/>\n<meta property=\"article:modified_time\" content=\"2024-07-31T22:56:09+00:00\" \/>\n<meta property=\"og:image\" content=\"https:\/\/med.estrategia.com\/portal\/wp-content\/uploads\/2024\/07\/back-view-doctor-holding-blood-sample.jpg\" \/>\n\t<meta property=\"og:image:width\" content=\"1920\" \/>\n\t<meta property=\"og:image:height\" content=\"1277\" \/>\n\t<meta property=\"og:image:type\" content=\"image\/jpeg\" \/>\n<meta name=\"author\" content=\"Ana Carolina Damasceno\" \/>\n<meta name=\"twitter:card\" content=\"summary_large_image\" \/>\n<meta name=\"twitter:creator\" content=\"@estrategiamed_\" \/>\n<meta name=\"twitter:site\" content=\"@estrategiamed_\" \/>\n<meta name=\"twitter:label1\" content=\"Escrito por\" \/>\n\t<meta name=\"twitter:data1\" content=\"Ana Carolina Damasceno\" \/>\n\t<meta name=\"twitter:label2\" content=\"Est. tempo de leitura\" \/>\n\t<meta name=\"twitter:data2\" content=\"3 minutos\" \/>\n<script type=\"application\/ld+json\" class=\"yoast-schema-graph\">{\"@context\":\"https:\/\/schema.org\",\"@graph\":[{\"@type\":\"WebPage\",\"@id\":\"https:\/\/med.estrategia.com\/portal\/noticias\/saude-instituira-notificacao-compulsoria-de-hepatite-b-em-gestantes-e-criancas\/\",\"url\":\"https:\/\/med.estrategia.com\/portal\/noticias\/saude-instituira-notificacao-compulsoria-de-hepatite-b-em-gestantes-e-criancas\/\",\"name\":\"Sa\u00fade instituir\u00e1 notifica\u00e7\u00e3o compuls\u00f3ria de hepatite B em gestantes e crian\u00e7as\",\"isPartOf\":{\"@id\":\"https:\/\/med.estrategia.com\/portal\/#website\"},\"primaryImageOfPage\":{\"@id\":\"https:\/\/med.estrategia.com\/portal\/noticias\/saude-instituira-notificacao-compulsoria-de-hepatite-b-em-gestantes-e-criancas\/#primaryimage\"},\"image\":{\"@id\":\"https:\/\/med.estrategia.com\/portal\/noticias\/saude-instituira-notificacao-compulsoria-de-hepatite-b-em-gestantes-e-criancas\/#primaryimage\"},\"thumbnailUrl\":\"https:\/\/med.estrategia.com\/portal\/wp-content\/uploads\/2024\/07\/back-view-doctor-holding-blood-sample.jpg\",\"datePublished\":\"2024-07-31T22:56:04+00:00\",\"dateModified\":\"2024-07-31T22:56:09+00:00\",\"author\":{\"@id\":\"https:\/\/med.estrategia.com\/portal\/#\/schema\/person\/2f553adbb8e25fe39d145c5b2927f58c\"},\"description\":\"Atualmente, a notifica\u00e7\u00e3o compuls\u00f3ria de hepatite B em gestantes no Brasil n\u00e3o \u00e9 realizada a cada gesta\u00e7\u00e3o. Confira!\",\"breadcrumb\":{\"@id\":\"https:\/\/med.estrategia.com\/portal\/noticias\/saude-instituira-notificacao-compulsoria-de-hepatite-b-em-gestantes-e-criancas\/#breadcrumb\"},\"inLanguage\":\"pt-BR\",\"potentialAction\":[{\"@type\":\"ReadAction\",\"target\":[\"https:\/\/med.estrategia.com\/portal\/noticias\/saude-instituira-notificacao-compulsoria-de-hepatite-b-em-gestantes-e-criancas\/\"]}]},{\"@type\":\"ImageObject\",\"inLanguage\":\"pt-BR\",\"@id\":\"https:\/\/med.estrategia.com\/portal\/noticias\/saude-instituira-notificacao-compulsoria-de-hepatite-b-em-gestantes-e-criancas\/#primaryimage\",\"url\":\"https:\/\/med.estrategia.com\/portal\/wp-content\/uploads\/2024\/07\/back-view-doctor-holding-blood-sample.jpg\",\"contentUrl\":\"https:\/\/med.estrategia.com\/portal\/wp-content\/uploads\/2024\/07\/back-view-doctor-holding-blood-sample.jpg\",\"width\":1920,\"height\":1277},{\"@type\":\"BreadcrumbList\",\"@id\":\"https:\/\/med.estrategia.com\/portal\/noticias\/saude-instituira-notificacao-compulsoria-de-hepatite-b-em-gestantes-e-criancas\/#breadcrumb\",\"itemListElement\":[{\"@type\":\"ListItem\",\"position\":1,\"name\":\"Home\",\"item\":\"https:\/\/med.estrategia.com\/portal\/\"},{\"@type\":\"ListItem\",\"position\":2,\"name\":\"Not\u00edcias\",\"item\":\"https:\/\/med.estrategia.com\/portal\/noticias\/\"},{\"@type\":\"ListItem\",\"position\":3,\"name\":\"Sa\u00fade instituir\u00e1 notifica\u00e7\u00e3o compuls\u00f3ria de hepatite B em gestantes e crian\u00e7as\"}]},{\"@type\":\"WebSite\",\"@id\":\"https:\/\/med.estrategia.com\/portal\/#website\",\"url\":\"https:\/\/med.estrategia.com\/portal\/\",\"name\":\"Estrat\u00e9gia MED\",\"description\":\"\",\"potentialAction\":[{\"@type\":\"SearchAction\",\"target\":{\"@type\":\"EntryPoint\",\"urlTemplate\":\"https:\/\/med.estrategia.com\/portal\/?s={search_term_string}\"},\"query-input\":{\"@type\":\"PropertyValueSpecification\",\"valueRequired\":true,\"valueName\":\"search_term_string\"}}],\"inLanguage\":\"pt-BR\"},{\"@type\":\"Person\",\"@id\":\"https:\/\/med.estrategia.com\/portal\/#\/schema\/person\/2f553adbb8e25fe39d145c5b2927f58c\",\"name\":\"Ana Carolina Damasceno\",\"image\":{\"@type\":\"ImageObject\",\"inLanguage\":\"pt-BR\",\"@id\":\"https:\/\/med.estrategia.com\/portal\/#\/schema\/person\/image\/\",\"url\":\"https:\/\/med.estrategia.com\/portal\/wp-content\/uploads\/2021\/09\/WhatsApp-Image-2023-08-18-at-16.46.43-150x150.jpeg\",\"contentUrl\":\"https:\/\/med.estrategia.com\/portal\/wp-content\/uploads\/2021\/09\/WhatsApp-Image-2023-08-18-at-16.46.43-150x150.jpeg\",\"caption\":\"Ana Carolina Damasceno\"},\"description\":\"Coordenadora de Jornalismo EMED. Comunicadora por natureza e forma\u00e7\u00e3o, que ama e perde a no\u00e7\u00e3o do tempo com m\u00fasica e s\u00e9rie.\",\"url\":\"https:\/\/med.estrategia.com\/portal\/author\/ana-carolina-damasceno\/\"}]}<\/script>\n<!-- \/ Yoast SEO Premium plugin. -->","yoast_head_json":{"title":"Sa\u00fade instituir\u00e1 notifica\u00e7\u00e3o compuls\u00f3ria de hepatite B em gestantes e crian\u00e7as","description":"Atualmente, a notifica\u00e7\u00e3o compuls\u00f3ria de hepatite B em gestantes no Brasil n\u00e3o \u00e9 realizada a cada gesta\u00e7\u00e3o. Confira!","robots":{"index":"index","follow":"follow","max-snippet":"max-snippet:-1","max-image-preview":"max-image-preview:large","max-video-preview":"max-video-preview:-1"},"canonical":"https:\/\/med.estrategia.com\/portal\/noticias\/saude-instituira-notificacao-compulsoria-de-hepatite-b-em-gestantes-e-criancas\/","og_locale":"pt_BR","og_type":"article","og_title":"Sa\u00fade instituir\u00e1 notifica\u00e7\u00e3o compuls\u00f3ria de hepatite B em gestantes e crian\u00e7as","og_description":"Atualmente, a notifica\u00e7\u00e3o compuls\u00f3ria de hepatite B em gestantes no Brasil n\u00e3o \u00e9 realizada a cada gesta\u00e7\u00e3o. Confira!","og_url":"https:\/\/med.estrategia.com\/portal\/noticias\/saude-instituira-notificacao-compulsoria-de-hepatite-b-em-gestantes-e-criancas\/","og_site_name":"Estrat\u00e9gia MED","article_publisher":"https:\/\/www.facebook.com\/estrategiamed1","article_published_time":"2024-07-31T22:56:04+00:00","article_modified_time":"2024-07-31T22:56:09+00:00","og_image":[{"width":1920,"height":1277,"url":"https:\/\/med.estrategia.com\/portal\/wp-content\/uploads\/2024\/07\/back-view-doctor-holding-blood-sample.jpg","type":"image\/jpeg"}],"author":"Ana Carolina Damasceno","twitter_card":"summary_large_image","twitter_creator":"@estrategiamed_","twitter_site":"@estrategiamed_","twitter_misc":{"Escrito por":"Ana Carolina Damasceno","Est. tempo de leitura":"3 minutos"},"schema":{"@context":"https:\/\/schema.org","@graph":[{"@type":"WebPage","@id":"https:\/\/med.estrategia.com\/portal\/noticias\/saude-instituira-notificacao-compulsoria-de-hepatite-b-em-gestantes-e-criancas\/","url":"https:\/\/med.estrategia.com\/portal\/noticias\/saude-instituira-notificacao-compulsoria-de-hepatite-b-em-gestantes-e-criancas\/","name":"Sa\u00fade instituir\u00e1 notifica\u00e7\u00e3o compuls\u00f3ria de hepatite B em gestantes e crian\u00e7as","isPartOf":{"@id":"https:\/\/med.estrategia.com\/portal\/#website"},"primaryImageOfPage":{"@id":"https:\/\/med.estrategia.com\/portal\/noticias\/saude-instituira-notificacao-compulsoria-de-hepatite-b-em-gestantes-e-criancas\/#primaryimage"},"image":{"@id":"https:\/\/med.estrategia.com\/portal\/noticias\/saude-instituira-notificacao-compulsoria-de-hepatite-b-em-gestantes-e-criancas\/#primaryimage"},"thumbnailUrl":"https:\/\/med.estrategia.com\/portal\/wp-content\/uploads\/2024\/07\/back-view-doctor-holding-blood-sample.jpg","datePublished":"2024-07-31T22:56:04+00:00","dateModified":"2024-07-31T22:56:09+00:00","author":{"@id":"https:\/\/med.estrategia.com\/portal\/#\/schema\/person\/2f553adbb8e25fe39d145c5b2927f58c"},"description":"Atualmente, a notifica\u00e7\u00e3o compuls\u00f3ria de hepatite B em gestantes no Brasil n\u00e3o \u00e9 realizada a cada gesta\u00e7\u00e3o. Confira!","breadcrumb":{"@id":"https:\/\/med.estrategia.com\/portal\/noticias\/saude-instituira-notificacao-compulsoria-de-hepatite-b-em-gestantes-e-criancas\/#breadcrumb"},"inLanguage":"pt-BR","potentialAction":[{"@type":"ReadAction","target":["https:\/\/med.estrategia.com\/portal\/noticias\/saude-instituira-notificacao-compulsoria-de-hepatite-b-em-gestantes-e-criancas\/"]}]},{"@type":"ImageObject","inLanguage":"pt-BR","@id":"https:\/\/med.estrategia.com\/portal\/noticias\/saude-instituira-notificacao-compulsoria-de-hepatite-b-em-gestantes-e-criancas\/#primaryimage","url":"https:\/\/med.estrategia.com\/portal\/wp-content\/uploads\/2024\/07\/back-view-doctor-holding-blood-sample.jpg","contentUrl":"https:\/\/med.estrategia.com\/portal\/wp-content\/uploads\/2024\/07\/back-view-doctor-holding-blood-sample.jpg","width":1920,"height":1277},{"@type":"BreadcrumbList","@id":"https:\/\/med.estrategia.com\/portal\/noticias\/saude-instituira-notificacao-compulsoria-de-hepatite-b-em-gestantes-e-criancas\/#breadcrumb","itemListElement":[{"@type":"ListItem","position":1,"name":"Home","item":"https:\/\/med.estrategia.com\/portal\/"},{"@type":"ListItem","position":2,"name":"Not\u00edcias","item":"https:\/\/med.estrategia.com\/portal\/noticias\/"},{"@type":"ListItem","position":3,"name":"Sa\u00fade instituir\u00e1 notifica\u00e7\u00e3o compuls\u00f3ria de hepatite B em gestantes e crian\u00e7as"}]},{"@type":"WebSite","@id":"https:\/\/med.estrategia.com\/portal\/#website","url":"https:\/\/med.estrategia.com\/portal\/","name":"Estrat\u00e9gia MED","description":"","potentialAction":[{"@type":"SearchAction","target":{"@type":"EntryPoint","urlTemplate":"https:\/\/med.estrategia.com\/portal\/?s={search_term_string}"},"query-input":{"@type":"PropertyValueSpecification","valueRequired":true,"valueName":"search_term_string"}}],"inLanguage":"pt-BR"},{"@type":"Person","@id":"https:\/\/med.estrategia.com\/portal\/#\/schema\/person\/2f553adbb8e25fe39d145c5b2927f58c","name":"Ana Carolina Damasceno","image":{"@type":"ImageObject","inLanguage":"pt-BR","@id":"https:\/\/med.estrategia.com\/portal\/#\/schema\/person\/image\/","url":"https:\/\/med.estrategia.com\/portal\/wp-content\/uploads\/2021\/09\/WhatsApp-Image-2023-08-18-at-16.46.43-150x150.jpeg","contentUrl":"https:\/\/med.estrategia.com\/portal\/wp-content\/uploads\/2021\/09\/WhatsApp-Image-2023-08-18-at-16.46.43-150x150.jpeg","caption":"Ana Carolina Damasceno"},"description":"Coordenadora de Jornalismo EMED. Comunicadora por natureza e forma\u00e7\u00e3o, que ama e perde a no\u00e7\u00e3o do tempo com m\u00fasica e s\u00e9rie.","url":"https:\/\/med.estrategia.com\/portal\/author\/ana-carolina-damasceno\/"}]}},"_wl_alt_label":[],"wl:entity_url":"\/post\/saude-instituira-notificacao-compulsoria-de-hepatite-b-em-gestantes-e-criancas","_links":{"self":[{"href":"https:\/\/med.estrategia.com\/portal\/wp-json\/wp\/v2\/posts\/67240","targetHints":{"allow":["GET"]}}],"collection":[{"href":"https:\/\/med.estrategia.com\/portal\/wp-json\/wp\/v2\/posts"}],"about":[{"href":"https:\/\/med.estrategia.com\/portal\/wp-json\/wp\/v2\/types\/post"}],"author":[{"embeddable":true,"href":"https:\/\/med.estrategia.com\/portal\/wp-json\/wp\/v2\/users\/39"}],"replies":[{"embeddable":true,"href":"https:\/\/med.estrategia.com\/portal\/wp-json\/wp\/v2\/comments?post=67240"}],"version-history":[{"count":3,"href":"https:\/\/med.estrategia.com\/portal\/wp-json\/wp\/v2\/posts\/67240\/revisions"}],"predecessor-version":[{"id":67252,"href":"https:\/\/med.estrategia.com\/portal\/wp-json\/wp\/v2\/posts\/67240\/revisions\/67252"}],"wp:featuredmedia":[{"embeddable":true,"href":"https:\/\/med.estrategia.com\/portal\/wp-json\/wp\/v2\/media\/67250"}],"wp:attachment":[{"href":"https:\/\/med.estrategia.com\/portal\/wp-json\/wp\/v2\/media?parent=67240"}],"wp:term":[{"taxonomy":"category","embeddable":true,"href":"https:\/\/med.estrategia.com\/portal\/wp-json\/wp\/v2\/categories?post=67240"},{"taxonomy":"post_tag","embeddable":true,"href":"https:\/\/med.estrategia.com\/portal\/wp-json\/wp\/v2\/tags?post=67240"},{"taxonomy":"wl_entity_type","embeddable":true,"href":"https:\/\/med.estrategia.com\/portal\/wp-json\/wp\/v2\/wl_entity_type?post=67240"}],"curies":[{"name":"wp","href":"https:\/\/api.w.org\/{rel}","templated":true}]}}