{"id":67261,"date":"2024-08-01T14:41:05","date_gmt":"2024-08-01T17:41:05","guid":{"rendered":"https:\/\/med.estrategia.com\/portal\/?p=67261"},"modified":"2024-08-01T14:41:10","modified_gmt":"2024-08-01T17:41:10","slug":"concurso-publico-trf-2a-regiao-resultados-preliminares-da-prova-objetiva","status":"publish","type":"post","link":"https:\/\/med.estrategia.com\/portal\/concursos\/concurso-publico-trf-2a-regiao-resultados-preliminares-da-prova-objetiva\/","title":{"rendered":"Concurso P\u00fablico TRF 2\u00aa regi\u00e3o: Resultados preliminares da prova objetiva!"},"content":{"rendered":"<p>O <strong>Tribunal Regional Federal da 2&ordf; Regi&atilde;o (TRF 2)<\/strong>, com jurisdi&ccedil;&atilde;o nos estados do Rio de Janeiro e Esp&iacute;rito Santo, publicou <strong>os resultados preliminares da prova objetiva<\/strong> do concurso p&uacute;blico TRF 2&ordf; Regi&atilde;o.<ul class=\"wp-block-list\">\n<li><a href=\"https:\/\/med.estrategia.com\/portal\/wp-content\/uploads\/2024\/08\/resultado_preliminar_TRF2.pdf\" target=\"_blank\">Resultado Preliminar Prova Objetiva &ndash; &aacute;rea m&eacute;dica. <\/a><\/li>\n<\/ul><p>Os candidatos podem entrar com pedido de recurso at&eacute; o dia 1 de agosto, no site da banca organizadora <a href=\"https:\/\/www.institutoaocp.org.br\/concursos\/601\" target=\"_blank\">Instituto AOCP<\/a>.<\/p><p>O edital traz oportunidades para forma&ccedil;&atilde;o de cadastro reserva para Analista Judici&aacute;rio &ndash; &Aacute;rea Apoio Especializado &ndash;<strong> Especialidade Medicina Psiquiatria, Medicina do Trabalho e Cl&iacute;nico Geral.<\/strong><\/p><p>A remunera&ccedil;&atilde;o inicial &eacute; de <strong>R$ 13.994,78<\/strong> para uma carga hor&aacute;ria de 40 horas semanais.<\/p><div id=\"ez-toc-container\" class=\"ez-toc-v2_0_79_2 counter-hierarchy ez-toc-counter ez-toc-transparent ez-toc-container-direction\">\n<div class=\"ez-toc-title-container\"><p class=\"ez-toc-title\" style=\"cursor:inherit\">Navegue pelo conte\u00fado<\/p>\n<\/div><nav><ul class='ez-toc-list ez-toc-list-level-1 ' ><li class='ez-toc-page-1 ez-toc-heading-level-2'><a class=\"ez-toc-link ez-toc-heading-1\" href=\"https:\/\/med.estrategia.com\/portal\/concursos\/concurso-publico-trf-2a-regiao-resultados-preliminares-da-prova-objetiva\/#Resumo-Edital-TRF-2a-Regiao-%E2%80%93-2024\" >Resumo Edital TRF 2&ordf; Regi&atilde;o &ndash; 2024<\/a><\/li><li class='ez-toc-page-1 ez-toc-heading-level-2'><a class=\"ez-toc-link ez-toc-heading-2\" href=\"https:\/\/med.estrategia.com\/portal\/concursos\/concurso-publico-trf-2a-regiao-resultados-preliminares-da-prova-objetiva\/#Processo-Seletivo-TRF2\" >Processo Seletivo TRF2<\/a><\/li><\/ul><\/nav><\/div>\n<h2 class=\"wp-block-heading\" id=\"h-resumo-edital-trf-2&ordf;-regiao-2024\"><span class=\"ez-toc-section\" id=\"Resumo-Edital-TRF-2a-Regiao-%E2%80%93-2024\"><\/span>Resumo Edital TRF 2&ordf; Regi&atilde;o &ndash; 2024<span class=\"ez-toc-section-end\"><\/span><\/h2><figure class=\"wp-block-table\"><table><tbody><tr><td>Vagas Ofertadas<\/td><td>CR<\/td><\/tr><tr><td>Carga Hor&aacute;ria<\/td><td>40 horas<\/td><\/tr><tr><td>Remunera&ccedil;&atilde;o<\/td><td>R$ 13.994,78<\/td><\/tr><tr><td>Composi&ccedil;&atilde;o do Processo Seletivo<\/td><td>Prova objetiva e Prova Discursiva<\/td><\/tr><tr><td>Per&iacute;odo de inscri&ccedil;&atilde;o<\/td><td>11\/04\/2024 a 10\/05\/2024<\/td><\/tr><tr><td>Taxa de Inscri&ccedil;&atilde;o<\/td><td>R$ 80,00<\/td><\/tr><tr><td>Prazo para solicitar a isen&ccedil;&atilde;o da taxa de inscri&ccedil;&atilde;o<\/td><td>11 a 15\/04\/2024<\/td><\/tr><tr><td>&Uacute;ltimo dia para pagamento do valor da inscri&ccedil;&atilde;o<\/td><td>10\/05\/2024<\/td><\/tr><tr><td>Prova Objetiva<\/td><td>07\/07\/2024<\/td><\/tr><tr><td>Resultado da Prova Objetiva &ndash; Preliminar<\/td><td>30\/07\/2024<\/td><\/tr><tr><td>Resultado da Prova Objetiva &ndash; P&oacute;s-recursos. &ndash; Gabarito Definitivo<\/td><td>09\/08\/2024<\/td><\/tr><tr><td>Divulga&ccedil;&atilde;o dos candidatos que ter&atilde;o a Prova Discursiva Corrigida<\/td><td>09\/08\/2024<\/td><\/tr><\/tbody><\/table><\/figure><h2 class=\"wp-block-heading\" id=\"h-processo-seletivo-trf2\"><span class=\"ez-toc-section\" id=\"Processo-Seletivo-TRF2\"><\/span>Processo Seletivo TRF2<span class=\"ez-toc-section-end\"><\/span><\/h2><p>O concurso p&uacute;blico para &aacute;rea m&eacute;dica foi composto pelas seguintes avalia&ccedil;&otilde;es:<\/p><ul class=\"wp-block-list\">\n<li>Prova objetiva, de car&aacute;ter eliminat&oacute;rio e classificat&oacute;rio, para todos os cargos; e<\/li>\n\n\n\n<li>Prova discursiva, tamb&eacute;m de car&aacute;ter eliminat&oacute;rio e classificat&oacute;rio, para todos os cargos.<\/li>\n<\/ul><p>Para os cargos m&eacute;dicos, a<strong> prova objetiva aconteceu no dia 07 de julho de 2024<\/strong>, nas cidades de Araruama, Campos dos Goytacazes, Duque de Caxias, Niter&oacute;i, Petr&oacute;polis, Rio de Janeiro, S&atilde;o Gon&ccedil;alo e Volta Redonda, localizadas no Estado do Rio de Janeiro. Para o cargo com especializa&ccedil;&atilde;o em Cl&iacute;nico Geral, no estado do Esp&iacute;rito Santo, a prova foi aplicada nos munic&iacute;pios de Cachoeiro de Itapemirim, Colatina e Vit&oacute;ria.<\/p><p><strong>Saiba mais sobre o concurso p&uacute;blico TRF2, <\/strong><a href=\"https:\/\/med.estrategia.com\/portal\/concursos\/concurso-trt-rn-oferece-cadastro-reserva-para-medico-com-salario-de-132-mil-reais\/\" target=\"_blank\"><strong>a<\/strong><\/a><a href=\"https:\/\/med.estrategia.com\/portal\/concursos\/concurso-publico-trf-2a-regiao-oferece-cadastro-reserva-para-medicos\/\" target=\"_blank\"><strong>cesse!<\/strong><\/a><\/p><\/p>\n","protected":false},"excerpt":{"rendered":"Concurso P\u00fablico TRF2 oferece cadastro reserva para m\u00e9dicos com sal\u00e1rio inicial de R$ 13,9 mil \n","protected":false},"author":45,"featured_media":67260,"comment_status":"closed","ping_status":"closed","sticky":false,"template":"","format":"standard","meta":{"wl_entities_gutenberg":"","footnotes":""},"categories":[474],"tags":[],"wl_entity_type":[199],"class_list":{"0":"post-67261","1":"post","2":"type-post","3":"status-publish","4":"format-standard","5":"has-post-thumbnail","7":"category-concursos","8":"wl_entity_type-article"},"acf":[],"yoast_head":"<!-- This site is optimized with the Yoast SEO Premium plugin v26.6 (Yoast SEO v26.6) - https:\/\/yoast.com\/wordpress\/plugins\/seo\/ -->\n<title>Concurso TRF 2: Resultados preliminares da prova objetiva!<\/title>\n<meta name=\"description\" content=\"O Tribunal Regional Federal da 2\u00aa Regi\u00e3o (TRF 2) publicou o resultados preliminares da prova objetiva do concurso p\u00fablico TRF 2\u00aa Regi\u00e3o.\" \/>\n<meta name=\"robots\" content=\"index, follow, max-snippet:-1, max-image-preview:large, max-video-preview:-1\" \/>\n<link rel=\"canonical\" href=\"https:\/\/med.estrategia.com\/portal\/concursos\/concurso-publico-trf-2a-regiao-resultados-preliminares-da-prova-objetiva\/\" \/>\n<meta property=\"og:locale\" content=\"pt_BR\" \/>\n<meta property=\"og:type\" content=\"article\" \/>\n<meta property=\"og:title\" content=\"Concurso P\u00fablico TRF 2\u00aa regi\u00e3o: Resultados preliminares da prova objetiva!\" \/>\n<meta property=\"og:description\" content=\"O Tribunal Regional Federal da 2\u00aa Regi\u00e3o (TRF 2) publicou o resultados preliminares da prova objetiva do concurso p\u00fablico TRF 2\u00aa Regi\u00e3o.\" \/>\n<meta property=\"og:url\" content=\"https:\/\/med.estrategia.com\/portal\/concursos\/concurso-publico-trf-2a-regiao-resultados-preliminares-da-prova-objetiva\/\" \/>\n<meta property=\"og:site_name\" content=\"Estrat\u00e9gia MED\" \/>\n<meta property=\"article:publisher\" content=\"https:\/\/www.facebook.com\/estrategiamed1\" \/>\n<meta property=\"article:published_time\" content=\"2024-08-01T17:41:05+00:00\" \/>\n<meta property=\"article:modified_time\" content=\"2024-08-01T17:41:10+00:00\" \/>\n<meta property=\"og:image\" content=\"https:\/\/med.estrategia.com\/portal\/wp-content\/uploads\/2024\/08\/capa_TRF2_resultado_preliminar.jpg\" \/>\n\t<meta property=\"og:image:width\" content=\"1280\" \/>\n\t<meta property=\"og:image:height\" content=\"720\" \/>\n\t<meta property=\"og:image:type\" content=\"image\/jpeg\" \/>\n<meta name=\"author\" content=\"Priscila Pereira\" \/>\n<meta name=\"twitter:card\" content=\"summary_large_image\" \/>\n<meta name=\"twitter:creator\" content=\"@estrategiamed_\" \/>\n<meta name=\"twitter:site\" content=\"@estrategiamed_\" \/>\n<meta name=\"twitter:label1\" content=\"Escrito por\" \/>\n\t<meta name=\"twitter:data1\" content=\"Priscila Pereira\" \/>\n\t<meta name=\"twitter:label2\" content=\"Est. tempo de leitura\" \/>\n\t<meta name=\"twitter:data2\" content=\"2 minutos\" \/>\n<script type=\"application\/ld+json\" class=\"yoast-schema-graph\">{\"@context\":\"https:\/\/schema.org\",\"@graph\":[{\"@type\":\"WebPage\",\"@id\":\"https:\/\/med.estrategia.com\/portal\/concursos\/concurso-publico-trf-2a-regiao-resultados-preliminares-da-prova-objetiva\/\",\"url\":\"https:\/\/med.estrategia.com\/portal\/concursos\/concurso-publico-trf-2a-regiao-resultados-preliminares-da-prova-objetiva\/\",\"name\":\"Concurso TRF 2: Resultados preliminares da prova objetiva!\",\"isPartOf\":{\"@id\":\"https:\/\/med.estrategia.com\/portal\/#website\"},\"primaryImageOfPage\":{\"@id\":\"https:\/\/med.estrategia.com\/portal\/concursos\/concurso-publico-trf-2a-regiao-resultados-preliminares-da-prova-objetiva\/#primaryimage\"},\"image\":{\"@id\":\"https:\/\/med.estrategia.com\/portal\/concursos\/concurso-publico-trf-2a-regiao-resultados-preliminares-da-prova-objetiva\/#primaryimage\"},\"thumbnailUrl\":\"https:\/\/med.estrategia.com\/portal\/wp-content\/uploads\/2024\/08\/capa_TRF2_resultado_preliminar.jpg\",\"datePublished\":\"2024-08-01T17:41:05+00:00\",\"dateModified\":\"2024-08-01T17:41:10+00:00\",\"author\":{\"@id\":\"https:\/\/med.estrategia.com\/portal\/#\/schema\/person\/d1df06a83a849b79b2d480e7d8952ce3\"},\"description\":\"O Tribunal Regional Federal da 2\u00aa Regi\u00e3o (TRF 2) publicou o resultados preliminares da prova objetiva do concurso p\u00fablico TRF 2\u00aa Regi\u00e3o.\",\"breadcrumb\":{\"@id\":\"https:\/\/med.estrategia.com\/portal\/concursos\/concurso-publico-trf-2a-regiao-resultados-preliminares-da-prova-objetiva\/#breadcrumb\"},\"inLanguage\":\"pt-BR\",\"potentialAction\":[{\"@type\":\"ReadAction\",\"target\":[\"https:\/\/med.estrategia.com\/portal\/concursos\/concurso-publico-trf-2a-regiao-resultados-preliminares-da-prova-objetiva\/\"]}]},{\"@type\":\"ImageObject\",\"inLanguage\":\"pt-BR\",\"@id\":\"https:\/\/med.estrategia.com\/portal\/concursos\/concurso-publico-trf-2a-regiao-resultados-preliminares-da-prova-objetiva\/#primaryimage\",\"url\":\"https:\/\/med.estrategia.com\/portal\/wp-content\/uploads\/2024\/08\/capa_TRF2_resultado_preliminar.jpg\",\"contentUrl\":\"https:\/\/med.estrategia.com\/portal\/wp-content\/uploads\/2024\/08\/capa_TRF2_resultado_preliminar.jpg\",\"width\":1280,\"height\":720,\"caption\":\"Estrat\u00e9gia MED | Resultado Preliminar Concurso TRF2\"},{\"@type\":\"BreadcrumbList\",\"@id\":\"https:\/\/med.estrategia.com\/portal\/concursos\/concurso-publico-trf-2a-regiao-resultados-preliminares-da-prova-objetiva\/#breadcrumb\",\"itemListElement\":[{\"@type\":\"ListItem\",\"position\":1,\"name\":\"Home\",\"item\":\"https:\/\/med.estrategia.com\/portal\/\"},{\"@type\":\"ListItem\",\"position\":2,\"name\":\"Concursos M\u00e9dicos\",\"item\":\"https:\/\/med.estrategia.com\/portal\/concursos\/\"},{\"@type\":\"ListItem\",\"position\":3,\"name\":\"Concurso P\u00fablico TRF 2\u00aa regi\u00e3o: Resultados preliminares da prova objetiva!\"}]},{\"@type\":\"WebSite\",\"@id\":\"https:\/\/med.estrategia.com\/portal\/#website\",\"url\":\"https:\/\/med.estrategia.com\/portal\/\",\"name\":\"Estrat\u00e9gia MED\",\"description\":\"\",\"potentialAction\":[{\"@type\":\"SearchAction\",\"target\":{\"@type\":\"EntryPoint\",\"urlTemplate\":\"https:\/\/med.estrategia.com\/portal\/?s={search_term_string}\"},\"query-input\":{\"@type\":\"PropertyValueSpecification\",\"valueRequired\":true,\"valueName\":\"search_term_string\"}}],\"inLanguage\":\"pt-BR\"},{\"@type\":\"Person\",\"@id\":\"https:\/\/med.estrategia.com\/portal\/#\/schema\/person\/d1df06a83a849b79b2d480e7d8952ce3\",\"name\":\"Priscila Pereira\",\"image\":{\"@type\":\"ImageObject\",\"inLanguage\":\"pt-BR\",\"@id\":\"https:\/\/med.estrategia.com\/portal\/#\/schema\/person\/image\/\",\"url\":\"https:\/\/secure.gravatar.com\/avatar\/fe94f8430a1d23a69c0bc7aab6202e21?s=96&d=mm&r=g\",\"contentUrl\":\"https:\/\/secure.gravatar.com\/avatar\/fe94f8430a1d23a69c0bc7aab6202e21?s=96&d=mm&r=g\",\"caption\":\"Priscila Pereira\"},\"description\":\"Formada e p\u00f3s-graduada na \u00e1rea de comunica\u00e7\u00e3o, divido minha paix\u00e3o entre o jornalismo e os esportes\",\"url\":\"https:\/\/med.estrategia.com\/portal\/author\/priscila-pereira\/\"}]}<\/script>\n<!-- \/ Yoast SEO Premium plugin. -->","yoast_head_json":{"title":"Concurso TRF 2: Resultados preliminares da prova objetiva!","description":"O Tribunal Regional Federal da 2\u00aa Regi\u00e3o (TRF 2) publicou o resultados preliminares da prova objetiva do concurso p\u00fablico TRF 2\u00aa Regi\u00e3o.","robots":{"index":"index","follow":"follow","max-snippet":"max-snippet:-1","max-image-preview":"max-image-preview:large","max-video-preview":"max-video-preview:-1"},"canonical":"https:\/\/med.estrategia.com\/portal\/concursos\/concurso-publico-trf-2a-regiao-resultados-preliminares-da-prova-objetiva\/","og_locale":"pt_BR","og_type":"article","og_title":"Concurso P\u00fablico TRF 2\u00aa regi\u00e3o: Resultados preliminares da prova objetiva!","og_description":"O Tribunal Regional Federal da 2\u00aa Regi\u00e3o (TRF 2) publicou o resultados preliminares da prova objetiva do concurso p\u00fablico TRF 2\u00aa Regi\u00e3o.","og_url":"https:\/\/med.estrategia.com\/portal\/concursos\/concurso-publico-trf-2a-regiao-resultados-preliminares-da-prova-objetiva\/","og_site_name":"Estrat\u00e9gia MED","article_publisher":"https:\/\/www.facebook.com\/estrategiamed1","article_published_time":"2024-08-01T17:41:05+00:00","article_modified_time":"2024-08-01T17:41:10+00:00","og_image":[{"width":1280,"height":720,"url":"https:\/\/med.estrategia.com\/portal\/wp-content\/uploads\/2024\/08\/capa_TRF2_resultado_preliminar.jpg","type":"image\/jpeg"}],"author":"Priscila Pereira","twitter_card":"summary_large_image","twitter_creator":"@estrategiamed_","twitter_site":"@estrategiamed_","twitter_misc":{"Escrito por":"Priscila Pereira","Est. tempo de leitura":"2 minutos"},"schema":{"@context":"https:\/\/schema.org","@graph":[{"@type":"WebPage","@id":"https:\/\/med.estrategia.com\/portal\/concursos\/concurso-publico-trf-2a-regiao-resultados-preliminares-da-prova-objetiva\/","url":"https:\/\/med.estrategia.com\/portal\/concursos\/concurso-publico-trf-2a-regiao-resultados-preliminares-da-prova-objetiva\/","name":"Concurso TRF 2: Resultados preliminares da prova objetiva!","isPartOf":{"@id":"https:\/\/med.estrategia.com\/portal\/#website"},"primaryImageOfPage":{"@id":"https:\/\/med.estrategia.com\/portal\/concursos\/concurso-publico-trf-2a-regiao-resultados-preliminares-da-prova-objetiva\/#primaryimage"},"image":{"@id":"https:\/\/med.estrategia.com\/portal\/concursos\/concurso-publico-trf-2a-regiao-resultados-preliminares-da-prova-objetiva\/#primaryimage"},"thumbnailUrl":"https:\/\/med.estrategia.com\/portal\/wp-content\/uploads\/2024\/08\/capa_TRF2_resultado_preliminar.jpg","datePublished":"2024-08-01T17:41:05+00:00","dateModified":"2024-08-01T17:41:10+00:00","author":{"@id":"https:\/\/med.estrategia.com\/portal\/#\/schema\/person\/d1df06a83a849b79b2d480e7d8952ce3"},"description":"O Tribunal Regional Federal da 2\u00aa Regi\u00e3o (TRF 2) publicou o resultados preliminares da prova objetiva do concurso p\u00fablico TRF 2\u00aa Regi\u00e3o.","breadcrumb":{"@id":"https:\/\/med.estrategia.com\/portal\/concursos\/concurso-publico-trf-2a-regiao-resultados-preliminares-da-prova-objetiva\/#breadcrumb"},"inLanguage":"pt-BR","potentialAction":[{"@type":"ReadAction","target":["https:\/\/med.estrategia.com\/portal\/concursos\/concurso-publico-trf-2a-regiao-resultados-preliminares-da-prova-objetiva\/"]}]},{"@type":"ImageObject","inLanguage":"pt-BR","@id":"https:\/\/med.estrategia.com\/portal\/concursos\/concurso-publico-trf-2a-regiao-resultados-preliminares-da-prova-objetiva\/#primaryimage","url":"https:\/\/med.estrategia.com\/portal\/wp-content\/uploads\/2024\/08\/capa_TRF2_resultado_preliminar.jpg","contentUrl":"https:\/\/med.estrategia.com\/portal\/wp-content\/uploads\/2024\/08\/capa_TRF2_resultado_preliminar.jpg","width":1280,"height":720,"caption":"Estrat\u00e9gia MED | Resultado Preliminar Concurso TRF2"},{"@type":"BreadcrumbList","@id":"https:\/\/med.estrategia.com\/portal\/concursos\/concurso-publico-trf-2a-regiao-resultados-preliminares-da-prova-objetiva\/#breadcrumb","itemListElement":[{"@type":"ListItem","position":1,"name":"Home","item":"https:\/\/med.estrategia.com\/portal\/"},{"@type":"ListItem","position":2,"name":"Concursos M\u00e9dicos","item":"https:\/\/med.estrategia.com\/portal\/concursos\/"},{"@type":"ListItem","position":3,"name":"Concurso P\u00fablico TRF 2\u00aa regi\u00e3o: Resultados preliminares da prova objetiva!"}]},{"@type":"WebSite","@id":"https:\/\/med.estrategia.com\/portal\/#website","url":"https:\/\/med.estrategia.com\/portal\/","name":"Estrat\u00e9gia MED","description":"","potentialAction":[{"@type":"SearchAction","target":{"@type":"EntryPoint","urlTemplate":"https:\/\/med.estrategia.com\/portal\/?s={search_term_string}"},"query-input":{"@type":"PropertyValueSpecification","valueRequired":true,"valueName":"search_term_string"}}],"inLanguage":"pt-BR"},{"@type":"Person","@id":"https:\/\/med.estrategia.com\/portal\/#\/schema\/person\/d1df06a83a849b79b2d480e7d8952ce3","name":"Priscila Pereira","image":{"@type":"ImageObject","inLanguage":"pt-BR","@id":"https:\/\/med.estrategia.com\/portal\/#\/schema\/person\/image\/","url":"https:\/\/secure.gravatar.com\/avatar\/fe94f8430a1d23a69c0bc7aab6202e21?s=96&d=mm&r=g","contentUrl":"https:\/\/secure.gravatar.com\/avatar\/fe94f8430a1d23a69c0bc7aab6202e21?s=96&d=mm&r=g","caption":"Priscila Pereira"},"description":"Formada e p\u00f3s-graduada na \u00e1rea de comunica\u00e7\u00e3o, divido minha paix\u00e3o entre o jornalismo e os esportes","url":"https:\/\/med.estrategia.com\/portal\/author\/priscila-pereira\/"}]}},"_wl_alt_label":[],"wl:entity_url":"\/post\/concurso-publico-trf-2a-regiao-resultados-preliminares-da-prova-objetiva","_links":{"self":[{"href":"https:\/\/med.estrategia.com\/portal\/wp-json\/wp\/v2\/posts\/67261","targetHints":{"allow":["GET"]}}],"collection":[{"href":"https:\/\/med.estrategia.com\/portal\/wp-json\/wp\/v2\/posts"}],"about":[{"href":"https:\/\/med.estrategia.com\/portal\/wp-json\/wp\/v2\/types\/post"}],"author":[{"embeddable":true,"href":"https:\/\/med.estrategia.com\/portal\/wp-json\/wp\/v2\/users\/45"}],"replies":[{"embeddable":true,"href":"https:\/\/med.estrategia.com\/portal\/wp-json\/wp\/v2\/comments?post=67261"}],"version-history":[{"count":6,"href":"https:\/\/med.estrategia.com\/portal\/wp-json\/wp\/v2\/posts\/67261\/revisions"}],"predecessor-version":[{"id":67268,"href":"https:\/\/med.estrategia.com\/portal\/wp-json\/wp\/v2\/posts\/67261\/revisions\/67268"}],"wp:featuredmedia":[{"embeddable":true,"href":"https:\/\/med.estrategia.com\/portal\/wp-json\/wp\/v2\/media\/67260"}],"wp:attachment":[{"href":"https:\/\/med.estrategia.com\/portal\/wp-json\/wp\/v2\/media?parent=67261"}],"wp:term":[{"taxonomy":"category","embeddable":true,"href":"https:\/\/med.estrategia.com\/portal\/wp-json\/wp\/v2\/categories?post=67261"},{"taxonomy":"post_tag","embeddable":true,"href":"https:\/\/med.estrategia.com\/portal\/wp-json\/wp\/v2\/tags?post=67261"},{"taxonomy":"wl_entity_type","embeddable":true,"href":"https:\/\/med.estrategia.com\/portal\/wp-json\/wp\/v2\/wl_entity_type?post=67261"}],"curies":[{"name":"wp","href":"https:\/\/api.w.org\/{rel}","templated":true}]}}