{"id":67720,"date":"2024-08-13T15:10:50","date_gmt":"2024-08-13T18:10:50","guid":{"rendered":"https:\/\/med.estrategia.com\/portal\/?p=67720"},"modified":"2025-02-07T15:58:06","modified_gmt":"2025-02-07T18:58:06","slug":"municipio-de-conceicao-de-jacuipe-oferta-61-vagas-para-medicos-em-concurso-publico","status":"publish","type":"post","link":"https:\/\/med.estrategia.com\/portal\/concursos\/municipio-de-conceicao-de-jacuipe-oferta-61-vagas-para-medicos-em-concurso-publico\/","title":{"rendered":"Munic\u00edpio de Concei\u00e7\u00e3o de Jacu\u00edpe oferta 61 vagas para m\u00e9dicos em concurso p\u00fablico"},"content":{"rendered":"<p>Com <strong>61 vagas destinadas a m&eacute;dicos<\/strong>, forma&ccedil;&atilde;o de cadastro reserva e <strong>remunera&ccedil;&atilde;o de at&eacute; R$14 mil<\/strong>, o concurso p&uacute;blico da Prefeitura de Concei&ccedil;&atilde;o de Jacu&iacute;pe, estado da Bahia, foi <strong>anulado por decis&atilde;o do Minist&eacute;rio P&uacute;blico do Estado<\/strong>. <p>O edital que j&aacute; havia prorrogado as inscri&ccedil;&otilde;es e alterado o cronograma, agora teve o comunicado de anula&ccedil;&atilde;o divulgado no Di&aacute;rio Oficial do Munic&iacute;pio. Sob responsabilidade do Instituto Bahia, a banca ficar&aacute; respons&aacute;vel pela devolu&ccedil;&atilde;o das taxas de inscri&ccedil;&atilde;o, conforme estipulado no Contrato Administrativo n&ordm; 197\/2024.<\/p><p>Candidatos tiveram<strong> at&eacute; o dia 21 de setembro de 2024 para garantir sua participa&ccedil;&atilde;o<\/strong>, mediante preenchimento de formul&aacute;rio eletr&ocirc;nico e pagamento da <strong>taxa no valor de R$115,00<\/strong>.<br><\/p><div class=\"wp-block-buttons is-content-justification-center is-layout-flex wp-container-core-buttons-is-layout-1 wp-block-buttons-is-layout-flex\">\n<div class=\"wp-block-button\"><a class=\"wp-block-button__link wp-element-button\" href=\"https:\/\/med.estrategia.com\/portal\/wp-content\/uploads\/2025\/02\/jacuipe.pdf\" target=\"_blank\">comunicado sobre a anula&ccedil;&atilde;o do concurso<\/a><\/div>\n<\/div><div class=\"wp-block-buttons is-content-justification-center is-layout-flex wp-container-core-buttons-is-layout-2 wp-block-buttons-is-layout-flex\">\n<div class=\"wp-block-button\"><a class=\"wp-block-button__link wp-element-button\" href=\"https:\/\/cdn.medblog.estrategiaeducacional.com.br\/wp-content\/uploads\/2024\/08\/conceicaodojacuipe_edital.pdf\" target=\"_blank\">EDITAL CONCEI&Ccedil;&Atilde;O DE JACU&Iacute;PE &ndash; BA<\/a><\/div>\n<\/div><div class=\"wp-block-buttons is-content-justification-center is-layout-flex wp-container-core-buttons-is-layout-3 wp-block-buttons-is-layout-flex\">\n<div class=\"wp-block-button\"><a class=\"wp-block-button__link wp-element-button\" href=\"https:\/\/med.estrategia.com\/portal\/wp-content\/uploads\/2024\/09\/edital_conceicao_do_jacuipe_retificacao.pdf\" target=\"_blank\">retifica&ccedil;&atilde;o e novo cronograma <\/a><\/div>\n<\/div><div id=\"ez-toc-container\" class=\"ez-toc-v2_0_79_2 counter-hierarchy ez-toc-counter ez-toc-transparent ez-toc-container-direction\">\n<div class=\"ez-toc-title-container\"><p class=\"ez-toc-title\" style=\"cursor:inherit\">Navegue pelo conte\u00fado<\/p>\n<\/div><nav><ul class='ez-toc-list ez-toc-list-level-1 ' ><li class='ez-toc-page-1 ez-toc-heading-level-2'><a class=\"ez-toc-link ez-toc-heading-1\" href=\"https:\/\/med.estrategia.com\/portal\/concursos\/municipio-de-conceicao-de-jacuipe-oferta-61-vagas-para-medicos-em-concurso-publico\/#Resumo-Edital-Conceicao-de-Jacuipe-2024\" >Resumo Edital Concei&ccedil;&atilde;o de Jacu&iacute;pe 2024<\/a><\/li><li class='ez-toc-page-1 ez-toc-heading-level-2'><a class=\"ez-toc-link ez-toc-heading-2\" href=\"https:\/\/med.estrategia.com\/portal\/concursos\/municipio-de-conceicao-de-jacuipe-oferta-61-vagas-para-medicos-em-concurso-publico\/#Vagas-Ofertadas\" >Vagas Ofertadas<\/a><\/li><li class='ez-toc-page-1 ez-toc-heading-level-2'><a class=\"ez-toc-link ez-toc-heading-3\" href=\"https:\/\/med.estrategia.com\/portal\/concursos\/municipio-de-conceicao-de-jacuipe-oferta-61-vagas-para-medicos-em-concurso-publico\/#Prova-Objetiva\" >Prova Objetiva<\/a><\/li><li class='ez-toc-page-1 ez-toc-heading-level-2'><a class=\"ez-toc-link ez-toc-heading-4\" href=\"https:\/\/med.estrategia.com\/portal\/concursos\/municipio-de-conceicao-de-jacuipe-oferta-61-vagas-para-medicos-em-concurso-publico\/#Prova-de-Titulos\" >Prova de T&iacute;tulos<\/a><\/li><li class='ez-toc-page-1 ez-toc-heading-level-2'><a class=\"ez-toc-link ez-toc-heading-5\" href=\"https:\/\/med.estrategia.com\/portal\/concursos\/municipio-de-conceicao-de-jacuipe-oferta-61-vagas-para-medicos-em-concurso-publico\/#Prepare-se-para-o-concurso-publico-de-Conceicao-de-Jacuipe-com-o-Estrategia-MED\" >Prepare-se para o concurso p&uacute;blico de Concei&ccedil;&atilde;o de Jacu&iacute;pe com o Estrat&eacute;gia MED!&nbsp;&nbsp;<\/a><\/li><\/ul><\/nav><\/div>\n<h2 class=\"wp-block-heading\" id=\"h-resumo-edital-conceicao-de-jacuipe-2024\"><span class=\"ez-toc-section\" id=\"Resumo-Edital-Conceicao-de-Jacuipe-2024\"><\/span>Resumo Edital Concei&ccedil;&atilde;o de Jacu&iacute;pe 2024<span class=\"ez-toc-section-end\"><\/span><\/h2><figure class=\"wp-block-table\"><table><tbody><tr><td><strong>Vagas Ofertadas<\/strong><\/td><td class=\"has-text-align-center\" data-align=\"center\">61 + CR<\/td><\/tr><tr><td><strong>Composi&ccedil;&atilde;o do Processo Seletivo<\/strong><\/td><td class=\"has-text-align-center\" data-align=\"center\">Prova Objetiva + Prova de T&iacute;tulos<\/td><\/tr><tr><td><strong>Taxa de Inscri&ccedil;&atilde;o<\/strong><\/td><td class=\"has-text-align-center\" data-align=\"center\">R$115,00<\/td><\/tr><tr><td><strong>Per&iacute;odo de Inscri&ccedil;&otilde;es<\/strong><\/td><td class=\"has-text-align-center\" data-align=\"center\">18 a 21\/09\/2024<\/td><\/tr><tr><td><strong>Prova Objetiva<\/strong><\/td><td class=\"has-text-align-center\" data-align=\"center\">1&ordf; aplica&ccedil;&atilde;o 29\/09\/2024 <br>2&ordf; aplica&ccedil;&atilde;o 13\/10\/2024<\/td><\/tr><tr><td><strong>Gabarito Preliminar<\/strong><\/td><td class=\"has-text-align-center\" data-align=\"center\">30\/09\/2024<br>14\/10\/2024<\/td><\/tr><tr><td><strong>Recursos contra o Gabarito<\/strong><\/td><td class=\"has-text-align-center\" data-align=\"center\">30\/09 a 01\/10\/2024<br>14 e 15\/10\/2024<\/td><\/tr><tr><td><strong>Gabarito Definitivo<\/strong><\/td><td class=\"has-text-align-center\" data-align=\"center\">29\/10\/2024<\/td><\/tr><tr><td><strong>Resultado Preliminar da Prova<\/strong><\/td><td class=\"has-text-align-center\" data-align=\"center\">30\/10\/2024<\/td><\/tr><tr><td><strong>Recursos contra Resultado<\/strong><\/td><td class=\"has-text-align-center\" data-align=\"center\">30 e 31\/10\/2024<\/td><\/tr><tr><td><strong>Convoca&ccedil;&atilde;o para a Prova de T&iacute;tulo<\/strong><\/td><td class=\"has-text-align-center\" data-align=\"center\">31\/10\/2024<\/td><\/tr><tr><td><strong>Per&iacute;odo de Envio dos T&iacute;tulos<\/strong><\/td><td class=\"has-text-align-center\" data-align=\"center\">19 a 21\/11\/2024<\/td><\/tr><tr><td><strong>Resultado Preliminar <\/strong><\/td><td class=\"has-text-align-center\" data-align=\"center\">29\/11\/2024<\/td><\/tr><tr><td><strong>Recursos contra Resultado Preliminar<\/strong><\/td><td class=\"has-text-align-center\" data-align=\"center\">29 e 30\/11\/2024<\/td><\/tr><tr><td><strong>Resultado Final<\/strong><\/td><td class=\"has-text-align-center\" data-align=\"center\">02\/12\/2024<\/td><\/tr><\/tbody><\/table><\/figure><p>\n\n\n<div id=\"new-form\">\n\t<form id=\"forms_layout\">\n\t<input type=\"hidden\" id=\"chave_de\" name=\"chave_de\" value=\"01_EMED_LEADS_TOTAIS\" \/>\n\t\t<input type=\"hidden\" id=\"mid\" name=\"mid\" value=\"515009018\" \/>\n\t\t<input type=\"hidden\" id=\"Objetivo\" name=\"Objetivo\" value=\"Medicina\" \/>\n\t\t<input type=\"hidden\" id=\"Estado_de_Origem_do_IP\" name=\"Estado_de_Origem_do_IP\"  value=\"\" \/>\n\t\t<input type=\"hidden\" id=\"Cidade_de_Origem_do_IP\" name=\"Cidade_de_Origem_do_IP\" value=\"\" \/>\n\t\t<input type=\"hidden\" id=\"Modo_de_entrada\" name=\"Modo_de_entrada\" value=\"Portal\" \/>\n\t\t<input type=\"hidden\" id=\"Pagina_Origem\" name=\"Pagina_Origem\" value=\"\" \/>\n\n\t\t<div class=\"texto\">\n\t\t\t<h3 class=\"news\">Inscreva-se em nossa newsletter!<\/h3>\n\t\t\t<p>Receba not\u00edcias sobre resid\u00eancia m\u00e9dica, revalida\u00e7\u00e3o de diplomas e concursos m\u00e9dicos, al\u00e9m de materiais de estudo gratuitos e informa\u00e7\u00f5es relevantes do mundo da Medicina.<\/p>\n\t\t<\/div>\n\t\t<div class=\"campos\">\n\t\t\t<div class=\"first_name labels\">\n\t\t\t\t<input type=\"text\" class=\"input_labels\" id=\"first_name\" name=\"Nome_Completo\" placeholder=\"Nome\" required \/>\n\t\t\t<\/div>\n\t\t\t<div class=\"email labels\">\n\t\t\t\t<input type=\"email\" class=\"input_labels\" id=\"email\" name=\"Email\" placeholder=\"E-mail\" required \/>\n\t\t\t<\/div>\n\t\t\t<button type=\"submit\" class=\"button_layout\">\n\t\t\t\t<div id=\"lblBotao\">Inscreva-se<\/div>\n\t\t\t\t<span id=\"divSpiner\" class=\"loader\" role=\"status\" style=\"display: none;\"><\/span>\t\n\t\t\t<\/button>\n\t\t<\/div><!-- \/campos -->\n\t\t\n\t\t<label class=\"container_checkbox\">Voc\u00ea concorda com a nossa\n\t\t\t<a class=\"politics_privacy_ahref\" target=\"_blank\" href=\"https:\/\/gratis.estrategiaconcursos.com.br\/politica-de-privacidade\/\">Pol\u00edtica de Privacidade<\/a> e aceita receber informa\u00e7\u00f5es adicionais do Estrat\u00e9gia Educacional.\n\t\t\t<input id=\"checkbox_layout\" type=\"checkbox\" checked=\"checked\" required \/>\n\t\t\t<span class=\"checkbox\"><\/span>\n\t\t<\/label>\n\t\t<div id=\"msg\"><\/div>\n\t\t<div id=\"error\" class=\"error\">\n\t\t<\/div>\n\t<\/form>\n<\/div><!-- \/new-form -->\n\n\n\n<\/p><h2 class=\"wp-block-heading\" id=\"h-vagas-ofertadas\"><span class=\"ez-toc-section\" id=\"Vagas-Ofertadas\"><\/span>Vagas Ofertadas<span class=\"ez-toc-section-end\"><\/span><\/h2><figure class=\"wp-block-table\"><table><thead><tr><th>CARGO<\/th><th class=\"has-text-align-center\" data-align=\"center\">TOTAL DE VAGAS<\/th><th class=\"has-text-align-center\" data-align=\"center\">REMUNERA&Ccedil;&Atilde;O \/ CARGA HOR&Aacute;RIA<\/th><\/tr><\/thead><tbody><tr><td>M&eacute;dico Anestesista<\/td><td class=\"has-text-align-center\" data-align=\"center\">2<\/td><td class=\"has-text-align-center\" data-align=\"center\">R$7.000,00 \/ 20h<\/td><\/tr><tr><td>M&eacute;dico Angiologista<\/td><td class=\"has-text-align-center\" data-align=\"center\">1<\/td><td class=\"has-text-align-center\" data-align=\"center\">R$7.000,00 \/ 20h<\/td><\/tr><tr><td>M&eacute;dico Cardiologista<\/td><td class=\"has-text-align-center\" data-align=\"center\">2<\/td><td class=\"has-text-align-center\" data-align=\"center\">R$7.000,00 \/ 20h<\/td><\/tr><tr><td>M&eacute;dico Cirurgi&atilde;o Geral<\/td><td class=\"has-text-align-center\" data-align=\"center\">2<\/td><td class=\"has-text-align-center\" data-align=\"center\">R$7.000,00 \/ 20h<\/td><\/tr><tr><td>M&eacute;dico Cl&iacute;nico Geral<\/td><td class=\"has-text-align-center\" data-align=\"center\">8<\/td><td class=\"has-text-align-center\" data-align=\"center\">R$14.000,00 \/ 40h<\/td><\/tr><tr><td>M&eacute;dico Cl&iacute;nico Geral Plantonista<\/td><td class=\"has-text-align-center\" data-align=\"center\">15<\/td><td class=\"has-text-align-center\" data-align=\"center\">R$8.800,00 \/ 24h<\/td><\/tr><tr><td>M&eacute;dico Dermatologista<\/td><td class=\"has-text-align-center\" data-align=\"center\">1<\/td><td class=\"has-text-align-center\" data-align=\"center\">R$3.500,00 \/ 20h<\/td><\/tr><tr><td>M&eacute;dico do Trabalho<\/td><td class=\"has-text-align-center\" data-align=\"center\">1<\/td><td class=\"has-text-align-center\" data-align=\"center\">R$2.500,00 \/ 20h<\/td><\/tr><tr><td>M&eacute;dico Endocrinologista<\/td><td class=\"has-text-align-center\" data-align=\"center\">1<\/td><td class=\"has-text-align-center\" data-align=\"center\">R$3.500,00 \/ 20h<\/td><\/tr><tr><td>M&eacute;dico Gastroenterologista<\/td><td class=\"has-text-align-center\" data-align=\"center\">2<\/td><td class=\"has-text-align-center\" data-align=\"center\">R$3.500,00 \/ 20h<\/td><\/tr><tr><td>M&eacute;dico Geriatra<\/td><td class=\"has-text-align-center\" data-align=\"center\">1<\/td><td class=\"has-text-align-center\" data-align=\"center\">R$3.500,00 \/ 20h<\/td><\/tr><tr><td>M&eacute;dico Ginecologista<\/td><td class=\"has-text-align-center\" data-align=\"center\">1<\/td><td class=\"has-text-align-center\" data-align=\"center\">R$2.500,00 \/ 20h<\/td><\/tr><tr><td>M&eacute;dico Intensivista<\/td><td class=\"has-text-align-center\" data-align=\"center\">7<\/td><td class=\"has-text-align-center\" data-align=\"center\">R$8.800,00 \/ 24h<\/td><\/tr><tr><td>M&eacute;dico Neurologista<\/td><td class=\"has-text-align-center\" data-align=\"center\">2<\/td><td class=\"has-text-align-center\" data-align=\"center\">R$5.000,00 \/ 20h<\/td><\/tr><tr><td>M&eacute;dico Oftalmologista<\/td><td class=\"has-text-align-center\" data-align=\"center\">2<\/td><td class=\"has-text-align-center\" data-align=\"center\">R$5.000,00 \/ 20h<\/td><\/tr><tr><td>M&eacute;dico Ortopedista<\/td><td class=\"has-text-align-center\" data-align=\"center\">2<\/td><td class=\"has-text-align-center\" data-align=\"center\">R$2.500,00 \/ 20h<\/td><\/tr><tr><td>M&eacute;dico Otorrinolaringologista<\/td><td class=\"has-text-align-center\" data-align=\"center\">2<\/td><td class=\"has-text-align-center\" data-align=\"center\">R$3.500,00 \/ 20h<\/td><\/tr><tr><td>M&eacute;dico Pediatra<\/td><td class=\"has-text-align-center\" data-align=\"center\">2<\/td><td class=\"has-text-align-center\" data-align=\"center\">R$3.500,00 \/ 20h<\/td><\/tr><tr><td>M&eacute;dico Psiquiatra<\/td><td class=\"has-text-align-center\" data-align=\"center\">3<\/td><td class=\"has-text-align-center\" data-align=\"center\">R$7.000,00 \/ 20h<\/td><\/tr><tr><td>M&eacute;dico Radiologista<\/td><td class=\"has-text-align-center\" data-align=\"center\">1<\/td><td class=\"has-text-align-center\" data-align=\"center\">R$3.000,00 \/ 20h<\/td><\/tr><tr><td>M&eacute;dico Reumatologista<\/td><td class=\"has-text-align-center\" data-align=\"center\">1<\/td><td class=\"has-text-align-center\" data-align=\"center\">R$5.000,00 \/ 20h<\/td><\/tr><tr><td>M&eacute;dico Ultrassonografista<\/td><td class=\"has-text-align-center\" data-align=\"center\">1<\/td><td class=\"has-text-align-center\" data-align=\"center\">R$5.000,00 \/ 20h<\/td><\/tr><tr><td>Urologista<\/td><td class=\"has-text-align-center\" data-align=\"center\">1<\/td><td class=\"has-text-align-center\" data-align=\"center\">R$3.500,00 \/ 20h<\/td><\/tr><\/tbody><\/table><\/figure><h2 class=\"wp-block-heading\" id=\"h-prova-objetiva\"><span class=\"ez-toc-section\" id=\"Prova-Objetiva\"><\/span>Prova Objetiva<span class=\"ez-toc-section-end\"><\/span><\/h2><p>A <strong>prova objetiva <\/strong>&eacute; uma das etapas previstas no concurso p&uacute;blico do munic&iacute;pio de Concei&ccedil;&atilde;o de Jacu&iacute;pe\/BA e ter&aacute; <strong>car&aacute;ter eliminat&oacute;rio e classificat&oacute;rio<\/strong>. Ap&oacute;s retifica&ccedil;&atilde;o, a<strong> aplica&ccedil;&atilde;o est&aacute; prevista para o dia 29 de setembro e 13 de outubro de 2024<\/strong>, a avalia&ccedil;&atilde;o contar&aacute; com<strong> 40 quest&otilde;es de m&uacute;ltipla escolha<\/strong>, com cinco alternativas cada, e ter&aacute;<strong> dura&ccedil;&atilde;o de 3 horas para cargos m&eacute;dicos<\/strong>.<\/p><div class=\"wp-block-image\">\n<figure class=\"aligncenter size-full\"><img decoding=\"async\" width=\"563\" height=\"155\" src=\"https:\/\/med.estrategia.com\/portal\/wp-content\/uploads\/2024\/08\/image-2.png\" alt=\"\" class=\"wp-image-67721\" srcset=\"https:\/\/med.estrategia.com\/portal\/wp-content\/uploads\/2024\/08\/image-2.png 563w, https:\/\/med.estrategia.com\/portal\/wp-content\/uploads\/2024\/08\/image-2-560x155.png 560w\" sizes=\"(max-width: 563px) 100vw, 563px\" \/><\/figure><\/div><p>Ser&aacute; reprovado nas provas objetivas e eliminado do concurso p&uacute;blico o candidato que n&atilde;o alcan&ccedil;ar 50% de acertos.<\/p><h2 class=\"wp-block-heading\" id=\"h-prova-de-titulos\"><span class=\"ez-toc-section\" id=\"Prova-de-Titulos\"><\/span>Prova de T&iacute;tulos<span class=\"ez-toc-section-end\"><\/span><\/h2><p>Para os cargos m&eacute;dicos, os seguintes T&iacute;tulos ser&atilde;o considerados:<\/p><figure class=\"wp-block-image size-full\"><img decoding=\"async\" width=\"682\" height=\"485\" src=\"https:\/\/med.estrategia.com\/portal\/wp-content\/uploads\/2024\/08\/image-3.png\" alt=\"\" class=\"wp-image-67724\"><\/figure><h2 class=\"wp-block-heading\" id=\"h-prepare-se-para-o-concurso-publico-de-conceicao-de-jacuipe-com-o-estrategia-med-nbsp-nbsp\"><span class=\"ez-toc-section\" id=\"Prepare-se-para-o-concurso-publico-de-Conceicao-de-Jacuipe-com-o-Estrategia-MED\"><\/span>Prepare-se para o concurso p&uacute;blico de Concei&ccedil;&atilde;o de Jacu&iacute;pe com o Estrat&eacute;gia MED!&nbsp;&nbsp;<span class=\"ez-toc-section-end\"><\/span><\/h2><p>Com o<a href=\"https:\/\/med.estrategia.com\/curso\/sprint-concursos-medicos\/\" target=\"_blank\">&nbsp;Sprint Concursos M&eacute;dicos do Estrat&eacute;gia MED<\/a>&nbsp;voc&ecirc; ter&aacute; &agrave; disposi&ccedil;&atilde;o 1.500 quest&otilde;es com foco em concursos p&uacute;blicos com cargos m&eacute;dicos incluindo as disciplinas mais cobradas neste tipo de sele&ccedil;&atilde;o: Portugu&ecirc;s, Matem&aacute;tica, Inform&aacute;tica, Direito e claro, Medicina.<\/p><p>Conhe&ccedil;a tamb&eacute;m o nosso<a href=\"https:\/\/med.estrategia.com\/curso\/banco-de-questes-resumos-estrategicos-anual\/\" target=\"_blank\">&nbsp;Banco de Quest&otilde;es<\/a>, que atualmente conta com mais de 198 mil quest&otilde;es cadastradas e n&atilde;o para de crescer. Vem ser coruja!<\/p><div class=\"wp-block-image\">\n<figure class=\"aligncenter size-full\"><img decoding=\"async\" width=\"1280\" height=\"622\" src=\"https:\/\/med.estrategia.com\/portal\/wp-content\/uploads\/2025\/08\/concursos_medicos.jpg\" alt=\"concursos_medicos\" class=\"wp-image-91529\" srcset=\"https:\/\/med.estrategia.com\/portal\/wp-content\/uploads\/2025\/08\/concursos_medicos.jpg 1280w, https:\/\/med.estrategia.com\/portal\/wp-content\/uploads\/2025\/08\/concursos_medicos-1024x498.jpg 1024w, https:\/\/med.estrategia.com\/portal\/wp-content\/uploads\/2025\/08\/concursos_medicos-768x373.jpg 768w, https:\/\/med.estrategia.com\/portal\/wp-content\/uploads\/2025\/08\/concursos_medicos-800x389.jpg 800w, https:\/\/med.estrategia.com\/portal\/wp-content\/uploads\/2025\/08\/concursos_medicos-1160x564.jpg 1160w\" sizes=\"(max-width: 1280px) 100vw, 1280px\" \/><\/figure><\/div><\/p>\n","protected":false},"excerpt":{"rendered":"Minist\u00e9rio P\u00fablico da Bahia decretou a anula\u00e7\u00e3o do concurso p\u00fablico\n","protected":false},"author":39,"featured_media":67692,"comment_status":"closed","ping_status":"closed","sticky":false,"template":"","format":"standard","meta":{"wl_entities_gutenberg":"","footnotes":""},"categories":[474],"tags":[],"wl_entity_type":[199],"class_list":{"0":"post-67720","1":"post","2":"type-post","3":"status-publish","4":"format-standard","5":"has-post-thumbnail","7":"category-concursos","8":"wl_entity_type-article"},"acf":[],"yoast_head":"<!-- This site is optimized with the Yoast SEO Premium plugin v26.6 (Yoast SEO v26.6) - https:\/\/yoast.com\/wordpress\/plugins\/seo\/ -->\n<title>Munic\u00edpio de Concei\u00e7\u00e3o de Jacu\u00edpe oferta 61 vagas para m\u00e9dicos em concurso p\u00fablico<\/title>\n<meta name=\"robots\" content=\"index, follow, max-snippet:-1, max-image-preview:large, max-video-preview:-1\" \/>\n<link rel=\"canonical\" href=\"https:\/\/med.estrategia.com\/portal\/concursos\/municipio-de-conceicao-de-jacuipe-oferta-61-vagas-para-medicos-em-concurso-publico\/\" \/>\n<meta property=\"og:locale\" content=\"pt_BR\" \/>\n<meta property=\"og:type\" content=\"article\" \/>\n<meta property=\"og:title\" content=\"Munic\u00edpio de Concei\u00e7\u00e3o de Jacu\u00edpe oferta 61 vagas para m\u00e9dicos em concurso p\u00fablico\" \/>\n<meta property=\"og:description\" content=\"Minist\u00e9rio P\u00fablico da Bahia decretou a anula\u00e7\u00e3o do concurso p\u00fablico\" \/>\n<meta property=\"og:url\" content=\"https:\/\/med.estrategia.com\/portal\/concursos\/municipio-de-conceicao-de-jacuipe-oferta-61-vagas-para-medicos-em-concurso-publico\/\" \/>\n<meta property=\"og:site_name\" content=\"Estrat\u00e9gia MED\" \/>\n<meta property=\"article:publisher\" content=\"https:\/\/www.facebook.com\/estrategiamed1\" \/>\n<meta property=\"article:published_time\" content=\"2024-08-13T18:10:50+00:00\" \/>\n<meta property=\"article:modified_time\" content=\"2025-02-07T18:58:06+00:00\" \/>\n<meta property=\"og:image\" content=\"https:\/\/med.estrategia.com\/portal\/wp-content\/uploads\/2024\/08\/conceicao-de-jacuipe.jpg\" \/>\n\t<meta property=\"og:image:width\" content=\"1280\" \/>\n\t<meta property=\"og:image:height\" content=\"720\" \/>\n\t<meta property=\"og:image:type\" content=\"image\/jpeg\" \/>\n<meta name=\"author\" content=\"Ana Carolina Damasceno\" \/>\n<meta name=\"twitter:card\" content=\"summary_large_image\" \/>\n<meta name=\"twitter:creator\" content=\"@estrategiamed_\" \/>\n<meta name=\"twitter:site\" content=\"@estrategiamed_\" \/>\n<meta name=\"twitter:label1\" content=\"Escrito por\" \/>\n\t<meta name=\"twitter:data1\" content=\"Ana Carolina Damasceno\" \/>\n\t<meta name=\"twitter:label2\" content=\"Est. tempo de leitura\" \/>\n\t<meta name=\"twitter:data2\" content=\"3 minutos\" \/>\n<script type=\"application\/ld+json\" class=\"yoast-schema-graph\">{\"@context\":\"https:\/\/schema.org\",\"@graph\":[{\"@type\":\"WebPage\",\"@id\":\"https:\/\/med.estrategia.com\/portal\/concursos\/municipio-de-conceicao-de-jacuipe-oferta-61-vagas-para-medicos-em-concurso-publico\/\",\"url\":\"https:\/\/med.estrategia.com\/portal\/concursos\/municipio-de-conceicao-de-jacuipe-oferta-61-vagas-para-medicos-em-concurso-publico\/\",\"name\":\"Munic\u00edpio de Concei\u00e7\u00e3o de Jacu\u00edpe oferta 61 vagas para m\u00e9dicos em concurso p\u00fablico\",\"isPartOf\":{\"@id\":\"https:\/\/med.estrategia.com\/portal\/#website\"},\"primaryImageOfPage\":{\"@id\":\"https:\/\/med.estrategia.com\/portal\/concursos\/municipio-de-conceicao-de-jacuipe-oferta-61-vagas-para-medicos-em-concurso-publico\/#primaryimage\"},\"image\":{\"@id\":\"https:\/\/med.estrategia.com\/portal\/concursos\/municipio-de-conceicao-de-jacuipe-oferta-61-vagas-para-medicos-em-concurso-publico\/#primaryimage\"},\"thumbnailUrl\":\"https:\/\/med.estrategia.com\/portal\/wp-content\/uploads\/2024\/08\/conceicao-de-jacuipe.jpg\",\"datePublished\":\"2024-08-13T18:10:50+00:00\",\"dateModified\":\"2025-02-07T18:58:06+00:00\",\"author\":{\"@id\":\"https:\/\/med.estrategia.com\/portal\/#\/schema\/person\/2f553adbb8e25fe39d145c5b2927f58c\"},\"breadcrumb\":{\"@id\":\"https:\/\/med.estrategia.com\/portal\/concursos\/municipio-de-conceicao-de-jacuipe-oferta-61-vagas-para-medicos-em-concurso-publico\/#breadcrumb\"},\"inLanguage\":\"pt-BR\",\"potentialAction\":[{\"@type\":\"ReadAction\",\"target\":[\"https:\/\/med.estrategia.com\/portal\/concursos\/municipio-de-conceicao-de-jacuipe-oferta-61-vagas-para-medicos-em-concurso-publico\/\"]}]},{\"@type\":\"ImageObject\",\"inLanguage\":\"pt-BR\",\"@id\":\"https:\/\/med.estrategia.com\/portal\/concursos\/municipio-de-conceicao-de-jacuipe-oferta-61-vagas-para-medicos-em-concurso-publico\/#primaryimage\",\"url\":\"https:\/\/med.estrategia.com\/portal\/wp-content\/uploads\/2024\/08\/conceicao-de-jacuipe.jpg\",\"contentUrl\":\"https:\/\/med.estrategia.com\/portal\/wp-content\/uploads\/2024\/08\/conceicao-de-jacuipe.jpg\",\"width\":1280,\"height\":720},{\"@type\":\"BreadcrumbList\",\"@id\":\"https:\/\/med.estrategia.com\/portal\/concursos\/municipio-de-conceicao-de-jacuipe-oferta-61-vagas-para-medicos-em-concurso-publico\/#breadcrumb\",\"itemListElement\":[{\"@type\":\"ListItem\",\"position\":1,\"name\":\"Home\",\"item\":\"https:\/\/med.estrategia.com\/portal\/\"},{\"@type\":\"ListItem\",\"position\":2,\"name\":\"Concursos M\u00e9dicos\",\"item\":\"https:\/\/med.estrategia.com\/portal\/concursos\/\"},{\"@type\":\"ListItem\",\"position\":3,\"name\":\"Munic\u00edpio de Concei\u00e7\u00e3o de Jacu\u00edpe oferta 61 vagas para m\u00e9dicos em concurso p\u00fablico\"}]},{\"@type\":\"WebSite\",\"@id\":\"https:\/\/med.estrategia.com\/portal\/#website\",\"url\":\"https:\/\/med.estrategia.com\/portal\/\",\"name\":\"Estrat\u00e9gia MED\",\"description\":\"\",\"potentialAction\":[{\"@type\":\"SearchAction\",\"target\":{\"@type\":\"EntryPoint\",\"urlTemplate\":\"https:\/\/med.estrategia.com\/portal\/?s={search_term_string}\"},\"query-input\":{\"@type\":\"PropertyValueSpecification\",\"valueRequired\":true,\"valueName\":\"search_term_string\"}}],\"inLanguage\":\"pt-BR\"},{\"@type\":\"Person\",\"@id\":\"https:\/\/med.estrategia.com\/portal\/#\/schema\/person\/2f553adbb8e25fe39d145c5b2927f58c\",\"name\":\"Ana Carolina Damasceno\",\"image\":{\"@type\":\"ImageObject\",\"inLanguage\":\"pt-BR\",\"@id\":\"https:\/\/med.estrategia.com\/portal\/#\/schema\/person\/image\/\",\"url\":\"https:\/\/med.estrategia.com\/portal\/wp-content\/uploads\/2021\/09\/WhatsApp-Image-2023-08-18-at-16.46.43-150x150.jpeg\",\"contentUrl\":\"https:\/\/med.estrategia.com\/portal\/wp-content\/uploads\/2021\/09\/WhatsApp-Image-2023-08-18-at-16.46.43-150x150.jpeg\",\"caption\":\"Ana Carolina Damasceno\"},\"description\":\"Coordenadora de Jornalismo EMED. Comunicadora por natureza e forma\u00e7\u00e3o, que ama e perde a no\u00e7\u00e3o do tempo com m\u00fasica e s\u00e9rie.\",\"url\":\"https:\/\/med.estrategia.com\/portal\/author\/ana-carolina-damasceno\/\"}]}<\/script>\n<!-- \/ Yoast SEO Premium plugin. -->","yoast_head_json":{"title":"Munic\u00edpio de Concei\u00e7\u00e3o de Jacu\u00edpe oferta 61 vagas para m\u00e9dicos em concurso p\u00fablico","robots":{"index":"index","follow":"follow","max-snippet":"max-snippet:-1","max-image-preview":"max-image-preview:large","max-video-preview":"max-video-preview:-1"},"canonical":"https:\/\/med.estrategia.com\/portal\/concursos\/municipio-de-conceicao-de-jacuipe-oferta-61-vagas-para-medicos-em-concurso-publico\/","og_locale":"pt_BR","og_type":"article","og_title":"Munic\u00edpio de Concei\u00e7\u00e3o de Jacu\u00edpe oferta 61 vagas para m\u00e9dicos em concurso p\u00fablico","og_description":"Minist\u00e9rio P\u00fablico da Bahia decretou a anula\u00e7\u00e3o do concurso p\u00fablico","og_url":"https:\/\/med.estrategia.com\/portal\/concursos\/municipio-de-conceicao-de-jacuipe-oferta-61-vagas-para-medicos-em-concurso-publico\/","og_site_name":"Estrat\u00e9gia MED","article_publisher":"https:\/\/www.facebook.com\/estrategiamed1","article_published_time":"2024-08-13T18:10:50+00:00","article_modified_time":"2025-02-07T18:58:06+00:00","og_image":[{"width":1280,"height":720,"url":"https:\/\/med.estrategia.com\/portal\/wp-content\/uploads\/2024\/08\/conceicao-de-jacuipe.jpg","type":"image\/jpeg"}],"author":"Ana Carolina Damasceno","twitter_card":"summary_large_image","twitter_creator":"@estrategiamed_","twitter_site":"@estrategiamed_","twitter_misc":{"Escrito por":"Ana Carolina Damasceno","Est. tempo de leitura":"3 minutos"},"schema":{"@context":"https:\/\/schema.org","@graph":[{"@type":"WebPage","@id":"https:\/\/med.estrategia.com\/portal\/concursos\/municipio-de-conceicao-de-jacuipe-oferta-61-vagas-para-medicos-em-concurso-publico\/","url":"https:\/\/med.estrategia.com\/portal\/concursos\/municipio-de-conceicao-de-jacuipe-oferta-61-vagas-para-medicos-em-concurso-publico\/","name":"Munic\u00edpio de Concei\u00e7\u00e3o de Jacu\u00edpe oferta 61 vagas para m\u00e9dicos em concurso p\u00fablico","isPartOf":{"@id":"https:\/\/med.estrategia.com\/portal\/#website"},"primaryImageOfPage":{"@id":"https:\/\/med.estrategia.com\/portal\/concursos\/municipio-de-conceicao-de-jacuipe-oferta-61-vagas-para-medicos-em-concurso-publico\/#primaryimage"},"image":{"@id":"https:\/\/med.estrategia.com\/portal\/concursos\/municipio-de-conceicao-de-jacuipe-oferta-61-vagas-para-medicos-em-concurso-publico\/#primaryimage"},"thumbnailUrl":"https:\/\/med.estrategia.com\/portal\/wp-content\/uploads\/2024\/08\/conceicao-de-jacuipe.jpg","datePublished":"2024-08-13T18:10:50+00:00","dateModified":"2025-02-07T18:58:06+00:00","author":{"@id":"https:\/\/med.estrategia.com\/portal\/#\/schema\/person\/2f553adbb8e25fe39d145c5b2927f58c"},"breadcrumb":{"@id":"https:\/\/med.estrategia.com\/portal\/concursos\/municipio-de-conceicao-de-jacuipe-oferta-61-vagas-para-medicos-em-concurso-publico\/#breadcrumb"},"inLanguage":"pt-BR","potentialAction":[{"@type":"ReadAction","target":["https:\/\/med.estrategia.com\/portal\/concursos\/municipio-de-conceicao-de-jacuipe-oferta-61-vagas-para-medicos-em-concurso-publico\/"]}]},{"@type":"ImageObject","inLanguage":"pt-BR","@id":"https:\/\/med.estrategia.com\/portal\/concursos\/municipio-de-conceicao-de-jacuipe-oferta-61-vagas-para-medicos-em-concurso-publico\/#primaryimage","url":"https:\/\/med.estrategia.com\/portal\/wp-content\/uploads\/2024\/08\/conceicao-de-jacuipe.jpg","contentUrl":"https:\/\/med.estrategia.com\/portal\/wp-content\/uploads\/2024\/08\/conceicao-de-jacuipe.jpg","width":1280,"height":720},{"@type":"BreadcrumbList","@id":"https:\/\/med.estrategia.com\/portal\/concursos\/municipio-de-conceicao-de-jacuipe-oferta-61-vagas-para-medicos-em-concurso-publico\/#breadcrumb","itemListElement":[{"@type":"ListItem","position":1,"name":"Home","item":"https:\/\/med.estrategia.com\/portal\/"},{"@type":"ListItem","position":2,"name":"Concursos M\u00e9dicos","item":"https:\/\/med.estrategia.com\/portal\/concursos\/"},{"@type":"ListItem","position":3,"name":"Munic\u00edpio de Concei\u00e7\u00e3o de Jacu\u00edpe oferta 61 vagas para m\u00e9dicos em concurso p\u00fablico"}]},{"@type":"WebSite","@id":"https:\/\/med.estrategia.com\/portal\/#website","url":"https:\/\/med.estrategia.com\/portal\/","name":"Estrat\u00e9gia MED","description":"","potentialAction":[{"@type":"SearchAction","target":{"@type":"EntryPoint","urlTemplate":"https:\/\/med.estrategia.com\/portal\/?s={search_term_string}"},"query-input":{"@type":"PropertyValueSpecification","valueRequired":true,"valueName":"search_term_string"}}],"inLanguage":"pt-BR"},{"@type":"Person","@id":"https:\/\/med.estrategia.com\/portal\/#\/schema\/person\/2f553adbb8e25fe39d145c5b2927f58c","name":"Ana Carolina Damasceno","image":{"@type":"ImageObject","inLanguage":"pt-BR","@id":"https:\/\/med.estrategia.com\/portal\/#\/schema\/person\/image\/","url":"https:\/\/med.estrategia.com\/portal\/wp-content\/uploads\/2021\/09\/WhatsApp-Image-2023-08-18-at-16.46.43-150x150.jpeg","contentUrl":"https:\/\/med.estrategia.com\/portal\/wp-content\/uploads\/2021\/09\/WhatsApp-Image-2023-08-18-at-16.46.43-150x150.jpeg","caption":"Ana Carolina Damasceno"},"description":"Coordenadora de Jornalismo EMED. Comunicadora por natureza e forma\u00e7\u00e3o, que ama e perde a no\u00e7\u00e3o do tempo com m\u00fasica e s\u00e9rie.","url":"https:\/\/med.estrategia.com\/portal\/author\/ana-carolina-damasceno\/"}]}},"_wl_alt_label":[],"wl:entity_url":"\/post\/municipio-de-conceicao-de-jacuipe-oferta-61-vagas-para-medicos-em-concurso-publico","_links":{"self":[{"href":"https:\/\/med.estrategia.com\/portal\/wp-json\/wp\/v2\/posts\/67720","targetHints":{"allow":["GET"]}}],"collection":[{"href":"https:\/\/med.estrategia.com\/portal\/wp-json\/wp\/v2\/posts"}],"about":[{"href":"https:\/\/med.estrategia.com\/portal\/wp-json\/wp\/v2\/types\/post"}],"author":[{"embeddable":true,"href":"https:\/\/med.estrategia.com\/portal\/wp-json\/wp\/v2\/users\/39"}],"replies":[{"embeddable":true,"href":"https:\/\/med.estrategia.com\/portal\/wp-json\/wp\/v2\/comments?post=67720"}],"version-history":[{"count":8,"href":"https:\/\/med.estrategia.com\/portal\/wp-json\/wp\/v2\/posts\/67720\/revisions"}],"predecessor-version":[{"id":82159,"href":"https:\/\/med.estrategia.com\/portal\/wp-json\/wp\/v2\/posts\/67720\/revisions\/82159"}],"wp:featuredmedia":[{"embeddable":true,"href":"https:\/\/med.estrategia.com\/portal\/wp-json\/wp\/v2\/media\/67692"}],"wp:attachment":[{"href":"https:\/\/med.estrategia.com\/portal\/wp-json\/wp\/v2\/media?parent=67720"}],"wp:term":[{"taxonomy":"category","embeddable":true,"href":"https:\/\/med.estrategia.com\/portal\/wp-json\/wp\/v2\/categories?post=67720"},{"taxonomy":"post_tag","embeddable":true,"href":"https:\/\/med.estrategia.com\/portal\/wp-json\/wp\/v2\/tags?post=67720"},{"taxonomy":"wl_entity_type","embeddable":true,"href":"https:\/\/med.estrategia.com\/portal\/wp-json\/wp\/v2\/wl_entity_type?post=67720"}],"curies":[{"name":"wp","href":"https:\/\/api.w.org\/{rel}","templated":true}]}}