{"id":67886,"date":"2024-08-15T15:36:06","date_gmt":"2024-08-15T18:36:06","guid":{"rendered":"https:\/\/med.estrategia.com\/portal\/?p=67886"},"modified":"2026-01-22T16:45:04","modified_gmt":"2026-01-22T19:45:04","slug":"instituto-de-cardiologia-do-rio-grande-do-sul-publica-edital-para-residencia-medica-2025","status":"publish","type":"post","link":"https:\/\/med.estrategia.com\/portal\/noticias\/instituto-de-cardiologia-do-rio-grande-do-sul-publica-edital-para-residencia-medica-2025\/","title":{"rendered":"Instituto de Cardiologia do Rio Grande do Sul publica edital para Resid\u00eancia M\u00e9dica 2025"},"content":{"rendered":"<p>Foi divulgado hoje (15) pela Fundmed, organizadora da sele&ccedil;&atilde;o, o edital do <strong>Instituto de Cardiologia do Rio Grande do Sul (IC-RS) <\/strong>para ingresso em mar&ccedil;o de 2025 nos <strong>programas de resid&ecirc;ncia m&eacute;dica<\/strong> ofertados pela institui&ccedil;&atilde;o<strong>.<\/strong> Ao todo, s&atilde;o<strong> ofertadas 10 vagas<\/strong>, distribu&iacute;das entre as especialidades de Acesso Direto<strong> Anestesiologia, Cirurgia Cardiovascular e Radiologia e Diagn&oacute;stico por Imagem<\/strong>. <p>Os candidatos interessados <strong>ter&atilde;o do dia 29 de agosto a 2 de outubro de 2024 para realizar sua inscri&ccedil;&atilde;o<\/strong>, que pode ser realizada no <a href=\"https:\/\/fundmed.org.br\/evento\/residencia-medica-instituto-de-cardiologia-2025\/\" target=\"_blank\">site da Fundmed<\/a>, mediante pagamento da<strong> taxa no valor de R$ 650,00<\/strong>.  <br><br>Ainda, de acordo com <strong><a href=\"https:\/\/fundmed.org.br\/evento\/residencia-medica-instituto-de-cardiologia-2025\/\" target=\"_blank\">informativo divulgado na p&aacute;gina oficial da sele&ccedil;&atilde;o<\/a><\/strong> e edital complementar, haver&aacute; o aproveitamento da prova objetiva aplicada ao processo seletivo da Universidade Federal de Ci&ecirc;ncias da Sa&uacute;de de Porto Alegre (UFCSPA), que deve acontecer no dia 2 de novembro de 2024. <\/p><div id=\"ez-toc-container\" class=\"ez-toc-v2_0_79_2 counter-hierarchy ez-toc-counter ez-toc-transparent ez-toc-container-direction\">\n<div class=\"ez-toc-title-container\"><p class=\"ez-toc-title\" style=\"cursor:inherit\">Navegue pelo conte\u00fado<\/p>\n<\/div><nav><ul class='ez-toc-list ez-toc-list-level-1 ' ><li class='ez-toc-page-1 ez-toc-heading-level-2'><a class=\"ez-toc-link ez-toc-heading-1\" href=\"https:\/\/med.estrategia.com\/portal\/noticias\/instituto-de-cardiologia-do-rio-grande-do-sul-publica-edital-para-residencia-medica-2025\/#Resumo-Edital-IC-RS-2025\" >Resumo Edital IC-RS 2025<\/a><ul class='ez-toc-list-level-3' ><li class='ez-toc-heading-level-3'><a class=\"ez-toc-link ez-toc-heading-2\" href=\"https:\/\/med.estrategia.com\/portal\/noticias\/instituto-de-cardiologia-do-rio-grande-do-sul-publica-edital-para-residencia-medica-2025\/#Inscreva-se-em-nossa-newsletter\" >Inscreva-se em nossa newsletter!<\/a><\/li><\/ul><\/li><li class='ez-toc-page-1 ez-toc-heading-level-2'><a class=\"ez-toc-link ez-toc-heading-3\" href=\"https:\/\/med.estrategia.com\/portal\/noticias\/instituto-de-cardiologia-do-rio-grande-do-sul-publica-edital-para-residencia-medica-2025\/#Vagas-ofertadas-IC-RS-2025\" >Vagas ofertadas IC-RS 2025<\/a><\/li><li class='ez-toc-page-1 ez-toc-heading-level-2'><a class=\"ez-toc-link ez-toc-heading-4\" href=\"https:\/\/med.estrategia.com\/portal\/noticias\/instituto-de-cardiologia-do-rio-grande-do-sul-publica-edital-para-residencia-medica-2025\/#Edital-IC-RS-2025\" >Edital IC-RS 2025<\/a><\/li><\/ul><\/nav><\/div>\n<h2 class=\"wp-block-heading\" id=\"h-resumo-edital-ic-rs-2025\"><span class=\"ez-toc-section\" id=\"Resumo-Edital-IC-RS-2025\"><\/span>Resumo Edital IC-RS 2025<span class=\"ez-toc-section-end\"><\/span><\/h2><figure class=\"wp-block-table\"><table class=\"has-fixed-layout\"><tbody><tr><td><strong>Vagas Ofertadas<\/strong><\/td><td class=\"has-text-align-center\" data-align=\"center\">10<\/td><\/tr><tr><td><strong>Composi&ccedil;&atilde;o do Processo Seletivo<\/strong><\/td><td class=\"has-text-align-center\" data-align=\"center\">Prova Objetiva + An&aacute;lise Curricular<\/td><\/tr><tr><td><strong>Taxa de Inscri&ccedil;&atilde;o <\/strong><\/td><td class=\"has-text-align-center\" data-align=\"center\">R$650,00<\/td><\/tr><tr><td><strong>Per&iacute;odo de Inscri&ccedil;&otilde;es <\/strong><\/td><td class=\"has-text-align-center\" data-align=\"center\">29\/08\/2024 a 02\/10\/2024<\/td><\/tr><tr><td><strong>Prova Objetiva (UFCSPA)<\/strong><\/td><td class=\"has-text-align-center\" data-align=\"center\">02\/11\/2024<\/td><\/tr><tr><td><strong>Gabarito Preliminar<\/strong><\/td><td class=\"has-text-align-center\" data-align=\"center\">04\/11\/2024<\/td><\/tr><tr><td><strong>Recursos contra gabarito<\/strong><\/td><td class=\"has-text-align-center\" data-align=\"center\">05 e 06\/11\/2024<\/td><\/tr><tr><td><strong>Gabarito Definitivo e Resultado da prova<\/strong><\/td><td class=\"has-text-align-center\" data-align=\"center\">19\/11\/2024<\/td><\/tr><tr><td><strong>Entrega da documenta&ccedil;&atilde;o dos classificados para 2&ordf; fase<\/strong><\/td><td class=\"has-text-align-center\" data-align=\"center\">02\/12\/2024 a 05\/12\/2024<\/td><\/tr><tr><td><strong>An&aacute;lise e Argui&ccedil;&atilde;o do Curr&iacute;culo<\/strong> <strong>Presencial<\/strong><\/td><td class=\"has-text-align-center\" data-align=\"center\">10\/12\/2024 a 13\/12\/2024<\/td><\/tr><tr><td><strong>Resultado preliminar da 2&ordf; fase<\/strong><\/td><td class=\"has-text-align-center\" data-align=\"center\">16\/12\/2024<\/td><\/tr><tr><td><strong>Per&iacute;odo para recurso<\/strong><\/td><td class=\"has-text-align-center\" data-align=\"center\">17\/12\/24<\/td><\/tr><tr><td><strong>Resultado final<\/strong><\/td><td class=\"has-text-align-center\" data-align=\"center\">20\/12\/2024<\/td><\/tr><tr><td><strong>Matr&iacute;culas<\/strong><\/td><td class=\"has-text-align-center\" data-align=\"center\">03 a 19\/01\/2025<\/td><\/tr><tr><td><strong>In&iacute;cio dos Programas<\/strong><\/td><td class=\"has-text-align-center\" data-align=\"center\">Mar&ccedil;o de 2025<\/td><\/tr><\/tbody><\/table><figcaption class=\"wp-element-caption\">*Demais informa&ccedil;&otilde;es poder&atilde;o ser consultadas com a publica&ccedil;&atilde;o do edital da UFSCPA 2025<\/figcaption><\/figure><p>Assine tamb&eacute;m a nossa Newsletter para receber atualiza&ccedil;&otilde;es sobre este e outros processos seletivos diretamente no seu e-mail:<\/p><p>\n\n\n<div id=\"new-form\">\n\t<form id=\"forms_layout\">\n\t<input type=\"hidden\" id=\"chave_de\" name=\"chave_de\" value=\"01_EMED_LEADS_TOTAIS\" \/>\n\t\t<input type=\"hidden\" id=\"mid\" name=\"mid\" value=\"515009018\" \/>\n\t\t<input type=\"hidden\" id=\"Objetivo\" name=\"Objetivo\" value=\"Medicina\" \/>\n\t\t<input type=\"hidden\" id=\"Estado_de_Origem_do_IP\" name=\"Estado_de_Origem_do_IP\"  value=\"\" \/>\n\t\t<input type=\"hidden\" id=\"Cidade_de_Origem_do_IP\" name=\"Cidade_de_Origem_do_IP\" value=\"\" \/>\n\t\t<input type=\"hidden\" id=\"Modo_de_entrada\" name=\"Modo_de_entrada\" value=\"Portal\" \/>\n\t\t<input type=\"hidden\" id=\"Pagina_Origem\" name=\"Pagina_Origem\" value=\"\" \/>\n\n\t\t<div class=\"texto\">\n\t\t\t<h3 class=\"news\"><span class=\"ez-toc-section\" id=\"Inscreva-se-em-nossa-newsletter\"><\/span>Inscreva-se em nossa newsletter!<span class=\"ez-toc-section-end\"><\/span><\/h3>\n\t\t\t<p>Receba not\u00edcias sobre resid\u00eancia m\u00e9dica, revalida\u00e7\u00e3o de diplomas e concursos m\u00e9dicos, al\u00e9m de materiais de estudo gratuitos e informa\u00e7\u00f5es relevantes do mundo da Medicina.<\/p>\n\t\t<\/div>\n\t\t<div class=\"campos\">\n\t\t\t<div class=\"first_name labels\">\n\t\t\t\t<input type=\"text\" class=\"input_labels\" id=\"first_name\" name=\"Nome_Completo\" placeholder=\"Nome\" required \/>\n\t\t\t<\/div>\n\t\t\t<div class=\"email labels\">\n\t\t\t\t<input type=\"email\" class=\"input_labels\" id=\"email\" name=\"Email\" placeholder=\"E-mail\" required \/>\n\t\t\t<\/div>\n\t\t\t<button type=\"submit\" class=\"button_layout\">\n\t\t\t\t<div id=\"lblBotao\">Inscreva-se<\/div>\n\t\t\t\t<span id=\"divSpiner\" class=\"loader\" role=\"status\" style=\"display: none;\"><\/span>\t\n\t\t\t<\/button>\n\t\t<\/div><!-- \/campos -->\n\t\t\n\t\t<label class=\"container_checkbox\">Voc\u00ea concorda com a nossa\n\t\t\t<a class=\"politics_privacy_ahref\" target=\"_blank\" href=\"https:\/\/gratis.estrategiaconcursos.com.br\/politica-de-privacidade\/\">Pol\u00edtica de Privacidade<\/a> e aceita receber informa\u00e7\u00f5es adicionais do Estrat\u00e9gia Educacional.\n\t\t\t<input id=\"checkbox_layout\" type=\"checkbox\" checked=\"checked\" required \/>\n\t\t\t<span class=\"checkbox\"><\/span>\n\t\t<\/label>\n\t\t<div id=\"msg\"><\/div>\n\t\t<div id=\"error\" class=\"error\">\n\t\t<\/div>\n\t<\/form>\n<\/div><!-- \/new-form -->\n\n\n\n<\/p><h2 class=\"wp-block-heading\" id=\"h-vagas-ofertadas-ic-rs-2025\"><span class=\"ez-toc-section\" id=\"Vagas-ofertadas-IC-RS-2025\"><\/span>Vagas ofertadas IC-RS 2025<span class=\"ez-toc-section-end\"><\/span><\/h2><figure class=\"wp-block-table\"><table class=\"has-fixed-layout\"><thead><tr><th>Especialidades<\/th><th class=\"has-text-align-center\" data-align=\"center\">TOTAL DE VAGAS<\/th><\/tr><\/thead><tbody><tr><td><a class=\"wl-entity-page-link\" href=\"https:\/\/med.estrategia.com\/portal\/entidade\/anestesiologia\/\" data-id=\"\/entity\/anestesiologia;http:\/\/www.wikidata.org\/entity\/Q615057;https:\/\/data.wordlift.io\/wl106637\/entity\/anestesiologia\">Anestesiologia<\/a><\/td><td class=\"has-text-align-center\" data-align=\"center\">3<\/td><\/tr><tr><td>Cirurgia Cardiovascular<\/td><td class=\"has-text-align-center\" data-align=\"center\">3<\/td><\/tr><tr><td><a class=\"wl-entity-page-link\" title=\"RADIOLOGIA E DIAGN&Oacute;STICO POR IMAGEM\" href=\"https:\/\/med.estrategia.com\/portal\/entidade\/radiologia-e-diagnostico-por-imagem\/\" data-id=\"\/entity\/radiologia-e-diagnostico-por-imagem;http:\/\/pt.dbpedia.org\/resource\/Diagn&oacute;stico_por_imagem;https:\/\/data.wordlift.io\/wl106637\/entity\/radiologia-e-diagnostico-por-imagem\">Radiologia e Diagn&oacute;stico Por Imagem<\/a><\/td><td class=\"has-text-align-center\" data-align=\"center\">4<\/td><\/tr><\/tbody><\/table><\/figure><h2 class=\"wp-block-heading\" id=\"h-edital-ic-rs-2025\"><span class=\"ez-toc-section\" id=\"Edital-IC-RS-2025\"><\/span>Edital IC-RS 2025<span class=\"ez-toc-section-end\"><\/span><\/h2><p>O edital completo, divulgado no dia 15 de agosto de 2024, com todas as disposi&ccedil;&otilde;es referentes &agrave; sele&ccedil;&atilde;o pode ser conferido clicando no bot&atilde;o abaixo: <\/p><div class=\"wp-block-buttons is-content-justification-center is-layout-flex wp-container-core-buttons-is-layout-1 wp-block-buttons-is-layout-flex\">\n<div class=\"wp-block-button\"><a class=\"wp-block-button__link wp-element-button\" href=\"https:\/\/med.estrategia.com\/portal\/wp-content\/uploads\/2024\/08\/EDITAL-09.2024-2025-MEDICA-ACESSO-DIRETO-CORRIGIDO-EM-13.08.2024.docx-1523-2-1.pdf\" target=\"_blank\">EDITal IC-RS 2025<\/a><\/div>\n\n\n\n<div class=\"wp-block-button\"><a class=\"wp-block-button__link wp-element-button\" href=\"https:\/\/cdn.medblog.estrategiaeducacional.com.br\/wp-content\/uploads\/2024\/08\/Edital-FUNDMED-2024-2025-COREME.pdf\" target=\"_blank\">EDITal complementar IC-RS 2025<\/a><\/div>\n<\/div><p>A sele&ccedil;&atilde;o tem a 1&ordf; fase organizada pela Fundmed, respons&aacute;vel por outras sele&ccedil;&otilde;es importantes, como <a href=\"https:\/\/med.estrategia.com\/portal\/residencia-medica\/hcpa-rs-residencia-medica\/\" target=\"_blank\">HCPA<\/a> e <a href=\"https:\/\/med.estrategia.com\/portal\/residencia-medica\/ufcspa\/\" target=\"_blank\">UFCSPA<\/a>. A 2&ordf; fase, a <strong>An&aacute;lise Curricular<\/strong>, &eacute; de<strong> responsabilidade do pr&oacute;prio IC<\/strong>. <\/p><p class=\"wp-block-preformatted\">Calend&aacute;rio de Provas: <a href=\"https:\/\/med.estrategia.com\/portal\/residencia-medica\/calendario-de-residencia-medica-confira-as-datas-das-proximas-provas\/\" target=\"_blank\">Resid&ecirc;ncia M&eacute;dica 2024\/2025<\/a><\/p><p>Se voc&ecirc; quer ficar por dentro de mais conte&uacute;dos relevantes sobre a &aacute;rea&nbsp;m&eacute;dica, continue acompanhando o material preparado pelo Portal de Not&iacute;cias do Estrat&eacute;gia MED. Aqui, voc&ecirc; encontrar&aacute; informa&ccedil;&otilde;es atualizadas sobre resid&ecirc;ncias, carreira m&eacute;dica e muito mais!<\/p><p>\n\n\n\n\n\n<a id=\"cta\" class=\"cta-imagem\" href=\"https:\/\/med.estrategia.com\/curso\/banco-de-questes-resumos-estrategicos-anual\/\" target=\"blank\">\n                <img decoding=\"async\" width=\"100%\" src=\"https:\/\/med.estrategia.com\/portal\/wp-content\/uploads\/2025\/08\/banco_questoes.png\" alt=\"banco_questoes\" title=\"banco_questoes\">\n        <\/a>\n\n\n<\/p><\/p>\n","protected":false},"excerpt":{"rendered":"Candidatos interessados far\u00e3o o aproveitamento da prova objetiva aplicada aos programas da Universidade Federal de Ci\u00eancias da Sa\u00fade de Porto Alegre (UFCSPA), cuja aplica\u00e7\u00e3o acontecer\u00e1 em 2 de novembro de 2024\n","protected":false},"author":22,"featured_media":67897,"comment_status":"closed","ping_status":"closed","sticky":false,"template":"","format":"standard","meta":{"wl_entities_gutenberg":"","footnotes":""},"categories":[300],"tags":[],"wl_entity_type":[199],"class_list":{"0":"post-67886","1":"post","2":"type-post","3":"status-publish","4":"format-standard","5":"has-post-thumbnail","7":"category-noticias","8":"wl_entity_type-article"},"acf":[],"yoast_head":"<!-- This site is optimized with the Yoast SEO Premium plugin v26.6 (Yoast SEO v26.6) - https:\/\/yoast.com\/wordpress\/plugins\/seo\/ -->\n<title>Instituto de Cardiologia do Rio Grande do Sul publica edital para Resid\u00eancia M\u00e9dica 2025<\/title>\n<meta name=\"description\" content=\"Saiba mais sobre o edital para o processo seletivo para resid\u00eancia m\u00e9dica 2025 do Instituto de Cardiologia do RS!\" \/>\n<meta name=\"robots\" content=\"index, follow, max-snippet:-1, max-image-preview:large, max-video-preview:-1\" \/>\n<link rel=\"canonical\" href=\"https:\/\/med.estrategia.com\/portal\/noticias\/instituto-de-cardiologia-do-rio-grande-do-sul-publica-edital-para-residencia-medica-2025\/\" \/>\n<meta property=\"og:locale\" content=\"pt_BR\" \/>\n<meta property=\"og:type\" content=\"article\" \/>\n<meta property=\"og:title\" content=\"Instituto de Cardiologia do Rio Grande do Sul publica edital para Resid\u00eancia M\u00e9dica 2025\" \/>\n<meta property=\"og:description\" content=\"Saiba mais sobre o edital para o processo seletivo para resid\u00eancia m\u00e9dica 2025 do Instituto de Cardiologia do RS!\" \/>\n<meta property=\"og:url\" content=\"https:\/\/med.estrategia.com\/portal\/noticias\/instituto-de-cardiologia-do-rio-grande-do-sul-publica-edital-para-residencia-medica-2025\/\" \/>\n<meta property=\"og:site_name\" content=\"Estrat\u00e9gia MED\" \/>\n<meta property=\"article:publisher\" content=\"https:\/\/www.facebook.com\/estrategiamed1\" \/>\n<meta property=\"article:published_time\" content=\"2024-08-15T18:36:06+00:00\" \/>\n<meta property=\"article:modified_time\" content=\"2026-01-22T19:45:04+00:00\" \/>\n<meta property=\"og:image\" content=\"https:\/\/med.estrategia.com\/portal\/wp-content\/uploads\/2024\/08\/ICRS-1.jpg\" \/>\n\t<meta property=\"og:image:width\" content=\"1920\" \/>\n\t<meta property=\"og:image:height\" content=\"1080\" \/>\n\t<meta property=\"og:image:type\" content=\"image\/jpeg\" \/>\n<meta name=\"author\" content=\"Erika Coelho\" \/>\n<meta name=\"twitter:card\" content=\"summary_large_image\" \/>\n<meta name=\"twitter:creator\" content=\"@estrategiamed_\" \/>\n<meta name=\"twitter:site\" content=\"@estrategiamed_\" \/>\n<meta name=\"twitter:label1\" content=\"Escrito por\" \/>\n\t<meta name=\"twitter:data1\" content=\"Erika Coelho\" \/>\n\t<meta name=\"twitter:label2\" content=\"Est. tempo de leitura\" \/>\n\t<meta name=\"twitter:data2\" content=\"2 minutos\" \/>\n<script type=\"application\/ld+json\" class=\"yoast-schema-graph\">{\"@context\":\"https:\/\/schema.org\",\"@graph\":[{\"@type\":\"WebPage\",\"@id\":\"https:\/\/med.estrategia.com\/portal\/noticias\/instituto-de-cardiologia-do-rio-grande-do-sul-publica-edital-para-residencia-medica-2025\/\",\"url\":\"https:\/\/med.estrategia.com\/portal\/noticias\/instituto-de-cardiologia-do-rio-grande-do-sul-publica-edital-para-residencia-medica-2025\/\",\"name\":\"Instituto de Cardiologia do Rio Grande do Sul publica edital para Resid\u00eancia M\u00e9dica 2025\",\"isPartOf\":{\"@id\":\"https:\/\/med.estrategia.com\/portal\/#website\"},\"primaryImageOfPage\":{\"@id\":\"https:\/\/med.estrategia.com\/portal\/noticias\/instituto-de-cardiologia-do-rio-grande-do-sul-publica-edital-para-residencia-medica-2025\/#primaryimage\"},\"image\":{\"@id\":\"https:\/\/med.estrategia.com\/portal\/noticias\/instituto-de-cardiologia-do-rio-grande-do-sul-publica-edital-para-residencia-medica-2025\/#primaryimage\"},\"thumbnailUrl\":\"https:\/\/med.estrategia.com\/portal\/wp-content\/uploads\/2024\/08\/ICRS-1.jpg\",\"datePublished\":\"2024-08-15T18:36:06+00:00\",\"dateModified\":\"2026-01-22T19:45:04+00:00\",\"author\":{\"@id\":\"https:\/\/med.estrategia.com\/portal\/#\/schema\/person\/8e7c9b2f53f2eede3b8880ad86ff20a3\"},\"description\":\"Saiba mais sobre o edital para o processo seletivo para resid\u00eancia m\u00e9dica 2025 do Instituto de Cardiologia do RS!\",\"breadcrumb\":{\"@id\":\"https:\/\/med.estrategia.com\/portal\/noticias\/instituto-de-cardiologia-do-rio-grande-do-sul-publica-edital-para-residencia-medica-2025\/#breadcrumb\"},\"inLanguage\":\"pt-BR\",\"potentialAction\":[{\"@type\":\"ReadAction\",\"target\":[\"https:\/\/med.estrategia.com\/portal\/noticias\/instituto-de-cardiologia-do-rio-grande-do-sul-publica-edital-para-residencia-medica-2025\/\"]}]},{\"@type\":\"ImageObject\",\"inLanguage\":\"pt-BR\",\"@id\":\"https:\/\/med.estrategia.com\/portal\/noticias\/instituto-de-cardiologia-do-rio-grande-do-sul-publica-edital-para-residencia-medica-2025\/#primaryimage\",\"url\":\"https:\/\/med.estrategia.com\/portal\/wp-content\/uploads\/2024\/08\/ICRS-1.jpg\",\"contentUrl\":\"https:\/\/med.estrategia.com\/portal\/wp-content\/uploads\/2024\/08\/ICRS-1.jpg\",\"width\":1920,\"height\":1080,\"caption\":\"resid\u00eancia m\u00e9dica instituto de cardiologia 2025\"},{\"@type\":\"BreadcrumbList\",\"@id\":\"https:\/\/med.estrategia.com\/portal\/noticias\/instituto-de-cardiologia-do-rio-grande-do-sul-publica-edital-para-residencia-medica-2025\/#breadcrumb\",\"itemListElement\":[{\"@type\":\"ListItem\",\"position\":1,\"name\":\"Home\",\"item\":\"https:\/\/med.estrategia.com\/portal\/\"},{\"@type\":\"ListItem\",\"position\":2,\"name\":\"Not\u00edcias\",\"item\":\"https:\/\/med.estrategia.com\/portal\/noticias\/\"},{\"@type\":\"ListItem\",\"position\":3,\"name\":\"Instituto de Cardiologia do Rio Grande do Sul publica edital para Resid\u00eancia M\u00e9dica 2025\"}]},{\"@type\":\"WebSite\",\"@id\":\"https:\/\/med.estrategia.com\/portal\/#website\",\"url\":\"https:\/\/med.estrategia.com\/portal\/\",\"name\":\"Estrat\u00e9gia MED\",\"description\":\"\",\"potentialAction\":[{\"@type\":\"SearchAction\",\"target\":{\"@type\":\"EntryPoint\",\"urlTemplate\":\"https:\/\/med.estrategia.com\/portal\/?s={search_term_string}\"},\"query-input\":{\"@type\":\"PropertyValueSpecification\",\"valueRequired\":true,\"valueName\":\"search_term_string\"}}],\"inLanguage\":\"pt-BR\"},{\"@type\":\"Person\",\"@id\":\"https:\/\/med.estrategia.com\/portal\/#\/schema\/person\/8e7c9b2f53f2eede3b8880ad86ff20a3\",\"name\":\"Erika Coelho\",\"image\":{\"@type\":\"ImageObject\",\"inLanguage\":\"pt-BR\",\"@id\":\"https:\/\/med.estrategia.com\/portal\/#\/schema\/person\/image\/\",\"url\":\"https:\/\/secure.gravatar.com\/avatar\/8ef9ff2e2fa53829c640cca8d1a45178?s=96&d=mm&r=g\",\"contentUrl\":\"https:\/\/secure.gravatar.com\/avatar\/8ef9ff2e2fa53829c640cca8d1a45178?s=96&d=mm&r=g\",\"caption\":\"Erika Coelho\"},\"description\":\"Jornalista pela Universidade Presbiteriana Mackenzie, escrevo sobre educa\u00e7\u00e3o, sa\u00fade e pol\u00edticas p\u00fablicas\",\"url\":\"https:\/\/med.estrategia.com\/portal\/author\/erika\/\"}]}<\/script>\n<!-- \/ Yoast SEO Premium plugin. -->","yoast_head_json":{"title":"Instituto de Cardiologia do Rio Grande do Sul publica edital para Resid\u00eancia M\u00e9dica 2025","description":"Saiba mais sobre o edital para o processo seletivo para resid\u00eancia m\u00e9dica 2025 do Instituto de Cardiologia do RS!","robots":{"index":"index","follow":"follow","max-snippet":"max-snippet:-1","max-image-preview":"max-image-preview:large","max-video-preview":"max-video-preview:-1"},"canonical":"https:\/\/med.estrategia.com\/portal\/noticias\/instituto-de-cardiologia-do-rio-grande-do-sul-publica-edital-para-residencia-medica-2025\/","og_locale":"pt_BR","og_type":"article","og_title":"Instituto de Cardiologia do Rio Grande do Sul publica edital para Resid\u00eancia M\u00e9dica 2025","og_description":"Saiba mais sobre o edital para o processo seletivo para resid\u00eancia m\u00e9dica 2025 do Instituto de Cardiologia do RS!","og_url":"https:\/\/med.estrategia.com\/portal\/noticias\/instituto-de-cardiologia-do-rio-grande-do-sul-publica-edital-para-residencia-medica-2025\/","og_site_name":"Estrat\u00e9gia MED","article_publisher":"https:\/\/www.facebook.com\/estrategiamed1","article_published_time":"2024-08-15T18:36:06+00:00","article_modified_time":"2026-01-22T19:45:04+00:00","og_image":[{"width":1920,"height":1080,"url":"https:\/\/med.estrategia.com\/portal\/wp-content\/uploads\/2024\/08\/ICRS-1.jpg","type":"image\/jpeg"}],"author":"Erika Coelho","twitter_card":"summary_large_image","twitter_creator":"@estrategiamed_","twitter_site":"@estrategiamed_","twitter_misc":{"Escrito por":"Erika Coelho","Est. tempo de leitura":"2 minutos"},"schema":{"@context":"https:\/\/schema.org","@graph":[{"@type":"WebPage","@id":"https:\/\/med.estrategia.com\/portal\/noticias\/instituto-de-cardiologia-do-rio-grande-do-sul-publica-edital-para-residencia-medica-2025\/","url":"https:\/\/med.estrategia.com\/portal\/noticias\/instituto-de-cardiologia-do-rio-grande-do-sul-publica-edital-para-residencia-medica-2025\/","name":"Instituto de Cardiologia do Rio Grande do Sul publica edital para Resid\u00eancia M\u00e9dica 2025","isPartOf":{"@id":"https:\/\/med.estrategia.com\/portal\/#website"},"primaryImageOfPage":{"@id":"https:\/\/med.estrategia.com\/portal\/noticias\/instituto-de-cardiologia-do-rio-grande-do-sul-publica-edital-para-residencia-medica-2025\/#primaryimage"},"image":{"@id":"https:\/\/med.estrategia.com\/portal\/noticias\/instituto-de-cardiologia-do-rio-grande-do-sul-publica-edital-para-residencia-medica-2025\/#primaryimage"},"thumbnailUrl":"https:\/\/med.estrategia.com\/portal\/wp-content\/uploads\/2024\/08\/ICRS-1.jpg","datePublished":"2024-08-15T18:36:06+00:00","dateModified":"2026-01-22T19:45:04+00:00","author":{"@id":"https:\/\/med.estrategia.com\/portal\/#\/schema\/person\/8e7c9b2f53f2eede3b8880ad86ff20a3"},"description":"Saiba mais sobre o edital para o processo seletivo para resid\u00eancia m\u00e9dica 2025 do Instituto de Cardiologia do RS!","breadcrumb":{"@id":"https:\/\/med.estrategia.com\/portal\/noticias\/instituto-de-cardiologia-do-rio-grande-do-sul-publica-edital-para-residencia-medica-2025\/#breadcrumb"},"inLanguage":"pt-BR","potentialAction":[{"@type":"ReadAction","target":["https:\/\/med.estrategia.com\/portal\/noticias\/instituto-de-cardiologia-do-rio-grande-do-sul-publica-edital-para-residencia-medica-2025\/"]}]},{"@type":"ImageObject","inLanguage":"pt-BR","@id":"https:\/\/med.estrategia.com\/portal\/noticias\/instituto-de-cardiologia-do-rio-grande-do-sul-publica-edital-para-residencia-medica-2025\/#primaryimage","url":"https:\/\/med.estrategia.com\/portal\/wp-content\/uploads\/2024\/08\/ICRS-1.jpg","contentUrl":"https:\/\/med.estrategia.com\/portal\/wp-content\/uploads\/2024\/08\/ICRS-1.jpg","width":1920,"height":1080,"caption":"resid\u00eancia m\u00e9dica instituto de cardiologia 2025"},{"@type":"BreadcrumbList","@id":"https:\/\/med.estrategia.com\/portal\/noticias\/instituto-de-cardiologia-do-rio-grande-do-sul-publica-edital-para-residencia-medica-2025\/#breadcrumb","itemListElement":[{"@type":"ListItem","position":1,"name":"Home","item":"https:\/\/med.estrategia.com\/portal\/"},{"@type":"ListItem","position":2,"name":"Not\u00edcias","item":"https:\/\/med.estrategia.com\/portal\/noticias\/"},{"@type":"ListItem","position":3,"name":"Instituto de Cardiologia do Rio Grande do Sul publica edital para Resid\u00eancia M\u00e9dica 2025"}]},{"@type":"WebSite","@id":"https:\/\/med.estrategia.com\/portal\/#website","url":"https:\/\/med.estrategia.com\/portal\/","name":"Estrat\u00e9gia MED","description":"","potentialAction":[{"@type":"SearchAction","target":{"@type":"EntryPoint","urlTemplate":"https:\/\/med.estrategia.com\/portal\/?s={search_term_string}"},"query-input":{"@type":"PropertyValueSpecification","valueRequired":true,"valueName":"search_term_string"}}],"inLanguage":"pt-BR"},{"@type":"Person","@id":"https:\/\/med.estrategia.com\/portal\/#\/schema\/person\/8e7c9b2f53f2eede3b8880ad86ff20a3","name":"Erika Coelho","image":{"@type":"ImageObject","inLanguage":"pt-BR","@id":"https:\/\/med.estrategia.com\/portal\/#\/schema\/person\/image\/","url":"https:\/\/secure.gravatar.com\/avatar\/8ef9ff2e2fa53829c640cca8d1a45178?s=96&d=mm&r=g","contentUrl":"https:\/\/secure.gravatar.com\/avatar\/8ef9ff2e2fa53829c640cca8d1a45178?s=96&d=mm&r=g","caption":"Erika Coelho"},"description":"Jornalista pela Universidade Presbiteriana Mackenzie, escrevo sobre educa\u00e7\u00e3o, sa\u00fade e pol\u00edticas p\u00fablicas","url":"https:\/\/med.estrategia.com\/portal\/author\/erika\/"}]}},"_wl_alt_label":[],"wl:entity_url":"\/post\/instituto-de-cardiologia-do-rio-grande-do-sul-publica-edital-para-residencia-medica-2025","_links":{"self":[{"href":"https:\/\/med.estrategia.com\/portal\/wp-json\/wp\/v2\/posts\/67886","targetHints":{"allow":["GET"]}}],"collection":[{"href":"https:\/\/med.estrategia.com\/portal\/wp-json\/wp\/v2\/posts"}],"about":[{"href":"https:\/\/med.estrategia.com\/portal\/wp-json\/wp\/v2\/types\/post"}],"author":[{"embeddable":true,"href":"https:\/\/med.estrategia.com\/portal\/wp-json\/wp\/v2\/users\/22"}],"replies":[{"embeddable":true,"href":"https:\/\/med.estrategia.com\/portal\/wp-json\/wp\/v2\/comments?post=67886"}],"version-history":[{"count":10,"href":"https:\/\/med.estrategia.com\/portal\/wp-json\/wp\/v2\/posts\/67886\/revisions"}],"predecessor-version":[{"id":105855,"href":"https:\/\/med.estrategia.com\/portal\/wp-json\/wp\/v2\/posts\/67886\/revisions\/105855"}],"wp:featuredmedia":[{"embeddable":true,"href":"https:\/\/med.estrategia.com\/portal\/wp-json\/wp\/v2\/media\/67897"}],"wp:attachment":[{"href":"https:\/\/med.estrategia.com\/portal\/wp-json\/wp\/v2\/media?parent=67886"}],"wp:term":[{"taxonomy":"category","embeddable":true,"href":"https:\/\/med.estrategia.com\/portal\/wp-json\/wp\/v2\/categories?post=67886"},{"taxonomy":"post_tag","embeddable":true,"href":"https:\/\/med.estrategia.com\/portal\/wp-json\/wp\/v2\/tags?post=67886"},{"taxonomy":"wl_entity_type","embeddable":true,"href":"https:\/\/med.estrategia.com\/portal\/wp-json\/wp\/v2\/wl_entity_type?post=67886"}],"curies":[{"name":"wp","href":"https:\/\/api.w.org\/{rel}","templated":true}]}}