{"id":68117,"date":"2024-11-19T17:33:28","date_gmt":"2024-11-19T20:33:28","guid":{"rendered":"https:\/\/med.estrategia.com\/portal\/?p=68117"},"modified":"2024-11-19T17:33:33","modified_gmt":"2024-11-19T20:33:33","slug":"uel-reabre-inscricoes-para-seletivo-de-residencia-medica-2025","status":"publish","type":"post","link":"https:\/\/med.estrategia.com\/portal\/noticias\/uel-reabre-inscricoes-para-seletivo-de-residencia-medica-2025\/","title":{"rendered":"UEL reabre inscri\u00e7\u00f5es para seletivo de Resid\u00eancia M\u00e9dica 2025"},"content":{"rendered":"<p>Com a <a href=\"https:\/\/med.estrategia.com\/portal\/noticias\/uel-divulga-novo-edital-para-residencia-medica-2025\/\" target=\"_blank\">republica&ccedil;&atilde;o do edital<\/a> do processo seletivo de resid&ecirc;ncia m&eacute;dica com in&iacute;cio em 2025 ap&oacute;s <a href=\"https:\/\/med.estrategia.com\/portal\/noticias\/uel-2025-edital-cancelado-residencia-medica\/\" target=\"_blank\">pol&ecirc;mica envolvendo sua reserva de vagas<\/a>, a&nbsp;<strong>Universidade Estadual de Londrina (UEL)<\/strong> reabriu na tarde desta ter&ccedil;a-feira (19) o <strong>per&iacute;odo de inscri&ccedil;&otilde;es <\/strong>para aqueles que desejam garantir sua participa&ccedil;&atilde;o na atual edi&ccedil;&atilde;o do certame.<br><br>Candidatos&nbsp;<strong>inscritos no edital anulado&nbsp;<\/strong>poder&atilde;o fazer o aproveitamento do pagamento realizado anteriormente para a taxa de inscri&ccedil;&atilde;o. Caso <strong>optem por desistir do processo seletivo, fica tamb&eacute;m assegurada a devolu&ccedil;&atilde;o do valor total<\/strong>. <p>As inscri&ccedil;&otilde;es poder&atilde;o ser realizadas <strong>at&eacute; &agrave;s 23h59 do dia 25 de novembro de 2024<\/strong>, mediante preenchimento do formul&aacute;rio de inscri&ccedil;&atilde;o. A taxa de pagamento &eacute; de<strong> R$692,00 para aqueles que n&atilde;o haviam se inscrito no processo anulado<\/strong>. Ao todo, 102 vagas s&atilde;o ofertadas.<\/p><div class=\"wp-block-buttons is-content-justification-center is-layout-flex wp-container-core-buttons-is-layout-1 wp-block-buttons-is-layout-flex\">\n<div class=\"wp-block-button\"><a class=\"wp-block-button__link wp-element-button\" href=\"https:\/\/sistemas.uel.br\/portaldepos\/inscricao\/listarCursos?nvCurso=4&amp;sqNivel=1\" target=\"_blank\">INSCREVA-SE AQUI!<\/a><\/div>\n<\/div><p>Ainda,<strong> durante os dias 11 e 12 de novembro<\/strong>, puderam solicitar <strong>isen&ccedil;&atilde;o total do valor da inscri&ccedil;&atilde;o<\/strong> candidatos inscritos no Cadastro &Uacute;nico para Programas Sociais do Governo Federal<br>(Cad&Uacute;nico), doadores de sangue ou de medula, e eleitores convocados e nomeados pela Justi&ccedil;a Eleitoral do Estado do Paran&aacute;, que tenham prestado servi&ccedil;o por, no m&iacute;nimo, dois eventos eleitorais, consecutivos ou n&atilde;o. <\/p><p>\n\n\n<div id=\"new-form\">\n\t<form id=\"forms_layout\">\n\t<input type=\"hidden\" id=\"chave_de\" name=\"chave_de\" value=\"01_EMED_LEADS_TOTAIS\" \/>\n\t\t<input type=\"hidden\" id=\"mid\" name=\"mid\" value=\"515009018\" \/>\n\t\t<input type=\"hidden\" id=\"Objetivo\" name=\"Objetivo\" value=\"Medicina\" \/>\n\t\t<input type=\"hidden\" id=\"Estado_de_Origem_do_IP\" name=\"Estado_de_Origem_do_IP\"  value=\"\" \/>\n\t\t<input type=\"hidden\" id=\"Cidade_de_Origem_do_IP\" name=\"Cidade_de_Origem_do_IP\" value=\"\" \/>\n\t\t<input type=\"hidden\" id=\"Modo_de_entrada\" name=\"Modo_de_entrada\" value=\"Portal\" \/>\n\t\t<input type=\"hidden\" id=\"Pagina_Origem\" name=\"Pagina_Origem\" value=\"\" \/>\n\n\t\t<div class=\"texto\">\n\t\t\t<h3 class=\"news\">Inscreva-se em nossa newsletter!<\/h3>\n\t\t\t<p>Receba not\u00edcias sobre resid\u00eancia m\u00e9dica, revalida\u00e7\u00e3o de diplomas e concursos m\u00e9dicos, al\u00e9m de materiais de estudo gratuitos e informa\u00e7\u00f5es relevantes do mundo da Medicina.<\/p>\n\t\t<\/div>\n\t\t<div class=\"campos\">\n\t\t\t<div class=\"first_name labels\">\n\t\t\t\t<input type=\"text\" class=\"input_labels\" id=\"first_name\" name=\"Nome_Completo\" placeholder=\"Nome\" required \/>\n\t\t\t<\/div>\n\t\t\t<div class=\"email labels\">\n\t\t\t\t<input type=\"email\" class=\"input_labels\" id=\"email\" name=\"Email\" placeholder=\"E-mail\" required \/>\n\t\t\t<\/div>\n\t\t\t<button type=\"submit\" class=\"button_layout\">\n\t\t\t\t<div id=\"lblBotao\">Inscreva-se<\/div>\n\t\t\t\t<span id=\"divSpiner\" class=\"loader\" role=\"status\" style=\"display: none;\"><\/span>\t\n\t\t\t<\/button>\n\t\t<\/div><!-- \/campos -->\n\t\t\n\t\t<label class=\"container_checkbox\">Voc\u00ea concorda com a nossa\n\t\t\t<a class=\"politics_privacy_ahref\" target=\"_blank\" href=\"https:\/\/gratis.estrategiaconcursos.com.br\/politica-de-privacidade\/\">Pol\u00edtica de Privacidade<\/a> e aceita receber informa\u00e7\u00f5es adicionais do Estrat\u00e9gia Educacional.\n\t\t\t<input id=\"checkbox_layout\" type=\"checkbox\" checked=\"checked\" required \/>\n\t\t\t<span class=\"checkbox\"><\/span>\n\t\t<\/label>\n\t\t<div id=\"msg\"><\/div>\n\t\t<div id=\"error\" class=\"error\">\n\t\t<\/div>\n\t<\/form>\n<\/div><!-- \/new-form -->\n\n\n\n<\/p><div id=\"ez-toc-container\" class=\"ez-toc-v2_0_79_2 counter-hierarchy ez-toc-counter ez-toc-transparent ez-toc-container-direction\">\n<div class=\"ez-toc-title-container\"><p class=\"ez-toc-title\" style=\"cursor:inherit\">Navegue pelo conte\u00fado<\/p>\n<\/div><nav><ul class='ez-toc-list ez-toc-list-level-1 ' ><li class='ez-toc-page-1 ez-toc-heading-level-2'><a class=\"ez-toc-link ez-toc-heading-1\" href=\"https:\/\/med.estrategia.com\/portal\/noticias\/uel-reabre-inscricoes-para-seletivo-de-residencia-medica-2025\/#Documentos-exigidos-na-inscricao\" >Documentos exigidos na inscri&ccedil;&atilde;o<\/a><\/li><li class='ez-toc-page-1 ez-toc-heading-level-2'><a class=\"ez-toc-link ez-toc-heading-2\" href=\"https:\/\/med.estrategia.com\/portal\/noticias\/uel-reabre-inscricoes-para-seletivo-de-residencia-medica-2025\/#Cronograma-UEL-2025\" >Cronograma UEL 2025<\/a><\/li><li class='ez-toc-page-1 ez-toc-heading-level-2'><a class=\"ez-toc-link ez-toc-heading-3\" href=\"https:\/\/med.estrategia.com\/portal\/noticias\/uel-reabre-inscricoes-para-seletivo-de-residencia-medica-2025\/#Prepare-se-para-a-UEL-2025-com-o-Estrategia-MED\" >Prepare-se para a UEL 2025 com o Estrat&eacute;gia MED<\/a><\/li><\/ul><\/nav><\/div>\n<h2 class=\"wp-block-heading\" id=\"h-documentos-exigidos-na-inscricao\"><span class=\"ez-toc-section\" id=\"Documentos-exigidos-na-inscricao\"><\/span>Documentos exigidos na inscri&ccedil;&atilde;o<span class=\"ez-toc-section-end\"><\/span><\/h2><p>Para garantir o deferimento da inscri&ccedil;&atilde;o, candidatos ter&atilde;o de realizar o <em>upload<\/em> dos seguintes documentos exigidos em edital at&eacute; &agrave;s 17h do &uacute;ltimo dia de inscri&ccedil;&atilde;o:<\/p><ul class=\"wp-block-list\">\n<li>C&eacute;dula de Identidade &ndash; frente e verso &ndash; Obrigat&oacute;rio o RG para fins acad&ecirc;micos;<\/li>\n\n\n\n<li>CPF: quando na C&eacute;dula de Identidade n&atilde;o constar o n&ordm; do CPF, fica obrigat&oacute;ria a apresenta&ccedil;&atilde;o de c&oacute;pia leg&iacute;vel do mesmo ou Comprovante de Situa&ccedil;&atilde;o Cadastral no CPF, retirado do site da Receita Federal;<\/li>\n\n\n\n<li>Documento Militar, para homens que possuem at&eacute; 45 anos de idade;<\/li>\n\n\n\n<li>Certid&atilde;o de Nascimento ou Casamento (frente e verso, sem tarja nem dobras);<\/li>\n\n\n\n<li>C&oacute;pia do Diploma do curso de gradua&ccedil;&atilde;o, autenticado, frente e verso. Caso o\/a candidato\/a ainda n&atilde;o possua o diploma, dever&aacute; apresentar Certificado de cola&ccedil;&atilde;o de grau. Caso ainda n&atilde;o possua o Certificado, apresentar atestado que demonstre estar matriculado no &uacute;ltimo semestre\/ano do curso de gradua&ccedil;&atilde;o; e<\/li>\n\n\n\n<li>Carteira do Conselho de classe &ndash; CRM &ndash; para os que j&aacute; conclu&iacute;ram o curso de gradua&ccedil;&atilde;o.<\/li>\n<\/ul><p>Os arquivos precisam estar em <strong>formato PDF<\/strong>, <strong>digitalizados individualmente <\/strong>e com <strong>tamanho de 1MB cada<\/strong>. Todos os documentos precisam estar com todas as<strong> informa&ccedil;&otilde;es leg&iacute;veis e devem conter todas as p&aacute;ginas, conforme o original<\/strong>. N&atilde;o ser&atilde;o aceitos arquivos compartilhados em Google Drive ou compactados. <\/p><h3 class=\"wp-block-heading\" id=\"h-provab-ou-prmgfc-pontuacao-adicional\">PROVAB ou PRMGFC &ndash; Pontua&ccedil;&atilde;o adicional<\/h3><p>Ainda, candidatos que tiverem<strong> participado e cumprido integralmente<\/strong> o estabelecido no Programa de Valoriza&ccedil;&atilde;o do Profissional da Aten&ccedil;&atilde;o B&aacute;sica (<strong>PROVAB<\/strong>), <strong>ou conclu&iacute;do<\/strong> o Programa de Resid&ecirc;ncia M&eacute;dica em Medicina de Fam&iacute;lia e Comunidade\/Medicina Geral da Fam&iacute;lia e Comunidade (<strong>PRMGFC<\/strong>) ter&atilde;o direito a <strong>10% de pontua&ccedil;&atilde;o adicional nas notas<\/strong>. <br><br>Para garantir a bonifica&ccedil;&atilde;o, ser&aacute; necess&aacute;rio enviar, durante o per&iacute;odo de inscri&ccedil;&otilde;es, a documenta&ccedil;&atilde;o comprobat&oacute;ria de um dos programas em formato PDF. O envio deve ser realizado at&eacute; o dia 25 de setembro para o <em>e-mail<\/em> <strong>residenciahuselecao@gmail.com<\/strong>, respeitando as regras dispostas no item 5 do edital.<\/p><p>Quer saber ainda mais? Dispomos abaixo alguns artigos que podem ser &uacute;teis na hora de se preparar para a sele&ccedil;&atilde;o que vem a&iacute;. N&atilde;o deixe de conferir!<\/p><h2 class=\"wp-block-heading\" id=\"h-cronograma-uel-2025\"><span class=\"ez-toc-section\" id=\"Cronograma-UEL-2025\"><\/span>Cronograma UEL 2025<span class=\"ez-toc-section-end\"><\/span><\/h2><ul class=\"wp-block-list\">\n<li><strong>Edital:<\/strong>&nbsp;05\/11\/2024;<\/li>\n\n\n\n<li><strong>Solicita&ccedil;&atilde;o de isen&ccedil;&atilde;o da taxa:&nbsp;<\/strong>11 e 12\/11\/2024;<\/li>\n\n\n\n<li><strong>Inscri&ccedil;&otilde;es:<\/strong>&nbsp;19 a 25\/11\/2024;<\/li>\n\n\n\n<li><strong>Prova Objetiva (1&ordf; fase):&nbsp;<\/strong>12\/01\/2025 &mdash; 14h;<\/li>\n\n\n\n<li><strong>Entrega do Curr&iacute;culum vitae:<\/strong>&nbsp;12\/01\/2025 &ndash; 14h as 14h30min;<\/li>\n\n\n\n<li><strong>Gabarito provis&oacute;rio:&nbsp;<\/strong>12\/01\/2025 &ndash; 20h;<\/li>\n\n\n\n<li><strong>Recursos contra a Prova:<\/strong>&nbsp;13 e 14\/01\/2025;<\/li>\n\n\n\n<li><strong>Gabarito definitivo:<\/strong>&nbsp;29\/01\/2025;<\/li>\n\n\n\n<li><strong>Pontua&ccedil;&atilde;o da Nota Final Provis&oacute;ria (An&aacute;lise Curricular + Bonifica&ccedil;&atilde;o 10%):<\/strong>&nbsp;31\/01\/2025;<\/li>\n\n\n\n<li><strong>Recursos contra Nota Provis&oacute;ria:<\/strong>&nbsp;01 e 02\/02\/2025<\/li>\n\n\n\n<li><strong>Resultado Final do Processo Seletivo:<\/strong>&nbsp;03\/02\/2025;<\/li>\n\n\n\n<li><strong>Matr&iacute;culas:&nbsp;<\/strong>07 a 10\/02\/2025; e&nbsp;<\/li>\n\n\n\n<li><strong>In&iacute;cio dos programas:&nbsp;<\/strong>01\/03\/2025.<\/li>\n<\/ul><p class=\"wp-block-preformatted\">Tudo sobre o processo seletivo: <a href=\"https:\/\/med.estrategia.com\/portal\/residencia-medica\/uel-residencia-medica\/\" target=\"_blank\">Resid&ecirc;ncia M&eacute;dica UEL: inscri&ccedil;&otilde;es, edital, vagas e mais!&nbsp;<\/a><\/p><p class=\"wp-block-preformatted\">Concorr&ecirc;ncia da &uacute;ltima edi&ccedil;&atilde;o: <a href=\"https:\/\/med.estrategia.com\/portal\/noticias\/uel-2024-veja-a-concorrencia-do-processo-seletivo-para-residencia-medica\/\" target=\"_blank\">UEL 2024: veja a concorr&ecirc;ncia do processo seletivo para resid&ecirc;ncia m&eacute;dica<\/a>\n\n\nCalend&aacute;rio de Provas: <a href=\"https:\/\/med.estrategia.com\/portal\/residencia-medica\/calendario-de-residencia-medica-confira-as-datas-das-proximas-provas\/\" target=\"_blank\">Resid&ecirc;ncia M&eacute;dica 2024\/2025<\/a><\/p><h2 class=\"wp-block-heading\" id=\"h-prepare-se-para-a-uel-2025-com-o-estrategia-med\"><span class=\"ez-toc-section\" id=\"Prepare-se-para-a-UEL-2025-com-o-Estrategia-MED\"><\/span>Prepare-se para a UEL 2025 com o Estrat&eacute;gia MED<span class=\"ez-toc-section-end\"><\/span><\/h2><p>O&nbsp;Estrat&eacute;gia MED&nbsp;preparou uma revis&atilde;o para Reta Final completa, com conte&uacute;dos espec&iacute;ficos e direcionados para a banca. Inscreva-se no&nbsp;<a href=\"https:\/\/www.youtube.com\/c\/Estrat%C3%A9giaMED\" target=\"_blank\">nosso canal do&nbsp;Youtube<\/a>&nbsp;e acompanhe as transmiss&otilde;es do&nbsp;<strong>Reta Final UEL Resid&ecirc;ncia M&eacute;dica<\/strong>&nbsp;<strong>2025<\/strong>. Confira a programa&ccedil;&atilde;o:<\/p><figure class=\"wp-block-table\"><table><thead><tr><th class=\"has-text-align-center\" data-align=\"center\"><strong>DATA<\/strong><\/th><th class=\"has-text-align-center\" data-align=\"center\"><strong>HOR&Aacute;RIO<\/strong><\/th><th class=\"has-text-align-center\" data-align=\"center\"><strong>EVENTO<\/strong><\/th><\/tr><\/thead><tbody><tr><td class=\"has-text-align-center\" data-align=\"center\"><strong>05\/01<\/strong><\/td><td class=\"has-text-align-center\" data-align=\"center\">a partir das 8h30<\/td><td class=\"has-text-align-center\" data-align=\"center\">Revis&atilde;o de V&eacute;spera&nbsp;UEL&nbsp;Resid&ecirc;ncia M&eacute;dica<\/td><\/tr><tr><td class=\"has-text-align-center\" data-align=\"center\"><strong>12\/11<\/strong><\/td><td class=\"has-text-align-center\" data-align=\"center\">a definir<\/td><td class=\"has-text-align-center\" data-align=\"center\">Gabarito&nbsp;UEL Resid&ecirc;ncia M&eacute;dica&nbsp;2024\/25<\/td><\/tr><\/tbody><\/table><\/figure><p>Se voc&ecirc; quer ficar por dentro de mais conte&uacute;dos relevantes sobre a &aacute;rea m&eacute;dica, continue acompanhando o material preparado pelo Portal de Not&iacute;cias do Estrat&eacute;gia MED. Aqui, voc&ecirc; encontrar&aacute; informa&ccedil;&otilde;es atualizadas sobre resid&ecirc;ncias, carreira m&eacute;dica e muito mais.<\/p><p>\n\n\n\n\n\n<a id=\"cta\" class=\"cta-imagem\" href=\"https:\/\/med.estrategia.com\/curso\/banco-de-questes-resumos-estrategicos-anual\/\" target=\"blank\">\n                <img decoding=\"async\" width=\"100%\" src=\"https:\/\/med.estrategia.com\/portal\/wp-content\/uploads\/2025\/08\/banco_questoes.png\" alt=\"banco_questoes\" title=\"banco_questoes\">\n        <\/a>\n<\/p><\/p>\n","protected":false},"excerpt":{"rendered":"Candidatos podem garantir a participa\u00e7\u00e3o no processo at\u00e9 o dia 25 de novembro de 2024\n","protected":false},"author":39,"featured_media":60309,"comment_status":"closed","ping_status":"closed","sticky":false,"template":"","format":"standard","meta":{"wl_entities_gutenberg":"","footnotes":""},"categories":[300],"tags":[],"wl_entity_type":[199],"class_list":{"0":"post-68117","1":"post","2":"type-post","3":"status-publish","4":"format-standard","5":"has-post-thumbnail","7":"category-noticias","8":"wl_entity_type-article"},"acf":[],"yoast_head":"<!-- This site is optimized with the Yoast SEO Premium plugin v26.6 (Yoast SEO v26.6) - https:\/\/yoast.com\/wordpress\/plugins\/seo\/ -->\n<title>UEL reabre inscri\u00e7\u00f5es para seletivo de Resid\u00eancia M\u00e9dica 2025<\/title>\n<meta name=\"description\" content=\"Candidatos podem garantir a participa\u00e7\u00e3o no processo at\u00e9 o dia 25 de novembro de 2024. Confira as principais informa\u00e7\u00f5es!\" \/>\n<meta name=\"robots\" content=\"index, follow, max-snippet:-1, max-image-preview:large, max-video-preview:-1\" \/>\n<link rel=\"canonical\" href=\"https:\/\/med.estrategia.com\/portal\/noticias\/uel-reabre-inscricoes-para-seletivo-de-residencia-medica-2025\/\" \/>\n<meta property=\"og:locale\" content=\"pt_BR\" \/>\n<meta property=\"og:type\" content=\"article\" \/>\n<meta property=\"og:title\" content=\"UEL reabre inscri\u00e7\u00f5es para seletivo de Resid\u00eancia M\u00e9dica 2025\" \/>\n<meta property=\"og:description\" content=\"Candidatos podem garantir a participa\u00e7\u00e3o no processo at\u00e9 o dia 25 de novembro de 2024. Confira as principais informa\u00e7\u00f5es!\" \/>\n<meta property=\"og:url\" content=\"https:\/\/med.estrategia.com\/portal\/noticias\/uel-reabre-inscricoes-para-seletivo-de-residencia-medica-2025\/\" \/>\n<meta property=\"og:site_name\" content=\"Estrat\u00e9gia MED\" \/>\n<meta property=\"article:publisher\" content=\"https:\/\/www.facebook.com\/estrategiamed1\" \/>\n<meta property=\"article:published_time\" content=\"2024-11-19T20:33:28+00:00\" \/>\n<meta property=\"article:modified_time\" content=\"2024-11-19T20:33:33+00:00\" \/>\n<meta property=\"og:image\" content=\"https:\/\/med.estrategia.com\/portal\/wp-content\/uploads\/2024\/03\/uel_atualizacao.jpg\" \/>\n\t<meta property=\"og:image:width\" content=\"1920\" \/>\n\t<meta property=\"og:image:height\" content=\"1080\" \/>\n\t<meta property=\"og:image:type\" content=\"image\/jpeg\" \/>\n<meta name=\"author\" content=\"Ana Carolina Damasceno\" \/>\n<meta name=\"twitter:card\" content=\"summary_large_image\" \/>\n<meta name=\"twitter:creator\" content=\"@estrategiamed_\" \/>\n<meta name=\"twitter:site\" content=\"@estrategiamed_\" \/>\n<meta name=\"twitter:label1\" content=\"Escrito por\" \/>\n\t<meta name=\"twitter:data1\" content=\"Ana Carolina Damasceno\" \/>\n\t<meta name=\"twitter:label2\" content=\"Est. tempo de leitura\" \/>\n\t<meta name=\"twitter:data2\" content=\"4 minutos\" \/>\n<script type=\"application\/ld+json\" class=\"yoast-schema-graph\">{\"@context\":\"https:\/\/schema.org\",\"@graph\":[{\"@type\":\"WebPage\",\"@id\":\"https:\/\/med.estrategia.com\/portal\/noticias\/uel-reabre-inscricoes-para-seletivo-de-residencia-medica-2025\/\",\"url\":\"https:\/\/med.estrategia.com\/portal\/noticias\/uel-reabre-inscricoes-para-seletivo-de-residencia-medica-2025\/\",\"name\":\"UEL reabre inscri\u00e7\u00f5es para seletivo de Resid\u00eancia M\u00e9dica 2025\",\"isPartOf\":{\"@id\":\"https:\/\/med.estrategia.com\/portal\/#website\"},\"primaryImageOfPage\":{\"@id\":\"https:\/\/med.estrategia.com\/portal\/noticias\/uel-reabre-inscricoes-para-seletivo-de-residencia-medica-2025\/#primaryimage\"},\"image\":{\"@id\":\"https:\/\/med.estrategia.com\/portal\/noticias\/uel-reabre-inscricoes-para-seletivo-de-residencia-medica-2025\/#primaryimage\"},\"thumbnailUrl\":\"https:\/\/med.estrategia.com\/portal\/wp-content\/uploads\/2024\/03\/uel_atualizacao.jpg\",\"datePublished\":\"2024-11-19T20:33:28+00:00\",\"dateModified\":\"2024-11-19T20:33:33+00:00\",\"author\":{\"@id\":\"https:\/\/med.estrategia.com\/portal\/#\/schema\/person\/2f553adbb8e25fe39d145c5b2927f58c\"},\"description\":\"Candidatos podem garantir a participa\u00e7\u00e3o no processo at\u00e9 o dia 25 de novembro de 2024. Confira as principais informa\u00e7\u00f5es!\",\"breadcrumb\":{\"@id\":\"https:\/\/med.estrategia.com\/portal\/noticias\/uel-reabre-inscricoes-para-seletivo-de-residencia-medica-2025\/#breadcrumb\"},\"inLanguage\":\"pt-BR\",\"potentialAction\":[{\"@type\":\"ReadAction\",\"target\":[\"https:\/\/med.estrategia.com\/portal\/noticias\/uel-reabre-inscricoes-para-seletivo-de-residencia-medica-2025\/\"]}]},{\"@type\":\"ImageObject\",\"inLanguage\":\"pt-BR\",\"@id\":\"https:\/\/med.estrategia.com\/portal\/noticias\/uel-reabre-inscricoes-para-seletivo-de-residencia-medica-2025\/#primaryimage\",\"url\":\"https:\/\/med.estrategia.com\/portal\/wp-content\/uploads\/2024\/03\/uel_atualizacao.jpg\",\"contentUrl\":\"https:\/\/med.estrategia.com\/portal\/wp-content\/uploads\/2024\/03\/uel_atualizacao.jpg\",\"width\":1920,\"height\":1080,\"caption\":\"Estrat\u00e9gia MED | Foto: UEL\"},{\"@type\":\"BreadcrumbList\",\"@id\":\"https:\/\/med.estrategia.com\/portal\/noticias\/uel-reabre-inscricoes-para-seletivo-de-residencia-medica-2025\/#breadcrumb\",\"itemListElement\":[{\"@type\":\"ListItem\",\"position\":1,\"name\":\"Home\",\"item\":\"https:\/\/med.estrategia.com\/portal\/\"},{\"@type\":\"ListItem\",\"position\":2,\"name\":\"Not\u00edcias\",\"item\":\"https:\/\/med.estrategia.com\/portal\/noticias\/\"},{\"@type\":\"ListItem\",\"position\":3,\"name\":\"UEL reabre inscri\u00e7\u00f5es para seletivo de Resid\u00eancia M\u00e9dica 2025\"}]},{\"@type\":\"WebSite\",\"@id\":\"https:\/\/med.estrategia.com\/portal\/#website\",\"url\":\"https:\/\/med.estrategia.com\/portal\/\",\"name\":\"Estrat\u00e9gia MED\",\"description\":\"\",\"potentialAction\":[{\"@type\":\"SearchAction\",\"target\":{\"@type\":\"EntryPoint\",\"urlTemplate\":\"https:\/\/med.estrategia.com\/portal\/?s={search_term_string}\"},\"query-input\":{\"@type\":\"PropertyValueSpecification\",\"valueRequired\":true,\"valueName\":\"search_term_string\"}}],\"inLanguage\":\"pt-BR\"},{\"@type\":\"Person\",\"@id\":\"https:\/\/med.estrategia.com\/portal\/#\/schema\/person\/2f553adbb8e25fe39d145c5b2927f58c\",\"name\":\"Ana Carolina Damasceno\",\"image\":{\"@type\":\"ImageObject\",\"inLanguage\":\"pt-BR\",\"@id\":\"https:\/\/med.estrategia.com\/portal\/#\/schema\/person\/image\/\",\"url\":\"https:\/\/med.estrategia.com\/portal\/wp-content\/uploads\/2021\/09\/WhatsApp-Image-2023-08-18-at-16.46.43-150x150.jpeg\",\"contentUrl\":\"https:\/\/med.estrategia.com\/portal\/wp-content\/uploads\/2021\/09\/WhatsApp-Image-2023-08-18-at-16.46.43-150x150.jpeg\",\"caption\":\"Ana Carolina Damasceno\"},\"description\":\"Coordenadora de Jornalismo EMED. Comunicadora por natureza e forma\u00e7\u00e3o, que ama e perde a no\u00e7\u00e3o do tempo com m\u00fasica e s\u00e9rie.\",\"url\":\"https:\/\/med.estrategia.com\/portal\/author\/ana-carolina-damasceno\/\"}]}<\/script>\n<!-- \/ Yoast SEO Premium plugin. -->","yoast_head_json":{"title":"UEL reabre inscri\u00e7\u00f5es para seletivo de Resid\u00eancia M\u00e9dica 2025","description":"Candidatos podem garantir a participa\u00e7\u00e3o no processo at\u00e9 o dia 25 de novembro de 2024. Confira as principais informa\u00e7\u00f5es!","robots":{"index":"index","follow":"follow","max-snippet":"max-snippet:-1","max-image-preview":"max-image-preview:large","max-video-preview":"max-video-preview:-1"},"canonical":"https:\/\/med.estrategia.com\/portal\/noticias\/uel-reabre-inscricoes-para-seletivo-de-residencia-medica-2025\/","og_locale":"pt_BR","og_type":"article","og_title":"UEL reabre inscri\u00e7\u00f5es para seletivo de Resid\u00eancia M\u00e9dica 2025","og_description":"Candidatos podem garantir a participa\u00e7\u00e3o no processo at\u00e9 o dia 25 de novembro de 2024. Confira as principais informa\u00e7\u00f5es!","og_url":"https:\/\/med.estrategia.com\/portal\/noticias\/uel-reabre-inscricoes-para-seletivo-de-residencia-medica-2025\/","og_site_name":"Estrat\u00e9gia MED","article_publisher":"https:\/\/www.facebook.com\/estrategiamed1","article_published_time":"2024-11-19T20:33:28+00:00","article_modified_time":"2024-11-19T20:33:33+00:00","og_image":[{"width":1920,"height":1080,"url":"https:\/\/med.estrategia.com\/portal\/wp-content\/uploads\/2024\/03\/uel_atualizacao.jpg","type":"image\/jpeg"}],"author":"Ana Carolina Damasceno","twitter_card":"summary_large_image","twitter_creator":"@estrategiamed_","twitter_site":"@estrategiamed_","twitter_misc":{"Escrito por":"Ana Carolina Damasceno","Est. tempo de leitura":"4 minutos"},"schema":{"@context":"https:\/\/schema.org","@graph":[{"@type":"WebPage","@id":"https:\/\/med.estrategia.com\/portal\/noticias\/uel-reabre-inscricoes-para-seletivo-de-residencia-medica-2025\/","url":"https:\/\/med.estrategia.com\/portal\/noticias\/uel-reabre-inscricoes-para-seletivo-de-residencia-medica-2025\/","name":"UEL reabre inscri\u00e7\u00f5es para seletivo de Resid\u00eancia M\u00e9dica 2025","isPartOf":{"@id":"https:\/\/med.estrategia.com\/portal\/#website"},"primaryImageOfPage":{"@id":"https:\/\/med.estrategia.com\/portal\/noticias\/uel-reabre-inscricoes-para-seletivo-de-residencia-medica-2025\/#primaryimage"},"image":{"@id":"https:\/\/med.estrategia.com\/portal\/noticias\/uel-reabre-inscricoes-para-seletivo-de-residencia-medica-2025\/#primaryimage"},"thumbnailUrl":"https:\/\/med.estrategia.com\/portal\/wp-content\/uploads\/2024\/03\/uel_atualizacao.jpg","datePublished":"2024-11-19T20:33:28+00:00","dateModified":"2024-11-19T20:33:33+00:00","author":{"@id":"https:\/\/med.estrategia.com\/portal\/#\/schema\/person\/2f553adbb8e25fe39d145c5b2927f58c"},"description":"Candidatos podem garantir a participa\u00e7\u00e3o no processo at\u00e9 o dia 25 de novembro de 2024. Confira as principais informa\u00e7\u00f5es!","breadcrumb":{"@id":"https:\/\/med.estrategia.com\/portal\/noticias\/uel-reabre-inscricoes-para-seletivo-de-residencia-medica-2025\/#breadcrumb"},"inLanguage":"pt-BR","potentialAction":[{"@type":"ReadAction","target":["https:\/\/med.estrategia.com\/portal\/noticias\/uel-reabre-inscricoes-para-seletivo-de-residencia-medica-2025\/"]}]},{"@type":"ImageObject","inLanguage":"pt-BR","@id":"https:\/\/med.estrategia.com\/portal\/noticias\/uel-reabre-inscricoes-para-seletivo-de-residencia-medica-2025\/#primaryimage","url":"https:\/\/med.estrategia.com\/portal\/wp-content\/uploads\/2024\/03\/uel_atualizacao.jpg","contentUrl":"https:\/\/med.estrategia.com\/portal\/wp-content\/uploads\/2024\/03\/uel_atualizacao.jpg","width":1920,"height":1080,"caption":"Estrat\u00e9gia MED | Foto: UEL"},{"@type":"BreadcrumbList","@id":"https:\/\/med.estrategia.com\/portal\/noticias\/uel-reabre-inscricoes-para-seletivo-de-residencia-medica-2025\/#breadcrumb","itemListElement":[{"@type":"ListItem","position":1,"name":"Home","item":"https:\/\/med.estrategia.com\/portal\/"},{"@type":"ListItem","position":2,"name":"Not\u00edcias","item":"https:\/\/med.estrategia.com\/portal\/noticias\/"},{"@type":"ListItem","position":3,"name":"UEL reabre inscri\u00e7\u00f5es para seletivo de Resid\u00eancia M\u00e9dica 2025"}]},{"@type":"WebSite","@id":"https:\/\/med.estrategia.com\/portal\/#website","url":"https:\/\/med.estrategia.com\/portal\/","name":"Estrat\u00e9gia MED","description":"","potentialAction":[{"@type":"SearchAction","target":{"@type":"EntryPoint","urlTemplate":"https:\/\/med.estrategia.com\/portal\/?s={search_term_string}"},"query-input":{"@type":"PropertyValueSpecification","valueRequired":true,"valueName":"search_term_string"}}],"inLanguage":"pt-BR"},{"@type":"Person","@id":"https:\/\/med.estrategia.com\/portal\/#\/schema\/person\/2f553adbb8e25fe39d145c5b2927f58c","name":"Ana Carolina Damasceno","image":{"@type":"ImageObject","inLanguage":"pt-BR","@id":"https:\/\/med.estrategia.com\/portal\/#\/schema\/person\/image\/","url":"https:\/\/med.estrategia.com\/portal\/wp-content\/uploads\/2021\/09\/WhatsApp-Image-2023-08-18-at-16.46.43-150x150.jpeg","contentUrl":"https:\/\/med.estrategia.com\/portal\/wp-content\/uploads\/2021\/09\/WhatsApp-Image-2023-08-18-at-16.46.43-150x150.jpeg","caption":"Ana Carolina Damasceno"},"description":"Coordenadora de Jornalismo EMED. Comunicadora por natureza e forma\u00e7\u00e3o, que ama e perde a no\u00e7\u00e3o do tempo com m\u00fasica e s\u00e9rie.","url":"https:\/\/med.estrategia.com\/portal\/author\/ana-carolina-damasceno\/"}]}},"_wl_alt_label":[],"wl:entity_url":"\/post\/uel-reabre-inscricoes-para-seletivo-de-residencia-medica-2025","_links":{"self":[{"href":"https:\/\/med.estrategia.com\/portal\/wp-json\/wp\/v2\/posts\/68117","targetHints":{"allow":["GET"]}}],"collection":[{"href":"https:\/\/med.estrategia.com\/portal\/wp-json\/wp\/v2\/posts"}],"about":[{"href":"https:\/\/med.estrategia.com\/portal\/wp-json\/wp\/v2\/types\/post"}],"author":[{"embeddable":true,"href":"https:\/\/med.estrategia.com\/portal\/wp-json\/wp\/v2\/users\/39"}],"replies":[{"embeddable":true,"href":"https:\/\/med.estrategia.com\/portal\/wp-json\/wp\/v2\/comments?post=68117"}],"version-history":[{"count":7,"href":"https:\/\/med.estrategia.com\/portal\/wp-json\/wp\/v2\/posts\/68117\/revisions"}],"predecessor-version":[{"id":76312,"href":"https:\/\/med.estrategia.com\/portal\/wp-json\/wp\/v2\/posts\/68117\/revisions\/76312"}],"wp:featuredmedia":[{"embeddable":true,"href":"https:\/\/med.estrategia.com\/portal\/wp-json\/wp\/v2\/media\/60309"}],"wp:attachment":[{"href":"https:\/\/med.estrategia.com\/portal\/wp-json\/wp\/v2\/media?parent=68117"}],"wp:term":[{"taxonomy":"category","embeddable":true,"href":"https:\/\/med.estrategia.com\/portal\/wp-json\/wp\/v2\/categories?post=68117"},{"taxonomy":"post_tag","embeddable":true,"href":"https:\/\/med.estrategia.com\/portal\/wp-json\/wp\/v2\/tags?post=68117"},{"taxonomy":"wl_entity_type","embeddable":true,"href":"https:\/\/med.estrategia.com\/portal\/wp-json\/wp\/v2\/wl_entity_type?post=68117"}],"curies":[{"name":"wp","href":"https:\/\/api.w.org\/{rel}","templated":true}]}}