{"id":68193,"date":"2024-08-20T14:25:14","date_gmt":"2024-08-20T17:25:14","guid":{"rendered":"https:\/\/med.estrategia.com\/portal\/?p=68193"},"modified":"2024-08-20T14:25:19","modified_gmt":"2024-08-20T17:25:19","slug":"como-e-a-residencia-de-medicina-de-emergencia-na-escola-de-saude-publica-do-ceara","status":"publish","type":"post","link":"https:\/\/med.estrategia.com\/portal\/residencia-medica\/como-e-a-residencia-de-medicina-de-emergencia-na-escola-de-saude-publica-do-ceara\/","title":{"rendered":"Como \u00e9 a Resid\u00eancia de Medicina de Emerg\u00eancia na Escola de Sa\u00fade P\u00fablica do Cear\u00e1"},"content":{"rendered":"<p>Se voc&ecirc; est&aacute; pensando em seguir na<strong> especialidade de Medicina de Emerg&ecirc;ncia<\/strong>, mas ainda n&atilde;o decidiu onde realizar a Resid&ecirc;ncia M&eacute;dica, esse texto &eacute; para voc&ecirc;! O Estrat&eacute;gia MED te conta melhor como funciona o programa de <strong>Medicina de Emerg&ecirc;ncia na Escola de Sa&uacute;de P&uacute;blica do Cear&aacute;<\/strong>, uma institui&ccedil;&atilde;o pioneira e de renome no Nordeste. Saiba mais sobre o programa a seguir!<div id=\"ez-toc-container\" class=\"ez-toc-v2_0_79_2 counter-hierarchy ez-toc-counter ez-toc-transparent ez-toc-container-direction\">\n<div class=\"ez-toc-title-container\"><p class=\"ez-toc-title\" style=\"cursor:inherit\">Navegue pelo conte\u00fado<\/p>\n<\/div><nav><ul class='ez-toc-list ez-toc-list-level-1 ' ><li class='ez-toc-page-1 ez-toc-heading-level-2'><a class=\"ez-toc-link ez-toc-heading-1\" href=\"https:\/\/med.estrategia.com\/portal\/residencia-medica\/como-e-a-residencia-de-medicina-de-emergencia-na-escola-de-saude-publica-do-ceara\/#A-residencia-de-Medicina-de-Emergencia-na-Escola-de-Saude-Publica-do-Ceara\" >A resid&ecirc;ncia de Medicina de Emerg&ecirc;ncia na Escola de Sa&uacute;de P&uacute;blica do Cear&aacute;<\/a><ul class='ez-toc-list-level-3' ><li class='ez-toc-heading-level-3'><a class=\"ez-toc-link ez-toc-heading-2\" href=\"https:\/\/med.estrategia.com\/portal\/residencia-medica\/como-e-a-residencia-de-medicina-de-emergencia-na-escola-de-saude-publica-do-ceara\/#Inscreva-se-em-nossa-newsletter\" >Inscreva-se em nossa newsletter!<\/a><\/li><li class='ez-toc-page-1 ez-toc-heading-level-3'><a class=\"ez-toc-link ez-toc-heading-3\" href=\"https:\/\/med.estrategia.com\/portal\/residencia-medica\/como-e-a-residencia-de-medicina-de-emergencia-na-escola-de-saude-publica-do-ceara\/#Rodizios\" >Rod&iacute;zios<\/a><\/li><li class='ez-toc-page-1 ez-toc-heading-level-3'><a class=\"ez-toc-link ez-toc-heading-4\" href=\"https:\/\/med.estrategia.com\/portal\/residencia-medica\/como-e-a-residencia-de-medicina-de-emergencia-na-escola-de-saude-publica-do-ceara\/#Parte-teorica-e-pratica-da-residencia\" >Parte te&oacute;rica e pr&aacute;tica da resid&ecirc;ncia<\/a><\/li><li class='ez-toc-page-1 ez-toc-heading-level-3'><a class=\"ez-toc-link ez-toc-heading-5\" href=\"https:\/\/med.estrategia.com\/portal\/residencia-medica\/como-e-a-residencia-de-medicina-de-emergencia-na-escola-de-saude-publica-do-ceara\/#Estrutura-da-instituicao\" >Estrutura da institui&ccedil;&atilde;o<\/a><\/li><li class='ez-toc-page-1 ez-toc-heading-level-3'><a class=\"ez-toc-link ez-toc-heading-6\" href=\"https:\/\/med.estrategia.com\/portal\/residencia-medica\/como-e-a-residencia-de-medicina-de-emergencia-na-escola-de-saude-publica-do-ceara\/#Carga-horaria-e-plantoes\" >Carga hor&aacute;ria e plant&otilde;es&nbsp;<\/a><\/li><li class='ez-toc-page-1 ez-toc-heading-level-3'><a class=\"ez-toc-link ez-toc-heading-7\" href=\"https:\/\/med.estrategia.com\/portal\/residencia-medica\/como-e-a-residencia-de-medicina-de-emergencia-na-escola-de-saude-publica-do-ceara\/#Pontos-negativos\" >Pontos negativos<\/a><\/li><\/ul><\/li><\/ul><\/nav><\/div>\n<h2 class=\"wp-block-heading\" id=\"h-a-residencia-de-medicina-de-emergencia-na-escola-de-saude-publica-do-ceara\"><span class=\"ez-toc-section\" id=\"A-residencia-de-Medicina-de-Emergencia-na-Escola-de-Saude-Publica-do-Ceara\"><\/span>A resid&ecirc;ncia de Medicina de Emerg&ecirc;ncia na Escola de Sa&uacute;de P&uacute;blica do Cear&aacute;<span class=\"ez-toc-section-end\"><\/span><\/h2><p>Para entendermos melhor como funciona o programa de Medicina de Emerg&ecirc;ncia na Escola de Sa&uacute;de P&uacute;blica do Cear&aacute;, o Estrat&eacute;gia MED conversou com <strong>Jean Lima Fontenelle<\/strong>, <strong>residente do primeiro ano da especialidade<\/strong>. Com <strong>10 vagas anuais<\/strong>, a resid&ecirc;ncia de Medicina de Emerg&ecirc;ncia da institui&ccedil;&atilde;o tem se destacado como uma das mais respeitadas no pa&iacute;s, sendo pioneira na forma&ccedil;&atilde;o de especialistas desde o reconhecimento da especialidade em 2015.&nbsp;<\/p><p>Com um ambiente colaborativo, preceptores atuantes e uma estrutura s&oacute;lida, o programa proporciona uma<strong> forma&ccedil;&atilde;o ampla e diversa. <\/strong>Os rod&iacute;zios ocorrem em hospitais renomados como Instituto Doutor Jos&eacute; Frota (IJF), Hospital Geral de Fortaleza (HGF) e Hospital do Cora&ccedil;&atilde;o, al&eacute;m de passagens por unidades de pronto atendimento, SAMU e hospitais especializados como o S&atilde;o Jos&eacute; e o Albert Sabin.<\/p><p>A resid&ecirc;ncia &eacute; estruturada para garantir uma forma&ccedil;&atilde;o completa, com foco em emerg&ecirc;ncias e procedimentos cr&iacute;ticos. <strong>Desde o R1<\/strong>, os residentes t&ecirc;m contato com procedimentos como<strong> intuba&ccedil;&atilde;o e drenagem de t&oacute;rax<\/strong>, sendo preparados para atuar em situa&ccedil;&otilde;es de alto risco. A carga hor&aacute;ria &eacute; respeitada, com uma <strong>m&eacute;dia de 60 horas semanais<\/strong>, e a resid&ecirc;ncia inclui tanto a <strong>pr&aacute;tica intensiva quanto aulas te&oacute;ricas<\/strong>.<\/p><p>\n\n\n<div id=\"new-form\">\n\t<form id=\"forms_layout\">\n\t<input type=\"hidden\" id=\"chave_de\" name=\"chave_de\" value=\"01_EMED_LEADS_TOTAIS\" \/>\n\t\t<input type=\"hidden\" id=\"mid\" name=\"mid\" value=\"515009018\" \/>\n\t\t<input type=\"hidden\" id=\"Objetivo\" name=\"Objetivo\" value=\"Medicina\" \/>\n\t\t<input type=\"hidden\" id=\"Estado_de_Origem_do_IP\" name=\"Estado_de_Origem_do_IP\"  value=\"\" \/>\n\t\t<input type=\"hidden\" id=\"Cidade_de_Origem_do_IP\" name=\"Cidade_de_Origem_do_IP\" value=\"\" \/>\n\t\t<input type=\"hidden\" id=\"Modo_de_entrada\" name=\"Modo_de_entrada\" value=\"Portal\" \/>\n\t\t<input type=\"hidden\" id=\"Pagina_Origem\" name=\"Pagina_Origem\" value=\"\" \/>\n\n\t\t<div class=\"texto\">\n\t\t\t<h3 class=\"news\"><span class=\"ez-toc-section\" id=\"Inscreva-se-em-nossa-newsletter\"><\/span>Inscreva-se em nossa newsletter!<span class=\"ez-toc-section-end\"><\/span><\/h3>\n\t\t\t<p>Receba not\u00edcias sobre resid\u00eancia m\u00e9dica, revalida\u00e7\u00e3o de diplomas e concursos m\u00e9dicos, al\u00e9m de materiais de estudo gratuitos e informa\u00e7\u00f5es relevantes do mundo da Medicina.<\/p>\n\t\t<\/div>\n\t\t<div class=\"campos\">\n\t\t\t<div class=\"first_name labels\">\n\t\t\t\t<input type=\"text\" class=\"input_labels\" id=\"first_name\" name=\"Nome_Completo\" placeholder=\"Nome\" required \/>\n\t\t\t<\/div>\n\t\t\t<div class=\"email labels\">\n\t\t\t\t<input type=\"email\" class=\"input_labels\" id=\"email\" name=\"Email\" placeholder=\"E-mail\" required \/>\n\t\t\t<\/div>\n\t\t\t<button type=\"submit\" class=\"button_layout\">\n\t\t\t\t<div id=\"lblBotao\">Inscreva-se<\/div>\n\t\t\t\t<span id=\"divSpiner\" class=\"loader\" role=\"status\" style=\"display: none;\"><\/span>\t\n\t\t\t<\/button>\n\t\t<\/div><!-- \/campos -->\n\t\t\n\t\t<label class=\"container_checkbox\">Voc\u00ea concorda com a nossa\n\t\t\t<a class=\"politics_privacy_ahref\" target=\"_blank\" href=\"https:\/\/gratis.estrategiaconcursos.com.br\/politica-de-privacidade\/\">Pol\u00edtica de Privacidade<\/a> e aceita receber informa\u00e7\u00f5es adicionais do Estrat\u00e9gia Educacional.\n\t\t\t<input id=\"checkbox_layout\" type=\"checkbox\" checked=\"checked\" required \/>\n\t\t\t<span class=\"checkbox\"><\/span>\n\t\t<\/label>\n\t\t<div id=\"msg\"><\/div>\n\t\t<div id=\"error\" class=\"error\">\n\t\t<\/div>\n\t<\/form>\n<\/div><!-- \/new-form -->\n\n\n\n<\/p><h3 class=\"wp-block-heading\" id=\"h-rodizios\"><span class=\"ez-toc-section\" id=\"Rodizios\"><\/span>Rod&iacute;zios<span class=\"ez-toc-section-end\"><\/span><\/h3><p>Os rod&iacute;zios variam conforme o ano de resid&ecirc;ncia. No <strong>R1<\/strong>, os residentes passam por<strong> &aacute;reas mais gerais<\/strong>, como <strong>Nefrologia e Infectologia<\/strong>, al&eacute;m de<strong> plant&otilde;es em emerg&ecirc;ncias pedi&aacute;tricas e cl&iacute;nicas<\/strong>. No<strong> R2<\/strong>, eles se aprofundam em <strong>Anestesiologia, pequenas cirurgias e gest&atilde;o<\/strong>, enquanto o <strong>R3 <\/strong>foca em <strong>emerg&ecirc;ncias espec&iacute;ficas<\/strong>, como <strong>Obstetr&iacute;cia e Oftalmologia<\/strong>, al&eacute;m de ter maior atua&ccedil;&atilde;o em <strong>salas vermelhas<\/strong>.<\/p><h3 class=\"wp-block-heading\" id=\"h-parte-teorica-e-pratica-da-residencia\"><span class=\"ez-toc-section\" id=\"Parte-teorica-e-pratica-da-residencia\"><\/span>Parte te&oacute;rica e pr&aacute;tica da resid&ecirc;ncia<span class=\"ez-toc-section-end\"><\/span><\/h3><p>O programa de Medicina de Emerg&ecirc;ncia &eacute;<strong> bem estruturado e focado tanto na parte te&oacute;rica quanto pr&aacute;tica<\/strong>. Segundo o entrevistado, as<strong> atividades te&oacute;ricas ocorrem semanalmente<\/strong>, com <strong>aulas na segunda-feira &agrave; tarde<\/strong>, consideradas inegoci&aacute;veis, independentemente da escala de rod&iacute;zio dos residentes. Nessas aulas, s&atilde;o abordados <strong>temas fundamentais para a forma&ccedil;&atilde;o em Medicina de Emerg&ecirc;ncia<\/strong>, como<strong> via a&eacute;rea, ressuscita&ccedil;&atilde;o, reanima&ccedil;&atilde;o e tomadas de decis&atilde;o<\/strong>. Al&eacute;m das aulas te&oacute;ricas, h&aacute; <strong>sess&otilde;es pr&aacute;ticas<\/strong>, e o ambiente conta com recursos como <strong>manequins de simula&ccedil;&atilde;o e equipamentos adequados para o treinamento dos residentes<\/strong>.<\/p><p>Durante os rod&iacute;zios, h&aacute;<strong> discuss&otilde;es de casos e sess&otilde;es cl&iacute;nicas<\/strong>, que variam conforme o hospital onde o residente est&aacute; alocado. Essas atividades s&atilde;o realizadas com <strong>equipes mistas<\/strong>, incluindo internos, residentes e profissionais da sa&uacute;de, sem distin&ccedil;&atilde;o entre eles. O uso de uniforme verde, caracter&iacute;stico dos residentes de emerg&ecirc;ncia, refor&ccedil;a a identidade do grupo.<\/p><p>Ele tamb&eacute;m fala sobre a rela&ccedil;&atilde;o com o ensino, mencionando que muitos profissionais da &aacute;rea de emerg&ecirc;ncia acabam se envolvendo com<strong> educa&ccedil;&atilde;o, preceptoria e at&eacute; mesmo com a publica&ccedil;&atilde;o de livros e manuais<\/strong>. A resid&ecirc;ncia tamb&eacute;m oferece a possibilidade de realizar <strong>mestrado e doutorado<\/strong>, o que &eacute;<strong> incentivado pelos preceptores<\/strong>. Ao final da resid&ecirc;ncia, &eacute; necess&aacute;rio desenvolver um<strong> Trabalho de Conclus&atilde;o de Curso (TCC)<\/strong>, que tamb&eacute;m contribui para a forma&ccedil;&atilde;o acad&ecirc;mica dos residentes.<\/p><p>O entrevistado menciona que o ambiente da resid&ecirc;ncia estimula bastante a participa&ccedil;&atilde;o em <strong>congressos e eventos cient&iacute;ficos<\/strong>, como o congresso da ABRAMEDE, que re&uacute;ne emergencistas de todo o pa&iacute;s.<\/p><p>Sobre as avalia&ccedil;&otilde;es, o entrevistado menciona que os residentes passam por <strong>provas semestrais, tanto te&oacute;ricas quanto pr&aacute;ticas<\/strong>, que comp&otilde;em a <strong>nota final do residente<\/strong>. Ao final dos tr&ecirc;s anos de resid&ecirc;ncia, os profissionais recebem o <strong>t&iacute;tulo de emergencista<\/strong>, algo que, segundo ele, se tornou um diferencial importante no mercado de trabalho.<\/p><h3 class=\"wp-block-heading\" id=\"h-estrutura-da-instituicao\"><span class=\"ez-toc-section\" id=\"Estrutura-da-instituicao\"><\/span>Estrutura da institui&ccedil;&atilde;o<span class=\"ez-toc-section-end\"><\/span><\/h3><p>Jean tamb&eacute;m destaca a <strong>infraestrutura <\/strong>da Escola Cearense de Emerg&ecirc;ncias M&eacute;dicas, que &eacute; reconhecida pela <strong>qualidade de suas instala&ccedil;&otilde;es<\/strong>, o que contribui para o aprendizado eficaz dos residentes.<\/p><p>Ele tamb&eacute;m destaca a preocupa&ccedil;&atilde;o da institui&ccedil;&atilde;o com o<strong> bem-estar dos residentes<\/strong>, mencionando o <strong>acesso a psic&oacute;logos e sess&otilde;es de terapia<\/strong>, algo que ele considera fundamental, especialmente para quem est&aacute; entrando na resid&ecirc;ncia e enfrentando desafios tanto profissionais quanto pessoais.<\/p><h3 class=\"wp-block-heading\" id=\"h-carga-horaria-e-plantoes-nbsp\"><span class=\"ez-toc-section\" id=\"Carga-horaria-e-plantoes\"><\/span>Carga hor&aacute;ria e plant&otilde;es&nbsp;<span class=\"ez-toc-section-end\"><\/span><\/h3><p>Em rela&ccedil;&atilde;o &agrave; carga hor&aacute;ria, Jean explica que<strong> dificilmente ultrapassa as 60 horas semanais<\/strong>, mas que isso pode<strong> variar de acordo com o rod&iacute;zio<\/strong>, sendo mais puxado em servi&ccedil;os como o de Neurologia do HGF, onde as atividades podem ocupar o<strong> final de semana<\/strong>.&nbsp;<\/p><p>Ele comenta que &eacute; <strong>poss&iacute;vel trabalhar fora da resid&ecirc;ncia, mas isso pode ser cansativo<\/strong>. Um diferencial da resid&ecirc;ncia &eacute; que os residentes acabam rodando nos mesmos locais onde podem vir a trabalhar, o que facilita o <strong>networking e a oportunidade de plant&otilde;es remunerados<\/strong>.<\/p><h3 class=\"wp-block-heading\" id=\"h-pontos-negativos\"><span class=\"ez-toc-section\" id=\"Pontos-negativos\"><\/span>Pontos negativos<span class=\"ez-toc-section-end\"><\/span><\/h3><p>No entanto, como em qualquer programa, h&aacute; <strong>&aacute;reas que podem ser melhoradas<\/strong>. Um dos principais desafios &eacute; a<strong> falta de recursos<\/strong>, uma quest&atilde;o inerente ao sistema de sa&uacute;de. Muitas vezes, o que se estuda na teoria n&atilde;o est&aacute; dispon&iacute;vel na pr&aacute;tica, exigindo <strong>adapta&ccedil;&otilde;es no atendimento<\/strong>. Outro ponto &eacute; a necessidade de<strong> mais emergencistas atuando como preceptores<\/strong>. Em algumas regi&otilde;es, &eacute; comum que residentes aprendam com especialistas de outras &aacute;reas, o que, embora seja &uacute;til, n&atilde;o substitui a import&acirc;ncia de ter um emergencista ao lado. Esse &eacute; um aspecto que deve melhorar &agrave; medida que a especialidade continua a crescer.<\/p><p>A <strong>Emerg&ecirc;ncia Pedi&aacute;trica <\/strong>&eacute; outro campo que ainda pode evoluir. Atualmente, em Fortaleza, a resid&ecirc;ncia de Pediatria &eacute; muito forte, mas ainda h&aacute; espa&ccedil;o para a presen&ccedil;a mais frequente de emergencistas nessa &aacute;rea. Embora o campo esteja em crescimento, h&aacute; espa&ccedil;o para melhorias na estrutura dispon&iacute;vel para os residentes que desejam atuar nesta subespecialidade.<\/p><p>Descubra mais sobre o programa de Resid&ecirc;ncia M&eacute;dica em <strong>Medicina de Emerg&ecirc;ncia na Escola de Sa&uacute;de P&uacute;blica do Cear&aacute; <\/strong>com o bate-papo &ldquo;Vida de Residente&rdquo; entre o professor Guilherme Cardoso e Jean Lima Fontenelle, residente dessa especialidade na institui&ccedil;&atilde;o, no v&iacute;deo clicando no bot&atilde;o abaixo:<\/p><div class=\"wp-block-buttons is-layout-flex wp-block-buttons-is-layout-flex\">\n<div class=\"wp-block-button\"><a class=\"wp-block-button__link wp-element-button\" href=\"https:\/\/www.youtube.com\/watch?v=a8u2jKmuamg\" target=\"_blank\">Vida de residente &ndash; Como &eacute; a Resid&ecirc;ncia de Medicina de Emerg&ecirc;ncia na Escola de Sa&uacute;de P&uacute;blica do Cear&aacute;<\/a><\/div>\n<\/div><p>A partir de 2024, para ingressar na resid&ecirc;ncia m&eacute;dica da Escola de Sa&uacute;de P&uacute;blica do Cear&aacute;, o candidato precisa passar pelo Exame Nacional de Resid&ecirc;ncia. Saiba mais:&nbsp;<\/p><div class=\"wp-block-buttons is-content-justification-center is-layout-flex wp-container-core-buttons-is-layout-2 wp-block-buttons-is-layout-flex\">\n<div class=\"wp-block-button\"><a class=\"wp-block-button__link wp-element-button\" href=\"https:\/\/med.estrategia.com\/portal\/residencia-medica\/enare-vagas-cronograma-provas-edital\/\" target=\"_blank\">Confira tudo sobre o processo seletivo do Enare<\/a><\/div>\n<\/div><p>Se voc&ecirc; quer ficar por dentro de mais conte&uacute;dos relevantes sobre a &aacute;rea m&eacute;dica, continue acompanhando o material preparado pelo Portal de Not&iacute;cias do Estrat&eacute;gia MED. Aqui, voc&ecirc; encontrar&aacute; informa&ccedil;&otilde;es atualizadas sobre resid&ecirc;ncias, carreira m&eacute;dica e muito mais.<\/p><p>\n\n\n\n\n\n<a id=\"cta\" class=\"cta-imagem\" href=\"https:\/\/med.estrategia.com\/curso\/banco-de-questes-resumos-estrategicos-anual\/\" target=\"blank\">\n                <img decoding=\"async\" width=\"100%\" src=\"https:\/\/med.estrategia.com\/portal\/wp-content\/uploads\/2025\/08\/banco_questoes.png\" alt=\"banco_questoes\" title=\"banco_questoes\">\n        <\/a>\n<\/p><\/p>\n","protected":false},"excerpt":{"rendered":"Se voc&ecirc; est&aacute; pensando em seguir na especialidade de Medicina de Emerg&ecirc;ncia, mas ainda n&atilde;o decidiu onde realizar&hellip;\n","protected":false},"author":22,"featured_media":38727,"comment_status":"closed","ping_status":"closed","sticky":false,"template":"","format":"standard","meta":{"wl_entities_gutenberg":"","footnotes":""},"categories":[24],"tags":[],"wl_entity_type":[199],"class_list":{"0":"post-68193","1":"post","2":"type-post","3":"status-publish","4":"format-standard","5":"has-post-thumbnail","7":"category-residencia-medica","8":"wl_entity_type-article"},"acf":[],"yoast_head":"<!-- This site is optimized with the Yoast SEO Premium plugin v26.6 (Yoast SEO v26.6) - https:\/\/yoast.com\/wordpress\/plugins\/seo\/ -->\n<title>Como \u00e9 a Resid\u00eancia de Medicina de Emerg\u00eancia na Escola de Sa\u00fade P\u00fablica do Cear\u00e1<\/title>\n<meta name=\"description\" content=\"Confira com o Portal de Not\u00edcias do Estrat\u00e9gia MED como funciona a Resid\u00eancia de Medicina de Emerg\u00eancia na Escola de Sa\u00fade P\u00fablica do Cear\u00e1!\" \/>\n<meta name=\"robots\" content=\"index, follow, max-snippet:-1, max-image-preview:large, max-video-preview:-1\" \/>\n<link rel=\"canonical\" href=\"https:\/\/med.estrategia.com\/portal\/residencia-medica\/como-e-a-residencia-de-medicina-de-emergencia-na-escola-de-saude-publica-do-ceara\/\" \/>\n<meta property=\"og:locale\" content=\"pt_BR\" \/>\n<meta property=\"og:type\" content=\"article\" \/>\n<meta property=\"og:title\" content=\"Como \u00e9 a Resid\u00eancia de Medicina de Emerg\u00eancia na Escola de Sa\u00fade P\u00fablica do Cear\u00e1\" \/>\n<meta property=\"og:description\" content=\"Confira com o Portal de Not\u00edcias do Estrat\u00e9gia MED como funciona a Resid\u00eancia de Medicina de Emerg\u00eancia na Escola de Sa\u00fade P\u00fablica do Cear\u00e1!\" \/>\n<meta property=\"og:url\" content=\"https:\/\/med.estrategia.com\/portal\/residencia-medica\/como-e-a-residencia-de-medicina-de-emergencia-na-escola-de-saude-publica-do-ceara\/\" \/>\n<meta property=\"og:site_name\" content=\"Estrat\u00e9gia MED\" \/>\n<meta property=\"article:publisher\" content=\"https:\/\/www.facebook.com\/estrategiamed1\" \/>\n<meta property=\"article:published_time\" content=\"2024-08-20T17:25:14+00:00\" \/>\n<meta property=\"article:modified_time\" content=\"2024-08-20T17:25:19+00:00\" \/>\n<meta property=\"og:image\" content=\"https:\/\/med.estrategia.com\/portal\/wp-content\/uploads\/2023\/04\/LP2_.jpg\" \/>\n\t<meta property=\"og:image:width\" content=\"1280\" \/>\n\t<meta property=\"og:image:height\" content=\"720\" \/>\n\t<meta property=\"og:image:type\" content=\"image\/jpeg\" \/>\n<meta name=\"author\" content=\"Erika Coelho\" \/>\n<meta name=\"twitter:card\" content=\"summary_large_image\" \/>\n<meta name=\"twitter:creator\" content=\"@estrategiamed_\" \/>\n<meta name=\"twitter:site\" content=\"@estrategiamed_\" \/>\n<meta name=\"twitter:label1\" content=\"Escrito por\" \/>\n\t<meta name=\"twitter:data1\" content=\"Erika Coelho\" \/>\n\t<meta name=\"twitter:label2\" content=\"Est. tempo de leitura\" \/>\n\t<meta name=\"twitter:data2\" content=\"6 minutos\" \/>\n<script type=\"application\/ld+json\" class=\"yoast-schema-graph\">{\"@context\":\"https:\/\/schema.org\",\"@graph\":[{\"@type\":\"WebPage\",\"@id\":\"https:\/\/med.estrategia.com\/portal\/residencia-medica\/como-e-a-residencia-de-medicina-de-emergencia-na-escola-de-saude-publica-do-ceara\/\",\"url\":\"https:\/\/med.estrategia.com\/portal\/residencia-medica\/como-e-a-residencia-de-medicina-de-emergencia-na-escola-de-saude-publica-do-ceara\/\",\"name\":\"Como \u00e9 a Resid\u00eancia de Medicina de Emerg\u00eancia na Escola de Sa\u00fade P\u00fablica do Cear\u00e1\",\"isPartOf\":{\"@id\":\"https:\/\/med.estrategia.com\/portal\/#website\"},\"primaryImageOfPage\":{\"@id\":\"https:\/\/med.estrategia.com\/portal\/residencia-medica\/como-e-a-residencia-de-medicina-de-emergencia-na-escola-de-saude-publica-do-ceara\/#primaryimage\"},\"image\":{\"@id\":\"https:\/\/med.estrategia.com\/portal\/residencia-medica\/como-e-a-residencia-de-medicina-de-emergencia-na-escola-de-saude-publica-do-ceara\/#primaryimage\"},\"thumbnailUrl\":\"https:\/\/med.estrategia.com\/portal\/wp-content\/uploads\/2023\/04\/LP2_.jpg\",\"datePublished\":\"2024-08-20T17:25:14+00:00\",\"dateModified\":\"2024-08-20T17:25:19+00:00\",\"author\":{\"@id\":\"https:\/\/med.estrategia.com\/portal\/#\/schema\/person\/8e7c9b2f53f2eede3b8880ad86ff20a3\"},\"description\":\"Confira com o Portal de Not\u00edcias do Estrat\u00e9gia MED como funciona a Resid\u00eancia de Medicina de Emerg\u00eancia na Escola de Sa\u00fade P\u00fablica do Cear\u00e1!\",\"breadcrumb\":{\"@id\":\"https:\/\/med.estrategia.com\/portal\/residencia-medica\/como-e-a-residencia-de-medicina-de-emergencia-na-escola-de-saude-publica-do-ceara\/#breadcrumb\"},\"inLanguage\":\"pt-BR\",\"potentialAction\":[{\"@type\":\"ReadAction\",\"target\":[\"https:\/\/med.estrategia.com\/portal\/residencia-medica\/como-e-a-residencia-de-medicina-de-emergencia-na-escola-de-saude-publica-do-ceara\/\"]}]},{\"@type\":\"ImageObject\",\"inLanguage\":\"pt-BR\",\"@id\":\"https:\/\/med.estrategia.com\/portal\/residencia-medica\/como-e-a-residencia-de-medicina-de-emergencia-na-escola-de-saude-publica-do-ceara\/#primaryimage\",\"url\":\"https:\/\/med.estrategia.com\/portal\/wp-content\/uploads\/2023\/04\/LP2_.jpg\",\"contentUrl\":\"https:\/\/med.estrategia.com\/portal\/wp-content\/uploads\/2023\/04\/LP2_.jpg\",\"width\":1280,\"height\":720,\"caption\":\"Cr\u00e9ditos: Estrat\u00e9gia MED\"},{\"@type\":\"BreadcrumbList\",\"@id\":\"https:\/\/med.estrategia.com\/portal\/residencia-medica\/como-e-a-residencia-de-medicina-de-emergencia-na-escola-de-saude-publica-do-ceara\/#breadcrumb\",\"itemListElement\":[{\"@type\":\"ListItem\",\"position\":1,\"name\":\"Home\",\"item\":\"https:\/\/med.estrategia.com\/portal\/\"},{\"@type\":\"ListItem\",\"position\":2,\"name\":\"Resid\u00eancia M\u00e9dica\",\"item\":\"https:\/\/med.estrategia.com\/portal\/residencia-medica\/\"},{\"@type\":\"ListItem\",\"position\":3,\"name\":\"Como \u00e9 a Resid\u00eancia de Medicina de Emerg\u00eancia na Escola de Sa\u00fade P\u00fablica do Cear\u00e1\"}]},{\"@type\":\"WebSite\",\"@id\":\"https:\/\/med.estrategia.com\/portal\/#website\",\"url\":\"https:\/\/med.estrategia.com\/portal\/\",\"name\":\"Estrat\u00e9gia MED\",\"description\":\"\",\"potentialAction\":[{\"@type\":\"SearchAction\",\"target\":{\"@type\":\"EntryPoint\",\"urlTemplate\":\"https:\/\/med.estrategia.com\/portal\/?s={search_term_string}\"},\"query-input\":{\"@type\":\"PropertyValueSpecification\",\"valueRequired\":true,\"valueName\":\"search_term_string\"}}],\"inLanguage\":\"pt-BR\"},{\"@type\":\"Person\",\"@id\":\"https:\/\/med.estrategia.com\/portal\/#\/schema\/person\/8e7c9b2f53f2eede3b8880ad86ff20a3\",\"name\":\"Erika Coelho\",\"image\":{\"@type\":\"ImageObject\",\"inLanguage\":\"pt-BR\",\"@id\":\"https:\/\/med.estrategia.com\/portal\/#\/schema\/person\/image\/\",\"url\":\"https:\/\/secure.gravatar.com\/avatar\/8ef9ff2e2fa53829c640cca8d1a45178?s=96&d=mm&r=g\",\"contentUrl\":\"https:\/\/secure.gravatar.com\/avatar\/8ef9ff2e2fa53829c640cca8d1a45178?s=96&d=mm&r=g\",\"caption\":\"Erika Coelho\"},\"description\":\"Jornalista pela Universidade Presbiteriana Mackenzie, escrevo sobre educa\u00e7\u00e3o, sa\u00fade e pol\u00edticas p\u00fablicas\",\"url\":\"https:\/\/med.estrategia.com\/portal\/author\/erika\/\"}]}<\/script>\n<!-- \/ Yoast SEO Premium plugin. -->","yoast_head_json":{"title":"Como \u00e9 a Resid\u00eancia de Medicina de Emerg\u00eancia na Escola de Sa\u00fade P\u00fablica do Cear\u00e1","description":"Confira com o Portal de Not\u00edcias do Estrat\u00e9gia MED como funciona a Resid\u00eancia de Medicina de Emerg\u00eancia na Escola de Sa\u00fade P\u00fablica do Cear\u00e1!","robots":{"index":"index","follow":"follow","max-snippet":"max-snippet:-1","max-image-preview":"max-image-preview:large","max-video-preview":"max-video-preview:-1"},"canonical":"https:\/\/med.estrategia.com\/portal\/residencia-medica\/como-e-a-residencia-de-medicina-de-emergencia-na-escola-de-saude-publica-do-ceara\/","og_locale":"pt_BR","og_type":"article","og_title":"Como \u00e9 a Resid\u00eancia de Medicina de Emerg\u00eancia na Escola de Sa\u00fade P\u00fablica do Cear\u00e1","og_description":"Confira com o Portal de Not\u00edcias do Estrat\u00e9gia MED como funciona a Resid\u00eancia de Medicina de Emerg\u00eancia na Escola de Sa\u00fade P\u00fablica do Cear\u00e1!","og_url":"https:\/\/med.estrategia.com\/portal\/residencia-medica\/como-e-a-residencia-de-medicina-de-emergencia-na-escola-de-saude-publica-do-ceara\/","og_site_name":"Estrat\u00e9gia MED","article_publisher":"https:\/\/www.facebook.com\/estrategiamed1","article_published_time":"2024-08-20T17:25:14+00:00","article_modified_time":"2024-08-20T17:25:19+00:00","og_image":[{"width":1280,"height":720,"url":"https:\/\/med.estrategia.com\/portal\/wp-content\/uploads\/2023\/04\/LP2_.jpg","type":"image\/jpeg"}],"author":"Erika Coelho","twitter_card":"summary_large_image","twitter_creator":"@estrategiamed_","twitter_site":"@estrategiamed_","twitter_misc":{"Escrito por":"Erika Coelho","Est. tempo de leitura":"6 minutos"},"schema":{"@context":"https:\/\/schema.org","@graph":[{"@type":"WebPage","@id":"https:\/\/med.estrategia.com\/portal\/residencia-medica\/como-e-a-residencia-de-medicina-de-emergencia-na-escola-de-saude-publica-do-ceara\/","url":"https:\/\/med.estrategia.com\/portal\/residencia-medica\/como-e-a-residencia-de-medicina-de-emergencia-na-escola-de-saude-publica-do-ceara\/","name":"Como \u00e9 a Resid\u00eancia de Medicina de Emerg\u00eancia na Escola de Sa\u00fade P\u00fablica do Cear\u00e1","isPartOf":{"@id":"https:\/\/med.estrategia.com\/portal\/#website"},"primaryImageOfPage":{"@id":"https:\/\/med.estrategia.com\/portal\/residencia-medica\/como-e-a-residencia-de-medicina-de-emergencia-na-escola-de-saude-publica-do-ceara\/#primaryimage"},"image":{"@id":"https:\/\/med.estrategia.com\/portal\/residencia-medica\/como-e-a-residencia-de-medicina-de-emergencia-na-escola-de-saude-publica-do-ceara\/#primaryimage"},"thumbnailUrl":"https:\/\/med.estrategia.com\/portal\/wp-content\/uploads\/2023\/04\/LP2_.jpg","datePublished":"2024-08-20T17:25:14+00:00","dateModified":"2024-08-20T17:25:19+00:00","author":{"@id":"https:\/\/med.estrategia.com\/portal\/#\/schema\/person\/8e7c9b2f53f2eede3b8880ad86ff20a3"},"description":"Confira com o Portal de Not\u00edcias do Estrat\u00e9gia MED como funciona a Resid\u00eancia de Medicina de Emerg\u00eancia na Escola de Sa\u00fade P\u00fablica do Cear\u00e1!","breadcrumb":{"@id":"https:\/\/med.estrategia.com\/portal\/residencia-medica\/como-e-a-residencia-de-medicina-de-emergencia-na-escola-de-saude-publica-do-ceara\/#breadcrumb"},"inLanguage":"pt-BR","potentialAction":[{"@type":"ReadAction","target":["https:\/\/med.estrategia.com\/portal\/residencia-medica\/como-e-a-residencia-de-medicina-de-emergencia-na-escola-de-saude-publica-do-ceara\/"]}]},{"@type":"ImageObject","inLanguage":"pt-BR","@id":"https:\/\/med.estrategia.com\/portal\/residencia-medica\/como-e-a-residencia-de-medicina-de-emergencia-na-escola-de-saude-publica-do-ceara\/#primaryimage","url":"https:\/\/med.estrategia.com\/portal\/wp-content\/uploads\/2023\/04\/LP2_.jpg","contentUrl":"https:\/\/med.estrategia.com\/portal\/wp-content\/uploads\/2023\/04\/LP2_.jpg","width":1280,"height":720,"caption":"Cr\u00e9ditos: Estrat\u00e9gia MED"},{"@type":"BreadcrumbList","@id":"https:\/\/med.estrategia.com\/portal\/residencia-medica\/como-e-a-residencia-de-medicina-de-emergencia-na-escola-de-saude-publica-do-ceara\/#breadcrumb","itemListElement":[{"@type":"ListItem","position":1,"name":"Home","item":"https:\/\/med.estrategia.com\/portal\/"},{"@type":"ListItem","position":2,"name":"Resid\u00eancia M\u00e9dica","item":"https:\/\/med.estrategia.com\/portal\/residencia-medica\/"},{"@type":"ListItem","position":3,"name":"Como \u00e9 a Resid\u00eancia de Medicina de Emerg\u00eancia na Escola de Sa\u00fade P\u00fablica do Cear\u00e1"}]},{"@type":"WebSite","@id":"https:\/\/med.estrategia.com\/portal\/#website","url":"https:\/\/med.estrategia.com\/portal\/","name":"Estrat\u00e9gia MED","description":"","potentialAction":[{"@type":"SearchAction","target":{"@type":"EntryPoint","urlTemplate":"https:\/\/med.estrategia.com\/portal\/?s={search_term_string}"},"query-input":{"@type":"PropertyValueSpecification","valueRequired":true,"valueName":"search_term_string"}}],"inLanguage":"pt-BR"},{"@type":"Person","@id":"https:\/\/med.estrategia.com\/portal\/#\/schema\/person\/8e7c9b2f53f2eede3b8880ad86ff20a3","name":"Erika Coelho","image":{"@type":"ImageObject","inLanguage":"pt-BR","@id":"https:\/\/med.estrategia.com\/portal\/#\/schema\/person\/image\/","url":"https:\/\/secure.gravatar.com\/avatar\/8ef9ff2e2fa53829c640cca8d1a45178?s=96&d=mm&r=g","contentUrl":"https:\/\/secure.gravatar.com\/avatar\/8ef9ff2e2fa53829c640cca8d1a45178?s=96&d=mm&r=g","caption":"Erika Coelho"},"description":"Jornalista pela Universidade Presbiteriana Mackenzie, escrevo sobre educa\u00e7\u00e3o, sa\u00fade e pol\u00edticas p\u00fablicas","url":"https:\/\/med.estrategia.com\/portal\/author\/erika\/"}]}},"_wl_alt_label":[],"wl:entity_url":"\/post\/como-e-a-residencia-de-medicina-de-emergencia-na-escola-de-saude-publica-do-ceara","_links":{"self":[{"href":"https:\/\/med.estrategia.com\/portal\/wp-json\/wp\/v2\/posts\/68193","targetHints":{"allow":["GET"]}}],"collection":[{"href":"https:\/\/med.estrategia.com\/portal\/wp-json\/wp\/v2\/posts"}],"about":[{"href":"https:\/\/med.estrategia.com\/portal\/wp-json\/wp\/v2\/types\/post"}],"author":[{"embeddable":true,"href":"https:\/\/med.estrategia.com\/portal\/wp-json\/wp\/v2\/users\/22"}],"replies":[{"embeddable":true,"href":"https:\/\/med.estrategia.com\/portal\/wp-json\/wp\/v2\/comments?post=68193"}],"version-history":[{"count":1,"href":"https:\/\/med.estrategia.com\/portal\/wp-json\/wp\/v2\/posts\/68193\/revisions"}],"predecessor-version":[{"id":68194,"href":"https:\/\/med.estrategia.com\/portal\/wp-json\/wp\/v2\/posts\/68193\/revisions\/68194"}],"wp:featuredmedia":[{"embeddable":true,"href":"https:\/\/med.estrategia.com\/portal\/wp-json\/wp\/v2\/media\/38727"}],"wp:attachment":[{"href":"https:\/\/med.estrategia.com\/portal\/wp-json\/wp\/v2\/media?parent=68193"}],"wp:term":[{"taxonomy":"category","embeddable":true,"href":"https:\/\/med.estrategia.com\/portal\/wp-json\/wp\/v2\/categories?post=68193"},{"taxonomy":"post_tag","embeddable":true,"href":"https:\/\/med.estrategia.com\/portal\/wp-json\/wp\/v2\/tags?post=68193"},{"taxonomy":"wl_entity_type","embeddable":true,"href":"https:\/\/med.estrategia.com\/portal\/wp-json\/wp\/v2\/wl_entity_type?post=68193"}],"curies":[{"name":"wp","href":"https:\/\/api.w.org\/{rel}","templated":true}]}}