{"id":68419,"date":"2022-08-23T18:50:00","date_gmt":"2022-08-23T21:50:00","guid":{"rendered":"https:\/\/med.estrategia.com\/portal\/?p=68419"},"modified":"2024-08-23T18:53:01","modified_gmt":"2024-08-23T21:53:01","slug":"hospital-regional-de-presidente-prudente-2024-confira-tudo-sobre-a-edicao-finalizada","status":"publish","type":"post","link":"https:\/\/med.estrategia.com\/portal\/residencia-medica\/hospital-regional-de-presidente-prudente-2024-confira-tudo-sobre-a-edicao-finalizada\/","title":{"rendered":"Hospital Regional de Presidente Prudente 2024: confira tudo sobre a edi\u00e7\u00e3o finalizada"},"content":{"rendered":"<p>Se voc&ecirc; se interessa em ingressar em uma Resid&ecirc;ncia M&eacute;dica em S&atilde;o Paulo, ent&atilde;o conhe&ccedil;a o seletivo de Resid&ecirc;ncia M&eacute;dica do <strong>Hospital Regional de Presidente Prudente<\/strong>. Confira este artigo que o Estrat&eacute;gia MED preparou para voc&ecirc;!<div id=\"ez-toc-container\" class=\"ez-toc-v2_0_79_2 counter-hierarchy ez-toc-counter ez-toc-transparent ez-toc-container-direction\">\n<div class=\"ez-toc-title-container\"><p class=\"ez-toc-title\" style=\"cursor:inherit\">Navegue pelo conte\u00fado<\/p>\n<\/div><nav><ul class='ez-toc-list ez-toc-list-level-1 ' ><li class='ez-toc-page-1 ez-toc-heading-level-2'><a class=\"ez-toc-link ez-toc-heading-1\" href=\"https:\/\/med.estrategia.com\/portal\/residencia-medica\/hospital-regional-de-presidente-prudente-2024-confira-tudo-sobre-a-edicao-finalizada\/#O-Hospital-Regional-de-Presidente-Prudente\" >O Hospital Regional de Presidente Prudente<\/a><\/li><li class='ez-toc-page-1 ez-toc-heading-level-2'><a class=\"ez-toc-link ez-toc-heading-2\" href=\"https:\/\/med.estrategia.com\/portal\/residencia-medica\/hospital-regional-de-presidente-prudente-2024-confira-tudo-sobre-a-edicao-finalizada\/#Cronograma-Hospital-Regional-de-Presidente-Prudente-2024\" >Cronograma Hospital Regional de Presidente Prudente 2024<\/a><\/li><li class='ez-toc-page-1 ez-toc-heading-level-2'><a class=\"ez-toc-link ez-toc-heading-3\" href=\"https:\/\/med.estrategia.com\/portal\/residencia-medica\/hospital-regional-de-presidente-prudente-2024-confira-tudo-sobre-a-edicao-finalizada\/#Especialidades-e-vagas-oferecidas\" >Especialidades e vagas oferecidas<\/a><\/li><li class='ez-toc-page-1 ez-toc-heading-level-2'><a class=\"ez-toc-link ez-toc-heading-4\" href=\"https:\/\/med.estrategia.com\/portal\/residencia-medica\/hospital-regional-de-presidente-prudente-2024-confira-tudo-sobre-a-edicao-finalizada\/#Sobre-o-Processo-Seletivo-do-Hospital-Regional-de-Presidente-Prudente\" >Sobre o Processo Seletivo do Hospital Regional de Presidente Prudente&nbsp;<\/a><\/li><li class='ez-toc-page-1 ez-toc-heading-level-2'><a class=\"ez-toc-link ez-toc-heading-5\" href=\"https:\/\/med.estrategia.com\/portal\/residencia-medica\/hospital-regional-de-presidente-prudente-2024-confira-tudo-sobre-a-edicao-finalizada\/#Resultado-Final\" >Resultado Final<\/a><\/li><li class='ez-toc-page-1 ez-toc-heading-level-2'><a class=\"ez-toc-link ez-toc-heading-6\" href=\"https:\/\/med.estrategia.com\/portal\/residencia-medica\/hospital-regional-de-presidente-prudente-2024-confira-tudo-sobre-a-edicao-finalizada\/#Concorrencia-HRPP-2024\" >Concorr&ecirc;ncia HRPP 2024<\/a><\/li><\/ul><\/nav><\/div>\n<h2 class=\"wp-block-heading\" id=\"h-o-hospital-regional-de-presidente-prudente\"><span class=\"ez-toc-section\" id=\"O-Hospital-Regional-de-Presidente-Prudente\"><\/span>O Hospital Regional de Presidente Prudente<span class=\"ez-toc-section-end\"><\/span><\/h2><p>O Hospital Regional de Presidente Prudente &eacute;, desde sua cria&ccedil;&atilde;o, refer&ecirc;ncia em assist&ecirc;ncia m&eacute;dica eletiva de m&eacute;dia e alta complexidade em mais de 40 munic&iacute;pios da regi&atilde;o Oeste do Estado de S&atilde;o Paulo.&nbsp;<\/p><p>Ele &eacute; considerado o terceiro maior hospital p&uacute;blico do interior de S&atilde;o Paulo e, atualmente, est&aacute; sob a responsabilidade da OSS (Organiza&ccedil;&atilde;o Social de Sa&uacute;de) Associa&ccedil;&atilde;o Lar S&atilde;o Francisco de Assis na Provid&ecirc;ncia de Deus, entidade sem fins lucrativos.<\/p><div class=\"wp-block-image\">\n<figure class=\"aligncenter\"><img decoding=\"async\" width=\"1200\" height=\"788\" src=\"https:\/\/med.estrategia.com\/portal\/wp-content\/uploads\/2024\/08\/image.jpeg\" alt=\"Hospital Regional de Presidente Prudente\" class=\"wp-image-68420\" srcset=\"https:\/\/med.estrategia.com\/portal\/wp-content\/uploads\/2024\/08\/image.jpeg 1200w, https:\/\/med.estrategia.com\/portal\/wp-content\/uploads\/2024\/08\/image-1024x672.jpeg 1024w, https:\/\/med.estrategia.com\/portal\/wp-content\/uploads\/2024\/08\/image-768x504.jpeg 768w, https:\/\/med.estrategia.com\/portal\/wp-content\/uploads\/2024\/08\/image-800x525.jpeg 800w, https:\/\/med.estrategia.com\/portal\/wp-content\/uploads\/2024\/08\/image-1160x762.jpeg 1160w\" sizes=\"(max-width: 1200px) 100vw, 1200px\" \/><figcaption class=\"wp-element-caption\">Foto:<a href=\"https:\/\/www.hrpresidenteprudente.org.br\/pagina.aspx?id=114\" target=\"_blank\" rel=\"noopener noreferrer\"> Divulga&ccedil;&atilde;o HRPP<\/a><\/figcaption><\/figure><\/div><h2 class=\"wp-block-heading\" id=\"h-cronograma-hospital-regional-de-presidente-prudente-2024\"><span class=\"ez-toc-section\" id=\"Cronograma-Hospital-Regional-de-Presidente-Prudente-2024\"><\/span>Cronograma Hospital Regional de Presidente Prudente 2024<span class=\"ez-toc-section-end\"><\/span><\/h2><ul class=\"wp-block-list\">\n<li><strong>Inscri&ccedil;&otilde;es: <\/strong>04 a 30\/10\/2023;<\/li>\n\n\n\n<li><strong>Taxa de inscri&ccedil;&atilde;o:<\/strong> R$ 690,00;<\/li>\n\n\n\n<li><strong>Prova Objetiva (1&ordf; fase): <\/strong>03\/12\/2023;<\/li>\n\n\n\n<li><strong>Divulga&ccedil;&atilde;o do Gabarito:<\/strong>05\/12\/2023;<\/li>\n\n\n\n<li><strong>Recurso contra Gabarito:<\/strong> 06 e 07\/12\/2023;<\/li>\n\n\n\n<li><strong>Divulga&ccedil;&atilde;o da An&aacute;lise do Recurso, Nota da Prova e Classifica&ccedil;&atilde;o Pr&eacute;via: <\/strong>05\/01\/2024;<\/li>\n\n\n\n<li><strong>Recursos contra Nota da Prova e Classifica&ccedil;&atilde;o Pr&eacute;via:<\/strong> 08 e 09\/01\/2024;<\/li>\n\n\n\n<li><strong>Classifica&ccedil;&atilde;o Final: <\/strong>18\/01\/2024;<\/li>\n\n\n\n<li><strong>Convoca&ccedil;&atilde;o para<\/strong> <strong>Matr&iacute;culas: <\/strong>05 a 09\/01\/2024; e<\/li>\n\n\n\n<li><strong>In&iacute;cio dos programas: <\/strong>Mar&ccedil;o\/2024.<\/li>\n<\/ul><h2 class=\"wp-block-heading\" id=\"h-especialidades-e-vagas-oferecidas\"><span class=\"ez-toc-section\" id=\"Especialidades-e-vagas-oferecidas\"><\/span>Especialidades e vagas oferecidas<span class=\"ez-toc-section-end\"><\/span><\/h2><p>O Hospital Regional de Presidente Prudente ofereceu para 2024 um total de <strong>98 vagas<\/strong>, divididas entre <strong>especialidades de Acesso Direto e com Pr&eacute;-Requisito<\/strong>. Confira:<\/p><h3 class=\"wp-block-heading\" id=\"h-acesso-direto\">Acesso Direto<\/h3><figure class=\"wp-block-table\"><table><thead><tr><th>ESPECIALIDADES<\/th><th class=\"has-text-align-center\" data-align=\"center\">VAGAS<\/th><\/tr><\/thead><tbody><tr><td>Anestesiologia<\/td><td class=\"has-text-align-center\" data-align=\"center\">5<\/td><\/tr><tr><td>Cirurgia Geral<\/td><td class=\"has-text-align-center\" data-align=\"center\">6<\/td><\/tr><tr><td>Cl&iacute;nica M&eacute;dica<\/td><td class=\"has-text-align-center\" data-align=\"center\">20<\/td><\/tr><tr><td>Dermatologia<\/td><td class=\"has-text-align-center\" data-align=\"center\">2<\/td><\/tr><tr><td>Ginecologia e Obstetr&iacute;cia<\/td><td class=\"has-text-align-center\" data-align=\"center\">5<\/td><\/tr><tr><td>Infectologia<\/td><td class=\"has-text-align-center\" data-align=\"center\">3<\/td><\/tr><tr><td>Medicina de Fam&iacute;lia e Comunidade<\/td><td class=\"has-text-align-center\" data-align=\"center\">2<\/td><\/tr><tr><td>Medicina Intensiva<\/td><td class=\"has-text-align-center\" data-align=\"center\">2<\/td><\/tr><tr><td>Neurocirurgia<\/td><td class=\"has-text-align-center\" data-align=\"center\">2<\/td><\/tr><tr><td>Oftalmologia<\/td><td class=\"has-text-align-center\" data-align=\"center\">4<\/td><\/tr><tr><td>Ortopedia e Traumatologia<\/td><td class=\"has-text-align-center\" data-align=\"center\">6<\/td><\/tr><tr><td>Otorrinolaringologia<\/td><td class=\"has-text-align-center\" data-align=\"center\">2<\/td><\/tr><tr><td>Pediatria<\/td><td class=\"has-text-align-center\" data-align=\"center\">18<\/td><\/tr><tr><td>Psiquiatria<\/td><td class=\"has-text-align-center\" data-align=\"center\">7<\/td><\/tr><\/tbody><\/table><\/figure><h3 class=\"wp-block-heading\" id=\"h-pre-requisito\">Pr&eacute;-Requisito<\/h3><figure class=\"wp-block-table\"><table><thead><tr><th>ESPECIALIDADES<\/th><th class=\"has-text-align-center\" data-align=\"center\">VAGAS<\/th><\/tr><\/thead><tbody><tr><td>Cardiologia<\/td><td class=\"has-text-align-center\" data-align=\"center\">4<\/td><\/tr><tr><td>Cirurgia Pl&aacute;stica<\/td><td class=\"has-text-align-center\" data-align=\"center\">1<\/td><\/tr><tr><td>Cirurgia Vascular<\/td><td class=\"has-text-align-center\" data-align=\"center\">2<\/td><\/tr><tr><td>Endoscopia<\/td><td class=\"has-text-align-center\" data-align=\"center\">2<\/td><\/tr><tr><td>Urologia<\/td><td class=\"has-text-align-center\" data-align=\"center\">2<\/td><\/tr><tr><td>Medicina do Adolescente<\/td><td class=\"has-text-align-center\" data-align=\"center\">1<\/td><\/tr><tr><td>Neonatologia<\/td><td class=\"has-text-align-center\" data-align=\"center\">1<\/td><\/tr><tr><td>Neurologia Pedi&aacute;trica<\/td><td class=\"has-text-align-center\" data-align=\"center\">1<\/td><\/tr><\/tbody><\/table><\/figure><h2 class=\"wp-block-heading\" id=\"h-sobre-o-processo-seletivo-do-hospital-regional-de-presidente-prudente-nbsp\"><span class=\"ez-toc-section\" id=\"Sobre-o-Processo-Seletivo-do-Hospital-Regional-de-Presidente-Prudente\"><\/span>Sobre o Processo Seletivo do Hospital Regional de Presidente Prudente&nbsp;<span class=\"ez-toc-section-end\"><\/span><\/h2><p>O processo seletivo para Resid&ecirc;ncia M&eacute;dica foi composto por <strong>fase &uacute;nica<\/strong>: <strong>prova objetiva.<\/strong><\/p><p>Confira, abaixo, o<strong> Edital 2024 <\/strong>do Hospital Regional de Presidente Prudente:&nbsp;<\/p><div class=\"wp-block-buttons is-horizontal is-content-justification-center is-layout-flex wp-container-core-buttons-is-layout-1 wp-block-buttons-is-layout-flex\">\n<div class=\"wp-block-button cnvs-block-core-button-1630494567038\"><a class=\"wp-block-button__link has-light-green-cyan-to-vivid-green-cyan-gradient-background has-background wp-element-button\" href=\"https:\/\/med.estrategia.com\/portal\/wp-content\/uploads\/2023\/09\/HRPP_edital2024.pdf\" target=\"_blank\">Edital HRPP 2024<\/a><\/div>\n<\/div><h3 class=\"wp-block-heading\" id=\"h-prova-objetiva\">Prova Objetiva<\/h3><p>Essa etapa corresponde &agrave; <strong>fase &uacute;nica do seletivo<\/strong> e contou com uma <strong>prova de m&uacute;ltipla escolha<\/strong>, que foi aplicada no dia <strong>3 de dezembro de 2023, &agrave; tarde e ter&aacute; dura&ccedil;&atilde;o de 4 horas.<\/strong><\/p><p>Para as especialidades de Acesso Direto, a Prova foi composta de <strong>100 quest&otilde;es de m&uacute;ltipla escolha, abordando as seguintes &aacute;reas:<\/strong><\/p><ul class=\"wp-block-list\">\n<li>Cl&iacute;nica M&eacute;dica;<\/li>\n\n\n\n<li>Cirurgia Geral;<\/li>\n\n\n\n<li>Pediatria;<\/li>\n\n\n\n<li>Obstetr&iacute;cia e Ginecologia; e<\/li>\n\n\n\n<li>Medicina Preventiva e Social.<\/li>\n<\/ul><p>J&aacute; para as especialidades com Pr&eacute;-Requisito, foram apenas 50 quest&otilde;es, abordando o conte&uacute;do da &aacute;rea b&aacute;sica da especialidade tida como pr&eacute;-requisito.&nbsp;<\/p><div class=\"wp-block-buttons is-content-justification-center is-layout-flex wp-container-core-buttons-is-layout-2 wp-block-buttons-is-layout-flex\">\n<div class=\"wp-block-button\"><a class=\"wp-block-button__link wp-element-button\" href=\"https:\/\/med.estrategia.com\/portal\/wp-content\/uploads\/2024\/01\/GABARITO.pdf\" target=\"_blank\">gabarito definitivo<\/a><\/div>\n<\/div><h2 class=\"wp-block-heading\" id=\"h-resultado-final\"><span class=\"ez-toc-section\" id=\"Resultado-Final\"><\/span>Resultado Final<span class=\"ez-toc-section-end\"><\/span><\/h2><p>A <strong>nota final <\/strong>dos candidatos foi obtida pela seguinte f&oacute;rmula:<br><br><strong>NP=Na x 100\/Tq<\/strong><br><br>NP: nota da prova<br>Na: N&uacute;mero de acertos na prova<br>Tq: Total de quest&otilde;es da prova<\/p><p>O <strong>resultado final <\/strong>foi divulgado no dia <strong>18 de janeiro de 20234<\/strong> no <a href=\"https:\/\/www.vunesp.com.br\/HRPP2301\" target=\"_blank\">site da Funda&ccedil;&atilde;o VUNESP<\/a>.<\/p><div class=\"wp-block-buttons is-content-justification-center is-layout-flex wp-container-core-buttons-is-layout-3 wp-block-buttons-is-layout-flex\">\n<div class=\"wp-block-button\"><a class=\"wp-block-button__link wp-element-button\" href=\"https:\/\/med.estrategia.com\/portal\/wp-content\/uploads\/2024\/01\/RESULTADO_HRPP.pdf\" target=\"_blank\">resultado final<\/a><\/div>\n<\/div><h2 class=\"wp-block-heading\" id=\"h-concorrencia-hrpp-2024\"><span class=\"ez-toc-section\" id=\"Concorrencia-HRPP-2024\"><\/span>Concorr&ecirc;ncia HRPP 2024<span class=\"ez-toc-section-end\"><\/span><\/h2><p>Na <strong>&uacute;ltima edi&ccedil;&atilde;o finalizada<\/strong> para ingresso nos programas de resid&ecirc;ncia m&eacute;dica do HRPP foram, ao todo, <strong>1.038 candidatos inscritos<\/strong> na sele&ccedil;&atilde;o, resultando em uma <strong>rela&ccedil;&atilde;o geral de 10,59 candidatos por vaga<\/strong>. Para mensurar a concorr&ecirc;ncia para a atual edi&ccedil;&atilde;o, confira a rela&ccedil;&atilde;o de candidatos\/vaga nas especialidades de Acesso Direto da sele&ccedil;&atilde;o do &uacute;ltimo ano:<\/p><figure class=\"wp-block-table\"><table><tbody><tr><td>ESPECIALIDADES<\/td><td class=\"has-text-align-center\" data-align=\"center\">VAGAS<\/td><td class=\"has-text-align-center\" data-align=\"center\">INSCRITOS<\/td><td class=\"has-text-align-center\" data-align=\"center\">CONCORR&Ecirc;NCIA<\/td><\/tr><tr><td>Anestesiologia<\/td><td class=\"has-text-align-center\" data-align=\"center\">5<\/td><td class=\"has-text-align-center\" data-align=\"center\">79<\/td><td class=\"has-text-align-center\" data-align=\"center\">15,8<\/td><\/tr><tr><td>Cirurgia Geral<\/td><td class=\"has-text-align-center\" data-align=\"center\">6<\/td><td class=\"has-text-align-center\" data-align=\"center\">96<\/td><td class=\"has-text-align-center\" data-align=\"center\">16<\/td><\/tr><tr><td>Cl&iacute;nica M&eacute;dica<\/td><td class=\"has-text-align-center\" data-align=\"center\">20<\/td><td class=\"has-text-align-center\" data-align=\"center\">132<\/td><td class=\"has-text-align-center\" data-align=\"center\">6,6<\/td><\/tr><tr><td>Dermatologia<\/td><td class=\"has-text-align-center\" data-align=\"center\">2<\/td><td class=\"has-text-align-center\" data-align=\"center\">88<\/td><td class=\"has-text-align-center\" data-align=\"center\">44<\/td><\/tr><tr><td>Ginecologia e Obstetr&iacute;cia<\/td><td class=\"has-text-align-center\" data-align=\"center\">5<\/td><td class=\"has-text-align-center\" data-align=\"center\">64<\/td><td class=\"has-text-align-center\" data-align=\"center\">12,8<\/td><\/tr><tr><td>Infectologia<\/td><td class=\"has-text-align-center\" data-align=\"center\">3<\/td><td class=\"has-text-align-center\" data-align=\"center\">10<\/td><td class=\"has-text-align-center\" data-align=\"center\">3,333333333<\/td><\/tr><tr><td>Medicina de Fam&iacute;lia e Comunidade<\/td><td class=\"has-text-align-center\" data-align=\"center\">2<\/td><td class=\"has-text-align-center\" data-align=\"center\">7<\/td><td class=\"has-text-align-center\" data-align=\"center\">3,5<\/td><\/tr><tr><td>Medicina Intensiva<\/td><td class=\"has-text-align-center\" data-align=\"center\">2<\/td><td class=\"has-text-align-center\" data-align=\"center\">14<\/td><td class=\"has-text-align-center\" data-align=\"center\">7<\/td><\/tr><tr><td>Neurocirurgia<\/td><td class=\"has-text-align-center\" data-align=\"center\">2<\/td><td class=\"has-text-align-center\" data-align=\"center\">27<\/td><td class=\"has-text-align-center\" data-align=\"center\">13,5<\/td><\/tr><tr><td>Oftalmologia<\/td><td class=\"has-text-align-center\" data-align=\"center\">4<\/td><td class=\"has-text-align-center\" data-align=\"center\">79<\/td><td class=\"has-text-align-center\" data-align=\"center\">19,75<\/td><\/tr><tr><td>Ortopedia e Traumatologia<\/td><td class=\"has-text-align-center\" data-align=\"center\">6<\/td><td class=\"has-text-align-center\" data-align=\"center\">24<\/td><td class=\"has-text-align-center\" data-align=\"center\">4<\/td><\/tr><tr><td>Otorrinolaringologia<\/td><td class=\"has-text-align-center\" data-align=\"center\">2<\/td><td class=\"has-text-align-center\" data-align=\"center\">59<\/td><td class=\"has-text-align-center\" data-align=\"center\">29,5<\/td><\/tr><tr><td>Pediatria<\/td><td class=\"has-text-align-center\" data-align=\"center\">18<\/td><td class=\"has-text-align-center\" data-align=\"center\">109<\/td><td class=\"has-text-align-center\" data-align=\"center\">6,055555556<\/td><\/tr><tr><td>Psiquiatria<\/td><td class=\"has-text-align-center\" data-align=\"center\">7<\/td><td class=\"has-text-align-center\" data-align=\"center\">206<\/td><td class=\"has-text-align-center\" data-align=\"center\">29,42857143<\/td><\/tr><tr><td>Cardiologia<\/td><td class=\"has-text-align-center\" data-align=\"center\">4<\/td><td class=\"has-text-align-center\" data-align=\"center\">14<\/td><td class=\"has-text-align-center\" data-align=\"center\">3,5<\/td><\/tr><tr><td>Cirurgia Pl&aacute;stica<\/td><td class=\"has-text-align-center\" data-align=\"center\">1<\/td><td class=\"has-text-align-center\" data-align=\"center\">12<\/td><td class=\"has-text-align-center\" data-align=\"center\">12<\/td><\/tr><tr><td>Cirurgia Vascular<\/td><td class=\"has-text-align-center\" data-align=\"center\">2<\/td><td class=\"has-text-align-center\" data-align=\"center\">&ndash;<\/td><td class=\"has-text-align-center\" data-align=\"center\">&ndash;<\/td><\/tr><tr><td>Endoscopia<\/td><td class=\"has-text-align-center\" data-align=\"center\">2<\/td><td class=\"has-text-align-center\" data-align=\"center\">5<\/td><td class=\"has-text-align-center\" data-align=\"center\">2,5<\/td><\/tr><tr><td>Urologia<\/td><td class=\"has-text-align-center\" data-align=\"center\">2<\/td><td class=\"has-text-align-center\" data-align=\"center\">5<\/td><td class=\"has-text-align-center\" data-align=\"center\">2,5<\/td><\/tr><tr><td>Medicina do Adolescente<\/td><td class=\"has-text-align-center\" data-align=\"center\">1<\/td><td class=\"has-text-align-center\" data-align=\"center\">1<\/td><td class=\"has-text-align-center\" data-align=\"center\">1<\/td><\/tr><tr><td>Neonatologia<\/td><td class=\"has-text-align-center\" data-align=\"center\">1<\/td><td class=\"has-text-align-center\" data-align=\"center\">2<\/td><td class=\"has-text-align-center\" data-align=\"center\">2<\/td><\/tr><tr><td>Neurologia Pedi&aacute;trica<\/td><td class=\"has-text-align-center\" data-align=\"center\">1<\/td><td class=\"has-text-align-center\" data-align=\"center\">5<\/td><td class=\"has-text-align-center\" data-align=\"center\">5<\/td><\/tr><\/tbody><\/table><\/figure><p>Venha se preparar com o Estrat&eacute;gia MED para as pr&oacute;ximas edi&ccedil;&otilde;es e para os <a href=\"https:\/\/med.estrategia.com\/portal\/category\/residencia-medica\/programa-de-residencia-medica\/\" target=\"_blank\">outros seletivos de Resid&ecirc;ncia M&eacute;dica<\/a>! O <a href=\"https:\/\/med.estrategia.com\/portal\/evento-emed\/sistemas-de-questoes-estrategia-med\/\" target=\"_blank\">Banco de Quest&otilde;es do Estrat&eacute;gia MED<\/a> oferece<strong> milhares de quest&otilde;es<\/strong> de Resid&ecirc;ncia M&eacute;dica, diversas<strong> j&aacute; respondidas pelos nossos professores<\/strong>, assim voc&ecirc; se prepara da melhor maneira! Aproveite e tamb&eacute;m se cadastre no <strong>Curso Extensivo para R1 e Revalida<\/strong> que o Estrat&eacute;gia MED oferece! Clique no banner abaixo e saiba mais.<\/p><p><strong>Texto em colabora&ccedil;&atilde;o de Erika Coelho<\/strong><\/p><p>\n\n\n\n\n\n<a id=\"cta\" class=\"cta-imagem\" href=\"https:\/\/med.estrategia.com\/curso\/banco-de-questes-resumos-estrategicos-anual\/\" target=\"blank\">\n                <img decoding=\"async\" width=\"100%\" src=\"https:\/\/med.estrategia.com\/portal\/wp-content\/uploads\/2025\/08\/banco_questoes.png\" alt=\"banco_questoes\" title=\"banco_questoes\">\n        <\/a>\n\n\n\n<\/p><h3 class=\"wp-block-heading\" id=\"voce-tambem-pode-se-interessar-por\">Voc&ecirc; tamb&eacute;m pode se interessar por:<\/h3><ul class=\"wp-block-list\">\n<li><a href=\"https:\/\/med.estrategia.com\/portal\/residencia-medica\/programa-de-residencia-medica\/edital-enare\/\">ENARE 2021: vagas, provas, institui&ccedil;&otilde;es, concorr&ecirc;ncia e mais!<\/a><\/li>\n\n\n\n<li><a href=\"https:\/\/med.estrategia.com\/portal\/residencia-medica\/programa-de-residencia-medica\/usp-sp-residencia-medica\/\">USP SP Resid&ecirc;ncia M&eacute;dica 2022: saiu o edital!<\/a><\/li>\n\n\n\n<li><a href=\"https:\/\/med.estrategia.com\/portal\/aluno-de-medicina\/proximas-provas-residencia-medica\/\" target=\"_blank\">Calend&aacute;rio de Resid&ecirc;ncia M&eacute;dica&nbsp;<\/a><a href=\"https:\/\/med.estrategia.com\/portal\/residencia-medica\/programa-de-residencia-medica\/sus-ba-residencia-medica\/\" target=\"_blank\">2022: confira a data das pr&oacute;ximas provas<\/a><\/li>\n\n\n\n<li><a href=\"https:\/\/med.estrategia.com\/portal\/aluno-de-medicina\/dicas-de-estudo\/notas-de-corte-residencia-medica\/\" target=\"_blank\">Notas de corte das principais provas de resid&ecirc;ncia m&eacute;dica<\/a><\/li>\n\n\n\n<li><a href=\"https:\/\/med.estrategia.com\/portal\/residencia-medica\/programa-de-residencia-medica\/usp-sp-residencia-medica\/\" target=\"_blank\">Resid&ecirc;ncia m&eacute;dica na USP<\/a><\/li>\n\n\n\n<li><a href=\"https:\/\/med.estrategia.com\/portal\/residencia-medica\/programa-de-residencia-medica\/unicamp-residencia-medica\/\" target=\"_blank\">Resid&ecirc;ncia m&eacute;dica na Unicamp<\/a><\/li>\n\n\n\n<li><a href=\"https:\/\/med.estrategia.com\/portal\/residencia-medica\/programa-de-residencia-medica\/sus-sp-residencia-medica\/\" target=\"_blank\">Resid&ecirc;ncia m&eacute;dica do SUS-SP<\/a><\/li>\n\n\n\n<li><a href=\"https:\/\/med.estrategia.com\/portal\/residencia-medica\/programa-de-residencia-medica\/iamspe-residencia-medica\/\">Resid&ecirc;ncia M&eacute;dica IAMSPE 2022<\/a><\/li>\n<\/ul><\/p>\n","protected":false},"excerpt":{"rendered":"Se voc&ecirc; se interessa em ingressar em uma Resid&ecirc;ncia M&eacute;dica em S&atilde;o Paulo, ent&atilde;o conhe&ccedil;a o seletivo de&hellip;\n","protected":false},"author":39,"featured_media":47742,"comment_status":"closed","ping_status":"closed","sticky":false,"template":"","format":"standard","meta":{"wl_entities_gutenberg":"","footnotes":""},"categories":[24],"tags":[],"wl_entity_type":[199],"class_list":{"0":"post-68419","1":"post","2":"type-post","3":"status-publish","4":"format-standard","5":"has-post-thumbnail","7":"category-residencia-medica","8":"wl_entity_type-article"},"acf":[],"yoast_head":"<!-- This site is optimized with the Yoast SEO Premium plugin v26.6 (Yoast SEO v26.6) - https:\/\/yoast.com\/wordpress\/plugins\/seo\/ -->\n<title>Hospital Regional de Presidente Prudente: edital 2024! - Estrat\u00e9gia MED<\/title>\n<meta name=\"description\" content=\"Confira o edital 2024 para Resid\u00eancia M\u00e9dica do Hospital Regional de Presidente Prudente e saiba tudo sobre a prova com o Estrat\u00e9gia MED!\" \/>\n<meta name=\"robots\" content=\"index, follow, max-snippet:-1, max-image-preview:large, max-video-preview:-1\" \/>\n<link rel=\"canonical\" href=\"https:\/\/med.estrategia.com\/portal\/residencia-medica\/hospital-regional-de-presidente-prudente-2024-confira-tudo-sobre-a-edicao-finalizada\/\" \/>\n<meta property=\"og:locale\" content=\"pt_BR\" \/>\n<meta property=\"og:type\" content=\"article\" \/>\n<meta property=\"og:title\" content=\"Hospital Regional de Presidente Prudente 2024: confira tudo sobre a edi\u00e7\u00e3o finalizada\" \/>\n<meta property=\"og:description\" content=\"Confira o edital 2024 para Resid\u00eancia M\u00e9dica do Hospital Regional de Presidente Prudente e saiba tudo sobre a prova com o Estrat\u00e9gia MED!\" \/>\n<meta property=\"og:url\" content=\"https:\/\/med.estrategia.com\/portal\/residencia-medica\/hospital-regional-de-presidente-prudente-2024-confira-tudo-sobre-a-edicao-finalizada\/\" \/>\n<meta property=\"og:site_name\" content=\"Estrat\u00e9gia MED\" \/>\n<meta property=\"article:publisher\" content=\"https:\/\/www.facebook.com\/estrategiamed1\" \/>\n<meta property=\"article:published_time\" content=\"2022-08-23T21:50:00+00:00\" \/>\n<meta property=\"article:modified_time\" content=\"2024-08-23T21:53:01+00:00\" \/>\n<meta property=\"og:image\" content=\"https:\/\/med.estrategia.com\/portal\/wp-content\/uploads\/2023\/09\/hospital-regional-presidente-prudente.jpg\" \/>\n\t<meta property=\"og:image:width\" content=\"1200\" \/>\n\t<meta property=\"og:image:height\" content=\"800\" \/>\n\t<meta property=\"og:image:type\" content=\"image\/jpeg\" \/>\n<meta name=\"author\" content=\"Ana Carolina Damasceno\" \/>\n<meta name=\"twitter:card\" content=\"summary_large_image\" \/>\n<meta name=\"twitter:creator\" content=\"@estrategiamed_\" \/>\n<meta name=\"twitter:site\" content=\"@estrategiamed_\" \/>\n<meta name=\"twitter:label1\" content=\"Escrito por\" \/>\n\t<meta name=\"twitter:data1\" content=\"Ana Carolina Damasceno\" \/>\n\t<meta name=\"twitter:label2\" content=\"Est. tempo de leitura\" \/>\n\t<meta name=\"twitter:data2\" content=\"4 minutos\" \/>\n<script type=\"application\/ld+json\" class=\"yoast-schema-graph\">{\"@context\":\"https:\/\/schema.org\",\"@graph\":[{\"@type\":\"WebPage\",\"@id\":\"https:\/\/med.estrategia.com\/portal\/residencia-medica\/hospital-regional-de-presidente-prudente-2024-confira-tudo-sobre-a-edicao-finalizada\/\",\"url\":\"https:\/\/med.estrategia.com\/portal\/residencia-medica\/hospital-regional-de-presidente-prudente-2024-confira-tudo-sobre-a-edicao-finalizada\/\",\"name\":\"Hospital Regional de Presidente Prudente: edital 2024! - Estrat\u00e9gia MED\",\"isPartOf\":{\"@id\":\"https:\/\/med.estrategia.com\/portal\/#website\"},\"primaryImageOfPage\":{\"@id\":\"https:\/\/med.estrategia.com\/portal\/residencia-medica\/hospital-regional-de-presidente-prudente-2024-confira-tudo-sobre-a-edicao-finalizada\/#primaryimage\"},\"image\":{\"@id\":\"https:\/\/med.estrategia.com\/portal\/residencia-medica\/hospital-regional-de-presidente-prudente-2024-confira-tudo-sobre-a-edicao-finalizada\/#primaryimage\"},\"thumbnailUrl\":\"https:\/\/med.estrategia.com\/portal\/wp-content\/uploads\/2023\/09\/hospital-regional-presidente-prudente.jpg\",\"datePublished\":\"2022-08-23T21:50:00+00:00\",\"dateModified\":\"2024-08-23T21:53:01+00:00\",\"author\":{\"@id\":\"https:\/\/med.estrategia.com\/portal\/#\/schema\/person\/2f553adbb8e25fe39d145c5b2927f58c\"},\"description\":\"Confira o edital 2024 para Resid\u00eancia M\u00e9dica do Hospital Regional de Presidente Prudente e saiba tudo sobre a prova com o Estrat\u00e9gia MED!\",\"breadcrumb\":{\"@id\":\"https:\/\/med.estrategia.com\/portal\/residencia-medica\/hospital-regional-de-presidente-prudente-2024-confira-tudo-sobre-a-edicao-finalizada\/#breadcrumb\"},\"inLanguage\":\"pt-BR\",\"potentialAction\":[{\"@type\":\"ReadAction\",\"target\":[\"https:\/\/med.estrategia.com\/portal\/residencia-medica\/hospital-regional-de-presidente-prudente-2024-confira-tudo-sobre-a-edicao-finalizada\/\"]}]},{\"@type\":\"ImageObject\",\"inLanguage\":\"pt-BR\",\"@id\":\"https:\/\/med.estrategia.com\/portal\/residencia-medica\/hospital-regional-de-presidente-prudente-2024-confira-tudo-sobre-a-edicao-finalizada\/#primaryimage\",\"url\":\"https:\/\/med.estrategia.com\/portal\/wp-content\/uploads\/2023\/09\/hospital-regional-presidente-prudente.jpg\",\"contentUrl\":\"https:\/\/med.estrategia.com\/portal\/wp-content\/uploads\/2023\/09\/hospital-regional-presidente-prudente.jpg\",\"width\":1200,\"height\":800,\"caption\":\"Estrat\u00e9gia MED | Hospital Regional de Presidente Prudente\"},{\"@type\":\"BreadcrumbList\",\"@id\":\"https:\/\/med.estrategia.com\/portal\/residencia-medica\/hospital-regional-de-presidente-prudente-2024-confira-tudo-sobre-a-edicao-finalizada\/#breadcrumb\",\"itemListElement\":[{\"@type\":\"ListItem\",\"position\":1,\"name\":\"Home\",\"item\":\"https:\/\/med.estrategia.com\/portal\/\"},{\"@type\":\"ListItem\",\"position\":2,\"name\":\"Resid\u00eancia M\u00e9dica\",\"item\":\"https:\/\/med.estrategia.com\/portal\/residencia-medica\/\"},{\"@type\":\"ListItem\",\"position\":3,\"name\":\"Hospital Regional de Presidente Prudente 2024: confira tudo sobre a edi\u00e7\u00e3o finalizada\"}]},{\"@type\":\"WebSite\",\"@id\":\"https:\/\/med.estrategia.com\/portal\/#website\",\"url\":\"https:\/\/med.estrategia.com\/portal\/\",\"name\":\"Estrat\u00e9gia MED\",\"description\":\"\",\"potentialAction\":[{\"@type\":\"SearchAction\",\"target\":{\"@type\":\"EntryPoint\",\"urlTemplate\":\"https:\/\/med.estrategia.com\/portal\/?s={search_term_string}\"},\"query-input\":{\"@type\":\"PropertyValueSpecification\",\"valueRequired\":true,\"valueName\":\"search_term_string\"}}],\"inLanguage\":\"pt-BR\"},{\"@type\":\"Person\",\"@id\":\"https:\/\/med.estrategia.com\/portal\/#\/schema\/person\/2f553adbb8e25fe39d145c5b2927f58c\",\"name\":\"Ana Carolina Damasceno\",\"image\":{\"@type\":\"ImageObject\",\"inLanguage\":\"pt-BR\",\"@id\":\"https:\/\/med.estrategia.com\/portal\/#\/schema\/person\/image\/\",\"url\":\"https:\/\/med.estrategia.com\/portal\/wp-content\/uploads\/2021\/09\/WhatsApp-Image-2023-08-18-at-16.46.43-150x150.jpeg\",\"contentUrl\":\"https:\/\/med.estrategia.com\/portal\/wp-content\/uploads\/2021\/09\/WhatsApp-Image-2023-08-18-at-16.46.43-150x150.jpeg\",\"caption\":\"Ana Carolina Damasceno\"},\"description\":\"Coordenadora de Jornalismo EMED. Comunicadora por natureza e forma\u00e7\u00e3o, que ama e perde a no\u00e7\u00e3o do tempo com m\u00fasica e s\u00e9rie.\",\"url\":\"https:\/\/med.estrategia.com\/portal\/author\/ana-carolina-damasceno\/\"}]}<\/script>\n<!-- \/ Yoast SEO Premium plugin. -->","yoast_head_json":{"title":"Hospital Regional de Presidente Prudente: edital 2024! - Estrat\u00e9gia MED","description":"Confira o edital 2024 para Resid\u00eancia M\u00e9dica do Hospital Regional de Presidente Prudente e saiba tudo sobre a prova com o Estrat\u00e9gia MED!","robots":{"index":"index","follow":"follow","max-snippet":"max-snippet:-1","max-image-preview":"max-image-preview:large","max-video-preview":"max-video-preview:-1"},"canonical":"https:\/\/med.estrategia.com\/portal\/residencia-medica\/hospital-regional-de-presidente-prudente-2024-confira-tudo-sobre-a-edicao-finalizada\/","og_locale":"pt_BR","og_type":"article","og_title":"Hospital Regional de Presidente Prudente 2024: confira tudo sobre a edi\u00e7\u00e3o finalizada","og_description":"Confira o edital 2024 para Resid\u00eancia M\u00e9dica do Hospital Regional de Presidente Prudente e saiba tudo sobre a prova com o Estrat\u00e9gia MED!","og_url":"https:\/\/med.estrategia.com\/portal\/residencia-medica\/hospital-regional-de-presidente-prudente-2024-confira-tudo-sobre-a-edicao-finalizada\/","og_site_name":"Estrat\u00e9gia MED","article_publisher":"https:\/\/www.facebook.com\/estrategiamed1","article_published_time":"2022-08-23T21:50:00+00:00","article_modified_time":"2024-08-23T21:53:01+00:00","og_image":[{"width":1200,"height":800,"url":"https:\/\/med.estrategia.com\/portal\/wp-content\/uploads\/2023\/09\/hospital-regional-presidente-prudente.jpg","type":"image\/jpeg"}],"author":"Ana Carolina Damasceno","twitter_card":"summary_large_image","twitter_creator":"@estrategiamed_","twitter_site":"@estrategiamed_","twitter_misc":{"Escrito por":"Ana Carolina Damasceno","Est. tempo de leitura":"4 minutos"},"schema":{"@context":"https:\/\/schema.org","@graph":[{"@type":"WebPage","@id":"https:\/\/med.estrategia.com\/portal\/residencia-medica\/hospital-regional-de-presidente-prudente-2024-confira-tudo-sobre-a-edicao-finalizada\/","url":"https:\/\/med.estrategia.com\/portal\/residencia-medica\/hospital-regional-de-presidente-prudente-2024-confira-tudo-sobre-a-edicao-finalizada\/","name":"Hospital Regional de Presidente Prudente: edital 2024! - Estrat\u00e9gia MED","isPartOf":{"@id":"https:\/\/med.estrategia.com\/portal\/#website"},"primaryImageOfPage":{"@id":"https:\/\/med.estrategia.com\/portal\/residencia-medica\/hospital-regional-de-presidente-prudente-2024-confira-tudo-sobre-a-edicao-finalizada\/#primaryimage"},"image":{"@id":"https:\/\/med.estrategia.com\/portal\/residencia-medica\/hospital-regional-de-presidente-prudente-2024-confira-tudo-sobre-a-edicao-finalizada\/#primaryimage"},"thumbnailUrl":"https:\/\/med.estrategia.com\/portal\/wp-content\/uploads\/2023\/09\/hospital-regional-presidente-prudente.jpg","datePublished":"2022-08-23T21:50:00+00:00","dateModified":"2024-08-23T21:53:01+00:00","author":{"@id":"https:\/\/med.estrategia.com\/portal\/#\/schema\/person\/2f553adbb8e25fe39d145c5b2927f58c"},"description":"Confira o edital 2024 para Resid\u00eancia M\u00e9dica do Hospital Regional de Presidente Prudente e saiba tudo sobre a prova com o Estrat\u00e9gia MED!","breadcrumb":{"@id":"https:\/\/med.estrategia.com\/portal\/residencia-medica\/hospital-regional-de-presidente-prudente-2024-confira-tudo-sobre-a-edicao-finalizada\/#breadcrumb"},"inLanguage":"pt-BR","potentialAction":[{"@type":"ReadAction","target":["https:\/\/med.estrategia.com\/portal\/residencia-medica\/hospital-regional-de-presidente-prudente-2024-confira-tudo-sobre-a-edicao-finalizada\/"]}]},{"@type":"ImageObject","inLanguage":"pt-BR","@id":"https:\/\/med.estrategia.com\/portal\/residencia-medica\/hospital-regional-de-presidente-prudente-2024-confira-tudo-sobre-a-edicao-finalizada\/#primaryimage","url":"https:\/\/med.estrategia.com\/portal\/wp-content\/uploads\/2023\/09\/hospital-regional-presidente-prudente.jpg","contentUrl":"https:\/\/med.estrategia.com\/portal\/wp-content\/uploads\/2023\/09\/hospital-regional-presidente-prudente.jpg","width":1200,"height":800,"caption":"Estrat\u00e9gia MED | Hospital Regional de Presidente Prudente"},{"@type":"BreadcrumbList","@id":"https:\/\/med.estrategia.com\/portal\/residencia-medica\/hospital-regional-de-presidente-prudente-2024-confira-tudo-sobre-a-edicao-finalizada\/#breadcrumb","itemListElement":[{"@type":"ListItem","position":1,"name":"Home","item":"https:\/\/med.estrategia.com\/portal\/"},{"@type":"ListItem","position":2,"name":"Resid\u00eancia M\u00e9dica","item":"https:\/\/med.estrategia.com\/portal\/residencia-medica\/"},{"@type":"ListItem","position":3,"name":"Hospital Regional de Presidente Prudente 2024: confira tudo sobre a edi\u00e7\u00e3o finalizada"}]},{"@type":"WebSite","@id":"https:\/\/med.estrategia.com\/portal\/#website","url":"https:\/\/med.estrategia.com\/portal\/","name":"Estrat\u00e9gia MED","description":"","potentialAction":[{"@type":"SearchAction","target":{"@type":"EntryPoint","urlTemplate":"https:\/\/med.estrategia.com\/portal\/?s={search_term_string}"},"query-input":{"@type":"PropertyValueSpecification","valueRequired":true,"valueName":"search_term_string"}}],"inLanguage":"pt-BR"},{"@type":"Person","@id":"https:\/\/med.estrategia.com\/portal\/#\/schema\/person\/2f553adbb8e25fe39d145c5b2927f58c","name":"Ana Carolina Damasceno","image":{"@type":"ImageObject","inLanguage":"pt-BR","@id":"https:\/\/med.estrategia.com\/portal\/#\/schema\/person\/image\/","url":"https:\/\/med.estrategia.com\/portal\/wp-content\/uploads\/2021\/09\/WhatsApp-Image-2023-08-18-at-16.46.43-150x150.jpeg","contentUrl":"https:\/\/med.estrategia.com\/portal\/wp-content\/uploads\/2021\/09\/WhatsApp-Image-2023-08-18-at-16.46.43-150x150.jpeg","caption":"Ana Carolina Damasceno"},"description":"Coordenadora de Jornalismo EMED. Comunicadora por natureza e forma\u00e7\u00e3o, que ama e perde a no\u00e7\u00e3o do tempo com m\u00fasica e s\u00e9rie.","url":"https:\/\/med.estrategia.com\/portal\/author\/ana-carolina-damasceno\/"}]}},"_wl_alt_label":[],"wl:entity_url":"\/post\/hospital-regional-de-presidente-prudente-2024-confira-tudo-sobre-a-edicao-finalizada","_links":{"self":[{"href":"https:\/\/med.estrategia.com\/portal\/wp-json\/wp\/v2\/posts\/68419","targetHints":{"allow":["GET"]}}],"collection":[{"href":"https:\/\/med.estrategia.com\/portal\/wp-json\/wp\/v2\/posts"}],"about":[{"href":"https:\/\/med.estrategia.com\/portal\/wp-json\/wp\/v2\/types\/post"}],"author":[{"embeddable":true,"href":"https:\/\/med.estrategia.com\/portal\/wp-json\/wp\/v2\/users\/39"}],"replies":[{"embeddable":true,"href":"https:\/\/med.estrategia.com\/portal\/wp-json\/wp\/v2\/comments?post=68419"}],"version-history":[{"count":2,"href":"https:\/\/med.estrategia.com\/portal\/wp-json\/wp\/v2\/posts\/68419\/revisions"}],"predecessor-version":[{"id":68423,"href":"https:\/\/med.estrategia.com\/portal\/wp-json\/wp\/v2\/posts\/68419\/revisions\/68423"}],"wp:featuredmedia":[{"embeddable":true,"href":"https:\/\/med.estrategia.com\/portal\/wp-json\/wp\/v2\/media\/47742"}],"wp:attachment":[{"href":"https:\/\/med.estrategia.com\/portal\/wp-json\/wp\/v2\/media?parent=68419"}],"wp:term":[{"taxonomy":"category","embeddable":true,"href":"https:\/\/med.estrategia.com\/portal\/wp-json\/wp\/v2\/categories?post=68419"},{"taxonomy":"post_tag","embeddable":true,"href":"https:\/\/med.estrategia.com\/portal\/wp-json\/wp\/v2\/tags?post=68419"},{"taxonomy":"wl_entity_type","embeddable":true,"href":"https:\/\/med.estrategia.com\/portal\/wp-json\/wp\/v2\/wl_entity_type?post=68419"}],"curies":[{"name":"wp","href":"https:\/\/api.w.org\/{rel}","templated":true}]}}