{"id":68978,"date":"2024-08-30T16:15:09","date_gmt":"2024-08-30T19:15:09","guid":{"rendered":"https:\/\/med.estrategia.com\/portal\/?p=68978"},"modified":"2024-09-04T10:21:44","modified_gmt":"2024-09-04T13:21:44","slug":"resumo-sobre-doencas-degenerativas-definicao-principais-condicoes-e-mais","status":"publish","type":"post","link":"https:\/\/med.estrategia.com\/portal\/conteudos-gratis\/doencas\/resumo-sobre-doencas-degenerativas-definicao-principais-condicoes-e-mais\/","title":{"rendered":"Resumo sobre Doen\u00e7as Degenerativas: defini\u00e7\u00e3o, principais condi\u00e7\u00f5es e mais!"},"content":{"rendered":"<p>E a&iacute;, doc! Vamos falar sobre mais um assunto? Agora vamos comentar sobre os <strong>Doen&ccedil;as Degenerativas<\/strong>, patologias que, ao longo do tempo, v&atilde;o se estabelecendo.<p>O <strong>Estrat&eacute;gia MED<\/strong> est&aacute; prestes a introduzir um novo conceito valioso que ir&aacute; enriquecer seus conhecimentos e impulsionar seu crescimento profissional.&nbsp;Est&aacute; pronto? Vamos l&aacute;!<\/p><div id=\"ez-toc-container\" class=\"ez-toc-v2_0_79_2 counter-hierarchy ez-toc-counter ez-toc-transparent ez-toc-container-direction\">\n<div class=\"ez-toc-title-container\"><p class=\"ez-toc-title\" style=\"cursor:inherit\">Navegue pelo conte\u00fado<\/p>\n<\/div><nav><ul class='ez-toc-list ez-toc-list-level-1 ' ><li class='ez-toc-page-1 ez-toc-heading-level-2'><a class=\"ez-toc-link ez-toc-heading-1\" href=\"https:\/\/med.estrategia.com\/portal\/conteudos-gratis\/doencas\/resumo-sobre-doencas-degenerativas-definicao-principais-condicoes-e-mais\/#Definicao-de-Doencas-Degenerativas\" >Defini&ccedil;&atilde;o de Doen&ccedil;as Degenerativas<\/a><\/li><li class='ez-toc-page-1 ez-toc-heading-level-2'><a class=\"ez-toc-link ez-toc-heading-2\" href=\"https:\/\/med.estrategia.com\/portal\/conteudos-gratis\/doencas\/resumo-sobre-doencas-degenerativas-definicao-principais-condicoes-e-mais\/#Classificacao-das-Doencas-Degenerativas\" >Classifica&ccedil;&atilde;o das Doen&ccedil;as Degenerativas<\/a><\/li><li class='ez-toc-page-1 ez-toc-heading-level-2'><a class=\"ez-toc-link ez-toc-heading-3\" href=\"https:\/\/med.estrategia.com\/portal\/conteudos-gratis\/doencas\/resumo-sobre-doencas-degenerativas-definicao-principais-condicoes-e-mais\/#Principais-Doencas-Degenerativas\" >Principais Doen&ccedil;as Degenerativas<\/a><\/li><li class='ez-toc-page-1 ez-toc-heading-level-2'><a class=\"ez-toc-link ez-toc-heading-4\" href=\"https:\/\/med.estrategia.com\/portal\/conteudos-gratis\/doencas\/resumo-sobre-doencas-degenerativas-definicao-principais-condicoes-e-mais\/#Veja-tambem\" >Veja tamb&eacute;m!<\/a><\/li><li class='ez-toc-page-1 ez-toc-heading-level-2'><a class=\"ez-toc-link ez-toc-heading-5\" href=\"https:\/\/med.estrategia.com\/portal\/conteudos-gratis\/doencas\/resumo-sobre-doencas-degenerativas-definicao-principais-condicoes-e-mais\/#Referencias\" >Refer&ecirc;ncias<\/a><\/li><\/ul><\/nav><\/div>\n<h2 class=\"wp-block-heading\" id=\"h-definicao-de-doencas-degenerativas\"><span class=\"ez-toc-section\" id=\"Definicao-de-Doencas-Degenerativas\"><\/span>Defini&ccedil;&atilde;o de Doen&ccedil;as Degenerativas<span class=\"ez-toc-section-end\"><\/span><\/h2><p>As doen&ccedil;as degenerativas s&atilde;o condi&ccedil;&otilde;es cr&ocirc;nicas caracterizadas pela deteriora&ccedil;&atilde;o progressiva e irrevers&iacute;vel das c&eacute;lulas e tecidos do corpo. Elas podem afetar diversos sistemas, como a vis&atilde;o, os ossos, os tecidos musculares, os vasos sangu&iacute;neos, entre outros, resultando em uma perda gradual das fun&ccedil;&otilde;es corporais essenciais.&nbsp;<\/p><p>Essa deteriora&ccedil;&atilde;o cont&iacute;nua limita a capacidade de movimento, respira&ccedil;&atilde;o, racioc&iacute;nio e outras fun&ccedil;&otilde;es vitais, podendo levar &agrave; morte em casos mais graves.<\/p><p>A origem das doen&ccedil;as degenerativas est&aacute; associada a uma combina&ccedil;&atilde;o de fatores, incluindo predisposi&ccedil;&atilde;o gen&eacute;tica, influ&ecirc;ncias ambientais, h&aacute;bitos alimentares inadequados e estilo de vida sedent&aacute;rio.&nbsp;<\/p><p>At&eacute; o momento, n&atilde;o existe uma cura definitiva ou um tratamento capaz de reverter essas condi&ccedil;&otilde;es. No entanto, o uso de medicamentos e outras interven&ccedil;&otilde;es terap&ecirc;uticas pode aliviar os sintomas e melhorar a qualidade de vida dos pacientes.<\/p><p>O aumento da expectativa de vida da popula&ccedil;&atilde;o tem contribu&iacute;do para a crescente preval&ecirc;ncia dessas doen&ccedil;as, especialmente entre os idosos, que s&atilde;o mais suscet&iacute;veis a desenvolverem condi&ccedil;&otilde;es degenerativas.<\/p><p>\n\n\n\n<p>Cat\u00e1logo nomeado 'Resid&ecirc;ncia' n\u00e3o encontrado.<\/p>\n\n\n\n<\/p><h2 class=\"wp-block-heading\" id=\"h-classificacao-das-doencas-degenerativas\"><span class=\"ez-toc-section\" id=\"Classificacao-das-Doencas-Degenerativas\"><\/span>Classifica&ccedil;&atilde;o das Doen&ccedil;as Degenerativas<span class=\"ez-toc-section-end\"><\/span><\/h2><p>As doen&ccedil;as degenerativas podem ser classificadas de acordo com o tecido ou &oacute;rg&atilde;o predominantemente afetado, o que facilita a compreens&atilde;o dos seus impactos espec&iacute;ficos e o direcionamento do tratamento.&nbsp;<\/p><p><strong>Doen&ccedil;as neurodegenerativas:<\/strong> envolvem a perda progressiva de neur&ocirc;nios em v&aacute;rias &aacute;reas do sistema nervoso, como nas doen&ccedil;as de Alzheimer e Parkinson, que afetam as fun&ccedil;&otilde;es cognitivas e motoras.<\/p><p><strong>Doen&ccedil;as degenerativas musculoesquel&eacute;ticas:<\/strong> afetam articula&ccedil;&otilde;es, cartilagens e estruturas &oacute;sseas, resultando em condi&ccedil;&otilde;es como a osteoartrite, que causam dor, inflama&ccedil;&atilde;o, rigidez e perda de mobilidade.<\/p><p><strong>Doen&ccedil;as cardiovasculares degenerativas:<\/strong> caracterizam-se pelo ac&uacute;mulo progressivo de placas de ateroma nas art&eacute;rias, o que diminui o fluxo sangu&iacute;neo e aumenta o risco de infartos e acidentes vasculares cerebrais.<\/p><h2 class=\"wp-block-heading\" id=\"h-principais-doencas-degenerativas\"><span class=\"ez-toc-section\" id=\"Principais-Doencas-Degenerativas\"><\/span>Principais Doen&ccedil;as Degenerativas<span class=\"ez-toc-section-end\"><\/span><\/h2><p>As doen&ccedil;as degenerativas s&atilde;o um grupo de condi&ccedil;&otilde;es cr&ocirc;nicas que resultam na deteriora&ccedil;&atilde;o progressiva e irrevers&iacute;vel das c&eacute;lulas e tecidos do corpo, afetando diversas fun&ccedil;&otilde;es vitais e levando a um decl&iacute;nio gradual na qualidade de vida dos pacientes. Essas doen&ccedil;as podem impactar diferentes sistemas, como o nervoso, musculoesquel&eacute;tico e cardiovascular, sendo mais prevalentes &agrave; medida que a popula&ccedil;&atilde;o envelhece.<\/p><h3 class=\"wp-block-heading\" id=\"h-doenca-de-alzheimer\">Doen&ccedil;a de Alzheimer<\/h3><p>A Doen&ccedil;a de Alzheimer (DA) &eacute; uma condi&ccedil;&atilde;o neurodegenerativa progressiva, mais comum em pessoas com mais de 65 anos, embora possa ocorrer precocemente em alguns casos raros e familiares.&nbsp;<\/p><p>A DA de in&iacute;cio precoce, que afeta indiv&iacute;duos com menos de 65 anos, &eacute; incomum e, frequentemente, segue um padr&atilde;o de heran&ccedil;a autoss&ocirc;mico dominante. Com a idade, a incid&ecirc;ncia da doen&ccedil;a aumenta exponencialmente, tornando-se uma das principais causas de dem&ecirc;ncia em idosos.<\/p><p>Clinicamente, a DA se manifesta inicialmente com d&eacute;ficits cognitivos, sendo a perda de mem&oacute;ria recente o sintoma mais frequente e, geralmente, o primeiro a aparecer. Conforme a doen&ccedil;a progride, outros d&eacute;ficits cognitivos surgem, como a disfun&ccedil;&atilde;o executiva e habilidades visoespaciais prejudicadas.&nbsp;<\/p><p>Em est&aacute;gios mais avan&ccedil;ados, sintomas neuropsiqui&aacute;tricos e comportamentais, como mudan&ccedil;as de humor e comportamento, tornam-se comuns. Al&eacute;m disso, d&eacute;ficits neurol&oacute;gicos n&atilde;o cognitivos, como sinais motores e convuls&otilde;es, podem ocorrer nos est&aacute;gios finais da doen&ccedil;a.<\/p><p>A evolu&ccedil;&atilde;o da DA &eacute; progressiva e inevit&aacute;vel, com uma expectativa de vida m&eacute;dia de 8 a 10 anos ap&oacute;s o diagn&oacute;stico, embora essa varia&ccedil;&atilde;o possa ser de 3 a 20 anos. O diagn&oacute;stico &eacute; geralmente cl&iacute;nico, baseado na observa&ccedil;&atilde;o de decl&iacute;nios cognitivos progressivos, com testes neuropsicol&oacute;gicos e estudos de neuroimagem auxiliando na confirma&ccedil;&atilde;o e tratamento.<\/p><h3 class=\"wp-block-heading\" id=\"h-doenca-de-parkinson\">Doen&ccedil;a de Parkinson<\/h3><p>A Doen&ccedil;a de Parkinson (DP) &eacute; uma condi&ccedil;&atilde;o neurodegenerativa cr&ocirc;nica, caracterizada por seus sinais cardinais: tremor, bradicinesia e rigidez. O tremor, frequentemente descrito como &rdquo; rolamento de p&iacute;lula&rdquo;, &eacute; mais evidente quando o membro afetado est&aacute; em repouso.<\/p><p>A bradicinesia, ou lentid&atilde;o dos movimentos, geralmente se manifesta primeiro nas m&atilde;os e bra&ccedil;os, resultando em menor destreza manual, e nas pernas, levando a passos curtos e arrastados. A rigidez, por sua vez, &eacute; a resist&ecirc;ncia aumentada ao movimento passivo, podendo ter uma qualidade de &ldquo;roda dentada&rdquo; ou ser constante ao longo de toda a amplitude de movimento.<\/p><p>Al&eacute;m dessas caracter&iacute;sticas motoras principais, a DP tamb&eacute;m apresenta outras manifesta&ccedil;&otilde;es motoras, como express&atilde;o facial reduzida (hipomimia), postura encurvada e dificuldades na marcha, como passos curtos e congelamento dos movimentos. Essas altera&ccedil;&otilde;es contribuem para a crescente dificuldade de mobilidade nos pacientes.<\/p><p>Dist&uacute;rbios do humor, incluindo depress&atilde;o e ansiedade, s&atilde;o comuns, assim como dist&uacute;rbios do sono, como a s&iacute;ndrome das pernas inquietas e dist&uacute;rbio comportamental do sono REM. Outras manifesta&ccedil;&otilde;es incluem disfun&ccedil;&otilde;es auton&ocirc;micas, como problemas gastrointestinais e urin&aacute;rios, al&eacute;m de disfun&ccedil;&otilde;es olfativas e dor.&nbsp;<\/p><h3 class=\"wp-block-heading\" id=\"h-esclerose-multipla\">Esclerose m&uacute;ltipla<\/h3><p>A esclerose m&uacute;ltipla (EM) &eacute; uma doen&ccedil;a autoimune cr&ocirc;nica que afeta o sistema nervoso central, caracterizada por epis&oacute;dios distintos de disfun&ccedil;&atilde;o neurol&oacute;gica. A doen&ccedil;a geralmente se manifesta em adultos jovens, apresentando um ou mais epis&oacute;dios cl&iacute;nicos isolados de comprometimento neurol&oacute;gico, conhecidos como s&iacute;ndrome clinicamente isolada (CIS), que podem sugerir o in&iacute;cio da EM.&nbsp;<\/p><p>Esses epis&oacute;dios podem incluir sintomas como neurite &oacute;ptica unilateral, diplopia indolor, s&iacute;ndromes do tronco cerebral ou cerebelar, e mielite transversa parcial. Em alguns casos, antes dos sintomas t&iacute;picos da EM, podem ocorrer sinais cl&iacute;nicos inespec&iacute;ficos, um conceito conhecido como esclerose m&uacute;ltipla prodr&ocirc;mica.<\/p><p>A EM apresenta-se em diferentes fen&oacute;tipos, sendo os principais a forma recorrente-remitente e as formas progressivas. A esclerose m&uacute;ltipla recorrente-remitente &eacute; a mais comum, caracterizada por reca&iacute;das seguidas de recupera&ccedil;&atilde;o completa ou parcial, sem progress&atilde;o significativa entre os surtos.&nbsp;<\/p><p>A progress&atilde;o da incapacidade na EM varia amplamente entre os pacientes, com evid&ecirc;ncias sugerindo que a neurodegenera&ccedil;&atilde;o silenciosa, independente de surtos cl&iacute;nicos, &eacute; um dos principais fatores de progress&atilde;o da doen&ccedil;a. A previs&atilde;o dos desfechos na EM &eacute; desafiadora, sendo a transi&ccedil;&atilde;o para um curso progressivo um dos fatores progn&oacute;sticos mais desfavor&aacute;veis.<\/p><h3 class=\"wp-block-heading\" id=\"h-esclerose-lateral-amiotrofica-ela\">Esclerose Lateral Amiotr&oacute;fica (ELA)<\/h3><p>A esclerose lateral amiotr&oacute;fica (ELA) &eacute; uma doen&ccedil;a neurodegenerativa progressiva que afeta os neur&ocirc;nios motores superiores e inferiores, respons&aacute;veis pelo controle dos movimentos volunt&aacute;rios. Essa condi&ccedil;&atilde;o &eacute; caracterizada pela degenera&ccedil;&atilde;o dos neur&ocirc;nios motores no lobo frontal, trato corticoespinhal, tronco cerebral e medula espinhal.&nbsp;<\/p><p>Como resultado, os pacientes apresentam uma combina&ccedil;&atilde;o de sintomas que incluem fraqueza muscular, atrofia, fascicula&ccedil;&otilde;es e rigidez. A progress&atilde;o da ELA &eacute; geralmente linear, com os sintomas se espalhando das &aacute;reas iniciais afetadas para outras partes do corpo.<\/p><p>A ELA pode apresentar diferentes padr&otilde;es de evolu&ccedil;&atilde;o e inclui condi&ccedil;&otilde;es variantes como atrofia muscular progressiva, esclerose lateral prim&aacute;ria e paralisia bulbar progressiva. A fraqueza e atrofia musculares s&atilde;o sintomas predominantes, acompanhados de c&atilde;ibras e fascicula&ccedil;&otilde;es.&nbsp;<\/p><p>Al&eacute;m dos sintomas motores, muitos pacientes tamb&eacute;m desenvolvem comprometimento cognitivo, especialmente disfun&ccedil;&atilde;o executiva frontotemporal, que pode estar associada &agrave; dem&ecirc;ncia frontotemporal em uma parte significativa dos casos.<\/p><p>Com a progress&atilde;o da doen&ccedil;a, sintomas auton&ocirc;micos, como constipa&ccedil;&atilde;o e disfagia, podem surgir, agravando a condi&ccedil;&atilde;o do paciente. Em est&aacute;gios avan&ccedil;ados, a ELA leva a insufici&ecirc;ncia respirat&oacute;ria neuromuscular e disfagia grave, que s&atilde;o as principais causas de complica&ccedil;&otilde;es fatais.<\/p><h3 class=\"wp-block-heading\" id=\"h-osteoporose\">Osteoporose<\/h3><p>A osteoporose &eacute; uma doen&ccedil;a degenerativa que afeta a densidade &oacute;ssea, resultando em ossos mais fr&aacute;geis e propensos a fraturas. Essa condi&ccedil;&atilde;o se desenvolve de forma silenciosa e frequentemente s&oacute; &eacute; diagnosticada ap&oacute;s a ocorr&ecirc;ncia de uma fratura, que pode levar a complica&ccedil;&otilde;es graves como dor cr&ocirc;nica, deformidades, perda de altura e aumento da mortalidade. A degenera&ccedil;&atilde;o &oacute;ssea associada &agrave; osteoporose compromete a integridade estrutural dos ossos, tornando-os suscet&iacute;veis a fraturas mesmo com traumas m&iacute;nimos.<\/p><p>O diagn&oacute;stico de osteoporose &eacute; baseado na medi&ccedil;&atilde;o da densidade mineral &oacute;ssea (DMO), que deve ser comparada com a m&eacute;dia esperada para a idade. Em pessoas com hist&oacute;rico de fraturas por fragilidade ou fatores de risco significativos, como uso prolongado de medicamentos como glicocorticoides ou condi&ccedil;&otilde;es hormonais adversas, a DMO &eacute; avaliada para confirmar a presen&ccedil;a da doen&ccedil;a.&nbsp;<\/p><p>Al&eacute;m disso, a avalia&ccedil;&atilde;o inclui a exclus&atilde;o de causas secund&aacute;rias por meio de exames laboratoriais, como hemograma, perfil bioqu&iacute;mico, n&iacute;veis de vitamina D e testosterona, e medi&ccedil;&atilde;o da excre&ccedil;&atilde;o urin&aacute;ria de c&aacute;lcio.<\/p><p>Tanto homens quanto mulheres podem desenvolver osteoporose, embora a condi&ccedil;&atilde;o seja mais comum em mulheres, especialmente ap&oacute;s a menopausa, devido &agrave; queda nos n&iacute;veis de estrog&ecirc;nio, que &eacute; um horm&ocirc;nio que protege a densidade &oacute;ssea.<\/p><p>\n\n\n\n<p>Cat\u00e1logo nomeado 'Resid&ecirc;ncia' n\u00e3o encontrado.<\/p>\n\n\n\n<\/p><h2 class=\"wp-block-heading\" id=\"h-veja-tambem\"><span class=\"ez-toc-section\" id=\"Veja-tambem\"><\/span>Veja tamb&eacute;m!<span class=\"ez-toc-section-end\"><\/span><\/h2><ul class=\"wp-block-list\">\n<li><a href=\"https:\/\/med.estrategia.com\/portal\/conteudos-gratis\/resumo-sobre-a-amigdala-cerebral-anatomia-funcoes-e-mais\/\">Resumo sobre a am&iacute;gdala cerebral: anatomia, fun&ccedil;&otilde;es e mais!<\/a><\/li>\n\n\n\n<li><a href=\"https:\/\/med.estrategia.com\/portal\/conteudos-gratis\/resumo-sobre-ciclo-circadiano-fisiologia-alteracoes-e-mais\/\">Resumo sobre ciclo circadiano: fisiologia, altera&ccedil;&otilde;es e mais!<\/a>&nbsp;<\/li>\n\n\n\n<li><a href=\"https:\/\/med.estrategia.com\/portal\/conteudos-gratis\/doencas\/resumo-de-acromegalia-diagnostico-tratamento-e-mais\/\">Resumo de acromegalia: diagn&oacute;stico, tratamento e mais!<\/a><\/li>\n\n\n\n<li><a href=\"https:\/\/med.estrategia.com\/portal\/conteudos-gratis\/doencas\/resumo-de-compressao-medular-aguda-diagnostico-tratamento-e-mais\/\">Resumo de compress&atilde;o medular aguda: diagn&oacute;stico, tratamento e mais!<\/a><\/li>\n\n\n\n<li><a href=\"https:\/\/med.estrategia.com\/portal\/outros\/resumo-de-acetilcolina-metabolismo-importancia-clinica-e-mais\/\">Resumo de acetilcolina: metabolismo, import&acirc;ncia cl&iacute;nica e mais!<\/a>&nbsp;<\/li>\n\n\n\n<li><a href=\"https:\/\/med.estrategia.com\/portal\/outros\/caso-clinico-de-avc-hemorragico-como-identificar-tratamento-e-mais\/\">Caso Cl&iacute;nico de AVC Hemorr&aacute;gico: como identificar, tratamento e mais!<\/a><\/li>\n\n\n\n<li><a href=\"https:\/\/med.estrategia.com\/portal\/conteudos-gratis\/doencas\/resumo-sobre-disartria-o-que-e-classificacao-e-mais\/\">Resumo sobre Disartria: o que &eacute;, classifica&ccedil;&atilde;o e mais!<\/a><\/li>\n<\/ul><h2 class=\"wp-block-heading\" id=\"h-referencias\"><span class=\"ez-toc-section\" id=\"Referencias\"><\/span>Refer&ecirc;ncias<span class=\"ez-toc-section-end\"><\/span><\/h2><p>David A Wolk, MDBradford C Dickerson, MD. <strong>Clinical features and diagnosis of Alzheimer disease<\/strong>. UpToDate, 2021. Dispon&iacute;vel em: <a href=\"https:\/\/www.uptodate.com\/contents\/clinical-features-and-diagnosis-of-alzheimer-disease?search=alzheimer&amp;source=search_result&amp;selectedTitle=1%7E150&amp;usage_type=default&amp;display_rank=1\" target=\"_blank\" rel=\"noopener noreferrer\">UpToDate<\/a><\/p><p>Michael J Olek, DOJonathan Howard, MD. <strong>Clinical presentation, course, and prognosis of multiple sclerosis in adults<\/strong>. UpToDate, 2024. Dispon&iacute;vel em: <a href=\"https:\/\/www.uptodate.com\/contents\/clinical-presentation-course-and-prognosis-of-multiple-sclerosis-in-adults?search=esclerose%20m%C3%BAltipla&amp;source=search_result&amp;selectedTitle=2%7E150&amp;usage_type=default&amp;display_rank=2\" target=\"_blank\" rel=\"noopener noreferrer\">UpToDate<\/a><\/p><p>Kelvin L Chou, MD. <strong>Clinical manifestations of Parkinson disease<\/strong>. UpToDate, 2024. Dispon&iacute;vel em: <a href=\"https:\/\/www.uptodate.com\/contents\/clinical-manifestations-of-parkinson-disease?search=parkinson&amp;source=search_result&amp;selectedTitle=1%7E150&amp;usage_type=default&amp;display_rank=1\" target=\"_blank\" rel=\"noopener noreferrer\">UpToDate<\/a><\/p><\/p>\n","protected":false},"excerpt":{"rendered":"E a&iacute;, doc! Vamos falar sobre mais um assunto? Agora vamos comentar sobre os Doen&ccedil;as Degenerativas, patologias que,&hellip;\n","protected":false},"author":53,"featured_media":18079,"comment_status":"closed","ping_status":"closed","sticky":false,"template":"","format":"standard","meta":{"wl_entities_gutenberg":"","footnotes":""},"categories":[304],"tags":[58,46],"wl_entity_type":[199],"class_list":{"0":"post-68978","1":"post","2":"type-post","3":"status-publish","4":"format-standard","5":"has-post-thumbnail","7":"category-doencas","8":"tag-neurologia","9":"tag-ortopedia","10":"wl_entity_type-article"},"acf":[],"yoast_head":"<!-- This site is optimized with the Yoast SEO Premium plugin v26.6 (Yoast SEO v26.6) - https:\/\/yoast.com\/wordpress\/plugins\/seo\/ -->\n<title>Resumo sobre Doen\u00e7as Degenerativas: defini\u00e7\u00e3o, principais condi\u00e7\u00f5es e mais!<\/title>\n<meta name=\"description\" content=\"As doen\u00e7as degenerativas s\u00e3o condi\u00e7\u00f5es cr\u00f4nicas caracterizadas pela deteriora\u00e7\u00e3o progressiva e irrevers\u00edvel das c\u00e9lulas e tecidos do corpo.\" \/>\n<meta name=\"robots\" content=\"index, follow, max-snippet:-1, max-image-preview:large, max-video-preview:-1\" \/>\n<link rel=\"canonical\" href=\"https:\/\/med.estrategia.com\/portal\/conteudos-gratis\/doencas\/resumo-sobre-doencas-degenerativas-definicao-principais-condicoes-e-mais\/\" \/>\n<meta property=\"og:locale\" content=\"pt_BR\" \/>\n<meta property=\"og:type\" content=\"article\" \/>\n<meta property=\"og:title\" content=\"Resumo sobre Doen\u00e7as Degenerativas: defini\u00e7\u00e3o, principais condi\u00e7\u00f5es e mais!\" \/>\n<meta property=\"og:description\" content=\"As doen\u00e7as degenerativas s\u00e3o condi\u00e7\u00f5es cr\u00f4nicas caracterizadas pela deteriora\u00e7\u00e3o progressiva e irrevers\u00edvel das c\u00e9lulas e tecidos do corpo.\" \/>\n<meta property=\"og:url\" content=\"https:\/\/med.estrategia.com\/portal\/conteudos-gratis\/doencas\/resumo-sobre-doencas-degenerativas-definicao-principais-condicoes-e-mais\/\" \/>\n<meta property=\"og:site_name\" content=\"Estrat\u00e9gia MED\" \/>\n<meta property=\"article:publisher\" content=\"https:\/\/www.facebook.com\/estrategiamed1\" \/>\n<meta property=\"article:published_time\" content=\"2024-08-30T19:15:09+00:00\" \/>\n<meta property=\"article:modified_time\" content=\"2024-09-04T13:21:44+00:00\" \/>\n<meta property=\"og:image\" content=\"https:\/\/med.estrategia.com\/portal\/wp-content\/uploads\/2022\/02\/Dor-na-lombar-1.jpg\" \/>\n\t<meta property=\"og:image:width\" content=\"960\" \/>\n\t<meta property=\"og:image:height\" content=\"540\" \/>\n\t<meta property=\"og:image:type\" content=\"image\/jpeg\" \/>\n<meta name=\"author\" content=\"Laelson Junior\" \/>\n<meta name=\"twitter:card\" content=\"summary_large_image\" \/>\n<meta name=\"twitter:creator\" content=\"@estrategiamed_\" \/>\n<meta name=\"twitter:site\" content=\"@estrategiamed_\" \/>\n<meta name=\"twitter:label1\" content=\"Escrito por\" \/>\n\t<meta name=\"twitter:data1\" content=\"Laelson Junior\" \/>\n\t<meta name=\"twitter:label2\" content=\"Est. tempo de leitura\" \/>\n\t<meta name=\"twitter:data2\" content=\"9 minutos\" \/>\n<script type=\"application\/ld+json\" class=\"yoast-schema-graph\">{\"@context\":\"https:\/\/schema.org\",\"@graph\":[{\"@type\":\"WebPage\",\"@id\":\"https:\/\/med.estrategia.com\/portal\/conteudos-gratis\/doencas\/resumo-sobre-doencas-degenerativas-definicao-principais-condicoes-e-mais\/\",\"url\":\"https:\/\/med.estrategia.com\/portal\/conteudos-gratis\/doencas\/resumo-sobre-doencas-degenerativas-definicao-principais-condicoes-e-mais\/\",\"name\":\"Resumo sobre Doen\u00e7as Degenerativas: defini\u00e7\u00e3o, principais condi\u00e7\u00f5es e mais!\",\"isPartOf\":{\"@id\":\"https:\/\/med.estrategia.com\/portal\/#website\"},\"primaryImageOfPage\":{\"@id\":\"https:\/\/med.estrategia.com\/portal\/conteudos-gratis\/doencas\/resumo-sobre-doencas-degenerativas-definicao-principais-condicoes-e-mais\/#primaryimage\"},\"image\":{\"@id\":\"https:\/\/med.estrategia.com\/portal\/conteudos-gratis\/doencas\/resumo-sobre-doencas-degenerativas-definicao-principais-condicoes-e-mais\/#primaryimage\"},\"thumbnailUrl\":\"https:\/\/med.estrategia.com\/portal\/wp-content\/uploads\/2022\/02\/Dor-na-lombar-1.jpg\",\"datePublished\":\"2024-08-30T19:15:09+00:00\",\"dateModified\":\"2024-09-04T13:21:44+00:00\",\"author\":{\"@id\":\"https:\/\/med.estrategia.com\/portal\/#\/schema\/person\/d67a9b23b48ad79833939ef92444e548\"},\"description\":\"As doen\u00e7as degenerativas s\u00e3o condi\u00e7\u00f5es cr\u00f4nicas caracterizadas pela deteriora\u00e7\u00e3o progressiva e irrevers\u00edvel das c\u00e9lulas e tecidos do corpo.\",\"breadcrumb\":{\"@id\":\"https:\/\/med.estrategia.com\/portal\/conteudos-gratis\/doencas\/resumo-sobre-doencas-degenerativas-definicao-principais-condicoes-e-mais\/#breadcrumb\"},\"inLanguage\":\"pt-BR\",\"potentialAction\":[{\"@type\":\"ReadAction\",\"target\":[\"https:\/\/med.estrategia.com\/portal\/conteudos-gratis\/doencas\/resumo-sobre-doencas-degenerativas-definicao-principais-condicoes-e-mais\/\"]}]},{\"@type\":\"ImageObject\",\"inLanguage\":\"pt-BR\",\"@id\":\"https:\/\/med.estrategia.com\/portal\/conteudos-gratis\/doencas\/resumo-sobre-doencas-degenerativas-definicao-principais-condicoes-e-mais\/#primaryimage\",\"url\":\"https:\/\/med.estrategia.com\/portal\/wp-content\/uploads\/2022\/02\/Dor-na-lombar-1.jpg\",\"contentUrl\":\"https:\/\/med.estrategia.com\/portal\/wp-content\/uploads\/2022\/02\/Dor-na-lombar-1.jpg\",\"width\":960,\"height\":540,\"caption\":\"Fonte: FreePik\"},{\"@type\":\"BreadcrumbList\",\"@id\":\"https:\/\/med.estrategia.com\/portal\/conteudos-gratis\/doencas\/resumo-sobre-doencas-degenerativas-definicao-principais-condicoes-e-mais\/#breadcrumb\",\"itemListElement\":[{\"@type\":\"ListItem\",\"position\":1,\"name\":\"Home\",\"item\":\"https:\/\/med.estrategia.com\/portal\/\"},{\"@type\":\"ListItem\",\"position\":2,\"name\":\"Conte\u00fados Gr\u00e1tis\",\"item\":\"https:\/\/med.estrategia.com\/portal\/conteudos-gratis\/\"},{\"@type\":\"ListItem\",\"position\":3,\"name\":\"Doen\u00e7as\",\"item\":\"https:\/\/med.estrategia.com\/portal\/conteudos-gratis\/doencas\/\"},{\"@type\":\"ListItem\",\"position\":4,\"name\":\"Resumo sobre Doen\u00e7as Degenerativas: defini\u00e7\u00e3o, principais condi\u00e7\u00f5es e mais!\"}]},{\"@type\":\"WebSite\",\"@id\":\"https:\/\/med.estrategia.com\/portal\/#website\",\"url\":\"https:\/\/med.estrategia.com\/portal\/\",\"name\":\"Estrat\u00e9gia MED\",\"description\":\"\",\"potentialAction\":[{\"@type\":\"SearchAction\",\"target\":{\"@type\":\"EntryPoint\",\"urlTemplate\":\"https:\/\/med.estrategia.com\/portal\/?s={search_term_string}\"},\"query-input\":{\"@type\":\"PropertyValueSpecification\",\"valueRequired\":true,\"valueName\":\"search_term_string\"}}],\"inLanguage\":\"pt-BR\"},{\"@type\":\"Person\",\"@id\":\"https:\/\/med.estrategia.com\/portal\/#\/schema\/person\/d67a9b23b48ad79833939ef92444e548\",\"name\":\"Laelson Junior\",\"image\":{\"@type\":\"ImageObject\",\"inLanguage\":\"pt-BR\",\"@id\":\"https:\/\/med.estrategia.com\/portal\/#\/schema\/person\/image\/\",\"url\":\"https:\/\/med.estrategia.com\/portal\/wp-content\/uploads\/2025\/08\/HE4_3032-150x150.jpg\",\"contentUrl\":\"https:\/\/med.estrategia.com\/portal\/wp-content\/uploads\/2025\/08\/HE4_3032-150x150.jpg\",\"caption\":\"Laelson Junior\"},\"description\":\"Estudante de medicina, sergipano morando na Bahia, crist\u00e3o, cin\u00e9filo. Atualmente estou no 11\u00b0 semestre e cada vez mais me surpreendo e admiro o mundo da medicina. Gosto de pegar uma praia sempre e estar em contato com a natureza.\",\"sameAs\":[\"http:\/\/estrategia.com\"],\"url\":\"https:\/\/med.estrategia.com\/portal\/author\/laelson-junior\/\"}]}<\/script>\n<!-- \/ Yoast SEO Premium plugin. -->","yoast_head_json":{"title":"Resumo sobre Doen\u00e7as Degenerativas: defini\u00e7\u00e3o, principais condi\u00e7\u00f5es e mais!","description":"As doen\u00e7as degenerativas s\u00e3o condi\u00e7\u00f5es cr\u00f4nicas caracterizadas pela deteriora\u00e7\u00e3o progressiva e irrevers\u00edvel das c\u00e9lulas e tecidos do corpo.","robots":{"index":"index","follow":"follow","max-snippet":"max-snippet:-1","max-image-preview":"max-image-preview:large","max-video-preview":"max-video-preview:-1"},"canonical":"https:\/\/med.estrategia.com\/portal\/conteudos-gratis\/doencas\/resumo-sobre-doencas-degenerativas-definicao-principais-condicoes-e-mais\/","og_locale":"pt_BR","og_type":"article","og_title":"Resumo sobre Doen\u00e7as Degenerativas: defini\u00e7\u00e3o, principais condi\u00e7\u00f5es e mais!","og_description":"As doen\u00e7as degenerativas s\u00e3o condi\u00e7\u00f5es cr\u00f4nicas caracterizadas pela deteriora\u00e7\u00e3o progressiva e irrevers\u00edvel das c\u00e9lulas e tecidos do corpo.","og_url":"https:\/\/med.estrategia.com\/portal\/conteudos-gratis\/doencas\/resumo-sobre-doencas-degenerativas-definicao-principais-condicoes-e-mais\/","og_site_name":"Estrat\u00e9gia MED","article_publisher":"https:\/\/www.facebook.com\/estrategiamed1","article_published_time":"2024-08-30T19:15:09+00:00","article_modified_time":"2024-09-04T13:21:44+00:00","og_image":[{"width":960,"height":540,"url":"https:\/\/med.estrategia.com\/portal\/wp-content\/uploads\/2022\/02\/Dor-na-lombar-1.jpg","type":"image\/jpeg"}],"author":"Laelson Junior","twitter_card":"summary_large_image","twitter_creator":"@estrategiamed_","twitter_site":"@estrategiamed_","twitter_misc":{"Escrito por":"Laelson Junior","Est. tempo de leitura":"9 minutos"},"schema":{"@context":"https:\/\/schema.org","@graph":[{"@type":"WebPage","@id":"https:\/\/med.estrategia.com\/portal\/conteudos-gratis\/doencas\/resumo-sobre-doencas-degenerativas-definicao-principais-condicoes-e-mais\/","url":"https:\/\/med.estrategia.com\/portal\/conteudos-gratis\/doencas\/resumo-sobre-doencas-degenerativas-definicao-principais-condicoes-e-mais\/","name":"Resumo sobre Doen\u00e7as Degenerativas: defini\u00e7\u00e3o, principais condi\u00e7\u00f5es e mais!","isPartOf":{"@id":"https:\/\/med.estrategia.com\/portal\/#website"},"primaryImageOfPage":{"@id":"https:\/\/med.estrategia.com\/portal\/conteudos-gratis\/doencas\/resumo-sobre-doencas-degenerativas-definicao-principais-condicoes-e-mais\/#primaryimage"},"image":{"@id":"https:\/\/med.estrategia.com\/portal\/conteudos-gratis\/doencas\/resumo-sobre-doencas-degenerativas-definicao-principais-condicoes-e-mais\/#primaryimage"},"thumbnailUrl":"https:\/\/med.estrategia.com\/portal\/wp-content\/uploads\/2022\/02\/Dor-na-lombar-1.jpg","datePublished":"2024-08-30T19:15:09+00:00","dateModified":"2024-09-04T13:21:44+00:00","author":{"@id":"https:\/\/med.estrategia.com\/portal\/#\/schema\/person\/d67a9b23b48ad79833939ef92444e548"},"description":"As doen\u00e7as degenerativas s\u00e3o condi\u00e7\u00f5es cr\u00f4nicas caracterizadas pela deteriora\u00e7\u00e3o progressiva e irrevers\u00edvel das c\u00e9lulas e tecidos do corpo.","breadcrumb":{"@id":"https:\/\/med.estrategia.com\/portal\/conteudos-gratis\/doencas\/resumo-sobre-doencas-degenerativas-definicao-principais-condicoes-e-mais\/#breadcrumb"},"inLanguage":"pt-BR","potentialAction":[{"@type":"ReadAction","target":["https:\/\/med.estrategia.com\/portal\/conteudos-gratis\/doencas\/resumo-sobre-doencas-degenerativas-definicao-principais-condicoes-e-mais\/"]}]},{"@type":"ImageObject","inLanguage":"pt-BR","@id":"https:\/\/med.estrategia.com\/portal\/conteudos-gratis\/doencas\/resumo-sobre-doencas-degenerativas-definicao-principais-condicoes-e-mais\/#primaryimage","url":"https:\/\/med.estrategia.com\/portal\/wp-content\/uploads\/2022\/02\/Dor-na-lombar-1.jpg","contentUrl":"https:\/\/med.estrategia.com\/portal\/wp-content\/uploads\/2022\/02\/Dor-na-lombar-1.jpg","width":960,"height":540,"caption":"Fonte: FreePik"},{"@type":"BreadcrumbList","@id":"https:\/\/med.estrategia.com\/portal\/conteudos-gratis\/doencas\/resumo-sobre-doencas-degenerativas-definicao-principais-condicoes-e-mais\/#breadcrumb","itemListElement":[{"@type":"ListItem","position":1,"name":"Home","item":"https:\/\/med.estrategia.com\/portal\/"},{"@type":"ListItem","position":2,"name":"Conte\u00fados Gr\u00e1tis","item":"https:\/\/med.estrategia.com\/portal\/conteudos-gratis\/"},{"@type":"ListItem","position":3,"name":"Doen\u00e7as","item":"https:\/\/med.estrategia.com\/portal\/conteudos-gratis\/doencas\/"},{"@type":"ListItem","position":4,"name":"Resumo sobre Doen\u00e7as Degenerativas: defini\u00e7\u00e3o, principais condi\u00e7\u00f5es e mais!"}]},{"@type":"WebSite","@id":"https:\/\/med.estrategia.com\/portal\/#website","url":"https:\/\/med.estrategia.com\/portal\/","name":"Estrat\u00e9gia MED","description":"","potentialAction":[{"@type":"SearchAction","target":{"@type":"EntryPoint","urlTemplate":"https:\/\/med.estrategia.com\/portal\/?s={search_term_string}"},"query-input":{"@type":"PropertyValueSpecification","valueRequired":true,"valueName":"search_term_string"}}],"inLanguage":"pt-BR"},{"@type":"Person","@id":"https:\/\/med.estrategia.com\/portal\/#\/schema\/person\/d67a9b23b48ad79833939ef92444e548","name":"Laelson Junior","image":{"@type":"ImageObject","inLanguage":"pt-BR","@id":"https:\/\/med.estrategia.com\/portal\/#\/schema\/person\/image\/","url":"https:\/\/med.estrategia.com\/portal\/wp-content\/uploads\/2025\/08\/HE4_3032-150x150.jpg","contentUrl":"https:\/\/med.estrategia.com\/portal\/wp-content\/uploads\/2025\/08\/HE4_3032-150x150.jpg","caption":"Laelson Junior"},"description":"Estudante de medicina, sergipano morando na Bahia, crist\u00e3o, cin\u00e9filo. Atualmente estou no 11\u00b0 semestre e cada vez mais me surpreendo e admiro o mundo da medicina. Gosto de pegar uma praia sempre e estar em contato com a natureza.","sameAs":["http:\/\/estrategia.com"],"url":"https:\/\/med.estrategia.com\/portal\/author\/laelson-junior\/"}]}},"_wl_alt_label":[],"wl:entity_url":"\/post\/resumo-sobre-doencas-degenerativas-definicao-principais-condicoes-e-mais","_links":{"self":[{"href":"https:\/\/med.estrategia.com\/portal\/wp-json\/wp\/v2\/posts\/68978","targetHints":{"allow":["GET"]}}],"collection":[{"href":"https:\/\/med.estrategia.com\/portal\/wp-json\/wp\/v2\/posts"}],"about":[{"href":"https:\/\/med.estrategia.com\/portal\/wp-json\/wp\/v2\/types\/post"}],"author":[{"embeddable":true,"href":"https:\/\/med.estrategia.com\/portal\/wp-json\/wp\/v2\/users\/53"}],"replies":[{"embeddable":true,"href":"https:\/\/med.estrategia.com\/portal\/wp-json\/wp\/v2\/comments?post=68978"}],"version-history":[{"count":3,"href":"https:\/\/med.estrategia.com\/portal\/wp-json\/wp\/v2\/posts\/68978\/revisions"}],"predecessor-version":[{"id":69302,"href":"https:\/\/med.estrategia.com\/portal\/wp-json\/wp\/v2\/posts\/68978\/revisions\/69302"}],"wp:featuredmedia":[{"embeddable":true,"href":"https:\/\/med.estrategia.com\/portal\/wp-json\/wp\/v2\/media\/18079"}],"wp:attachment":[{"href":"https:\/\/med.estrategia.com\/portal\/wp-json\/wp\/v2\/media?parent=68978"}],"wp:term":[{"taxonomy":"category","embeddable":true,"href":"https:\/\/med.estrategia.com\/portal\/wp-json\/wp\/v2\/categories?post=68978"},{"taxonomy":"post_tag","embeddable":true,"href":"https:\/\/med.estrategia.com\/portal\/wp-json\/wp\/v2\/tags?post=68978"},{"taxonomy":"wl_entity_type","embeddable":true,"href":"https:\/\/med.estrategia.com\/portal\/wp-json\/wp\/v2\/wl_entity_type?post=68978"}],"curies":[{"name":"wp","href":"https:\/\/api.w.org\/{rel}","templated":true}]}}