{"id":69069,"date":"2024-09-02T11:59:48","date_gmt":"2024-09-02T14:59:48","guid":{"rendered":"https:\/\/med.estrategia.com\/portal\/?p=69069"},"modified":"2024-09-02T12:05:17","modified_gmt":"2024-09-02T15:05:17","slug":"cfm-estabelece-novas-regras-para-relacao-entre-medicos-e-industrias-farmaceuticas","status":"publish","type":"post","link":"https:\/\/med.estrategia.com\/portal\/noticias\/cfm-estabelece-novas-regras-para-relacao-entre-medicos-e-industrias-farmaceuticas\/","title":{"rendered":"CFM estabelece novas regras para rela\u00e7\u00e3o entre m\u00e9dicos e ind\u00fastrias farmac\u00eauticas"},"content":{"rendered":"<p>A <strong>Resolu&ccedil;&atilde;o n&ordm; 2.386\/2024<\/strong>, publicada no <strong>Di&aacute;rio Oficial da Uni&atilde;o<\/strong> nesta segunda-feira (2), estabelece um marco regulat&oacute;rio nas rela&ccedil;&otilde;es entre m&eacute;dicos e ind&uacute;strias farmac&ecirc;uticas, de insumos e de equipamentos m&eacute;dicos. Aprovada em reuni&atilde;o plen&aacute;ria do <a href=\"https:\/\/portal.cfm.org.br\/\" target=\"_blank\">Conselho Federal de Medicina (CFM)<\/a> no dia 21 de agosto de 2024, a resolu&ccedil;&atilde;o visa <strong>aumentar a transpar&ecirc;ncia<\/strong> e <strong>prevenir conflitos de interesse<\/strong>, garantindo que as pr&aacute;ticas m&eacute;dicas no Brasil sejam conduzidas de acordo com padr&otilde;es &eacute;ticos e legais. Confira a resolu&ccedil;&atilde;o na &iacute;ntegra clicando no bot&atilde;o abaixo:<div class=\"wp-block-buttons is-content-justification-center is-layout-flex wp-container-core-buttons-is-layout-1 wp-block-buttons-is-layout-flex\">\n<div class=\"wp-block-button\"><a class=\"wp-block-button__link wp-element-button\" href=\"https:\/\/med.estrategia.com\/portal\/wp-content\/uploads\/2024\/09\/RESOLUCAO-CFM-No-2.386-DE-21-DE-AGOSTO-DE-2024-RESOLUCAO-CFM-No-2.386-DE-21-DE-AGOSTO-DE-2024-DOU-Imprensa-Nacional.pdf\" target=\"_blank\">Resolu&ccedil;&atilde;o n&ordm; 2.386\/2024<\/a><\/div>\n<\/div><p>\n\n\n<div id=\"new-form\">\n\t<form id=\"forms_layout\">\n\t<input type=\"hidden\" id=\"chave_de\" name=\"chave_de\" value=\"01_EMED_LEADS_TOTAIS\" \/>\n\t\t<input type=\"hidden\" id=\"mid\" name=\"mid\" value=\"515009018\" \/>\n\t\t<input type=\"hidden\" id=\"Objetivo\" name=\"Objetivo\" value=\"Medicina\" \/>\n\t\t<input type=\"hidden\" id=\"Estado_de_Origem_do_IP\" name=\"Estado_de_Origem_do_IP\"  value=\"\" \/>\n\t\t<input type=\"hidden\" id=\"Cidade_de_Origem_do_IP\" name=\"Cidade_de_Origem_do_IP\" value=\"\" \/>\n\t\t<input type=\"hidden\" id=\"Modo_de_entrada\" name=\"Modo_de_entrada\" value=\"Portal\" \/>\n\t\t<input type=\"hidden\" id=\"Pagina_Origem\" name=\"Pagina_Origem\" value=\"\" \/>\n\n\t\t<div class=\"texto\">\n\t\t\t<div id=\"ez-toc-container\" class=\"ez-toc-v2_0_79_2 counter-hierarchy ez-toc-counter ez-toc-transparent ez-toc-container-direction\">\n<div class=\"ez-toc-title-container\"><p class=\"ez-toc-title\" style=\"cursor:inherit\">Navegue pelo conte\u00fado<\/p>\n<\/div><nav><ul class='ez-toc-list ez-toc-list-level-1 ' ><ul class='ez-toc-list-level-3' ><li class='ez-toc-heading-level-3'><a class=\"ez-toc-link ez-toc-heading-1\" href=\"https:\/\/med.estrategia.com\/portal\/noticias\/cfm-estabelece-novas-regras-para-relacao-entre-medicos-e-industrias-farmaceuticas\/#Inscreva-se-em-nossa-newsletter\" >Inscreva-se em nossa newsletter!<\/a><\/li><\/ul><\/li><li class='ez-toc-page-1 ez-toc-heading-level-2'><a class=\"ez-toc-link ez-toc-heading-2\" href=\"https:\/\/med.estrategia.com\/portal\/noticias\/cfm-estabelece-novas-regras-para-relacao-entre-medicos-e-industrias-farmaceuticas\/#Transparencia-e-declaracao-de-vinculos\" >Transpar&ecirc;ncia e declara&ccedil;&atilde;o de v&iacute;nculos<\/a><\/li><li class='ez-toc-page-1 ez-toc-heading-level-2'><a class=\"ez-toc-link ez-toc-heading-3\" href=\"https:\/\/med.estrategia.com\/portal\/noticias\/cfm-estabelece-novas-regras-para-relacao-entre-medicos-e-industrias-farmaceuticas\/#Definicao-de-vinculos-e-restricoes\" >Defini&ccedil;&atilde;o de v&iacute;nculos e restri&ccedil;&otilde;es<\/a><\/li><li class='ez-toc-page-1 ez-toc-heading-level-2'><a class=\"ez-toc-link ez-toc-heading-4\" href=\"https:\/\/med.estrategia.com\/portal\/noticias\/cfm-estabelece-novas-regras-para-relacao-entre-medicos-e-industrias-farmaceuticas\/#Vedacao-de-beneficios-nao-regulamentados\" >Veda&ccedil;&atilde;o de benef&iacute;cios n&atilde;o regulamentados<\/a><\/li><li class='ez-toc-page-1 ez-toc-heading-level-2'><a class=\"ez-toc-link ez-toc-heading-5\" href=\"https:\/\/med.estrategia.com\/portal\/noticias\/cfm-estabelece-novas-regras-para-relacao-entre-medicos-e-industrias-farmaceuticas\/#Declaracao-em-entrevistas-e-eventos\" >Declara&ccedil;&atilde;o em entrevistas e eventos<\/a><\/li><\/ul><\/nav><\/div>\n<h3 class=\"news\"><span class=\"ez-toc-section\" id=\"Inscreva-se-em-nossa-newsletter\"><\/span>Inscreva-se em nossa newsletter!<span class=\"ez-toc-section-end\"><\/span><\/h3>\n\t\t\t<p>Receba not\u00edcias sobre resid\u00eancia m\u00e9dica, revalida\u00e7\u00e3o de diplomas e concursos m\u00e9dicos, al\u00e9m de materiais de estudo gratuitos e informa\u00e7\u00f5es relevantes do mundo da Medicina.<\/p>\n\t\t<\/div>\n\t\t<div class=\"campos\">\n\t\t\t<div class=\"first_name labels\">\n\t\t\t\t<input type=\"text\" class=\"input_labels\" id=\"first_name\" name=\"Nome_Completo\" placeholder=\"Nome\" required \/>\n\t\t\t<\/div>\n\t\t\t<div class=\"email labels\">\n\t\t\t\t<input type=\"email\" class=\"input_labels\" id=\"email\" name=\"Email\" placeholder=\"E-mail\" required \/>\n\t\t\t<\/div>\n\t\t\t<button type=\"submit\" class=\"button_layout\">\n\t\t\t\t<div id=\"lblBotao\">Inscreva-se<\/div>\n\t\t\t\t<span id=\"divSpiner\" class=\"loader\" role=\"status\" style=\"display: none;\"><\/span>\t\n\t\t\t<\/button>\n\t\t<\/div><!-- \/campos -->\n\t\t\n\t\t<label class=\"container_checkbox\">Voc\u00ea concorda com a nossa\n\t\t\t<a class=\"politics_privacy_ahref\" target=\"_blank\" href=\"https:\/\/gratis.estrategiaconcursos.com.br\/politica-de-privacidade\/\">Pol\u00edtica de Privacidade<\/a> e aceita receber informa\u00e7\u00f5es adicionais do Estrat\u00e9gia Educacional.\n\t\t\t<input id=\"checkbox_layout\" type=\"checkbox\" checked=\"checked\" required \/>\n\t\t\t<span class=\"checkbox\"><\/span>\n\t\t<\/label>\n\t\t<div id=\"msg\"><\/div>\n\t\t<div id=\"error\" class=\"error\">\n\t\t<\/div>\n\t<\/form>\n<\/div><!-- \/new-form -->\n\n\n\n<\/p><h2 class=\"wp-block-heading\" id=\"h-transparencia-e-declaracao-de-vinculos\"><span class=\"ez-toc-section\" id=\"Transparencia-e-declaracao-de-vinculos\"><\/span>Transpar&ecirc;ncia e declara&ccedil;&atilde;o de v&iacute;nculos<span class=\"ez-toc-section-end\"><\/span><\/h2><p>Uma das principais quest&otilde;es trazidas pela resolu&ccedil;&atilde;o &eacute; a exig&ecirc;ncia de que todos os m&eacute;dicos que mantenham qualquer tipo de v&iacute;nculo com ind&uacute;strias da &aacute;rea da sa&uacute;de <strong>declarem esses relacionamentos<\/strong>. Isso inclui contratos formais de trabalho, consultorias, participa&ccedil;&atilde;o em pesquisas e atua&ccedil;&atilde;o como palestrantes remunerados. Essas informa&ccedil;&otilde;es devem ser registradas na plataforma <strong>CRM-Virtual<\/strong> do <strong>Conselho Regional de Medicina (CRM)<\/strong> em que o m&eacute;dico est&aacute; inscrito. Ap&oacute;s a declara&ccedil;&atilde;o, os conflitos de interesse ser&atilde;o publicados em uma plataforma espec&iacute;fica do CFM, acess&iacute;vel ao p&uacute;blico.<\/p><h2 class=\"wp-block-heading\" id=\"h-definicao-de-vinculos-e-restricoes\"><span class=\"ez-toc-section\" id=\"Definicao-de-vinculos-e-restricoes\"><\/span>Defini&ccedil;&atilde;o de v&iacute;nculos e restri&ccedil;&otilde;es<span class=\"ez-toc-section-end\"><\/span><\/h2><p>A resolu&ccedil;&atilde;o define o v&iacute;nculo de um m&eacute;dico com uma ind&uacute;stria como <strong>qualquer forma de contrata&ccedil;&atilde;o formal ou presta&ccedil;&atilde;o de servi&ccedil;os ocasionais e\/ou remunerados<\/strong>, incluindo pesquisa e desenvolvimento de produtos m&eacute;dicos. Al&eacute;m disso, tamb&eacute;m s&atilde;o considerados v&iacute;nculos a atua&ccedil;&atilde;o quando:<\/p><ul class=\"wp-block-list\">\n<li>Contratado formalmente para desenvolver ocupa&ccedil;&atilde;o ligada &agrave;s empresas cujo fim est&aacute; listado no art. 2&ordm;;<\/li>\n\n\n\n<li>Preste servi&ccedil;o ocasional e\/ou remunerado;<\/li>\n\n\n\n<li>Realize ou participe de pesquisa, de desenvolvimento de f&aacute;rmacos, materiais, produtos ou equipamentos de uso m&eacute;dico exclusivo ou compartilhado;<\/li>\n\n\n\n<li>Seja convidado ou contratado mediante remunera&ccedil;&atilde;o para fazer sua divulga&ccedil;&atilde;o;<\/li>\n\n\n\n<li>Membro da Comiss&atilde;o Nacional de Incorpora&ccedil;&atilde;o de Tecnologias no Sistema &Uacute;nico de Sa&uacute;de (Conitec) e de conselhos deliberativos similares como Ag&ecirc;ncia Nacional de Sa&uacute;de Suplementar (ANS), Ag&ecirc;ncia Nacional de Vigil&acirc;ncia Sanit&aacute;ria (Anvisa) e outros;<\/li>\n\n\n\n<li>Palestrante (speaker).<\/li>\n<\/ul><h2 class=\"wp-block-heading\" id=\"h-vedacao-de-beneficios-nao-regulamentados\"><span class=\"ez-toc-section\" id=\"Vedacao-de-beneficios-nao-regulamentados\"><\/span>Veda&ccedil;&atilde;o de benef&iacute;cios n&atilde;o regulamentados<span class=\"ez-toc-section-end\"><\/span><\/h2><p>A nova normativa <strong>pro&iacute;be expressamente o recebimento de benef&iacute;cios relacionados a medicamentos<\/strong>, &oacute;rteses, pr&oacute;teses, materiais especiais e equipamentos hospitalares que n&atilde;o possuam registro na Anvisa, exceto em <strong>casos de protocolos de pesquisa<\/strong> aprovados pelos Comit&ecirc;s de &Eacute;tica em Pesquisa. Qualquer benef&iacute;cio recebido deve ser informado no prazo de at&eacute; 60 dias.<\/p><h2 class=\"wp-block-heading\" id=\"h-declaracao-em-entrevistas-e-eventos\"><span class=\"ez-toc-section\" id=\"Declaracao-em-entrevistas-e-eventos\"><\/span>Declara&ccedil;&atilde;o em entrevistas e eventos<span class=\"ez-toc-section-end\"><\/span><\/h2><p>Outro ponto importante &eacute; a obrigatoriedade de m&eacute;dicos <strong>declararem seus conflitos de interesse em entrevistas<\/strong>, debates, exposi&ccedil;&otilde;es p&uacute;blicas e eventos m&eacute;dicos. A resolu&ccedil;&atilde;o, no entanto, <strong>exclui a obrigatoriedade<\/strong> da declara&ccedil;&atilde;o de rendimentos provenientes de investimentos em a&ccedil;&otilde;es ou cotas de participa&ccedil;&atilde;o, al&eacute;m de amostras gr&aacute;tis de medicamentos e benef&iacute;cios recebidos por sociedades cient&iacute;ficas e entidades m&eacute;dicas.<\/p><p>Se voc&ecirc; quer ficar por dentro de mais conte&uacute;dos relevantes sobre a &aacute;rea m&eacute;dica, continue acompanhando o material preparado pelo <a href=\"https:\/\/med.estrategia.com\/portal\/\" target=\"_blank\">Portal de Not&iacute;cias do Estrat&eacute;gia MED<\/a>. Aqui, voc&ecirc; encontrar&aacute; informa&ccedil;&otilde;es atualizadas sobre resid&ecirc;ncias, carreira m&eacute;dica e muito mais.<\/p><p>\n\n\n\n\n\n<a id=\"cta\" class=\"cta-imagem\" href=\"https:\/\/med.estrategia.com\/curso\/banco-de-questes-resumos-estrategicos-anual\/\" target=\"blank\">\n                <img decoding=\"async\" width=\"100%\" src=\"https:\/\/med.estrategia.com\/portal\/wp-content\/uploads\/2025\/08\/banco_questoes.png\" alt=\"banco_questoes\" title=\"banco_questoes\">\n        <\/a>\n<\/p><\/p>\n","protected":false},"excerpt":{"rendered":"A nova resolu\u00e7\u00e3o exige que m\u00e9dicos declarem qualquer v\u00ednculo com ind\u00fastrias da sa\u00fade\n","protected":false},"author":52,"featured_media":69074,"comment_status":"closed","ping_status":"closed","sticky":false,"template":"","format":"standard","meta":{"wl_entities_gutenberg":"","footnotes":""},"categories":[300],"tags":[481],"wl_entity_type":[199],"class_list":{"0":"post-69069","1":"post","2":"type-post","3":"status-publish","4":"format-standard","5":"has-post-thumbnail","7":"category-noticias","8":"tag-cfm","9":"wl_entity_type-article"},"acf":[],"yoast_head":"<!-- This site is optimized with the Yoast SEO Premium plugin v26.6 (Yoast SEO v26.6) - https:\/\/yoast.com\/wordpress\/plugins\/seo\/ -->\n<title>CFM estabelece novas regras para rela\u00e7\u00e3o entre m\u00e9dicos e ind\u00fastrias farmac\u00eauticas<\/title>\n<meta name=\"description\" content=\"A Resolu\u00e7\u00e3o n\u00ba 2.386\/2024, publicada no Di\u00e1rio Oficial da Uni\u00e3o nesta segunda-feira (2), estabelece um marco regulat\u00f3rio nas rela\u00e7\u00f5es entre m\u00e9dicos e ind\u00fastrias farmac\u00eauticas, de insumos e de equipamentos m\u00e9dicos.\" \/>\n<meta name=\"robots\" content=\"index, follow, max-snippet:-1, max-image-preview:large, max-video-preview:-1\" \/>\n<link rel=\"canonical\" href=\"https:\/\/med.estrategia.com\/portal\/noticias\/cfm-estabelece-novas-regras-para-relacao-entre-medicos-e-industrias-farmaceuticas\/\" \/>\n<meta property=\"og:locale\" content=\"pt_BR\" \/>\n<meta property=\"og:type\" content=\"article\" \/>\n<meta property=\"og:title\" content=\"CFM estabelece novas regras para rela\u00e7\u00e3o entre m\u00e9dicos e ind\u00fastrias farmac\u00eauticas\" \/>\n<meta property=\"og:description\" content=\"A Resolu\u00e7\u00e3o n\u00ba 2.386\/2024, publicada no Di\u00e1rio Oficial da Uni\u00e3o nesta segunda-feira (2), estabelece um marco regulat\u00f3rio nas rela\u00e7\u00f5es entre m\u00e9dicos e ind\u00fastrias farmac\u00eauticas, de insumos e de equipamentos m\u00e9dicos.\" \/>\n<meta property=\"og:url\" content=\"https:\/\/med.estrategia.com\/portal\/noticias\/cfm-estabelece-novas-regras-para-relacao-entre-medicos-e-industrias-farmaceuticas\/\" \/>\n<meta property=\"og:site_name\" content=\"Estrat\u00e9gia MED\" \/>\n<meta property=\"article:publisher\" content=\"https:\/\/www.facebook.com\/estrategiamed1\" \/>\n<meta property=\"article:published_time\" content=\"2024-09-02T14:59:48+00:00\" \/>\n<meta property=\"article:modified_time\" content=\"2024-09-02T15:05:17+00:00\" \/>\n<meta property=\"og:image\" content=\"https:\/\/med.estrategia.com\/portal\/wp-content\/uploads\/2024\/09\/cfm-estabelece-regras-medicos-farmaceuticas.jpg\" \/>\n\t<meta property=\"og:image:width\" content=\"981\" \/>\n\t<meta property=\"og:image:height\" content=\"514\" \/>\n\t<meta property=\"og:image:type\" content=\"image\/jpeg\" \/>\n<meta name=\"author\" content=\"Arion Wolff\" \/>\n<meta name=\"twitter:card\" content=\"summary_large_image\" \/>\n<meta name=\"twitter:creator\" content=\"@estrategiamed_\" \/>\n<meta name=\"twitter:site\" content=\"@estrategiamed_\" \/>\n<meta name=\"twitter:label1\" content=\"Escrito por\" \/>\n\t<meta name=\"twitter:data1\" content=\"Arion Wolff\" \/>\n\t<meta name=\"twitter:label2\" content=\"Est. tempo de leitura\" \/>\n\t<meta name=\"twitter:data2\" content=\"3 minutos\" \/>\n<script type=\"application\/ld+json\" class=\"yoast-schema-graph\">{\"@context\":\"https:\/\/schema.org\",\"@graph\":[{\"@type\":\"WebPage\",\"@id\":\"https:\/\/med.estrategia.com\/portal\/noticias\/cfm-estabelece-novas-regras-para-relacao-entre-medicos-e-industrias-farmaceuticas\/\",\"url\":\"https:\/\/med.estrategia.com\/portal\/noticias\/cfm-estabelece-novas-regras-para-relacao-entre-medicos-e-industrias-farmaceuticas\/\",\"name\":\"CFM estabelece novas regras para rela\u00e7\u00e3o entre m\u00e9dicos e ind\u00fastrias farmac\u00eauticas\",\"isPartOf\":{\"@id\":\"https:\/\/med.estrategia.com\/portal\/#website\"},\"primaryImageOfPage\":{\"@id\":\"https:\/\/med.estrategia.com\/portal\/noticias\/cfm-estabelece-novas-regras-para-relacao-entre-medicos-e-industrias-farmaceuticas\/#primaryimage\"},\"image\":{\"@id\":\"https:\/\/med.estrategia.com\/portal\/noticias\/cfm-estabelece-novas-regras-para-relacao-entre-medicos-e-industrias-farmaceuticas\/#primaryimage\"},\"thumbnailUrl\":\"https:\/\/med.estrategia.com\/portal\/wp-content\/uploads\/2024\/09\/cfm-estabelece-regras-medicos-farmaceuticas.jpg\",\"datePublished\":\"2024-09-02T14:59:48+00:00\",\"dateModified\":\"2024-09-02T15:05:17+00:00\",\"author\":{\"@id\":\"https:\/\/med.estrategia.com\/portal\/#\/schema\/person\/b6aba49604868a427dd15c3b1fc6a8bc\"},\"description\":\"A Resolu\u00e7\u00e3o n\u00ba 2.386\/2024, publicada no Di\u00e1rio Oficial da Uni\u00e3o nesta segunda-feira (2), estabelece um marco regulat\u00f3rio nas rela\u00e7\u00f5es entre m\u00e9dicos e ind\u00fastrias farmac\u00eauticas, de insumos e de equipamentos m\u00e9dicos.\",\"breadcrumb\":{\"@id\":\"https:\/\/med.estrategia.com\/portal\/noticias\/cfm-estabelece-novas-regras-para-relacao-entre-medicos-e-industrias-farmaceuticas\/#breadcrumb\"},\"inLanguage\":\"pt-BR\",\"potentialAction\":[{\"@type\":\"ReadAction\",\"target\":[\"https:\/\/med.estrategia.com\/portal\/noticias\/cfm-estabelece-novas-regras-para-relacao-entre-medicos-e-industrias-farmaceuticas\/\"]}]},{\"@type\":\"ImageObject\",\"inLanguage\":\"pt-BR\",\"@id\":\"https:\/\/med.estrategia.com\/portal\/noticias\/cfm-estabelece-novas-regras-para-relacao-entre-medicos-e-industrias-farmaceuticas\/#primaryimage\",\"url\":\"https:\/\/med.estrategia.com\/portal\/wp-content\/uploads\/2024\/09\/cfm-estabelece-regras-medicos-farmaceuticas.jpg\",\"contentUrl\":\"https:\/\/med.estrategia.com\/portal\/wp-content\/uploads\/2024\/09\/cfm-estabelece-regras-medicos-farmaceuticas.jpg\",\"width\":981,\"height\":514,\"caption\":\"Estrat\u00e9gia Med | Foto: Conselho Federal de Medicina\"},{\"@type\":\"BreadcrumbList\",\"@id\":\"https:\/\/med.estrategia.com\/portal\/noticias\/cfm-estabelece-novas-regras-para-relacao-entre-medicos-e-industrias-farmaceuticas\/#breadcrumb\",\"itemListElement\":[{\"@type\":\"ListItem\",\"position\":1,\"name\":\"Home\",\"item\":\"https:\/\/med.estrategia.com\/portal\/\"},{\"@type\":\"ListItem\",\"position\":2,\"name\":\"Not\u00edcias\",\"item\":\"https:\/\/med.estrategia.com\/portal\/noticias\/\"},{\"@type\":\"ListItem\",\"position\":3,\"name\":\"CFM estabelece novas regras para rela\u00e7\u00e3o entre m\u00e9dicos e ind\u00fastrias farmac\u00eauticas\"}]},{\"@type\":\"WebSite\",\"@id\":\"https:\/\/med.estrategia.com\/portal\/#website\",\"url\":\"https:\/\/med.estrategia.com\/portal\/\",\"name\":\"Estrat\u00e9gia MED\",\"description\":\"\",\"potentialAction\":[{\"@type\":\"SearchAction\",\"target\":{\"@type\":\"EntryPoint\",\"urlTemplate\":\"https:\/\/med.estrategia.com\/portal\/?s={search_term_string}\"},\"query-input\":{\"@type\":\"PropertyValueSpecification\",\"valueRequired\":true,\"valueName\":\"search_term_string\"}}],\"inLanguage\":\"pt-BR\"},{\"@type\":\"Person\",\"@id\":\"https:\/\/med.estrategia.com\/portal\/#\/schema\/person\/b6aba49604868a427dd15c3b1fc6a8bc\",\"name\":\"Arion Wolff\",\"image\":{\"@type\":\"ImageObject\",\"inLanguage\":\"pt-BR\",\"@id\":\"https:\/\/med.estrategia.com\/portal\/#\/schema\/person\/image\/\",\"url\":\"https:\/\/med.estrategia.com\/portal\/wp-content\/uploads\/2023\/12\/arion-wolff-estrategia-med-150x150.jpg\",\"contentUrl\":\"https:\/\/med.estrategia.com\/portal\/wp-content\/uploads\/2023\/12\/arion-wolff-estrategia-med-150x150.jpg\",\"caption\":\"Arion Wolff\"},\"description\":\"Jornalista formado pela UNIFATEC e p\u00f3s-graduado em Jornalismo Digital pela UNINTER. Escrevo sobre medicina, resid\u00eancia m\u00e9dica e sa\u00fade. Entusiasta de filmes, livros, bons dramas e romances gen\u00e9ricos.\",\"sameAs\":[\"http:\/\/med.estrategia.com\"],\"url\":\"https:\/\/med.estrategia.com\/portal\/author\/arion-santos\/\"}]}<\/script>\n<!-- \/ Yoast SEO Premium plugin. -->","yoast_head_json":{"title":"CFM estabelece novas regras para rela\u00e7\u00e3o entre m\u00e9dicos e ind\u00fastrias farmac\u00eauticas","description":"A Resolu\u00e7\u00e3o n\u00ba 2.386\/2024, publicada no Di\u00e1rio Oficial da Uni\u00e3o nesta segunda-feira (2), estabelece um marco regulat\u00f3rio nas rela\u00e7\u00f5es entre m\u00e9dicos e ind\u00fastrias farmac\u00eauticas, de insumos e de equipamentos m\u00e9dicos.","robots":{"index":"index","follow":"follow","max-snippet":"max-snippet:-1","max-image-preview":"max-image-preview:large","max-video-preview":"max-video-preview:-1"},"canonical":"https:\/\/med.estrategia.com\/portal\/noticias\/cfm-estabelece-novas-regras-para-relacao-entre-medicos-e-industrias-farmaceuticas\/","og_locale":"pt_BR","og_type":"article","og_title":"CFM estabelece novas regras para rela\u00e7\u00e3o entre m\u00e9dicos e ind\u00fastrias farmac\u00eauticas","og_description":"A Resolu\u00e7\u00e3o n\u00ba 2.386\/2024, publicada no Di\u00e1rio Oficial da Uni\u00e3o nesta segunda-feira (2), estabelece um marco regulat\u00f3rio nas rela\u00e7\u00f5es entre m\u00e9dicos e ind\u00fastrias farmac\u00eauticas, de insumos e de equipamentos m\u00e9dicos.","og_url":"https:\/\/med.estrategia.com\/portal\/noticias\/cfm-estabelece-novas-regras-para-relacao-entre-medicos-e-industrias-farmaceuticas\/","og_site_name":"Estrat\u00e9gia MED","article_publisher":"https:\/\/www.facebook.com\/estrategiamed1","article_published_time":"2024-09-02T14:59:48+00:00","article_modified_time":"2024-09-02T15:05:17+00:00","og_image":[{"width":981,"height":514,"url":"https:\/\/med.estrategia.com\/portal\/wp-content\/uploads\/2024\/09\/cfm-estabelece-regras-medicos-farmaceuticas.jpg","type":"image\/jpeg"}],"author":"Arion Wolff","twitter_card":"summary_large_image","twitter_creator":"@estrategiamed_","twitter_site":"@estrategiamed_","twitter_misc":{"Escrito por":"Arion Wolff","Est. tempo de leitura":"3 minutos"},"schema":{"@context":"https:\/\/schema.org","@graph":[{"@type":"WebPage","@id":"https:\/\/med.estrategia.com\/portal\/noticias\/cfm-estabelece-novas-regras-para-relacao-entre-medicos-e-industrias-farmaceuticas\/","url":"https:\/\/med.estrategia.com\/portal\/noticias\/cfm-estabelece-novas-regras-para-relacao-entre-medicos-e-industrias-farmaceuticas\/","name":"CFM estabelece novas regras para rela\u00e7\u00e3o entre m\u00e9dicos e ind\u00fastrias farmac\u00eauticas","isPartOf":{"@id":"https:\/\/med.estrategia.com\/portal\/#website"},"primaryImageOfPage":{"@id":"https:\/\/med.estrategia.com\/portal\/noticias\/cfm-estabelece-novas-regras-para-relacao-entre-medicos-e-industrias-farmaceuticas\/#primaryimage"},"image":{"@id":"https:\/\/med.estrategia.com\/portal\/noticias\/cfm-estabelece-novas-regras-para-relacao-entre-medicos-e-industrias-farmaceuticas\/#primaryimage"},"thumbnailUrl":"https:\/\/med.estrategia.com\/portal\/wp-content\/uploads\/2024\/09\/cfm-estabelece-regras-medicos-farmaceuticas.jpg","datePublished":"2024-09-02T14:59:48+00:00","dateModified":"2024-09-02T15:05:17+00:00","author":{"@id":"https:\/\/med.estrategia.com\/portal\/#\/schema\/person\/b6aba49604868a427dd15c3b1fc6a8bc"},"description":"A Resolu\u00e7\u00e3o n\u00ba 2.386\/2024, publicada no Di\u00e1rio Oficial da Uni\u00e3o nesta segunda-feira (2), estabelece um marco regulat\u00f3rio nas rela\u00e7\u00f5es entre m\u00e9dicos e ind\u00fastrias farmac\u00eauticas, de insumos e de equipamentos m\u00e9dicos.","breadcrumb":{"@id":"https:\/\/med.estrategia.com\/portal\/noticias\/cfm-estabelece-novas-regras-para-relacao-entre-medicos-e-industrias-farmaceuticas\/#breadcrumb"},"inLanguage":"pt-BR","potentialAction":[{"@type":"ReadAction","target":["https:\/\/med.estrategia.com\/portal\/noticias\/cfm-estabelece-novas-regras-para-relacao-entre-medicos-e-industrias-farmaceuticas\/"]}]},{"@type":"ImageObject","inLanguage":"pt-BR","@id":"https:\/\/med.estrategia.com\/portal\/noticias\/cfm-estabelece-novas-regras-para-relacao-entre-medicos-e-industrias-farmaceuticas\/#primaryimage","url":"https:\/\/med.estrategia.com\/portal\/wp-content\/uploads\/2024\/09\/cfm-estabelece-regras-medicos-farmaceuticas.jpg","contentUrl":"https:\/\/med.estrategia.com\/portal\/wp-content\/uploads\/2024\/09\/cfm-estabelece-regras-medicos-farmaceuticas.jpg","width":981,"height":514,"caption":"Estrat\u00e9gia Med | Foto: Conselho Federal de Medicina"},{"@type":"BreadcrumbList","@id":"https:\/\/med.estrategia.com\/portal\/noticias\/cfm-estabelece-novas-regras-para-relacao-entre-medicos-e-industrias-farmaceuticas\/#breadcrumb","itemListElement":[{"@type":"ListItem","position":1,"name":"Home","item":"https:\/\/med.estrategia.com\/portal\/"},{"@type":"ListItem","position":2,"name":"Not\u00edcias","item":"https:\/\/med.estrategia.com\/portal\/noticias\/"},{"@type":"ListItem","position":3,"name":"CFM estabelece novas regras para rela\u00e7\u00e3o entre m\u00e9dicos e ind\u00fastrias farmac\u00eauticas"}]},{"@type":"WebSite","@id":"https:\/\/med.estrategia.com\/portal\/#website","url":"https:\/\/med.estrategia.com\/portal\/","name":"Estrat\u00e9gia MED","description":"","potentialAction":[{"@type":"SearchAction","target":{"@type":"EntryPoint","urlTemplate":"https:\/\/med.estrategia.com\/portal\/?s={search_term_string}"},"query-input":{"@type":"PropertyValueSpecification","valueRequired":true,"valueName":"search_term_string"}}],"inLanguage":"pt-BR"},{"@type":"Person","@id":"https:\/\/med.estrategia.com\/portal\/#\/schema\/person\/b6aba49604868a427dd15c3b1fc6a8bc","name":"Arion Wolff","image":{"@type":"ImageObject","inLanguage":"pt-BR","@id":"https:\/\/med.estrategia.com\/portal\/#\/schema\/person\/image\/","url":"https:\/\/med.estrategia.com\/portal\/wp-content\/uploads\/2023\/12\/arion-wolff-estrategia-med-150x150.jpg","contentUrl":"https:\/\/med.estrategia.com\/portal\/wp-content\/uploads\/2023\/12\/arion-wolff-estrategia-med-150x150.jpg","caption":"Arion Wolff"},"description":"Jornalista formado pela UNIFATEC e p\u00f3s-graduado em Jornalismo Digital pela UNINTER. Escrevo sobre medicina, resid\u00eancia m\u00e9dica e sa\u00fade. Entusiasta de filmes, livros, bons dramas e romances gen\u00e9ricos.","sameAs":["http:\/\/med.estrategia.com"],"url":"https:\/\/med.estrategia.com\/portal\/author\/arion-santos\/"}]}},"_wl_alt_label":[],"wl:entity_url":"\/post\/cfm-estabelece-novas-regras-para-relacao-entre-medicos-e-industrias-farmaceuticas","_links":{"self":[{"href":"https:\/\/med.estrategia.com\/portal\/wp-json\/wp\/v2\/posts\/69069","targetHints":{"allow":["GET"]}}],"collection":[{"href":"https:\/\/med.estrategia.com\/portal\/wp-json\/wp\/v2\/posts"}],"about":[{"href":"https:\/\/med.estrategia.com\/portal\/wp-json\/wp\/v2\/types\/post"}],"author":[{"embeddable":true,"href":"https:\/\/med.estrategia.com\/portal\/wp-json\/wp\/v2\/users\/52"}],"replies":[{"embeddable":true,"href":"https:\/\/med.estrategia.com\/portal\/wp-json\/wp\/v2\/comments?post=69069"}],"version-history":[{"count":5,"href":"https:\/\/med.estrategia.com\/portal\/wp-json\/wp\/v2\/posts\/69069\/revisions"}],"predecessor-version":[{"id":69081,"href":"https:\/\/med.estrategia.com\/portal\/wp-json\/wp\/v2\/posts\/69069\/revisions\/69081"}],"wp:featuredmedia":[{"embeddable":true,"href":"https:\/\/med.estrategia.com\/portal\/wp-json\/wp\/v2\/media\/69074"}],"wp:attachment":[{"href":"https:\/\/med.estrategia.com\/portal\/wp-json\/wp\/v2\/media?parent=69069"}],"wp:term":[{"taxonomy":"category","embeddable":true,"href":"https:\/\/med.estrategia.com\/portal\/wp-json\/wp\/v2\/categories?post=69069"},{"taxonomy":"post_tag","embeddable":true,"href":"https:\/\/med.estrategia.com\/portal\/wp-json\/wp\/v2\/tags?post=69069"},{"taxonomy":"wl_entity_type","embeddable":true,"href":"https:\/\/med.estrategia.com\/portal\/wp-json\/wp\/v2\/wl_entity_type?post=69069"}],"curies":[{"name":"wp","href":"https:\/\/api.w.org\/{rel}","templated":true}]}}