{"id":69309,"date":"2024-09-04T11:49:38","date_gmt":"2024-09-04T14:49:38","guid":{"rendered":"https:\/\/med.estrategia.com\/portal\/?p=69309"},"modified":"2024-09-04T11:50:51","modified_gmt":"2024-09-04T14:50:51","slug":"edital-do-concurso-stj-e-retificado-e-salario-inicial-sera-de-r139-mil","status":"publish","type":"post","link":"https:\/\/med.estrategia.com\/portal\/concursos\/edital-do-concurso-stj-e-retificado-e-salario-inicial-sera-de-r139-mil\/","title":{"rendered":"Edital do Concurso STJ \u00e9 retificado e sal\u00e1rio inicial passa a ser de R$13,9 mil"},"content":{"rendered":"<p>O <strong>Superior Tribunal de Justi&ccedil;a (STJ)<\/strong> divulgou nesta quarta-feira, 04 de setembro, a <strong>retifica&ccedil;&atilde;o da remunera&ccedil;&atilde;o de todos os cargos, <\/strong>divulgados por meio do item 2 do Edital n.&ordm; 1 &ndash; STJ<strong>. O sal&aacute;rio inicial para analista judici&aacute;rio <\/strong>em diversas &aacute;reas, incluindo para m&eacute;dicos, <strong>passa a ser de R$13.994,78.<\/strong>&nbsp;<p>Com a retifica&ccedil;&atilde;o, tamb&eacute;m foram ajustados o quadro de vagas, alguns subitens e o conte&uacute;do de avalia&ccedil;&atilde;o de conhecimentos b&aacute;sicos na &aacute;rea de Inform&aacute;tica. Os demais itens do edital permanecem inalterados.<\/p><div class=\"wp-block-buttons is-content-justification-center is-layout-flex wp-container-core-buttons-is-layout-1 wp-block-buttons-is-layout-flex\">\n<div class=\"wp-block-button\"><a class=\"wp-block-button__link wp-element-button\" href=\"https:\/\/med.estrategia.com\/portal\/wp-content\/uploads\/2024\/09\/EDITAL-No-2-STJ-DE-3-DE-AGOSTO-DE-2024-EDITAL-No-2-STJ-DE-3-DE-AGOSTO-DE-2024-DOU-Imprensa-Nacional.pdf\" target=\"_blank\">CONCURSO STJ &ndash; RETIFICA&Ccedil;&Atilde;O<\/a><\/div>\n<\/div><p>Sob responsabilidade do Centro Brasileiro de Pesquisa em Avalia&ccedil;&atilde;o e Sele&ccedil;&atilde;o e de Promo&ccedil;&atilde;o de Eventos (<a href=\"https:\/\/www.cebraspe.org.br\/concursos\/STJ_24\" target=\"_blank\">Cebraspe<\/a>), o certame ser&aacute; composto por <strong>duas avalia&ccedil;&otilde;es de car&aacute;ter eliminat&oacute;rio e classificat&oacute;rio<\/strong> para todos os cargos: <strong>prova objetivas e prova discursiva<\/strong>, previstas para o dia 1&ordm; de dezembro de 2024. Interessados ter&atilde;o <strong>entre os dias 30 de agosto e 20 de setembro<\/strong> deste ano para garantir sua participa&ccedil;&atilde;o.<\/p><div id=\"ez-toc-container\" class=\"ez-toc-v2_0_79_2 counter-hierarchy ez-toc-counter ez-toc-transparent ez-toc-container-direction\">\n<div class=\"ez-toc-title-container\"><p class=\"ez-toc-title\" style=\"cursor:inherit\">Navegue pelo conte\u00fado<\/p>\n<\/div><nav><ul class='ez-toc-list ez-toc-list-level-1 ' ><li class='ez-toc-page-1 ez-toc-heading-level-2'><a class=\"ez-toc-link ez-toc-heading-1\" href=\"https:\/\/med.estrategia.com\/portal\/concursos\/edital-do-concurso-stj-e-retificado-e-salario-inicial-sera-de-r139-mil\/#Resumo-Edital-STJ-2024\" >Resumo Edital STJ 2024<\/a><\/li><li class='ez-toc-page-1 ez-toc-heading-level-2'><a class=\"ez-toc-link ez-toc-heading-2\" href=\"https:\/\/med.estrategia.com\/portal\/concursos\/edital-do-concurso-stj-e-retificado-e-salario-inicial-sera-de-r139-mil\/#Estrategia-MED-tira-suas-duvidas-do-edital-Concursos-Medicos-%E2%80%93-STJ\" >Estrat&eacute;gia MED tira suas d&uacute;vidas do edital Concursos M&eacute;dicos &ndash; STJ!<\/a><\/li><li class='ez-toc-page-1 ez-toc-heading-level-2'><a class=\"ez-toc-link ez-toc-heading-3\" href=\"https:\/\/med.estrategia.com\/portal\/concursos\/edital-do-concurso-stj-e-retificado-e-salario-inicial-sera-de-r139-mil\/#Prepare-se-para-o-concurso-publico-do-STJ-com-o-Estrategia-MED\" >Prepare-se para o concurso p&uacute;blico do STJ com o Estrat&eacute;gia MED!&nbsp;&nbsp;<\/a><\/li><\/ul><\/nav><\/div>\n<h2 class=\"wp-block-heading\" id=\"h-resumo-edital-stj-2024\"><span class=\"ez-toc-section\" id=\"Resumo-Edital-STJ-2024\"><\/span><strong>Resumo Edital STJ 2024<\/strong><span class=\"ez-toc-section-end\"><\/span><\/h2><figure class=\"wp-block-table\"><table><tbody><tr><td>Vagas Ofertadas<\/td><td>Forma&ccedil;&atilde;o de Cadastro Reserva<\/td><\/tr><tr><td>Remunera&ccedil;&atilde;o inicial<\/td><td>R$13.994,78<\/td><\/tr><tr><td>Carga hor&aacute;ria semanal<\/td><td>40h<\/td><\/tr><tr><td>Composi&ccedil;&atilde;o do Processo Seletivo<\/td><td>Prova Objetiva + Prova Discursiva<\/td><\/tr><tr><td>Taxa de Inscri&ccedil;&atilde;o<\/td><td>R$120,00<\/td><\/tr><tr><td>Per&iacute;odo de Inscri&ccedil;&otilde;es<\/td><td>30\/08 a 20\/09\/2024<\/td><\/tr><tr><td>Provas Objetivas e Discursiva<\/td><td>01\/12\/2024<\/td><\/tr><tr><td>Consulta individual ao Gabarito Preliminar da Prova Objetiva<\/td><td>03 a 05\/12\/2024<\/td><\/tr><tr><td>Padr&atilde;o Preliminar da Prova Discursiva<\/td><td>03\/12\/2024<\/td><\/tr><tr><td>Recursos<\/td><td>04 e 05\/12\/2024<\/td><\/tr><tr><td>Resultado Final da Prova Objetiva e Preliminar da Prova Discursiva<\/td><td>10\/01\/2025<\/td><\/tr><tr><td>Demais datas<\/td><td>a divulgar<\/td><\/tr><\/tbody><\/table><\/figure><p>Para mais informa&ccedil;&otilde;es sobre o Concurso STJ, <a href=\"https:\/\/med.estrategia.com\/portal\/concursos\/stj-abre-concurso-para-formacao-de-cadastro-reserva-salario-inicial-para-medicos-e-de-r124-mil\/\" target=\"_blank\">acesse aqui!<\/a><\/p><h2 class=\"wp-block-heading\" id=\"h-estrategia-med-tira-suas-duvidas-do-edital-concursos-medicos-stj\"><span class=\"ez-toc-section\" id=\"Estrategia-MED-tira-suas-duvidas-do-edital-Concursos-Medicos-%E2%80%93-STJ\"><\/span>Estrat&eacute;gia MED tira suas d&uacute;vidas do edital Concursos M&eacute;dicos &ndash; STJ!<span class=\"ez-toc-section-end\"><\/span><\/h2><p>Aproveite e n&atilde;o deixe de assistir o <a href=\"https:\/\/www.youtube.com\/watch?v=DQHAX_6ck8Y\" target=\"_blank\">webin&aacute;rio<\/a> comandado pela <strong>professora do Estrat&eacute;gia MED<\/strong>, <strong>B&aacute;rbara Galv&atilde;o<\/strong>, com informa&ccedil;&otilde;es completas sobre o Concursos M&eacute;dicos &ndash; STJ. A transmiss&atilde;o aconteceu em nosso canal do Youtube no dia <strong>30 de agosto, &agrave;s 20h<\/strong>. <br><\/p><figure class=\"wp-block-embed is-type-video is-provider-youtube wp-block-embed-youtube wp-embed-aspect-16-9 wp-has-aspect-ratio\"><div class=\"wp-block-embed__wrapper\">\n<div class=\"cs-embed cs-embed-responsive\"><iframe title=\"Saiba Tudo sobre o Concurso M&eacute;dico STJ!\" width=\"1200\" height=\"675\" src=\"https:\/\/www.youtube.com\/embed\/DQHAX_6ck8Y?feature=oembed\" frameborder=\"0\" allow=\"accelerometer; autoplay; clipboard-write; encrypted-media; gyroscope; picture-in-picture; web-share\" referrerpolicy=\"strict-origin-when-cross-origin\" allowfullscreen><\/iframe><\/div>\n<\/div><\/figure><p>E n&atilde;o se esque&ccedil;a de se inscrever em nosso canal e ativar o sino de notifica&ccedil;&atilde;o para n&atilde;o perder nenhuma novidade sobre concursos p&uacute;blicos com cargos m&eacute;dicos, atualiza&ccedil;&otilde;es m&eacute;dicas e muito mais!<\/p><h2 class=\"wp-block-heading\" id=\"h-prepare-se-para-o-concurso-publico-do-stj-com-o-estrategia-med-nbsp-nbsp\"><span class=\"ez-toc-section\" id=\"Prepare-se-para-o-concurso-publico-do-STJ-com-o-Estrategia-MED\"><\/span>Prepare-se para o concurso p&uacute;blico do STJ com o Estrat&eacute;gia MED!&nbsp;&nbsp;<span class=\"ez-toc-section-end\"><\/span><\/h2><p>Com o<a href=\"https:\/\/med.estrategia.com\/curso\/sprint-concursos-medicos\/\" target=\"_blank\">&nbsp;Sprint Concursos M&eacute;dicos do Estrat&eacute;gia MED<\/a>&nbsp;voc&ecirc; ter&aacute; &agrave; disposi&ccedil;&atilde;o 1.500 quest&otilde;es com foco em concursos p&uacute;blicos com cargos m&eacute;dicos incluindo as disciplinas mais cobradas neste tipo de sele&ccedil;&atilde;o: Portugu&ecirc;s, Matem&aacute;tica, Inform&aacute;tica, Direito e claro, Medicina.<\/p><p>Conhe&ccedil;a tamb&eacute;m o nosso<a href=\"https:\/\/med.estrategia.com\/curso\/banco-de-questes-resumos-estrategicos-anual\/\" target=\"_blank\">&nbsp;Banco de Quest&otilde;es<\/a>, que atualmente conta com mais de 198 mil quest&otilde;es cadastradas e n&atilde;o para de crescer. Vem ser coruja!<\/p><div class=\"wp-block-image\">\n<figure class=\"aligncenter size-full\"><img decoding=\"async\" width=\"1280\" height=\"622\" src=\"https:\/\/med.estrategia.com\/portal\/wp-content\/uploads\/2025\/08\/concursos_medicos.jpg\" alt=\"concursos_medicos\" class=\"wp-image-91529\" srcset=\"https:\/\/med.estrategia.com\/portal\/wp-content\/uploads\/2025\/08\/concursos_medicos.jpg 1280w, https:\/\/med.estrategia.com\/portal\/wp-content\/uploads\/2025\/08\/concursos_medicos-1024x498.jpg 1024w, https:\/\/med.estrategia.com\/portal\/wp-content\/uploads\/2025\/08\/concursos_medicos-768x373.jpg 768w, https:\/\/med.estrategia.com\/portal\/wp-content\/uploads\/2025\/08\/concursos_medicos-800x389.jpg 800w, https:\/\/med.estrategia.com\/portal\/wp-content\/uploads\/2025\/08\/concursos_medicos-1160x564.jpg 1160w\" sizes=\"(max-width: 1280px) 100vw, 1280px\" \/><\/figure><\/div><\/p>\n","protected":false},"excerpt":{"rendered":"O Superior Tribunal de Justi&ccedil;a (STJ) divulgou nesta quarta-feira, 04 de setembro, a retifica&ccedil;&atilde;o da remunera&ccedil;&atilde;o de todos&hellip;\n","protected":false},"author":45,"featured_media":69314,"comment_status":"closed","ping_status":"closed","sticky":false,"template":"","format":"standard","meta":{"wl_entities_gutenberg":"","footnotes":""},"categories":[474],"tags":[],"wl_entity_type":[199],"class_list":{"0":"post-69309","1":"post","2":"type-post","3":"status-publish","4":"format-standard","5":"has-post-thumbnail","7":"category-concursos","8":"wl_entity_type-article"},"acf":[],"yoast_head":"<!-- This site is optimized with the Yoast SEO Premium plugin v26.6 (Yoast SEO v26.6) - https:\/\/yoast.com\/wordpress\/plugins\/seo\/ -->\n<title>Concurso STJ tem reajuste no sal\u00e1rio inicial para R$13,9 mil<\/title>\n<meta name=\"description\" content=\"STJ divulgou a retifica\u00e7\u00e3o do edital do concurso p\u00fablico. O sal\u00e1rio inicial para analista judici\u00e1rio passa a ser de R$13.994,78.\" \/>\n<meta name=\"robots\" content=\"index, follow, max-snippet:-1, max-image-preview:large, max-video-preview:-1\" \/>\n<link rel=\"canonical\" href=\"https:\/\/med.estrategia.com\/portal\/concursos\/edital-do-concurso-stj-e-retificado-e-salario-inicial-sera-de-r139-mil\/\" \/>\n<meta property=\"og:locale\" content=\"pt_BR\" \/>\n<meta property=\"og:type\" content=\"article\" \/>\n<meta property=\"og:title\" content=\"Edital do Concurso STJ \u00e9 retificado e sal\u00e1rio inicial passa a ser de R$13,9 mil\" \/>\n<meta property=\"og:description\" content=\"STJ divulgou a retifica\u00e7\u00e3o do edital do concurso p\u00fablico. O sal\u00e1rio inicial para analista judici\u00e1rio passa a ser de R$13.994,78.\" \/>\n<meta property=\"og:url\" content=\"https:\/\/med.estrategia.com\/portal\/concursos\/edital-do-concurso-stj-e-retificado-e-salario-inicial-sera-de-r139-mil\/\" \/>\n<meta property=\"og:site_name\" content=\"Estrat\u00e9gia MED\" \/>\n<meta property=\"article:publisher\" content=\"https:\/\/www.facebook.com\/estrategiamed1\" \/>\n<meta property=\"article:published_time\" content=\"2024-09-04T14:49:38+00:00\" \/>\n<meta property=\"article:modified_time\" content=\"2024-09-04T14:50:51+00:00\" \/>\n<meta property=\"og:image\" content=\"https:\/\/med.estrategia.com\/portal\/wp-content\/uploads\/2024\/09\/Capa_Concurso_STJ_atualizacao.jpg\" \/>\n\t<meta property=\"og:image:width\" content=\"1280\" \/>\n\t<meta property=\"og:image:height\" content=\"720\" \/>\n\t<meta property=\"og:image:type\" content=\"image\/jpeg\" \/>\n<meta name=\"author\" content=\"Priscila Pereira\" \/>\n<meta name=\"twitter:card\" content=\"summary_large_image\" \/>\n<meta name=\"twitter:creator\" content=\"@estrategiamed_\" \/>\n<meta name=\"twitter:site\" content=\"@estrategiamed_\" \/>\n<meta name=\"twitter:label1\" content=\"Escrito por\" \/>\n\t<meta name=\"twitter:data1\" content=\"Priscila Pereira\" \/>\n\t<meta name=\"twitter:label2\" content=\"Est. tempo de leitura\" \/>\n\t<meta name=\"twitter:data2\" content=\"2 minutos\" \/>\n<script type=\"application\/ld+json\" class=\"yoast-schema-graph\">{\"@context\":\"https:\/\/schema.org\",\"@graph\":[{\"@type\":\"WebPage\",\"@id\":\"https:\/\/med.estrategia.com\/portal\/concursos\/edital-do-concurso-stj-e-retificado-e-salario-inicial-sera-de-r139-mil\/\",\"url\":\"https:\/\/med.estrategia.com\/portal\/concursos\/edital-do-concurso-stj-e-retificado-e-salario-inicial-sera-de-r139-mil\/\",\"name\":\"Concurso STJ tem reajuste no sal\u00e1rio inicial para R$13,9 mil\",\"isPartOf\":{\"@id\":\"https:\/\/med.estrategia.com\/portal\/#website\"},\"primaryImageOfPage\":{\"@id\":\"https:\/\/med.estrategia.com\/portal\/concursos\/edital-do-concurso-stj-e-retificado-e-salario-inicial-sera-de-r139-mil\/#primaryimage\"},\"image\":{\"@id\":\"https:\/\/med.estrategia.com\/portal\/concursos\/edital-do-concurso-stj-e-retificado-e-salario-inicial-sera-de-r139-mil\/#primaryimage\"},\"thumbnailUrl\":\"https:\/\/med.estrategia.com\/portal\/wp-content\/uploads\/2024\/09\/Capa_Concurso_STJ_atualizacao.jpg\",\"datePublished\":\"2024-09-04T14:49:38+00:00\",\"dateModified\":\"2024-09-04T14:50:51+00:00\",\"author\":{\"@id\":\"https:\/\/med.estrategia.com\/portal\/#\/schema\/person\/d1df06a83a849b79b2d480e7d8952ce3\"},\"description\":\"STJ divulgou a retifica\u00e7\u00e3o do edital do concurso p\u00fablico. O sal\u00e1rio inicial para analista judici\u00e1rio passa a ser de R$13.994,78.\",\"breadcrumb\":{\"@id\":\"https:\/\/med.estrategia.com\/portal\/concursos\/edital-do-concurso-stj-e-retificado-e-salario-inicial-sera-de-r139-mil\/#breadcrumb\"},\"inLanguage\":\"pt-BR\",\"potentialAction\":[{\"@type\":\"ReadAction\",\"target\":[\"https:\/\/med.estrategia.com\/portal\/concursos\/edital-do-concurso-stj-e-retificado-e-salario-inicial-sera-de-r139-mil\/\"]}]},{\"@type\":\"ImageObject\",\"inLanguage\":\"pt-BR\",\"@id\":\"https:\/\/med.estrategia.com\/portal\/concursos\/edital-do-concurso-stj-e-retificado-e-salario-inicial-sera-de-r139-mil\/#primaryimage\",\"url\":\"https:\/\/med.estrategia.com\/portal\/wp-content\/uploads\/2024\/09\/Capa_Concurso_STJ_atualizacao.jpg\",\"contentUrl\":\"https:\/\/med.estrategia.com\/portal\/wp-content\/uploads\/2024\/09\/Capa_Concurso_STJ_atualizacao.jpg\",\"width\":1280,\"height\":720,\"caption\":\"Estrat\u00e9gia MED | Concurso STJ atualiza\u00e7\u00e3o\"},{\"@type\":\"BreadcrumbList\",\"@id\":\"https:\/\/med.estrategia.com\/portal\/concursos\/edital-do-concurso-stj-e-retificado-e-salario-inicial-sera-de-r139-mil\/#breadcrumb\",\"itemListElement\":[{\"@type\":\"ListItem\",\"position\":1,\"name\":\"Home\",\"item\":\"https:\/\/med.estrategia.com\/portal\/\"},{\"@type\":\"ListItem\",\"position\":2,\"name\":\"Concursos M\u00e9dicos\",\"item\":\"https:\/\/med.estrategia.com\/portal\/concursos\/\"},{\"@type\":\"ListItem\",\"position\":3,\"name\":\"Edital do Concurso STJ \u00e9 retificado e sal\u00e1rio inicial passa a ser de R$13,9 mil\"}]},{\"@type\":\"WebSite\",\"@id\":\"https:\/\/med.estrategia.com\/portal\/#website\",\"url\":\"https:\/\/med.estrategia.com\/portal\/\",\"name\":\"Estrat\u00e9gia MED\",\"description\":\"\",\"potentialAction\":[{\"@type\":\"SearchAction\",\"target\":{\"@type\":\"EntryPoint\",\"urlTemplate\":\"https:\/\/med.estrategia.com\/portal\/?s={search_term_string}\"},\"query-input\":{\"@type\":\"PropertyValueSpecification\",\"valueRequired\":true,\"valueName\":\"search_term_string\"}}],\"inLanguage\":\"pt-BR\"},{\"@type\":\"Person\",\"@id\":\"https:\/\/med.estrategia.com\/portal\/#\/schema\/person\/d1df06a83a849b79b2d480e7d8952ce3\",\"name\":\"Priscila Pereira\",\"image\":{\"@type\":\"ImageObject\",\"inLanguage\":\"pt-BR\",\"@id\":\"https:\/\/med.estrategia.com\/portal\/#\/schema\/person\/image\/\",\"url\":\"https:\/\/secure.gravatar.com\/avatar\/fe94f8430a1d23a69c0bc7aab6202e21?s=96&d=mm&r=g\",\"contentUrl\":\"https:\/\/secure.gravatar.com\/avatar\/fe94f8430a1d23a69c0bc7aab6202e21?s=96&d=mm&r=g\",\"caption\":\"Priscila Pereira\"},\"description\":\"Formada e p\u00f3s-graduada na \u00e1rea de comunica\u00e7\u00e3o, divido minha paix\u00e3o entre o jornalismo e os esportes\",\"url\":\"https:\/\/med.estrategia.com\/portal\/author\/priscila-pereira\/\"}]}<\/script>\n<!-- \/ Yoast SEO Premium plugin. -->","yoast_head_json":{"title":"Concurso STJ tem reajuste no sal\u00e1rio inicial para R$13,9 mil","description":"STJ divulgou a retifica\u00e7\u00e3o do edital do concurso p\u00fablico. O sal\u00e1rio inicial para analista judici\u00e1rio passa a ser de R$13.994,78.","robots":{"index":"index","follow":"follow","max-snippet":"max-snippet:-1","max-image-preview":"max-image-preview:large","max-video-preview":"max-video-preview:-1"},"canonical":"https:\/\/med.estrategia.com\/portal\/concursos\/edital-do-concurso-stj-e-retificado-e-salario-inicial-sera-de-r139-mil\/","og_locale":"pt_BR","og_type":"article","og_title":"Edital do Concurso STJ \u00e9 retificado e sal\u00e1rio inicial passa a ser de R$13,9 mil","og_description":"STJ divulgou a retifica\u00e7\u00e3o do edital do concurso p\u00fablico. O sal\u00e1rio inicial para analista judici\u00e1rio passa a ser de R$13.994,78.","og_url":"https:\/\/med.estrategia.com\/portal\/concursos\/edital-do-concurso-stj-e-retificado-e-salario-inicial-sera-de-r139-mil\/","og_site_name":"Estrat\u00e9gia MED","article_publisher":"https:\/\/www.facebook.com\/estrategiamed1","article_published_time":"2024-09-04T14:49:38+00:00","article_modified_time":"2024-09-04T14:50:51+00:00","og_image":[{"width":1280,"height":720,"url":"https:\/\/med.estrategia.com\/portal\/wp-content\/uploads\/2024\/09\/Capa_Concurso_STJ_atualizacao.jpg","type":"image\/jpeg"}],"author":"Priscila Pereira","twitter_card":"summary_large_image","twitter_creator":"@estrategiamed_","twitter_site":"@estrategiamed_","twitter_misc":{"Escrito por":"Priscila Pereira","Est. tempo de leitura":"2 minutos"},"schema":{"@context":"https:\/\/schema.org","@graph":[{"@type":"WebPage","@id":"https:\/\/med.estrategia.com\/portal\/concursos\/edital-do-concurso-stj-e-retificado-e-salario-inicial-sera-de-r139-mil\/","url":"https:\/\/med.estrategia.com\/portal\/concursos\/edital-do-concurso-stj-e-retificado-e-salario-inicial-sera-de-r139-mil\/","name":"Concurso STJ tem reajuste no sal\u00e1rio inicial para R$13,9 mil","isPartOf":{"@id":"https:\/\/med.estrategia.com\/portal\/#website"},"primaryImageOfPage":{"@id":"https:\/\/med.estrategia.com\/portal\/concursos\/edital-do-concurso-stj-e-retificado-e-salario-inicial-sera-de-r139-mil\/#primaryimage"},"image":{"@id":"https:\/\/med.estrategia.com\/portal\/concursos\/edital-do-concurso-stj-e-retificado-e-salario-inicial-sera-de-r139-mil\/#primaryimage"},"thumbnailUrl":"https:\/\/med.estrategia.com\/portal\/wp-content\/uploads\/2024\/09\/Capa_Concurso_STJ_atualizacao.jpg","datePublished":"2024-09-04T14:49:38+00:00","dateModified":"2024-09-04T14:50:51+00:00","author":{"@id":"https:\/\/med.estrategia.com\/portal\/#\/schema\/person\/d1df06a83a849b79b2d480e7d8952ce3"},"description":"STJ divulgou a retifica\u00e7\u00e3o do edital do concurso p\u00fablico. O sal\u00e1rio inicial para analista judici\u00e1rio passa a ser de R$13.994,78.","breadcrumb":{"@id":"https:\/\/med.estrategia.com\/portal\/concursos\/edital-do-concurso-stj-e-retificado-e-salario-inicial-sera-de-r139-mil\/#breadcrumb"},"inLanguage":"pt-BR","potentialAction":[{"@type":"ReadAction","target":["https:\/\/med.estrategia.com\/portal\/concursos\/edital-do-concurso-stj-e-retificado-e-salario-inicial-sera-de-r139-mil\/"]}]},{"@type":"ImageObject","inLanguage":"pt-BR","@id":"https:\/\/med.estrategia.com\/portal\/concursos\/edital-do-concurso-stj-e-retificado-e-salario-inicial-sera-de-r139-mil\/#primaryimage","url":"https:\/\/med.estrategia.com\/portal\/wp-content\/uploads\/2024\/09\/Capa_Concurso_STJ_atualizacao.jpg","contentUrl":"https:\/\/med.estrategia.com\/portal\/wp-content\/uploads\/2024\/09\/Capa_Concurso_STJ_atualizacao.jpg","width":1280,"height":720,"caption":"Estrat\u00e9gia MED | Concurso STJ atualiza\u00e7\u00e3o"},{"@type":"BreadcrumbList","@id":"https:\/\/med.estrategia.com\/portal\/concursos\/edital-do-concurso-stj-e-retificado-e-salario-inicial-sera-de-r139-mil\/#breadcrumb","itemListElement":[{"@type":"ListItem","position":1,"name":"Home","item":"https:\/\/med.estrategia.com\/portal\/"},{"@type":"ListItem","position":2,"name":"Concursos M\u00e9dicos","item":"https:\/\/med.estrategia.com\/portal\/concursos\/"},{"@type":"ListItem","position":3,"name":"Edital do Concurso STJ \u00e9 retificado e sal\u00e1rio inicial passa a ser de R$13,9 mil"}]},{"@type":"WebSite","@id":"https:\/\/med.estrategia.com\/portal\/#website","url":"https:\/\/med.estrategia.com\/portal\/","name":"Estrat\u00e9gia MED","description":"","potentialAction":[{"@type":"SearchAction","target":{"@type":"EntryPoint","urlTemplate":"https:\/\/med.estrategia.com\/portal\/?s={search_term_string}"},"query-input":{"@type":"PropertyValueSpecification","valueRequired":true,"valueName":"search_term_string"}}],"inLanguage":"pt-BR"},{"@type":"Person","@id":"https:\/\/med.estrategia.com\/portal\/#\/schema\/person\/d1df06a83a849b79b2d480e7d8952ce3","name":"Priscila Pereira","image":{"@type":"ImageObject","inLanguage":"pt-BR","@id":"https:\/\/med.estrategia.com\/portal\/#\/schema\/person\/image\/","url":"https:\/\/secure.gravatar.com\/avatar\/fe94f8430a1d23a69c0bc7aab6202e21?s=96&d=mm&r=g","contentUrl":"https:\/\/secure.gravatar.com\/avatar\/fe94f8430a1d23a69c0bc7aab6202e21?s=96&d=mm&r=g","caption":"Priscila Pereira"},"description":"Formada e p\u00f3s-graduada na \u00e1rea de comunica\u00e7\u00e3o, divido minha paix\u00e3o entre o jornalismo e os esportes","url":"https:\/\/med.estrategia.com\/portal\/author\/priscila-pereira\/"}]}},"_wl_alt_label":[],"wl:entity_url":"\/post\/edital-do-concurso-stj-e-retificado-e-salario-inicial-sera-de-r139-mil","_links":{"self":[{"href":"https:\/\/med.estrategia.com\/portal\/wp-json\/wp\/v2\/posts\/69309","targetHints":{"allow":["GET"]}}],"collection":[{"href":"https:\/\/med.estrategia.com\/portal\/wp-json\/wp\/v2\/posts"}],"about":[{"href":"https:\/\/med.estrategia.com\/portal\/wp-json\/wp\/v2\/types\/post"}],"author":[{"embeddable":true,"href":"https:\/\/med.estrategia.com\/portal\/wp-json\/wp\/v2\/users\/45"}],"replies":[{"embeddable":true,"href":"https:\/\/med.estrategia.com\/portal\/wp-json\/wp\/v2\/comments?post=69309"}],"version-history":[{"count":6,"href":"https:\/\/med.estrategia.com\/portal\/wp-json\/wp\/v2\/posts\/69309\/revisions"}],"predecessor-version":[{"id":72098,"href":"https:\/\/med.estrategia.com\/portal\/wp-json\/wp\/v2\/posts\/69309\/revisions\/72098"}],"wp:featuredmedia":[{"embeddable":true,"href":"https:\/\/med.estrategia.com\/portal\/wp-json\/wp\/v2\/media\/69314"}],"wp:attachment":[{"href":"https:\/\/med.estrategia.com\/portal\/wp-json\/wp\/v2\/media?parent=69309"}],"wp:term":[{"taxonomy":"category","embeddable":true,"href":"https:\/\/med.estrategia.com\/portal\/wp-json\/wp\/v2\/categories?post=69309"},{"taxonomy":"post_tag","embeddable":true,"href":"https:\/\/med.estrategia.com\/portal\/wp-json\/wp\/v2\/tags?post=69309"},{"taxonomy":"wl_entity_type","embeddable":true,"href":"https:\/\/med.estrategia.com\/portal\/wp-json\/wp\/v2\/wl_entity_type?post=69309"}],"curies":[{"name":"wp","href":"https:\/\/api.w.org\/{rel}","templated":true}]}}