{"id":69804,"date":"2024-09-16T08:14:52","date_gmt":"2024-09-16T11:14:52","guid":{"rendered":"https:\/\/med.estrategia.com\/portal\/?p=69804"},"modified":"2024-11-26T09:19:33","modified_gmt":"2024-11-26T12:19:33","slug":"unifesp-2025-inscricoes-para-o-seletivo-de-residencia-medica-estao-abertas","status":"publish","type":"post","link":"https:\/\/med.estrategia.com\/portal\/noticias\/unifesp-2025-inscricoes-para-o-seletivo-de-residencia-medica-estao-abertas\/","title":{"rendered":"UNIFESP 2025: inscri\u00e7\u00f5es para o seletivo de resid\u00eancia m\u00e9dica s\u00e3o prorrogadas"},"content":{"rendered":"<p>O per&iacute;odo de inscri&ccedil;&atilde;o para o processo seletivo de resid&ecirc;ncia m&eacute;dica da <strong>Universidade Federal de S&atilde;o Paulo (Unifesp)<\/strong>, cuja previs&atilde;o de encerramento era em 28 de outubro de 2024, foi <strong>prorrogado at&eacute; 19h59 de 11 de novembro de 2024<\/strong>, de acordo com o hor&aacute;rio de Bras&iacute;lia. As inscri&ccedil;&otilde;es foram abertas em 14 de setembro, sendo necess&aacute;rio preencher o <a href=\"https:\/\/coreme2025.fapunifesp.edu.br\/concurso\/inscricao\/\" target=\"_blank\">formul&aacute;rio dispon&iacute;vel na p&aacute;gina oficial do processo <\/a>e pagar a <strong>taxa de R$ 663,51<\/strong>, no hor&aacute;rio banc&aacute;rio, at&eacute; o &uacute;ltimo dia de inscri&ccedil;&otilde;es.<div class=\"wp-block-buttons is-content-justification-center is-layout-flex wp-container-core-buttons-is-layout-1 wp-block-buttons-is-layout-flex\">\n<div class=\"wp-block-button\"><a class=\"wp-block-button__link wp-element-button\" href=\"https:\/\/med.estrategia.com\/portal\/wp-content\/uploads\/2024\/10\/EMENDA_AO_EDITAL_532_2024.pdf\" target=\"_blank\">Emenda ao edital &ndash; prorroga&ccedil;&atilde;o de inscri&ccedil;&otilde;es<\/a><\/div>\n<\/div><p>Ap&oacute;s o envio da ficha de inscri&ccedil;&atilde;o de forma online, o candidato dever&aacute; <strong>confirmar a inscri&ccedil;&atilde;o<\/strong> acessando o site da <a href=\"https:\/\/site.unifesp.br\/coreme\/processo-seletivo\/processo-seletivo-2025\" target=\"_blank\">Coreme Unifesp<\/a>. Caso tenha d&uacute;vidas sobre o processo, estas ser&atilde;o respondidas exclusivamente por meio do e-mail oficial da <strong>Comiss&atilde;o de Exames de Resid&ecirc;ncia M&eacute;dica<\/strong>, no endere&ccedil;o <strong>coreme@unifesp.br<\/strong>.<\/p><div id=\"ez-toc-container\" class=\"ez-toc-v2_0_79_2 counter-hierarchy ez-toc-counter ez-toc-transparent ez-toc-container-direction\">\n<div class=\"ez-toc-title-container\"><p class=\"ez-toc-title\" style=\"cursor:inherit\">Navegue pelo conte\u00fado<\/p>\n<\/div><nav><ul class='ez-toc-list ez-toc-list-level-1 ' ><li class='ez-toc-page-1 ez-toc-heading-level-2'><a class=\"ez-toc-link ez-toc-heading-1\" href=\"https:\/\/med.estrategia.com\/portal\/noticias\/unifesp-2025-inscricoes-para-o-seletivo-de-residencia-medica-estao-abertas\/#Candidatos-autodeclarados-Pretos-Pardos-ou-Indigenas-PPI\" >Candidatos autodeclarados Pretos, Pardos ou Ind&iacute;genas (PPI)<\/a><\/li><li class='ez-toc-page-1 ez-toc-heading-level-2'><a class=\"ez-toc-link ez-toc-heading-2\" href=\"https:\/\/med.estrategia.com\/portal\/noticias\/unifesp-2025-inscricoes-para-o-seletivo-de-residencia-medica-estao-abertas\/#Candidatos-com-Deficiencia\" >Candidatos com Defici&ecirc;ncia<\/a><\/li><li class='ez-toc-page-1 ez-toc-heading-level-2'><a class=\"ez-toc-link ez-toc-heading-3\" href=\"https:\/\/med.estrategia.com\/portal\/noticias\/unifesp-2025-inscricoes-para-o-seletivo-de-residencia-medica-estao-abertas\/#Atendimento-especial\" >Atendimento especial<\/a><\/li><li class='ez-toc-page-1 ez-toc-heading-level-2'><a class=\"ez-toc-link ez-toc-heading-4\" href=\"https:\/\/med.estrategia.com\/portal\/noticias\/unifesp-2025-inscricoes-para-o-seletivo-de-residencia-medica-estao-abertas\/#Pontuacao-Adicional\" >Pontua&ccedil;&atilde;o Adicional<\/a><\/li><li class='ez-toc-page-1 ez-toc-heading-level-2'><a class=\"ez-toc-link ez-toc-heading-5\" href=\"https:\/\/med.estrategia.com\/portal\/noticias\/unifesp-2025-inscricoes-para-o-seletivo-de-residencia-medica-estao-abertas\/#Solicitacao-de-isencao-da-taxa-de-inscricao\" >Solicita&ccedil;&atilde;o de isen&ccedil;&atilde;o da taxa de inscri&ccedil;&atilde;o<\/a><\/li><li class='ez-toc-page-1 ez-toc-heading-level-2'><a class=\"ez-toc-link ez-toc-heading-6\" href=\"https:\/\/med.estrategia.com\/portal\/noticias\/unifesp-2025-inscricoes-para-o-seletivo-de-residencia-medica-estao-abertas\/#Cronograma-UNIFESP-2025\" >Cronograma UNIFESP 2025<\/a><\/li><li class='ez-toc-page-1 ez-toc-heading-level-2'><a class=\"ez-toc-link ez-toc-heading-7\" href=\"https:\/\/med.estrategia.com\/portal\/noticias\/unifesp-2025-inscricoes-para-o-seletivo-de-residencia-medica-estao-abertas\/#Prepare-se-para-a-UNIFESP-20242025-com-o-Estrategia-MED\" >Prepare-se para a UNIFESP 2024\/2025 com o Estrat&eacute;gia MED<\/a><\/li><\/ul><\/nav><\/div>\n<h2 class=\"wp-block-heading\" id=\"h-candidatos-autodeclarados-pretos-pardos-ou-indigenas-ppi\"><span class=\"ez-toc-section\" id=\"Candidatos-autodeclarados-Pretos-Pardos-ou-Indigenas-PPI\"><\/span>Candidatos autodeclarados Pretos, Pardos ou Ind&iacute;genas (PPI)<span class=\"ez-toc-section-end\"><\/span><\/h2><p>Para garantir a concorr&ecirc;ncia &agrave;s <strong>vagas reservadas<\/strong>, o candidato deve indicar, no momento da inscri&ccedil;&atilde;o, sua inten&ccedil;&atilde;o de participar do sistema de cotas raciais. &Eacute; poss&iacute;vel desistir dessa op&ccedil;&atilde;o at&eacute; o final do per&iacute;odo de inscri&ccedil;&atilde;o. Caso o candidato n&atilde;o se inscreva para as vagas reservadas ou n&atilde;o preencha os requisitos mencionados, participar&aacute; apenas das listas gerais de classifica&ccedil;&atilde;o. Aqueles que optarem por essa reserva de vagas s&oacute; concorrer&atilde;o &agrave;s vagas reservadas.<\/p><p>A autodeclara&ccedil;&atilde;o feita pelo candidato possui presun&ccedil;&atilde;o relativa de veracidade e ser&aacute; confirmada por meio de procedimento de <strong>heteroidentifica&ccedil;&atilde;o<\/strong>. Esse procedimento ocorrer&aacute; <strong>presencialmente<\/strong> entre os dias <strong>7 e 20 de janeiro 2025<\/strong>, antes da homologa&ccedil;&atilde;o do resultado final, e sua <strong>convoca&ccedil;&atilde;o<\/strong> ser&aacute; divulgada no site da Unifesp a partir de <strong>20 de dezembro de 2024<\/strong>.<\/p><p>Candidatos que n&atilde;o comparecerem ao procedimento de heteroidentifica&ccedil;&atilde;o ser&atilde;o eliminados do processo. O <strong>resultado provis&oacute;rio<\/strong> ser&aacute; publicado a partir de <strong>23 de janeiro 2025<\/strong>, e os candidatos poder&atilde;o <strong>recorrer<\/strong> desta decis&atilde;o nos dois dias seguintes. O <strong>resultado dos recursos <\/strong>ser&aacute; divulgado no site da Unifesp a partir de <strong>29 de janeiro de 2025<\/strong>.<\/p><h2 class=\"wp-block-heading\" id=\"h-candidatos-com-deficiencia\"><span class=\"ez-toc-section\" id=\"Candidatos-com-Deficiencia\"><\/span>Candidatos com Defici&ecirc;ncia<span class=\"ez-toc-section-end\"><\/span><\/h2><p>Para concorrer como candidato com defici&ecirc;ncia, &eacute; necess&aacute;rio indicar a condi&ccedil;&atilde;o na ficha de inscri&ccedil;&atilde;o, informando o c&oacute;digo da <strong>Classifica&ccedil;&atilde;o Internacional de Doen&ccedil;a (CID)<\/strong>. Al&eacute;m disso, o candidato deve enviar um <strong>laudo m&eacute;dico atestando o tipo e grau da defici&ecirc;ncia<\/strong> at&eacute; o <strong>&uacute;ltimo dia de inscri&ccedil;&atilde;o<\/strong>, via <a href=\"https:\/\/site.unifesp.br\/coreme\/processo-seletivo\/modelo-de-documentos\" target=\"_blank\">formul&aacute;rio eletr&ocirc;nico<\/a> dispon&iacute;vel no site da Unifesp.<\/p><p>A <strong>an&aacute;lise dos laudos m&eacute;dicos<\/strong> ser&aacute; realizada por uma <strong>comiss&atilde;o de heteroidentifica&ccedil;&atilde;o<\/strong>, e os candidatos aprovados ter&atilde;o seus nomes divulgados no site at&eacute; o dia <strong>23 de janeiro de 2025<\/strong>. Inscri&ccedil;&otilde;es indeferidas poder&atilde;o ser <strong>recorridas em at&eacute; dois dias ap&oacute;s a publica&ccedil;&atilde;o<\/strong>, com os resultados dos recursos divulgados no site da Unifesp no dia <strong>29 de janeiro de 2025<\/strong>.<\/p><p>Os candidatos com defici&ecirc;ncia que precisarem de <strong>condi&ccedil;&otilde;es especiais para realizar a prova<\/strong> devem fazer a solicita&ccedil;&atilde;o conforme o item 2.15 do edital.<\/p><h2 class=\"wp-block-heading\" id=\"h-atendimento-especial\"><span class=\"ez-toc-section\" id=\"Atendimento-especial\"><\/span>Atendimento especial<span class=\"ez-toc-section-end\"><\/span><\/h2><p>O candidato que precisar de atendimento especial para a realiza&ccedil;&atilde;o da prova deve <a href=\"https:\/\/site.unifesp.br\/coreme\/processo-seletivo\/modelo-de-documentos\" target=\"_blank\">solicit&aacute;-lo por meio de formul&aacute;rio<\/a> dispon&iacute;vel no site da Unifesp, especificando os recursos necess&aacute;rios. Al&eacute;m disso, &eacute; necess&aacute;rio enviar, via SEDEX, at&eacute; 10 dias antes da prova, o<strong> laudo m&eacute;dico<\/strong> que justifique o pedido &agrave; <strong>Comiss&atilde;o de Exames de Resid&ecirc;ncia M&eacute;dica<\/strong>. A lista dos candidatos que tiverem o pedido deferido ser&aacute; divulgada pela Comiss&atilde;o de Exames da Escola Paulista de Medicina.<\/p><p>As candidatas que precisarem amamentar durante a prova, al&eacute;m de solicitar o atendimento especial, devem levar um acompanhante, que ficar&aacute; em sala reservada e ser&aacute; respons&aacute;vel pela guarda da crian&ccedil;a. A candidata que n&atilde;o levar acompanhante n&atilde;o poder&aacute; realizar a prova.<\/p><h2 class=\"wp-block-heading\" id=\"h-pontuacao-adicional\"><span class=\"ez-toc-section\" id=\"Pontuacao-Adicional\"><\/span>Pontua&ccedil;&atilde;o Adicional<span class=\"ez-toc-section-end\"><\/span><\/h2><p>Os candidatos que tiverem participado e conclu&iacute;do o <strong>Programa de Valoriza&ccedil;&atilde;o da Aten&ccedil;&atilde;o B&aacute;sica (PROVAB)<\/strong> a partir de 2012, ou que tenham ingressado e conclu&iacute;do Programas de Resid&ecirc;ncia M&eacute;dica em Medicina de Fam&iacute;lia e Comunidade\/Medicina Geral de Fam&iacute;lia e Comunidade a partir de 2015, ter&atilde;o direito &agrave; pontua&ccedil;&atilde;o adicional.<\/p><p>Para solicitar essa pontua&ccedil;&atilde;o, o candidato deve preencher o <a href=\"https:\/\/docs.google.com\/forms\/d\/e\/1FAIpQLSdUk2c67h_EiuRdjKoPC_1LUQKM8nDdJ5aJdIQ9TZNkG_02Ig\/viewform\" target=\"_blank\">formul&aacute;rio eletr&ocirc;nico<\/a> dispon&iacute;vel no site Unifesp at&eacute; o dia<strong> 28 de outubro de 2024<\/strong>. Somente poder&atilde;o solicitar a pontua&ccedil;&atilde;o adicional os candidatos do PROVAB cujos nomes constem na <a href=\"https:\/\/www.gov.br\/mec\/pt-br\/acesso-a-informacao\/institucional\/estrutura-organizacional\/orgaos-especificos-singulares\/secretaria-de-educacao-superior\/candidato-aptos-a-bonificacao-em-processos-seletivos\" target=\"_blank\">lista oficial do Minist&eacute;rio da Educa&ccedil;&atilde;o<\/a>.<\/p><h2 class=\"wp-block-heading\" id=\"h-solicitacao-de-isencao-da-taxa-de-inscricao\"><span class=\"ez-toc-section\" id=\"Solicitacao-de-isencao-da-taxa-de-inscricao\"><\/span>Solicita&ccedil;&atilde;o de isen&ccedil;&atilde;o da taxa de inscri&ccedil;&atilde;o<span class=\"ez-toc-section-end\"><\/span><\/h2><p>Os candidatos que desejaram <strong>solicitar isen&ccedil;&atilde;o da taxa de inscri&ccedil;&atilde;o<\/strong> deveriam preencher o <a href=\"https:\/\/docs.google.com\/forms\/d\/e\/1FAIpQLSd6dPvg9MBTwkibD_dxzPoWhcQckDSQ2Z5ScYSCvEY-Nh_-Uw\/viewform\" target=\"_blank\">formul&aacute;rio eletr&ocirc;nico<\/a> dispon&iacute;vel no site da Unifesp, entre <strong>30 de agosto e 15 de setembro de 2024<\/strong>. A conclus&atilde;o da an&aacute;lise dos pedidos de isen&ccedil;&atilde;o foi divulgada at&eacute; <strong>18 de setembro de 2024<\/strong>.<\/p><p>Caso o pedido de isen&ccedil;&atilde;o tenha sido <strong>indeferido<\/strong>, o candidato dever&aacute; imprimir o boleto banc&aacute;rio, conforme item 2.3 do edital, e realizar o pagamento dentro do prazo e condi&ccedil;&otilde;es estabelecidos no item 2.4.<\/p><p>A isen&ccedil;&atilde;o foi concedida nos seguintes casos:<\/p><ul class=\"wp-block-list\">\n<li>Quando a taxa de inscri&ccedil;&atilde;o for superior a 30% do sal&aacute;rio mensal do candidato sem dependentes;<\/li>\n\n\n\n<li>Quando a taxa for superior a 20% do sal&aacute;rio do candidato com at&eacute; dois dependentes;<\/li>\n\n\n\n<li>Quando a taxa for superior a 10% do sal&aacute;rio do candidato com mais de dois dependentes;<\/li>\n\n\n\n<li>Quando o candidato comprovar renda familiar mensal igual ou inferior a tr&ecirc;s sal&aacute;rios m&iacute;nimos, ou renda individual igual ou inferior a dois sal&aacute;rios m&iacute;nimos.<\/li>\n\n\n\n<li>Inscri&ccedil;&atilde;o no Cadastro &Uacute;nico para Programas Sociais do Governo Federal (Cad&Uacute;nico) de que trata o Decreto n&ordm; 6.135, de 26 de junho de 2007, devendo indicar o N&uacute;mero de Identifica&ccedil;&atilde;o Social &ndash; NIS, atribu&iacute;do pelo Cad&Uacute;nico; e<\/li>\n\n\n\n<li>Comprovar ser membro de fam&iacute;lia de baixa renda, nos termos do Decreto n&ordm; 6.135\/2007.<\/li>\n<\/ul><p>Al&eacute;m disso, o candidato deveria declarar que n&atilde;o utilizou recursos pr&oacute;prios para custear cursos preparat&oacute;rios para o processo seletivo e comprovar ser egresso de institui&ccedil;&atilde;o de ensino superior p&uacute;blica ou benefici&aacute;rio de bolsa oficial.<\/p><p><strong>Recursos contra o indeferimento<\/strong> puderam ser apresentados nos <strong>dois dias seguintes &agrave; divulga&ccedil;&atilde;o do resultado<\/strong>, exclusivamente por meio de <a href=\"https:\/\/docs.google.com\/forms\/d\/e\/1FAIpQLSf_Wo6gwGHH3btb94AmReNKyI7NhVEZAf-0aB5ETdLF60tbFw\/viewform\" target=\"_blank\">formul&aacute;rio eletr&ocirc;nico<\/a>. <\/p><h2 class=\"wp-block-heading\" id=\"h-cronograma-unifesp-2025\"><span class=\"ez-toc-section\" id=\"Cronograma-UNIFESP-2025\"><\/span>Cronograma UNIFESP 2025<span class=\"ez-toc-section-end\"><\/span><\/h2><ul class=\"wp-block-list\">\n<li><strong>Per&iacute;odo de Inscri&ccedil;&otilde;es:<\/strong> 14\/09 a 11\/11\/2025;<\/li>\n\n\n\n<li><strong>Taxa de Inscri&ccedil;&atilde;o:<\/strong> R$663,51;<\/li>\n\n\n\n<li><strong>Prova Te&oacute;rica (1&ordf; fase):<\/strong> 08\/12\/2024;<\/li>\n\n\n\n<li><strong>Gabaritos:<\/strong> 08\/12\/2024;<\/li>\n\n\n\n<li><strong>Resultados Parciais &ndash; 1&ordf; fase:<\/strong> 13\/12\/2024;<\/li>\n\n\n\n<li><strong>Resultados Finais &ndash; 1&ordf; fase + Convoca&ccedil;&atilde;o 2&ordf; Fase:<\/strong> 19\/12\/2024;<\/li>\n\n\n\n<li><strong>Prova Pr&aacute;tica &ndash; 2&ordf; fase:<\/strong> 11\/01\/2025;<\/li>\n\n\n\n<li><strong>Gabarito Prova Pr&aacute;tica:<\/strong> 11\/01\/2025<\/li>\n\n\n\n<li><strong>An&aacute;lise Curricular &ndash; 2&ordf; Fase ou 3&ordf; Fase:<\/strong> 07 a 20\/01\/2025;<\/li>\n\n\n\n<li><strong>Resultados Parciais &ndash; 2&ordf; fase:<\/strong> 23\/01\/2025;<\/li>\n\n\n\n<li><strong>Resultados Finais do seletivo: <\/strong>05\/02\/2025; e<\/li>\n\n\n\n<li><strong>Matr&iacute;culas:<\/strong> 11 a 13\/02\/2025.<\/li>\n<\/ul><p class=\"wp-block-verse\">Tudo sobre o processo seletivo: <a href=\"https:\/\/med.estrategia.com\/portal\/residencia-medica\/unifesp-residencia-medica\/\" target=\"_blank\">Resid&ecirc;ncia M&eacute;dica UNIFESP: tudo sobre o processo seletivo!<\/a><\/p><h2 class=\"wp-block-heading\" id=\"h-prepare-se-para-a-unifesp-2024-2025-com-o-estrategia-med\"><span class=\"ez-toc-section\" id=\"Prepare-se-para-a-UNIFESP-20242025-com-o-Estrategia-MED\"><\/span>Prepare-se para a UNIFESP 2024\/2025 com o Estrat&eacute;gia MED<span class=\"ez-toc-section-end\"><\/span><\/h2><p>O&nbsp;Estrat&eacute;gia MED&nbsp;preparou uma semana de Revis&otilde;es para Reta Final completa, com conte&uacute;dos espec&iacute;ficos e direcionados para a prova. Inscreva-se no&nbsp;<a href=\"https:\/\/www.youtube.com\/c\/Estrat%C3%A9giaMED\" target=\"_blank\">nosso canal do&nbsp;Youtube<\/a>&nbsp;e acompanhe as transmiss&otilde;es do&nbsp;<strong>Reta Final UNIFESP Resid&ecirc;ncia M&eacute;dica<\/strong>&nbsp;<strong>2024\/2025<\/strong>. Confira a programa&ccedil;&atilde;o:<\/p><figure class=\"wp-block-table\"><table><thead><tr><th class=\"has-text-align-center\" data-align=\"center\">DATA<\/th><th class=\"has-text-align-center\" data-align=\"center\">HOR&Aacute;RIO<\/th><th>EVENTO<\/th><\/tr><\/thead><tbody><tr><td class=\"has-text-align-center\" data-align=\"center\">01\/12<\/td><td class=\"has-text-align-center\" data-align=\"center\">8h30<\/td><td>Premoni&ccedil;&atilde;o UNIFESP Resid&ecirc;ncia M&eacute;dica<\/td><\/tr><tr><td class=\"has-text-align-center\" data-align=\"center\">02\/12<\/td><td class=\"has-text-align-center\" data-align=\"center\">17h<\/td><td>Hora da Verdade Medicina Preventiva UNIFESP&nbsp;Resid&ecirc;ncia M&eacute;dica<\/td><\/tr><tr><td class=\"has-text-align-center\" data-align=\"center\">03\/12<\/td><td class=\"has-text-align-center\" data-align=\"center\">17h<\/td><td>Hora da Verdade Cirurgia UNIFESP Resid&ecirc;ncia M&eacute;dica&nbsp;<\/td><\/tr><tr><td class=\"has-text-align-center\" data-align=\"center\">04\/12<\/td><td class=\"has-text-align-center\" data-align=\"center\">17h<\/td><td>Hora da Verdade Pediatria UNIFESP Resid&ecirc;ncia M&eacute;dica<\/td><\/tr><tr><td class=\"has-text-align-center\" data-align=\"center\">05\/12<\/td><td class=\"has-text-align-center\" data-align=\"center\">17h<\/td><td>Hora da Verdade Ginecologia e Obstetr&iacute;cia UNIFESP&nbsp;Resid&ecirc;ncia M&eacute;dica<\/td><\/tr><tr><td class=\"has-text-align-center\" data-align=\"center\">06\/12<\/td><td class=\"has-text-align-center\" data-align=\"center\">17h<\/td><td>Hora da Verdade Cl&iacute;nica M&eacute;dica UNIFESP&nbsp;Resid&ecirc;ncia M&eacute;dica<\/td><\/tr><tr><td class=\"has-text-align-center\" data-align=\"center\">07\/12<\/td><td class=\"has-text-align-center\" data-align=\"center\">8h30<\/td><td>Revis&atilde;o de V&eacute;spera UNIFESP Resid&ecirc;ncia M&eacute;dica<\/td><\/tr><tr><td class=\"has-text-align-center\" data-align=\"center\">08\/12<\/td><td class=\"has-text-align-center\" data-align=\"center\">a partir das 20h<\/td><td>Gabarito&nbsp;UNIFESP&nbsp;2024\/25<\/td><\/tr><\/tbody><\/table><\/figure><p>\n\n\n\n\n\n<a id=\"cta\" class=\"cta-imagem\" href=\"https:\/\/med.estrategia.com\/curso\/banco-de-questes-resumos-estrategicos-anual\/\" target=\"blank\">\n                <img decoding=\"async\" width=\"100%\" src=\"https:\/\/med.estrategia.com\/portal\/wp-content\/uploads\/2025\/08\/banco_questoes.png\" alt=\"banco_questoes\" title=\"banco_questoes\">\n        <\/a>\n<\/p><\/p>\n","protected":false},"excerpt":{"rendered":"Os candidatos interessados em participar do processo seletivo ter\u00e3o at\u00e9 \u00e0s 19h59 do dia 11 de novembro de 2024 para se inscrever\n","protected":false},"author":52,"featured_media":61865,"comment_status":"closed","ping_status":"closed","sticky":false,"template":"","format":"standard","meta":{"wl_entities_gutenberg":"","footnotes":""},"categories":[300],"tags":[],"wl_entity_type":[199],"class_list":{"0":"post-69804","1":"post","2":"type-post","3":"status-publish","4":"format-standard","5":"has-post-thumbnail","7":"category-noticias","8":"wl_entity_type-article"},"acf":[],"yoast_head":"<!-- This site is optimized with the Yoast SEO Premium plugin v26.6 (Yoast SEO v26.6) - https:\/\/yoast.com\/wordpress\/plugins\/seo\/ -->\n<title>UNIFESP 2025: inscri\u00e7\u00f5es para o seletivo de resid\u00eancia m\u00e9dica s\u00e3o prorrogadas<\/title>\n<meta name=\"description\" content=\"O per\u00edodo de inscri\u00e7\u00e3o para o processo seletivo de resid\u00eancia m\u00e9dica da Universidade Federal de S\u00e3o Paulo (Unifesp) est\u00e1 aberto a partir das 7h da manh\u00e3 de s\u00e1bado (14) exclusivamente pela internet e, o candidato ter\u00e1 at\u00e9 \u00e0s 19:59 do dia 28 de outubro de 2024 para realizar a inscri\u00e7\u00e3o.\" \/>\n<meta name=\"robots\" content=\"index, follow, max-snippet:-1, max-image-preview:large, max-video-preview:-1\" \/>\n<link rel=\"canonical\" href=\"https:\/\/med.estrategia.com\/portal\/noticias\/unifesp-2025-inscricoes-para-o-seletivo-de-residencia-medica-estao-abertas\/\" \/>\n<meta property=\"og:locale\" content=\"pt_BR\" \/>\n<meta property=\"og:type\" content=\"article\" \/>\n<meta property=\"og:title\" content=\"UNIFESP 2025: inscri\u00e7\u00f5es para o seletivo de resid\u00eancia m\u00e9dica s\u00e3o prorrogadas\" \/>\n<meta property=\"og:description\" content=\"O per\u00edodo de inscri\u00e7\u00e3o para o processo seletivo de resid\u00eancia m\u00e9dica da Universidade Federal de S\u00e3o Paulo (Unifesp) est\u00e1 aberto a partir das 7h da manh\u00e3 de s\u00e1bado (14) exclusivamente pela internet e, o candidato ter\u00e1 at\u00e9 \u00e0s 19:59 do dia 28 de outubro de 2024 para realizar a inscri\u00e7\u00e3o.\" \/>\n<meta property=\"og:url\" content=\"https:\/\/med.estrategia.com\/portal\/noticias\/unifesp-2025-inscricoes-para-o-seletivo-de-residencia-medica-estao-abertas\/\" \/>\n<meta property=\"og:site_name\" content=\"Estrat\u00e9gia MED\" \/>\n<meta property=\"article:publisher\" content=\"https:\/\/www.facebook.com\/estrategiamed1\" \/>\n<meta property=\"article:published_time\" content=\"2024-09-16T11:14:52+00:00\" \/>\n<meta property=\"article:modified_time\" content=\"2024-11-26T12:19:33+00:00\" \/>\n<meta property=\"og:image\" content=\"https:\/\/med.estrategia.com\/portal\/wp-content\/uploads\/2024\/04\/4-16.jpg\" \/>\n\t<meta property=\"og:image:width\" content=\"1920\" \/>\n\t<meta property=\"og:image:height\" content=\"1080\" \/>\n\t<meta property=\"og:image:type\" content=\"image\/jpeg\" \/>\n<meta name=\"author\" content=\"Arion Wolff\" \/>\n<meta name=\"twitter:card\" content=\"summary_large_image\" \/>\n<meta name=\"twitter:creator\" content=\"@estrategiamed_\" \/>\n<meta name=\"twitter:site\" content=\"@estrategiamed_\" \/>\n<meta name=\"twitter:label1\" content=\"Escrito por\" \/>\n\t<meta name=\"twitter:data1\" content=\"Arion Wolff\" \/>\n\t<meta name=\"twitter:label2\" content=\"Est. tempo de leitura\" \/>\n\t<meta name=\"twitter:data2\" content=\"6 minutos\" \/>\n<script type=\"application\/ld+json\" class=\"yoast-schema-graph\">{\"@context\":\"https:\/\/schema.org\",\"@graph\":[{\"@type\":\"WebPage\",\"@id\":\"https:\/\/med.estrategia.com\/portal\/noticias\/unifesp-2025-inscricoes-para-o-seletivo-de-residencia-medica-estao-abertas\/\",\"url\":\"https:\/\/med.estrategia.com\/portal\/noticias\/unifesp-2025-inscricoes-para-o-seletivo-de-residencia-medica-estao-abertas\/\",\"name\":\"UNIFESP 2025: inscri\u00e7\u00f5es para o seletivo de resid\u00eancia m\u00e9dica s\u00e3o prorrogadas\",\"isPartOf\":{\"@id\":\"https:\/\/med.estrategia.com\/portal\/#website\"},\"primaryImageOfPage\":{\"@id\":\"https:\/\/med.estrategia.com\/portal\/noticias\/unifesp-2025-inscricoes-para-o-seletivo-de-residencia-medica-estao-abertas\/#primaryimage\"},\"image\":{\"@id\":\"https:\/\/med.estrategia.com\/portal\/noticias\/unifesp-2025-inscricoes-para-o-seletivo-de-residencia-medica-estao-abertas\/#primaryimage\"},\"thumbnailUrl\":\"https:\/\/med.estrategia.com\/portal\/wp-content\/uploads\/2024\/04\/4-16.jpg\",\"datePublished\":\"2024-09-16T11:14:52+00:00\",\"dateModified\":\"2024-11-26T12:19:33+00:00\",\"author\":{\"@id\":\"https:\/\/med.estrategia.com\/portal\/#\/schema\/person\/b6aba49604868a427dd15c3b1fc6a8bc\"},\"description\":\"O per\u00edodo de inscri\u00e7\u00e3o para o processo seletivo de resid\u00eancia m\u00e9dica da Universidade Federal de S\u00e3o Paulo (Unifesp) est\u00e1 aberto a partir das 7h da manh\u00e3 de s\u00e1bado (14) exclusivamente pela internet e, o candidato ter\u00e1 at\u00e9 \u00e0s 19:59 do dia 28 de outubro de 2024 para realizar a inscri\u00e7\u00e3o.\",\"breadcrumb\":{\"@id\":\"https:\/\/med.estrategia.com\/portal\/noticias\/unifesp-2025-inscricoes-para-o-seletivo-de-residencia-medica-estao-abertas\/#breadcrumb\"},\"inLanguage\":\"pt-BR\",\"potentialAction\":[{\"@type\":\"ReadAction\",\"target\":[\"https:\/\/med.estrategia.com\/portal\/noticias\/unifesp-2025-inscricoes-para-o-seletivo-de-residencia-medica-estao-abertas\/\"]}]},{\"@type\":\"ImageObject\",\"inLanguage\":\"pt-BR\",\"@id\":\"https:\/\/med.estrategia.com\/portal\/noticias\/unifesp-2025-inscricoes-para-o-seletivo-de-residencia-medica-estao-abertas\/#primaryimage\",\"url\":\"https:\/\/med.estrategia.com\/portal\/wp-content\/uploads\/2024\/04\/4-16.jpg\",\"contentUrl\":\"https:\/\/med.estrategia.com\/portal\/wp-content\/uploads\/2024\/04\/4-16.jpg\",\"width\":1920,\"height\":1080,\"caption\":\"Estrat\u00e9gia MED | Foto de Divulga\u00e7\u00e3o: Universidade Federal de S\u00e3o Paulo\"},{\"@type\":\"BreadcrumbList\",\"@id\":\"https:\/\/med.estrategia.com\/portal\/noticias\/unifesp-2025-inscricoes-para-o-seletivo-de-residencia-medica-estao-abertas\/#breadcrumb\",\"itemListElement\":[{\"@type\":\"ListItem\",\"position\":1,\"name\":\"Home\",\"item\":\"https:\/\/med.estrategia.com\/portal\/\"},{\"@type\":\"ListItem\",\"position\":2,\"name\":\"Not\u00edcias\",\"item\":\"https:\/\/med.estrategia.com\/portal\/noticias\/\"},{\"@type\":\"ListItem\",\"position\":3,\"name\":\"UNIFESP 2025: inscri\u00e7\u00f5es para o seletivo de resid\u00eancia m\u00e9dica s\u00e3o prorrogadas\"}]},{\"@type\":\"WebSite\",\"@id\":\"https:\/\/med.estrategia.com\/portal\/#website\",\"url\":\"https:\/\/med.estrategia.com\/portal\/\",\"name\":\"Estrat\u00e9gia MED\",\"description\":\"\",\"potentialAction\":[{\"@type\":\"SearchAction\",\"target\":{\"@type\":\"EntryPoint\",\"urlTemplate\":\"https:\/\/med.estrategia.com\/portal\/?s={search_term_string}\"},\"query-input\":{\"@type\":\"PropertyValueSpecification\",\"valueRequired\":true,\"valueName\":\"search_term_string\"}}],\"inLanguage\":\"pt-BR\"},{\"@type\":\"Person\",\"@id\":\"https:\/\/med.estrategia.com\/portal\/#\/schema\/person\/b6aba49604868a427dd15c3b1fc6a8bc\",\"name\":\"Arion Wolff\",\"image\":{\"@type\":\"ImageObject\",\"inLanguage\":\"pt-BR\",\"@id\":\"https:\/\/med.estrategia.com\/portal\/#\/schema\/person\/image\/\",\"url\":\"https:\/\/med.estrategia.com\/portal\/wp-content\/uploads\/2023\/12\/arion-wolff-estrategia-med-150x150.jpg\",\"contentUrl\":\"https:\/\/med.estrategia.com\/portal\/wp-content\/uploads\/2023\/12\/arion-wolff-estrategia-med-150x150.jpg\",\"caption\":\"Arion Wolff\"},\"description\":\"Jornalista formado pela UNIFATEC e p\u00f3s-graduado em Jornalismo Digital pela UNINTER. Escrevo sobre medicina, resid\u00eancia m\u00e9dica e sa\u00fade. Entusiasta de filmes, livros, bons dramas e romances gen\u00e9ricos.\",\"sameAs\":[\"http:\/\/med.estrategia.com\"],\"url\":\"https:\/\/med.estrategia.com\/portal\/author\/arion-santos\/\"}]}<\/script>\n<!-- \/ Yoast SEO Premium plugin. -->","yoast_head_json":{"title":"UNIFESP 2025: inscri\u00e7\u00f5es para o seletivo de resid\u00eancia m\u00e9dica s\u00e3o prorrogadas","description":"O per\u00edodo de inscri\u00e7\u00e3o para o processo seletivo de resid\u00eancia m\u00e9dica da Universidade Federal de S\u00e3o Paulo (Unifesp) est\u00e1 aberto a partir das 7h da manh\u00e3 de s\u00e1bado (14) exclusivamente pela internet e, o candidato ter\u00e1 at\u00e9 \u00e0s 19:59 do dia 28 de outubro de 2024 para realizar a inscri\u00e7\u00e3o.","robots":{"index":"index","follow":"follow","max-snippet":"max-snippet:-1","max-image-preview":"max-image-preview:large","max-video-preview":"max-video-preview:-1"},"canonical":"https:\/\/med.estrategia.com\/portal\/noticias\/unifesp-2025-inscricoes-para-o-seletivo-de-residencia-medica-estao-abertas\/","og_locale":"pt_BR","og_type":"article","og_title":"UNIFESP 2025: inscri\u00e7\u00f5es para o seletivo de resid\u00eancia m\u00e9dica s\u00e3o prorrogadas","og_description":"O per\u00edodo de inscri\u00e7\u00e3o para o processo seletivo de resid\u00eancia m\u00e9dica da Universidade Federal de S\u00e3o Paulo (Unifesp) est\u00e1 aberto a partir das 7h da manh\u00e3 de s\u00e1bado (14) exclusivamente pela internet e, o candidato ter\u00e1 at\u00e9 \u00e0s 19:59 do dia 28 de outubro de 2024 para realizar a inscri\u00e7\u00e3o.","og_url":"https:\/\/med.estrategia.com\/portal\/noticias\/unifesp-2025-inscricoes-para-o-seletivo-de-residencia-medica-estao-abertas\/","og_site_name":"Estrat\u00e9gia MED","article_publisher":"https:\/\/www.facebook.com\/estrategiamed1","article_published_time":"2024-09-16T11:14:52+00:00","article_modified_time":"2024-11-26T12:19:33+00:00","og_image":[{"width":1920,"height":1080,"url":"https:\/\/med.estrategia.com\/portal\/wp-content\/uploads\/2024\/04\/4-16.jpg","type":"image\/jpeg"}],"author":"Arion Wolff","twitter_card":"summary_large_image","twitter_creator":"@estrategiamed_","twitter_site":"@estrategiamed_","twitter_misc":{"Escrito por":"Arion Wolff","Est. tempo de leitura":"6 minutos"},"schema":{"@context":"https:\/\/schema.org","@graph":[{"@type":"WebPage","@id":"https:\/\/med.estrategia.com\/portal\/noticias\/unifesp-2025-inscricoes-para-o-seletivo-de-residencia-medica-estao-abertas\/","url":"https:\/\/med.estrategia.com\/portal\/noticias\/unifesp-2025-inscricoes-para-o-seletivo-de-residencia-medica-estao-abertas\/","name":"UNIFESP 2025: inscri\u00e7\u00f5es para o seletivo de resid\u00eancia m\u00e9dica s\u00e3o prorrogadas","isPartOf":{"@id":"https:\/\/med.estrategia.com\/portal\/#website"},"primaryImageOfPage":{"@id":"https:\/\/med.estrategia.com\/portal\/noticias\/unifesp-2025-inscricoes-para-o-seletivo-de-residencia-medica-estao-abertas\/#primaryimage"},"image":{"@id":"https:\/\/med.estrategia.com\/portal\/noticias\/unifesp-2025-inscricoes-para-o-seletivo-de-residencia-medica-estao-abertas\/#primaryimage"},"thumbnailUrl":"https:\/\/med.estrategia.com\/portal\/wp-content\/uploads\/2024\/04\/4-16.jpg","datePublished":"2024-09-16T11:14:52+00:00","dateModified":"2024-11-26T12:19:33+00:00","author":{"@id":"https:\/\/med.estrategia.com\/portal\/#\/schema\/person\/b6aba49604868a427dd15c3b1fc6a8bc"},"description":"O per\u00edodo de inscri\u00e7\u00e3o para o processo seletivo de resid\u00eancia m\u00e9dica da Universidade Federal de S\u00e3o Paulo (Unifesp) est\u00e1 aberto a partir das 7h da manh\u00e3 de s\u00e1bado (14) exclusivamente pela internet e, o candidato ter\u00e1 at\u00e9 \u00e0s 19:59 do dia 28 de outubro de 2024 para realizar a inscri\u00e7\u00e3o.","breadcrumb":{"@id":"https:\/\/med.estrategia.com\/portal\/noticias\/unifesp-2025-inscricoes-para-o-seletivo-de-residencia-medica-estao-abertas\/#breadcrumb"},"inLanguage":"pt-BR","potentialAction":[{"@type":"ReadAction","target":["https:\/\/med.estrategia.com\/portal\/noticias\/unifesp-2025-inscricoes-para-o-seletivo-de-residencia-medica-estao-abertas\/"]}]},{"@type":"ImageObject","inLanguage":"pt-BR","@id":"https:\/\/med.estrategia.com\/portal\/noticias\/unifesp-2025-inscricoes-para-o-seletivo-de-residencia-medica-estao-abertas\/#primaryimage","url":"https:\/\/med.estrategia.com\/portal\/wp-content\/uploads\/2024\/04\/4-16.jpg","contentUrl":"https:\/\/med.estrategia.com\/portal\/wp-content\/uploads\/2024\/04\/4-16.jpg","width":1920,"height":1080,"caption":"Estrat\u00e9gia MED | Foto de Divulga\u00e7\u00e3o: Universidade Federal de S\u00e3o Paulo"},{"@type":"BreadcrumbList","@id":"https:\/\/med.estrategia.com\/portal\/noticias\/unifesp-2025-inscricoes-para-o-seletivo-de-residencia-medica-estao-abertas\/#breadcrumb","itemListElement":[{"@type":"ListItem","position":1,"name":"Home","item":"https:\/\/med.estrategia.com\/portal\/"},{"@type":"ListItem","position":2,"name":"Not\u00edcias","item":"https:\/\/med.estrategia.com\/portal\/noticias\/"},{"@type":"ListItem","position":3,"name":"UNIFESP 2025: inscri\u00e7\u00f5es para o seletivo de resid\u00eancia m\u00e9dica s\u00e3o prorrogadas"}]},{"@type":"WebSite","@id":"https:\/\/med.estrategia.com\/portal\/#website","url":"https:\/\/med.estrategia.com\/portal\/","name":"Estrat\u00e9gia MED","description":"","potentialAction":[{"@type":"SearchAction","target":{"@type":"EntryPoint","urlTemplate":"https:\/\/med.estrategia.com\/portal\/?s={search_term_string}"},"query-input":{"@type":"PropertyValueSpecification","valueRequired":true,"valueName":"search_term_string"}}],"inLanguage":"pt-BR"},{"@type":"Person","@id":"https:\/\/med.estrategia.com\/portal\/#\/schema\/person\/b6aba49604868a427dd15c3b1fc6a8bc","name":"Arion Wolff","image":{"@type":"ImageObject","inLanguage":"pt-BR","@id":"https:\/\/med.estrategia.com\/portal\/#\/schema\/person\/image\/","url":"https:\/\/med.estrategia.com\/portal\/wp-content\/uploads\/2023\/12\/arion-wolff-estrategia-med-150x150.jpg","contentUrl":"https:\/\/med.estrategia.com\/portal\/wp-content\/uploads\/2023\/12\/arion-wolff-estrategia-med-150x150.jpg","caption":"Arion Wolff"},"description":"Jornalista formado pela UNIFATEC e p\u00f3s-graduado em Jornalismo Digital pela UNINTER. Escrevo sobre medicina, resid\u00eancia m\u00e9dica e sa\u00fade. Entusiasta de filmes, livros, bons dramas e romances gen\u00e9ricos.","sameAs":["http:\/\/med.estrategia.com"],"url":"https:\/\/med.estrategia.com\/portal\/author\/arion-santos\/"}]}},"_wl_alt_label":[],"wl:entity_url":"\/post\/unifesp-2025-inscricoes-para-o-seletivo-de-residencia-medica-estao-abertas","_links":{"self":[{"href":"https:\/\/med.estrategia.com\/portal\/wp-json\/wp\/v2\/posts\/69804","targetHints":{"allow":["GET"]}}],"collection":[{"href":"https:\/\/med.estrategia.com\/portal\/wp-json\/wp\/v2\/posts"}],"about":[{"href":"https:\/\/med.estrategia.com\/portal\/wp-json\/wp\/v2\/types\/post"}],"author":[{"embeddable":true,"href":"https:\/\/med.estrategia.com\/portal\/wp-json\/wp\/v2\/users\/52"}],"replies":[{"embeddable":true,"href":"https:\/\/med.estrategia.com\/portal\/wp-json\/wp\/v2\/comments?post=69804"}],"version-history":[{"count":10,"href":"https:\/\/med.estrategia.com\/portal\/wp-json\/wp\/v2\/posts\/69804\/revisions"}],"predecessor-version":[{"id":76975,"href":"https:\/\/med.estrategia.com\/portal\/wp-json\/wp\/v2\/posts\/69804\/revisions\/76975"}],"wp:featuredmedia":[{"embeddable":true,"href":"https:\/\/med.estrategia.com\/portal\/wp-json\/wp\/v2\/media\/61865"}],"wp:attachment":[{"href":"https:\/\/med.estrategia.com\/portal\/wp-json\/wp\/v2\/media?parent=69804"}],"wp:term":[{"taxonomy":"category","embeddable":true,"href":"https:\/\/med.estrategia.com\/portal\/wp-json\/wp\/v2\/categories?post=69804"},{"taxonomy":"post_tag","embeddable":true,"href":"https:\/\/med.estrategia.com\/portal\/wp-json\/wp\/v2\/tags?post=69804"},{"taxonomy":"wl_entity_type","embeddable":true,"href":"https:\/\/med.estrategia.com\/portal\/wp-json\/wp\/v2\/wl_entity_type?post=69804"}],"curies":[{"name":"wp","href":"https:\/\/api.w.org\/{rel}","templated":true}]}}