{"id":70223,"date":"2024-09-18T13:26:03","date_gmt":"2024-09-18T16:26:03","guid":{"rendered":"https:\/\/med.estrategia.com\/portal\/?p=70223"},"modified":"2024-09-18T13:26:08","modified_gmt":"2024-09-18T16:26:08","slug":"novo-esquema-vacinal-contra-poliomielite-tem-data-definida-doses-de-reforco-serao-substituidas","status":"publish","type":"post","link":"https:\/\/med.estrategia.com\/portal\/noticias\/novo-esquema-vacinal-contra-poliomielite-tem-data-definida-doses-de-reforco-serao-substituidas\/","title":{"rendered":"Novo esquema vacinal contra Poliomielite tem data definida; doses de refor\u00e7o ser\u00e3o substitu\u00eddas"},"content":{"rendered":"<p>O Minist&eacute;rio da Sa&uacute;de divulgou recentemente um novo informe t&eacute;cnico que estabelece a <strong>substitui&ccedil;&atilde;o das duas doses de refor&ccedil;o com vacina oral poliomielite bivalente (VOPb) por uma &uacute;nica dose de vacina inativada poliomielite (VIP) at&eacute; 4 de novembro de 2024<\/strong>. Com essa mudan&ccedil;a, o esquema vacinal contra a poliomielite passar&aacute; a ser <strong>exclusivamente baseado na VIP<\/strong>. Simultaneamente, ser&aacute; realizada a log&iacute;stica reversa das doses de VOPb.<p>A decis&atilde;o, <a href=\"https:\/\/med.estrategia.com\/portal\/atualidades\/campanha-vacinal-contra-poliomielite-2024\/\" target=\"_blank\">anunciada em maio de 2024<\/a>, foi fundamentada em discuss&otilde;es sobre a substitui&ccedil;&atilde;o durante a <strong>Reuni&atilde;o da C&acirc;mara T&eacute;cnica Assessora em Imuniza&ccedil;&otilde;es (CTAI)<\/strong>, que contou com a participa&ccedil;&atilde;o de representantes da Sociedade Cient&iacute;fica, do <strong>Conselho Nacional de Secret&aacute;rios de Sa&uacute;de (Conass)<\/strong>, do <strong>Conselho Nacional de Secretarias Municipais de Sa&uacute;de (Conasems)<\/strong>, da <strong>Organiza&ccedil;&atilde;o Pan-Americana da Sa&uacute;de (Opas)<\/strong> e da <strong>Organiza&ccedil;&atilde;o Mundial da Sa&uacute;de (OMS)<\/strong>.<\/p><p>A mudan&ccedil;a visa <strong>reduzir o risco de reintrodu&ccedil;&atilde;o do poliov&iacute;rus selvagem<\/strong> e a <strong>ocorr&ecirc;ncia de poliov&iacute;rus derivado vacinal (VDPV)<\/strong>. Al&eacute;m disso, busca facilitar o acesso &agrave;s vacinas, garantindo uma cobertura vacinal mais eficiente.<\/p><p>\n\n\n<div id=\"new-form\">\n\t<form id=\"forms_layout\">\n\t<input type=\"hidden\" id=\"chave_de\" name=\"chave_de\" value=\"01_EMED_LEADS_TOTAIS\" \/>\n\t\t<input type=\"hidden\" id=\"mid\" name=\"mid\" value=\"515009018\" \/>\n\t\t<input type=\"hidden\" id=\"Objetivo\" name=\"Objetivo\" value=\"Medicina\" \/>\n\t\t<input type=\"hidden\" id=\"Estado_de_Origem_do_IP\" name=\"Estado_de_Origem_do_IP\"  value=\"\" \/>\n\t\t<input type=\"hidden\" id=\"Cidade_de_Origem_do_IP\" name=\"Cidade_de_Origem_do_IP\" value=\"\" \/>\n\t\t<input type=\"hidden\" id=\"Modo_de_entrada\" name=\"Modo_de_entrada\" value=\"Portal\" \/>\n\t\t<input type=\"hidden\" id=\"Pagina_Origem\" name=\"Pagina_Origem\" value=\"\" \/>\n\n\t\t<div class=\"texto\">\n\t\t\t<div id=\"ez-toc-container\" class=\"ez-toc-v2_0_79_2 counter-hierarchy ez-toc-counter ez-toc-transparent ez-toc-container-direction\">\n<div class=\"ez-toc-title-container\"><p class=\"ez-toc-title\" style=\"cursor:inherit\">Navegue pelo conte\u00fado<\/p>\n<\/div><nav><ul class='ez-toc-list ez-toc-list-level-1 ' ><ul class='ez-toc-list-level-3' ><li class='ez-toc-heading-level-3'><a class=\"ez-toc-link ez-toc-heading-1\" href=\"https:\/\/med.estrategia.com\/portal\/noticias\/novo-esquema-vacinal-contra-poliomielite-tem-data-definida-doses-de-reforco-serao-substituidas\/#Inscreva-se-em-nossa-newsletter\" >Inscreva-se em nossa newsletter!<\/a><\/li><\/ul><\/li><li class='ez-toc-page-1 ez-toc-heading-level-2'><a class=\"ez-toc-link ez-toc-heading-2\" href=\"https:\/\/med.estrategia.com\/portal\/noticias\/novo-esquema-vacinal-contra-poliomielite-tem-data-definida-doses-de-reforco-serao-substituidas\/#Preparacao-para-a-retirada-da-VOPb-e-substituicao-por-VIP\" >Prepara&ccedil;&atilde;o para a retirada da VOPb e substitui&ccedil;&atilde;o por VIP<\/a><\/li><li class='ez-toc-page-1 ez-toc-heading-level-2'><a class=\"ez-toc-link ez-toc-heading-3\" href=\"https:\/\/med.estrategia.com\/portal\/noticias\/novo-esquema-vacinal-contra-poliomielite-tem-data-definida-doses-de-reforco-serao-substituidas\/#Recomendacoes-para-o-uso-exclusivo-da-VIP-na-vacinacao-contra-a-poliomielite\" >Recomenda&ccedil;&otilde;es para o uso exclusivo da VIP na vacina&ccedil;&atilde;o contra a poliomielite<\/a><\/li><li class='ez-toc-page-1 ez-toc-heading-level-2'><a class=\"ez-toc-link ez-toc-heading-4\" href=\"https:\/\/med.estrategia.com\/portal\/noticias\/novo-esquema-vacinal-contra-poliomielite-tem-data-definida-doses-de-reforco-serao-substituidas\/#Atualizacao-nas-condutas-de-vacinacao-contra-poliomielite\" >Atualiza&ccedil;&atilde;o nas condutas de vacina&ccedil;&atilde;o contra poliomielite<\/a><\/li><li class='ez-toc-page-1 ez-toc-heading-level-2'><a class=\"ez-toc-link ez-toc-heading-5\" href=\"https:\/\/med.estrategia.com\/portal\/noticias\/novo-esquema-vacinal-contra-poliomielite-tem-data-definida-doses-de-reforco-serao-substituidas\/#Registro-das-doses-aplicadas\" >Registro das doses aplicadas<\/a><\/li><li class='ez-toc-page-1 ez-toc-heading-level-2'><a class=\"ez-toc-link ez-toc-heading-6\" href=\"https:\/\/med.estrategia.com\/portal\/noticias\/novo-esquema-vacinal-contra-poliomielite-tem-data-definida-doses-de-reforco-serao-substituidas\/#LocalizaSUS\" >LocalizaSUS<\/a><\/li><\/ul><\/nav><\/div>\n<h3 class=\"news\"><span class=\"ez-toc-section\" id=\"Inscreva-se-em-nossa-newsletter\"><\/span>Inscreva-se em nossa newsletter!<span class=\"ez-toc-section-end\"><\/span><\/h3>\n\t\t\t<p>Receba not\u00edcias sobre resid\u00eancia m\u00e9dica, revalida\u00e7\u00e3o de diplomas e concursos m\u00e9dicos, al\u00e9m de materiais de estudo gratuitos e informa\u00e7\u00f5es relevantes do mundo da Medicina.<\/p>\n\t\t<\/div>\n\t\t<div class=\"campos\">\n\t\t\t<div class=\"first_name labels\">\n\t\t\t\t<input type=\"text\" class=\"input_labels\" id=\"first_name\" name=\"Nome_Completo\" placeholder=\"Nome\" required \/>\n\t\t\t<\/div>\n\t\t\t<div class=\"email labels\">\n\t\t\t\t<input type=\"email\" class=\"input_labels\" id=\"email\" name=\"Email\" placeholder=\"E-mail\" required \/>\n\t\t\t<\/div>\n\t\t\t<button type=\"submit\" class=\"button_layout\">\n\t\t\t\t<div id=\"lblBotao\">Inscreva-se<\/div>\n\t\t\t\t<span id=\"divSpiner\" class=\"loader\" role=\"status\" style=\"display: none;\"><\/span>\t\n\t\t\t<\/button>\n\t\t<\/div><!-- \/campos -->\n\t\t\n\t\t<label class=\"container_checkbox\">Voc\u00ea concorda com a nossa\n\t\t\t<a class=\"politics_privacy_ahref\" target=\"_blank\" href=\"https:\/\/gratis.estrategiaconcursos.com.br\/politica-de-privacidade\/\">Pol\u00edtica de Privacidade<\/a> e aceita receber informa\u00e7\u00f5es adicionais do Estrat\u00e9gia Educacional.\n\t\t\t<input id=\"checkbox_layout\" type=\"checkbox\" checked=\"checked\" required \/>\n\t\t\t<span class=\"checkbox\"><\/span>\n\t\t<\/label>\n\t\t<div id=\"msg\"><\/div>\n\t\t<div id=\"error\" class=\"error\">\n\t\t<\/div>\n\t<\/form>\n<\/div><!-- \/new-form -->\n\n\n\n<\/p><h2 class=\"wp-block-heading\" id=\"h-preparacao-para-a-retirada-da-vopb-e-substituicao-por-vip\"><span class=\"ez-toc-section\" id=\"Preparacao-para-a-retirada-da-VOPb-e-substituicao-por-VIP\"><\/span>Prepara&ccedil;&atilde;o para a retirada da VOPb e substitui&ccedil;&atilde;o por VIP<span class=\"ez-toc-section-end\"><\/span><\/h2><p>O Minist&eacute;rio da Sa&uacute;de orienta que os Estados se preparem para a <strong>retirada da VOPb<\/strong> e a <strong>substitui&ccedil;&atilde;o das doses de refor&ccedil;o pela VIP<\/strong>. Confira abaixo as orienta&ccedil;&otilde;es para a log&iacute;stica reversa das doses de VOPb:<\/p><figure class=\"wp-block-table\"><table><thead><tr><th>A&ccedil;&otilde;es<\/th><th>Per&iacute;odos<\/th><th>Observa&ccedil;&otilde;es<\/th><\/tr><\/thead><tbody><tr><td>As unidades federadas (UFs) dever&atilde;o trabalhar junto com os munic&iacute;pios as orienta&ccedil;&otilde;es para a log&iacute;stica reversa das doses de VOPb e devem divulgar a data final de utiliza&ccedil;&atilde;o da VOPb.<\/td><td><strong>A partir de 16 de setembro de 2024<\/strong><\/td><td>As UFs e seus respectivos munic&iacute;pios, de acordo com os fluxos log&iacute;sticos, dever&atilde;o planejar e operacionalizar o recolhimento da VOPb. <strong>A log&iacute;stica reversa ser&aacute; conduzida pelo Minist&eacute;rio da Sa&uacute;de apenas para os frascos n&atilde;o violados (fechados).<\/strong> A divulga&ccedil;&atilde;o deve ser realizada oficialmente e amplamente &agrave; gest&atilde;o municipal.<\/td><\/tr><tr><td>Data final de utiliza&ccedil;&atilde;o da VOPb.<\/td><td><strong>27 de setembro<\/strong><\/td><td>Todos os munic&iacute;pios devem interromper o uso da VOP <strong>a partir de 28 de setembro de 2024<\/strong>.<\/td><\/tr><tr><td>Os estoques remanescentes da VOPb devem ser entregues na central estadual conforme fluxo estabelecido entre os entes.<\/td><td><strong>30 de setembro a 31 de outubro de 2024<\/strong><\/td><td>Aten&ccedil;&atilde;o especial quanto aos comprovantes do n&iacute;vel municipal (Anexos A.1 e A.2), que devem ser enviados apenas &agrave; sua respectiva UF.<\/td><\/tr><tr><td>Prazo final para a entrega do imunobiol&oacute;gico na central estadual.<\/td><td><strong>31 de outubro de 2024<\/strong><\/td><td>As UFs devem divulgar oficialmente e amplamente &agrave; gest&atilde;o municipal o prazo final.<\/td><\/tr><tr><td>As Coordena&ccedil;&otilde;es Estaduais de Imuniza&ccedil;&otilde;es dever&atilde;o consolidar as informa&ccedil;&otilde;es de seus respectivos munic&iacute;pios quanto ao estoque.<\/td><td><strong>30 de setembro a 31 de outubro de 2024<\/strong><\/td><td>Consolidar as informa&ccedil;&otilde;es nos Anexos B.1 e B.2 para posterior envio ao DPNI.<\/td><\/tr><tr><td><strong>As UFs devem acordar<\/strong> o recolhimento dos lotes<strong> com a empresa respons&aacute;vel em um &uacute;nico momento <\/strong>nas centrais estaduais de armazenamento.<\/td><td><strong>15 de outubro a 15 de novembro<\/strong><\/td><td>Os entes federativos s&atilde;o respons&aacute;veis por qualquer imunobiol&oacute;gico remanescente nos seus estabelecimentos depois da data final de recolhimento, conforme cronograma definido para cada UF.<\/td><\/tr><tr><td>Encaminhamento dos comprovantes dos estoques recolhidos e da declara&ccedil;&atilde;o de negativa ap&oacute;s o recolhimento pela empresa respons&aacute;vel.<\/td><td><strong>1 a 31 de novembro<\/strong><\/td><td>Cada UF deve enviar os anexos B.1 e B.2, oficialmente, ao DPNI.<\/td><\/tr><\/tbody><\/table><\/figure><h2 class=\"wp-block-heading\" id=\"h-recomendacoes-para-o-uso-exclusivo-da-vip-na-vacinacao-contra-a-poliomielite\"><span class=\"ez-toc-section\" id=\"Recomendacoes-para-o-uso-exclusivo-da-VIP-na-vacinacao-contra-a-poliomielite\"><\/span>Recomenda&ccedil;&otilde;es para o uso exclusivo da VIP na vacina&ccedil;&atilde;o contra a poliomielite<span class=\"ez-toc-section-end\"><\/span><\/h2><p>A <strong>VOPb<\/strong> estar&aacute; dispon&iacute;vel at&eacute; o dia <strong>27 de setembro de 2024<\/strong> e, a partir de <strong>4 de novembro de 2024<\/strong>, todo o esquema vacinal contra a poliomielite ser&aacute; realizado exclusivamente com a <strong>VIP<\/strong>. A tabela abaixo detalha o novo esquema prim&aacute;rio e de refor&ccedil;o com VIP:<\/p><figure class=\"wp-block-table\"><table><thead><tr><th>Sistema<\/th><th>Orienta&ccedil;&atilde;o<\/th><\/tr><\/thead><tbody><tr><td><strong>2 meses &ndash; 1&ordf; dose<\/strong><\/td><td rowspan=\"4\">Vacina poliomielite 1, 2 e 3 (inativada) &ndash; VIP<\/td><\/tr><tr><td><strong>4 meses &ndash; 2&ordf; dose<\/strong><\/td><\/tr><tr><td><strong>6 meses &ndash; 3&ordf; dose<\/strong><\/td><\/tr><tr><td><strong>15 meses &ndash; refor&ccedil;o<\/strong><\/td><\/tr><\/tbody><\/table><\/figure><h2 class=\"wp-block-heading\" id=\"h-atualizacao-nas-condutas-de-vacinacao-contra-poliomielite\"><span class=\"ez-toc-section\" id=\"Atualizacao-nas-condutas-de-vacinacao-contra-poliomielite\"><\/span>Atualiza&ccedil;&atilde;o nas condutas de vacina&ccedil;&atilde;o contra poliomielite<span class=\"ez-toc-section-end\"><\/span><\/h2><p>Ap&oacute;s os novos procedimentos para a vacina&ccedil;&atilde;o contra poliomielite serem implementados, as condutas relacionadas &agrave; situa&ccedil;&atilde;o vacinal devem ser revisadas e atualizadas. Os servi&ccedil;os de vacina&ccedil;&atilde;o devem <strong>verificar o imunobiol&oacute;gico utilizado na &uacute;ltima dose<\/strong> ou no <strong>refor&ccedil;o<\/strong> recebido para garantir a conformidade com as novas diretrizes.<\/p><p>Confira abaixo as novas recomenda&ccedil;&otilde;es para os servi&ccedil;os de vacina&ccedil;&atilde;o contra poliomielite que entrar&atilde;o em vigor a partir de 4 de novembro de 2024:<\/p><figure class=\"wp-block-table\"><table><tbody><tr><td class=\"has-text-align-left\" data-align=\"left\" colspan=\"3\"><strong>Crian&ccedil;as de 2 meses a menores de 5 anos de idade<\/strong><\/td><\/tr><tr><td class=\"has-text-align-left\" data-align=\"left\"><strong>Situa&ccedil;&atilde;o<\/strong><\/td><td class=\"has-text-align-left\" data-align=\"left\"><strong>Conduta<\/strong><\/td><td class=\"has-text-align-center\" data-align=\"center\"><strong>Observa&ccedil;&atilde;o<\/strong><\/td><\/tr><tr><td class=\"has-text-align-left\" data-align=\"left\" rowspan=\"3\">Crian&ccedil;a de 2 meses a menores de 1 ano de idade.<\/td><td class=\"has-text-align-left\" data-align=\"left\">N&atilde;o vacinadas. Vacinar com VIP (D1) e agendar D2, com intervalo de sessenta dias entre as doses. O intervalo m&iacute;nimo &eacute; de trinta dias entre as doses.<\/td><td class=\"has-text-align-center\" data-align=\"center\"><\/td><\/tr><tr><td class=\"has-text-align-left\" data-align=\"left\">Vacinadas com D1 de VIP. Vacinar com VIP (D2) e agendar D3, com intervalo de sessenta dias entre as doses. O intervalo m&iacute;nimo &eacute; de trinta dias entre as doses.<\/td><td class=\"has-text-align-left\" data-align=\"left\"><\/td><\/tr><tr><td class=\"has-text-align-left\" data-align=\"left\">Vacinadas com D2 de VIP. Vacinar com VIP (D3) e agendar o refor&ccedil;o com VIP, obedecendo ao intervalo m&iacute;nimo de seis meses entre D3 e refor&ccedil;o. O intervalo m&iacute;nimo &eacute; de trinta dias entre as doses.<\/td><td class=\"has-text-align-left\" data-align=\"left\"><\/td><\/tr><tr><td class=\"has-text-align-left\" data-align=\"left\">Crian&ccedil;a de 2 meses a menores de 1 ano de idade.<\/td><td class=\"has-text-align-left\" data-align=\"left\">Com esquema b&aacute;sico completo (D1, D2 e D3 de VIP). Agendar refor&ccedil;o com VIP para os 15 meses. O intervalo m&iacute;nimo entre a D3 (VIP) e o refor&ccedil;o (VIP) &eacute; de seis meses.<\/td><td class=\"has-text-align-center\" data-align=\"center\"><\/td><\/tr><tr><td class=\"has-text-align-left\" data-align=\"left\" rowspan=\"5\">Crian&ccedil;as de 1 ano a menores de 5 anos de idade (4 anos, 11 meses e 29 dias).<\/td><td class=\"has-text-align-left\" data-align=\"left\">N&atilde;o vacinadas. Vacinar com VIP (D1) e agendar D2, com intervalo de sessenta dias entre as doses. O intervalo m&iacute;nimo &eacute; de trinta dias entre as doses.<\/td><td class=\"has-text-align-center\" data-align=\"center\"><\/td><\/tr><tr><td class=\"has-text-align-left\" data-align=\"left\">Vacinadas com D1 de VIP. Vacinar com VIP (D2) e agendar D3, com intervalo de sessenta dias entre as doses. O intervalo m&iacute;nimo &eacute; de trinta dias entre as doses.<\/td><td class=\"has-text-align-left\" data-align=\"left\"><\/td><\/tr><tr><td class=\"has-text-align-left\" data-align=\"left\">Vacinadas com D2 de VIP. Vacinar com VIP (D3) e agendar o refor&ccedil;o com VIP, obedecendo ao intervalo m&iacute;nimo de seis meses entre D3 e refor&ccedil;o. O intervalo m&iacute;nimo &eacute; de trinta dias entre as doses.<\/td><td class=\"has-text-align-left\" data-align=\"left\" rowspan=\"2\">Realizar uma dose de refor&ccedil;o com VIP.<\/td><\/tr><tr><td class=\"has-text-align-left\" data-align=\"left\">Com esquema b&aacute;sico completo (D1, D2 e D3 de VIP). Agendar refor&ccedil;o com VIP para os 15 meses. O intervalo m&iacute;nimo entre a D3 (VIP) e o refor&ccedil;o (VIP) &eacute; de seis meses.<\/td><\/tr><tr><td class=\"has-text-align-left\" data-align=\"left\">Com esquema b&aacute;sico completo (D1, D2 e D3 de VIP) e 1o e 2o refor&ccedil;os com VOP. N&atilde;o administrar nenhuma dose.<\/td><td class=\"has-text-align-left\" data-align=\"left\">Considerar como esquema completo.<\/td><\/tr><tr><td class=\"has-text-align-left\" data-align=\"left\">Crian&ccedil;as menores de 5 anos de idade.<\/td><td class=\"has-text-align-left\" data-align=\"left\">Nas indica&ccedil;&otilde;es do Crie. Continuar esquema conforme recomenda&ccedil;&otilde;es do Crie com VIP.<\/td><td class=\"has-text-align-center\" data-align=\"center\"><\/td><\/tr><\/tbody><\/table><\/figure><h2 class=\"wp-block-heading\" id=\"h-registro-das-doses-aplicadas\"><span class=\"ez-toc-section\" id=\"Registro-das-doses-aplicadas\"><\/span>Registro das doses aplicadas<span class=\"ez-toc-section-end\"><\/span><\/h2><p>A partir de agora, o registro das doses de vacina contra poliomielite deve ser feito de forma nominal, utilizando o <strong>Cart&atilde;o Nacional de Sa&uacute;de (CNS)<\/strong> ou o <strong>Cadastro de Pessoa F&iacute;sica (CPF)<\/strong> do indiv&iacute;duo. Esse registro deve ser inserido no <strong>e-SUS APS, no SI-PNI<\/strong> ou em sistemas espec&iacute;ficos utilizados pelos munic&iacute;pios. Os dados registrados devem ser enviados para a base nacional da <strong>Rede Nacional de Dados em Sa&uacute;de (RNDS)<\/strong> e estar&atilde;o dispon&iacute;veis nos relat&oacute;rios acess&iacute;veis aos profissionais e gestores das tr&ecirc;s esferas de governo, al&eacute;m de na <strong>Carteira Nacional de Vacina&ccedil;&atilde;o Digital <\/strong>do cidad&atilde;o, dispon&iacute;vel no <strong>Meu SUS Digital<\/strong> (anteriormente conhecido como &ldquo;ConecteSUS&rdquo;).<\/p><p>As doses de VIP aplicadas pelo SUS durante a rotina de vacina&ccedil;&atilde;o devem ser registradas na estrat&eacute;gia &ldquo;rotina&rdquo; e no Grupo de Atendimento &ldquo;Faixa Et&aacute;ria&rdquo;. Para outros tipos de estrat&eacute;gias e grupos de atendimento, o registro deve seguir as orienta&ccedil;&otilde;es da <strong>Instru&ccedil;&atilde;o Normativa<\/strong>, do <strong>Manual dos Centros de Refer&ecirc;ncia para Imunobiol&oacute;gicos Especiais<\/strong> ou das diretrizes espec&iacute;ficas do <strong>Programa Nacional de Imuniza&ccedil;&otilde;es (PNI)<\/strong>. Al&eacute;m disso, &eacute; fundamental avaliar sistematicamente o registro vacinal nos diferentes sistemas que alimentam a RNDS conforme as regras apresentadas no Anexo C do informe t&eacute;cnico.<\/p><p>Confira as orienta&ccedil;&otilde;es quanto aos registros das doses aplicadas referentes aos diversos sistemas de informa&ccedil;&otilde;es na tabela abaixo:<\/p><figure class=\"wp-block-table\"><table><thead><tr><th>Sistema<\/th><th>Orienta&ccedil;&atilde;o<\/th><\/tr><\/thead><tbody><tr><td><strong>SI-PNI<\/strong><\/td><td>As doses aplicadas contra a poliomielite dever&atilde;o ser registradas por meio do <a href=\"https:\/\/si-pni.saude.gov.br\/#\/login\" target=\"_blank\">Perfil de Acesso Operador Estabelecimento de Sa&uacute;de<\/a>, e os procedimentos operacionais est&atilde;o descritos no Manual de Opera&ccedil;&atilde;o do sistema, dispon&iacute;vel no Menu Ajuda do sistema.<\/td><\/tr><tr><td><strong>e-SUS APS<\/strong><\/td><td>Os procedimentos operacionais est&atilde;o descritos no Manual de Opera&ccedil;&atilde;o do sistema, dispon&iacute;vel no item Materiais de Apoio, disponibilizado <a href=\"https:\/\/sisaps.saude.gov.br\/esus\/\" target=\"_blank\">neste link<\/a>.<\/td><\/tr><tr><td><strong>Pr&oacute;prios ou propriet&aacute;rios<\/strong><\/td><td>Todos os estabelecimentos de sa&uacute;de que utilizam sistemas pr&oacute;prios ou propriet&aacute;rios dever&atilde;o seguir os procedimentos de registro das doses aplicadas conforme j&aacute; estabelecido em sua rotina di&aacute;ria de vacina&ccedil;&atilde;o do Calend&aacute;rio Nacional de Vacina&ccedil;&atilde;o.<\/td><\/tr><tr><td><strong>Sistemas off-line<\/strong><\/td><td>Todos os estabelecimentos p&uacute;blicos de sa&uacute;de (APS, unidade de aten&ccedil;&atilde;o &agrave; sa&uacute;de dos povos ind&iacute;genas, maternidade, cl&iacute;nicas especializadas, Crie, entre outros) que N&Atilde;O disp&otilde;em de conex&atilde;o com a internet dever&atilde;o encaminhar o registro de vacina&ccedil;&atilde;o de acordo com o fluxo local.<\/td><\/tr><\/tbody><\/table><\/figure><h2 class=\"wp-block-heading\" id=\"h-localizasus\"><span class=\"ez-toc-section\" id=\"LocalizaSUS\"><\/span>LocalizaSUS<span class=\"ez-toc-section-end\"><\/span><\/h2><p>Os profissionais de sa&uacute;de e gestores respons&aacute;veis devem acompanhar diariamente os <strong>registros de doses aplicadas<\/strong> para <strong>monitorar o avan&ccedil;o da vacina&ccedil;&atilde;o<\/strong> e corrigir eventuais erros de registro. A visualiza&ccedil;&atilde;o e exporta&ccedil;&atilde;o dessas informa&ccedil;&otilde;es est&atilde;o dispon&iacute;veis na plataforma <a href=\"https:\/\/www.gov.br\/saude\/pt-br\/composicao\/seidigi\/demas\" target=\"_blank\">LocalizaSUS<\/a>, na se&ccedil;&atilde;o Guia Vacina&ccedil;&atilde;o do Calend&aacute;rio Nacional.<\/p><p>Para mais informa&ccedil;&otilde;es sobre as diretrizes e orienta&ccedil;&otilde;es operacionais referentes &agrave; substitui&ccedil;&atilde;o das doses de refor&ccedil;o e &agrave; ado&ccedil;&atilde;o do esquema vacinal exclusivo com VIP, consulte o informe t&eacute;cnico disponibilizado pelo Minist&eacute;rio da Sa&uacute;de clicando no bot&atilde;o abaixo:<\/p><div class=\"wp-block-buttons is-content-justification-center is-layout-flex wp-container-core-buttons-is-layout-1 wp-block-buttons-is-layout-flex\">\n<div class=\"wp-block-button\"><a class=\"wp-block-button__link wp-element-button\" href=\"https:\/\/med.estrategia.com\/portal\/wp-content\/uploads\/2024\/09\/informe_polio_vop_vip_13set_14h_240917_223502.pdf\" target=\"_blank\">Informe T&eacute;cnico Poliomielite<\/a><\/div>\n<\/div><p>Se voc&ecirc; quer ficar por dentro de mais conte&uacute;dos relevantes sobre a &aacute;rea m&eacute;dica, continue acompanhando o material preparado pelo <a href=\"https:\/\/med.estrategia.com\/portal\/\" target=\"_blank\">Portal de Not&iacute;cias do Estrat&eacute;gia MED<\/a>. Aqui, voc&ecirc; encontrar&aacute; informa&ccedil;&otilde;es atualizadas sobre resid&ecirc;ncias, carreira m&eacute;dica e muito mais.<\/p><p>\n\n\n\n\n\n<a id=\"cta\" class=\"cta-imagem\" href=\"https:\/\/med.estrategia.com\/curso\/banco-de-questes-resumos-estrategicos-anual\/\" target=\"blank\">\n                <img decoding=\"async\" width=\"100%\" src=\"https:\/\/med.estrategia.com\/portal\/wp-content\/uploads\/2025\/08\/banco_questoes.png\" alt=\"banco_questoes\" title=\"banco_questoes\">\n        <\/a>\n<\/p><\/p>\n","protected":false},"excerpt":{"rendered":"A VOPb estar\u00e1 dispon\u00edvel at\u00e9 o dia 27 de setembro de 2024 e, a partir de 4 de novembro de 2024, todo o esquema vacinal contra a poliomielite ser\u00e1 realizado exclusivamente com a VIP\n","protected":false},"author":52,"featured_media":70226,"comment_status":"closed","ping_status":"closed","sticky":false,"template":"","format":"standard","meta":{"wl_entities_gutenberg":"","footnotes":""},"categories":[300],"tags":[],"wl_entity_type":[199],"class_list":{"0":"post-70223","1":"post","2":"type-post","3":"status-publish","4":"format-standard","5":"has-post-thumbnail","7":"category-noticias","8":"wl_entity_type-article"},"acf":[],"yoast_head":"<!-- This site is optimized with the Yoast SEO Premium plugin v26.6 (Yoast SEO v26.6) - https:\/\/yoast.com\/wordpress\/plugins\/seo\/ -->\n<title>Novo esquema vacinal contra Poliomielite tem data definida; doses de refor\u00e7o ser\u00e3o substitu\u00eddas<\/title>\n<meta name=\"description\" content=\"O Minist\u00e9rio da Sa\u00fade divulgou recentemente um novo informe t\u00e9cnico que estabelece a substitui\u00e7\u00e3o das duas doses de refor\u00e7o com vacina oral poliomielite bivalente (VOPb) por uma \u00fanica dose de vacina inativada poliomielite (VIP) at\u00e9 4 de novembro de 2024. Com essa mudan\u00e7a, o esquema vacinal contra a poliomielite passar\u00e1 a ser exclusivamente baseado na VIP. Simultaneamente, ser\u00e1 realizada a log\u00edstica reversa das doses de VOPb.\" \/>\n<meta name=\"robots\" content=\"index, follow, max-snippet:-1, max-image-preview:large, max-video-preview:-1\" \/>\n<link rel=\"canonical\" href=\"https:\/\/med.estrategia.com\/portal\/noticias\/novo-esquema-vacinal-contra-poliomielite-tem-data-definida-doses-de-reforco-serao-substituidas\/\" \/>\n<meta property=\"og:locale\" content=\"pt_BR\" \/>\n<meta property=\"og:type\" content=\"article\" \/>\n<meta property=\"og:title\" content=\"Novo esquema vacinal contra Poliomielite tem data definida; doses de refor\u00e7o ser\u00e3o substitu\u00eddas\" \/>\n<meta property=\"og:description\" content=\"O Minist\u00e9rio da Sa\u00fade divulgou recentemente um novo informe t\u00e9cnico que estabelece a substitui\u00e7\u00e3o das duas doses de refor\u00e7o com vacina oral poliomielite bivalente (VOPb) por uma \u00fanica dose de vacina inativada poliomielite (VIP) at\u00e9 4 de novembro de 2024. Com essa mudan\u00e7a, o esquema vacinal contra a poliomielite passar\u00e1 a ser exclusivamente baseado na VIP. Simultaneamente, ser\u00e1 realizada a log\u00edstica reversa das doses de VOPb.\" \/>\n<meta property=\"og:url\" content=\"https:\/\/med.estrategia.com\/portal\/noticias\/novo-esquema-vacinal-contra-poliomielite-tem-data-definida-doses-de-reforco-serao-substituidas\/\" \/>\n<meta property=\"og:site_name\" content=\"Estrat\u00e9gia MED\" \/>\n<meta property=\"article:publisher\" content=\"https:\/\/www.facebook.com\/estrategiamed1\" \/>\n<meta property=\"article:published_time\" content=\"2024-09-18T16:26:03+00:00\" \/>\n<meta property=\"article:modified_time\" content=\"2024-09-18T16:26:08+00:00\" \/>\n<meta property=\"og:image\" content=\"https:\/\/med.estrategia.com\/portal\/wp-content\/uploads\/2024\/09\/ministerio-saude-vacina-poliomielite-2024-VOPb-VIP.jpg\" \/>\n\t<meta property=\"og:image:width\" content=\"1380\" \/>\n\t<meta property=\"og:image:height\" content=\"776\" \/>\n\t<meta property=\"og:image:type\" content=\"image\/jpeg\" \/>\n<meta name=\"author\" content=\"Arion Wolff\" \/>\n<meta name=\"twitter:card\" content=\"summary_large_image\" \/>\n<meta name=\"twitter:creator\" content=\"@estrategiamed_\" \/>\n<meta name=\"twitter:site\" content=\"@estrategiamed_\" \/>\n<meta name=\"twitter:label1\" content=\"Escrito por\" \/>\n\t<meta name=\"twitter:data1\" content=\"Arion Wolff\" \/>\n\t<meta name=\"twitter:label2\" content=\"Est. tempo de leitura\" \/>\n\t<meta name=\"twitter:data2\" content=\"8 minutos\" \/>\n<script type=\"application\/ld+json\" class=\"yoast-schema-graph\">{\"@context\":\"https:\/\/schema.org\",\"@graph\":[{\"@type\":\"WebPage\",\"@id\":\"https:\/\/med.estrategia.com\/portal\/noticias\/novo-esquema-vacinal-contra-poliomielite-tem-data-definida-doses-de-reforco-serao-substituidas\/\",\"url\":\"https:\/\/med.estrategia.com\/portal\/noticias\/novo-esquema-vacinal-contra-poliomielite-tem-data-definida-doses-de-reforco-serao-substituidas\/\",\"name\":\"Novo esquema vacinal contra Poliomielite tem data definida; doses de refor\u00e7o ser\u00e3o substitu\u00eddas\",\"isPartOf\":{\"@id\":\"https:\/\/med.estrategia.com\/portal\/#website\"},\"primaryImageOfPage\":{\"@id\":\"https:\/\/med.estrategia.com\/portal\/noticias\/novo-esquema-vacinal-contra-poliomielite-tem-data-definida-doses-de-reforco-serao-substituidas\/#primaryimage\"},\"image\":{\"@id\":\"https:\/\/med.estrategia.com\/portal\/noticias\/novo-esquema-vacinal-contra-poliomielite-tem-data-definida-doses-de-reforco-serao-substituidas\/#primaryimage\"},\"thumbnailUrl\":\"https:\/\/med.estrategia.com\/portal\/wp-content\/uploads\/2024\/09\/ministerio-saude-vacina-poliomielite-2024-VOPb-VIP.jpg\",\"datePublished\":\"2024-09-18T16:26:03+00:00\",\"dateModified\":\"2024-09-18T16:26:08+00:00\",\"author\":{\"@id\":\"https:\/\/med.estrategia.com\/portal\/#\/schema\/person\/b6aba49604868a427dd15c3b1fc6a8bc\"},\"description\":\"O Minist\u00e9rio da Sa\u00fade divulgou recentemente um novo informe t\u00e9cnico que estabelece a substitui\u00e7\u00e3o das duas doses de refor\u00e7o com vacina oral poliomielite bivalente (VOPb) por uma \u00fanica dose de vacina inativada poliomielite (VIP) at\u00e9 4 de novembro de 2024. Com essa mudan\u00e7a, o esquema vacinal contra a poliomielite passar\u00e1 a ser exclusivamente baseado na VIP. Simultaneamente, ser\u00e1 realizada a log\u00edstica reversa das doses de VOPb.\",\"breadcrumb\":{\"@id\":\"https:\/\/med.estrategia.com\/portal\/noticias\/novo-esquema-vacinal-contra-poliomielite-tem-data-definida-doses-de-reforco-serao-substituidas\/#breadcrumb\"},\"inLanguage\":\"pt-BR\",\"potentialAction\":[{\"@type\":\"ReadAction\",\"target\":[\"https:\/\/med.estrategia.com\/portal\/noticias\/novo-esquema-vacinal-contra-poliomielite-tem-data-definida-doses-de-reforco-serao-substituidas\/\"]}]},{\"@type\":\"ImageObject\",\"inLanguage\":\"pt-BR\",\"@id\":\"https:\/\/med.estrategia.com\/portal\/noticias\/novo-esquema-vacinal-contra-poliomielite-tem-data-definida-doses-de-reforco-serao-substituidas\/#primaryimage\",\"url\":\"https:\/\/med.estrategia.com\/portal\/wp-content\/uploads\/2024\/09\/ministerio-saude-vacina-poliomielite-2024-VOPb-VIP.jpg\",\"contentUrl\":\"https:\/\/med.estrategia.com\/portal\/wp-content\/uploads\/2024\/09\/ministerio-saude-vacina-poliomielite-2024-VOPb-VIP.jpg\",\"width\":1380,\"height\":776,\"caption\":\"Estrat\u00e9gia Med | Foto: Freepik\"},{\"@type\":\"BreadcrumbList\",\"@id\":\"https:\/\/med.estrategia.com\/portal\/noticias\/novo-esquema-vacinal-contra-poliomielite-tem-data-definida-doses-de-reforco-serao-substituidas\/#breadcrumb\",\"itemListElement\":[{\"@type\":\"ListItem\",\"position\":1,\"name\":\"Home\",\"item\":\"https:\/\/med.estrategia.com\/portal\/\"},{\"@type\":\"ListItem\",\"position\":2,\"name\":\"Not\u00edcias\",\"item\":\"https:\/\/med.estrategia.com\/portal\/noticias\/\"},{\"@type\":\"ListItem\",\"position\":3,\"name\":\"Novo esquema vacinal contra Poliomielite tem data definida; doses de refor\u00e7o ser\u00e3o substitu\u00eddas\"}]},{\"@type\":\"WebSite\",\"@id\":\"https:\/\/med.estrategia.com\/portal\/#website\",\"url\":\"https:\/\/med.estrategia.com\/portal\/\",\"name\":\"Estrat\u00e9gia MED\",\"description\":\"\",\"potentialAction\":[{\"@type\":\"SearchAction\",\"target\":{\"@type\":\"EntryPoint\",\"urlTemplate\":\"https:\/\/med.estrategia.com\/portal\/?s={search_term_string}\"},\"query-input\":{\"@type\":\"PropertyValueSpecification\",\"valueRequired\":true,\"valueName\":\"search_term_string\"}}],\"inLanguage\":\"pt-BR\"},{\"@type\":\"Person\",\"@id\":\"https:\/\/med.estrategia.com\/portal\/#\/schema\/person\/b6aba49604868a427dd15c3b1fc6a8bc\",\"name\":\"Arion Wolff\",\"image\":{\"@type\":\"ImageObject\",\"inLanguage\":\"pt-BR\",\"@id\":\"https:\/\/med.estrategia.com\/portal\/#\/schema\/person\/image\/\",\"url\":\"https:\/\/med.estrategia.com\/portal\/wp-content\/uploads\/2023\/12\/arion-wolff-estrategia-med-150x150.jpg\",\"contentUrl\":\"https:\/\/med.estrategia.com\/portal\/wp-content\/uploads\/2023\/12\/arion-wolff-estrategia-med-150x150.jpg\",\"caption\":\"Arion Wolff\"},\"description\":\"Jornalista formado pela UNIFATEC e p\u00f3s-graduado em Jornalismo Digital pela UNINTER. Escrevo sobre medicina, resid\u00eancia m\u00e9dica e sa\u00fade. Entusiasta de filmes, livros, bons dramas e romances gen\u00e9ricos.\",\"sameAs\":[\"http:\/\/med.estrategia.com\"],\"url\":\"https:\/\/med.estrategia.com\/portal\/author\/arion-santos\/\"}]}<\/script>\n<!-- \/ Yoast SEO Premium plugin. -->","yoast_head_json":{"title":"Novo esquema vacinal contra Poliomielite tem data definida; doses de refor\u00e7o ser\u00e3o substitu\u00eddas","description":"O Minist\u00e9rio da Sa\u00fade divulgou recentemente um novo informe t\u00e9cnico que estabelece a substitui\u00e7\u00e3o das duas doses de refor\u00e7o com vacina oral poliomielite bivalente (VOPb) por uma \u00fanica dose de vacina inativada poliomielite (VIP) at\u00e9 4 de novembro de 2024. Com essa mudan\u00e7a, o esquema vacinal contra a poliomielite passar\u00e1 a ser exclusivamente baseado na VIP. Simultaneamente, ser\u00e1 realizada a log\u00edstica reversa das doses de VOPb.","robots":{"index":"index","follow":"follow","max-snippet":"max-snippet:-1","max-image-preview":"max-image-preview:large","max-video-preview":"max-video-preview:-1"},"canonical":"https:\/\/med.estrategia.com\/portal\/noticias\/novo-esquema-vacinal-contra-poliomielite-tem-data-definida-doses-de-reforco-serao-substituidas\/","og_locale":"pt_BR","og_type":"article","og_title":"Novo esquema vacinal contra Poliomielite tem data definida; doses de refor\u00e7o ser\u00e3o substitu\u00eddas","og_description":"O Minist\u00e9rio da Sa\u00fade divulgou recentemente um novo informe t\u00e9cnico que estabelece a substitui\u00e7\u00e3o das duas doses de refor\u00e7o com vacina oral poliomielite bivalente (VOPb) por uma \u00fanica dose de vacina inativada poliomielite (VIP) at\u00e9 4 de novembro de 2024. Com essa mudan\u00e7a, o esquema vacinal contra a poliomielite passar\u00e1 a ser exclusivamente baseado na VIP. Simultaneamente, ser\u00e1 realizada a log\u00edstica reversa das doses de VOPb.","og_url":"https:\/\/med.estrategia.com\/portal\/noticias\/novo-esquema-vacinal-contra-poliomielite-tem-data-definida-doses-de-reforco-serao-substituidas\/","og_site_name":"Estrat\u00e9gia MED","article_publisher":"https:\/\/www.facebook.com\/estrategiamed1","article_published_time":"2024-09-18T16:26:03+00:00","article_modified_time":"2024-09-18T16:26:08+00:00","og_image":[{"width":1380,"height":776,"url":"https:\/\/med.estrategia.com\/portal\/wp-content\/uploads\/2024\/09\/ministerio-saude-vacina-poliomielite-2024-VOPb-VIP.jpg","type":"image\/jpeg"}],"author":"Arion Wolff","twitter_card":"summary_large_image","twitter_creator":"@estrategiamed_","twitter_site":"@estrategiamed_","twitter_misc":{"Escrito por":"Arion Wolff","Est. tempo de leitura":"8 minutos"},"schema":{"@context":"https:\/\/schema.org","@graph":[{"@type":"WebPage","@id":"https:\/\/med.estrategia.com\/portal\/noticias\/novo-esquema-vacinal-contra-poliomielite-tem-data-definida-doses-de-reforco-serao-substituidas\/","url":"https:\/\/med.estrategia.com\/portal\/noticias\/novo-esquema-vacinal-contra-poliomielite-tem-data-definida-doses-de-reforco-serao-substituidas\/","name":"Novo esquema vacinal contra Poliomielite tem data definida; doses de refor\u00e7o ser\u00e3o substitu\u00eddas","isPartOf":{"@id":"https:\/\/med.estrategia.com\/portal\/#website"},"primaryImageOfPage":{"@id":"https:\/\/med.estrategia.com\/portal\/noticias\/novo-esquema-vacinal-contra-poliomielite-tem-data-definida-doses-de-reforco-serao-substituidas\/#primaryimage"},"image":{"@id":"https:\/\/med.estrategia.com\/portal\/noticias\/novo-esquema-vacinal-contra-poliomielite-tem-data-definida-doses-de-reforco-serao-substituidas\/#primaryimage"},"thumbnailUrl":"https:\/\/med.estrategia.com\/portal\/wp-content\/uploads\/2024\/09\/ministerio-saude-vacina-poliomielite-2024-VOPb-VIP.jpg","datePublished":"2024-09-18T16:26:03+00:00","dateModified":"2024-09-18T16:26:08+00:00","author":{"@id":"https:\/\/med.estrategia.com\/portal\/#\/schema\/person\/b6aba49604868a427dd15c3b1fc6a8bc"},"description":"O Minist\u00e9rio da Sa\u00fade divulgou recentemente um novo informe t\u00e9cnico que estabelece a substitui\u00e7\u00e3o das duas doses de refor\u00e7o com vacina oral poliomielite bivalente (VOPb) por uma \u00fanica dose de vacina inativada poliomielite (VIP) at\u00e9 4 de novembro de 2024. Com essa mudan\u00e7a, o esquema vacinal contra a poliomielite passar\u00e1 a ser exclusivamente baseado na VIP. Simultaneamente, ser\u00e1 realizada a log\u00edstica reversa das doses de VOPb.","breadcrumb":{"@id":"https:\/\/med.estrategia.com\/portal\/noticias\/novo-esquema-vacinal-contra-poliomielite-tem-data-definida-doses-de-reforco-serao-substituidas\/#breadcrumb"},"inLanguage":"pt-BR","potentialAction":[{"@type":"ReadAction","target":["https:\/\/med.estrategia.com\/portal\/noticias\/novo-esquema-vacinal-contra-poliomielite-tem-data-definida-doses-de-reforco-serao-substituidas\/"]}]},{"@type":"ImageObject","inLanguage":"pt-BR","@id":"https:\/\/med.estrategia.com\/portal\/noticias\/novo-esquema-vacinal-contra-poliomielite-tem-data-definida-doses-de-reforco-serao-substituidas\/#primaryimage","url":"https:\/\/med.estrategia.com\/portal\/wp-content\/uploads\/2024\/09\/ministerio-saude-vacina-poliomielite-2024-VOPb-VIP.jpg","contentUrl":"https:\/\/med.estrategia.com\/portal\/wp-content\/uploads\/2024\/09\/ministerio-saude-vacina-poliomielite-2024-VOPb-VIP.jpg","width":1380,"height":776,"caption":"Estrat\u00e9gia Med | Foto: Freepik"},{"@type":"BreadcrumbList","@id":"https:\/\/med.estrategia.com\/portal\/noticias\/novo-esquema-vacinal-contra-poliomielite-tem-data-definida-doses-de-reforco-serao-substituidas\/#breadcrumb","itemListElement":[{"@type":"ListItem","position":1,"name":"Home","item":"https:\/\/med.estrategia.com\/portal\/"},{"@type":"ListItem","position":2,"name":"Not\u00edcias","item":"https:\/\/med.estrategia.com\/portal\/noticias\/"},{"@type":"ListItem","position":3,"name":"Novo esquema vacinal contra Poliomielite tem data definida; doses de refor\u00e7o ser\u00e3o substitu\u00eddas"}]},{"@type":"WebSite","@id":"https:\/\/med.estrategia.com\/portal\/#website","url":"https:\/\/med.estrategia.com\/portal\/","name":"Estrat\u00e9gia MED","description":"","potentialAction":[{"@type":"SearchAction","target":{"@type":"EntryPoint","urlTemplate":"https:\/\/med.estrategia.com\/portal\/?s={search_term_string}"},"query-input":{"@type":"PropertyValueSpecification","valueRequired":true,"valueName":"search_term_string"}}],"inLanguage":"pt-BR"},{"@type":"Person","@id":"https:\/\/med.estrategia.com\/portal\/#\/schema\/person\/b6aba49604868a427dd15c3b1fc6a8bc","name":"Arion Wolff","image":{"@type":"ImageObject","inLanguage":"pt-BR","@id":"https:\/\/med.estrategia.com\/portal\/#\/schema\/person\/image\/","url":"https:\/\/med.estrategia.com\/portal\/wp-content\/uploads\/2023\/12\/arion-wolff-estrategia-med-150x150.jpg","contentUrl":"https:\/\/med.estrategia.com\/portal\/wp-content\/uploads\/2023\/12\/arion-wolff-estrategia-med-150x150.jpg","caption":"Arion Wolff"},"description":"Jornalista formado pela UNIFATEC e p\u00f3s-graduado em Jornalismo Digital pela UNINTER. Escrevo sobre medicina, resid\u00eancia m\u00e9dica e sa\u00fade. Entusiasta de filmes, livros, bons dramas e romances gen\u00e9ricos.","sameAs":["http:\/\/med.estrategia.com"],"url":"https:\/\/med.estrategia.com\/portal\/author\/arion-santos\/"}]}},"_wl_alt_label":[],"wl:entity_url":"\/post\/novo-esquema-vacinal-contra-poliomielite-tem-data-definida-doses-de-reforco-serao-substituidas","_links":{"self":[{"href":"https:\/\/med.estrategia.com\/portal\/wp-json\/wp\/v2\/posts\/70223","targetHints":{"allow":["GET"]}}],"collection":[{"href":"https:\/\/med.estrategia.com\/portal\/wp-json\/wp\/v2\/posts"}],"about":[{"href":"https:\/\/med.estrategia.com\/portal\/wp-json\/wp\/v2\/types\/post"}],"author":[{"embeddable":true,"href":"https:\/\/med.estrategia.com\/portal\/wp-json\/wp\/v2\/users\/52"}],"replies":[{"embeddable":true,"href":"https:\/\/med.estrategia.com\/portal\/wp-json\/wp\/v2\/comments?post=70223"}],"version-history":[{"count":4,"href":"https:\/\/med.estrategia.com\/portal\/wp-json\/wp\/v2\/posts\/70223\/revisions"}],"predecessor-version":[{"id":70228,"href":"https:\/\/med.estrategia.com\/portal\/wp-json\/wp\/v2\/posts\/70223\/revisions\/70228"}],"wp:featuredmedia":[{"embeddable":true,"href":"https:\/\/med.estrategia.com\/portal\/wp-json\/wp\/v2\/media\/70226"}],"wp:attachment":[{"href":"https:\/\/med.estrategia.com\/portal\/wp-json\/wp\/v2\/media?parent=70223"}],"wp:term":[{"taxonomy":"category","embeddable":true,"href":"https:\/\/med.estrategia.com\/portal\/wp-json\/wp\/v2\/categories?post=70223"},{"taxonomy":"post_tag","embeddable":true,"href":"https:\/\/med.estrategia.com\/portal\/wp-json\/wp\/v2\/tags?post=70223"},{"taxonomy":"wl_entity_type","embeddable":true,"href":"https:\/\/med.estrategia.com\/portal\/wp-json\/wp\/v2\/wl_entity_type?post=70223"}],"curies":[{"name":"wp","href":"https:\/\/api.w.org\/{rel}","templated":true}]}}