{"id":71742,"date":"2024-10-07T14:24:54","date_gmt":"2024-10-07T17:24:54","guid":{"rendered":"https:\/\/med.estrategia.com\/portal\/?p=71742"},"modified":"2024-10-07T14:25:14","modified_gmt":"2024-10-07T17:25:14","slug":"instituto-oncoclinicas-abre-inscricoes-para-selecao-de-residencia-medica-confira-o-edital-2025","status":"publish","type":"post","link":"https:\/\/med.estrategia.com\/portal\/noticias\/instituto-oncoclinicas-abre-inscricoes-para-selecao-de-residencia-medica-confira-o-edital-2025\/","title":{"rendered":"Instituto Oncocl\u00ednicas abre inscri\u00e7\u00f5es para sele\u00e7\u00e3o de resid\u00eancia m\u00e9dica; confira o edital 2025"},"content":{"rendered":"<p>Foram abertas hoje (7) as inscri&ccedil;&otilde;es para concorrer &agrave;s <strong>duas vagas em Oncologia Cl&iacute;nica<\/strong> oferecidas pelo <strong>Instituto Oncocl&iacute;nicas<\/strong> em seu<strong> processo seletivo para resid&ecirc;ncia m&eacute;dica<\/strong> <strong>2025<\/strong>. A institui&ccedil;&atilde;o de Botafogo, Rio de Janeiro (RJ), ter&aacute; sua sele&ccedil;&atilde;o organizada pelo <a href=\"https:\/\/www.cepuerj.uerj.br\/concursos2.php?concurso=S00032&amp;ano=2025\" target=\"_blank\">Centro de Produ&ccedil;&atilde;o da UERJ (CEPUERJ)<\/a>. Confira mais detalhes sobre a sele&ccedil;&atilde;o abaixo:<div id=\"ez-toc-container\" class=\"ez-toc-v2_0_79_2 counter-hierarchy ez-toc-counter ez-toc-transparent ez-toc-container-direction\">\n<div class=\"ez-toc-title-container\"><p class=\"ez-toc-title\" style=\"cursor:inherit\">Navegue pelo conte\u00fado<\/p>\n<\/div><nav><ul class='ez-toc-list ez-toc-list-level-1 ' ><li class='ez-toc-page-1 ez-toc-heading-level-2'><a class=\"ez-toc-link ez-toc-heading-1\" href=\"https:\/\/med.estrategia.com\/portal\/noticias\/instituto-oncoclinicas-abre-inscricoes-para-selecao-de-residencia-medica-confira-o-edital-2025\/#Resumo-edital-Instituto-Oncoclinicas-2025\" >Resumo edital Instituto Oncocl&iacute;nicas 2025<\/a><\/li><li class='ez-toc-page-1 ez-toc-heading-level-2'><a class=\"ez-toc-link ez-toc-heading-2\" href=\"https:\/\/med.estrategia.com\/portal\/noticias\/instituto-oncoclinicas-abre-inscricoes-para-selecao-de-residencia-medica-confira-o-edital-2025\/#Processo-Seletivo-Instituto-Oncoclinicas-2025\" >Processo Seletivo Instituto Oncocl&iacute;nicas 2025<\/a><\/li><li class='ez-toc-page-1 ez-toc-heading-level-2'><a class=\"ez-toc-link ez-toc-heading-3\" href=\"https:\/\/med.estrategia.com\/portal\/noticias\/instituto-oncoclinicas-abre-inscricoes-para-selecao-de-residencia-medica-confira-o-edital-2025\/#Edital-Instituto-Oncoclinicas-2025\" >Edital Instituto Oncocl&iacute;nicas 2025<\/a><\/li><\/ul><\/nav><\/div>\n<h2 class=\"wp-block-heading\" id=\"h-resumo-edital-instituto-oncoclinicas-2025\"><span class=\"ez-toc-section\" id=\"Resumo-edital-Instituto-Oncoclinicas-2025\"><\/span>Resumo edital Instituto Oncocl&iacute;nicas 2025<span class=\"ez-toc-section-end\"><\/span><\/h2><figure class=\"wp-block-table is-style-stripes\"><table><tbody><tr><td><strong>Vagas ofertadas<\/strong><\/td><td class=\"has-text-align-center\" data-align=\"center\">2 (PR)<\/td><\/tr><tr><td><strong>Taxa de Inscri&ccedil;&atilde;o<\/strong><\/td><td class=\"has-text-align-center\" data-align=\"center\">R$380,00<\/td><\/tr><tr><td><strong>Composi&ccedil;&atilde;o do Processo Seletivo<\/strong><\/td><td class=\"has-text-align-center\" data-align=\"center\">Fase &uacute;nica: Prova Discursiva<\/td><\/tr><tr><td><strong>Per&iacute;odo de Inscri&ccedil;&otilde;es<\/strong><\/td><td class=\"has-text-align-center\" data-align=\"center\">07\/10 a 07\/11\/2024<\/td><\/tr><tr><td><strong>Solicita&ccedil;&atilde;o de isen&ccedil;&atilde;o<\/strong><\/td><td class=\"has-text-align-center\" data-align=\"center\">09\/10 a 11\/10\/2024<\/td><\/tr><tr><td><strong>Impress&atilde;o do Cart&atilde;o de Confirma&ccedil;&atilde;o de Inscri&ccedil;&atilde;o &ndash; CCI<\/strong><\/td><td class=\"has-text-align-center\" data-align=\"center\">03\/12\/2024<\/td><\/tr><tr><td><strong>Prova Discursiva<\/strong><\/td><td class=\"has-text-align-center\" data-align=\"center\">08\/12\/2024<\/td><\/tr><tr><td><strong>Gabarito Preliminar (padr&atilde;o de resposta da prova discursiva)<\/strong><\/td><td class=\"has-text-align-center\" data-align=\"center\">08\/12\/2024<\/td><\/tr><tr><td><strong>Recursos contra Gabarito<\/strong><\/td><td class=\"has-text-align-center\" data-align=\"center\">08\/12 a 10\/12\/2024<\/td><\/tr><tr><td><strong>Nota da prova<\/strong><\/td><td class=\"has-text-align-center\" data-align=\"center\">16\/01\/2025<\/td><\/tr><tr><td><strong>Recursos contra n<strong>ota da prova<\/strong><\/strong><\/td><td class=\"has-text-align-center\" data-align=\"center\">16 e 17\/01\/2025<\/td><\/tr><tr><td><strong>Resultado Final<\/strong><\/td><td class=\"has-text-align-center\" data-align=\"center\">30\/01\/2025<\/td><\/tr><\/tbody><\/table><\/figure><h2 class=\"wp-block-heading\" id=\"h-processo-seletivo-instituto-oncoclinicas-2025\"><span class=\"ez-toc-section\" id=\"Processo-Seletivo-Instituto-Oncoclinicas-2025\"><\/span>Processo Seletivo Instituto Oncocl&iacute;nicas 2025<span class=\"ez-toc-section-end\"><\/span><\/h2><p>O processo seletivo contar&aacute; com uma fase &uacute;nica: uma <strong>prova discursiva com cinco quest&otilde;es de peso igual<\/strong>. O exame ser&aacute; aplicado na cidade do Rio de Janeiro em 8 de dezembro de 2024 e ter&aacute; a dura&ccedil;&atilde;o m&aacute;xima de duas horas.<\/p><p>Ser&aacute; considerado aprovado o candidato que obtiver, no m&iacute;nimo, 50% de acertos, n&atilde;o podendo zerar nenhuma quest&atilde;o da prova. <\/p><h2 class=\"wp-block-heading\" id=\"h-edital-instituto-oncoclinicas-2025\"><span class=\"ez-toc-section\" id=\"Edital-Instituto-Oncoclinicas-2025\"><\/span>Edital Instituto Oncocl&iacute;nicas 2025<span class=\"ez-toc-section-end\"><\/span><\/h2><p>O edital completo foi divulgado no dia 3 de outubro de 2024 pelo CEPUERJ e voc&ecirc; pode conferir o arquivo completo com todas as informa&ccedil;&otilde;es sobre a sele&ccedil;&atilde;o clicando no bot&atilde;o abaixo:<\/p><div class=\"wp-block-buttons is-horizontal is-content-justification-center is-layout-flex wp-container-core-buttons-is-layout-1 wp-block-buttons-is-layout-flex\">\n<div class=\"wp-block-button\"><a class=\"wp-block-button__link wp-element-button\" href=\"https:\/\/cdn.medblog.estrategiaeducacional.com.br\/wp-content\/uploads\/2024\/10\/edital.pdf\" target=\"_blank\">Edital Instituto Oncocl&iacute;nicas 2025<\/a><\/div>\n<\/div><p>Se voc&ecirc; quer ficar por dentro de mais conte&uacute;dos relevantes sobre a &aacute;rea m&eacute;dica, continue acompanhando o material preparado pelo Portal de Not&iacute;cias do Estrat&eacute;gia MED. Aqui, voc&ecirc; encontrar&aacute; informa&ccedil;&otilde;es atualizadas sobre resid&ecirc;ncias, carreira m&eacute;dica e muito mais.<\/p><p>\n\n\n\n\n\n<a id=\"cta\" class=\"cta-imagem\" href=\"https:\/\/med.estrategia.com\/curso\/banco-de-questes-resumos-estrategicos-anual\/\" target=\"blank\">\n                <img decoding=\"async\" width=\"100%\" src=\"https:\/\/med.estrategia.com\/portal\/wp-content\/uploads\/2025\/08\/banco_questoes.png\" alt=\"banco_questoes\" title=\"banco_questoes\">\n        <\/a>\n<\/p><\/p>\n","protected":false},"excerpt":{"rendered":"Foram abertas hoje (7) as inscri&ccedil;&otilde;es para concorrer &agrave;s duas vagas em Oncologia Cl&iacute;nica oferecidas pelo Instituto Oncocl&iacute;nicas&hellip;\n","protected":false},"author":22,"featured_media":71743,"comment_status":"closed","ping_status":"closed","sticky":false,"template":"","format":"standard","meta":{"wl_entities_gutenberg":"","footnotes":""},"categories":[300],"tags":[],"wl_entity_type":[199],"class_list":{"0":"post-71742","1":"post","2":"type-post","3":"status-publish","4":"format-standard","5":"has-post-thumbnail","7":"category-noticias","8":"wl_entity_type-article"},"acf":[],"yoast_head":"<!-- This site is optimized with the Yoast SEO Premium plugin v26.6 (Yoast SEO v26.6) - https:\/\/yoast.com\/wordpress\/plugins\/seo\/ -->\n<title>Instituto Oncocl\u00ednicas abre inscri\u00e7\u00f5es para sele\u00e7\u00e3o de resid\u00eancia m\u00e9dica; confira o edital 2025<\/title>\n<meta name=\"description\" content=\"Confira o edital para resid\u00eancia m\u00e9dica do Instituto Oncocl\u00ednicas 2025 com o Estrat\u00e9gia MED! S\u00e3o duas vagas ofertadas!\" \/>\n<meta name=\"robots\" content=\"index, follow, max-snippet:-1, max-image-preview:large, max-video-preview:-1\" \/>\n<link rel=\"canonical\" href=\"https:\/\/med.estrategia.com\/portal\/noticias\/instituto-oncoclinicas-abre-inscricoes-para-selecao-de-residencia-medica-confira-o-edital-2025\/\" \/>\n<meta property=\"og:locale\" content=\"pt_BR\" \/>\n<meta property=\"og:type\" content=\"article\" \/>\n<meta property=\"og:title\" content=\"Instituto Oncocl\u00ednicas abre inscri\u00e7\u00f5es para sele\u00e7\u00e3o de resid\u00eancia m\u00e9dica; confira o edital 2025\" \/>\n<meta property=\"og:description\" content=\"Confira o edital para resid\u00eancia m\u00e9dica do Instituto Oncocl\u00ednicas 2025 com o Estrat\u00e9gia MED! S\u00e3o duas vagas ofertadas!\" \/>\n<meta property=\"og:url\" content=\"https:\/\/med.estrategia.com\/portal\/noticias\/instituto-oncoclinicas-abre-inscricoes-para-selecao-de-residencia-medica-confira-o-edital-2025\/\" \/>\n<meta property=\"og:site_name\" content=\"Estrat\u00e9gia MED\" \/>\n<meta property=\"article:publisher\" content=\"https:\/\/www.facebook.com\/estrategiamed1\" \/>\n<meta property=\"article:published_time\" content=\"2024-10-07T17:24:54+00:00\" \/>\n<meta property=\"article:modified_time\" content=\"2024-10-07T17:25:14+00:00\" \/>\n<meta property=\"og:image\" content=\"https:\/\/med.estrategia.com\/portal\/wp-content\/uploads\/2024\/10\/Capas-Estrategia-Med-24.jpg\" \/>\n\t<meta property=\"og:image:width\" content=\"1920\" \/>\n\t<meta property=\"og:image:height\" content=\"1080\" \/>\n\t<meta property=\"og:image:type\" content=\"image\/jpeg\" \/>\n<meta name=\"author\" content=\"Erika Coelho\" \/>\n<meta name=\"twitter:card\" content=\"summary_large_image\" \/>\n<meta name=\"twitter:creator\" content=\"@estrategiamed_\" \/>\n<meta name=\"twitter:site\" content=\"@estrategiamed_\" \/>\n<meta name=\"twitter:label1\" content=\"Escrito por\" \/>\n\t<meta name=\"twitter:data1\" content=\"Erika Coelho\" \/>\n\t<meta name=\"twitter:label2\" content=\"Est. tempo de leitura\" \/>\n\t<meta name=\"twitter:data2\" content=\"1 minuto\" \/>\n<script type=\"application\/ld+json\" class=\"yoast-schema-graph\">{\"@context\":\"https:\/\/schema.org\",\"@graph\":[{\"@type\":\"WebPage\",\"@id\":\"https:\/\/med.estrategia.com\/portal\/noticias\/instituto-oncoclinicas-abre-inscricoes-para-selecao-de-residencia-medica-confira-o-edital-2025\/\",\"url\":\"https:\/\/med.estrategia.com\/portal\/noticias\/instituto-oncoclinicas-abre-inscricoes-para-selecao-de-residencia-medica-confira-o-edital-2025\/\",\"name\":\"Instituto Oncocl\u00ednicas abre inscri\u00e7\u00f5es para sele\u00e7\u00e3o de resid\u00eancia m\u00e9dica; confira o edital 2025\",\"isPartOf\":{\"@id\":\"https:\/\/med.estrategia.com\/portal\/#website\"},\"primaryImageOfPage\":{\"@id\":\"https:\/\/med.estrategia.com\/portal\/noticias\/instituto-oncoclinicas-abre-inscricoes-para-selecao-de-residencia-medica-confira-o-edital-2025\/#primaryimage\"},\"image\":{\"@id\":\"https:\/\/med.estrategia.com\/portal\/noticias\/instituto-oncoclinicas-abre-inscricoes-para-selecao-de-residencia-medica-confira-o-edital-2025\/#primaryimage\"},\"thumbnailUrl\":\"https:\/\/med.estrategia.com\/portal\/wp-content\/uploads\/2024\/10\/Capas-Estrategia-Med-24.jpg\",\"datePublished\":\"2024-10-07T17:24:54+00:00\",\"dateModified\":\"2024-10-07T17:25:14+00:00\",\"author\":{\"@id\":\"https:\/\/med.estrategia.com\/portal\/#\/schema\/person\/8e7c9b2f53f2eede3b8880ad86ff20a3\"},\"description\":\"Confira o edital para resid\u00eancia m\u00e9dica do Instituto Oncocl\u00ednicas 2025 com o Estrat\u00e9gia MED! S\u00e3o duas vagas ofertadas!\",\"breadcrumb\":{\"@id\":\"https:\/\/med.estrategia.com\/portal\/noticias\/instituto-oncoclinicas-abre-inscricoes-para-selecao-de-residencia-medica-confira-o-edital-2025\/#breadcrumb\"},\"inLanguage\":\"pt-BR\",\"potentialAction\":[{\"@type\":\"ReadAction\",\"target\":[\"https:\/\/med.estrategia.com\/portal\/noticias\/instituto-oncoclinicas-abre-inscricoes-para-selecao-de-residencia-medica-confira-o-edital-2025\/\"]}]},{\"@type\":\"ImageObject\",\"inLanguage\":\"pt-BR\",\"@id\":\"https:\/\/med.estrategia.com\/portal\/noticias\/instituto-oncoclinicas-abre-inscricoes-para-selecao-de-residencia-medica-confira-o-edital-2025\/#primaryimage\",\"url\":\"https:\/\/med.estrategia.com\/portal\/wp-content\/uploads\/2024\/10\/Capas-Estrategia-Med-24.jpg\",\"contentUrl\":\"https:\/\/med.estrategia.com\/portal\/wp-content\/uploads\/2024\/10\/Capas-Estrategia-Med-24.jpg\",\"width\":1920,\"height\":1080,\"caption\":\"Instituto Oncocl\u00ednicas abre inscri\u00e7\u00f5es para sele\u00e7\u00e3o de resid\u00eancia m\u00e9dica; confira o edital 2025\"},{\"@type\":\"BreadcrumbList\",\"@id\":\"https:\/\/med.estrategia.com\/portal\/noticias\/instituto-oncoclinicas-abre-inscricoes-para-selecao-de-residencia-medica-confira-o-edital-2025\/#breadcrumb\",\"itemListElement\":[{\"@type\":\"ListItem\",\"position\":1,\"name\":\"Home\",\"item\":\"https:\/\/med.estrategia.com\/portal\/\"},{\"@type\":\"ListItem\",\"position\":2,\"name\":\"Not\u00edcias\",\"item\":\"https:\/\/med.estrategia.com\/portal\/noticias\/\"},{\"@type\":\"ListItem\",\"position\":3,\"name\":\"Instituto Oncocl\u00ednicas abre inscri\u00e7\u00f5es para sele\u00e7\u00e3o de resid\u00eancia m\u00e9dica; confira o edital 2025\"}]},{\"@type\":\"WebSite\",\"@id\":\"https:\/\/med.estrategia.com\/portal\/#website\",\"url\":\"https:\/\/med.estrategia.com\/portal\/\",\"name\":\"Estrat\u00e9gia MED\",\"description\":\"\",\"potentialAction\":[{\"@type\":\"SearchAction\",\"target\":{\"@type\":\"EntryPoint\",\"urlTemplate\":\"https:\/\/med.estrategia.com\/portal\/?s={search_term_string}\"},\"query-input\":{\"@type\":\"PropertyValueSpecification\",\"valueRequired\":true,\"valueName\":\"search_term_string\"}}],\"inLanguage\":\"pt-BR\"},{\"@type\":\"Person\",\"@id\":\"https:\/\/med.estrategia.com\/portal\/#\/schema\/person\/8e7c9b2f53f2eede3b8880ad86ff20a3\",\"name\":\"Erika Coelho\",\"image\":{\"@type\":\"ImageObject\",\"inLanguage\":\"pt-BR\",\"@id\":\"https:\/\/med.estrategia.com\/portal\/#\/schema\/person\/image\/\",\"url\":\"https:\/\/secure.gravatar.com\/avatar\/8ef9ff2e2fa53829c640cca8d1a45178?s=96&d=mm&r=g\",\"contentUrl\":\"https:\/\/secure.gravatar.com\/avatar\/8ef9ff2e2fa53829c640cca8d1a45178?s=96&d=mm&r=g\",\"caption\":\"Erika Coelho\"},\"description\":\"Jornalista pela Universidade Presbiteriana Mackenzie, escrevo sobre educa\u00e7\u00e3o, sa\u00fade e pol\u00edticas p\u00fablicas\",\"url\":\"https:\/\/med.estrategia.com\/portal\/author\/erika\/\"}]}<\/script>\n<!-- \/ Yoast SEO Premium plugin. -->","yoast_head_json":{"title":"Instituto Oncocl\u00ednicas abre inscri\u00e7\u00f5es para sele\u00e7\u00e3o de resid\u00eancia m\u00e9dica; confira o edital 2025","description":"Confira o edital para resid\u00eancia m\u00e9dica do Instituto Oncocl\u00ednicas 2025 com o Estrat\u00e9gia MED! S\u00e3o duas vagas ofertadas!","robots":{"index":"index","follow":"follow","max-snippet":"max-snippet:-1","max-image-preview":"max-image-preview:large","max-video-preview":"max-video-preview:-1"},"canonical":"https:\/\/med.estrategia.com\/portal\/noticias\/instituto-oncoclinicas-abre-inscricoes-para-selecao-de-residencia-medica-confira-o-edital-2025\/","og_locale":"pt_BR","og_type":"article","og_title":"Instituto Oncocl\u00ednicas abre inscri\u00e7\u00f5es para sele\u00e7\u00e3o de resid\u00eancia m\u00e9dica; confira o edital 2025","og_description":"Confira o edital para resid\u00eancia m\u00e9dica do Instituto Oncocl\u00ednicas 2025 com o Estrat\u00e9gia MED! S\u00e3o duas vagas ofertadas!","og_url":"https:\/\/med.estrategia.com\/portal\/noticias\/instituto-oncoclinicas-abre-inscricoes-para-selecao-de-residencia-medica-confira-o-edital-2025\/","og_site_name":"Estrat\u00e9gia MED","article_publisher":"https:\/\/www.facebook.com\/estrategiamed1","article_published_time":"2024-10-07T17:24:54+00:00","article_modified_time":"2024-10-07T17:25:14+00:00","og_image":[{"width":1920,"height":1080,"url":"https:\/\/med.estrategia.com\/portal\/wp-content\/uploads\/2024\/10\/Capas-Estrategia-Med-24.jpg","type":"image\/jpeg"}],"author":"Erika Coelho","twitter_card":"summary_large_image","twitter_creator":"@estrategiamed_","twitter_site":"@estrategiamed_","twitter_misc":{"Escrito por":"Erika Coelho","Est. tempo de leitura":"1 minuto"},"schema":{"@context":"https:\/\/schema.org","@graph":[{"@type":"WebPage","@id":"https:\/\/med.estrategia.com\/portal\/noticias\/instituto-oncoclinicas-abre-inscricoes-para-selecao-de-residencia-medica-confira-o-edital-2025\/","url":"https:\/\/med.estrategia.com\/portal\/noticias\/instituto-oncoclinicas-abre-inscricoes-para-selecao-de-residencia-medica-confira-o-edital-2025\/","name":"Instituto Oncocl\u00ednicas abre inscri\u00e7\u00f5es para sele\u00e7\u00e3o de resid\u00eancia m\u00e9dica; confira o edital 2025","isPartOf":{"@id":"https:\/\/med.estrategia.com\/portal\/#website"},"primaryImageOfPage":{"@id":"https:\/\/med.estrategia.com\/portal\/noticias\/instituto-oncoclinicas-abre-inscricoes-para-selecao-de-residencia-medica-confira-o-edital-2025\/#primaryimage"},"image":{"@id":"https:\/\/med.estrategia.com\/portal\/noticias\/instituto-oncoclinicas-abre-inscricoes-para-selecao-de-residencia-medica-confira-o-edital-2025\/#primaryimage"},"thumbnailUrl":"https:\/\/med.estrategia.com\/portal\/wp-content\/uploads\/2024\/10\/Capas-Estrategia-Med-24.jpg","datePublished":"2024-10-07T17:24:54+00:00","dateModified":"2024-10-07T17:25:14+00:00","author":{"@id":"https:\/\/med.estrategia.com\/portal\/#\/schema\/person\/8e7c9b2f53f2eede3b8880ad86ff20a3"},"description":"Confira o edital para resid\u00eancia m\u00e9dica do Instituto Oncocl\u00ednicas 2025 com o Estrat\u00e9gia MED! S\u00e3o duas vagas ofertadas!","breadcrumb":{"@id":"https:\/\/med.estrategia.com\/portal\/noticias\/instituto-oncoclinicas-abre-inscricoes-para-selecao-de-residencia-medica-confira-o-edital-2025\/#breadcrumb"},"inLanguage":"pt-BR","potentialAction":[{"@type":"ReadAction","target":["https:\/\/med.estrategia.com\/portal\/noticias\/instituto-oncoclinicas-abre-inscricoes-para-selecao-de-residencia-medica-confira-o-edital-2025\/"]}]},{"@type":"ImageObject","inLanguage":"pt-BR","@id":"https:\/\/med.estrategia.com\/portal\/noticias\/instituto-oncoclinicas-abre-inscricoes-para-selecao-de-residencia-medica-confira-o-edital-2025\/#primaryimage","url":"https:\/\/med.estrategia.com\/portal\/wp-content\/uploads\/2024\/10\/Capas-Estrategia-Med-24.jpg","contentUrl":"https:\/\/med.estrategia.com\/portal\/wp-content\/uploads\/2024\/10\/Capas-Estrategia-Med-24.jpg","width":1920,"height":1080,"caption":"Instituto Oncocl\u00ednicas abre inscri\u00e7\u00f5es para sele\u00e7\u00e3o de resid\u00eancia m\u00e9dica; confira o edital 2025"},{"@type":"BreadcrumbList","@id":"https:\/\/med.estrategia.com\/portal\/noticias\/instituto-oncoclinicas-abre-inscricoes-para-selecao-de-residencia-medica-confira-o-edital-2025\/#breadcrumb","itemListElement":[{"@type":"ListItem","position":1,"name":"Home","item":"https:\/\/med.estrategia.com\/portal\/"},{"@type":"ListItem","position":2,"name":"Not\u00edcias","item":"https:\/\/med.estrategia.com\/portal\/noticias\/"},{"@type":"ListItem","position":3,"name":"Instituto Oncocl\u00ednicas abre inscri\u00e7\u00f5es para sele\u00e7\u00e3o de resid\u00eancia m\u00e9dica; confira o edital 2025"}]},{"@type":"WebSite","@id":"https:\/\/med.estrategia.com\/portal\/#website","url":"https:\/\/med.estrategia.com\/portal\/","name":"Estrat\u00e9gia MED","description":"","potentialAction":[{"@type":"SearchAction","target":{"@type":"EntryPoint","urlTemplate":"https:\/\/med.estrategia.com\/portal\/?s={search_term_string}"},"query-input":{"@type":"PropertyValueSpecification","valueRequired":true,"valueName":"search_term_string"}}],"inLanguage":"pt-BR"},{"@type":"Person","@id":"https:\/\/med.estrategia.com\/portal\/#\/schema\/person\/8e7c9b2f53f2eede3b8880ad86ff20a3","name":"Erika Coelho","image":{"@type":"ImageObject","inLanguage":"pt-BR","@id":"https:\/\/med.estrategia.com\/portal\/#\/schema\/person\/image\/","url":"https:\/\/secure.gravatar.com\/avatar\/8ef9ff2e2fa53829c640cca8d1a45178?s=96&d=mm&r=g","contentUrl":"https:\/\/secure.gravatar.com\/avatar\/8ef9ff2e2fa53829c640cca8d1a45178?s=96&d=mm&r=g","caption":"Erika Coelho"},"description":"Jornalista pela Universidade Presbiteriana Mackenzie, escrevo sobre educa\u00e7\u00e3o, sa\u00fade e pol\u00edticas p\u00fablicas","url":"https:\/\/med.estrategia.com\/portal\/author\/erika\/"}]}},"_wl_alt_label":[],"wl:entity_url":"\/post\/instituto-oncoclinicas-abre-inscricoes-para-selecao-de-residencia-medica-confira-o-edital-2025","_links":{"self":[{"href":"https:\/\/med.estrategia.com\/portal\/wp-json\/wp\/v2\/posts\/71742","targetHints":{"allow":["GET"]}}],"collection":[{"href":"https:\/\/med.estrategia.com\/portal\/wp-json\/wp\/v2\/posts"}],"about":[{"href":"https:\/\/med.estrategia.com\/portal\/wp-json\/wp\/v2\/types\/post"}],"author":[{"embeddable":true,"href":"https:\/\/med.estrategia.com\/portal\/wp-json\/wp\/v2\/users\/22"}],"replies":[{"embeddable":true,"href":"https:\/\/med.estrategia.com\/portal\/wp-json\/wp\/v2\/comments?post=71742"}],"version-history":[{"count":2,"href":"https:\/\/med.estrategia.com\/portal\/wp-json\/wp\/v2\/posts\/71742\/revisions"}],"predecessor-version":[{"id":71747,"href":"https:\/\/med.estrategia.com\/portal\/wp-json\/wp\/v2\/posts\/71742\/revisions\/71747"}],"wp:featuredmedia":[{"embeddable":true,"href":"https:\/\/med.estrategia.com\/portal\/wp-json\/wp\/v2\/media\/71743"}],"wp:attachment":[{"href":"https:\/\/med.estrategia.com\/portal\/wp-json\/wp\/v2\/media?parent=71742"}],"wp:term":[{"taxonomy":"category","embeddable":true,"href":"https:\/\/med.estrategia.com\/portal\/wp-json\/wp\/v2\/categories?post=71742"},{"taxonomy":"post_tag","embeddable":true,"href":"https:\/\/med.estrategia.com\/portal\/wp-json\/wp\/v2\/tags?post=71742"},{"taxonomy":"wl_entity_type","embeddable":true,"href":"https:\/\/med.estrategia.com\/portal\/wp-json\/wp\/v2\/wl_entity_type?post=71742"}],"curies":[{"name":"wp","href":"https:\/\/api.w.org\/{rel}","templated":true}]}}