{"id":71821,"date":"2024-10-08T11:31:56","date_gmt":"2024-10-08T14:31:56","guid":{"rendered":"https:\/\/med.estrategia.com\/portal\/?p=71821"},"modified":"2024-11-05T12:57:11","modified_gmt":"2024-11-05T15:57:11","slug":"unicamp-2025-inscricoes-para-seletivo-de-residencia-medica-estao-abertas","status":"publish","type":"post","link":"https:\/\/med.estrategia.com\/portal\/noticias\/unicamp-2025-inscricoes-para-seletivo-de-residencia-medica-estao-abertas\/","title":{"rendered":"Unicamp 2025: inscri\u00e7\u00f5es para seletivo de Resid\u00eancia M\u00e9dica est\u00e3o abertas"},"content":{"rendered":"<p>As inscri&ccedil;&otilde;es para o processo seletivo de Resid&ecirc;ncia M&eacute;dica da <strong>Universidade Estadual de Campinas (Unicamp)<\/strong> abrem hoje, ter&ccedil;a-feira (8), e v&atilde;o at&eacute; &agrave;s <strong>17h do dia 22 de outubro de 2024<\/strong>. As inscri&ccedil;&otilde;es podem ser realizadas atrav&eacute;s do site da <a href=\"https:\/\/www.fcm.unicamp.br\/ensino-extensao\/residencias-em-saude-residencia-medica\/processo-seletivo-2025\" target=\"_blank\">Unicamp<\/a>.<p>Ap&oacute;s preencher a <strong>ficha de inscri&ccedil;&atilde;o<\/strong>, o participante deve efetuar o pagamento da<strong> taxa<\/strong> de <strong>R$700<\/strong>, caso participe concorrendo &agrave;s especialidades de <strong>Acesso Direto<\/strong> ou <strong>R$600<\/strong>, caso deseje concorrer &agrave;s vagas com <strong>Pr&eacute;-Requisito<\/strong>. O per&iacute;odo de pagamento encerra em <strong>23 de outubro de 2024<\/strong>.<\/p><p>\n\n\n<div id=\"new-form\">\n\t<form id=\"forms_layout\">\n\t<input type=\"hidden\" id=\"chave_de\" name=\"chave_de\" value=\"01_EMED_LEADS_TOTAIS\" \/>\n\t\t<input type=\"hidden\" id=\"mid\" name=\"mid\" value=\"515009018\" \/>\n\t\t<input type=\"hidden\" id=\"Objetivo\" name=\"Objetivo\" value=\"Medicina\" \/>\n\t\t<input type=\"hidden\" id=\"Estado_de_Origem_do_IP\" name=\"Estado_de_Origem_do_IP\"  value=\"\" \/>\n\t\t<input type=\"hidden\" id=\"Cidade_de_Origem_do_IP\" name=\"Cidade_de_Origem_do_IP\" value=\"\" \/>\n\t\t<input type=\"hidden\" id=\"Modo_de_entrada\" name=\"Modo_de_entrada\" value=\"Portal\" \/>\n\t\t<input type=\"hidden\" id=\"Pagina_Origem\" name=\"Pagina_Origem\" value=\"\" \/>\n\n\t\t<div class=\"texto\">\n\t\t\t<div id=\"ez-toc-container\" class=\"ez-toc-v2_0_79_2 counter-hierarchy ez-toc-counter ez-toc-transparent ez-toc-container-direction\">\n<div class=\"ez-toc-title-container\"><p class=\"ez-toc-title\" style=\"cursor:inherit\">Navegue pelo conte\u00fado<\/p>\n<\/div><nav><ul class='ez-toc-list ez-toc-list-level-1 ' ><li class='ez-toc-page-1 ez-toc-heading-level-3'><a class=\"ez-toc-link ez-toc-heading-1\" href=\"https:\/\/med.estrategia.com\/portal\/noticias\/unicamp-2025-inscricoes-para-seletivo-de-residencia-medica-estao-abertas\/#Inscreva-se-em-nossa-newsletter\" >Inscreva-se em nossa newsletter!<\/a><\/li><li class='ez-toc-page-1 ez-toc-heading-level-3'><a class=\"ez-toc-link ez-toc-heading-2\" href=\"https:\/\/med.estrategia.com\/portal\/noticias\/unicamp-2025-inscricoes-para-seletivo-de-residencia-medica-estao-abertas\/#Cronograma-Unicamp-Residencia-Medica-2025\" >Cronograma Unicamp Resid&ecirc;ncia M&eacute;dica 2025<\/a><\/li><\/ul><\/nav><\/div>\n<h3 class=\"news\"><span class=\"ez-toc-section\" id=\"Inscreva-se-em-nossa-newsletter\"><\/span>Inscreva-se em nossa newsletter!<span class=\"ez-toc-section-end\"><\/span><\/h3>\n\t\t\t<p>Receba not\u00edcias sobre resid\u00eancia m\u00e9dica, revalida\u00e7\u00e3o de diplomas e concursos m\u00e9dicos, al\u00e9m de materiais de estudo gratuitos e informa\u00e7\u00f5es relevantes do mundo da Medicina.<\/p>\n\t\t<\/div>\n\t\t<div class=\"campos\">\n\t\t\t<div class=\"first_name labels\">\n\t\t\t\t<input type=\"text\" class=\"input_labels\" id=\"first_name\" name=\"Nome_Completo\" placeholder=\"Nome\" required \/>\n\t\t\t<\/div>\n\t\t\t<div class=\"email labels\">\n\t\t\t\t<input type=\"email\" class=\"input_labels\" id=\"email\" name=\"Email\" placeholder=\"E-mail\" required \/>\n\t\t\t<\/div>\n\t\t\t<button type=\"submit\" class=\"button_layout\">\n\t\t\t\t<div id=\"lblBotao\">Inscreva-se<\/div>\n\t\t\t\t<span id=\"divSpiner\" class=\"loader\" role=\"status\" style=\"display: none;\"><\/span>\t\n\t\t\t<\/button>\n\t\t<\/div><!-- \/campos -->\n\t\t\n\t\t<label class=\"container_checkbox\">Voc\u00ea concorda com a nossa\n\t\t\t<a class=\"politics_privacy_ahref\" target=\"_blank\" href=\"https:\/\/gratis.estrategiaconcursos.com.br\/politica-de-privacidade\/\">Pol\u00edtica de Privacidade<\/a> e aceita receber informa\u00e7\u00f5es adicionais do Estrat\u00e9gia Educacional.\n\t\t\t<input id=\"checkbox_layout\" type=\"checkbox\" checked=\"checked\" required \/>\n\t\t\t<span class=\"checkbox\"><\/span>\n\t\t<\/label>\n\t\t<div id=\"msg\"><\/div>\n\t\t<div id=\"error\" class=\"error\">\n\t\t<\/div>\n\t<\/form>\n<\/div><!-- \/new-form -->\n\n\n\n<\/p><p>N&atilde;o haver&aacute; como solicitar isen&ccedil;&atilde;o da taxa, somente&nbsp;<strong>redu&ccedil;&atilde;o de 50% no valor<\/strong>, que pode ser solicitada entre &agrave;s <strong>9h do dia 8 e as 17h do dia 9 de outubro de 2024<\/strong>&nbsp;por candidatos que:<\/p><ol class=\"wp-block-list\">\n<li>Sejam estudantes, assim considerados os que se encontrem regularmente matriculados em cursos superiores, em n&iacute;vel de gradua&ccedil;&atilde;o ou de p&oacute;s-gradua&ccedil;&atilde;o; e<\/li>\n\n\n\n<li>Recebam remunera&ccedil;&atilde;o mensal inferior a dois sal&aacute;rios m&iacute;nimos, ou estejam desempregados.<\/li>\n<\/ol><p>O per&iacute;odo de inscri&ccedil;&atilde;o tamb&eacute;m ficou estabelecido para a solicita&ccedil;&atilde;o da pontua&ccedil;&atilde;o adicional do<strong>&nbsp;PRMGFC&nbsp;<\/strong>na nota total da prova. A solicita&ccedil;&atilde;o para receber a pontua&ccedil;&atilde;o dever&aacute; ser efetuada pelo pr&oacute;prio candidato no link do processo seletivo no ato de sua inscri&ccedil;&atilde;o.<\/p><p>Os candidatos que precisam de&nbsp;<strong>atendimento especial&nbsp;<\/strong>na hora da prova tamb&eacute;m precisam solicitar os equipamentos ou estruturas necess&aacute;rias no ato da inscri&ccedil;&atilde;o.<\/p><h3 class=\"wp-block-heading\" id=\"h-cronograma-unicamp-residencia-medica-2025\"><span class=\"ez-toc-section\" id=\"Cronograma-Unicamp-Residencia-Medica-2025\"><\/span>Cronograma Unicamp Resid&ecirc;ncia M&eacute;dica 2025<span class=\"ez-toc-section-end\"><\/span><\/h3><ul class=\"wp-block-list\">\n<li><strong>Solicita&ccedil;&atilde;o de redu&ccedil;&atilde;o da taxa de inscri&ccedil;&atilde;o em 50%:<\/strong>&nbsp;08\/10 &agrave;s 17h do dia 09\/10\/2024;<\/li>\n\n\n\n<li><strong>Per&iacute;odo de Inscri&ccedil;&otilde;es:&nbsp;<\/strong>08 a 22\/10\/2024;<\/li>\n\n\n\n<li><strong>Locais de prova e concorr&ecirc;ncia:<\/strong>&nbsp;31\/10\/2024, &agrave;s 17h;<\/li>\n\n\n\n<li><strong>Provas da 1&ordf; Fase para Pr&eacute;-Requisito<\/strong>: 16\/11\/2024;<\/li>\n\n\n\n<li><strong>Provas da 1&ordf; Fase para Acesso Direto<\/strong>: 17\/11\/2024;<\/li>\n\n\n\n<li><strong>Divulga&ccedil;&atilde;o do gabarito preliminar e das provas:&nbsp;<\/strong>17\/11\/2024, &agrave;s 19h;<\/li>\n\n\n\n<li><strong>Recursos contra o gabarito<\/strong>: 18 e 19\/11\/2024;<\/li>\n\n\n\n<li><strong>Prova Te&oacute;rico-Pr&aacute;tica (Endoscopia Ginecol&oacute;gica)<\/strong>: 27\/11\/2024;<\/li>\n\n\n\n<li><strong>Classificados 2&ordf; fase:&nbsp;<\/strong>05\/12\/2024, &agrave;s 17h;<\/li>\n\n\n\n<li><strong>Upload do curr&iacute;culo:<\/strong>&nbsp;06 a 09\/12\/2024;<\/li>\n\n\n\n<li><strong>Prova Te&oacute;rico-Pr&aacute;tica (Transplante de C&oacute;rnea):&nbsp;<\/strong>11\/12\/2024;<\/li>\n\n\n\n<li><strong>Resultado Preliminar:&nbsp;<\/strong>19\/12\/2024, &agrave;s 17h;<\/li>\n\n\n\n<li><strong>Recursos:&nbsp;<\/strong>06 e 07\/01\/2025;<\/li>\n\n\n\n<li><strong>Resultado Final:&nbsp;<\/strong>20\/01\/2025, &agrave;s 16h;<\/li>\n\n\n\n<li><strong>Matr&iacute;culas:&nbsp;<\/strong>10 e 11\/02\/2025; e<\/li>\n\n\n\n<li><strong>In&iacute;cio dos programas<\/strong>: 01\/03\/2025.<\/li>\n<\/ul><p>Para mais detalhes sobre o processo seletivo para resid&ecirc;ncia m&eacute;dica da Unicamp&nbsp;<a href=\"https:\/\/med.estrategia.com\/portal\/residencia-medica\/residencia-medica-unicamp\/\" target=\"_blank\">clique aqui e confira o texto exclusivo<\/a>&nbsp;que preparamos para auxiliar voc&ecirc; a entender como funciona a inscri&ccedil;&atilde;o, prova e mais da Unicamp 2025 para Resid&ecirc;ncia M&eacute;dica, bem como as vagas ofertadas!&nbsp;<\/p><p>Para n&atilde;o perder nenhuma atualiza&ccedil;&atilde;o no universo da medicina e ficar por dentro dos seletivos de Resid&ecirc;ncia M&eacute;dica, de revalida&ccedil;&atilde;o de diplomas e conte&uacute;dos t&eacute;cnicos, continue acessando o&nbsp;<a href=\"https:\/\/med.estrategia.com\/portal\/\" target=\"_blank\">Portal do Estrat&eacute;gia MED<\/a>!<\/p><p>\n\n\n\n\n\n<a id=\"cta\" class=\"cta-imagem\" href=\"https:\/\/med.estrategia.com\/curso\/banco-de-questes-resumos-estrategicos-anual\/\" target=\"blank\">\n                <img decoding=\"async\" width=\"100%\" src=\"https:\/\/med.estrategia.com\/portal\/wp-content\/uploads\/2025\/08\/banco_questoes.png\" alt=\"banco_questoes\" title=\"banco_questoes\">\n        <\/a>\n<\/p><\/p>\n","protected":false},"excerpt":{"rendered":"As inscri\u00e7\u00f5es v\u00e3o at\u00e9 o dia 22 de outubro de 2024\n","protected":false},"author":52,"featured_media":61520,"comment_status":"closed","ping_status":"closed","sticky":false,"template":"","format":"standard","meta":{"wl_entities_gutenberg":"","footnotes":""},"categories":[300],"tags":[],"wl_entity_type":[199],"class_list":{"0":"post-71821","1":"post","2":"type-post","3":"status-publish","4":"format-standard","5":"has-post-thumbnail","7":"category-noticias","8":"wl_entity_type-article"},"acf":[],"yoast_head":"<!-- This site is optimized with the Yoast SEO Premium plugin v26.6 (Yoast SEO v26.6) - https:\/\/yoast.com\/wordpress\/plugins\/seo\/ -->\n<title>Unicamp 2025: inscri\u00e7\u00f5es para seletivo de Resid\u00eancia M\u00e9dica est\u00e3o abertas<\/title>\n<meta name=\"description\" content=\"As inscri\u00e7\u00f5es para o processo seletivo de Resid\u00eancia M\u00e9dica da Universidade Estadual de Campinas (Unicamp) abrem hoje, ter\u00e7a-feira (8), e v\u00e3o at\u00e9 \u00e0s 17h do dia 22 de outubro de 2024. As inscri\u00e7\u00f5es podem ser realizadas atrav\u00e9s do site da Unicamp.\" \/>\n<meta name=\"robots\" content=\"index, follow, max-snippet:-1, max-image-preview:large, max-video-preview:-1\" \/>\n<link rel=\"canonical\" href=\"https:\/\/med.estrategia.com\/portal\/noticias\/unicamp-2025-inscricoes-para-seletivo-de-residencia-medica-estao-abertas\/\" \/>\n<meta property=\"og:locale\" content=\"pt_BR\" \/>\n<meta property=\"og:type\" content=\"article\" \/>\n<meta property=\"og:title\" content=\"Unicamp 2025: inscri\u00e7\u00f5es para seletivo de Resid\u00eancia M\u00e9dica est\u00e3o abertas\" \/>\n<meta property=\"og:description\" content=\"As inscri\u00e7\u00f5es para o processo seletivo de Resid\u00eancia M\u00e9dica da Universidade Estadual de Campinas (Unicamp) abrem hoje, ter\u00e7a-feira (8), e v\u00e3o at\u00e9 \u00e0s 17h do dia 22 de outubro de 2024. As inscri\u00e7\u00f5es podem ser realizadas atrav\u00e9s do site da Unicamp.\" \/>\n<meta property=\"og:url\" content=\"https:\/\/med.estrategia.com\/portal\/noticias\/unicamp-2025-inscricoes-para-seletivo-de-residencia-medica-estao-abertas\/\" \/>\n<meta property=\"og:site_name\" content=\"Estrat\u00e9gia MED\" \/>\n<meta property=\"article:publisher\" content=\"https:\/\/www.facebook.com\/estrategiamed1\" \/>\n<meta property=\"article:published_time\" content=\"2024-10-08T14:31:56+00:00\" \/>\n<meta property=\"article:modified_time\" content=\"2024-11-05T15:57:11+00:00\" \/>\n<meta property=\"og:image\" content=\"https:\/\/med.estrategia.com\/portal\/wp-content\/uploads\/2024\/04\/4-15.jpg\" \/>\n\t<meta property=\"og:image:width\" content=\"1920\" \/>\n\t<meta property=\"og:image:height\" content=\"1080\" \/>\n\t<meta property=\"og:image:type\" content=\"image\/jpeg\" \/>\n<meta name=\"author\" content=\"Arion Wolff\" \/>\n<meta name=\"twitter:card\" content=\"summary_large_image\" \/>\n<meta name=\"twitter:creator\" content=\"@estrategiamed_\" \/>\n<meta name=\"twitter:site\" content=\"@estrategiamed_\" \/>\n<meta name=\"twitter:label1\" content=\"Escrito por\" \/>\n\t<meta name=\"twitter:data1\" content=\"Arion Wolff\" \/>\n\t<meta name=\"twitter:label2\" content=\"Est. tempo de leitura\" \/>\n\t<meta name=\"twitter:data2\" content=\"2 minutos\" \/>\n<script type=\"application\/ld+json\" class=\"yoast-schema-graph\">{\"@context\":\"https:\/\/schema.org\",\"@graph\":[{\"@type\":\"WebPage\",\"@id\":\"https:\/\/med.estrategia.com\/portal\/noticias\/unicamp-2025-inscricoes-para-seletivo-de-residencia-medica-estao-abertas\/\",\"url\":\"https:\/\/med.estrategia.com\/portal\/noticias\/unicamp-2025-inscricoes-para-seletivo-de-residencia-medica-estao-abertas\/\",\"name\":\"Unicamp 2025: inscri\u00e7\u00f5es para seletivo de Resid\u00eancia M\u00e9dica est\u00e3o abertas\",\"isPartOf\":{\"@id\":\"https:\/\/med.estrategia.com\/portal\/#website\"},\"primaryImageOfPage\":{\"@id\":\"https:\/\/med.estrategia.com\/portal\/noticias\/unicamp-2025-inscricoes-para-seletivo-de-residencia-medica-estao-abertas\/#primaryimage\"},\"image\":{\"@id\":\"https:\/\/med.estrategia.com\/portal\/noticias\/unicamp-2025-inscricoes-para-seletivo-de-residencia-medica-estao-abertas\/#primaryimage\"},\"thumbnailUrl\":\"https:\/\/med.estrategia.com\/portal\/wp-content\/uploads\/2024\/04\/4-15.jpg\",\"datePublished\":\"2024-10-08T14:31:56+00:00\",\"dateModified\":\"2024-11-05T15:57:11+00:00\",\"author\":{\"@id\":\"https:\/\/med.estrategia.com\/portal\/#\/schema\/person\/b6aba49604868a427dd15c3b1fc6a8bc\"},\"description\":\"As inscri\u00e7\u00f5es para o processo seletivo de Resid\u00eancia M\u00e9dica da Universidade Estadual de Campinas (Unicamp) abrem hoje, ter\u00e7a-feira (8), e v\u00e3o at\u00e9 \u00e0s 17h do dia 22 de outubro de 2024. As inscri\u00e7\u00f5es podem ser realizadas atrav\u00e9s do site da Unicamp.\",\"breadcrumb\":{\"@id\":\"https:\/\/med.estrategia.com\/portal\/noticias\/unicamp-2025-inscricoes-para-seletivo-de-residencia-medica-estao-abertas\/#breadcrumb\"},\"inLanguage\":\"pt-BR\",\"potentialAction\":[{\"@type\":\"ReadAction\",\"target\":[\"https:\/\/med.estrategia.com\/portal\/noticias\/unicamp-2025-inscricoes-para-seletivo-de-residencia-medica-estao-abertas\/\"]}]},{\"@type\":\"ImageObject\",\"inLanguage\":\"pt-BR\",\"@id\":\"https:\/\/med.estrategia.com\/portal\/noticias\/unicamp-2025-inscricoes-para-seletivo-de-residencia-medica-estao-abertas\/#primaryimage\",\"url\":\"https:\/\/med.estrategia.com\/portal\/wp-content\/uploads\/2024\/04\/4-15.jpg\",\"contentUrl\":\"https:\/\/med.estrategia.com\/portal\/wp-content\/uploads\/2024\/04\/4-15.jpg\",\"width\":1920,\"height\":1080,\"caption\":\"Estrat\u00e9gia MED | Foto: Governo do Estado de S\u00e3o Paulo\"},{\"@type\":\"BreadcrumbList\",\"@id\":\"https:\/\/med.estrategia.com\/portal\/noticias\/unicamp-2025-inscricoes-para-seletivo-de-residencia-medica-estao-abertas\/#breadcrumb\",\"itemListElement\":[{\"@type\":\"ListItem\",\"position\":1,\"name\":\"Home\",\"item\":\"https:\/\/med.estrategia.com\/portal\/\"},{\"@type\":\"ListItem\",\"position\":2,\"name\":\"Not\u00edcias\",\"item\":\"https:\/\/med.estrategia.com\/portal\/noticias\/\"},{\"@type\":\"ListItem\",\"position\":3,\"name\":\"Unicamp 2025: inscri\u00e7\u00f5es para seletivo de Resid\u00eancia M\u00e9dica est\u00e3o abertas\"}]},{\"@type\":\"WebSite\",\"@id\":\"https:\/\/med.estrategia.com\/portal\/#website\",\"url\":\"https:\/\/med.estrategia.com\/portal\/\",\"name\":\"Estrat\u00e9gia MED\",\"description\":\"\",\"potentialAction\":[{\"@type\":\"SearchAction\",\"target\":{\"@type\":\"EntryPoint\",\"urlTemplate\":\"https:\/\/med.estrategia.com\/portal\/?s={search_term_string}\"},\"query-input\":{\"@type\":\"PropertyValueSpecification\",\"valueRequired\":true,\"valueName\":\"search_term_string\"}}],\"inLanguage\":\"pt-BR\"},{\"@type\":\"Person\",\"@id\":\"https:\/\/med.estrategia.com\/portal\/#\/schema\/person\/b6aba49604868a427dd15c3b1fc6a8bc\",\"name\":\"Arion Wolff\",\"image\":{\"@type\":\"ImageObject\",\"inLanguage\":\"pt-BR\",\"@id\":\"https:\/\/med.estrategia.com\/portal\/#\/schema\/person\/image\/\",\"url\":\"https:\/\/med.estrategia.com\/portal\/wp-content\/uploads\/2023\/12\/arion-wolff-estrategia-med-150x150.jpg\",\"contentUrl\":\"https:\/\/med.estrategia.com\/portal\/wp-content\/uploads\/2023\/12\/arion-wolff-estrategia-med-150x150.jpg\",\"caption\":\"Arion Wolff\"},\"description\":\"Jornalista formado pela UNIFATEC e p\u00f3s-graduado em Jornalismo Digital pela UNINTER. Escrevo sobre medicina, resid\u00eancia m\u00e9dica e sa\u00fade. Entusiasta de filmes, livros, bons dramas e romances gen\u00e9ricos.\",\"sameAs\":[\"http:\/\/med.estrategia.com\"],\"url\":\"https:\/\/med.estrategia.com\/portal\/author\/arion-santos\/\"}]}<\/script>\n<!-- \/ Yoast SEO Premium plugin. -->","yoast_head_json":{"title":"Unicamp 2025: inscri\u00e7\u00f5es para seletivo de Resid\u00eancia M\u00e9dica est\u00e3o abertas","description":"As inscri\u00e7\u00f5es para o processo seletivo de Resid\u00eancia M\u00e9dica da Universidade Estadual de Campinas (Unicamp) abrem hoje, ter\u00e7a-feira (8), e v\u00e3o at\u00e9 \u00e0s 17h do dia 22 de outubro de 2024. As inscri\u00e7\u00f5es podem ser realizadas atrav\u00e9s do site da Unicamp.","robots":{"index":"index","follow":"follow","max-snippet":"max-snippet:-1","max-image-preview":"max-image-preview:large","max-video-preview":"max-video-preview:-1"},"canonical":"https:\/\/med.estrategia.com\/portal\/noticias\/unicamp-2025-inscricoes-para-seletivo-de-residencia-medica-estao-abertas\/","og_locale":"pt_BR","og_type":"article","og_title":"Unicamp 2025: inscri\u00e7\u00f5es para seletivo de Resid\u00eancia M\u00e9dica est\u00e3o abertas","og_description":"As inscri\u00e7\u00f5es para o processo seletivo de Resid\u00eancia M\u00e9dica da Universidade Estadual de Campinas (Unicamp) abrem hoje, ter\u00e7a-feira (8), e v\u00e3o at\u00e9 \u00e0s 17h do dia 22 de outubro de 2024. As inscri\u00e7\u00f5es podem ser realizadas atrav\u00e9s do site da Unicamp.","og_url":"https:\/\/med.estrategia.com\/portal\/noticias\/unicamp-2025-inscricoes-para-seletivo-de-residencia-medica-estao-abertas\/","og_site_name":"Estrat\u00e9gia MED","article_publisher":"https:\/\/www.facebook.com\/estrategiamed1","article_published_time":"2024-10-08T14:31:56+00:00","article_modified_time":"2024-11-05T15:57:11+00:00","og_image":[{"width":1920,"height":1080,"url":"https:\/\/med.estrategia.com\/portal\/wp-content\/uploads\/2024\/04\/4-15.jpg","type":"image\/jpeg"}],"author":"Arion Wolff","twitter_card":"summary_large_image","twitter_creator":"@estrategiamed_","twitter_site":"@estrategiamed_","twitter_misc":{"Escrito por":"Arion Wolff","Est. tempo de leitura":"2 minutos"},"schema":{"@context":"https:\/\/schema.org","@graph":[{"@type":"WebPage","@id":"https:\/\/med.estrategia.com\/portal\/noticias\/unicamp-2025-inscricoes-para-seletivo-de-residencia-medica-estao-abertas\/","url":"https:\/\/med.estrategia.com\/portal\/noticias\/unicamp-2025-inscricoes-para-seletivo-de-residencia-medica-estao-abertas\/","name":"Unicamp 2025: inscri\u00e7\u00f5es para seletivo de Resid\u00eancia M\u00e9dica est\u00e3o abertas","isPartOf":{"@id":"https:\/\/med.estrategia.com\/portal\/#website"},"primaryImageOfPage":{"@id":"https:\/\/med.estrategia.com\/portal\/noticias\/unicamp-2025-inscricoes-para-seletivo-de-residencia-medica-estao-abertas\/#primaryimage"},"image":{"@id":"https:\/\/med.estrategia.com\/portal\/noticias\/unicamp-2025-inscricoes-para-seletivo-de-residencia-medica-estao-abertas\/#primaryimage"},"thumbnailUrl":"https:\/\/med.estrategia.com\/portal\/wp-content\/uploads\/2024\/04\/4-15.jpg","datePublished":"2024-10-08T14:31:56+00:00","dateModified":"2024-11-05T15:57:11+00:00","author":{"@id":"https:\/\/med.estrategia.com\/portal\/#\/schema\/person\/b6aba49604868a427dd15c3b1fc6a8bc"},"description":"As inscri\u00e7\u00f5es para o processo seletivo de Resid\u00eancia M\u00e9dica da Universidade Estadual de Campinas (Unicamp) abrem hoje, ter\u00e7a-feira (8), e v\u00e3o at\u00e9 \u00e0s 17h do dia 22 de outubro de 2024. As inscri\u00e7\u00f5es podem ser realizadas atrav\u00e9s do site da Unicamp.","breadcrumb":{"@id":"https:\/\/med.estrategia.com\/portal\/noticias\/unicamp-2025-inscricoes-para-seletivo-de-residencia-medica-estao-abertas\/#breadcrumb"},"inLanguage":"pt-BR","potentialAction":[{"@type":"ReadAction","target":["https:\/\/med.estrategia.com\/portal\/noticias\/unicamp-2025-inscricoes-para-seletivo-de-residencia-medica-estao-abertas\/"]}]},{"@type":"ImageObject","inLanguage":"pt-BR","@id":"https:\/\/med.estrategia.com\/portal\/noticias\/unicamp-2025-inscricoes-para-seletivo-de-residencia-medica-estao-abertas\/#primaryimage","url":"https:\/\/med.estrategia.com\/portal\/wp-content\/uploads\/2024\/04\/4-15.jpg","contentUrl":"https:\/\/med.estrategia.com\/portal\/wp-content\/uploads\/2024\/04\/4-15.jpg","width":1920,"height":1080,"caption":"Estrat\u00e9gia MED | Foto: Governo do Estado de S\u00e3o Paulo"},{"@type":"BreadcrumbList","@id":"https:\/\/med.estrategia.com\/portal\/noticias\/unicamp-2025-inscricoes-para-seletivo-de-residencia-medica-estao-abertas\/#breadcrumb","itemListElement":[{"@type":"ListItem","position":1,"name":"Home","item":"https:\/\/med.estrategia.com\/portal\/"},{"@type":"ListItem","position":2,"name":"Not\u00edcias","item":"https:\/\/med.estrategia.com\/portal\/noticias\/"},{"@type":"ListItem","position":3,"name":"Unicamp 2025: inscri\u00e7\u00f5es para seletivo de Resid\u00eancia M\u00e9dica est\u00e3o abertas"}]},{"@type":"WebSite","@id":"https:\/\/med.estrategia.com\/portal\/#website","url":"https:\/\/med.estrategia.com\/portal\/","name":"Estrat\u00e9gia MED","description":"","potentialAction":[{"@type":"SearchAction","target":{"@type":"EntryPoint","urlTemplate":"https:\/\/med.estrategia.com\/portal\/?s={search_term_string}"},"query-input":{"@type":"PropertyValueSpecification","valueRequired":true,"valueName":"search_term_string"}}],"inLanguage":"pt-BR"},{"@type":"Person","@id":"https:\/\/med.estrategia.com\/portal\/#\/schema\/person\/b6aba49604868a427dd15c3b1fc6a8bc","name":"Arion Wolff","image":{"@type":"ImageObject","inLanguage":"pt-BR","@id":"https:\/\/med.estrategia.com\/portal\/#\/schema\/person\/image\/","url":"https:\/\/med.estrategia.com\/portal\/wp-content\/uploads\/2023\/12\/arion-wolff-estrategia-med-150x150.jpg","contentUrl":"https:\/\/med.estrategia.com\/portal\/wp-content\/uploads\/2023\/12\/arion-wolff-estrategia-med-150x150.jpg","caption":"Arion Wolff"},"description":"Jornalista formado pela UNIFATEC e p\u00f3s-graduado em Jornalismo Digital pela UNINTER. Escrevo sobre medicina, resid\u00eancia m\u00e9dica e sa\u00fade. Entusiasta de filmes, livros, bons dramas e romances gen\u00e9ricos.","sameAs":["http:\/\/med.estrategia.com"],"url":"https:\/\/med.estrategia.com\/portal\/author\/arion-santos\/"}]}},"_wl_alt_label":[],"wl:entity_url":"\/post\/unicamp-2025-inscricoes-para-seletivo-de-residencia-medica-estao-abertas","_links":{"self":[{"href":"https:\/\/med.estrategia.com\/portal\/wp-json\/wp\/v2\/posts\/71821","targetHints":{"allow":["GET"]}}],"collection":[{"href":"https:\/\/med.estrategia.com\/portal\/wp-json\/wp\/v2\/posts"}],"about":[{"href":"https:\/\/med.estrategia.com\/portal\/wp-json\/wp\/v2\/types\/post"}],"author":[{"embeddable":true,"href":"https:\/\/med.estrategia.com\/portal\/wp-json\/wp\/v2\/users\/52"}],"replies":[{"embeddable":true,"href":"https:\/\/med.estrategia.com\/portal\/wp-json\/wp\/v2\/comments?post=71821"}],"version-history":[{"count":3,"href":"https:\/\/med.estrategia.com\/portal\/wp-json\/wp\/v2\/posts\/71821\/revisions"}],"predecessor-version":[{"id":74715,"href":"https:\/\/med.estrategia.com\/portal\/wp-json\/wp\/v2\/posts\/71821\/revisions\/74715"}],"wp:featuredmedia":[{"embeddable":true,"href":"https:\/\/med.estrategia.com\/portal\/wp-json\/wp\/v2\/media\/61520"}],"wp:attachment":[{"href":"https:\/\/med.estrategia.com\/portal\/wp-json\/wp\/v2\/media?parent=71821"}],"wp:term":[{"taxonomy":"category","embeddable":true,"href":"https:\/\/med.estrategia.com\/portal\/wp-json\/wp\/v2\/categories?post=71821"},{"taxonomy":"post_tag","embeddable":true,"href":"https:\/\/med.estrategia.com\/portal\/wp-json\/wp\/v2\/tags?post=71821"},{"taxonomy":"wl_entity_type","embeddable":true,"href":"https:\/\/med.estrategia.com\/portal\/wp-json\/wp\/v2\/wl_entity_type?post=71821"}],"curies":[{"name":"wp","href":"https:\/\/api.w.org\/{rel}","templated":true}]}}