{"id":72156,"date":"2024-10-11T16:49:39","date_gmt":"2024-10-11T19:49:39","guid":{"rendered":"https:\/\/med.estrategia.com\/portal\/?p=72156"},"modified":"2024-10-14T10:50:55","modified_gmt":"2024-10-14T13:50:55","slug":"chjc-2025-edital-de-residencia-medica-e-divulgado","status":"publish","type":"post","link":"https:\/\/med.estrategia.com\/portal\/noticias\/chjc-2025-edital-de-residencia-medica-e-divulgado\/","title":{"rendered":"CHJC 2025: edital de Resid\u00eancia M\u00e9dica \u00e9 divulgado"},"content":{"rendered":"<p>O <strong>Complexo Hospitalar Jardim Cuiab&aacute; (CHJC)<\/strong> divulgou na tarde desta sexta-feira (11) o edital do processo seletivo de resid&ecirc;ncia m&eacute;dica para ingresso em 2025 nos programas de <strong>Cl&iacute;nica M&eacute;dica<\/strong> na institui&ccedil;&atilde;o.<p>Para participar do seletivo o candidato deve se inscrever entre <strong>21 de outubro e 30 de novembro de 2024<\/strong> atrav&eacute;s do <a href=\"https:\/\/www.chjc.com.br\/?pages=editais\" target=\"_blank\">site da CHJC<\/a>, al&eacute;m de pagar a <strong>taxa de inscri&ccedil;&atilde;o<\/strong> no valor de <strong>R$ 400,00<\/strong>. Confira mais informa&ccedil;&otilde;es sobre o processo seletivo abaixo.<\/p><div id=\"ez-toc-container\" class=\"ez-toc-v2_0_79_2 counter-hierarchy ez-toc-counter ez-toc-transparent ez-toc-container-direction\">\n<div class=\"ez-toc-title-container\"><p class=\"ez-toc-title\" style=\"cursor:inherit\">Navegue pelo conte\u00fado<\/p>\n<\/div><nav><ul class='ez-toc-list ez-toc-list-level-1 ' ><li class='ez-toc-page-1 ez-toc-heading-level-2'><a class=\"ez-toc-link ez-toc-heading-1\" href=\"https:\/\/med.estrategia.com\/portal\/noticias\/chjc-2025-edital-de-residencia-medica-e-divulgado\/#Resumo-edital-Complexo-Hospitalar-Jardim-Cuiaba-CHJC\" >Resumo edital Complexo Hospitalar Jardim Cuiab&aacute; (CHJC)<\/a><ul class='ez-toc-list-level-3' ><li class='ez-toc-heading-level-3'><a class=\"ez-toc-link ez-toc-heading-2\" href=\"https:\/\/med.estrategia.com\/portal\/noticias\/chjc-2025-edital-de-residencia-medica-e-divulgado\/#Inscreva-se-em-nossa-newsletter\" >Inscreva-se em nossa newsletter!<\/a><\/li><\/ul><\/li><li class='ez-toc-page-1 ez-toc-heading-level-2'><a class=\"ez-toc-link ez-toc-heading-3\" href=\"https:\/\/med.estrategia.com\/portal\/noticias\/chjc-2025-edital-de-residencia-medica-e-divulgado\/#Edital-CHJC-2025\" >Edital CHJC 2025<\/a><\/li><\/ul><\/nav><\/div>\n<h2 class=\"wp-block-heading\" id=\"h-resumo-edital-complexo-hospitalar-jardim-cuiaba-chjc\"><span class=\"ez-toc-section\" id=\"Resumo-edital-Complexo-Hospitalar-Jardim-Cuiaba-CHJC\"><\/span>Resumo edital Complexo Hospitalar Jardim Cuiab&aacute; (CHJC)<span class=\"ez-toc-section-end\"><\/span><\/h2><figure class=\"wp-block-table\"><table><tbody><tr><td><strong>Inscri&ccedil;&otilde;es e pagamento da taxa<\/strong><\/td><td class=\"has-text-align-center\" data-align=\"center\">21\/10 a 30\/11\/2024<\/td><\/tr><tr><td><strong>N&uacute;mero de vagas<\/strong><\/td><td class=\"has-text-align-center\" data-align=\"center\">2 (Cl&iacute;nica M&eacute;dica)<\/td><\/tr><tr><td><strong>Taxa de inscri&ccedil;&atilde;o<\/strong><\/td><td class=\"has-text-align-center\" data-align=\"center\">R$ 400,00<\/td><\/tr><tr><td><strong>Composi&ccedil;&atilde;o do processo seletivo<\/strong><\/td><td class=\"has-text-align-center\" data-align=\"center\">Prova Objetiva e An&aacute;lise Curricular<\/td><\/tr><tr><td><strong>Envio do Curr&iacute;culo<\/strong><\/td><td class=\"has-text-align-center\" data-align=\"center\">21\/10 a 30\/11\/2024<\/td><\/tr><tr><td><strong>Locais de prova<\/strong><\/td><td class=\"has-text-align-center\" data-align=\"center\">03\/12\/2024<\/td><\/tr><tr><td><strong>Prova Objetiva<\/strong><\/td><td class=\"has-text-align-center\" data-align=\"center\">15\/12\/2024<\/td><\/tr><tr><td><strong>Gabarito preliminar<\/strong><\/td><td class=\"has-text-align-center\" data-align=\"center\">16\/12\/2024<\/td><\/tr><tr><td><strong>Recursos contra gabarito preliminar<\/strong><\/td><td class=\"has-text-align-center\" data-align=\"center\">17 a 18\/12\/2024<\/td><\/tr><tr><td><strong>Resultado da an&aacute;lise dos recursos, resultado preliminar da prova escrita e resultado da an&aacute;lise curricular<\/strong><\/td><td class=\"has-text-align-center\" data-align=\"center\">27\/12\/2024<\/td><\/tr><tr><td><strong>Recursos contra an&aacute;lise curricular e Nota Final<\/strong><\/td><td class=\"has-text-align-center\" data-align=\"center\">28 a 29\/12\/2024<\/td><\/tr><tr><td><strong>Resultado Final<\/strong><\/td><td class=\"has-text-align-center\" data-align=\"center\">08\/01\/2025<\/td><\/tr><tr><td><strong>Matr&iacute;culas<\/strong><\/td><td class=\"has-text-align-center\" data-align=\"center\">09 a 14\/01\/2025<\/td><\/tr><\/tbody><\/table><\/figure><p>Quer ser o primeiro a receber informa&ccedil;&otilde;es sobre os editais 2025? Ent&atilde;o&nbsp;<a href=\"https:\/\/news.google.com\/search?q=estrat%C3%A9gia%20med&amp;hl=pt-BR&amp;gl=BR&amp;ceid=BR%3Apt-419\" target=\"_blank\">siga o Portal do Estrat&eacute;gia MED no Google News,<\/a>&nbsp;clicando na&nbsp;<strong>estrela do lado direito<\/strong>. Al&eacute;m disso, n&atilde;o deixe de assinar a nossa Newsletter para receber essas atualiza&ccedil;&otilde;es diretamente no seu e-mail:<\/p><p>\n\n\n<div id=\"new-form\">\n\t<form id=\"forms_layout\">\n\t<input type=\"hidden\" id=\"chave_de\" name=\"chave_de\" value=\"01_EMED_LEADS_TOTAIS\" \/>\n\t\t<input type=\"hidden\" id=\"mid\" name=\"mid\" value=\"515009018\" \/>\n\t\t<input type=\"hidden\" id=\"Objetivo\" name=\"Objetivo\" value=\"Medicina\" \/>\n\t\t<input type=\"hidden\" id=\"Estado_de_Origem_do_IP\" name=\"Estado_de_Origem_do_IP\"  value=\"\" \/>\n\t\t<input type=\"hidden\" id=\"Cidade_de_Origem_do_IP\" name=\"Cidade_de_Origem_do_IP\" value=\"\" \/>\n\t\t<input type=\"hidden\" id=\"Modo_de_entrada\" name=\"Modo_de_entrada\" value=\"Portal\" \/>\n\t\t<input type=\"hidden\" id=\"Pagina_Origem\" name=\"Pagina_Origem\" value=\"\" \/>\n\n\t\t<div class=\"texto\">\n\t\t\t<h3 class=\"news\"><span class=\"ez-toc-section\" id=\"Inscreva-se-em-nossa-newsletter\"><\/span>Inscreva-se em nossa newsletter!<span class=\"ez-toc-section-end\"><\/span><\/h3>\n\t\t\t<p>Receba not\u00edcias sobre resid\u00eancia m\u00e9dica, revalida\u00e7\u00e3o de diplomas e concursos m\u00e9dicos, al\u00e9m de materiais de estudo gratuitos e informa\u00e7\u00f5es relevantes do mundo da Medicina.<\/p>\n\t\t<\/div>\n\t\t<div class=\"campos\">\n\t\t\t<div class=\"first_name labels\">\n\t\t\t\t<input type=\"text\" class=\"input_labels\" id=\"first_name\" name=\"Nome_Completo\" placeholder=\"Nome\" required \/>\n\t\t\t<\/div>\n\t\t\t<div class=\"email labels\">\n\t\t\t\t<input type=\"email\" class=\"input_labels\" id=\"email\" name=\"Email\" placeholder=\"E-mail\" required \/>\n\t\t\t<\/div>\n\t\t\t<button type=\"submit\" class=\"button_layout\">\n\t\t\t\t<div id=\"lblBotao\">Inscreva-se<\/div>\n\t\t\t\t<span id=\"divSpiner\" class=\"loader\" role=\"status\" style=\"display: none;\"><\/span>\t\n\t\t\t<\/button>\n\t\t<\/div><!-- \/campos -->\n\t\t\n\t\t<label class=\"container_checkbox\">Voc\u00ea concorda com a nossa\n\t\t\t<a class=\"politics_privacy_ahref\" target=\"_blank\" href=\"https:\/\/gratis.estrategiaconcursos.com.br\/politica-de-privacidade\/\">Pol\u00edtica de Privacidade<\/a> e aceita receber informa\u00e7\u00f5es adicionais do Estrat\u00e9gia Educacional.\n\t\t\t<input id=\"checkbox_layout\" type=\"checkbox\" checked=\"checked\" required \/>\n\t\t\t<span class=\"checkbox\"><\/span>\n\t\t<\/label>\n\t\t<div id=\"msg\"><\/div>\n\t\t<div id=\"error\" class=\"error\">\n\t\t<\/div>\n\t<\/form>\n<\/div><!-- \/new-form -->\n\n\n\n<\/p><h2 class=\"wp-block-heading\" id=\"h-edital-chjc-2025\"><span class=\"ez-toc-section\" id=\"Edital-CHJC-2025\"><\/span>Edital CHJC 2025<span class=\"ez-toc-section-end\"><\/span><\/h2><p>O edital para o processo seletivo do&nbsp;<strong>Complexo Hospitalar Jardim Cuiab&aacute; (CHJC)<\/strong>&nbsp;foi divulgado nesta sexta-feira (11), clique no bot&atilde;o abaixo para acessar os documentos disponibilizados:<\/p><div class=\"wp-block-buttons is-content-justification-center is-layout-flex wp-container-core-buttons-is-layout-1 wp-block-buttons-is-layout-flex\">\n<div class=\"wp-block-button\"><a class=\"wp-block-button__link wp-element-button\" href=\"https:\/\/med.estrategia.com\/portal\/wp-content\/uploads\/2024\/10\/Edital_residencia_medica_CHC-2025.pdf\" target=\"_blank\">eDITAL Complexo Hospitalar Jardim Cuiab&aacute; (CHJC) 2025<\/a><\/div>\n<\/div><p class=\"wp-block-verse\">Confira tamb&eacute;m o <a href=\"https:\/\/med.estrategia.com\/portal\/residencia-medica\/calendario-de-residencia-medica-confira-as-datas-das-proximas-provas\/\" target=\"_blank\">Calend&aacute;rio de provas &ndash; resid&ecirc;ncia m&eacute;dica 2024\/2025<\/a><\/p><p>Para n&atilde;o perder nenhuma atualiza&ccedil;&atilde;o no universo da medicina e ficar por dentro dos seletivos de Resid&ecirc;ncia M&eacute;dica, de revalida&ccedil;&atilde;o de diplomas e conte&uacute;dos t&eacute;cnicos, continue acessando o&nbsp;<a href=\"https:\/\/med.estrategia.com\/portal\/\" target=\"_blank\">Portal do Estrat&eacute;gia MED<\/a>!<\/p><p>\n\n\n\n\n\n<a id=\"cta\" class=\"cta-imagem\" href=\"https:\/\/med.estrategia.com\/curso\/banco-de-questes-resumos-estrategicos-anual\/\" target=\"blank\">\n                <img decoding=\"async\" width=\"100%\" src=\"https:\/\/med.estrategia.com\/portal\/wp-content\/uploads\/2025\/08\/banco_questoes.png\" alt=\"banco_questoes\" title=\"banco_questoes\">\n        <\/a>\n<\/p><\/p>\n","protected":false},"excerpt":{"rendered":"As inscri\u00e7\u00f5es do processo seletivo iniciam em 21 de outubro de 2024\n","protected":false},"author":52,"featured_media":72158,"comment_status":"closed","ping_status":"closed","sticky":false,"template":"","format":"standard","meta":{"wl_entities_gutenberg":"","footnotes":""},"categories":[300],"tags":[],"wl_entity_type":[199],"class_list":{"0":"post-72156","1":"post","2":"type-post","3":"status-publish","4":"format-standard","5":"has-post-thumbnail","7":"category-noticias","8":"wl_entity_type-article"},"acf":[],"yoast_head":"<!-- This site is optimized with the Yoast SEO Premium plugin v26.6 (Yoast SEO v26.6) - https:\/\/yoast.com\/wordpress\/plugins\/seo\/ -->\n<title>CHJC 2025: edital de Resid\u00eancia M\u00e9dica \u00e9 divulgado<\/title>\n<meta name=\"description\" content=\"O Complexo Hospitalar Jardim Cuiab\u00e1 (CHJC) divulgou na tarde desta sexta-feira (11) o edital do processo seletivo de resid\u00eancia m\u00e9dica para ingresso em 2025 nos programas de Cl\u00ednica M\u00e9dica na institui\u00e7\u00e3o.\" \/>\n<meta name=\"robots\" content=\"index, follow, max-snippet:-1, max-image-preview:large, max-video-preview:-1\" \/>\n<link rel=\"canonical\" href=\"https:\/\/med.estrategia.com\/portal\/noticias\/chjc-2025-edital-de-residencia-medica-e-divulgado\/\" \/>\n<meta property=\"og:locale\" content=\"pt_BR\" \/>\n<meta property=\"og:type\" content=\"article\" \/>\n<meta property=\"og:title\" content=\"CHJC 2025: edital de Resid\u00eancia M\u00e9dica \u00e9 divulgado\" \/>\n<meta property=\"og:description\" content=\"O Complexo Hospitalar Jardim Cuiab\u00e1 (CHJC) divulgou na tarde desta sexta-feira (11) o edital do processo seletivo de resid\u00eancia m\u00e9dica para ingresso em 2025 nos programas de Cl\u00ednica M\u00e9dica na institui\u00e7\u00e3o.\" \/>\n<meta property=\"og:url\" content=\"https:\/\/med.estrategia.com\/portal\/noticias\/chjc-2025-edital-de-residencia-medica-e-divulgado\/\" \/>\n<meta property=\"og:site_name\" content=\"Estrat\u00e9gia MED\" \/>\n<meta property=\"article:publisher\" content=\"https:\/\/www.facebook.com\/estrategiamed1\" \/>\n<meta property=\"article:published_time\" content=\"2024-10-11T19:49:39+00:00\" \/>\n<meta property=\"article:modified_time\" content=\"2024-10-14T13:50:55+00:00\" \/>\n<meta property=\"og:image\" content=\"https:\/\/med.estrategia.com\/portal\/wp-content\/uploads\/2024\/10\/capa-edital-Complexo-Hospitalar-Jardim-Cuiaba.jpg\" \/>\n\t<meta property=\"og:image:width\" content=\"1920\" \/>\n\t<meta property=\"og:image:height\" content=\"1080\" \/>\n\t<meta property=\"og:image:type\" content=\"image\/jpeg\" \/>\n<meta name=\"author\" content=\"Arion Wolff\" \/>\n<meta name=\"twitter:card\" content=\"summary_large_image\" \/>\n<meta name=\"twitter:creator\" content=\"@estrategiamed_\" \/>\n<meta name=\"twitter:site\" content=\"@estrategiamed_\" \/>\n<meta name=\"twitter:label1\" content=\"Escrito por\" \/>\n\t<meta name=\"twitter:data1\" content=\"Arion Wolff\" \/>\n\t<meta name=\"twitter:label2\" content=\"Est. tempo de leitura\" \/>\n\t<meta name=\"twitter:data2\" content=\"2 minutos\" \/>\n<script type=\"application\/ld+json\" class=\"yoast-schema-graph\">{\"@context\":\"https:\/\/schema.org\",\"@graph\":[{\"@type\":\"WebPage\",\"@id\":\"https:\/\/med.estrategia.com\/portal\/noticias\/chjc-2025-edital-de-residencia-medica-e-divulgado\/\",\"url\":\"https:\/\/med.estrategia.com\/portal\/noticias\/chjc-2025-edital-de-residencia-medica-e-divulgado\/\",\"name\":\"CHJC 2025: edital de Resid\u00eancia M\u00e9dica \u00e9 divulgado\",\"isPartOf\":{\"@id\":\"https:\/\/med.estrategia.com\/portal\/#website\"},\"primaryImageOfPage\":{\"@id\":\"https:\/\/med.estrategia.com\/portal\/noticias\/chjc-2025-edital-de-residencia-medica-e-divulgado\/#primaryimage\"},\"image\":{\"@id\":\"https:\/\/med.estrategia.com\/portal\/noticias\/chjc-2025-edital-de-residencia-medica-e-divulgado\/#primaryimage\"},\"thumbnailUrl\":\"https:\/\/med.estrategia.com\/portal\/wp-content\/uploads\/2024\/10\/capa-edital-Complexo-Hospitalar-Jardim-Cuiaba.jpg\",\"datePublished\":\"2024-10-11T19:49:39+00:00\",\"dateModified\":\"2024-10-14T13:50:55+00:00\",\"author\":{\"@id\":\"https:\/\/med.estrategia.com\/portal\/#\/schema\/person\/b6aba49604868a427dd15c3b1fc6a8bc\"},\"description\":\"O Complexo Hospitalar Jardim Cuiab\u00e1 (CHJC) divulgou na tarde desta sexta-feira (11) o edital do processo seletivo de resid\u00eancia m\u00e9dica para ingresso em 2025 nos programas de Cl\u00ednica M\u00e9dica na institui\u00e7\u00e3o.\",\"breadcrumb\":{\"@id\":\"https:\/\/med.estrategia.com\/portal\/noticias\/chjc-2025-edital-de-residencia-medica-e-divulgado\/#breadcrumb\"},\"inLanguage\":\"pt-BR\",\"potentialAction\":[{\"@type\":\"ReadAction\",\"target\":[\"https:\/\/med.estrategia.com\/portal\/noticias\/chjc-2025-edital-de-residencia-medica-e-divulgado\/\"]}]},{\"@type\":\"ImageObject\",\"inLanguage\":\"pt-BR\",\"@id\":\"https:\/\/med.estrategia.com\/portal\/noticias\/chjc-2025-edital-de-residencia-medica-e-divulgado\/#primaryimage\",\"url\":\"https:\/\/med.estrategia.com\/portal\/wp-content\/uploads\/2024\/10\/capa-edital-Complexo-Hospitalar-Jardim-Cuiaba.jpg\",\"contentUrl\":\"https:\/\/med.estrategia.com\/portal\/wp-content\/uploads\/2024\/10\/capa-edital-Complexo-Hospitalar-Jardim-Cuiaba.jpg\",\"width\":1920,\"height\":1080,\"caption\":\"Estrat\u00e9gia Med | Foto: CHJC\"},{\"@type\":\"BreadcrumbList\",\"@id\":\"https:\/\/med.estrategia.com\/portal\/noticias\/chjc-2025-edital-de-residencia-medica-e-divulgado\/#breadcrumb\",\"itemListElement\":[{\"@type\":\"ListItem\",\"position\":1,\"name\":\"Home\",\"item\":\"https:\/\/med.estrategia.com\/portal\/\"},{\"@type\":\"ListItem\",\"position\":2,\"name\":\"Not\u00edcias\",\"item\":\"https:\/\/med.estrategia.com\/portal\/noticias\/\"},{\"@type\":\"ListItem\",\"position\":3,\"name\":\"CHJC 2025: edital de Resid\u00eancia M\u00e9dica \u00e9 divulgado\"}]},{\"@type\":\"WebSite\",\"@id\":\"https:\/\/med.estrategia.com\/portal\/#website\",\"url\":\"https:\/\/med.estrategia.com\/portal\/\",\"name\":\"Estrat\u00e9gia MED\",\"description\":\"\",\"potentialAction\":[{\"@type\":\"SearchAction\",\"target\":{\"@type\":\"EntryPoint\",\"urlTemplate\":\"https:\/\/med.estrategia.com\/portal\/?s={search_term_string}\"},\"query-input\":{\"@type\":\"PropertyValueSpecification\",\"valueRequired\":true,\"valueName\":\"search_term_string\"}}],\"inLanguage\":\"pt-BR\"},{\"@type\":\"Person\",\"@id\":\"https:\/\/med.estrategia.com\/portal\/#\/schema\/person\/b6aba49604868a427dd15c3b1fc6a8bc\",\"name\":\"Arion Wolff\",\"image\":{\"@type\":\"ImageObject\",\"inLanguage\":\"pt-BR\",\"@id\":\"https:\/\/med.estrategia.com\/portal\/#\/schema\/person\/image\/\",\"url\":\"https:\/\/med.estrategia.com\/portal\/wp-content\/uploads\/2023\/12\/arion-wolff-estrategia-med-150x150.jpg\",\"contentUrl\":\"https:\/\/med.estrategia.com\/portal\/wp-content\/uploads\/2023\/12\/arion-wolff-estrategia-med-150x150.jpg\",\"caption\":\"Arion Wolff\"},\"description\":\"Jornalista formado pela UNIFATEC e p\u00f3s-graduado em Jornalismo Digital pela UNINTER. Escrevo sobre medicina, resid\u00eancia m\u00e9dica e sa\u00fade. Entusiasta de filmes, livros, bons dramas e romances gen\u00e9ricos.\",\"sameAs\":[\"http:\/\/med.estrategia.com\"],\"url\":\"https:\/\/med.estrategia.com\/portal\/author\/arion-santos\/\"}]}<\/script>\n<!-- \/ Yoast SEO Premium plugin. -->","yoast_head_json":{"title":"CHJC 2025: edital de Resid\u00eancia M\u00e9dica \u00e9 divulgado","description":"O Complexo Hospitalar Jardim Cuiab\u00e1 (CHJC) divulgou na tarde desta sexta-feira (11) o edital do processo seletivo de resid\u00eancia m\u00e9dica para ingresso em 2025 nos programas de Cl\u00ednica M\u00e9dica na institui\u00e7\u00e3o.","robots":{"index":"index","follow":"follow","max-snippet":"max-snippet:-1","max-image-preview":"max-image-preview:large","max-video-preview":"max-video-preview:-1"},"canonical":"https:\/\/med.estrategia.com\/portal\/noticias\/chjc-2025-edital-de-residencia-medica-e-divulgado\/","og_locale":"pt_BR","og_type":"article","og_title":"CHJC 2025: edital de Resid\u00eancia M\u00e9dica \u00e9 divulgado","og_description":"O Complexo Hospitalar Jardim Cuiab\u00e1 (CHJC) divulgou na tarde desta sexta-feira (11) o edital do processo seletivo de resid\u00eancia m\u00e9dica para ingresso em 2025 nos programas de Cl\u00ednica M\u00e9dica na institui\u00e7\u00e3o.","og_url":"https:\/\/med.estrategia.com\/portal\/noticias\/chjc-2025-edital-de-residencia-medica-e-divulgado\/","og_site_name":"Estrat\u00e9gia MED","article_publisher":"https:\/\/www.facebook.com\/estrategiamed1","article_published_time":"2024-10-11T19:49:39+00:00","article_modified_time":"2024-10-14T13:50:55+00:00","og_image":[{"width":1920,"height":1080,"url":"https:\/\/med.estrategia.com\/portal\/wp-content\/uploads\/2024\/10\/capa-edital-Complexo-Hospitalar-Jardim-Cuiaba.jpg","type":"image\/jpeg"}],"author":"Arion Wolff","twitter_card":"summary_large_image","twitter_creator":"@estrategiamed_","twitter_site":"@estrategiamed_","twitter_misc":{"Escrito por":"Arion Wolff","Est. tempo de leitura":"2 minutos"},"schema":{"@context":"https:\/\/schema.org","@graph":[{"@type":"WebPage","@id":"https:\/\/med.estrategia.com\/portal\/noticias\/chjc-2025-edital-de-residencia-medica-e-divulgado\/","url":"https:\/\/med.estrategia.com\/portal\/noticias\/chjc-2025-edital-de-residencia-medica-e-divulgado\/","name":"CHJC 2025: edital de Resid\u00eancia M\u00e9dica \u00e9 divulgado","isPartOf":{"@id":"https:\/\/med.estrategia.com\/portal\/#website"},"primaryImageOfPage":{"@id":"https:\/\/med.estrategia.com\/portal\/noticias\/chjc-2025-edital-de-residencia-medica-e-divulgado\/#primaryimage"},"image":{"@id":"https:\/\/med.estrategia.com\/portal\/noticias\/chjc-2025-edital-de-residencia-medica-e-divulgado\/#primaryimage"},"thumbnailUrl":"https:\/\/med.estrategia.com\/portal\/wp-content\/uploads\/2024\/10\/capa-edital-Complexo-Hospitalar-Jardim-Cuiaba.jpg","datePublished":"2024-10-11T19:49:39+00:00","dateModified":"2024-10-14T13:50:55+00:00","author":{"@id":"https:\/\/med.estrategia.com\/portal\/#\/schema\/person\/b6aba49604868a427dd15c3b1fc6a8bc"},"description":"O Complexo Hospitalar Jardim Cuiab\u00e1 (CHJC) divulgou na tarde desta sexta-feira (11) o edital do processo seletivo de resid\u00eancia m\u00e9dica para ingresso em 2025 nos programas de Cl\u00ednica M\u00e9dica na institui\u00e7\u00e3o.","breadcrumb":{"@id":"https:\/\/med.estrategia.com\/portal\/noticias\/chjc-2025-edital-de-residencia-medica-e-divulgado\/#breadcrumb"},"inLanguage":"pt-BR","potentialAction":[{"@type":"ReadAction","target":["https:\/\/med.estrategia.com\/portal\/noticias\/chjc-2025-edital-de-residencia-medica-e-divulgado\/"]}]},{"@type":"ImageObject","inLanguage":"pt-BR","@id":"https:\/\/med.estrategia.com\/portal\/noticias\/chjc-2025-edital-de-residencia-medica-e-divulgado\/#primaryimage","url":"https:\/\/med.estrategia.com\/portal\/wp-content\/uploads\/2024\/10\/capa-edital-Complexo-Hospitalar-Jardim-Cuiaba.jpg","contentUrl":"https:\/\/med.estrategia.com\/portal\/wp-content\/uploads\/2024\/10\/capa-edital-Complexo-Hospitalar-Jardim-Cuiaba.jpg","width":1920,"height":1080,"caption":"Estrat\u00e9gia Med | Foto: CHJC"},{"@type":"BreadcrumbList","@id":"https:\/\/med.estrategia.com\/portal\/noticias\/chjc-2025-edital-de-residencia-medica-e-divulgado\/#breadcrumb","itemListElement":[{"@type":"ListItem","position":1,"name":"Home","item":"https:\/\/med.estrategia.com\/portal\/"},{"@type":"ListItem","position":2,"name":"Not\u00edcias","item":"https:\/\/med.estrategia.com\/portal\/noticias\/"},{"@type":"ListItem","position":3,"name":"CHJC 2025: edital de Resid\u00eancia M\u00e9dica \u00e9 divulgado"}]},{"@type":"WebSite","@id":"https:\/\/med.estrategia.com\/portal\/#website","url":"https:\/\/med.estrategia.com\/portal\/","name":"Estrat\u00e9gia MED","description":"","potentialAction":[{"@type":"SearchAction","target":{"@type":"EntryPoint","urlTemplate":"https:\/\/med.estrategia.com\/portal\/?s={search_term_string}"},"query-input":{"@type":"PropertyValueSpecification","valueRequired":true,"valueName":"search_term_string"}}],"inLanguage":"pt-BR"},{"@type":"Person","@id":"https:\/\/med.estrategia.com\/portal\/#\/schema\/person\/b6aba49604868a427dd15c3b1fc6a8bc","name":"Arion Wolff","image":{"@type":"ImageObject","inLanguage":"pt-BR","@id":"https:\/\/med.estrategia.com\/portal\/#\/schema\/person\/image\/","url":"https:\/\/med.estrategia.com\/portal\/wp-content\/uploads\/2023\/12\/arion-wolff-estrategia-med-150x150.jpg","contentUrl":"https:\/\/med.estrategia.com\/portal\/wp-content\/uploads\/2023\/12\/arion-wolff-estrategia-med-150x150.jpg","caption":"Arion Wolff"},"description":"Jornalista formado pela UNIFATEC e p\u00f3s-graduado em Jornalismo Digital pela UNINTER. Escrevo sobre medicina, resid\u00eancia m\u00e9dica e sa\u00fade. Entusiasta de filmes, livros, bons dramas e romances gen\u00e9ricos.","sameAs":["http:\/\/med.estrategia.com"],"url":"https:\/\/med.estrategia.com\/portal\/author\/arion-santos\/"}]}},"_wl_alt_label":[],"wl:entity_url":"\/post\/chjc-2025-edital-de-residencia-medica-e-divulgado","_links":{"self":[{"href":"https:\/\/med.estrategia.com\/portal\/wp-json\/wp\/v2\/posts\/72156","targetHints":{"allow":["GET"]}}],"collection":[{"href":"https:\/\/med.estrategia.com\/portal\/wp-json\/wp\/v2\/posts"}],"about":[{"href":"https:\/\/med.estrategia.com\/portal\/wp-json\/wp\/v2\/types\/post"}],"author":[{"embeddable":true,"href":"https:\/\/med.estrategia.com\/portal\/wp-json\/wp\/v2\/users\/52"}],"replies":[{"embeddable":true,"href":"https:\/\/med.estrategia.com\/portal\/wp-json\/wp\/v2\/comments?post=72156"}],"version-history":[{"count":5,"href":"https:\/\/med.estrategia.com\/portal\/wp-json\/wp\/v2\/posts\/72156\/revisions"}],"predecessor-version":[{"id":72233,"href":"https:\/\/med.estrategia.com\/portal\/wp-json\/wp\/v2\/posts\/72156\/revisions\/72233"}],"wp:featuredmedia":[{"embeddable":true,"href":"https:\/\/med.estrategia.com\/portal\/wp-json\/wp\/v2\/media\/72158"}],"wp:attachment":[{"href":"https:\/\/med.estrategia.com\/portal\/wp-json\/wp\/v2\/media?parent=72156"}],"wp:term":[{"taxonomy":"category","embeddable":true,"href":"https:\/\/med.estrategia.com\/portal\/wp-json\/wp\/v2\/categories?post=72156"},{"taxonomy":"post_tag","embeddable":true,"href":"https:\/\/med.estrategia.com\/portal\/wp-json\/wp\/v2\/tags?post=72156"},{"taxonomy":"wl_entity_type","embeddable":true,"href":"https:\/\/med.estrategia.com\/portal\/wp-json\/wp\/v2\/wl_entity_type?post=72156"}],"curies":[{"name":"wp","href":"https:\/\/api.w.org\/{rel}","templated":true}]}}