{"id":7307,"date":"2021-07-02T11:30:22","date_gmt":"2021-07-02T14:30:22","guid":{"rendered":"https:\/\/med.estrategiaeducacional.com.br\/blog\/?p=7307"},"modified":"2022-09-06T09:26:16","modified_gmt":"2022-09-06T12:26:16","slug":"hospital-metropolitano-de-sarandi","status":"publish","type":"post","link":"https:\/\/med.estrategia.com\/portal\/residencia-medica\/hospital-metropolitano-de-sarandi\/","title":{"rendered":"Hospital Metropolitano de Sarandi 2022: saiu o resultado final!"},"content":{"rendered":"<p>O Estrat&eacute;gia MED preparou esse texto para voc&ecirc; ficar por dentro de como funcionaram as provas para Resid&ecirc;ncia M&eacute;dica da <strong>Rede de Assist&ecirc;ncia &agrave; Sa&uacute;de Metropolitana<\/strong>, que coordena o <strong>Hospital Metropolitano de Sarandi.<\/strong> Siga no post e saiba tudo do processo seletivo!<div id=\"ez-toc-container\" class=\"ez-toc-v2_0_79_2 counter-hierarchy ez-toc-counter ez-toc-transparent ez-toc-container-direction\">\n<div class=\"ez-toc-title-container\"><p class=\"ez-toc-title\" style=\"cursor:inherit\">Navegue pelo conte\u00fado<\/p>\n<\/div><nav><ul class='ez-toc-list ez-toc-list-level-1 ' ><li class='ez-toc-page-1 ez-toc-heading-level-2'><a class=\"ez-toc-link ez-toc-heading-1\" href=\"https:\/\/med.estrategia.com\/portal\/residencia-medica\/hospital-metropolitano-de-sarandi\/#Rede-de-Assistencia-a-Saude-Metropolitana\" >Rede de Assist&ecirc;ncia &agrave; Sa&uacute;de Metropolitana<\/a><\/li><li class='ez-toc-page-1 ez-toc-heading-level-2'><a class=\"ez-toc-link ez-toc-heading-2\" href=\"https:\/\/med.estrategia.com\/portal\/residencia-medica\/hospital-metropolitano-de-sarandi\/#Cronograma-Hospital-Metropolitano-de-Sarandi\" >Cronograma Hospital Metropolitano de Sarandi<\/a><\/li><li class='ez-toc-page-1 ez-toc-heading-level-2'><a class=\"ez-toc-link ez-toc-heading-3\" href=\"https:\/\/med.estrategia.com\/portal\/residencia-medica\/hospital-metropolitano-de-sarandi\/#Especialidades-e-vagas-oferecidas\" >Especialidades e vagas oferecidas<\/a><\/li><li class='ez-toc-page-1 ez-toc-heading-level-2'><a class=\"ez-toc-link ez-toc-heading-4\" href=\"https:\/\/med.estrategia.com\/portal\/residencia-medica\/hospital-metropolitano-de-sarandi\/#Sobre-o-Processo-Seletivo-do-Hospital-Metropolitano-de-Sarandi\" >Sobre o Processo Seletivo do Hospital Metropolitano de Sarandi<\/a><\/li><li class='ez-toc-page-1 ez-toc-heading-level-2'><a class=\"ez-toc-link ez-toc-heading-5\" href=\"https:\/\/med.estrategia.com\/portal\/residencia-medica\/hospital-metropolitano-de-sarandi\/#Resultado-Final-do-Hospital-Metropolitano-de-Sarandi\" >Resultado Final do Hospital Metropolitano de Sarandi<\/a><\/li><li class='ez-toc-page-1 ez-toc-heading-level-2'><a class=\"ez-toc-link ez-toc-heading-6\" href=\"https:\/\/med.estrategia.com\/portal\/residencia-medica\/hospital-metropolitano-de-sarandi\/#Nota-de-Corte-2022\" >Nota de Corte 2022<\/a><\/li><\/ul><\/nav><\/div>\n<h2 class=\"wp-block-heading\" id=\"h-rede-de-assistencia-a-saude-metropolitana\"><span class=\"ez-toc-section\" id=\"Rede-de-Assistencia-a-Saude-Metropolitana\"><\/span>Rede de Assist&ecirc;ncia &agrave; Sa&uacute;de Metropolitana<span class=\"ez-toc-section-end\"><\/span><\/h2><p>A <strong>Rede de Assist&ecirc;ncia &agrave; Sa&uacute;de Metropolitana<\/strong> teve origem em <strong>1984<\/strong>, em <strong>Sarandi<\/strong>, <strong>munic&iacute;pio no norte do Paran&aacute;<\/strong>. Hoje, a Rede tem <strong>cinco unidades<\/strong> espalhadas pelo estado, s&atilde;o elas: <strong>Sarandi, Maring&aacute;, Mandaguari, Mandagua&ccedil;u<\/strong> e<strong> Ivaipor&atilde;<\/strong>.<\/p><p>Em 2020, o <strong>Hospital Metropolitano de Sarandi<\/strong>, uma das unidades da Rede de Assist&ecirc;ncia &agrave; Sa&uacute;de Metropolitana, realizou o <strong>processo seletivo para Resid&ecirc;ncia M&eacute;dica<\/strong> em parceria &agrave; <a href=\"https:\/\/med.estrategia.com\/portal\/residencia-medica\/programa-de-residencia-medica\/amp-residencia-medica\/\" target=\"_blank\">Associa&ccedil;&atilde;o M&eacute;dica do Paran&aacute; (AMP)<\/a>.<\/p><div class=\"wp-block-image\"><figure class=\"aligncenter is-resized\"><img decoding=\"async\" src=\"https:\/\/lh4.googleusercontent.com\/6iTVxTuG1rF1lJqwjfPCQp6am-z4EiLV2C7sU8UXPa0q2qxAdtTMPUlmin-doCFeYf6BrgVKg8vkQzbUunYz0GGOGQBvFfiNpXyrrtt4Dhjb4dyNMswgXiH9iRrC6-XOaNC_YeH0\" alt=\"Hospital Metropolitano de Sarandi\" width=\"437\" height=\"291\"><figcaption>Foto:<a href=\"https:\/\/www.redemetropolitana.org.br\/\" target=\"_blank\"> Divulga&ccedil;&atilde;o Rede de Assist&ecirc;ncia &agrave; Sa&uacute;de Metropolitana<\/a><\/figcaption><\/figure><\/div><h2 class=\"wp-block-heading\" id=\"h-cronograma-hospital-metropolitano-de-sarandi\"><span class=\"ez-toc-section\" id=\"Cronograma-Hospital-Metropolitano-de-Sarandi\"><\/span>Cronograma Hospital Metropolitano de Sarandi<span class=\"ez-toc-section-end\"><\/span><\/h2><ul class=\"wp-block-list\"><li><strong>Inscri&ccedil;&otilde;es: <\/strong>08\/09 a 07\/10\/2021;<\/li><li><strong>Taxa de inscri&ccedil;&atilde;o:<\/strong> R$ 870,00;<\/li><li><strong>Prova te&oacute;rica (1&ordf; fase):<\/strong> 15\/11\/2021;<\/li><li><strong>Divulga&ccedil;&atilde;o do Gabarito: <\/strong>16\/11\/2021;<\/li><li><strong>Resultado final da 1&ordf; fase:<\/strong> at&eacute; 03\/12\/2021;<\/li><li><strong>Entrega de curr&iacute;culos: <\/strong>at&eacute; 08\/12\/2021;<\/li><li><strong>Entrevista curricular (2&ordf; fase):<\/strong> 11\/12\/2021;<\/li><li><strong>Classifica&ccedil;&atilde;o Final: <\/strong>15\/12\/2021;<\/li><li><strong>Matr&iacute;culas: <\/strong>16, 17, 20, 21 e 22\/12\/2021; e<\/li><li><strong>In&iacute;cio dos programas: <\/strong>01\/03\/2022.<\/li><\/ul><h2 class=\"wp-block-heading\" id=\"h-especialidades-e-vagas-oferecidas\"><span class=\"ez-toc-section\" id=\"Especialidades-e-vagas-oferecidas\"><\/span>Especialidades e vagas oferecidas<span class=\"ez-toc-section-end\"><\/span><\/h2><p>O Hospital Metropolitano de Sarandi oferece um total de <strong>28 vagas<\/strong> no &uacute;ltimo seletivo, com <strong>ingresso em 2022<\/strong>, que foram divididas entre especialidades de<strong> Acesso Direto e com Pr&eacute;-Requisito<\/strong>. Confira as especialidades e vagas:<\/p><figure class=\"wp-block-table is-style-stripes\"><table class=\"has-background has-fixed-layout\" style=\"background-color:#e7f5fe\"><thead><tr><th><strong>Especialidades<\/strong><\/th><th class=\"has-text-align-center\" data-align=\"center\"><strong>Vagas<\/strong><\/th><\/tr><\/thead><tbody><tr><td>Anestesiologia<\/td><td class=\"has-text-align-center\" data-align=\"center\">2<\/td><\/tr><tr><td>Cirurgia Geral<\/td><td class=\"has-text-align-center\" data-align=\"center\">2<\/td><\/tr><tr><td>Cl&iacute;nica M&eacute;dica<\/td><td class=\"has-text-align-center\" data-align=\"center\">6<\/td><\/tr><tr><td>Ginecologia e Obstetr&iacute;cia<\/td><td class=\"has-text-align-center\" data-align=\"center\">2<\/td><\/tr><tr><td>Medicina Intensiva Adulto*<\/td><td class=\"has-text-align-center\" data-align=\"center\">2<\/td><\/tr><tr><td>Medicina da Fam&iacute;lia e Comunidade<\/td><td class=\"has-text-align-center\" data-align=\"center\">2<\/td><\/tr><tr><td>Neurocirurgia<\/td><td class=\"has-text-align-center\" data-align=\"center\">1<\/td><\/tr><tr><td>Ortopedia e Traumatologia<\/td><td class=\"has-text-align-center\" data-align=\"center\">3<\/td><\/tr><tr><td>Pediatria<\/td><td class=\"has-text-align-center\" data-align=\"center\">2<\/td><\/tr><tr><td>Radiologia e Diagn&oacute;stico por Imagem<\/td><td class=\"has-text-align-center\" data-align=\"center\">1<\/td><\/tr><tr><td>Neonatologia*<\/td><td class=\"has-text-align-center\" data-align=\"center\">3<\/td><\/tr><tr><td>Geriatria*<\/td><td class=\"has-text-align-center\" data-align=\"center\">2<\/td><\/tr><\/tbody><\/table><figcaption>* especialidades com pr&eacute;-requisito<\/figcaption><\/figure><h2 class=\"wp-block-heading\" id=\"h-sobre-o-processo-seletivo-do-hospital-metropolitano-de-sarandi\"><span class=\"ez-toc-section\" id=\"Sobre-o-Processo-Seletivo-do-Hospital-Metropolitano-de-Sarandi\"><\/span>Sobre o Processo Seletivo do Hospital Metropolitano de Sarandi<span class=\"ez-toc-section-end\"><\/span><\/h2><p>O seletivo para Resid&ecirc;ncia M&eacute;dica do Hospital Metropolitano de Sarandi contar&aacute; com<strong> duas etapas<\/strong>, a <strong>prova escrita <\/strong>e a<strong> entrevista e avalia&ccedil;&atilde;o curricular.<\/strong><\/p><p>Baixe aqui o <strong>Edital 2022 do Hospital Metropolitano de Sarandi, cronograma, retifica&ccedil;&atilde;o <\/strong>e <strong>demais arquivos<\/strong>!&nbsp;<\/p><div class=\"wp-block-buttons is-content-justification-center is-layout-flex wp-block-buttons-is-layout-flex\">\n<div class=\"wp-block-button\"><a class=\"wp-block-button__link has-white-color has-light-green-cyan-to-vivid-green-cyan-gradient-background has-text-color has-background\" href=\"https:\/\/www.amp.org.br\/site\/arquivos\/bibliotecaarquivos\/rede-de-assistencia-a-saude-metropolitana-de-sarandi_1629731133.pdf\" style=\"border-radius:50px\" target=\"_blank\">Edital Sarandi 2022<\/a><\/div>\n<\/div><h3 class=\"wp-block-heading\" id=\"h-prova-objetiva-para-especialidades-de-acesso-direto\">Prova Objetiva para especialidades de Acesso Direto<\/h3><p>Essa foi a <strong>1&ordf; fase do seletivo <\/strong>para os candidatos &agrave;s vagas de <strong>Acesso Direto <\/strong>e contou com uma<strong> prova te&oacute;rica<\/strong>, aplicada no dia <strong>15 de novembro de 2021<\/strong>, das <strong>14h &agrave;s 18h30<\/strong>, em <strong>Curitiba<\/strong>. <\/p><p>A prova foi <strong>administrada <\/strong>pela <strong>AMP.<\/strong> O exame foi composto de <strong>100 quest&otilde;es de m&uacute;ltipla escolha<\/strong>, no <strong>modelo ABCDE, <\/strong>e tinha peso<strong> 9,0<\/strong>.<\/p><p>O <strong>conte&uacute;do da prova<\/strong> contou com quest&otilde;es divididas igualmente entre as &aacute;reas de <a href=\"https:\/\/med.estrategia.com\/portal\/profissoes-da-medicina\/clinica-medica\/\" target=\"_blank\">Cl&iacute;nica M&eacute;dica<\/a>, <a href=\"https:\/\/med.estrategia.com\/portal\/profissoes-da-medicina\/cirurgiao-geral\/\" target=\"_blank\">Cirurgia Geral<\/a>, <a href=\"https:\/\/med.estrategia.com\/portal\/profissoes-da-medicina\/ginecologia-e-obstetricia\/\" target=\"_blank\">Ginecologia e Obstetr&iacute;cia<\/a>, <a href=\"https:\/\/med.estrategia.com\/portal\/profissoes-da-medicina\/tudo-sobre-pediatria\/\" target=\"_blank\">Pediatria<\/a> e <a href=\"https:\/\/med.estrategia.com\/portal\/profissoes-da-medicina\/medicina-da-familia-e-comunidade\/\" target=\"_blank\">Medicina da Fam&iacute;lia e Comunidade<\/a>. A <strong>prova e os<\/strong> <strong>gabaritos<\/strong> foram divulgados no dia<strong> 16 de novembro de 2021<\/strong>, no<a href=\"https:\/\/www.amp.org.br\/site\/\" target=\"_blank\"> site da AMP<\/a>.&nbsp;<\/p><div class=\"wp-block-buttons is-content-justification-center is-layout-flex wp-block-buttons-is-layout-flex\">\n<div class=\"wp-block-button\"><a class=\"wp-block-button__link has-light-green-cyan-background-color has-background\" href=\"https:\/\/med.estrategia.com\/portal\/wp-content\/uploads\/2021\/11\/Prova-Geral-AMP.pdf\" target=\"_blank\"> Baixe aqui a prova de Acesso Direto da AMP!<\/a><\/div>\n<\/div><div class=\"wp-block-buttons is-content-justification-center is-layout-flex wp-block-buttons-is-layout-flex\">\n<div class=\"wp-block-button\"><a class=\"wp-block-button__link has-light-green-cyan-background-color has-background\" href=\"https:\/\/med.estrategia.com\/portal\/wp-content\/uploads\/2021\/11\/Gabaritos-AMP.pdf\" target=\"_blank\">Gabaritos AMP!<\/a><\/div>\n<\/div><h3 class=\"wp-block-heading\" id=\"h-prova-objetiva-para-especialidades-com-pre-requisito\">Prova Objetiva para especialidades com Pr&eacute;-Requisito<\/h3><p>Essa etapa corresponde &agrave; <strong>1&ordf; fase do processo seletivo<\/strong> para os candidatos &agrave;s <strong>especialidades com Pr&eacute;-Requisito <\/strong>e se deu por meio de uma <strong>prova te&oacute;rica<\/strong>, que ocorreu no dia <strong>15 de novembro de 2020<\/strong>, a partir das <strong>14h<\/strong>, em <strong>Curitiba<\/strong>. A prova teve <strong>3 horas de dura&ccedil;&atilde;o<\/strong>.<\/p><p>A <strong>Prova Escrita<\/strong> foi igualmente administrada pela <strong>AMP<\/strong>. O teste foi composto por <strong>50 quest&otilde;es de m&uacute;ltipla escolha<\/strong>, no <strong>modelo ABCDE,<\/strong> e teve <strong>peso 9,0<\/strong>.<\/p><p>O <strong>conte&uacute;do da prova<\/strong> contou com quest&otilde;es baseadas na <strong>&aacute;rea b&aacute;sica do pr&eacute;-requisito da especialidade escolhida <\/strong>pelo candidato. Os <strong>gabaritos<\/strong> tamb&eacute;m foram divulgados no dia <strong>16 de novembro de 2021<\/strong>, no<a href=\"https:\/\/www.amp.org.br\/site\/\" target=\"_blank\"> site da AMP<\/a>.<\/p><h3 class=\"wp-block-heading\" id=\"h-entrevista-e-analise-curricular\">Entrevista e An&aacute;lise Curricular<\/h3><p>Nessa fase os <strong>curr&iacute;culos de todos os candidatos<\/strong>, independente da especialidade, ser&atilde;o <strong>avaliados e pontuados<\/strong>, juntamente &agrave;s suas <strong>apresenta&ccedil;&otilde;es<\/strong>. Essa fase ocorrer&aacute; no <strong>Hospital Metropolitano de Sarandi<\/strong>, no dia <strong>11 de dezembro de 2021<\/strong>, &agrave;s <strong>13h30,<\/strong> e ter&aacute; <strong>peso 1,0<\/strong>.<\/p><p>Para essa etapa ser&aacute; necess&aacute;rio o <strong>encaminhamento do curr&iacute;culo &agrave; COREME da Rede de Assist&ecirc;ncia &agrave; Sa&uacute;de Metropolitana<\/strong>, em Sarandi, <strong>at&eacute; o dia 8 de dezembro de 202<\/strong>1.<\/p><h2 class=\"wp-block-heading\" id=\"h-resultado-final-do-hospital-metropolitano-de-sarandi\"><span class=\"ez-toc-section\" id=\"Resultado-Final-do-Hospital-Metropolitano-de-Sarandi\"><\/span>Resultado Final do Hospital Metropolitano de Sarandi<span class=\"ez-toc-section-end\"><\/span><\/h2><p>Al&eacute;m das duas etapas, os candidatos &agrave;s vagas de Acesso Direto que participarem e cumprirem integralmente o <strong>Programa de Valoriza&ccedil;&atilde;o do Profissional da Aten&ccedil;&atilde;o B&aacute;sica (PROVAB)<\/strong>, receber&atilde;o <strong>bonifica&ccedil;&atilde;o de 10% na nota<\/strong>. J&aacute; qualquer outro candidato que tenha realizado por completo o <strong>PRMGFC<\/strong>, tamb&eacute;m receber&aacute; <strong>bonifica&ccedil;&atilde;o de 10% na nota <\/strong>final.<\/p><p>O <strong>resultado final da prova objetiva<\/strong> foi divulgado at&eacute; o dia <strong>25 de novembro de 2020<\/strong>, no <a href=\"https:\/\/www.amp.org.br\/site\/\" target=\"_blank\">site da AMP<\/a>. J&aacute; a <strong>classifica&ccedil;&atilde;o final e lista de convocados <\/strong>foram divulgadas no dia <strong>15 de dezembro de 2021<\/strong>, nas redes sociais e no <a href=\"https:\/\/www.redemetropolitana.org.br\/residencia-medica\" target=\"_blank\">site oficial da Rede de Assist&ecirc;ncia &agrave; Sa&uacute;de Metropolitana<\/a>. Confira!<\/p><div class=\"wp-block-buttons is-content-justification-center is-layout-flex wp-block-buttons-is-layout-flex\">\n<div class=\"wp-block-button\"><a class=\"wp-block-button__link has-light-green-cyan-background-color has-background\" href=\"https:\/\/www.redemetropolitana.org.br\/wp-content\/uploads\/2021\/12\/edital.pdf\" target=\"_blank\">Resultado final Hospital Metropolitano Sarandi 2022<\/a><\/div>\n<\/div><h2 class=\"wp-block-heading\" id=\"h-nota-de-corte-2022\"><span class=\"ez-toc-section\" id=\"Nota-de-Corte-2022\"><\/span>Nota de Corte 2022<span class=\"ez-toc-section-end\"><\/span><\/h2><p>Essas foram as notas dos &uacute;ltimos candidatos classificados para a segunda fase do seletivo do Hospital Metropolitano de Sarandi:<br><\/p><figure class=\"wp-block-table is-style-stripes\"><table><thead><tr><th>Especialidade<\/th><th class=\"has-text-align-center\" data-align=\"center\">Nota de Corte<\/th><\/tr><\/thead><tbody><tr><td>Anestesiologia<\/td><td class=\"has-text-align-center\" data-align=\"center\">30<\/td><\/tr><tr><td>Cirurgia Geral<\/td><td class=\"has-text-align-center\" data-align=\"center\">31<\/td><\/tr><tr><td>Cl&iacute;nica M&eacute;dica<\/td><td class=\"has-text-align-center\" data-align=\"center\">31<\/td><\/tr><tr><td>Geriatria<\/td><td class=\"has-text-align-center\" data-align=\"center\">34<\/td><\/tr><tr><td>Ginecologia e Obstetr&iacute;cia<\/td><td class=\"has-text-align-center\" data-align=\"center\">31,9<\/td><\/tr><tr><td>Medicina de Fam&iacute;lia e Comunidade<\/td><td class=\"has-text-align-center\" data-align=\"center\">22<\/td><\/tr><tr><td>Medicina Intensiva Adulto<\/td><td class=\"has-text-align-center\" data-align=\"center\">33<\/td><\/tr><tr><td>Neonatologia<\/td><td class=\"has-text-align-center\" data-align=\"center\">32<\/td><\/tr><tr><td>Neurocirurgia<\/td><td class=\"has-text-align-center\" data-align=\"center\">46<\/td><\/tr><tr><td>Ortopedia e Traumatologia<\/td><td class=\"has-text-align-center\" data-align=\"center\">26<\/td><\/tr><tr><td>Pediatria<\/td><td class=\"has-text-align-center\" data-align=\"center\">27<\/td><\/tr><tr><td>Radiologia e Diagn&oacute;stico por Imagem<\/td><td class=\"has-text-align-center\" data-align=\"center\">25<\/td><\/tr><\/tbody><\/table><\/figure><p>Gostou de saber mais sobre esse seletivo? No blog do Estrat&eacute;gia MED voc&ecirc; encontra as informa&ccedil;&otilde;es de <a href=\"https:\/\/med.estrategia.com\/portal\/category\/residencia-medica\/programa-de-residencia-medica\/\" target=\"_blank\">diversos seletivos para Resid&ecirc;ncia M&eacute;dica do Brasil<\/a>, todos bem explicados para voc&ecirc;! Sabendo mais sobre o seletivo e sua prova, agora &eacute; s&oacute; estudar!&nbsp;<\/p><p>Aqui no Estrat&eacute;gia MED temos os mais diversos m&eacute;todos para voc&ecirc; conquistar a sua aprova&ccedil;&atilde;o, como o <a href=\"https:\/\/med.estrategia.com\/portal\/evento-emed\/sistemas-de-questoes-estrategia-med\/\" target=\"_blank\">Banco de Quest&otilde;es do Estrat&eacute;gia MED<\/a>, por exemplo, que oferece <strong>milhares de quest&otilde;es<\/strong> de Resid&ecirc;ncia M&eacute;dica. Al&eacute;m disso, tamb&eacute;m h&aacute; o <strong>Curso Extensivo, que te prepara para R1 e Revalida<\/strong>. Clique no banner abaixo e confira.<\/p><p><\/p><p>\n\n\n\n\n\n<a id=\"cta\" class=\"cta-imagem\" href=\"https:\/\/med.estrategia.com\/curso\/banco-de-questes-resumos-estrategicos-anual\/\" target=\"blank\">\n                <img decoding=\"async\" width=\"100%\" src=\"https:\/\/med.estrategia.com\/portal\/wp-content\/uploads\/2025\/08\/banco_questoes.png\" alt=\"banco_questoes\" title=\"banco_questoes\">\n        <\/a>\n<\/p><\/p>\n","protected":false},"excerpt":{"rendered":"O Estrat&eacute;gia MED preparou esse texto para voc&ecirc; ficar por dentro de como funcionaram as provas para Resid&ecirc;ncia&hellip;\n","protected":false},"author":22,"featured_media":7314,"comment_status":"closed","ping_status":"closed","sticky":false,"template":"","format":"standard","meta":{"wl_entities_gutenberg":"","footnotes":""},"categories":[24],"tags":[],"wl_entity_type":[199],"class_list":{"0":"post-7307","1":"post","2":"type-post","3":"status-publish","4":"format-standard","5":"has-post-thumbnail","7":"category-residencia-medica","8":"wl_entity_type-article"},"acf":[],"yoast_head":"<!-- This site is optimized with the Yoast SEO Premium plugin v26.6 (Yoast SEO v26.6) - https:\/\/yoast.com\/wordpress\/plugins\/seo\/ -->\n<title>Hospital Metropolitano de Sarandi 2022: saiu o edital! - Estrat\u00e9gia MED<\/title>\n<meta name=\"description\" content=\"Saiba tudo sobre o seletivo para Resid\u00eancia M\u00e9dica do Hospital Metropolitano de Sarandi! O Estrat\u00e9gia MED te explica a prova, vagas e mais!\" \/>\n<meta name=\"robots\" content=\"index, follow, max-snippet:-1, max-image-preview:large, max-video-preview:-1\" \/>\n<link rel=\"canonical\" href=\"https:\/\/med.estrategia.com\/portal\/residencia-medica\/hospital-metropolitano-de-sarandi\/\" \/>\n<meta property=\"og:locale\" content=\"pt_BR\" \/>\n<meta property=\"og:type\" content=\"article\" \/>\n<meta property=\"og:title\" content=\"Hospital Metropolitano de Sarandi 2022: saiu o resultado final!\" \/>\n<meta property=\"og:description\" content=\"Saiba tudo sobre o seletivo para Resid\u00eancia M\u00e9dica do Hospital Metropolitano de Sarandi! O Estrat\u00e9gia MED te explica a prova, vagas e mais!\" \/>\n<meta property=\"og:url\" content=\"https:\/\/med.estrategia.com\/portal\/residencia-medica\/hospital-metropolitano-de-sarandi\/\" \/>\n<meta property=\"og:site_name\" content=\"Estrat\u00e9gia MED\" \/>\n<meta property=\"article:publisher\" content=\"https:\/\/www.facebook.com\/estrategiamed1\" \/>\n<meta property=\"article:published_time\" content=\"2021-07-02T14:30:22+00:00\" \/>\n<meta property=\"article:modified_time\" content=\"2022-09-06T12:26:16+00:00\" \/>\n<meta property=\"og:image\" content=\"https:\/\/cdn.medblog.estrategiaeducacional.com.br\/wp-content\/uploads\/2021\/07\/02083751\/sarandi.jpg\" \/>\n\t<meta property=\"og:image:width\" content=\"1920\" \/>\n\t<meta property=\"og:image:height\" content=\"1080\" \/>\n\t<meta property=\"og:image:type\" content=\"image\/jpeg\" \/>\n<meta name=\"author\" content=\"Erika Coelho\" \/>\n<meta name=\"twitter:card\" content=\"summary_large_image\" \/>\n<meta name=\"twitter:creator\" content=\"@estrategiamed_\" \/>\n<meta name=\"twitter:site\" content=\"@estrategiamed_\" \/>\n<meta name=\"twitter:label1\" content=\"Escrito por\" \/>\n\t<meta name=\"twitter:data1\" content=\"Erika Coelho\" \/>\n\t<meta name=\"twitter:label2\" content=\"Est. tempo de leitura\" \/>\n\t<meta name=\"twitter:data2\" content=\"5 minutos\" \/>\n<script type=\"application\/ld+json\" class=\"yoast-schema-graph\">{\"@context\":\"https:\/\/schema.org\",\"@graph\":[{\"@type\":\"WebPage\",\"@id\":\"https:\/\/med.estrategia.com\/portal\/residencia-medica\/hospital-metropolitano-de-sarandi\/\",\"url\":\"https:\/\/med.estrategia.com\/portal\/residencia-medica\/hospital-metropolitano-de-sarandi\/\",\"name\":\"Hospital Metropolitano de Sarandi 2022: saiu o edital! - Estrat\u00e9gia MED\",\"isPartOf\":{\"@id\":\"https:\/\/med.estrategia.com\/portal\/#website\"},\"primaryImageOfPage\":{\"@id\":\"https:\/\/med.estrategia.com\/portal\/residencia-medica\/hospital-metropolitano-de-sarandi\/#primaryimage\"},\"image\":{\"@id\":\"https:\/\/med.estrategia.com\/portal\/residencia-medica\/hospital-metropolitano-de-sarandi\/#primaryimage\"},\"thumbnailUrl\":\"https:\/\/med.estrategia.com\/portal\/wp-content\/uploads\/2021\/07\/sarandi.jpg\",\"datePublished\":\"2021-07-02T14:30:22+00:00\",\"dateModified\":\"2022-09-06T12:26:16+00:00\",\"author\":{\"@id\":\"https:\/\/med.estrategia.com\/portal\/#\/schema\/person\/8e7c9b2f53f2eede3b8880ad86ff20a3\"},\"description\":\"Saiba tudo sobre o seletivo para Resid\u00eancia M\u00e9dica do Hospital Metropolitano de Sarandi! O Estrat\u00e9gia MED te explica a prova, vagas e mais!\",\"breadcrumb\":{\"@id\":\"https:\/\/med.estrategia.com\/portal\/residencia-medica\/hospital-metropolitano-de-sarandi\/#breadcrumb\"},\"inLanguage\":\"pt-BR\",\"potentialAction\":[{\"@type\":\"ReadAction\",\"target\":[\"https:\/\/med.estrategia.com\/portal\/residencia-medica\/hospital-metropolitano-de-sarandi\/\"]}]},{\"@type\":\"ImageObject\",\"inLanguage\":\"pt-BR\",\"@id\":\"https:\/\/med.estrategia.com\/portal\/residencia-medica\/hospital-metropolitano-de-sarandi\/#primaryimage\",\"url\":\"https:\/\/med.estrategia.com\/portal\/wp-content\/uploads\/2021\/07\/sarandi.jpg\",\"contentUrl\":\"https:\/\/med.estrategia.com\/portal\/wp-content\/uploads\/2021\/07\/sarandi.jpg\",\"width\":1920,\"height\":1080,\"caption\":\"Hospital Metropolitano de Sarandi\"},{\"@type\":\"BreadcrumbList\",\"@id\":\"https:\/\/med.estrategia.com\/portal\/residencia-medica\/hospital-metropolitano-de-sarandi\/#breadcrumb\",\"itemListElement\":[{\"@type\":\"ListItem\",\"position\":1,\"name\":\"Home\",\"item\":\"https:\/\/med.estrategia.com\/portal\/\"},{\"@type\":\"ListItem\",\"position\":2,\"name\":\"Resid\u00eancia M\u00e9dica\",\"item\":\"https:\/\/med.estrategia.com\/portal\/residencia-medica\/\"},{\"@type\":\"ListItem\",\"position\":3,\"name\":\"Hospital Metropolitano de Sarandi 2022: saiu o resultado final!\"}]},{\"@type\":\"WebSite\",\"@id\":\"https:\/\/med.estrategia.com\/portal\/#website\",\"url\":\"https:\/\/med.estrategia.com\/portal\/\",\"name\":\"Estrat\u00e9gia MED\",\"description\":\"\",\"potentialAction\":[{\"@type\":\"SearchAction\",\"target\":{\"@type\":\"EntryPoint\",\"urlTemplate\":\"https:\/\/med.estrategia.com\/portal\/?s={search_term_string}\"},\"query-input\":{\"@type\":\"PropertyValueSpecification\",\"valueRequired\":true,\"valueName\":\"search_term_string\"}}],\"inLanguage\":\"pt-BR\"},{\"@type\":\"Person\",\"@id\":\"https:\/\/med.estrategia.com\/portal\/#\/schema\/person\/8e7c9b2f53f2eede3b8880ad86ff20a3\",\"name\":\"Erika Coelho\",\"image\":{\"@type\":\"ImageObject\",\"inLanguage\":\"pt-BR\",\"@id\":\"https:\/\/med.estrategia.com\/portal\/#\/schema\/person\/image\/\",\"url\":\"https:\/\/secure.gravatar.com\/avatar\/8ef9ff2e2fa53829c640cca8d1a45178?s=96&d=mm&r=g\",\"contentUrl\":\"https:\/\/secure.gravatar.com\/avatar\/8ef9ff2e2fa53829c640cca8d1a45178?s=96&d=mm&r=g\",\"caption\":\"Erika Coelho\"},\"description\":\"Jornalista pela Universidade Presbiteriana Mackenzie, escrevo sobre educa\u00e7\u00e3o, sa\u00fade e pol\u00edticas p\u00fablicas\",\"url\":\"https:\/\/med.estrategia.com\/portal\/author\/erika\/\"}]}<\/script>\n<!-- \/ Yoast SEO Premium plugin. -->","yoast_head_json":{"title":"Hospital Metropolitano de Sarandi 2022: saiu o edital! - Estrat\u00e9gia MED","description":"Saiba tudo sobre o seletivo para Resid\u00eancia M\u00e9dica do Hospital Metropolitano de Sarandi! O Estrat\u00e9gia MED te explica a prova, vagas e mais!","robots":{"index":"index","follow":"follow","max-snippet":"max-snippet:-1","max-image-preview":"max-image-preview:large","max-video-preview":"max-video-preview:-1"},"canonical":"https:\/\/med.estrategia.com\/portal\/residencia-medica\/hospital-metropolitano-de-sarandi\/","og_locale":"pt_BR","og_type":"article","og_title":"Hospital Metropolitano de Sarandi 2022: saiu o resultado final!","og_description":"Saiba tudo sobre o seletivo para Resid\u00eancia M\u00e9dica do Hospital Metropolitano de Sarandi! O Estrat\u00e9gia MED te explica a prova, vagas e mais!","og_url":"https:\/\/med.estrategia.com\/portal\/residencia-medica\/hospital-metropolitano-de-sarandi\/","og_site_name":"Estrat\u00e9gia MED","article_publisher":"https:\/\/www.facebook.com\/estrategiamed1","article_published_time":"2021-07-02T14:30:22+00:00","article_modified_time":"2022-09-06T12:26:16+00:00","og_image":[{"width":1920,"height":1080,"url":"https:\/\/cdn.medblog.estrategiaeducacional.com.br\/wp-content\/uploads\/2021\/07\/02083751\/sarandi.jpg","type":"image\/jpeg"}],"author":"Erika Coelho","twitter_card":"summary_large_image","twitter_creator":"@estrategiamed_","twitter_site":"@estrategiamed_","twitter_misc":{"Escrito por":"Erika Coelho","Est. tempo de leitura":"5 minutos"},"schema":{"@context":"https:\/\/schema.org","@graph":[{"@type":"WebPage","@id":"https:\/\/med.estrategia.com\/portal\/residencia-medica\/hospital-metropolitano-de-sarandi\/","url":"https:\/\/med.estrategia.com\/portal\/residencia-medica\/hospital-metropolitano-de-sarandi\/","name":"Hospital Metropolitano de Sarandi 2022: saiu o edital! - Estrat\u00e9gia MED","isPartOf":{"@id":"https:\/\/med.estrategia.com\/portal\/#website"},"primaryImageOfPage":{"@id":"https:\/\/med.estrategia.com\/portal\/residencia-medica\/hospital-metropolitano-de-sarandi\/#primaryimage"},"image":{"@id":"https:\/\/med.estrategia.com\/portal\/residencia-medica\/hospital-metropolitano-de-sarandi\/#primaryimage"},"thumbnailUrl":"https:\/\/med.estrategia.com\/portal\/wp-content\/uploads\/2021\/07\/sarandi.jpg","datePublished":"2021-07-02T14:30:22+00:00","dateModified":"2022-09-06T12:26:16+00:00","author":{"@id":"https:\/\/med.estrategia.com\/portal\/#\/schema\/person\/8e7c9b2f53f2eede3b8880ad86ff20a3"},"description":"Saiba tudo sobre o seletivo para Resid\u00eancia M\u00e9dica do Hospital Metropolitano de Sarandi! O Estrat\u00e9gia MED te explica a prova, vagas e mais!","breadcrumb":{"@id":"https:\/\/med.estrategia.com\/portal\/residencia-medica\/hospital-metropolitano-de-sarandi\/#breadcrumb"},"inLanguage":"pt-BR","potentialAction":[{"@type":"ReadAction","target":["https:\/\/med.estrategia.com\/portal\/residencia-medica\/hospital-metropolitano-de-sarandi\/"]}]},{"@type":"ImageObject","inLanguage":"pt-BR","@id":"https:\/\/med.estrategia.com\/portal\/residencia-medica\/hospital-metropolitano-de-sarandi\/#primaryimage","url":"https:\/\/med.estrategia.com\/portal\/wp-content\/uploads\/2021\/07\/sarandi.jpg","contentUrl":"https:\/\/med.estrategia.com\/portal\/wp-content\/uploads\/2021\/07\/sarandi.jpg","width":1920,"height":1080,"caption":"Hospital Metropolitano de Sarandi"},{"@type":"BreadcrumbList","@id":"https:\/\/med.estrategia.com\/portal\/residencia-medica\/hospital-metropolitano-de-sarandi\/#breadcrumb","itemListElement":[{"@type":"ListItem","position":1,"name":"Home","item":"https:\/\/med.estrategia.com\/portal\/"},{"@type":"ListItem","position":2,"name":"Resid\u00eancia M\u00e9dica","item":"https:\/\/med.estrategia.com\/portal\/residencia-medica\/"},{"@type":"ListItem","position":3,"name":"Hospital Metropolitano de Sarandi 2022: saiu o resultado final!"}]},{"@type":"WebSite","@id":"https:\/\/med.estrategia.com\/portal\/#website","url":"https:\/\/med.estrategia.com\/portal\/","name":"Estrat\u00e9gia MED","description":"","potentialAction":[{"@type":"SearchAction","target":{"@type":"EntryPoint","urlTemplate":"https:\/\/med.estrategia.com\/portal\/?s={search_term_string}"},"query-input":{"@type":"PropertyValueSpecification","valueRequired":true,"valueName":"search_term_string"}}],"inLanguage":"pt-BR"},{"@type":"Person","@id":"https:\/\/med.estrategia.com\/portal\/#\/schema\/person\/8e7c9b2f53f2eede3b8880ad86ff20a3","name":"Erika Coelho","image":{"@type":"ImageObject","inLanguage":"pt-BR","@id":"https:\/\/med.estrategia.com\/portal\/#\/schema\/person\/image\/","url":"https:\/\/secure.gravatar.com\/avatar\/8ef9ff2e2fa53829c640cca8d1a45178?s=96&d=mm&r=g","contentUrl":"https:\/\/secure.gravatar.com\/avatar\/8ef9ff2e2fa53829c640cca8d1a45178?s=96&d=mm&r=g","caption":"Erika Coelho"},"description":"Jornalista pela Universidade Presbiteriana Mackenzie, escrevo sobre educa\u00e7\u00e3o, sa\u00fade e pol\u00edticas p\u00fablicas","url":"https:\/\/med.estrategia.com\/portal\/author\/erika\/"}]}},"_wl_alt_label":[],"wl:entity_url":"\/post\/hospital-metropolitano-de-sarandi","_links":{"self":[{"href":"https:\/\/med.estrategia.com\/portal\/wp-json\/wp\/v2\/posts\/7307","targetHints":{"allow":["GET"]}}],"collection":[{"href":"https:\/\/med.estrategia.com\/portal\/wp-json\/wp\/v2\/posts"}],"about":[{"href":"https:\/\/med.estrategia.com\/portal\/wp-json\/wp\/v2\/types\/post"}],"author":[{"embeddable":true,"href":"https:\/\/med.estrategia.com\/portal\/wp-json\/wp\/v2\/users\/22"}],"replies":[{"embeddable":true,"href":"https:\/\/med.estrategia.com\/portal\/wp-json\/wp\/v2\/comments?post=7307"}],"version-history":[{"count":11,"href":"https:\/\/med.estrategia.com\/portal\/wp-json\/wp\/v2\/posts\/7307\/revisions"}],"predecessor-version":[{"id":25185,"href":"https:\/\/med.estrategia.com\/portal\/wp-json\/wp\/v2\/posts\/7307\/revisions\/25185"}],"wp:featuredmedia":[{"embeddable":true,"href":"https:\/\/med.estrategia.com\/portal\/wp-json\/wp\/v2\/media\/7314"}],"wp:attachment":[{"href":"https:\/\/med.estrategia.com\/portal\/wp-json\/wp\/v2\/media?parent=7307"}],"wp:term":[{"taxonomy":"category","embeddable":true,"href":"https:\/\/med.estrategia.com\/portal\/wp-json\/wp\/v2\/categories?post=7307"},{"taxonomy":"post_tag","embeddable":true,"href":"https:\/\/med.estrategia.com\/portal\/wp-json\/wp\/v2\/tags?post=7307"},{"taxonomy":"wl_entity_type","embeddable":true,"href":"https:\/\/med.estrategia.com\/portal\/wp-json\/wp\/v2\/wl_entity_type?post=7307"}],"curies":[{"name":"wp","href":"https:\/\/api.w.org\/{rel}","templated":true}]}}