{"id":73800,"date":"2024-10-30T10:07:08","date_gmt":"2024-10-30T13:07:08","guid":{"rendered":"https:\/\/med.estrategia.com\/portal\/?p=73800"},"modified":"2024-10-30T10:08:18","modified_gmt":"2024-10-30T13:08:18","slug":"famema-2025-periodo-de-inscricoes-para-seletivo-de-residencia-medica-esta-abert","status":"publish","type":"post","link":"https:\/\/med.estrategia.com\/portal\/noticias\/famema-2025-periodo-de-inscricoes-para-seletivo-de-residencia-medica-esta-abert\/","title":{"rendered":"FAMEMA 2025: per\u00edodo de inscri\u00e7\u00f5es para seletivo de resid\u00eancia m\u00e9dica est\u00e1 aberto"},"content":{"rendered":"<p>Foi aberto hoje (30) o prazo de inscri&ccedil;&otilde;es para o processo seletivo de resid&ecirc;ncia m&eacute;dica da Faculdade de Medicina de Mar&iacute;lia (FAMEMA). As inscri&ccedil;&otilde;es podem ser realizadas por meio do site <a href=\"https:\/\/www.vunesp.com.br\/FMMA2403\" target=\"_blank\">da Funda&ccedil;&atilde;o Vunesp<\/a>, organizadora do seletivo, <strong>at&eacute; as 23h59 do dia 13 de novembro de 2024.<\/strong> Al&eacute;m disso, ser&aacute; necess&aacute;rio pagar a taxa de inscri&ccedil;&atilde;o equivalente a <strong>R$ 510,00<\/strong>. <p>Al&eacute;m disso, os candidatos que precisarem de <strong>atendimento especial&nbsp;<\/strong>na hora da prova precisam solicitar os equipamentos ou estruturas necess&aacute;rias no ato da inscri&ccedil;&atilde;o.<\/p><div id=\"ez-toc-container\" class=\"ez-toc-v2_0_79_2 counter-hierarchy ez-toc-counter ez-toc-transparent ez-toc-container-direction\">\n<div class=\"ez-toc-title-container\"><p class=\"ez-toc-title\" style=\"cursor:inherit\">Navegue pelo conte\u00fado<\/p>\n<\/div><nav><ul class='ez-toc-list ez-toc-list-level-1 ' ><li class='ez-toc-page-1 ez-toc-heading-level-2'><a class=\"ez-toc-link ez-toc-heading-1\" href=\"https:\/\/med.estrategia.com\/portal\/noticias\/famema-2025-periodo-de-inscricoes-para-seletivo-de-residencia-medica-esta-abert\/#Solicitacao-de-isencao-ou-reducao-da-taxa\" >Solicita&ccedil;&atilde;o de isen&ccedil;&atilde;o ou redu&ccedil;&atilde;o da taxa<\/a><\/li><li class='ez-toc-page-1 ez-toc-heading-level-2'><a class=\"ez-toc-link ez-toc-heading-2\" href=\"https:\/\/med.estrategia.com\/portal\/noticias\/famema-2025-periodo-de-inscricoes-para-seletivo-de-residencia-medica-esta-abert\/#Bonus-do-PRMGFC\" >B&ocirc;nus do PRMGFC<\/a><ul class='ez-toc-list-level-3' ><li class='ez-toc-heading-level-3'><a class=\"ez-toc-link ez-toc-heading-3\" href=\"https:\/\/med.estrategia.com\/portal\/noticias\/famema-2025-periodo-de-inscricoes-para-seletivo-de-residencia-medica-esta-abert\/#Inscreva-se-em-nossa-newsletter\" >Inscreva-se em nossa newsletter!<\/a><\/li><\/ul><\/li><li class='ez-toc-page-1 ez-toc-heading-level-2'><a class=\"ez-toc-link ez-toc-heading-4\" href=\"https:\/\/med.estrategia.com\/portal\/noticias\/famema-2025-periodo-de-inscricoes-para-seletivo-de-residencia-medica-esta-abert\/#Cronograma-FAMEMA-2025\" >Cronograma FAMEMA 2025<\/a><\/li><li class='ez-toc-page-1 ez-toc-heading-level-2'><a class=\"ez-toc-link ez-toc-heading-5\" href=\"https:\/\/med.estrategia.com\/portal\/noticias\/famema-2025-periodo-de-inscricoes-para-seletivo-de-residencia-medica-esta-abert\/#Processo-Seletivo-FAMEMA-2025\" >Processo Seletivo FAMEMA 2025<\/a><\/li><\/ul><\/nav><\/div>\n<h2 class=\"wp-block-heading\" id=\"h-solicitacao-de-isencao-ou-reducao-da-taxa\"><span class=\"ez-toc-section\" id=\"Solicitacao-de-isencao-ou-reducao-da-taxa\"><\/span>Solicita&ccedil;&atilde;o de isen&ccedil;&atilde;o ou redu&ccedil;&atilde;o da taxa<span class=\"ez-toc-section-end\"><\/span><\/h2><p>Junto ao per&iacute;odo de inscri&ccedil;&otilde;es, foi aberto o prazo para <strong>solicita&ccedil;&atilde;o da isen&ccedil;&atilde;o ou redu&ccedil;&atilde;o de  de 50% da taxa<\/strong> <strong>de inscri&ccedil;&atilde;o<\/strong>. O benef&iacute;cio poder&aacute; ser solicitado entre <strong>30 e 31 de outubro<\/strong>. A&nbsp;<strong>isen&ccedil;&atilde;o da taxa de inscri&ccedil;&atilde;o<\/strong> ser&aacute; destinada aos candidatos que apresentarem uma das seguintes condi&ccedil;&otilde;es:<\/p><ul class=\"wp-block-list\">\n<li>a taxa de inscri&ccedil;&atilde;o for superior a 30% (trinta por cento) do vencimento\/sal&aacute;rio mensal do candidato, quando n&atilde;o tiver dependente;<\/li>\n\n\n\n<li>a taxa for superior a 20% (vinte por cento) do vencimento\/sal&aacute;rio mensal do candidato e ele possuir at&eacute; dois dependentes;<\/li>\n\n\n\n<li>a taxa for superior a 10% (dez por cento) do vencimento\/sal&aacute;rio mensal do candidato e ele tiver mais de dois dependentes;<\/li>\n\n\n\n<li>o candidato declarar-se impossibilitado de arcar com o pagamento da taxa de inscri&ccedil;&atilde;o e comprovar renda familiar mensal igual ou inferior a tr&ecirc;s sal&aacute;rios m&iacute;nimos ou renda individual igual ou inferior a dois sal&aacute;rios m&iacute;nimos;<\/li>\n\n\n\n<li>inscri&ccedil;&atilde;o no Cadastro &Uacute;nico para Programas Sociais do Governo Federal (Cad&Uacute;nico) de que trata o Decreto n&ordm; 6.135, de 26 de junho de 2007, devendo indicar o N&uacute;mero de Identifica&ccedil;&atilde;o Social &ndash; NIS, atribu&iacute;do pelo Cad&Uacute;nico;<\/li>\n\n\n\n<li>comprovar ser membro de fam&iacute;lia de baixa renda, nos termos do Decreto Federal n&ordm; 6.135\/2007.<\/li>\n<\/ul><p>J&aacute; a <strong>redu&ccedil;&atilde;o de 50% da taxa<\/strong> pode ser solicitada por candidatos <strong>estudantes<\/strong> e que recebam <strong>remunera&ccedil;&atilde;o mensal inferior a dois sal&aacute;rios-m&iacute;nimos<\/strong> ou estejam <strong>desempregados<\/strong> durante o per&iacute;odo das inscri&ccedil;&otilde;es.<\/p><h2 class=\"wp-block-heading\" id=\"h-bonus-do-prmgfc\"><span class=\"ez-toc-section\" id=\"Bonus-do-PRMGFC\"><\/span>B&ocirc;nus do PRMGFC<span class=\"ez-toc-section-end\"><\/span><\/h2><p>At&eacute; o dia <strong>13 de novembro de 2024<\/strong>, &uacute;ltimo dia de inscri&ccedil;&otilde;es, aqueles que participaram do Programa de Resid&ecirc;ncia em Medicina de Fam&iacute;lia e Comunidade\/Medicina Geral de Fam&iacute;lia e Comunidade&nbsp;<strong>(PRMGFC)<\/strong>&nbsp;poder&atilde;o solicitar, mediante envio do comprovante para a condi&ccedil;&atilde;o, uma&nbsp;<strong>pontua&ccedil;&atilde;o adicional de 10% <\/strong>em todas as fases do processo seletivo da FAMEMA. O resultado dessa solicita&ccedil;&atilde;o estar&aacute; dispon&iacute;vel a partir de 6 de dezembro de 2024. <\/p><p>\n\n\n<div id=\"new-form\">\n\t<form id=\"forms_layout\">\n\t<input type=\"hidden\" id=\"chave_de\" name=\"chave_de\" value=\"01_EMED_LEADS_TOTAIS\" \/>\n\t\t<input type=\"hidden\" id=\"mid\" name=\"mid\" value=\"515009018\" \/>\n\t\t<input type=\"hidden\" id=\"Objetivo\" name=\"Objetivo\" value=\"Medicina\" \/>\n\t\t<input type=\"hidden\" id=\"Estado_de_Origem_do_IP\" name=\"Estado_de_Origem_do_IP\"  value=\"\" \/>\n\t\t<input type=\"hidden\" id=\"Cidade_de_Origem_do_IP\" name=\"Cidade_de_Origem_do_IP\" value=\"\" \/>\n\t\t<input type=\"hidden\" id=\"Modo_de_entrada\" name=\"Modo_de_entrada\" value=\"Portal\" \/>\n\t\t<input type=\"hidden\" id=\"Pagina_Origem\" name=\"Pagina_Origem\" value=\"\" \/>\n\n\t\t<div class=\"texto\">\n\t\t\t<h3 class=\"news\"><span class=\"ez-toc-section\" id=\"Inscreva-se-em-nossa-newsletter\"><\/span>Inscreva-se em nossa newsletter!<span class=\"ez-toc-section-end\"><\/span><\/h3>\n\t\t\t<p>Receba not\u00edcias sobre resid\u00eancia m\u00e9dica, revalida\u00e7\u00e3o de diplomas e concursos m\u00e9dicos, al\u00e9m de materiais de estudo gratuitos e informa\u00e7\u00f5es relevantes do mundo da Medicina.<\/p>\n\t\t<\/div>\n\t\t<div class=\"campos\">\n\t\t\t<div class=\"first_name labels\">\n\t\t\t\t<input type=\"text\" class=\"input_labels\" id=\"first_name\" name=\"Nome_Completo\" placeholder=\"Nome\" required \/>\n\t\t\t<\/div>\n\t\t\t<div class=\"email labels\">\n\t\t\t\t<input type=\"email\" class=\"input_labels\" id=\"email\" name=\"Email\" placeholder=\"E-mail\" required \/>\n\t\t\t<\/div>\n\t\t\t<button type=\"submit\" class=\"button_layout\">\n\t\t\t\t<div id=\"lblBotao\">Inscreva-se<\/div>\n\t\t\t\t<span id=\"divSpiner\" class=\"loader\" role=\"status\" style=\"display: none;\"><\/span>\t\n\t\t\t<\/button>\n\t\t<\/div><!-- \/campos -->\n\t\t\n\t\t<label class=\"container_checkbox\">Voc\u00ea concorda com a nossa\n\t\t\t<a class=\"politics_privacy_ahref\" target=\"_blank\" href=\"https:\/\/gratis.estrategiaconcursos.com.br\/politica-de-privacidade\/\">Pol\u00edtica de Privacidade<\/a> e aceita receber informa\u00e7\u00f5es adicionais do Estrat\u00e9gia Educacional.\n\t\t\t<input id=\"checkbox_layout\" type=\"checkbox\" checked=\"checked\" required \/>\n\t\t\t<span class=\"checkbox\"><\/span>\n\t\t<\/label>\n\t\t<div id=\"msg\"><\/div>\n\t\t<div id=\"error\" class=\"error\">\n\t\t<\/div>\n\t<\/form>\n<\/div><!-- \/new-form -->\n\n\n\n<\/p><h2 class=\"wp-block-heading\" id=\"h-cronograma-famema-2025\"><span class=\"ez-toc-section\" id=\"Cronograma-FAMEMA-2025\"><\/span>Cronograma FAMEMA 2025<span class=\"ez-toc-section-end\"><\/span><\/h2><ul class=\"wp-block-list\">\n<li><strong>Inscri&ccedil;&otilde;es:<\/strong>&nbsp;30\/10\/2024 a 13\/11\/2024;<\/li>\n\n\n\n<li><strong>Solicita&ccedil;&atilde;o de redu&ccedil;&atilde;o ou isen&ccedil;&atilde;o de taxa de inscri&ccedil;&atilde;o:<\/strong>&nbsp;30 e 31\/10\/2024;<\/li>\n\n\n\n<li><strong>Data limite para upload da documenta&ccedil;&atilde;o de redu&ccedil;&atilde;o e isen&ccedil;&atilde;o de taxa:<\/strong>&nbsp;31\/10\/2024;<\/li>\n\n\n\n<li><strong>Deferimento\/indeferimento de pedidos de redu&ccedil;&atilde;o e isen&ccedil;&atilde;o:<\/strong>&nbsp;05\/11\/2024 (a partir das 10h);<\/li>\n\n\n\n<li><strong>Recurso para indeferimento de pedidos de redu&ccedil;&atilde;o e isen&ccedil;&atilde;o:<\/strong>&nbsp;06 e 07\/11\/2024;<\/li>\n\n\n\n<li><strong>Resultado dos recursos de pedidos de isen&ccedil;&atilde;o:<\/strong>&nbsp;12\/11\/2024 (a partir das 10h);<\/li>\n\n\n\n<li><strong>Solicita&ccedil;&atilde;o de pontua&ccedil;&atilde;o adicional e upload da documenta&ccedil;&atilde;o:<\/strong>&nbsp;30\/10 a 13\/11\/2024;<\/li>\n\n\n\n<li><strong>Encerramento do prazo de pagamento da taxa de inscri&ccedil;&atilde;o:<\/strong>&nbsp;14\/11\/2024;<\/li>\n\n\n\n<li><strong>Convoca&ccedil;&atilde;o para a prova objetiva:<\/strong>&nbsp;29\/11\/2024;<\/li>\n\n\n\n<li><strong>Resultado da pontua&ccedil;&atilde;o adicional:<\/strong>&nbsp;06\/12\/2024;<\/li>\n\n\n\n<li><strong>Per&iacute;odo de recurso contra a pontua&ccedil;&atilde;o adicional:<\/strong>&nbsp;09 e 10\/12\/2024;<\/li>\n\n\n\n<li><strong>Prova Objetiva (Fase &Uacute;nica):<\/strong>&nbsp;08\/12\/2024;<\/li>\n\n\n\n<li><strong>Gabarito da prova objetiva e do caderno de quest&otilde;es:<\/strong>&nbsp;09\/12\/2024;<\/li>\n\n\n\n<li><strong>Recurso contra o gabarito da prova objetiva:<\/strong>&nbsp;10 e 11\/12\/2024;<\/li>\n\n\n\n<li><strong>Resultado dos recursos contra o gabarito e pontua&ccedil;&atilde;o da prova objetiva:<\/strong>&nbsp;14\/01\/2025;<\/li>\n\n\n\n<li><strong>Publica&ccedil;&atilde;o dos resultados da Nota da prova objetiva, Nota final, Classifica&ccedil;&atilde;o pr&eacute;via e Pontua&ccedil;&atilde;o adicional:<\/strong>&nbsp;27\/01\/2025;<\/li>\n\n\n\n<li><strong>Per&iacute;odo de recurso referente a Nota da prova objetiva, Nota final, Classifica&ccedil;&atilde;o pr&eacute;via e Pontua&ccedil;&atilde;o adicional:<\/strong>&nbsp;28 e 29\/01\/2025;<\/li>\n\n\n\n<li><strong>Publica&ccedil;&atilde;o do resultado de Recursos contra a nota final, Recursos contra a classifica&ccedil;&atilde;o pr&eacute;via, Recursos contra a pontua&ccedil;&atilde;o adicional, Classifica&ccedil;&atilde;o final:<\/strong>&nbsp;07\/02\/2025;<\/li>\n\n\n\n<li><strong>Resultado final e classifica&ccedil;&atilde;o definitiva:&nbsp;<\/strong>07\/02\/2025;<\/li>\n\n\n\n<li><strong>Declara&ccedil;&atilde;o de Interesse de Vaga pelo site:<\/strong>&nbsp;10 e 11\/02\/2025;<\/li>\n\n\n\n<li><strong>Convoca&ccedil;&atilde;o para Matr&iacute;cula (1&ordf; Chamada):<\/strong>&nbsp;12\/02\/2025;<\/li>\n\n\n\n<li><strong>Matr&iacute;culas:<\/strong>&nbsp;13 e 14\/02\/2025;<\/li>\n\n\n\n<li><strong>Convoca&ccedil;&otilde;es para Vagas Remanescentes:<\/strong>&nbsp;A partir de 17\/02\/2025; e<\/li>\n\n\n\n<li><strong>In&iacute;cio do Programa:<\/strong>&nbsp;06\/03\/2025.<\/li>\n<\/ul><h2 class=\"wp-block-heading\" id=\"h-processo-seletivo-famema-2025\"><span class=\"ez-toc-section\" id=\"Processo-Seletivo-FAMEMA-2025\"><\/span>Processo Seletivo FAMEMA 2025<span class=\"ez-toc-section-end\"><\/span><\/h2><p>Quer mais detalhes sobre o processo seletivo para ingresso nos programas de resid&ecirc;ncia m&eacute;dica da FAMEMA? Confira clicando no bot&atilde;o abaixo o material que preparamos com informa&ccedil;&otilde;es sobre as etapas da sele&ccedil;&atilde;o, distribui&ccedil;&atilde;o de vagas e mais!<\/p><div class=\"wp-block-buttons is-horizontal is-content-justification-center is-layout-flex wp-container-core-buttons-is-layout-1 wp-block-buttons-is-layout-flex\">\n<div class=\"wp-block-button\"><a class=\"wp-block-button__link wp-element-button\" href=\"https:\/\/med.estrategia.com\/portal\/residencia-medica\/famema-residencia-medica\/\" target=\"_blank\">FAMEMA 2025<\/a><\/div>\n<\/div><p>Para n&atilde;o perder nenhuma atualiza&ccedil;&atilde;o no universo da medicina e ficar por dentro dos seletivos de Resid&ecirc;ncia M&eacute;dica, de revalida&ccedil;&atilde;o de diplomas e conte&uacute;dos t&eacute;cnicos, continue acessando o&nbsp;<a href=\"https:\/\/med.estrategia.com\/portal\/\" target=\"_blank\">Portal do Estrat&eacute;gia MED<\/a>!&nbsp;<\/p><p><\/p><\/p>\n","protected":false},"excerpt":{"rendered":"Inscri\u00e7\u00f5es v\u00e3o at\u00e9 as 23h59 do dia 13 de novembro de 2024, mediante pagamento da taxa no valor de R$510 \n","protected":false},"author":22,"featured_media":62122,"comment_status":"closed","ping_status":"closed","sticky":false,"template":"","format":"standard","meta":{"wl_entities_gutenberg":"","footnotes":""},"categories":[300],"tags":[],"wl_entity_type":[199],"class_list":{"0":"post-73800","1":"post","2":"type-post","3":"status-publish","4":"format-standard","5":"has-post-thumbnail","7":"category-noticias","8":"wl_entity_type-article"},"acf":[],"yoast_head":"<!-- This site is optimized with the Yoast SEO Premium plugin v26.6 (Yoast SEO v26.6) - https:\/\/yoast.com\/wordpress\/plugins\/seo\/ -->\n<title>FAMEMA 2025: per\u00edodo de inscri\u00e7\u00f5es para seletivo de resid\u00eancia m\u00e9dica est\u00e1 aberto<\/title>\n<meta name=\"description\" content=\"O prazo de inscri\u00e7\u00f5es para o processo seletivo de resid\u00eancia m\u00e9dica da Faculdade de Medicina de Mar\u00edlia (FAMEMA) est\u00e1 aberto! Saiba mais!\" \/>\n<meta name=\"robots\" content=\"index, follow, max-snippet:-1, max-image-preview:large, max-video-preview:-1\" \/>\n<link rel=\"canonical\" href=\"https:\/\/med.estrategia.com\/portal\/noticias\/famema-2025-periodo-de-inscricoes-para-seletivo-de-residencia-medica-esta-abert\/\" \/>\n<meta property=\"og:locale\" content=\"pt_BR\" \/>\n<meta property=\"og:type\" content=\"article\" \/>\n<meta property=\"og:title\" content=\"FAMEMA 2025: per\u00edodo de inscri\u00e7\u00f5es para seletivo de resid\u00eancia m\u00e9dica est\u00e1 aberto\" \/>\n<meta property=\"og:description\" content=\"O prazo de inscri\u00e7\u00f5es para o processo seletivo de resid\u00eancia m\u00e9dica da Faculdade de Medicina de Mar\u00edlia (FAMEMA) est\u00e1 aberto! Saiba mais!\" \/>\n<meta property=\"og:url\" content=\"https:\/\/med.estrategia.com\/portal\/noticias\/famema-2025-periodo-de-inscricoes-para-seletivo-de-residencia-medica-esta-abert\/\" \/>\n<meta property=\"og:site_name\" content=\"Estrat\u00e9gia MED\" \/>\n<meta property=\"article:publisher\" content=\"https:\/\/www.facebook.com\/estrategiamed1\" \/>\n<meta property=\"article:published_time\" content=\"2024-10-30T13:07:08+00:00\" \/>\n<meta property=\"article:modified_time\" content=\"2024-10-30T13:08:18+00:00\" \/>\n<meta property=\"og:image\" content=\"https:\/\/med.estrategia.com\/portal\/wp-content\/uploads\/2024\/04\/FAMEMA-Atualizacao.jpg\" \/>\n\t<meta property=\"og:image:width\" content=\"1920\" \/>\n\t<meta property=\"og:image:height\" content=\"1080\" \/>\n\t<meta property=\"og:image:type\" content=\"image\/jpeg\" \/>\n<meta name=\"author\" content=\"Erika Coelho\" \/>\n<meta name=\"twitter:card\" content=\"summary_large_image\" \/>\n<meta name=\"twitter:creator\" content=\"@estrategiamed_\" \/>\n<meta name=\"twitter:site\" content=\"@estrategiamed_\" \/>\n<meta name=\"twitter:label1\" content=\"Escrito por\" \/>\n\t<meta name=\"twitter:data1\" content=\"Erika Coelho\" \/>\n\t<meta name=\"twitter:label2\" content=\"Est. tempo de leitura\" \/>\n\t<meta name=\"twitter:data2\" content=\"4 minutos\" \/>\n<script type=\"application\/ld+json\" class=\"yoast-schema-graph\">{\"@context\":\"https:\/\/schema.org\",\"@graph\":[{\"@type\":\"WebPage\",\"@id\":\"https:\/\/med.estrategia.com\/portal\/noticias\/famema-2025-periodo-de-inscricoes-para-seletivo-de-residencia-medica-esta-abert\/\",\"url\":\"https:\/\/med.estrategia.com\/portal\/noticias\/famema-2025-periodo-de-inscricoes-para-seletivo-de-residencia-medica-esta-abert\/\",\"name\":\"FAMEMA 2025: per\u00edodo de inscri\u00e7\u00f5es para seletivo de resid\u00eancia m\u00e9dica est\u00e1 aberto\",\"isPartOf\":{\"@id\":\"https:\/\/med.estrategia.com\/portal\/#website\"},\"primaryImageOfPage\":{\"@id\":\"https:\/\/med.estrategia.com\/portal\/noticias\/famema-2025-periodo-de-inscricoes-para-seletivo-de-residencia-medica-esta-abert\/#primaryimage\"},\"image\":{\"@id\":\"https:\/\/med.estrategia.com\/portal\/noticias\/famema-2025-periodo-de-inscricoes-para-seletivo-de-residencia-medica-esta-abert\/#primaryimage\"},\"thumbnailUrl\":\"https:\/\/med.estrategia.com\/portal\/wp-content\/uploads\/2024\/04\/FAMEMA-Atualizacao.jpg\",\"datePublished\":\"2024-10-30T13:07:08+00:00\",\"dateModified\":\"2024-10-30T13:08:18+00:00\",\"author\":{\"@id\":\"https:\/\/med.estrategia.com\/portal\/#\/schema\/person\/8e7c9b2f53f2eede3b8880ad86ff20a3\"},\"description\":\"O prazo de inscri\u00e7\u00f5es para o processo seletivo de resid\u00eancia m\u00e9dica da Faculdade de Medicina de Mar\u00edlia (FAMEMA) est\u00e1 aberto! Saiba mais!\",\"breadcrumb\":{\"@id\":\"https:\/\/med.estrategia.com\/portal\/noticias\/famema-2025-periodo-de-inscricoes-para-seletivo-de-residencia-medica-esta-abert\/#breadcrumb\"},\"inLanguage\":\"pt-BR\",\"potentialAction\":[{\"@type\":\"ReadAction\",\"target\":[\"https:\/\/med.estrategia.com\/portal\/noticias\/famema-2025-periodo-de-inscricoes-para-seletivo-de-residencia-medica-esta-abert\/\"]}]},{\"@type\":\"ImageObject\",\"inLanguage\":\"pt-BR\",\"@id\":\"https:\/\/med.estrategia.com\/portal\/noticias\/famema-2025-periodo-de-inscricoes-para-seletivo-de-residencia-medica-esta-abert\/#primaryimage\",\"url\":\"https:\/\/med.estrategia.com\/portal\/wp-content\/uploads\/2024\/04\/FAMEMA-Atualizacao.jpg\",\"contentUrl\":\"https:\/\/med.estrategia.com\/portal\/wp-content\/uploads\/2024\/04\/FAMEMA-Atualizacao.jpg\",\"width\":1920,\"height\":1080,\"caption\":\"Estrat\u00e9gia MED | Foto de Divulga\u00e7\u00e3o: HC Famema\"},{\"@type\":\"BreadcrumbList\",\"@id\":\"https:\/\/med.estrategia.com\/portal\/noticias\/famema-2025-periodo-de-inscricoes-para-seletivo-de-residencia-medica-esta-abert\/#breadcrumb\",\"itemListElement\":[{\"@type\":\"ListItem\",\"position\":1,\"name\":\"Home\",\"item\":\"https:\/\/med.estrategia.com\/portal\/\"},{\"@type\":\"ListItem\",\"position\":2,\"name\":\"Not\u00edcias\",\"item\":\"https:\/\/med.estrategia.com\/portal\/noticias\/\"},{\"@type\":\"ListItem\",\"position\":3,\"name\":\"FAMEMA 2025: per\u00edodo de inscri\u00e7\u00f5es para seletivo de resid\u00eancia m\u00e9dica est\u00e1 aberto\"}]},{\"@type\":\"WebSite\",\"@id\":\"https:\/\/med.estrategia.com\/portal\/#website\",\"url\":\"https:\/\/med.estrategia.com\/portal\/\",\"name\":\"Estrat\u00e9gia MED\",\"description\":\"\",\"potentialAction\":[{\"@type\":\"SearchAction\",\"target\":{\"@type\":\"EntryPoint\",\"urlTemplate\":\"https:\/\/med.estrategia.com\/portal\/?s={search_term_string}\"},\"query-input\":{\"@type\":\"PropertyValueSpecification\",\"valueRequired\":true,\"valueName\":\"search_term_string\"}}],\"inLanguage\":\"pt-BR\"},{\"@type\":\"Person\",\"@id\":\"https:\/\/med.estrategia.com\/portal\/#\/schema\/person\/8e7c9b2f53f2eede3b8880ad86ff20a3\",\"name\":\"Erika Coelho\",\"image\":{\"@type\":\"ImageObject\",\"inLanguage\":\"pt-BR\",\"@id\":\"https:\/\/med.estrategia.com\/portal\/#\/schema\/person\/image\/\",\"url\":\"https:\/\/secure.gravatar.com\/avatar\/8ef9ff2e2fa53829c640cca8d1a45178?s=96&d=mm&r=g\",\"contentUrl\":\"https:\/\/secure.gravatar.com\/avatar\/8ef9ff2e2fa53829c640cca8d1a45178?s=96&d=mm&r=g\",\"caption\":\"Erika Coelho\"},\"description\":\"Jornalista pela Universidade Presbiteriana Mackenzie, escrevo sobre educa\u00e7\u00e3o, sa\u00fade e pol\u00edticas p\u00fablicas\",\"url\":\"https:\/\/med.estrategia.com\/portal\/author\/erika\/\"}]}<\/script>\n<!-- \/ Yoast SEO Premium plugin. -->","yoast_head_json":{"title":"FAMEMA 2025: per\u00edodo de inscri\u00e7\u00f5es para seletivo de resid\u00eancia m\u00e9dica est\u00e1 aberto","description":"O prazo de inscri\u00e7\u00f5es para o processo seletivo de resid\u00eancia m\u00e9dica da Faculdade de Medicina de Mar\u00edlia (FAMEMA) est\u00e1 aberto! Saiba mais!","robots":{"index":"index","follow":"follow","max-snippet":"max-snippet:-1","max-image-preview":"max-image-preview:large","max-video-preview":"max-video-preview:-1"},"canonical":"https:\/\/med.estrategia.com\/portal\/noticias\/famema-2025-periodo-de-inscricoes-para-seletivo-de-residencia-medica-esta-abert\/","og_locale":"pt_BR","og_type":"article","og_title":"FAMEMA 2025: per\u00edodo de inscri\u00e7\u00f5es para seletivo de resid\u00eancia m\u00e9dica est\u00e1 aberto","og_description":"O prazo de inscri\u00e7\u00f5es para o processo seletivo de resid\u00eancia m\u00e9dica da Faculdade de Medicina de Mar\u00edlia (FAMEMA) est\u00e1 aberto! Saiba mais!","og_url":"https:\/\/med.estrategia.com\/portal\/noticias\/famema-2025-periodo-de-inscricoes-para-seletivo-de-residencia-medica-esta-abert\/","og_site_name":"Estrat\u00e9gia MED","article_publisher":"https:\/\/www.facebook.com\/estrategiamed1","article_published_time":"2024-10-30T13:07:08+00:00","article_modified_time":"2024-10-30T13:08:18+00:00","og_image":[{"width":1920,"height":1080,"url":"https:\/\/med.estrategia.com\/portal\/wp-content\/uploads\/2024\/04\/FAMEMA-Atualizacao.jpg","type":"image\/jpeg"}],"author":"Erika Coelho","twitter_card":"summary_large_image","twitter_creator":"@estrategiamed_","twitter_site":"@estrategiamed_","twitter_misc":{"Escrito por":"Erika Coelho","Est. tempo de leitura":"4 minutos"},"schema":{"@context":"https:\/\/schema.org","@graph":[{"@type":"WebPage","@id":"https:\/\/med.estrategia.com\/portal\/noticias\/famema-2025-periodo-de-inscricoes-para-seletivo-de-residencia-medica-esta-abert\/","url":"https:\/\/med.estrategia.com\/portal\/noticias\/famema-2025-periodo-de-inscricoes-para-seletivo-de-residencia-medica-esta-abert\/","name":"FAMEMA 2025: per\u00edodo de inscri\u00e7\u00f5es para seletivo de resid\u00eancia m\u00e9dica est\u00e1 aberto","isPartOf":{"@id":"https:\/\/med.estrategia.com\/portal\/#website"},"primaryImageOfPage":{"@id":"https:\/\/med.estrategia.com\/portal\/noticias\/famema-2025-periodo-de-inscricoes-para-seletivo-de-residencia-medica-esta-abert\/#primaryimage"},"image":{"@id":"https:\/\/med.estrategia.com\/portal\/noticias\/famema-2025-periodo-de-inscricoes-para-seletivo-de-residencia-medica-esta-abert\/#primaryimage"},"thumbnailUrl":"https:\/\/med.estrategia.com\/portal\/wp-content\/uploads\/2024\/04\/FAMEMA-Atualizacao.jpg","datePublished":"2024-10-30T13:07:08+00:00","dateModified":"2024-10-30T13:08:18+00:00","author":{"@id":"https:\/\/med.estrategia.com\/portal\/#\/schema\/person\/8e7c9b2f53f2eede3b8880ad86ff20a3"},"description":"O prazo de inscri\u00e7\u00f5es para o processo seletivo de resid\u00eancia m\u00e9dica da Faculdade de Medicina de Mar\u00edlia (FAMEMA) est\u00e1 aberto! Saiba mais!","breadcrumb":{"@id":"https:\/\/med.estrategia.com\/portal\/noticias\/famema-2025-periodo-de-inscricoes-para-seletivo-de-residencia-medica-esta-abert\/#breadcrumb"},"inLanguage":"pt-BR","potentialAction":[{"@type":"ReadAction","target":["https:\/\/med.estrategia.com\/portal\/noticias\/famema-2025-periodo-de-inscricoes-para-seletivo-de-residencia-medica-esta-abert\/"]}]},{"@type":"ImageObject","inLanguage":"pt-BR","@id":"https:\/\/med.estrategia.com\/portal\/noticias\/famema-2025-periodo-de-inscricoes-para-seletivo-de-residencia-medica-esta-abert\/#primaryimage","url":"https:\/\/med.estrategia.com\/portal\/wp-content\/uploads\/2024\/04\/FAMEMA-Atualizacao.jpg","contentUrl":"https:\/\/med.estrategia.com\/portal\/wp-content\/uploads\/2024\/04\/FAMEMA-Atualizacao.jpg","width":1920,"height":1080,"caption":"Estrat\u00e9gia MED | Foto de Divulga\u00e7\u00e3o: HC Famema"},{"@type":"BreadcrumbList","@id":"https:\/\/med.estrategia.com\/portal\/noticias\/famema-2025-periodo-de-inscricoes-para-seletivo-de-residencia-medica-esta-abert\/#breadcrumb","itemListElement":[{"@type":"ListItem","position":1,"name":"Home","item":"https:\/\/med.estrategia.com\/portal\/"},{"@type":"ListItem","position":2,"name":"Not\u00edcias","item":"https:\/\/med.estrategia.com\/portal\/noticias\/"},{"@type":"ListItem","position":3,"name":"FAMEMA 2025: per\u00edodo de inscri\u00e7\u00f5es para seletivo de resid\u00eancia m\u00e9dica est\u00e1 aberto"}]},{"@type":"WebSite","@id":"https:\/\/med.estrategia.com\/portal\/#website","url":"https:\/\/med.estrategia.com\/portal\/","name":"Estrat\u00e9gia MED","description":"","potentialAction":[{"@type":"SearchAction","target":{"@type":"EntryPoint","urlTemplate":"https:\/\/med.estrategia.com\/portal\/?s={search_term_string}"},"query-input":{"@type":"PropertyValueSpecification","valueRequired":true,"valueName":"search_term_string"}}],"inLanguage":"pt-BR"},{"@type":"Person","@id":"https:\/\/med.estrategia.com\/portal\/#\/schema\/person\/8e7c9b2f53f2eede3b8880ad86ff20a3","name":"Erika Coelho","image":{"@type":"ImageObject","inLanguage":"pt-BR","@id":"https:\/\/med.estrategia.com\/portal\/#\/schema\/person\/image\/","url":"https:\/\/secure.gravatar.com\/avatar\/8ef9ff2e2fa53829c640cca8d1a45178?s=96&d=mm&r=g","contentUrl":"https:\/\/secure.gravatar.com\/avatar\/8ef9ff2e2fa53829c640cca8d1a45178?s=96&d=mm&r=g","caption":"Erika Coelho"},"description":"Jornalista pela Universidade Presbiteriana Mackenzie, escrevo sobre educa\u00e7\u00e3o, sa\u00fade e pol\u00edticas p\u00fablicas","url":"https:\/\/med.estrategia.com\/portal\/author\/erika\/"}]}},"_wl_alt_label":[],"wl:entity_url":"\/post\/famema-2025-periodo-de-inscricoes-para-seletivo-de-residencia-medica-esta-abert","_links":{"self":[{"href":"https:\/\/med.estrategia.com\/portal\/wp-json\/wp\/v2\/posts\/73800","targetHints":{"allow":["GET"]}}],"collection":[{"href":"https:\/\/med.estrategia.com\/portal\/wp-json\/wp\/v2\/posts"}],"about":[{"href":"https:\/\/med.estrategia.com\/portal\/wp-json\/wp\/v2\/types\/post"}],"author":[{"embeddable":true,"href":"https:\/\/med.estrategia.com\/portal\/wp-json\/wp\/v2\/users\/22"}],"replies":[{"embeddable":true,"href":"https:\/\/med.estrategia.com\/portal\/wp-json\/wp\/v2\/comments?post=73800"}],"version-history":[{"count":4,"href":"https:\/\/med.estrategia.com\/portal\/wp-json\/wp\/v2\/posts\/73800\/revisions"}],"predecessor-version":[{"id":97135,"href":"https:\/\/med.estrategia.com\/portal\/wp-json\/wp\/v2\/posts\/73800\/revisions\/97135"}],"wp:featuredmedia":[{"embeddable":true,"href":"https:\/\/med.estrategia.com\/portal\/wp-json\/wp\/v2\/media\/62122"}],"wp:attachment":[{"href":"https:\/\/med.estrategia.com\/portal\/wp-json\/wp\/v2\/media?parent=73800"}],"wp:term":[{"taxonomy":"category","embeddable":true,"href":"https:\/\/med.estrategia.com\/portal\/wp-json\/wp\/v2\/categories?post=73800"},{"taxonomy":"post_tag","embeddable":true,"href":"https:\/\/med.estrategia.com\/portal\/wp-json\/wp\/v2\/tags?post=73800"},{"taxonomy":"wl_entity_type","embeddable":true,"href":"https:\/\/med.estrategia.com\/portal\/wp-json\/wp\/v2\/wl_entity_type?post=73800"}],"curies":[{"name":"wp","href":"https:\/\/api.w.org\/{rel}","templated":true}]}}