{"id":73971,"date":"2024-10-30T06:56:14","date_gmt":"2024-10-30T09:56:14","guid":{"rendered":"https:\/\/med.estrategia.com\/portal\/?p=73971"},"modified":"2024-11-01T20:30:59","modified_gmt":"2024-11-01T23:30:59","slug":"iamspe-autoriza-contratacao-de-nova-banca-para-selecao-de-residencia-medica","status":"publish","type":"post","link":"https:\/\/med.estrategia.com\/portal\/noticias\/iamspe-autoriza-contratacao-de-nova-banca-para-selecao-de-residencia-medica\/","title":{"rendered":"IAMSPE autoriza contrata\u00e7\u00e3o de nova banca para sele\u00e7\u00e3o de resid\u00eancia m\u00e9dica"},"content":{"rendered":"<p>Na <a href=\"https:\/\/www.imprensaoficial.com.br\/downloads\/pdf\/edicao\/20241030EXEC3.pdf\" target=\"_blank\">edi&ccedil;&atilde;o desta quarta-feira (30)<\/a> do Di&aacute;rio Oficial do Estado de S&atilde;o Paulo, foi publicado o despacho que declara a dispensa de licita&ccedil;&atilde;o para a <strong>contrata&ccedil;&atilde;o da nova banca<\/strong> respons&aacute;vel pelo planejamento, organiza&ccedil;&atilde;o e execu&ccedil;&atilde;o do <strong>processo seletivo de resid&ecirc;ncia m&eacute;dica do Instituto de Assist&ecirc;ncia M&eacute;dica ao Servidor P&uacute;blico Estadual &ndash; IAMSPE<\/strong>, que prev&ecirc; o ingresso de m&eacute;dicos residentes em 2025 no Hospital do Servidor P&uacute;blico Estadual Francisco Morato de Oliveira. <br><br>A institui&ccedil;&atilde;o escolhida, que ainda ser&aacute; devidamente contratada, &eacute; o <strong>Instituto Avan&ccedil;a S&atilde;o Paulo &ndash; AVAN&Ccedil;A SP<\/strong>, <a href=\"https:\/\/www.avancasp.org.br\/\" target=\"_blank\">respons&aacute;vel por concursos p&uacute;blicos, vestibulares, processos seletivos e mais<\/a>. O documento ainda designa como um dos respons&aacute;veis pelo <strong>acompanhamento e fiscaliza&ccedil;&atilde;o da presente contrata&ccedil;&atilde;o<\/strong> o atual coordenador da Comiss&atilde;o de Resid&ecirc;ncia M&eacute;dica (COREME) do IAMSPE, Dr. Mauricio de Miranda Ventura. <br><br><strong>O in&iacute;cio dos servi&ccedil;os para a nova edi&ccedil;&atilde;o se dar&aacute; ap&oacute;s a emiss&atilde;o da ordem de servi&ccedil;o e assinatura do contrato<\/strong>. At&eacute; o momento n&atilde;o h&aacute; previs&atilde;o de divulga&ccedil;&atilde;o do edital e\/ou cronograma definido.<div class=\"wp-block-buttons is-content-justification-center is-layout-flex wp-container-core-buttons-is-layout-1 wp-block-buttons-is-layout-flex\">\n<div class=\"wp-block-button\"><a class=\"wp-block-button__link wp-element-button\" href=\"https:\/\/med.estrategia.com\/portal\/wp-content\/uploads\/2024\/10\/iamspe_2025_despacho.pdf\" target=\"_blank\">confira aqui a publica&ccedil;&atilde;o!<\/a><\/div>\n<\/div><p>\n\n\n<div id=\"new-form\">\n\t<form id=\"forms_layout\">\n\t<input type=\"hidden\" id=\"chave_de\" name=\"chave_de\" value=\"01_EMED_LEADS_TOTAIS\" \/>\n\t\t<input type=\"hidden\" id=\"mid\" name=\"mid\" value=\"515009018\" \/>\n\t\t<input type=\"hidden\" id=\"Objetivo\" name=\"Objetivo\" value=\"Medicina\" \/>\n\t\t<input type=\"hidden\" id=\"Estado_de_Origem_do_IP\" name=\"Estado_de_Origem_do_IP\"  value=\"\" \/>\n\t\t<input type=\"hidden\" id=\"Cidade_de_Origem_do_IP\" name=\"Cidade_de_Origem_do_IP\" value=\"\" \/>\n\t\t<input type=\"hidden\" id=\"Modo_de_entrada\" name=\"Modo_de_entrada\" value=\"Portal\" \/>\n\t\t<input type=\"hidden\" id=\"Pagina_Origem\" name=\"Pagina_Origem\" value=\"\" \/>\n\n\t\t<div class=\"texto\">\n\t\t\t<h3 class=\"news\">Inscreva-se em nossa newsletter!<\/h3>\n\t\t\t<p>Receba not\u00edcias sobre resid\u00eancia m\u00e9dica, revalida\u00e7\u00e3o de diplomas e concursos m\u00e9dicos, al\u00e9m de materiais de estudo gratuitos e informa\u00e7\u00f5es relevantes do mundo da Medicina.<\/p>\n\t\t<\/div>\n\t\t<div class=\"campos\">\n\t\t\t<div class=\"first_name labels\">\n\t\t\t\t<input type=\"text\" class=\"input_labels\" id=\"first_name\" name=\"Nome_Completo\" placeholder=\"Nome\" required \/>\n\t\t\t<\/div>\n\t\t\t<div class=\"email labels\">\n\t\t\t\t<input type=\"email\" class=\"input_labels\" id=\"email\" name=\"Email\" placeholder=\"E-mail\" required \/>\n\t\t\t<\/div>\n\t\t\t<button type=\"submit\" class=\"button_layout\">\n\t\t\t\t<div id=\"lblBotao\">Inscreva-se<\/div>\n\t\t\t\t<span id=\"divSpiner\" class=\"loader\" role=\"status\" style=\"display: none;\"><\/span>\t\n\t\t\t<\/button>\n\t\t<\/div><!-- \/campos -->\n\t\t\n\t\t<label class=\"container_checkbox\">Voc\u00ea concorda com a nossa\n\t\t\t<a class=\"politics_privacy_ahref\" target=\"_blank\" href=\"https:\/\/gratis.estrategiaconcursos.com.br\/politica-de-privacidade\/\">Pol\u00edtica de Privacidade<\/a> e aceita receber informa\u00e7\u00f5es adicionais do Estrat\u00e9gia Educacional.\n\t\t\t<input id=\"checkbox_layout\" type=\"checkbox\" checked=\"checked\" required \/>\n\t\t\t<span class=\"checkbox\"><\/span>\n\t\t<\/label>\n\t\t<div id=\"msg\"><\/div>\n\t\t<div id=\"error\" class=\"error\">\n\t\t<\/div>\n\t<\/form>\n<\/div><!-- \/new-form -->\n\n\n\n<\/p><div id=\"ez-toc-container\" class=\"ez-toc-v2_0_79_2 counter-hierarchy ez-toc-counter ez-toc-transparent ez-toc-container-direction\">\n<div class=\"ez-toc-title-container\"><p class=\"ez-toc-title\" style=\"cursor:inherit\">Navegue pelo conte\u00fado<\/p>\n<\/div><nav><ul class='ez-toc-list ez-toc-list-level-1 ' ><li class='ez-toc-page-1 ez-toc-heading-level-2'><a class=\"ez-toc-link ez-toc-heading-1\" href=\"https:\/\/med.estrategia.com\/portal\/noticias\/iamspe-autoriza-contratacao-de-nova-banca-para-selecao-de-residencia-medica\/#O-processo-seletivo-do-IAMSPE\" >O processo seletivo do IAMSPE<\/a><\/li><li class='ez-toc-page-1 ez-toc-heading-level-2'><a class=\"ez-toc-link ez-toc-heading-2\" href=\"https:\/\/med.estrategia.com\/portal\/noticias\/iamspe-autoriza-contratacao-de-nova-banca-para-selecao-de-residencia-medica\/#O-Instituto-de-Assistencia-Medica-ao-Servidor-Publico-Estadual-IAMSPE\" >O Instituto de Assist&ecirc;ncia M&eacute;dica ao Servidor P&uacute;blico Estadual (IAMSPE)<\/a><\/li><\/ul><\/nav><\/div>\n<h2 class=\"wp-block-heading\" id=\"h-o-processo-seletivo-do-iamspe\"><span class=\"ez-toc-section\" id=\"O-processo-seletivo-do-IAMSPE\"><\/span>O processo seletivo do IAMSPE<span class=\"ez-toc-section-end\"><\/span><\/h2><p>Para 2024, o&nbsp;<a href=\"https:\/\/med.estrategia.com\/portal\/residencia-medica\/iamspe-residencia-medica\/\" target=\"_blank\">processo seletivo de resid&ecirc;ncia m&eacute;dica do Iamspe<\/a>&nbsp;consistiu em uma &uacute;nica etapa.<br><br>Nela, todos os candidatos foram avaliados atrav&eacute;s de uma&nbsp;<strong>prova objetiva, de car&aacute;ter classificat&oacute;rio e eliminat&oacute;rio<\/strong>, com distin&ccedil;&atilde;o apenas do conte&uacute;do cobrado entre os programas. Para as especialidades de&nbsp;<strong>&Aacute;reas B&aacute;sicas e Acesso Direto, a prova foi composta por 80 quest&otilde;es objetivas de m&uacute;ltipla escolha<\/strong>&nbsp;e possuiu 4h de dura&ccedil;&atilde;o.<br><br>Os candidatos de especialidades&nbsp;<strong>com Pr&eacute;-Requisito tamb&eacute;m foram avaliados por uma prova com 80 quest&otilde;es objetivas<\/strong>. J&aacute; para as especialidades&nbsp;<strong>Cirurgia de Cabe&ccedil;a e Pesco&ccedil;o, Endoscopia, Mastologia, Cirurgia Geral &ndash; Programa Avan&ccedil;ado e &Aacute;reas de Atua&ccedil;&atilde;o, a prova contou com 40 quest&otilde;es.<\/strong><\/p><h2 class=\"wp-block-heading\" id=\"h-o-instituto-de-assistencia-medica-ao-servidor-publico-estadual-iamspe\"><span class=\"ez-toc-section\" id=\"O-Instituto-de-Assistencia-Medica-ao-Servidor-Publico-Estadual-IAMSPE\"><\/span>O Instituto de Assist&ecirc;ncia M&eacute;dica ao Servidor P&uacute;blico Estadual (IAMSPE)<span class=\"ez-toc-section-end\"><\/span><\/h2><p>IAMSPE &eacute; o Instituto de Assist&ecirc;ncia M&eacute;dica ao Servidor P&uacute;blico Estadual, que atende 1,3 milh&otilde;es de pessoas no Estado de S&atilde;o Paulo.&nbsp;<strong>Os usu&aacute;rios contam com rede pr&oacute;pria de atendimento, com mais de 3 mil op&ccedil;&otilde;es de servi&ccedil;os em 173 cidades.<\/strong><\/p><p>O sistema inclui hospitais de qualidade, como o&nbsp;<strong><a href=\"https:\/\/www.prefeitura.sp.gov.br\/cidade\/secretarias\/saude\/hospital_do_servidor_publico_municipal\/\" target=\"_blank\">Hospital do Servidor P&uacute;blico Estadual (HSPE)<\/a><\/strong>, localizado na cidade de&nbsp;<strong>S&atilde;o Paulo<\/strong>&nbsp;e&nbsp;<strong>refer&ecirc;ncia em tratamentos de casos de alta complexidade<\/strong>. Al&eacute;m disso, usu&aacute;rios t&ecirc;m acesso a&nbsp;cl&iacute;nicas, consult&oacute;rios m&eacute;dicos, 17 postos de atendimento pr&oacute;prios e laborat&oacute;rios de an&aacute;lises cl&iacute;nicas e de imagem, segundo a descri&ccedil;&atilde;o do&nbsp;<a href=\"http:\/\/www.iamspe.sp.gov.br\/\" target=\"_blank\">site do IAMSPE<\/a>.<\/p><p>Para n&atilde;o perder nenhuma atualiza&ccedil;&atilde;o no universo da medicina e ficar por dentro dos seletivos de Resid&ecirc;ncia M&eacute;dica, de revalida&ccedil;&atilde;o de diplomas e conte&uacute;dos t&eacute;cnicos, continue acessando o&nbsp;<a href=\"https:\/\/med.estrategia.com\/portal\/\" target=\"_blank\">Portal do Estrat&eacute;gia MED<\/a>!&nbsp;<\/p><p>\n\n\n\n\n\n<a id=\"cta\" class=\"cta-imagem\" href=\"https:\/\/med.estrategia.com\/curso\/banco-de-questes-resumos-estrategicos-anual\/\" target=\"blank\">\n                <img decoding=\"async\" width=\"100%\" src=\"https:\/\/med.estrategia.com\/portal\/wp-content\/uploads\/2025\/08\/banco_questoes.png\" alt=\"banco_questoes\" title=\"banco_questoes\">\n        <\/a>\n<\/p><\/p>\n","protected":false},"excerpt":{"rendered":"Ap\u00f3s contrata\u00e7\u00e3o, \u00e9 esperado que o Instituto Avan\u00e7a S\u00e3o Paulo d\u00ea in\u00edcio imediato aos servi\u00e7os\n","protected":false},"author":39,"featured_media":62070,"comment_status":"closed","ping_status":"closed","sticky":false,"template":"","format":"standard","meta":{"wl_entities_gutenberg":"","footnotes":""},"categories":[300],"tags":[],"wl_entity_type":[199],"class_list":{"0":"post-73971","1":"post","2":"type-post","3":"status-publish","4":"format-standard","5":"has-post-thumbnail","7":"category-noticias","8":"wl_entity_type-article"},"acf":[],"yoast_head":"<!-- This site is optimized with the Yoast SEO Premium plugin v26.6 (Yoast SEO v26.6) - https:\/\/yoast.com\/wordpress\/plugins\/seo\/ -->\n<title>IAMSPE autoriza contrata\u00e7\u00e3o de nova banca para sele\u00e7\u00e3o de resid\u00eancia m\u00e9dica<\/title>\n<meta name=\"description\" content=\"Ap\u00f3s contrata\u00e7\u00e3o, \u00e9 esperado que o Instituto Avan\u00e7a SP d\u00ea in\u00edcio imediato aos servi\u00e7os do seletivo de resid\u00eancia m\u00e9dica do IAMSPE 2025.\" \/>\n<meta name=\"robots\" content=\"index, follow, max-snippet:-1, max-image-preview:large, max-video-preview:-1\" \/>\n<link rel=\"canonical\" href=\"https:\/\/med.estrategia.com\/portal\/noticias\/iamspe-autoriza-contratacao-de-nova-banca-para-selecao-de-residencia-medica\/\" \/>\n<meta property=\"og:locale\" content=\"pt_BR\" \/>\n<meta property=\"og:type\" content=\"article\" \/>\n<meta property=\"og:title\" content=\"IAMSPE autoriza contrata\u00e7\u00e3o de nova banca para sele\u00e7\u00e3o de resid\u00eancia m\u00e9dica\" \/>\n<meta property=\"og:description\" content=\"Ap\u00f3s contrata\u00e7\u00e3o, \u00e9 esperado que o Instituto Avan\u00e7a SP d\u00ea in\u00edcio imediato aos servi\u00e7os do seletivo de resid\u00eancia m\u00e9dica do IAMSPE 2025.\" \/>\n<meta property=\"og:url\" content=\"https:\/\/med.estrategia.com\/portal\/noticias\/iamspe-autoriza-contratacao-de-nova-banca-para-selecao-de-residencia-medica\/\" \/>\n<meta property=\"og:site_name\" content=\"Estrat\u00e9gia MED\" \/>\n<meta property=\"article:publisher\" content=\"https:\/\/www.facebook.com\/estrategiamed1\" \/>\n<meta property=\"article:published_time\" content=\"2024-10-30T09:56:14+00:00\" \/>\n<meta property=\"article:modified_time\" content=\"2024-11-01T23:30:59+00:00\" \/>\n<meta property=\"og:image\" content=\"https:\/\/med.estrategia.com\/portal\/wp-content\/uploads\/2024\/04\/4-30.jpg\" \/>\n\t<meta property=\"og:image:width\" content=\"1920\" \/>\n\t<meta property=\"og:image:height\" content=\"1080\" \/>\n\t<meta property=\"og:image:type\" content=\"image\/jpeg\" \/>\n<meta name=\"author\" content=\"Ana Carolina Damasceno\" \/>\n<meta name=\"twitter:card\" content=\"summary_large_image\" \/>\n<meta name=\"twitter:creator\" content=\"@estrategiamed_\" \/>\n<meta name=\"twitter:site\" content=\"@estrategiamed_\" \/>\n<meta name=\"twitter:label1\" content=\"Escrito por\" \/>\n\t<meta name=\"twitter:data1\" content=\"Ana Carolina Damasceno\" \/>\n\t<meta name=\"twitter:label2\" content=\"Est. tempo de leitura\" \/>\n\t<meta name=\"twitter:data2\" content=\"3 minutos\" \/>\n<script type=\"application\/ld+json\" class=\"yoast-schema-graph\">{\"@context\":\"https:\/\/schema.org\",\"@graph\":[{\"@type\":\"WebPage\",\"@id\":\"https:\/\/med.estrategia.com\/portal\/noticias\/iamspe-autoriza-contratacao-de-nova-banca-para-selecao-de-residencia-medica\/\",\"url\":\"https:\/\/med.estrategia.com\/portal\/noticias\/iamspe-autoriza-contratacao-de-nova-banca-para-selecao-de-residencia-medica\/\",\"name\":\"IAMSPE autoriza contrata\u00e7\u00e3o de nova banca para sele\u00e7\u00e3o de resid\u00eancia m\u00e9dica\",\"isPartOf\":{\"@id\":\"https:\/\/med.estrategia.com\/portal\/#website\"},\"primaryImageOfPage\":{\"@id\":\"https:\/\/med.estrategia.com\/portal\/noticias\/iamspe-autoriza-contratacao-de-nova-banca-para-selecao-de-residencia-medica\/#primaryimage\"},\"image\":{\"@id\":\"https:\/\/med.estrategia.com\/portal\/noticias\/iamspe-autoriza-contratacao-de-nova-banca-para-selecao-de-residencia-medica\/#primaryimage\"},\"thumbnailUrl\":\"https:\/\/med.estrategia.com\/portal\/wp-content\/uploads\/2024\/04\/4-30.jpg\",\"datePublished\":\"2024-10-30T09:56:14+00:00\",\"dateModified\":\"2024-11-01T23:30:59+00:00\",\"author\":{\"@id\":\"https:\/\/med.estrategia.com\/portal\/#\/schema\/person\/2f553adbb8e25fe39d145c5b2927f58c\"},\"description\":\"Ap\u00f3s contrata\u00e7\u00e3o, \u00e9 esperado que o Instituto Avan\u00e7a SP d\u00ea in\u00edcio imediato aos servi\u00e7os do seletivo de resid\u00eancia m\u00e9dica do IAMSPE 2025.\",\"breadcrumb\":{\"@id\":\"https:\/\/med.estrategia.com\/portal\/noticias\/iamspe-autoriza-contratacao-de-nova-banca-para-selecao-de-residencia-medica\/#breadcrumb\"},\"inLanguage\":\"pt-BR\",\"potentialAction\":[{\"@type\":\"ReadAction\",\"target\":[\"https:\/\/med.estrategia.com\/portal\/noticias\/iamspe-autoriza-contratacao-de-nova-banca-para-selecao-de-residencia-medica\/\"]}]},{\"@type\":\"ImageObject\",\"inLanguage\":\"pt-BR\",\"@id\":\"https:\/\/med.estrategia.com\/portal\/noticias\/iamspe-autoriza-contratacao-de-nova-banca-para-selecao-de-residencia-medica\/#primaryimage\",\"url\":\"https:\/\/med.estrategia.com\/portal\/wp-content\/uploads\/2024\/04\/4-30.jpg\",\"contentUrl\":\"https:\/\/med.estrategia.com\/portal\/wp-content\/uploads\/2024\/04\/4-30.jpg\",\"width\":1920,\"height\":1080,\"caption\":\"Estrat\u00e9gia MED | Foto: Alexandre Possi\/Assembleia Legislativa do Estado de S\u00e3o Paulo\"},{\"@type\":\"BreadcrumbList\",\"@id\":\"https:\/\/med.estrategia.com\/portal\/noticias\/iamspe-autoriza-contratacao-de-nova-banca-para-selecao-de-residencia-medica\/#breadcrumb\",\"itemListElement\":[{\"@type\":\"ListItem\",\"position\":1,\"name\":\"Home\",\"item\":\"https:\/\/med.estrategia.com\/portal\/\"},{\"@type\":\"ListItem\",\"position\":2,\"name\":\"Not\u00edcias\",\"item\":\"https:\/\/med.estrategia.com\/portal\/noticias\/\"},{\"@type\":\"ListItem\",\"position\":3,\"name\":\"IAMSPE autoriza contrata\u00e7\u00e3o de nova banca para sele\u00e7\u00e3o de resid\u00eancia m\u00e9dica\"}]},{\"@type\":\"WebSite\",\"@id\":\"https:\/\/med.estrategia.com\/portal\/#website\",\"url\":\"https:\/\/med.estrategia.com\/portal\/\",\"name\":\"Estrat\u00e9gia MED\",\"description\":\"\",\"potentialAction\":[{\"@type\":\"SearchAction\",\"target\":{\"@type\":\"EntryPoint\",\"urlTemplate\":\"https:\/\/med.estrategia.com\/portal\/?s={search_term_string}\"},\"query-input\":{\"@type\":\"PropertyValueSpecification\",\"valueRequired\":true,\"valueName\":\"search_term_string\"}}],\"inLanguage\":\"pt-BR\"},{\"@type\":\"Person\",\"@id\":\"https:\/\/med.estrategia.com\/portal\/#\/schema\/person\/2f553adbb8e25fe39d145c5b2927f58c\",\"name\":\"Ana Carolina Damasceno\",\"image\":{\"@type\":\"ImageObject\",\"inLanguage\":\"pt-BR\",\"@id\":\"https:\/\/med.estrategia.com\/portal\/#\/schema\/person\/image\/\",\"url\":\"https:\/\/med.estrategia.com\/portal\/wp-content\/uploads\/2021\/09\/WhatsApp-Image-2023-08-18-at-16.46.43-150x150.jpeg\",\"contentUrl\":\"https:\/\/med.estrategia.com\/portal\/wp-content\/uploads\/2021\/09\/WhatsApp-Image-2023-08-18-at-16.46.43-150x150.jpeg\",\"caption\":\"Ana Carolina Damasceno\"},\"description\":\"Coordenadora de Jornalismo EMED. Comunicadora por natureza e forma\u00e7\u00e3o, que ama e perde a no\u00e7\u00e3o do tempo com m\u00fasica e s\u00e9rie.\",\"url\":\"https:\/\/med.estrategia.com\/portal\/author\/ana-carolina-damasceno\/\"}]}<\/script>\n<!-- \/ Yoast SEO Premium plugin. -->","yoast_head_json":{"title":"IAMSPE autoriza contrata\u00e7\u00e3o de nova banca para sele\u00e7\u00e3o de resid\u00eancia m\u00e9dica","description":"Ap\u00f3s contrata\u00e7\u00e3o, \u00e9 esperado que o Instituto Avan\u00e7a SP d\u00ea in\u00edcio imediato aos servi\u00e7os do seletivo de resid\u00eancia m\u00e9dica do IAMSPE 2025.","robots":{"index":"index","follow":"follow","max-snippet":"max-snippet:-1","max-image-preview":"max-image-preview:large","max-video-preview":"max-video-preview:-1"},"canonical":"https:\/\/med.estrategia.com\/portal\/noticias\/iamspe-autoriza-contratacao-de-nova-banca-para-selecao-de-residencia-medica\/","og_locale":"pt_BR","og_type":"article","og_title":"IAMSPE autoriza contrata\u00e7\u00e3o de nova banca para sele\u00e7\u00e3o de resid\u00eancia m\u00e9dica","og_description":"Ap\u00f3s contrata\u00e7\u00e3o, \u00e9 esperado que o Instituto Avan\u00e7a SP d\u00ea in\u00edcio imediato aos servi\u00e7os do seletivo de resid\u00eancia m\u00e9dica do IAMSPE 2025.","og_url":"https:\/\/med.estrategia.com\/portal\/noticias\/iamspe-autoriza-contratacao-de-nova-banca-para-selecao-de-residencia-medica\/","og_site_name":"Estrat\u00e9gia MED","article_publisher":"https:\/\/www.facebook.com\/estrategiamed1","article_published_time":"2024-10-30T09:56:14+00:00","article_modified_time":"2024-11-01T23:30:59+00:00","og_image":[{"width":1920,"height":1080,"url":"https:\/\/med.estrategia.com\/portal\/wp-content\/uploads\/2024\/04\/4-30.jpg","type":"image\/jpeg"}],"author":"Ana Carolina Damasceno","twitter_card":"summary_large_image","twitter_creator":"@estrategiamed_","twitter_site":"@estrategiamed_","twitter_misc":{"Escrito por":"Ana Carolina Damasceno","Est. tempo de leitura":"3 minutos"},"schema":{"@context":"https:\/\/schema.org","@graph":[{"@type":"WebPage","@id":"https:\/\/med.estrategia.com\/portal\/noticias\/iamspe-autoriza-contratacao-de-nova-banca-para-selecao-de-residencia-medica\/","url":"https:\/\/med.estrategia.com\/portal\/noticias\/iamspe-autoriza-contratacao-de-nova-banca-para-selecao-de-residencia-medica\/","name":"IAMSPE autoriza contrata\u00e7\u00e3o de nova banca para sele\u00e7\u00e3o de resid\u00eancia m\u00e9dica","isPartOf":{"@id":"https:\/\/med.estrategia.com\/portal\/#website"},"primaryImageOfPage":{"@id":"https:\/\/med.estrategia.com\/portal\/noticias\/iamspe-autoriza-contratacao-de-nova-banca-para-selecao-de-residencia-medica\/#primaryimage"},"image":{"@id":"https:\/\/med.estrategia.com\/portal\/noticias\/iamspe-autoriza-contratacao-de-nova-banca-para-selecao-de-residencia-medica\/#primaryimage"},"thumbnailUrl":"https:\/\/med.estrategia.com\/portal\/wp-content\/uploads\/2024\/04\/4-30.jpg","datePublished":"2024-10-30T09:56:14+00:00","dateModified":"2024-11-01T23:30:59+00:00","author":{"@id":"https:\/\/med.estrategia.com\/portal\/#\/schema\/person\/2f553adbb8e25fe39d145c5b2927f58c"},"description":"Ap\u00f3s contrata\u00e7\u00e3o, \u00e9 esperado que o Instituto Avan\u00e7a SP d\u00ea in\u00edcio imediato aos servi\u00e7os do seletivo de resid\u00eancia m\u00e9dica do IAMSPE 2025.","breadcrumb":{"@id":"https:\/\/med.estrategia.com\/portal\/noticias\/iamspe-autoriza-contratacao-de-nova-banca-para-selecao-de-residencia-medica\/#breadcrumb"},"inLanguage":"pt-BR","potentialAction":[{"@type":"ReadAction","target":["https:\/\/med.estrategia.com\/portal\/noticias\/iamspe-autoriza-contratacao-de-nova-banca-para-selecao-de-residencia-medica\/"]}]},{"@type":"ImageObject","inLanguage":"pt-BR","@id":"https:\/\/med.estrategia.com\/portal\/noticias\/iamspe-autoriza-contratacao-de-nova-banca-para-selecao-de-residencia-medica\/#primaryimage","url":"https:\/\/med.estrategia.com\/portal\/wp-content\/uploads\/2024\/04\/4-30.jpg","contentUrl":"https:\/\/med.estrategia.com\/portal\/wp-content\/uploads\/2024\/04\/4-30.jpg","width":1920,"height":1080,"caption":"Estrat\u00e9gia MED | Foto: Alexandre Possi\/Assembleia Legislativa do Estado de S\u00e3o Paulo"},{"@type":"BreadcrumbList","@id":"https:\/\/med.estrategia.com\/portal\/noticias\/iamspe-autoriza-contratacao-de-nova-banca-para-selecao-de-residencia-medica\/#breadcrumb","itemListElement":[{"@type":"ListItem","position":1,"name":"Home","item":"https:\/\/med.estrategia.com\/portal\/"},{"@type":"ListItem","position":2,"name":"Not\u00edcias","item":"https:\/\/med.estrategia.com\/portal\/noticias\/"},{"@type":"ListItem","position":3,"name":"IAMSPE autoriza contrata\u00e7\u00e3o de nova banca para sele\u00e7\u00e3o de resid\u00eancia m\u00e9dica"}]},{"@type":"WebSite","@id":"https:\/\/med.estrategia.com\/portal\/#website","url":"https:\/\/med.estrategia.com\/portal\/","name":"Estrat\u00e9gia MED","description":"","potentialAction":[{"@type":"SearchAction","target":{"@type":"EntryPoint","urlTemplate":"https:\/\/med.estrategia.com\/portal\/?s={search_term_string}"},"query-input":{"@type":"PropertyValueSpecification","valueRequired":true,"valueName":"search_term_string"}}],"inLanguage":"pt-BR"},{"@type":"Person","@id":"https:\/\/med.estrategia.com\/portal\/#\/schema\/person\/2f553adbb8e25fe39d145c5b2927f58c","name":"Ana Carolina Damasceno","image":{"@type":"ImageObject","inLanguage":"pt-BR","@id":"https:\/\/med.estrategia.com\/portal\/#\/schema\/person\/image\/","url":"https:\/\/med.estrategia.com\/portal\/wp-content\/uploads\/2021\/09\/WhatsApp-Image-2023-08-18-at-16.46.43-150x150.jpeg","contentUrl":"https:\/\/med.estrategia.com\/portal\/wp-content\/uploads\/2021\/09\/WhatsApp-Image-2023-08-18-at-16.46.43-150x150.jpeg","caption":"Ana Carolina Damasceno"},"description":"Coordenadora de Jornalismo EMED. Comunicadora por natureza e forma\u00e7\u00e3o, que ama e perde a no\u00e7\u00e3o do tempo com m\u00fasica e s\u00e9rie.","url":"https:\/\/med.estrategia.com\/portal\/author\/ana-carolina-damasceno\/"}]}},"_wl_alt_label":[],"wl:entity_url":"\/post\/iamspe-autoriza-contratacao-de-nova-banca-para-selecao-de-residencia-medica","_links":{"self":[{"href":"https:\/\/med.estrategia.com\/portal\/wp-json\/wp\/v2\/posts\/73971","targetHints":{"allow":["GET"]}}],"collection":[{"href":"https:\/\/med.estrategia.com\/portal\/wp-json\/wp\/v2\/posts"}],"about":[{"href":"https:\/\/med.estrategia.com\/portal\/wp-json\/wp\/v2\/types\/post"}],"author":[{"embeddable":true,"href":"https:\/\/med.estrategia.com\/portal\/wp-json\/wp\/v2\/users\/39"}],"replies":[{"embeddable":true,"href":"https:\/\/med.estrategia.com\/portal\/wp-json\/wp\/v2\/comments?post=73971"}],"version-history":[{"count":5,"href":"https:\/\/med.estrategia.com\/portal\/wp-json\/wp\/v2\/posts\/73971\/revisions"}],"predecessor-version":[{"id":73977,"href":"https:\/\/med.estrategia.com\/portal\/wp-json\/wp\/v2\/posts\/73971\/revisions\/73977"}],"wp:featuredmedia":[{"embeddable":true,"href":"https:\/\/med.estrategia.com\/portal\/wp-json\/wp\/v2\/media\/62070"}],"wp:attachment":[{"href":"https:\/\/med.estrategia.com\/portal\/wp-json\/wp\/v2\/media?parent=73971"}],"wp:term":[{"taxonomy":"category","embeddable":true,"href":"https:\/\/med.estrategia.com\/portal\/wp-json\/wp\/v2\/categories?post=73971"},{"taxonomy":"post_tag","embeddable":true,"href":"https:\/\/med.estrategia.com\/portal\/wp-json\/wp\/v2\/tags?post=73971"},{"taxonomy":"wl_entity_type","embeddable":true,"href":"https:\/\/med.estrategia.com\/portal\/wp-json\/wp\/v2\/wl_entity_type?post=73971"}],"curies":[{"name":"wp","href":"https:\/\/api.w.org\/{rel}","templated":true}]}}