{"id":75622,"date":"2024-11-13T16:46:03","date_gmt":"2024-11-13T19:46:03","guid":{"rendered":"https:\/\/med.estrategia.com\/portal\/?p=75622"},"modified":"2025-01-22T20:03:53","modified_gmt":"2025-01-22T23:03:53","slug":"sus-ba-2025-gabarito-recursos","status":"publish","type":"post","link":"https:\/\/med.estrategia.com\/portal\/noticias\/sus-ba-2025-gabarito-recursos\/","title":{"rendered":"SUS-BA 2025: confira o gabarito definitivo"},"content":{"rendered":"<p>No domingo, dia <strong>15 de novembro de 2024<\/strong>, aconteceu a <strong>primeira e &uacute;nica etapa <\/strong>do Processo Seletivo Unificado de Resid&ecirc;ncia M&eacute;dica 2025 do estado da Bahia, <strong>comumente conhecido como SUS-BA<\/strong>! <br><br>Com provas aplicadas nas cidades de Salvador, Juazeiro, Barreiras, Vit&oacute;ria da Conquista e Teixeira de Freitas,<strong> a edi&ccedil;&atilde;o conta com mais de 900 vagas<\/strong> distribu&iacute;das entre diversas especialidades m&eacute;dicas ofertadas por institui&ccedil;&otilde;es de todo o estado. E se voc&ecirc; &eacute; um dos participantes ou est&aacute; se preparando para a edi&ccedil;&atilde;o do pr&oacute;ximo ano, n&atilde;o deixe de acompanhar a <strong>corre&ccedil;&atilde;o da prova aplicada aos candidatos de Acesso Direto<\/strong>, preparada pelo time de professores do Estrat&eacute;gia MED!<div id=\"ez-toc-container\" class=\"ez-toc-v2_0_79_2 counter-hierarchy ez-toc-counter ez-toc-transparent ez-toc-container-direction\">\n<div class=\"ez-toc-title-container\"><p class=\"ez-toc-title\" style=\"cursor:inherit\">Navegue pelo conte\u00fado<\/p>\n<\/div><nav><ul class='ez-toc-list ez-toc-list-level-1 ' ><li class='ez-toc-page-1 ez-toc-heading-level-2'><a class=\"ez-toc-link ez-toc-heading-1\" href=\"https:\/\/med.estrategia.com\/portal\/noticias\/sus-ba-2025-gabarito-recursos\/#Gabarito-Oficial-e-Recursos-EMED\" >Gabarito Oficial e Recursos EMED<\/a><\/li><li class='ez-toc-page-1 ez-toc-heading-level-2'><a class=\"ez-toc-link ez-toc-heading-2\" href=\"https:\/\/med.estrategia.com\/portal\/noticias\/sus-ba-2025-gabarito-recursos\/#Correcao-SUS-BA-2025-do-Estrategia-MED\" >Corre&ccedil;&atilde;o SUS-BA 2025 do Estrat&eacute;gia MED<\/a><\/li><li class='ez-toc-page-1 ez-toc-heading-level-2'><a class=\"ez-toc-link ez-toc-heading-3\" href=\"https:\/\/med.estrategia.com\/portal\/noticias\/sus-ba-2025-gabarito-recursos\/#Como-foi-a-prova-objetiva-do-SUS-BA-2025\" >Como foi a prova objetiva do SUS-BA 2025<\/a><\/li><\/ul><\/nav><\/div>\n<h2 class=\"wp-block-heading\" id=\"h-gabarito-oficial-e-recursos-emed\"><span class=\"ez-toc-section\" id=\"Gabarito-Oficial-e-Recursos-EMED\"><\/span>Gabarito Oficial e Recursos EMED<span class=\"ez-toc-section-end\"><\/span><\/h2><p>O gabarito preliminar oficial foi divulgado no dia 21 de novembro de 2024 e, a partir desta divulga&ccedil;&atilde;o, os candidatos puderam interpor recursos at&eacute; &agrave;s 23h59 do dia seguinte, 22. Para isso, foi necess&aacute;rio acessar o formul&aacute;rio de recursos disponibilizado na <a href=\"https:\/\/strixeducacao.com.br\/evento\/cerem-ba-processo-seletivo-unificado-de-residencia-medica-bahia-2025-1\/\" target=\"_blank\">&aacute;rea do candidato<\/a>.<\/p><div class=\"wp-block-buttons is-content-justification-center is-layout-flex wp-container-core-buttons-is-layout-1 wp-block-buttons-is-layout-flex\">\n<div class=\"wp-block-button\"><a class=\"wp-block-button__link wp-element-button\" href=\"https:\/\/med.estrategia.com\/portal\/wp-content\/uploads\/2024\/11\/AD_GAB_PR_DEFINITIVO_2025.1.pdf\" target=\"_blank\">gabarito preliminar acesso direto<\/a><\/div>\n<\/div><p>E para ajud&aacute;-los a elaborarem os recursos, os professores especialistas do Estrat&eacute;gia MED prepararam&nbsp;<strong>modelos, com a argumenta&ccedil;&atilde;o e refer&ecirc;ncia bibliogr&aacute;fica<\/strong>&nbsp;de cada quest&atilde;o pass&iacute;vel de questionamento da&nbsp;<strong>prova de Acesso Direto<\/strong>. Siga acompanhando para atualiza&ccedil;&otilde;es!<\/p><div class=\"wp-block-buttons is-content-justification-center is-layout-flex wp-container-core-buttons-is-layout-2 wp-block-buttons-is-layout-flex\">\n<div class=\"wp-block-button\"><a class=\"wp-block-button__link wp-element-button\" href=\"https:\/\/med.estrategia.com\/portal\/wp-content\/uploads\/2024\/11\/RECURSO-SUS-BA-Q16.pdf\" target=\"_blank\">recurso q16<\/a><\/div>\n\n\n\n<div class=\"wp-block-button\"><a class=\"wp-block-button__link wp-element-button\" href=\"https:\/\/med.estrategia.com\/portal\/wp-content\/uploads\/2024\/11\/RECURSO-SUS-BA-Q27.pdf\" target=\"_blank\">recurso q27<\/a><\/div>\n\n\n\n<div class=\"wp-block-button\"><a class=\"wp-block-button__link wp-element-button\" href=\"https:\/\/med.estrategia.com\/portal\/wp-content\/uploads\/2024\/11\/RECURSO-SUS-BA-Q42.pdf\" target=\"_blank\">recurso q42<\/a><\/div>\n\n\n\n<div class=\"wp-block-button\"><a class=\"wp-block-button__link wp-element-button\" href=\"https:\/\/med.estrategia.com\/portal\/wp-content\/uploads\/2024\/11\/RECURSO-SUS-BA-Q52.pdf\" target=\"_blank\">recurso q52<\/a><\/div>\n<\/div><p>J&aacute; no dia 22 de janeiro de 2025, foram divulgados os gabaritos definitivos. Confira:<\/p><div class=\"wp-block-buttons is-content-justification-center is-layout-flex wp-container-core-buttons-is-layout-3 wp-block-buttons-is-layout-flex\">\n<div class=\"wp-block-button\"><a class=\"wp-block-button__link wp-element-button\" href=\"https:\/\/cdn.medblog.estrategiaeducacional.com.br\/wp-content\/uploads\/2025\/01\/AD_GAB_PR_DEFINITIVO_2025.1-1.pdf\" target=\"_blank\">gABARITO DEFINITIVO ACESSO DIRETO<\/a><\/div>\n\n\n\n<div class=\"wp-block-button\"><a class=\"wp-block-button__link wp-element-button\" href=\"https:\/\/cdn.medblog.estrategiaeducacional.com.br\/wp-content\/uploads\/2025\/01\/ESPCIALIDADES_GAB_DEFINITIVO_2025.1.pdf\" target=\"_blank\">gABARITO DEFINITIVO PR&Eacute;-REQUISITO<\/a><\/div>\n<\/div><h2 class=\"wp-block-heading\" id=\"h-correcao-sus-ba-2025-do-estrategia-med\"><span class=\"ez-toc-section\" id=\"Correcao-SUS-BA-2025-do-Estrategia-MED\"><\/span>Corre&ccedil;&atilde;o SUS-BA 2025 do Estrat&eacute;gia MED<span class=\"ez-toc-section-end\"><\/span><\/h2><p>Os professores especialistas do Estrat&eacute;gia MED estiveram ao vivo em <a href=\"https:\/\/www.youtube.com\/c\/Estrat%C3%A9giaMED\" target=\"_blank\">nosso canal do YouTube<\/a> comentando e comandando a <strong>corre&ccedil;&atilde;o de todas as 75 quest&otilde;es<\/strong>, tanto as de m&uacute;ltipla escolha quanto as de resposta curta, aplicadas na prova de Acesso Direto, sanando d&uacute;vidas e sinalizando poss&iacute;veis detalhes que possam ser pass&iacute;veis de recursos contra quest&otilde;es ou gabarito preliminar, se necess&aacute;rio.<\/p><p>A transmiss&atilde;o aconteceu no dia 15 de novembro de 2024 e voc&ecirc; pode conferir o gabarito extraoficial abaixo:<\/p><h3 class=\"wp-block-heading\" id=\"h-questoes-objetivas-de-multipla-escolha\">Quest&otilde;es Objetivas de M&uacute;ltipla Escolha<\/h3><figure class=\"wp-block-table\"><table class=\"has-fixed-layout\"><tbody><tr><td>1 &ndash; C<\/td><td>10 &ndash; B<\/td><td>19 &ndash; B<\/td><td>28 &ndash; C<\/td><td>37 &ndash; B<\/td><\/tr><tr><td>2 &ndash; B<\/td><td>11 &ndash; C<\/td><td>20 &ndash; C<\/td><td>29 &ndash; D<\/td><td>38 &ndash; A<\/td><\/tr><tr><td>3 &ndash; D*<\/td><td>12 &ndash; B<\/td><td>21 &ndash; D<\/td><td>30 &ndash; B<\/td><td>39 &ndash; A<\/td><\/tr><tr><td>4 &ndash; A<\/td><td>13 &ndash; A<\/td><td>22 &ndash; A<\/td><td>31 &ndash; D<\/td><td>40 &ndash; C<\/td><\/tr><tr><td>5 &ndash; B<\/td><td>14 &ndash; C<\/td><td>23 &ndash; A<\/td><td>32 &ndash; B<\/td><td>41 &ndash; B<\/td><\/tr><tr><td>6 &ndash; D<\/td><td>15 &ndash; B<\/td><td>24 &ndash; D<\/td><td>33 &ndash; A<\/td><td>42 &ndash; *<\/td><\/tr><tr><td>7 &ndash; C<\/td><td>16 &ndash; D*<\/td><td>25 &ndash; D<\/td><td>34 &ndash; B<\/td><td>43 &ndash; C<\/td><\/tr><tr><td>8 &ndash; D<\/td><td>17 &ndash; B<\/td><td>26 &ndash; A<\/td><td>35 &ndash; C<\/td><td>44 &ndash; B<\/td><\/tr><tr><td>9 &ndash; A<\/td><td>18 &ndash; D<\/td><td>27 &ndash; *<\/td><td>36 &ndash; A<\/td><td>45 &ndash; A<\/td><\/tr><\/tbody><\/table><figcaption class=\"wp-element-caption\">Quest&otilde;es destacadas com<strong>&nbsp;*<\/strong> s&atilde;o pass&iacute;veis de recursos, de acordo com os professores do Estrat&eacute;gia MED<\/figcaption><\/figure><h3 class=\"wp-block-heading\" id=\"h-questoes-objetivas-de-resposta-curta\">Quest&otilde;es Objetivas de Resposta Curta<\/h3><figure class=\"wp-block-table\"><table><tbody><tr><td>46 &ndash; Leucoencefalopatia Multifocal Progressiva (LEMP)<\/td><\/tr><tr><td>47 &ndash; Exame do l&iacute;quor cefalorraquidiano com PCR para v&iacute;rus JC<\/td><\/tr><tr><td>48 &ndash; Terapia antirretroviral<\/td><\/tr><tr><td>49 &ndash; TEP inst&aacute;vel \/ TEP maci&ccedil;o<\/td><\/tr><tr><td>50 &ndash; Ecocardiograma transtor&aacute;cico beira-leito<\/td><\/tr><tr><td>51 &ndash; Tromb&oacute;lise farmacol&oacute;gica (Alteplase endovenosa)<\/td><\/tr><tr><td>52 &ndash; Aspirar a cavidade oral<\/td><\/tr><tr><td>53 &ndash; Cricotireoidostomia<\/td><\/tr><tr><td>54 &ndash; Tamponamento nasal posterior \/ Emboliza&ccedil;&atilde;o por radiologia intervencionista \/ Ligadura de car&oacute;tida externa<\/td><\/tr><tr><td>55 &ndash; Fratura do f&ecirc;mur proximal direito<\/td><\/tr><tr><td>56 &ndash; Artroplastia do quadril direito<\/td><\/tr><tr><td>57 &ndash; Profilaxia farmacol&oacute;gica para TVP &ndash; Anticoagulante\/Enoxaparina<\/td><\/tr><tr><td>58 &ndash; Macrossomia fetal<\/td><\/tr><tr><td>59 &ndash; Manobra de Mc Robert<\/td><\/tr><tr><td>60 &ndash; 6 semanas<\/td><\/tr><tr><td>61 &ndash; Tricomon&iacute;ase &ndash; Trichomonas Vaginalis<\/td><\/tr><tr><td>62 &ndash; Metronidazol 2g VO DU ou Metronidazol 500mg VO 12\/12h por 7 dias<\/td><\/tr><tr><td>63 &ndash; Rotura Prematura de Membranas \/ Trabalho de parto prematuro<\/td><\/tr><tr><td>64 &ndash; Febre Reum&aacute;tica<\/td><\/tr><tr><td>65 &ndash; Insufici&ecirc;ncia Mitral<\/td><\/tr><tr><td>66 &ndash; Penicilina Benzatina a cada 3 ou 4 semanas at&eacute; 25 anos de idade ou 10 anos ap&oacute;s diagn&oacute;stico da Febre Reum&aacute;tica Aguda<\/td><\/tr><tr><td>67 &ndash; S&iacute;ndrome nefr&oacute;tica<\/td><\/tr><tr><td>68 &ndash; Doen&ccedil;a de les&otilde;es m&iacute;nimas<\/td><\/tr><tr><td>69 &ndash; Heparina<\/td><\/tr><tr><td>70 &ndash; Hipertens&atilde;o Arterial est&aacute;gio 2<\/td><\/tr><tr><td>71 &ndash; Cefaleia tensional<\/td><\/tr><tr><td>72 &ndash; 2000mg\/dia<\/td><\/tr><tr><td>73 &ndash; Transmiss&atilde;o por picada de insetos<\/td><\/tr><tr><td>74 &ndash; Encefalite ou Meningoencefalite<\/td><\/tr><tr><td>75 &ndash; Animais sentinelas (indicam circula&ccedil;&atilde;o viral da regi&atilde;o, mas n&atilde;o participam ativamente da transmiss&atilde;o)<\/td><\/tr><\/tbody><\/table><\/figure><figure class=\"wp-block-embed is-type-video is-provider-youtube wp-block-embed-youtube wp-embed-aspect-16-9 wp-has-aspect-ratio\"><div class=\"wp-block-embed__wrapper\">\n<div class=\"cs-embed cs-embed-responsive\"><iframe title=\"Gabarito SUS-BA 2024\/25 Resid&ecirc;ncia M&eacute;dica - Corre&ccedil;&atilde;o de Prova Ao Vivo\" width=\"1200\" height=\"675\" src=\"https:\/\/www.youtube.com\/embed\/s3vBG_VZYhc?list=PLZJoO86DqMTTb-EReYDiVFiue5DzNKKLA\" frameborder=\"0\" allow=\"accelerometer; autoplay; clipboard-write; encrypted-media; gyroscope; picture-in-picture; web-share\" referrerpolicy=\"strict-origin-when-cross-origin\" allowfullscreen><\/iframe><\/div>\n<\/div><\/figure><h2 class=\"wp-block-heading\" id=\"h-como-foi-a-prova-objetiva-do-sus-ba-2025\"><span class=\"ez-toc-section\" id=\"Como-foi-a-prova-objetiva-do-SUS-BA-2025\"><\/span>Como foi a prova objetiva do SUS-BA 2025<span class=\"ez-toc-section-end\"><\/span><\/h2><p>Para as especialidades de Acesso direto, a prova ser&aacute; composta de&nbsp;<strong>25 quest&otilde;es<\/strong>&nbsp;situa&ccedil;&otilde;es-problema, com&nbsp;<strong>3 quest&otilde;es cada<\/strong>. Dessas,&nbsp;<strong>15 situa&ccedil;&otilde;es-problema<\/strong>&nbsp;com&nbsp;<strong>quest&otilde;es objetivas de m&uacute;ltipla escolha&nbsp;<\/strong>e&nbsp;<strong>10 situa&ccedil;&otilde;es-problema<\/strong>&nbsp;contam com&nbsp;<strong>quest&otilde;es dissertativas-objetivas de resposta curta<\/strong>.<\/p><p>Os conte&uacute;dos abordados nas quest&otilde;es seguir&atilde;o, proporcionalmente, as &aacute;reas m&eacute;dicas de:<\/p><ul class=\"wp-block-list\">\n<li>Cl&iacute;nica M&eacute;dica;<\/li>\n\n\n\n<li>Cirurgia Geral;<\/li>\n\n\n\n<li>Ginecologia e Obstetr&iacute;cia;<\/li>\n\n\n\n<li>Pediatria; e<\/li>\n\n\n\n<li>Medicina Preventiva e Social (Sa&uacute;de Coletiva e Medicina da Fam&iacute;lia e Comunidade).<\/li>\n<\/ul><p>J&aacute; para os programas com pr&eacute;-requisito exigido, a prova ser&aacute; composta por&nbsp;<strong>15 situa&ccedil;&otilde;es-problema<\/strong>, cada uma com<strong>&nbsp;3 quest&otilde;es objetivas de m&uacute;ltipla escolha.<\/strong>&nbsp;Os conte&uacute;dos abordados nas quest&otilde;es dessa prova ser&atilde;o baseados no pr&eacute;-requisito determinado para cada especialidade ou &aacute;rea.<\/p><div class=\"wp-block-buttons is-content-justification-center is-layout-flex wp-container-core-buttons-is-layout-4 wp-block-buttons-is-layout-flex\">\n<div class=\"wp-block-button\"><a class=\"wp-block-button__link wp-element-button\" href=\"https:\/\/med.estrategia.com\/portal\/residencia-medica\/sus-ba-residencia-medica\/\" target=\"_blank\">saiba mais sobre o processo seletivo sus-ba 2025 aqui!<\/a><\/div>\n<\/div><p>Se voc&ecirc; quer ficar por dentro de mais conte&uacute;dos relevantes sobre os processos de resid&ecirc;ncia m&eacute;dica, continue acompanhando o material preparado pelo Portal de Not&iacute;cias do Estrat&eacute;gia MED. Aqui, voc&ecirc; encontrar&aacute; informa&ccedil;&otilde;es atualizadas sobre medicina, carreira m&eacute;dica e muito mais.<\/p><p>\n\n\n\n\n\n<a id=\"cta\" class=\"cta-imagem\" href=\"https:\/\/med.estrategia.com\/curso\/banco-de-questes-resumos-estrategicos-anual\/\" target=\"blank\">\n                <img decoding=\"async\" width=\"100%\" src=\"https:\/\/med.estrategia.com\/portal\/wp-content\/uploads\/2025\/08\/banco_questoes.png\" alt=\"banco_questoes\" title=\"banco_questoes\">\n        <\/a>\n<\/p><\/p>\n","protected":false},"excerpt":{"rendered":"No domingo, dia 15 de novembro de 2024, aconteceu a primeira e &uacute;nica etapa do Processo Seletivo Unificado&hellip;\n","protected":false},"author":39,"featured_media":75470,"comment_status":"closed","ping_status":"closed","sticky":false,"template":"","format":"standard","meta":{"wl_entities_gutenberg":"","footnotes":""},"categories":[300],"tags":[],"wl_entity_type":[199],"class_list":{"0":"post-75622","1":"post","2":"type-post","3":"status-publish","4":"format-standard","5":"has-post-thumbnail","7":"category-noticias","8":"wl_entity_type-article"},"acf":[],"yoast_head":"<!-- This site is optimized with the Yoast SEO Premium plugin v26.6 (Yoast SEO v26.6) - https:\/\/yoast.com\/wordpress\/plugins\/seo\/ -->\n<title>SUS-BA 2025: confira o gabarito definitivo<\/title>\n<meta name=\"robots\" content=\"index, follow, max-snippet:-1, max-image-preview:large, max-video-preview:-1\" \/>\n<link rel=\"canonical\" href=\"https:\/\/med.estrategia.com\/portal\/noticias\/sus-ba-2025-gabarito-recursos\/\" \/>\n<meta property=\"og:locale\" content=\"pt_BR\" \/>\n<meta property=\"og:type\" content=\"article\" \/>\n<meta property=\"og:title\" content=\"SUS-BA 2025: confira o gabarito definitivo\" \/>\n<meta property=\"og:description\" content=\"No domingo, dia 15 de novembro de 2024, aconteceu a primeira e &uacute;nica etapa do Processo Seletivo Unificado&hellip;\" \/>\n<meta property=\"og:url\" content=\"https:\/\/med.estrategia.com\/portal\/noticias\/sus-ba-2025-gabarito-recursos\/\" \/>\n<meta property=\"og:site_name\" content=\"Estrat\u00e9gia MED\" \/>\n<meta property=\"article:publisher\" content=\"https:\/\/www.facebook.com\/estrategiamed1\" \/>\n<meta property=\"article:published_time\" content=\"2024-11-13T19:46:03+00:00\" \/>\n<meta property=\"article:modified_time\" content=\"2025-01-22T23:03:53+00:00\" \/>\n<meta property=\"og:image\" content=\"https:\/\/med.estrategia.com\/portal\/wp-content\/uploads\/2024\/11\/SUS-BA.jpg\" \/>\n\t<meta property=\"og:image:width\" content=\"1280\" \/>\n\t<meta property=\"og:image:height\" content=\"720\" \/>\n\t<meta property=\"og:image:type\" content=\"image\/jpeg\" \/>\n<meta name=\"author\" content=\"Ana Carolina Damasceno\" \/>\n<meta name=\"twitter:card\" content=\"summary_large_image\" \/>\n<meta name=\"twitter:creator\" content=\"@estrategiamed_\" \/>\n<meta name=\"twitter:site\" content=\"@estrategiamed_\" \/>\n<meta name=\"twitter:label1\" content=\"Escrito por\" \/>\n\t<meta name=\"twitter:data1\" content=\"Ana Carolina Damasceno\" \/>\n\t<meta name=\"twitter:label2\" content=\"Est. tempo de leitura\" \/>\n\t<meta name=\"twitter:data2\" content=\"4 minutos\" \/>\n<script type=\"application\/ld+json\" class=\"yoast-schema-graph\">{\"@context\":\"https:\/\/schema.org\",\"@graph\":[{\"@type\":\"WebPage\",\"@id\":\"https:\/\/med.estrategia.com\/portal\/noticias\/sus-ba-2025-gabarito-recursos\/\",\"url\":\"https:\/\/med.estrategia.com\/portal\/noticias\/sus-ba-2025-gabarito-recursos\/\",\"name\":\"SUS-BA 2025: confira o gabarito definitivo\",\"isPartOf\":{\"@id\":\"https:\/\/med.estrategia.com\/portal\/#website\"},\"primaryImageOfPage\":{\"@id\":\"https:\/\/med.estrategia.com\/portal\/noticias\/sus-ba-2025-gabarito-recursos\/#primaryimage\"},\"image\":{\"@id\":\"https:\/\/med.estrategia.com\/portal\/noticias\/sus-ba-2025-gabarito-recursos\/#primaryimage\"},\"thumbnailUrl\":\"https:\/\/med.estrategia.com\/portal\/wp-content\/uploads\/2024\/11\/SUS-BA.jpg\",\"datePublished\":\"2024-11-13T19:46:03+00:00\",\"dateModified\":\"2025-01-22T23:03:53+00:00\",\"author\":{\"@id\":\"https:\/\/med.estrategia.com\/portal\/#\/schema\/person\/2f553adbb8e25fe39d145c5b2927f58c\"},\"breadcrumb\":{\"@id\":\"https:\/\/med.estrategia.com\/portal\/noticias\/sus-ba-2025-gabarito-recursos\/#breadcrumb\"},\"inLanguage\":\"pt-BR\",\"potentialAction\":[{\"@type\":\"ReadAction\",\"target\":[\"https:\/\/med.estrategia.com\/portal\/noticias\/sus-ba-2025-gabarito-recursos\/\"]}]},{\"@type\":\"ImageObject\",\"inLanguage\":\"pt-BR\",\"@id\":\"https:\/\/med.estrategia.com\/portal\/noticias\/sus-ba-2025-gabarito-recursos\/#primaryimage\",\"url\":\"https:\/\/med.estrategia.com\/portal\/wp-content\/uploads\/2024\/11\/SUS-BA.jpg\",\"contentUrl\":\"https:\/\/med.estrategia.com\/portal\/wp-content\/uploads\/2024\/11\/SUS-BA.jpg\",\"width\":1280,\"height\":720},{\"@type\":\"BreadcrumbList\",\"@id\":\"https:\/\/med.estrategia.com\/portal\/noticias\/sus-ba-2025-gabarito-recursos\/#breadcrumb\",\"itemListElement\":[{\"@type\":\"ListItem\",\"position\":1,\"name\":\"Home\",\"item\":\"https:\/\/med.estrategia.com\/portal\/\"},{\"@type\":\"ListItem\",\"position\":2,\"name\":\"Not\u00edcias\",\"item\":\"https:\/\/med.estrategia.com\/portal\/noticias\/\"},{\"@type\":\"ListItem\",\"position\":3,\"name\":\"SUS-BA 2025: confira o gabarito definitivo\"}]},{\"@type\":\"WebSite\",\"@id\":\"https:\/\/med.estrategia.com\/portal\/#website\",\"url\":\"https:\/\/med.estrategia.com\/portal\/\",\"name\":\"Estrat\u00e9gia MED\",\"description\":\"\",\"potentialAction\":[{\"@type\":\"SearchAction\",\"target\":{\"@type\":\"EntryPoint\",\"urlTemplate\":\"https:\/\/med.estrategia.com\/portal\/?s={search_term_string}\"},\"query-input\":{\"@type\":\"PropertyValueSpecification\",\"valueRequired\":true,\"valueName\":\"search_term_string\"}}],\"inLanguage\":\"pt-BR\"},{\"@type\":\"Person\",\"@id\":\"https:\/\/med.estrategia.com\/portal\/#\/schema\/person\/2f553adbb8e25fe39d145c5b2927f58c\",\"name\":\"Ana Carolina Damasceno\",\"image\":{\"@type\":\"ImageObject\",\"inLanguage\":\"pt-BR\",\"@id\":\"https:\/\/med.estrategia.com\/portal\/#\/schema\/person\/image\/\",\"url\":\"https:\/\/med.estrategia.com\/portal\/wp-content\/uploads\/2021\/09\/WhatsApp-Image-2023-08-18-at-16.46.43-150x150.jpeg\",\"contentUrl\":\"https:\/\/med.estrategia.com\/portal\/wp-content\/uploads\/2021\/09\/WhatsApp-Image-2023-08-18-at-16.46.43-150x150.jpeg\",\"caption\":\"Ana Carolina Damasceno\"},\"description\":\"Coordenadora de Jornalismo EMED. Comunicadora por natureza e forma\u00e7\u00e3o, que ama e perde a no\u00e7\u00e3o do tempo com m\u00fasica e s\u00e9rie.\",\"url\":\"https:\/\/med.estrategia.com\/portal\/author\/ana-carolina-damasceno\/\"}]}<\/script>\n<!-- \/ Yoast SEO Premium plugin. -->","yoast_head_json":{"title":"SUS-BA 2025: confira o gabarito definitivo","robots":{"index":"index","follow":"follow","max-snippet":"max-snippet:-1","max-image-preview":"max-image-preview:large","max-video-preview":"max-video-preview:-1"},"canonical":"https:\/\/med.estrategia.com\/portal\/noticias\/sus-ba-2025-gabarito-recursos\/","og_locale":"pt_BR","og_type":"article","og_title":"SUS-BA 2025: confira o gabarito definitivo","og_description":"No domingo, dia 15 de novembro de 2024, aconteceu a primeira e &uacute;nica etapa do Processo Seletivo Unificado&hellip;","og_url":"https:\/\/med.estrategia.com\/portal\/noticias\/sus-ba-2025-gabarito-recursos\/","og_site_name":"Estrat\u00e9gia MED","article_publisher":"https:\/\/www.facebook.com\/estrategiamed1","article_published_time":"2024-11-13T19:46:03+00:00","article_modified_time":"2025-01-22T23:03:53+00:00","og_image":[{"width":1280,"height":720,"url":"https:\/\/med.estrategia.com\/portal\/wp-content\/uploads\/2024\/11\/SUS-BA.jpg","type":"image\/jpeg"}],"author":"Ana Carolina Damasceno","twitter_card":"summary_large_image","twitter_creator":"@estrategiamed_","twitter_site":"@estrategiamed_","twitter_misc":{"Escrito por":"Ana Carolina Damasceno","Est. tempo de leitura":"4 minutos"},"schema":{"@context":"https:\/\/schema.org","@graph":[{"@type":"WebPage","@id":"https:\/\/med.estrategia.com\/portal\/noticias\/sus-ba-2025-gabarito-recursos\/","url":"https:\/\/med.estrategia.com\/portal\/noticias\/sus-ba-2025-gabarito-recursos\/","name":"SUS-BA 2025: confira o gabarito definitivo","isPartOf":{"@id":"https:\/\/med.estrategia.com\/portal\/#website"},"primaryImageOfPage":{"@id":"https:\/\/med.estrategia.com\/portal\/noticias\/sus-ba-2025-gabarito-recursos\/#primaryimage"},"image":{"@id":"https:\/\/med.estrategia.com\/portal\/noticias\/sus-ba-2025-gabarito-recursos\/#primaryimage"},"thumbnailUrl":"https:\/\/med.estrategia.com\/portal\/wp-content\/uploads\/2024\/11\/SUS-BA.jpg","datePublished":"2024-11-13T19:46:03+00:00","dateModified":"2025-01-22T23:03:53+00:00","author":{"@id":"https:\/\/med.estrategia.com\/portal\/#\/schema\/person\/2f553adbb8e25fe39d145c5b2927f58c"},"breadcrumb":{"@id":"https:\/\/med.estrategia.com\/portal\/noticias\/sus-ba-2025-gabarito-recursos\/#breadcrumb"},"inLanguage":"pt-BR","potentialAction":[{"@type":"ReadAction","target":["https:\/\/med.estrategia.com\/portal\/noticias\/sus-ba-2025-gabarito-recursos\/"]}]},{"@type":"ImageObject","inLanguage":"pt-BR","@id":"https:\/\/med.estrategia.com\/portal\/noticias\/sus-ba-2025-gabarito-recursos\/#primaryimage","url":"https:\/\/med.estrategia.com\/portal\/wp-content\/uploads\/2024\/11\/SUS-BA.jpg","contentUrl":"https:\/\/med.estrategia.com\/portal\/wp-content\/uploads\/2024\/11\/SUS-BA.jpg","width":1280,"height":720},{"@type":"BreadcrumbList","@id":"https:\/\/med.estrategia.com\/portal\/noticias\/sus-ba-2025-gabarito-recursos\/#breadcrumb","itemListElement":[{"@type":"ListItem","position":1,"name":"Home","item":"https:\/\/med.estrategia.com\/portal\/"},{"@type":"ListItem","position":2,"name":"Not\u00edcias","item":"https:\/\/med.estrategia.com\/portal\/noticias\/"},{"@type":"ListItem","position":3,"name":"SUS-BA 2025: confira o gabarito definitivo"}]},{"@type":"WebSite","@id":"https:\/\/med.estrategia.com\/portal\/#website","url":"https:\/\/med.estrategia.com\/portal\/","name":"Estrat\u00e9gia MED","description":"","potentialAction":[{"@type":"SearchAction","target":{"@type":"EntryPoint","urlTemplate":"https:\/\/med.estrategia.com\/portal\/?s={search_term_string}"},"query-input":{"@type":"PropertyValueSpecification","valueRequired":true,"valueName":"search_term_string"}}],"inLanguage":"pt-BR"},{"@type":"Person","@id":"https:\/\/med.estrategia.com\/portal\/#\/schema\/person\/2f553adbb8e25fe39d145c5b2927f58c","name":"Ana Carolina Damasceno","image":{"@type":"ImageObject","inLanguage":"pt-BR","@id":"https:\/\/med.estrategia.com\/portal\/#\/schema\/person\/image\/","url":"https:\/\/med.estrategia.com\/portal\/wp-content\/uploads\/2021\/09\/WhatsApp-Image-2023-08-18-at-16.46.43-150x150.jpeg","contentUrl":"https:\/\/med.estrategia.com\/portal\/wp-content\/uploads\/2021\/09\/WhatsApp-Image-2023-08-18-at-16.46.43-150x150.jpeg","caption":"Ana Carolina Damasceno"},"description":"Coordenadora de Jornalismo EMED. Comunicadora por natureza e forma\u00e7\u00e3o, que ama e perde a no\u00e7\u00e3o do tempo com m\u00fasica e s\u00e9rie.","url":"https:\/\/med.estrategia.com\/portal\/author\/ana-carolina-damasceno\/"}]}},"_wl_alt_label":[],"wl:entity_url":"\/post\/sus-ba-2025-gabarito-recursos","_links":{"self":[{"href":"https:\/\/med.estrategia.com\/portal\/wp-json\/wp\/v2\/posts\/75622","targetHints":{"allow":["GET"]}}],"collection":[{"href":"https:\/\/med.estrategia.com\/portal\/wp-json\/wp\/v2\/posts"}],"about":[{"href":"https:\/\/med.estrategia.com\/portal\/wp-json\/wp\/v2\/types\/post"}],"author":[{"embeddable":true,"href":"https:\/\/med.estrategia.com\/portal\/wp-json\/wp\/v2\/users\/39"}],"replies":[{"embeddable":true,"href":"https:\/\/med.estrategia.com\/portal\/wp-json\/wp\/v2\/comments?post=75622"}],"version-history":[{"count":20,"href":"https:\/\/med.estrategia.com\/portal\/wp-json\/wp\/v2\/posts\/75622\/revisions"}],"predecessor-version":[{"id":101335,"href":"https:\/\/med.estrategia.com\/portal\/wp-json\/wp\/v2\/posts\/75622\/revisions\/101335"}],"wp:featuredmedia":[{"embeddable":true,"href":"https:\/\/med.estrategia.com\/portal\/wp-json\/wp\/v2\/media\/75470"}],"wp:attachment":[{"href":"https:\/\/med.estrategia.com\/portal\/wp-json\/wp\/v2\/media?parent=75622"}],"wp:term":[{"taxonomy":"category","embeddable":true,"href":"https:\/\/med.estrategia.com\/portal\/wp-json\/wp\/v2\/categories?post=75622"},{"taxonomy":"post_tag","embeddable":true,"href":"https:\/\/med.estrategia.com\/portal\/wp-json\/wp\/v2\/tags?post=75622"},{"taxonomy":"wl_entity_type","embeddable":true,"href":"https:\/\/med.estrategia.com\/portal\/wp-json\/wp\/v2\/wl_entity_type?post=75622"}],"curies":[{"name":"wp","href":"https:\/\/api.w.org\/{rel}","templated":true}]}}