{"id":77011,"date":"2024-11-26T13:58:41","date_gmt":"2024-11-26T16:58:41","guid":{"rendered":"https:\/\/med.estrategia.com\/portal\/?p=77011"},"modified":"2024-11-26T13:58:45","modified_gmt":"2024-11-26T16:58:45","slug":"concurso-trf2-resultado-final-divulgado","status":"publish","type":"post","link":"https:\/\/med.estrategia.com\/portal\/concursos\/concurso-trf2-resultado-final-divulgado\/","title":{"rendered":"Concurso TRF2: Resultado Final divulgado!"},"content":{"rendered":"<p>O <strong>Tribunal Regional Federal da 2&ordf; Regi&atilde;o (TRF2<\/strong>) publicou nesta ter&ccedil;a-feira, 26 de novembro, <strong>a homologa&ccedil;&atilde;o do resultado final e da classifica&ccedil;&atilde;o <\/strong>do concurso p&uacute;blico. O resultado foi divulgado no Di&aacute;rio Oficial da Uni&atilde;o (DOU). <p>Ap&oacute;s a an&aacute;lise dos recursos apresentados contra o resultado preliminar divulgado, n&atilde;o houve altera&ccedil;&otilde;es na classifica&ccedil;&atilde;o. <strong>Os candidatos podem acessar individualmente as respostas aos recursos no site do<\/strong> <a href=\"https:\/\/www.institutoaocp.org.br\/concursos\/601\" target=\"_blank\">Instituto AOCP<\/a> por at&eacute; 10 dias a partir da publica&ccedil;&atilde;o do edital.<\/p><div class=\"wp-block-buttons is-content-justification-center is-layout-flex wp-container-core-buttons-is-layout-1 wp-block-buttons-is-layout-flex\">\n<div class=\"wp-block-button\"><a class=\"wp-block-button__link wp-element-button\" href=\"https:\/\/med.estrategia.com\/portal\/wp-content\/uploads\/2024\/11\/trf2resultados_homologacao.pdf\" target=\"_blank\">confira o comunicado com o resultado final<\/a><\/div>\n<\/div><p>O prazo de validade do certame ser&aacute; de dois anos, contados a partir da data de sua homologa&ccedil;&atilde;o, podendo ser prorrogado por igual per&iacute;odo, a crit&eacute;rio do Tribunal.<\/p><p>O concurso p&uacute;blico tem como objetivo formar um cadastro reserva para preenchimento de cargos nos quadros de pessoal do Tribunal Regional Federal da 2&ordf; Regi&atilde;o e das Se&ccedil;&otilde;es Judici&aacute;rias do Rio de Janeiro e do Esp&iacute;rito Santo, conforme especificado na tabela a seguir:<\/p><figure class=\"wp-block-table\"><table><tbody><tr><td>Cargo<\/td><td>Especialidade<\/td><td>Vagas<\/td><\/tr><tr><td>Analista Judici&aacute;rio &ndash; &Aacute;rea Apoio Especializado<\/td><td>Medicina do Trabalho<\/td><td>CR<\/td><\/tr><tr><td>&nbsp;<\/td><td>Medicina Cl&iacute;nica Geral<\/td><td>CR<\/td><\/tr><tr><td>&nbsp;<\/td><td>Medicina Psiquiatria<\/td><td>CR<\/td><\/tr><\/tbody><\/table><\/figure><h2 class=\"wp-block-heading\" id=\"h-remuneracao\">Remunera&ccedil;&atilde;o<\/h2><p>O edital oferece para o cargo de Analista Judici&aacute;rio, a remunera&ccedil;&atilde;o de R$ 13.994,78 para uma carga hor&aacute;ria de 40 horas semanais.<\/p><p>Al&eacute;m do vencimento, os servidores tamb&eacute;m podem receber os seguintes benef&iacute;cios:<\/p><ul class=\"wp-block-list\">\n<li>Aux&iacute;lio-alimenta&ccedil;&atilde;o: R$ 1.393,10;<\/li>\n\n\n\n<li>Assist&ecirc;ncia pr&eacute;-escolar no valor de at&eacute; R$ 1.178,82;<\/li>\n\n\n\n<li>Aux&iacute;lio-transporte;<\/li>\n\n\n\n<li>Participa&ccedil;&atilde;o nas despesas com assist&ecirc;ncia m&eacute;dica e hospitalar;<\/li>\n\n\n\n<li>Adicional de qualifica&ccedil;&atilde;o por a&ccedil;&otilde;es de treinamento, de at&eacute; 3%, incidente sobre o respectivo vencimento b&aacute;sico do cargo efetivo, nos termos da Lei n&ordm; 11.416\/2006 e altera&ccedil;&otilde;es posteriores;<\/li>\n\n\n\n<li>Adicional de qualifica&ccedil;&atilde;o por curso de p&oacute;s-gradua&ccedil;&atilde;o, nos percentuais de 7,5%, 10% e 12,5%, para todos os cargos\/&aacute;reas\/especialidades, incidentes sobre o respectivo vencimento b&aacute;sico do cargo efetivo, nos termos da Lei n&ordm; 11.416\/2006 e altera&ccedil;&otilde;es posteriores; e<\/li>\n\n\n\n<li>Ingresso em quadro de carreira, nos termos da Lei n&ordm; 11.416\/2006 e altera&ccedil;&otilde;es posteriores;<\/li>\n<\/ul><p>Para mais informa&ccedil;&otilde;es sobre o concurso p&uacute;blico TRF2, <a href=\"https:\/\/med.estrategia.com\/portal\/concursos\/concurso-publico-trf-2a-regiao-oferece-cadastro-reserva-para-medicos\/\" target=\"_blank\">acesse!<\/a><\/p><div class=\"wp-block-image\">\n<figure class=\"aligncenter size-full\"><img decoding=\"async\" width=\"1280\" height=\"622\" src=\"https:\/\/med.estrategia.com\/portal\/wp-content\/uploads\/2025\/08\/concursos_medicos.jpg\" alt=\"concursos_medicos\" class=\"wp-image-91529\" srcset=\"https:\/\/med.estrategia.com\/portal\/wp-content\/uploads\/2025\/08\/concursos_medicos.jpg 1280w, https:\/\/med.estrategia.com\/portal\/wp-content\/uploads\/2025\/08\/concursos_medicos-1024x498.jpg 1024w, https:\/\/med.estrategia.com\/portal\/wp-content\/uploads\/2025\/08\/concursos_medicos-768x373.jpg 768w, https:\/\/med.estrategia.com\/portal\/wp-content\/uploads\/2025\/08\/concursos_medicos-800x389.jpg 800w, https:\/\/med.estrategia.com\/portal\/wp-content\/uploads\/2025\/08\/concursos_medicos-1160x564.jpg 1160w\" sizes=\"(max-width: 1280px) 100vw, 1280px\" \/><\/figure><\/div><\/p>\n","protected":false},"excerpt":{"rendered":"O Tribunal Regional Federal da 2&ordf; Regi&atilde;o (TRF2) publicou nesta ter&ccedil;a-feira, 26 de novembro, a homologa&ccedil;&atilde;o do resultado&hellip;\n","protected":false},"author":45,"featured_media":77026,"comment_status":"closed","ping_status":"closed","sticky":false,"template":"","format":"standard","meta":{"wl_entities_gutenberg":"","footnotes":""},"categories":[474],"tags":[],"wl_entity_type":[199],"class_list":{"0":"post-77011","1":"post","2":"type-post","3":"status-publish","4":"format-standard","5":"has-post-thumbnail","7":"category-concursos","8":"wl_entity_type-article"},"acf":[],"yoast_head":"<!-- This site is optimized with the Yoast SEO Premium plugin v26.6 (Yoast SEO v26.6) - https:\/\/yoast.com\/wordpress\/plugins\/seo\/ -->\n<title>Concurso TRF2: Resultado Final divulgado!<\/title>\n<meta name=\"description\" content=\"O resultado final e a homologa\u00e7\u00e3o do concurso TRF2 foram publicados no Di\u00e1rio Oficial da Uni\u00e3o desta ter\u00e7a-feira, 26 de novembro!\" \/>\n<meta name=\"robots\" content=\"index, follow, max-snippet:-1, max-image-preview:large, max-video-preview:-1\" \/>\n<link rel=\"canonical\" href=\"https:\/\/med.estrategia.com\/portal\/concursos\/concurso-trf2-resultado-final-divulgado\/\" \/>\n<meta property=\"og:locale\" content=\"pt_BR\" \/>\n<meta property=\"og:type\" content=\"article\" \/>\n<meta property=\"og:title\" content=\"Concurso TRF2: Resultado Final divulgado!\" \/>\n<meta property=\"og:description\" content=\"O resultado final e a homologa\u00e7\u00e3o do concurso TRF2 foram publicados no Di\u00e1rio Oficial da Uni\u00e3o desta ter\u00e7a-feira, 26 de novembro!\" \/>\n<meta property=\"og:url\" content=\"https:\/\/med.estrategia.com\/portal\/concursos\/concurso-trf2-resultado-final-divulgado\/\" \/>\n<meta property=\"og:site_name\" content=\"Estrat\u00e9gia MED\" \/>\n<meta property=\"article:publisher\" content=\"https:\/\/www.facebook.com\/estrategiamed1\" \/>\n<meta property=\"article:published_time\" content=\"2024-11-26T16:58:41+00:00\" \/>\n<meta property=\"article:modified_time\" content=\"2024-11-26T16:58:45+00:00\" \/>\n<meta property=\"og:image\" content=\"https:\/\/med.estrategia.com\/portal\/wp-content\/uploads\/2024\/11\/Capa_TRF2_concursohomologado.jpg\" \/>\n\t<meta property=\"og:image:width\" content=\"1280\" \/>\n\t<meta property=\"og:image:height\" content=\"720\" \/>\n\t<meta property=\"og:image:type\" content=\"image\/jpeg\" \/>\n<meta name=\"author\" content=\"Priscila Pereira\" \/>\n<meta name=\"twitter:card\" content=\"summary_large_image\" \/>\n<meta name=\"twitter:creator\" content=\"@estrategiamed_\" \/>\n<meta name=\"twitter:site\" content=\"@estrategiamed_\" \/>\n<meta name=\"twitter:label1\" content=\"Escrito por\" \/>\n\t<meta name=\"twitter:data1\" content=\"Priscila Pereira\" \/>\n\t<meta name=\"twitter:label2\" content=\"Est. tempo de leitura\" \/>\n\t<meta name=\"twitter:data2\" content=\"2 minutos\" \/>\n<script type=\"application\/ld+json\" class=\"yoast-schema-graph\">{\"@context\":\"https:\/\/schema.org\",\"@graph\":[{\"@type\":\"WebPage\",\"@id\":\"https:\/\/med.estrategia.com\/portal\/concursos\/concurso-trf2-resultado-final-divulgado\/\",\"url\":\"https:\/\/med.estrategia.com\/portal\/concursos\/concurso-trf2-resultado-final-divulgado\/\",\"name\":\"Concurso TRF2: Resultado Final divulgado!\",\"isPartOf\":{\"@id\":\"https:\/\/med.estrategia.com\/portal\/#website\"},\"primaryImageOfPage\":{\"@id\":\"https:\/\/med.estrategia.com\/portal\/concursos\/concurso-trf2-resultado-final-divulgado\/#primaryimage\"},\"image\":{\"@id\":\"https:\/\/med.estrategia.com\/portal\/concursos\/concurso-trf2-resultado-final-divulgado\/#primaryimage\"},\"thumbnailUrl\":\"https:\/\/med.estrategia.com\/portal\/wp-content\/uploads\/2024\/11\/Capa_TRF2_concursohomologado.jpg\",\"datePublished\":\"2024-11-26T16:58:41+00:00\",\"dateModified\":\"2024-11-26T16:58:45+00:00\",\"author\":{\"@id\":\"https:\/\/med.estrategia.com\/portal\/#\/schema\/person\/d1df06a83a849b79b2d480e7d8952ce3\"},\"description\":\"O resultado final e a homologa\u00e7\u00e3o do concurso TRF2 foram publicados no Di\u00e1rio Oficial da Uni\u00e3o desta ter\u00e7a-feira, 26 de novembro!\",\"breadcrumb\":{\"@id\":\"https:\/\/med.estrategia.com\/portal\/concursos\/concurso-trf2-resultado-final-divulgado\/#breadcrumb\"},\"inLanguage\":\"pt-BR\",\"potentialAction\":[{\"@type\":\"ReadAction\",\"target\":[\"https:\/\/med.estrategia.com\/portal\/concursos\/concurso-trf2-resultado-final-divulgado\/\"]}]},{\"@type\":\"ImageObject\",\"inLanguage\":\"pt-BR\",\"@id\":\"https:\/\/med.estrategia.com\/portal\/concursos\/concurso-trf2-resultado-final-divulgado\/#primaryimage\",\"url\":\"https:\/\/med.estrategia.com\/portal\/wp-content\/uploads\/2024\/11\/Capa_TRF2_concursohomologado.jpg\",\"contentUrl\":\"https:\/\/med.estrategia.com\/portal\/wp-content\/uploads\/2024\/11\/Capa_TRF2_concursohomologado.jpg\",\"width\":1280,\"height\":720,\"caption\":\"Concurso P\u00fablico TRF2\"},{\"@type\":\"BreadcrumbList\",\"@id\":\"https:\/\/med.estrategia.com\/portal\/concursos\/concurso-trf2-resultado-final-divulgado\/#breadcrumb\",\"itemListElement\":[{\"@type\":\"ListItem\",\"position\":1,\"name\":\"Home\",\"item\":\"https:\/\/med.estrategia.com\/portal\/\"},{\"@type\":\"ListItem\",\"position\":2,\"name\":\"Concursos M\u00e9dicos\",\"item\":\"https:\/\/med.estrategia.com\/portal\/concursos\/\"},{\"@type\":\"ListItem\",\"position\":3,\"name\":\"Concurso TRF2: Resultado Final divulgado!\"}]},{\"@type\":\"WebSite\",\"@id\":\"https:\/\/med.estrategia.com\/portal\/#website\",\"url\":\"https:\/\/med.estrategia.com\/portal\/\",\"name\":\"Estrat\u00e9gia MED\",\"description\":\"\",\"potentialAction\":[{\"@type\":\"SearchAction\",\"target\":{\"@type\":\"EntryPoint\",\"urlTemplate\":\"https:\/\/med.estrategia.com\/portal\/?s={search_term_string}\"},\"query-input\":{\"@type\":\"PropertyValueSpecification\",\"valueRequired\":true,\"valueName\":\"search_term_string\"}}],\"inLanguage\":\"pt-BR\"},{\"@type\":\"Person\",\"@id\":\"https:\/\/med.estrategia.com\/portal\/#\/schema\/person\/d1df06a83a849b79b2d480e7d8952ce3\",\"name\":\"Priscila Pereira\",\"image\":{\"@type\":\"ImageObject\",\"inLanguage\":\"pt-BR\",\"@id\":\"https:\/\/med.estrategia.com\/portal\/#\/schema\/person\/image\/\",\"url\":\"https:\/\/secure.gravatar.com\/avatar\/fe94f8430a1d23a69c0bc7aab6202e21?s=96&d=mm&r=g\",\"contentUrl\":\"https:\/\/secure.gravatar.com\/avatar\/fe94f8430a1d23a69c0bc7aab6202e21?s=96&d=mm&r=g\",\"caption\":\"Priscila Pereira\"},\"description\":\"Formada e p\u00f3s-graduada na \u00e1rea de comunica\u00e7\u00e3o, divido minha paix\u00e3o entre o jornalismo e os esportes\",\"url\":\"https:\/\/med.estrategia.com\/portal\/author\/priscila-pereira\/\"}]}<\/script>\n<!-- \/ Yoast SEO Premium plugin. -->","yoast_head_json":{"title":"Concurso TRF2: Resultado Final divulgado!","description":"O resultado final e a homologa\u00e7\u00e3o do concurso TRF2 foram publicados no Di\u00e1rio Oficial da Uni\u00e3o desta ter\u00e7a-feira, 26 de novembro!","robots":{"index":"index","follow":"follow","max-snippet":"max-snippet:-1","max-image-preview":"max-image-preview:large","max-video-preview":"max-video-preview:-1"},"canonical":"https:\/\/med.estrategia.com\/portal\/concursos\/concurso-trf2-resultado-final-divulgado\/","og_locale":"pt_BR","og_type":"article","og_title":"Concurso TRF2: Resultado Final divulgado!","og_description":"O resultado final e a homologa\u00e7\u00e3o do concurso TRF2 foram publicados no Di\u00e1rio Oficial da Uni\u00e3o desta ter\u00e7a-feira, 26 de novembro!","og_url":"https:\/\/med.estrategia.com\/portal\/concursos\/concurso-trf2-resultado-final-divulgado\/","og_site_name":"Estrat\u00e9gia MED","article_publisher":"https:\/\/www.facebook.com\/estrategiamed1","article_published_time":"2024-11-26T16:58:41+00:00","article_modified_time":"2024-11-26T16:58:45+00:00","og_image":[{"width":1280,"height":720,"url":"https:\/\/med.estrategia.com\/portal\/wp-content\/uploads\/2024\/11\/Capa_TRF2_concursohomologado.jpg","type":"image\/jpeg"}],"author":"Priscila Pereira","twitter_card":"summary_large_image","twitter_creator":"@estrategiamed_","twitter_site":"@estrategiamed_","twitter_misc":{"Escrito por":"Priscila Pereira","Est. tempo de leitura":"2 minutos"},"schema":{"@context":"https:\/\/schema.org","@graph":[{"@type":"WebPage","@id":"https:\/\/med.estrategia.com\/portal\/concursos\/concurso-trf2-resultado-final-divulgado\/","url":"https:\/\/med.estrategia.com\/portal\/concursos\/concurso-trf2-resultado-final-divulgado\/","name":"Concurso TRF2: Resultado Final divulgado!","isPartOf":{"@id":"https:\/\/med.estrategia.com\/portal\/#website"},"primaryImageOfPage":{"@id":"https:\/\/med.estrategia.com\/portal\/concursos\/concurso-trf2-resultado-final-divulgado\/#primaryimage"},"image":{"@id":"https:\/\/med.estrategia.com\/portal\/concursos\/concurso-trf2-resultado-final-divulgado\/#primaryimage"},"thumbnailUrl":"https:\/\/med.estrategia.com\/portal\/wp-content\/uploads\/2024\/11\/Capa_TRF2_concursohomologado.jpg","datePublished":"2024-11-26T16:58:41+00:00","dateModified":"2024-11-26T16:58:45+00:00","author":{"@id":"https:\/\/med.estrategia.com\/portal\/#\/schema\/person\/d1df06a83a849b79b2d480e7d8952ce3"},"description":"O resultado final e a homologa\u00e7\u00e3o do concurso TRF2 foram publicados no Di\u00e1rio Oficial da Uni\u00e3o desta ter\u00e7a-feira, 26 de novembro!","breadcrumb":{"@id":"https:\/\/med.estrategia.com\/portal\/concursos\/concurso-trf2-resultado-final-divulgado\/#breadcrumb"},"inLanguage":"pt-BR","potentialAction":[{"@type":"ReadAction","target":["https:\/\/med.estrategia.com\/portal\/concursos\/concurso-trf2-resultado-final-divulgado\/"]}]},{"@type":"ImageObject","inLanguage":"pt-BR","@id":"https:\/\/med.estrategia.com\/portal\/concursos\/concurso-trf2-resultado-final-divulgado\/#primaryimage","url":"https:\/\/med.estrategia.com\/portal\/wp-content\/uploads\/2024\/11\/Capa_TRF2_concursohomologado.jpg","contentUrl":"https:\/\/med.estrategia.com\/portal\/wp-content\/uploads\/2024\/11\/Capa_TRF2_concursohomologado.jpg","width":1280,"height":720,"caption":"Concurso P\u00fablico TRF2"},{"@type":"BreadcrumbList","@id":"https:\/\/med.estrategia.com\/portal\/concursos\/concurso-trf2-resultado-final-divulgado\/#breadcrumb","itemListElement":[{"@type":"ListItem","position":1,"name":"Home","item":"https:\/\/med.estrategia.com\/portal\/"},{"@type":"ListItem","position":2,"name":"Concursos M\u00e9dicos","item":"https:\/\/med.estrategia.com\/portal\/concursos\/"},{"@type":"ListItem","position":3,"name":"Concurso TRF2: Resultado Final divulgado!"}]},{"@type":"WebSite","@id":"https:\/\/med.estrategia.com\/portal\/#website","url":"https:\/\/med.estrategia.com\/portal\/","name":"Estrat\u00e9gia MED","description":"","potentialAction":[{"@type":"SearchAction","target":{"@type":"EntryPoint","urlTemplate":"https:\/\/med.estrategia.com\/portal\/?s={search_term_string}"},"query-input":{"@type":"PropertyValueSpecification","valueRequired":true,"valueName":"search_term_string"}}],"inLanguage":"pt-BR"},{"@type":"Person","@id":"https:\/\/med.estrategia.com\/portal\/#\/schema\/person\/d1df06a83a849b79b2d480e7d8952ce3","name":"Priscila Pereira","image":{"@type":"ImageObject","inLanguage":"pt-BR","@id":"https:\/\/med.estrategia.com\/portal\/#\/schema\/person\/image\/","url":"https:\/\/secure.gravatar.com\/avatar\/fe94f8430a1d23a69c0bc7aab6202e21?s=96&d=mm&r=g","contentUrl":"https:\/\/secure.gravatar.com\/avatar\/fe94f8430a1d23a69c0bc7aab6202e21?s=96&d=mm&r=g","caption":"Priscila Pereira"},"description":"Formada e p\u00f3s-graduada na \u00e1rea de comunica\u00e7\u00e3o, divido minha paix\u00e3o entre o jornalismo e os esportes","url":"https:\/\/med.estrategia.com\/portal\/author\/priscila-pereira\/"}]}},"_wl_alt_label":[],"wl:entity_url":"\/post\/concurso-trf2-resultado-final-divulgado","_links":{"self":[{"href":"https:\/\/med.estrategia.com\/portal\/wp-json\/wp\/v2\/posts\/77011","targetHints":{"allow":["GET"]}}],"collection":[{"href":"https:\/\/med.estrategia.com\/portal\/wp-json\/wp\/v2\/posts"}],"about":[{"href":"https:\/\/med.estrategia.com\/portal\/wp-json\/wp\/v2\/types\/post"}],"author":[{"embeddable":true,"href":"https:\/\/med.estrategia.com\/portal\/wp-json\/wp\/v2\/users\/45"}],"replies":[{"embeddable":true,"href":"https:\/\/med.estrategia.com\/portal\/wp-json\/wp\/v2\/comments?post=77011"}],"version-history":[{"count":3,"href":"https:\/\/med.estrategia.com\/portal\/wp-json\/wp\/v2\/posts\/77011\/revisions"}],"predecessor-version":[{"id":77030,"href":"https:\/\/med.estrategia.com\/portal\/wp-json\/wp\/v2\/posts\/77011\/revisions\/77030"}],"wp:featuredmedia":[{"embeddable":true,"href":"https:\/\/med.estrategia.com\/portal\/wp-json\/wp\/v2\/media\/77026"}],"wp:attachment":[{"href":"https:\/\/med.estrategia.com\/portal\/wp-json\/wp\/v2\/media?parent=77011"}],"wp:term":[{"taxonomy":"category","embeddable":true,"href":"https:\/\/med.estrategia.com\/portal\/wp-json\/wp\/v2\/categories?post=77011"},{"taxonomy":"post_tag","embeddable":true,"href":"https:\/\/med.estrategia.com\/portal\/wp-json\/wp\/v2\/tags?post=77011"},{"taxonomy":"wl_entity_type","embeddable":true,"href":"https:\/\/med.estrategia.com\/portal\/wp-json\/wp\/v2\/wl_entity_type?post=77011"}],"curies":[{"name":"wp","href":"https:\/\/api.w.org\/{rel}","templated":true}]}}