{"id":77056,"date":"2024-11-26T20:27:27","date_gmt":"2024-11-26T23:27:27","guid":{"rendered":"https:\/\/med.estrategia.com\/portal\/?p=77056"},"modified":"2024-11-27T14:16:38","modified_gmt":"2024-11-27T17:16:38","slug":"saude-anuncia-integracao-dos-programas-mais-medicos-e-medicos-pelo-brasil","status":"publish","type":"post","link":"https:\/\/med.estrategia.com\/portal\/noticias\/saude-anuncia-integracao-dos-programas-mais-medicos-e-medicos-pelo-brasil\/","title":{"rendered":"Sa\u00fade anuncia integra\u00e7\u00e3o dos programas Mais M\u00e9dicos e M\u00e9dicos pelo Brasil"},"content":{"rendered":"<p>Em evento transmitido ao vivo pelo <a href=\"https:\/\/www.youtube.com\/@MinSaudeBR\" target=\"_blank\">canal oficial do Minist&eacute;rio da Sa&uacute;de no YouTube<\/a>, a ministra da pasta, N&iacute;sia Trindade, anunciou nesta ter&ccedil;a-feira (26) a <strong>integra&ccedil;&atilde;o entre os programas &ldquo;Mais M&eacute;dicos&rdquo; e &ldquo;M&eacute;dicos pelo Brasil&rdquo;<\/strong>. A iniciativa tem como objetivo fortalecer o provimento de profissionais de sa&uacute;de em regi&otilde;es remotas e &aacute;reas de alta vulnerabilidade social, <strong>ampliando o acesso &agrave; sa&uacute;de p&uacute;blica no pa&iacute;s<\/strong>.<p>O an&uacute;ncio contou com a participa&ccedil;&atilde;o de autoridades, incluindo o secret&aacute;rio de Aten&ccedil;&atilde;o Prim&aacute;ria &agrave; Sa&uacute;de, Felipe Proen&ccedil;o; o diretor-presidente da Ag&ecirc;ncia Brasileira de Apoio &agrave; Gest&atilde;o do SUS (AgSUS), Andr&eacute; Longo; e o diretor do Departamento de Apoio &agrave; Gest&atilde;o da Aten&ccedil;&atilde;o Prim&aacute;ria, Wellington Carvalho. A ministra ainda destaca que a medida &eacute; fundamental para <strong>garantir m&eacute;dicos especialistas em Medicina de Fam&iacute;lia e Comunidade<\/strong>, alinhados &agrave;s necessidades do Sistema &Uacute;nico de Sa&uacute;de (SUS).<br><br>Com isso, cerca de <strong>3,6 mil m&eacute;dicos bolsistas do M&eacute;dicos pelo Brasil <\/strong>poder&atilde;o ser devidamente efetivados pela AgSUS, com perman&ecirc;ncia nos munic&iacute;pios onde j&aacute; atuam. Antes da integra&ccedil;&atilde;o, esses v&iacute;nculos estavam amea&ccedil;ados devido &agrave; aus&ecirc;ncia de previs&atilde;o or&ccedil;ament&aacute;ria na gest&atilde;o anterior.<\/p><div id=\"ez-toc-container\" class=\"ez-toc-v2_0_79_2 counter-hierarchy ez-toc-counter ez-toc-transparent ez-toc-container-direction\">\n<div class=\"ez-toc-title-container\"><p class=\"ez-toc-title\" style=\"cursor:inherit\">Navegue pelo conte\u00fado<\/p>\n<\/div><nav><ul class='ez-toc-list ez-toc-list-level-1 ' ><li class='ez-toc-page-1 ez-toc-heading-level-2'><a class=\"ez-toc-link ez-toc-heading-1\" href=\"https:\/\/med.estrategia.com\/portal\/noticias\/saude-anuncia-integracao-dos-programas-mais-medicos-e-medicos-pelo-brasil\/#Como-funcionara-a-integracao\" >Como funcionar&aacute; a integra&ccedil;&atilde;o<\/a><\/li><li class='ez-toc-page-1 ez-toc-heading-level-2'><a class=\"ez-toc-link ez-toc-heading-2\" href=\"https:\/\/med.estrategia.com\/portal\/noticias\/saude-anuncia-integracao-dos-programas-mais-medicos-e-medicos-pelo-brasil\/#Cronograma-Bolsistas-AgSUS\" >Cronograma Bolsistas AgSUS<\/a><\/li><li class='ez-toc-page-1 ez-toc-heading-level-2'><a class=\"ez-toc-link ez-toc-heading-3\" href=\"https:\/\/med.estrategia.com\/portal\/noticias\/saude-anuncia-integracao-dos-programas-mais-medicos-e-medicos-pelo-brasil\/#Cronograma-Mais-Medicos\" >Cronograma Mais M&eacute;dicos<\/a><\/li><\/ul><\/nav><\/div>\n<h2 class=\"wp-block-heading\" id=\"h-como-funcionara-a-integracao\"><span class=\"ez-toc-section\" id=\"Como-funcionara-a-integracao\"><\/span>Como funcionar&aacute; a integra&ccedil;&atilde;o<span class=\"ez-toc-section-end\"><\/span><\/h2><p>A integra&ccedil;&atilde;o entre os dois programas ser&aacute; estruturado em <strong>tr&ecirc;s eixos de atua&ccedil;&atilde;o<\/strong>. S&atilde;o eles:<\/p><ul class=\"wp-block-list\">\n<li><strong>Mais M&eacute;dicos V&iacute;nculo: <\/strong>Destinado aos m&eacute;dicos bolsistas da ag&ecirc;ncia que participaram de editais anteriores, que poder&atilde;o realizar uma prova, organizada em parceria com a Sociedade Brasileira de Medicina de Fam&iacute;lia e Comunidade. Os aprovados ser&atilde;o contratados como celetistas, assumindo o cargo de M&eacute;dico da Fam&iacute;lia e Comunidade, com garantia de estabilidade e perman&ecirc;ncia em suas localidades.<\/li>\n\n\n\n<li><strong>Mais M&eacute;dicos Estrat&eacute;gico: <\/strong>Destinado a m&eacute;dicos especialistas em Medicina de Fam&iacute;lia e Comunidade que j&aacute; atuam como tutores de bolsistas. Estes ter&atilde;o novas oportunidades de atua&ccedil;&atilde;o, em que poder&atilde;o assumir o papel de tutores em programas de resid&ecirc;ncia m&eacute;dica, al&eacute;m de orientar estudantes e internos de universidades p&uacute;blicas. Um novo edital ser&aacute; lan&ccedil;ado em 2025 para contrata&ccedil;&atilde;o direta desses especialistas, valorizando aqueles que j&aacute; t&ecirc;m experi&ecirc;ncia no Mais M&eacute;dicos por meio de pontua&ccedil;&atilde;o adicional no processo seletivo.<\/li>\n\n\n\n<li><strong>Mais M&eacute;dicos Forma&ccedil;&atilde;o<\/strong>: Destinado aos m&eacute;dicos bolsistas vinculados ao programa do Minist&eacute;rio da Sa&uacute;de, dentro da Estrat&eacute;gia Nacional de Forma&ccedil;&atilde;o de Especialistas. Os profissionais participar&atilde;o de um ciclo formativo de quatro anos, prorrog&aacute;vel por igual per&iacute;odo, e passar&atilde;o por uma trilha que culmina na prova de certifica&ccedil;&atilde;o para obten&ccedil;&atilde;o do t&iacute;tulo de Especialista em Medicina de Fam&iacute;lia e Comunidade.<\/li>\n<\/ul><p>Com a mudan&ccedil;a, <strong>a ag&ecirc;ncia deixar&aacute; de contar com m&eacute;dicos bolsistas em seu quadro <\/strong>e, al&eacute;m disso, <strong>ser&aacute; criado um plano de cargos e sal&aacute;rios<\/strong> para os m&eacute;dicos vinculados. Para viabilizar a integra&ccedil;&atilde;o, o Governo Federal destinar&aacute; R$ 200 milh&otilde;es adicionais em 2025 e R$ 400 milh&otilde;es em 2026, elevando o or&ccedil;amento do programa para mais de R$ 6 bilh&otilde;es anuais.<\/p><h2 class=\"wp-block-heading\" id=\"h-cronograma-bolsistas-agsus\"><span class=\"ez-toc-section\" id=\"Cronograma-Bolsistas-AgSUS\"><\/span>Cronograma Bolsistas AgSUS<span class=\"ez-toc-section-end\"><\/span><\/h2><ul class=\"wp-block-list\">\n<li><strong>Novembro de 2024:<\/strong> An&uacute;ncio;<\/li>\n\n\n\n<li><strong>Dezembro de 2024 a Abril de 2025:<\/strong> Conclus&atilde;o da etapa de especializa&ccedil;&atilde;o de 3 mil bolsistas;<\/li>\n\n\n\n<li><strong>Abril de 2025:<\/strong> 1&ordf; prova classificat&oacute;ria e eliminat&oacute;ria para conclus&atilde;o do processo seletivo dos bolsistas;<\/li>\n\n\n\n<li><strong>Junho de 2025:<\/strong> Resultado final da prova e contrata&ccedil;&atilde;o na modalidade celetista dos bolsistas aprovados;<\/li>\n\n\n\n<li><strong>Agosto de 2025 a Fevereiro de 2026: <\/strong>Conclus&atilde;o da etapa de especializa&ccedil;&atilde;o de 700 bolsistas;<\/li>\n\n\n\n<li><strong>Mar&ccedil;o de 2026: <\/strong>2&ordf; prova classificat&oacute;ria e eliminat&oacute;ria para conclus&atilde;o do processo seletivo dos bolsistas;<\/li>\n\n\n\n<li><strong>Maio de 2026:<\/strong> Resultado final da prova e contrata&ccedil;&atilde;o na modalidade celetista dos bolsistas aprovados.<\/li>\n<\/ul><h2 class=\"wp-block-heading\" id=\"h-cronograma-mais-medicos\"><span class=\"ez-toc-section\" id=\"Cronograma-Mais-Medicos\"><\/span>Cronograma Mais M&eacute;dicos <span class=\"ez-toc-section-end\"><\/span><\/h2><ul class=\"wp-block-list\">\n<li><strong>Dezembro de 2024<\/strong>: 3&ordf; chamada do 38&ordm; Ciclo &ndash; in&iacute;cio das atividades do Perfil 1;<\/li>\n\n\n\n<li><strong>Janeiro de 2025<\/strong>: 4&ordf; chamada do 38&ordm; Ciclo &ndash; in&iacute;cio das atividades do Perfil 1;<\/li>\n\n\n\n<li><strong>Mar&ccedil;o de 2025<\/strong>: MAAv &ndash; M&oacute;dulo de Acolhimento e Avalia&ccedil;&atilde;o 3&ordf; e 4&ordf; chamadas (Perfil 2);<\/li>\n\n\n\n<li><strong>Mar&ccedil;o de 2025<\/strong>: Novo edital de ades&atilde;o\/renova&ccedil;&atilde;o de vagas de munic&iacute;pios;<\/li>\n\n\n\n<li><strong>Abril de 2025:<\/strong> Novo edital de m&eacute;dicos &ndash; Mais M&eacute;dicos forma&ccedil;&atilde;o (bolsistas);<\/li>\n\n\n\n<li><strong>Maio de 2025<\/strong>: Novo processo seletivo para M&eacute;dicos de Fam&iacute;lia e Comunidade via AgSUS &ndash; Mais M&eacute;dicos Estrat&eacute;gia.<\/li>\n<\/ul><p>Confira abaixo a transmiss&atilde;o completa do evento realizado nesta ter&ccedil;a-feira, 26 de novembro de 2025:<\/p><figure class=\"wp-block-embed is-type-video is-provider-youtube wp-block-embed-youtube wp-embed-aspect-16-9 wp-has-aspect-ratio\"><div class=\"wp-block-embed__wrapper\">\n<div class=\"cs-embed cs-embed-responsive\"><iframe title=\"#AoVivo | An&uacute;ncio da Integra&ccedil;&atilde;o dos Programas de Provimento de M&eacute;dicos\" width=\"1200\" height=\"675\" src=\"https:\/\/www.youtube.com\/embed\/FQS8Fg1CdWk?feature=oembed\" frameborder=\"0\" allow=\"accelerometer; autoplay; clipboard-write; encrypted-media; gyroscope; picture-in-picture; web-share\" referrerpolicy=\"strict-origin-when-cross-origin\" allowfullscreen><\/iframe><\/div>\n<\/div><\/figure><p>Por fim, para n&atilde;o perder nenhuma atualiza&ccedil;&atilde;o no universo da medicina e ficar por dentro dos seletivos de Resid&ecirc;ncia M&eacute;dica, de revalida&ccedil;&atilde;o de diplomas e conte&uacute;dos t&eacute;cnicos, continue acessando o&nbsp;<a href=\"https:\/\/med.estrategia.com\/portal\/\" target=\"_blank\">Portal do Estrat&eacute;gia MED<\/a>!<\/p><p><strong><a id=\"cta\" class=\"cta-imagem\" href=\"https:\/\/med.estrategia.com\/cursos\/extensivo-de-residncia-mdica\/\" target=\"blank\">\n                <img decoding=\"async\" width=\"100%\" src=\"https:\/\/med.estrategia.com\/portal\/wp-content\/uploads\/2025\/08\/extensivo_rm.jpg\" alt=\"Extensivo RM\" title=\"extensivo_rm\">\n        <\/a><\/strong><\/p><\/p>\n","protected":false},"excerpt":{"rendered":"Em evento transmitido ao vivo pelo canal oficial do Minist&eacute;rio da Sa&uacute;de no YouTube, a ministra da pasta,&hellip;\n","protected":false},"author":39,"featured_media":70112,"comment_status":"closed","ping_status":"closed","sticky":false,"template":"","format":"standard","meta":{"wl_entities_gutenberg":"","footnotes":""},"categories":[300],"tags":[],"wl_entity_type":[199],"class_list":{"0":"post-77056","1":"post","2":"type-post","3":"status-publish","4":"format-standard","5":"has-post-thumbnail","7":"category-noticias","8":"wl_entity_type-article"},"acf":[],"yoast_head":"<!-- This site is optimized with the Yoast SEO Premium plugin v26.6 (Yoast SEO v26.6) - https:\/\/yoast.com\/wordpress\/plugins\/seo\/ -->\n<title>Sa\u00fade anuncia integra\u00e7\u00e3o dos programas Mais M\u00e9dicos e M\u00e9dicos pelo Brasil<\/title>\n<meta name=\"robots\" content=\"index, follow, max-snippet:-1, max-image-preview:large, max-video-preview:-1\" \/>\n<link rel=\"canonical\" href=\"https:\/\/med.estrategia.com\/portal\/noticias\/saude-anuncia-integracao-dos-programas-mais-medicos-e-medicos-pelo-brasil\/\" \/>\n<meta property=\"og:locale\" content=\"pt_BR\" \/>\n<meta property=\"og:type\" content=\"article\" \/>\n<meta property=\"og:title\" content=\"Sa\u00fade anuncia integra\u00e7\u00e3o dos programas Mais M\u00e9dicos e M\u00e9dicos pelo Brasil\" \/>\n<meta property=\"og:description\" content=\"Em evento transmitido ao vivo pelo canal oficial do Minist&eacute;rio da Sa&uacute;de no YouTube, a ministra da pasta,&hellip;\" \/>\n<meta property=\"og:url\" content=\"https:\/\/med.estrategia.com\/portal\/noticias\/saude-anuncia-integracao-dos-programas-mais-medicos-e-medicos-pelo-brasil\/\" \/>\n<meta property=\"og:site_name\" content=\"Estrat\u00e9gia MED\" \/>\n<meta property=\"article:publisher\" content=\"https:\/\/www.facebook.com\/estrategiamed1\" \/>\n<meta property=\"article:published_time\" content=\"2024-11-26T23:27:27+00:00\" \/>\n<meta property=\"article:modified_time\" content=\"2024-11-27T17:16:38+00:00\" \/>\n<meta property=\"og:image\" content=\"https:\/\/med.estrategia.com\/portal\/wp-content\/uploads\/2024\/09\/raf03692_0.jpg\" \/>\n\t<meta property=\"og:image:width\" content=\"1920\" \/>\n\t<meta property=\"og:image:height\" content=\"1280\" \/>\n\t<meta property=\"og:image:type\" content=\"image\/jpeg\" \/>\n<meta name=\"author\" content=\"Ana Carolina Damasceno\" \/>\n<meta name=\"twitter:card\" content=\"summary_large_image\" \/>\n<meta name=\"twitter:creator\" content=\"@estrategiamed_\" \/>\n<meta name=\"twitter:site\" content=\"@estrategiamed_\" \/>\n<meta name=\"twitter:label1\" content=\"Escrito por\" \/>\n\t<meta name=\"twitter:data1\" content=\"Ana Carolina Damasceno\" \/>\n\t<meta name=\"twitter:label2\" content=\"Est. tempo de leitura\" \/>\n\t<meta name=\"twitter:data2\" content=\"4 minutos\" \/>\n<script type=\"application\/ld+json\" class=\"yoast-schema-graph\">{\"@context\":\"https:\/\/schema.org\",\"@graph\":[{\"@type\":\"WebPage\",\"@id\":\"https:\/\/med.estrategia.com\/portal\/noticias\/saude-anuncia-integracao-dos-programas-mais-medicos-e-medicos-pelo-brasil\/\",\"url\":\"https:\/\/med.estrategia.com\/portal\/noticias\/saude-anuncia-integracao-dos-programas-mais-medicos-e-medicos-pelo-brasil\/\",\"name\":\"Sa\u00fade anuncia integra\u00e7\u00e3o dos programas Mais M\u00e9dicos e M\u00e9dicos pelo Brasil\",\"isPartOf\":{\"@id\":\"https:\/\/med.estrategia.com\/portal\/#website\"},\"primaryImageOfPage\":{\"@id\":\"https:\/\/med.estrategia.com\/portal\/noticias\/saude-anuncia-integracao-dos-programas-mais-medicos-e-medicos-pelo-brasil\/#primaryimage\"},\"image\":{\"@id\":\"https:\/\/med.estrategia.com\/portal\/noticias\/saude-anuncia-integracao-dos-programas-mais-medicos-e-medicos-pelo-brasil\/#primaryimage\"},\"thumbnailUrl\":\"https:\/\/med.estrategia.com\/portal\/wp-content\/uploads\/2024\/09\/raf03692_0.jpg\",\"datePublished\":\"2024-11-26T23:27:27+00:00\",\"dateModified\":\"2024-11-27T17:16:38+00:00\",\"author\":{\"@id\":\"https:\/\/med.estrategia.com\/portal\/#\/schema\/person\/2f553adbb8e25fe39d145c5b2927f58c\"},\"breadcrumb\":{\"@id\":\"https:\/\/med.estrategia.com\/portal\/noticias\/saude-anuncia-integracao-dos-programas-mais-medicos-e-medicos-pelo-brasil\/#breadcrumb\"},\"inLanguage\":\"pt-BR\",\"potentialAction\":[{\"@type\":\"ReadAction\",\"target\":[\"https:\/\/med.estrategia.com\/portal\/noticias\/saude-anuncia-integracao-dos-programas-mais-medicos-e-medicos-pelo-brasil\/\"]}]},{\"@type\":\"ImageObject\",\"inLanguage\":\"pt-BR\",\"@id\":\"https:\/\/med.estrategia.com\/portal\/noticias\/saude-anuncia-integracao-dos-programas-mais-medicos-e-medicos-pelo-brasil\/#primaryimage\",\"url\":\"https:\/\/med.estrategia.com\/portal\/wp-content\/uploads\/2024\/09\/raf03692_0.jpg\",\"contentUrl\":\"https:\/\/med.estrategia.com\/portal\/wp-content\/uploads\/2024\/09\/raf03692_0.jpg\",\"width\":1920,\"height\":1280,\"caption\":\"Foto: Rafa Neddermeyer\/Ag\u00eancia Brasil\"},{\"@type\":\"BreadcrumbList\",\"@id\":\"https:\/\/med.estrategia.com\/portal\/noticias\/saude-anuncia-integracao-dos-programas-mais-medicos-e-medicos-pelo-brasil\/#breadcrumb\",\"itemListElement\":[{\"@type\":\"ListItem\",\"position\":1,\"name\":\"Home\",\"item\":\"https:\/\/med.estrategia.com\/portal\/\"},{\"@type\":\"ListItem\",\"position\":2,\"name\":\"Not\u00edcias\",\"item\":\"https:\/\/med.estrategia.com\/portal\/noticias\/\"},{\"@type\":\"ListItem\",\"position\":3,\"name\":\"Sa\u00fade anuncia integra\u00e7\u00e3o dos programas Mais M\u00e9dicos e M\u00e9dicos pelo Brasil\"}]},{\"@type\":\"WebSite\",\"@id\":\"https:\/\/med.estrategia.com\/portal\/#website\",\"url\":\"https:\/\/med.estrategia.com\/portal\/\",\"name\":\"Estrat\u00e9gia MED\",\"description\":\"\",\"potentialAction\":[{\"@type\":\"SearchAction\",\"target\":{\"@type\":\"EntryPoint\",\"urlTemplate\":\"https:\/\/med.estrategia.com\/portal\/?s={search_term_string}\"},\"query-input\":{\"@type\":\"PropertyValueSpecification\",\"valueRequired\":true,\"valueName\":\"search_term_string\"}}],\"inLanguage\":\"pt-BR\"},{\"@type\":\"Person\",\"@id\":\"https:\/\/med.estrategia.com\/portal\/#\/schema\/person\/2f553adbb8e25fe39d145c5b2927f58c\",\"name\":\"Ana Carolina Damasceno\",\"image\":{\"@type\":\"ImageObject\",\"inLanguage\":\"pt-BR\",\"@id\":\"https:\/\/med.estrategia.com\/portal\/#\/schema\/person\/image\/\",\"url\":\"https:\/\/med.estrategia.com\/portal\/wp-content\/uploads\/2021\/09\/WhatsApp-Image-2023-08-18-at-16.46.43-150x150.jpeg\",\"contentUrl\":\"https:\/\/med.estrategia.com\/portal\/wp-content\/uploads\/2021\/09\/WhatsApp-Image-2023-08-18-at-16.46.43-150x150.jpeg\",\"caption\":\"Ana Carolina Damasceno\"},\"description\":\"Coordenadora de Jornalismo EMED. Comunicadora por natureza e forma\u00e7\u00e3o, que ama e perde a no\u00e7\u00e3o do tempo com m\u00fasica e s\u00e9rie.\",\"url\":\"https:\/\/med.estrategia.com\/portal\/author\/ana-carolina-damasceno\/\"}]}<\/script>\n<!-- \/ Yoast SEO Premium plugin. -->","yoast_head_json":{"title":"Sa\u00fade anuncia integra\u00e7\u00e3o dos programas Mais M\u00e9dicos e M\u00e9dicos pelo Brasil","robots":{"index":"index","follow":"follow","max-snippet":"max-snippet:-1","max-image-preview":"max-image-preview:large","max-video-preview":"max-video-preview:-1"},"canonical":"https:\/\/med.estrategia.com\/portal\/noticias\/saude-anuncia-integracao-dos-programas-mais-medicos-e-medicos-pelo-brasil\/","og_locale":"pt_BR","og_type":"article","og_title":"Sa\u00fade anuncia integra\u00e7\u00e3o dos programas Mais M\u00e9dicos e M\u00e9dicos pelo Brasil","og_description":"Em evento transmitido ao vivo pelo canal oficial do Minist&eacute;rio da Sa&uacute;de no YouTube, a ministra da pasta,&hellip;","og_url":"https:\/\/med.estrategia.com\/portal\/noticias\/saude-anuncia-integracao-dos-programas-mais-medicos-e-medicos-pelo-brasil\/","og_site_name":"Estrat\u00e9gia MED","article_publisher":"https:\/\/www.facebook.com\/estrategiamed1","article_published_time":"2024-11-26T23:27:27+00:00","article_modified_time":"2024-11-27T17:16:38+00:00","og_image":[{"width":1920,"height":1280,"url":"https:\/\/med.estrategia.com\/portal\/wp-content\/uploads\/2024\/09\/raf03692_0.jpg","type":"image\/jpeg"}],"author":"Ana Carolina Damasceno","twitter_card":"summary_large_image","twitter_creator":"@estrategiamed_","twitter_site":"@estrategiamed_","twitter_misc":{"Escrito por":"Ana Carolina Damasceno","Est. tempo de leitura":"4 minutos"},"schema":{"@context":"https:\/\/schema.org","@graph":[{"@type":"WebPage","@id":"https:\/\/med.estrategia.com\/portal\/noticias\/saude-anuncia-integracao-dos-programas-mais-medicos-e-medicos-pelo-brasil\/","url":"https:\/\/med.estrategia.com\/portal\/noticias\/saude-anuncia-integracao-dos-programas-mais-medicos-e-medicos-pelo-brasil\/","name":"Sa\u00fade anuncia integra\u00e7\u00e3o dos programas Mais M\u00e9dicos e M\u00e9dicos pelo Brasil","isPartOf":{"@id":"https:\/\/med.estrategia.com\/portal\/#website"},"primaryImageOfPage":{"@id":"https:\/\/med.estrategia.com\/portal\/noticias\/saude-anuncia-integracao-dos-programas-mais-medicos-e-medicos-pelo-brasil\/#primaryimage"},"image":{"@id":"https:\/\/med.estrategia.com\/portal\/noticias\/saude-anuncia-integracao-dos-programas-mais-medicos-e-medicos-pelo-brasil\/#primaryimage"},"thumbnailUrl":"https:\/\/med.estrategia.com\/portal\/wp-content\/uploads\/2024\/09\/raf03692_0.jpg","datePublished":"2024-11-26T23:27:27+00:00","dateModified":"2024-11-27T17:16:38+00:00","author":{"@id":"https:\/\/med.estrategia.com\/portal\/#\/schema\/person\/2f553adbb8e25fe39d145c5b2927f58c"},"breadcrumb":{"@id":"https:\/\/med.estrategia.com\/portal\/noticias\/saude-anuncia-integracao-dos-programas-mais-medicos-e-medicos-pelo-brasil\/#breadcrumb"},"inLanguage":"pt-BR","potentialAction":[{"@type":"ReadAction","target":["https:\/\/med.estrategia.com\/portal\/noticias\/saude-anuncia-integracao-dos-programas-mais-medicos-e-medicos-pelo-brasil\/"]}]},{"@type":"ImageObject","inLanguage":"pt-BR","@id":"https:\/\/med.estrategia.com\/portal\/noticias\/saude-anuncia-integracao-dos-programas-mais-medicos-e-medicos-pelo-brasil\/#primaryimage","url":"https:\/\/med.estrategia.com\/portal\/wp-content\/uploads\/2024\/09\/raf03692_0.jpg","contentUrl":"https:\/\/med.estrategia.com\/portal\/wp-content\/uploads\/2024\/09\/raf03692_0.jpg","width":1920,"height":1280,"caption":"Foto: Rafa Neddermeyer\/Ag\u00eancia Brasil"},{"@type":"BreadcrumbList","@id":"https:\/\/med.estrategia.com\/portal\/noticias\/saude-anuncia-integracao-dos-programas-mais-medicos-e-medicos-pelo-brasil\/#breadcrumb","itemListElement":[{"@type":"ListItem","position":1,"name":"Home","item":"https:\/\/med.estrategia.com\/portal\/"},{"@type":"ListItem","position":2,"name":"Not\u00edcias","item":"https:\/\/med.estrategia.com\/portal\/noticias\/"},{"@type":"ListItem","position":3,"name":"Sa\u00fade anuncia integra\u00e7\u00e3o dos programas Mais M\u00e9dicos e M\u00e9dicos pelo Brasil"}]},{"@type":"WebSite","@id":"https:\/\/med.estrategia.com\/portal\/#website","url":"https:\/\/med.estrategia.com\/portal\/","name":"Estrat\u00e9gia MED","description":"","potentialAction":[{"@type":"SearchAction","target":{"@type":"EntryPoint","urlTemplate":"https:\/\/med.estrategia.com\/portal\/?s={search_term_string}"},"query-input":{"@type":"PropertyValueSpecification","valueRequired":true,"valueName":"search_term_string"}}],"inLanguage":"pt-BR"},{"@type":"Person","@id":"https:\/\/med.estrategia.com\/portal\/#\/schema\/person\/2f553adbb8e25fe39d145c5b2927f58c","name":"Ana Carolina Damasceno","image":{"@type":"ImageObject","inLanguage":"pt-BR","@id":"https:\/\/med.estrategia.com\/portal\/#\/schema\/person\/image\/","url":"https:\/\/med.estrategia.com\/portal\/wp-content\/uploads\/2021\/09\/WhatsApp-Image-2023-08-18-at-16.46.43-150x150.jpeg","contentUrl":"https:\/\/med.estrategia.com\/portal\/wp-content\/uploads\/2021\/09\/WhatsApp-Image-2023-08-18-at-16.46.43-150x150.jpeg","caption":"Ana Carolina Damasceno"},"description":"Coordenadora de Jornalismo EMED. Comunicadora por natureza e forma\u00e7\u00e3o, que ama e perde a no\u00e7\u00e3o do tempo com m\u00fasica e s\u00e9rie.","url":"https:\/\/med.estrategia.com\/portal\/author\/ana-carolina-damasceno\/"}]}},"_wl_alt_label":[],"wl:entity_url":"\/post\/saude-anuncia-integracao-dos-programas-mais-medicos-e-medicos-pelo-brasil","_links":{"self":[{"href":"https:\/\/med.estrategia.com\/portal\/wp-json\/wp\/v2\/posts\/77056","targetHints":{"allow":["GET"]}}],"collection":[{"href":"https:\/\/med.estrategia.com\/portal\/wp-json\/wp\/v2\/posts"}],"about":[{"href":"https:\/\/med.estrategia.com\/portal\/wp-json\/wp\/v2\/types\/post"}],"author":[{"embeddable":true,"href":"https:\/\/med.estrategia.com\/portal\/wp-json\/wp\/v2\/users\/39"}],"replies":[{"embeddable":true,"href":"https:\/\/med.estrategia.com\/portal\/wp-json\/wp\/v2\/comments?post=77056"}],"version-history":[{"count":3,"href":"https:\/\/med.estrategia.com\/portal\/wp-json\/wp\/v2\/posts\/77056\/revisions"}],"predecessor-version":[{"id":77152,"href":"https:\/\/med.estrategia.com\/portal\/wp-json\/wp\/v2\/posts\/77056\/revisions\/77152"}],"wp:featuredmedia":[{"embeddable":true,"href":"https:\/\/med.estrategia.com\/portal\/wp-json\/wp\/v2\/media\/70112"}],"wp:attachment":[{"href":"https:\/\/med.estrategia.com\/portal\/wp-json\/wp\/v2\/media?parent=77056"}],"wp:term":[{"taxonomy":"category","embeddable":true,"href":"https:\/\/med.estrategia.com\/portal\/wp-json\/wp\/v2\/categories?post=77056"},{"taxonomy":"post_tag","embeddable":true,"href":"https:\/\/med.estrategia.com\/portal\/wp-json\/wp\/v2\/tags?post=77056"},{"taxonomy":"wl_entity_type","embeddable":true,"href":"https:\/\/med.estrategia.com\/portal\/wp-json\/wp\/v2\/wl_entity_type?post=77056"}],"curies":[{"name":"wp","href":"https:\/\/api.w.org\/{rel}","templated":true}]}}