{"id":77409,"date":"2024-11-29T12:43:48","date_gmt":"2024-11-29T15:43:48","guid":{"rendered":"https:\/\/med.estrategia.com\/portal\/?p=77409"},"modified":"2025-01-06T12:02:17","modified_gmt":"2025-01-06T15:02:17","slug":"vagas-para-medicos-generalistas-em-concurso-publico-de-caraibas","status":"publish","type":"post","link":"https:\/\/med.estrategia.com\/portal\/concursos\/vagas-para-medicos-generalistas-em-concurso-publico-de-caraibas\/","title":{"rendered":"Vagas para m\u00e9dicos generalistas em concurso p\u00fablico de Cara\u00edbas"},"content":{"rendered":"<p>A <strong>Prefeitura de Cara&iacute;bas, <\/strong>no estado da Bahia, publicou edital do <strong>concurso p&uacute;blico<\/strong> que oferece <strong>tr&ecirc;s vagas imediatas<\/strong> e forma&ccedil;&atilde;o de cadastro reserva para <strong>m&eacute;dicos generalistas<\/strong>. O sal&aacute;rio inicial &eacute; de R$ 13.500,00 para uma jornada de 40 horas semanais. <p>Recentemente a banca respons&aacute;vel pela organiza&ccedil;&atilde;o do edital, Instituto Avalia, publicou a suspens&atilde;o tempor&aacute;ria do concurso p&uacute;blico devido a poss&iacute;veis irregularidades e ilegalidade constatadas em determinados atos que regem o certame em administra&ccedil;&atilde;o anterior. <\/p><p><strong>As inscri&ccedil;&otilde;es<\/strong> <strong>ficaram dispon&iacute;veis at&eacute; o dia 19 de dezembro de 2024<\/strong>. Os candidatos interessados puderam se inscrever atrav&eacute;s do<strong> <\/strong>site da banca. O <strong>valor da taxa &eacute; de R$ 125,00<\/strong> para o n&iacute;vel superior.<\/p><p>Entre outros requisitos exigidos pelo edital, o candidato precisa ter ensino Superior Completo em Medicina e Registro ativo no conselho de classe. <\/p><p>O processo seletivo conta com uma <strong>prova objetiva<\/strong> e uma prova de t&iacute;tulos. Confira a seguir mais informa&ccedil;&otilde;es sobre o concurso p&uacute;blico de Cara&iacute;bas, as retifica&ccedil;&otilde;es e comunicado de suspens&atilde;o.<\/p><ul class=\"wp-block-list\">\n<li><a href=\"https:\/\/med.estrategia.com\/portal\/wp-content\/uploads\/2025\/01\/suspensao_temporaria_Caraiba.pdf\" target=\"_blank\"><strong>Comunicado de Suspens&atilde;o; <\/strong><\/a><\/li>\n\n\n\n<li><strong><a href=\"https:\/\/dhg1h5j42swfq.cloudfront.net\/2024\/12\/05091655\/8857e714-f07a-4dd1-bc59-8a7c5e4f143d.pdf\" target=\"_blank\">Retifica&ccedil;&atilde;o 1<\/a><\/strong> &ndash; Altera&ccedil;&atilde;o nas atribui&ccedil;&otilde;es de auxiliar de biblioteca e pedagogo e altera&ccedil;&atilde;o na distribui&ccedil;&atilde;o das vagas do cargo de professor de linguagem.<\/li>\n\n\n\n<li><strong><a href=\"https:\/\/dhg1h5j42swfq.cloudfront.net\/2024\/12\/10144936\/2-4.pdf\" target=\"_blank\">Retifica&ccedil;&atilde;o 2<\/a><\/strong>&nbsp;&ndash; Altera&ccedil;&atilde;o no conte&uacute;do program&aacute;tico do documento.<\/li>\n<\/ul><div class=\"wp-block-buttons is-content-justification-center is-layout-flex wp-container-core-buttons-is-layout-1 wp-block-buttons-is-layout-flex\">\n<div class=\"wp-block-button\"><a class=\"wp-block-button__link wp-element-button\" href=\"https:\/\/med.estrategia.com\/portal\/wp-content\/uploads\/2024\/11\/edital-caraibas_BA.pdf\" target=\"_blank\">edital prefeitura de cara&iacute;bas &ndash; ba<\/a><\/div>\n<\/div><div id=\"ez-toc-container\" class=\"ez-toc-v2_0_79_2 counter-hierarchy ez-toc-counter ez-toc-transparent ez-toc-container-direction\">\n<div class=\"ez-toc-title-container\"><p class=\"ez-toc-title\" style=\"cursor:inherit\">Navegue pelo conte\u00fado<\/p>\n<\/div><nav><ul class='ez-toc-list ez-toc-list-level-1 ' ><li class='ez-toc-page-1 ez-toc-heading-level-2'><a class=\"ez-toc-link ez-toc-heading-1\" href=\"https:\/\/med.estrategia.com\/portal\/concursos\/vagas-para-medicos-generalistas-em-concurso-publico-de-caraibas\/#Resumo-do-Edital-Caraibas-%E2%80%93-2024\" >Resumo do Edital Cara&iacute;bas &ndash; 2024<\/a><\/li><li class='ez-toc-page-1 ez-toc-heading-level-2'><a class=\"ez-toc-link ez-toc-heading-2\" href=\"https:\/\/med.estrategia.com\/portal\/concursos\/vagas-para-medicos-generalistas-em-concurso-publico-de-caraibas\/#Processo-Seletivo\" >Processo Seletivo<\/a><\/li><li class='ez-toc-page-1 ez-toc-heading-level-2'><a class=\"ez-toc-link ez-toc-heading-3\" href=\"https:\/\/med.estrategia.com\/portal\/concursos\/vagas-para-medicos-generalistas-em-concurso-publico-de-caraibas\/#Sobre-a-cidade-de-Caraibas-%E2%80%93-BA\" >Sobre a cidade de Cara&iacute;bas &ndash; BA<\/a><\/li><li class='ez-toc-page-1 ez-toc-heading-level-2'><a class=\"ez-toc-link ez-toc-heading-4\" href=\"https:\/\/med.estrategia.com\/portal\/concursos\/vagas-para-medicos-generalistas-em-concurso-publico-de-caraibas\/#Prepare-se-para-o-concurso-publico-de-Caraibas-com-o-Estrategia-MED\" >Prepare-se para o concurso p&uacute;blico de Cara&iacute;bas com o Estrat&eacute;gia MED!&nbsp;&nbsp;<\/a><\/li><\/ul><\/nav><\/div>\n<h2 class=\"wp-block-heading\" id=\"h-resumo-do-edital-caraibas-2024\"><span class=\"ez-toc-section\" id=\"Resumo-do-Edital-Caraibas-%E2%80%93-2024\"><\/span>Resumo do Edital Cara&iacute;bas &ndash; 2024<span class=\"ez-toc-section-end\"><\/span><\/h2><figure class=\"wp-block-table\"><table><tbody><tr><td>Vagas Ofertadas<\/td><td>3 + CR<\/td><\/tr><tr><td>Remunera&ccedil;&atilde;o<\/td><td>R$ 13.500,00<\/td><\/tr><tr><td>Carga Hor&aacute;ria Semanal&nbsp;&nbsp;<\/td><td>40 horas<\/td><\/tr><tr><td>Composi&ccedil;&atilde;o do Processo Seletivo<\/td><td>Prova objetiva e prova de t&iacute;tulos<\/td><\/tr><tr><td>Taxa de Inscri&ccedil;&atilde;o<\/td><td>R$ 125,00<\/td><\/tr><tr><td>Per&iacute;odo de isen&ccedil;&atilde;o da Taxa de Inscri&ccedil;&atilde;o<\/td><td>26\/11 a 29\/11\/2024<\/td><\/tr><tr><td>Per&iacute;odo de inscri&ccedil;&atilde;o<\/td><td>26\/11 a 19\/12\/2024<\/td><\/tr><tr><td>&Uacute;ltimo dia para pagamento de boleto<\/td><td>20\/12\/2024<\/td><\/tr><\/tbody><\/table><\/figure><p>A banca far&aacute; a divulga&ccedil;&atilde;o de um novo cronograma, assim que as resolu&ccedil;&otilde;es das irregularidades forem esclarecidas. <\/p><p>\n\n\n<div id=\"new-form\">\n\t<form id=\"forms_layout\">\n\t<input type=\"hidden\" id=\"chave_de\" name=\"chave_de\" value=\"01_EMED_LEADS_TOTAIS\" \/>\n\t\t<input type=\"hidden\" id=\"mid\" name=\"mid\" value=\"515009018\" \/>\n\t\t<input type=\"hidden\" id=\"Objetivo\" name=\"Objetivo\" value=\"Medicina\" \/>\n\t\t<input type=\"hidden\" id=\"Estado_de_Origem_do_IP\" name=\"Estado_de_Origem_do_IP\"  value=\"\" \/>\n\t\t<input type=\"hidden\" id=\"Cidade_de_Origem_do_IP\" name=\"Cidade_de_Origem_do_IP\" value=\"\" \/>\n\t\t<input type=\"hidden\" id=\"Modo_de_entrada\" name=\"Modo_de_entrada\" value=\"Portal\" \/>\n\t\t<input type=\"hidden\" id=\"Pagina_Origem\" name=\"Pagina_Origem\" value=\"\" \/>\n\n\t\t<div class=\"texto\">\n\t\t\t<h3 class=\"news\">Inscreva-se em nossa newsletter!<\/h3>\n\t\t\t<p>Receba not\u00edcias sobre resid\u00eancia m\u00e9dica, revalida\u00e7\u00e3o de diplomas e concursos m\u00e9dicos, al\u00e9m de materiais de estudo gratuitos e informa\u00e7\u00f5es relevantes do mundo da Medicina.<\/p>\n\t\t<\/div>\n\t\t<div class=\"campos\">\n\t\t\t<div class=\"first_name labels\">\n\t\t\t\t<input type=\"text\" class=\"input_labels\" id=\"first_name\" name=\"Nome_Completo\" placeholder=\"Nome\" required \/>\n\t\t\t<\/div>\n\t\t\t<div class=\"email labels\">\n\t\t\t\t<input type=\"email\" class=\"input_labels\" id=\"email\" name=\"Email\" placeholder=\"E-mail\" required \/>\n\t\t\t<\/div>\n\t\t\t<button type=\"submit\" class=\"button_layout\">\n\t\t\t\t<div id=\"lblBotao\">Inscreva-se<\/div>\n\t\t\t\t<span id=\"divSpiner\" class=\"loader\" role=\"status\" style=\"display: none;\"><\/span>\t\n\t\t\t<\/button>\n\t\t<\/div><!-- \/campos -->\n\t\t\n\t\t<label class=\"container_checkbox\">Voc\u00ea concorda com a nossa\n\t\t\t<a class=\"politics_privacy_ahref\" target=\"_blank\" href=\"https:\/\/gratis.estrategiaconcursos.com.br\/politica-de-privacidade\/\">Pol\u00edtica de Privacidade<\/a> e aceita receber informa\u00e7\u00f5es adicionais do Estrat\u00e9gia Educacional.\n\t\t\t<input id=\"checkbox_layout\" type=\"checkbox\" checked=\"checked\" required \/>\n\t\t\t<span class=\"checkbox\"><\/span>\n\t\t<\/label>\n\t\t<div id=\"msg\"><\/div>\n\t\t<div id=\"error\" class=\"error\">\n\t\t<\/div>\n\t<\/form>\n<\/div><!-- \/new-form -->\n\n\n\n<\/p><h2 class=\"wp-block-heading\" id=\"h-processo-seletivo\"><span class=\"ez-toc-section\" id=\"Processo-Seletivo\"><\/span>Processo Seletivo<span class=\"ez-toc-section-end\"><\/span><\/h2><h3 class=\"wp-block-heading\" id=\"h-prova-objetiva\">Prova Objetiva<\/h3><p>O processo seletivo para esse edital conta com <strong>uma prova objetiva,<\/strong> sem data ainda para a realiza&ccedil;&atilde;o devido a suspens&atilde;o tempor&aacute;ria. De car&aacute;ter classificat&oacute;rio\/eliminat&oacute;rio, ser&aacute; composta por <strong>40 quest&otilde;es de m&uacute;ltipla escolha<\/strong>, com cinco alternativas cada, sendo apenas uma correta.<\/p><ul class=\"wp-block-list\">\n<li>10 quest&otilde;es de L&iacute;ngua Portuguesa;<\/li>\n\n\n\n<li>10 quest&otilde;es de Matem&aacute;tica e Racioc&iacute;nio L&oacute;gico;<\/li>\n\n\n\n<li>05 quest&otilde;es de Conhecimentos Gerais;<\/li>\n\n\n\n<li>05 quest&otilde;es de Inform&aacute;tica; e<\/li>\n\n\n\n<li>10 quest&otilde;es de Conhecimentos Espec&iacute;ficos.<\/li>\n<\/ul><p><strong>A prova valer&aacute; de 0 a 100 pontos e o candidato para ser aprovado\/classificado <\/strong>precisa obter no m&iacute;nimo de 50 pontos da prova objetiva, al&eacute;m de n&atilde;o ser eliminado por outros crit&eacute;rios estabelecidos no edital.<\/p><h3 class=\"wp-block-heading\">Prova de T&iacute;tulos<\/h3><p>A prova de t&iacute;tulos ser&aacute; aplicada apenas aos candidatos aos cargos de n&iacute;vel superior e classificados na prova escrita. A pontua&ccedil;&atilde;o &eacute; de, no m&aacute;ximo, 10 pontos, conforme a tabela a seguir:<\/p><figure class=\"wp-block-image size-full\"><img decoding=\"async\" width=\"896\" height=\"323\" src=\"https:\/\/med.estrategia.com\/portal\/wp-content\/uploads\/2024\/11\/titulos_caraibas.png\" alt=\"\" class=\"wp-image-77424\" srcset=\"https:\/\/med.estrategia.com\/portal\/wp-content\/uploads\/2024\/11\/titulos_caraibas.png 896w, https:\/\/med.estrategia.com\/portal\/wp-content\/uploads\/2024\/11\/titulos_caraibas-768x277.png 768w, https:\/\/med.estrategia.com\/portal\/wp-content\/uploads\/2024\/11\/titulos_caraibas-800x288.png 800w\" sizes=\"(max-width: 896px) 100vw, 896px\" \/><\/figure><p>Para mais informa&ccedil;&otilde;es sobre o concurso p&uacute;blico Cara&iacute;bas com vagas em outras &aacute;reas,<a href=\"https:\/\/www.estrategiaconcursos.com.br\/blog\/concurso-prefeitura-caraibas\/\" target=\"_blank\"> acesse aqui.<\/a><\/p><h2 class=\"wp-block-heading\" id=\"h-sobre-a-cidade-de-caraibas-ba\"><span class=\"ez-toc-section\" id=\"Sobre-a-cidade-de-Caraibas-%E2%80%93-BA\"><\/span>Sobre a cidade de Cara&iacute;bas &ndash; BA<span class=\"ez-toc-section-end\"><\/span><\/h2><p><strong>Cara&iacute;bas <\/strong>&eacute; um munic&iacute;pio localizado no estado da Bahia, faz parte da microrregi&atilde;o de Vit&oacute;ria da Conquista, que &eacute; um dos polos regionais mais importantes da Bahia. Possui <strong>9.940 habitantes<\/strong>, segundo dados do Censo de 2022, publicados no site do Instituto Brasileiro de Geografia e Estat&iacute;stica (IBGE).<\/p><p>Emancipada na d&eacute;cada de 1980, Cara&iacute;bas possui uma hist&oacute;ria marcada pelo desenvolvimento agr&iacute;cola e pela influ&ecirc;ncia de popula&ccedil;&otilde;es ind&iacute;genas e sertanejas.<\/p><p>Com rela&ccedil;&atilde;o &agrave; sa&uacute;de, <strong>a cidade conta com duas unidades b&aacute;sicas de sa&uacute;de <\/strong>e <strong>um<\/strong> <strong>hospital p&uacute;blico<\/strong> para o atendimento da popula&ccedil;&atilde;o local. Entretanto, em casos mais graves, os pacientes geralmente acabam encaminhados para centros de refer&ecirc;ncia em cidades vizinhas, como Vit&oacute;ria da Conquista.<\/p><h2 class=\"wp-block-heading\" id=\"h-prepare-se-para-o-concurso-publico-de-caraibas-com-o-estrategia-med-nbsp-nbsp\"><span class=\"ez-toc-section\" id=\"Prepare-se-para-o-concurso-publico-de-Caraibas-com-o-Estrategia-MED\"><\/span>Prepare-se para o concurso p&uacute;blico de Cara&iacute;bas com o Estrat&eacute;gia MED!&nbsp;&nbsp;<span class=\"ez-toc-section-end\"><\/span><\/h2><p>Com o<a href=\"https:\/\/med.estrategia.com\/curso\/sprint-concursos-medicos\/\" target=\"_blank\"> Sprint Concursos M&eacute;dicos do Estrat&eacute;gia MED<\/a> voc&ecirc; ter&aacute; &agrave; disposi&ccedil;&atilde;o 3.500 quest&otilde;es com foco em concursos p&uacute;blicos com cargos m&eacute;dicos incluindo as disciplinas mais cobradas neste tipo de sele&ccedil;&atilde;o: Portugu&ecirc;s, Matem&aacute;tica, Inform&aacute;tica, Direito e claro, Medicina.<\/p><p>Conhe&ccedil;a tamb&eacute;m o nosso<a href=\"https:\/\/med.estrategia.com\/curso\/banco-de-questes-resumos-estrategicos-anual\/\" target=\"_blank\"> Banco de Quest&otilde;es<\/a>, que atualmente conta com mais de 200 mil quest&otilde;es cadastradas e n&atilde;o para de crescer. Vem ser coruja!&nbsp;<\/p><div class=\"wp-block-image\">\n<figure class=\"aligncenter size-full\"><img decoding=\"async\" width=\"1280\" height=\"622\" src=\"https:\/\/med.estrategia.com\/portal\/wp-content\/uploads\/2025\/08\/concursos_medicos.jpg\" alt=\"concursos_medicos\" class=\"wp-image-91529\" srcset=\"https:\/\/med.estrategia.com\/portal\/wp-content\/uploads\/2025\/08\/concursos_medicos.jpg 1280w, https:\/\/med.estrategia.com\/portal\/wp-content\/uploads\/2025\/08\/concursos_medicos-1024x498.jpg 1024w, https:\/\/med.estrategia.com\/portal\/wp-content\/uploads\/2025\/08\/concursos_medicos-768x373.jpg 768w, https:\/\/med.estrategia.com\/portal\/wp-content\/uploads\/2025\/08\/concursos_medicos-800x389.jpg 800w, https:\/\/med.estrategia.com\/portal\/wp-content\/uploads\/2025\/08\/concursos_medicos-1160x564.jpg 1160w\" sizes=\"(max-width: 1280px) 100vw, 1280px\" \/><\/figure><\/div><\/p>\n","protected":false},"excerpt":{"rendered":"A banca respons\u00e1vel pelo certame suspendeu temporariamente o concurso\n","protected":false},"author":45,"featured_media":77426,"comment_status":"closed","ping_status":"closed","sticky":false,"template":"","format":"standard","meta":{"wl_entities_gutenberg":"","footnotes":""},"categories":[474],"tags":[],"wl_entity_type":[199],"class_list":{"0":"post-77409","1":"post","2":"type-post","3":"status-publish","4":"format-standard","5":"has-post-thumbnail","7":"category-concursos","8":"wl_entity_type-article"},"acf":[],"yoast_head":"<!-- This site is optimized with the Yoast SEO Premium plugin v26.6 (Yoast SEO v26.6) - https:\/\/yoast.com\/wordpress\/plugins\/seo\/ -->\n<title>Vagas para m\u00e9dicos generalistas em concurso p\u00fablico de Cara\u00edbas<\/title>\n<meta name=\"description\" content=\"Abertas as inscri\u00e7\u00f5es para o concurso p\u00fablico da Prefeitura de Cara\u00edbas com vagas para m\u00e9dico generalista e sal\u00e1rio inicial de R$ 13,5 mil.\" \/>\n<meta name=\"robots\" content=\"index, follow, max-snippet:-1, max-image-preview:large, max-video-preview:-1\" \/>\n<link rel=\"canonical\" href=\"https:\/\/med.estrategia.com\/portal\/concursos\/vagas-para-medicos-generalistas-em-concurso-publico-de-caraibas\/\" \/>\n<meta property=\"og:locale\" content=\"pt_BR\" \/>\n<meta property=\"og:type\" content=\"article\" \/>\n<meta property=\"og:title\" content=\"Vagas para m\u00e9dicos generalistas em concurso p\u00fablico de Cara\u00edbas\" \/>\n<meta property=\"og:description\" content=\"Abertas as inscri\u00e7\u00f5es para o concurso p\u00fablico da Prefeitura de Cara\u00edbas com vagas para m\u00e9dico generalista e sal\u00e1rio inicial de R$ 13,5 mil.\" \/>\n<meta property=\"og:url\" content=\"https:\/\/med.estrategia.com\/portal\/concursos\/vagas-para-medicos-generalistas-em-concurso-publico-de-caraibas\/\" \/>\n<meta property=\"og:site_name\" content=\"Estrat\u00e9gia MED\" \/>\n<meta property=\"article:publisher\" content=\"https:\/\/www.facebook.com\/estrategiamed1\" \/>\n<meta property=\"article:published_time\" content=\"2024-11-29T15:43:48+00:00\" \/>\n<meta property=\"article:modified_time\" content=\"2025-01-06T15:02:17+00:00\" \/>\n<meta property=\"og:image\" content=\"https:\/\/med.estrategia.com\/portal\/wp-content\/uploads\/2024\/11\/CAPA_Concurso_Caraibas.jpg\" \/>\n\t<meta property=\"og:image:width\" content=\"1280\" \/>\n\t<meta property=\"og:image:height\" content=\"720\" \/>\n\t<meta property=\"og:image:type\" content=\"image\/jpeg\" \/>\n<meta name=\"author\" content=\"Priscila Pereira\" \/>\n<meta name=\"twitter:card\" content=\"summary_large_image\" \/>\n<meta name=\"twitter:creator\" content=\"@estrategiamed_\" \/>\n<meta name=\"twitter:site\" content=\"@estrategiamed_\" \/>\n<meta name=\"twitter:label1\" content=\"Escrito por\" \/>\n\t<meta name=\"twitter:data1\" content=\"Priscila Pereira\" \/>\n\t<meta name=\"twitter:label2\" content=\"Est. tempo de leitura\" \/>\n\t<meta name=\"twitter:data2\" content=\"4 minutos\" \/>\n<script type=\"application\/ld+json\" class=\"yoast-schema-graph\">{\"@context\":\"https:\/\/schema.org\",\"@graph\":[{\"@type\":\"WebPage\",\"@id\":\"https:\/\/med.estrategia.com\/portal\/concursos\/vagas-para-medicos-generalistas-em-concurso-publico-de-caraibas\/\",\"url\":\"https:\/\/med.estrategia.com\/portal\/concursos\/vagas-para-medicos-generalistas-em-concurso-publico-de-caraibas\/\",\"name\":\"Vagas para m\u00e9dicos generalistas em concurso p\u00fablico de Cara\u00edbas\",\"isPartOf\":{\"@id\":\"https:\/\/med.estrategia.com\/portal\/#website\"},\"primaryImageOfPage\":{\"@id\":\"https:\/\/med.estrategia.com\/portal\/concursos\/vagas-para-medicos-generalistas-em-concurso-publico-de-caraibas\/#primaryimage\"},\"image\":{\"@id\":\"https:\/\/med.estrategia.com\/portal\/concursos\/vagas-para-medicos-generalistas-em-concurso-publico-de-caraibas\/#primaryimage\"},\"thumbnailUrl\":\"https:\/\/med.estrategia.com\/portal\/wp-content\/uploads\/2024\/11\/CAPA_Concurso_Caraibas.jpg\",\"datePublished\":\"2024-11-29T15:43:48+00:00\",\"dateModified\":\"2025-01-06T15:02:17+00:00\",\"author\":{\"@id\":\"https:\/\/med.estrategia.com\/portal\/#\/schema\/person\/d1df06a83a849b79b2d480e7d8952ce3\"},\"description\":\"Abertas as inscri\u00e7\u00f5es para o concurso p\u00fablico da Prefeitura de Cara\u00edbas com vagas para m\u00e9dico generalista e sal\u00e1rio inicial de R$ 13,5 mil.\",\"breadcrumb\":{\"@id\":\"https:\/\/med.estrategia.com\/portal\/concursos\/vagas-para-medicos-generalistas-em-concurso-publico-de-caraibas\/#breadcrumb\"},\"inLanguage\":\"pt-BR\",\"potentialAction\":[{\"@type\":\"ReadAction\",\"target\":[\"https:\/\/med.estrategia.com\/portal\/concursos\/vagas-para-medicos-generalistas-em-concurso-publico-de-caraibas\/\"]}]},{\"@type\":\"ImageObject\",\"inLanguage\":\"pt-BR\",\"@id\":\"https:\/\/med.estrategia.com\/portal\/concursos\/vagas-para-medicos-generalistas-em-concurso-publico-de-caraibas\/#primaryimage\",\"url\":\"https:\/\/med.estrategia.com\/portal\/wp-content\/uploads\/2024\/11\/CAPA_Concurso_Caraibas.jpg\",\"contentUrl\":\"https:\/\/med.estrategia.com\/portal\/wp-content\/uploads\/2024\/11\/CAPA_Concurso_Caraibas.jpg\",\"width\":1280,\"height\":720,\"caption\":\"Estrat\u00e9gia MED | Concurso P\u00fablico Cara\u00edbas - BA\"},{\"@type\":\"BreadcrumbList\",\"@id\":\"https:\/\/med.estrategia.com\/portal\/concursos\/vagas-para-medicos-generalistas-em-concurso-publico-de-caraibas\/#breadcrumb\",\"itemListElement\":[{\"@type\":\"ListItem\",\"position\":1,\"name\":\"Home\",\"item\":\"https:\/\/med.estrategia.com\/portal\/\"},{\"@type\":\"ListItem\",\"position\":2,\"name\":\"Concursos M\u00e9dicos\",\"item\":\"https:\/\/med.estrategia.com\/portal\/concursos\/\"},{\"@type\":\"ListItem\",\"position\":3,\"name\":\"Vagas para m\u00e9dicos generalistas em concurso p\u00fablico de Cara\u00edbas\"}]},{\"@type\":\"WebSite\",\"@id\":\"https:\/\/med.estrategia.com\/portal\/#website\",\"url\":\"https:\/\/med.estrategia.com\/portal\/\",\"name\":\"Estrat\u00e9gia MED\",\"description\":\"\",\"potentialAction\":[{\"@type\":\"SearchAction\",\"target\":{\"@type\":\"EntryPoint\",\"urlTemplate\":\"https:\/\/med.estrategia.com\/portal\/?s={search_term_string}\"},\"query-input\":{\"@type\":\"PropertyValueSpecification\",\"valueRequired\":true,\"valueName\":\"search_term_string\"}}],\"inLanguage\":\"pt-BR\"},{\"@type\":\"Person\",\"@id\":\"https:\/\/med.estrategia.com\/portal\/#\/schema\/person\/d1df06a83a849b79b2d480e7d8952ce3\",\"name\":\"Priscila Pereira\",\"image\":{\"@type\":\"ImageObject\",\"inLanguage\":\"pt-BR\",\"@id\":\"https:\/\/med.estrategia.com\/portal\/#\/schema\/person\/image\/\",\"url\":\"https:\/\/secure.gravatar.com\/avatar\/fe94f8430a1d23a69c0bc7aab6202e21?s=96&d=mm&r=g\",\"contentUrl\":\"https:\/\/secure.gravatar.com\/avatar\/fe94f8430a1d23a69c0bc7aab6202e21?s=96&d=mm&r=g\",\"caption\":\"Priscila Pereira\"},\"description\":\"Formada e p\u00f3s-graduada na \u00e1rea de comunica\u00e7\u00e3o, divido minha paix\u00e3o entre o jornalismo e os esportes\",\"url\":\"https:\/\/med.estrategia.com\/portal\/author\/priscila-pereira\/\"}]}<\/script>\n<!-- \/ Yoast SEO Premium plugin. -->","yoast_head_json":{"title":"Vagas para m\u00e9dicos generalistas em concurso p\u00fablico de Cara\u00edbas","description":"Abertas as inscri\u00e7\u00f5es para o concurso p\u00fablico da Prefeitura de Cara\u00edbas com vagas para m\u00e9dico generalista e sal\u00e1rio inicial de R$ 13,5 mil.","robots":{"index":"index","follow":"follow","max-snippet":"max-snippet:-1","max-image-preview":"max-image-preview:large","max-video-preview":"max-video-preview:-1"},"canonical":"https:\/\/med.estrategia.com\/portal\/concursos\/vagas-para-medicos-generalistas-em-concurso-publico-de-caraibas\/","og_locale":"pt_BR","og_type":"article","og_title":"Vagas para m\u00e9dicos generalistas em concurso p\u00fablico de Cara\u00edbas","og_description":"Abertas as inscri\u00e7\u00f5es para o concurso p\u00fablico da Prefeitura de Cara\u00edbas com vagas para m\u00e9dico generalista e sal\u00e1rio inicial de R$ 13,5 mil.","og_url":"https:\/\/med.estrategia.com\/portal\/concursos\/vagas-para-medicos-generalistas-em-concurso-publico-de-caraibas\/","og_site_name":"Estrat\u00e9gia MED","article_publisher":"https:\/\/www.facebook.com\/estrategiamed1","article_published_time":"2024-11-29T15:43:48+00:00","article_modified_time":"2025-01-06T15:02:17+00:00","og_image":[{"width":1280,"height":720,"url":"https:\/\/med.estrategia.com\/portal\/wp-content\/uploads\/2024\/11\/CAPA_Concurso_Caraibas.jpg","type":"image\/jpeg"}],"author":"Priscila Pereira","twitter_card":"summary_large_image","twitter_creator":"@estrategiamed_","twitter_site":"@estrategiamed_","twitter_misc":{"Escrito por":"Priscila Pereira","Est. tempo de leitura":"4 minutos"},"schema":{"@context":"https:\/\/schema.org","@graph":[{"@type":"WebPage","@id":"https:\/\/med.estrategia.com\/portal\/concursos\/vagas-para-medicos-generalistas-em-concurso-publico-de-caraibas\/","url":"https:\/\/med.estrategia.com\/portal\/concursos\/vagas-para-medicos-generalistas-em-concurso-publico-de-caraibas\/","name":"Vagas para m\u00e9dicos generalistas em concurso p\u00fablico de Cara\u00edbas","isPartOf":{"@id":"https:\/\/med.estrategia.com\/portal\/#website"},"primaryImageOfPage":{"@id":"https:\/\/med.estrategia.com\/portal\/concursos\/vagas-para-medicos-generalistas-em-concurso-publico-de-caraibas\/#primaryimage"},"image":{"@id":"https:\/\/med.estrategia.com\/portal\/concursos\/vagas-para-medicos-generalistas-em-concurso-publico-de-caraibas\/#primaryimage"},"thumbnailUrl":"https:\/\/med.estrategia.com\/portal\/wp-content\/uploads\/2024\/11\/CAPA_Concurso_Caraibas.jpg","datePublished":"2024-11-29T15:43:48+00:00","dateModified":"2025-01-06T15:02:17+00:00","author":{"@id":"https:\/\/med.estrategia.com\/portal\/#\/schema\/person\/d1df06a83a849b79b2d480e7d8952ce3"},"description":"Abertas as inscri\u00e7\u00f5es para o concurso p\u00fablico da Prefeitura de Cara\u00edbas com vagas para m\u00e9dico generalista e sal\u00e1rio inicial de R$ 13,5 mil.","breadcrumb":{"@id":"https:\/\/med.estrategia.com\/portal\/concursos\/vagas-para-medicos-generalistas-em-concurso-publico-de-caraibas\/#breadcrumb"},"inLanguage":"pt-BR","potentialAction":[{"@type":"ReadAction","target":["https:\/\/med.estrategia.com\/portal\/concursos\/vagas-para-medicos-generalistas-em-concurso-publico-de-caraibas\/"]}]},{"@type":"ImageObject","inLanguage":"pt-BR","@id":"https:\/\/med.estrategia.com\/portal\/concursos\/vagas-para-medicos-generalistas-em-concurso-publico-de-caraibas\/#primaryimage","url":"https:\/\/med.estrategia.com\/portal\/wp-content\/uploads\/2024\/11\/CAPA_Concurso_Caraibas.jpg","contentUrl":"https:\/\/med.estrategia.com\/portal\/wp-content\/uploads\/2024\/11\/CAPA_Concurso_Caraibas.jpg","width":1280,"height":720,"caption":"Estrat\u00e9gia MED | Concurso P\u00fablico Cara\u00edbas - BA"},{"@type":"BreadcrumbList","@id":"https:\/\/med.estrategia.com\/portal\/concursos\/vagas-para-medicos-generalistas-em-concurso-publico-de-caraibas\/#breadcrumb","itemListElement":[{"@type":"ListItem","position":1,"name":"Home","item":"https:\/\/med.estrategia.com\/portal\/"},{"@type":"ListItem","position":2,"name":"Concursos M\u00e9dicos","item":"https:\/\/med.estrategia.com\/portal\/concursos\/"},{"@type":"ListItem","position":3,"name":"Vagas para m\u00e9dicos generalistas em concurso p\u00fablico de Cara\u00edbas"}]},{"@type":"WebSite","@id":"https:\/\/med.estrategia.com\/portal\/#website","url":"https:\/\/med.estrategia.com\/portal\/","name":"Estrat\u00e9gia MED","description":"","potentialAction":[{"@type":"SearchAction","target":{"@type":"EntryPoint","urlTemplate":"https:\/\/med.estrategia.com\/portal\/?s={search_term_string}"},"query-input":{"@type":"PropertyValueSpecification","valueRequired":true,"valueName":"search_term_string"}}],"inLanguage":"pt-BR"},{"@type":"Person","@id":"https:\/\/med.estrategia.com\/portal\/#\/schema\/person\/d1df06a83a849b79b2d480e7d8952ce3","name":"Priscila Pereira","image":{"@type":"ImageObject","inLanguage":"pt-BR","@id":"https:\/\/med.estrategia.com\/portal\/#\/schema\/person\/image\/","url":"https:\/\/secure.gravatar.com\/avatar\/fe94f8430a1d23a69c0bc7aab6202e21?s=96&d=mm&r=g","contentUrl":"https:\/\/secure.gravatar.com\/avatar\/fe94f8430a1d23a69c0bc7aab6202e21?s=96&d=mm&r=g","caption":"Priscila Pereira"},"description":"Formada e p\u00f3s-graduada na \u00e1rea de comunica\u00e7\u00e3o, divido minha paix\u00e3o entre o jornalismo e os esportes","url":"https:\/\/med.estrategia.com\/portal\/author\/priscila-pereira\/"}]}},"_wl_alt_label":[],"wl:entity_url":"\/post\/vagas-para-medicos-generalistas-em-concurso-publico-de-caraibas","_links":{"self":[{"href":"https:\/\/med.estrategia.com\/portal\/wp-json\/wp\/v2\/posts\/77409","targetHints":{"allow":["GET"]}}],"collection":[{"href":"https:\/\/med.estrategia.com\/portal\/wp-json\/wp\/v2\/posts"}],"about":[{"href":"https:\/\/med.estrategia.com\/portal\/wp-json\/wp\/v2\/types\/post"}],"author":[{"embeddable":true,"href":"https:\/\/med.estrategia.com\/portal\/wp-json\/wp\/v2\/users\/45"}],"replies":[{"embeddable":true,"href":"https:\/\/med.estrategia.com\/portal\/wp-json\/wp\/v2\/comments?post=77409"}],"version-history":[{"count":10,"href":"https:\/\/med.estrategia.com\/portal\/wp-json\/wp\/v2\/posts\/77409\/revisions"}],"predecessor-version":[{"id":79988,"href":"https:\/\/med.estrategia.com\/portal\/wp-json\/wp\/v2\/posts\/77409\/revisions\/79988"}],"wp:featuredmedia":[{"embeddable":true,"href":"https:\/\/med.estrategia.com\/portal\/wp-json\/wp\/v2\/media\/77426"}],"wp:attachment":[{"href":"https:\/\/med.estrategia.com\/portal\/wp-json\/wp\/v2\/media?parent=77409"}],"wp:term":[{"taxonomy":"category","embeddable":true,"href":"https:\/\/med.estrategia.com\/portal\/wp-json\/wp\/v2\/categories?post=77409"},{"taxonomy":"post_tag","embeddable":true,"href":"https:\/\/med.estrategia.com\/portal\/wp-json\/wp\/v2\/tags?post=77409"},{"taxonomy":"wl_entity_type","embeddable":true,"href":"https:\/\/med.estrategia.com\/portal\/wp-json\/wp\/v2\/wl_entity_type?post=77409"}],"curies":[{"name":"wp","href":"https:\/\/api.w.org\/{rel}","templated":true}]}}