{"id":77964,"date":"2024-12-03T17:52:04","date_gmt":"2024-12-03T20:52:04","guid":{"rendered":"https:\/\/med.estrategia.com\/portal\/?p=77964"},"modified":"2024-12-03T17:52:09","modified_gmt":"2024-12-03T20:52:09","slug":"fmabc-2025-veja-a-relacao-candidato-vaga-do-seletivo-de-residencia-medica","status":"publish","type":"post","link":"https:\/\/med.estrategia.com\/portal\/noticias\/fmabc-2025-veja-a-relacao-candidato-vaga-do-seletivo-de-residencia-medica\/","title":{"rendered":"FMABC 2025: veja a rela\u00e7\u00e3o candidato\/vaga do seletivo de resid\u00eancia m\u00e9dica"},"content":{"rendered":"<p>Com base no documento oficial de inscri&ccedil;&otilde;es homologadas divulgado pela <strong>Faculdade de Medicina do ABC (FMABC)<\/strong>, o Estrat&eacute;gia MED preparou, de maneira exclusiva, a rela&ccedil;&atilde;o completa de candidatos por vaga da sele&ccedil;a&otilde; da <strong>FMABC e da Secretaria Municipal de S&atilde;o Bernardo do Campo (SMS-SBC)<\/strong>. Siga no texto e confira a concorr&ecirc;ncia da FMABC 2025!<div id=\"ez-toc-container\" class=\"ez-toc-v2_0_79_2 counter-hierarchy ez-toc-counter ez-toc-transparent ez-toc-container-direction\">\n<div class=\"ez-toc-title-container\"><p class=\"ez-toc-title\" style=\"cursor:inherit\">Navegue pelo conte\u00fado<\/p>\n<\/div><nav><ul class='ez-toc-list ez-toc-list-level-1 ' ><li class='ez-toc-page-1 ez-toc-heading-level-2'><a class=\"ez-toc-link ez-toc-heading-1\" href=\"https:\/\/med.estrategia.com\/portal\/noticias\/fmabc-2025-veja-a-relacao-candidato-vaga-do-seletivo-de-residencia-medica\/#Concorrencia-Residencia-Medica-FMABC-2025\" >Concorr&ecirc;ncia Resid&ecirc;ncia M&eacute;dica FMABC 2025<\/a><ul class='ez-toc-list-level-3' ><li class='ez-toc-heading-level-3'><a class=\"ez-toc-link ez-toc-heading-2\" href=\"https:\/\/med.estrategia.com\/portal\/noticias\/fmabc-2025-veja-a-relacao-candidato-vaga-do-seletivo-de-residencia-medica\/#Acesso-Direto\" >Acesso Direto<\/a><\/li><li class='ez-toc-page-1 ez-toc-heading-level-3'><a class=\"ez-toc-link ez-toc-heading-3\" href=\"https:\/\/med.estrategia.com\/portal\/noticias\/fmabc-2025-veja-a-relacao-candidato-vaga-do-seletivo-de-residencia-medica\/#Pre-Requisito\" >Pr&eacute;-Requisito<\/a><\/li><\/ul><\/li><li class='ez-toc-page-1 ez-toc-heading-level-2'><a class=\"ez-toc-link ez-toc-heading-4\" href=\"https:\/\/med.estrategia.com\/portal\/noticias\/fmabc-2025-veja-a-relacao-candidato-vaga-do-seletivo-de-residencia-medica\/#Cronograma-Residencia-Medica-FMABC-2025\" >Cronograma Resid&ecirc;ncia M&eacute;dica FMABC 2025<\/a><\/li><li class='ez-toc-page-1 ez-toc-heading-level-2'><a class=\"ez-toc-link ez-toc-heading-5\" href=\"https:\/\/med.estrategia.com\/portal\/noticias\/fmabc-2025-veja-a-relacao-candidato-vaga-do-seletivo-de-residencia-medica\/#Como-e-o-processo-seletivo-da-FMABC\" >Como &eacute; o processo seletivo da FMABC<\/a><\/li><\/ul><\/nav><\/div>\n<h2 class=\"wp-block-heading\" id=\"h-concorrencia-residencia-medica-fmabc-2025\"><span class=\"ez-toc-section\" id=\"Concorrencia-Residencia-Medica-FMABC-2025\"><\/span>Concorr&ecirc;ncia Resid&ecirc;ncia M&eacute;dica FMABC 2025<span class=\"ez-toc-section-end\"><\/span><\/h2><p>Para a sele&ccedil;&atilde;o com ingresso em 2025,&nbsp;<strong>4.026 candidatos<\/strong>&nbsp;se inscreveram no processo seletivo da FMABC que conta com 230 vagas ofertadas, acarretando em uma<strong> concorr&ecirc;ncia geral de 17,50<\/strong> <strong>candidatos por vaga<\/strong>. Confira abaixo a rela&ccedil;&atilde;o candidato\/vaga de cada programa de resid&ecirc;ncia m&eacute;dica ofertado pela FMABC e pela SMS-SBC para 2025:<\/p><h3 class=\"wp-block-heading\" id=\"h-acesso-direto\"><span class=\"ez-toc-section\" id=\"Acesso-Direto\"><\/span>Acesso Direto<span class=\"ez-toc-section-end\"><\/span><\/h3><figure class=\"wp-block-table\"><table><thead><tr><th>Especialidade<\/th><th class=\"has-text-align-center\" data-align=\"center\">Vagas<\/th><th class=\"has-text-align-center\" data-align=\"center\">Inscritos<\/th><th class=\"has-text-align-center\" data-align=\"center\">Concorr&ecirc;ncia<\/th><\/tr><\/thead><tbody><tr><td>Anestesiologia FMABC<\/td><td class=\"has-text-align-center\" data-align=\"center\">13<\/td><td class=\"has-text-align-center\" data-align=\"center\">304<\/td><td class=\"has-text-align-center\" data-align=\"center\">23,38<\/td><\/tr><tr><td>Anestesiologia SMS-SBC<\/td><td class=\"has-text-align-center\" data-align=\"center\">6<\/td><td class=\"has-text-align-center\" data-align=\"center\">84<\/td><td class=\"has-text-align-center\" data-align=\"center\">14<\/td><\/tr><tr><td>Cirurgia Cardiovascular<\/td><td class=\"has-text-align-center\" data-align=\"center\">2<\/td><td class=\"has-text-align-center\" data-align=\"center\">38<\/td><td class=\"has-text-align-center\" data-align=\"center\">19<\/td><\/tr><tr><td>Cirurgia Geral FMABC<\/td><td class=\"has-text-align-center\" data-align=\"center\">10<\/td><td class=\"has-text-align-center\" data-align=\"center\">359<\/td><td class=\"has-text-align-center\" data-align=\"center\">35,9<\/td><\/tr><tr><td>Cirurgia Geral SMS-SBC<\/td><td class=\"has-text-align-center\" data-align=\"center\">6<\/td><td class=\"has-text-align-center\" data-align=\"center\">98<\/td><td class=\"has-text-align-center\" data-align=\"center\">16,33<\/td><\/tr><tr><td>Cl&iacute;nica M&eacute;dica FMABC<\/td><td class=\"has-text-align-center\" data-align=\"center\">24<\/td><td class=\"has-text-align-center\" data-align=\"center\">405<\/td><td class=\"has-text-align-center\" data-align=\"center\">16,87<\/td><\/tr><tr><td>Cl&iacute;nica M&eacute;dica SMS-SBC<\/td><td class=\"has-text-align-center\" data-align=\"center\">6<\/td><td class=\"has-text-align-center\" data-align=\"center\">58<\/td><td class=\"has-text-align-center\" data-align=\"center\">9,66<\/td><\/tr><tr><td>Infectologia<\/td><td class=\"has-text-align-center\" data-align=\"center\">2<\/td><td class=\"has-text-align-center\" data-align=\"center\">25<\/td><td class=\"has-text-align-center\" data-align=\"center\">12,5<\/td><\/tr><tr><td>Medicina de Fam&iacute;lia e Comunidade FMABC<\/td><td class=\"has-text-align-center\" data-align=\"center\">5<\/td><td class=\"has-text-align-center\" data-align=\"center\">22<\/td><td class=\"has-text-align-center\" data-align=\"center\">4,4<\/td><\/tr><tr><td>Medicina de Fam&iacute;lia e Comunidade SMS-SBC<\/td><td class=\"has-text-align-center\" data-align=\"center\">10<\/td><td class=\"has-text-align-center\" data-align=\"center\">64<\/td><td class=\"has-text-align-center\" data-align=\"center\">6,4<\/td><\/tr><tr><td>Medicina do Trabalho<\/td><td class=\"has-text-align-center\" data-align=\"center\">2<\/td><td class=\"has-text-align-center\" data-align=\"center\">10<\/td><td class=\"has-text-align-center\" data-align=\"center\">5<\/td><\/tr><tr><td>Neurocirurgia<\/td><td class=\"has-text-align-center\" data-align=\"center\">1<\/td><td class=\"has-text-align-center\" data-align=\"center\">47<\/td><td class=\"has-text-align-center\" data-align=\"center\">47<\/td><\/tr><tr><td>Neurologia<\/td><td class=\"has-text-align-center\" data-align=\"center\">4<\/td><td class=\"has-text-align-center\" data-align=\"center\">88<\/td><td class=\"has-text-align-center\" data-align=\"center\">22<\/td><\/tr><tr><td>Obstetr&iacute;cia e Ginecologia FMABC<\/td><td class=\"has-text-align-center\" data-align=\"center\">12<\/td><td class=\"has-text-align-center\" data-align=\"center\">343<\/td><td class=\"has-text-align-center\" data-align=\"center\">28,58<\/td><\/tr><tr><td>Obstetr&iacute;cia e Ginecologia SMS-SBC<\/td><td class=\"has-text-align-center\" data-align=\"center\">6<\/td><td class=\"has-text-align-center\" data-align=\"center\">129<\/td><td class=\"has-text-align-center\" data-align=\"center\">21,5<\/td><\/tr><tr><td>Oftalmologia<\/td><td class=\"has-text-align-center\" data-align=\"center\">10<\/td><td class=\"has-text-align-center\" data-align=\"center\">298<\/td><td class=\"has-text-align-center\" data-align=\"center\">29,8<\/td><\/tr><tr><td>Ortopedia e Traumatologia<\/td><td class=\"has-text-align-center\" data-align=\"center\">12<\/td><td class=\"has-text-align-center\" data-align=\"center\">201<\/td><td class=\"has-text-align-center\" data-align=\"center\">16,75<\/td><\/tr><tr><td>Otorrinolaringologia<\/td><td class=\"has-text-align-center\" data-align=\"center\">4<\/td><td class=\"has-text-align-center\" data-align=\"center\">192<\/td><td class=\"has-text-align-center\" data-align=\"center\">48<\/td><\/tr><tr><td>Pediatria FMABC<\/td><td class=\"has-text-align-center\" data-align=\"center\">12<\/td><td class=\"has-text-align-center\" data-align=\"center\">165<\/td><td class=\"has-text-align-center\" data-align=\"center\">13,75<\/td><\/tr><tr><td>Pediatria SMS-SBC<\/td><td class=\"has-text-align-center\" data-align=\"center\">6<\/td><td class=\"has-text-align-center\" data-align=\"center\">40<\/td><td class=\"has-text-align-center\" data-align=\"center\">6,66<\/td><\/tr><tr><td>Psiquiatria FMABC<\/td><td class=\"has-text-align-center\" data-align=\"center\">8<\/td><td class=\"has-text-align-center\" data-align=\"center\">273<\/td><td class=\"has-text-align-center\" data-align=\"center\">34,125<\/td><\/tr><tr><td>Psiquiatria SMS-SBC<\/td><td class=\"has-text-align-center\" data-align=\"center\">6<\/td><td class=\"has-text-align-center\" data-align=\"center\">161<\/td><td class=\"has-text-align-center\" data-align=\"center\">26,83<\/td><\/tr><tr><td>Radiologia e Diagn&oacute;stico por Imagem<\/td><td class=\"has-text-align-center\" data-align=\"center\">2<\/td><td class=\"has-text-align-center\" data-align=\"center\">65<\/td><td class=\"has-text-align-center\" data-align=\"center\">32,5<\/td><\/tr><\/tbody><\/table><\/figure><h3 class=\"wp-block-heading\" id=\"h-pre-requisito\"><span class=\"ez-toc-section\" id=\"Pre-Requisito\"><\/span>Pr&eacute;-Requisito<span class=\"ez-toc-section-end\"><\/span><\/h3><figure class=\"wp-block-table\"><table><thead><tr><th>Programa<\/th><th class=\"has-text-align-center\" data-align=\"center\">Vagas<\/th><th class=\"has-text-align-center\" data-align=\"center\">Inscritos<\/th><th class=\"has-text-align-center\" data-align=\"center\">Concorr&ecirc;ncia<\/th><\/tr><\/thead><tbody><tr><td>Alergia Imunologia Pedi&aacute;trica<\/td><td class=\"has-text-align-center\" data-align=\"center\">2<\/td><td class=\"has-text-align-center\" data-align=\"center\">4<\/td><td class=\"has-text-align-center\" data-align=\"center\">2<\/td><\/tr><tr><td>Angiorradiologia e Cirurgia Endovascular<\/td><td class=\"has-text-align-center\" data-align=\"center\">1<\/td><td class=\"has-text-align-center\" data-align=\"center\">6<\/td><td class=\"has-text-align-center\" data-align=\"center\">6<\/td><\/tr><tr><td>Cardiologia<\/td><td class=\"has-text-align-center\" data-align=\"center\">3<\/td><td class=\"has-text-align-center\" data-align=\"center\">1<\/td><td class=\"has-text-align-center\" data-align=\"center\">0,33<\/td><\/tr><tr><td>Cirurgia Aparelho Digestivo<\/td><td class=\"has-text-align-center\" data-align=\"center\">2<\/td><td class=\"has-text-align-center\" data-align=\"center\">21<\/td><td class=\"has-text-align-center\" data-align=\"center\">10,5<\/td><\/tr><tr><td>Cirurgia da M&atilde;o<\/td><td class=\"has-text-align-center\" data-align=\"center\">2<\/td><td class=\"has-text-align-center\" data-align=\"center\">24<\/td><td class=\"has-text-align-center\" data-align=\"center\">12<\/td><\/tr><tr><td>Cirurgia de Cabe&ccedil;a e Pesco&ccedil;o<\/td><td class=\"has-text-align-center\" data-align=\"center\">2<\/td><td class=\"has-text-align-center\" data-align=\"center\">1<\/td><td class=\"has-text-align-center\" data-align=\"center\">0,5<\/td><\/tr><tr><td>Cirurgia Pedi&aacute;trica<\/td><td class=\"has-text-align-center\" data-align=\"center\">1<\/td><td class=\"has-text-align-center\" data-align=\"center\">9<\/td><td class=\"has-text-align-center\" data-align=\"center\">9<\/td><\/tr><tr><td>Cirurgia Pl&aacute;stica<\/td><td class=\"has-text-align-center\" data-align=\"center\">4<\/td><td class=\"has-text-align-center\" data-align=\"center\">152<\/td><td class=\"has-text-align-center\" data-align=\"center\">38<\/td><\/tr><tr><td>Cirurgia Vascular<\/td><td class=\"has-text-align-center\" data-align=\"center\">6<\/td><td class=\"has-text-align-center\" data-align=\"center\">28<\/td><td class=\"has-text-align-center\" data-align=\"center\">4,66<\/td><\/tr><tr><td>Coloproctologia<\/td><td class=\"has-text-align-center\" data-align=\"center\">2<\/td><td class=\"has-text-align-center\" data-align=\"center\">28<\/td><td class=\"has-text-align-center\" data-align=\"center\">14<\/td><\/tr><tr><td>Ecografia Vascular com Doppler<\/td><td class=\"has-text-align-center\" data-align=\"center\">2<\/td><td class=\"has-text-align-center\" data-align=\"center\">3<\/td><td class=\"has-text-align-center\" data-align=\"center\">1,5<\/td><\/tr><tr><td>Endocrinologia e Metabologia<\/td><td class=\"has-text-align-center\" data-align=\"center\">2<\/td><td class=\"has-text-align-center\" data-align=\"center\">38<\/td><td class=\"has-text-align-center\" data-align=\"center\">19<\/td><\/tr><tr><td>Endoscopia<\/td><td class=\"has-text-align-center\" data-align=\"center\">6<\/td><td class=\"has-text-align-center\" data-align=\"center\">26<\/td><td class=\"has-text-align-center\" data-align=\"center\">4,33<\/td><\/tr><tr><td>Gastroenterologia<\/td><td class=\"has-text-align-center\" data-align=\"center\">2<\/td><td class=\"has-text-align-center\" data-align=\"center\">25<\/td><td class=\"has-text-align-center\" data-align=\"center\">12,5<\/td><\/tr><tr><td>Hematologia e Hemoterapia<\/td><td class=\"has-text-align-center\" data-align=\"center\">3<\/td><td class=\"has-text-align-center\" data-align=\"center\">13<\/td><td class=\"has-text-align-center\" data-align=\"center\">4,33<\/td><\/tr><tr><td>Mastologia<\/td><td class=\"has-text-align-center\" data-align=\"center\">3<\/td><td class=\"has-text-align-center\" data-align=\"center\">10<\/td><td class=\"has-text-align-center\" data-align=\"center\">3,33<\/td><\/tr><tr><td>Medicina do Adolescente<\/td><td class=\"has-text-align-center\" data-align=\"center\">1<\/td><td class=\"has-text-align-center\" data-align=\"center\">1<\/td><td class=\"has-text-align-center\" data-align=\"center\">1<\/td><\/tr><tr><td>Nefrologia<\/td><td class=\"has-text-align-center\" data-align=\"center\">2<\/td><td class=\"has-text-align-center\" data-align=\"center\">12<\/td><td class=\"has-text-align-center\" data-align=\"center\">6<\/td><\/tr><tr><td>Neonatologia<\/td><td class=\"has-text-align-center\" data-align=\"center\">2<\/td><td class=\"has-text-align-center\" data-align=\"center\">7<\/td><td class=\"has-text-align-center\" data-align=\"center\">3,5<\/td><\/tr><tr><td>Neurologia Pedi&aacute;trica<\/td><td class=\"has-text-align-center\" data-align=\"center\">2<\/td><td class=\"has-text-align-center\" data-align=\"center\">47<\/td><td class=\"has-text-align-center\" data-align=\"center\">23,5<\/td><\/tr><tr><td>Oncologia Cl&iacute;nica<\/td><td class=\"has-text-align-center\" data-align=\"center\">6<\/td><td class=\"has-text-align-center\" data-align=\"center\">22<\/td><td class=\"has-text-align-center\" data-align=\"center\">3,66<\/td><\/tr><tr><td>Pneumologia<\/td><td class=\"has-text-align-center\" data-align=\"center\">1<\/td><td class=\"has-text-align-center\" data-align=\"center\">4<\/td><td class=\"has-text-align-center\" data-align=\"center\">4<\/td><\/tr><tr><td>Urologia<\/td><td class=\"has-text-align-center\" data-align=\"center\">4<\/td><td class=\"has-text-align-center\" data-align=\"center\">75<\/td><td class=\"has-text-align-center\" data-align=\"center\">18,75<\/td><\/tr><\/tbody><\/table><\/figure><h2 class=\"wp-block-heading\" id=\"h-cronograma-residencia-medica-fmabc-2025\"><span class=\"ez-toc-section\" id=\"Cronograma-Residencia-Medica-FMABC-2025\"><\/span>Cronograma Resid&ecirc;ncia M&eacute;dica FMABC 2025<span class=\"ez-toc-section-end\"><\/span><\/h2><ul class=\"wp-block-list\">\n<li><strong>Inscri&ccedil;&otilde;es:<\/strong>&nbsp;31\/10 a 21\/11\/2024;<\/li>\n\n\n\n<li><strong>Solicita&ccedil;&atilde;o de isen&ccedil;&atilde;o:<\/strong>&nbsp;31\/10 a 04\/11\/2024;<\/li>\n\n\n\n<li><strong>Envio de curr&iacute;culo:<\/strong>&nbsp;31\/10 a 09\/12\/2024;<\/li>\n\n\n\n<li><strong>Data da prova:<\/strong>&nbsp;07\/12\/2024;<\/li>\n\n\n\n<li><strong>Gabarito preliminar:<\/strong>&nbsp;09\/12\/2024;<\/li>\n\n\n\n<li><strong>Recursos ao gabarito:<\/strong>&nbsp;10\/12 a 11\/12\/2024;<\/li>\n\n\n\n<li><strong>Nota da prova objetiva e gabarito definitivo:<\/strong>&nbsp;26\/12\/2024;<\/li>\n\n\n\n<li><strong>Recursos contra nota da prova:<\/strong>&nbsp;27\/12 a 30\/12\/2024;<\/li>\n\n\n\n<li><strong>Resultado dos recursos:<\/strong>&nbsp;06\/01\/2025;<\/li>\n\n\n\n<li><strong>Resultado preliminar da 2&ordf; fase:<\/strong>&nbsp;20\/01\/2025;<\/li>\n\n\n\n<li><strong>Recursos ao resultado da 2&ordf; fase:<\/strong>&nbsp;21\/01 a 22\/01\/2025;<\/li>\n\n\n\n<li><strong>Resultado Final:<\/strong>&nbsp;05\/02\/2025;<\/li>\n\n\n\n<li><strong>Matr&iacute;culas:<\/strong>&nbsp;05\/02 a 28\/03\/2025; e<\/li>\n\n\n\n<li><strong>In&iacute;cio dos programas:<\/strong>&nbsp;Mar&ccedil;o de 2025.<\/li>\n<\/ul><h2 class=\"wp-block-heading\" id=\"h-como-e-o-processo-seletivo-da-fmabc\"><span class=\"ez-toc-section\" id=\"Como-e-o-processo-seletivo-da-FMABC\"><\/span>Como &eacute; o processo seletivo da FMABC<span class=\"ez-toc-section-end\"><\/span><\/h2><p>Assim como muitas das sele&ccedil;&otilde;es para resid&ecirc;ncia m&eacute;dica no pa&iacute;s,&nbsp;<strong>o processo seletivo da FMABC &eacute; composto por duas etapas.<\/strong><br><br>A primeira delas conta com a&nbsp;<strong>aplica&ccedil;&atilde;o de uma prova objetiva para todos os candidatos inscritos.&nbsp;<\/strong>Para as especialidades de&nbsp;<strong>Acesso Direto&nbsp;<\/strong>a avalia&ccedil;&atilde;o conta com&nbsp;<strong>100 quest&otilde;es objetivas de m&uacute;ltipla escolha&nbsp;<\/strong>sobre as cinco grandes &aacute;reas da medicina: Cl&iacute;nica M&eacute;dica,&nbsp;<a href=\"https:\/\/med.estrategia.com\/portal\/entidade\/pediatria\/\">Pediatria<\/a>,&nbsp;<a href=\"https:\/\/med.estrategia.com\/portal\/entidade\/ginecologia-e-obstetricia\/\">Ginecologia e Obstetr&iacute;cia<\/a>, Cirurgia e Medicina Preventiva e Social. J&aacute; para as especialidades com&nbsp;<strong>Pr&eacute;-requisito, a prova &eacute; constitu&iacute;da por 50 quest&otilde;es, tamb&eacute;m objetivas de m&uacute;ltipla escolha<\/strong>, sobre o conte&uacute;do do pr&eacute;-requisito exigido.<br><br>Seguem para a<strong>&nbsp;segunda etapa<\/strong>&nbsp;aqueles que garantem a pontua&ccedil;&atilde;o m&iacute;nima exigida na etapa anterior e disposta em edital. Nela, os candidatos classificados s&atilde;o avaliados atrav&eacute;s de uma<strong>&nbsp;an&aacute;lise e argui&ccedil;&atilde;o curricular.<\/strong><br><br>O processo seletivo da FMABC conta com&nbsp;<strong>vagas ofertadas pela pr&oacute;pria institui&ccedil;&atilde;o e<\/strong>&nbsp;<strong>vagas ofertadas pela Secretaria Municipal de Sa&uacute;de de S&atilde;o Bernardo do Campo (SMS-SBC).<\/strong><\/p><p class=\"wp-block-preformatted\">Confira tudo sobre o processo seletivo da FMABC 2025: <a href=\"https:\/\/med.estrategia.com\/portal\/residencia-medica\/fmabc-residencia-medica\" target=\"_blank\">Resid&ecirc;ncia M&eacute;dica FMABC: edital 2025, vagas, cronograma e mais<\/a><\/p><p id=\"block-98b732c0-5012-47fb-8a66-78ae580131e0\" class=\"wp-block-preformatted\">Quer ter acesso a mais rela&ccedil;&otilde;es candidato\/vaga? N&atilde;o deixe de conferir: <a href=\"https:\/\/med.estrategia.com\/portal\/residencia-medica\/concorrencia-residencia-medica\/\" target=\"_blank\">Rela&ccedil;&atilde;o candidato\/vaga para Resid&ecirc;ncia M&eacute;dica: confira a concorr&ecirc;ncia dos principais seletivos!<\/a> e a <a href=\"https:\/\/med.estrategia.com\/portal\/noticias\/\" target=\"_blank\">p&aacute;gina de not&iacute;cias<\/a> do Portal do Estrat&eacute;gia MED<\/p><p>Para n&atilde;o perder nenhuma atualiza&ccedil;&atilde;o no universo da medicina e ficar por dentro dos seletivos de Resid&ecirc;ncia M&eacute;dica, de revalida&ccedil;&atilde;o de diplomas e conte&uacute;dos t&eacute;cnicos, continue acessando o&nbsp;<a href=\"https:\/\/med.estrategia.com\/portal\/\" target=\"_blank\">Portal do Estrat&eacute;gia MED<\/a>!&nbsp;<\/p><p>\n\n\n\n\n\n<a id=\"cta\" class=\"cta-imagem\" href=\"https:\/\/med.estrategia.com\/curso\/banco-de-questes-resumos-estrategicos-anual\/\" target=\"blank\">\n                <img decoding=\"async\" width=\"100%\" src=\"https:\/\/med.estrategia.com\/portal\/wp-content\/uploads\/2025\/08\/banco_questoes.png\" alt=\"banco_questoes\" title=\"banco_questoes\">\n        <\/a>\n<\/p><\/p>\n","protected":false},"excerpt":{"rendered":"Com base no documento oficial de inscri&ccedil;&otilde;es homologadas divulgado pela Faculdade de Medicina do ABC (FMABC), o Estrat&eacute;gia&hellip;\n","protected":false},"author":22,"featured_media":61887,"comment_status":"closed","ping_status":"closed","sticky":false,"template":"","format":"standard","meta":{"wl_entities_gutenberg":"","footnotes":""},"categories":[300],"tags":[],"wl_entity_type":[199],"class_list":{"0":"post-77964","1":"post","2":"type-post","3":"status-publish","4":"format-standard","5":"has-post-thumbnail","7":"category-noticias","8":"wl_entity_type-article"},"acf":[],"yoast_head":"<!-- This site is optimized with the Yoast SEO Premium plugin v26.6 (Yoast SEO v26.6) - https:\/\/yoast.com\/wordpress\/plugins\/seo\/ -->\n<title>FMABC 2025: veja a rela\u00e7\u00e3o candidato\/vaga do seletivo de resid\u00eancia m\u00e9dica<\/title>\n<meta name=\"description\" content=\"Quer descobrir a rela\u00e7\u00e3o candidato\/vaga do processo seletivo de resid\u00eancia m\u00e9dica da FMABC 2025? Confira agora mesmo com o Estrat\u00e9gia MED.\" \/>\n<meta name=\"robots\" content=\"index, follow, max-snippet:-1, max-image-preview:large, max-video-preview:-1\" \/>\n<link rel=\"canonical\" href=\"https:\/\/med.estrategia.com\/portal\/noticias\/fmabc-2025-veja-a-relacao-candidato-vaga-do-seletivo-de-residencia-medica\/\" \/>\n<meta property=\"og:locale\" content=\"pt_BR\" \/>\n<meta property=\"og:type\" content=\"article\" \/>\n<meta property=\"og:title\" content=\"FMABC 2025: veja a rela\u00e7\u00e3o candidato\/vaga do seletivo de resid\u00eancia m\u00e9dica\" \/>\n<meta property=\"og:description\" content=\"Quer descobrir a rela\u00e7\u00e3o candidato\/vaga do processo seletivo de resid\u00eancia m\u00e9dica da FMABC 2025? Confira agora mesmo com o Estrat\u00e9gia MED.\" \/>\n<meta property=\"og:url\" content=\"https:\/\/med.estrategia.com\/portal\/noticias\/fmabc-2025-veja-a-relacao-candidato-vaga-do-seletivo-de-residencia-medica\/\" \/>\n<meta property=\"og:site_name\" content=\"Estrat\u00e9gia MED\" \/>\n<meta property=\"article:publisher\" content=\"https:\/\/www.facebook.com\/estrategiamed1\" \/>\n<meta property=\"article:published_time\" content=\"2024-12-03T20:52:04+00:00\" \/>\n<meta property=\"article:modified_time\" content=\"2024-12-03T20:52:09+00:00\" \/>\n<meta property=\"og:image\" content=\"https:\/\/med.estrategia.com\/portal\/wp-content\/uploads\/2024\/04\/4-17.jpg\" \/>\n\t<meta property=\"og:image:width\" content=\"1920\" \/>\n\t<meta property=\"og:image:height\" content=\"1080\" \/>\n\t<meta property=\"og:image:type\" content=\"image\/jpeg\" \/>\n<meta name=\"author\" content=\"Erika Coelho\" \/>\n<meta name=\"twitter:card\" content=\"summary_large_image\" \/>\n<meta name=\"twitter:creator\" content=\"@estrategiamed_\" \/>\n<meta name=\"twitter:site\" content=\"@estrategiamed_\" \/>\n<meta name=\"twitter:label1\" content=\"Escrito por\" \/>\n\t<meta name=\"twitter:data1\" content=\"Erika Coelho\" \/>\n\t<meta name=\"twitter:label2\" content=\"Est. tempo de leitura\" \/>\n\t<meta name=\"twitter:data2\" content=\"3 minutos\" \/>\n<script type=\"application\/ld+json\" class=\"yoast-schema-graph\">{\"@context\":\"https:\/\/schema.org\",\"@graph\":[{\"@type\":\"WebPage\",\"@id\":\"https:\/\/med.estrategia.com\/portal\/noticias\/fmabc-2025-veja-a-relacao-candidato-vaga-do-seletivo-de-residencia-medica\/\",\"url\":\"https:\/\/med.estrategia.com\/portal\/noticias\/fmabc-2025-veja-a-relacao-candidato-vaga-do-seletivo-de-residencia-medica\/\",\"name\":\"FMABC 2025: veja a rela\u00e7\u00e3o candidato\/vaga do seletivo de resid\u00eancia m\u00e9dica\",\"isPartOf\":{\"@id\":\"https:\/\/med.estrategia.com\/portal\/#website\"},\"primaryImageOfPage\":{\"@id\":\"https:\/\/med.estrategia.com\/portal\/noticias\/fmabc-2025-veja-a-relacao-candidato-vaga-do-seletivo-de-residencia-medica\/#primaryimage\"},\"image\":{\"@id\":\"https:\/\/med.estrategia.com\/portal\/noticias\/fmabc-2025-veja-a-relacao-candidato-vaga-do-seletivo-de-residencia-medica\/#primaryimage\"},\"thumbnailUrl\":\"https:\/\/med.estrategia.com\/portal\/wp-content\/uploads\/2024\/04\/4-17.jpg\",\"datePublished\":\"2024-12-03T20:52:04+00:00\",\"dateModified\":\"2024-12-03T20:52:09+00:00\",\"author\":{\"@id\":\"https:\/\/med.estrategia.com\/portal\/#\/schema\/person\/8e7c9b2f53f2eede3b8880ad86ff20a3\"},\"description\":\"Quer descobrir a rela\u00e7\u00e3o candidato\/vaga do processo seletivo de resid\u00eancia m\u00e9dica da FMABC 2025? Confira agora mesmo com o Estrat\u00e9gia MED.\",\"breadcrumb\":{\"@id\":\"https:\/\/med.estrategia.com\/portal\/noticias\/fmabc-2025-veja-a-relacao-candidato-vaga-do-seletivo-de-residencia-medica\/#breadcrumb\"},\"inLanguage\":\"pt-BR\",\"potentialAction\":[{\"@type\":\"ReadAction\",\"target\":[\"https:\/\/med.estrategia.com\/portal\/noticias\/fmabc-2025-veja-a-relacao-candidato-vaga-do-seletivo-de-residencia-medica\/\"]}]},{\"@type\":\"ImageObject\",\"inLanguage\":\"pt-BR\",\"@id\":\"https:\/\/med.estrategia.com\/portal\/noticias\/fmabc-2025-veja-a-relacao-candidato-vaga-do-seletivo-de-residencia-medica\/#primaryimage\",\"url\":\"https:\/\/med.estrategia.com\/portal\/wp-content\/uploads\/2024\/04\/4-17.jpg\",\"contentUrl\":\"https:\/\/med.estrategia.com\/portal\/wp-content\/uploads\/2024\/04\/4-17.jpg\",\"width\":1920,\"height\":1080,\"caption\":\"Estrat\u00e9gia MED | Foto de divulga\u00e7\u00e3o: Funda\u00e7\u00e3o do ABC\"},{\"@type\":\"BreadcrumbList\",\"@id\":\"https:\/\/med.estrategia.com\/portal\/noticias\/fmabc-2025-veja-a-relacao-candidato-vaga-do-seletivo-de-residencia-medica\/#breadcrumb\",\"itemListElement\":[{\"@type\":\"ListItem\",\"position\":1,\"name\":\"Home\",\"item\":\"https:\/\/med.estrategia.com\/portal\/\"},{\"@type\":\"ListItem\",\"position\":2,\"name\":\"Not\u00edcias\",\"item\":\"https:\/\/med.estrategia.com\/portal\/noticias\/\"},{\"@type\":\"ListItem\",\"position\":3,\"name\":\"FMABC 2025: veja a rela\u00e7\u00e3o candidato\/vaga do seletivo de resid\u00eancia m\u00e9dica\"}]},{\"@type\":\"WebSite\",\"@id\":\"https:\/\/med.estrategia.com\/portal\/#website\",\"url\":\"https:\/\/med.estrategia.com\/portal\/\",\"name\":\"Estrat\u00e9gia MED\",\"description\":\"\",\"potentialAction\":[{\"@type\":\"SearchAction\",\"target\":{\"@type\":\"EntryPoint\",\"urlTemplate\":\"https:\/\/med.estrategia.com\/portal\/?s={search_term_string}\"},\"query-input\":{\"@type\":\"PropertyValueSpecification\",\"valueRequired\":true,\"valueName\":\"search_term_string\"}}],\"inLanguage\":\"pt-BR\"},{\"@type\":\"Person\",\"@id\":\"https:\/\/med.estrategia.com\/portal\/#\/schema\/person\/8e7c9b2f53f2eede3b8880ad86ff20a3\",\"name\":\"Erika Coelho\",\"image\":{\"@type\":\"ImageObject\",\"inLanguage\":\"pt-BR\",\"@id\":\"https:\/\/med.estrategia.com\/portal\/#\/schema\/person\/image\/\",\"url\":\"https:\/\/secure.gravatar.com\/avatar\/8ef9ff2e2fa53829c640cca8d1a45178?s=96&d=mm&r=g\",\"contentUrl\":\"https:\/\/secure.gravatar.com\/avatar\/8ef9ff2e2fa53829c640cca8d1a45178?s=96&d=mm&r=g\",\"caption\":\"Erika Coelho\"},\"description\":\"Jornalista pela Universidade Presbiteriana Mackenzie, escrevo sobre educa\u00e7\u00e3o, sa\u00fade e pol\u00edticas p\u00fablicas\",\"url\":\"https:\/\/med.estrategia.com\/portal\/author\/erika\/\"}]}<\/script>\n<!-- \/ Yoast SEO Premium plugin. -->","yoast_head_json":{"title":"FMABC 2025: veja a rela\u00e7\u00e3o candidato\/vaga do seletivo de resid\u00eancia m\u00e9dica","description":"Quer descobrir a rela\u00e7\u00e3o candidato\/vaga do processo seletivo de resid\u00eancia m\u00e9dica da FMABC 2025? Confira agora mesmo com o Estrat\u00e9gia MED.","robots":{"index":"index","follow":"follow","max-snippet":"max-snippet:-1","max-image-preview":"max-image-preview:large","max-video-preview":"max-video-preview:-1"},"canonical":"https:\/\/med.estrategia.com\/portal\/noticias\/fmabc-2025-veja-a-relacao-candidato-vaga-do-seletivo-de-residencia-medica\/","og_locale":"pt_BR","og_type":"article","og_title":"FMABC 2025: veja a rela\u00e7\u00e3o candidato\/vaga do seletivo de resid\u00eancia m\u00e9dica","og_description":"Quer descobrir a rela\u00e7\u00e3o candidato\/vaga do processo seletivo de resid\u00eancia m\u00e9dica da FMABC 2025? Confira agora mesmo com o Estrat\u00e9gia MED.","og_url":"https:\/\/med.estrategia.com\/portal\/noticias\/fmabc-2025-veja-a-relacao-candidato-vaga-do-seletivo-de-residencia-medica\/","og_site_name":"Estrat\u00e9gia MED","article_publisher":"https:\/\/www.facebook.com\/estrategiamed1","article_published_time":"2024-12-03T20:52:04+00:00","article_modified_time":"2024-12-03T20:52:09+00:00","og_image":[{"width":1920,"height":1080,"url":"https:\/\/med.estrategia.com\/portal\/wp-content\/uploads\/2024\/04\/4-17.jpg","type":"image\/jpeg"}],"author":"Erika Coelho","twitter_card":"summary_large_image","twitter_creator":"@estrategiamed_","twitter_site":"@estrategiamed_","twitter_misc":{"Escrito por":"Erika Coelho","Est. tempo de leitura":"3 minutos"},"schema":{"@context":"https:\/\/schema.org","@graph":[{"@type":"WebPage","@id":"https:\/\/med.estrategia.com\/portal\/noticias\/fmabc-2025-veja-a-relacao-candidato-vaga-do-seletivo-de-residencia-medica\/","url":"https:\/\/med.estrategia.com\/portal\/noticias\/fmabc-2025-veja-a-relacao-candidato-vaga-do-seletivo-de-residencia-medica\/","name":"FMABC 2025: veja a rela\u00e7\u00e3o candidato\/vaga do seletivo de resid\u00eancia m\u00e9dica","isPartOf":{"@id":"https:\/\/med.estrategia.com\/portal\/#website"},"primaryImageOfPage":{"@id":"https:\/\/med.estrategia.com\/portal\/noticias\/fmabc-2025-veja-a-relacao-candidato-vaga-do-seletivo-de-residencia-medica\/#primaryimage"},"image":{"@id":"https:\/\/med.estrategia.com\/portal\/noticias\/fmabc-2025-veja-a-relacao-candidato-vaga-do-seletivo-de-residencia-medica\/#primaryimage"},"thumbnailUrl":"https:\/\/med.estrategia.com\/portal\/wp-content\/uploads\/2024\/04\/4-17.jpg","datePublished":"2024-12-03T20:52:04+00:00","dateModified":"2024-12-03T20:52:09+00:00","author":{"@id":"https:\/\/med.estrategia.com\/portal\/#\/schema\/person\/8e7c9b2f53f2eede3b8880ad86ff20a3"},"description":"Quer descobrir a rela\u00e7\u00e3o candidato\/vaga do processo seletivo de resid\u00eancia m\u00e9dica da FMABC 2025? Confira agora mesmo com o Estrat\u00e9gia MED.","breadcrumb":{"@id":"https:\/\/med.estrategia.com\/portal\/noticias\/fmabc-2025-veja-a-relacao-candidato-vaga-do-seletivo-de-residencia-medica\/#breadcrumb"},"inLanguage":"pt-BR","potentialAction":[{"@type":"ReadAction","target":["https:\/\/med.estrategia.com\/portal\/noticias\/fmabc-2025-veja-a-relacao-candidato-vaga-do-seletivo-de-residencia-medica\/"]}]},{"@type":"ImageObject","inLanguage":"pt-BR","@id":"https:\/\/med.estrategia.com\/portal\/noticias\/fmabc-2025-veja-a-relacao-candidato-vaga-do-seletivo-de-residencia-medica\/#primaryimage","url":"https:\/\/med.estrategia.com\/portal\/wp-content\/uploads\/2024\/04\/4-17.jpg","contentUrl":"https:\/\/med.estrategia.com\/portal\/wp-content\/uploads\/2024\/04\/4-17.jpg","width":1920,"height":1080,"caption":"Estrat\u00e9gia MED | Foto de divulga\u00e7\u00e3o: Funda\u00e7\u00e3o do ABC"},{"@type":"BreadcrumbList","@id":"https:\/\/med.estrategia.com\/portal\/noticias\/fmabc-2025-veja-a-relacao-candidato-vaga-do-seletivo-de-residencia-medica\/#breadcrumb","itemListElement":[{"@type":"ListItem","position":1,"name":"Home","item":"https:\/\/med.estrategia.com\/portal\/"},{"@type":"ListItem","position":2,"name":"Not\u00edcias","item":"https:\/\/med.estrategia.com\/portal\/noticias\/"},{"@type":"ListItem","position":3,"name":"FMABC 2025: veja a rela\u00e7\u00e3o candidato\/vaga do seletivo de resid\u00eancia m\u00e9dica"}]},{"@type":"WebSite","@id":"https:\/\/med.estrategia.com\/portal\/#website","url":"https:\/\/med.estrategia.com\/portal\/","name":"Estrat\u00e9gia MED","description":"","potentialAction":[{"@type":"SearchAction","target":{"@type":"EntryPoint","urlTemplate":"https:\/\/med.estrategia.com\/portal\/?s={search_term_string}"},"query-input":{"@type":"PropertyValueSpecification","valueRequired":true,"valueName":"search_term_string"}}],"inLanguage":"pt-BR"},{"@type":"Person","@id":"https:\/\/med.estrategia.com\/portal\/#\/schema\/person\/8e7c9b2f53f2eede3b8880ad86ff20a3","name":"Erika Coelho","image":{"@type":"ImageObject","inLanguage":"pt-BR","@id":"https:\/\/med.estrategia.com\/portal\/#\/schema\/person\/image\/","url":"https:\/\/secure.gravatar.com\/avatar\/8ef9ff2e2fa53829c640cca8d1a45178?s=96&d=mm&r=g","contentUrl":"https:\/\/secure.gravatar.com\/avatar\/8ef9ff2e2fa53829c640cca8d1a45178?s=96&d=mm&r=g","caption":"Erika Coelho"},"description":"Jornalista pela Universidade Presbiteriana Mackenzie, escrevo sobre educa\u00e7\u00e3o, sa\u00fade e pol\u00edticas p\u00fablicas","url":"https:\/\/med.estrategia.com\/portal\/author\/erika\/"}]}},"_wl_alt_label":[],"wl:entity_url":"\/post\/fmabc-2025-veja-a-relacao-candidato-vaga-do-seletivo-de-residencia-medica","_links":{"self":[{"href":"https:\/\/med.estrategia.com\/portal\/wp-json\/wp\/v2\/posts\/77964","targetHints":{"allow":["GET"]}}],"collection":[{"href":"https:\/\/med.estrategia.com\/portal\/wp-json\/wp\/v2\/posts"}],"about":[{"href":"https:\/\/med.estrategia.com\/portal\/wp-json\/wp\/v2\/types\/post"}],"author":[{"embeddable":true,"href":"https:\/\/med.estrategia.com\/portal\/wp-json\/wp\/v2\/users\/22"}],"replies":[{"embeddable":true,"href":"https:\/\/med.estrategia.com\/portal\/wp-json\/wp\/v2\/comments?post=77964"}],"version-history":[{"count":2,"href":"https:\/\/med.estrategia.com\/portal\/wp-json\/wp\/v2\/posts\/77964\/revisions"}],"predecessor-version":[{"id":77974,"href":"https:\/\/med.estrategia.com\/portal\/wp-json\/wp\/v2\/posts\/77964\/revisions\/77974"}],"wp:featuredmedia":[{"embeddable":true,"href":"https:\/\/med.estrategia.com\/portal\/wp-json\/wp\/v2\/media\/61887"}],"wp:attachment":[{"href":"https:\/\/med.estrategia.com\/portal\/wp-json\/wp\/v2\/media?parent=77964"}],"wp:term":[{"taxonomy":"category","embeddable":true,"href":"https:\/\/med.estrategia.com\/portal\/wp-json\/wp\/v2\/categories?post=77964"},{"taxonomy":"post_tag","embeddable":true,"href":"https:\/\/med.estrategia.com\/portal\/wp-json\/wp\/v2\/tags?post=77964"},{"taxonomy":"wl_entity_type","embeddable":true,"href":"https:\/\/med.estrategia.com\/portal\/wp-json\/wp\/v2\/wl_entity_type?post=77964"}],"curies":[{"name":"wp","href":"https:\/\/api.w.org\/{rel}","templated":true}]}}