{"id":78070,"date":"2024-12-04T18:11:12","date_gmt":"2024-12-04T21:11:12","guid":{"rendered":"https:\/\/med.estrategia.com\/portal\/?p=78070"},"modified":"2025-01-28T07:32:53","modified_gmt":"2025-01-28T10:32:53","slug":"apos-inconsistencia-no-gabarito-pos-recursos-enare-anulara-questao-de-prova-objetiva-2025","status":"publish","type":"post","link":"https:\/\/med.estrategia.com\/portal\/noticias\/apos-inconsistencia-no-gabarito-pos-recursos-enare-anulara-questao-de-prova-objetiva-2025\/","title":{"rendered":"Ap\u00f3s inconsist\u00eancia no gabarito p\u00f3s-recursos, Enare anula quest\u00e3o da prova objetiva 2025"},"content":{"rendered":"<p>Com a publica&ccedil;&atilde;o do gabarito p&oacute;s-recursos da 5&ordf; edi&ccedil;&atilde;o do Exame Nacional de Resid&ecirc;ncia (ENARE), candidatos notaram que uma das quest&otilde;es da prova objetiva aplicada para Acesso Direto &ndash; que abria margem para mais de um gabarito correto &ndash; <strong>teve seu recurso deferido, por&eacute;m, a anula&ccedil;&atilde;o n&atilde;o foi considerada no documento oficial do gabarito<\/strong>. Ap&oacute;s o epis&oacute;dio, a Ebserh emitiu nesta quarta-feira (04) um comunicado anunciando que<strong> a Funda&ccedil;&atilde;o Getulio Vargas (FGV) j&aacute; est&aacute; ciente da inconsist&ecirc;ncia<\/strong>. A quest&atilde;o em pauta diverge de acordo com o tipo de prova, sendo ela:<ul class=\"wp-block-list\">\n<li>Prova tipo 1 &ndash; quest&atilde;o 16;<\/li>\n\n\n\n<li>Prova tipo 2 &ndash; quest&atilde;o 17;<\/li>\n\n\n\n<li>Prova tipo 3 &ndash; quest&atilde;o 12; ou<\/li>\n\n\n\n<li>Prova tipo 4 &ndash; quest&atilde;o 19.<\/li>\n<\/ul><div class=\"wp-block-image\">\n<figure class=\"aligncenter size-full\"><img decoding=\"async\" width=\"512\" height=\"294\" src=\"https:\/\/med.estrategia.com\/portal\/wp-content\/uploads\/2024\/12\/unnamed-1.png\" alt=\"\" class=\"wp-image-78096\"><figcaption class=\"wp-element-caption\">Quest&atilde;o anulada Enare 2024\/2025 (prova tipo 1 &ndash; acesso direto)<\/figcaption><\/figure><\/div><p>Assim, a banca informa que o <strong>gabarito definitivo foi retificado, considerando a anula&ccedil;&atilde;o da quest&atilde;o<\/strong>. Desta forma, o resultado definitivo da prova objetiva considerar&aacute; a anula&ccedil;&atilde;o da quest&atilde;o e <strong>todos os candidatos ter&atilde;o os seus resultados recalculados<\/strong>. Confira o comunicado oficial:<\/p><div class=\"wp-block-buttons is-content-justification-center is-layout-flex wp-container-core-buttons-is-layout-1 wp-block-buttons-is-layout-flex\">\n<div class=\"wp-block-button\"><a class=\"wp-block-button__link wp-element-button\" href=\"https:\/\/cdn.medblog.estrategiaeducacional.com.br\/wp-content\/uploads\/2024\/12\/Comunicadoanulacaomedica.pdf\" target=\"_blank\">anula&ccedil;&atilde;o de quest&atilde;o enare 2024\/2025<\/a><\/div>\n\n\n\n<div class=\"wp-block-button\"><a class=\"wp-block-button__link wp-element-button\" href=\"https:\/\/med.estrategia.com\/portal\/wp-content\/uploads\/2024\/12\/ENARE-2024-Gabarito-Definitivo-Medica-1.pdf\" target=\"_blank\">GABARITO DEFINITIVO RETIFICADO &ndash; 04\/12\/2024<\/a><\/div>\n<\/div><div id=\"ez-toc-container\" class=\"ez-toc-v2_0_79_2 counter-hierarchy ez-toc-counter ez-toc-transparent ez-toc-container-direction\">\n<div class=\"ez-toc-title-container\"><p class=\"ez-toc-title\" style=\"cursor:inherit\">Navegue pelo conte\u00fado<\/p>\n<\/div><nav><ul class='ez-toc-list ez-toc-list-level-1 ' ><li class='ez-toc-page-1 ez-toc-heading-level-2'><a class=\"ez-toc-link ez-toc-heading-1\" href=\"https:\/\/med.estrategia.com\/portal\/noticias\/apos-inconsistencia-no-gabarito-pos-recursos-enare-anulara-questao-de-prova-objetiva-2025\/#Cronograma-Enare-20242025\" >Cronograma Enare 2024\/2025<\/a><\/li><li class='ez-toc-page-1 ez-toc-heading-level-2'><a class=\"ez-toc-link ez-toc-heading-2\" href=\"https:\/\/med.estrategia.com\/portal\/noticias\/apos-inconsistencia-no-gabarito-pos-recursos-enare-anulara-questao-de-prova-objetiva-2025\/#Como-foi-a-prova-objetiva-do-Enare\" >Como foi a prova objetiva do Enare?<\/a><\/li><\/ul><\/nav><\/div>\n<h2 class=\"wp-block-heading\" id=\"h-cronograma-enare-2024-2025\"><span class=\"ez-toc-section\" id=\"Cronograma-Enare-20242025\"><\/span>Cronograma Enare 2024\/2025<span class=\"ez-toc-section-end\"><\/span><\/h2><p>Acesse o cronograma completo do Enare 2024\/2025, incluindo as retifica&ccedil;&otilde;es, clicando no bot&atilde;o abaixo:<\/p><div class=\"wp-block-buttons is-content-justification-center is-layout-flex wp-container-core-buttons-is-layout-2 wp-block-buttons-is-layout-flex\">\n<div class=\"wp-block-button\"><a class=\"wp-block-button__link wp-element-button\" href=\"https:\/\/med.estrategia.com\/portal\/residencia-medica\/enare-vagas-cronograma-provas-edital\/#Cronograma-Enare-20242025\" target=\"_blank\">Cronograma Enare 2024\/2025<\/a><\/div>\n<\/div><h2 class=\"wp-block-heading\" id=\"h-como-foi-a-prova-objetiva-do-enare\"><span class=\"ez-toc-section\" id=\"Como-foi-a-prova-objetiva-do-Enare\"><\/span>Como foi a prova objetiva do Enare?<span class=\"ez-toc-section-end\"><\/span><\/h2><p>A prova<strong>&nbsp;te&oacute;rico-objetiva&nbsp;<\/strong>foi constitu&iacute;da de&nbsp;<strong>quest&otilde;es de m&uacute;ltipla escolha<\/strong>, cada uma delas com&nbsp;<strong>cinco alternativas<\/strong>&nbsp;e apenas uma correta. O formato da avalia&ccedil;&atilde;o foi diferente para os candidatos &agrave;s especialidades de Acesso Direto e com Pr&eacute;-Requisito, por&eacute;m as duas provas aconteceram no mesmo dia:&nbsp;<strong>20 de outubro de 2024<\/strong>. <\/p><p>Para as especialidades de Acesso Direto, a prova foi composta por&nbsp;<strong>100 quest&otilde;es<\/strong>, distribu&iacute;das igualmente e abordando as grandes &aacute;reas da medicina:&nbsp;<strong>Cirurgia Geral, Cl&iacute;nica M&eacute;dica, Ginecologia e Obstetr&iacute;cia, Medicina Preventiva e Social e Pediatria.<\/strong><\/p><p class=\"wp-block-preformatted\">Tudo sobre o processo seletivo: <a href=\"https:\/\/med.estrategia.com\/portal\/residencia-medica\/enare-vagas-cronograma-provas-edital\/\" target=\"_blank\">Enare 2025: edital, cronograma, vagas de resid&ecirc;ncia m&eacute;dica, prova e mais<\/a><\/p><p id=\"block-8ba2835b-4e31-44f0-9250-e6b372eeaf91\" class=\"wp-block-preformatted\">Concorr&ecirc;ncia de cada especialidade da edi&ccedil;&atilde;o: <a href=\"https:\/\/med.estrategia.com\/portal\/residencia-medica\/enare-relacao-candidato-vaga\/\" target=\"_blank\">ENARE 2024\/2025: confira a rela&ccedil;&atilde;o candidato\/vaga<\/a><\/p><p id=\"block-8ba2835b-4e31-44f0-9250-e6b372eeaf91\" class=\"wp-block-preformatted\">Nota de corte da &uacute;ltima edi&ccedil;&atilde;o finalizada: <a href=\"https:\/\/med.estrategia.com\/portal\/residencia-medica\/nota-de-corte-enare\/\" target=\"_blank\">Nota de Corte Enare 2023\/2024: veja as pontua&ccedil;&otilde;es m&iacute;nimas do exame<\/a><\/p><p>Para n&atilde;o perder nenhuma atualiza&ccedil;&atilde;o no universo da medicina e ficar por dentro dos seletivos de Resid&ecirc;ncia M&eacute;dica, de revalida&ccedil;&atilde;o de diplomas e conte&uacute;dos t&eacute;cnicos, continue acessando o&nbsp;<a href=\"https:\/\/med.estrategia.com\/portal\/\" target=\"_blank\">Portal do Estrat&eacute;gia MED<\/a>!&nbsp;<\/p><p>\n\n\n\n\n\n<a id=\"cta\" class=\"cta-imagem\" href=\"https:\/\/med.estrategia.com\/curso\/banco-de-questes-resumos-estrategicos-anual\/\" target=\"blank\">\n                <img decoding=\"async\" width=\"100%\" src=\"https:\/\/med.estrategia.com\/portal\/wp-content\/uploads\/2025\/08\/banco_questoes.png\" alt=\"banco_questoes\" title=\"banco_questoes\">\n        <\/a>\n<\/p><\/p>\n","protected":false},"excerpt":{"rendered":"O resultado da prova objetiva ser\u00e1 recalculado levando em considera\u00e7\u00e3o a anula\u00e7\u00e3o da quest\u00e3o; a nota definitiva ser\u00e1 publicada em 20 de dezembro de 2024\n","protected":false},"author":22,"featured_media":60635,"comment_status":"closed","ping_status":"closed","sticky":false,"template":"","format":"standard","meta":{"wl_entities_gutenberg":"","footnotes":""},"categories":[300],"tags":[],"wl_entity_type":[199],"class_list":{"0":"post-78070","1":"post","2":"type-post","3":"status-publish","4":"format-standard","5":"has-post-thumbnail","7":"category-noticias","8":"wl_entity_type-article"},"acf":[],"yoast_head":"<!-- This site is optimized with the Yoast SEO Premium plugin v26.6 (Yoast SEO v26.6) - https:\/\/yoast.com\/wordpress\/plugins\/seo\/ -->\n<title>Ap\u00f3s inconsist\u00eancia no gabarito p\u00f3s-recursos, Enare anula quest\u00e3o da prova objetiva 2025<\/title>\n<meta name=\"description\" content=\"Ap\u00f3s inconsist\u00eancia no gabarito p\u00f3s-recursos, Enare anular\u00e1 quest\u00e3o da prova objetiva 2025. Saiba mais sobre o caso no Portal EMED!\" \/>\n<meta name=\"robots\" content=\"index, follow, max-snippet:-1, max-image-preview:large, max-video-preview:-1\" \/>\n<link rel=\"canonical\" href=\"https:\/\/med.estrategia.com\/portal\/noticias\/apos-inconsistencia-no-gabarito-pos-recursos-enare-anulara-questao-de-prova-objetiva-2025\/\" \/>\n<meta property=\"og:locale\" content=\"pt_BR\" \/>\n<meta property=\"og:type\" content=\"article\" \/>\n<meta property=\"og:title\" content=\"Ap\u00f3s inconsist\u00eancia no gabarito p\u00f3s-recursos, Enare anula quest\u00e3o da prova objetiva 2025\" \/>\n<meta property=\"og:description\" content=\"Ap\u00f3s inconsist\u00eancia no gabarito p\u00f3s-recursos, Enare anular\u00e1 quest\u00e3o da prova objetiva 2025. Saiba mais sobre o caso no Portal EMED!\" \/>\n<meta property=\"og:url\" content=\"https:\/\/med.estrategia.com\/portal\/noticias\/apos-inconsistencia-no-gabarito-pos-recursos-enare-anulara-questao-de-prova-objetiva-2025\/\" \/>\n<meta property=\"og:site_name\" content=\"Estrat\u00e9gia MED\" \/>\n<meta property=\"article:publisher\" content=\"https:\/\/www.facebook.com\/estrategiamed1\" \/>\n<meta property=\"article:published_time\" content=\"2024-12-04T21:11:12+00:00\" \/>\n<meta property=\"article:modified_time\" content=\"2025-01-28T10:32:53+00:00\" \/>\n<meta property=\"og:image\" content=\"https:\/\/med.estrategia.com\/portal\/wp-content\/uploads\/2024\/04\/4.jpg\" \/>\n\t<meta property=\"og:image:width\" content=\"1920\" \/>\n\t<meta property=\"og:image:height\" content=\"1080\" \/>\n\t<meta property=\"og:image:type\" content=\"image\/jpeg\" \/>\n<meta name=\"author\" content=\"Erika Coelho\" \/>\n<meta name=\"twitter:card\" content=\"summary_large_image\" \/>\n<meta name=\"twitter:creator\" content=\"@estrategiamed_\" \/>\n<meta name=\"twitter:site\" content=\"@estrategiamed_\" \/>\n<meta name=\"twitter:label1\" content=\"Escrito por\" \/>\n\t<meta name=\"twitter:data1\" content=\"Erika Coelho\" \/>\n\t<meta name=\"twitter:label2\" content=\"Est. tempo de leitura\" \/>\n\t<meta name=\"twitter:data2\" content=\"2 minutos\" \/>\n<script type=\"application\/ld+json\" class=\"yoast-schema-graph\">{\"@context\":\"https:\/\/schema.org\",\"@graph\":[{\"@type\":\"WebPage\",\"@id\":\"https:\/\/med.estrategia.com\/portal\/noticias\/apos-inconsistencia-no-gabarito-pos-recursos-enare-anulara-questao-de-prova-objetiva-2025\/\",\"url\":\"https:\/\/med.estrategia.com\/portal\/noticias\/apos-inconsistencia-no-gabarito-pos-recursos-enare-anulara-questao-de-prova-objetiva-2025\/\",\"name\":\"Ap\u00f3s inconsist\u00eancia no gabarito p\u00f3s-recursos, Enare anula quest\u00e3o da prova objetiva 2025\",\"isPartOf\":{\"@id\":\"https:\/\/med.estrategia.com\/portal\/#website\"},\"primaryImageOfPage\":{\"@id\":\"https:\/\/med.estrategia.com\/portal\/noticias\/apos-inconsistencia-no-gabarito-pos-recursos-enare-anulara-questao-de-prova-objetiva-2025\/#primaryimage\"},\"image\":{\"@id\":\"https:\/\/med.estrategia.com\/portal\/noticias\/apos-inconsistencia-no-gabarito-pos-recursos-enare-anulara-questao-de-prova-objetiva-2025\/#primaryimage\"},\"thumbnailUrl\":\"https:\/\/med.estrategia.com\/portal\/wp-content\/uploads\/2024\/04\/4.jpg\",\"datePublished\":\"2024-12-04T21:11:12+00:00\",\"dateModified\":\"2025-01-28T10:32:53+00:00\",\"author\":{\"@id\":\"https:\/\/med.estrategia.com\/portal\/#\/schema\/person\/8e7c9b2f53f2eede3b8880ad86ff20a3\"},\"description\":\"Ap\u00f3s inconsist\u00eancia no gabarito p\u00f3s-recursos, Enare anular\u00e1 quest\u00e3o da prova objetiva 2025. Saiba mais sobre o caso no Portal EMED!\",\"breadcrumb\":{\"@id\":\"https:\/\/med.estrategia.com\/portal\/noticias\/apos-inconsistencia-no-gabarito-pos-recursos-enare-anulara-questao-de-prova-objetiva-2025\/#breadcrumb\"},\"inLanguage\":\"pt-BR\",\"potentialAction\":[{\"@type\":\"ReadAction\",\"target\":[\"https:\/\/med.estrategia.com\/portal\/noticias\/apos-inconsistencia-no-gabarito-pos-recursos-enare-anulara-questao-de-prova-objetiva-2025\/\"]}]},{\"@type\":\"ImageObject\",\"inLanguage\":\"pt-BR\",\"@id\":\"https:\/\/med.estrategia.com\/portal\/noticias\/apos-inconsistencia-no-gabarito-pos-recursos-enare-anulara-questao-de-prova-objetiva-2025\/#primaryimage\",\"url\":\"https:\/\/med.estrategia.com\/portal\/wp-content\/uploads\/2024\/04\/4.jpg\",\"contentUrl\":\"https:\/\/med.estrategia.com\/portal\/wp-content\/uploads\/2024\/04\/4.jpg\",\"width\":1920,\"height\":1080,\"caption\":\"Estrat\u00e9gia MED | Foto: UFMG\"},{\"@type\":\"BreadcrumbList\",\"@id\":\"https:\/\/med.estrategia.com\/portal\/noticias\/apos-inconsistencia-no-gabarito-pos-recursos-enare-anulara-questao-de-prova-objetiva-2025\/#breadcrumb\",\"itemListElement\":[{\"@type\":\"ListItem\",\"position\":1,\"name\":\"Home\",\"item\":\"https:\/\/med.estrategia.com\/portal\/\"},{\"@type\":\"ListItem\",\"position\":2,\"name\":\"Not\u00edcias\",\"item\":\"https:\/\/med.estrategia.com\/portal\/noticias\/\"},{\"@type\":\"ListItem\",\"position\":3,\"name\":\"Ap\u00f3s inconsist\u00eancia no gabarito p\u00f3s-recursos, Enare anula quest\u00e3o da prova objetiva 2025\"}]},{\"@type\":\"WebSite\",\"@id\":\"https:\/\/med.estrategia.com\/portal\/#website\",\"url\":\"https:\/\/med.estrategia.com\/portal\/\",\"name\":\"Estrat\u00e9gia MED\",\"description\":\"\",\"potentialAction\":[{\"@type\":\"SearchAction\",\"target\":{\"@type\":\"EntryPoint\",\"urlTemplate\":\"https:\/\/med.estrategia.com\/portal\/?s={search_term_string}\"},\"query-input\":{\"@type\":\"PropertyValueSpecification\",\"valueRequired\":true,\"valueName\":\"search_term_string\"}}],\"inLanguage\":\"pt-BR\"},{\"@type\":\"Person\",\"@id\":\"https:\/\/med.estrategia.com\/portal\/#\/schema\/person\/8e7c9b2f53f2eede3b8880ad86ff20a3\",\"name\":\"Erika Coelho\",\"image\":{\"@type\":\"ImageObject\",\"inLanguage\":\"pt-BR\",\"@id\":\"https:\/\/med.estrategia.com\/portal\/#\/schema\/person\/image\/\",\"url\":\"https:\/\/secure.gravatar.com\/avatar\/8ef9ff2e2fa53829c640cca8d1a45178?s=96&d=mm&r=g\",\"contentUrl\":\"https:\/\/secure.gravatar.com\/avatar\/8ef9ff2e2fa53829c640cca8d1a45178?s=96&d=mm&r=g\",\"caption\":\"Erika Coelho\"},\"description\":\"Jornalista pela Universidade Presbiteriana Mackenzie, escrevo sobre educa\u00e7\u00e3o, sa\u00fade e pol\u00edticas p\u00fablicas\",\"url\":\"https:\/\/med.estrategia.com\/portal\/author\/erika\/\"}]}<\/script>\n<!-- \/ Yoast SEO Premium plugin. -->","yoast_head_json":{"title":"Ap\u00f3s inconsist\u00eancia no gabarito p\u00f3s-recursos, Enare anula quest\u00e3o da prova objetiva 2025","description":"Ap\u00f3s inconsist\u00eancia no gabarito p\u00f3s-recursos, Enare anular\u00e1 quest\u00e3o da prova objetiva 2025. Saiba mais sobre o caso no Portal EMED!","robots":{"index":"index","follow":"follow","max-snippet":"max-snippet:-1","max-image-preview":"max-image-preview:large","max-video-preview":"max-video-preview:-1"},"canonical":"https:\/\/med.estrategia.com\/portal\/noticias\/apos-inconsistencia-no-gabarito-pos-recursos-enare-anulara-questao-de-prova-objetiva-2025\/","og_locale":"pt_BR","og_type":"article","og_title":"Ap\u00f3s inconsist\u00eancia no gabarito p\u00f3s-recursos, Enare anula quest\u00e3o da prova objetiva 2025","og_description":"Ap\u00f3s inconsist\u00eancia no gabarito p\u00f3s-recursos, Enare anular\u00e1 quest\u00e3o da prova objetiva 2025. Saiba mais sobre o caso no Portal EMED!","og_url":"https:\/\/med.estrategia.com\/portal\/noticias\/apos-inconsistencia-no-gabarito-pos-recursos-enare-anulara-questao-de-prova-objetiva-2025\/","og_site_name":"Estrat\u00e9gia MED","article_publisher":"https:\/\/www.facebook.com\/estrategiamed1","article_published_time":"2024-12-04T21:11:12+00:00","article_modified_time":"2025-01-28T10:32:53+00:00","og_image":[{"width":1920,"height":1080,"url":"https:\/\/med.estrategia.com\/portal\/wp-content\/uploads\/2024\/04\/4.jpg","type":"image\/jpeg"}],"author":"Erika Coelho","twitter_card":"summary_large_image","twitter_creator":"@estrategiamed_","twitter_site":"@estrategiamed_","twitter_misc":{"Escrito por":"Erika Coelho","Est. tempo de leitura":"2 minutos"},"schema":{"@context":"https:\/\/schema.org","@graph":[{"@type":"WebPage","@id":"https:\/\/med.estrategia.com\/portal\/noticias\/apos-inconsistencia-no-gabarito-pos-recursos-enare-anulara-questao-de-prova-objetiva-2025\/","url":"https:\/\/med.estrategia.com\/portal\/noticias\/apos-inconsistencia-no-gabarito-pos-recursos-enare-anulara-questao-de-prova-objetiva-2025\/","name":"Ap\u00f3s inconsist\u00eancia no gabarito p\u00f3s-recursos, Enare anula quest\u00e3o da prova objetiva 2025","isPartOf":{"@id":"https:\/\/med.estrategia.com\/portal\/#website"},"primaryImageOfPage":{"@id":"https:\/\/med.estrategia.com\/portal\/noticias\/apos-inconsistencia-no-gabarito-pos-recursos-enare-anulara-questao-de-prova-objetiva-2025\/#primaryimage"},"image":{"@id":"https:\/\/med.estrategia.com\/portal\/noticias\/apos-inconsistencia-no-gabarito-pos-recursos-enare-anulara-questao-de-prova-objetiva-2025\/#primaryimage"},"thumbnailUrl":"https:\/\/med.estrategia.com\/portal\/wp-content\/uploads\/2024\/04\/4.jpg","datePublished":"2024-12-04T21:11:12+00:00","dateModified":"2025-01-28T10:32:53+00:00","author":{"@id":"https:\/\/med.estrategia.com\/portal\/#\/schema\/person\/8e7c9b2f53f2eede3b8880ad86ff20a3"},"description":"Ap\u00f3s inconsist\u00eancia no gabarito p\u00f3s-recursos, Enare anular\u00e1 quest\u00e3o da prova objetiva 2025. Saiba mais sobre o caso no Portal EMED!","breadcrumb":{"@id":"https:\/\/med.estrategia.com\/portal\/noticias\/apos-inconsistencia-no-gabarito-pos-recursos-enare-anulara-questao-de-prova-objetiva-2025\/#breadcrumb"},"inLanguage":"pt-BR","potentialAction":[{"@type":"ReadAction","target":["https:\/\/med.estrategia.com\/portal\/noticias\/apos-inconsistencia-no-gabarito-pos-recursos-enare-anulara-questao-de-prova-objetiva-2025\/"]}]},{"@type":"ImageObject","inLanguage":"pt-BR","@id":"https:\/\/med.estrategia.com\/portal\/noticias\/apos-inconsistencia-no-gabarito-pos-recursos-enare-anulara-questao-de-prova-objetiva-2025\/#primaryimage","url":"https:\/\/med.estrategia.com\/portal\/wp-content\/uploads\/2024\/04\/4.jpg","contentUrl":"https:\/\/med.estrategia.com\/portal\/wp-content\/uploads\/2024\/04\/4.jpg","width":1920,"height":1080,"caption":"Estrat\u00e9gia MED | Foto: UFMG"},{"@type":"BreadcrumbList","@id":"https:\/\/med.estrategia.com\/portal\/noticias\/apos-inconsistencia-no-gabarito-pos-recursos-enare-anulara-questao-de-prova-objetiva-2025\/#breadcrumb","itemListElement":[{"@type":"ListItem","position":1,"name":"Home","item":"https:\/\/med.estrategia.com\/portal\/"},{"@type":"ListItem","position":2,"name":"Not\u00edcias","item":"https:\/\/med.estrategia.com\/portal\/noticias\/"},{"@type":"ListItem","position":3,"name":"Ap\u00f3s inconsist\u00eancia no gabarito p\u00f3s-recursos, Enare anula quest\u00e3o da prova objetiva 2025"}]},{"@type":"WebSite","@id":"https:\/\/med.estrategia.com\/portal\/#website","url":"https:\/\/med.estrategia.com\/portal\/","name":"Estrat\u00e9gia MED","description":"","potentialAction":[{"@type":"SearchAction","target":{"@type":"EntryPoint","urlTemplate":"https:\/\/med.estrategia.com\/portal\/?s={search_term_string}"},"query-input":{"@type":"PropertyValueSpecification","valueRequired":true,"valueName":"search_term_string"}}],"inLanguage":"pt-BR"},{"@type":"Person","@id":"https:\/\/med.estrategia.com\/portal\/#\/schema\/person\/8e7c9b2f53f2eede3b8880ad86ff20a3","name":"Erika Coelho","image":{"@type":"ImageObject","inLanguage":"pt-BR","@id":"https:\/\/med.estrategia.com\/portal\/#\/schema\/person\/image\/","url":"https:\/\/secure.gravatar.com\/avatar\/8ef9ff2e2fa53829c640cca8d1a45178?s=96&d=mm&r=g","contentUrl":"https:\/\/secure.gravatar.com\/avatar\/8ef9ff2e2fa53829c640cca8d1a45178?s=96&d=mm&r=g","caption":"Erika Coelho"},"description":"Jornalista pela Universidade Presbiteriana Mackenzie, escrevo sobre educa\u00e7\u00e3o, sa\u00fade e pol\u00edticas p\u00fablicas","url":"https:\/\/med.estrategia.com\/portal\/author\/erika\/"}]}},"_wl_alt_label":[],"wl:entity_url":"\/post\/apos-inconsistencia-no-gabarito-pos-recursos-enare-anulara-questao-de-prova-objetiva-2025","_links":{"self":[{"href":"https:\/\/med.estrategia.com\/portal\/wp-json\/wp\/v2\/posts\/78070","targetHints":{"allow":["GET"]}}],"collection":[{"href":"https:\/\/med.estrategia.com\/portal\/wp-json\/wp\/v2\/posts"}],"about":[{"href":"https:\/\/med.estrategia.com\/portal\/wp-json\/wp\/v2\/types\/post"}],"author":[{"embeddable":true,"href":"https:\/\/med.estrategia.com\/portal\/wp-json\/wp\/v2\/users\/22"}],"replies":[{"embeddable":true,"href":"https:\/\/med.estrategia.com\/portal\/wp-json\/wp\/v2\/comments?post=78070"}],"version-history":[{"count":12,"href":"https:\/\/med.estrategia.com\/portal\/wp-json\/wp\/v2\/posts\/78070\/revisions"}],"predecessor-version":[{"id":81441,"href":"https:\/\/med.estrategia.com\/portal\/wp-json\/wp\/v2\/posts\/78070\/revisions\/81441"}],"wp:featuredmedia":[{"embeddable":true,"href":"https:\/\/med.estrategia.com\/portal\/wp-json\/wp\/v2\/media\/60635"}],"wp:attachment":[{"href":"https:\/\/med.estrategia.com\/portal\/wp-json\/wp\/v2\/media?parent=78070"}],"wp:term":[{"taxonomy":"category","embeddable":true,"href":"https:\/\/med.estrategia.com\/portal\/wp-json\/wp\/v2\/categories?post=78070"},{"taxonomy":"post_tag","embeddable":true,"href":"https:\/\/med.estrategia.com\/portal\/wp-json\/wp\/v2\/tags?post=78070"},{"taxonomy":"wl_entity_type","embeddable":true,"href":"https:\/\/med.estrategia.com\/portal\/wp-json\/wp\/v2\/wl_entity_type?post=78070"}],"curies":[{"name":"wp","href":"https:\/\/api.w.org\/{rel}","templated":true}]}}