{"id":78605,"date":"2024-12-11T15:41:30","date_gmt":"2024-12-11T18:41:30","guid":{"rendered":"https:\/\/med.estrategia.com\/portal\/?p=78605"},"modified":"2024-12-11T15:43:26","modified_gmt":"2024-12-11T18:43:26","slug":"correia-pinto-tem-concurso-publico-cancelado","status":"publish","type":"post","link":"https:\/\/med.estrategia.com\/portal\/concursos\/correia-pinto-tem-concurso-publico-cancelado\/","title":{"rendered":"Correia Pinto tem concurso p\u00fablico cancelado"},"content":{"rendered":"<p>A <strong>Prefeitura de Correia Pinto<\/strong>, no estado de Santa Catarina, anunciou o cancelamento dos editais de concurso p&uacute;blico, entre eles, o que ofertava nove vagas para os cargos m&eacute;dicos. A decis&atilde;o foi tomada ap&oacute;s <strong>suspeitas envolvendo a empresa respons&aacute;vel pelo certame<\/strong>, PUBLIC JOB. A hip&oacute;tese &eacute; que a institui&ccedil;&atilde;o estaria ligada a um grupo investigado por fraudes em processos seletivos.<p>Apesar do <strong>processo de contrata&ccedil;&atilde;o da banca tenha ocorrido de forma legal<\/strong> e transparente via licita&ccedil;&atilde;o, o<strong> Minist&eacute;rio P&uacute;blico apontou ind&iacute;cios de irregularidades ap&oacute;s investigar a empresa e seu v&iacute;nculo com outras institui&ccedil;&otilde;es <\/strong>envolvidas em pr&aacute;ticas il&iacute;citas. <\/p><p>A Prefeitura de Correia Pintou optou, desta forma, pelo <strong>cancelamento dos editais e pela rescis&atilde;o do contrato com a PUBLIC JOB<\/strong>. A decis&atilde;o visa proteger os candidatos e garantir a legalidade dos processos. Nenhuma irregularidade espec&iacute;fica foi identificada no concurso de Correia Pinto.<\/p><p>Um decreto oficializou o parecer, e os<strong> valores das inscri&ccedil;&otilde;es devem ser reembolsados automaticamente nas pr&oacute;ximas semanas<\/strong>, mediante chave PIX vinculada ao CPF dos candidatos inscritos.<\/p><p>Para este concurso, foram ofertadas nove vagas para os cargos de m&eacute;dico regulador, cl&iacute;nico geral e m&eacute;dico Estrat&eacute;gia Sa&uacute;de da Fam&iacute;lia&nbsp;(ESF), com <strong>remunera&ccedil;&atilde;o inicial entre R$5.169,22 a R$20.676,90, conforme a carga hor&aacute;ria e a especialidade m&eacute;dica.<\/strong><\/p><p>Saiba mais sobre o cancelamento do edital, <a href=\"https:\/\/correiapinto.sc.gov.br\/prefeitura-de-correia-pinto-informa-cancelamento-do-concurso-publico-municipal\/?utm_source=blog&amp;utm_medium=banner&amp;utm_campaign=tse-conv-x-seo\" target=\"_blank\">acesse!<\/a><\/p><div class=\"wp-block-image\">\n<figure class=\"aligncenter size-full\"><img decoding=\"async\" width=\"1280\" height=\"622\" src=\"https:\/\/med.estrategia.com\/portal\/wp-content\/uploads\/2025\/08\/concursos_medicos.jpg\" alt=\"concursos_medicos\" class=\"wp-image-91529\" srcset=\"https:\/\/med.estrategia.com\/portal\/wp-content\/uploads\/2025\/08\/concursos_medicos.jpg 1280w, https:\/\/med.estrategia.com\/portal\/wp-content\/uploads\/2025\/08\/concursos_medicos-1024x498.jpg 1024w, https:\/\/med.estrategia.com\/portal\/wp-content\/uploads\/2025\/08\/concursos_medicos-768x373.jpg 768w, https:\/\/med.estrategia.com\/portal\/wp-content\/uploads\/2025\/08\/concursos_medicos-800x389.jpg 800w, https:\/\/med.estrategia.com\/portal\/wp-content\/uploads\/2025\/08\/concursos_medicos-1160x564.jpg 1160w\" sizes=\"(max-width: 1280px) 100vw, 1280px\" \/><\/figure><\/div><\/p>\n","protected":false},"excerpt":{"rendered":"Edital ofertava nove vagas na \u00e1rea m\u00e9dica com sal\u00e1rios de at\u00e9 R$ 20,6 mil\n","protected":false},"author":45,"featured_media":78607,"comment_status":"closed","ping_status":"closed","sticky":false,"template":"","format":"standard","meta":{"wl_entities_gutenberg":"","footnotes":""},"categories":[474],"tags":[],"wl_entity_type":[199],"class_list":{"0":"post-78605","1":"post","2":"type-post","3":"status-publish","4":"format-standard","5":"has-post-thumbnail","7":"category-concursos","8":"wl_entity_type-article"},"acf":[],"yoast_head":"<!-- This site is optimized with the Yoast SEO Premium plugin v26.6 (Yoast SEO v26.6) - https:\/\/yoast.com\/wordpress\/plugins\/seo\/ -->\n<title>Correia Pinto tem concurso p\u00fablico cancelado<\/title>\n<meta name=\"description\" content=\"Prefeitura de Correia Pinto anunciou o cancelamento do editai de concurso p\u00fablico que ofertava nove vagas para os cargos na \u00e1rea m\u00e9dica.\" \/>\n<meta name=\"robots\" content=\"index, follow, max-snippet:-1, max-image-preview:large, max-video-preview:-1\" \/>\n<link rel=\"canonical\" href=\"https:\/\/med.estrategia.com\/portal\/concursos\/correia-pinto-tem-concurso-publico-cancelado\/\" \/>\n<meta property=\"og:locale\" content=\"pt_BR\" \/>\n<meta property=\"og:type\" content=\"article\" \/>\n<meta property=\"og:title\" content=\"Correia Pinto tem concurso p\u00fablico cancelado\" \/>\n<meta property=\"og:description\" content=\"Prefeitura de Correia Pinto anunciou o cancelamento do editai de concurso p\u00fablico que ofertava nove vagas para os cargos na \u00e1rea m\u00e9dica.\" \/>\n<meta property=\"og:url\" content=\"https:\/\/med.estrategia.com\/portal\/concursos\/correia-pinto-tem-concurso-publico-cancelado\/\" \/>\n<meta property=\"og:site_name\" content=\"Estrat\u00e9gia MED\" \/>\n<meta property=\"article:publisher\" content=\"https:\/\/www.facebook.com\/estrategiamed1\" \/>\n<meta property=\"article:published_time\" content=\"2024-12-11T18:41:30+00:00\" \/>\n<meta property=\"article:modified_time\" content=\"2024-12-11T18:43:26+00:00\" \/>\n<meta property=\"og:image\" content=\"https:\/\/med.estrategia.com\/portal\/wp-content\/uploads\/2024\/12\/Correia_Pinto_edital_cancelado.jpg\" \/>\n\t<meta property=\"og:image:width\" content=\"1280\" \/>\n\t<meta property=\"og:image:height\" content=\"720\" \/>\n\t<meta property=\"og:image:type\" content=\"image\/jpeg\" \/>\n<meta name=\"author\" content=\"Priscila Pereira\" \/>\n<meta name=\"twitter:card\" content=\"summary_large_image\" \/>\n<meta name=\"twitter:creator\" content=\"@estrategiamed_\" \/>\n<meta name=\"twitter:site\" content=\"@estrategiamed_\" \/>\n<meta name=\"twitter:label1\" content=\"Escrito por\" \/>\n\t<meta name=\"twitter:data1\" content=\"Priscila Pereira\" \/>\n\t<meta name=\"twitter:label2\" content=\"Est. tempo de leitura\" \/>\n\t<meta name=\"twitter:data2\" content=\"1 minuto\" \/>\n<script type=\"application\/ld+json\" class=\"yoast-schema-graph\">{\"@context\":\"https:\/\/schema.org\",\"@graph\":[{\"@type\":\"WebPage\",\"@id\":\"https:\/\/med.estrategia.com\/portal\/concursos\/correia-pinto-tem-concurso-publico-cancelado\/\",\"url\":\"https:\/\/med.estrategia.com\/portal\/concursos\/correia-pinto-tem-concurso-publico-cancelado\/\",\"name\":\"Correia Pinto tem concurso p\u00fablico cancelado\",\"isPartOf\":{\"@id\":\"https:\/\/med.estrategia.com\/portal\/#website\"},\"primaryImageOfPage\":{\"@id\":\"https:\/\/med.estrategia.com\/portal\/concursos\/correia-pinto-tem-concurso-publico-cancelado\/#primaryimage\"},\"image\":{\"@id\":\"https:\/\/med.estrategia.com\/portal\/concursos\/correia-pinto-tem-concurso-publico-cancelado\/#primaryimage\"},\"thumbnailUrl\":\"https:\/\/med.estrategia.com\/portal\/wp-content\/uploads\/2024\/12\/Correia_Pinto_edital_cancelado.jpg\",\"datePublished\":\"2024-12-11T18:41:30+00:00\",\"dateModified\":\"2024-12-11T18:43:26+00:00\",\"author\":{\"@id\":\"https:\/\/med.estrategia.com\/portal\/#\/schema\/person\/d1df06a83a849b79b2d480e7d8952ce3\"},\"description\":\"Prefeitura de Correia Pinto anunciou o cancelamento do editai de concurso p\u00fablico que ofertava nove vagas para os cargos na \u00e1rea m\u00e9dica.\",\"breadcrumb\":{\"@id\":\"https:\/\/med.estrategia.com\/portal\/concursos\/correia-pinto-tem-concurso-publico-cancelado\/#breadcrumb\"},\"inLanguage\":\"pt-BR\",\"potentialAction\":[{\"@type\":\"ReadAction\",\"target\":[\"https:\/\/med.estrategia.com\/portal\/concursos\/correia-pinto-tem-concurso-publico-cancelado\/\"]}]},{\"@type\":\"ImageObject\",\"inLanguage\":\"pt-BR\",\"@id\":\"https:\/\/med.estrategia.com\/portal\/concursos\/correia-pinto-tem-concurso-publico-cancelado\/#primaryimage\",\"url\":\"https:\/\/med.estrategia.com\/portal\/wp-content\/uploads\/2024\/12\/Correia_Pinto_edital_cancelado.jpg\",\"contentUrl\":\"https:\/\/med.estrategia.com\/portal\/wp-content\/uploads\/2024\/12\/Correia_Pinto_edital_cancelado.jpg\",\"width\":1280,\"height\":720,\"caption\":\"Estrat\u00e9gia MED | Concurso P\u00fablico Correia Pinto\"},{\"@type\":\"BreadcrumbList\",\"@id\":\"https:\/\/med.estrategia.com\/portal\/concursos\/correia-pinto-tem-concurso-publico-cancelado\/#breadcrumb\",\"itemListElement\":[{\"@type\":\"ListItem\",\"position\":1,\"name\":\"Home\",\"item\":\"https:\/\/med.estrategia.com\/portal\/\"},{\"@type\":\"ListItem\",\"position\":2,\"name\":\"Concursos M\u00e9dicos\",\"item\":\"https:\/\/med.estrategia.com\/portal\/concursos\/\"},{\"@type\":\"ListItem\",\"position\":3,\"name\":\"Correia Pinto tem concurso p\u00fablico cancelado\"}]},{\"@type\":\"WebSite\",\"@id\":\"https:\/\/med.estrategia.com\/portal\/#website\",\"url\":\"https:\/\/med.estrategia.com\/portal\/\",\"name\":\"Estrat\u00e9gia MED\",\"description\":\"\",\"potentialAction\":[{\"@type\":\"SearchAction\",\"target\":{\"@type\":\"EntryPoint\",\"urlTemplate\":\"https:\/\/med.estrategia.com\/portal\/?s={search_term_string}\"},\"query-input\":{\"@type\":\"PropertyValueSpecification\",\"valueRequired\":true,\"valueName\":\"search_term_string\"}}],\"inLanguage\":\"pt-BR\"},{\"@type\":\"Person\",\"@id\":\"https:\/\/med.estrategia.com\/portal\/#\/schema\/person\/d1df06a83a849b79b2d480e7d8952ce3\",\"name\":\"Priscila Pereira\",\"image\":{\"@type\":\"ImageObject\",\"inLanguage\":\"pt-BR\",\"@id\":\"https:\/\/med.estrategia.com\/portal\/#\/schema\/person\/image\/\",\"url\":\"https:\/\/secure.gravatar.com\/avatar\/fe94f8430a1d23a69c0bc7aab6202e21?s=96&d=mm&r=g\",\"contentUrl\":\"https:\/\/secure.gravatar.com\/avatar\/fe94f8430a1d23a69c0bc7aab6202e21?s=96&d=mm&r=g\",\"caption\":\"Priscila Pereira\"},\"description\":\"Formada e p\u00f3s-graduada na \u00e1rea de comunica\u00e7\u00e3o, divido minha paix\u00e3o entre o jornalismo e os esportes\",\"url\":\"https:\/\/med.estrategia.com\/portal\/author\/priscila-pereira\/\"}]}<\/script>\n<!-- \/ Yoast SEO Premium plugin. -->","yoast_head_json":{"title":"Correia Pinto tem concurso p\u00fablico cancelado","description":"Prefeitura de Correia Pinto anunciou o cancelamento do editai de concurso p\u00fablico que ofertava nove vagas para os cargos na \u00e1rea m\u00e9dica.","robots":{"index":"index","follow":"follow","max-snippet":"max-snippet:-1","max-image-preview":"max-image-preview:large","max-video-preview":"max-video-preview:-1"},"canonical":"https:\/\/med.estrategia.com\/portal\/concursos\/correia-pinto-tem-concurso-publico-cancelado\/","og_locale":"pt_BR","og_type":"article","og_title":"Correia Pinto tem concurso p\u00fablico cancelado","og_description":"Prefeitura de Correia Pinto anunciou o cancelamento do editai de concurso p\u00fablico que ofertava nove vagas para os cargos na \u00e1rea m\u00e9dica.","og_url":"https:\/\/med.estrategia.com\/portal\/concursos\/correia-pinto-tem-concurso-publico-cancelado\/","og_site_name":"Estrat\u00e9gia MED","article_publisher":"https:\/\/www.facebook.com\/estrategiamed1","article_published_time":"2024-12-11T18:41:30+00:00","article_modified_time":"2024-12-11T18:43:26+00:00","og_image":[{"width":1280,"height":720,"url":"https:\/\/med.estrategia.com\/portal\/wp-content\/uploads\/2024\/12\/Correia_Pinto_edital_cancelado.jpg","type":"image\/jpeg"}],"author":"Priscila Pereira","twitter_card":"summary_large_image","twitter_creator":"@estrategiamed_","twitter_site":"@estrategiamed_","twitter_misc":{"Escrito por":"Priscila Pereira","Est. tempo de leitura":"1 minuto"},"schema":{"@context":"https:\/\/schema.org","@graph":[{"@type":"WebPage","@id":"https:\/\/med.estrategia.com\/portal\/concursos\/correia-pinto-tem-concurso-publico-cancelado\/","url":"https:\/\/med.estrategia.com\/portal\/concursos\/correia-pinto-tem-concurso-publico-cancelado\/","name":"Correia Pinto tem concurso p\u00fablico cancelado","isPartOf":{"@id":"https:\/\/med.estrategia.com\/portal\/#website"},"primaryImageOfPage":{"@id":"https:\/\/med.estrategia.com\/portal\/concursos\/correia-pinto-tem-concurso-publico-cancelado\/#primaryimage"},"image":{"@id":"https:\/\/med.estrategia.com\/portal\/concursos\/correia-pinto-tem-concurso-publico-cancelado\/#primaryimage"},"thumbnailUrl":"https:\/\/med.estrategia.com\/portal\/wp-content\/uploads\/2024\/12\/Correia_Pinto_edital_cancelado.jpg","datePublished":"2024-12-11T18:41:30+00:00","dateModified":"2024-12-11T18:43:26+00:00","author":{"@id":"https:\/\/med.estrategia.com\/portal\/#\/schema\/person\/d1df06a83a849b79b2d480e7d8952ce3"},"description":"Prefeitura de Correia Pinto anunciou o cancelamento do editai de concurso p\u00fablico que ofertava nove vagas para os cargos na \u00e1rea m\u00e9dica.","breadcrumb":{"@id":"https:\/\/med.estrategia.com\/portal\/concursos\/correia-pinto-tem-concurso-publico-cancelado\/#breadcrumb"},"inLanguage":"pt-BR","potentialAction":[{"@type":"ReadAction","target":["https:\/\/med.estrategia.com\/portal\/concursos\/correia-pinto-tem-concurso-publico-cancelado\/"]}]},{"@type":"ImageObject","inLanguage":"pt-BR","@id":"https:\/\/med.estrategia.com\/portal\/concursos\/correia-pinto-tem-concurso-publico-cancelado\/#primaryimage","url":"https:\/\/med.estrategia.com\/portal\/wp-content\/uploads\/2024\/12\/Correia_Pinto_edital_cancelado.jpg","contentUrl":"https:\/\/med.estrategia.com\/portal\/wp-content\/uploads\/2024\/12\/Correia_Pinto_edital_cancelado.jpg","width":1280,"height":720,"caption":"Estrat\u00e9gia MED | Concurso P\u00fablico Correia Pinto"},{"@type":"BreadcrumbList","@id":"https:\/\/med.estrategia.com\/portal\/concursos\/correia-pinto-tem-concurso-publico-cancelado\/#breadcrumb","itemListElement":[{"@type":"ListItem","position":1,"name":"Home","item":"https:\/\/med.estrategia.com\/portal\/"},{"@type":"ListItem","position":2,"name":"Concursos M\u00e9dicos","item":"https:\/\/med.estrategia.com\/portal\/concursos\/"},{"@type":"ListItem","position":3,"name":"Correia Pinto tem concurso p\u00fablico cancelado"}]},{"@type":"WebSite","@id":"https:\/\/med.estrategia.com\/portal\/#website","url":"https:\/\/med.estrategia.com\/portal\/","name":"Estrat\u00e9gia MED","description":"","potentialAction":[{"@type":"SearchAction","target":{"@type":"EntryPoint","urlTemplate":"https:\/\/med.estrategia.com\/portal\/?s={search_term_string}"},"query-input":{"@type":"PropertyValueSpecification","valueRequired":true,"valueName":"search_term_string"}}],"inLanguage":"pt-BR"},{"@type":"Person","@id":"https:\/\/med.estrategia.com\/portal\/#\/schema\/person\/d1df06a83a849b79b2d480e7d8952ce3","name":"Priscila Pereira","image":{"@type":"ImageObject","inLanguage":"pt-BR","@id":"https:\/\/med.estrategia.com\/portal\/#\/schema\/person\/image\/","url":"https:\/\/secure.gravatar.com\/avatar\/fe94f8430a1d23a69c0bc7aab6202e21?s=96&d=mm&r=g","contentUrl":"https:\/\/secure.gravatar.com\/avatar\/fe94f8430a1d23a69c0bc7aab6202e21?s=96&d=mm&r=g","caption":"Priscila Pereira"},"description":"Formada e p\u00f3s-graduada na \u00e1rea de comunica\u00e7\u00e3o, divido minha paix\u00e3o entre o jornalismo e os esportes","url":"https:\/\/med.estrategia.com\/portal\/author\/priscila-pereira\/"}]}},"_wl_alt_label":[],"wl:entity_url":"\/post\/correia-pinto-tem-concurso-publico-cancelado-78605","_links":{"self":[{"href":"https:\/\/med.estrategia.com\/portal\/wp-json\/wp\/v2\/posts\/78605","targetHints":{"allow":["GET"]}}],"collection":[{"href":"https:\/\/med.estrategia.com\/portal\/wp-json\/wp\/v2\/posts"}],"about":[{"href":"https:\/\/med.estrategia.com\/portal\/wp-json\/wp\/v2\/types\/post"}],"author":[{"embeddable":true,"href":"https:\/\/med.estrategia.com\/portal\/wp-json\/wp\/v2\/users\/45"}],"replies":[{"embeddable":true,"href":"https:\/\/med.estrategia.com\/portal\/wp-json\/wp\/v2\/comments?post=78605"}],"version-history":[{"count":6,"href":"https:\/\/med.estrategia.com\/portal\/wp-json\/wp\/v2\/posts\/78605\/revisions"}],"predecessor-version":[{"id":78617,"href":"https:\/\/med.estrategia.com\/portal\/wp-json\/wp\/v2\/posts\/78605\/revisions\/78617"}],"wp:featuredmedia":[{"embeddable":true,"href":"https:\/\/med.estrategia.com\/portal\/wp-json\/wp\/v2\/media\/78607"}],"wp:attachment":[{"href":"https:\/\/med.estrategia.com\/portal\/wp-json\/wp\/v2\/media?parent=78605"}],"wp:term":[{"taxonomy":"category","embeddable":true,"href":"https:\/\/med.estrategia.com\/portal\/wp-json\/wp\/v2\/categories?post=78605"},{"taxonomy":"post_tag","embeddable":true,"href":"https:\/\/med.estrategia.com\/portal\/wp-json\/wp\/v2\/tags?post=78605"},{"taxonomy":"wl_entity_type","embeddable":true,"href":"https:\/\/med.estrategia.com\/portal\/wp-json\/wp\/v2\/wl_entity_type?post=78605"}],"curies":[{"name":"wp","href":"https:\/\/api.w.org\/{rel}","templated":true}]}}