{"id":78620,"date":"2024-12-11T16:52:25","date_gmt":"2024-12-11T19:52:25","guid":{"rendered":"https:\/\/med.estrategia.com\/portal\/?p=78620"},"modified":"2024-12-31T10:51:59","modified_gmt":"2024-12-31T13:51:59","slug":"resumo-sobre-osteogenesis-imperfecta-definicao-manifestacoes-clinicas-e-mais","status":"publish","type":"post","link":"https:\/\/med.estrategia.com\/portal\/conteudos-gratis\/doencas\/resumo-sobre-osteogenesis-imperfecta-definicao-manifestacoes-clinicas-e-mais\/","title":{"rendered":"Resumo sobre Osteogenesis Imperfecta: defini\u00e7\u00e3o, manifesta\u00e7\u00f5es cl\u00ednicas e mais!"},"content":{"rendered":"<p>E a&iacute;, doc! Vamos explorar mais um tema essencial? Hoje o foco &eacute; a <strong>Osteogenesis Imperfecta<\/strong>, uma condi&ccedil;&atilde;o gen&eacute;tica que afeta a forma&ccedil;&atilde;o e a resist&ecirc;ncia dos ossos.&nbsp;<p>O <strong>Estrat&eacute;gia MED<\/strong> est&aacute; aqui para descomplicar esse conceito e ajudar voc&ecirc; a aprimorar seus conhecimentos, garantindo uma pr&aacute;tica cl&iacute;nica cada vez mais eficaz. Vamos nessa!<\/p><div id=\"ez-toc-container\" class=\"ez-toc-v2_0_79_2 counter-hierarchy ez-toc-counter ez-toc-transparent ez-toc-container-direction\">\n<div class=\"ez-toc-title-container\"><p class=\"ez-toc-title\" style=\"cursor:inherit\">Navegue pelo conte\u00fado<\/p>\n<\/div><nav><ul class='ez-toc-list ez-toc-list-level-1 ' ><li class='ez-toc-page-1 ez-toc-heading-level-2'><a class=\"ez-toc-link ez-toc-heading-1\" href=\"https:\/\/med.estrategia.com\/portal\/conteudos-gratis\/doencas\/resumo-sobre-osteogenesis-imperfecta-definicao-manifestacoes-clinicas-e-mais\/#Definicao-de-Osteogenesis-Imperfecta\" >Defini&ccedil;&atilde;o de Osteogenesis Imperfecta<\/a><\/li><li class='ez-toc-page-1 ez-toc-heading-level-2'><a class=\"ez-toc-link ez-toc-heading-2\" href=\"https:\/\/med.estrategia.com\/portal\/conteudos-gratis\/doencas\/resumo-sobre-osteogenesis-imperfecta-definicao-manifestacoes-clinicas-e-mais\/#Epidemiologia\" >Epidemiologia<\/a><\/li><li class='ez-toc-page-1 ez-toc-heading-level-2'><a class=\"ez-toc-link ez-toc-heading-3\" href=\"https:\/\/med.estrategia.com\/portal\/conteudos-gratis\/doencas\/resumo-sobre-osteogenesis-imperfecta-definicao-manifestacoes-clinicas-e-mais\/#Fisiopatologia-da-Osteogenesis-Imperfecta\" >Fisiopatologia da Osteogenesis Imperfecta<\/a><\/li><li class='ez-toc-page-1 ez-toc-heading-level-2'><a class=\"ez-toc-link ez-toc-heading-4\" href=\"https:\/\/med.estrategia.com\/portal\/conteudos-gratis\/doencas\/resumo-sobre-osteogenesis-imperfecta-definicao-manifestacoes-clinicas-e-mais\/#Genetica\" >Gen&eacute;tica<\/a><\/li><li class='ez-toc-page-1 ez-toc-heading-level-2'><a class=\"ez-toc-link ez-toc-heading-5\" href=\"https:\/\/med.estrategia.com\/portal\/conteudos-gratis\/doencas\/resumo-sobre-osteogenesis-imperfecta-definicao-manifestacoes-clinicas-e-mais\/#Classificacao-de-Osteogenesis-Imperfecta\" >Classifica&ccedil;&atilde;o de Osteogenesis Imperfecta<\/a><\/li><li class='ez-toc-page-1 ez-toc-heading-level-2'><a class=\"ez-toc-link ez-toc-heading-6\" href=\"https:\/\/med.estrategia.com\/portal\/conteudos-gratis\/doencas\/resumo-sobre-osteogenesis-imperfecta-definicao-manifestacoes-clinicas-e-mais\/#Manifestacoes-Clinicas\" >Manifesta&ccedil;&otilde;es Cl&iacute;nicas<\/a><\/li><li class='ez-toc-page-1 ez-toc-heading-level-2'><a class=\"ez-toc-link ez-toc-heading-7\" href=\"https:\/\/med.estrategia.com\/portal\/conteudos-gratis\/doencas\/resumo-sobre-osteogenesis-imperfecta-definicao-manifestacoes-clinicas-e-mais\/#Diagnostico-de-Osteogenesis-Imperfecta\" >Diagn&oacute;stico de Osteogenesis Imperfecta<\/a><\/li><li class='ez-toc-page-1 ez-toc-heading-level-2'><a class=\"ez-toc-link ez-toc-heading-8\" href=\"https:\/\/med.estrategia.com\/portal\/conteudos-gratis\/doencas\/resumo-sobre-osteogenesis-imperfecta-definicao-manifestacoes-clinicas-e-mais\/#Tratamento-da-Osteogenesis-Imperfecta\" >Tratamento da Osteogenesis Imperfecta<\/a><\/li><li class='ez-toc-page-1 ez-toc-heading-level-2'><a class=\"ez-toc-link ez-toc-heading-9\" href=\"https:\/\/med.estrategia.com\/portal\/conteudos-gratis\/doencas\/resumo-sobre-osteogenesis-imperfecta-definicao-manifestacoes-clinicas-e-mais\/#Veja-tambem\" >Veja tamb&eacute;m!<\/a><\/li><li class='ez-toc-page-1 ez-toc-heading-level-2'><a class=\"ez-toc-link ez-toc-heading-10\" href=\"https:\/\/med.estrategia.com\/portal\/conteudos-gratis\/doencas\/resumo-sobre-osteogenesis-imperfecta-definicao-manifestacoes-clinicas-e-mais\/#Referencias\" >Refer&ecirc;ncias<\/a><\/li><\/ul><\/nav><\/div>\n<h2 class=\"wp-block-heading\" id=\"h-definicao-de-osteogenesis-imperfecta\"><span class=\"ez-toc-section\" id=\"Definicao-de-Osteogenesis-Imperfecta\"><\/span>Defini&ccedil;&atilde;o de Osteogenesis Imperfecta<span class=\"ez-toc-section-end\"><\/span><\/h2><p>A osteog&ecirc;nese imperfeita (OI) &eacute; uma condi&ccedil;&atilde;o gen&eacute;tica rara que abrange um grupo de dist&uacute;rbios caracterizados principalmente pela fragilidade &oacute;ssea, sendo a forma mais comum de fragilidade corporal heredit&aacute;ria.&nbsp;<\/p><p>Tamb&eacute;m conhecida como <strong>doen&ccedil;a dos ossos de vidro<\/strong> ou <strong>doen&ccedil;a de Lobstein<\/strong>, a OI resulta de altera&ccedil;&otilde;es na forma&ccedil;&atilde;o do col&aacute;geno tipo I, essencial para a mineraliza&ccedil;&atilde;o adequada da matriz &oacute;ssea.&nbsp;<\/p><p>Em cerca de 90% dos casos, muta&ccedil;&otilde;es nos genes <strong>COL1A1 <\/strong>e <strong>COL1A2<\/strong>, respons&aacute;veis pelas cadeias alfa do col&aacute;geno tipo I, est&atilde;o envolvidas. Essas muta&ccedil;&otilde;es comprometem a estrutura &oacute;ssea, tornando-a suscet&iacute;vel a fraturas mesmo em situa&ccedil;&otilde;es de trauma m&iacute;nimo.<\/p><p>A gravidade da OI varia amplamente, desde casos letais na vida intrauterina at&eacute; apresenta&ccedil;&otilde;es leves, com crescimento pr&oacute;ximo do normal e baixa frequ&ecirc;ncia de fraturas. Foram descritos <strong>19 tipos gen&eacute;ticos de OI<\/strong> (I a XIX), cada um com manifesta&ccedil;&otilde;es cl&iacute;nicas espec&iacute;ficas, incluindo caracter&iacute;sticas como escler&oacute;ticas azuladas, dentinog&ecirc;nese imperfeita, hiperextensibilidade articular, e d&eacute;ficit auditivo. Essa diversidade de sintomas reflete a complexidade da doen&ccedil;a.<\/p><h2 class=\"wp-block-heading\" id=\"h-epidemiologia\"><span class=\"ez-toc-section\" id=\"Epidemiologia\"><\/span>Epidemiologia<span class=\"ez-toc-section-end\"><\/span><\/h2><p>Em termos de epidemiologia, a OI possui uma incid&ecirc;ncia estimada entre <strong>1:10.000 <\/strong>e <strong>1:20.000<\/strong> nascidos vivos, embora a preval&ecirc;ncia populacional possa ser maior devido a subdiagn&oacute;sticos em formas leves. Globalmente, a preval&ecirc;ncia relatada varia de <strong>2,35<\/strong> a<strong> 4,7<\/strong> casos por 100.000 pessoas. No Brasil, dados oficiais ainda s&atilde;o escassos.<\/p><p>A OI pode ser herdada de forma <strong>autoss&ocirc;mica dominante<\/strong>, respons&aacute;vel pela maioria dos casos, ou, menos frequentemente, de forma <strong>autoss&ocirc;mica recessiva ou ligada ao X<\/strong>. A amplia&ccedil;&atilde;o do acesso a testes gen&eacute;ticos tem permitido uma melhor identifica&ccedil;&atilde;o de formas raras, refinando as estimativas de preval&ecirc;ncia e aprofundando o entendimento sobre a doen&ccedil;a. A condi&ccedil;&atilde;o integra a Pol&iacute;tica Nacional de Aten&ccedil;&atilde;o Integral &agrave;s Pessoas com Doen&ccedil;as Raras devido &agrave; sua relev&acirc;ncia no contexto das anomalias cong&ecirc;nitas e manifesta&ccedil;&otilde;es tardias.<\/p><h2 class=\"wp-block-heading\" id=\"h-fisiopatologia-da-osteogenesis-imperfecta\"><span class=\"ez-toc-section\" id=\"Fisiopatologia-da-Osteogenesis-Imperfecta\"><\/span>Fisiopatologia da Osteogenesis Imperfecta<span class=\"ez-toc-section-end\"><\/span><\/h2><p>A fisiopatologia da osteogenesis imperfecta (OI) baseia-se em altera&ccedil;&otilde;es na produ&ccedil;&atilde;o, processamento e funcionalidade do <strong>col&aacute;geno tipo I,<\/strong> principal componente estrutural da matriz &oacute;ssea. Este col&aacute;geno &eacute; formado por um heterotr&iacute;mero composto por duas cadeias alfa-1, codificadas pelo gene <strong>COL1A1<\/strong>, e uma cadeia alfa-2, codificada pelo gene <strong>COL1A2<\/strong>, localizados nos cromossomos 17 e 7, respectivamente.&nbsp;<\/p><p>Muta&ccedil;&otilde;es nesses genes, principalmente as que envolvem substitui&ccedil;&otilde;es de glicina no dom&iacute;nio triplo-helicoidal, comprometem o padr&atilde;o repetitivo (Gly-XY) necess&aacute;rio para a forma&ccedil;&atilde;o e estabilidade da h&eacute;lice tripla. Essas altera&ccedil;&otilde;es resultam em <strong>col&aacute;geno estruturalmente defeituoso<\/strong> ou em <strong>produ&ccedil;&atilde;o insuficiente<\/strong>, impactando a resist&ecirc;ncia e mineraliza&ccedil;&atilde;o &oacute;sseas.<\/p><p>As variantes gen&eacute;ticas que afetam o dobramento e a estabilidade do col&aacute;geno est&atilde;o associadas a defeitos no complexo CRTAP\/P3H1\/CyPB, fundamental para a hidroxila&ccedil;&atilde;o da prolina no col&aacute;geno. Essa modifica&ccedil;&atilde;o p&oacute;s-traducional &eacute; essencial para a estabiliza&ccedil;&atilde;o da h&eacute;lice tripla durante a s&iacute;ntese no ret&iacute;culo endoplasm&aacute;tico. Disfun&ccedil;&otilde;es no complexo levam &agrave; <strong>produ&ccedil;&atilde;o de fibrilas de col&aacute;geno estruturalmente fr&aacute;geis<\/strong> e incapazes de formar liga&ccedil;&otilde;es cruzadas adequadas, o que compromete a integridade biomec&acirc;nica dos ossos.<\/p><p>Adicionalmente, prote&iacute;nas chaperonas como a HSP47, codificada pelo gene <strong>SERPINH1<\/strong>, desempenham papel cr&iacute;tico na estabiliza&ccedil;&atilde;o e transporte do procol&aacute;geno do ret&iacute;culo endoplasm&aacute;tico para o aparelho de Golgi. Mutantes em genes relacionados ao processamento do procol&aacute;geno, como <strong>PPIB <\/strong>e <strong>FKBP10<\/strong>, resultam na reten&ccedil;&atilde;o intracelular ou secre&ccedil;&atilde;o de col&aacute;geno defeituoso para a matriz extracelular.&nbsp;<\/p><p>Na matriz, a clivagem inadequada dos propept&iacute;deos pelas proteinases C e N de procol&aacute;geno prejudica a forma&ccedil;&atilde;o de mol&eacute;culas maduras de tropocol&aacute;geno, impactando a organiza&ccedil;&atilde;o das fibrilas.<\/p><p>Essas altera&ccedil;&otilde;es gen&eacute;ticas resultam em um espectro cl&iacute;nico vari&aacute;vel de OI, que pode ir de formas letais, como as associadas a muta&ccedil;&otilde;es no dom&iacute;nio C-terminal da cadeia triplo-helicoidal, a formas mais leves, associadas a altera&ccedil;&otilde;es no N-terminal.&nbsp;<\/p><h2 class=\"wp-block-heading\" id=\"h-genetica\"><span class=\"ez-toc-section\" id=\"Genetica\"><\/span>Gen&eacute;tica<span class=\"ez-toc-section-end\"><\/span><\/h2><p>A maioria dos casos segue um padr&atilde;o <strong>autoss&ocirc;mico dominante<\/strong> (AD), com variantes nos genes <strong>COL1A1 <\/strong>e <strong>COL1A2<\/strong>, respons&aacute;veis por 85 a 90% dos casos. Muta&ccedil;&atilde;o no gene <strong>IFITM5 <\/strong>&eacute; associada &agrave; OI tipo V, enquanto altera&ccedil;&otilde;es em <strong>LRP5 <\/strong>e <strong>WNT1 <\/strong>tamb&eacute;m est&atilde;o implicadas. O risco de recorr&ecirc;ncia em casos AD &eacute; de 50% quando um dos pais &eacute; afetado, mas pode ocorrer mosaicismo germinativo.<\/p><p>As formas <strong>autoss&ocirc;micas recessivas (AR)<\/strong> geralmente s&atilde;o <strong>mais graves<\/strong> e resultam de muta&ccedil;&otilde;es em genes envolvidos no col&aacute;geno tipo I. Pais portadores s&atilde;o assintom&aacute;ticos, e o risco de recorr&ecirc;ncia &eacute; de 25% para futuras gesta&ccedil;&otilde;es.<\/p><p>Casos <strong>ligados ao cromossomo X,<\/strong> como muta&ccedil;&otilde;es nos genes <strong>PLS3 <\/strong>e <strong>MBTPS2<\/strong>, afetam <strong>predominantemente homens<\/strong>. Esses homens n&atilde;o transmitem a condi&ccedil;&atilde;o para os filhos, mas todas as filhas ser&atilde;o portadoras, sendo necess&aacute;rio monitoramento para mulheres portadoras devido ao risco de fragilidade &oacute;ssea.&nbsp;<\/p><h2 class=\"wp-block-heading\" id=\"h-classificacao-de-osteogenesis-imperfecta\"><span class=\"ez-toc-section\" id=\"Classificacao-de-Osteogenesis-Imperfecta\"><\/span>Classifica&ccedil;&atilde;o de Osteogenesis Imperfecta<span class=\"ez-toc-section-end\"><\/span><\/h2><p>A classifica&ccedil;&atilde;o da osteog&ecirc;nese imperfeita (OI) proposta por Mortier e colaboradores leva em considera&ccedil;&atilde;o diversas caracter&iacute;sticas fenot&iacute;picas da doen&ccedil;a, permitindo uma melhor compreens&atilde;o das varia&ccedil;&otilde;es cl&iacute;nicas e gen&eacute;ticas entre os pacientes.&nbsp;<\/p><figure class=\"wp-block-table\"><table><thead><tr><th class=\"has-text-align-center\" data-align=\"center\">Tipo<\/th><th>Gravidade<\/th><th>Caracter&iacute;sticas<\/th><th>Tipo Gen&eacute;tico<\/th><\/tr><\/thead><tbody><tr><td class=\"has-text-align-center\" data-align=\"center\">1<\/td><td>Leve<\/td><td>N&atilde;o deformante, com esclera persistentemente azul<\/td><td>OI tipo I<\/td><\/tr><tr><td class=\"has-text-align-center\" data-align=\"center\">2<\/td><td>Letal<\/td><td>Forma letal perinatal<\/td><td>OI tipos II, VII, VIII e IX<\/td><\/tr><tr><td class=\"has-text-align-center\" data-align=\"center\">3<\/td><td>Grave<\/td><td>Progressivamente deformante<\/td><td>OI tipos III, V, VI, VII, VIII, IX, X, XI, XIII, XIV, XV, XVI, XVII e XVIII<\/td><\/tr><tr><td class=\"has-text-align-center\" data-align=\"center\">4<\/td><td>Moderada<\/td><td>Em adultos sempre, esclera normal<\/td><td>OI tipos IV, XV, V, VII, IX, XI e XII<\/td><\/tr><tr><td class=\"has-text-align-center\" data-align=\"center\">5<\/td><td>Moderada<\/td><td>Calcifica&ccedil;&atilde;o das membranas inter&oacute;sseas ou calo hipertr&oacute;fico<\/td><td><\/td><\/tr><\/tbody><\/table><\/figure><h2 class=\"wp-block-heading\" id=\"h-manifestacoes-clinicas\"><span class=\"ez-toc-section\" id=\"Manifestacoes-Clinicas\"><\/span>Manifesta&ccedil;&otilde;es Cl&iacute;nicas<span class=\"ez-toc-section-end\"><\/span><\/h2><p>As manifesta&ccedil;&otilde;es cl&iacute;nicas da osteogenesis imperfecta (OI) variam amplamente, desde formas leves at&eacute; graves.<\/p><ul class=\"wp-block-list\">\n<li><strong>Fraturas<\/strong>: caracter&iacute;stica marcante, geralmente de baixo impacto. Em formas leves, as fraturas ocorrem na inf&acirc;ncia e diminuem na vida adulta. Nas formas graves, podem come&ccedil;ar no per&iacute;odo pr&eacute;-natal, causando deformidades significativas.<\/li>\n\n\n\n<li><strong>Tonalidade escleral<\/strong>: escleras azuladas, comuns nas formas cl&aacute;ssicas, enquanto formas autoss&ocirc;micas recessivas apresentam escleras mais esbranqui&ccedil;adas.<\/li>\n\n\n\n<li><strong>Dentinog&ecirc;nese imperfeita (DI)<\/strong>: dentes fr&aacute;geis, descoloridos e suscet&iacute;veis a desgaste, ocorrendo em associa&ccedil;&atilde;o com OI (DI tipo I).<\/li>\n\n\n\n<li><strong>Caracter&iacute;sticas faciais<\/strong>: incluem rosto triangular, protuber&acirc;ncia frontal, olhos fundos e nariz adunco.<\/li>\n\n\n\n<li><strong>Crescimento<\/strong>: baixa estatura, devido a deformidades &oacute;sseas e fraturas recorrentes, &eacute; comum, mas pode haver estatura normal em formas leves. Obesidade tamb&eacute;m pode ocorrer.<\/li>\n\n\n\n<li><strong>Perda auditiva<\/strong>: geralmente ocorre na idade adulta e &eacute; de tipo condutivo, neurossensorial ou mista.<\/li>\n\n\n\n<li><strong>Hipermobilidade articular e frouxid&atilde;o ligamentar<\/strong>: contribuem para dor cr&ocirc;nica, osteoartrite precoce e maior fatigabilidade.<\/li>\n\n\n\n<li><strong>Flacidez da pele<\/strong>: embora n&atilde;o predominante, pode ocorrer junto a hematomas f&aacute;ceis.<\/li>\n\n\n\n<li><strong>Dist&uacute;rbios do t&oacute;rax e coluna<\/strong>: insufici&ecirc;ncia respirat&oacute;ria nas formas graves. Nas leves, risco de doen&ccedil;a pulmonar restritiva devido a cifose tor&aacute;cica, escoliose e deformidades esternais.<\/li>\n\n\n\n<li><strong>Manifesta&ccedil;&otilde;es cardiovasculares<\/strong>: insufici&ecirc;ncias valvulares (a&oacute;rtica e mitral) s&atilde;o comuns, enquanto dilata&ccedil;&atilde;o a&oacute;rtica e dissec&ccedil;&atilde;o a&oacute;rtica s&atilde;o mais raras. Ecocardiogramas s&atilde;o indicados para triagem.<\/li>\n\n\n\n<li><strong>Anormalidades cranianas e neurol&oacute;gicas<\/strong>: macrocefalia, platibasia, impress&atilde;o basilar e invagina&ccedil;&atilde;o basilar (BI), que podem causar cefaleia, nistagmo e ataxia. BI &eacute; mais comum em formas graves e requer monitoramento por imagem peri&oacute;dica.<\/li>\n<\/ul><h2 class=\"wp-block-heading\" id=\"h-diagnostico-de-osteogenesis-imperfecta\"><span class=\"ez-toc-section\" id=\"Diagnostico-de-Osteogenesis-Imperfecta\"><\/span>Diagn&oacute;stico de Osteogenesis Imperfecta<span class=\"ez-toc-section-end\"><\/span><\/h2><p>O diagn&oacute;stico come&ccedil;a com a suspeita cl&iacute;nica, geralmente em pacientes com hist&oacute;rico de fraturas recorrentes, deformidades &oacute;sseas, baixa estatura ou caracter&iacute;sticas f&iacute;sicas como ossos longos curtos identificados em ultrassom pr&eacute;-natal. A presen&ccedil;a de hist&oacute;rico familiar de OI, especialmente com casos de fraturas &oacute;sseas ou osteoporose precoce, tamb&eacute;m &eacute; um fator importante para suspeitar da condi&ccedil;&atilde;o.<\/p><h3 class=\"wp-block-heading\" id=\"h-avaliacao-clinica-e-imagens\">Avalia&ccedil;&atilde;o cl&iacute;nica e imagens<\/h3><p>A avalia&ccedil;&atilde;o cl&iacute;nica de OI foca principalmente no sistema esquel&eacute;tico, mas tamb&eacute;m considera manifesta&ccedil;&otilde;es extraesquel&eacute;ticas como dentinog&ecirc;nese imperfeita, deformidades da face (como rosto triangular), e altera&ccedil;&otilde;es no cr&acirc;nio e coluna (como escoliose). A coleta de um hist&oacute;rico detalhado de fraturas, luxa&ccedil;&otilde;es, dores nas costas, e sintomas neurol&oacute;gicos &eacute; essencial para entender o quadro cl&iacute;nico do paciente.<\/p><p>A imagem radiol&oacute;gica, incluindo radiografias simples, &eacute; crucial para avaliar a condi&ccedil;&atilde;o dos ossos longos, coluna e cr&acirc;nio. Achados como fraturas, arqueamento de f&ecirc;mures e outras deformidades &oacute;sseas s&atilde;o t&iacute;picos em pacientes com OI. A avalia&ccedil;&atilde;o tamb&eacute;m inclui a an&aacute;lise das escleras, que frequentemente apresentam colora&ccedil;&atilde;o azulada, e outras caracter&iacute;sticas f&iacute;sicas que podem ajudar a diagnosticar a doen&ccedil;a.<\/p><h3 class=\"wp-block-heading\" id=\"h-diagnostico-pre-natal\">Diagn&oacute;stico pr&eacute;-natal<\/h3><p>O diagn&oacute;stico pode ser feito precocemente por meio de ultrassonografia, especialmente se forem detectados ossos longos curtos, circunfer&ecirc;ncia craniana aumentada, ou anomalias cerebrais (como ventriculomegalia) ainda no feto. Nesses casos, um teste gen&eacute;tico pr&eacute;-natal &eacute; fundamental para confirmar a condi&ccedil;&atilde;o e ajudar a determinar o progn&oacute;stico, al&eacute;m de possibilitar um aconselhamento gen&eacute;tico adequado para os pais.<\/p><h3 class=\"wp-block-heading\" id=\"h-diagnostico-genetico\">Diagn&oacute;stico gen&eacute;tico<\/h3><p>O principal teste gen&eacute;tico para confirmar o diagn&oacute;stico de OI &eacute; a an&aacute;lise molecular dos genes <strong>COL1A1 <\/strong>e <strong>COL1A2<\/strong>, que s&atilde;o respons&aacute;veis pela produ&ccedil;&atilde;o do col&aacute;geno tipo I, a principal prote&iacute;na estrutural dos ossos. Se os testes de primeira linha n&atilde;o identificarem uma variante clara, podem ser realizados <strong>testes complementares<\/strong>, como bi&oacute;psia de pele, microscopia eletr&ocirc;nica e an&aacute;lise de col&aacute;geno, para ajudar na confirma&ccedil;&atilde;o. A interpreta&ccedil;&atilde;o dos resultados gen&eacute;ticos deve ser feita com cuidado, j&aacute; que uma variante gen&eacute;tica de significado incerto n&atilde;o exclui o diagn&oacute;stico cl&iacute;nico de OI.<\/p><h3 class=\"wp-block-heading\" id=\"h-aconselhamento-genetico\">Aconselhamento gen&eacute;tico<\/h3><p>Quando o diagn&oacute;stico de OI grave (letal ou de alta gravidade) &eacute; confirmado no ambiente pr&eacute;-natal, &eacute; essencial o encaminhamento para aconselhamento gen&eacute;tico especializado. Isso inclui discuss&otilde;es sobre o risco de recorr&ecirc;ncia em futuras gesta&ccedil;&otilde;es e op&ccedil;&otilde;es de tratamento para a gesta&ccedil;&atilde;o atual, al&eacute;m de orienta&ccedil;&otilde;es sobre o progn&oacute;stico a longo prazo e cuidados especializados.<\/p><h2 class=\"wp-block-heading\" id=\"h-tratamento-da-osteogenesis-imperfecta\"><span class=\"ez-toc-section\" id=\"Tratamento-da-Osteogenesis-Imperfecta\"><\/span>Tratamento da Osteogenesis Imperfecta<span class=\"ez-toc-section-end\"><\/span><\/h2><p>O tratamento &eacute; abordado de forma multidisciplinar, visando melhorar a sa&uacute;de &oacute;ssea, a fun&ccedil;&atilde;o muscular, a mobilidade e a qualidade de vida dos pacientes.&nbsp;<\/p><h3 class=\"wp-block-heading\" id=\"h-tratamento-nao-medicamentoso\">Tratamento n&atilde;o medicamentoso<\/h3><p>Devido &agrave; natureza da OI, que envolve fraturas frequentes e deformidades &oacute;sseas, o tratamento ortop&eacute;dico e fisioter&aacute;pico &eacute; essencial. Esses tratamentos s&atilde;o geralmente realizados em centros especializados, onde os pacientes podem receber o suporte necess&aacute;rio para lidar com as limita&ccedil;&otilde;es de mobilidade e as complica&ccedil;&otilde;es associadas &agrave; doen&ccedil;a. A fisioterapia &eacute; focada em melhorar a for&ccedil;a muscular, a flexibilidade e a fun&ccedil;&atilde;o motora, ajudando os pacientes a manterem uma vida funcional.<\/p><p>A interven&ccedil;&atilde;o cir&uacute;rgica desempenha um papel crucial na corre&ccedil;&atilde;o de deformidades &oacute;sseas e na prote&ccedil;&atilde;o contra fraturas. Para pacientes com deformidades nos ossos longos (como f&ecirc;mur, t&iacute;bia e &uacute;mero) com valor angular superior a 20&ordm;, o tratamento com hastes intramedulares &eacute; recomendado.&nbsp;<\/p><p>As hastes flex&iacute;veis s&atilde;o comumente utilizadas em crian&ccedil;as, e outras op&ccedil;&otilde;es, como o fio de Kirschner e o fio de Steinmann rosqueado, est&atilde;o dispon&iacute;veis no SUS para tratamento ortop&eacute;dico.<\/p><h3 class=\"wp-block-heading\" id=\"h-tratamento-medicamentoso\">Tratamento medicamentoso<\/h3><p>Os <strong>bisfosfonatos<\/strong>, como o <strong>alendronato <\/strong>e o <strong>pamidronato diss&oacute;dico<\/strong>, s&atilde;o os medicamentos de primeira linha, sendo usados para reduzir o risco de fraturas e aumentar a densidade &oacute;ssea. Esses medicamentos ajudam a melhorar a sa&uacute;de &oacute;ssea, principalmente em formas moderadas e graves de OI. A escolha do medicamento e o esquema de administra&ccedil;&atilde;o devem ser feitos de acordo com as caracter&iacute;sticas individuais do paciente, como peso e idade.<\/p><p>Al&eacute;m disso, a suplementa&ccedil;&atilde;o com <strong>c&aacute;lcio <\/strong>e <strong>vitamina D<\/strong> &eacute; fundamental para garantir uma mineraliza&ccedil;&atilde;o &oacute;ssea adequada e melhorar os resultados do tratamento com bisfosfonatos. O carbonato de c&aacute;lcio combinado com colecalciferol (vitamina D) &eacute; comumente prescrito, e a dose varia de acordo com a necessidade do paciente.<\/p><h2 class=\"wp-block-heading\" id=\"h-veja-tambem\"><span class=\"ez-toc-section\" id=\"Veja-tambem\"><\/span>Veja tamb&eacute;m!<span class=\"ez-toc-section-end\"><\/span><\/h2><ul class=\"wp-block-list\">\n<li><a href=\"https:\/\/med.estrategia.com\/portal\/conteudos-gratis\/doencas\/resumo-de-disfuncao-temporomandibular-diagnostico-tratamento-e-mais\/\">Resumo de disfun&ccedil;&atilde;o temporomandibular: diagn&oacute;stico, tratamento e mais!<\/a>&nbsp;<\/li>\n\n\n\n<li><a href=\"https:\/\/med.estrategia.com\/portal\/outros\/resumo-sobre-ortese-o-que-e-funcoes-e-mais\/\">Resumo sobre &Oacute;rtese: o que &eacute;, fun&ccedil;&otilde;es e mais!<\/a><\/li>\n\n\n\n<li><a href=\"https:\/\/med.estrategia.com\/portal\/conteudos-gratis\/ciclo-basico\/resumo-sobre-iliopsoas-origem-funcao-e-mais\/\">Resumo sobre Iliopsoas:&nbsp; origem, fun&ccedil;&atilde;o e mais!<\/a><\/li>\n\n\n\n<li><a href=\"https:\/\/med.estrategia.com\/portal\/conteudos-gratis\/ciclo-basico\/resumo-sobre-contracao-muscular-fisiologia-muscular-tipos-de-musculo-e-mais\/\">Resumo sobre Contra&ccedil;&atilde;o Muscular: fisiologia muscular, tipos de m&uacute;sculo e mais!<\/a><\/li>\n\n\n\n<li><a href=\"https:\/\/med.estrategia.com\/portal\/conteudos-gratis\/doencas\/resumo-sobre-hipercifose-definicao-consequencias-a-saude-e-mais\/\">Resumo sobre Hipercifose: defini&ccedil;&atilde;o, consequ&ecirc;ncias &agrave; sa&uacute;de e mais!<\/a><\/li>\n\n\n\n<li><a href=\"https:\/\/med.estrategia.com\/portal\/conteudos-gratis\/ciclo-basico\/resumo-sobre-periosteo-definicao-composicao-e-mais\/\">Resumo sobre Peri&oacute;steo: defini&ccedil;&atilde;o, composi&ccedil;&atilde;o e mais!<\/a><\/li>\n<\/ul><h2 class=\"wp-block-heading\" id=\"h-referencias\"><span class=\"ez-toc-section\" id=\"Referencias\"><\/span>Refer&ecirc;ncias<span class=\"ez-toc-section-end\"><\/span><\/h2><p>Meena Balasubramanian, MBBS, DCH, FRCPCH, MD. Osteogenesis imperfecta: An overview. UpToDate, 2022. Dispon&iacute;vel em: <a href=\"https:\/\/www.uptodate.com\/contents\/osteogenesis-imperfecta-an-overview\/contributors\" target=\"_blank\" rel=\"noopener noreferrer\">UpToDate<\/a><\/p><p>BRASIL. Minist&eacute;rio da Sa&uacute;de. <strong>Portaria Conjunta SAES\/SCTIE\/MS n&ordm; 17, de 08 de setembro de 2022<\/strong>. Osteog&ecirc;nese Imperfeita: Protocolo Cl&iacute;nico e Diretrizes Terap&ecirc;uticas. 2022. Dispon&iacute;vel em: <a href=\"https:\/\/www.gov.br\/conitec\/pt-br\/midias\/protocolos\/resumidos\/20230424_PCDT_Resumido_Osteogenese_Imperfeita_final.pdf\" target=\"_blank\" rel=\"noopener noreferrer\">https:\/\/www.gov.br\/conitec\/pt-br\/midias\/protocolos\/resumidos\/20230424_PCDT_Resumido_Osteogenese_Imperfeita_final.pdf<\/a>. Acesso em: 11 dez. 2024.<\/p><\/p>\n","protected":false},"excerpt":{"rendered":"E a&iacute;, doc! Vamos explorar mais um tema essencial? Hoje o foco &eacute; a Osteogenesis Imperfecta, uma condi&ccedil;&atilde;o&hellip;\n","protected":false},"author":53,"featured_media":78621,"comment_status":"closed","ping_status":"closed","sticky":false,"template":"","format":"standard","meta":{"wl_entities_gutenberg":"","footnotes":""},"categories":[304],"tags":[637,46,522],"wl_entity_type":[199],"class_list":{"0":"post-78620","1":"post","2":"type-post","3":"status-publish","4":"format-standard","5":"has-post-thumbnail","7":"category-doencas","8":"tag-genetica-medica","9":"tag-ortopedia","10":"tag-ortopedia-e-traumatologia","11":"wl_entity_type-article"},"acf":[],"yoast_head":"<!-- This site is optimized with the Yoast SEO Premium plugin v26.6 (Yoast SEO v26.6) - https:\/\/yoast.com\/wordpress\/plugins\/seo\/ -->\n<title>Resumo sobre Osteogenesis Imperfecta: defini\u00e7\u00e3o, manifesta\u00e7\u00f5es cl\u00ednicas e mais!<\/title>\n<meta name=\"description\" content=\"A osteog\u00eanese imperfeita (OI) \u00e9 uma condi\u00e7\u00e3o gen\u00e9tica rara que abrange um grupo de dist\u00farbios caracterizados pela fragilidade \u00f3ssea. Veja!\" \/>\n<meta name=\"robots\" content=\"index, follow, max-snippet:-1, max-image-preview:large, max-video-preview:-1\" \/>\n<link rel=\"canonical\" href=\"https:\/\/med.estrategia.com\/portal\/conteudos-gratis\/doencas\/resumo-sobre-osteogenesis-imperfecta-definicao-manifestacoes-clinicas-e-mais\/\" \/>\n<meta property=\"og:locale\" content=\"pt_BR\" \/>\n<meta property=\"og:type\" content=\"article\" \/>\n<meta property=\"og:title\" content=\"Resumo sobre Osteogenesis Imperfecta: defini\u00e7\u00e3o, manifesta\u00e7\u00f5es cl\u00ednicas e mais!\" \/>\n<meta property=\"og:description\" content=\"A osteog\u00eanese imperfeita (OI) \u00e9 uma condi\u00e7\u00e3o gen\u00e9tica rara que abrange um grupo de dist\u00farbios caracterizados pela fragilidade \u00f3ssea. Veja!\" \/>\n<meta property=\"og:url\" content=\"https:\/\/med.estrategia.com\/portal\/conteudos-gratis\/doencas\/resumo-sobre-osteogenesis-imperfecta-definicao-manifestacoes-clinicas-e-mais\/\" \/>\n<meta property=\"og:site_name\" content=\"Estrat\u00e9gia MED\" \/>\n<meta property=\"article:publisher\" content=\"https:\/\/www.facebook.com\/estrategiamed1\" \/>\n<meta property=\"article:published_time\" content=\"2024-12-11T19:52:25+00:00\" \/>\n<meta property=\"article:modified_time\" content=\"2024-12-31T13:51:59+00:00\" \/>\n<meta property=\"og:image\" content=\"https:\/\/med.estrategia.com\/portal\/wp-content\/uploads\/2024\/12\/um-doutor-com-um-paciente-raio-x-pelicula_53876-14350.jpg\" \/>\n\t<meta property=\"og:image:width\" content=\"740\" \/>\n\t<meta property=\"og:image:height\" content=\"494\" \/>\n\t<meta property=\"og:image:type\" content=\"image\/jpeg\" \/>\n<meta name=\"author\" content=\"Laelson Junior\" \/>\n<meta name=\"twitter:card\" content=\"summary_large_image\" \/>\n<meta name=\"twitter:creator\" content=\"@estrategiamed_\" \/>\n<meta name=\"twitter:site\" content=\"@estrategiamed_\" \/>\n<meta name=\"twitter:label1\" content=\"Escrito por\" \/>\n\t<meta name=\"twitter:data1\" content=\"Laelson Junior\" \/>\n\t<meta name=\"twitter:label2\" content=\"Est. tempo de leitura\" \/>\n\t<meta name=\"twitter:data2\" content=\"11 minutos\" \/>\n<script type=\"application\/ld+json\" class=\"yoast-schema-graph\">{\"@context\":\"https:\/\/schema.org\",\"@graph\":[{\"@type\":\"WebPage\",\"@id\":\"https:\/\/med.estrategia.com\/portal\/conteudos-gratis\/doencas\/resumo-sobre-osteogenesis-imperfecta-definicao-manifestacoes-clinicas-e-mais\/\",\"url\":\"https:\/\/med.estrategia.com\/portal\/conteudos-gratis\/doencas\/resumo-sobre-osteogenesis-imperfecta-definicao-manifestacoes-clinicas-e-mais\/\",\"name\":\"Resumo sobre Osteogenesis Imperfecta: defini\u00e7\u00e3o, manifesta\u00e7\u00f5es cl\u00ednicas e mais!\",\"isPartOf\":{\"@id\":\"https:\/\/med.estrategia.com\/portal\/#website\"},\"primaryImageOfPage\":{\"@id\":\"https:\/\/med.estrategia.com\/portal\/conteudos-gratis\/doencas\/resumo-sobre-osteogenesis-imperfecta-definicao-manifestacoes-clinicas-e-mais\/#primaryimage\"},\"image\":{\"@id\":\"https:\/\/med.estrategia.com\/portal\/conteudos-gratis\/doencas\/resumo-sobre-osteogenesis-imperfecta-definicao-manifestacoes-clinicas-e-mais\/#primaryimage\"},\"thumbnailUrl\":\"https:\/\/med.estrategia.com\/portal\/wp-content\/uploads\/2024\/12\/um-doutor-com-um-paciente-raio-x-pelicula_53876-14350.jpg\",\"datePublished\":\"2024-12-11T19:52:25+00:00\",\"dateModified\":\"2024-12-31T13:51:59+00:00\",\"author\":{\"@id\":\"https:\/\/med.estrategia.com\/portal\/#\/schema\/person\/d67a9b23b48ad79833939ef92444e548\"},\"description\":\"A osteog\u00eanese imperfeita (OI) \u00e9 uma condi\u00e7\u00e3o gen\u00e9tica rara que abrange um grupo de dist\u00farbios caracterizados pela fragilidade \u00f3ssea. Veja!\",\"breadcrumb\":{\"@id\":\"https:\/\/med.estrategia.com\/portal\/conteudos-gratis\/doencas\/resumo-sobre-osteogenesis-imperfecta-definicao-manifestacoes-clinicas-e-mais\/#breadcrumb\"},\"inLanguage\":\"pt-BR\",\"potentialAction\":[{\"@type\":\"ReadAction\",\"target\":[\"https:\/\/med.estrategia.com\/portal\/conteudos-gratis\/doencas\/resumo-sobre-osteogenesis-imperfecta-definicao-manifestacoes-clinicas-e-mais\/\"]}]},{\"@type\":\"ImageObject\",\"inLanguage\":\"pt-BR\",\"@id\":\"https:\/\/med.estrategia.com\/portal\/conteudos-gratis\/doencas\/resumo-sobre-osteogenesis-imperfecta-definicao-manifestacoes-clinicas-e-mais\/#primaryimage\",\"url\":\"https:\/\/med.estrategia.com\/portal\/wp-content\/uploads\/2024\/12\/um-doutor-com-um-paciente-raio-x-pelicula_53876-14350.jpg\",\"contentUrl\":\"https:\/\/med.estrategia.com\/portal\/wp-content\/uploads\/2024\/12\/um-doutor-com-um-paciente-raio-x-pelicula_53876-14350.jpg\",\"width\":740,\"height\":494,\"caption\":\"Fonte: Freepik\"},{\"@type\":\"BreadcrumbList\",\"@id\":\"https:\/\/med.estrategia.com\/portal\/conteudos-gratis\/doencas\/resumo-sobre-osteogenesis-imperfecta-definicao-manifestacoes-clinicas-e-mais\/#breadcrumb\",\"itemListElement\":[{\"@type\":\"ListItem\",\"position\":1,\"name\":\"Home\",\"item\":\"https:\/\/med.estrategia.com\/portal\/\"},{\"@type\":\"ListItem\",\"position\":2,\"name\":\"Conte\u00fados Gr\u00e1tis\",\"item\":\"https:\/\/med.estrategia.com\/portal\/conteudos-gratis\/\"},{\"@type\":\"ListItem\",\"position\":3,\"name\":\"Doen\u00e7as\",\"item\":\"https:\/\/med.estrategia.com\/portal\/conteudos-gratis\/doencas\/\"},{\"@type\":\"ListItem\",\"position\":4,\"name\":\"Resumo sobre Osteogenesis Imperfecta: defini\u00e7\u00e3o, manifesta\u00e7\u00f5es cl\u00ednicas e mais!\"}]},{\"@type\":\"WebSite\",\"@id\":\"https:\/\/med.estrategia.com\/portal\/#website\",\"url\":\"https:\/\/med.estrategia.com\/portal\/\",\"name\":\"Estrat\u00e9gia MED\",\"description\":\"\",\"potentialAction\":[{\"@type\":\"SearchAction\",\"target\":{\"@type\":\"EntryPoint\",\"urlTemplate\":\"https:\/\/med.estrategia.com\/portal\/?s={search_term_string}\"},\"query-input\":{\"@type\":\"PropertyValueSpecification\",\"valueRequired\":true,\"valueName\":\"search_term_string\"}}],\"inLanguage\":\"pt-BR\"},{\"@type\":\"Person\",\"@id\":\"https:\/\/med.estrategia.com\/portal\/#\/schema\/person\/d67a9b23b48ad79833939ef92444e548\",\"name\":\"Laelson Junior\",\"image\":{\"@type\":\"ImageObject\",\"inLanguage\":\"pt-BR\",\"@id\":\"https:\/\/med.estrategia.com\/portal\/#\/schema\/person\/image\/\",\"url\":\"https:\/\/med.estrategia.com\/portal\/wp-content\/uploads\/2025\/08\/HE4_3032-150x150.jpg\",\"contentUrl\":\"https:\/\/med.estrategia.com\/portal\/wp-content\/uploads\/2025\/08\/HE4_3032-150x150.jpg\",\"caption\":\"Laelson Junior\"},\"description\":\"Estudante de medicina, sergipano morando na Bahia, crist\u00e3o, cin\u00e9filo. Atualmente estou no 11\u00b0 semestre e cada vez mais me surpreendo e admiro o mundo da medicina. Gosto de pegar uma praia sempre e estar em contato com a natureza.\",\"sameAs\":[\"http:\/\/estrategia.com\"],\"url\":\"https:\/\/med.estrategia.com\/portal\/author\/laelson-junior\/\"}]}<\/script>\n<!-- \/ Yoast SEO Premium plugin. -->","yoast_head_json":{"title":"Resumo sobre Osteogenesis Imperfecta: defini\u00e7\u00e3o, manifesta\u00e7\u00f5es cl\u00ednicas e mais!","description":"A osteog\u00eanese imperfeita (OI) \u00e9 uma condi\u00e7\u00e3o gen\u00e9tica rara que abrange um grupo de dist\u00farbios caracterizados pela fragilidade \u00f3ssea. Veja!","robots":{"index":"index","follow":"follow","max-snippet":"max-snippet:-1","max-image-preview":"max-image-preview:large","max-video-preview":"max-video-preview:-1"},"canonical":"https:\/\/med.estrategia.com\/portal\/conteudos-gratis\/doencas\/resumo-sobre-osteogenesis-imperfecta-definicao-manifestacoes-clinicas-e-mais\/","og_locale":"pt_BR","og_type":"article","og_title":"Resumo sobre Osteogenesis Imperfecta: defini\u00e7\u00e3o, manifesta\u00e7\u00f5es cl\u00ednicas e mais!","og_description":"A osteog\u00eanese imperfeita (OI) \u00e9 uma condi\u00e7\u00e3o gen\u00e9tica rara que abrange um grupo de dist\u00farbios caracterizados pela fragilidade \u00f3ssea. Veja!","og_url":"https:\/\/med.estrategia.com\/portal\/conteudos-gratis\/doencas\/resumo-sobre-osteogenesis-imperfecta-definicao-manifestacoes-clinicas-e-mais\/","og_site_name":"Estrat\u00e9gia MED","article_publisher":"https:\/\/www.facebook.com\/estrategiamed1","article_published_time":"2024-12-11T19:52:25+00:00","article_modified_time":"2024-12-31T13:51:59+00:00","og_image":[{"width":740,"height":494,"url":"https:\/\/med.estrategia.com\/portal\/wp-content\/uploads\/2024\/12\/um-doutor-com-um-paciente-raio-x-pelicula_53876-14350.jpg","type":"image\/jpeg"}],"author":"Laelson Junior","twitter_card":"summary_large_image","twitter_creator":"@estrategiamed_","twitter_site":"@estrategiamed_","twitter_misc":{"Escrito por":"Laelson Junior","Est. tempo de leitura":"11 minutos"},"schema":{"@context":"https:\/\/schema.org","@graph":[{"@type":"WebPage","@id":"https:\/\/med.estrategia.com\/portal\/conteudos-gratis\/doencas\/resumo-sobre-osteogenesis-imperfecta-definicao-manifestacoes-clinicas-e-mais\/","url":"https:\/\/med.estrategia.com\/portal\/conteudos-gratis\/doencas\/resumo-sobre-osteogenesis-imperfecta-definicao-manifestacoes-clinicas-e-mais\/","name":"Resumo sobre Osteogenesis Imperfecta: defini\u00e7\u00e3o, manifesta\u00e7\u00f5es cl\u00ednicas e mais!","isPartOf":{"@id":"https:\/\/med.estrategia.com\/portal\/#website"},"primaryImageOfPage":{"@id":"https:\/\/med.estrategia.com\/portal\/conteudos-gratis\/doencas\/resumo-sobre-osteogenesis-imperfecta-definicao-manifestacoes-clinicas-e-mais\/#primaryimage"},"image":{"@id":"https:\/\/med.estrategia.com\/portal\/conteudos-gratis\/doencas\/resumo-sobre-osteogenesis-imperfecta-definicao-manifestacoes-clinicas-e-mais\/#primaryimage"},"thumbnailUrl":"https:\/\/med.estrategia.com\/portal\/wp-content\/uploads\/2024\/12\/um-doutor-com-um-paciente-raio-x-pelicula_53876-14350.jpg","datePublished":"2024-12-11T19:52:25+00:00","dateModified":"2024-12-31T13:51:59+00:00","author":{"@id":"https:\/\/med.estrategia.com\/portal\/#\/schema\/person\/d67a9b23b48ad79833939ef92444e548"},"description":"A osteog\u00eanese imperfeita (OI) \u00e9 uma condi\u00e7\u00e3o gen\u00e9tica rara que abrange um grupo de dist\u00farbios caracterizados pela fragilidade \u00f3ssea. Veja!","breadcrumb":{"@id":"https:\/\/med.estrategia.com\/portal\/conteudos-gratis\/doencas\/resumo-sobre-osteogenesis-imperfecta-definicao-manifestacoes-clinicas-e-mais\/#breadcrumb"},"inLanguage":"pt-BR","potentialAction":[{"@type":"ReadAction","target":["https:\/\/med.estrategia.com\/portal\/conteudos-gratis\/doencas\/resumo-sobre-osteogenesis-imperfecta-definicao-manifestacoes-clinicas-e-mais\/"]}]},{"@type":"ImageObject","inLanguage":"pt-BR","@id":"https:\/\/med.estrategia.com\/portal\/conteudos-gratis\/doencas\/resumo-sobre-osteogenesis-imperfecta-definicao-manifestacoes-clinicas-e-mais\/#primaryimage","url":"https:\/\/med.estrategia.com\/portal\/wp-content\/uploads\/2024\/12\/um-doutor-com-um-paciente-raio-x-pelicula_53876-14350.jpg","contentUrl":"https:\/\/med.estrategia.com\/portal\/wp-content\/uploads\/2024\/12\/um-doutor-com-um-paciente-raio-x-pelicula_53876-14350.jpg","width":740,"height":494,"caption":"Fonte: Freepik"},{"@type":"BreadcrumbList","@id":"https:\/\/med.estrategia.com\/portal\/conteudos-gratis\/doencas\/resumo-sobre-osteogenesis-imperfecta-definicao-manifestacoes-clinicas-e-mais\/#breadcrumb","itemListElement":[{"@type":"ListItem","position":1,"name":"Home","item":"https:\/\/med.estrategia.com\/portal\/"},{"@type":"ListItem","position":2,"name":"Conte\u00fados Gr\u00e1tis","item":"https:\/\/med.estrategia.com\/portal\/conteudos-gratis\/"},{"@type":"ListItem","position":3,"name":"Doen\u00e7as","item":"https:\/\/med.estrategia.com\/portal\/conteudos-gratis\/doencas\/"},{"@type":"ListItem","position":4,"name":"Resumo sobre Osteogenesis Imperfecta: defini\u00e7\u00e3o, manifesta\u00e7\u00f5es cl\u00ednicas e mais!"}]},{"@type":"WebSite","@id":"https:\/\/med.estrategia.com\/portal\/#website","url":"https:\/\/med.estrategia.com\/portal\/","name":"Estrat\u00e9gia MED","description":"","potentialAction":[{"@type":"SearchAction","target":{"@type":"EntryPoint","urlTemplate":"https:\/\/med.estrategia.com\/portal\/?s={search_term_string}"},"query-input":{"@type":"PropertyValueSpecification","valueRequired":true,"valueName":"search_term_string"}}],"inLanguage":"pt-BR"},{"@type":"Person","@id":"https:\/\/med.estrategia.com\/portal\/#\/schema\/person\/d67a9b23b48ad79833939ef92444e548","name":"Laelson Junior","image":{"@type":"ImageObject","inLanguage":"pt-BR","@id":"https:\/\/med.estrategia.com\/portal\/#\/schema\/person\/image\/","url":"https:\/\/med.estrategia.com\/portal\/wp-content\/uploads\/2025\/08\/HE4_3032-150x150.jpg","contentUrl":"https:\/\/med.estrategia.com\/portal\/wp-content\/uploads\/2025\/08\/HE4_3032-150x150.jpg","caption":"Laelson Junior"},"description":"Estudante de medicina, sergipano morando na Bahia, crist\u00e3o, cin\u00e9filo. Atualmente estou no 11\u00b0 semestre e cada vez mais me surpreendo e admiro o mundo da medicina. Gosto de pegar uma praia sempre e estar em contato com a natureza.","sameAs":["http:\/\/estrategia.com"],"url":"https:\/\/med.estrategia.com\/portal\/author\/laelson-junior\/"}]}},"_wl_alt_label":[],"wl:entity_url":"\/post\/resumo-sobre-osteogenesis-imperfecta-definicao-manifestacoes-clinicas-e-mais-78620","_links":{"self":[{"href":"https:\/\/med.estrategia.com\/portal\/wp-json\/wp\/v2\/posts\/78620","targetHints":{"allow":["GET"]}}],"collection":[{"href":"https:\/\/med.estrategia.com\/portal\/wp-json\/wp\/v2\/posts"}],"about":[{"href":"https:\/\/med.estrategia.com\/portal\/wp-json\/wp\/v2\/types\/post"}],"author":[{"embeddable":true,"href":"https:\/\/med.estrategia.com\/portal\/wp-json\/wp\/v2\/users\/53"}],"replies":[{"embeddable":true,"href":"https:\/\/med.estrategia.com\/portal\/wp-json\/wp\/v2\/comments?post=78620"}],"version-history":[{"count":2,"href":"https:\/\/med.estrategia.com\/portal\/wp-json\/wp\/v2\/posts\/78620\/revisions"}],"predecessor-version":[{"id":79863,"href":"https:\/\/med.estrategia.com\/portal\/wp-json\/wp\/v2\/posts\/78620\/revisions\/79863"}],"wp:featuredmedia":[{"embeddable":true,"href":"https:\/\/med.estrategia.com\/portal\/wp-json\/wp\/v2\/media\/78621"}],"wp:attachment":[{"href":"https:\/\/med.estrategia.com\/portal\/wp-json\/wp\/v2\/media?parent=78620"}],"wp:term":[{"taxonomy":"category","embeddable":true,"href":"https:\/\/med.estrategia.com\/portal\/wp-json\/wp\/v2\/categories?post=78620"},{"taxonomy":"post_tag","embeddable":true,"href":"https:\/\/med.estrategia.com\/portal\/wp-json\/wp\/v2\/tags?post=78620"},{"taxonomy":"wl_entity_type","embeddable":true,"href":"https:\/\/med.estrategia.com\/portal\/wp-json\/wp\/v2\/wl_entity_type?post=78620"}],"curies":[{"name":"wp","href":"https:\/\/api.w.org\/{rel}","templated":true}]}}