{"id":7869,"date":"2021-07-30T16:58:58","date_gmt":"2021-07-30T19:58:58","guid":{"rendered":"https:\/\/med.estrategiaeducacional.com.br\/blog\/?p=7869"},"modified":"2022-09-06T12:50:01","modified_gmt":"2022-09-06T15:50:01","slug":"fhemig-residencia-medica","status":"publish","type":"post","link":"https:\/\/med.estrategia.com\/portal\/residencia-medica\/fhemig-residencia-medica\/","title":{"rendered":"FHEMIG Resid\u00eancia M\u00e9dica: cronograma, vagas e mais!"},"content":{"rendered":"<p>Quer saber quantas etapas ou quais foram as datas estabelecidas no concurso da Funda&ccedil;&atilde;o Hospitalar do Estado de Minas Gerais (FHEMIG) Resid&ecirc;ncia M&eacute;dica 2021? Ent&atilde;o, n&atilde;o saia deste artigo do Estrat&eacute;gia MED!<div id=\"ez-toc-container\" class=\"ez-toc-v2_0_79_2 counter-hierarchy ez-toc-counter ez-toc-transparent ez-toc-container-direction\">\n<div class=\"ez-toc-title-container\"><p class=\"ez-toc-title\" style=\"cursor:inherit\">Navegue pelo conte\u00fado<\/p>\n<\/div><nav><ul class='ez-toc-list ez-toc-list-level-1 ' ><li class='ez-toc-page-1 ez-toc-heading-level-2'><a class=\"ez-toc-link ez-toc-heading-1\" href=\"https:\/\/med.estrategia.com\/portal\/residencia-medica\/fhemig-residencia-medica\/#FHEMIG\" >FHEMIG<\/a><\/li><li class='ez-toc-page-1 ez-toc-heading-level-2'><a class=\"ez-toc-link ez-toc-heading-2\" href=\"https:\/\/med.estrategia.com\/portal\/residencia-medica\/fhemig-residencia-medica\/#Cronograma-FHEMIG-Residencia-Medica-2021\" >Cronograma FHEMIG Resid&ecirc;ncia M&eacute;dica 2021<\/a><\/li><li class='ez-toc-page-1 ez-toc-heading-level-2'><a class=\"ez-toc-link ez-toc-heading-3\" href=\"https:\/\/med.estrategia.com\/portal\/residencia-medica\/fhemig-residencia-medica\/#Especialidades-e-vagas-Residencia-Medica-FHEMIG-2021\" >Especialidades e vagas Resid&ecirc;ncia M&eacute;dica FHEMIG 2021<\/a><\/li><li class='ez-toc-page-1 ez-toc-heading-level-2'><a class=\"ez-toc-link ez-toc-heading-4\" href=\"https:\/\/med.estrategia.com\/portal\/residencia-medica\/fhemig-residencia-medica\/#Inscricoes-FHEMIG-Residencia-Medica\" >Inscri&ccedil;&otilde;es FHEMIG Resid&ecirc;ncia M&eacute;dica<\/a><\/li><li class='ez-toc-page-1 ez-toc-heading-level-2'><a class=\"ez-toc-link ez-toc-heading-5\" href=\"https:\/\/med.estrategia.com\/portal\/residencia-medica\/fhemig-residencia-medica\/#No-dia-da-prova\" >No dia da prova<\/a><\/li><li class='ez-toc-page-1 ez-toc-heading-level-2'><a class=\"ez-toc-link ez-toc-heading-6\" href=\"https:\/\/med.estrategia.com\/portal\/residencia-medica\/fhemig-residencia-medica\/#Resultado-Final-e-Desempate\" >Resultado Final e Desempate<\/a><\/li><li class='ez-toc-page-1 ez-toc-heading-level-2'><a class=\"ez-toc-link ez-toc-heading-7\" href=\"https:\/\/med.estrategia.com\/portal\/residencia-medica\/fhemig-residencia-medica\/#Voce-tambem-pode-se-interessar-por\" >Voc&ecirc; tamb&eacute;m pode se interessar por:<\/a><\/li><\/ul><\/nav><\/div>\n<h2 class=\"wp-block-heading\" id=\"h-fhemig\"><span class=\"ez-toc-section\" id=\"FHEMIG\"><\/span>FHEMIG<span class=\"ez-toc-section-end\"><\/span><\/h2><p>A <strong>Funda&ccedil;&atilde;o Hospitalar do Estado de Minas Gerais (FHEMIG)<\/strong> foi criada em <strong>1977 <\/strong>e &eacute; uma das <strong>maiores gestoras de hospitais p&uacute;blicos do Brasil<\/strong>. Ela possui mais de <strong>12 mil <\/strong>profissionais e conta com <strong>21 unidades<\/strong> assistenciais entre a regi&atilde;o metropolitana e interior de <strong>Belo Horizonte<\/strong>, com <strong>seis complexos<\/strong>, de urg&ecirc;ncia e emerg&ecirc;ncia, hospitais de refer&ecirc;ncia, especialidades, de reabilita&ccedil;&atilde;o e cuidados integrados, sa&uacute;de mental e o sistema estadual de transplantes.<\/p><p>O primeiro programa de <a href=\"https:\/\/med.estrategia.com\/portal\/category\/residencia-medica\/\" target=\"_blank\"><strong>Resid&ecirc;ncia M&eacute;dica<\/strong><\/a> da institui&ccedil;&atilde;o foi aberto em <strong>1968 <\/strong>e ele cresce em tamanho e qualidade, fazendo com que a funda&ccedil;&atilde;o seja a <strong>segunda principal formadora <\/strong>de m&eacute;dicos especialistas em <strong>Minas Gerais<\/strong>. Ela oferece <strong>58 programas <\/strong>credenciados pela CNRM, em <strong>21 especialidades<\/strong> e <strong>17 &aacute;reas de atua&ccedil;&atilde;o<\/strong>, com <strong>14 unidades assistenciais<\/strong>.<\/p><h2 class=\"wp-block-heading\" id=\"h-cronograma-fhemig-residencia-medica-2021\"><span class=\"ez-toc-section\" id=\"Cronograma-FHEMIG-Residencia-Medica-2021\"><\/span>Cronograma FHEMIG Resid&ecirc;ncia M&eacute;dica 2021<span class=\"ez-toc-section-end\"><\/span><\/h2><ul class=\"wp-block-list\"><li><strong>Per&iacute;odo de Inscri&ccedil;&otilde;es: <\/strong>16\/10 a 04\/11\/2020;<\/li><li><strong>Solicita&ccedil;&atilde;o de isen&ccedil;&atilde;o: <\/strong>16 a 19\/10\/2020;<\/li><li><strong>Prova Objetiva: <\/strong>05\/12\/2020;<\/li><li><strong>Divulga&ccedil;&atilde;o da prova e Gabarito Preliminar: <\/strong>06\/12\/2020 &agrave;s 10h;<\/li><li><strong>Recurso contra o Gabarito:<\/strong> 07 a 11\/12\/2020;<\/li><li><strong>Entrega do Curr&iacute;culo: <\/strong>de 23 a 27\/11\/2020;<\/li><li><strong>Resultado Final:<\/strong> 02\/02\/2021<\/li><li><strong>Matr&iacute;culas:<\/strong> 05 a 09\/02\/2021; e<\/li><li><strong>In&iacute;cio dos Programas:<\/strong> 01\/03\/2021.<\/li><\/ul><h2 class=\"wp-block-heading\" id=\"h-especialidades-e-vagas-residencia-medica-fhemig-2021\"><span class=\"ez-toc-section\" id=\"Especialidades-e-vagas-Residencia-Medica-FHEMIG-2021\"><\/span>Especialidades e vagas Resid&ecirc;ncia M&eacute;dica FHEMIG 2021<span class=\"ez-toc-section-end\"><\/span><\/h2><p>Para o processo seletivo de 2021, o FHEMIG ofereceu <strong>222 vagas <\/strong>dentre suas<strong> 21 unidades <\/strong>assistenciais. Elas foram distribu&iacute;das entre especialidades de <strong>Acesso Direto e com Pr&eacute;-Requisito<\/strong>. Confira:<\/p><h3 class=\"wp-block-heading\" id=\"h-acesso-direto\">Acesso Direto<\/h3><figure class=\"wp-block-table is-style-stripes\"><table class=\"has-background has-fixed-layout\" style=\"background-color:#e7f5fe\"><thead><tr><th>Especialidade<\/th><th class=\"has-text-align-center\" data-align=\"center\">Vagas<\/th><\/tr><\/thead><tbody><tr><td>Anestesiologia<\/td><td class=\"has-text-align-center\" data-align=\"center\">8<\/td><\/tr><tr><td>Cirurgia Geral<\/td><td class=\"has-text-align-center\" data-align=\"center\">6<\/td><\/tr><tr><td>Cl&iacute;nica M&eacute;dica<\/td><td class=\"has-text-align-center\" data-align=\"center\">51<\/td><\/tr><tr><td>Dermatologia<\/td><td class=\"has-text-align-center\" data-align=\"center\">5<\/td><\/tr><tr><td>Ginecologia e Obstetr&iacute;cia<\/td><td class=\"has-text-align-center\" data-align=\"center\">25<\/td><\/tr><tr><td>Infectologia<\/td><td class=\"has-text-align-center\" data-align=\"center\">6<\/td><\/tr><tr><td>Medicina de Emerg&ecirc;ncia<\/td><td class=\"has-text-align-center\" data-align=\"center\">8<\/td><\/tr><tr><td>Medicina Intensiva<\/td><td class=\"has-text-align-center\" data-align=\"center\">2<\/td><\/tr><tr><td>Neurocirurgia<\/td><td class=\"has-text-align-center\" data-align=\"center\">2<\/td><\/tr><tr><td>Neurologia<\/td><td class=\"has-text-align-center\" data-align=\"center\">2<\/td><\/tr><tr><td>Ortopedia e Traumatologia<\/td><td class=\"has-text-align-center\" data-align=\"center\">5<\/td><\/tr><tr><td>Pediatria<\/td><td class=\"has-text-align-center\" data-align=\"center\">23<\/td><\/tr><tr><td>Pr&eacute; Requisito em &Aacute;rea Cir&uacute;rgica B&aacute;sica<\/td><td class=\"has-text-align-center\" data-align=\"center\">5<\/td><\/tr><tr><td>Psiquiatria<\/td><td class=\"has-text-align-center\" data-align=\"center\">12<\/td><\/tr><tr><td><strong>Total<\/strong><\/td><td class=\"has-text-align-center\" data-align=\"center\"><strong>160<\/strong><\/td><\/tr><\/tbody><\/table><\/figure><h3 class=\"wp-block-heading\" id=\"h-pre-requisito\">Pr&eacute;-Requisito<\/h3><figure class=\"wp-block-table is-style-stripes\"><table class=\"has-background has-fixed-layout\" style=\"background-color:#e7f5fe\"><thead><tr><th>Especialidade<\/th><th class=\"has-text-align-center\" data-align=\"center\">Vagas<\/th><\/tr><\/thead><tbody><tr><td>Cirurgia da M&atilde;o<\/td><td class=\"has-text-align-center\" data-align=\"center\">2<\/td><\/tr><tr><td>Cirurgia do Trauma<\/td><td class=\"has-text-align-center\" data-align=\"center\">10<\/td><\/tr><tr><td>Cirurgia Oncol&oacute;gica<\/td><td class=\"has-text-align-center\" data-align=\"center\">2<\/td><\/tr><tr><td>Cirurgia Pl&aacute;stica<\/td><td class=\"has-text-align-center\" data-align=\"center\">2<\/td><\/tr><tr><td>Cirurgia Tor&aacute;cica<\/td><td class=\"has-text-align-center\" data-align=\"center\">1<\/td><\/tr><tr><td>Cirurgia Vascular<\/td><td class=\"has-text-align-center\" data-align=\"center\">1<\/td><\/tr><tr><td>Emerg&ecirc;ncia Pedi&aacute;trica<\/td><td class=\"has-text-align-center\" data-align=\"center\">2<\/td><\/tr><tr><td>Ultrassonografia em Ginecologia e Obstetr&iacute;cia<\/td><td class=\"has-text-align-center\" data-align=\"center\">1<\/td><\/tr><tr><td>Endoscopia Ginecol&oacute;gica<\/td><td class=\"has-text-align-center\" data-align=\"center\">1<\/td><\/tr><tr><td>Endocrinologia Pedi&aacute;trica<\/td><td class=\"has-text-align-center\" data-align=\"center\">1<\/td><\/tr><tr><td>Gastrenterologia Pedi&aacute;trica<\/td><td class=\"has-text-align-center\" data-align=\"center\">1<\/td><\/tr><tr><td>Infectologia Pedi&aacute;trica<\/td><td class=\"has-text-align-center\" data-align=\"center\">1<\/td><\/tr><tr><td>Medicina Intensiva Pedi&aacute;trica<\/td><td class=\"has-text-align-center\" data-align=\"center\">3<\/td><\/tr><tr><td>Medicina Paliativa Pedi&aacute;trica<\/td><td class=\"has-text-align-center\" data-align=\"center\">1<\/td><\/tr><tr><td>Neurologia Pedi&aacute;trica<\/td><td class=\"has-text-align-center\" data-align=\"center\">2<\/td><\/tr><tr><td>Pneumologia Pedi&aacute;trica<\/td><td class=\"has-text-align-center\" data-align=\"center\">3<\/td><\/tr><tr><td>Neonatologia<\/td><td class=\"has-text-align-center\" data-align=\"center\">3<\/td><\/tr><tr><td>Mastologia<\/td><td class=\"has-text-align-center\" data-align=\"center\">2<\/td><\/tr><tr><td>Medicina Intensiva<\/td><td class=\"has-text-align-center\" data-align=\"center\">2<\/td><\/tr><tr><td>Oncologia Cl&iacute;nica<\/td><td class=\"has-text-align-center\" data-align=\"center\">2<\/td><\/tr><tr><td>Pneumologia<\/td><td class=\"has-text-align-center\" data-align=\"center\">4<\/td><\/tr><tr><td>Psicoterapia<\/td><td class=\"has-text-align-center\" data-align=\"center\">2<\/td><\/tr><tr><td>Psiquiatria da Inf&acirc;ncia e Adolesc&ecirc;ncia<\/td><td class=\"has-text-align-center\" data-align=\"center\">6<\/td><\/tr><tr><td>Psiquiatria Forense<\/td><td class=\"has-text-align-center\" data-align=\"center\">2<\/td><\/tr><tr><td>Endoscopia Respirat&oacute;ria<\/td><td class=\"has-text-align-center\" data-align=\"center\">1<\/td><\/tr><tr><td>R4 Opcional Ortopedia e Traumatologia<\/td><td class=\"has-text-align-center\" data-align=\"center\">3<\/td><\/tr><tr><td>Toxicologia M&eacute;dica<\/td><td class=\"has-text-align-center\" data-align=\"center\">1<\/td><\/tr><tr><td><strong>Total<\/strong><\/td><td class=\"has-text-align-center\" data-align=\"center\"><strong>62<\/strong><\/td><\/tr><\/tbody><\/table><\/figure><h2 class=\"wp-block-heading\" id=\"h-inscricoes-fhemig-residencia-medica\"><span class=\"ez-toc-section\" id=\"Inscricoes-FHEMIG-Residencia-Medica\"><\/span>Inscri&ccedil;&otilde;es FHEMIG Resid&ecirc;ncia M&eacute;dica<span class=\"ez-toc-section-end\"><\/span><\/h2><p>Os candidatos precisaram realizar seu <strong>processo de inscri&ccedil;&atilde;o<\/strong> no <a href=\"https:\/\/www.gestaodeconcursos.com.br\/\" target=\"_blank\">site<\/a> da <strong>Fundep<\/strong>. As inscri&ccedil;&otilde;es foram realizadas do dia <strong>16 de outubro a 4 de novembro de 2020<\/strong>.<\/p><p>A taxa de inscri&ccedil;&atilde;o do seletivo foi de <strong>R$ 350,00 <\/strong>e os pedidos de <strong>isen&ccedil;&atilde;o <\/strong>foram solicitados do dia <strong>16 a 19 de outubro<\/strong>.<\/p><p>Os participantes puderam realizar as inscri&ccedil;&otilde;es em <strong>mais de um programa <\/strong>de acesso direto ou com pr&eacute;-requisito, por&eacute;m, houve a <strong>realiza&ccedil;&atilde;o de apenas uma prova<\/strong>, com a indica&ccedil;&atilde;o de ordem de prefer&ecirc;ncia pelo participante.&nbsp;<\/p><p>Essa ordem foi seguida em caso de <strong>convoca&ccedil;&atilde;o para a matr&iacute;cula<\/strong>, sendo considerada apenas no caso da nota final do participante ter sido <strong>suficiente para a aprova&ccedil;&atilde;o<\/strong> em mais de um programa, caso contr&aacute;rio, ele &eacute; convocado <strong>apenas <\/strong>para o programa de sua <strong>maior prefer&ecirc;ncia<\/strong>.<\/p><h3 class=\"wp-block-heading\" id=\"h-provas-objetivas-da-fhemig-1&ordf;-fase\">Provas Objetivas da FHEMIG (1&ordf; fase)<\/h3><p>A prova objetiva de <strong>acesso direto<\/strong> e com pr&eacute;-requisito correspondeu a 90% da nota final.&nbsp;<\/p><p>No dia 5 de dezembro, &agrave;s 14h, as provas foram aplicadas, uma para as especialidades de Acesso Direto, outra para aquelas com Pr&eacute;-Requisito.<\/p><p>Confira abaixo os detalhes de cada uma delas:<\/p><figure class=\"wp-block-table is-style-stripes\"><table class=\"has-background has-fixed-layout\" style=\"background-color:#e7f5fe\"><thead><tr><th>Especialidades<\/th><th>Quest&otilde;es<\/th><th>Conte&uacute;do<\/th><th>Dura&ccedil;&atilde;o<\/th><\/tr><\/thead><tbody><tr><td>Acesso Direto<\/td><td>100 quest&otilde;es de m&uacute;ltipla escolha<\/td><td>Cl&iacute;nica M&eacute;dica, Cirurgia Geral, Pediatria, Obstetr&iacute;cia, Ginecologia e Medicina Preventiva e Social<\/td><td>5 horas<\/td><\/tr><tr><td>Pr&eacute;-Requisito<\/td><td>50 quest&otilde;es de m&uacute;ltipla escolha<\/td><td>&Aacute;rea b&aacute;sica conforme pr&eacute;-requisito<\/td><td>2 horas e 30 minutos<\/td><\/tr><\/tbody><\/table><\/figure><h2 class=\"wp-block-heading\" id=\"h-no-dia-da-prova\"><span class=\"ez-toc-section\" id=\"No-dia-da-prova\"><\/span>No dia da prova<span class=\"ez-toc-section-end\"><\/span><\/h2><ul class=\"wp-block-list\"><li>Os port&otilde;es foram abertos &agrave;s 13h e fechados &agrave;s 13h45;<\/li><li>Os participantes tiveram que comparecer com anteced&ecirc;ncia m&iacute;nima de 1 hora no local da prova;<\/li><li>Os candidatos tiveram que apresentar um Documento de Identidade original, o Comprovante de Inscri&ccedil;&atilde;o Digital e o Documento de Arrecada&ccedil;&atilde;o Estadual quitado;<\/li><li>O gabarito foi preenchido somente com caneta esferogr&aacute;fica de tinta azul ou preta; e<\/li><li>O uso de m&aacute;scara foi obrigat&oacute;rio;<\/li><\/ul><h3 class=\"wp-block-heading\" id=\"h-a-analise-curricular-da-residencia-medica-fhemig-2&ordf;-fase\">A An&aacute;lise Curricular da Resid&ecirc;ncia M&eacute;dica FHEMIG (2&ordf; fase)<\/h3><p>A <strong>segunda <\/strong>e &uacute;ltima fase do processo seletivo foi constitu&iacute;da pela <a href=\"https:\/\/med.estrategia.com\/portal\/residencia-medica\/analise-curricular-residencia-medica\/\" target=\"_blank\"><strong>An&aacute;lise Curricular<\/strong><\/a>. Ela teve <strong>peso de 10%<\/strong> na nota final. No per&iacute;odo da inscri&ccedil;&atilde;o, os candidatos tiveram que <strong>preencher e enviar<\/strong> os documentos do curr&iacute;culo no site.<\/p><h2 class=\"wp-block-heading\" id=\"h-resultado-final-e-desempate\"><span class=\"ez-toc-section\" id=\"Resultado-Final-e-Desempate\"><\/span>Resultado Final e Desempate<span class=\"ez-toc-section-end\"><\/span><\/h2><p>A nota final foi a<strong> soma das pontua&ccedil;&otilde;es <\/strong>obtidas em cada fase realizada.&nbsp; A lista com os aprovados foi divulgada a partir do dia <strong>2 de fevereiro de 2021 <\/strong>no mesmo site de inscri&ccedil;&atilde;o, seguindo a <strong>ordem decrescente <\/strong>de classifica&ccedil;&atilde;o nas notas finais.<\/p><p>Nos casos de <strong>empate <\/strong>foram considerados os seguintes itens:<\/p><ul class=\"wp-block-list\"><li>Idade igual ou superior a 60 anos;&nbsp;<\/li><li>Maior nota na 1&ordf; etapa; e&nbsp;<\/li><li>Maior idade.<\/li><\/ul><p>Gostou do artigo e quer ficar por dentro de todos os detalhes sobre os processos seletivos de resid&ecirc;ncia m&eacute;dica?<\/p><p><\/p><p><strong><a id=\"cta\" class=\"cta-imagem\" href=\"https:\/\/med.estrategia.com\/cursos\/extensivo-de-residncia-mdica\/\" target=\"blank\">\n                <img decoding=\"async\" width=\"100%\" src=\"https:\/\/med.estrategia.com\/portal\/wp-content\/uploads\/2025\/08\/extensivo_rm.jpg\" alt=\"Extensivo RM\" title=\"extensivo_rm\">\n        <\/a><\/strong><\/p><h2 class=\"wp-block-heading\" id=\"h-voce-tambem-pode-se-interessar-por\"><span class=\"ez-toc-section\" id=\"Voce-tambem-pode-se-interessar-por\"><\/span>Voc&ecirc; tamb&eacute;m pode se interessar por:<span class=\"ez-toc-section-end\"><\/span><\/h2><ul class=\"wp-block-list\"><li><a href=\"https:\/\/med.estrategia.com\/portal\/aluno-de-medicina\/dicas-de-estudo\/notas-de-corte-residencia-medica\/\" target=\"_blank\">Notas de corte das principais provas de resid&ecirc;ncia m&eacute;dica<\/a><\/li><li><a href=\"https:\/\/med.estrategia.com\/portal\/residencia-medica\/programa-de-residencia-medica\/usp-sp-residencia-medica\/\" target=\"_blank\">Resid&ecirc;ncia m&eacute;dica na USP<\/a><\/li><li><a href=\"https:\/\/med.estrategia.com\/portal\/residencia-medica\/programa-de-residencia-medica\/surce-residencia-medica\/\" target=\"_blank\">Resid&ecirc;ncia m&eacute;dica na SURCE<\/a><\/li><li><a href=\"https:\/\/med.estrategia.com\/portal\/residencia-medica\/programa-de-residencia-medica\/sus-ba-residencia-medica\/\" target=\"_blank\">Resid&ecirc;ncia m&eacute;dica na SUS BA<\/a><\/li><li><a href=\"https:\/\/med.estrategia.com\/portal\/residencia-medica\/programa-de-residencia-medica\/sus-sp-residencia-medica\/\" target=\"_blank\">Resid&ecirc;ncia m&eacute;dica na USP RP<\/a><\/li><\/ul><\/p>\n","protected":false},"excerpt":{"rendered":"Quer saber quantas etapas ou quais foram as datas estabelecidas no concurso da Funda&ccedil;&atilde;o Hospitalar do Estado de&hellip;\n","protected":false},"author":23,"featured_media":7870,"comment_status":"closed","ping_status":"closed","sticky":false,"template":"","format":"standard","meta":{"wl_entities_gutenberg":"","footnotes":""},"categories":[24],"tags":[],"wl_entity_type":[199],"class_list":{"0":"post-7869","1":"post","2":"type-post","3":"status-publish","4":"format-standard","5":"has-post-thumbnail","7":"category-residencia-medica","8":"wl_entity_type-article"},"acf":[],"yoast_head":"<!-- This site is optimized with the Yoast SEO Premium plugin v26.6 (Yoast SEO v26.6) - https:\/\/yoast.com\/wordpress\/plugins\/seo\/ -->\n<title>FHEMIG Resid\u00eancia M\u00e9dica: cronograma, vagas e mais!<\/title>\n<meta name=\"description\" content=\"Desde o cronograma at\u00e9 o resultado final do processo seletivo de resid\u00eancia m\u00e9dica FHEMIG 2021! Confira tudo com o Estrat\u00e9gia MED!\" \/>\n<meta name=\"robots\" content=\"index, follow, max-snippet:-1, max-image-preview:large, max-video-preview:-1\" \/>\n<link rel=\"canonical\" href=\"https:\/\/med.estrategia.com\/portal\/residencia-medica\/fhemig-residencia-medica\/\" \/>\n<meta property=\"og:locale\" content=\"pt_BR\" \/>\n<meta property=\"og:type\" content=\"article\" \/>\n<meta property=\"og:title\" content=\"FHEMIG Resid\u00eancia M\u00e9dica: cronograma, vagas e mais!\" \/>\n<meta property=\"og:description\" content=\"Desde o cronograma at\u00e9 o resultado final do processo seletivo de resid\u00eancia m\u00e9dica FHEMIG 2021! Confira tudo com o Estrat\u00e9gia MED!\" \/>\n<meta property=\"og:url\" content=\"https:\/\/med.estrategia.com\/portal\/residencia-medica\/fhemig-residencia-medica\/\" \/>\n<meta property=\"og:site_name\" content=\"Estrat\u00e9gia MED\" \/>\n<meta property=\"article:publisher\" content=\"https:\/\/www.facebook.com\/estrategiamed1\" \/>\n<meta property=\"article:published_time\" content=\"2021-07-30T19:58:58+00:00\" \/>\n<meta property=\"article:modified_time\" content=\"2022-09-06T15:50:01+00:00\" \/>\n<meta property=\"og:image\" content=\"https:\/\/cdn.medblog.estrategiaeducacional.com.br\/wp-content\/uploads\/2021\/07\/29174738\/fhemig.jpg\" \/>\n\t<meta property=\"og:image:width\" content=\"1920\" \/>\n\t<meta property=\"og:image:height\" content=\"1080\" \/>\n\t<meta property=\"og:image:type\" content=\"image\/jpeg\" \/>\n<meta name=\"author\" content=\"Giullyana Aya\" \/>\n<meta name=\"twitter:card\" content=\"summary_large_image\" \/>\n<meta name=\"twitter:creator\" content=\"@estrategiamed_\" \/>\n<meta name=\"twitter:site\" content=\"@estrategiamed_\" \/>\n<meta name=\"twitter:label1\" content=\"Escrito por\" \/>\n\t<meta name=\"twitter:data1\" content=\"Giullyana Aya\" \/>\n\t<meta name=\"twitter:label2\" content=\"Est. tempo de leitura\" \/>\n\t<meta name=\"twitter:data2\" content=\"4 minutos\" \/>\n<script type=\"application\/ld+json\" class=\"yoast-schema-graph\">{\"@context\":\"https:\/\/schema.org\",\"@graph\":[{\"@type\":\"WebPage\",\"@id\":\"https:\/\/med.estrategia.com\/portal\/residencia-medica\/fhemig-residencia-medica\/\",\"url\":\"https:\/\/med.estrategia.com\/portal\/residencia-medica\/fhemig-residencia-medica\/\",\"name\":\"FHEMIG Resid\u00eancia M\u00e9dica: cronograma, vagas e mais!\",\"isPartOf\":{\"@id\":\"https:\/\/med.estrategia.com\/portal\/#website\"},\"primaryImageOfPage\":{\"@id\":\"https:\/\/med.estrategia.com\/portal\/residencia-medica\/fhemig-residencia-medica\/#primaryimage\"},\"image\":{\"@id\":\"https:\/\/med.estrategia.com\/portal\/residencia-medica\/fhemig-residencia-medica\/#primaryimage\"},\"thumbnailUrl\":\"https:\/\/med.estrategia.com\/portal\/wp-content\/uploads\/2021\/07\/fhemig.jpg\",\"datePublished\":\"2021-07-30T19:58:58+00:00\",\"dateModified\":\"2022-09-06T15:50:01+00:00\",\"author\":{\"@id\":\"https:\/\/med.estrategia.com\/portal\/#\/schema\/person\/39bc27121ff6871b2da6addc999c3042\"},\"description\":\"Desde o cronograma at\u00e9 o resultado final do processo seletivo de resid\u00eancia m\u00e9dica FHEMIG 2021! Confira tudo com o Estrat\u00e9gia MED!\",\"breadcrumb\":{\"@id\":\"https:\/\/med.estrategia.com\/portal\/residencia-medica\/fhemig-residencia-medica\/#breadcrumb\"},\"inLanguage\":\"pt-BR\",\"potentialAction\":[{\"@type\":\"ReadAction\",\"target\":[\"https:\/\/med.estrategia.com\/portal\/residencia-medica\/fhemig-residencia-medica\/\"]}]},{\"@type\":\"ImageObject\",\"inLanguage\":\"pt-BR\",\"@id\":\"https:\/\/med.estrategia.com\/portal\/residencia-medica\/fhemig-residencia-medica\/#primaryimage\",\"url\":\"https:\/\/med.estrategia.com\/portal\/wp-content\/uploads\/2021\/07\/fhemig.jpg\",\"contentUrl\":\"https:\/\/med.estrategia.com\/portal\/wp-content\/uploads\/2021\/07\/fhemig.jpg\",\"width\":1920,\"height\":1080,\"caption\":\"fhemig residencia medica\"},{\"@type\":\"BreadcrumbList\",\"@id\":\"https:\/\/med.estrategia.com\/portal\/residencia-medica\/fhemig-residencia-medica\/#breadcrumb\",\"itemListElement\":[{\"@type\":\"ListItem\",\"position\":1,\"name\":\"Home\",\"item\":\"https:\/\/med.estrategia.com\/portal\/\"},{\"@type\":\"ListItem\",\"position\":2,\"name\":\"Resid\u00eancia M\u00e9dica\",\"item\":\"https:\/\/med.estrategia.com\/portal\/residencia-medica\/\"},{\"@type\":\"ListItem\",\"position\":3,\"name\":\"FHEMIG Resid\u00eancia M\u00e9dica: cronograma, vagas e mais!\"}]},{\"@type\":\"WebSite\",\"@id\":\"https:\/\/med.estrategia.com\/portal\/#website\",\"url\":\"https:\/\/med.estrategia.com\/portal\/\",\"name\":\"Estrat\u00e9gia MED\",\"description\":\"\",\"potentialAction\":[{\"@type\":\"SearchAction\",\"target\":{\"@type\":\"EntryPoint\",\"urlTemplate\":\"https:\/\/med.estrategia.com\/portal\/?s={search_term_string}\"},\"query-input\":{\"@type\":\"PropertyValueSpecification\",\"valueRequired\":true,\"valueName\":\"search_term_string\"}}],\"inLanguage\":\"pt-BR\"},{\"@type\":\"Person\",\"@id\":\"https:\/\/med.estrategia.com\/portal\/#\/schema\/person\/39bc27121ff6871b2da6addc999c3042\",\"name\":\"Giullyana Aya\",\"image\":{\"@type\":\"ImageObject\",\"inLanguage\":\"pt-BR\",\"@id\":\"https:\/\/med.estrategia.com\/portal\/#\/schema\/person\/image\/\",\"url\":\"https:\/\/secure.gravatar.com\/avatar\/e03c5e93a19836cdc3cf8665aeb365d2?s=96&d=mm&r=g\",\"contentUrl\":\"https:\/\/secure.gravatar.com\/avatar\/e03c5e93a19836cdc3cf8665aeb365d2?s=96&d=mm&r=g\",\"caption\":\"Giullyana Aya\"},\"description\":\"Giullyana, ou Giu, curso Jornalismo na Faculdade C\u00e1sper L\u00edbero e a minha maior paix\u00e3o \u00e9 me expressar atrav\u00e9s da escrita e a m\u00fasica.\",\"url\":\"https:\/\/med.estrategia.com\/portal\/author\/giullyana\/\"}]}<\/script>\n<!-- \/ Yoast SEO Premium plugin. -->","yoast_head_json":{"title":"FHEMIG Resid\u00eancia M\u00e9dica: cronograma, vagas e mais!","description":"Desde o cronograma at\u00e9 o resultado final do processo seletivo de resid\u00eancia m\u00e9dica FHEMIG 2021! Confira tudo com o Estrat\u00e9gia MED!","robots":{"index":"index","follow":"follow","max-snippet":"max-snippet:-1","max-image-preview":"max-image-preview:large","max-video-preview":"max-video-preview:-1"},"canonical":"https:\/\/med.estrategia.com\/portal\/residencia-medica\/fhemig-residencia-medica\/","og_locale":"pt_BR","og_type":"article","og_title":"FHEMIG Resid\u00eancia M\u00e9dica: cronograma, vagas e mais!","og_description":"Desde o cronograma at\u00e9 o resultado final do processo seletivo de resid\u00eancia m\u00e9dica FHEMIG 2021! Confira tudo com o Estrat\u00e9gia MED!","og_url":"https:\/\/med.estrategia.com\/portal\/residencia-medica\/fhemig-residencia-medica\/","og_site_name":"Estrat\u00e9gia MED","article_publisher":"https:\/\/www.facebook.com\/estrategiamed1","article_published_time":"2021-07-30T19:58:58+00:00","article_modified_time":"2022-09-06T15:50:01+00:00","og_image":[{"width":1920,"height":1080,"url":"https:\/\/cdn.medblog.estrategiaeducacional.com.br\/wp-content\/uploads\/2021\/07\/29174738\/fhemig.jpg","type":"image\/jpeg"}],"author":"Giullyana Aya","twitter_card":"summary_large_image","twitter_creator":"@estrategiamed_","twitter_site":"@estrategiamed_","twitter_misc":{"Escrito por":"Giullyana Aya","Est. tempo de leitura":"4 minutos"},"schema":{"@context":"https:\/\/schema.org","@graph":[{"@type":"WebPage","@id":"https:\/\/med.estrategia.com\/portal\/residencia-medica\/fhemig-residencia-medica\/","url":"https:\/\/med.estrategia.com\/portal\/residencia-medica\/fhemig-residencia-medica\/","name":"FHEMIG Resid\u00eancia M\u00e9dica: cronograma, vagas e mais!","isPartOf":{"@id":"https:\/\/med.estrategia.com\/portal\/#website"},"primaryImageOfPage":{"@id":"https:\/\/med.estrategia.com\/portal\/residencia-medica\/fhemig-residencia-medica\/#primaryimage"},"image":{"@id":"https:\/\/med.estrategia.com\/portal\/residencia-medica\/fhemig-residencia-medica\/#primaryimage"},"thumbnailUrl":"https:\/\/med.estrategia.com\/portal\/wp-content\/uploads\/2021\/07\/fhemig.jpg","datePublished":"2021-07-30T19:58:58+00:00","dateModified":"2022-09-06T15:50:01+00:00","author":{"@id":"https:\/\/med.estrategia.com\/portal\/#\/schema\/person\/39bc27121ff6871b2da6addc999c3042"},"description":"Desde o cronograma at\u00e9 o resultado final do processo seletivo de resid\u00eancia m\u00e9dica FHEMIG 2021! Confira tudo com o Estrat\u00e9gia MED!","breadcrumb":{"@id":"https:\/\/med.estrategia.com\/portal\/residencia-medica\/fhemig-residencia-medica\/#breadcrumb"},"inLanguage":"pt-BR","potentialAction":[{"@type":"ReadAction","target":["https:\/\/med.estrategia.com\/portal\/residencia-medica\/fhemig-residencia-medica\/"]}]},{"@type":"ImageObject","inLanguage":"pt-BR","@id":"https:\/\/med.estrategia.com\/portal\/residencia-medica\/fhemig-residencia-medica\/#primaryimage","url":"https:\/\/med.estrategia.com\/portal\/wp-content\/uploads\/2021\/07\/fhemig.jpg","contentUrl":"https:\/\/med.estrategia.com\/portal\/wp-content\/uploads\/2021\/07\/fhemig.jpg","width":1920,"height":1080,"caption":"fhemig residencia medica"},{"@type":"BreadcrumbList","@id":"https:\/\/med.estrategia.com\/portal\/residencia-medica\/fhemig-residencia-medica\/#breadcrumb","itemListElement":[{"@type":"ListItem","position":1,"name":"Home","item":"https:\/\/med.estrategia.com\/portal\/"},{"@type":"ListItem","position":2,"name":"Resid\u00eancia M\u00e9dica","item":"https:\/\/med.estrategia.com\/portal\/residencia-medica\/"},{"@type":"ListItem","position":3,"name":"FHEMIG Resid\u00eancia M\u00e9dica: cronograma, vagas e mais!"}]},{"@type":"WebSite","@id":"https:\/\/med.estrategia.com\/portal\/#website","url":"https:\/\/med.estrategia.com\/portal\/","name":"Estrat\u00e9gia MED","description":"","potentialAction":[{"@type":"SearchAction","target":{"@type":"EntryPoint","urlTemplate":"https:\/\/med.estrategia.com\/portal\/?s={search_term_string}"},"query-input":{"@type":"PropertyValueSpecification","valueRequired":true,"valueName":"search_term_string"}}],"inLanguage":"pt-BR"},{"@type":"Person","@id":"https:\/\/med.estrategia.com\/portal\/#\/schema\/person\/39bc27121ff6871b2da6addc999c3042","name":"Giullyana Aya","image":{"@type":"ImageObject","inLanguage":"pt-BR","@id":"https:\/\/med.estrategia.com\/portal\/#\/schema\/person\/image\/","url":"https:\/\/secure.gravatar.com\/avatar\/e03c5e93a19836cdc3cf8665aeb365d2?s=96&d=mm&r=g","contentUrl":"https:\/\/secure.gravatar.com\/avatar\/e03c5e93a19836cdc3cf8665aeb365d2?s=96&d=mm&r=g","caption":"Giullyana Aya"},"description":"Giullyana, ou Giu, curso Jornalismo na Faculdade C\u00e1sper L\u00edbero e a minha maior paix\u00e3o \u00e9 me expressar atrav\u00e9s da escrita e a m\u00fasica.","url":"https:\/\/med.estrategia.com\/portal\/author\/giullyana\/"}]}},"_wl_alt_label":[],"wl:entity_url":"\/post\/fhemig-residencia-medica","_links":{"self":[{"href":"https:\/\/med.estrategia.com\/portal\/wp-json\/wp\/v2\/posts\/7869","targetHints":{"allow":["GET"]}}],"collection":[{"href":"https:\/\/med.estrategia.com\/portal\/wp-json\/wp\/v2\/posts"}],"about":[{"href":"https:\/\/med.estrategia.com\/portal\/wp-json\/wp\/v2\/types\/post"}],"author":[{"embeddable":true,"href":"https:\/\/med.estrategia.com\/portal\/wp-json\/wp\/v2\/users\/23"}],"replies":[{"embeddable":true,"href":"https:\/\/med.estrategia.com\/portal\/wp-json\/wp\/v2\/comments?post=7869"}],"version-history":[{"count":3,"href":"https:\/\/med.estrategia.com\/portal\/wp-json\/wp\/v2\/posts\/7869\/revisions"}],"predecessor-version":[{"id":25213,"href":"https:\/\/med.estrategia.com\/portal\/wp-json\/wp\/v2\/posts\/7869\/revisions\/25213"}],"wp:featuredmedia":[{"embeddable":true,"href":"https:\/\/med.estrategia.com\/portal\/wp-json\/wp\/v2\/media\/7870"}],"wp:attachment":[{"href":"https:\/\/med.estrategia.com\/portal\/wp-json\/wp\/v2\/media?parent=7869"}],"wp:term":[{"taxonomy":"category","embeddable":true,"href":"https:\/\/med.estrategia.com\/portal\/wp-json\/wp\/v2\/categories?post=7869"},{"taxonomy":"post_tag","embeddable":true,"href":"https:\/\/med.estrategia.com\/portal\/wp-json\/wp\/v2\/tags?post=7869"},{"taxonomy":"wl_entity_type","embeddable":true,"href":"https:\/\/med.estrategia.com\/portal\/wp-json\/wp\/v2\/wl_entity_type?post=7869"}],"curies":[{"name":"wp","href":"https:\/\/api.w.org\/{rel}","templated":true}]}}