{"id":79374,"date":"2024-12-20T17:13:10","date_gmt":"2024-12-20T20:13:10","guid":{"rendered":"https:\/\/med.estrategia.com\/portal\/?p=79374"},"modified":"2024-12-20T17:13:14","modified_gmt":"2024-12-20T20:13:14","slug":"inscricoes-abertas-para-o-concurso-de-chorozinho-com-vagas-na-area-medica","status":"publish","type":"post","link":"https:\/\/med.estrategia.com\/portal\/concursos\/inscricoes-abertas-para-o-concurso-de-chorozinho-com-vagas-na-area-medica\/","title":{"rendered":"Inscri\u00e7\u00f5es abertas para o concurso de Chorozinho com vagas na \u00e1rea m\u00e9dica"},"content":{"rendered":"<p>A <strong>Prefeitura de Chorozinho<\/strong>, no estado do Cear&aacute;, publicou edital do<strong> concurso p&uacute;blico<\/strong> que busca o preenchimento de <strong>oito vagas<\/strong> para os cargos de m&eacute;dico cardiologista, ginecologista, psiquiatra, trauma-ortopedista, ultrassonografista, dermatologista, neuropediatra e otorrinolaringologista. <p>Os candidatos interessados j&aacute; podem realizar a inscri&ccedil;&atilde;o por meio do site da banca respons&aacute;vel pelo certame, <a href=\"https:\/\/www.consulpam.com.br\/index.php?menu=concursos&amp;acao=ver&amp;id=508\" target=\"_blank\">Instituto Consulpam<\/a>, at&eacute; o dia <strong>6 de janeiro de 2024<\/strong>.&nbsp;O <strong>valor<\/strong> <strong>da taxa &eacute; de R$ 145,00 <\/strong>para candidatos aos cargos de n&iacute;vel superior. <\/p><p>A <strong>remunera&ccedil;&atilde;o inicial<\/strong> para os cargos m&eacute;dicos &eacute; de <strong>R$ 5.750,00<\/strong> para uma jornada de 20 horas semanais. Para o cargo de m&eacute;dico otorrinolaringologista, a carga hor&aacute;ria semanal &eacute; de 40 horas. <\/p><p>O processo seletivo conta com uma <strong>prova objetiva<\/strong> prevista para o dia <strong>23 de mar&ccedil;o de 2025<\/strong> e uma prova de t&iacute;tulos.<\/p><div class=\"wp-block-buttons is-content-justification-center is-layout-flex wp-container-core-buttons-is-layout-1 wp-block-buttons-is-layout-flex\">\n<div class=\"wp-block-button\"><a class=\"wp-block-button__link wp-element-button\" href=\"https:\/\/med.estrategia.com\/portal\/wp-content\/uploads\/2024\/12\/20241217_165710_EDITAL-001-2024-CHOROZINHO-CARGOS-GERAIS.pdf\" target=\"_blank\">edital prefeitura de chorozinho &ndash; ce<\/a><\/div>\n<\/div><div id=\"ez-toc-container\" class=\"ez-toc-v2_0_79_2 counter-hierarchy ez-toc-counter ez-toc-transparent ez-toc-container-direction\">\n<div class=\"ez-toc-title-container\"><p class=\"ez-toc-title\" style=\"cursor:inherit\">Navegue pelo conte\u00fado<\/p>\n<\/div><nav><ul class='ez-toc-list ez-toc-list-level-1 ' ><li class='ez-toc-page-1 ez-toc-heading-level-2'><a class=\"ez-toc-link ez-toc-heading-1\" href=\"https:\/\/med.estrategia.com\/portal\/concursos\/inscricoes-abertas-para-o-concurso-de-chorozinho-com-vagas-na-area-medica\/#Resumo-do-edital-Chorozinho-%E2%80%93-CE\" >Resumo do edital Chorozinho &ndash; CE<\/a><\/li><li class='ez-toc-page-1 ez-toc-heading-level-2'><a class=\"ez-toc-link ez-toc-heading-2\" href=\"https:\/\/med.estrategia.com\/portal\/concursos\/inscricoes-abertas-para-o-concurso-de-chorozinho-com-vagas-na-area-medica\/#Vagas\" >Vagas<\/a><\/li><li class='ez-toc-page-1 ez-toc-heading-level-2'><a class=\"ez-toc-link ez-toc-heading-3\" href=\"https:\/\/med.estrategia.com\/portal\/concursos\/inscricoes-abertas-para-o-concurso-de-chorozinho-com-vagas-na-area-medica\/#Processo-Seletivo\" >Processo Seletivo<\/a><\/li><li class='ez-toc-page-1 ez-toc-heading-level-2'><a class=\"ez-toc-link ez-toc-heading-4\" href=\"https:\/\/med.estrategia.com\/portal\/concursos\/inscricoes-abertas-para-o-concurso-de-chorozinho-com-vagas-na-area-medica\/#Prova-de-Titulos\" >Prova de T&iacute;tulos<\/a><\/li><li class='ez-toc-page-1 ez-toc-heading-level-2'><a class=\"ez-toc-link ez-toc-heading-5\" href=\"https:\/\/med.estrategia.com\/portal\/concursos\/inscricoes-abertas-para-o-concurso-de-chorozinho-com-vagas-na-area-medica\/#Prepare-se-para-os-concursos-publicos-medicos-com-o-Estrategia-MED\" >Prepare-se para os concursos p&uacute;blicos m&eacute;dicos com o Estrat&eacute;gia MED!<\/a><\/li><\/ul><\/nav><\/div>\n<h2 class=\"wp-block-heading\" id=\"h-resumo-do-edital-chorozinho-ce\"><span class=\"ez-toc-section\" id=\"Resumo-do-edital-Chorozinho-%E2%80%93-CE\"><\/span>Resumo do edital Chorozinho &ndash; CE<span class=\"ez-toc-section-end\"><\/span><\/h2><figure class=\"wp-block-table\"><table><tbody><tr><td>Vagas Ofertadas<\/td><td>8<\/td><\/tr><tr><td>Remunera&ccedil;&atilde;o<\/td><td>R$ 5.750,00<\/td><\/tr><tr><td>Carga Hor&aacute;ria Semanal<\/td><td>20 horas<br>40 horas<\/td><\/tr><tr><td>Composi&ccedil;&atilde;o do Processo Seletivo<\/td><td>Prova objetiva e prova de t&iacute;tulos<\/td><\/tr><tr><td>Taxa de Inscri&ccedil;&atilde;o<\/td><td>R$ 145,00<\/td><\/tr><tr><td>Per&iacute;odo de inscri&ccedil;&atilde;o<\/td><td>18\/12\/2024 a 06\/01\/2025<\/td><\/tr><tr><td>Solicita&ccedil;&atilde;o de Isen&ccedil;&atilde;o da Taxa<\/td><td>19 e 20\/12\/2024<\/td><\/tr><tr><td>&Uacute;ltimo dia para o pagamento da taxa<\/td><td>expresso no boleto<\/td><\/tr><tr><td>Prova Objetiva<\/td><td>23\/03\/2025<\/td><\/tr><tr><td>Divulga&ccedil;&atilde;o dos gabaritos preliminares das Provas Objetivas.<\/td><td>24\/03\/2025<\/td><\/tr><tr><td>Recurso contra o gabarito preliminar<\/td><td>25 e 26\/03\/2025<\/td><\/tr><tr><td>Gabarito p&oacute;s-recursos<\/td><td>02\/04\/2025<\/td><\/tr><tr><td>Resultado preliminar da prova objetiva<\/td><td>04\/04\/2025<\/td><\/tr><tr><td>Recurso contra o resultado preliminar da prova objetiva<\/td><td>07 e 08\/04\/2025<\/td><\/tr><tr><td>Resultado p&oacute;s-recursos da prova objetiva<\/td><td>15\/04\/2025<\/td><\/tr><tr><td>Per&iacute;odo reservado para envio de T&iacute;tulos (on-line)<\/td><td>16 a 18\/04\/2025<\/td><\/tr><tr><td>Resultado preliminar da prova de T&iacute;tulos<\/td><td>25\/04\/2025<\/td><\/tr><tr><td>Recurso contra o Resultado preliminar da prova de<br>T&iacute;tulos<\/td><td>28 e 29\/04\/2025<\/td><\/tr><tr><td>Resultado p&oacute;s &ndash; recurso da prova de T&iacute;tulos<\/td><td>06\/05\/2025<\/td><\/tr><tr><td>Resultado Final<\/td><td>07\/05\/2025<\/td><\/tr><tr><td>Homologa&ccedil;&atilde;o<\/td><td>08\/05\/2025<\/td><\/tr><\/tbody><\/table><\/figure><h2 class=\"wp-block-heading\"><span class=\"ez-toc-section\" id=\"Vagas\"><\/span>Vagas<span class=\"ez-toc-section-end\"><\/span><\/h2><p>A Prefeitura de<strong> Chorozinho<\/strong> disponibiliza por meio do edital uma vaga para in&iacute;cio imediato para os cargos m&eacute;dicos nas seguintes especialidades:<\/p><ul class=\"wp-block-list\">\n<li>M&eacute;dico Cardiologista;<\/li>\n\n\n\n<li>M&eacute;dico Ginecologista;<\/li>\n\n\n\n<li>M&eacute;dico Dermatologista<\/li>\n\n\n\n<li>M&eacute;dico Neuropediatra; <\/li>\n\n\n\n<li>M&eacute;dico Otorrinolaringologista; <\/li>\n\n\n\n<li>M&eacute;dico Psiquiatra;<\/li>\n\n\n\n<li>M&eacute;dico Trauma-ortopedista; e <\/li>\n\n\n\n<li>M&eacute;dico Ultrassonografista.  <\/li>\n<\/ul><h2 class=\"wp-block-heading\" id=\"h-processo-seletivo\"><span class=\"ez-toc-section\" id=\"Processo-Seletivo\"><\/span>Processo Seletivo<span class=\"ez-toc-section-end\"><\/span><\/h2><p>O processo seletivo para esse edital conta com <strong>uma prova objetiva e uma prova de t&iacute;tulos.<\/strong><\/p><h3 class=\"wp-block-heading\" id=\"h-prova-objetiva\">Prova Objetiva<\/h3><p>A prova objetiva est&aacute; prevista para o dia <strong>26 de mar&ccedil;o de 2025<\/strong>, com<strong> dura&ccedil;&atilde;o de 3 horas. <\/strong>De car&aacute;ter classificat&oacute;rio\/eliminat&oacute;rio, composta por <strong>40 quest&otilde;es de m&uacute;ltipla escolha<\/strong>, com quatro alternativas cada, sendo apenas uma correta e distribu&iacute;da nas &aacute;reas de conhecimento a seguir:&nbsp;<\/p><ul class=\"wp-block-list\">\n<li>10 quest&otilde;es de L&iacute;ngua Portuguesa;<\/li>\n\n\n\n<li>10 quest&otilde;es de No&ccedil;&otilde;es de inform&aacute;tica, Matem&aacute;tica, Conhecimentos sobre o Munic&iacute;pio, No&ccedil;&otilde;es de Direito Administrativo e Constitucional; <\/li>\n\n\n\n<li>20 quest&otilde;es de Conhecimentos Espec&iacute;ficos e Legisla&ccedil;&atilde;o do SUS.&nbsp;<\/li>\n<\/ul><p>O <strong>candidato para ser aprovado\/classificado <\/strong>precisa obter no m&iacute;nimo 50% do total de pontos poss&iacute;veis da prova objetiva.<\/p><h2 class=\"wp-block-heading\"><span class=\"ez-toc-section\" id=\"Prova-de-Titulos\"><\/span>Prova de T&iacute;tulos<span class=\"ez-toc-section-end\"><\/span><\/h2><p>Para a Prova de T&iacute;tulos ser&atilde;o convocados os candidatos aos cargos de n&iacute;vel superior e classificados na prova objetiva.<\/p><p>Somente ser&atilde;o aceitos os t&iacute;tulos relacionados na tabela seguinte, expedidos at&eacute; a data de envio e observados os limites de pontos informados de no m&aacute;ximo 10 pontos.<\/p><figure class=\"wp-block-image size-full\"><img decoding=\"async\" width=\"786\" height=\"626\" src=\"https:\/\/med.estrategia.com\/portal\/wp-content\/uploads\/2024\/12\/titulos_Chorozinho.png\" alt=\"T&iacute;tulos Edital Concurso P&uacute;blico Chorozinho\" class=\"wp-image-79388\" srcset=\"https:\/\/med.estrategia.com\/portal\/wp-content\/uploads\/2024\/12\/titulos_Chorozinho.png 786w, https:\/\/med.estrategia.com\/portal\/wp-content\/uploads\/2024\/12\/titulos_Chorozinho-768x612.png 768w\" sizes=\"(max-width: 786px) 100vw, 786px\" \/><\/figure><p>Para mais informa&ccedil;&otilde;es sobre o concurso de Chorozinho, com vagas em outras &aacute;reas, <a href=\"https:\/\/www.estrategiaconcursos.com.br\/blog\/concurso-prefeitura-chorozinho\/\" target=\"_blank\">acesse aqui!<\/a><\/p><h2 class=\"wp-block-heading\" id=\"h-prepare-se-para-os-concursos-publicos-medicos-com-o-estrategia-med\"><span class=\"ez-toc-section\" id=\"Prepare-se-para-os-concursos-publicos-medicos-com-o-Estrategia-MED\"><\/span>Prepare-se para os concursos p&uacute;blicos m&eacute;dicos com o Estrat&eacute;gia MED!<span class=\"ez-toc-section-end\"><\/span><\/h2><p>Com o<a href=\"https:\/\/med.estrategia.com\/curso\/sprint-concursos-medicos-prefeituras\/\" target=\"_blank\">&nbsp;Sprint Concursos M&eacute;dicos &ndash; Prefeituras<\/a>&nbsp;voc&ecirc; se prepara de forma direcionada para sair na frente da concorr&ecirc;ncia, com a experi&ecirc;ncia da marca que mais aprova em concursos p&uacute;blicos no Brasil. O material inclui as disciplinas mais cobradas neste tipo de sele&ccedil;&atilde;o: L&iacute;ngua Portuguesa, Matem&aacute;tica, Racioc&iacute;nio L&oacute;gico, Legisla&ccedil;&atilde;o do SUS e Bio&eacute;tica. Al&eacute;m do material de&nbsp;Cl&iacute;nica Geral, para ajudar os que buscam cargos como generalista, cl&iacute;nico ou emergencista.<\/p><p>Conhe&ccedil;a tamb&eacute;m o nosso&nbsp;<a href=\"https:\/\/med.estrategia.com\/curso\/banco-de-questes-resumos-estrategicos-anual\/\" target=\"_blank\">Banco de Quest&otilde;es<\/a>, que atualmente conta com mais de 200 mil quest&otilde;es cadastradas e n&atilde;o para de crescer. Vem ser coruja!<\/p><div class=\"wp-block-image\">\n<figure class=\"aligncenter size-full\"><img decoding=\"async\" width=\"1280\" height=\"622\" src=\"https:\/\/med.estrategia.com\/portal\/wp-content\/uploads\/2025\/08\/concursos_medicos.jpg\" alt=\"concursos_medicos\" class=\"wp-image-91529\" srcset=\"https:\/\/med.estrategia.com\/portal\/wp-content\/uploads\/2025\/08\/concursos_medicos.jpg 1280w, https:\/\/med.estrategia.com\/portal\/wp-content\/uploads\/2025\/08\/concursos_medicos-1024x498.jpg 1024w, https:\/\/med.estrategia.com\/portal\/wp-content\/uploads\/2025\/08\/concursos_medicos-768x373.jpg 768w, https:\/\/med.estrategia.com\/portal\/wp-content\/uploads\/2025\/08\/concursos_medicos-800x389.jpg 800w, https:\/\/med.estrategia.com\/portal\/wp-content\/uploads\/2025\/08\/concursos_medicos-1160x564.jpg 1160w\" sizes=\"(max-width: 1280px) 100vw, 1280px\" \/><\/figure><\/div><\/p>\n","protected":false},"excerpt":{"rendered":"Inscri\u00e7\u00f5es j\u00e1 est\u00e3o abertas para edital que oferta 8 vagas para m\u00e9dicos com especializa\u00e7\u00e3o\n","protected":false},"author":45,"featured_media":79386,"comment_status":"closed","ping_status":"closed","sticky":false,"template":"","format":"standard","meta":{"wl_entities_gutenberg":"","footnotes":""},"categories":[474],"tags":[],"wl_entity_type":[199],"class_list":{"0":"post-79374","1":"post","2":"type-post","3":"status-publish","4":"format-standard","5":"has-post-thumbnail","7":"category-concursos","8":"wl_entity_type-article"},"acf":[],"yoast_head":"<!-- This site is optimized with the Yoast SEO Premium plugin v26.6 (Yoast SEO v26.6) - https:\/\/yoast.com\/wordpress\/plugins\/seo\/ -->\n<title>Concurso de Chorozinho oferece 8 vagas na \u00e1rea m\u00e9dica<\/title>\n<meta name=\"description\" content=\"Prefeitura de Chorozinho publicou edital do concurso p\u00fablico que busca o preenchimento de oito vagas para os cargos na \u00e1rea m\u00e9dica.\" \/>\n<meta name=\"robots\" content=\"index, follow, max-snippet:-1, max-image-preview:large, max-video-preview:-1\" \/>\n<link rel=\"canonical\" href=\"https:\/\/med.estrategia.com\/portal\/concursos\/inscricoes-abertas-para-o-concurso-de-chorozinho-com-vagas-na-area-medica\/\" \/>\n<meta property=\"og:locale\" content=\"pt_BR\" \/>\n<meta property=\"og:type\" content=\"article\" \/>\n<meta property=\"og:title\" content=\"Inscri\u00e7\u00f5es abertas para o concurso de Chorozinho com vagas na \u00e1rea m\u00e9dica\" \/>\n<meta property=\"og:description\" content=\"Prefeitura de Chorozinho publicou edital do concurso p\u00fablico que busca o preenchimento de oito vagas para os cargos na \u00e1rea m\u00e9dica.\" \/>\n<meta property=\"og:url\" content=\"https:\/\/med.estrategia.com\/portal\/concursos\/inscricoes-abertas-para-o-concurso-de-chorozinho-com-vagas-na-area-medica\/\" \/>\n<meta property=\"og:site_name\" content=\"Estrat\u00e9gia MED\" \/>\n<meta property=\"article:publisher\" content=\"https:\/\/www.facebook.com\/estrategiamed1\" \/>\n<meta property=\"article:published_time\" content=\"2024-12-20T20:13:10+00:00\" \/>\n<meta property=\"article:modified_time\" content=\"2024-12-20T20:13:14+00:00\" \/>\n<meta property=\"og:image\" content=\"https:\/\/med.estrategia.com\/portal\/wp-content\/uploads\/2024\/12\/CAPA_Prefeitura-de-Chorozinho.jpg\" \/>\n\t<meta property=\"og:image:width\" content=\"1280\" \/>\n\t<meta property=\"og:image:height\" content=\"720\" \/>\n\t<meta property=\"og:image:type\" content=\"image\/jpeg\" \/>\n<meta name=\"author\" content=\"Priscila Pereira\" \/>\n<meta name=\"twitter:card\" content=\"summary_large_image\" \/>\n<meta name=\"twitter:creator\" content=\"@estrategiamed_\" \/>\n<meta name=\"twitter:site\" content=\"@estrategiamed_\" \/>\n<meta name=\"twitter:label1\" content=\"Escrito por\" \/>\n\t<meta name=\"twitter:data1\" content=\"Priscila Pereira\" \/>\n\t<meta name=\"twitter:label2\" content=\"Est. tempo de leitura\" \/>\n\t<meta name=\"twitter:data2\" content=\"3 minutos\" \/>\n<script type=\"application\/ld+json\" class=\"yoast-schema-graph\">{\"@context\":\"https:\/\/schema.org\",\"@graph\":[{\"@type\":\"WebPage\",\"@id\":\"https:\/\/med.estrategia.com\/portal\/concursos\/inscricoes-abertas-para-o-concurso-de-chorozinho-com-vagas-na-area-medica\/\",\"url\":\"https:\/\/med.estrategia.com\/portal\/concursos\/inscricoes-abertas-para-o-concurso-de-chorozinho-com-vagas-na-area-medica\/\",\"name\":\"Concurso de Chorozinho oferece 8 vagas na \u00e1rea m\u00e9dica\",\"isPartOf\":{\"@id\":\"https:\/\/med.estrategia.com\/portal\/#website\"},\"primaryImageOfPage\":{\"@id\":\"https:\/\/med.estrategia.com\/portal\/concursos\/inscricoes-abertas-para-o-concurso-de-chorozinho-com-vagas-na-area-medica\/#primaryimage\"},\"image\":{\"@id\":\"https:\/\/med.estrategia.com\/portal\/concursos\/inscricoes-abertas-para-o-concurso-de-chorozinho-com-vagas-na-area-medica\/#primaryimage\"},\"thumbnailUrl\":\"https:\/\/med.estrategia.com\/portal\/wp-content\/uploads\/2024\/12\/CAPA_Prefeitura-de-Chorozinho.jpg\",\"datePublished\":\"2024-12-20T20:13:10+00:00\",\"dateModified\":\"2024-12-20T20:13:14+00:00\",\"author\":{\"@id\":\"https:\/\/med.estrategia.com\/portal\/#\/schema\/person\/d1df06a83a849b79b2d480e7d8952ce3\"},\"description\":\"Prefeitura de Chorozinho publicou edital do concurso p\u00fablico que busca o preenchimento de oito vagas para os cargos na \u00e1rea m\u00e9dica.\",\"breadcrumb\":{\"@id\":\"https:\/\/med.estrategia.com\/portal\/concursos\/inscricoes-abertas-para-o-concurso-de-chorozinho-com-vagas-na-area-medica\/#breadcrumb\"},\"inLanguage\":\"pt-BR\",\"potentialAction\":[{\"@type\":\"ReadAction\",\"target\":[\"https:\/\/med.estrategia.com\/portal\/concursos\/inscricoes-abertas-para-o-concurso-de-chorozinho-com-vagas-na-area-medica\/\"]}]},{\"@type\":\"ImageObject\",\"inLanguage\":\"pt-BR\",\"@id\":\"https:\/\/med.estrategia.com\/portal\/concursos\/inscricoes-abertas-para-o-concurso-de-chorozinho-com-vagas-na-area-medica\/#primaryimage\",\"url\":\"https:\/\/med.estrategia.com\/portal\/wp-content\/uploads\/2024\/12\/CAPA_Prefeitura-de-Chorozinho.jpg\",\"contentUrl\":\"https:\/\/med.estrategia.com\/portal\/wp-content\/uploads\/2024\/12\/CAPA_Prefeitura-de-Chorozinho.jpg\",\"width\":1280,\"height\":720,\"caption\":\"Estrat\u00e9gia MED | Concurso P\u00fablico Chorozinho\"},{\"@type\":\"BreadcrumbList\",\"@id\":\"https:\/\/med.estrategia.com\/portal\/concursos\/inscricoes-abertas-para-o-concurso-de-chorozinho-com-vagas-na-area-medica\/#breadcrumb\",\"itemListElement\":[{\"@type\":\"ListItem\",\"position\":1,\"name\":\"Home\",\"item\":\"https:\/\/med.estrategia.com\/portal\/\"},{\"@type\":\"ListItem\",\"position\":2,\"name\":\"Concursos M\u00e9dicos\",\"item\":\"https:\/\/med.estrategia.com\/portal\/concursos\/\"},{\"@type\":\"ListItem\",\"position\":3,\"name\":\"Inscri\u00e7\u00f5es abertas para o concurso de Chorozinho com vagas na \u00e1rea m\u00e9dica\"}]},{\"@type\":\"WebSite\",\"@id\":\"https:\/\/med.estrategia.com\/portal\/#website\",\"url\":\"https:\/\/med.estrategia.com\/portal\/\",\"name\":\"Estrat\u00e9gia MED\",\"description\":\"\",\"potentialAction\":[{\"@type\":\"SearchAction\",\"target\":{\"@type\":\"EntryPoint\",\"urlTemplate\":\"https:\/\/med.estrategia.com\/portal\/?s={search_term_string}\"},\"query-input\":{\"@type\":\"PropertyValueSpecification\",\"valueRequired\":true,\"valueName\":\"search_term_string\"}}],\"inLanguage\":\"pt-BR\"},{\"@type\":\"Person\",\"@id\":\"https:\/\/med.estrategia.com\/portal\/#\/schema\/person\/d1df06a83a849b79b2d480e7d8952ce3\",\"name\":\"Priscila Pereira\",\"image\":{\"@type\":\"ImageObject\",\"inLanguage\":\"pt-BR\",\"@id\":\"https:\/\/med.estrategia.com\/portal\/#\/schema\/person\/image\/\",\"url\":\"https:\/\/secure.gravatar.com\/avatar\/fe94f8430a1d23a69c0bc7aab6202e21?s=96&d=mm&r=g\",\"contentUrl\":\"https:\/\/secure.gravatar.com\/avatar\/fe94f8430a1d23a69c0bc7aab6202e21?s=96&d=mm&r=g\",\"caption\":\"Priscila Pereira\"},\"description\":\"Formada e p\u00f3s-graduada na \u00e1rea de comunica\u00e7\u00e3o, divido minha paix\u00e3o entre o jornalismo e os esportes\",\"url\":\"https:\/\/med.estrategia.com\/portal\/author\/priscila-pereira\/\"}]}<\/script>\n<!-- \/ Yoast SEO Premium plugin. -->","yoast_head_json":{"title":"Concurso de Chorozinho oferece 8 vagas na \u00e1rea m\u00e9dica","description":"Prefeitura de Chorozinho publicou edital do concurso p\u00fablico que busca o preenchimento de oito vagas para os cargos na \u00e1rea m\u00e9dica.","robots":{"index":"index","follow":"follow","max-snippet":"max-snippet:-1","max-image-preview":"max-image-preview:large","max-video-preview":"max-video-preview:-1"},"canonical":"https:\/\/med.estrategia.com\/portal\/concursos\/inscricoes-abertas-para-o-concurso-de-chorozinho-com-vagas-na-area-medica\/","og_locale":"pt_BR","og_type":"article","og_title":"Inscri\u00e7\u00f5es abertas para o concurso de Chorozinho com vagas na \u00e1rea m\u00e9dica","og_description":"Prefeitura de Chorozinho publicou edital do concurso p\u00fablico que busca o preenchimento de oito vagas para os cargos na \u00e1rea m\u00e9dica.","og_url":"https:\/\/med.estrategia.com\/portal\/concursos\/inscricoes-abertas-para-o-concurso-de-chorozinho-com-vagas-na-area-medica\/","og_site_name":"Estrat\u00e9gia MED","article_publisher":"https:\/\/www.facebook.com\/estrategiamed1","article_published_time":"2024-12-20T20:13:10+00:00","article_modified_time":"2024-12-20T20:13:14+00:00","og_image":[{"width":1280,"height":720,"url":"https:\/\/med.estrategia.com\/portal\/wp-content\/uploads\/2024\/12\/CAPA_Prefeitura-de-Chorozinho.jpg","type":"image\/jpeg"}],"author":"Priscila Pereira","twitter_card":"summary_large_image","twitter_creator":"@estrategiamed_","twitter_site":"@estrategiamed_","twitter_misc":{"Escrito por":"Priscila Pereira","Est. tempo de leitura":"3 minutos"},"schema":{"@context":"https:\/\/schema.org","@graph":[{"@type":"WebPage","@id":"https:\/\/med.estrategia.com\/portal\/concursos\/inscricoes-abertas-para-o-concurso-de-chorozinho-com-vagas-na-area-medica\/","url":"https:\/\/med.estrategia.com\/portal\/concursos\/inscricoes-abertas-para-o-concurso-de-chorozinho-com-vagas-na-area-medica\/","name":"Concurso de Chorozinho oferece 8 vagas na \u00e1rea m\u00e9dica","isPartOf":{"@id":"https:\/\/med.estrategia.com\/portal\/#website"},"primaryImageOfPage":{"@id":"https:\/\/med.estrategia.com\/portal\/concursos\/inscricoes-abertas-para-o-concurso-de-chorozinho-com-vagas-na-area-medica\/#primaryimage"},"image":{"@id":"https:\/\/med.estrategia.com\/portal\/concursos\/inscricoes-abertas-para-o-concurso-de-chorozinho-com-vagas-na-area-medica\/#primaryimage"},"thumbnailUrl":"https:\/\/med.estrategia.com\/portal\/wp-content\/uploads\/2024\/12\/CAPA_Prefeitura-de-Chorozinho.jpg","datePublished":"2024-12-20T20:13:10+00:00","dateModified":"2024-12-20T20:13:14+00:00","author":{"@id":"https:\/\/med.estrategia.com\/portal\/#\/schema\/person\/d1df06a83a849b79b2d480e7d8952ce3"},"description":"Prefeitura de Chorozinho publicou edital do concurso p\u00fablico que busca o preenchimento de oito vagas para os cargos na \u00e1rea m\u00e9dica.","breadcrumb":{"@id":"https:\/\/med.estrategia.com\/portal\/concursos\/inscricoes-abertas-para-o-concurso-de-chorozinho-com-vagas-na-area-medica\/#breadcrumb"},"inLanguage":"pt-BR","potentialAction":[{"@type":"ReadAction","target":["https:\/\/med.estrategia.com\/portal\/concursos\/inscricoes-abertas-para-o-concurso-de-chorozinho-com-vagas-na-area-medica\/"]}]},{"@type":"ImageObject","inLanguage":"pt-BR","@id":"https:\/\/med.estrategia.com\/portal\/concursos\/inscricoes-abertas-para-o-concurso-de-chorozinho-com-vagas-na-area-medica\/#primaryimage","url":"https:\/\/med.estrategia.com\/portal\/wp-content\/uploads\/2024\/12\/CAPA_Prefeitura-de-Chorozinho.jpg","contentUrl":"https:\/\/med.estrategia.com\/portal\/wp-content\/uploads\/2024\/12\/CAPA_Prefeitura-de-Chorozinho.jpg","width":1280,"height":720,"caption":"Estrat\u00e9gia MED | Concurso P\u00fablico Chorozinho"},{"@type":"BreadcrumbList","@id":"https:\/\/med.estrategia.com\/portal\/concursos\/inscricoes-abertas-para-o-concurso-de-chorozinho-com-vagas-na-area-medica\/#breadcrumb","itemListElement":[{"@type":"ListItem","position":1,"name":"Home","item":"https:\/\/med.estrategia.com\/portal\/"},{"@type":"ListItem","position":2,"name":"Concursos M\u00e9dicos","item":"https:\/\/med.estrategia.com\/portal\/concursos\/"},{"@type":"ListItem","position":3,"name":"Inscri\u00e7\u00f5es abertas para o concurso de Chorozinho com vagas na \u00e1rea m\u00e9dica"}]},{"@type":"WebSite","@id":"https:\/\/med.estrategia.com\/portal\/#website","url":"https:\/\/med.estrategia.com\/portal\/","name":"Estrat\u00e9gia MED","description":"","potentialAction":[{"@type":"SearchAction","target":{"@type":"EntryPoint","urlTemplate":"https:\/\/med.estrategia.com\/portal\/?s={search_term_string}"},"query-input":{"@type":"PropertyValueSpecification","valueRequired":true,"valueName":"search_term_string"}}],"inLanguage":"pt-BR"},{"@type":"Person","@id":"https:\/\/med.estrategia.com\/portal\/#\/schema\/person\/d1df06a83a849b79b2d480e7d8952ce3","name":"Priscila Pereira","image":{"@type":"ImageObject","inLanguage":"pt-BR","@id":"https:\/\/med.estrategia.com\/portal\/#\/schema\/person\/image\/","url":"https:\/\/secure.gravatar.com\/avatar\/fe94f8430a1d23a69c0bc7aab6202e21?s=96&d=mm&r=g","contentUrl":"https:\/\/secure.gravatar.com\/avatar\/fe94f8430a1d23a69c0bc7aab6202e21?s=96&d=mm&r=g","caption":"Priscila Pereira"},"description":"Formada e p\u00f3s-graduada na \u00e1rea de comunica\u00e7\u00e3o, divido minha paix\u00e3o entre o jornalismo e os esportes","url":"https:\/\/med.estrategia.com\/portal\/author\/priscila-pereira\/"}]}},"_wl_alt_label":[],"wl:entity_url":"\/post\/ch-79374","_links":{"self":[{"href":"https:\/\/med.estrategia.com\/portal\/wp-json\/wp\/v2\/posts\/79374","targetHints":{"allow":["GET"]}}],"collection":[{"href":"https:\/\/med.estrategia.com\/portal\/wp-json\/wp\/v2\/posts"}],"about":[{"href":"https:\/\/med.estrategia.com\/portal\/wp-json\/wp\/v2\/types\/post"}],"author":[{"embeddable":true,"href":"https:\/\/med.estrategia.com\/portal\/wp-json\/wp\/v2\/users\/45"}],"replies":[{"embeddable":true,"href":"https:\/\/med.estrategia.com\/portal\/wp-json\/wp\/v2\/comments?post=79374"}],"version-history":[{"count":4,"href":"https:\/\/med.estrategia.com\/portal\/wp-json\/wp\/v2\/posts\/79374\/revisions"}],"predecessor-version":[{"id":79394,"href":"https:\/\/med.estrategia.com\/portal\/wp-json\/wp\/v2\/posts\/79374\/revisions\/79394"}],"wp:featuredmedia":[{"embeddable":true,"href":"https:\/\/med.estrategia.com\/portal\/wp-json\/wp\/v2\/media\/79386"}],"wp:attachment":[{"href":"https:\/\/med.estrategia.com\/portal\/wp-json\/wp\/v2\/media?parent=79374"}],"wp:term":[{"taxonomy":"category","embeddable":true,"href":"https:\/\/med.estrategia.com\/portal\/wp-json\/wp\/v2\/categories?post=79374"},{"taxonomy":"post_tag","embeddable":true,"href":"https:\/\/med.estrategia.com\/portal\/wp-json\/wp\/v2\/tags?post=79374"},{"taxonomy":"wl_entity_type","embeddable":true,"href":"https:\/\/med.estrategia.com\/portal\/wp-json\/wp\/v2\/wl_entity_type?post=79374"}],"curies":[{"name":"wp","href":"https:\/\/api.w.org\/{rel}","templated":true}]}}