{"id":79954,"date":"2025-01-04T08:53:12","date_gmt":"2025-01-04T11:53:12","guid":{"rendered":"https:\/\/med.estrategia.com\/portal\/?p=79954"},"modified":"2025-01-08T17:11:31","modified_gmt":"2025-01-08T20:11:31","slug":"resumo-de-crosta-lactea-conceito-causas-tratamento-e-mais","status":"publish","type":"post","link":"https:\/\/med.estrategia.com\/portal\/conteudos-gratis\/doencas\/resumo-de-crosta-lactea-conceito-causas-tratamento-e-mais\/","title":{"rendered":"Resumo de Crosta L\u00e1ctea: conceito, causas, tratamento e mais!"},"content":{"rendered":"<p><strong>Ol&aacute;, querido doutor e doutora! <\/strong>A crosta l&aacute;ctea, ou dermatite seborr&eacute;ica infantil, &eacute; uma condi&ccedil;&atilde;o dermatol&oacute;gica comum e benigna que afeta lactentes nos primeiros meses de vida. Embora seu aspecto possa causar preocupa&ccedil;&atilde;o nos pais, &eacute; importante ressaltar que se trata de uma condi&ccedil;&atilde;o autolimitada e assintom&aacute;tica. O texto abaixo oferece uma vis&atilde;o abrangente sobre a crosta l&aacute;ctea, abordando desde seu conceito geral at&eacute; o diagn&oacute;stico, tratamento e progn&oacute;stico.<p><em>A crosta l&aacute;ctea &eacute; caracterizada por placas escamosas amareladas e oleosas, localizadas principalmente no couro cabeludo, sem causar desconforto significativo ao beb&ecirc;.<\/em><\/p><div id=\"ez-toc-container\" class=\"ez-toc-v2_0_79_2 counter-hierarchy ez-toc-counter ez-toc-transparent ez-toc-container-direction\">\n<div class=\"ez-toc-title-container\"><p class=\"ez-toc-title\" style=\"cursor:inherit\">Navegue pelo conte\u00fado<\/p>\n<\/div><nav><ul class='ez-toc-list ez-toc-list-level-1 ' ><li class='ez-toc-page-1 ez-toc-heading-level-2'><a class=\"ez-toc-link ez-toc-heading-1\" href=\"https:\/\/med.estrategia.com\/portal\/conteudos-gratis\/doencas\/resumo-de-crosta-lactea-conceito-causas-tratamento-e-mais\/#Conceito-de-Crosta-Lactea\" >Conceito de Crosta L&aacute;ctea&nbsp;<\/a><\/li><li class='ez-toc-page-1 ez-toc-heading-level-2'><a class=\"ez-toc-link ez-toc-heading-2\" href=\"https:\/\/med.estrategia.com\/portal\/conteudos-gratis\/doencas\/resumo-de-crosta-lactea-conceito-causas-tratamento-e-mais\/#Como-se-forma-a-Crosta-Lactea\" >Como se forma a Crosta L&aacute;ctea<\/a><\/li><li class='ez-toc-page-1 ez-toc-heading-level-2'><a class=\"ez-toc-link ez-toc-heading-3\" href=\"https:\/\/med.estrategia.com\/portal\/conteudos-gratis\/doencas\/resumo-de-crosta-lactea-conceito-causas-tratamento-e-mais\/#Fatores-de-Risco-para-desenvolvimento-da-Crosta-Lactea\" >Fatores de Risco para desenvolvimento da Crosta L&aacute;ctea&nbsp;<\/a><\/li><li class='ez-toc-page-1 ez-toc-heading-level-2'><a class=\"ez-toc-link ez-toc-heading-4\" href=\"https:\/\/med.estrategia.com\/portal\/conteudos-gratis\/doencas\/resumo-de-crosta-lactea-conceito-causas-tratamento-e-mais\/#Sintomas-da-Crosta-Lactea\" >Sintomas da Crosta L&aacute;ctea<\/a><\/li><li class='ez-toc-page-1 ez-toc-heading-level-2'><a class=\"ez-toc-link ez-toc-heading-5\" href=\"https:\/\/med.estrategia.com\/portal\/conteudos-gratis\/doencas\/resumo-de-crosta-lactea-conceito-causas-tratamento-e-mais\/#Como-e-feito-o-diagnostico-da-Crosta-Lactea\" >Como &eacute; feito o diagn&oacute;stico da Crosta L&aacute;ctea<\/a><\/li><li class='ez-toc-page-1 ez-toc-heading-level-2'><a class=\"ez-toc-link ez-toc-heading-6\" href=\"https:\/\/med.estrategia.com\/portal\/conteudos-gratis\/doencas\/resumo-de-crosta-lactea-conceito-causas-tratamento-e-mais\/#Como-e-feito-o-tratamento-da-Crosta-Lactea\" >Como &eacute; feito o tratamento da Crosta L&aacute;ctea<\/a><ul class='ez-toc-list-level-3' ><li class='ez-toc-heading-level-3'><a class=\"ez-toc-link ez-toc-heading-7\" href=\"https:\/\/med.estrategia.com\/portal\/conteudos-gratis\/doencas\/resumo-de-crosta-lactea-conceito-causas-tratamento-e-mais\/#Resolucao-da-Crosta-Lactea\" >Resolu&ccedil;&atilde;o da Crosta L&aacute;ctea&nbsp;<\/a><\/li><li class='ez-toc-page-1 ez-toc-heading-level-3'><a class=\"ez-toc-link ez-toc-heading-8\" href=\"https:\/\/med.estrategia.com\/portal\/conteudos-gratis\/doencas\/resumo-de-crosta-lactea-conceito-causas-tratamento-e-mais\/#Complicacoes-da-Crosta-Lactea\" >Complica&ccedil;&otilde;es da Crosta L&aacute;ctea<\/a><\/li><\/ul><\/li><li class='ez-toc-page-1 ez-toc-heading-level-2'><a class=\"ez-toc-link ez-toc-heading-9\" href=\"https:\/\/med.estrategia.com\/portal\/conteudos-gratis\/doencas\/resumo-de-crosta-lactea-conceito-causas-tratamento-e-mais\/#Veja-Tambem\" >Veja Tamb&eacute;m<\/a><\/li><li class='ez-toc-page-1 ez-toc-heading-level-2'><a class=\"ez-toc-link ez-toc-heading-10\" href=\"https:\/\/med.estrategia.com\/portal\/conteudos-gratis\/doencas\/resumo-de-crosta-lactea-conceito-causas-tratamento-e-mais\/#Canal-do-YouTube\" >Canal do YouTube&nbsp;<\/a><\/li><li class='ez-toc-page-1 ez-toc-heading-level-2'><a class=\"ez-toc-link ez-toc-heading-11\" href=\"https:\/\/med.estrategia.com\/portal\/conteudos-gratis\/doencas\/resumo-de-crosta-lactea-conceito-causas-tratamento-e-mais\/#Referencias-Bibliograficas\" >Refer&ecirc;ncias Bibliogr&aacute;ficas&nbsp;<\/a><\/li><\/ul><\/nav><\/div>\n<h2 class=\"wp-block-heading\" id=\"h-conceito-de-crosta-lactea-nbsp\"><span class=\"ez-toc-section\" id=\"Conceito-de-Crosta-Lactea\"><\/span>Conceito de Crosta L&aacute;ctea&nbsp;<span class=\"ez-toc-section-end\"><\/span><\/h2><p>A crosta l&aacute;ctea, tamb&eacute;m conhecida como <strong>dermatite seborr&eacute;ica infantil<\/strong>, &eacute; uma condi&ccedil;&atilde;o dermatol&oacute;gica n&atilde;o inflamat&oacute;ria e autolimitada, comumente observada nos primeiros meses de vida. Caracteriza-se pelo surgimento de <strong>placas escamosas amareladas e oleosas<\/strong>, frequentemente localizadas no <strong>couro cabeludo<\/strong>, embora tamb&eacute;m possam aparecer em &aacute;reas com alta atividade de gl&acirc;ndulas seb&aacute;ceas, como a face e as orelhas externas. Essa condi&ccedil;&atilde;o n&atilde;o causa desconforto significativo ao beb&ecirc;, como dor ou coceira, e geralmente n&atilde;o interfere na alimenta&ccedil;&atilde;o ou no sono.<\/p><p><strong><a id=\"cta\" class=\"cta-imagem\" href=\"https:\/\/med.estrategia.com\/cursos\/extensivo-de-residncia-mdica\/\" target=\"blank\">\n                <img decoding=\"async\" width=\"100%\" src=\"https:\/\/med.estrategia.com\/portal\/wp-content\/uploads\/2025\/08\/extensivo_rm.jpg\" alt=\"Extensivo RM\" title=\"extensivo_rm\">\n        <\/a><\/strong><\/p><h2 class=\"wp-block-heading\" id=\"h-como-se-forma-a-crosta-lactea\"><span class=\"ez-toc-section\" id=\"Como-se-forma-a-Crosta-Lactea\"><\/span>Como se forma a Crosta L&aacute;ctea<span class=\"ez-toc-section-end\"><\/span><\/h2><p>A forma&ccedil;&atilde;o da crosta l&aacute;ctea est&aacute; relacionada &agrave; <strong>hiperatividade das gl&acirc;ndulas seb&aacute;ceas<\/strong>, influenciada pelos <strong>horm&ocirc;nios maternos<\/strong> transferidos durante a gesta&ccedil;&atilde;o. Esses horm&ocirc;nios estimulam a produ&ccedil;&atilde;o de sebo, uma subst&acirc;ncia oleosa que, em excesso, dificulta a descama&ccedil;&atilde;o natural das c&eacute;lulas da pele. Como resultado, forma-se uma camada de escamas aderentes no couro cabeludo e em outras &aacute;reas ricas em gl&acirc;ndulas seb&aacute;ceas.<\/p><p>Al&eacute;m disso, h&aacute; uma poss&iacute;vel associa&ccedil;&atilde;o com a presen&ccedil;a do <strong>fungo Malassezia<\/strong>, um organismo que se alimenta do sebo produzido pela pele. Ele metaboliza os &aacute;cidos graxos saturados, deixando para tr&aacute;s os insaturados, que podem alterar a barreira cut&acirc;nea. Embora a presen&ccedil;a do fungo n&atilde;o seja exclusiva a casos de crosta l&aacute;ctea, sua predomin&acirc;ncia em &aacute;reas afetadas sugere uma suscetibilidade individual a essa intera&ccedil;&atilde;o.<\/p><p>No entanto, a condi&ccedil;&atilde;o <strong>n&atilde;o &eacute; inflamat&oacute;ria nem est&aacute; relacionada a alergias<\/strong>, o que explica a aus&ecirc;ncia de prurido e outros sinais de desconforto na maioria dos casos. A crosta l&aacute;ctea tende a ser autolimitada, desaparecendo &agrave; medida que os horm&ocirc;nios maternos se dissipam e a regula&ccedil;&atilde;o das gl&acirc;ndulas seb&aacute;ceas do beb&ecirc; se estabiliza.<\/p><h2 class=\"wp-block-heading\" id=\"h-fatores-de-risco-para-desenvolvimento-da-crosta-lactea-nbsp\"><span class=\"ez-toc-section\" id=\"Fatores-de-Risco-para-desenvolvimento-da-Crosta-Lactea\"><\/span>Fatores de Risco para desenvolvimento da Crosta L&aacute;ctea&nbsp;<span class=\"ez-toc-section-end\"><\/span><\/h2><p>A crosta l&aacute;ctea &eacute; uma condi&ccedil;&atilde;o frequente <strong>nos primeiros meses de vida<\/strong>, afetando aproximadamente <strong>10% dos rec&eacute;m-nascidos nos primeiros tr&ecirc;s meses<\/strong>. O pico de preval&ecirc;ncia ocorre por volta dos tr&ecirc;s meses de idade, com taxas que chegam a 70%, diminuindo progressivamente ap&oacute;s essa fase. A partir do segundo ano de vida, a condi&ccedil;&atilde;o torna-se rara.<\/p><p>Embora n&atilde;o apresente predisposi&ccedil;&atilde;o de g&ecirc;nero ou etnia, certos fatores podem aumentar a chance de seu aparecimento. Entre eles, destacam-se o <strong>hist&oacute;rico familiar de dermatite at&oacute;pica ou asma<\/strong>, al&eacute;m da <strong>influ&ecirc;ncia dos horm&ocirc;nios maternos<\/strong>, que podem estimular a produ&ccedil;&atilde;o de sebo no beb&ecirc;. A <strong>presen&ccedil;a do fungo Malassezia<\/strong>, normalmente encontrado na pele, tamb&eacute;m est&aacute; associada &agrave; condi&ccedil;&atilde;o, embora n&atilde;o seja exclusiva dos casos de crosta l&aacute;ctea. A suscetibilidade individual varia, dependendo de caracter&iacute;sticas gen&eacute;ticas e ambientais.<\/p><h2 class=\"wp-block-heading\" id=\"h-sintomas-da-crosta-lactea\"><span class=\"ez-toc-section\" id=\"Sintomas-da-Crosta-Lactea\"><\/span>Sintomas da Crosta L&aacute;ctea<span class=\"ez-toc-section-end\"><\/span><\/h2><p>A crosta l&aacute;ctea manifesta-se por meio de <strong>placas escamosas amareladas, oleosas e aderentes<\/strong>, localizadas principalmente no <strong>couro cabeludo, na regi&atilde;o do v&eacute;rtice e na fronte<\/strong>. Em alguns casos, a condi&ccedil;&atilde;o pode se estender para &aacute;reas pr&oacute;ximas, como sobrancelhas, p&aacute;lpebras, dobras nasolabiais e regi&atilde;o retroauricular. Essas les&otilde;es, geralmente, s&atilde;o bem delimitadas e podem estar associadas a um leve eritema subjacente.<\/p><p>Embora a crosta l&aacute;ctea seja predominantemente assintom&aacute;tica, algumas crian&ccedil;as podem apresentar erup&ccedil;&otilde;es em outras &aacute;reas do corpo, incluindo a regi&atilde;o do umbigo, &aacute;rea de fraldas e dobras cut&acirc;neas. Nessas &aacute;reas, a apar&ecirc;ncia tende a ser menos escamosa, com predom&iacute;nio de eritema.<\/p><p>Diferente de outras condi&ccedil;&otilde;es dermatol&oacute;gicas, como a dermatite at&oacute;pica, <strong>a crosta l&aacute;ctea n&atilde;o provoca prurido ou desconforto significativo<\/strong>. A aus&ecirc;ncia de altera&ccedil;&otilde;es no comportamento, alimenta&ccedil;&atilde;o e sono refor&ccedil;a seu car&aacute;ter benigno. Em casos raros, formas mais graves podem surgir, caracterizadas por les&otilde;es extensas ou eritema intenso, o que pode indicar condi&ccedil;&otilde;es subjacentes, como imunodefici&ecirc;ncias ou defici&ecirc;ncias vitam&iacute;nicas.<\/p><div class=\"wp-block-image\">\n<figure class=\"aligncenter\"><img decoding=\"async\" src=\"https:\/\/lh7-rt.googleusercontent.com\/docsz\/AD_4nXcfK_VriGXnRJ4b43lpl8SoIf1uIeTeeruBeC6DjmCpBLzGXZeYvBhi-H_sU2QZy8v9fSA0jef7hOO9Vz4fLaU8xjjA8JNJvwBaozcYUXkW8F9Iva-nyL79Pnqk1xYbKtpf11y60A?key=SIur56puulI4GcrwccG_j4Yn\" alt=\"\"><figcaption class=\"wp-element-caption\">UFMG.<\/figcaption><\/figure><\/div><h2 class=\"wp-block-heading\" id=\"h-como-e-feito-o-diagnostico-da-crosta-lactea\"><span class=\"ez-toc-section\" id=\"Como-e-feito-o-diagnostico-da-Crosta-Lactea\"><\/span>Como &eacute; feito o diagn&oacute;stico da Crosta L&aacute;ctea<span class=\"ez-toc-section-end\"><\/span><\/h2><p>O diagn&oacute;stico da crosta l&aacute;ctea &eacute; <strong>cl&iacute;nico e baseia-se no exame f&iacute;sico detalhado<\/strong>. A identifica&ccedil;&atilde;o das caracter&iacute;sticas t&iacute;picas, como placas escamosas amareladas e oleosas localizadas principalmente no couro cabeludo, geralmente &eacute; suficiente para confirmar a condi&ccedil;&atilde;o. A aus&ecirc;ncia de sintomas significativos, como prurido ou desconforto, e a evolu&ccedil;&atilde;o autolimitada refor&ccedil;am o diagn&oacute;stico.<\/p><p>Exames complementares, como <strong>bi&oacute;psia de pele ou testes laboratoriais, n&atilde;o s&atilde;o necess&aacute;rios na maioria dos casos<\/strong>. No entanto, diante de apresenta&ccedil;&otilde;es at&iacute;picas, les&otilde;es extensas ou refrat&aacute;rias ao tratamento, pode ser necess&aacute;rio considerar outras condi&ccedil;&otilde;es no diagn&oacute;stico diferencial, como <strong>dermatite at&oacute;pica, psor&iacute;ase, tinea capitis, impetigo<\/strong> ou mesmo doen&ccedil;as mais raras, como histiocitose de c&eacute;lulas de Langerhans.<\/p><h2 class=\"wp-block-heading\" id=\"h-como-e-feito-o-tratamento-da-crosta-lactea\"><span class=\"ez-toc-section\" id=\"Como-e-feito-o-tratamento-da-Crosta-Lactea\"><\/span>Como &eacute; feito o tratamento da Crosta L&aacute;ctea<span class=\"ez-toc-section-end\"><\/span><\/h2><p>O manejo da crosta l&aacute;ctea &eacute; geralmente simples e conservador, pois a condi&ccedil;&atilde;o &eacute; autolimitada. Em casos leves, recomenda-se <strong>lavar o couro cabeludo do beb&ecirc; diariamente com shampoo suave para beb&ecirc;s<\/strong>, associado ao uso de <strong>emolientes<\/strong>, como &oacute;leo mineral ou vaselina branca, aplicados antes do banho para amolecer as escamas. Ap&oacute;s o emoliente, <strong>as escamas podem ser removidas delicadamente<\/strong> com uma escova macia ou pente espec&iacute;fico.<\/p><p>Nos casos em que a condi&ccedil;&atilde;o n&atilde;o responde &agrave;s medidas conservadoras ou apresenta extens&atilde;o significativa, pode-se utilizar <strong>cremes antif&uacute;ngicos<\/strong>, como cetoconazol 2%, ou cremes com <strong>corticoster&oacute;ides leves<\/strong>, como hidrocortisona 1%, por curtos per&iacute;odos (1 a 2 semanas). Em &aacute;reas intertriginosas, o cetoconazol &eacute; preferido. Tratamentos mais agressivos, como o uso de &aacute;cido salic&iacute;lico ou sulfeto de sel&ecirc;nio, comuns em adultos com dermatite seborreica, n&atilde;o s&atilde;o indicados para lactentes devido &agrave; falta de evid&ecirc;ncias sobre seguran&ccedil;a.<\/p><p>Al&eacute;m das interven&ccedil;&otilde;es terap&ecirc;uticas, &eacute; fundamental orientar os pais sobre a benignidade da condi&ccedil;&atilde;o e sua tend&ecirc;ncia natural &agrave; resolu&ccedil;&atilde;o. A continuidade dos cuidados com shampoo di&aacute;rio, mesmo ap&oacute;s a melhora, pode ajudar a prevenir recorr&ecirc;ncias. Casos que persistem ou n&atilde;o respondem ao tratamento devem ser avaliados para excluir outras condi&ccedil;&otilde;es.<\/p><h3 class=\"wp-block-heading\" id=\"h-resolucao-da-crosta-lactea-nbsp\"><span class=\"ez-toc-section\" id=\"Resolucao-da-Crosta-Lactea\"><\/span>Resolu&ccedil;&atilde;o da Crosta L&aacute;ctea&nbsp;<span class=\"ez-toc-section-end\"><\/span><\/h3><p>A crosta l&aacute;ctea possui uma resolu&ccedil;&atilde;o favor&aacute;vel, sendo uma condi&ccedil;&atilde;o benigna e autolimitada que geralmente desaparece espontaneamente nos primeiros meses de vida, raramente persistindo ap&oacute;s o primeiro ano.<\/p><h3 class=\"wp-block-heading\" id=\"h-complicacoes-da-crosta-lactea\"><span class=\"ez-toc-section\" id=\"Complicacoes-da-Crosta-Lactea\"><\/span>Complica&ccedil;&otilde;es da Crosta L&aacute;ctea<span class=\"ez-toc-section-end\"><\/span><\/h3><p>Apesar de sua evolu&ccedil;&atilde;o tranquila, complica&ccedil;&otilde;es podem ocorrer em casos incomuns, como <strong>infec&ccedil;&otilde;es bacterianas secund&aacute;rias<\/strong> devido a traumas repetidos ou co&ccedil;adura, embora prurido seja raro. Formas extensas ou refrat&aacute;rias podem indicar condi&ccedil;&otilde;es subjacentes, como imunodefici&ecirc;ncias ou defici&ecirc;ncias vitam&iacute;nicas, que exigem avalia&ccedil;&atilde;o adicional.<\/p><p><strong><em>Venha fazer parte da maior plataforma de Medicina do Brasil! O Estrat&eacute;gia MED possui os materiais mais atualizados e cursos ministrados por especialistas na &aacute;rea. N&atilde;o perca a oportunidade de elevar seus estudos, inscreva-se agora e comece a construir um caminho de excel&ecirc;ncia na medicina!<\/em><\/strong>&nbsp;<\/p><p><strong><a id=\"cta\" class=\"cta-imagem\" href=\"https:\/\/med.estrategia.com\/cursos\/extensivo-de-residncia-mdica\/\" target=\"blank\">\n                <img decoding=\"async\" width=\"100%\" src=\"https:\/\/med.estrategia.com\/portal\/wp-content\/uploads\/2025\/08\/extensivo_rm.jpg\" alt=\"Extensivo RM\" title=\"extensivo_rm\">\n        <\/a><\/strong><\/p><h2 class=\"wp-block-heading\" id=\"h-veja-tambem\"><span class=\"ez-toc-section\" id=\"Veja-Tambem\"><\/span>Veja Tamb&eacute;m<span class=\"ez-toc-section-end\"><\/span><\/h2><ul class=\"wp-block-list\">\n<li><a href=\"https:\/\/med.estrategia.com\/portal\/conteudos-gratis\/doencas\/dermatite-seborreica\/\">Dermatite Seborreica: causas, sintomas e muito mais!<\/a><\/li>\n\n\n\n<li><a href=\"https:\/\/med.estrategia.com\/portal\/conteudos-gratis\/doencas\/resumo-tecnico-de-dermatite-atopica-manifestacoes-clinicas-diagnostico-tratamento-e-mais\/\">Resumo de dermatite at&oacute;pica<\/a>&nbsp;<\/li>\n\n\n\n<li><a href=\"https:\/\/med.estrategia.com\/portal\/conteudos-gratis\/doencas\/resumo-tecnico-de-psoriase-manifestacoes-clinicas-diagnostico-tratamento-e-mais\/\">Resumo t&eacute;cnico de psor&iacute;ase<\/a>&nbsp;<\/li>\n\n\n\n<li><a href=\"https:\/\/med.estrategia.com\/portal\/conteudos-gratis\/doencas\/resumo-de-urticaria-diagnostico-tratamento\/\">Resumo de urtic&aacute;ria<\/a><\/li>\n\n\n\n<li><a href=\"https:\/\/med.estrategia.com\/portal\/aluno-de-medicina\/dicas-de-estudo\/carcinoma-basocelular\/\">Resumo de carcinoma basocelular: manifesta&ccedil;&otilde;es cl&iacute;nicas, diagn&oacute;stico, tratamento e mais<\/a><\/li>\n\n\n\n<li><a href=\"https:\/\/med.estrategia.com\/portal\/aluno-de-medicina\/cancer-de-pele\/\">C&acirc;ncer de Pele: o que &eacute;, tipos e muito mais<\/a><\/li>\n\n\n\n<li><a href=\"https:\/\/med.estrategia.com\/portal\/conteudos-gratis\/doencas\/resumo-de-alopecia-diagnostico-tratamento-e-mais\/\">Resumo de alopecia<\/a>&nbsp;<\/li>\n\n\n\n<li><a href=\"https:\/\/med.estrategia.com\/portal\/aluno-de-medicina\/dicas-de-estudo\/dermatoses-infecciosas\/\">Resumo: dermatoses infecciosas: principais tipos<\/a><\/li>\n<\/ul><h2 class=\"wp-block-heading\" id=\"h-canal-do-youtube-nbsp\"><span class=\"ez-toc-section\" id=\"Canal-do-YouTube\"><\/span>Canal do YouTube&nbsp;<span class=\"ez-toc-section-end\"><\/span><\/h2><ul class=\"wp-block-list\">\n<li><a href=\"https:\/\/www.youtube.com\/@EstrategiaMED\" target=\"_blank\" rel=\"noopener noreferrer\">YouTube do Estrat&eacute;gia MED<\/a><\/li>\n<\/ul><h2 class=\"wp-block-heading\" id=\"h-referencias-bibliograficas-nbsp\"><span class=\"ez-toc-section\" id=\"Referencias-Bibliograficas\"><\/span>Refer&ecirc;ncias Bibliogr&aacute;ficas&nbsp;<span class=\"ez-toc-section-end\"><\/span><\/h2><ol class=\"wp-block-list\">\n<li>NOBLES, Timothy; HARBERGER, Seneca; KRISHNAMURTHY, Karthik. Cradle Cap. Treasure Island (FL): StatPearls Publishing, 2024. Dispon&iacute;vel em: https:\/\/www.ncbi.nlm.nih.gov\/sites\/books\/NBK531463\/. Acesso em: 4 jan. 2025.<\/li>\n<\/ol><\/p>\n","protected":false},"excerpt":{"rendered":"Ol&aacute;, querido doutor e doutora! A crosta l&aacute;ctea, ou dermatite seborr&eacute;ica infantil, &eacute; uma condi&ccedil;&atilde;o dermatol&oacute;gica comum e&hellip;\n","protected":false},"author":46,"featured_media":79955,"comment_status":"closed","ping_status":"closed","sticky":false,"template":"","format":"standard","meta":{"wl_entities_gutenberg":"","footnotes":""},"categories":[304],"tags":[1202,1203,40],"wl_entity_type":[199],"class_list":{"0":"post-79954","1":"post","2":"type-post","3":"status-publish","4":"format-standard","5":"has-post-thumbnail","7":"category-doencas","8":"tag-crosta-lactea","9":"tag-dermatite-seborreica","10":"tag-pediatria","11":"wl_entity_type-article"},"acf":[],"yoast_head":"<!-- This site is optimized with the Yoast SEO Premium plugin v26.6 (Yoast SEO v26.6) - https:\/\/yoast.com\/wordpress\/plugins\/seo\/ -->\n<title>Resumo de Crosta L\u00e1ctea: conceito, causas, tratamento e mais!<\/title>\n<meta name=\"description\" content=\"A crosta l\u00e1ctea \u00e9 uma condi\u00e7\u00e3o dermatol\u00f3gica n\u00e3o inflamat\u00f3ria e autolimitada, comumente observada nos primeiros meses de vida.\" \/>\n<meta name=\"robots\" content=\"index, follow, max-snippet:-1, max-image-preview:large, max-video-preview:-1\" \/>\n<link rel=\"canonical\" href=\"https:\/\/med.estrategia.com\/portal\/conteudos-gratis\/doencas\/resumo-de-crosta-lactea-conceito-causas-tratamento-e-mais\/\" \/>\n<meta property=\"og:locale\" content=\"pt_BR\" \/>\n<meta property=\"og:type\" content=\"article\" \/>\n<meta property=\"og:title\" content=\"Resumo de Crosta L\u00e1ctea: conceito, causas, tratamento e mais!\" \/>\n<meta property=\"og:description\" content=\"A crosta l\u00e1ctea \u00e9 uma condi\u00e7\u00e3o dermatol\u00f3gica n\u00e3o inflamat\u00f3ria e autolimitada, comumente observada nos primeiros meses de vida.\" \/>\n<meta property=\"og:url\" content=\"https:\/\/med.estrategia.com\/portal\/conteudos-gratis\/doencas\/resumo-de-crosta-lactea-conceito-causas-tratamento-e-mais\/\" \/>\n<meta property=\"og:site_name\" content=\"Estrat\u00e9gia MED\" \/>\n<meta property=\"article:publisher\" content=\"https:\/\/www.facebook.com\/estrategiamed1\" \/>\n<meta property=\"article:published_time\" content=\"2025-01-04T11:53:12+00:00\" \/>\n<meta property=\"article:modified_time\" content=\"2025-01-08T20:11:31+00:00\" \/>\n<meta property=\"og:image\" content=\"https:\/\/med.estrategia.com\/portal\/wp-content\/uploads\/2025\/01\/iScreen-Shoter-Google-Chrome-250104085141.jpg\" \/>\n\t<meta property=\"og:image:width\" content=\"1705\" \/>\n\t<meta property=\"og:image:height\" content=\"703\" \/>\n\t<meta property=\"og:image:type\" content=\"image\/jpeg\" \/>\n<meta name=\"author\" content=\"Pablo Fernandes\" \/>\n<meta name=\"twitter:card\" content=\"summary_large_image\" \/>\n<meta name=\"twitter:creator\" content=\"@estrategiamed_\" \/>\n<meta name=\"twitter:site\" content=\"@estrategiamed_\" \/>\n<meta name=\"twitter:label1\" content=\"Escrito por\" \/>\n\t<meta name=\"twitter:data1\" content=\"Pablo Fernandes\" \/>\n\t<meta name=\"twitter:label2\" content=\"Est. tempo de leitura\" \/>\n\t<meta name=\"twitter:data2\" content=\"7 minutos\" \/>\n<script type=\"application\/ld+json\" class=\"yoast-schema-graph\">{\"@context\":\"https:\/\/schema.org\",\"@graph\":[{\"@type\":\"WebPage\",\"@id\":\"https:\/\/med.estrategia.com\/portal\/conteudos-gratis\/doencas\/resumo-de-crosta-lactea-conceito-causas-tratamento-e-mais\/\",\"url\":\"https:\/\/med.estrategia.com\/portal\/conteudos-gratis\/doencas\/resumo-de-crosta-lactea-conceito-causas-tratamento-e-mais\/\",\"name\":\"Resumo de Crosta L\u00e1ctea: conceito, causas, tratamento e mais!\",\"isPartOf\":{\"@id\":\"https:\/\/med.estrategia.com\/portal\/#website\"},\"primaryImageOfPage\":{\"@id\":\"https:\/\/med.estrategia.com\/portal\/conteudos-gratis\/doencas\/resumo-de-crosta-lactea-conceito-causas-tratamento-e-mais\/#primaryimage\"},\"image\":{\"@id\":\"https:\/\/med.estrategia.com\/portal\/conteudos-gratis\/doencas\/resumo-de-crosta-lactea-conceito-causas-tratamento-e-mais\/#primaryimage\"},\"thumbnailUrl\":\"https:\/\/med.estrategia.com\/portal\/wp-content\/uploads\/2025\/01\/iScreen-Shoter-Google-Chrome-250104085141.jpg\",\"datePublished\":\"2025-01-04T11:53:12+00:00\",\"dateModified\":\"2025-01-08T20:11:31+00:00\",\"author\":{\"@id\":\"https:\/\/med.estrategia.com\/portal\/#\/schema\/person\/67a72aa9c51ed5919796767d808606b4\"},\"description\":\"A crosta l\u00e1ctea \u00e9 uma condi\u00e7\u00e3o dermatol\u00f3gica n\u00e3o inflamat\u00f3ria e autolimitada, comumente observada nos primeiros meses de vida.\",\"breadcrumb\":{\"@id\":\"https:\/\/med.estrategia.com\/portal\/conteudos-gratis\/doencas\/resumo-de-crosta-lactea-conceito-causas-tratamento-e-mais\/#breadcrumb\"},\"inLanguage\":\"pt-BR\",\"potentialAction\":[{\"@type\":\"ReadAction\",\"target\":[\"https:\/\/med.estrategia.com\/portal\/conteudos-gratis\/doencas\/resumo-de-crosta-lactea-conceito-causas-tratamento-e-mais\/\"]}]},{\"@type\":\"ImageObject\",\"inLanguage\":\"pt-BR\",\"@id\":\"https:\/\/med.estrategia.com\/portal\/conteudos-gratis\/doencas\/resumo-de-crosta-lactea-conceito-causas-tratamento-e-mais\/#primaryimage\",\"url\":\"https:\/\/med.estrategia.com\/portal\/wp-content\/uploads\/2025\/01\/iScreen-Shoter-Google-Chrome-250104085141.jpg\",\"contentUrl\":\"https:\/\/med.estrategia.com\/portal\/wp-content\/uploads\/2025\/01\/iScreen-Shoter-Google-Chrome-250104085141.jpg\",\"width\":1705,\"height\":703,\"caption\":\"UFMG\"},{\"@type\":\"BreadcrumbList\",\"@id\":\"https:\/\/med.estrategia.com\/portal\/conteudos-gratis\/doencas\/resumo-de-crosta-lactea-conceito-causas-tratamento-e-mais\/#breadcrumb\",\"itemListElement\":[{\"@type\":\"ListItem\",\"position\":1,\"name\":\"Home\",\"item\":\"https:\/\/med.estrategia.com\/portal\/\"},{\"@type\":\"ListItem\",\"position\":2,\"name\":\"Conte\u00fados Gr\u00e1tis\",\"item\":\"https:\/\/med.estrategia.com\/portal\/conteudos-gratis\/\"},{\"@type\":\"ListItem\",\"position\":3,\"name\":\"Doen\u00e7as\",\"item\":\"https:\/\/med.estrategia.com\/portal\/conteudos-gratis\/doencas\/\"},{\"@type\":\"ListItem\",\"position\":4,\"name\":\"Resumo de Crosta L\u00e1ctea: conceito, causas, tratamento e mais!\"}]},{\"@type\":\"WebSite\",\"@id\":\"https:\/\/med.estrategia.com\/portal\/#website\",\"url\":\"https:\/\/med.estrategia.com\/portal\/\",\"name\":\"Estrat\u00e9gia MED\",\"description\":\"\",\"potentialAction\":[{\"@type\":\"SearchAction\",\"target\":{\"@type\":\"EntryPoint\",\"urlTemplate\":\"https:\/\/med.estrategia.com\/portal\/?s={search_term_string}\"},\"query-input\":{\"@type\":\"PropertyValueSpecification\",\"valueRequired\":true,\"valueName\":\"search_term_string\"}}],\"inLanguage\":\"pt-BR\"},{\"@type\":\"Person\",\"@id\":\"https:\/\/med.estrategia.com\/portal\/#\/schema\/person\/67a72aa9c51ed5919796767d808606b4\",\"name\":\"Pablo Fernandes\",\"image\":{\"@type\":\"ImageObject\",\"inLanguage\":\"pt-BR\",\"@id\":\"https:\/\/med.estrategia.com\/portal\/#\/schema\/person\/image\/\",\"url\":\"https:\/\/med.estrategia.com\/portal\/wp-content\/uploads\/2025\/07\/DSC_0059-1-150x150.jpg\",\"contentUrl\":\"https:\/\/med.estrategia.com\/portal\/wp-content\/uploads\/2025\/07\/DSC_0059-1-150x150.jpg\",\"caption\":\"Pablo Fernandes\"},\"description\":\"R1 em Medicina de Fam\u00edlia e Comunidade, mineiro e apaixonado por Jesus.\",\"sameAs\":[\"https:\/\/www.instagram.com\/pablowiil\/\"],\"url\":\"https:\/\/med.estrategia.com\/portal\/author\/pablo-souza\/\"}]}<\/script>\n<!-- \/ Yoast SEO Premium plugin. -->","yoast_head_json":{"title":"Resumo de Crosta L\u00e1ctea: conceito, causas, tratamento e mais!","description":"A crosta l\u00e1ctea \u00e9 uma condi\u00e7\u00e3o dermatol\u00f3gica n\u00e3o inflamat\u00f3ria e autolimitada, comumente observada nos primeiros meses de vida.","robots":{"index":"index","follow":"follow","max-snippet":"max-snippet:-1","max-image-preview":"max-image-preview:large","max-video-preview":"max-video-preview:-1"},"canonical":"https:\/\/med.estrategia.com\/portal\/conteudos-gratis\/doencas\/resumo-de-crosta-lactea-conceito-causas-tratamento-e-mais\/","og_locale":"pt_BR","og_type":"article","og_title":"Resumo de Crosta L\u00e1ctea: conceito, causas, tratamento e mais!","og_description":"A crosta l\u00e1ctea \u00e9 uma condi\u00e7\u00e3o dermatol\u00f3gica n\u00e3o inflamat\u00f3ria e autolimitada, comumente observada nos primeiros meses de vida.","og_url":"https:\/\/med.estrategia.com\/portal\/conteudos-gratis\/doencas\/resumo-de-crosta-lactea-conceito-causas-tratamento-e-mais\/","og_site_name":"Estrat\u00e9gia MED","article_publisher":"https:\/\/www.facebook.com\/estrategiamed1","article_published_time":"2025-01-04T11:53:12+00:00","article_modified_time":"2025-01-08T20:11:31+00:00","og_image":[{"width":1705,"height":703,"url":"https:\/\/med.estrategia.com\/portal\/wp-content\/uploads\/2025\/01\/iScreen-Shoter-Google-Chrome-250104085141.jpg","type":"image\/jpeg"}],"author":"Pablo Fernandes","twitter_card":"summary_large_image","twitter_creator":"@estrategiamed_","twitter_site":"@estrategiamed_","twitter_misc":{"Escrito por":"Pablo Fernandes","Est. tempo de leitura":"7 minutos"},"schema":{"@context":"https:\/\/schema.org","@graph":[{"@type":"WebPage","@id":"https:\/\/med.estrategia.com\/portal\/conteudos-gratis\/doencas\/resumo-de-crosta-lactea-conceito-causas-tratamento-e-mais\/","url":"https:\/\/med.estrategia.com\/portal\/conteudos-gratis\/doencas\/resumo-de-crosta-lactea-conceito-causas-tratamento-e-mais\/","name":"Resumo de Crosta L\u00e1ctea: conceito, causas, tratamento e mais!","isPartOf":{"@id":"https:\/\/med.estrategia.com\/portal\/#website"},"primaryImageOfPage":{"@id":"https:\/\/med.estrategia.com\/portal\/conteudos-gratis\/doencas\/resumo-de-crosta-lactea-conceito-causas-tratamento-e-mais\/#primaryimage"},"image":{"@id":"https:\/\/med.estrategia.com\/portal\/conteudos-gratis\/doencas\/resumo-de-crosta-lactea-conceito-causas-tratamento-e-mais\/#primaryimage"},"thumbnailUrl":"https:\/\/med.estrategia.com\/portal\/wp-content\/uploads\/2025\/01\/iScreen-Shoter-Google-Chrome-250104085141.jpg","datePublished":"2025-01-04T11:53:12+00:00","dateModified":"2025-01-08T20:11:31+00:00","author":{"@id":"https:\/\/med.estrategia.com\/portal\/#\/schema\/person\/67a72aa9c51ed5919796767d808606b4"},"description":"A crosta l\u00e1ctea \u00e9 uma condi\u00e7\u00e3o dermatol\u00f3gica n\u00e3o inflamat\u00f3ria e autolimitada, comumente observada nos primeiros meses de vida.","breadcrumb":{"@id":"https:\/\/med.estrategia.com\/portal\/conteudos-gratis\/doencas\/resumo-de-crosta-lactea-conceito-causas-tratamento-e-mais\/#breadcrumb"},"inLanguage":"pt-BR","potentialAction":[{"@type":"ReadAction","target":["https:\/\/med.estrategia.com\/portal\/conteudos-gratis\/doencas\/resumo-de-crosta-lactea-conceito-causas-tratamento-e-mais\/"]}]},{"@type":"ImageObject","inLanguage":"pt-BR","@id":"https:\/\/med.estrategia.com\/portal\/conteudos-gratis\/doencas\/resumo-de-crosta-lactea-conceito-causas-tratamento-e-mais\/#primaryimage","url":"https:\/\/med.estrategia.com\/portal\/wp-content\/uploads\/2025\/01\/iScreen-Shoter-Google-Chrome-250104085141.jpg","contentUrl":"https:\/\/med.estrategia.com\/portal\/wp-content\/uploads\/2025\/01\/iScreen-Shoter-Google-Chrome-250104085141.jpg","width":1705,"height":703,"caption":"UFMG"},{"@type":"BreadcrumbList","@id":"https:\/\/med.estrategia.com\/portal\/conteudos-gratis\/doencas\/resumo-de-crosta-lactea-conceito-causas-tratamento-e-mais\/#breadcrumb","itemListElement":[{"@type":"ListItem","position":1,"name":"Home","item":"https:\/\/med.estrategia.com\/portal\/"},{"@type":"ListItem","position":2,"name":"Conte\u00fados Gr\u00e1tis","item":"https:\/\/med.estrategia.com\/portal\/conteudos-gratis\/"},{"@type":"ListItem","position":3,"name":"Doen\u00e7as","item":"https:\/\/med.estrategia.com\/portal\/conteudos-gratis\/doencas\/"},{"@type":"ListItem","position":4,"name":"Resumo de Crosta L\u00e1ctea: conceito, causas, tratamento e mais!"}]},{"@type":"WebSite","@id":"https:\/\/med.estrategia.com\/portal\/#website","url":"https:\/\/med.estrategia.com\/portal\/","name":"Estrat\u00e9gia MED","description":"","potentialAction":[{"@type":"SearchAction","target":{"@type":"EntryPoint","urlTemplate":"https:\/\/med.estrategia.com\/portal\/?s={search_term_string}"},"query-input":{"@type":"PropertyValueSpecification","valueRequired":true,"valueName":"search_term_string"}}],"inLanguage":"pt-BR"},{"@type":"Person","@id":"https:\/\/med.estrategia.com\/portal\/#\/schema\/person\/67a72aa9c51ed5919796767d808606b4","name":"Pablo Fernandes","image":{"@type":"ImageObject","inLanguage":"pt-BR","@id":"https:\/\/med.estrategia.com\/portal\/#\/schema\/person\/image\/","url":"https:\/\/med.estrategia.com\/portal\/wp-content\/uploads\/2025\/07\/DSC_0059-1-150x150.jpg","contentUrl":"https:\/\/med.estrategia.com\/portal\/wp-content\/uploads\/2025\/07\/DSC_0059-1-150x150.jpg","caption":"Pablo Fernandes"},"description":"R1 em Medicina de Fam\u00edlia e Comunidade, mineiro e apaixonado por Jesus.","sameAs":["https:\/\/www.instagram.com\/pablowiil\/"],"url":"https:\/\/med.estrategia.com\/portal\/author\/pablo-souza\/"}]}},"_wl_alt_label":[],"wl:entity_url":"\/post\/resumo-de-crosta-lactea-conceito-causas-tratamento-e-mais-79954","_links":{"self":[{"href":"https:\/\/med.estrategia.com\/portal\/wp-json\/wp\/v2\/posts\/79954","targetHints":{"allow":["GET"]}}],"collection":[{"href":"https:\/\/med.estrategia.com\/portal\/wp-json\/wp\/v2\/posts"}],"about":[{"href":"https:\/\/med.estrategia.com\/portal\/wp-json\/wp\/v2\/types\/post"}],"author":[{"embeddable":true,"href":"https:\/\/med.estrategia.com\/portal\/wp-json\/wp\/v2\/users\/46"}],"replies":[{"embeddable":true,"href":"https:\/\/med.estrategia.com\/portal\/wp-json\/wp\/v2\/comments?post=79954"}],"version-history":[{"count":3,"href":"https:\/\/med.estrategia.com\/portal\/wp-json\/wp\/v2\/posts\/79954\/revisions"}],"predecessor-version":[{"id":80182,"href":"https:\/\/med.estrategia.com\/portal\/wp-json\/wp\/v2\/posts\/79954\/revisions\/80182"}],"wp:featuredmedia":[{"embeddable":true,"href":"https:\/\/med.estrategia.com\/portal\/wp-json\/wp\/v2\/media\/79955"}],"wp:attachment":[{"href":"https:\/\/med.estrategia.com\/portal\/wp-json\/wp\/v2\/media?parent=79954"}],"wp:term":[{"taxonomy":"category","embeddable":true,"href":"https:\/\/med.estrategia.com\/portal\/wp-json\/wp\/v2\/categories?post=79954"},{"taxonomy":"post_tag","embeddable":true,"href":"https:\/\/med.estrategia.com\/portal\/wp-json\/wp\/v2\/tags?post=79954"},{"taxonomy":"wl_entity_type","embeddable":true,"href":"https:\/\/med.estrategia.com\/portal\/wp-json\/wp\/v2\/wl_entity_type?post=79954"}],"curies":[{"name":"wp","href":"https:\/\/api.w.org\/{rel}","templated":true}]}}