{"id":80035,"date":"2025-01-08T18:15:48","date_gmt":"2025-01-08T21:15:48","guid":{"rendered":"https:\/\/med.estrategia.com\/portal\/?p=80035"},"modified":"2025-01-08T18:36:57","modified_gmt":"2025-01-08T21:36:57","slug":"ses-mt-2025-confira-a-concorrencia-para-selecao-de-residencia-medica","status":"publish","type":"post","link":"https:\/\/med.estrategia.com\/portal\/noticias\/ses-mt-2025-confira-a-concorrencia-para-selecao-de-residencia-medica\/","title":{"rendered":"SES-MT 2025: confira a concorr\u00eancia para sele\u00e7\u00e3o de Resid\u00eancia M\u00e9dica"},"content":{"rendered":"<p>A <strong>Secretaria de Estado de Sa&uacute;de do Mato Grosso (SES-MT)<\/strong> divulgou nesta ter&ccedil;a-feira (7) o documento com a<strong>&nbsp;quantidade de candidatos inscritos por especialidade ofertada&nbsp;<\/strong>no processo seletivo de resid&ecirc;ncia m&eacute;dica 2025 da pr&oacute;pria institui&ccedil;&atilde;o.<p>Com base no documento oficial, o Estrat&eacute;gia MED trouxe, de maneira exclusiva, a rela&ccedil;&atilde;o candidato\/vaga do seletivo. Continue no texto e saiba mais!<\/p><p>\n\n\n<div id=\"new-form\">\n\t<form id=\"forms_layout\">\n\t<input type=\"hidden\" id=\"chave_de\" name=\"chave_de\" value=\"01_EMED_LEADS_TOTAIS\" \/>\n\t\t<input type=\"hidden\" id=\"mid\" name=\"mid\" value=\"515009018\" \/>\n\t\t<input type=\"hidden\" id=\"Objetivo\" name=\"Objetivo\" value=\"Medicina\" \/>\n\t\t<input type=\"hidden\" id=\"Estado_de_Origem_do_IP\" name=\"Estado_de_Origem_do_IP\"  value=\"\" \/>\n\t\t<input type=\"hidden\" id=\"Cidade_de_Origem_do_IP\" name=\"Cidade_de_Origem_do_IP\" value=\"\" \/>\n\t\t<input type=\"hidden\" id=\"Modo_de_entrada\" name=\"Modo_de_entrada\" value=\"Portal\" \/>\n\t\t<input type=\"hidden\" id=\"Pagina_Origem\" name=\"Pagina_Origem\" value=\"\" \/>\n\n\t\t<div class=\"texto\">\n\t\t\t<div id=\"ez-toc-container\" class=\"ez-toc-v2_0_79_2 counter-hierarchy ez-toc-counter ez-toc-transparent ez-toc-container-direction\">\n<div class=\"ez-toc-title-container\"><p class=\"ez-toc-title\" style=\"cursor:inherit\">Navegue pelo conte\u00fado<\/p>\n<\/div><nav><ul class='ez-toc-list ez-toc-list-level-1 ' ><ul class='ez-toc-list-level-3' ><li class='ez-toc-heading-level-3'><a class=\"ez-toc-link ez-toc-heading-1\" href=\"https:\/\/med.estrategia.com\/portal\/noticias\/ses-mt-2025-confira-a-concorrencia-para-selecao-de-residencia-medica\/#Inscreva-se-em-nossa-newsletter\" >Inscreva-se em nossa newsletter!<\/a><\/li><\/ul><\/li><li class='ez-toc-page-1 ez-toc-heading-level-2'><a class=\"ez-toc-link ez-toc-heading-2\" href=\"https:\/\/med.estrategia.com\/portal\/noticias\/ses-mt-2025-confira-a-concorrencia-para-selecao-de-residencia-medica\/#Concorrencia-SES-MT-2025\" >Concorr&ecirc;ncia SES-MT 2025<\/a><\/li><li class='ez-toc-page-1 ez-toc-heading-level-2'><a class=\"ez-toc-link ez-toc-heading-3\" href=\"https:\/\/med.estrategia.com\/portal\/noticias\/ses-mt-2025-confira-a-concorrencia-para-selecao-de-residencia-medica\/#Processo-seletivo-da-SES-MT-2025\" >Processo seletivo da SES-MT 2025<\/a><ul class='ez-toc-list-level-3' ><li class='ez-toc-heading-level-3'><a class=\"ez-toc-link ez-toc-heading-4\" href=\"https:\/\/med.estrategia.com\/portal\/noticias\/ses-mt-2025-confira-a-concorrencia-para-selecao-de-residencia-medica\/#Prova-Teorica\" >Prova Te&oacute;rica<\/a><\/li><li class='ez-toc-page-1 ez-toc-heading-level-3'><a class=\"ez-toc-link ez-toc-heading-5\" href=\"https:\/\/med.estrategia.com\/portal\/noticias\/ses-mt-2025-confira-a-concorrencia-para-selecao-de-residencia-medica\/#Analise-Curricular\" >An&aacute;lise Curricular<\/a><\/li><\/ul><\/li><\/ul><\/nav><\/div>\n<h3 class=\"news\"><span class=\"ez-toc-section\" id=\"Inscreva-se-em-nossa-newsletter\"><\/span>Inscreva-se em nossa newsletter!<span class=\"ez-toc-section-end\"><\/span><\/h3>\n\t\t\t<p>Receba not\u00edcias sobre resid\u00eancia m\u00e9dica, revalida\u00e7\u00e3o de diplomas e concursos m\u00e9dicos, al\u00e9m de materiais de estudo gratuitos e informa\u00e7\u00f5es relevantes do mundo da Medicina.<\/p>\n\t\t<\/div>\n\t\t<div class=\"campos\">\n\t\t\t<div class=\"first_name labels\">\n\t\t\t\t<input type=\"text\" class=\"input_labels\" id=\"first_name\" name=\"Nome_Completo\" placeholder=\"Nome\" required \/>\n\t\t\t<\/div>\n\t\t\t<div class=\"email labels\">\n\t\t\t\t<input type=\"email\" class=\"input_labels\" id=\"email\" name=\"Email\" placeholder=\"E-mail\" required \/>\n\t\t\t<\/div>\n\t\t\t<button type=\"submit\" class=\"button_layout\">\n\t\t\t\t<div id=\"lblBotao\">Inscreva-se<\/div>\n\t\t\t\t<span id=\"divSpiner\" class=\"loader\" role=\"status\" style=\"display: none;\"><\/span>\t\n\t\t\t<\/button>\n\t\t<\/div><!-- \/campos -->\n\t\t\n\t\t<label class=\"container_checkbox\">Voc\u00ea concorda com a nossa\n\t\t\t<a class=\"politics_privacy_ahref\" target=\"_blank\" href=\"https:\/\/gratis.estrategiaconcursos.com.br\/politica-de-privacidade\/\">Pol\u00edtica de Privacidade<\/a> e aceita receber informa\u00e7\u00f5es adicionais do Estrat\u00e9gia Educacional.\n\t\t\t<input id=\"checkbox_layout\" type=\"checkbox\" checked=\"checked\" required \/>\n\t\t\t<span class=\"checkbox\"><\/span>\n\t\t<\/label>\n\t\t<div id=\"msg\"><\/div>\n\t\t<div id=\"error\" class=\"error\">\n\t\t<\/div>\n\t<\/form>\n<\/div><!-- \/new-form -->\n\n\n\n<\/p><h2 class=\"wp-block-heading\" id=\"h-concorrencia-ses-mt-2025\"><span class=\"ez-toc-section\" id=\"Concorrencia-SES-MT-2025\"><\/span>Concorr&ecirc;ncia SES-MT 2025<span class=\"ez-toc-section-end\"><\/span><\/h2><p>S&atilde;o, ao todo, <strong>172 candidatos<\/strong>&nbsp;inscritos no processo seletivo para&nbsp;<strong>7 vagas ofertadas<\/strong>, o que acarreta em uma<strong>&nbsp;rela&ccedil;&atilde;o geral de 24,57 candidatos por vaga<\/strong>. Agora, confira como ficou a concorr&ecirc;ncia entre as especialidades:<\/p><figure class=\"wp-block-table\"><table><thead><tr><th>PROGRAMA<\/th><th class=\"has-text-align-center\" data-align=\"center\">VAGAS<\/th><th class=\"has-text-align-center\" data-align=\"center\">INSCRITOS<\/th><th class=\"has-text-align-center\" data-align=\"center\">CONCORR&Ecirc;NCIA<\/th><\/tr><\/thead><tbody><tr><td>Cirurgia Geral<\/td><td class=\"has-text-align-center\" data-align=\"center\">1<\/td><td class=\"has-text-align-center\" data-align=\"center\">19<\/td><td class=\"has-text-align-center\" data-align=\"center\">19<\/td><\/tr><tr><td>Ortopedia e Traumatologia<\/td><td class=\"has-text-align-center\" data-align=\"center\">2<\/td><td class=\"has-text-align-center\" data-align=\"center\">37<\/td><td class=\"has-text-align-center\" data-align=\"center\">18,5<\/td><\/tr><tr><td>Pediatria<\/td><td class=\"has-text-align-center\" data-align=\"center\">2<\/td><td class=\"has-text-align-center\" data-align=\"center\">18<\/td><td class=\"has-text-align-center\" data-align=\"center\">9<\/td><\/tr><tr><td>Psiquiatria<\/td><td class=\"has-text-align-center\" data-align=\"center\">2<\/td><td class=\"has-text-align-center\" data-align=\"center\">98<\/td><td class=\"has-text-align-center\" data-align=\"center\">49<\/td><\/tr><\/tbody><\/table><\/figure><div class=\"wp-block-buttons is-content-justification-center is-layout-flex wp-container-core-buttons-is-layout-1 wp-block-buttons-is-layout-flex\">\n<div class=\"wp-block-button\"><a class=\"wp-block-button__link wp-element-button\" href=\"https:\/\/med.estrategia.com\/portal\/wp-content\/uploads\/2025\/01\/jrY4GT8Kwwax7QhzjhHnXJGR68lCkX9NejMgeUXQ.pdf\" target=\"_blank\">confira as inscri&ccedil;&otilde;es deferidas<\/a><\/div>\n<\/div><h2 class=\"wp-block-heading\" id=\"h-processo-seletivo-da-ses-mt-2025\"><span class=\"ez-toc-section\" id=\"Processo-seletivo-da-SES-MT-2025\"><\/span>Processo seletivo da SES-MT 2025<span class=\"ez-toc-section-end\"><\/span><\/h2><p>O seletivo possui tradicionalmente duas fases, sendo que a primeira &eacute; composta de uma&nbsp;<strong>prova te&oacute;rica<\/strong>, de car&aacute;ter eliminat&oacute;rio e classificat&oacute;rio e a segunda &eacute; a&nbsp;<a href=\"https:\/\/med.estrategia.com\/portal\/residencia-medica\/analise-curricular-residencia-medica\/\" target=\"_blank\">an&aacute;lise curricular<\/a>, considerada classificat&oacute;ria. Saiba mais sobre cada uma:<\/p><h3 class=\"wp-block-heading\" id=\"h-prova-teorica\"><span class=\"ez-toc-section\" id=\"Prova-Teorica\"><\/span>Prova Te&oacute;rica<span class=\"ez-toc-section-end\"><\/span><\/h3><p>A<strong>&nbsp;Prova Te&oacute;rica<\/strong>&nbsp;acontecer&aacute; em&nbsp;<strong>2 de fevereiro<\/strong>&nbsp;e ser&aacute; composta de&nbsp;<strong>50 quest&otilde;es<\/strong>, modelo ABCD, com&nbsp;<strong>pontua&ccedil;&atilde;o m&aacute;xima total de 90 pontos.<\/strong>&nbsp;O tempo m&aacute;ximo de realiza&ccedil;&atilde;o foi de&nbsp;<strong>4 horas<\/strong>.<\/p><h3 class=\"wp-block-heading\" id=\"h-analise-curricular\"><span class=\"ez-toc-section\" id=\"Analise-Curricular\"><\/span>An&aacute;lise Curricular<span class=\"ez-toc-section-end\"><\/span><\/h3><p>S&atilde;o&nbsp;<strong>classificados para a segunda fase<\/strong>&nbsp;apenas os candidatos que obt&ecirc;m o&nbsp;<strong>melhor desempenho na prova te&oacute;rica.&nbsp;<\/strong>A&nbsp;<strong>pontua&ccedil;&atilde;o m&aacute;xima da an&aacute;lise curricular &eacute; de 10 pontos,&nbsp;<\/strong>o que corresponde a 10% da pontua&ccedil;&atilde;o do processo seletivo.<\/p><p>Aproveite e confira o artigo exclusivo que preparamos com tudo o que voc&ecirc; precisa saber sobre a SES-MT 2025:<\/p><p class=\"wp-block-verse\">Tudo sobre o processo seletivo: <a href=\"https:\/\/med.estrategia.com\/portal\/residencia-medica\/ses-mt-residencia-medica\/\" target=\"_blank\">Resid&ecirc;ncia Medica SES-MT: inscri&ccedil;&otilde;es, edital, vagas e mais!<\/a><\/p><p class=\"wp-block-verse\">Concorr&ecirc;ncia da &uacute;ltima edi&ccedil;&atilde;o: <a href=\"https:\/\/med.estrategia.com\/portal\/noticias\/ses-mt-2024-confira-a-relacao-candidato-vaga-para-residencia-medica\/\" target=\"_blank\">SES-MT 2024: confira a rela&ccedil;&atilde;o candidato\/vaga do seletivo para resid&ecirc;ncia m&eacute;dica<\/a><\/p><p class=\"wp-block-verse\">Calend&aacute;rio de Provas: <a href=\"https:\/\/med.estrategia.com\/portal\/residencia-medica\/calendario-de-residencia-medica-confira-as-datas-das-proximas-provas\/\" target=\"_blank\">Resid&ecirc;ncia M&eacute;dica 2024\/2025<\/a><\/p><p>Por fim, para n&atilde;o perder nenhuma atualiza&ccedil;&atilde;o no universo da medicina e ficar por dentro dos seletivos de Resid&ecirc;ncia M&eacute;dica, de revalida&ccedil;&atilde;o de diplomas e conte&uacute;dos t&eacute;cnicos, continue acessando o&nbsp;<a href=\"https:\/\/med.estrategia.com\/portal\/\" target=\"_blank\">Portal do Estrat&eacute;gia MED<\/a>!&nbsp;<\/p><p>\n\n\n\n\n\n<a id=\"cta\" class=\"cta-imagem\" href=\"https:\/\/med.estrategia.com\/curso\/banco-de-questes-resumos-estrategicos-anual\/\" target=\"blank\">\n                <img decoding=\"async\" width=\"100%\" src=\"https:\/\/med.estrategia.com\/portal\/wp-content\/uploads\/2025\/08\/banco_questoes.png\" alt=\"banco_questoes\" title=\"banco_questoes\">\n        <\/a>\n<\/p><\/p>\n","protected":false},"excerpt":{"rendered":"A Secretaria de Estado de Sa&uacute;de do Mato Grosso (SES-MT) divulgou nesta ter&ccedil;a-feira (7) o documento com a&nbsp;quantidade&hellip;\n","protected":false},"author":52,"featured_media":62023,"comment_status":"closed","ping_status":"closed","sticky":false,"template":"","format":"standard","meta":{"wl_entities_gutenberg":"","footnotes":""},"categories":[300],"tags":[],"wl_entity_type":[199],"class_list":{"0":"post-80035","1":"post","2":"type-post","3":"status-publish","4":"format-standard","5":"has-post-thumbnail","7":"category-noticias","8":"wl_entity_type-article"},"acf":[],"yoast_head":"<!-- This site is optimized with the Yoast SEO Premium plugin v26.6 (Yoast SEO v26.6) - https:\/\/yoast.com\/wordpress\/plugins\/seo\/ -->\n<title>SES-MT 2025: confira a concorr\u00eancia para sele\u00e7\u00e3o de Resid\u00eancia M\u00e9dica<\/title>\n<meta name=\"description\" content=\"A Secretaria de Estado de Sa\u00fade do Mato Grosso (SES-MT) divulgou nesta ter\u00e7a-feira (7) o documento com a\u00a0quantidade de candidatos inscritos por especialidade ofertada\u00a0no processo seletivo de resid\u00eancia m\u00e9dica 2025 da pr\u00f3pria institui\u00e7\u00e3o.\" \/>\n<meta name=\"robots\" content=\"index, follow, max-snippet:-1, max-image-preview:large, max-video-preview:-1\" \/>\n<link rel=\"canonical\" href=\"https:\/\/med.estrategia.com\/portal\/noticias\/ses-mt-2025-confira-a-concorrencia-para-selecao-de-residencia-medica\/\" \/>\n<meta property=\"og:locale\" content=\"pt_BR\" \/>\n<meta property=\"og:type\" content=\"article\" \/>\n<meta property=\"og:title\" content=\"SES-MT 2025: confira a concorr\u00eancia para sele\u00e7\u00e3o de Resid\u00eancia M\u00e9dica\" \/>\n<meta property=\"og:description\" content=\"A Secretaria de Estado de Sa\u00fade do Mato Grosso (SES-MT) divulgou nesta ter\u00e7a-feira (7) o documento com a\u00a0quantidade de candidatos inscritos por especialidade ofertada\u00a0no processo seletivo de resid\u00eancia m\u00e9dica 2025 da pr\u00f3pria institui\u00e7\u00e3o.\" \/>\n<meta property=\"og:url\" content=\"https:\/\/med.estrategia.com\/portal\/noticias\/ses-mt-2025-confira-a-concorrencia-para-selecao-de-residencia-medica\/\" \/>\n<meta property=\"og:site_name\" content=\"Estrat\u00e9gia MED\" \/>\n<meta property=\"article:publisher\" content=\"https:\/\/www.facebook.com\/estrategiamed1\" \/>\n<meta property=\"article:published_time\" content=\"2025-01-08T21:15:48+00:00\" \/>\n<meta property=\"article:modified_time\" content=\"2025-01-08T21:36:57+00:00\" \/>\n<meta property=\"og:image\" content=\"https:\/\/med.estrategia.com\/portal\/wp-content\/uploads\/2024\/04\/4-22.jpg\" \/>\n\t<meta property=\"og:image:width\" content=\"1920\" \/>\n\t<meta property=\"og:image:height\" content=\"1080\" \/>\n\t<meta property=\"og:image:type\" content=\"image\/jpeg\" \/>\n<meta name=\"author\" content=\"Arion Wolff\" \/>\n<meta name=\"twitter:card\" content=\"summary_large_image\" \/>\n<meta name=\"twitter:creator\" content=\"@estrategiamed_\" \/>\n<meta name=\"twitter:site\" content=\"@estrategiamed_\" \/>\n<meta name=\"twitter:label1\" content=\"Escrito por\" \/>\n\t<meta name=\"twitter:data1\" content=\"Arion Wolff\" \/>\n\t<meta name=\"twitter:label2\" content=\"Est. tempo de leitura\" \/>\n\t<meta name=\"twitter:data2\" content=\"2 minutos\" \/>\n<script type=\"application\/ld+json\" class=\"yoast-schema-graph\">{\"@context\":\"https:\/\/schema.org\",\"@graph\":[{\"@type\":\"WebPage\",\"@id\":\"https:\/\/med.estrategia.com\/portal\/noticias\/ses-mt-2025-confira-a-concorrencia-para-selecao-de-residencia-medica\/\",\"url\":\"https:\/\/med.estrategia.com\/portal\/noticias\/ses-mt-2025-confira-a-concorrencia-para-selecao-de-residencia-medica\/\",\"name\":\"SES-MT 2025: confira a concorr\u00eancia para sele\u00e7\u00e3o de Resid\u00eancia M\u00e9dica\",\"isPartOf\":{\"@id\":\"https:\/\/med.estrategia.com\/portal\/#website\"},\"primaryImageOfPage\":{\"@id\":\"https:\/\/med.estrategia.com\/portal\/noticias\/ses-mt-2025-confira-a-concorrencia-para-selecao-de-residencia-medica\/#primaryimage\"},\"image\":{\"@id\":\"https:\/\/med.estrategia.com\/portal\/noticias\/ses-mt-2025-confira-a-concorrencia-para-selecao-de-residencia-medica\/#primaryimage\"},\"thumbnailUrl\":\"https:\/\/med.estrategia.com\/portal\/wp-content\/uploads\/2024\/04\/4-22.jpg\",\"datePublished\":\"2025-01-08T21:15:48+00:00\",\"dateModified\":\"2025-01-08T21:36:57+00:00\",\"author\":{\"@id\":\"https:\/\/med.estrategia.com\/portal\/#\/schema\/person\/b6aba49604868a427dd15c3b1fc6a8bc\"},\"description\":\"A Secretaria de Estado de Sa\u00fade do Mato Grosso (SES-MT) divulgou nesta ter\u00e7a-feira (7) o documento com a\u00a0quantidade de candidatos inscritos por especialidade ofertada\u00a0no processo seletivo de resid\u00eancia m\u00e9dica 2025 da pr\u00f3pria institui\u00e7\u00e3o.\",\"breadcrumb\":{\"@id\":\"https:\/\/med.estrategia.com\/portal\/noticias\/ses-mt-2025-confira-a-concorrencia-para-selecao-de-residencia-medica\/#breadcrumb\"},\"inLanguage\":\"pt-BR\",\"potentialAction\":[{\"@type\":\"ReadAction\",\"target\":[\"https:\/\/med.estrategia.com\/portal\/noticias\/ses-mt-2025-confira-a-concorrencia-para-selecao-de-residencia-medica\/\"]}]},{\"@type\":\"ImageObject\",\"inLanguage\":\"pt-BR\",\"@id\":\"https:\/\/med.estrategia.com\/portal\/noticias\/ses-mt-2025-confira-a-concorrencia-para-selecao-de-residencia-medica\/#primaryimage\",\"url\":\"https:\/\/med.estrategia.com\/portal\/wp-content\/uploads\/2024\/04\/4-22.jpg\",\"contentUrl\":\"https:\/\/med.estrategia.com\/portal\/wp-content\/uploads\/2024\/04\/4-22.jpg\",\"width\":1920,\"height\":1080,\"caption\":\"Estrat\u00e9gia MED | Foto: Christiano Antonucci\/Secom-MT\"},{\"@type\":\"BreadcrumbList\",\"@id\":\"https:\/\/med.estrategia.com\/portal\/noticias\/ses-mt-2025-confira-a-concorrencia-para-selecao-de-residencia-medica\/#breadcrumb\",\"itemListElement\":[{\"@type\":\"ListItem\",\"position\":1,\"name\":\"Home\",\"item\":\"https:\/\/med.estrategia.com\/portal\/\"},{\"@type\":\"ListItem\",\"position\":2,\"name\":\"Not\u00edcias\",\"item\":\"https:\/\/med.estrategia.com\/portal\/noticias\/\"},{\"@type\":\"ListItem\",\"position\":3,\"name\":\"SES-MT 2025: confira a concorr\u00eancia para sele\u00e7\u00e3o de Resid\u00eancia M\u00e9dica\"}]},{\"@type\":\"WebSite\",\"@id\":\"https:\/\/med.estrategia.com\/portal\/#website\",\"url\":\"https:\/\/med.estrategia.com\/portal\/\",\"name\":\"Estrat\u00e9gia MED\",\"description\":\"\",\"potentialAction\":[{\"@type\":\"SearchAction\",\"target\":{\"@type\":\"EntryPoint\",\"urlTemplate\":\"https:\/\/med.estrategia.com\/portal\/?s={search_term_string}\"},\"query-input\":{\"@type\":\"PropertyValueSpecification\",\"valueRequired\":true,\"valueName\":\"search_term_string\"}}],\"inLanguage\":\"pt-BR\"},{\"@type\":\"Person\",\"@id\":\"https:\/\/med.estrategia.com\/portal\/#\/schema\/person\/b6aba49604868a427dd15c3b1fc6a8bc\",\"name\":\"Arion Wolff\",\"image\":{\"@type\":\"ImageObject\",\"inLanguage\":\"pt-BR\",\"@id\":\"https:\/\/med.estrategia.com\/portal\/#\/schema\/person\/image\/\",\"url\":\"https:\/\/med.estrategia.com\/portal\/wp-content\/uploads\/2023\/12\/arion-wolff-estrategia-med-150x150.jpg\",\"contentUrl\":\"https:\/\/med.estrategia.com\/portal\/wp-content\/uploads\/2023\/12\/arion-wolff-estrategia-med-150x150.jpg\",\"caption\":\"Arion Wolff\"},\"description\":\"Jornalista formado pela UNIFATEC e p\u00f3s-graduado em Jornalismo Digital pela UNINTER. Escrevo sobre medicina, resid\u00eancia m\u00e9dica e sa\u00fade. Entusiasta de filmes, livros, bons dramas e romances gen\u00e9ricos.\",\"sameAs\":[\"http:\/\/med.estrategia.com\"],\"url\":\"https:\/\/med.estrategia.com\/portal\/author\/arion-santos\/\"}]}<\/script>\n<!-- \/ Yoast SEO Premium plugin. -->","yoast_head_json":{"title":"SES-MT 2025: confira a concorr\u00eancia para sele\u00e7\u00e3o de Resid\u00eancia M\u00e9dica","description":"A Secretaria de Estado de Sa\u00fade do Mato Grosso (SES-MT) divulgou nesta ter\u00e7a-feira (7) o documento com a\u00a0quantidade de candidatos inscritos por especialidade ofertada\u00a0no processo seletivo de resid\u00eancia m\u00e9dica 2025 da pr\u00f3pria institui\u00e7\u00e3o.","robots":{"index":"index","follow":"follow","max-snippet":"max-snippet:-1","max-image-preview":"max-image-preview:large","max-video-preview":"max-video-preview:-1"},"canonical":"https:\/\/med.estrategia.com\/portal\/noticias\/ses-mt-2025-confira-a-concorrencia-para-selecao-de-residencia-medica\/","og_locale":"pt_BR","og_type":"article","og_title":"SES-MT 2025: confira a concorr\u00eancia para sele\u00e7\u00e3o de Resid\u00eancia M\u00e9dica","og_description":"A Secretaria de Estado de Sa\u00fade do Mato Grosso (SES-MT) divulgou nesta ter\u00e7a-feira (7) o documento com a\u00a0quantidade de candidatos inscritos por especialidade ofertada\u00a0no processo seletivo de resid\u00eancia m\u00e9dica 2025 da pr\u00f3pria institui\u00e7\u00e3o.","og_url":"https:\/\/med.estrategia.com\/portal\/noticias\/ses-mt-2025-confira-a-concorrencia-para-selecao-de-residencia-medica\/","og_site_name":"Estrat\u00e9gia MED","article_publisher":"https:\/\/www.facebook.com\/estrategiamed1","article_published_time":"2025-01-08T21:15:48+00:00","article_modified_time":"2025-01-08T21:36:57+00:00","og_image":[{"width":1920,"height":1080,"url":"https:\/\/med.estrategia.com\/portal\/wp-content\/uploads\/2024\/04\/4-22.jpg","type":"image\/jpeg"}],"author":"Arion Wolff","twitter_card":"summary_large_image","twitter_creator":"@estrategiamed_","twitter_site":"@estrategiamed_","twitter_misc":{"Escrito por":"Arion Wolff","Est. tempo de leitura":"2 minutos"},"schema":{"@context":"https:\/\/schema.org","@graph":[{"@type":"WebPage","@id":"https:\/\/med.estrategia.com\/portal\/noticias\/ses-mt-2025-confira-a-concorrencia-para-selecao-de-residencia-medica\/","url":"https:\/\/med.estrategia.com\/portal\/noticias\/ses-mt-2025-confira-a-concorrencia-para-selecao-de-residencia-medica\/","name":"SES-MT 2025: confira a concorr\u00eancia para sele\u00e7\u00e3o de Resid\u00eancia M\u00e9dica","isPartOf":{"@id":"https:\/\/med.estrategia.com\/portal\/#website"},"primaryImageOfPage":{"@id":"https:\/\/med.estrategia.com\/portal\/noticias\/ses-mt-2025-confira-a-concorrencia-para-selecao-de-residencia-medica\/#primaryimage"},"image":{"@id":"https:\/\/med.estrategia.com\/portal\/noticias\/ses-mt-2025-confira-a-concorrencia-para-selecao-de-residencia-medica\/#primaryimage"},"thumbnailUrl":"https:\/\/med.estrategia.com\/portal\/wp-content\/uploads\/2024\/04\/4-22.jpg","datePublished":"2025-01-08T21:15:48+00:00","dateModified":"2025-01-08T21:36:57+00:00","author":{"@id":"https:\/\/med.estrategia.com\/portal\/#\/schema\/person\/b6aba49604868a427dd15c3b1fc6a8bc"},"description":"A Secretaria de Estado de Sa\u00fade do Mato Grosso (SES-MT) divulgou nesta ter\u00e7a-feira (7) o documento com a\u00a0quantidade de candidatos inscritos por especialidade ofertada\u00a0no processo seletivo de resid\u00eancia m\u00e9dica 2025 da pr\u00f3pria institui\u00e7\u00e3o.","breadcrumb":{"@id":"https:\/\/med.estrategia.com\/portal\/noticias\/ses-mt-2025-confira-a-concorrencia-para-selecao-de-residencia-medica\/#breadcrumb"},"inLanguage":"pt-BR","potentialAction":[{"@type":"ReadAction","target":["https:\/\/med.estrategia.com\/portal\/noticias\/ses-mt-2025-confira-a-concorrencia-para-selecao-de-residencia-medica\/"]}]},{"@type":"ImageObject","inLanguage":"pt-BR","@id":"https:\/\/med.estrategia.com\/portal\/noticias\/ses-mt-2025-confira-a-concorrencia-para-selecao-de-residencia-medica\/#primaryimage","url":"https:\/\/med.estrategia.com\/portal\/wp-content\/uploads\/2024\/04\/4-22.jpg","contentUrl":"https:\/\/med.estrategia.com\/portal\/wp-content\/uploads\/2024\/04\/4-22.jpg","width":1920,"height":1080,"caption":"Estrat\u00e9gia MED | Foto: Christiano Antonucci\/Secom-MT"},{"@type":"BreadcrumbList","@id":"https:\/\/med.estrategia.com\/portal\/noticias\/ses-mt-2025-confira-a-concorrencia-para-selecao-de-residencia-medica\/#breadcrumb","itemListElement":[{"@type":"ListItem","position":1,"name":"Home","item":"https:\/\/med.estrategia.com\/portal\/"},{"@type":"ListItem","position":2,"name":"Not\u00edcias","item":"https:\/\/med.estrategia.com\/portal\/noticias\/"},{"@type":"ListItem","position":3,"name":"SES-MT 2025: confira a concorr\u00eancia para sele\u00e7\u00e3o de Resid\u00eancia M\u00e9dica"}]},{"@type":"WebSite","@id":"https:\/\/med.estrategia.com\/portal\/#website","url":"https:\/\/med.estrategia.com\/portal\/","name":"Estrat\u00e9gia MED","description":"","potentialAction":[{"@type":"SearchAction","target":{"@type":"EntryPoint","urlTemplate":"https:\/\/med.estrategia.com\/portal\/?s={search_term_string}"},"query-input":{"@type":"PropertyValueSpecification","valueRequired":true,"valueName":"search_term_string"}}],"inLanguage":"pt-BR"},{"@type":"Person","@id":"https:\/\/med.estrategia.com\/portal\/#\/schema\/person\/b6aba49604868a427dd15c3b1fc6a8bc","name":"Arion Wolff","image":{"@type":"ImageObject","inLanguage":"pt-BR","@id":"https:\/\/med.estrategia.com\/portal\/#\/schema\/person\/image\/","url":"https:\/\/med.estrategia.com\/portal\/wp-content\/uploads\/2023\/12\/arion-wolff-estrategia-med-150x150.jpg","contentUrl":"https:\/\/med.estrategia.com\/portal\/wp-content\/uploads\/2023\/12\/arion-wolff-estrategia-med-150x150.jpg","caption":"Arion Wolff"},"description":"Jornalista formado pela UNIFATEC e p\u00f3s-graduado em Jornalismo Digital pela UNINTER. Escrevo sobre medicina, resid\u00eancia m\u00e9dica e sa\u00fade. Entusiasta de filmes, livros, bons dramas e romances gen\u00e9ricos.","sameAs":["http:\/\/med.estrategia.com"],"url":"https:\/\/med.estrategia.com\/portal\/author\/arion-santos\/"}]}},"_wl_alt_label":[],"wl:entity_url":"\/post\/ses-mt-2025-confira-a-concorrencia-para-selecao-de-residencia-medica-80035","_links":{"self":[{"href":"https:\/\/med.estrategia.com\/portal\/wp-json\/wp\/v2\/posts\/80035","targetHints":{"allow":["GET"]}}],"collection":[{"href":"https:\/\/med.estrategia.com\/portal\/wp-json\/wp\/v2\/posts"}],"about":[{"href":"https:\/\/med.estrategia.com\/portal\/wp-json\/wp\/v2\/types\/post"}],"author":[{"embeddable":true,"href":"https:\/\/med.estrategia.com\/portal\/wp-json\/wp\/v2\/users\/52"}],"replies":[{"embeddable":true,"href":"https:\/\/med.estrategia.com\/portal\/wp-json\/wp\/v2\/comments?post=80035"}],"version-history":[{"count":3,"href":"https:\/\/med.estrategia.com\/portal\/wp-json\/wp\/v2\/posts\/80035\/revisions"}],"predecessor-version":[{"id":80242,"href":"https:\/\/med.estrategia.com\/portal\/wp-json\/wp\/v2\/posts\/80035\/revisions\/80242"}],"wp:featuredmedia":[{"embeddable":true,"href":"https:\/\/med.estrategia.com\/portal\/wp-json\/wp\/v2\/media\/62023"}],"wp:attachment":[{"href":"https:\/\/med.estrategia.com\/portal\/wp-json\/wp\/v2\/media?parent=80035"}],"wp:term":[{"taxonomy":"category","embeddable":true,"href":"https:\/\/med.estrategia.com\/portal\/wp-json\/wp\/v2\/categories?post=80035"},{"taxonomy":"post_tag","embeddable":true,"href":"https:\/\/med.estrategia.com\/portal\/wp-json\/wp\/v2\/tags?post=80035"},{"taxonomy":"wl_entity_type","embeddable":true,"href":"https:\/\/med.estrategia.com\/portal\/wp-json\/wp\/v2\/wl_entity_type?post=80035"}],"curies":[{"name":"wp","href":"https:\/\/api.w.org\/{rel}","templated":true}]}}