{"id":80357,"date":"2025-01-10T07:44:07","date_gmt":"2025-01-10T10:44:07","guid":{"rendered":"https:\/\/med.estrategia.com\/portal\/?p=80357"},"modified":"2025-04-17T13:23:09","modified_gmt":"2025-04-17T16:23:09","slug":"portaria-institui-integrantes-do-cai-e-caafm-para-formulacao-das-edicoes-do-revalida-inep-2025","status":"publish","type":"post","link":"https:\/\/med.estrategia.com\/portal\/noticias\/portaria-institui-integrantes-do-cai-e-caafm-para-formulacao-das-edicoes-do-revalida-inep-2025\/","title":{"rendered":"Portaria institui integrantes do CAI e CAAFM para formula\u00e7\u00e3o das edi\u00e7\u00f5es do Revalida INEP 2025"},"content":{"rendered":"<p>O Instituto Nacional de Estudos e Pesquisas Educacionais An&iacute;sio Teixeira (INEP) publicou hoje (10) duas portarias a fim de<strong> designar as novas equipes que ir&atilde;o compor a Comiss&atilde;o de Avalia&ccedil;&atilde;o de Itens (CAI) e a Comiss&atilde;o Assessora de Avalia&ccedil;&atilde;o da Forma&ccedil;&atilde;o M&eacute;dica (CAAFM)<\/strong>. Os membros ficar&atilde;o respons&aacute;veis pela <strong>formula&ccedil;&atilde;o da prova e por prestar suporte para designa&ccedil;&atilde;o na nota de corte<\/strong>, entre outras demandas. Confira os documentos:<div class=\"wp-block-buttons is-content-justification-center is-layout-flex wp-container-core-buttons-is-layout-1 wp-block-buttons-is-layout-flex\">\n<div class=\"wp-block-button\"><a class=\"wp-block-button__link wp-element-button\" href=\"https:\/\/cdn.medblog.estrategiaeducacional.com.br\/wp-content\/uploads\/2025\/01\/PORTARIA-No-16-DE-8-DE-JANEIRO-DE-2025-PORTARIA-No-16-DE-8-DE-JANEIRO-DE-2025-DOU-Imprensa-Nacional.pdf\" target=\"_blank\">Portaria N&ordm; 16, DE 8 DE JANEIRO DE 2025 &ndash; CAAFM<\/a><\/div>\n\n\n\n<div class=\"wp-block-button\"><a class=\"wp-block-button__link wp-element-button\" href=\"https:\/\/cdn.medblog.estrategiaeducacional.com.br\/wp-content\/uploads\/2025\/01\/PORTARIA-No-17-DE-8-DE-JANEIRO-DE-2025-PORTARIA-No-17-DE-8-DE-JANEIRO-DE-2025-DOU-Imprensa-Nacional.pdf\" target=\"_blank\">PORTARIA N&ordm; 17, DE 8 DE JANEIRO DE 2025 &ndash; cai<\/a><\/div>\n<\/div><p>Siga no texto e entenda o que faz cada comiss&atilde;o e quais nomes ficaram designados para cada equipe!<br><\/p><div id=\"ez-toc-container\" class=\"ez-toc-v2_0_79_2 counter-hierarchy ez-toc-counter ez-toc-transparent ez-toc-container-direction\">\n<div class=\"ez-toc-title-container\"><p class=\"ez-toc-title\" style=\"cursor:inherit\">Navegue pelo conte\u00fado<\/p>\n<\/div><nav><ul class='ez-toc-list ez-toc-list-level-1 ' ><li class='ez-toc-page-1 ez-toc-heading-level-2'><a class=\"ez-toc-link ez-toc-heading-1\" href=\"https:\/\/med.estrategia.com\/portal\/noticias\/portaria-institui-integrantes-do-cai-e-caafm-para-formulacao-das-edicoes-do-revalida-inep-2025\/#A-Comissao-de-Avaliacao-de-Itens-CAI\" >A Comiss&atilde;o de Avalia&ccedil;&atilde;o de Itens (CAI)<\/a><ul class='ez-toc-list-level-3' ><li class='ez-toc-heading-level-3'><a class=\"ez-toc-link ez-toc-heading-2\" href=\"https:\/\/med.estrategia.com\/portal\/noticias\/portaria-institui-integrantes-do-cai-e-caafm-para-formulacao-das-edicoes-do-revalida-inep-2025\/#Cirurgia-Geral\" >Cirurgia Geral<\/a><\/li><li class='ez-toc-page-1 ez-toc-heading-level-3'><a class=\"ez-toc-link ez-toc-heading-3\" href=\"https:\/\/med.estrategia.com\/portal\/noticias\/portaria-institui-integrantes-do-cai-e-caafm-para-formulacao-das-edicoes-do-revalida-inep-2025\/#Clinica-Medica\" >Cl&iacute;nica M&eacute;dica<\/a><\/li><li class='ez-toc-page-1 ez-toc-heading-level-3'><a class=\"ez-toc-link ez-toc-heading-4\" href=\"https:\/\/med.estrategia.com\/portal\/noticias\/portaria-institui-integrantes-do-cai-e-caafm-para-formulacao-das-edicoes-do-revalida-inep-2025\/#Ginecologia-e-Obstetricia\" >Ginecologia e Obstetr&iacute;cia<\/a><\/li><li class='ez-toc-page-1 ez-toc-heading-level-3'><a class=\"ez-toc-link ez-toc-heading-5\" href=\"https:\/\/med.estrategia.com\/portal\/noticias\/portaria-institui-integrantes-do-cai-e-caafm-para-formulacao-das-edicoes-do-revalida-inep-2025\/#Medicina-da-Familia-e-Comunidade\" >Medicina da Fam&iacute;lia e Comunidade<\/a><\/li><li class='ez-toc-page-1 ez-toc-heading-level-3'><a class=\"ez-toc-link ez-toc-heading-6\" href=\"https:\/\/med.estrategia.com\/portal\/noticias\/portaria-institui-integrantes-do-cai-e-caafm-para-formulacao-das-edicoes-do-revalida-inep-2025\/#Pediatria\" >Pediatria<\/a><\/li><li class='ez-toc-page-1 ez-toc-heading-level-3'><a class=\"ez-toc-link ez-toc-heading-7\" href=\"https:\/\/med.estrategia.com\/portal\/noticias\/portaria-institui-integrantes-do-cai-e-caafm-para-formulacao-das-edicoes-do-revalida-inep-2025\/#Inscreva-se-em-nossa-newsletter\" >Inscreva-se em nossa newsletter!<\/a><\/li><\/ul><\/li><li class='ez-toc-page-1 ez-toc-heading-level-2'><a class=\"ez-toc-link ez-toc-heading-8\" href=\"https:\/\/med.estrategia.com\/portal\/noticias\/portaria-institui-integrantes-do-cai-e-caafm-para-formulacao-das-edicoes-do-revalida-inep-2025\/#Comissao-Assessora-de-Avaliacao-da-Formacao-Medica-CAAFM\" >Comiss&atilde;o Assessora de Avalia&ccedil;&atilde;o da Forma&ccedil;&atilde;o M&eacute;dica (CAAFM)<\/a><ul class='ez-toc-list-level-3' ><li class='ez-toc-heading-level-3'><a class=\"ez-toc-link ez-toc-heading-9\" href=\"https:\/\/med.estrategia.com\/portal\/noticias\/portaria-institui-integrantes-do-cai-e-caafm-para-formulacao-das-edicoes-do-revalida-inep-2025\/#Cirurgia-Geral-2\" >Cirurgia Geral<\/a><\/li><li class='ez-toc-page-1 ez-toc-heading-level-3'><a class=\"ez-toc-link ez-toc-heading-10\" href=\"https:\/\/med.estrategia.com\/portal\/noticias\/portaria-institui-integrantes-do-cai-e-caafm-para-formulacao-das-edicoes-do-revalida-inep-2025\/#Clinica-Medica-2\" >Cl&iacute;nica M&eacute;dica<\/a><\/li><li class='ez-toc-page-1 ez-toc-heading-level-3'><a class=\"ez-toc-link ez-toc-heading-11\" href=\"https:\/\/med.estrategia.com\/portal\/noticias\/portaria-institui-integrantes-do-cai-e-caafm-para-formulacao-das-edicoes-do-revalida-inep-2025\/#Ginecologia-e-Obstetricia-2\" >Ginecologia e Obstetr&iacute;cia<\/a><\/li><li class='ez-toc-page-1 ez-toc-heading-level-3'><a class=\"ez-toc-link ez-toc-heading-12\" href=\"https:\/\/med.estrategia.com\/portal\/noticias\/portaria-institui-integrantes-do-cai-e-caafm-para-formulacao-das-edicoes-do-revalida-inep-2025\/#Medicina-de-Familia-e-Comunidade\" >Medicina de Fam&iacute;lia e Comunidade<\/a><\/li><li class='ez-toc-page-1 ez-toc-heading-level-3'><a class=\"ez-toc-link ez-toc-heading-13\" href=\"https:\/\/med.estrategia.com\/portal\/noticias\/portaria-institui-integrantes-do-cai-e-caafm-para-formulacao-das-edicoes-do-revalida-inep-2025\/#Pediatria-2\" >Pediatria<\/a><\/li><\/ul><\/li><li class='ez-toc-page-1 ez-toc-heading-level-2'><a class=\"ez-toc-link ez-toc-heading-14\" href=\"https:\/\/med.estrategia.com\/portal\/noticias\/portaria-institui-integrantes-do-cai-e-caafm-para-formulacao-das-edicoes-do-revalida-inep-2025\/#Fases-do-Revalida-Inep\" >Fases do Revalida Inep<\/a><ul class='ez-toc-list-level-3' ><li class='ez-toc-heading-level-3'><a class=\"ez-toc-link ez-toc-heading-15\" href=\"https:\/\/med.estrategia.com\/portal\/noticias\/portaria-institui-integrantes-do-cai-e-caafm-para-formulacao-das-edicoes-do-revalida-inep-2025\/#Estude-para-o-Revalida\" >Estude para o Revalida<\/a><\/li><\/ul><\/li><li class='ez-toc-page-1 ez-toc-heading-level-2'><a class=\"ez-toc-link ez-toc-heading-16\" href=\"https:\/\/med.estrategia.com\/portal\/noticias\/portaria-institui-integrantes-do-cai-e-caafm-para-formulacao-das-edicoes-do-revalida-inep-2025\/#Prepare-se-com-o-Estrategia-MED-para-o-Revalida\" >Prepare-se com o Estrat&eacute;gia MED para o Revalida<\/a><\/li><\/ul><\/nav><\/div>\n<h2 class=\"wp-block-heading\" id=\"h-a-comissao-de-avaliacao-de-itens-cai\"><span class=\"ez-toc-section\" id=\"A-Comissao-de-Avaliacao-de-Itens-CAI\"><\/span>A Comiss&atilde;o de Avalia&ccedil;&atilde;o de Itens (CAI)<span class=\"ez-toc-section-end\"><\/span><\/h2><p>A CAI do Revalida INEP &eacute; formada por um grupo de especialistas e professores de cursos de medicina do Brasil. De acordo com o Inep, a CAI tem como atribui&ccedil;&otilde;es:<\/p><ul class=\"wp-block-list\">\n<li>Aplicar o M&eacute;todo de Angoff modificado;<\/li>\n\n\n\n<li>Participar de todas as fases do processo de an&aacute;lise, de forma individual ou coletiva;<\/li>\n\n\n\n<li>Calcular a m&eacute;dia de acerto por item;<\/li>\n\n\n\n<li>Analisar os itens em rela&ccedil;&atilde;o &agrave; prova, gerando uma m&eacute;dia geral;<\/li>\n\n\n\n<li>Definir a nota de corte de forma coletiva para o exame te&oacute;rico e para o exame de habilidades cl&iacute;nicas; e<\/li>\n\n\n\n<li>Elaborar relat&oacute;rios t&eacute;cnicos sobre os trabalhos desenvolvidos, caso seja solicitado pela Diretoria de Avalia&ccedil;&atilde;o da Educa&ccedil;&atilde;o Superior.<\/li>\n<\/ul><p>Os membros da CAI s&atilde;o nomeados por meio de portaria no Di&aacute;rio Oficial da Uni&atilde;o e a &uacute;ltima nomea&ccedil;&atilde;o ocorreu em 10 de janeiro de 2025. Para definir a equipe, o Inep solicita a indica&ccedil;&atilde;o de m&eacute;dicos &agrave;s Institui&ccedil;&otilde;es de Educa&ccedil;&atilde;o Superior parceiras do Revalida e depois avalia seus curr&iacute;culos&nbsp;<em>lattes&nbsp;<\/em>para fazer a sele&ccedil;&atilde;o e o convite.&nbsp;<\/p><p>Atualmente,&nbsp;39 profissionais fazem parte do CAI. S&atilde;o eles:<\/p><h3 class=\"wp-block-heading\"><span class=\"ez-toc-section\" id=\"Cirurgia-Geral\"><\/span>Cirurgia Geral<span class=\"ez-toc-section-end\"><\/span><\/h3><ul class=\"wp-block-list\">\n<li><a href=\"http:\/\/lattes.cnpq.br\/6452696312101514\" target=\"_blank\">Antonio Carlos de Souza<\/a><\/li>\n\n\n\n<li><a href=\"https:\/\/www.escavador.com\/sobre\/1902387\/marcelo-luiz-brandao-vilela\" target=\"_blank\">Marcelo Luiz Brand&atilde;o Vilela<\/a><\/li>\n\n\n\n<li><a href=\"http:\/\/lattes.cnpq.br\/4243247095734729\" target=\"_blank\">Marcelo Marcondes Stegani<\/a><\/li>\n\n\n\n<li><a href=\"http:\/\/lattes.cnpq.br\/4362297689344074\" target=\"_blank\">Rodrigo Dornfeld Escalante<\/a><\/li>\n\n\n\n<li><a href=\"http:\/\/lattes.cnpq.br\/4694607287235371\" target=\"_blank\">Rosangela Martins de Ara&uacute;jo<\/a><\/li>\n<\/ul><h3 class=\"wp-block-heading\"><span class=\"ez-toc-section\" id=\"Clinica-Medica\"><\/span>Cl&iacute;nica M&eacute;dica<span class=\"ez-toc-section-end\"><\/span><\/h3><ul class=\"wp-block-list\">\n<li>Geilson Lima Santana J&uacute;nior<\/li>\n\n\n\n<li><a href=\"http:\/\/lattes.cnpq.br\/1522799032758280\" target=\"_blank\">Heron Fernando de Sousa Gonzaga<\/a><\/li>\n\n\n\n<li>Let&iacute;cia de Melo<\/li>\n\n\n\n<li><a href=\"http:\/\/lattes.cnpq.br\/8024729417823120\" target=\"_blank\">Luiz Antonio Alves de Lima<\/a><\/li>\n\n\n\n<li><a href=\"http:\/\/lattes.cnpq.br\/2617272725974050\" target=\"_blank\">Margarida C&eacute;lia Lima Costa Neves<\/a><\/li>\n\n\n\n<li><a href=\"http:\/\/lattes.cnpq.br\/6893464548921328\" target=\"_blank\">Maria de F&aacute;tima Paiva Baracho<\/a><\/li>\n\n\n\n<li><a href=\"http:\/\/lattes.cnpq.br\/2272619362132008\" target=\"_blank\">Marina Silva de Lucca<\/a><\/li>\n\n\n\n<li><a href=\"http:\/\/lattes.cnpq.br\/2438435359440307\" target=\"_blank\">Nathalie Oliveira de Santana<\/a><\/li>\n\n\n\n<li><a href=\"http:\/\/lattes.cnpq.br\/9698590890633492\" target=\"_blank\">Sonally Yasnara Sarmento Medeiros Abrantes<\/a><\/li>\n<\/ul><h3 class=\"wp-block-heading\"><span class=\"ez-toc-section\" id=\"Ginecologia-e-Obstetricia\"><\/span>Ginecologia e Obstetr&iacute;cia<span class=\"ez-toc-section-end\"><\/span><\/h3><ul class=\"wp-block-list\">\n<li><a href=\"http:\/\/lattes.cnpq.br\/7220320467226197\" target=\"_blank\">Dem&eacute;trio Ant&ocirc;nio Gon&ccedil;alves da Silva Gomes<\/a><\/li>\n\n\n\n<li><a href=\"http:\/\/lattes.cnpq.br\/9074087572692299\" target=\"_blank\">Francisco Cyro Reis de Campos Prado Filho<\/a><\/li>\n\n\n\n<li><a href=\"http:\/\/lattes.cnpq.br\/8159739499307581\" target=\"_blank\">Josair Cust&oacute;dio de Mesquita<\/a><\/li>\n\n\n\n<li><a href=\"http:\/\/lattes.cnpq.br\/8363820103704030\" target=\"_blank\">Kevia Katiucia Santos Bezerra<\/a><\/li>\n\n\n\n<li><a href=\"http:\/\/lattes.cnpq.br\/8186969204128253\" target=\"_blank\">M&ocirc;nica Gomes de Almeida<\/a><\/li>\n\n\n\n<li><a href=\"http:\/\/lattes.cnpq.br\/2743273745445067\" target=\"_blank\">Raquel Ferreira Ferraz do Lago Doria<\/a><\/li>\n\n\n\n<li><a href=\"http:\/\/lattes.cnpq.br\/2675370175818963\" target=\"_blank\">Renata Lopes Britto<\/a><\/li>\n\n\n\n<li><a href=\"http:\/\/lattes.cnpq.br\/3432469308106122\" target=\"_blank\">Sulani Silva de Souza<\/a><\/li>\n\n\n\n<li><a href=\"http:\/\/lattes.cnpq.br\/6044634844740509\" target=\"_blank\">Vera L&uacute;cia Rodrigues Lobo<\/a><\/li>\n<\/ul><h3 class=\"wp-block-heading\"><span class=\"ez-toc-section\" id=\"Medicina-da-Familia-e-Comunidade\"><\/span>Medicina da Fam&iacute;lia e Comunidade<span class=\"ez-toc-section-end\"><\/span><\/h3><ul class=\"wp-block-list\">\n<li><a href=\"https:\/\/www.escavador.com\/sobre\/3880348\/ana-paula-oliveira-da-silva\" target=\"_blank\">Ana Paula Oliveira da Silva<\/a><\/li>\n\n\n\n<li><a href=\"http:\/\/lattes.cnpq.br\/9887097096421455\" target=\"_blank\">Eliana M&aacute;rcia Sotello Cabrera<\/a><\/li>\n\n\n\n<li><a href=\"http:\/\/lattes.cnpq.br\/8042687654173704\" target=\"_blank\">Gustavo Antonio Raimondi<\/a><\/li>\n\n\n\n<li><a href=\"http:\/\/lattes.cnpq.br\/5872508412937524\" target=\"_blank\">Marilia Faleiro Malaguth Mendon&ccedil;a<\/a><\/li>\n\n\n\n<li><a href=\"http:\/\/lattes.cnpq.br\/4251907601925261\" target=\"_blank\">Melchior Ricardo Machado Meira<\/a><\/li>\n\n\n\n<li><a href=\"http:\/\/lattes.cnpq.br\/1995785733516214\" target=\"_blank\">Paula Christianne Gomes Gouveia Souto Maia<\/a><\/li>\n\n\n\n<li><a href=\"http:\/\/lattes.cnpq.br\/5058560138862540\" target=\"_blank\">Rodolfo Rego Deusdar&aacute; Rodrigues<\/a><\/li>\n\n\n\n<li><a href=\"http:\/\/lattes.cnpq.br\/8010046581953222\" target=\"_blank\">Wilka Emanoely Cunha Castro<\/a><\/li>\n<\/ul><h3 class=\"wp-block-heading\"><span class=\"ez-toc-section\" id=\"Pediatria\"><\/span>Pediatria<span class=\"ez-toc-section-end\"><\/span><\/h3><ul class=\"wp-block-list\">\n<li><a href=\"http:\/\/lattes.cnpq.br\/9384761807286524\" target=\"_blank\">Carlos Eduardo Andrade Pinheiro<\/a><\/li>\n\n\n\n<li><a href=\"http:\/\/lattes.cnpq.br\/4028332249759857\" target=\"_blank\">Cl&aacute;udia Beatriz Oliveira Castro de Medina Coeli<\/a><\/li>\n\n\n\n<li>Felipe Motta<\/li>\n\n\n\n<li><a href=\"http:\/\/lattes.cnpq.br\/3138201233194495\" target=\"_blank\">Luis Fernando Fernandes Adan<\/a><\/li>\n\n\n\n<li><a href=\"http:\/\/lattes.cnpq.br\/9632504577439226\" target=\"_blank\">Maria do Carmo Barros de Melo<\/a><\/li>\n\n\n\n<li><a href=\"http:\/\/lattes.cnpq.br\/8440147955869198\" target=\"_blank\">Ricardo Fernando Arrais<\/a><\/li>\n\n\n\n<li><a href=\"http:\/\/lattes.cnpq.br\/8298909462173286\" target=\"_blank\">Taise da Nobrega Veras de Lima<\/a><\/li>\n\n\n\n<li><a href=\"http:\/\/lattes.cnpq.br\/8193617419644876\" target=\"_blank\">Thaise de Abreu Brasileiro Sarmento<\/a><\/li>\n<\/ul><div class=\"wp-block-buttons is-content-justification-center is-layout-flex wp-container-core-buttons-is-layout-2 wp-block-buttons-is-layout-flex\">\n<div class=\"wp-block-button\"><a class=\"wp-block-button__link wp-element-button\" href=\"https:\/\/med.estrategia.com\/portal\/revalida\/nota-de-corte-revalida-inep-entenda-como-a-nota-minima-e-definida\/\" target=\"_blank\">saiba como &eacute; formulada a nota de corte do revalida<\/a><\/div>\n<\/div><p>\n\n\n<div id=\"new-form\">\n\t<form id=\"forms_layout\">\n\t<input type=\"hidden\" id=\"chave_de\" name=\"chave_de\" value=\"01_EMED_LEADS_TOTAIS\" \/>\n\t\t<input type=\"hidden\" id=\"mid\" name=\"mid\" value=\"515009018\" \/>\n\t\t<input type=\"hidden\" id=\"Objetivo\" name=\"Objetivo\" value=\"Medicina\" \/>\n\t\t<input type=\"hidden\" id=\"Estado_de_Origem_do_IP\" name=\"Estado_de_Origem_do_IP\"  value=\"\" \/>\n\t\t<input type=\"hidden\" id=\"Cidade_de_Origem_do_IP\" name=\"Cidade_de_Origem_do_IP\" value=\"\" \/>\n\t\t<input type=\"hidden\" id=\"Modo_de_entrada\" name=\"Modo_de_entrada\" value=\"Portal\" \/>\n\t\t<input type=\"hidden\" id=\"Pagina_Origem\" name=\"Pagina_Origem\" value=\"\" \/>\n\n\t\t<div class=\"texto\">\n\t\t\t<h3 class=\"news\"><span class=\"ez-toc-section\" id=\"Inscreva-se-em-nossa-newsletter\"><\/span>Inscreva-se em nossa newsletter!<span class=\"ez-toc-section-end\"><\/span><\/h3>\n\t\t\t<p>Receba not\u00edcias sobre resid\u00eancia m\u00e9dica, revalida\u00e7\u00e3o de diplomas e concursos m\u00e9dicos, al\u00e9m de materiais de estudo gratuitos e informa\u00e7\u00f5es relevantes do mundo da Medicina.<\/p>\n\t\t<\/div>\n\t\t<div class=\"campos\">\n\t\t\t<div class=\"first_name labels\">\n\t\t\t\t<input type=\"text\" class=\"input_labels\" id=\"first_name\" name=\"Nome_Completo\" placeholder=\"Nome\" required \/>\n\t\t\t<\/div>\n\t\t\t<div class=\"email labels\">\n\t\t\t\t<input type=\"email\" class=\"input_labels\" id=\"email\" name=\"Email\" placeholder=\"E-mail\" required \/>\n\t\t\t<\/div>\n\t\t\t<button type=\"submit\" class=\"button_layout\">\n\t\t\t\t<div id=\"lblBotao\">Inscreva-se<\/div>\n\t\t\t\t<span id=\"divSpiner\" class=\"loader\" role=\"status\" style=\"display: none;\"><\/span>\t\n\t\t\t<\/button>\n\t\t<\/div><!-- \/campos -->\n\t\t\n\t\t<label class=\"container_checkbox\">Voc\u00ea concorda com a nossa\n\t\t\t<a class=\"politics_privacy_ahref\" target=\"_blank\" href=\"https:\/\/gratis.estrategiaconcursos.com.br\/politica-de-privacidade\/\">Pol\u00edtica de Privacidade<\/a> e aceita receber informa\u00e7\u00f5es adicionais do Estrat\u00e9gia Educacional.\n\t\t\t<input id=\"checkbox_layout\" type=\"checkbox\" checked=\"checked\" required \/>\n\t\t\t<span class=\"checkbox\"><\/span>\n\t\t<\/label>\n\t\t<div id=\"msg\"><\/div>\n\t\t<div id=\"error\" class=\"error\">\n\t\t<\/div>\n\t<\/form>\n<\/div><!-- \/new-form -->\n\n\n\n<\/p><h2 class=\"wp-block-heading\" id=\"h-comissao-assessora-de-avaliacao-da-formacao-medica-caafm\"><span class=\"ez-toc-section\" id=\"Comissao-Assessora-de-Avaliacao-da-Formacao-Medica-CAAFM\"><\/span>Comiss&atilde;o Assessora de Avalia&ccedil;&atilde;o da Forma&ccedil;&atilde;o M&eacute;dica (CAAFM)<span class=\"ez-toc-section-end\"><\/span><\/h2><p>Enquanto o CAI tem como atribui&ccedil;&atilde;o definir a nota de corte com base na prova j&aacute; formulada, a&nbsp;<strong>Comiss&atilde;o Assessora de Avalia&ccedil;&atilde;o da Forma&ccedil;&atilde;o M&eacute;dica (CAAFM)&nbsp;<\/strong>&eacute; a responsavel por&nbsp;<strong>desenvolver os itens que compoem as provas<\/strong>.<\/p><p>Assim como o CAI, os membros da CAAFM tamb&eacute;m s&atilde;o nomeados por meio de portaria no Di&aacute;rio Oficial da Uni&atilde;o.&nbsp;Confira a equipe:<\/p><h3 class=\"wp-block-heading\"><span class=\"ez-toc-section\" id=\"Cirurgia-Geral-2\"><\/span>Cirurgia Geral<span class=\"ez-toc-section-end\"><\/span><\/h3><ul class=\"wp-block-list\">\n<li><a href=\"http:\/\/lattes.cnpq.br\/7584100189971187\" target=\"_blank\">Andrea Pedrosa Ribeiro Alves Oliveira<\/a><\/li>\n\n\n\n<li><a href=\"http:\/\/lattes.cnpq.br\/3988779146538899\" target=\"_blank\">Raquel Kelner Silveira<\/a><\/li>\n\n\n\n<li><a href=\"http:\/\/lattes.cnpq.br\/6542392047098502\" target=\"_blank\">Paulo Luiz Batista Nogueira<\/a><\/li>\n\n\n\n<li><a href=\"http:\/\/lattes.cnpq.br\/5007661107081682\" target=\"_blank\">Ieda Francischetti<\/a><\/li>\n\n\n\n<li>Lucas Oliveira Brito<\/li>\n<\/ul><h3 class=\"wp-block-heading\" id=\"block-1788888d-335b-4cc7-bb25-70f2fe7a0c37\"><span class=\"ez-toc-section\" id=\"Clinica-Medica-2\"><\/span>Cl&iacute;nica M&eacute;dica<span class=\"ez-toc-section-end\"><\/span><\/h3><ul class=\"wp-block-list\">\n<li><a href=\"http:\/\/lattes.cnpq.br\/822105351289319\" target=\"_blank\">&Aacute;lvaro Modesto da Silva Rodrigues Neto<\/a><\/li>\n\n\n\n<li><a href=\"http:\/\/lattes.cnpq.br\/4313420652502650\" target=\"_blank\">Antonio Reis de S&aacute; Junior<\/a><\/li>\n\n\n\n<li><a href=\"http:\/\/lattes.cnpq.br\/2192040830710780\" target=\"_blank\">Ant&ocirc;nio Carlos de Castro Toledo J&uacute;nior<\/a><\/li>\n\n\n\n<li><a href=\"https:\/\/www.escavador.com\/sobre\/9886412\/jane-da-silva#profissional\" target=\"_blank\">Jane da Silva<\/a><\/li>\n\n\n\n<li><a href=\"http:\/\/lattes.cnpq.br\/9067717940183455\" target=\"_blank\">Luiz Alberto Reis Mattos Junior<\/a><\/li>\n\n\n\n<li><a href=\"http:\/\/lattes.cnpq.br\/7433026382308292\" target=\"_blank\">Mario Adriano dos Santos<\/a><\/li>\n\n\n\n<li>Raphaela Mendes Moreira<\/li>\n\n\n\n<li><a href=\"http:\/\/lattes.cnpq.br\/4299195290630935\" target=\"_blank\">Su&ecirc;nia Tavares de Machado Fran&ccedil;a<\/a><\/li>\n<\/ul><h3 class=\"wp-block-heading\" id=\"block-31be2070-5b8a-4a06-8581-bc4213d80f0f\"><span class=\"ez-toc-section\" id=\"Ginecologia-e-Obstetricia-2\"><\/span>Ginecologia e Obstetr&iacute;cia<span class=\"ez-toc-section-end\"><\/span><\/h3><ul class=\"wp-block-list\">\n<li>Beatriz Mokwa dos Santos<\/li>\n\n\n\n<li><a href=\"http:\/\/lattes.cnpq.br\/5346086341819826\" target=\"_blank\">Edison Luiz Almeida Tizzot<\/a><\/li>\n\n\n\n<li><a href=\"http:\/\/lattes.cnpq.br\/3200086928063081\" target=\"_blank\">Eura Martins Lage<\/a><\/li>\n\n\n\n<li><a href=\"http:\/\/lattes.cnpq.br\/3201214049358628\" target=\"_blank\">Fernando Marcos dos Reis<\/a><\/li>\n\n\n\n<li><a href=\"http:\/\/lattes.cnpq.br\/0664002371459007\" target=\"_blank\">Karla Maria Mendes do Amaral<\/a><\/li>\n<\/ul><h3 class=\"wp-block-heading\" id=\"block-5f3be876-93b1-48e2-b0e5-2c04d2522f05\"><span class=\"ez-toc-section\" id=\"Medicina-de-Familia-e-Comunidade\"><\/span>Medicina de Fam&iacute;lia e Comunidade<span class=\"ez-toc-section-end\"><\/span><\/h3><ul class=\"wp-block-list\">\n<li><a href=\"http:\/\/lattes.cnpq.br\/7538313772722429\" target=\"_blank\">Ana Cl&aacute;udia Couto Santos da Silva<\/a><\/li>\n\n\n\n<li><a href=\"https:\/\/www.escavador.com\/sobre\/5524221\/andre-luiz-baiao-campos\" target=\"_blank\">Andr&eacute; Luiz Bai&atilde;o Campos<\/a><\/li>\n\n\n\n<li><a href=\"http:\/\/lattes.cnpq.br\/0693701878610554\" target=\"_blank\">Cristina Rolim Neumann<\/a><\/li>\n\n\n\n<li><a href=\"https:\/\/www.escavador.com\/sobre\/1783699\/debora-fontenelle-dos-santos\" target=\"_blank\">D&eacute;bora Fontenelle dos Santos<\/a><\/li>\n\n\n\n<li><a href=\"https:\/\/buscatextual.cnpq.br\/buscatextual\/visualizacv.do\" target=\"_blank\">Deivisson Vianna Dantas dos Santos<\/a><\/li>\n\n\n\n<li><a href=\"http:\/\/lattes.cnpq.br\/3667197759813675\" target=\"_blank\">Nathan Mendes Souza<\/a><\/li>\n\n\n\n<li><a href=\"http:\/\/lattes.cnpq.br\/8417190478657621\" target=\"_blank\">Nicole Geovana Dias Carneiro<\/a><\/li>\n\n\n\n<li><a href=\"https:\/\/buscatextual.cnpq.br\/buscatextual\/visualizacv.do\" target=\"_blank\">Manoela Alves Salgado<\/a><\/li>\n\n\n\n<li><a href=\"http:\/\/lattes.cnpq.br\/3442898703760672\" target=\"_blank\">Paula Zeni Miessa Lawall<\/a><\/li>\n\n\n\n<li><a href=\"http:\/\/lattes.cnpq.br\/9705115489890200\" target=\"_blank\">Thiago Figueiredo de Castro<\/a><\/li>\n<\/ul><h3 class=\"wp-block-heading\"><span class=\"ez-toc-section\" id=\"Pediatria-2\"><\/span>Pediatria<span class=\"ez-toc-section-end\"><\/span><\/h3><ul class=\"wp-block-list\">\n<li><a href=\"https:\/\/www.escavador.com\/sobre\/2070081\/andre-de-mattos-salles\" target=\"_blank\">Andr&eacute; de Mattos Salles<\/a><\/li>\n\n\n\n<li><a href=\"http:\/\/lattes.cnpq.br\/8314440423895078\" target=\"_blank\">Ang&eacute;lica Maria Bicudo<\/a><\/li>\n\n\n\n<li><a href=\"http:\/\/lattes.cnpq.br\/5382933330350469\" target=\"_blank\">Dusan Kostic<\/a><\/li>\n\n\n\n<li><a href=\"http:\/\/lattes.cnpq.br\/8352108281133069\" target=\"_blank\">Geraldo Magela Fernandes<\/a><\/li>\n\n\n\n<li><a href=\"http:\/\/lattes.cnpq.br\/4482870742031147\" target=\"_blank\">&Eacute;rica Rodrigues Mariano de Almeida Rezende<\/a><\/li>\n\n\n\n<li><a href=\"http:\/\/lattes.cnpq.br\/6747834103237478\" target=\"_blank\">Mauricio Jos&eacute; Lopes Pereima<\/a><\/li>\n\n\n\n<li><a href=\"http:\/\/lattes.cnpq.br\/6088158711223116\" target=\"_blank\">Tiago Artur Lyra Leite<\/a><\/li>\n<\/ul><h2 class=\"wp-block-heading\" id=\"h-fases-do-revalida-inep\"><span class=\"ez-toc-section\" id=\"Fases-do-Revalida-Inep\"><\/span>Fases do Revalida Inep<span class=\"ez-toc-section-end\"><\/span><\/h2><p>A <strong>1&ordf; etapa do Revalida<\/strong> &eacute; dividida entre a prova objetiva (P1), composta de 100 quest&otilde;es de m&uacute;ltipla escolha &ndash; valendo 1 ponto cada uma &ndash; e entre a prova discursiva (P2), composta por 5 quest&otilde;es discursivas &ndash; valendo 10 pontos cada. Dessa forma, a nota total m&aacute;xima da 1&ordf; fase &eacute; de 150 pontos.<\/p><p>J&aacute; a <strong>2&ordf; etapa do Revalida <\/strong>&eacute; constitu&iacute;da por uma prova de habilidades cl&iacute;nicas composta por dez esta&ccedil;&otilde;es, divididas pelas cinco grandes &aacute;reas da medicina:<\/p><ul class=\"wp-block-list\">\n<li>Cl&iacute;nica M&eacute;dica;<\/li>\n\n\n\n<li>Cirurgia;<\/li>\n\n\n\n<li>Ginecologia e Obstetr&iacute;cia;<\/li>\n\n\n\n<li>Pediatria; e<\/li>\n\n\n\n<li>Medicina da Fam&iacute;lia e Comunidade.<\/li>\n<\/ul><p>Em cada esta&ccedil;&atilde;o, os candidatos s&atilde;o pontuados em at&eacute; 10 pontos, totalizando 100 pontos m&aacute;ximos.&nbsp;<\/p><p>\n\n\n\n<div class=\"estrategia-catalog\"><h3><span class=\"ez-toc-section\" id=\"Estude-para-o-Revalida\"><\/span>Estude para o Revalida<span class=\"ez-toc-section-end\"><\/span><\/h3><div class=\"carrossel-product\"><div><h4><strong>Curso Revalida Exclusive - 12 meses<\/strong><\/h4><div class=\"cat-description\">Produzido por professores especialistas, o Curso Revalida Exclusive (12 meses) \u00e9 a ferramenta que transformar\u00e1 sua revalida\u00e7\u00e3o m\u00e9dica no Brasil em realidade. Com conte\u00fado completo e atualizado, esse curso conta com livros digitais feitos com foco no Revalida, slides, aulas em v\u00eddeo, acesso ao Banco de Quest\u00f5es do Revalida do Estrat\u00e9gia MED (BQMED), e muito mais!<\/div><div class=\"cat-price\"><span>12x<\/span> R$ 833,08<\/div><div class=\"cat-sale\">No Cart\u00e3o de Cr\u00e9dito ou 10% de desconto no Boleto ou Pix \u00e0 vista: R$ 8.997,30<\/div><br><a href=\"https:\/\/med.estrategia.com\/curso\/curso-revalida-exclusive-12-meses\/?utm_source=portal&amp;utm_medium=post&amp;utm_campaign=emed-x-vd-seo-portal-v-catalogo\" class=\"estrategia-button\" target=\"_blank\">Saiba mais<\/a><\/div><div><h4><strong>Curso Revalida Exclusive - 06 meses<\/strong><\/h4><div class=\"cat-description\">Produzido por professores especialistas, o Curso Revalida Exclusive (6 meses) \u00e9 a ferramenta que transformar\u00e1 sua revalida\u00e7\u00e3o m\u00e9dica no Brasil em realidade. Com conte\u00fado completo e atualizado, esse curso conta com livros digitais feitos com foco no Revalida, slides, aulas em v\u00eddeo, acesso ao Banco de Quest\u00f5es do Revalida do Estrat\u00e9gia MED (BQMED), e muito mais!<\/div><div class=\"cat-price\"><span>12x<\/span> R$ 541,41<\/div><div class=\"cat-sale\">No Cart\u00e3o de Cr\u00e9dito ou 10% de desconto no Boleto ou Pix \u00e0 vista: R$ 5.847,30<\/div><br><a href=\"https:\/\/med.estrategia.com\/curso\/curso-revalida-exclusive-6-meses\/?utm_source=portal&amp;utm_medium=post&amp;utm_campaign=emed-x-vd-seo-portal-v-catalogo\" class=\"estrategia-button\" target=\"_blank\">Saiba mais<\/a><\/div><div><h4><strong>Curso Revalida Exclusive - 18 meses<\/strong><\/h4><div class=\"cat-description\">Produzido por professores especialistas, o Curso Revalida Exclusive \u00e9 a ferramenta que transformar\u00e1 sua revalida\u00e7\u00e3o m\u00e9dica no Brasil em realidade. Com conte\u00fado completo e atualizado, esse curso conta com livros digitais feitos com foco no Revalida, slides, aulas em v\u00eddeo, acesso ao Banco de Quest\u00f5es do Revalida do Estrat\u00e9gia MED (BQMED), e muito mais!<\/div><div class=\"cat-price\"><span>12x<\/span> R$ 1.099,75<\/div><div class=\"cat-sale\">No Cart\u00e3o de Cr\u00e9dito ou 10% de desconto no Boleto ou Pix \u00e0 vista: R$ 11.877,30<\/div><br><a href=\"https:\/\/med.estrategia.com\/curso\/curso-revalida-exclusive-18-meses\/?utm_source=portal&amp;utm_medium=post&amp;utm_campaign=emed-x-vd-seo-portal-v-catalogo\" class=\"estrategia-button\" target=\"_blank\">Saiba mais<\/a><\/div><div><h4><strong>Curso Revalida Exclusive - 24 meses<\/strong><\/h4><div class=\"cat-description\">Produzido por professores especialistas, o Curso Revalida Exclusive \u00e9 a ferramenta que transformar\u00e1 sua revalida\u00e7\u00e3o m\u00e9dica no Brasil em realidade. Com conte\u00fado completo e atualizado, esse curso conta com livros digitais feitos com foco no Revalida, slides, aulas em v\u00eddeo, acesso ao Banco de Quest\u00f5es do Revalida do Estrat\u00e9gia MED (BQMED), e muito mais!<\/div><div class=\"cat-price\"><span>12x<\/span> R$ 1.374,75<\/div><div class=\"cat-sale\">No Cart\u00e3o de Cr\u00e9dito ou 10% de desconto no Boleto ou Pix \u00e0 vista: R$ 14.847,30<\/div><br><a href=\"https:\/\/med.estrategia.com\/curso\/curso-revalida-exclusive-24-meses\/?utm_source=portal&amp;utm_medium=post&amp;utm_campaign=emed-x-vd-seo-portal-v-catalogo\" class=\"estrategia-button\" target=\"_blank\">Saiba mais<\/a><\/div><div><h4><strong>Curso Revalida Exclusive - 30 meses<\/strong><\/h4><div class=\"cat-description\">Produzido por professores especialistas, o Curso Revalida Exclusive \u00e9 a ferramenta que transformar\u00e1 sua revalida\u00e7\u00e3o m\u00e9dica no Brasil em realidade. Com conte\u00fado completo e atualizado, esse curso conta com livros digitais feitos com foco no Revalida, slides, aulas em v\u00eddeo, acesso ao Banco de Quest\u00f5es do Revalida do Estrat\u00e9gia MED (BQMED), e muito mais!<\/div><div class=\"cat-price\"><span>12x<\/span> R$ 1.791,41<\/div><div class=\"cat-sale\">No Cart\u00e3o de Cr\u00e9dito ou 10% de desconto no Boleto ou Pix \u00e0 vista: R$ 19.347,30<\/div><br><a href=\"https:\/\/med.estrategia.com\/curso\/curso-revalida-exclusive-30-meses\/?utm_source=portal&amp;utm_medium=post&amp;utm_campaign=emed-x-vd-seo-portal-v-catalogo\" class=\"estrategia-button\" target=\"_blank\">Saiba mais<\/a><\/div><div><h4><strong>Curso Revalida Exclusive - 36 meses<\/strong><\/h4><div class=\"cat-description\">Produzido por professores especialistas, o Curso Revalida Exclusive \u00e9 a ferramenta que transformar\u00e1 sua revalida\u00e7\u00e3o m\u00e9dica no Brasil em realidade. Com conte\u00fado completo e atualizado, esse curso conta com livros digitais feitos com foco no Revalida, slides, aulas em v\u00eddeo, acesso ao Banco de Quest\u00f5es do Revalida do Estrat\u00e9gia MED (BQMED), e muito mais!<\/div><div class=\"cat-price\"><span>12x<\/span> R$ 1.916,41<\/div><div class=\"cat-sale\">No Cart\u00e3o de Cr\u00e9dito ou 10% de desconto no Boleto ou Pix \u00e0 vista: R$ 20.697,30<\/div><br><a href=\"https:\/\/med.estrategia.com\/curso\/curso-revalida-exclusive-36-meses\/?utm_source=portal&amp;utm_medium=post&amp;utm_campaign=emed-x-vd-seo-portal-v-catalogo\" class=\"estrategia-button\" target=\"_blank\">Saiba mais<\/a><\/div><div><h4><strong>Mentoria Pr\u00e9-Edital Revalida + Curso Revalida Exclusive (6 meses)<\/strong><\/h4><div class=\"cat-description\">A Mentoria Pr\u00e9-Edital Revalida \u00e9 um acompanhamento profissional de estudo e inclui o planejamento, organiza\u00e7\u00e3o, metas, monitoramento e comunica\u00e7\u00e3o com mentores.<\/div><div class=\"cat-price\"><span>12x<\/span> R$ 859,31<\/div><div class=\"cat-sale\">No Cart\u00e3o de Cr\u00e9dito ou 10% de desconto no Boleto ou Pix \u00e0 vista: R$ 9.280,62<\/div><br><a href=\"https:\/\/med.estrategia.com\/curso\/mentoria-pre-edital-revalida-curso-revalida-exclusive-6-meses\/?utm_source=portal&amp;utm_medium=post&amp;utm_campaign=emed-x-vd-seo-portal-v-catalogo\" class=\"estrategia-button\" target=\"_blank\">Saiba mais<\/a><\/div><div><h4><strong>Mentoria Pr\u00e9-Edital Revalida + Curso Revalida Exclusive (12 meses)<\/strong><\/h4><div class=\"cat-description\">A Mentoria Pr\u00e9-Edital Revalida \u00e9 um acompanhamento profissional de estudo e inclui o planejamento, organiza\u00e7\u00e3o, metas, monitoramento e comunica\u00e7\u00e3o com mentores.<\/div><div class=\"cat-price\"><span>12x<\/span> R$ 1.309,75<\/div><div class=\"cat-sale\">No Cart\u00e3o de Cr\u00e9dito ou 10% de desconto no Boleto ou Pix \u00e0 vista: R$ 14.145,30<\/div><br><a href=\"https:\/\/med.estrategia.com\/curso\/mentoria-pre-edital-revalida-curso-revalida-exclusive-12-meses\/?utm_source=portal&amp;utm_medium=post&amp;utm_campaign=emed-x-vd-seo-portal-v-catalogo\" class=\"estrategia-button\" target=\"_blank\">Saiba mais<\/a><\/div><div><h4><strong>Flashcards + Mapas Mentais<\/strong><\/h4><div class=\"cat-description\">Acelere sua aprova\u00e7\u00e3o na resid\u00eancia m\u00e9dica com os melhores e mais completos mapas mentais e flashcards. Revise de forma inteligente e aprenda mais em menos tempo.<\/div><div class=\"cat-price\"><span>12x<\/span> R$ 88,95<\/div><div class=\"cat-sale\">No Cart\u00e3o de Cr\u00e9dito ou 10% de desconto no Boleto ou Pix \u00e0 vista: R$ 1.067,43<\/div><br><a href=\"https:\/\/med.estrategia.com\/curso\/flashcards-mapas-mentais\/?utm_source=portal&amp;utm_medium=post&amp;utm_campaign=emed-x-vd-seo-portal-v-catalogo\" class=\"estrategia-button\" target=\"_blank\">Saiba mais<\/a><\/div><div><h4><strong>Curso Prova Pr\u00e1tica Presencial Revalida 2025.2<\/strong><\/h4><div class=\"cat-description\">Perca o medo da prova pr\u00e1tica com quem entende do jogo.\n\nTreine ao lado de professores e monitores que dominam as exig\u00eancias da banca INEP, em um ambiente totalmente simulado e com feedbacks individuais que v\u00e3o te mostrar exatamente o que melhorar.\n\nAten\u00e7\u00e3o:\nEste \u00e9 um curso presencial, que acontecer\u00e1 na Universidade Anhanguera - Vila Mariana entre os dias 08, 09 e 10 de Maio.\n\nN\u00e3o confunda com o Curso Prova Pr\u00e1tica Online.<\/div><div class=\"cat-price\"><span>12x<\/span> R$ 583,33<\/div><div class=\"cat-sale\">No Cart\u00e3o de Cr\u00e9dito ou 10% de desconto no Boleto ou Pix \u00e0 vista: R$ 7.000,00<\/div><div class=\"cat-promo\">Promo\u00e7\u00e3o v\u00e1lida at\u00e9: 31\/12\/2026<\/div><br><a href=\"https:\/\/med.estrategia.com\/curso\/curso-prova-pratica-presencial-revalida-20252\/?utm_source=portal&amp;utm_medium=post&amp;utm_campaign=emed-x-vd-seo-portal-v-catalogo\" class=\"estrategia-button\" target=\"_blank\">Saiba mais<\/a><\/div><\/div><\/div>\n\n\n\n<\/p><h2 class=\"wp-block-heading\" id=\"h-prepare-se-com-o-estrategia-med-para-o-revalida\"><span class=\"ez-toc-section\" id=\"Prepare-se-com-o-Estrategia-MED-para-o-Revalida\"><\/span>Prepare-se com o Estrat&eacute;gia MED para o Revalida <span class=\"ez-toc-section-end\"><\/span><\/h2><p>Para mandar bem nas etapas do Revalida e conquistar a revalida&ccedil;&atilde;o do seu diploma, aproveite o curso exclusivo, preparado especialmente pelos time de professores especialistas do Estrat&eacute;gia MED, com conte&uacute;do direcionado e otimizado para a banca.<\/p><p>Se voc&ecirc; quer ficar por dentro de mais conte&uacute;dos relevantes sobre a &aacute;rea m&eacute;dica, continue acompanhando o material preparado pelo <a href=\"https:\/\/med.estrategia.com\/portal\/\" target=\"_blank\">Portal de Not&iacute;cias do Estrat&eacute;gia MED<\/a>. Aqui, voc&ecirc; encontrar&aacute; informa&ccedil;&otilde;es atualizadas sobre resid&ecirc;ncias, carreira m&eacute;dica e muito mais.<\/p><p><strong><a id=\"cta\" class=\"cta-imagem\" href=\"https:\/\/med.estrategia.com\/cursos\/revalida-exclusive\/\" target=\"blank\">\n                <img decoding=\"async\" width=\"100%\" src=\"https:\/\/med.estrategia.com\/portal\/wp-content\/uploads\/2025\/08\/revalida_exclusive.jpg\" alt=\"revalida_exclusive\" title=\"revalida_exclusive\">\n        <\/a><\/strong><\/p><\/p>\n","protected":false},"excerpt":{"rendered":"Os nomes designados exercer\u00e3o suas atividades relativas ao Revalida 2025 e \u00e0s edi\u00e7\u00f5es posteriores\n","protected":false},"author":22,"featured_media":85454,"comment_status":"closed","ping_status":"closed","sticky":false,"template":"","format":"standard","meta":{"wl_entities_gutenberg":"","footnotes":""},"categories":[300],"tags":[],"wl_entity_type":[199],"class_list":{"0":"post-80357","1":"post","2":"type-post","3":"status-publish","4":"format-standard","5":"has-post-thumbnail","7":"category-noticias","8":"wl_entity_type-article"},"acf":[],"yoast_head":"<!-- This site is optimized with the Yoast SEO Premium plugin v26.6 (Yoast SEO v26.6) - https:\/\/yoast.com\/wordpress\/plugins\/seo\/ -->\n<title>Portaria institui integrantes do CAI e CAAFM para formula\u00e7\u00e3o das edi\u00e7\u00f5es do Revalida INEP 2025<\/title>\n<meta name=\"description\" content=\"INEP divulga portarias com integrantes do CAI e CAAFM para formula\u00e7\u00e3o das edi\u00e7\u00f5es do Revalida 2025 e demais edi\u00e7\u00f5es. Confira os nomes!\" \/>\n<meta name=\"robots\" content=\"index, follow, max-snippet:-1, max-image-preview:large, max-video-preview:-1\" \/>\n<link rel=\"canonical\" href=\"https:\/\/med.estrategia.com\/portal\/noticias\/portaria-institui-integrantes-do-cai-e-caafm-para-formulacao-das-edicoes-do-revalida-inep-2025\/\" \/>\n<meta property=\"og:locale\" content=\"pt_BR\" \/>\n<meta property=\"og:type\" content=\"article\" \/>\n<meta property=\"og:title\" content=\"Portaria institui integrantes do CAI e CAAFM para formula\u00e7\u00e3o das edi\u00e7\u00f5es do Revalida INEP 2025\" \/>\n<meta property=\"og:description\" content=\"INEP divulga portarias com integrantes do CAI e CAAFM para formula\u00e7\u00e3o das edi\u00e7\u00f5es do Revalida 2025 e demais edi\u00e7\u00f5es. Confira os nomes!\" \/>\n<meta property=\"og:url\" content=\"https:\/\/med.estrategia.com\/portal\/noticias\/portaria-institui-integrantes-do-cai-e-caafm-para-formulacao-das-edicoes-do-revalida-inep-2025\/\" \/>\n<meta property=\"og:site_name\" content=\"Estrat\u00e9gia MED\" \/>\n<meta property=\"article:publisher\" content=\"https:\/\/www.facebook.com\/estrategiamed1\" \/>\n<meta property=\"article:published_time\" content=\"2025-01-10T10:44:07+00:00\" \/>\n<meta property=\"article:modified_time\" content=\"2025-04-17T16:23:09+00:00\" \/>\n<meta property=\"og:image\" content=\"https:\/\/med.estrategia.com\/portal\/wp-content\/uploads\/2025\/04\/revalida-inep-atualizacao.jpg\" \/>\n\t<meta property=\"og:image:width\" content=\"1920\" \/>\n\t<meta property=\"og:image:height\" content=\"1080\" \/>\n\t<meta property=\"og:image:type\" content=\"image\/jpeg\" \/>\n<meta name=\"author\" content=\"Erika Coelho\" \/>\n<meta name=\"twitter:card\" content=\"summary_large_image\" \/>\n<meta name=\"twitter:creator\" content=\"@estrategiamed_\" \/>\n<meta name=\"twitter:site\" content=\"@estrategiamed_\" \/>\n<meta name=\"twitter:label1\" content=\"Escrito por\" \/>\n\t<meta name=\"twitter:data1\" content=\"Erika Coelho\" \/>\n\t<meta name=\"twitter:label2\" content=\"Est. tempo de leitura\" \/>\n\t<meta name=\"twitter:data2\" content=\"5 minutos\" \/>\n<script type=\"application\/ld+json\" class=\"yoast-schema-graph\">{\"@context\":\"https:\/\/schema.org\",\"@graph\":[{\"@type\":\"WebPage\",\"@id\":\"https:\/\/med.estrategia.com\/portal\/noticias\/portaria-institui-integrantes-do-cai-e-caafm-para-formulacao-das-edicoes-do-revalida-inep-2025\/\",\"url\":\"https:\/\/med.estrategia.com\/portal\/noticias\/portaria-institui-integrantes-do-cai-e-caafm-para-formulacao-das-edicoes-do-revalida-inep-2025\/\",\"name\":\"Portaria institui integrantes do CAI e CAAFM para formula\u00e7\u00e3o das edi\u00e7\u00f5es do Revalida INEP 2025\",\"isPartOf\":{\"@id\":\"https:\/\/med.estrategia.com\/portal\/#website\"},\"primaryImageOfPage\":{\"@id\":\"https:\/\/med.estrategia.com\/portal\/noticias\/portaria-institui-integrantes-do-cai-e-caafm-para-formulacao-das-edicoes-do-revalida-inep-2025\/#primaryimage\"},\"image\":{\"@id\":\"https:\/\/med.estrategia.com\/portal\/noticias\/portaria-institui-integrantes-do-cai-e-caafm-para-formulacao-das-edicoes-do-revalida-inep-2025\/#primaryimage\"},\"thumbnailUrl\":\"https:\/\/med.estrategia.com\/portal\/wp-content\/uploads\/2025\/04\/revalida-inep-atualizacao.jpg\",\"datePublished\":\"2025-01-10T10:44:07+00:00\",\"dateModified\":\"2025-04-17T16:23:09+00:00\",\"author\":{\"@id\":\"https:\/\/med.estrategia.com\/portal\/#\/schema\/person\/8e7c9b2f53f2eede3b8880ad86ff20a3\"},\"description\":\"INEP divulga portarias com integrantes do CAI e CAAFM para formula\u00e7\u00e3o das edi\u00e7\u00f5es do Revalida 2025 e demais edi\u00e7\u00f5es. Confira os nomes!\",\"breadcrumb\":{\"@id\":\"https:\/\/med.estrategia.com\/portal\/noticias\/portaria-institui-integrantes-do-cai-e-caafm-para-formulacao-das-edicoes-do-revalida-inep-2025\/#breadcrumb\"},\"inLanguage\":\"pt-BR\",\"potentialAction\":[{\"@type\":\"ReadAction\",\"target\":[\"https:\/\/med.estrategia.com\/portal\/noticias\/portaria-institui-integrantes-do-cai-e-caafm-para-formulacao-das-edicoes-do-revalida-inep-2025\/\"]}]},{\"@type\":\"ImageObject\",\"inLanguage\":\"pt-BR\",\"@id\":\"https:\/\/med.estrategia.com\/portal\/noticias\/portaria-institui-integrantes-do-cai-e-caafm-para-formulacao-das-edicoes-do-revalida-inep-2025\/#primaryimage\",\"url\":\"https:\/\/med.estrategia.com\/portal\/wp-content\/uploads\/2025\/04\/revalida-inep-atualizacao.jpg\",\"contentUrl\":\"https:\/\/med.estrategia.com\/portal\/wp-content\/uploads\/2025\/04\/revalida-inep-atualizacao.jpg\",\"width\":1920,\"height\":1080,\"caption\":\"Foto: Marcelo Camargo\/Ag\u00eancia Brasil\"},{\"@type\":\"BreadcrumbList\",\"@id\":\"https:\/\/med.estrategia.com\/portal\/noticias\/portaria-institui-integrantes-do-cai-e-caafm-para-formulacao-das-edicoes-do-revalida-inep-2025\/#breadcrumb\",\"itemListElement\":[{\"@type\":\"ListItem\",\"position\":1,\"name\":\"Home\",\"item\":\"https:\/\/med.estrategia.com\/portal\/\"},{\"@type\":\"ListItem\",\"position\":2,\"name\":\"Not\u00edcias\",\"item\":\"https:\/\/med.estrategia.com\/portal\/noticias\/\"},{\"@type\":\"ListItem\",\"position\":3,\"name\":\"Portaria institui integrantes do CAI e CAAFM para formula\u00e7\u00e3o das edi\u00e7\u00f5es do Revalida INEP 2025\"}]},{\"@type\":\"WebSite\",\"@id\":\"https:\/\/med.estrategia.com\/portal\/#website\",\"url\":\"https:\/\/med.estrategia.com\/portal\/\",\"name\":\"Estrat\u00e9gia MED\",\"description\":\"\",\"potentialAction\":[{\"@type\":\"SearchAction\",\"target\":{\"@type\":\"EntryPoint\",\"urlTemplate\":\"https:\/\/med.estrategia.com\/portal\/?s={search_term_string}\"},\"query-input\":{\"@type\":\"PropertyValueSpecification\",\"valueRequired\":true,\"valueName\":\"search_term_string\"}}],\"inLanguage\":\"pt-BR\"},{\"@type\":\"Person\",\"@id\":\"https:\/\/med.estrategia.com\/portal\/#\/schema\/person\/8e7c9b2f53f2eede3b8880ad86ff20a3\",\"name\":\"Erika Coelho\",\"image\":{\"@type\":\"ImageObject\",\"inLanguage\":\"pt-BR\",\"@id\":\"https:\/\/med.estrategia.com\/portal\/#\/schema\/person\/image\/\",\"url\":\"https:\/\/secure.gravatar.com\/avatar\/8ef9ff2e2fa53829c640cca8d1a45178?s=96&d=mm&r=g\",\"contentUrl\":\"https:\/\/secure.gravatar.com\/avatar\/8ef9ff2e2fa53829c640cca8d1a45178?s=96&d=mm&r=g\",\"caption\":\"Erika Coelho\"},\"description\":\"Jornalista pela Universidade Presbiteriana Mackenzie, escrevo sobre educa\u00e7\u00e3o, sa\u00fade e pol\u00edticas p\u00fablicas\",\"url\":\"https:\/\/med.estrategia.com\/portal\/author\/erika\/\"}]}<\/script>\n<!-- \/ Yoast SEO Premium plugin. -->","yoast_head_json":{"title":"Portaria institui integrantes do CAI e CAAFM para formula\u00e7\u00e3o das edi\u00e7\u00f5es do Revalida INEP 2025","description":"INEP divulga portarias com integrantes do CAI e CAAFM para formula\u00e7\u00e3o das edi\u00e7\u00f5es do Revalida 2025 e demais edi\u00e7\u00f5es. Confira os nomes!","robots":{"index":"index","follow":"follow","max-snippet":"max-snippet:-1","max-image-preview":"max-image-preview:large","max-video-preview":"max-video-preview:-1"},"canonical":"https:\/\/med.estrategia.com\/portal\/noticias\/portaria-institui-integrantes-do-cai-e-caafm-para-formulacao-das-edicoes-do-revalida-inep-2025\/","og_locale":"pt_BR","og_type":"article","og_title":"Portaria institui integrantes do CAI e CAAFM para formula\u00e7\u00e3o das edi\u00e7\u00f5es do Revalida INEP 2025","og_description":"INEP divulga portarias com integrantes do CAI e CAAFM para formula\u00e7\u00e3o das edi\u00e7\u00f5es do Revalida 2025 e demais edi\u00e7\u00f5es. Confira os nomes!","og_url":"https:\/\/med.estrategia.com\/portal\/noticias\/portaria-institui-integrantes-do-cai-e-caafm-para-formulacao-das-edicoes-do-revalida-inep-2025\/","og_site_name":"Estrat\u00e9gia MED","article_publisher":"https:\/\/www.facebook.com\/estrategiamed1","article_published_time":"2025-01-10T10:44:07+00:00","article_modified_time":"2025-04-17T16:23:09+00:00","og_image":[{"width":1920,"height":1080,"url":"https:\/\/med.estrategia.com\/portal\/wp-content\/uploads\/2025\/04\/revalida-inep-atualizacao.jpg","type":"image\/jpeg"}],"author":"Erika Coelho","twitter_card":"summary_large_image","twitter_creator":"@estrategiamed_","twitter_site":"@estrategiamed_","twitter_misc":{"Escrito por":"Erika Coelho","Est. tempo de leitura":"5 minutos"},"schema":{"@context":"https:\/\/schema.org","@graph":[{"@type":"WebPage","@id":"https:\/\/med.estrategia.com\/portal\/noticias\/portaria-institui-integrantes-do-cai-e-caafm-para-formulacao-das-edicoes-do-revalida-inep-2025\/","url":"https:\/\/med.estrategia.com\/portal\/noticias\/portaria-institui-integrantes-do-cai-e-caafm-para-formulacao-das-edicoes-do-revalida-inep-2025\/","name":"Portaria institui integrantes do CAI e CAAFM para formula\u00e7\u00e3o das edi\u00e7\u00f5es do Revalida INEP 2025","isPartOf":{"@id":"https:\/\/med.estrategia.com\/portal\/#website"},"primaryImageOfPage":{"@id":"https:\/\/med.estrategia.com\/portal\/noticias\/portaria-institui-integrantes-do-cai-e-caafm-para-formulacao-das-edicoes-do-revalida-inep-2025\/#primaryimage"},"image":{"@id":"https:\/\/med.estrategia.com\/portal\/noticias\/portaria-institui-integrantes-do-cai-e-caafm-para-formulacao-das-edicoes-do-revalida-inep-2025\/#primaryimage"},"thumbnailUrl":"https:\/\/med.estrategia.com\/portal\/wp-content\/uploads\/2025\/04\/revalida-inep-atualizacao.jpg","datePublished":"2025-01-10T10:44:07+00:00","dateModified":"2025-04-17T16:23:09+00:00","author":{"@id":"https:\/\/med.estrategia.com\/portal\/#\/schema\/person\/8e7c9b2f53f2eede3b8880ad86ff20a3"},"description":"INEP divulga portarias com integrantes do CAI e CAAFM para formula\u00e7\u00e3o das edi\u00e7\u00f5es do Revalida 2025 e demais edi\u00e7\u00f5es. Confira os nomes!","breadcrumb":{"@id":"https:\/\/med.estrategia.com\/portal\/noticias\/portaria-institui-integrantes-do-cai-e-caafm-para-formulacao-das-edicoes-do-revalida-inep-2025\/#breadcrumb"},"inLanguage":"pt-BR","potentialAction":[{"@type":"ReadAction","target":["https:\/\/med.estrategia.com\/portal\/noticias\/portaria-institui-integrantes-do-cai-e-caafm-para-formulacao-das-edicoes-do-revalida-inep-2025\/"]}]},{"@type":"ImageObject","inLanguage":"pt-BR","@id":"https:\/\/med.estrategia.com\/portal\/noticias\/portaria-institui-integrantes-do-cai-e-caafm-para-formulacao-das-edicoes-do-revalida-inep-2025\/#primaryimage","url":"https:\/\/med.estrategia.com\/portal\/wp-content\/uploads\/2025\/04\/revalida-inep-atualizacao.jpg","contentUrl":"https:\/\/med.estrategia.com\/portal\/wp-content\/uploads\/2025\/04\/revalida-inep-atualizacao.jpg","width":1920,"height":1080,"caption":"Foto: Marcelo Camargo\/Ag\u00eancia Brasil"},{"@type":"BreadcrumbList","@id":"https:\/\/med.estrategia.com\/portal\/noticias\/portaria-institui-integrantes-do-cai-e-caafm-para-formulacao-das-edicoes-do-revalida-inep-2025\/#breadcrumb","itemListElement":[{"@type":"ListItem","position":1,"name":"Home","item":"https:\/\/med.estrategia.com\/portal\/"},{"@type":"ListItem","position":2,"name":"Not\u00edcias","item":"https:\/\/med.estrategia.com\/portal\/noticias\/"},{"@type":"ListItem","position":3,"name":"Portaria institui integrantes do CAI e CAAFM para formula\u00e7\u00e3o das edi\u00e7\u00f5es do Revalida INEP 2025"}]},{"@type":"WebSite","@id":"https:\/\/med.estrategia.com\/portal\/#website","url":"https:\/\/med.estrategia.com\/portal\/","name":"Estrat\u00e9gia MED","description":"","potentialAction":[{"@type":"SearchAction","target":{"@type":"EntryPoint","urlTemplate":"https:\/\/med.estrategia.com\/portal\/?s={search_term_string}"},"query-input":{"@type":"PropertyValueSpecification","valueRequired":true,"valueName":"search_term_string"}}],"inLanguage":"pt-BR"},{"@type":"Person","@id":"https:\/\/med.estrategia.com\/portal\/#\/schema\/person\/8e7c9b2f53f2eede3b8880ad86ff20a3","name":"Erika Coelho","image":{"@type":"ImageObject","inLanguage":"pt-BR","@id":"https:\/\/med.estrategia.com\/portal\/#\/schema\/person\/image\/","url":"https:\/\/secure.gravatar.com\/avatar\/8ef9ff2e2fa53829c640cca8d1a45178?s=96&d=mm&r=g","contentUrl":"https:\/\/secure.gravatar.com\/avatar\/8ef9ff2e2fa53829c640cca8d1a45178?s=96&d=mm&r=g","caption":"Erika Coelho"},"description":"Jornalista pela Universidade Presbiteriana Mackenzie, escrevo sobre educa\u00e7\u00e3o, sa\u00fade e pol\u00edticas p\u00fablicas","url":"https:\/\/med.estrategia.com\/portal\/author\/erika\/"}]}},"_wl_alt_label":[],"wl:entity_url":"\/post\/revalida-inep-2025-80357","_links":{"self":[{"href":"https:\/\/med.estrategia.com\/portal\/wp-json\/wp\/v2\/posts\/80357","targetHints":{"allow":["GET"]}}],"collection":[{"href":"https:\/\/med.estrategia.com\/portal\/wp-json\/wp\/v2\/posts"}],"about":[{"href":"https:\/\/med.estrategia.com\/portal\/wp-json\/wp\/v2\/types\/post"}],"author":[{"embeddable":true,"href":"https:\/\/med.estrategia.com\/portal\/wp-json\/wp\/v2\/users\/22"}],"replies":[{"embeddable":true,"href":"https:\/\/med.estrategia.com\/portal\/wp-json\/wp\/v2\/comments?post=80357"}],"version-history":[{"count":4,"href":"https:\/\/med.estrategia.com\/portal\/wp-json\/wp\/v2\/posts\/80357\/revisions"}],"predecessor-version":[{"id":85459,"href":"https:\/\/med.estrategia.com\/portal\/wp-json\/wp\/v2\/posts\/80357\/revisions\/85459"}],"wp:featuredmedia":[{"embeddable":true,"href":"https:\/\/med.estrategia.com\/portal\/wp-json\/wp\/v2\/media\/85454"}],"wp:attachment":[{"href":"https:\/\/med.estrategia.com\/portal\/wp-json\/wp\/v2\/media?parent=80357"}],"wp:term":[{"taxonomy":"category","embeddable":true,"href":"https:\/\/med.estrategia.com\/portal\/wp-json\/wp\/v2\/categories?post=80357"},{"taxonomy":"post_tag","embeddable":true,"href":"https:\/\/med.estrategia.com\/portal\/wp-json\/wp\/v2\/tags?post=80357"},{"taxonomy":"wl_entity_type","embeddable":true,"href":"https:\/\/med.estrategia.com\/portal\/wp-json\/wp\/v2\/wl_entity_type?post=80357"}],"curies":[{"name":"wp","href":"https:\/\/api.w.org\/{rel}","templated":true}]}}