{"id":80453,"date":"2025-01-10T23:56:00","date_gmt":"2025-01-11T02:56:00","guid":{"rendered":"https:\/\/med.estrategia.com\/portal\/?p=80453"},"modified":"2025-01-14T18:40:20","modified_gmt":"2025-01-14T21:40:20","slug":"fgv-cancela-resultado-da-analise-curricular-do-enare-nova-divulgacao-e-prevista-para-14-01","status":"publish","type":"post","link":"https:\/\/med.estrategia.com\/portal\/noticias\/fgv-cancela-resultado-da-analise-curricular-do-enare-nova-divulgacao-e-prevista-para-14-01\/","title":{"rendered":"FGV cancela resultado da an\u00e1lise curricular do ENARE; nova divulga\u00e7\u00e3o \u00e9 prevista para 14\/01"},"content":{"rendered":"<p>Ap&oacute;s tomar conhecimento sobre <a href=\"https:\/\/med.estrategia.com\/portal\/noticias\/ebserh-publica-nota-de-esclarecimento-apos-erros-na-analise-curricular-do-enare-2025\/\">falha na divulga&ccedil;&atilde;o do resultado preliminar da an&aacute;lise curricular da atual edi&ccedil;&atilde;o<\/a> do Exame Nacional de Resid&ecirc;ncia &mdash; ENARE 2024\/2025,  a Funda&ccedil;&atilde;o Get&uacute;lio Vargas (FGV) publicou na noite desta sexta-feira (10) o <strong>comunicado que torna sem efeito o edital deste resultado.<\/strong><p>O documento divulgado na &uacute;ltima quarta-feira, 8 de janeiro, trazia a rela&ccedil;&atilde;o de candidatos habilitados na prova objetiva e as <strong>respectivas notas da segunda etapa <\/strong>do certame, por&eacute;m, <strong>mais de 17 mil se encontravam zeradas<\/strong>, enquanto outras pareciam incompletas. <\/p><div class=\"wp-block-buttons is-content-justification-center is-layout-flex wp-container-core-buttons-is-layout-1 wp-block-buttons-is-layout-flex\">\n<div class=\"wp-block-button\"><a class=\"wp-block-button__link wp-element-button\" href=\"https:\/\/cdn.medblog.estrategiaeducacional.com.br\/wp-content\/uploads\/2025\/01\/AnexoUnicoANALISECURRICULARResultadoPreliminarENAREResidenciaMedica.pdf\" target=\"_blank\">confira o documento aqui!<\/a><\/div>\n<\/div><p>Com o devido cancelamento e nova retifica&ccedil;&atilde;o no cronograma,<strong> o resultado deve ser divulgado corretamente no pr&oacute;ximo dia 14<\/strong>, e um novo per&iacute;odo para interpor recursos ser&aacute; aberto entre 15 e 16 de janeiro. Ainda, a divulga&ccedil;&atilde;o da nota final do certame tamb&eacute;m foi postergada para o dia 21 do mesmo m&ecirc;s. Confira abaixo o comunicado e o cronograma retificado do ENARE 2024\/2025.<\/p><figure class=\"wp-block-image size-full\"><img decoding=\"async\" width=\"747\" height=\"414\" src=\"https:\/\/med.estrategia.com\/portal\/wp-content\/uploads\/2025\/01\/image-1.png\" alt=\"\" class=\"wp-image-80454\"><\/figure><div class=\"wp-block-buttons is-content-justification-center is-layout-flex wp-container-core-buttons-is-layout-2 wp-block-buttons-is-layout-flex\">\n<div class=\"wp-block-button\"><a class=\"wp-block-button__link wp-element-button\" href=\"https:\/\/cdn.medblog.estrategiaeducacional.com.br\/wp-content\/uploads\/2025\/01\/ANEXOVICronogramaResMedica10.01.pdf\" target=\"_blank\">CRONOGRAMA RETIFICADO &ndash; 10\/01\/2025<\/a><\/div>\n<\/div><p>\n\n\n<div id=\"new-form\">\n\t<form id=\"forms_layout\">\n\t<input type=\"hidden\" id=\"chave_de\" name=\"chave_de\" value=\"01_EMED_LEADS_TOTAIS\" \/>\n\t\t<input type=\"hidden\" id=\"mid\" name=\"mid\" value=\"515009018\" \/>\n\t\t<input type=\"hidden\" id=\"Objetivo\" name=\"Objetivo\" value=\"Medicina\" \/>\n\t\t<input type=\"hidden\" id=\"Estado_de_Origem_do_IP\" name=\"Estado_de_Origem_do_IP\"  value=\"\" \/>\n\t\t<input type=\"hidden\" id=\"Cidade_de_Origem_do_IP\" name=\"Cidade_de_Origem_do_IP\" value=\"\" \/>\n\t\t<input type=\"hidden\" id=\"Modo_de_entrada\" name=\"Modo_de_entrada\" value=\"Portal\" \/>\n\t\t<input type=\"hidden\" id=\"Pagina_Origem\" name=\"Pagina_Origem\" value=\"\" \/>\n\n\t\t<div class=\"texto\">\n\t\t\t<h3 class=\"news\">Inscreva-se em nossa newsletter!<\/h3>\n\t\t\t<p>Receba not\u00edcias sobre resid\u00eancia m\u00e9dica, revalida\u00e7\u00e3o de diplomas e concursos m\u00e9dicos, al\u00e9m de materiais de estudo gratuitos e informa\u00e7\u00f5es relevantes do mundo da Medicina.<\/p>\n\t\t<\/div>\n\t\t<div class=\"campos\">\n\t\t\t<div class=\"first_name labels\">\n\t\t\t\t<input type=\"text\" class=\"input_labels\" id=\"first_name\" name=\"Nome_Completo\" placeholder=\"Nome\" required \/>\n\t\t\t<\/div>\n\t\t\t<div class=\"email labels\">\n\t\t\t\t<input type=\"email\" class=\"input_labels\" id=\"email\" name=\"Email\" placeholder=\"E-mail\" required \/>\n\t\t\t<\/div>\n\t\t\t<button type=\"submit\" class=\"button_layout\">\n\t\t\t\t<div id=\"lblBotao\">Inscreva-se<\/div>\n\t\t\t\t<span id=\"divSpiner\" class=\"loader\" role=\"status\" style=\"display: none;\"><\/span>\t\n\t\t\t<\/button>\n\t\t<\/div><!-- \/campos -->\n\t\t\n\t\t<label class=\"container_checkbox\">Voc\u00ea concorda com a nossa\n\t\t\t<a class=\"politics_privacy_ahref\" target=\"_blank\" href=\"https:\/\/gratis.estrategiaconcursos.com.br\/politica-de-privacidade\/\">Pol\u00edtica de Privacidade<\/a> e aceita receber informa\u00e7\u00f5es adicionais do Estrat\u00e9gia Educacional.\n\t\t\t<input id=\"checkbox_layout\" type=\"checkbox\" checked=\"checked\" required \/>\n\t\t\t<span class=\"checkbox\"><\/span>\n\t\t<\/label>\n\t\t<div id=\"msg\"><\/div>\n\t\t<div id=\"error\" class=\"error\">\n\t\t<\/div>\n\t<\/form>\n<\/div><!-- \/new-form -->\n\n\n\n<\/p><h2 class=\"wp-block-heading\" id=\"h-enare-exame-nacional-de-residencia-medica\">Enare &ndash; Exame Nacional de Resid&ecirc;ncia M&eacute;dica<\/h2><p>Considerado o&nbsp;<strong>ENEM da&nbsp;<a href=\"https:\/\/med.estrategia.com\/portal\/entidade\/residencia-medica\/\">Resid&ecirc;ncia M&eacute;dica<\/a><\/strong>, o&nbsp;<a href=\"https:\/\/med.estrategia.com\/portal\/entidade\/enare\/\">Exame Nacional de Resid&ecirc;ncia M&eacute;dica<\/a>&nbsp;(ENARE) foi elaborado pela&nbsp;<strong>Ebserh<\/strong>, em parceria com o&nbsp;<strong><a href=\"https:\/\/med.estrategia.com\/portal\/entidade\/ministerio-da-educacao-2\/\">Minist&eacute;rio da Educa&ccedil;&atilde;o<\/a>&nbsp;(MEC)<\/strong>, com o objetivo de otimizar a forma de selecionar os residentes m&eacute;dicos, melhorando a experi&ecirc;ncia tantos das institui&ccedil;&otilde;es quanto dos candidatos.&nbsp;<\/p><p>Atualmente, o modelo de sele&ccedil;&atilde;o da maioria dos programas de Resid&ecirc;ncia M&eacute;dica atende a cronogramas e crit&eacute;rios particulares de cada institui&ccedil;&atilde;o. Mas com o ENARE &ndash; Ebserh, a tend&ecirc;ncia &eacute;&nbsp;<strong>unificar os exames e os procedimentos de avalia&ccedil;&atilde;o e candidatura<\/strong>, permitindo que mais candidatos concorram a vagas de seu interesse, independentemente das condi&ccedil;&otilde;es, como localiza&ccedil;&atilde;o geogr&aacute;fica ou limita&ccedil;&atilde;o financeira do candidato.&nbsp;<\/p><div class=\"wp-block-buttons is-content-justification-center is-layout-flex wp-container-core-buttons-is-layout-3 wp-block-buttons-is-layout-flex\">\n<div class=\"wp-block-button\"><a class=\"wp-block-button__link wp-element-button\" href=\"https:\/\/med.estrategia.com\/portal\/residencia-medica\/enare-vagas-cronograma-provas-edital\/\" target=\"_blank\">tudo sobre o enare<\/a><\/div>\n\n\n\n<div class=\"wp-block-button\"><a class=\"wp-block-button__link wp-element-button\" href=\"https:\/\/med.estrategia.com\/portal\/residencia-medica\/enare-instituicoes\/\" target=\"_blank\">institui&ccedil;&otilde;es participantes<\/a><\/div>\n\n\n\n<div class=\"wp-block-button\"><a class=\"wp-block-button__link wp-element-button\" href=\"https:\/\/med.estrategia.com\/portal\/residencia-medica\/enare-relacao-candidato-vaga\/\" target=\"_blank\">concorr&ecirc;ncia enare 2025<\/a><\/div>\n<\/div><p>Para n&atilde;o perder nenhuma atualiza&ccedil;&atilde;o no universo da medicina e ficar por dentro dos seletivos de Resid&ecirc;ncia M&eacute;dica, de revalida&ccedil;&atilde;o de diplomas e conte&uacute;dos t&eacute;cnicos, continue acessando o&nbsp;<a href=\"https:\/\/med.estrategia.com\/portal\/\" target=\"_blank\">Portal do Estrat&eacute;gia MED<\/a>!<\/p><p>\n\n\n\n\n\n<a id=\"cta\" class=\"cta-imagem\" href=\"https:\/\/med.estrategia.com\/curso\/banco-de-questes-resumos-estrategicos-anual\/\" target=\"blank\">\n                <img decoding=\"async\" width=\"100%\" src=\"https:\/\/med.estrategia.com\/portal\/wp-content\/uploads\/2025\/08\/banco_questoes.png\" alt=\"banco_questoes\" title=\"banco_questoes\">\n        <\/a>\n<\/p><\/p>\n","protected":false},"excerpt":{"rendered":"Ap&oacute;s tomar conhecimento sobre falha na divulga&ccedil;&atilde;o do resultado preliminar da an&aacute;lise curricular da atual edi&ccedil;&atilde;o do Exame&hellip;\n","protected":false},"author":39,"featured_media":60635,"comment_status":"closed","ping_status":"closed","sticky":false,"template":"","format":"standard","meta":{"wl_entities_gutenberg":"","footnotes":""},"categories":[300],"tags":[],"wl_entity_type":[199],"class_list":{"0":"post-80453","1":"post","2":"type-post","3":"status-publish","4":"format-standard","5":"has-post-thumbnail","7":"category-noticias","8":"wl_entity_type-article"},"acf":[],"yoast_head":"<!-- This site is optimized with the Yoast SEO Premium plugin v26.6 (Yoast SEO v26.6) - https:\/\/yoast.com\/wordpress\/plugins\/seo\/ -->\n<title>FGV cancela resultado da an\u00e1lise curricular do ENARE; nova divulga\u00e7\u00e3o \u00e9 prevista para 14\/01<\/title>\n<meta name=\"description\" content=\"Com cronograma retificado, divulga\u00e7\u00e3o do resultado preliminar corrigido da an\u00e1lise curricular do ENARE deve acontecer no dia 14 de janeiro de 2025.\" \/>\n<meta name=\"robots\" content=\"index, follow, max-snippet:-1, max-image-preview:large, max-video-preview:-1\" \/>\n<link rel=\"canonical\" href=\"https:\/\/med.estrategia.com\/portal\/noticias\/fgv-cancela-resultado-da-analise-curricular-do-enare-nova-divulgacao-e-prevista-para-14-01\/\" \/>\n<meta property=\"og:locale\" content=\"pt_BR\" \/>\n<meta property=\"og:type\" content=\"article\" \/>\n<meta property=\"og:title\" content=\"FGV cancela resultado da an\u00e1lise curricular do ENARE; nova divulga\u00e7\u00e3o \u00e9 prevista para 14\/01\" \/>\n<meta property=\"og:description\" content=\"Com cronograma retificado, divulga\u00e7\u00e3o do resultado preliminar corrigido da an\u00e1lise curricular do ENARE deve acontecer no dia 14 de janeiro de 2025.\" \/>\n<meta property=\"og:url\" content=\"https:\/\/med.estrategia.com\/portal\/noticias\/fgv-cancela-resultado-da-analise-curricular-do-enare-nova-divulgacao-e-prevista-para-14-01\/\" \/>\n<meta property=\"og:site_name\" content=\"Estrat\u00e9gia MED\" \/>\n<meta property=\"article:publisher\" content=\"https:\/\/www.facebook.com\/estrategiamed1\" \/>\n<meta property=\"article:published_time\" content=\"2025-01-11T02:56:00+00:00\" \/>\n<meta property=\"article:modified_time\" content=\"2025-01-14T21:40:20+00:00\" \/>\n<meta property=\"og:image\" content=\"https:\/\/med.estrategia.com\/portal\/wp-content\/uploads\/2024\/04\/4.jpg\" \/>\n\t<meta property=\"og:image:width\" content=\"1920\" \/>\n\t<meta property=\"og:image:height\" content=\"1080\" \/>\n\t<meta property=\"og:image:type\" content=\"image\/jpeg\" \/>\n<meta name=\"author\" content=\"Ana Carolina Damasceno\" \/>\n<meta name=\"twitter:card\" content=\"summary_large_image\" \/>\n<meta name=\"twitter:creator\" content=\"@estrategiamed_\" \/>\n<meta name=\"twitter:site\" content=\"@estrategiamed_\" \/>\n<meta name=\"twitter:label1\" content=\"Escrito por\" \/>\n\t<meta name=\"twitter:data1\" content=\"Ana Carolina Damasceno\" \/>\n\t<meta name=\"twitter:label2\" content=\"Est. tempo de leitura\" \/>\n\t<meta name=\"twitter:data2\" content=\"2 minutos\" \/>\n<script type=\"application\/ld+json\" class=\"yoast-schema-graph\">{\"@context\":\"https:\/\/schema.org\",\"@graph\":[{\"@type\":\"WebPage\",\"@id\":\"https:\/\/med.estrategia.com\/portal\/noticias\/fgv-cancela-resultado-da-analise-curricular-do-enare-nova-divulgacao-e-prevista-para-14-01\/\",\"url\":\"https:\/\/med.estrategia.com\/portal\/noticias\/fgv-cancela-resultado-da-analise-curricular-do-enare-nova-divulgacao-e-prevista-para-14-01\/\",\"name\":\"FGV cancela resultado da an\u00e1lise curricular do ENARE; nova divulga\u00e7\u00e3o \u00e9 prevista para 14\/01\",\"isPartOf\":{\"@id\":\"https:\/\/med.estrategia.com\/portal\/#website\"},\"primaryImageOfPage\":{\"@id\":\"https:\/\/med.estrategia.com\/portal\/noticias\/fgv-cancela-resultado-da-analise-curricular-do-enare-nova-divulgacao-e-prevista-para-14-01\/#primaryimage\"},\"image\":{\"@id\":\"https:\/\/med.estrategia.com\/portal\/noticias\/fgv-cancela-resultado-da-analise-curricular-do-enare-nova-divulgacao-e-prevista-para-14-01\/#primaryimage\"},\"thumbnailUrl\":\"https:\/\/med.estrategia.com\/portal\/wp-content\/uploads\/2024\/04\/4.jpg\",\"datePublished\":\"2025-01-11T02:56:00+00:00\",\"dateModified\":\"2025-01-14T21:40:20+00:00\",\"author\":{\"@id\":\"https:\/\/med.estrategia.com\/portal\/#\/schema\/person\/2f553adbb8e25fe39d145c5b2927f58c\"},\"description\":\"Com cronograma retificado, divulga\u00e7\u00e3o do resultado preliminar corrigido da an\u00e1lise curricular do ENARE deve acontecer no dia 14 de janeiro de 2025.\",\"breadcrumb\":{\"@id\":\"https:\/\/med.estrategia.com\/portal\/noticias\/fgv-cancela-resultado-da-analise-curricular-do-enare-nova-divulgacao-e-prevista-para-14-01\/#breadcrumb\"},\"inLanguage\":\"pt-BR\",\"potentialAction\":[{\"@type\":\"ReadAction\",\"target\":[\"https:\/\/med.estrategia.com\/portal\/noticias\/fgv-cancela-resultado-da-analise-curricular-do-enare-nova-divulgacao-e-prevista-para-14-01\/\"]}]},{\"@type\":\"ImageObject\",\"inLanguage\":\"pt-BR\",\"@id\":\"https:\/\/med.estrategia.com\/portal\/noticias\/fgv-cancela-resultado-da-analise-curricular-do-enare-nova-divulgacao-e-prevista-para-14-01\/#primaryimage\",\"url\":\"https:\/\/med.estrategia.com\/portal\/wp-content\/uploads\/2024\/04\/4.jpg\",\"contentUrl\":\"https:\/\/med.estrategia.com\/portal\/wp-content\/uploads\/2024\/04\/4.jpg\",\"width\":1920,\"height\":1080,\"caption\":\"Estrat\u00e9gia MED | Foto: UFMG\"},{\"@type\":\"BreadcrumbList\",\"@id\":\"https:\/\/med.estrategia.com\/portal\/noticias\/fgv-cancela-resultado-da-analise-curricular-do-enare-nova-divulgacao-e-prevista-para-14-01\/#breadcrumb\",\"itemListElement\":[{\"@type\":\"ListItem\",\"position\":1,\"name\":\"Home\",\"item\":\"https:\/\/med.estrategia.com\/portal\/\"},{\"@type\":\"ListItem\",\"position\":2,\"name\":\"Not\u00edcias\",\"item\":\"https:\/\/med.estrategia.com\/portal\/noticias\/\"},{\"@type\":\"ListItem\",\"position\":3,\"name\":\"FGV cancela resultado da an\u00e1lise curricular do ENARE; nova divulga\u00e7\u00e3o \u00e9 prevista para 14\/01\"}]},{\"@type\":\"WebSite\",\"@id\":\"https:\/\/med.estrategia.com\/portal\/#website\",\"url\":\"https:\/\/med.estrategia.com\/portal\/\",\"name\":\"Estrat\u00e9gia MED\",\"description\":\"\",\"potentialAction\":[{\"@type\":\"SearchAction\",\"target\":{\"@type\":\"EntryPoint\",\"urlTemplate\":\"https:\/\/med.estrategia.com\/portal\/?s={search_term_string}\"},\"query-input\":{\"@type\":\"PropertyValueSpecification\",\"valueRequired\":true,\"valueName\":\"search_term_string\"}}],\"inLanguage\":\"pt-BR\"},{\"@type\":\"Person\",\"@id\":\"https:\/\/med.estrategia.com\/portal\/#\/schema\/person\/2f553adbb8e25fe39d145c5b2927f58c\",\"name\":\"Ana Carolina Damasceno\",\"image\":{\"@type\":\"ImageObject\",\"inLanguage\":\"pt-BR\",\"@id\":\"https:\/\/med.estrategia.com\/portal\/#\/schema\/person\/image\/\",\"url\":\"https:\/\/med.estrategia.com\/portal\/wp-content\/uploads\/2021\/09\/WhatsApp-Image-2023-08-18-at-16.46.43-150x150.jpeg\",\"contentUrl\":\"https:\/\/med.estrategia.com\/portal\/wp-content\/uploads\/2021\/09\/WhatsApp-Image-2023-08-18-at-16.46.43-150x150.jpeg\",\"caption\":\"Ana Carolina Damasceno\"},\"description\":\"Coordenadora de Jornalismo EMED. Comunicadora por natureza e forma\u00e7\u00e3o, que ama e perde a no\u00e7\u00e3o do tempo com m\u00fasica e s\u00e9rie.\",\"url\":\"https:\/\/med.estrategia.com\/portal\/author\/ana-carolina-damasceno\/\"}]}<\/script>\n<!-- \/ Yoast SEO Premium plugin. -->","yoast_head_json":{"title":"FGV cancela resultado da an\u00e1lise curricular do ENARE; nova divulga\u00e7\u00e3o \u00e9 prevista para 14\/01","description":"Com cronograma retificado, divulga\u00e7\u00e3o do resultado preliminar corrigido da an\u00e1lise curricular do ENARE deve acontecer no dia 14 de janeiro de 2025.","robots":{"index":"index","follow":"follow","max-snippet":"max-snippet:-1","max-image-preview":"max-image-preview:large","max-video-preview":"max-video-preview:-1"},"canonical":"https:\/\/med.estrategia.com\/portal\/noticias\/fgv-cancela-resultado-da-analise-curricular-do-enare-nova-divulgacao-e-prevista-para-14-01\/","og_locale":"pt_BR","og_type":"article","og_title":"FGV cancela resultado da an\u00e1lise curricular do ENARE; nova divulga\u00e7\u00e3o \u00e9 prevista para 14\/01","og_description":"Com cronograma retificado, divulga\u00e7\u00e3o do resultado preliminar corrigido da an\u00e1lise curricular do ENARE deve acontecer no dia 14 de janeiro de 2025.","og_url":"https:\/\/med.estrategia.com\/portal\/noticias\/fgv-cancela-resultado-da-analise-curricular-do-enare-nova-divulgacao-e-prevista-para-14-01\/","og_site_name":"Estrat\u00e9gia MED","article_publisher":"https:\/\/www.facebook.com\/estrategiamed1","article_published_time":"2025-01-11T02:56:00+00:00","article_modified_time":"2025-01-14T21:40:20+00:00","og_image":[{"width":1920,"height":1080,"url":"https:\/\/med.estrategia.com\/portal\/wp-content\/uploads\/2024\/04\/4.jpg","type":"image\/jpeg"}],"author":"Ana Carolina Damasceno","twitter_card":"summary_large_image","twitter_creator":"@estrategiamed_","twitter_site":"@estrategiamed_","twitter_misc":{"Escrito por":"Ana Carolina Damasceno","Est. tempo de leitura":"2 minutos"},"schema":{"@context":"https:\/\/schema.org","@graph":[{"@type":"WebPage","@id":"https:\/\/med.estrategia.com\/portal\/noticias\/fgv-cancela-resultado-da-analise-curricular-do-enare-nova-divulgacao-e-prevista-para-14-01\/","url":"https:\/\/med.estrategia.com\/portal\/noticias\/fgv-cancela-resultado-da-analise-curricular-do-enare-nova-divulgacao-e-prevista-para-14-01\/","name":"FGV cancela resultado da an\u00e1lise curricular do ENARE; nova divulga\u00e7\u00e3o \u00e9 prevista para 14\/01","isPartOf":{"@id":"https:\/\/med.estrategia.com\/portal\/#website"},"primaryImageOfPage":{"@id":"https:\/\/med.estrategia.com\/portal\/noticias\/fgv-cancela-resultado-da-analise-curricular-do-enare-nova-divulgacao-e-prevista-para-14-01\/#primaryimage"},"image":{"@id":"https:\/\/med.estrategia.com\/portal\/noticias\/fgv-cancela-resultado-da-analise-curricular-do-enare-nova-divulgacao-e-prevista-para-14-01\/#primaryimage"},"thumbnailUrl":"https:\/\/med.estrategia.com\/portal\/wp-content\/uploads\/2024\/04\/4.jpg","datePublished":"2025-01-11T02:56:00+00:00","dateModified":"2025-01-14T21:40:20+00:00","author":{"@id":"https:\/\/med.estrategia.com\/portal\/#\/schema\/person\/2f553adbb8e25fe39d145c5b2927f58c"},"description":"Com cronograma retificado, divulga\u00e7\u00e3o do resultado preliminar corrigido da an\u00e1lise curricular do ENARE deve acontecer no dia 14 de janeiro de 2025.","breadcrumb":{"@id":"https:\/\/med.estrategia.com\/portal\/noticias\/fgv-cancela-resultado-da-analise-curricular-do-enare-nova-divulgacao-e-prevista-para-14-01\/#breadcrumb"},"inLanguage":"pt-BR","potentialAction":[{"@type":"ReadAction","target":["https:\/\/med.estrategia.com\/portal\/noticias\/fgv-cancela-resultado-da-analise-curricular-do-enare-nova-divulgacao-e-prevista-para-14-01\/"]}]},{"@type":"ImageObject","inLanguage":"pt-BR","@id":"https:\/\/med.estrategia.com\/portal\/noticias\/fgv-cancela-resultado-da-analise-curricular-do-enare-nova-divulgacao-e-prevista-para-14-01\/#primaryimage","url":"https:\/\/med.estrategia.com\/portal\/wp-content\/uploads\/2024\/04\/4.jpg","contentUrl":"https:\/\/med.estrategia.com\/portal\/wp-content\/uploads\/2024\/04\/4.jpg","width":1920,"height":1080,"caption":"Estrat\u00e9gia MED | Foto: UFMG"},{"@type":"BreadcrumbList","@id":"https:\/\/med.estrategia.com\/portal\/noticias\/fgv-cancela-resultado-da-analise-curricular-do-enare-nova-divulgacao-e-prevista-para-14-01\/#breadcrumb","itemListElement":[{"@type":"ListItem","position":1,"name":"Home","item":"https:\/\/med.estrategia.com\/portal\/"},{"@type":"ListItem","position":2,"name":"Not\u00edcias","item":"https:\/\/med.estrategia.com\/portal\/noticias\/"},{"@type":"ListItem","position":3,"name":"FGV cancela resultado da an\u00e1lise curricular do ENARE; nova divulga\u00e7\u00e3o \u00e9 prevista para 14\/01"}]},{"@type":"WebSite","@id":"https:\/\/med.estrategia.com\/portal\/#website","url":"https:\/\/med.estrategia.com\/portal\/","name":"Estrat\u00e9gia MED","description":"","potentialAction":[{"@type":"SearchAction","target":{"@type":"EntryPoint","urlTemplate":"https:\/\/med.estrategia.com\/portal\/?s={search_term_string}"},"query-input":{"@type":"PropertyValueSpecification","valueRequired":true,"valueName":"search_term_string"}}],"inLanguage":"pt-BR"},{"@type":"Person","@id":"https:\/\/med.estrategia.com\/portal\/#\/schema\/person\/2f553adbb8e25fe39d145c5b2927f58c","name":"Ana Carolina Damasceno","image":{"@type":"ImageObject","inLanguage":"pt-BR","@id":"https:\/\/med.estrategia.com\/portal\/#\/schema\/person\/image\/","url":"https:\/\/med.estrategia.com\/portal\/wp-content\/uploads\/2021\/09\/WhatsApp-Image-2023-08-18-at-16.46.43-150x150.jpeg","contentUrl":"https:\/\/med.estrategia.com\/portal\/wp-content\/uploads\/2021\/09\/WhatsApp-Image-2023-08-18-at-16.46.43-150x150.jpeg","caption":"Ana Carolina Damasceno"},"description":"Coordenadora de Jornalismo EMED. Comunicadora por natureza e forma\u00e7\u00e3o, que ama e perde a no\u00e7\u00e3o do tempo com m\u00fasica e s\u00e9rie.","url":"https:\/\/med.estrategia.com\/portal\/author\/ana-carolina-damasceno\/"}]}},"_wl_alt_label":[],"wl:entity_url":"\/post\/fgv-cancela-resultado-da-analise-curricular-divulgado-80453","_links":{"self":[{"href":"https:\/\/med.estrategia.com\/portal\/wp-json\/wp\/v2\/posts\/80453","targetHints":{"allow":["GET"]}}],"collection":[{"href":"https:\/\/med.estrategia.com\/portal\/wp-json\/wp\/v2\/posts"}],"about":[{"href":"https:\/\/med.estrategia.com\/portal\/wp-json\/wp\/v2\/types\/post"}],"author":[{"embeddable":true,"href":"https:\/\/med.estrategia.com\/portal\/wp-json\/wp\/v2\/users\/39"}],"replies":[{"embeddable":true,"href":"https:\/\/med.estrategia.com\/portal\/wp-json\/wp\/v2\/comments?post=80453"}],"version-history":[{"count":2,"href":"https:\/\/med.estrategia.com\/portal\/wp-json\/wp\/v2\/posts\/80453\/revisions"}],"predecessor-version":[{"id":80458,"href":"https:\/\/med.estrategia.com\/portal\/wp-json\/wp\/v2\/posts\/80453\/revisions\/80458"}],"wp:featuredmedia":[{"embeddable":true,"href":"https:\/\/med.estrategia.com\/portal\/wp-json\/wp\/v2\/media\/60635"}],"wp:attachment":[{"href":"https:\/\/med.estrategia.com\/portal\/wp-json\/wp\/v2\/media?parent=80453"}],"wp:term":[{"taxonomy":"category","embeddable":true,"href":"https:\/\/med.estrategia.com\/portal\/wp-json\/wp\/v2\/categories?post=80453"},{"taxonomy":"post_tag","embeddable":true,"href":"https:\/\/med.estrategia.com\/portal\/wp-json\/wp\/v2\/tags?post=80453"},{"taxonomy":"wl_entity_type","embeddable":true,"href":"https:\/\/med.estrategia.com\/portal\/wp-json\/wp\/v2\/wl_entity_type?post=80453"}],"curies":[{"name":"wp","href":"https:\/\/api.w.org\/{rel}","templated":true}]}}