{"id":8113,"date":"2021-08-10T14:57:29","date_gmt":"2021-08-10T17:57:29","guid":{"rendered":"https:\/\/med.estrategiaeducacional.com.br\/blog\/?p=8113"},"modified":"2022-10-28T09:30:53","modified_gmt":"2022-10-28T12:30:53","slug":"haco","status":"publish","type":"post","link":"https:\/\/med.estrategia.com\/portal\/residencia-medica\/haco\/","title":{"rendered":"Resid\u00eancia M\u00e9dica HACO 2023: tudo sobre o seletivo!"},"content":{"rendered":"<p>Tem interesse na <strong>prova <\/strong>do HACO para <a href=\"https:\/\/med.estrategia.com\/portal\/category\/residencia-medica\/\" target=\"_blank\">Resid&ecirc;ncia M&eacute;dica<\/a>? Ent&atilde;o, confira o edital rec&eacute;m divulgado e todas as informa&ccedil;&otilde;es que voc&ecirc; precisa saber sobre o processo seletivo do <strong>Hospital de Aeron&aacute;utica de Canoas<\/strong>, que acontece com apoio da <a href=\"https:\/\/fundmed.org.br\/agende-se-para-o-processo-seletivo-da-residencia-medica-hcpa-2022\/\" target=\"_blank\">Fundmed<\/a>.<div id=\"ez-toc-container\" class=\"ez-toc-v2_0_79_2 counter-hierarchy ez-toc-counter ez-toc-transparent ez-toc-container-direction\">\n<div class=\"ez-toc-title-container\"><p class=\"ez-toc-title\" style=\"cursor:inherit\">Navegue pelo conte\u00fado<\/p>\n<\/div><nav><ul class='ez-toc-list ez-toc-list-level-1 ' ><li class='ez-toc-page-1 ez-toc-heading-level-2'><a class=\"ez-toc-link ez-toc-heading-1\" href=\"https:\/\/med.estrategia.com\/portal\/residencia-medica\/haco\/#HACO\" >HACO<\/a><\/li><li class='ez-toc-page-1 ez-toc-heading-level-2'><a class=\"ez-toc-link ez-toc-heading-2\" href=\"https:\/\/med.estrategia.com\/portal\/residencia-medica\/haco\/#Edital-HACO-2023\" >Edital HACO 2023<\/a><\/li><li class='ez-toc-page-1 ez-toc-heading-level-2'><a class=\"ez-toc-link ez-toc-heading-3\" href=\"https:\/\/med.estrategia.com\/portal\/residencia-medica\/haco\/#Cronograma-HACO-2023\" >Cronograma HACO 2023<\/a><\/li><li class='ez-toc-page-1 ez-toc-heading-level-2'><a class=\"ez-toc-link ez-toc-heading-4\" href=\"https:\/\/med.estrategia.com\/portal\/residencia-medica\/haco\/#Inscricoes-HACO-2023\" >Inscri&ccedil;&otilde;es HACO 2023<\/a><\/li><li class='ez-toc-page-1 ez-toc-heading-level-2'><a class=\"ez-toc-link ez-toc-heading-5\" href=\"https:\/\/med.estrategia.com\/portal\/residencia-medica\/haco\/#Processo-seletivo-HACO-2023\" >Processo seletivo HACO 2023<\/a><\/li><\/ul><\/nav><\/div>\n<h2 class=\"wp-block-heading\" id=\"h-haco\"><span class=\"ez-toc-section\" id=\"HACO\"><\/span>HACO<span class=\"ez-toc-section-end\"><\/span><\/h2><p>O <strong>Hospital de Aeron&aacute;utica de Canoas (HACO)<\/strong>, localizado na <strong>regi&atilde;o Sul<\/strong> do pa&iacute;s, foi criado em <strong>1950<\/strong> e tem como objetivo a <strong>preserva&ccedil;&atilde;o <\/strong>da sa&uacute;de e vida das pessoas, al&eacute;m de ser um referencial na <strong>Aeron&aacute;utica<\/strong>.&nbsp;<\/p><p>A <strong>miss&atilde;o <\/strong>do hospital militar &eacute; promover <strong>sa&uacute;de aos militares e seus dependentes <\/strong>na zona do Quinto Comando A&eacute;reo Regional. As &aacute;reas que atendem s&atilde;o: <strong>preventiva, assistencial e de campanha<\/strong> no n&iacute;vel do terceiro escal&atilde;o.<\/p><h2 class=\"wp-block-heading\" id=\"h-edital-haco-2023\"><span class=\"ez-toc-section\" id=\"Edital-HACO-2023\"><\/span>Edital HACO 2023<span class=\"ez-toc-section-end\"><\/span><\/h2><p>No dia <strong>15 de agosto de 2023 foi divulgado o edital do processo seletivo 2022\/2023 do HACO<\/strong>. Confira!<\/p><div class=\"wp-block-buttons is-content-justification-center is-layout-flex wp-block-buttons-is-layout-flex\">\n<div class=\"wp-block-button\"><a class=\"wp-block-button__link has-light-green-cyan-to-vivid-green-cyan-gradient-background has-background\" href=\"https:\/\/med.estrategia.com\/portal\/wp-content\/uploads\/2022\/08\/2-Edital-de-Abertura-das-Inscricoes-HACO-2023.pdf\" target=\"_blank\">Edital HACO 2023<\/a><\/div>\n<\/div><p><a href=\"https:\/\/med.estrategia.com\/portal\/noticias\/haco-2023-saiu-o-edital-de-residencia-medica\/\" target=\"_blank\">Clique aqui<\/a> para acessar um resumo do edital deste processo seletivo.<\/p><h2 class=\"wp-block-heading\" id=\"h-cronograma-haco-2023\"><span class=\"ez-toc-section\" id=\"Cronograma-HACO-2023\"><\/span>Cronograma HACO 2023<span class=\"ez-toc-section-end\"><\/span><\/h2><ul class=\"wp-block-list\"><li><strong>Solicita&ccedil;&atilde;o de isen&ccedil;&atilde;o da taxa:<\/strong> 27 a 29\/07\/2022;<\/li><li><strong>Resultado final das solicita&ccedil;&otilde;es: <\/strong>08\/08\/2022;<\/li><li><strong>Divulga&ccedil;&atilde;o do edital oficial:<\/strong> 15\/08\/2022;<\/li><li><strong>Per&iacute;odo de Inscri&ccedil;&otilde;es:<\/strong>&nbsp;30\/08 a 21\/10\/2022;<\/li><li><strong>Taxa de inscri&ccedil;&atilde;o:<\/strong>&nbsp;R$ 660,00;<\/li><li><strong>Local de prova: <\/strong>07\/11\/2022;<\/li><li><strong>Prova Objetiva:<\/strong>&nbsp;12\/11\/2022;<\/li><li><strong>Gabaritos e notas preliminares da prova: <\/strong>14\/11\/2022;<\/li><li><strong>Recurso ao gabarito e notas:<\/strong>&nbsp;15 a 17\/11\/2022;<\/li><li><strong>Lista de convocados &agrave; an&aacute;lise curricular: <\/strong>30\/11\/2022;<\/li><li><strong>Envio de documentos: <\/strong>30\/11 a 01\/12\/2022;<\/li><li><strong>Notas preliminares an&aacute;lise curricular: <\/strong>14\/12\/2022;<\/li><li><strong>Recursos &agrave;s notas:<\/strong> 14 e 15\/12\/2022;<\/li><li><strong>Classifica&ccedil;&atilde;o preliminar: <\/strong>27\/12\/2022;<\/li><li><strong>Resultado Final:<\/strong>&nbsp;30\/12\/2022; e<\/li><li><strong>Matr&iacute;culas:&nbsp;<\/strong>em breve.<\/li><\/ul><h2 class=\"wp-block-heading\" id=\"h-inscricoes-haco-2023\"><span class=\"ez-toc-section\" id=\"Inscricoes-HACO-2023\"><\/span>Inscri&ccedil;&otilde;es HACO 2023<span class=\"ez-toc-section-end\"><\/span><\/h2><p>Os candidatos podem realizar seu processo de inscri&ccedil;&atilde;o no <a href=\"https:\/\/fundmed.org.br\/evento\/residencia-em-medicina-de-familia-e-comunidade-haco-2023\/\" target=\"_blank\">site da Fundmed<\/a> entre os dias 30 de agosto e<strong> 21 de outubro de 2022.<\/strong> A taxa de inscri&ccedil;&atilde;o do seletivo &eacute; de <strong>R$ 660,00 <\/strong>e os <a href=\"https:\/\/med.estrategia.com\/portal\/noticias\/haco-e-hmapa-2023-esta-aberto-o-prazo-de-solicitacao-de-isencao-da-taxa\/\" target=\"_blank\">pedidos de <strong>isen&ccedil;&atilde;o<\/strong><\/a><strong> <\/strong>foram solicitados do dia <strong>27 a 29 de julho 2022<\/strong>.<\/p><p>Vale ressaltar que as provas somente ser&atilde;o aplicadas na cidade de Porto Alegre (RS) e S&atilde;o Paulo (SP), e ocorrer&atilde;o simultaneamente no dia 12 de novembro de 2022. O local de prova exato ser&aacute; divulgado no dia 7 de novembro.<\/p><h2 class=\"wp-block-heading\" id=\"h-processo-seletivo-haco-2023\"><span class=\"ez-toc-section\" id=\"Processo-seletivo-HACO-2023\"><\/span>Processo seletivo HACO 2023<span class=\"ez-toc-section-end\"><\/span><\/h2><p>Para o processo seletivo de 2023, o HACO ser&aacute; de fase &uacute;nica, composta por duas etapas: a prova objetiva, valendo 90 pontos e a an&aacute;lise curricular, valendo 10. O Hospital oferecer&aacute; <strong>2 vagas <\/strong>de<strong> Acesso Direto <\/strong>na especialidade de <a href=\"https:\/\/med.estrategia.com\/portal\/profissoes-da-medicina\/medicina-da-familia-e-comunidade\/\" target=\"_blank\"><strong>Medicina de Fam&iacute;lia e Comunidade<\/strong><\/a>.  <\/p><h3 class=\"wp-block-heading\" id=\"h-prova-objetiva\">Prova objetiva<\/h3><p>A prova objetiva contar&aacute; com <strong>100 quest&otilde;es<\/strong> de m&uacute;ltipla escolha e <strong>4 alternativas <\/strong>poss&iacute;veis. Cada disciplina abaixo compreende <strong>20 quest&otilde;es<\/strong>:<\/p><ul class=\"wp-block-list\"><li><a href=\"https:\/\/med.estrategia.com\/portal\/profissoes-da-medicina\/quanto-ganha-um-cirurgiao-geral\/\" target=\"_blank\">Cirurgia Geral<\/a>;<\/li><li><a href=\"https:\/\/med.estrategia.com\/portal\/profissoes-da-medicina\/clinica-medica\/\" target=\"_blank\">Cl&iacute;nica M&eacute;dica<\/a>;<\/li><li><a href=\"https:\/\/med.estrategia.com\/portal\/profissoes-da-medicina\/medicina-preventiva-e-social\/\" target=\"_blank\">Medicina Preventiva e Social<\/a>;&nbsp;<\/li><li><a href=\"https:\/\/med.estrategia.com\/portal\/profissoes-da-medicina\/ginecologia-e-obstetricia\/\" target=\"_blank\">Ginecologia e Obstetr&iacute;cia<\/a>; e<\/li><li><a href=\"https:\/\/med.estrategia.com\/portal\/profissoes-da-medicina\/quanto-ganha-um-pediatra\/\" target=\"_blank\">Pediatria<\/a>.<\/li><\/ul><p>Lembrando que s&oacute; ser&atilde;o aprovados os candidatos que tiverem pontua&ccedil;&atilde;o de <strong>50% ou mais<\/strong> na nota final dessa fase.<\/p><h4 class=\"wp-block-heading\" id=\"h-no-dia-da-prova\">No dia da prova<\/h4><ul class=\"wp-block-list\"><li>Os participantes devem comparecer no local da prova com <strong>anteced&ecirc;ncia m&iacute;nima de 1 hora<\/strong>;<\/li><li>Os candidatos devem apresentar um <strong>Documento de Identidade original<\/strong>; e<\/li><li>O gabarito pode ser preenchido somente com <strong>caneta esferogr&aacute;fica de tinta azul ou preta<\/strong>.<\/li><\/ul><h3 class=\"wp-block-heading\" id=\"h-analise-curricular\">An&aacute;lise Curricular<\/h3><p>A An&aacute;lise Curricular tem pontua&ccedil;&atilde;o m&aacute;xima de 10 pontos, conforme:<\/p><figure class=\"wp-block-table is-style-stripes\"><table class=\"has-light-green-cyan-to-vivid-green-cyan-gradient-background has-background has-fixed-layout\"><thead><tr><th>Item<\/th><th class=\"has-text-align-center\" data-align=\"center\">Pontua&ccedil;&atilde;o<\/th><\/tr><\/thead><tbody><tr><td>Hist&oacute;rico escolar da gradua&ccedil;&atilde;o<\/td><td class=\"has-text-align-center\" data-align=\"center\">1 ponto<\/td><\/tr><tr><td>&Uacute;ltima nota na Faculdade de origem no ENADE<\/td><td class=\"has-text-align-center\" data-align=\"center\">0,8 ponto<\/td><\/tr><tr><td>Participa&ccedil;&atilde;o em Teste do Progresso<\/td><td class=\"has-text-align-center\" data-align=\"center\">0,2 ponto<\/td><\/tr><tr><td>Produ&ccedil;&atilde;o cient&iacute;fica<\/td><td class=\"has-text-align-center\" data-align=\"center\">2 pontos<\/td><\/tr><tr><td>Participa&ccedil;&atilde;o em eventos cient&iacute;ficos<\/td><td class=\"has-text-align-center\" data-align=\"center\">1 ponto<\/td><\/tr><tr><td>Monitorias<\/td><td class=\"has-text-align-center\" data-align=\"center\">2 pontos<\/td><\/tr><tr><td>Dom&iacute;nio de l&iacute;ngua inglesa<\/td><td class=\"has-text-align-center\" data-align=\"center\">1,5 ponto<\/td><\/tr><\/tbody><\/table><\/figure><h3 class=\"wp-block-heading\" id=\"h-resultado-final-e-desempate\">Resultado Final e Desempate<\/h3><p>A<strong> nota final <\/strong>ser&aacute; a <strong>soma <\/strong>das pontua&ccedil;&otilde;es obtidas em <strong>cada disciplina<\/strong> cobrada na <strong>prova objetiva<\/strong> com a nota obtida na an&aacute;lise curricular. A <strong>lista <\/strong>com os <strong>aprovados <\/strong>ser&aacute; divulgada no dia <strong>30 de dezembro de 2022<\/strong> no mesmo site de inscri&ccedil;&atilde;o e seguir&aacute; a ordem <strong>decrescente <\/strong>de classifica&ccedil;&atilde;o nas notas finais.<\/p><p>Nos casos de <strong>empate <\/strong>foram considerados os seguintes itens:<\/p><ul class=\"wp-block-list\"><li>Maior n&uacute;mero de pontos na primeira etapa; e<\/li><li>Sorteio p&uacute;blico.<\/li><\/ul><p>Quer ficar por dentro de todos os detalhes sobre os processos seletivos de resid&ecirc;ncia m&eacute;dica? Confira os textos que o Estrat&eacute;gia MED preparou para voc&ecirc; sobre as institui&ccedil;&otilde;es!<\/p><h3 class=\"wp-block-heading\" id=\"h-voce-tambem-pode-se-interessar-por\">Voc&ecirc; tamb&eacute;m pode se interessar por:<\/h3><ul class=\"wp-block-list\"><li><a href=\"https:\/\/med.estrategia.com\/portal\/aluno-de-medicina\/dicas-de-estudo\/notas-de-corte-residencia-medica\/\" target=\"_blank\">Notas de corte das principais provas de resid&ecirc;ncia m&eacute;dica<\/a><\/li><li><a href=\"https:\/\/med.estrategia.com\/portal\/residencia-medica\/programa-de-residencia-medica\/usp-sp-residencia-medica\/\" target=\"_blank\">Resid&ecirc;ncia m&eacute;dica na USP<\/a><\/li><li><a href=\"https:\/\/med.estrategia.com\/portal\/residencia-medica\/programa-de-residencia-medica\/surce-residencia-medica\/\" target=\"_blank\">Resid&ecirc;ncia m&eacute;dica na SURCE<\/a><\/li><li><a href=\"https:\/\/med.estrategia.com\/portal\/residencia-medica\/programa-de-residencia-medica\/sus-ba-residencia-medica\/\" target=\"_blank\">Resid&ecirc;ncia m&eacute;dica na SUS BA<\/a><\/li><li><a href=\"https:\/\/med.estrategia.com\/portal\/residencia-medica\/programa-de-residencia-medica\/sus-sp-residencia-medica\/\" target=\"_blank\">Resid&ecirc;ncia m&eacute;dica na USP RP<\/a><\/li><\/ul><p><\/p><p><strong><a id=\"cta\" class=\"cta-imagem\" href=\"https:\/\/med.estrategia.com\/cursos\/extensivo-de-residncia-mdica\/\" target=\"blank\">\n                <img decoding=\"async\" width=\"100%\" src=\"https:\/\/med.estrategia.com\/portal\/wp-content\/uploads\/2025\/08\/extensivo_rm.jpg\" alt=\"Extensivo RM\" title=\"extensivo_rm\">\n        <\/a><\/strong><\/p><\/p>\n","protected":false},"excerpt":{"rendered":"Tem interesse na prova do HACO para Resid&ecirc;ncia M&eacute;dica? Ent&atilde;o, confira o edital rec&eacute;m divulgado e todas as&hellip;\n","protected":false},"author":39,"featured_media":8114,"comment_status":"closed","ping_status":"closed","sticky":false,"template":"","format":"standard","meta":{"wl_entities_gutenberg":"","footnotes":""},"categories":[24],"tags":[130],"wl_entity_type":[199],"class_list":{"0":"post-8113","1":"post","2":"type-post","3":"status-publish","4":"format-standard","5":"has-post-thumbnail","7":"category-residencia-medica","8":"tag-haco","9":"wl_entity_type-article"},"acf":[],"yoast_head":"<!-- This site is optimized with the Yoast SEO Premium plugin v26.6 (Yoast SEO v26.6) - https:\/\/yoast.com\/wordpress\/plugins\/seo\/ -->\n<title>Resid\u00eancia M\u00e9dica HACO 2023: tudo sobre o seletivo!<\/title>\n<meta name=\"description\" content=\"Processo seletivo HACO 2023 Resid\u00eancia M\u00e9dica confirmado! Confira todos os detalhes sobre a prova do Hospital de Aeron\u00e1utica de Canoas!\" \/>\n<meta name=\"robots\" content=\"index, follow, max-snippet:-1, max-image-preview:large, max-video-preview:-1\" \/>\n<link rel=\"canonical\" href=\"https:\/\/med.estrategia.com\/portal\/residencia-medica\/haco\/\" \/>\n<meta property=\"og:locale\" content=\"pt_BR\" \/>\n<meta property=\"og:type\" content=\"article\" \/>\n<meta property=\"og:title\" content=\"Resid\u00eancia M\u00e9dica HACO 2023: tudo sobre o seletivo!\" \/>\n<meta property=\"og:description\" content=\"Processo seletivo HACO 2023 Resid\u00eancia M\u00e9dica confirmado! Confira todos os detalhes sobre a prova do Hospital de Aeron\u00e1utica de Canoas!\" \/>\n<meta property=\"og:url\" content=\"https:\/\/med.estrategia.com\/portal\/residencia-medica\/haco\/\" \/>\n<meta property=\"og:site_name\" content=\"Estrat\u00e9gia MED\" \/>\n<meta property=\"article:publisher\" content=\"https:\/\/www.facebook.com\/estrategiamed1\" \/>\n<meta property=\"article:published_time\" content=\"2021-08-10T17:57:29+00:00\" \/>\n<meta property=\"article:modified_time\" content=\"2022-10-28T12:30:53+00:00\" \/>\n<meta property=\"og:image\" content=\"https:\/\/cdn.medblog.estrategiaeducacional.com.br\/wp-content\/uploads\/2021\/08\/10145601\/HACO.jpg\" \/>\n\t<meta property=\"og:image:width\" content=\"1920\" \/>\n\t<meta property=\"og:image:height\" content=\"1080\" \/>\n\t<meta property=\"og:image:type\" content=\"image\/jpeg\" \/>\n<meta name=\"author\" content=\"Ana Carolina Damasceno\" \/>\n<meta name=\"twitter:card\" content=\"summary_large_image\" \/>\n<meta name=\"twitter:creator\" content=\"@estrategiamed_\" \/>\n<meta name=\"twitter:site\" content=\"@estrategiamed_\" \/>\n<meta name=\"twitter:label1\" content=\"Escrito por\" \/>\n\t<meta name=\"twitter:data1\" content=\"Ana Carolina Damasceno\" \/>\n\t<meta name=\"twitter:label2\" content=\"Est. tempo de leitura\" \/>\n\t<meta name=\"twitter:data2\" content=\"4 minutos\" \/>\n<script type=\"application\/ld+json\" class=\"yoast-schema-graph\">{\"@context\":\"https:\/\/schema.org\",\"@graph\":[{\"@type\":\"WebPage\",\"@id\":\"https:\/\/med.estrategia.com\/portal\/residencia-medica\/haco\/\",\"url\":\"https:\/\/med.estrategia.com\/portal\/residencia-medica\/haco\/\",\"name\":\"Resid\u00eancia M\u00e9dica HACO 2023: tudo sobre o seletivo!\",\"isPartOf\":{\"@id\":\"https:\/\/med.estrategia.com\/portal\/#website\"},\"primaryImageOfPage\":{\"@id\":\"https:\/\/med.estrategia.com\/portal\/residencia-medica\/haco\/#primaryimage\"},\"image\":{\"@id\":\"https:\/\/med.estrategia.com\/portal\/residencia-medica\/haco\/#primaryimage\"},\"thumbnailUrl\":\"https:\/\/med.estrategia.com\/portal\/wp-content\/uploads\/2021\/08\/HACO.jpg\",\"datePublished\":\"2021-08-10T17:57:29+00:00\",\"dateModified\":\"2022-10-28T12:30:53+00:00\",\"author\":{\"@id\":\"https:\/\/med.estrategia.com\/portal\/#\/schema\/person\/2f553adbb8e25fe39d145c5b2927f58c\"},\"description\":\"Processo seletivo HACO 2023 Resid\u00eancia M\u00e9dica confirmado! Confira todos os detalhes sobre a prova do Hospital de Aeron\u00e1utica de Canoas!\",\"breadcrumb\":{\"@id\":\"https:\/\/med.estrategia.com\/portal\/residencia-medica\/haco\/#breadcrumb\"},\"inLanguage\":\"pt-BR\",\"potentialAction\":[{\"@type\":\"ReadAction\",\"target\":[\"https:\/\/med.estrategia.com\/portal\/residencia-medica\/haco\/\"]}]},{\"@type\":\"ImageObject\",\"inLanguage\":\"pt-BR\",\"@id\":\"https:\/\/med.estrategia.com\/portal\/residencia-medica\/haco\/#primaryimage\",\"url\":\"https:\/\/med.estrategia.com\/portal\/wp-content\/uploads\/2021\/08\/HACO.jpg\",\"contentUrl\":\"https:\/\/med.estrategia.com\/portal\/wp-content\/uploads\/2021\/08\/HACO.jpg\",\"width\":1920,\"height\":1080,\"caption\":\"haco residencia medica\"},{\"@type\":\"BreadcrumbList\",\"@id\":\"https:\/\/med.estrategia.com\/portal\/residencia-medica\/haco\/#breadcrumb\",\"itemListElement\":[{\"@type\":\"ListItem\",\"position\":1,\"name\":\"Home\",\"item\":\"https:\/\/med.estrategia.com\/portal\/\"},{\"@type\":\"ListItem\",\"position\":2,\"name\":\"Resid\u00eancia M\u00e9dica\",\"item\":\"https:\/\/med.estrategia.com\/portal\/residencia-medica\/\"},{\"@type\":\"ListItem\",\"position\":3,\"name\":\"Resid\u00eancia M\u00e9dica HACO 2023: tudo sobre o seletivo!\"}]},{\"@type\":\"WebSite\",\"@id\":\"https:\/\/med.estrategia.com\/portal\/#website\",\"url\":\"https:\/\/med.estrategia.com\/portal\/\",\"name\":\"Estrat\u00e9gia MED\",\"description\":\"\",\"potentialAction\":[{\"@type\":\"SearchAction\",\"target\":{\"@type\":\"EntryPoint\",\"urlTemplate\":\"https:\/\/med.estrategia.com\/portal\/?s={search_term_string}\"},\"query-input\":{\"@type\":\"PropertyValueSpecification\",\"valueRequired\":true,\"valueName\":\"search_term_string\"}}],\"inLanguage\":\"pt-BR\"},{\"@type\":\"Person\",\"@id\":\"https:\/\/med.estrategia.com\/portal\/#\/schema\/person\/2f553adbb8e25fe39d145c5b2927f58c\",\"name\":\"Ana Carolina Damasceno\",\"image\":{\"@type\":\"ImageObject\",\"inLanguage\":\"pt-BR\",\"@id\":\"https:\/\/med.estrategia.com\/portal\/#\/schema\/person\/image\/\",\"url\":\"https:\/\/med.estrategia.com\/portal\/wp-content\/uploads\/2021\/09\/WhatsApp-Image-2023-08-18-at-16.46.43-150x150.jpeg\",\"contentUrl\":\"https:\/\/med.estrategia.com\/portal\/wp-content\/uploads\/2021\/09\/WhatsApp-Image-2023-08-18-at-16.46.43-150x150.jpeg\",\"caption\":\"Ana Carolina Damasceno\"},\"description\":\"Coordenadora de Jornalismo EMED. Comunicadora por natureza e forma\u00e7\u00e3o, que ama e perde a no\u00e7\u00e3o do tempo com m\u00fasica e s\u00e9rie.\",\"url\":\"https:\/\/med.estrategia.com\/portal\/author\/ana-carolina-damasceno\/\"}]}<\/script>\n<!-- \/ Yoast SEO Premium plugin. -->","yoast_head_json":{"title":"Resid\u00eancia M\u00e9dica HACO 2023: tudo sobre o seletivo!","description":"Processo seletivo HACO 2023 Resid\u00eancia M\u00e9dica confirmado! Confira todos os detalhes sobre a prova do Hospital de Aeron\u00e1utica de Canoas!","robots":{"index":"index","follow":"follow","max-snippet":"max-snippet:-1","max-image-preview":"max-image-preview:large","max-video-preview":"max-video-preview:-1"},"canonical":"https:\/\/med.estrategia.com\/portal\/residencia-medica\/haco\/","og_locale":"pt_BR","og_type":"article","og_title":"Resid\u00eancia M\u00e9dica HACO 2023: tudo sobre o seletivo!","og_description":"Processo seletivo HACO 2023 Resid\u00eancia M\u00e9dica confirmado! Confira todos os detalhes sobre a prova do Hospital de Aeron\u00e1utica de Canoas!","og_url":"https:\/\/med.estrategia.com\/portal\/residencia-medica\/haco\/","og_site_name":"Estrat\u00e9gia MED","article_publisher":"https:\/\/www.facebook.com\/estrategiamed1","article_published_time":"2021-08-10T17:57:29+00:00","article_modified_time":"2022-10-28T12:30:53+00:00","og_image":[{"width":1920,"height":1080,"url":"https:\/\/cdn.medblog.estrategiaeducacional.com.br\/wp-content\/uploads\/2021\/08\/10145601\/HACO.jpg","type":"image\/jpeg"}],"author":"Ana Carolina Damasceno","twitter_card":"summary_large_image","twitter_creator":"@estrategiamed_","twitter_site":"@estrategiamed_","twitter_misc":{"Escrito por":"Ana Carolina Damasceno","Est. tempo de leitura":"4 minutos"},"schema":{"@context":"https:\/\/schema.org","@graph":[{"@type":"WebPage","@id":"https:\/\/med.estrategia.com\/portal\/residencia-medica\/haco\/","url":"https:\/\/med.estrategia.com\/portal\/residencia-medica\/haco\/","name":"Resid\u00eancia M\u00e9dica HACO 2023: tudo sobre o seletivo!","isPartOf":{"@id":"https:\/\/med.estrategia.com\/portal\/#website"},"primaryImageOfPage":{"@id":"https:\/\/med.estrategia.com\/portal\/residencia-medica\/haco\/#primaryimage"},"image":{"@id":"https:\/\/med.estrategia.com\/portal\/residencia-medica\/haco\/#primaryimage"},"thumbnailUrl":"https:\/\/med.estrategia.com\/portal\/wp-content\/uploads\/2021\/08\/HACO.jpg","datePublished":"2021-08-10T17:57:29+00:00","dateModified":"2022-10-28T12:30:53+00:00","author":{"@id":"https:\/\/med.estrategia.com\/portal\/#\/schema\/person\/2f553adbb8e25fe39d145c5b2927f58c"},"description":"Processo seletivo HACO 2023 Resid\u00eancia M\u00e9dica confirmado! Confira todos os detalhes sobre a prova do Hospital de Aeron\u00e1utica de Canoas!","breadcrumb":{"@id":"https:\/\/med.estrategia.com\/portal\/residencia-medica\/haco\/#breadcrumb"},"inLanguage":"pt-BR","potentialAction":[{"@type":"ReadAction","target":["https:\/\/med.estrategia.com\/portal\/residencia-medica\/haco\/"]}]},{"@type":"ImageObject","inLanguage":"pt-BR","@id":"https:\/\/med.estrategia.com\/portal\/residencia-medica\/haco\/#primaryimage","url":"https:\/\/med.estrategia.com\/portal\/wp-content\/uploads\/2021\/08\/HACO.jpg","contentUrl":"https:\/\/med.estrategia.com\/portal\/wp-content\/uploads\/2021\/08\/HACO.jpg","width":1920,"height":1080,"caption":"haco residencia medica"},{"@type":"BreadcrumbList","@id":"https:\/\/med.estrategia.com\/portal\/residencia-medica\/haco\/#breadcrumb","itemListElement":[{"@type":"ListItem","position":1,"name":"Home","item":"https:\/\/med.estrategia.com\/portal\/"},{"@type":"ListItem","position":2,"name":"Resid\u00eancia M\u00e9dica","item":"https:\/\/med.estrategia.com\/portal\/residencia-medica\/"},{"@type":"ListItem","position":3,"name":"Resid\u00eancia M\u00e9dica HACO 2023: tudo sobre o seletivo!"}]},{"@type":"WebSite","@id":"https:\/\/med.estrategia.com\/portal\/#website","url":"https:\/\/med.estrategia.com\/portal\/","name":"Estrat\u00e9gia MED","description":"","potentialAction":[{"@type":"SearchAction","target":{"@type":"EntryPoint","urlTemplate":"https:\/\/med.estrategia.com\/portal\/?s={search_term_string}"},"query-input":{"@type":"PropertyValueSpecification","valueRequired":true,"valueName":"search_term_string"}}],"inLanguage":"pt-BR"},{"@type":"Person","@id":"https:\/\/med.estrategia.com\/portal\/#\/schema\/person\/2f553adbb8e25fe39d145c5b2927f58c","name":"Ana Carolina Damasceno","image":{"@type":"ImageObject","inLanguage":"pt-BR","@id":"https:\/\/med.estrategia.com\/portal\/#\/schema\/person\/image\/","url":"https:\/\/med.estrategia.com\/portal\/wp-content\/uploads\/2021\/09\/WhatsApp-Image-2023-08-18-at-16.46.43-150x150.jpeg","contentUrl":"https:\/\/med.estrategia.com\/portal\/wp-content\/uploads\/2021\/09\/WhatsApp-Image-2023-08-18-at-16.46.43-150x150.jpeg","caption":"Ana Carolina Damasceno"},"description":"Coordenadora de Jornalismo EMED. Comunicadora por natureza e forma\u00e7\u00e3o, que ama e perde a no\u00e7\u00e3o do tempo com m\u00fasica e s\u00e9rie.","url":"https:\/\/med.estrategia.com\/portal\/author\/ana-carolina-damasceno\/"}]}},"_wl_alt_label":[],"wl:entity_url":"\/post\/haco","_links":{"self":[{"href":"https:\/\/med.estrategia.com\/portal\/wp-json\/wp\/v2\/posts\/8113","targetHints":{"allow":["GET"]}}],"collection":[{"href":"https:\/\/med.estrategia.com\/portal\/wp-json\/wp\/v2\/posts"}],"about":[{"href":"https:\/\/med.estrategia.com\/portal\/wp-json\/wp\/v2\/types\/post"}],"author":[{"embeddable":true,"href":"https:\/\/med.estrategia.com\/portal\/wp-json\/wp\/v2\/users\/39"}],"replies":[{"embeddable":true,"href":"https:\/\/med.estrategia.com\/portal\/wp-json\/wp\/v2\/comments?post=8113"}],"version-history":[{"count":15,"href":"https:\/\/med.estrategia.com\/portal\/wp-json\/wp\/v2\/posts\/8113\/revisions"}],"predecessor-version":[{"id":23192,"href":"https:\/\/med.estrategia.com\/portal\/wp-json\/wp\/v2\/posts\/8113\/revisions\/23192"}],"wp:featuredmedia":[{"embeddable":true,"href":"https:\/\/med.estrategia.com\/portal\/wp-json\/wp\/v2\/media\/8114"}],"wp:attachment":[{"href":"https:\/\/med.estrategia.com\/portal\/wp-json\/wp\/v2\/media?parent=8113"}],"wp:term":[{"taxonomy":"category","embeddable":true,"href":"https:\/\/med.estrategia.com\/portal\/wp-json\/wp\/v2\/categories?post=8113"},{"taxonomy":"post_tag","embeddable":true,"href":"https:\/\/med.estrategia.com\/portal\/wp-json\/wp\/v2\/tags?post=8113"},{"taxonomy":"wl_entity_type","embeddable":true,"href":"https:\/\/med.estrategia.com\/portal\/wp-json\/wp\/v2\/wl_entity_type?post=8113"}],"curies":[{"name":"wp","href":"https:\/\/api.w.org\/{rel}","templated":true}]}}