{"id":82199,"date":"2025-02-10T09:21:10","date_gmt":"2025-02-10T12:21:10","guid":{"rendered":"https:\/\/med.estrategia.com\/portal\/?p=82199"},"modified":"2025-02-26T08:42:09","modified_gmt":"2025-02-26T11:42:09","slug":"resumo-do-modelo-biopsicossocial-fatores-abordagens-e-mais","status":"publish","type":"post","link":"https:\/\/med.estrategia.com\/portal\/conteudos-gratis\/ciclo-basico\/resumo-do-modelo-biopsicossocial-fatores-abordagens-e-mais\/","title":{"rendered":"Resumo do Modelo Biopsicossocial: fatores, abordagens e mais!"},"content":{"rendered":"<p><strong>Ol&aacute;, querido doutor e doutora!&nbsp; <\/strong>O modelo biopsicossocial prop&otilde;e uma abordagem integrada da sa&uacute;de, considerando fatores biol&oacute;gicos, psicol&oacute;gicos e sociais na compreens&atilde;o do adoecimento. Diferente do modelo biom&eacute;dico tradicional, essa perspectiva amplia o cuidado ao paciente, incluindo aspectos emocionais e contextuais no processo terap&ecirc;utico. Sua aplica&ccedil;&atilde;o na pr&aacute;tica cl&iacute;nica permite um atendimento mais humanizado, favorecendo melhores desfechos de sa&uacute;de.<p><em>A sa&uacute;de n&atilde;o pode ser compreendida apenas como a aus&ecirc;ncia de doen&ccedil;a, mas como um estado influenciado por m&uacute;ltiplos fatores que interagem entre si.<\/em><\/p><div id=\"ez-toc-container\" class=\"ez-toc-v2_0_79_2 counter-hierarchy ez-toc-counter ez-toc-transparent ez-toc-container-direction\">\n<div class=\"ez-toc-title-container\"><p class=\"ez-toc-title\" style=\"cursor:inherit\">Navegue pelo conte\u00fado<\/p>\n<\/div><nav><ul class='ez-toc-list ez-toc-list-level-1 ' ><li class='ez-toc-page-1 ez-toc-heading-level-2'><a class=\"ez-toc-link ez-toc-heading-1\" href=\"https:\/\/med.estrategia.com\/portal\/conteudos-gratis\/ciclo-basico\/resumo-do-modelo-biopsicossocial-fatores-abordagens-e-mais\/#O-Modelo-Biopsicossocial\" >O Modelo Biopsicossocial<\/a><\/li><li class='ez-toc-page-1 ez-toc-heading-level-2'><a class=\"ez-toc-link ez-toc-heading-2\" href=\"https:\/\/med.estrategia.com\/portal\/conteudos-gratis\/ciclo-basico\/resumo-do-modelo-biopsicossocial-fatores-abordagens-e-mais\/#Evolucao-Historica-do-Modelo-Biopsicossocial\" >Evolu&ccedil;&atilde;o Hist&oacute;rica do Modelo Biopsicossocial&nbsp;<\/a><\/li><li class='ez-toc-page-1 ez-toc-heading-level-2'><a class=\"ez-toc-link ez-toc-heading-3\" href=\"https:\/\/med.estrategia.com\/portal\/conteudos-gratis\/ciclo-basico\/resumo-do-modelo-biopsicossocial-fatores-abordagens-e-mais\/#Diferencas-entre-o-Modelo-Biomedico-e-o-Modelo-Biopsicossocial\" >Diferen&ccedil;as entre o Modelo Biom&eacute;dico e o Modelo Biopsicossocial&nbsp;<\/a><\/li><li class='ez-toc-page-1 ez-toc-heading-level-2'><a class=\"ez-toc-link ez-toc-heading-4\" href=\"https:\/\/med.estrategia.com\/portal\/conteudos-gratis\/ciclo-basico\/resumo-do-modelo-biopsicossocial-fatores-abordagens-e-mais\/#Aplicacao-Clinica-do-Modelo-Biopsicossocial\" >Aplica&ccedil;&atilde;o Cl&iacute;nica do Modelo Biopsicossocial&nbsp;&nbsp;<\/a><\/li><li class='ez-toc-page-1 ez-toc-heading-level-2'><a class=\"ez-toc-link ez-toc-heading-5\" href=\"https:\/\/med.estrategia.com\/portal\/conteudos-gratis\/ciclo-basico\/resumo-do-modelo-biopsicossocial-fatores-abordagens-e-mais\/#Veja-Tambem\" >Veja Tamb&eacute;m<\/a><\/li><li class='ez-toc-page-1 ez-toc-heading-level-2'><a class=\"ez-toc-link ez-toc-heading-6\" href=\"https:\/\/med.estrategia.com\/portal\/conteudos-gratis\/ciclo-basico\/resumo-do-modelo-biopsicossocial-fatores-abordagens-e-mais\/#Canal-do-YouTube\" >Canal do YouTube&nbsp;<\/a><\/li><li class='ez-toc-page-1 ez-toc-heading-level-2'><a class=\"ez-toc-link ez-toc-heading-7\" href=\"https:\/\/med.estrategia.com\/portal\/conteudos-gratis\/ciclo-basico\/resumo-do-modelo-biopsicossocial-fatores-abordagens-e-mais\/#Referencias-Bibliograficas\" >Refer&ecirc;ncias Bibliogr&aacute;ficas&nbsp;<\/a><\/li><\/ul><\/nav><\/div>\n<h2 class=\"wp-block-heading\" id=\"h-o-modelo-biopsicossocial\"><span class=\"ez-toc-section\" id=\"O-Modelo-Biopsicossocial\"><\/span>O Modelo Biopsicossocial<span class=\"ez-toc-section-end\"><\/span><\/h2><p>O modelo biopsicossocial &eacute; uma abordagem que <strong>considera a sa&uacute;de e a doen&ccedil;a como resultado da intera&ccedil;&atilde;o entre fatores biol&oacute;gicos, psicol&oacute;gicos e sociais.<\/strong> Diferente do modelo biom&eacute;dico tradicional, que se concentra exclusivamente nos aspectos f&iacute;sicos da doen&ccedil;a, essa perspectiva amplia a compreens&atilde;o do processo de adoecimento ao incluir elementos subjetivos e contextuais do paciente.<\/p><p>Essa abordagem reconhece que as condi&ccedil;&otilde;es de sa&uacute;de <strong>n&atilde;o podem ser analisadas isoladamente<\/strong>, pois est&atilde;o interligadas a fatores emocionais, comportamentais e ambientais. Assim, al&eacute;m do diagn&oacute;stico e do tratamento de patologias, o modelo prop&otilde;e um olhar mais abrangente sobre o paciente, contemplando sua qualidade de vida, suas rela&ccedil;&otilde;es interpessoais e seu contexto socioecon&ocirc;mico.<\/p><p>\n\n\n\n<div class=\"estrategia-catalog\"><p>Categoria \"Extensivo de Resid&ecirc;ncia M&eacute;dica\" n\u00e3o encontrada no cat\u00e1logo.<\/p><\/div>\n\n\n\n<\/p><h2 class=\"wp-block-heading\" id=\"h-evolucao-historica-do-modelo-biopsicossocial-nbsp\"><span class=\"ez-toc-section\" id=\"Evolucao-Historica-do-Modelo-Biopsicossocial\"><\/span>Evolu&ccedil;&atilde;o Hist&oacute;rica do Modelo Biopsicossocial&nbsp;<span class=\"ez-toc-section-end\"><\/span><\/h2><p>O modelo biopsicossocial surgiu como uma <strong>alternativa ao modelo biom&eacute;dico<\/strong>, que dominava a medicina desde o s&eacute;culo XIX ao focar exclusivamente nos aspectos biol&oacute;gicos das doen&ccedil;as. Essa vis&atilde;o reducionista demonstrou efic&aacute;cia no tratamento de infec&ccedil;&otilde;es e condi&ccedil;&otilde;es cir&uacute;rgicas, mas falhava ao lidar com doen&ccedil;as cr&ocirc;nicas, transtornos mentais e fatores comportamentais que influenciam a sa&uacute;de. Em resposta a essas limita&ccedil;&otilde;es, <strong>George Engel <\/strong>prop&ocirc;s, em 1977, um novo paradigma que incorporava fatores psicol&oacute;gicos e sociais no entendimento da sa&uacute;de e da doen&ccedil;a, destacando que aspectos emocionais, comportamentais e contextuais tamb&eacute;m influenciam o processo de adoecimento e recupera&ccedil;&atilde;o.<\/p><p>A partir dessa proposta, o modelo biopsicossocial passou a ser adotado gradualmente <strong>em<\/strong> <strong>diferentes &aacute;reas da sa&uacute;de<\/strong>, como psiquiatria, medicina de fam&iacute;lia e reabilita&ccedil;&atilde;o. Essa abordagem melhora a ades&atilde;o ao tratamento, favorece a recupera&ccedil;&atilde;o do paciente e proporciona um cuidado mais humanizado. Com o tempo, sua aplica&ccedil;&atilde;o se expandiu para pol&iacute;ticas p&uacute;blicas e pr&aacute;ticas interdisciplinares, refor&ccedil;ando a necessidade de integrar m&uacute;ltiplas dimens&otilde;es no atendimento em sa&uacute;de.<\/p><h3 class=\"wp-block-heading\" id=\"h-fatores-biopsicossociais\">Fatores Biopsicossociais<\/h3><p>Os fatores biopsicossociais s&atilde;o divididos em tr&ecirc;s categorias principais:&nbsp;<\/p><ol class=\"wp-block-list\">\n<li><strong>Fatores biol&oacute;gicos<\/strong>: incluem aspectos gen&eacute;ticos, fisiol&oacute;gicos e anat&ocirc;micos, como predisposi&ccedil;&atilde;o gen&eacute;tica, funcionamento dos &oacute;rg&atilde;os e presen&ccedil;a de doen&ccedil;as f&iacute;sicas.&nbsp;<\/li>\n<\/ol><ol class=\"wp-block-list\" start=\"2\">\n<li><strong>Fatores psicol&oacute;gicos<\/strong>: englobam emo&ccedil;&otilde;es, cogni&ccedil;&atilde;o e comportamentos que influenciam a sa&uacute;de, como estresse, ansiedade, depress&atilde;o, resili&ecirc;ncia e mecanismos de enfrentamento.&nbsp;<\/li>\n<\/ol><ol class=\"wp-block-list\" start=\"3\">\n<li><strong>Fatores sociais<\/strong>: envolvem o contexto em que a pessoa vive, incluindo suporte familiar, rela&ccedil;&otilde;es interpessoais, condi&ccedil;&otilde;es de trabalho, n&iacute;vel socioecon&ocirc;mico, acesso &agrave; sa&uacute;de e cultura.<\/li>\n<\/ol><h2 class=\"wp-block-heading\" id=\"h-diferencas-entre-o-modelo-biomedico-e-o-modelo-biopsicossocial-nbsp\"><span class=\"ez-toc-section\" id=\"Diferencas-entre-o-Modelo-Biomedico-e-o-Modelo-Biopsicossocial\"><\/span>Diferen&ccedil;as entre o Modelo Biom&eacute;dico e o Modelo Biopsicossocial&nbsp;<span class=\"ez-toc-section-end\"><\/span><\/h2><h3 class=\"wp-block-heading\" id=\"h-enfoque-no-processo-de-doenca-e-saude-nbsp\">Enfoque no Processo de Doen&ccedil;a e Sa&uacute;de&nbsp;<\/h3><ul class=\"wp-block-list\">\n<li><strong>Modelo biom&eacute;dico<\/strong>: considera a doen&ccedil;a como um fen&ocirc;meno exclusivamente biol&oacute;gico, resultado de disfun&ccedil;&otilde;es fisiol&oacute;gicas ou processos patol&oacute;gicos. A abordagem prioriza exames laboratoriais, imagens e tratamentos farmacol&oacute;gicos ou cir&uacute;rgicos.&nbsp;<\/li>\n<\/ul><ul class=\"wp-block-list\">\n<li><strong>Modelo biopsicossocial<\/strong>: entende a sa&uacute;de como um estado influenciado por m&uacute;ltiplos fatores, incluindo biologia, emo&ccedil;&otilde;es, rela&ccedil;&otilde;es sociais e contexto ambiental. Al&eacute;m dos exames cl&iacute;nicos, considera aspectos subjetivos e sociais que podem interferir na doen&ccedil;a.<\/li>\n<\/ul><h3 class=\"wp-block-heading\" id=\"h-papel-do-paciente-no-processo-de-tratamento-nbsp\">Papel do Paciente no Processo de Tratamento&nbsp;<\/h3><ul class=\"wp-block-list\">\n<li><strong>Modelo biom&eacute;dico<\/strong>: o paciente &eacute; visto como um receptor passivo do tratamento, com pouca participa&ccedil;&atilde;o no seu pr&oacute;prio cuidado. O foco est&aacute; na corre&ccedil;&atilde;o do problema biol&oacute;gico diagnosticado.&nbsp;<\/li>\n<\/ul><ul class=\"wp-block-list\">\n<li><strong>Modelo biopsicossocial<\/strong>: o paciente &eacute; um agente ativo no seu processo de sa&uacute;de, e o tratamento envolve sua participa&ccedil;&atilde;o, seja na ado&ccedil;&atilde;o de novos h&aacute;bitos, na modifica&ccedil;&atilde;o do ambiente ou no suporte psicol&oacute;gico.<\/li>\n<\/ul><h3 class=\"wp-block-heading\" id=\"h-abordagem-terapeutica-nbsp\">Abordagem Terap&ecirc;utica&nbsp;<\/h3><ul class=\"wp-block-list\">\n<li><strong>Modelo biom&eacute;dico<\/strong>: o tratamento &eacute; baseado predominantemente em interven&ccedil;&otilde;es m&eacute;dicas, como medicamentos, procedimentos cir&uacute;rgicos e terapias f&iacute;sicas, com menor aten&ccedil;&atilde;o a fatores emocionais e sociais.&nbsp;<\/li>\n<\/ul><ul class=\"wp-block-list\">\n<li><strong>Modelo biopsicossocial<\/strong>: a interven&ccedil;&atilde;o &eacute; mais ampla, combinando o uso de medicamentos com suporte psicol&oacute;gico, mudan&ccedil;as no estilo de vida e aten&ccedil;&atilde;o &agrave;s condi&ccedil;&otilde;es sociais que podem impactar a recupera&ccedil;&atilde;o do paciente.<\/li>\n<\/ul><h3 class=\"wp-block-heading\" id=\"h-relacao-medico-paciente-nbsp\">Rela&ccedil;&atilde;o M&eacute;dico-Paciente&nbsp;<\/h3><ul class=\"wp-block-list\">\n<li><strong>Modelo biom&eacute;dico<\/strong>: a rela&ccedil;&atilde;o m&eacute;dico-paciente tende a ser mais centrada no profissional de sa&uacute;de, com foco na doen&ccedil;a em si, e nem sempre inclui um espa&ccedil;o para que o paciente expresse seus sentimentos e preocupa&ccedil;&otilde;es.&nbsp;<\/li>\n<\/ul><ul class=\"wp-block-list\">\n<li><strong>Modelo biopsicossocial<\/strong>: a comunica&ccedil;&atilde;o entre m&eacute;dico e paciente &eacute; mais pr&oacute;xima, com &ecirc;nfase na escuta ativa e no acolhimento, permitindo que o profissional compreenda melhor as necessidades individuais do paciente.<\/li>\n<\/ul><h2 class=\"wp-block-heading\" id=\"h-aplicacao-clinica-do-modelo-biopsicossocial-nbsp-nbsp\"><span class=\"ez-toc-section\" id=\"Aplicacao-Clinica-do-Modelo-Biopsicossocial\"><\/span>Aplica&ccedil;&atilde;o Cl&iacute;nica do Modelo Biopsicossocial&nbsp;&nbsp;<span class=\"ez-toc-section-end\"><\/span><\/h2><p>A aplica&ccedil;&atilde;o do modelo biopsicossocial na pr&aacute;tica m&eacute;dica envolve a integra&ccedil;&atilde;o de aspectos biol&oacute;gicos, psicol&oacute;gicos e sociais no atendimento ao paciente. Em vez de focar exclusivamente no diagn&oacute;stico e tratamento da doen&ccedil;a, essa abordagem <strong>considera a experi&ecirc;ncia individual do paciente, seus h&aacute;bitos, sua rede de apoio e sua condi&ccedil;&atilde;o socioecon&ocirc;mica.<\/strong> Dessa forma, o tratamento &eacute; planejado de maneira mais abrangente e personalizada.<\/p><p>Na pr&aacute;tica cl&iacute;nica, a ado&ccedil;&atilde;o desse modelo come&ccedil;a pela <strong>escuta ativa<\/strong> e pela <strong>valoriza&ccedil;&atilde;o da queixa do paciente<\/strong>, indo al&eacute;m dos sintomas f&iacute;sicos. O profissional de sa&uacute;de deve investigar fatores emocionais, como estresse e ansiedade, que podem influenciar o quadro cl&iacute;nico, bem como elementos sociais, como ambiente de trabalho, rela&ccedil;&otilde;es familiares e acesso a recursos de sa&uacute;de. Alguns exemplos de doen&ccedil;as biopsicossociais incluem:&nbsp;<\/p><ul class=\"wp-block-list\">\n<li><strong>Transtornos mentais<\/strong>: depress&atilde;o, ansiedade, transtorno de estresse p&oacute;s-traum&aacute;tico, esquizofrenia.&nbsp;<\/li>\n<\/ul><ul class=\"wp-block-list\">\n<li><strong>Doen&ccedil;as cr&ocirc;nicas<\/strong>: diabetes, hipertens&atilde;o, doen&ccedil;as cardiovasculares e obesidade, que sofrem influ&ecirc;ncia de h&aacute;bitos de vida e fatores emocionais.&nbsp;<\/li>\n<\/ul><ul class=\"wp-block-list\">\n<li><strong>Dor cr&ocirc;nica<\/strong>: lombalgia, fibromialgia e cefaleias tensionais, onde aspectos emocionais e sociais interferem na percep&ccedil;&atilde;o da dor.&nbsp;<\/li>\n<\/ul><ul class=\"wp-block-list\">\n<li><strong>Depend&ecirc;ncia qu&iacute;mica<\/strong>: alcoolismo, tabagismo e abuso de subst&acirc;ncias, influenciados por fatores psicol&oacute;gicos e pelo ambiente social.&nbsp;<\/li>\n<\/ul><ul class=\"wp-block-list\">\n<li><strong>Transtornos psicossom&aacute;ticos<\/strong>: doen&ccedil;as gastrointestinais (como s&iacute;ndrome do intestino irrit&aacute;vel), dermatol&oacute;gicas (psor&iacute;ase) e cardiovasculares, que t&ecirc;m grande rela&ccedil;&atilde;o com o estado emocional.<\/li>\n<\/ul><p><strong><em>Venha fazer parte da maior plataforma de Medicina do Brasil! O Estrat&eacute;gia MED possui os materiais mais atualizados e cursos ministrados por especialistas na &aacute;rea. N&atilde;o perca a oportunidade de elevar seus estudos, inscreva-se agora e comece a construir um caminho de excel&ecirc;ncia na medicina!<\/em><\/strong>&nbsp;<\/p><p><strong><a id=\"cta\" class=\"cta-imagem\" href=\"https:\/\/med.estrategia.com\/cursos\/extensivo-de-residncia-mdica\/\" target=\"blank\">\n                <img decoding=\"async\" width=\"100%\" src=\"https:\/\/med.estrategia.com\/portal\/wp-content\/uploads\/2025\/08\/extensivo_rm.jpg\" alt=\"Extensivo RM\" title=\"extensivo_rm\">\n        <\/a><\/strong><\/p><h2 class=\"wp-block-heading\" id=\"h-veja-tambem\"><span class=\"ez-toc-section\" id=\"Veja-Tambem\"><\/span>Veja Tamb&eacute;m<span class=\"ez-toc-section-end\"><\/span><\/h2><ul class=\"wp-block-list\">\n<li><a href=\"https:\/\/med.estrategia.com\/portal\/conteudos-gratis\/ciclo-basico\/resumo-de-ausculta-cardiaca-semiologia-focos-sons-e-mais\/\">Resumo de Ausculta Card&iacute;aca: semiologia, focos, sons e mais!<\/a><\/li>\n\n\n\n<li><a href=\"https:\/\/med.estrategia.com\/portal\/conteudos-gratis\/procedimentos\/resumo-de-ausculta-pulmonar-tecnica-sons-e-muito-mais\/\">Resumo de Ausculta Pulmonar: t&eacute;cnica, sons e muito mais!<\/a><\/li>\n\n\n\n<li><a href=\"https:\/\/med.estrategia.com\/portal\/conteudos-gratis\/resumo-de-estetoscopio-diagnostico-tratamento-e-mais\/\">Resumo de estetosc&oacute;pio: componentes, indica&ccedil;&otilde;es de uso e mais!<\/a><\/li>\n\n\n\n<li><a href=\"https:\/\/med.estrategia.com\/portal\/conteudos-gratis\/resumed\/tep-tromboembolismo-pulmonar\/\">ResuMED de TEP (tromboembolismo pulmonar): fisiopatologia, manifesta&ccedil;&otilde;es cl&iacute;nicas, exames e mais<\/a><\/li>\n\n\n\n<li><a href=\"https:\/\/med.estrategia.com\/portal\/conteudos-gratis\/doencas\/resumo-de-sopros-cardiacos-tipos-causas-e-mais\/\">Resumo de sopros card&iacute;acos: tipos, causas e mais!<\/a><\/li>\n\n\n\n<li><a href=\"https:\/\/med.estrategia.com\/portal\/conteudos-gratis\/doencas\/resumo-de-pneumonia\/\">Resumo de pneumonia: manifesta&ccedil;&otilde;es cl&iacute;nicas, diagn&oacute;stico, tratamento e mais!<\/a><\/li>\n\n\n\n<li><a href=\"https:\/\/med.estrategia.com\/portal\/conteudos-gratis\/resumed\/resumed-de-bronquiolite\/\">ResuMED de bronquiolite: etiopatogenia, quadro cl&iacute;nico, tratamento e mais!<\/a><\/li>\n\n\n\n<li><a href=\"https:\/\/med.estrategia.com\/portal\/conteudos-gratis\/doencas\/dispneia\/\">Dispneia: o que &eacute;, tipos e tratamento!<\/a><\/li>\n<\/ul><h2 class=\"wp-block-heading\" id=\"h-canal-do-youtube-nbsp\"><span class=\"ez-toc-section\" id=\"Canal-do-YouTube\"><\/span>Canal do YouTube&nbsp;<span class=\"ez-toc-section-end\"><\/span><\/h2><ul class=\"wp-block-list\">\n<li><a href=\"https:\/\/www.youtube.com\/@EstrategiaMED\" target=\"_blank\" rel=\"noopener noreferrer\">YouTube do Estrat&eacute;gia MED<\/a><\/li>\n<\/ul><h2 class=\"wp-block-heading\" id=\"h-referencias-bibliograficas-nbsp\"><span class=\"ez-toc-section\" id=\"Referencias-Bibliograficas\"><\/span>Refer&ecirc;ncias Bibliogr&aacute;ficas&nbsp;<span class=\"ez-toc-section-end\"><\/span><\/h2><ol class=\"wp-block-list\">\n<li>CASTANEDA, Luciana. O<strong> cuidado em sa&uacute;de e o modelo biopsicossocial: apreender para agir<\/strong>. CoDAS, v. 31, n. 5, p. e20180312, 2019. Dispon&iacute;vel em: https:\/\/doi.org\/10.1590\/2317-1782\/20192018312. Acesso em: 10 fev. 2025.&nbsp;<\/li>\n<\/ol><ol class=\"wp-block-list\" start=\"2\">\n<li>DE MARCO, Mario Alfredo. <strong>Do Modelo Biom&eacute;dico ao Modelo Biopsicossocial: um projeto de educa&ccedil;&atilde;o permanente<\/strong>. Revista Brasileira de Educa&ccedil;&atilde;o M&eacute;dica, Rio de Janeiro, v. 30, n. 1, p. 60, jan.\/abr. 2006.<\/li>\n<\/ol><\/p>\n","protected":false},"excerpt":{"rendered":"Ol&aacute;, querido doutor e doutora!&nbsp; O modelo biopsicossocial prop&otilde;e uma abordagem integrada da sa&uacute;de, considerando fatores biol&oacute;gicos, psicol&oacute;gicos&hellip;\n","protected":false},"author":46,"featured_media":82200,"comment_status":"closed","ping_status":"closed","sticky":false,"template":"","format":"standard","meta":{"wl_entities_gutenberg":"","footnotes":""},"categories":[618],"tags":[1250],"wl_entity_type":[199],"class_list":{"0":"post-82199","1":"post","2":"type-post","3":"status-publish","4":"format-standard","5":"has-post-thumbnail","7":"category-ciclo-basico","8":"tag-biopsicossocial","9":"wl_entity_type-article"},"acf":[],"yoast_head":"<!-- This site is optimized with the Yoast SEO Premium plugin v26.6 (Yoast SEO v26.6) - https:\/\/yoast.com\/wordpress\/plugins\/seo\/ -->\n<title>Resumo do Modelo Biopsicossocial: fatores, abordagens e mais!<\/title>\n<meta name=\"description\" content=\"O modelo biopsicossocial considera a sa\u00fade e a doen\u00e7a como resultado da intera\u00e7\u00e3o entre fatores biol\u00f3gicos, psicol\u00f3gicos e sociais.\" \/>\n<meta name=\"robots\" content=\"index, follow, max-snippet:-1, max-image-preview:large, max-video-preview:-1\" \/>\n<link rel=\"canonical\" href=\"https:\/\/med.estrategia.com\/portal\/conteudos-gratis\/ciclo-basico\/resumo-do-modelo-biopsicossocial-fatores-abordagens-e-mais\/\" \/>\n<meta property=\"og:locale\" content=\"pt_BR\" \/>\n<meta property=\"og:type\" content=\"article\" \/>\n<meta property=\"og:title\" content=\"Resumo do Modelo Biopsicossocial: fatores, abordagens e mais!\" \/>\n<meta property=\"og:description\" content=\"O modelo biopsicossocial considera a sa\u00fade e a doen\u00e7a como resultado da intera\u00e7\u00e3o entre fatores biol\u00f3gicos, psicol\u00f3gicos e sociais.\" \/>\n<meta property=\"og:url\" content=\"https:\/\/med.estrategia.com\/portal\/conteudos-gratis\/ciclo-basico\/resumo-do-modelo-biopsicossocial-fatores-abordagens-e-mais\/\" \/>\n<meta property=\"og:site_name\" content=\"Estrat\u00e9gia MED\" \/>\n<meta property=\"article:publisher\" content=\"https:\/\/www.facebook.com\/estrategiamed1\" \/>\n<meta property=\"article:published_time\" content=\"2025-02-10T12:21:10+00:00\" \/>\n<meta property=\"article:modified_time\" content=\"2025-02-26T11:42:09+00:00\" \/>\n<meta property=\"og:image\" content=\"https:\/\/med.estrategia.com\/portal\/wp-content\/uploads\/2025\/02\/pexels-pixabay-40568.jpg\" \/>\n\t<meta property=\"og:image:width\" content=\"1920\" \/>\n\t<meta property=\"og:image:height\" content=\"1280\" \/>\n\t<meta property=\"og:image:type\" content=\"image\/jpeg\" \/>\n<meta name=\"author\" content=\"Pablo Fernandes\" \/>\n<meta name=\"twitter:card\" content=\"summary_large_image\" \/>\n<meta name=\"twitter:creator\" content=\"@estrategiamed_\" \/>\n<meta name=\"twitter:site\" content=\"@estrategiamed_\" \/>\n<meta name=\"twitter:label1\" content=\"Escrito por\" \/>\n\t<meta name=\"twitter:data1\" content=\"Pablo Fernandes\" \/>\n\t<meta name=\"twitter:label2\" content=\"Est. tempo de leitura\" \/>\n\t<meta name=\"twitter:data2\" content=\"7 minutos\" \/>\n<script type=\"application\/ld+json\" class=\"yoast-schema-graph\">{\"@context\":\"https:\/\/schema.org\",\"@graph\":[{\"@type\":\"WebPage\",\"@id\":\"https:\/\/med.estrategia.com\/portal\/conteudos-gratis\/ciclo-basico\/resumo-do-modelo-biopsicossocial-fatores-abordagens-e-mais\/\",\"url\":\"https:\/\/med.estrategia.com\/portal\/conteudos-gratis\/ciclo-basico\/resumo-do-modelo-biopsicossocial-fatores-abordagens-e-mais\/\",\"name\":\"Resumo do Modelo Biopsicossocial: fatores, abordagens e mais!\",\"isPartOf\":{\"@id\":\"https:\/\/med.estrategia.com\/portal\/#website\"},\"primaryImageOfPage\":{\"@id\":\"https:\/\/med.estrategia.com\/portal\/conteudos-gratis\/ciclo-basico\/resumo-do-modelo-biopsicossocial-fatores-abordagens-e-mais\/#primaryimage\"},\"image\":{\"@id\":\"https:\/\/med.estrategia.com\/portal\/conteudos-gratis\/ciclo-basico\/resumo-do-modelo-biopsicossocial-fatores-abordagens-e-mais\/#primaryimage\"},\"thumbnailUrl\":\"https:\/\/med.estrategia.com\/portal\/wp-content\/uploads\/2025\/02\/pexels-pixabay-40568.jpg\",\"datePublished\":\"2025-02-10T12:21:10+00:00\",\"dateModified\":\"2025-02-26T11:42:09+00:00\",\"author\":{\"@id\":\"https:\/\/med.estrategia.com\/portal\/#\/schema\/person\/67a72aa9c51ed5919796767d808606b4\"},\"description\":\"O modelo biopsicossocial considera a sa\u00fade e a doen\u00e7a como resultado da intera\u00e7\u00e3o entre fatores biol\u00f3gicos, psicol\u00f3gicos e sociais.\",\"breadcrumb\":{\"@id\":\"https:\/\/med.estrategia.com\/portal\/conteudos-gratis\/ciclo-basico\/resumo-do-modelo-biopsicossocial-fatores-abordagens-e-mais\/#breadcrumb\"},\"inLanguage\":\"pt-BR\",\"potentialAction\":[{\"@type\":\"ReadAction\",\"target\":[\"https:\/\/med.estrategia.com\/portal\/conteudos-gratis\/ciclo-basico\/resumo-do-modelo-biopsicossocial-fatores-abordagens-e-mais\/\"]}]},{\"@type\":\"ImageObject\",\"inLanguage\":\"pt-BR\",\"@id\":\"https:\/\/med.estrategia.com\/portal\/conteudos-gratis\/ciclo-basico\/resumo-do-modelo-biopsicossocial-fatores-abordagens-e-mais\/#primaryimage\",\"url\":\"https:\/\/med.estrategia.com\/portal\/wp-content\/uploads\/2025\/02\/pexels-pixabay-40568.jpg\",\"contentUrl\":\"https:\/\/med.estrategia.com\/portal\/wp-content\/uploads\/2025\/02\/pexels-pixabay-40568.jpg\",\"width\":1920,\"height\":1280,\"caption\":\"Pexels\"},{\"@type\":\"BreadcrumbList\",\"@id\":\"https:\/\/med.estrategia.com\/portal\/conteudos-gratis\/ciclo-basico\/resumo-do-modelo-biopsicossocial-fatores-abordagens-e-mais\/#breadcrumb\",\"itemListElement\":[{\"@type\":\"ListItem\",\"position\":1,\"name\":\"Home\",\"item\":\"https:\/\/med.estrategia.com\/portal\/\"},{\"@type\":\"ListItem\",\"position\":2,\"name\":\"Conte\u00fados Gr\u00e1tis\",\"item\":\"https:\/\/med.estrategia.com\/portal\/conteudos-gratis\/\"},{\"@type\":\"ListItem\",\"position\":3,\"name\":\"Ciclo B\u00e1sico\",\"item\":\"https:\/\/med.estrategia.com\/portal\/conteudos-gratis\/ciclo-basico\/\"},{\"@type\":\"ListItem\",\"position\":4,\"name\":\"Resumo do Modelo Biopsicossocial: fatores, abordagens e mais!\"}]},{\"@type\":\"WebSite\",\"@id\":\"https:\/\/med.estrategia.com\/portal\/#website\",\"url\":\"https:\/\/med.estrategia.com\/portal\/\",\"name\":\"Estrat\u00e9gia MED\",\"description\":\"\",\"potentialAction\":[{\"@type\":\"SearchAction\",\"target\":{\"@type\":\"EntryPoint\",\"urlTemplate\":\"https:\/\/med.estrategia.com\/portal\/?s={search_term_string}\"},\"query-input\":{\"@type\":\"PropertyValueSpecification\",\"valueRequired\":true,\"valueName\":\"search_term_string\"}}],\"inLanguage\":\"pt-BR\"},{\"@type\":\"Person\",\"@id\":\"https:\/\/med.estrategia.com\/portal\/#\/schema\/person\/67a72aa9c51ed5919796767d808606b4\",\"name\":\"Pablo Fernandes\",\"image\":{\"@type\":\"ImageObject\",\"inLanguage\":\"pt-BR\",\"@id\":\"https:\/\/med.estrategia.com\/portal\/#\/schema\/person\/image\/\",\"url\":\"https:\/\/med.estrategia.com\/portal\/wp-content\/uploads\/2025\/07\/DSC_0059-1-150x150.jpg\",\"contentUrl\":\"https:\/\/med.estrategia.com\/portal\/wp-content\/uploads\/2025\/07\/DSC_0059-1-150x150.jpg\",\"caption\":\"Pablo Fernandes\"},\"description\":\"R1 em Medicina de Fam\u00edlia e Comunidade, mineiro e apaixonado por Jesus.\",\"sameAs\":[\"https:\/\/www.instagram.com\/pablowiil\/\"],\"url\":\"https:\/\/med.estrategia.com\/portal\/author\/pablo-souza\/\"}]}<\/script>\n<!-- \/ Yoast SEO Premium plugin. -->","yoast_head_json":{"title":"Resumo do Modelo Biopsicossocial: fatores, abordagens e mais!","description":"O modelo biopsicossocial considera a sa\u00fade e a doen\u00e7a como resultado da intera\u00e7\u00e3o entre fatores biol\u00f3gicos, psicol\u00f3gicos e sociais.","robots":{"index":"index","follow":"follow","max-snippet":"max-snippet:-1","max-image-preview":"max-image-preview:large","max-video-preview":"max-video-preview:-1"},"canonical":"https:\/\/med.estrategia.com\/portal\/conteudos-gratis\/ciclo-basico\/resumo-do-modelo-biopsicossocial-fatores-abordagens-e-mais\/","og_locale":"pt_BR","og_type":"article","og_title":"Resumo do Modelo Biopsicossocial: fatores, abordagens e mais!","og_description":"O modelo biopsicossocial considera a sa\u00fade e a doen\u00e7a como resultado da intera\u00e7\u00e3o entre fatores biol\u00f3gicos, psicol\u00f3gicos e sociais.","og_url":"https:\/\/med.estrategia.com\/portal\/conteudos-gratis\/ciclo-basico\/resumo-do-modelo-biopsicossocial-fatores-abordagens-e-mais\/","og_site_name":"Estrat\u00e9gia MED","article_publisher":"https:\/\/www.facebook.com\/estrategiamed1","article_published_time":"2025-02-10T12:21:10+00:00","article_modified_time":"2025-02-26T11:42:09+00:00","og_image":[{"width":1920,"height":1280,"url":"https:\/\/med.estrategia.com\/portal\/wp-content\/uploads\/2025\/02\/pexels-pixabay-40568.jpg","type":"image\/jpeg"}],"author":"Pablo Fernandes","twitter_card":"summary_large_image","twitter_creator":"@estrategiamed_","twitter_site":"@estrategiamed_","twitter_misc":{"Escrito por":"Pablo Fernandes","Est. tempo de leitura":"7 minutos"},"schema":{"@context":"https:\/\/schema.org","@graph":[{"@type":"WebPage","@id":"https:\/\/med.estrategia.com\/portal\/conteudos-gratis\/ciclo-basico\/resumo-do-modelo-biopsicossocial-fatores-abordagens-e-mais\/","url":"https:\/\/med.estrategia.com\/portal\/conteudos-gratis\/ciclo-basico\/resumo-do-modelo-biopsicossocial-fatores-abordagens-e-mais\/","name":"Resumo do Modelo Biopsicossocial: fatores, abordagens e mais!","isPartOf":{"@id":"https:\/\/med.estrategia.com\/portal\/#website"},"primaryImageOfPage":{"@id":"https:\/\/med.estrategia.com\/portal\/conteudos-gratis\/ciclo-basico\/resumo-do-modelo-biopsicossocial-fatores-abordagens-e-mais\/#primaryimage"},"image":{"@id":"https:\/\/med.estrategia.com\/portal\/conteudos-gratis\/ciclo-basico\/resumo-do-modelo-biopsicossocial-fatores-abordagens-e-mais\/#primaryimage"},"thumbnailUrl":"https:\/\/med.estrategia.com\/portal\/wp-content\/uploads\/2025\/02\/pexels-pixabay-40568.jpg","datePublished":"2025-02-10T12:21:10+00:00","dateModified":"2025-02-26T11:42:09+00:00","author":{"@id":"https:\/\/med.estrategia.com\/portal\/#\/schema\/person\/67a72aa9c51ed5919796767d808606b4"},"description":"O modelo biopsicossocial considera a sa\u00fade e a doen\u00e7a como resultado da intera\u00e7\u00e3o entre fatores biol\u00f3gicos, psicol\u00f3gicos e sociais.","breadcrumb":{"@id":"https:\/\/med.estrategia.com\/portal\/conteudos-gratis\/ciclo-basico\/resumo-do-modelo-biopsicossocial-fatores-abordagens-e-mais\/#breadcrumb"},"inLanguage":"pt-BR","potentialAction":[{"@type":"ReadAction","target":["https:\/\/med.estrategia.com\/portal\/conteudos-gratis\/ciclo-basico\/resumo-do-modelo-biopsicossocial-fatores-abordagens-e-mais\/"]}]},{"@type":"ImageObject","inLanguage":"pt-BR","@id":"https:\/\/med.estrategia.com\/portal\/conteudos-gratis\/ciclo-basico\/resumo-do-modelo-biopsicossocial-fatores-abordagens-e-mais\/#primaryimage","url":"https:\/\/med.estrategia.com\/portal\/wp-content\/uploads\/2025\/02\/pexels-pixabay-40568.jpg","contentUrl":"https:\/\/med.estrategia.com\/portal\/wp-content\/uploads\/2025\/02\/pexels-pixabay-40568.jpg","width":1920,"height":1280,"caption":"Pexels"},{"@type":"BreadcrumbList","@id":"https:\/\/med.estrategia.com\/portal\/conteudos-gratis\/ciclo-basico\/resumo-do-modelo-biopsicossocial-fatores-abordagens-e-mais\/#breadcrumb","itemListElement":[{"@type":"ListItem","position":1,"name":"Home","item":"https:\/\/med.estrategia.com\/portal\/"},{"@type":"ListItem","position":2,"name":"Conte\u00fados Gr\u00e1tis","item":"https:\/\/med.estrategia.com\/portal\/conteudos-gratis\/"},{"@type":"ListItem","position":3,"name":"Ciclo B\u00e1sico","item":"https:\/\/med.estrategia.com\/portal\/conteudos-gratis\/ciclo-basico\/"},{"@type":"ListItem","position":4,"name":"Resumo do Modelo Biopsicossocial: fatores, abordagens e mais!"}]},{"@type":"WebSite","@id":"https:\/\/med.estrategia.com\/portal\/#website","url":"https:\/\/med.estrategia.com\/portal\/","name":"Estrat\u00e9gia MED","description":"","potentialAction":[{"@type":"SearchAction","target":{"@type":"EntryPoint","urlTemplate":"https:\/\/med.estrategia.com\/portal\/?s={search_term_string}"},"query-input":{"@type":"PropertyValueSpecification","valueRequired":true,"valueName":"search_term_string"}}],"inLanguage":"pt-BR"},{"@type":"Person","@id":"https:\/\/med.estrategia.com\/portal\/#\/schema\/person\/67a72aa9c51ed5919796767d808606b4","name":"Pablo Fernandes","image":{"@type":"ImageObject","inLanguage":"pt-BR","@id":"https:\/\/med.estrategia.com\/portal\/#\/schema\/person\/image\/","url":"https:\/\/med.estrategia.com\/portal\/wp-content\/uploads\/2025\/07\/DSC_0059-1-150x150.jpg","contentUrl":"https:\/\/med.estrategia.com\/portal\/wp-content\/uploads\/2025\/07\/DSC_0059-1-150x150.jpg","caption":"Pablo Fernandes"},"description":"R1 em Medicina de Fam\u00edlia e Comunidade, mineiro e apaixonado por Jesus.","sameAs":["https:\/\/www.instagram.com\/pablowiil\/"],"url":"https:\/\/med.estrategia.com\/portal\/author\/pablo-souza\/"}]}},"_wl_alt_label":[],"wl:entity_url":"\/post\/resumo-de-modelo-biopsicossocial-fatores-abordagens-e-mais-82199","_links":{"self":[{"href":"https:\/\/med.estrategia.com\/portal\/wp-json\/wp\/v2\/posts\/82199","targetHints":{"allow":["GET"]}}],"collection":[{"href":"https:\/\/med.estrategia.com\/portal\/wp-json\/wp\/v2\/posts"}],"about":[{"href":"https:\/\/med.estrategia.com\/portal\/wp-json\/wp\/v2\/types\/post"}],"author":[{"embeddable":true,"href":"https:\/\/med.estrategia.com\/portal\/wp-json\/wp\/v2\/users\/46"}],"replies":[{"embeddable":true,"href":"https:\/\/med.estrategia.com\/portal\/wp-json\/wp\/v2\/comments?post=82199"}],"version-history":[{"count":2,"href":"https:\/\/med.estrategia.com\/portal\/wp-json\/wp\/v2\/posts\/82199\/revisions"}],"predecessor-version":[{"id":83113,"href":"https:\/\/med.estrategia.com\/portal\/wp-json\/wp\/v2\/posts\/82199\/revisions\/83113"}],"wp:featuredmedia":[{"embeddable":true,"href":"https:\/\/med.estrategia.com\/portal\/wp-json\/wp\/v2\/media\/82200"}],"wp:attachment":[{"href":"https:\/\/med.estrategia.com\/portal\/wp-json\/wp\/v2\/media?parent=82199"}],"wp:term":[{"taxonomy":"category","embeddable":true,"href":"https:\/\/med.estrategia.com\/portal\/wp-json\/wp\/v2\/categories?post=82199"},{"taxonomy":"post_tag","embeddable":true,"href":"https:\/\/med.estrategia.com\/portal\/wp-json\/wp\/v2\/tags?post=82199"},{"taxonomy":"wl_entity_type","embeddable":true,"href":"https:\/\/med.estrategia.com\/portal\/wp-json\/wp\/v2\/wl_entity_type?post=82199"}],"curies":[{"name":"wp","href":"https:\/\/api.w.org\/{rel}","templated":true}]}}