{"id":82532,"date":"2025-03-03T09:24:42","date_gmt":"2025-03-03T12:24:42","guid":{"rendered":"https:\/\/med.estrategia.com\/portal\/?p=82532"},"modified":"2026-03-26T19:27:43","modified_gmt":"2026-03-26T22:27:43","slug":"turma-de-marco-2026","status":"publish","type":"post","link":"https:\/\/med.estrategia.com\/portal\/eventos\/turma-de-marco-2026\/","title":{"rendered":"Turma de Mar\u00e7o 2026: conhe\u00e7a o mapa da aprova\u00e7\u00e3o para este ano!"},"content":{"rendered":"<p>Todo come&ccedil;o de ano traz uma nova chance de recome&ccedil;ar &mdash; de colocar em pr&aacute;tica o que antes parecia distante. Em vez de olhar para tr&aacute;s com arrependimento, olhe para frente com prop&oacute;sito. Mar&ccedil;o chega como um ponto de virada: o momento de <strong>transformar d&uacute;vida em a&ccedil;&atilde;o<\/strong> e <strong>sonho em conquista<\/strong>.<p>Se o seu objetivo &eacute; conquistar a t&atilde;o desejada vaga na&nbsp;<strong>Resid&ecirc;ncia M&eacute;dica<\/strong>&nbsp;ou no&nbsp;<strong>Revalida<\/strong>, esta &eacute; a hora de se preparar com estrat&eacute;gia, foco e confian&ccedil;a! Siga no texto e saiba mais sobre a nova <strong>Turma de Mar&ccedil;o, o seu o mapa da aprova&ccedil;&atilde;o na Resid&ecirc;ncia M&eacute;dica ou Revalida<\/strong> <strong>para 2026<\/strong>!<\/p><div id=\"ez-toc-container\" class=\"ez-toc-v2_0_79_2 counter-hierarchy ez-toc-counter ez-toc-transparent ez-toc-container-direction\">\n<div class=\"ez-toc-title-container\"><p class=\"ez-toc-title\" style=\"cursor:inherit\">Navegue pelo conte\u00fado<\/p>\n<\/div><nav><ul class='ez-toc-list ez-toc-list-level-1 ' ><li class='ez-toc-page-1 ez-toc-heading-level-2'><a class=\"ez-toc-link ez-toc-heading-1\" href=\"https:\/\/med.estrategia.com\/portal\/eventos\/turma-de-marco-2026\/#Turma-de-Marco-2026\" >Turma de Mar&ccedil;o 2026<\/a><ul class='ez-toc-list-level-3' ><li class='ez-toc-heading-level-3'><a class=\"ez-toc-link ez-toc-heading-2\" href=\"https:\/\/med.estrategia.com\/portal\/eventos\/turma-de-marco-2026\/#Conquiste-sua-aprovacao-ainda-neste-ano\" >Conquiste sua aprova&ccedil;&atilde;o ainda neste ano!<\/a><\/li><\/ul><\/li><li class='ez-toc-page-1 ez-toc-heading-level-2'><a class=\"ez-toc-link ez-toc-heading-3\" href=\"https:\/\/med.estrategia.com\/portal\/eventos\/turma-de-marco-2026\/#Ultimo-lote-ate-40-OFF\" >&Uacute;ltimo lote: at&eacute; 40% OFF!<\/a><\/li><li class='ez-toc-page-1 ez-toc-heading-level-2'><a class=\"ez-toc-link ez-toc-heading-4\" href=\"https:\/\/med.estrategia.com\/portal\/eventos\/turma-de-marco-2026\/#Lancamento-Turma-de-Marco-2026\" >Lan&ccedil;amento Turma de Mar&ccedil;o 2026<\/a><\/li><li class='ez-toc-page-1 ez-toc-heading-level-2'><a class=\"ez-toc-link ez-toc-heading-5\" href=\"https:\/\/med.estrategia.com\/portal\/eventos\/turma-de-marco-2026\/#Time-de-aprovados-Estrategia-MED\" >Time de aprovados Estrat&eacute;gia MED<\/a><ul class='ez-toc-list-level-3' ><li class='ez-toc-heading-level-3'><a class=\"ez-toc-link ez-toc-heading-6\" href=\"https:\/\/med.estrategia.com\/portal\/eventos\/turma-de-marco-2026\/#CAROLINE-JESUS-CEZAR\" >CAROLINE JESUS CEZAR<\/a><\/li><li class='ez-toc-page-1 ez-toc-heading-level-3'><a class=\"ez-toc-link ez-toc-heading-7\" href=\"https:\/\/med.estrategia.com\/portal\/eventos\/turma-de-marco-2026\/#PEDRO-HENRIQUE-BARBOZA-JORGE\" >PEDRO HENRIQUE BARBOZA JORGE<\/a><\/li><li class='ez-toc-page-1 ez-toc-heading-level-3'><a class=\"ez-toc-link ez-toc-heading-8\" href=\"https:\/\/med.estrategia.com\/portal\/eventos\/turma-de-marco-2026\/#SOPHIA-COSTA-VASCONCELOS\" >SOPHIA COSTA VASCONCELOS<\/a><\/li><li class='ez-toc-page-1 ez-toc-heading-level-3'><a class=\"ez-toc-link ez-toc-heading-9\" href=\"https:\/\/med.estrategia.com\/portal\/eventos\/turma-de-marco-2026\/#DANILO-PINHEIRO-FONSECA\" >DANILO PINHEIRO FONSECA<\/a><\/li><\/ul><\/li><\/ul><\/nav><\/div>\n<h2 class=\"wp-block-heading\" id=\"h-turma-de-marco-2026\"><span class=\"ez-toc-section\" id=\"Turma-de-Marco-2026\"><\/span>Turma de Mar&ccedil;o 2026<span class=\"ez-toc-section-end\"><\/span><\/h2><p>A Turma de Mar&ccedil;o 2026 foi feita para voc&ecirc; que <strong>adiou os estudos ou n&atilde;o sabe por onde come&ccedil;ar<\/strong>. Mas, n&atilde;o se preocupe! O Estrat&eacute;gia MED criou um <strong>cronograma de estudos espec&iacute;fico para os alunos da Turma de Mar&ccedil;o <\/strong>para garantir que voc&ecirc; n&atilde;o tenha preju&iacute;zo mesmo que n&atilde;o tenha iniciado os estudos em janeiro.<\/p><p>Nosso cronograma inteligente elimina as maiores dificuldades dos alunos:<\/p><ul class=\"wp-block-list\">\n<li><strong>Passo a passo organizado:<\/strong> saiba exatamente o que e quando estudar;<\/li>\n\n\n\n<li><strong>Engenharia Reversa: <\/strong>o que voc&ecirc; estuda &eacute; exatamente o que cai na prova;<\/li>\n\n\n\n<li>Ajuda voc&ecirc; a <strong>reduzir a procrastina&ccedil;&atilde;o e a falta de foco<\/strong>;<\/li>\n\n\n\n<li><strong>Elimina a inseguran&ccedil;a e a sobrecarga<\/strong> de informa&ccedil;&atilde;o.<\/li>\n<\/ul><h3 class=\"wp-block-heading\" id=\"h-conquiste-sua-aprovacao-ainda-neste-ano\"><span class=\"ez-toc-section\" id=\"Conquiste-sua-aprovacao-ainda-neste-ano\"><\/span>Conquiste sua aprova&ccedil;&atilde;o ainda neste ano!<span class=\"ez-toc-section-end\"><\/span><\/h3><p>Se voc&ecirc; est&aacute; cansado de adiar o in&iacute;cio dos seus estudos, agora &eacute; a hora de agir! Com um m&eacute;todo eficiente e materiais de alta qualidade, <strong>voc&ecirc; ter&aacute; tudo o que precisa para acelerar sua aprova&ccedil;&atilde;o<\/strong>. Com o Estrat&eacute;gia MED, voc&ecirc; tem acesso a:<\/p><ul class=\"wp-block-list\">\n<li>Material elaborado por m&eacute;dicos especialistas, baseado na Engenharia Reversa;<\/li>\n\n\n\n<li>Cronogramas inteligentes para otimizar seu tempo;<\/li>\n\n\n\n<li>Acesso a videoaulas, livros digitais, resumos e listas de quest&otilde;es;<\/li>\n\n\n\n<li>Flexibilidade total: estude quando e onde quiser, sem precisar de um curso presencial;<\/li>\n\n\n\n<li>Quest&otilde;es comentadas alternativa por alternativa por professores de institui&ccedil;&otilde;es renomadas (USP, UNIFESP, UNICAMP e outras);<\/li>\n\n\n\n<li>F&oacute;rum de d&uacute;vidas ilimitado e simulados in&eacute;ditos;<\/li>\n\n\n\n<li>Aplicativo com Flashcards e Mapas Mentais para otimizar sua memoriza&ccedil;&atilde;o; e<\/li>\n\n\n\n<li>Trilha ENARE e Mentoria Gigantes Paulistas como novidades exclusivas.<\/li>\n<\/ul><p>Quer fazer parte da Turma de Mar&ccedil;o? Ent&atilde;o, voc&ecirc; tem condi&ccedil;&otilde;es especiais! <strong>Durante todo o m&ecirc;s, todos os produtos do site estar&atilde;o com pre&ccedil;os promocionais<\/strong>. Essa &eacute; a sua oportunidade de iniciar sua prepara&ccedil;&atilde;o com os melhores materiais e a equipe de professores mais qualificada, por um valor imperd&iacute;vel!<\/p><p>Lembre-se de que voc&ecirc; ainda pode aproveitar o <strong>teste de 30 dias.<\/strong> Ou seja, se por qualquer motivo voc&ecirc; se arrepender da compra dentro desse per&iacute;odo, garantimos a devolu&ccedil;&atilde;o integral do seu dinheiro!<\/p><div class=\"wp-block-buttons is-content-justification-center is-layout-flex wp-container-core-buttons-is-layout-1 wp-block-buttons-is-layout-flex\">\n<div class=\"wp-block-button\"><a class=\"wp-block-button__link wp-element-button\">CLIQUE AQUI E participe DA TURMA DE MAR&Ccedil;O DE 2026<\/a><\/div>\n<\/div><h2 class=\"wp-block-heading\" id=\"h-ultimo-lote-ate-40-off\"><span class=\"ez-toc-section\" id=\"Ultimo-lote-ate-40-OFF\"><\/span>&Uacute;ltimo lote: at&eacute; 40% OFF!<span class=\"ez-toc-section-end\"><\/span><\/h2><p>At&eacute; o dia&nbsp;<strong>1&ordm; de abril<\/strong>, voc&ecirc; pode garantir&nbsp;<strong>at&eacute; 40% OFF<\/strong>&nbsp;nos cursos&nbsp;<strong>Extensivo Resid&ecirc;ncia M&eacute;dica<\/strong>&nbsp;e&nbsp;<strong>Revalida Exclusive<\/strong>&nbsp;&mdash; e ainda levar b&ocirc;nus! Confira:<\/p><figure class=\"wp-block-table is-style-stripes\"><table><thead><tr><th class=\"has-text-align-center\" data-align=\"center\">DESCONTO<\/th><th class=\"has-text-align-center\" data-align=\"center\">PRODUTO<\/th><th class=\"has-text-align-center\" data-align=\"center\">B&Ocirc;NUS<\/th><\/tr><\/thead><tbody><tr><td class=\"has-text-align-center\" data-align=\"center\"><strong>40% OFF<\/strong><\/td><td class=\"has-text-align-center\" data-align=\"center\"><a href=\"https:\/\/med.estrategia.com\/concurso\/extensivo-residencia-medica\" target=\"_blank\" rel=\"noopener noreferrer\">Extensivo Resid&ecirc;ncia M&eacute;dica <br>(24 ou 36 meses)<\/a><\/td><td class=\"has-text-align-center\" data-align=\"center\"><strong>&#9989;Sprint ENARE\/ENAMED<br><\/strong>&#9989;<strong>Trilhas de estudo<br>&#9989;Banco de quest&otilde;es<br>&#9989;Cast<\/strong><\/td><\/tr><tr><td class=\"has-text-align-center\" data-align=\"center\"><strong>40% OFF<\/strong><\/td><td class=\"has-text-align-center\" data-align=\"center\"><a href=\"https:\/\/med.estrategia.com\/concurso\/revalida-exclusive\" target=\"_blank\" rel=\"noopener noreferrer\">Revalida Exclusive<br>(24 ou 36 meses)<\/a><\/td><td class=\"has-text-align-center\" data-align=\"center\">&#9745;&#65039;<strong>Banco de quest&otilde;es<\/strong><br><strong>&#9745;&#65039;Jornada Estrat&eacute;gia Revalida<br>&#9745;&#65039;Cast<\/strong><\/td><\/tr><tr><td class=\"has-text-align-center\" data-align=\"center\"><strong>30% OFF<\/strong><\/td><td class=\"has-text-align-center\" data-align=\"center\"><a href=\"https:\/\/med.estrategia.com\/concurso\/extensivo-residencia-medica\" target=\"_blank\" rel=\"noopener noreferrer\">Extensivo Resid&ecirc;ncia M&eacute;dica <br>(12 meses)<\/a><\/td><td class=\"has-text-align-center\" data-align=\"center\"><strong>&#9989;Sprint ENARE\/ENAMED<br><\/strong>&#9989;<strong>Trilhas de estudo<br>&#9989;Banco de quest&otilde;es<br>&#9989;Cast<\/strong><\/td><\/tr><tr><td class=\"has-text-align-center\" data-align=\"center\"><strong>30% OFF<\/strong><\/td><td class=\"has-text-align-center\" data-align=\"center\"><a href=\"https:\/\/med.estrategia.com\/concurso\/revalida-exclusive\" target=\"_blank\" rel=\"noopener noreferrer\">Revalida Exclusive <br>(12 meses)<\/a><\/td><td class=\"has-text-align-center\" data-align=\"center\">&#9745;&#65039;<strong>Banco de quest&otilde;es<\/strong><br><strong>&#9745;&#65039;Jornada Estrat&eacute;gia Revalida<br>&#9745;&#65039;Cast<\/strong><\/td><\/tr><tr><td class=\"has-text-align-center\" data-align=\"center\"><strong>30% OFF<\/strong><\/td><td class=\"has-text-align-center\" data-align=\"center\"><a href=\"https:\/\/med.estrategia.com\/concurso\/banco-de-questoes\" target=\"_blank\" rel=\"noopener noreferrer\">BQMED<\/a><\/td><td class=\"has-text-align-center\" data-align=\"center\"><strong>&#10060;<\/strong><\/td><\/tr><tr><td class=\"has-text-align-center\" data-align=\"center\"><strong>30% OFF<\/strong><\/td><td class=\"has-text-align-center\" data-align=\"center\"><a href=\"https:\/\/med.estrategia.com\/\" target=\"_blank\">Demais produtos<\/a><\/td><td class=\"has-text-align-center\" data-align=\"center\"><strong>&#10060;<\/strong><\/td><\/tr><\/tbody><\/table><\/figure><p><strong>Fa&ccedil;a o teste de 30 dias:<\/strong> caso se arrependa da compra, por qualquer motivo, devolvemos 100% do seu dinheiro!<\/p><div class=\"wp-block-buttons is-content-justification-center is-layout-flex wp-container-core-buttons-is-layout-2 wp-block-buttons-is-layout-flex\">\n<div class=\"wp-block-button\"><a class=\"wp-block-button__link wp-element-button\" href=\"https:\/\/med.estrategia.com\/cursos\/\" target=\"_blank\">acesse o cat&aacute;logo completo<\/a><\/div>\n<\/div><h2 class=\"wp-block-heading\" id=\"h-lancamento-turma-de-marco-2026\"><span class=\"ez-toc-section\" id=\"Lancamento-Turma-de-Marco-2026\"><\/span>Lan&ccedil;amento Turma de Mar&ccedil;o 2026<span class=\"ez-toc-section-end\"><\/span><\/h2><p>Para detalhar melhor os benef&iacute;cios de ingressar na Turma de Mar&ccedil;o 2026 do Estrat&eacute;gia MED, os<strong> nossos professores Jo&atilde;o Paulo Telles e B&aacute;rbara D&rsquo;Alegria<\/strong> comandaram a apresenta&ccedil;&atilde;o do<strong> mapa da aprova&ccedil;&atilde;o para 2026<\/strong>! <br><br>A transmiss&atilde;o aconteceu em <a href=\"https:\/\/www.youtube.com\/@EstrategiaMED\" target=\"_blank\">nosso canal do YouTube<\/a> no dia <strong>2 de mar&ccedil;o 2026, a partir das 20h<\/strong> &mdash; hor&aacute;rio de Bras&iacute;lia.<\/p><figure class=\"wp-block-embed is-type-video is-provider-youtube wp-block-embed-youtube wp-embed-aspect-16-9 wp-has-aspect-ratio\"><div class=\"wp-block-embed__wrapper\">\n<div class=\"cs-embed cs-embed-responsive\"><iframe title=\"Turma de Mar&ccedil;o 2026 | Descubra o m&eacute;todo que aprovou 1.318 m&eacute;dicos na &uacute;ltima edi&ccedil;&atilde;o do ENAMED\/ENARE\" width=\"1200\" height=\"675\" src=\"https:\/\/www.youtube.com\/embed\/-hGPMxJqiYI?feature=oembed\" frameborder=\"0\" allow=\"accelerometer; autoplay; clipboard-write; encrypted-media; gyroscope; picture-in-picture; web-share\" referrerpolicy=\"strict-origin-when-cross-origin\" allowfullscreen><\/iframe><\/div>\n<\/div><\/figure><h2 class=\"wp-block-heading\" id=\"h-time-de-aprovados-estrategia-med\"><span class=\"ez-toc-section\" id=\"Time-de-aprovados-Estrategia-MED\"><\/span>Time de aprovados Estrat&eacute;gia MED<span class=\"ez-toc-section-end\"><\/span><\/h2><p class=\"has-white-background-color has-background\">O Estrat&eacute;gia MED conquistou seu espa&ccedil;o e se tornou a principal escolha de m&eacute;dicos que buscam uma <strong>prepara&ccedil;&atilde;o eficiente e focada para as principais provas de resid&ecirc;ncia m&eacute;dica e revalida&ccedil;&atilde;o de diplomas no Brasil<\/strong>. E os n&uacute;meros falam por si: j&aacute; s&atilde;o mais de 10 mil aprovados nos &uacute;ltimos anos! <br><br>Hoje, celebramos cada conquista ao lado dos nossos alunos. Conhe&ccedil;a abaixo alguns destaques do <strong>time de aprovados do Estrat&eacute;gia MED e fa&ccedil;a igual, vem ser coruja<\/strong>!<\/p><div class=\"wp-block-media-text alignwide is-stacked-on-mobile is-image-fill-element has-white-color has-text-color has-background has-link-color wp-elements-5cb5df7a03997aabbc8d54e1d7184015\" style=\"background-color:#010042;grid-template-columns:39% auto\"><figure class=\"wp-block-media-text__media\"><img decoding=\"async\" width=\"1024\" height=\"1024\" src=\"https:\/\/med.estrategia.com\/portal\/wp-content\/uploads\/2025\/03\/CAROLINE-JESUS-CEZAR-1024x1024.jpeg\" alt=\"\" class=\"wp-image-107226 size-full\" style=\"object-position:49% 21%\" srcset=\"https:\/\/med.estrategia.com\/portal\/wp-content\/uploads\/2025\/03\/CAROLINE-JESUS-CEZAR-1024x1024.jpeg 1024w, https:\/\/med.estrategia.com\/portal\/wp-content\/uploads\/2025\/03\/CAROLINE-JESUS-CEZAR-150x150.jpeg 150w, https:\/\/med.estrategia.com\/portal\/wp-content\/uploads\/2025\/03\/CAROLINE-JESUS-CEZAR-768x768.jpeg 768w, https:\/\/med.estrategia.com\/portal\/wp-content\/uploads\/2025\/03\/CAROLINE-JESUS-CEZAR-800x800.jpeg 800w, https:\/\/med.estrategia.com\/portal\/wp-content\/uploads\/2025\/03\/CAROLINE-JESUS-CEZAR-1160x1160.jpeg 1160w, https:\/\/med.estrategia.com\/portal\/wp-content\/uploads\/2025\/03\/CAROLINE-JESUS-CEZAR-1200x1200.jpeg 1200w, https:\/\/med.estrategia.com\/portal\/wp-content\/uploads\/2025\/03\/CAROLINE-JESUS-CEZAR.jpeg 1280w\" sizes=\"(max-width: 1024px) 100vw, 1024px\" \/><\/figure><div class=\"wp-block-media-text__content\">\n<h3 class=\"wp-block-heading has-white-color has-text-color has-link-color has-medium-font-size wp-elements-1451b1eed11ff00c526393cc7c6e9fdb\" id=\"h-caroline-jesus-cezar\"><span class=\"ez-toc-section\" id=\"CAROLINE-JESUS-CEZAR\"><\/span><br>CAROLINE JESUS CEZAR<span class=\"ez-toc-section-end\"><\/span><\/h3>\n\n\n\n<ul class=\"wp-block-list has-small-font-size\">\n<li>Aprovada o Revalida INEP 2025.1<\/li>\n<\/ul>\n\n\n\n<p class=\"has-background has-small-font-size\" style=\"background-color:#090059\">Utilizou: Acompanhamento Prova Pr&aacute;tica Revalida; Curso Prova Pr&aacute;tica Presencial Revalida<\/p>\n\n\n\n<p class=\"has-text-align-left\"><em>Ao iniciar minha prepara&ccedil;&atilde;o para o Revalida, eu sabia que estava diante de um dos maiores desafios da minha trajet&oacute;ria. Entre inseguran&ccedil;as, rotina intensa e a necessidade de revisar toda a forma&ccedil;&atilde;o m&eacute;dica, encontrei no Estrat&eacute;gia Med a organiza&ccedil;&atilde;o e o direcionamento que eu precisava.<\/em><\/p>\n\n\n\n<p><em>Com aulas objetivas, materiais completos e uma metodologia que realmente foca no que mais cai, consegui transformar o estudo em const&acirc;ncia e prop&oacute;sito. Cada esta&ccedil;&atilde;o feita na mentoria, cada revis&atilde;o, cada conselho dos mentores e professores foram passos importantes para recuperar a confian&ccedil;a e avan&ccedil;ar com mais seguran&ccedil;a.<\/em><\/p>\n\n\n\n<p class=\"has-text-align-left\"><em>A aprova&ccedil;&atilde;o veio como resultado de muita disciplina, esfor&ccedil;o e da parceria com um curso que me guiou durante todo o processo. Hoje, olhar para tr&aacute;s me enche de orgulho: venci o Revalida e constru&iacute; uma hist&oacute;ria de supera&ccedil;&atilde;o e conquista.<\/em><\/p>\n\n\n\n<p class=\"has-text-align-left\"><\/p>\n<\/div><\/div><div class=\"wp-block-media-text alignwide has-media-on-the-right is-stacked-on-mobile is-image-fill-element has-white-color has-text-color has-background has-link-color wp-elements-73e40212505e7a05a8629a8167429661\" style=\"background-color:#010042;grid-template-columns:auto 40%\"><div class=\"wp-block-media-text__content\">\n<h3 class=\"wp-block-heading has-white-color has-text-color has-link-color has-medium-font-size wp-elements-f1aab4a0406172d4992a47fc86e776e4\" id=\"h-pedro-henrique-barboza-jorge\"><span class=\"ez-toc-section\" id=\"PEDRO-HENRIQUE-BARBOZA-JORGE\"><\/span><br>PEDRO HENRIQUE BARBOZA JORGE<span class=\"ez-toc-section-end\"><\/span><\/h3>\n\n\n\n<ul class=\"wp-block-list has-small-font-size\">\n<li>940 pontos em Patologia no ENARE (Maior nota na especialidade)<\/li>\n\n\n\n<li>1&ordm; lugar em Patologia no Hospital das Cl&iacute;nicas da UFMG &ndash; HC\/UFMG (ENARE)<\/li>\n\n\n\n<li>1&ordm; lugar em Patologia na Unicamp<\/li>\n\n\n\n<li>2&ordm; lugar em Patologia no SUS-SP<\/li>\n\n\n\n<li>2&ordm; lugar em Patologia na USP-SP<\/li>\n<\/ul>\n\n\n\n<p class=\"has-background has-small-font-size\" style=\"background-color:#090059\">Utilizou: Curso Extensivo Resid&ecirc;ncia M&eacute;dica, Banco de Quest&otilde;es e Resumos Estrat&eacute;gicos<\/p>\n\n\n\n<p class=\"has-text-align-left\"><em>No come&ccedil;o do quinto ano, decidi assinar o banco de quest&otilde;es mais os resumos estrat&eacute;gicos, porque queria um material que fosse eficiente, para conciliar com o os rod&iacute;zios mais puxados na faculdade.<\/em><\/p>\n\n\n\n<p><em>Usei todos os resumos estrat&eacute;gicos para estudar o b&aacute;sico sobre os temas, junto com o que eu estava vendo nos rod&iacute;zios do internato, e treinava a teoria com as quest&otilde;es. Pra mim, os coment&aacute;rios das quest&otilde;es j&aacute; valiam como aulas quase.<\/em><\/p>\n\n\n\n<p class=\"has-text-align-left\"><em>No sexto ano, decidi continuar com o material e assinei o Extensivo, que me ajudou a aprofundar nos temas das bancas que eu mais queria, incluindo o enamed, e os simulados da plataforma tamb&eacute;m me fizeram evoluir muito.<\/em><\/p>\n\n\n\n<p class=\"has-text-align-left\"><em>Agrade&ccedil;o muito ao Estrat&eacute;gia pelos materiais de &oacute;tima qualidade que foram essenciais na minha prepara&ccedil;&atilde;o.<\/em><\/p>\n\n\n\n<p class=\"has-text-align-left\"><em><br><\/em> <\/p>\n<\/div><figure class=\"wp-block-media-text__media\"><img decoding=\"async\" width=\"682\" height=\"1024\" src=\"https:\/\/med.estrategia.com\/portal\/wp-content\/uploads\/2025\/03\/PEDRO-HENRIQUE-BARBOZA-JORGE-682x1024.jpeg\" alt=\"\" class=\"wp-image-107227 size-full\" style=\"object-position:50% 50%\" srcset=\"https:\/\/med.estrategia.com\/portal\/wp-content\/uploads\/2025\/03\/PEDRO-HENRIQUE-BARBOZA-JORGE-682x1024.jpeg 682w, https:\/\/med.estrategia.com\/portal\/wp-content\/uploads\/2025\/03\/PEDRO-HENRIQUE-BARBOZA-JORGE-768x1153.jpeg 768w, https:\/\/med.estrategia.com\/portal\/wp-content\/uploads\/2025\/03\/PEDRO-HENRIQUE-BARBOZA-JORGE-1023x1536.jpeg 1023w, https:\/\/med.estrategia.com\/portal\/wp-content\/uploads\/2025\/03\/PEDRO-HENRIQUE-BARBOZA-JORGE-800x1201.jpeg 800w, https:\/\/med.estrategia.com\/portal\/wp-content\/uploads\/2025\/03\/PEDRO-HENRIQUE-BARBOZA-JORGE.jpeg 1066w\" sizes=\"(max-width: 682px) 100vw, 682px\" \/><\/figure><\/div><div class=\"wp-block-media-text alignwide is-stacked-on-mobile is-image-fill-element has-white-color has-text-color has-background has-link-color wp-elements-a2f845000d7dfa942f0355ac54042e11\" style=\"background-color:#010042;grid-template-columns:40% auto\"><figure class=\"wp-block-media-text__media\"><img decoding=\"async\" width=\"768\" height=\"1024\" src=\"https:\/\/med.estrategia.com\/portal\/wp-content\/uploads\/2025\/03\/SOPHIA-COSTA-VASCONCELOS-768x1024.jpeg\" alt=\"\" class=\"wp-image-107228 size-full\" style=\"object-position:49% 15%\" srcset=\"https:\/\/med.estrategia.com\/portal\/wp-content\/uploads\/2025\/03\/SOPHIA-COSTA-VASCONCELOS-768x1024.jpeg 768w, https:\/\/med.estrategia.com\/portal\/wp-content\/uploads\/2025\/03\/SOPHIA-COSTA-VASCONCELOS-1152x1536.jpeg 1152w, https:\/\/med.estrategia.com\/portal\/wp-content\/uploads\/2025\/03\/SOPHIA-COSTA-VASCONCELOS-800x1067.jpeg 800w, https:\/\/med.estrategia.com\/portal\/wp-content\/uploads\/2025\/03\/SOPHIA-COSTA-VASCONCELOS-1160x1547.jpeg 1160w, https:\/\/med.estrategia.com\/portal\/wp-content\/uploads\/2025\/03\/SOPHIA-COSTA-VASCONCELOS.jpeg 1200w\" sizes=\"(max-width: 768px) 100vw, 768px\" \/><\/figure><div class=\"wp-block-media-text__content\">\n<h3 class=\"wp-block-heading has-white-color has-text-color has-link-color has-medium-font-size wp-elements-d1d4365987872520ccaf6ffd49017e8e\" id=\"h-sophia-costa-vasconcelos\"><span class=\"ez-toc-section\" id=\"SOPHIA-COSTA-VASCONCELOS\"><\/span><br>SOPHIA COSTA VASCONCELOS<span class=\"ez-toc-section-end\"><\/span><\/h3>\n\n\n\n<ul class=\"wp-block-list has-small-font-size\">\n<li>940 pontos em Neurologia no ENARE<\/li>\n\n\n\n<li>1&ordm; lugar em Neurologia no Hospital Geral de Fortaleza (ENARE)<\/li>\n\n\n\n<li>1&ordm; lugar em Neurologia na USP-RP<\/li>\n<\/ul>\n\n\n\n<p class=\"has-background has-small-font-size\" style=\"background-color:#090059\">Utilizou: Curso Extensivo Resid&ecirc;ncia M&eacute;dica<\/p>\n\n\n\n<p class=\"has-text-align-left\"><em>Conheci o Estrat&eacute;gia por indica&ccedil;&atilde;o de amigos quando comecei a pensar na minha prepara&ccedil;&atilde;o para as provas de resid&ecirc;ncia. Assinei em novembro do ano passado e iniciei a prepara&ccedil;&atilde;o conforme o cronograma do extensivo. Segui o cronograma, usando o banco de quest&otilde;es e os simulados para praticar, o que com certeza foi determinante nos meus resultados. Agrade&ccedil;o ao estrat&eacute;gia pelo compromisso com um material de qualidade, com todas as ferramentas para estudo direcionado &agrave;s provas de resid&ecirc;ncia m&eacute;dica!<\/em><\/p>\n\n\n\n<p class=\"has-text-align-left\"><em><br><\/em> <\/p>\n<\/div><\/div><div class=\"wp-block-media-text alignwide has-media-on-the-right is-stacked-on-mobile is-image-fill-element has-white-color has-text-color has-background has-link-color wp-elements-667d52e2596820b26e066e037a5bddd9\" style=\"background-color:#010042;grid-template-columns:auto 40%\"><div class=\"wp-block-media-text__content\">\n<h3 class=\"wp-block-heading has-white-color has-text-color has-link-color has-medium-font-size wp-elements-1f46cfe5112ab1f0241e0aec9ed26d61\" id=\"h-danilo-pinheiro-fonseca\"><span class=\"ez-toc-section\" id=\"DANILO-PINHEIRO-FONSECA\"><\/span><br>DANILO PINHEIRO FONSECA<span class=\"ez-toc-section-end\"><\/span><\/h3>\n\n\n\n<ul class=\"wp-block-list has-small-font-size\">\n<li>1&ordm; lugar em Medicina Intensiva na USP-RP<\/li>\n\n\n\n<li>3&ordm; lugar em Medicina Intensiva no HIAE<\/li>\n\n\n\n<li>2&ordm; lugar em Medicina Intensiva na USP-SP<\/li>\n\n\n\n<li>860 pontos em Medicina Intensiva no ENARE<\/li>\n<\/ul>\n\n\n\n<p class=\"has-background has-small-font-size\" style=\"background-color:#090059\">Utilizou: Banco de Quest&otilde;es<\/p>\n\n\n\n<p class=\"has-text-align-left\"><em>O banco de quest&otilde;es do EMED foi a ferramenta mais essencial para a minha aprova&ccedil;&atilde;o. A plataforma extremamente personaliz&aacute;vel, associada &agrave;s resolu&ccedil;&otilde;es comentadas extremamente completas, tanto em texto quanto em v&iacute;deo, permitiram que eu estudasse com efici&ecirc;ncia e focado nas minhas institui&ccedil;&otilde;es de interesse.<br><\/em><br> <\/p>\n<\/div><figure class=\"wp-block-media-text__media\"><img decoding=\"async\" width=\"682\" height=\"1024\" src=\"https:\/\/med.estrategia.com\/portal\/wp-content\/uploads\/2025\/03\/DANILO-PINHEIRO-FONSECA-682x1024.jpeg\" alt=\"\" class=\"wp-image-107229 size-full\" style=\"object-position:57% 17%\" srcset=\"https:\/\/med.estrategia.com\/portal\/wp-content\/uploads\/2025\/03\/DANILO-PINHEIRO-FONSECA-682x1024.jpeg 682w, https:\/\/med.estrategia.com\/portal\/wp-content\/uploads\/2025\/03\/DANILO-PINHEIRO-FONSECA-768x1152.jpeg 768w, https:\/\/med.estrategia.com\/portal\/wp-content\/uploads\/2025\/03\/DANILO-PINHEIRO-FONSECA-800x1200.jpeg 800w, https:\/\/med.estrategia.com\/portal\/wp-content\/uploads\/2025\/03\/DANILO-PINHEIRO-FONSECA.jpeg 853w\" sizes=\"(max-width: 682px) 100vw, 682px\" \/><\/figure><\/div><p><strong><a id=\"cta\" class=\"cta-imagem\" href=\"https:\/\/med.estrategia.com\/cursos\/extensivo-de-residncia-mdica\/\" target=\"blank\">\n                <img decoding=\"async\" width=\"100%\" src=\"https:\/\/med.estrategia.com\/portal\/wp-content\/uploads\/2025\/08\/extensivo_rm.jpg\" alt=\"Extensivo RM\" title=\"extensivo_rm\">\n        <\/a><\/strong><\/p><\/p>\n","protected":false},"excerpt":{"rendered":"Descubra como usar o m\u00e9todo que aprovou 1.318 m\u00e9dicos na \u00faltima edi\u00e7\u00e3o do ENAMED\/ENARE \u2014 e conquiste a sua vaga em 2026!\n","protected":false},"author":22,"featured_media":107224,"comment_status":"closed","ping_status":"closed","sticky":false,"template":"","format":"standard","meta":{"wl_entities_gutenberg":"","footnotes":""},"categories":[35],"tags":[],"wl_entity_type":[199],"class_list":{"0":"post-82532","1":"post","2":"type-post","3":"status-publish","4":"format-standard","5":"has-post-thumbnail","7":"category-eventos","8":"wl_entity_type-article"},"acf":[],"yoast_head":"<!-- This site is optimized with the Yoast SEO Premium plugin v26.6 (Yoast SEO v26.6) - https:\/\/yoast.com\/wordpress\/plugins\/seo\/ -->\n<title>Turma de Mar\u00e7o 2026: conhe\u00e7a o mapa da aprova\u00e7\u00e3o para este ano!<\/title>\n<meta name=\"description\" content=\"Venha fazer parte da Turma de Mar\u00e7o 2026 do Estrat\u00e9gia MED e conhe\u00e7a o mapa da aprova\u00e7\u00e3o para 2026 na Resid\u00eancia M\u00e9dica ou Revalida!\" \/>\n<meta name=\"robots\" content=\"index, follow, max-snippet:-1, max-image-preview:large, max-video-preview:-1\" \/>\n<link rel=\"canonical\" href=\"https:\/\/med.estrategia.com\/portal\/eventos\/turma-de-marco-2026\/\" \/>\n<meta property=\"og:locale\" content=\"pt_BR\" \/>\n<meta property=\"og:type\" content=\"article\" \/>\n<meta property=\"og:title\" content=\"Turma de Mar\u00e7o 2026: conhe\u00e7a o mapa da aprova\u00e7\u00e3o para este ano!\" \/>\n<meta property=\"og:description\" content=\"Venha fazer parte da Turma de Mar\u00e7o 2026 do Estrat\u00e9gia MED e conhe\u00e7a o mapa da aprova\u00e7\u00e3o para 2026 na Resid\u00eancia M\u00e9dica ou Revalida!\" \/>\n<meta property=\"og:url\" content=\"https:\/\/med.estrategia.com\/portal\/eventos\/turma-de-marco-2026\/\" \/>\n<meta property=\"og:site_name\" content=\"Estrat\u00e9gia MED\" \/>\n<meta property=\"article:publisher\" content=\"https:\/\/www.facebook.com\/estrategiamed1\" \/>\n<meta property=\"article:published_time\" content=\"2025-03-03T12:24:42+00:00\" \/>\n<meta property=\"article:modified_time\" content=\"2026-03-26T22:27:43+00:00\" \/>\n<meta property=\"og:image\" content=\"https:\/\/med.estrategia.com\/portal\/wp-content\/uploads\/2025\/03\/turma-marco-2026.jpg\" \/>\n\t<meta property=\"og:image:width\" content=\"1280\" \/>\n\t<meta property=\"og:image:height\" content=\"720\" \/>\n\t<meta property=\"og:image:type\" content=\"image\/jpeg\" \/>\n<meta name=\"author\" content=\"Erika Coelho\" \/>\n<meta name=\"twitter:card\" content=\"summary_large_image\" \/>\n<meta name=\"twitter:creator\" content=\"@estrategiamed_\" \/>\n<meta name=\"twitter:site\" content=\"@estrategiamed_\" \/>\n<meta name=\"twitter:label1\" content=\"Escrito por\" \/>\n\t<meta name=\"twitter:data1\" content=\"Erika Coelho\" \/>\n\t<meta name=\"twitter:label2\" content=\"Est. tempo de leitura\" \/>\n\t<meta name=\"twitter:data2\" content=\"7 minutos\" \/>\n<script type=\"application\/ld+json\" class=\"yoast-schema-graph\">{\"@context\":\"https:\/\/schema.org\",\"@graph\":[{\"@type\":\"WebPage\",\"@id\":\"https:\/\/med.estrategia.com\/portal\/eventos\/turma-de-marco-2026\/\",\"url\":\"https:\/\/med.estrategia.com\/portal\/eventos\/turma-de-marco-2026\/\",\"name\":\"Turma de Mar\u00e7o 2026: conhe\u00e7a o mapa da aprova\u00e7\u00e3o para este ano!\",\"isPartOf\":{\"@id\":\"https:\/\/med.estrategia.com\/portal\/#website\"},\"primaryImageOfPage\":{\"@id\":\"https:\/\/med.estrategia.com\/portal\/eventos\/turma-de-marco-2026\/#primaryimage\"},\"image\":{\"@id\":\"https:\/\/med.estrategia.com\/portal\/eventos\/turma-de-marco-2026\/#primaryimage\"},\"thumbnailUrl\":\"https:\/\/med.estrategia.com\/portal\/wp-content\/uploads\/2025\/03\/turma-marco-2026.jpg\",\"datePublished\":\"2025-03-03T12:24:42+00:00\",\"dateModified\":\"2026-03-26T22:27:43+00:00\",\"author\":{\"@id\":\"https:\/\/med.estrategia.com\/portal\/#\/schema\/person\/8e7c9b2f53f2eede3b8880ad86ff20a3\"},\"description\":\"Venha fazer parte da Turma de Mar\u00e7o 2026 do Estrat\u00e9gia MED e conhe\u00e7a o mapa da aprova\u00e7\u00e3o para 2026 na Resid\u00eancia M\u00e9dica ou Revalida!\",\"breadcrumb\":{\"@id\":\"https:\/\/med.estrategia.com\/portal\/eventos\/turma-de-marco-2026\/#breadcrumb\"},\"inLanguage\":\"pt-BR\",\"potentialAction\":[{\"@type\":\"ReadAction\",\"target\":[\"https:\/\/med.estrategia.com\/portal\/eventos\/turma-de-marco-2026\/\"]}]},{\"@type\":\"ImageObject\",\"inLanguage\":\"pt-BR\",\"@id\":\"https:\/\/med.estrategia.com\/portal\/eventos\/turma-de-marco-2026\/#primaryimage\",\"url\":\"https:\/\/med.estrategia.com\/portal\/wp-content\/uploads\/2025\/03\/turma-marco-2026.jpg\",\"contentUrl\":\"https:\/\/med.estrategia.com\/portal\/wp-content\/uploads\/2025\/03\/turma-marco-2026.jpg\",\"width\":1280,\"height\":720,\"caption\":\"Estrat\u00e9gia Med\"},{\"@type\":\"BreadcrumbList\",\"@id\":\"https:\/\/med.estrategia.com\/portal\/eventos\/turma-de-marco-2026\/#breadcrumb\",\"itemListElement\":[{\"@type\":\"ListItem\",\"position\":1,\"name\":\"Home\",\"item\":\"https:\/\/med.estrategia.com\/portal\/\"},{\"@type\":\"ListItem\",\"position\":2,\"name\":\"Eventos\",\"item\":\"https:\/\/med.estrategia.com\/portal\/eventos\/\"},{\"@type\":\"ListItem\",\"position\":3,\"name\":\"Turma de Mar\u00e7o 2026: conhe\u00e7a o mapa da aprova\u00e7\u00e3o para este ano!\"}]},{\"@type\":\"WebSite\",\"@id\":\"https:\/\/med.estrategia.com\/portal\/#website\",\"url\":\"https:\/\/med.estrategia.com\/portal\/\",\"name\":\"Estrat\u00e9gia MED\",\"description\":\"\",\"potentialAction\":[{\"@type\":\"SearchAction\",\"target\":{\"@type\":\"EntryPoint\",\"urlTemplate\":\"https:\/\/med.estrategia.com\/portal\/?s={search_term_string}\"},\"query-input\":{\"@type\":\"PropertyValueSpecification\",\"valueRequired\":true,\"valueName\":\"search_term_string\"}}],\"inLanguage\":\"pt-BR\"},{\"@type\":\"Person\",\"@id\":\"https:\/\/med.estrategia.com\/portal\/#\/schema\/person\/8e7c9b2f53f2eede3b8880ad86ff20a3\",\"name\":\"Erika Coelho\",\"image\":{\"@type\":\"ImageObject\",\"inLanguage\":\"pt-BR\",\"@id\":\"https:\/\/med.estrategia.com\/portal\/#\/schema\/person\/image\/\",\"url\":\"https:\/\/secure.gravatar.com\/avatar\/8ef9ff2e2fa53829c640cca8d1a45178?s=96&d=mm&r=g\",\"contentUrl\":\"https:\/\/secure.gravatar.com\/avatar\/8ef9ff2e2fa53829c640cca8d1a45178?s=96&d=mm&r=g\",\"caption\":\"Erika Coelho\"},\"description\":\"Jornalista pela Universidade Presbiteriana Mackenzie, escrevo sobre educa\u00e7\u00e3o, sa\u00fade e pol\u00edticas p\u00fablicas\",\"url\":\"https:\/\/med.estrategia.com\/portal\/author\/erika\/\"}]}<\/script>\n<!-- \/ Yoast SEO Premium plugin. -->","yoast_head_json":{"title":"Turma de Mar\u00e7o 2026: conhe\u00e7a o mapa da aprova\u00e7\u00e3o para este ano!","description":"Venha fazer parte da Turma de Mar\u00e7o 2026 do Estrat\u00e9gia MED e conhe\u00e7a o mapa da aprova\u00e7\u00e3o para 2026 na Resid\u00eancia M\u00e9dica ou Revalida!","robots":{"index":"index","follow":"follow","max-snippet":"max-snippet:-1","max-image-preview":"max-image-preview:large","max-video-preview":"max-video-preview:-1"},"canonical":"https:\/\/med.estrategia.com\/portal\/eventos\/turma-de-marco-2026\/","og_locale":"pt_BR","og_type":"article","og_title":"Turma de Mar\u00e7o 2026: conhe\u00e7a o mapa da aprova\u00e7\u00e3o para este ano!","og_description":"Venha fazer parte da Turma de Mar\u00e7o 2026 do Estrat\u00e9gia MED e conhe\u00e7a o mapa da aprova\u00e7\u00e3o para 2026 na Resid\u00eancia M\u00e9dica ou Revalida!","og_url":"https:\/\/med.estrategia.com\/portal\/eventos\/turma-de-marco-2026\/","og_site_name":"Estrat\u00e9gia MED","article_publisher":"https:\/\/www.facebook.com\/estrategiamed1","article_published_time":"2025-03-03T12:24:42+00:00","article_modified_time":"2026-03-26T22:27:43+00:00","og_image":[{"width":1280,"height":720,"url":"https:\/\/med.estrategia.com\/portal\/wp-content\/uploads\/2025\/03\/turma-marco-2026.jpg","type":"image\/jpeg"}],"author":"Erika Coelho","twitter_card":"summary_large_image","twitter_creator":"@estrategiamed_","twitter_site":"@estrategiamed_","twitter_misc":{"Escrito por":"Erika Coelho","Est. tempo de leitura":"7 minutos"},"schema":{"@context":"https:\/\/schema.org","@graph":[{"@type":"WebPage","@id":"https:\/\/med.estrategia.com\/portal\/eventos\/turma-de-marco-2026\/","url":"https:\/\/med.estrategia.com\/portal\/eventos\/turma-de-marco-2026\/","name":"Turma de Mar\u00e7o 2026: conhe\u00e7a o mapa da aprova\u00e7\u00e3o para este ano!","isPartOf":{"@id":"https:\/\/med.estrategia.com\/portal\/#website"},"primaryImageOfPage":{"@id":"https:\/\/med.estrategia.com\/portal\/eventos\/turma-de-marco-2026\/#primaryimage"},"image":{"@id":"https:\/\/med.estrategia.com\/portal\/eventos\/turma-de-marco-2026\/#primaryimage"},"thumbnailUrl":"https:\/\/med.estrategia.com\/portal\/wp-content\/uploads\/2025\/03\/turma-marco-2026.jpg","datePublished":"2025-03-03T12:24:42+00:00","dateModified":"2026-03-26T22:27:43+00:00","author":{"@id":"https:\/\/med.estrategia.com\/portal\/#\/schema\/person\/8e7c9b2f53f2eede3b8880ad86ff20a3"},"description":"Venha fazer parte da Turma de Mar\u00e7o 2026 do Estrat\u00e9gia MED e conhe\u00e7a o mapa da aprova\u00e7\u00e3o para 2026 na Resid\u00eancia M\u00e9dica ou Revalida!","breadcrumb":{"@id":"https:\/\/med.estrategia.com\/portal\/eventos\/turma-de-marco-2026\/#breadcrumb"},"inLanguage":"pt-BR","potentialAction":[{"@type":"ReadAction","target":["https:\/\/med.estrategia.com\/portal\/eventos\/turma-de-marco-2026\/"]}]},{"@type":"ImageObject","inLanguage":"pt-BR","@id":"https:\/\/med.estrategia.com\/portal\/eventos\/turma-de-marco-2026\/#primaryimage","url":"https:\/\/med.estrategia.com\/portal\/wp-content\/uploads\/2025\/03\/turma-marco-2026.jpg","contentUrl":"https:\/\/med.estrategia.com\/portal\/wp-content\/uploads\/2025\/03\/turma-marco-2026.jpg","width":1280,"height":720,"caption":"Estrat\u00e9gia Med"},{"@type":"BreadcrumbList","@id":"https:\/\/med.estrategia.com\/portal\/eventos\/turma-de-marco-2026\/#breadcrumb","itemListElement":[{"@type":"ListItem","position":1,"name":"Home","item":"https:\/\/med.estrategia.com\/portal\/"},{"@type":"ListItem","position":2,"name":"Eventos","item":"https:\/\/med.estrategia.com\/portal\/eventos\/"},{"@type":"ListItem","position":3,"name":"Turma de Mar\u00e7o 2026: conhe\u00e7a o mapa da aprova\u00e7\u00e3o para este ano!"}]},{"@type":"WebSite","@id":"https:\/\/med.estrategia.com\/portal\/#website","url":"https:\/\/med.estrategia.com\/portal\/","name":"Estrat\u00e9gia MED","description":"","potentialAction":[{"@type":"SearchAction","target":{"@type":"EntryPoint","urlTemplate":"https:\/\/med.estrategia.com\/portal\/?s={search_term_string}"},"query-input":{"@type":"PropertyValueSpecification","valueRequired":true,"valueName":"search_term_string"}}],"inLanguage":"pt-BR"},{"@type":"Person","@id":"https:\/\/med.estrategia.com\/portal\/#\/schema\/person\/8e7c9b2f53f2eede3b8880ad86ff20a3","name":"Erika Coelho","image":{"@type":"ImageObject","inLanguage":"pt-BR","@id":"https:\/\/med.estrategia.com\/portal\/#\/schema\/person\/image\/","url":"https:\/\/secure.gravatar.com\/avatar\/8ef9ff2e2fa53829c640cca8d1a45178?s=96&d=mm&r=g","contentUrl":"https:\/\/secure.gravatar.com\/avatar\/8ef9ff2e2fa53829c640cca8d1a45178?s=96&d=mm&r=g","caption":"Erika Coelho"},"description":"Jornalista pela Universidade Presbiteriana Mackenzie, escrevo sobre educa\u00e7\u00e3o, sa\u00fade e pol\u00edticas p\u00fablicas","url":"https:\/\/med.estrategia.com\/portal\/author\/erika\/"}]}},"_wl_alt_label":[],"wl:entity_url":"\/post\/-82532","_links":{"self":[{"href":"https:\/\/med.estrategia.com\/portal\/wp-json\/wp\/v2\/posts\/82532","targetHints":{"allow":["GET"]}}],"collection":[{"href":"https:\/\/med.estrategia.com\/portal\/wp-json\/wp\/v2\/posts"}],"about":[{"href":"https:\/\/med.estrategia.com\/portal\/wp-json\/wp\/v2\/types\/post"}],"author":[{"embeddable":true,"href":"https:\/\/med.estrategia.com\/portal\/wp-json\/wp\/v2\/users\/22"}],"replies":[{"embeddable":true,"href":"https:\/\/med.estrategia.com\/portal\/wp-json\/wp\/v2\/comments?post=82532"}],"version-history":[{"count":28,"href":"https:\/\/med.estrategia.com\/portal\/wp-json\/wp\/v2\/posts\/82532\/revisions"}],"predecessor-version":[{"id":108749,"href":"https:\/\/med.estrategia.com\/portal\/wp-json\/wp\/v2\/posts\/82532\/revisions\/108749"}],"wp:featuredmedia":[{"embeddable":true,"href":"https:\/\/med.estrategia.com\/portal\/wp-json\/wp\/v2\/media\/107224"}],"wp:attachment":[{"href":"https:\/\/med.estrategia.com\/portal\/wp-json\/wp\/v2\/media?parent=82532"}],"wp:term":[{"taxonomy":"category","embeddable":true,"href":"https:\/\/med.estrategia.com\/portal\/wp-json\/wp\/v2\/categories?post=82532"},{"taxonomy":"post_tag","embeddable":true,"href":"https:\/\/med.estrategia.com\/portal\/wp-json\/wp\/v2\/tags?post=82532"},{"taxonomy":"wl_entity_type","embeddable":true,"href":"https:\/\/med.estrategia.com\/portal\/wp-json\/wp\/v2\/wl_entity_type?post=82532"}],"curies":[{"name":"wp","href":"https:\/\/api.w.org\/{rel}","templated":true}]}}