{"id":82535,"date":"2025-02-17T09:23:46","date_gmt":"2025-02-17T12:23:46","guid":{"rendered":"https:\/\/med.estrategia.com\/portal\/?p=82535"},"modified":"2026-01-12T16:32:12","modified_gmt":"2026-01-12T19:32:12","slug":"resumo-de-ectima-conceito-causas-diagnostico-e-mais","status":"publish","type":"post","link":"https:\/\/med.estrategia.com\/portal\/conteudos-gratis\/doencas\/resumo-de-ectima-conceito-causas-diagnostico-e-mais\/","title":{"rendered":"Resumo de Ectima: conceito, causas, diagn\u00f3stico e mais!"},"content":{"rendered":"<p><strong>Ol&aacute;, querido doutor e doutora! <\/strong>O ectima &eacute; uma infec&ccedil;&atilde;o bacteriana da pele que evolui para &uacute;lceras profundas com crostas aderentes. Geralmente causado por Streptococcus pyogenes e Staphylococcus aureus, afeta principalmente indiv&iacute;duos com imunidade comprometida ou higiene inadequada. O tratamento envolve antibi&oacute;ticos e cuidados locais para evitar complica&ccedil;&otilde;es e cicatrizes permanentes.<p><em>A progress&atilde;o do impetigo para ectima ocorre, sobretudo, em pacientes com higiene prec&aacute;ria e doen&ccedil;as predisponentes.<\/em><\/p><div id=\"ez-toc-container\" class=\"ez-toc-v2_0_79_2 counter-hierarchy ez-toc-counter ez-toc-transparent ez-toc-container-direction\">\n<div class=\"ez-toc-title-container\"><p class=\"ez-toc-title\" style=\"cursor:inherit\">Navegue pelo conte\u00fado<\/p>\n<\/div><nav><ul class='ez-toc-list ez-toc-list-level-1 ' ><li class='ez-toc-page-1 ez-toc-heading-level-2'><a class=\"ez-toc-link ez-toc-heading-1\" href=\"https:\/\/med.estrategia.com\/portal\/conteudos-gratis\/doencas\/resumo-de-ectima-conceito-causas-diagnostico-e-mais\/#Conceito-de-Ectima\" >Conceito de Ectima&nbsp;<\/a><\/li><li class='ez-toc-page-1 ez-toc-heading-level-2'><a class=\"ez-toc-link ez-toc-heading-2\" href=\"https:\/\/med.estrategia.com\/portal\/conteudos-gratis\/doencas\/resumo-de-ectima-conceito-causas-diagnostico-e-mais\/#Formacao-do-Ectima\" >Forma&ccedil;&atilde;o do Ectima&nbsp;<\/a><\/li><li class='ez-toc-page-1 ez-toc-heading-level-2'><a class=\"ez-toc-link ez-toc-heading-3\" href=\"https:\/\/med.estrategia.com\/portal\/conteudos-gratis\/doencas\/resumo-de-ectima-conceito-causas-diagnostico-e-mais\/#Causas-de-Ectima\" >Causas de Ectima&nbsp;&nbsp;&nbsp;<\/a><\/li><li class='ez-toc-page-1 ez-toc-heading-level-2'><a class=\"ez-toc-link ez-toc-heading-4\" href=\"https:\/\/med.estrategia.com\/portal\/conteudos-gratis\/doencas\/resumo-de-ectima-conceito-causas-diagnostico-e-mais\/#Diagnostico-de-Ectima\" >Diagn&oacute;stico de Ectima<\/a><\/li><li class='ez-toc-page-1 ez-toc-heading-level-2'><a class=\"ez-toc-link ez-toc-heading-5\" href=\"https:\/\/med.estrategia.com\/portal\/conteudos-gratis\/doencas\/resumo-de-ectima-conceito-causas-diagnostico-e-mais\/#Tratamento-de-Ectima\" >Tratamento de Ectima&nbsp;<\/a><\/li><li class='ez-toc-page-1 ez-toc-heading-level-2'><a class=\"ez-toc-link ez-toc-heading-6\" href=\"https:\/\/med.estrategia.com\/portal\/conteudos-gratis\/doencas\/resumo-de-ectima-conceito-causas-diagnostico-e-mais\/#Veja-Tambem\" >Veja Tamb&eacute;m<\/a><\/li><li class='ez-toc-page-1 ez-toc-heading-level-2'><a class=\"ez-toc-link ez-toc-heading-7\" href=\"https:\/\/med.estrategia.com\/portal\/conteudos-gratis\/doencas\/resumo-de-ectima-conceito-causas-diagnostico-e-mais\/#Canal-do-YouTube\" >Canal do YouTube&nbsp;<\/a><\/li><li class='ez-toc-page-1 ez-toc-heading-level-2'><a class=\"ez-toc-link ez-toc-heading-8\" href=\"https:\/\/med.estrategia.com\/portal\/conteudos-gratis\/doencas\/resumo-de-ectima-conceito-causas-diagnostico-e-mais\/#Referencias-Bibliograficas\" >Refer&ecirc;ncias Bibliogr&aacute;ficas&nbsp;<\/a><\/li><\/ul><\/nav><\/div>\n<h2 class=\"wp-block-heading\" id=\"h-conceito-de-ectima-nbsp\"><span class=\"ez-toc-section\" id=\"Conceito-de-Ectima\"><\/span>Conceito de Ectima&nbsp;<span class=\"ez-toc-section-end\"><\/span><\/h2><p>O ectima &eacute; uma <strong>infec&ccedil;&atilde;o cut&acirc;nea profunda de origem bacteriana<\/strong>, caracterizada por les&otilde;es ulceradas recobertas por crostas espessas e aderentes. Frequentemente, &eacute; causado pelo <strong>Streptococcus pyogenes<\/strong>, podendo tamb&eacute;m ser associado ao Staphylococcus aureus. Diferente do impetigo, que acomete camadas mais superficiais da pele, o ectima se estende at&eacute; a derme e, em alguns casos, pode atingir o tecido subcut&acirc;neo, resultando em cicatrizes ap&oacute;s a resolu&ccedil;&atilde;o do quadro.<\/p><div class=\"wp-block-image\">\n<figure class=\"aligncenter\"><img decoding=\"async\" src=\"https:\/\/lh7-rt.googleusercontent.com\/docsz\/AD_4nXdhKNCPMq8612UY8bS6zXBOeDAFGdVITyrs7bSAg1lQJH6rBxwg6Xcd2-J1SOZbNOO2kMj9vw3VcQ2eqdOyMtt49zlbOqLN-ohC0fBCjmYNg1OR2Tp0En88vRrL5U3JsBcTRphfCg?key=MzVZdOAGFTsxUqOLdF1oI9iO\" alt=\"\"><figcaption class=\"wp-element-caption\">Ectima. Estrat&eacute;gia MED<\/figcaption><\/figure><\/div><h2 class=\"wp-block-heading\" id=\"h-formacao-do-ectima-nbsp\"><span class=\"ez-toc-section\" id=\"Formacao-do-Ectima\"><\/span>Forma&ccedil;&atilde;o do Ectima&nbsp;<span class=\"ez-toc-section-end\"><\/span><\/h2><p>O ectima inicia-se com a <strong>invas&atilde;o da pele por bact&eacute;rias<\/strong>, principalmente Streptococcus pyogenes, podendo estar associado ao Staphylococcus aureus. A infec&ccedil;&atilde;o frequentemente ocorre em &aacute;reas previamente lesionadas, como escoria&ccedil;&otilde;es, picadas de insetos ou dermatites, onde a barreira cut&acirc;nea est&aacute; comprometida.<\/p><p>A resposta inflamat&oacute;ria local leva &agrave; <strong>forma&ccedil;&atilde;o de p&uacute;stulas<\/strong> sobre uma base eritematosa, que evoluem para <strong>&uacute;lceras profundas<\/strong> recobertas por crostas espessas e aderentes. O comprometimento da derme e, em alguns casos, do tecido subcut&acirc;neo ocorre devido &agrave; a&ccedil;&atilde;o de toxinas bacterianas e &agrave; resposta inflamat&oacute;ria exacerbada.<\/p><p>\n\n\n\n<div class=\"estrategia-catalog\"><p>Categoria \"Extensivo de Resid&ecirc;ncia M&eacute;dica\" n\u00e3o encontrada no cat\u00e1logo.<\/p><\/div>\n\n\n\n<\/p><h2 class=\"wp-block-heading\" id=\"h-causas-de-ectima-nbsp-nbsp-nbsp\"><span class=\"ez-toc-section\" id=\"Causas-de-Ectima\"><\/span>Causas de Ectima&nbsp;&nbsp;&nbsp;<span class=\"ez-toc-section-end\"><\/span><\/h2><p>O ectima &eacute; causado principalmente pela <strong>infec&ccedil;&atilde;o bacteriana da pele<\/strong>, sendo o Streptococcus pyogenes o agente mais comum, com poss&iacute;vel associa&ccedil;&atilde;o ao Staphylococcus aureus. Em algumas situa&ccedil;&otilde;es, especialmente em pacientes imunocomprometidos, pode haver o envolvimento de bact&eacute;rias resistentes, como o Staphylococcus aureus resistente &agrave; meticilina (MRSA).<\/p><p>A infec&ccedil;&atilde;o geralmente ocorre em locais onde houve algum tipo de les&atilde;o pr&eacute;via na pele, como <strong>escoria&ccedil;&otilde;es, picadas de insetos, dermatites ou feridas traum&aacute;ticas<\/strong>. Esses fatores comprometem a barreira cut&acirc;nea, facilitando a invas&atilde;o bacteriana.<\/p><p>Al&eacute;m das les&otilde;es cut&acirc;neas, algumas condi&ccedil;&otilde;es favorecem o desenvolvimento do ectima, incluindo:&nbsp;<\/p><ul class=\"wp-block-list\">\n<li><strong>Higiene inadequada<\/strong>: favorece a prolifera&ccedil;&atilde;o bacteriana e aumenta o risco de infec&ccedil;&atilde;o secund&aacute;ria.&nbsp;<\/li>\n<\/ul><ul class=\"wp-block-list\">\n<li><strong>Doen&ccedil;as cr&ocirc;nicas<\/strong>: diabetes mellitus, insufici&ecirc;ncia renal cr&ocirc;nica e desnutri&ccedil;&atilde;o podem comprometer a resposta imunol&oacute;gica.&nbsp;<\/li>\n<\/ul><ul class=\"wp-block-list\">\n<li><strong>Estados de imunossupress&atilde;o<\/strong>: HIV, uso de corticoides ou quimioterapia predisp&otilde;em a infec&ccedil;&otilde;es mais graves.&nbsp;<\/li>\n<\/ul><ul class=\"wp-block-list\">\n<li><strong>Fatores ambientais<\/strong>: calor e umidade aumentam a prolifera&ccedil;&atilde;o bacteriana e a dissemina&ccedil;&atilde;o cut&acirc;nea.<\/li>\n<\/ul><h2 class=\"wp-block-heading\" id=\"h-diagnostico-de-ectima\"><span class=\"ez-toc-section\" id=\"Diagnostico-de-Ectima\"><\/span>Diagn&oacute;stico de Ectima<span class=\"ez-toc-section-end\"><\/span><\/h2><h3 class=\"wp-block-heading\" id=\"h-sintomas\">Sintomas<\/h3><p>O ectima se manifesta inicialmente como pequenas ves&iacute;culas ou p&uacute;stulas sobre uma base eritematosa. Essas les&otilde;es evoluem para &uacute;lceras profundas, recobertas por crostas espessas de colora&ccedil;&atilde;o amarelo-acastanhada ou melic&eacute;rica, firmemente aderidas &agrave; pele. Os sintomas mais comuns incluem:&nbsp;<\/p><ul class=\"wp-block-list\">\n<li><strong>Les&otilde;es ulceradas dolorosas<\/strong>, principalmente em membros inferiores.&nbsp;<\/li>\n<\/ul><ul class=\"wp-block-list\">\n<li><strong>Eritema e edema<\/strong> ao redor das &uacute;lceras, indicando inflama&ccedil;&atilde;o local.&nbsp;<\/li>\n<\/ul><ul class=\"wp-block-list\">\n<li><strong>Linfadenopatia<\/strong> <strong>regional<\/strong>, com aumento dos linfonodos pr&oacute;ximos &agrave;s les&otilde;es.&nbsp;<\/li>\n<\/ul><ul class=\"wp-block-list\">\n<li><strong>Cicatriza&ccedil;&atilde;o<\/strong> <strong>lenta<\/strong>, frequentemente deixando marcas permanentes na pele.&nbsp;<\/li>\n<\/ul><ul class=\"wp-block-list\">\n<li>Poss&iacute;vel <strong>febre e mal-estar<\/strong>, em casos mais extensos e complicados.<\/li>\n<\/ul><div class=\"wp-block-image\">\n<figure class=\"aligncenter\"><img decoding=\"async\" src=\"https:\/\/lh7-rt.googleusercontent.com\/docsz\/AD_4nXfevzDl34z3cIrSwmq-2fiSQaJi9Ow0cJWcInhQCgbR5q45_0Z5A7NjLlVb5XIB6a1miN2aP7Ry5OTGrprPBNMlID6N7H-hWgGEjb_HguVeap1Ufx1BqQJSt5eZt5Gk6eJ6hf3srA?key=MzVZdOAGFTsxUqOLdF1oI9iO\" alt=\"\"><figcaption class=\"wp-element-caption\">Ectima. Medscape<\/figcaption><\/figure><\/div><h3 class=\"wp-block-heading\" id=\"h-exames-complementares\">Exames Complementares<\/h3><p>O diagn&oacute;stico do ectima &eacute; cl&iacute;nico, baseado na apar&ecirc;ncia caracter&iacute;stica das les&otilde;es ulceradas com crostas aderentes. No entanto, alguns exames podem ser &uacute;teis para confirmar a infec&ccedil;&atilde;o e direcionar o tratamento:&nbsp;<\/p><ol class=\"wp-block-list\">\n<li><strong>Cultura do material da les&atilde;o<\/strong>: pode identificar o agente causador, especialmente em casos resistentes ou recorrentes.&nbsp;<\/li>\n<\/ol><ol start=\"2\" class=\"wp-block-list\">\n<li><strong>Exame bacteriosc&oacute;pico com Gram<\/strong>: pode revelar cocos Gram-positivos, como Streptococcus pyogenes e Staphylococcus aureus.&nbsp;<\/li>\n<\/ol><ol start=\"3\" class=\"wp-block-list\">\n<li><strong>Hemograma<\/strong>: &uacute;til para avaliar sinais de infec&ccedil;&atilde;o sist&ecirc;mica, como leucocitose.&nbsp;<\/li>\n<\/ol><ol start=\"4\" class=\"wp-block-list\">\n<li><strong>Testes sorol&oacute;gicos<\/strong>: podem ser indicados em suspeita de complica&ccedil;&otilde;es p&oacute;s-estreptoc&oacute;cicas, como glomerulonefrite.<\/li>\n<\/ol><h3 class=\"wp-block-heading\" id=\"h-diagnostico-diferencial\">Diagn&oacute;stico Diferencial<\/h3><p>O diagn&oacute;stico diferencial deve incluir outras infec&ccedil;&otilde;es ulcerativas, como <strong>ectima gangrenoso, leishmaniose cut&acirc;nea, pioderma gangrenoso e infec&ccedil;&otilde;es micobacterianas<\/strong>.<\/p><h2 class=\"wp-block-heading\" id=\"h-tratamento-de-ectima-nbsp\"><span class=\"ez-toc-section\" id=\"Tratamento-de-Ectima\"><\/span>Tratamento de Ectima&nbsp;<span class=\"ez-toc-section-end\"><\/span><\/h2><h3 class=\"wp-block-heading\" id=\"h-cuidados-locais-e-controle-da-infeccao-nbsp\">Cuidados locais e controle da infec&ccedil;&atilde;o&nbsp;<\/h3><p>O manejo do ectima come&ccedil;a com a ado&ccedil;&atilde;o de medidas de higiene adequadas para reduzir a carga bacteriana na pele. A <strong>limpeza das les&otilde;es<\/strong> com sabonetes antiss&eacute;pticos e a aplica&ccedil;&atilde;o de compressas &uacute;midas ajudam a remover as crostas espessas que recobrem as &uacute;lceras. Essa abordagem facilita a penetra&ccedil;&atilde;o dos medicamentos e promove uma cicatriza&ccedil;&atilde;o mais r&aacute;pida.<\/p><h3 class=\"wp-block-heading\" id=\"h-uso-de-antibioticos-topicos-nbsp\">Uso de antibi&oacute;ticos t&oacute;picos&nbsp;<\/h3><p>Em les&otilde;es isoladas e sem sinais sist&ecirc;micos, o tratamento pode ser feito com antibi&oacute;ticos t&oacute;picos, como <strong>mupirocina ou &aacute;cido fus&iacute;dico<\/strong>. Esses medicamentos atuam diretamente na &aacute;rea afetada, combatendo as bact&eacute;rias causadoras da infec&ccedil;&atilde;o e impedindo sua progress&atilde;o. No entanto, a aplica&ccedil;&atilde;o deve ser cont&iacute;nua e associada &agrave; remo&ccedil;&atilde;o das crostas para garantir a efic&aacute;cia do tratamento.<\/p><p>Nos casos mais extensos, com m&uacute;ltiplas les&otilde;es ou sinais de comprometimento sist&ecirc;mico, &eacute; necess&aacute;ria a administra&ccedil;&atilde;o de antibi&oacute;ticos orais. A <strong>penicilina<\/strong> &eacute; a op&ccedil;&atilde;o de escolha para infec&ccedil;&otilde;es confirmadas por Streptococcus pyogenes. Quando h&aacute; suspeita de coinfec&ccedil;&atilde;o por Staphylococcus aureus, recomenda-se o uso de <strong>cefalexina ou dicloxacilina<\/strong>. Se houver suspeita de infec&ccedil;&atilde;o por cepas resistentes, como Staphylococcus aureus resistente &agrave; meticilina (MRSA), antibi&oacute;ticos como <strong>sulfametoxazol-trimetoprim<\/strong>, clindamicina ou doxiciclina devem ser considerados.<\/p><h3 class=\"wp-block-heading\" id=\"h-evolucao\">Evolu&ccedil;&atilde;o<\/h3><p>O ectima tem evolu&ccedil;&atilde;o lenta, mas responde bem ao tratamento adequado, com cicatriza&ccedil;&atilde;o geralmente entre 2 a 3 semanas. No entanto, a forma&ccedil;&atilde;o de cicatrizes &eacute; comum, especialmente em casos mais profundos.&nbsp;<\/p><p>A resposta ao tratamento antibi&oacute;tico costuma ser favor&aacute;vel, mas em pacientes imunocomprometidos ou com les&otilde;es extensas, a recupera&ccedil;&atilde;o pode ser mais demorada.<\/p><h3 class=\"wp-block-heading\" id=\"h-complicacoes\">Complica&ccedil;&otilde;es<\/h3><p>Embora a maioria dos casos evolua sem maiores problemas, algumas complica&ccedil;&otilde;es podem ocorrer:&nbsp;<\/p><ul class=\"wp-block-list\">\n<li>Cicatrizes permanentes, devido &agrave; profundidade das les&otilde;es.&nbsp;<\/li>\n<\/ul><ul class=\"wp-block-list\">\n<li>Linfadenopatia persistente, com inflama&ccedil;&atilde;o dos linfonodos regionais.&nbsp;<\/li>\n<\/ul><ul class=\"wp-block-list\">\n<li>Celulite e abscessos, quando a infec&ccedil;&atilde;o se dissemina para tecidos profundos.<\/li>\n<\/ul><ul class=\"wp-block-list\">\n<li>Bacteremia, com risco de dissemina&ccedil;&atilde;o para outros &oacute;rg&atilde;os.&nbsp;<\/li>\n<\/ul><ul class=\"wp-block-list\">\n<li>Glomerulonefrite p&oacute;s-estreptoc&oacute;cica, uma complica&ccedil;&atilde;o rara associada &agrave; infec&ccedil;&atilde;o pelo Streptococcus pyogenes.<\/li>\n<\/ul><p><strong><em>Venha fazer parte da maior plataforma de Medicina do Brasil! O Estrat&eacute;gia MED possui os materiais mais atualizados e cursos ministrados por especialistas na &aacute;rea. N&atilde;o perca a oportunidade de elevar seus estudos, inscreva-se agora e comece a construir um caminho de excel&ecirc;ncia na medicina!<\/em><\/strong>&nbsp;<\/p><p><strong><a id=\"cta\" class=\"cta-imagem\" href=\"https:\/\/med.estrategia.com\/cursos\/extensivo-de-residncia-mdica\/\" target=\"blank\">\n                <img decoding=\"async\" width=\"100%\" src=\"https:\/\/med.estrategia.com\/portal\/wp-content\/uploads\/2025\/08\/extensivo_rm.jpg\" alt=\"Extensivo RM\" title=\"extensivo_rm\">\n        <\/a><\/strong><\/p><h2 class=\"wp-block-heading\" id=\"h-veja-tambem\"><span class=\"ez-toc-section\" id=\"Veja-Tambem\"><\/span>Veja Tamb&eacute;m<span class=\"ez-toc-section-end\"><\/span><\/h2><ul class=\"wp-block-list\">\n<li><a href=\"https:\/\/med.estrategia.com\/portal\/conteudos-gratis\/doencas\/resumo-de-piodermites-conceito-classificacao-e-mais\/\">Resumo de Piodermites: conceito, classifica&ccedil;&atilde;o e mais!<\/a><\/li>\n\n\n\n<li><a href=\"https:\/\/med.estrategia.com\/portal\/conteudos-gratis\/doencas\/resumo-de-impetigo-diagnostico-tratamento-e-mais\/\">Resumo de impetigo: diagn&oacute;stico, tratamento e mais!<\/a><\/li>\n\n\n\n<li><a href=\"https:\/\/med.estrategia.com\/portal\/conteudos-gratis\/doencas\/resumo-sobre-rash-cutaneo-definicao-etiologias-e-mais\/\">Resumo sobre Rash Cut&acirc;neo: defini&ccedil;&atilde;o, etiologias e mais!<\/a><\/li>\n\n\n\n<li><a href=\"https:\/\/med.estrategia.com\/portal\/conteudos-gratis\/doencas\/resumo-sobre-lipoma-diagnostico-tratamento-e-mais\/\">Resumo sobre lipoma: diagn&oacute;stico, tratamento e mais!<\/a><\/li>\n\n\n\n<li><a href=\"https:\/\/med.estrategia.com\/portal\/conteudos-gratis\/doencas\/resumo-de-dermatofitose-tinea-diagnostico-tratamento-e-mais\/\">Resumo de dermatofitose (Tinea): diagn&oacute;stico, tratamento e mais!<\/a><\/li>\n\n\n\n<li><a href=\"https:\/\/med.estrategia.com\/portal\/conteudos-gratis\/doencas\/resumo-de-tinea-corporis-diagnostico-tratamento-e-mais\/\">Resumo de Tinea corporis: diagn&oacute;stico, tratamento e mais!<\/a>&nbsp;<\/li>\n\n\n\n<li><a href=\"https:\/\/med.estrategia.com\/portal\/conteudos-gratis\/doencas\/resumo-de-vasculite-cutanea-de-pequenos-vasos-diagnostico-tratamento-e-mais\/\">Resumo de vasculite cut&acirc;nea de pequenos vasos: diagn&oacute;stico, tratamento e mais!<\/a><\/li>\n\n\n\n<li><a href=\"https:\/\/med.estrategia.com\/portal\/conteudos-gratis\/doencas\/resumo-sobre-petequias-definicao-etiologias-e-mais\/\">Resumo sobre pet&eacute;quias: defini&ccedil;&atilde;o, etiologias e mais!<\/a><\/li>\n<\/ul><h2 class=\"wp-block-heading\" id=\"h-canal-do-youtube-nbsp\"><span class=\"ez-toc-section\" id=\"Canal-do-YouTube\"><\/span>Canal do YouTube&nbsp;<span class=\"ez-toc-section-end\"><\/span><\/h2><ul class=\"wp-block-list\">\n<li><a href=\"https:\/\/www.youtube.com\/@EstrategiaMED\" target=\"_blank\" rel=\"noopener noreferrer\">YouTube do Estrat&eacute;gia MED<\/a><\/li>\n<\/ul><h2 class=\"wp-block-heading\" id=\"h-referencias-bibliograficas-nbsp\"><span class=\"ez-toc-section\" id=\"Referencias-Bibliograficas\"><\/span>Refer&ecirc;ncias Bibliogr&aacute;ficas&nbsp;<span class=\"ez-toc-section-end\"><\/span><\/h2><ol class=\"wp-block-list\">\n<li>DAVIS, Loretta S. <strong>Ecthyma<\/strong>. Medscape, 2024. Dispon&iacute;vel em: https:\/\/emedicine.medscape.com\/article\/1052279-print. Acesso em: 17 fev. 2025.&nbsp;<\/li>\n<\/ol><ol start=\"2\" class=\"wp-block-list\">\n<li>SHAH, Muneeb; CRANE, Jonathan S. <strong>Ecthyma Gangrenosum<\/strong>. StatPearls, 2025. Dispon&iacute;vel em: https:\/\/www.ncbi.nlm.nih.gov\/books\/NBK534777\/. Acesso em: 17 fev. 2025.&nbsp;<\/li>\n<\/ol><ol start=\"3\" class=\"wp-block-list\">\n<li>SOCIEDADE BRASILEIRA DE DERMATOLOGIA. <strong>Ectima<\/strong>. SBD, 2025. Dispon&iacute;vel em: https:\/\/www.sbd.org.br\/. Acesso em: 17 fev. 2025.<\/li>\n<\/ol><\/p>\n","protected":false},"excerpt":{"rendered":"Ol&aacute;, querido doutor e doutora! O ectima &eacute; uma infec&ccedil;&atilde;o bacteriana da pele que evolui para &uacute;lceras profundas&hellip;\n","protected":false},"author":46,"featured_media":82536,"comment_status":"closed","ping_status":"closed","sticky":false,"template":"","format":"standard","meta":{"wl_entities_gutenberg":"","footnotes":""},"categories":[304],"tags":[60,1257,1258],"wl_entity_type":[199],"class_list":{"0":"post-82535","1":"post","2":"type-post","3":"status-publish","4":"format-standard","5":"has-post-thumbnail","7":"category-doencas","8":"tag-dermatologia","9":"tag-ectima","10":"tag-piodermite","11":"wl_entity_type-article"},"acf":[],"yoast_head":"<!-- This site is optimized with the Yoast SEO Premium plugin v26.6 (Yoast SEO v26.6) - https:\/\/yoast.com\/wordpress\/plugins\/seo\/ -->\n<title>Resumo de Ectima: conceito, causas, diagn\u00f3stico e mais!<\/title>\n<meta name=\"description\" content=\"O ectima \u00e9 uma infec\u00e7\u00e3o cut\u00e2nea profunda de origem bacteriana, caracterizada por les\u00f5es ulceradas recobertas por crostas.\" \/>\n<meta name=\"robots\" content=\"index, follow, max-snippet:-1, max-image-preview:large, max-video-preview:-1\" \/>\n<link rel=\"canonical\" href=\"https:\/\/med.estrategia.com\/portal\/conteudos-gratis\/doencas\/resumo-de-ectima-conceito-causas-diagnostico-e-mais\/\" \/>\n<meta property=\"og:locale\" content=\"pt_BR\" \/>\n<meta property=\"og:type\" content=\"article\" \/>\n<meta property=\"og:title\" content=\"Resumo de Ectima: conceito, causas, diagn\u00f3stico e mais!\" \/>\n<meta property=\"og:description\" content=\"O ectima \u00e9 uma infec\u00e7\u00e3o cut\u00e2nea profunda de origem bacteriana, caracterizada por les\u00f5es ulceradas recobertas por crostas.\" \/>\n<meta property=\"og:url\" content=\"https:\/\/med.estrategia.com\/portal\/conteudos-gratis\/doencas\/resumo-de-ectima-conceito-causas-diagnostico-e-mais\/\" \/>\n<meta property=\"og:site_name\" content=\"Estrat\u00e9gia MED\" \/>\n<meta property=\"article:publisher\" content=\"https:\/\/www.facebook.com\/estrategiamed1\" \/>\n<meta property=\"article:published_time\" content=\"2025-02-17T12:23:46+00:00\" \/>\n<meta property=\"article:modified_time\" content=\"2026-01-12T19:32:12+00:00\" \/>\n<meta property=\"og:image\" content=\"https:\/\/med.estrategia.com\/portal\/wp-content\/uploads\/2025\/02\/27526.jpg\" \/>\n\t<meta property=\"og:image:width\" content=\"426\" \/>\n\t<meta property=\"og:image:height\" content=\"504\" \/>\n\t<meta property=\"og:image:type\" content=\"image\/jpeg\" \/>\n<meta name=\"author\" content=\"Pablo Fernandes\" \/>\n<meta name=\"twitter:card\" content=\"summary_large_image\" \/>\n<meta name=\"twitter:creator\" content=\"@estrategiamed_\" \/>\n<meta name=\"twitter:site\" content=\"@estrategiamed_\" \/>\n<meta name=\"twitter:label1\" content=\"Escrito por\" \/>\n\t<meta name=\"twitter:data1\" content=\"Pablo Fernandes\" \/>\n\t<meta name=\"twitter:label2\" content=\"Est. tempo de leitura\" \/>\n\t<meta name=\"twitter:data2\" content=\"6 minutos\" \/>\n<script type=\"application\/ld+json\" class=\"yoast-schema-graph\">{\"@context\":\"https:\/\/schema.org\",\"@graph\":[{\"@type\":\"WebPage\",\"@id\":\"https:\/\/med.estrategia.com\/portal\/conteudos-gratis\/doencas\/resumo-de-ectima-conceito-causas-diagnostico-e-mais\/\",\"url\":\"https:\/\/med.estrategia.com\/portal\/conteudos-gratis\/doencas\/resumo-de-ectima-conceito-causas-diagnostico-e-mais\/\",\"name\":\"Resumo de Ectima: conceito, causas, diagn\u00f3stico e mais!\",\"isPartOf\":{\"@id\":\"https:\/\/med.estrategia.com\/portal\/#website\"},\"primaryImageOfPage\":{\"@id\":\"https:\/\/med.estrategia.com\/portal\/conteudos-gratis\/doencas\/resumo-de-ectima-conceito-causas-diagnostico-e-mais\/#primaryimage\"},\"image\":{\"@id\":\"https:\/\/med.estrategia.com\/portal\/conteudos-gratis\/doencas\/resumo-de-ectima-conceito-causas-diagnostico-e-mais\/#primaryimage\"},\"thumbnailUrl\":\"https:\/\/med.estrategia.com\/portal\/wp-content\/uploads\/2025\/02\/27526.jpg\",\"datePublished\":\"2025-02-17T12:23:46+00:00\",\"dateModified\":\"2026-01-12T19:32:12+00:00\",\"author\":{\"@id\":\"https:\/\/med.estrategia.com\/portal\/#\/schema\/person\/67a72aa9c51ed5919796767d808606b4\"},\"description\":\"O ectima \u00e9 uma infec\u00e7\u00e3o cut\u00e2nea profunda de origem bacteriana, caracterizada por les\u00f5es ulceradas recobertas por crostas.\",\"breadcrumb\":{\"@id\":\"https:\/\/med.estrategia.com\/portal\/conteudos-gratis\/doencas\/resumo-de-ectima-conceito-causas-diagnostico-e-mais\/#breadcrumb\"},\"inLanguage\":\"pt-BR\",\"potentialAction\":[{\"@type\":\"ReadAction\",\"target\":[\"https:\/\/med.estrategia.com\/portal\/conteudos-gratis\/doencas\/resumo-de-ectima-conceito-causas-diagnostico-e-mais\/\"]}]},{\"@type\":\"ImageObject\",\"inLanguage\":\"pt-BR\",\"@id\":\"https:\/\/med.estrategia.com\/portal\/conteudos-gratis\/doencas\/resumo-de-ectima-conceito-causas-diagnostico-e-mais\/#primaryimage\",\"url\":\"https:\/\/med.estrategia.com\/portal\/wp-content\/uploads\/2025\/02\/27526.jpg\",\"contentUrl\":\"https:\/\/med.estrategia.com\/portal\/wp-content\/uploads\/2025\/02\/27526.jpg\",\"width\":426,\"height\":504,\"caption\":\"Medscape.\"},{\"@type\":\"BreadcrumbList\",\"@id\":\"https:\/\/med.estrategia.com\/portal\/conteudos-gratis\/doencas\/resumo-de-ectima-conceito-causas-diagnostico-e-mais\/#breadcrumb\",\"itemListElement\":[{\"@type\":\"ListItem\",\"position\":1,\"name\":\"Home\",\"item\":\"https:\/\/med.estrategia.com\/portal\/\"},{\"@type\":\"ListItem\",\"position\":2,\"name\":\"Conte\u00fados Gr\u00e1tis\",\"item\":\"https:\/\/med.estrategia.com\/portal\/conteudos-gratis\/\"},{\"@type\":\"ListItem\",\"position\":3,\"name\":\"Doen\u00e7as\",\"item\":\"https:\/\/med.estrategia.com\/portal\/conteudos-gratis\/doencas\/\"},{\"@type\":\"ListItem\",\"position\":4,\"name\":\"Resumo de Ectima: conceito, causas, diagn\u00f3stico e mais!\"}]},{\"@type\":\"WebSite\",\"@id\":\"https:\/\/med.estrategia.com\/portal\/#website\",\"url\":\"https:\/\/med.estrategia.com\/portal\/\",\"name\":\"Estrat\u00e9gia MED\",\"description\":\"\",\"potentialAction\":[{\"@type\":\"SearchAction\",\"target\":{\"@type\":\"EntryPoint\",\"urlTemplate\":\"https:\/\/med.estrategia.com\/portal\/?s={search_term_string}\"},\"query-input\":{\"@type\":\"PropertyValueSpecification\",\"valueRequired\":true,\"valueName\":\"search_term_string\"}}],\"inLanguage\":\"pt-BR\"},{\"@type\":\"Person\",\"@id\":\"https:\/\/med.estrategia.com\/portal\/#\/schema\/person\/67a72aa9c51ed5919796767d808606b4\",\"name\":\"Pablo Fernandes\",\"image\":{\"@type\":\"ImageObject\",\"inLanguage\":\"pt-BR\",\"@id\":\"https:\/\/med.estrategia.com\/portal\/#\/schema\/person\/image\/\",\"url\":\"https:\/\/med.estrategia.com\/portal\/wp-content\/uploads\/2025\/07\/DSC_0059-1-150x150.jpg\",\"contentUrl\":\"https:\/\/med.estrategia.com\/portal\/wp-content\/uploads\/2025\/07\/DSC_0059-1-150x150.jpg\",\"caption\":\"Pablo Fernandes\"},\"description\":\"R1 em Medicina de Fam\u00edlia e Comunidade, mineiro e apaixonado por Jesus.\",\"sameAs\":[\"https:\/\/www.instagram.com\/pablowiil\/\"],\"url\":\"https:\/\/med.estrategia.com\/portal\/author\/pablo-souza\/\"}]}<\/script>\n<!-- \/ Yoast SEO Premium plugin. -->","yoast_head_json":{"title":"Resumo de Ectima: conceito, causas, diagn\u00f3stico e mais!","description":"O ectima \u00e9 uma infec\u00e7\u00e3o cut\u00e2nea profunda de origem bacteriana, caracterizada por les\u00f5es ulceradas recobertas por crostas.","robots":{"index":"index","follow":"follow","max-snippet":"max-snippet:-1","max-image-preview":"max-image-preview:large","max-video-preview":"max-video-preview:-1"},"canonical":"https:\/\/med.estrategia.com\/portal\/conteudos-gratis\/doencas\/resumo-de-ectima-conceito-causas-diagnostico-e-mais\/","og_locale":"pt_BR","og_type":"article","og_title":"Resumo de Ectima: conceito, causas, diagn\u00f3stico e mais!","og_description":"O ectima \u00e9 uma infec\u00e7\u00e3o cut\u00e2nea profunda de origem bacteriana, caracterizada por les\u00f5es ulceradas recobertas por crostas.","og_url":"https:\/\/med.estrategia.com\/portal\/conteudos-gratis\/doencas\/resumo-de-ectima-conceito-causas-diagnostico-e-mais\/","og_site_name":"Estrat\u00e9gia MED","article_publisher":"https:\/\/www.facebook.com\/estrategiamed1","article_published_time":"2025-02-17T12:23:46+00:00","article_modified_time":"2026-01-12T19:32:12+00:00","og_image":[{"width":426,"height":504,"url":"https:\/\/med.estrategia.com\/portal\/wp-content\/uploads\/2025\/02\/27526.jpg","type":"image\/jpeg"}],"author":"Pablo Fernandes","twitter_card":"summary_large_image","twitter_creator":"@estrategiamed_","twitter_site":"@estrategiamed_","twitter_misc":{"Escrito por":"Pablo Fernandes","Est. tempo de leitura":"6 minutos"},"schema":{"@context":"https:\/\/schema.org","@graph":[{"@type":"WebPage","@id":"https:\/\/med.estrategia.com\/portal\/conteudos-gratis\/doencas\/resumo-de-ectima-conceito-causas-diagnostico-e-mais\/","url":"https:\/\/med.estrategia.com\/portal\/conteudos-gratis\/doencas\/resumo-de-ectima-conceito-causas-diagnostico-e-mais\/","name":"Resumo de Ectima: conceito, causas, diagn\u00f3stico e mais!","isPartOf":{"@id":"https:\/\/med.estrategia.com\/portal\/#website"},"primaryImageOfPage":{"@id":"https:\/\/med.estrategia.com\/portal\/conteudos-gratis\/doencas\/resumo-de-ectima-conceito-causas-diagnostico-e-mais\/#primaryimage"},"image":{"@id":"https:\/\/med.estrategia.com\/portal\/conteudos-gratis\/doencas\/resumo-de-ectima-conceito-causas-diagnostico-e-mais\/#primaryimage"},"thumbnailUrl":"https:\/\/med.estrategia.com\/portal\/wp-content\/uploads\/2025\/02\/27526.jpg","datePublished":"2025-02-17T12:23:46+00:00","dateModified":"2026-01-12T19:32:12+00:00","author":{"@id":"https:\/\/med.estrategia.com\/portal\/#\/schema\/person\/67a72aa9c51ed5919796767d808606b4"},"description":"O ectima \u00e9 uma infec\u00e7\u00e3o cut\u00e2nea profunda de origem bacteriana, caracterizada por les\u00f5es ulceradas recobertas por crostas.","breadcrumb":{"@id":"https:\/\/med.estrategia.com\/portal\/conteudos-gratis\/doencas\/resumo-de-ectima-conceito-causas-diagnostico-e-mais\/#breadcrumb"},"inLanguage":"pt-BR","potentialAction":[{"@type":"ReadAction","target":["https:\/\/med.estrategia.com\/portal\/conteudos-gratis\/doencas\/resumo-de-ectima-conceito-causas-diagnostico-e-mais\/"]}]},{"@type":"ImageObject","inLanguage":"pt-BR","@id":"https:\/\/med.estrategia.com\/portal\/conteudos-gratis\/doencas\/resumo-de-ectima-conceito-causas-diagnostico-e-mais\/#primaryimage","url":"https:\/\/med.estrategia.com\/portal\/wp-content\/uploads\/2025\/02\/27526.jpg","contentUrl":"https:\/\/med.estrategia.com\/portal\/wp-content\/uploads\/2025\/02\/27526.jpg","width":426,"height":504,"caption":"Medscape."},{"@type":"BreadcrumbList","@id":"https:\/\/med.estrategia.com\/portal\/conteudos-gratis\/doencas\/resumo-de-ectima-conceito-causas-diagnostico-e-mais\/#breadcrumb","itemListElement":[{"@type":"ListItem","position":1,"name":"Home","item":"https:\/\/med.estrategia.com\/portal\/"},{"@type":"ListItem","position":2,"name":"Conte\u00fados Gr\u00e1tis","item":"https:\/\/med.estrategia.com\/portal\/conteudos-gratis\/"},{"@type":"ListItem","position":3,"name":"Doen\u00e7as","item":"https:\/\/med.estrategia.com\/portal\/conteudos-gratis\/doencas\/"},{"@type":"ListItem","position":4,"name":"Resumo de Ectima: conceito, causas, diagn\u00f3stico e mais!"}]},{"@type":"WebSite","@id":"https:\/\/med.estrategia.com\/portal\/#website","url":"https:\/\/med.estrategia.com\/portal\/","name":"Estrat\u00e9gia MED","description":"","potentialAction":[{"@type":"SearchAction","target":{"@type":"EntryPoint","urlTemplate":"https:\/\/med.estrategia.com\/portal\/?s={search_term_string}"},"query-input":{"@type":"PropertyValueSpecification","valueRequired":true,"valueName":"search_term_string"}}],"inLanguage":"pt-BR"},{"@type":"Person","@id":"https:\/\/med.estrategia.com\/portal\/#\/schema\/person\/67a72aa9c51ed5919796767d808606b4","name":"Pablo Fernandes","image":{"@type":"ImageObject","inLanguage":"pt-BR","@id":"https:\/\/med.estrategia.com\/portal\/#\/schema\/person\/image\/","url":"https:\/\/med.estrategia.com\/portal\/wp-content\/uploads\/2025\/07\/DSC_0059-1-150x150.jpg","contentUrl":"https:\/\/med.estrategia.com\/portal\/wp-content\/uploads\/2025\/07\/DSC_0059-1-150x150.jpg","caption":"Pablo Fernandes"},"description":"R1 em Medicina de Fam\u00edlia e Comunidade, mineiro e apaixonado por Jesus.","sameAs":["https:\/\/www.instagram.com\/pablowiil\/"],"url":"https:\/\/med.estrategia.com\/portal\/author\/pablo-souza\/"}]}},"_wl_alt_label":[],"wl:entity_url":"\/post\/resumo-de-ectima-conceito-causas-diagnostico-e-mais-82535","_links":{"self":[{"href":"https:\/\/med.estrategia.com\/portal\/wp-json\/wp\/v2\/posts\/82535","targetHints":{"allow":["GET"]}}],"collection":[{"href":"https:\/\/med.estrategia.com\/portal\/wp-json\/wp\/v2\/posts"}],"about":[{"href":"https:\/\/med.estrategia.com\/portal\/wp-json\/wp\/v2\/types\/post"}],"author":[{"embeddable":true,"href":"https:\/\/med.estrategia.com\/portal\/wp-json\/wp\/v2\/users\/46"}],"replies":[{"embeddable":true,"href":"https:\/\/med.estrategia.com\/portal\/wp-json\/wp\/v2\/comments?post=82535"}],"version-history":[{"count":3,"href":"https:\/\/med.estrategia.com\/portal\/wp-json\/wp\/v2\/posts\/82535\/revisions"}],"predecessor-version":[{"id":105105,"href":"https:\/\/med.estrategia.com\/portal\/wp-json\/wp\/v2\/posts\/82535\/revisions\/105105"}],"wp:featuredmedia":[{"embeddable":true,"href":"https:\/\/med.estrategia.com\/portal\/wp-json\/wp\/v2\/media\/82536"}],"wp:attachment":[{"href":"https:\/\/med.estrategia.com\/portal\/wp-json\/wp\/v2\/media?parent=82535"}],"wp:term":[{"taxonomy":"category","embeddable":true,"href":"https:\/\/med.estrategia.com\/portal\/wp-json\/wp\/v2\/categories?post=82535"},{"taxonomy":"post_tag","embeddable":true,"href":"https:\/\/med.estrategia.com\/portal\/wp-json\/wp\/v2\/tags?post=82535"},{"taxonomy":"wl_entity_type","embeddable":true,"href":"https:\/\/med.estrategia.com\/portal\/wp-json\/wp\/v2\/wl_entity_type?post=82535"}],"curies":[{"name":"wp","href":"https:\/\/api.w.org\/{rel}","templated":true}]}}