{"id":82875,"date":"2025-02-24T11:04:30","date_gmt":"2025-02-24T14:04:30","guid":{"rendered":"https:\/\/med.estrategia.com\/portal\/?p=82875"},"modified":"2025-02-26T08:30:05","modified_gmt":"2025-02-26T11:30:05","slug":"resumo-da-vacina-contra-vsr-atualizacao-indicacao-e-mais","status":"publish","type":"post","link":"https:\/\/med.estrategia.com\/portal\/conteudos-gratis\/farmacos\/resumo-da-vacina-contra-vsr-atualizacao-indicacao-e-mais\/","title":{"rendered":"Resumo da Vacina contra VSR: atualiza\u00e7\u00e3o, indica\u00e7\u00e3o e mais!"},"content":{"rendered":"<p><strong>Ol&aacute;, querido doutor e doutora! <\/strong>O V&iacute;rus Sincicial Respirat&oacute;rio (VSR) &eacute; uma das principais causas de infec&ccedil;&otilde;es respirat&oacute;rias em beb&ecirc;s, levando a um grande n&uacute;mero de interna&ccedil;&otilde;es hospitalares. Com o objetivo de reduzir esses casos, o Sistema &Uacute;nico de Sa&uacute;de (SUS) incorporou a vacina Abrysvo, voltada para gestantes, garantindo prote&ccedil;&atilde;o passiva aos rec&eacute;m-nascidos. O presente texto aborda o funcionamento, a indica&ccedil;&atilde;o e os impactos dessa estrat&eacute;gia de imuniza&ccedil;&atilde;o na sa&uacute;de infantil.<p><em>A vacina&ccedil;&atilde;o materna permite que os anticorpos sejam transferidos ao beb&ecirc; antes do nascimento, proporcionando prote&ccedil;&atilde;o contra o VSR nos primeiros meses de vida.<\/em><\/p><div id=\"ez-toc-container\" class=\"ez-toc-v2_0_79_2 counter-hierarchy ez-toc-counter ez-toc-transparent ez-toc-container-direction\">\n<div class=\"ez-toc-title-container\"><p class=\"ez-toc-title\" style=\"cursor:inherit\">Navegue pelo conte\u00fado<\/p>\n<\/div><nav><ul class='ez-toc-list ez-toc-list-level-1 ' ><li class='ez-toc-page-1 ez-toc-heading-level-2'><a class=\"ez-toc-link ez-toc-heading-1\" href=\"https:\/\/med.estrategia.com\/portal\/conteudos-gratis\/farmacos\/resumo-da-vacina-contra-vsr-atualizacao-indicacao-e-mais\/#Contexto-e-importancia-da-vacinacao\" >Contexto e import&acirc;ncia da vacina&ccedil;&atilde;o&nbsp;<\/a><\/li><li class='ez-toc-page-1 ez-toc-heading-level-2'><a class=\"ez-toc-link ez-toc-heading-2\" href=\"https:\/\/med.estrategia.com\/portal\/conteudos-gratis\/farmacos\/resumo-da-vacina-contra-vsr-atualizacao-indicacao-e-mais\/#A-bronquiolite-aguda\" >A bronquiolite aguda<\/a><\/li><li class='ez-toc-page-1 ez-toc-heading-level-2'><a class=\"ez-toc-link ez-toc-heading-3\" href=\"https:\/\/med.estrategia.com\/portal\/conteudos-gratis\/farmacos\/resumo-da-vacina-contra-vsr-atualizacao-indicacao-e-mais\/#Funcionamento-da-vacina-contra-o-VSR\" >Funcionamento da vacina contra o VSR<\/a><\/li><li class='ez-toc-page-1 ez-toc-heading-level-2'><a class=\"ez-toc-link ez-toc-heading-4\" href=\"https:\/\/med.estrategia.com\/portal\/conteudos-gratis\/farmacos\/resumo-da-vacina-contra-vsr-atualizacao-indicacao-e-mais\/#Indicacao-da-vacina\" >Indica&ccedil;&atilde;o da vacina<\/a><\/li><li class='ez-toc-page-1 ez-toc-heading-level-2'><a class=\"ez-toc-link ez-toc-heading-5\" href=\"https:\/\/med.estrategia.com\/portal\/conteudos-gratis\/farmacos\/resumo-da-vacina-contra-vsr-atualizacao-indicacao-e-mais\/#Outras-estrategias-preventivas\" >Outras estrat&eacute;gias preventivas<\/a><\/li><li class='ez-toc-page-1 ez-toc-heading-level-2'><a class=\"ez-toc-link ez-toc-heading-6\" href=\"https:\/\/med.estrategia.com\/portal\/conteudos-gratis\/farmacos\/resumo-da-vacina-contra-vsr-atualizacao-indicacao-e-mais\/#Veja-Tambem\" >Veja Tamb&eacute;m<\/a><\/li><li class='ez-toc-page-1 ez-toc-heading-level-2'><a class=\"ez-toc-link ez-toc-heading-7\" href=\"https:\/\/med.estrategia.com\/portal\/conteudos-gratis\/farmacos\/resumo-da-vacina-contra-vsr-atualizacao-indicacao-e-mais\/#Canal-do-YouTube\" >Canal do YouTube&nbsp;<\/a><\/li><li class='ez-toc-page-1 ez-toc-heading-level-2'><a class=\"ez-toc-link ez-toc-heading-8\" href=\"https:\/\/med.estrategia.com\/portal\/conteudos-gratis\/farmacos\/resumo-da-vacina-contra-vsr-atualizacao-indicacao-e-mais\/#Referencias-Bibliograficas\" >Refer&ecirc;ncias Bibliogr&aacute;ficas&nbsp;<\/a><\/li><\/ul><\/nav><\/div>\n<h2 class=\"wp-block-heading\" id=\"h-contexto-e-importancia-da-vacinacao-nbsp\"><span class=\"ez-toc-section\" id=\"Contexto-e-importancia-da-vacinacao\"><\/span>Contexto e import&acirc;ncia da vacina&ccedil;&atilde;o&nbsp;<span class=\"ez-toc-section-end\"><\/span><\/h2><p>O <strong>V&iacute;rus Sincicial Respirat&oacute;rio (VSR)<\/strong> &eacute; um dos principais respons&aacute;veis por infec&ccedil;&otilde;es respirat&oacute;rias em beb&ecirc;s e crian&ccedil;as pequenas, sendo a causa mais comum de <strong>bronquiolite<\/strong> e <strong>pneumonia viral<\/strong> nos primeiros anos de vida. A infec&ccedil;&atilde;o pelo VSR pode levar a complica&ccedil;&otilde;es graves, especialmente em prematuros, lactentes com menos de seis meses e crian&ccedil;as com condi&ccedil;&otilde;es m&eacute;dicas preexistentes, como doen&ccedil;as card&iacute;acas ou pulmonares cr&ocirc;nicas.<\/p><p>Diante desse cen&aacute;rio, a inclus&atilde;o da vacina contra o VSR no Programa Nacional de Imuniza&ccedil;&otilde;es (PNI) representa um avan&ccedil;o na preven&ccedil;&atilde;o da doen&ccedil;a. A estrat&eacute;gia adotada no SUS foca na <strong>imuniza&ccedil;&atilde;o de gestantes<\/strong>, garantindo que os anticorpos sejam transferidos ao beb&ecirc; ainda no &uacute;tero, conferindo prote&ccedil;&atilde;o passiva nos primeiros meses de vida. Esse modelo j&aacute; demonstrou efic&aacute;cia na redu&ccedil;&atilde;o de casos graves e hospitaliza&ccedil;&otilde;es, sendo uma abordagem semelhante &agrave; utilizada para outras vacinas administradas na gravidez, como a dTpa.<\/p><p>\n\n\n\n<div class=\"estrategia-catalog\"><p>Categoria \"Extensivo de Resid&ecirc;ncia M&eacute;dica\" n\u00e3o encontrada no cat\u00e1logo.<\/p><\/div>\n\n\n\n<\/p><h2 class=\"wp-block-heading\" id=\"h-a-bronquiolite-aguda\"><span class=\"ez-toc-section\" id=\"A-bronquiolite-aguda\"><\/span>A bronquiolite aguda<span class=\"ez-toc-section-end\"><\/span><\/h2><p>A bronquiolite &eacute; uma <strong>infec&ccedil;&atilde;o viral<\/strong> que afeta as pequenas vias a&eacute;reas dos <strong>pulm&otilde;es<\/strong> (bronqu&iacute;olos), resultando em inflama&ccedil;&atilde;o, ac&uacute;mulo de muco e dificuldade respirat&oacute;ria. A doen&ccedil;a &eacute; mais comum em beb&ecirc;s com <strong>menos de dois anos de idade<\/strong>, sendo o V&iacute;rus Sincicial Respirat&oacute;rio (VSR) a principal causa dessas infec&ccedil;&otilde;es.<\/p><p>Os sintomas iniciais da bronquiolite geralmente se assemelham a um resfriado comum, incluindo <strong>coriza, tosse leve e febre baixa.<\/strong> No entanto, em alguns casos, a inflama&ccedil;&atilde;o dos bronqu&iacute;olos pode evoluir para sibil&acirc;ncia, aumento do esfor&ccedil;o respirat&oacute;rio, retra&ccedil;&atilde;o intercostal e apneia, levando a complica&ccedil;&otilde;es graves que exigem hospitaliza&ccedil;&atilde;o, principalmente em beb&ecirc;s prematuros e crian&ccedil;as com comorbidades respirat&oacute;rias ou card&iacute;acas.<\/p><p>Al&eacute;m da vacina, a preven&ccedil;&atilde;o da bronquiolite inclui medidas como <strong>higieniza&ccedil;&atilde;o frequente das m&atilde;os<\/strong>, evitar contato com pessoas resfriadas e ambientes fechados com grande aglomera&ccedil;&atilde;o, especialmente durante os per&iacute;odos de maior circula&ccedil;&atilde;o do v&iacute;rus.<\/p><h2 class=\"wp-block-heading\" id=\"h-funcionamento-da-vacina-contra-o-vsr\"><span class=\"ez-toc-section\" id=\"Funcionamento-da-vacina-contra-o-VSR\"><\/span>Funcionamento da vacina contra o VSR<span class=\"ez-toc-section-end\"><\/span><\/h2><p>A <strong>vacina Abrysvo<\/strong>, incorporada ao Sistema &Uacute;nico de Sa&uacute;de (SUS), &eacute; uma vacina <strong>recombinante inativada bivalente<\/strong>, desenvolvida para estimular a resposta imunol&oacute;gica materna, permitindo que os anticorpos gerados sejam transferidos ao beb&ecirc; atrav&eacute;s da placenta. Dessa forma, ao nascer, a crian&ccedil;a j&aacute; possui uma prote&ccedil;&atilde;o passiva contra o VSR, reduzindo significativamente o risco de infec&ccedil;&otilde;es respirat&oacute;rias nos primeiros meses de vida.<\/p><p>A Abrysvo cont&eacute;m prote&iacute;nas da glicoprote&iacute;na F do VSR, estabilizadas na conforma&ccedil;&atilde;o pr&eacute;-fus&atilde;o, o que melhora a resposta imunol&oacute;gica. Essa formula&ccedil;&atilde;o possibilita a produ&ccedil;&atilde;o de anticorpos contra os <strong>subtipos A e B do v&iacute;rus<\/strong>, que s&atilde;o os mais frequentemente associados a quadros graves de infec&ccedil;&atilde;o respirat&oacute;ria em beb&ecirc;s.<\/p><p>Por se tratar de uma <strong>vacina inativada<\/strong>, n&atilde;o h&aacute; risco de causar a infec&ccedil;&atilde;o pelo VSR. Al&eacute;m disso, sua administra&ccedil;&atilde;o n&atilde;o interfere nas demais vacinas do calend&aacute;rio pr&eacute;-natal, permitindo que seja aplicada junto a outros imunizantes indicados para gestantes, como dTpa e influenza.<\/p><h2 class=\"wp-block-heading\" id=\"h-indicacao-da-vacina\"><span class=\"ez-toc-section\" id=\"Indicacao-da-vacina\"><\/span>Indica&ccedil;&atilde;o da vacina<span class=\"ez-toc-section-end\"><\/span><\/h2><p>A vacina contra o V&iacute;rus Sincicial Respirat&oacute;rio (VSR) foi incorporada ao Programa Nacional de Imuniza&ccedil;&otilde;es (PNI) com o objetivo de proteger os rec&eacute;m-nascidos nos primeiros meses de vida, per&iacute;odo de maior vulnerabilidade &agrave;s infec&ccedil;&otilde;es respirat&oacute;rias. A vacina &eacute; administrada por <strong>via intramuscular em dose &uacute;nica<\/strong>, sendo recomendada para gestantes entre <strong>24 e 36 semanas de gesta&ccedil;&atilde;o<\/strong>, com prefer&ecirc;ncia para a aplica&ccedil;&atilde;o entre <strong>32 e 36 semanas<\/strong>. Esse per&iacute;odo foi escolhido estrategicamente para garantir uma transfer&ecirc;ncia ideal de anticorpos ao beb&ecirc;, oferecendo prote&ccedil;&atilde;o eficaz durante os primeiros seis meses de vida, fase em que o risco de complica&ccedil;&otilde;es associadas ao VSR &eacute; mais elevado.<\/p><p>O imunizante &eacute; <strong>recomendado para todas as gestantes eleg&iacute;veis<\/strong>, independentemente de hist&oacute;rico de infec&ccedil;&atilde;o pr&eacute;via pelo VSR. Al&eacute;m da prote&ccedil;&atilde;o neonatal, a vacina tamb&eacute;m contribui para a redu&ccedil;&atilde;o de complica&ccedil;&otilde;es respirat&oacute;rias na pr&oacute;pria gestante, que pode estar mais suscet&iacute;vel a infec&ccedil;&otilde;es durante a gravidez.<\/p><h2 class=\"wp-block-heading\" id=\"h-outras-estrategias-preventivas\"><span class=\"ez-toc-section\" id=\"Outras-estrategias-preventivas\"><\/span>Outras estrat&eacute;gias preventivas<span class=\"ez-toc-section-end\"><\/span><\/h2><h3 class=\"wp-block-heading\" id=\"h-uso-de-anticorpos-monoclonais\">Uso de anticorpos monoclonais<\/h3><p>Para beb&ecirc;s prematuros e aqueles com condi&ccedil;&otilde;es m&eacute;dicas que aumentam o risco de complica&ccedil;&otilde;es pelo VSR, a <strong>imuniza&ccedil;&atilde;o passiva com anticorpos monoclonais<\/strong> &eacute; uma alternativa eficaz. O <strong>nirsevimabe (Beyfortus)<\/strong> &eacute; um anticorpo monoclonal de dose &uacute;nica, administrado logo ap&oacute;s o nascimento, com a&ccedil;&atilde;o prolongada para proteger durante a sazonalidade do v&iacute;rus. J&aacute; o <strong>palivizumabe<\/strong> requer m&uacute;ltiplas doses mensais e &eacute; indicado apenas para prematuros extremos (&le;28 semanas) ou crian&ccedil;as com doen&ccedil;a pulmonar cr&ocirc;nica ou cardiopatia cong&ecirc;nita. Ambas as op&ccedil;&otilde;es s&atilde;o direcionadas a um grupo espec&iacute;fico de beb&ecirc;s, garantindo prote&ccedil;&atilde;o para aqueles com maior vulnerabilidade.<\/p><h3 class=\"wp-block-heading\" id=\"h-medidas-gerais-de-prevencao\">Medidas gerais de preven&ccedil;&atilde;o<\/h3><p>Al&eacute;m da vacina&ccedil;&atilde;o e da imuniza&ccedil;&atilde;o passiva, algumas medidas n&atilde;o farmacol&oacute;gicas podem ajudar a reduzir a dissemina&ccedil;&atilde;o do VSR, especialmente entre beb&ecirc;s menores de seis meses. Entre essas medidas est&atilde;o a <strong>higieniza&ccedil;&atilde;o frequente das m&atilde;os<\/strong>, a evita&ccedil;&atilde;o de <strong>ambientes fechados<\/strong> e lotados durante os per&iacute;odos de alta circula&ccedil;&atilde;o viral e a amamenta&ccedil;&atilde;o, que fortalece o sistema imunol&oacute;gico da crian&ccedil;a. <strong>Evitar a exposi&ccedil;&atilde;o a fuma&ccedil;a de cigarro<\/strong> e poluentes tamb&eacute;m &eacute; recomendado, pois esses fatores aumentam a inflama&ccedil;&atilde;o das vias respirat&oacute;rias e podem agravar infec&ccedil;&otilde;es.<\/p><p><strong><em>Venha fazer parte da maior plataforma de Medicina do Brasil! O Estrat&eacute;gia MED possui os materiais mais atualizados e cursos ministrados por especialistas na &aacute;rea. N&atilde;o perca a oportunidade de elevar seus estudos, inscreva-se agora e comece a construir um caminho de excel&ecirc;ncia na medicina!<\/em><\/strong>&nbsp;<\/p><p><strong><a id=\"cta\" class=\"cta-imagem\" href=\"https:\/\/med.estrategia.com\/cursos\/extensivo-de-residncia-mdica\/\" target=\"blank\">\n                <img decoding=\"async\" width=\"100%\" src=\"https:\/\/med.estrategia.com\/portal\/wp-content\/uploads\/2025\/08\/extensivo_rm.jpg\" alt=\"Extensivo RM\" title=\"extensivo_rm\">\n        <\/a><\/strong><\/p><h2 class=\"wp-block-heading\" id=\"h-veja-tambem\"><span class=\"ez-toc-section\" id=\"Veja-Tambem\"><\/span>Veja Tamb&eacute;m<span class=\"ez-toc-section-end\"><\/span><\/h2><ul class=\"wp-block-list\">\n<li><a href=\"https:\/\/med.estrategia.com\/portal\/conteudos-gratis\/resumed\/resumed-de-bronquiolite\/\">ResuMED de bronquiolite: etiopatogenia, quadro cl&iacute;nico, tratamento e mais!<\/a><\/li>\n\n\n\n<li><a href=\"https:\/\/med.estrategia.com\/portal\/flashcards\/flashcards-de-bronquiolite-aguda\/\">Flashcards de Bronquiolite Aguda<\/a><\/li>\n\n\n\n<li><a href=\"https:\/\/med.estrategia.com\/portal\/aluno-de-medicina\/dicas-de-estudo\/resumed-de-tuberculose-quadro-clinico-diagnostico-e-tratamento\/\">Resumo de tuberculose: quadro cl&iacute;nico, diagn&oacute;stico, tratamento e mais<\/a><\/li>\n\n\n\n<li><a href=\"https:\/\/med.estrategia.com\/portal\/aluno-de-medicina\/dicas-de-estudo\/pneumonia\/\">Resumo de pneumonia: manifesta&ccedil;&otilde;es cl&iacute;nicas, diagn&oacute;stico, tratamento e mais<\/a><\/li>\n\n\n\n<li><a href=\"https:\/\/med.estrategia.com\/portal\/atualidades\/vacina-para-hiv\/\">Vacina para HIV cada vez mais pr&oacute;xima<\/a><\/li>\n\n\n\n<li><a href=\"https:\/\/med.estrategia.com\/portal\/aluno-de-medicina\/dicas-de-estudo\/aids\/\">AIDS: o que &eacute;, sintomas e muito mais<\/a><\/li>\n\n\n\n<li><a href=\"https:\/\/med.estrategia.com\/portal\/aluno-de-medicina\/resumed-hiv\/\">Resumo de HIV: o que &eacute;, transmiss&atilde;o e mais.<\/a><a href=\"https:\/\/med.estrategia.com\/portal\/profissoes-da-medicina\/infectologia\/\">Resid&ecirc;ncia M&eacute;dica em Infectologia: rotina, sal&aacute;rio e mais<\/a><\/li>\n\n\n\n<li><a href=\"https:\/\/med.estrategia.com\/portal\/aluno-de-medicina\/dicas-de-estudo\/gripe\/\">Gripe: o que &eacute;, sintomas e muito mais<\/a><\/li>\n\n\n\n<li><a href=\"https:\/\/med.estrategia.com\/portal\/aluno-de-medicina\/febre-amarela\/\">Febre Amarela: transmiss&atilde;o, sintomas e muito mais<\/a><\/li>\n<\/ul><h2 class=\"wp-block-heading\" id=\"h-canal-do-youtube-nbsp\"><span class=\"ez-toc-section\" id=\"Canal-do-YouTube\"><\/span>Canal do YouTube&nbsp;<span class=\"ez-toc-section-end\"><\/span><\/h2><ul class=\"wp-block-list\">\n<li><a href=\"https:\/\/www.youtube.com\/@EstrategiaMED\" target=\"_blank\" rel=\"noopener noreferrer\">YouTube do Estrat&eacute;gia MED<\/a><\/li>\n<\/ul><h2 class=\"wp-block-heading\" id=\"h-referencias-bibliograficas-nbsp\"><span class=\"ez-toc-section\" id=\"Referencias-Bibliograficas\"><\/span>Refer&ecirc;ncias Bibliogr&aacute;ficas&nbsp;<span class=\"ez-toc-section-end\"><\/span><\/h2><ol class=\"wp-block-list\">\n<li>FEDERA&Ccedil;&Atilde;O BRASILEIRA DAS ASSOCIA&Ccedil;&Otilde;ES DE GINECOLOGIA E OBSTETR&Iacute;CIA (FEBRASGO). <strong>Gestantes ter&atilde;o acesso gratuitamente &agrave; vacina contra o V&iacute;rus Sincicial Respirat&oacute;rio (VSR) por meio do Programa Nacional de Imuniza&ccedil;&otilde;es<\/strong>. FEBRASGO, 2025. Dispon&iacute;vel em: https:\/\/www.febrasgo.org.br. Acesso em: 24 fev. 2025.<\/li>\n<\/ol><ol class=\"wp-block-list\" start=\"2\">\n<li>BRASIL. <strong>Sa&uacute;de incorpora vacina para proteger gestantes e beb&ecirc;s do v&iacute;rus sincicial respirat&oacute;rio<\/strong>. Minist&eacute;rio da Sa&uacute;de, 2025. Dispon&iacute;vel em: https:\/\/www.gov.br\/saude. Acesso em: 24 fev. 2025.<\/li>\n<\/ol><ol class=\"wp-block-list\" start=\"3\">\n<li>SOCIEDADE BRASILEIRA DE IMUNIZA&Ccedil;&Otilde;ES (SBIm). <strong>Vacinas VSR (v&iacute;rus sincicial respirat&oacute;rio)<\/strong>. SBIm, 2025. Dispon&iacute;vel em: https:\/\/familia.sbim.org.br. Acesso em: 24 fev. 2025.<\/li>\n<\/ol><\/p>\n","protected":false},"excerpt":{"rendered":"Ol&aacute;, querido doutor e doutora! O V&iacute;rus Sincicial Respirat&oacute;rio (VSR) &eacute; uma das principais causas de infec&ccedil;&otilde;es respirat&oacute;rias&hellip;\n","protected":false},"author":46,"featured_media":82878,"comment_status":"closed","ping_status":"closed","sticky":false,"template":"","format":"standard","meta":{"wl_entities_gutenberg":"","footnotes":""},"categories":[306],"tags":[852,1275],"wl_entity_type":[199],"class_list":{"0":"post-82875","1":"post","2":"type-post","3":"status-publish","4":"format-standard","5":"has-post-thumbnail","7":"category-farmacos","8":"tag-bronquiolite","9":"tag-vacina-vsr","10":"wl_entity_type-article"},"acf":[],"yoast_head":"<!-- This site is optimized with the Yoast SEO Premium plugin v26.6 (Yoast SEO v26.6) - https:\/\/yoast.com\/wordpress\/plugins\/seo\/ -->\n<title>Resumo da Vacina contra VSR: atualiza\u00e7\u00e3o, indica\u00e7\u00e3o e mais!<\/title>\n<meta name=\"description\" content=\"A vacina\u00e7\u00e3o materna permite que os anticorpos sejam transferidos ao beb\u00ea antes do nascimento, proporcionando prote\u00e7\u00e3o contra o VSR.\" \/>\n<meta name=\"robots\" content=\"index, follow, max-snippet:-1, max-image-preview:large, max-video-preview:-1\" \/>\n<link rel=\"canonical\" href=\"https:\/\/med.estrategia.com\/portal\/conteudos-gratis\/farmacos\/resumo-da-vacina-contra-vsr-atualizacao-indicacao-e-mais\/\" \/>\n<meta property=\"og:locale\" content=\"pt_BR\" \/>\n<meta property=\"og:type\" content=\"article\" \/>\n<meta property=\"og:title\" content=\"Resumo da Vacina contra VSR: atualiza\u00e7\u00e3o, indica\u00e7\u00e3o e mais!\" \/>\n<meta property=\"og:description\" content=\"A vacina\u00e7\u00e3o materna permite que os anticorpos sejam transferidos ao beb\u00ea antes do nascimento, proporcionando prote\u00e7\u00e3o contra o VSR.\" \/>\n<meta property=\"og:url\" content=\"https:\/\/med.estrategia.com\/portal\/conteudos-gratis\/farmacos\/resumo-da-vacina-contra-vsr-atualizacao-indicacao-e-mais\/\" \/>\n<meta property=\"og:site_name\" content=\"Estrat\u00e9gia MED\" \/>\n<meta property=\"article:publisher\" content=\"https:\/\/www.facebook.com\/estrategiamed1\" \/>\n<meta property=\"article:published_time\" content=\"2025-02-24T14:04:30+00:00\" \/>\n<meta property=\"article:modified_time\" content=\"2025-02-26T11:30:05+00:00\" \/>\n<meta property=\"og:image\" content=\"https:\/\/med.estrategia.com\/portal\/wp-content\/uploads\/2025\/02\/pexels-franco30-8488619.jpg\" \/>\n\t<meta property=\"og:image:width\" content=\"1920\" \/>\n\t<meta property=\"og:image:height\" content=\"1280\" \/>\n\t<meta property=\"og:image:type\" content=\"image\/jpeg\" \/>\n<meta name=\"author\" content=\"Pablo Fernandes\" \/>\n<meta name=\"twitter:card\" content=\"summary_large_image\" \/>\n<meta name=\"twitter:creator\" content=\"@estrategiamed_\" \/>\n<meta name=\"twitter:site\" content=\"@estrategiamed_\" \/>\n<meta name=\"twitter:label1\" content=\"Escrito por\" \/>\n\t<meta name=\"twitter:data1\" content=\"Pablo Fernandes\" \/>\n\t<meta name=\"twitter:label2\" content=\"Est. tempo de leitura\" \/>\n\t<meta name=\"twitter:data2\" content=\"7 minutos\" \/>\n<script type=\"application\/ld+json\" class=\"yoast-schema-graph\">{\"@context\":\"https:\/\/schema.org\",\"@graph\":[{\"@type\":\"WebPage\",\"@id\":\"https:\/\/med.estrategia.com\/portal\/conteudos-gratis\/farmacos\/resumo-da-vacina-contra-vsr-atualizacao-indicacao-e-mais\/\",\"url\":\"https:\/\/med.estrategia.com\/portal\/conteudos-gratis\/farmacos\/resumo-da-vacina-contra-vsr-atualizacao-indicacao-e-mais\/\",\"name\":\"Resumo da Vacina contra VSR: atualiza\u00e7\u00e3o, indica\u00e7\u00e3o e mais!\",\"isPartOf\":{\"@id\":\"https:\/\/med.estrategia.com\/portal\/#website\"},\"primaryImageOfPage\":{\"@id\":\"https:\/\/med.estrategia.com\/portal\/conteudos-gratis\/farmacos\/resumo-da-vacina-contra-vsr-atualizacao-indicacao-e-mais\/#primaryimage\"},\"image\":{\"@id\":\"https:\/\/med.estrategia.com\/portal\/conteudos-gratis\/farmacos\/resumo-da-vacina-contra-vsr-atualizacao-indicacao-e-mais\/#primaryimage\"},\"thumbnailUrl\":\"https:\/\/med.estrategia.com\/portal\/wp-content\/uploads\/2025\/02\/pexels-franco30-8488619.jpg\",\"datePublished\":\"2025-02-24T14:04:30+00:00\",\"dateModified\":\"2025-02-26T11:30:05+00:00\",\"author\":{\"@id\":\"https:\/\/med.estrategia.com\/portal\/#\/schema\/person\/67a72aa9c51ed5919796767d808606b4\"},\"description\":\"A vacina\u00e7\u00e3o materna permite que os anticorpos sejam transferidos ao beb\u00ea antes do nascimento, proporcionando prote\u00e7\u00e3o contra o VSR.\",\"breadcrumb\":{\"@id\":\"https:\/\/med.estrategia.com\/portal\/conteudos-gratis\/farmacos\/resumo-da-vacina-contra-vsr-atualizacao-indicacao-e-mais\/#breadcrumb\"},\"inLanguage\":\"pt-BR\",\"potentialAction\":[{\"@type\":\"ReadAction\",\"target\":[\"https:\/\/med.estrategia.com\/portal\/conteudos-gratis\/farmacos\/resumo-da-vacina-contra-vsr-atualizacao-indicacao-e-mais\/\"]}]},{\"@type\":\"ImageObject\",\"inLanguage\":\"pt-BR\",\"@id\":\"https:\/\/med.estrategia.com\/portal\/conteudos-gratis\/farmacos\/resumo-da-vacina-contra-vsr-atualizacao-indicacao-e-mais\/#primaryimage\",\"url\":\"https:\/\/med.estrategia.com\/portal\/wp-content\/uploads\/2025\/02\/pexels-franco30-8488619.jpg\",\"contentUrl\":\"https:\/\/med.estrategia.com\/portal\/wp-content\/uploads\/2025\/02\/pexels-franco30-8488619.jpg\",\"width\":1920,\"height\":1280,\"caption\":\"Pexels\"},{\"@type\":\"BreadcrumbList\",\"@id\":\"https:\/\/med.estrategia.com\/portal\/conteudos-gratis\/farmacos\/resumo-da-vacina-contra-vsr-atualizacao-indicacao-e-mais\/#breadcrumb\",\"itemListElement\":[{\"@type\":\"ListItem\",\"position\":1,\"name\":\"Home\",\"item\":\"https:\/\/med.estrategia.com\/portal\/\"},{\"@type\":\"ListItem\",\"position\":2,\"name\":\"Conte\u00fados Gr\u00e1tis\",\"item\":\"https:\/\/med.estrategia.com\/portal\/conteudos-gratis\/\"},{\"@type\":\"ListItem\",\"position\":3,\"name\":\"F\u00e1rmacos\",\"item\":\"https:\/\/med.estrategia.com\/portal\/conteudos-gratis\/farmacos\/\"},{\"@type\":\"ListItem\",\"position\":4,\"name\":\"Resumo da Vacina contra VSR: atualiza\u00e7\u00e3o, indica\u00e7\u00e3o e mais!\"}]},{\"@type\":\"WebSite\",\"@id\":\"https:\/\/med.estrategia.com\/portal\/#website\",\"url\":\"https:\/\/med.estrategia.com\/portal\/\",\"name\":\"Estrat\u00e9gia MED\",\"description\":\"\",\"potentialAction\":[{\"@type\":\"SearchAction\",\"target\":{\"@type\":\"EntryPoint\",\"urlTemplate\":\"https:\/\/med.estrategia.com\/portal\/?s={search_term_string}\"},\"query-input\":{\"@type\":\"PropertyValueSpecification\",\"valueRequired\":true,\"valueName\":\"search_term_string\"}}],\"inLanguage\":\"pt-BR\"},{\"@type\":\"Person\",\"@id\":\"https:\/\/med.estrategia.com\/portal\/#\/schema\/person\/67a72aa9c51ed5919796767d808606b4\",\"name\":\"Pablo Fernandes\",\"image\":{\"@type\":\"ImageObject\",\"inLanguage\":\"pt-BR\",\"@id\":\"https:\/\/med.estrategia.com\/portal\/#\/schema\/person\/image\/\",\"url\":\"https:\/\/med.estrategia.com\/portal\/wp-content\/uploads\/2025\/07\/DSC_0059-1-150x150.jpg\",\"contentUrl\":\"https:\/\/med.estrategia.com\/portal\/wp-content\/uploads\/2025\/07\/DSC_0059-1-150x150.jpg\",\"caption\":\"Pablo Fernandes\"},\"description\":\"R1 em Medicina de Fam\u00edlia e Comunidade, mineiro e apaixonado por Jesus.\",\"sameAs\":[\"https:\/\/www.instagram.com\/pablowiil\/\"],\"url\":\"https:\/\/med.estrategia.com\/portal\/author\/pablo-souza\/\"}]}<\/script>\n<!-- \/ Yoast SEO Premium plugin. -->","yoast_head_json":{"title":"Resumo da Vacina contra VSR: atualiza\u00e7\u00e3o, indica\u00e7\u00e3o e mais!","description":"A vacina\u00e7\u00e3o materna permite que os anticorpos sejam transferidos ao beb\u00ea antes do nascimento, proporcionando prote\u00e7\u00e3o contra o VSR.","robots":{"index":"index","follow":"follow","max-snippet":"max-snippet:-1","max-image-preview":"max-image-preview:large","max-video-preview":"max-video-preview:-1"},"canonical":"https:\/\/med.estrategia.com\/portal\/conteudos-gratis\/farmacos\/resumo-da-vacina-contra-vsr-atualizacao-indicacao-e-mais\/","og_locale":"pt_BR","og_type":"article","og_title":"Resumo da Vacina contra VSR: atualiza\u00e7\u00e3o, indica\u00e7\u00e3o e mais!","og_description":"A vacina\u00e7\u00e3o materna permite que os anticorpos sejam transferidos ao beb\u00ea antes do nascimento, proporcionando prote\u00e7\u00e3o contra o VSR.","og_url":"https:\/\/med.estrategia.com\/portal\/conteudos-gratis\/farmacos\/resumo-da-vacina-contra-vsr-atualizacao-indicacao-e-mais\/","og_site_name":"Estrat\u00e9gia MED","article_publisher":"https:\/\/www.facebook.com\/estrategiamed1","article_published_time":"2025-02-24T14:04:30+00:00","article_modified_time":"2025-02-26T11:30:05+00:00","og_image":[{"width":1920,"height":1280,"url":"https:\/\/med.estrategia.com\/portal\/wp-content\/uploads\/2025\/02\/pexels-franco30-8488619.jpg","type":"image\/jpeg"}],"author":"Pablo Fernandes","twitter_card":"summary_large_image","twitter_creator":"@estrategiamed_","twitter_site":"@estrategiamed_","twitter_misc":{"Escrito por":"Pablo Fernandes","Est. tempo de leitura":"7 minutos"},"schema":{"@context":"https:\/\/schema.org","@graph":[{"@type":"WebPage","@id":"https:\/\/med.estrategia.com\/portal\/conteudos-gratis\/farmacos\/resumo-da-vacina-contra-vsr-atualizacao-indicacao-e-mais\/","url":"https:\/\/med.estrategia.com\/portal\/conteudos-gratis\/farmacos\/resumo-da-vacina-contra-vsr-atualizacao-indicacao-e-mais\/","name":"Resumo da Vacina contra VSR: atualiza\u00e7\u00e3o, indica\u00e7\u00e3o e mais!","isPartOf":{"@id":"https:\/\/med.estrategia.com\/portal\/#website"},"primaryImageOfPage":{"@id":"https:\/\/med.estrategia.com\/portal\/conteudos-gratis\/farmacos\/resumo-da-vacina-contra-vsr-atualizacao-indicacao-e-mais\/#primaryimage"},"image":{"@id":"https:\/\/med.estrategia.com\/portal\/conteudos-gratis\/farmacos\/resumo-da-vacina-contra-vsr-atualizacao-indicacao-e-mais\/#primaryimage"},"thumbnailUrl":"https:\/\/med.estrategia.com\/portal\/wp-content\/uploads\/2025\/02\/pexels-franco30-8488619.jpg","datePublished":"2025-02-24T14:04:30+00:00","dateModified":"2025-02-26T11:30:05+00:00","author":{"@id":"https:\/\/med.estrategia.com\/portal\/#\/schema\/person\/67a72aa9c51ed5919796767d808606b4"},"description":"A vacina\u00e7\u00e3o materna permite que os anticorpos sejam transferidos ao beb\u00ea antes do nascimento, proporcionando prote\u00e7\u00e3o contra o VSR.","breadcrumb":{"@id":"https:\/\/med.estrategia.com\/portal\/conteudos-gratis\/farmacos\/resumo-da-vacina-contra-vsr-atualizacao-indicacao-e-mais\/#breadcrumb"},"inLanguage":"pt-BR","potentialAction":[{"@type":"ReadAction","target":["https:\/\/med.estrategia.com\/portal\/conteudos-gratis\/farmacos\/resumo-da-vacina-contra-vsr-atualizacao-indicacao-e-mais\/"]}]},{"@type":"ImageObject","inLanguage":"pt-BR","@id":"https:\/\/med.estrategia.com\/portal\/conteudos-gratis\/farmacos\/resumo-da-vacina-contra-vsr-atualizacao-indicacao-e-mais\/#primaryimage","url":"https:\/\/med.estrategia.com\/portal\/wp-content\/uploads\/2025\/02\/pexels-franco30-8488619.jpg","contentUrl":"https:\/\/med.estrategia.com\/portal\/wp-content\/uploads\/2025\/02\/pexels-franco30-8488619.jpg","width":1920,"height":1280,"caption":"Pexels"},{"@type":"BreadcrumbList","@id":"https:\/\/med.estrategia.com\/portal\/conteudos-gratis\/farmacos\/resumo-da-vacina-contra-vsr-atualizacao-indicacao-e-mais\/#breadcrumb","itemListElement":[{"@type":"ListItem","position":1,"name":"Home","item":"https:\/\/med.estrategia.com\/portal\/"},{"@type":"ListItem","position":2,"name":"Conte\u00fados Gr\u00e1tis","item":"https:\/\/med.estrategia.com\/portal\/conteudos-gratis\/"},{"@type":"ListItem","position":3,"name":"F\u00e1rmacos","item":"https:\/\/med.estrategia.com\/portal\/conteudos-gratis\/farmacos\/"},{"@type":"ListItem","position":4,"name":"Resumo da Vacina contra VSR: atualiza\u00e7\u00e3o, indica\u00e7\u00e3o e mais!"}]},{"@type":"WebSite","@id":"https:\/\/med.estrategia.com\/portal\/#website","url":"https:\/\/med.estrategia.com\/portal\/","name":"Estrat\u00e9gia MED","description":"","potentialAction":[{"@type":"SearchAction","target":{"@type":"EntryPoint","urlTemplate":"https:\/\/med.estrategia.com\/portal\/?s={search_term_string}"},"query-input":{"@type":"PropertyValueSpecification","valueRequired":true,"valueName":"search_term_string"}}],"inLanguage":"pt-BR"},{"@type":"Person","@id":"https:\/\/med.estrategia.com\/portal\/#\/schema\/person\/67a72aa9c51ed5919796767d808606b4","name":"Pablo Fernandes","image":{"@type":"ImageObject","inLanguage":"pt-BR","@id":"https:\/\/med.estrategia.com\/portal\/#\/schema\/person\/image\/","url":"https:\/\/med.estrategia.com\/portal\/wp-content\/uploads\/2025\/07\/DSC_0059-1-150x150.jpg","contentUrl":"https:\/\/med.estrategia.com\/portal\/wp-content\/uploads\/2025\/07\/DSC_0059-1-150x150.jpg","caption":"Pablo Fernandes"},"description":"R1 em Medicina de Fam\u00edlia e Comunidade, mineiro e apaixonado por Jesus.","sameAs":["https:\/\/www.instagram.com\/pablowiil\/"],"url":"https:\/\/med.estrategia.com\/portal\/author\/pablo-souza\/"}]}},"_wl_alt_label":[],"wl:entity_url":"\/post\/resumo-da-vacina-contra-vsr-atualizacao-indicacao-e-mais-82875","_links":{"self":[{"href":"https:\/\/med.estrategia.com\/portal\/wp-json\/wp\/v2\/posts\/82875","targetHints":{"allow":["GET"]}}],"collection":[{"href":"https:\/\/med.estrategia.com\/portal\/wp-json\/wp\/v2\/posts"}],"about":[{"href":"https:\/\/med.estrategia.com\/portal\/wp-json\/wp\/v2\/types\/post"}],"author":[{"embeddable":true,"href":"https:\/\/med.estrategia.com\/portal\/wp-json\/wp\/v2\/users\/46"}],"replies":[{"embeddable":true,"href":"https:\/\/med.estrategia.com\/portal\/wp-json\/wp\/v2\/comments?post=82875"}],"version-history":[{"count":5,"href":"https:\/\/med.estrategia.com\/portal\/wp-json\/wp\/v2\/posts\/82875\/revisions"}],"predecessor-version":[{"id":83077,"href":"https:\/\/med.estrategia.com\/portal\/wp-json\/wp\/v2\/posts\/82875\/revisions\/83077"}],"wp:featuredmedia":[{"embeddable":true,"href":"https:\/\/med.estrategia.com\/portal\/wp-json\/wp\/v2\/media\/82878"}],"wp:attachment":[{"href":"https:\/\/med.estrategia.com\/portal\/wp-json\/wp\/v2\/media?parent=82875"}],"wp:term":[{"taxonomy":"category","embeddable":true,"href":"https:\/\/med.estrategia.com\/portal\/wp-json\/wp\/v2\/categories?post=82875"},{"taxonomy":"post_tag","embeddable":true,"href":"https:\/\/med.estrategia.com\/portal\/wp-json\/wp\/v2\/tags?post=82875"},{"taxonomy":"wl_entity_type","embeddable":true,"href":"https:\/\/med.estrategia.com\/portal\/wp-json\/wp\/v2\/wl_entity_type?post=82875"}],"curies":[{"name":"wp","href":"https:\/\/api.w.org\/{rel}","templated":true}]}}