{"id":83919,"date":"2025-03-14T12:10:40","date_gmt":"2025-03-14T15:10:40","guid":{"rendered":"https:\/\/med.estrategia.com\/portal\/?p=83919"},"modified":"2025-03-14T12:10:44","modified_gmt":"2025-03-14T15:10:44","slug":"concurso-trf6-resultado-final-da-prova-discursiva","status":"publish","type":"post","link":"https:\/\/med.estrategia.com\/portal\/concursos\/concurso-trf6-resultado-final-da-prova-discursiva\/","title":{"rendered":"Concurso TRF6: resultado final da prova discursiva!"},"content":{"rendered":"<p>O <strong>Tribunal Regional Federal da 6&ordf; Regi&atilde;o (TRF-6)<\/strong> divulgou nesta sexta-feira, 14 de mar&ccedil;o de 2025,<strong> os resultados e convoca&ccedil;&otilde;es referentes ao concurso p&uacute;blico<\/strong> <strong>TRF6<\/strong> para a forma&ccedil;&atilde;o de cadastro de reserva nos cargos de Analista Judici&aacute;rio que contempla tamb&eacute;m a &aacute;rea m&eacute;dica. Os candidatos podem conferir suas <strong>pontua&ccedil;&otilde;es e classifica&ccedil;&atilde;o<\/strong> com o rela&ccedil;&atilde;o ao <strong>resultado final na prova discursiva<\/strong>. <ul class=\"wp-block-list\">\n<li><a href=\"https:\/\/med.estrategia.com\/portal\/wp-content\/uploads\/2025\/03\/ed_7_trf6_24__.pdf\" target=\"_blank\">Confira o documento na &iacute;ntegra com o resultado e as convoca&ccedil;&otilde;es.<\/a><\/li>\n<\/ul><p>A banca, Cebraspe, tamb&eacute;m disponibilizou <a href=\"https:\/\/www.cebraspe.org.br\/concursos\/TRF6_24\" target=\"_blank\">em seu site<\/a> a <strong>rela&ccedil;&atilde;o de candidatos negros com foto deferida<\/strong>. A lista inclui os candidatos que se autodeclararam negros e tiveram sua autodeclara&ccedil;&atilde;o confirmada na primeira etapa do procedimento de heteroidentifica&ccedil;&atilde;o.<\/p><p>A lista tamb&eacute;m traz a <strong>convoca&ccedil;&atilde;o para a 2&ordf; etapa da heteroidentifica&ccedil;&atilde;o presencial<\/strong>. Os candidatos dever&atilde;o comparecer ao procedimento presencial para verifica&ccedil;&atilde;o.  Os candidatos que se autodeclararam ind&iacute;genas tamb&eacute;m foram convocados para o procedimento de valida&ccedil;&atilde;o. <\/p><h2 class=\"wp-block-heading\" id=\"h-sobre-o-concurso-publico-trf6\">Sobre o Concurso P&uacute;blico TRF6<\/h2><p>No total,<strong> 53.683 pessoas se inscreveram no concurso<\/strong>. O edital visa a forma&ccedil;&atilde;o de cadastro reserva para os cargos de Analistas Judici&aacute;rios &ndash; &Aacute;rea Apoio Especializado &ndash;<strong>&nbsp;Especialidade Medicina Cardiologista, Cl&iacute;nico Geral, M&eacute;dico do Trabalho, Ortopedista e Psiquiatria.<\/strong><\/p><p>A remunera&ccedil;&atilde;o inicial &eacute; de&nbsp;<strong>R$ 13.994,78<\/strong>&nbsp;para uma carga hor&aacute;ria de&nbsp;<strong>20 horas semanais<\/strong>. Al&eacute;m da remunera&ccedil;&atilde;o, o TRF 6&ordf; regi&atilde;o oferece benef&iacute;cios como&nbsp;<strong>aux&iacute;lio pr&eacute;-escolar<\/strong>&nbsp;no valor de&nbsp;<strong>R$ 1.178,82<\/strong>, e&nbsp;<strong>aux&iacute;lio alimenta&ccedil;&atilde;o<\/strong>&nbsp;no valor de&nbsp;<strong>R$ 1.393,10<\/strong>.&nbsp;<\/p><p class=\"wp-block-preformatted\">Saiba mais sobre o concurso p&uacute;blico TRF6 em: <a href=\"https:\/\/med.estrategia.com\/portal\/concursos\/trf6-publica-edital-do-concurso-publico-com-cadastro-reserva-para-medicos\/\" target=\"_blank\">TRF6 publica edital do concurso p&uacute;blico com cadastro reserva para m&eacute;dicos<\/a><\/p><div class=\"wp-block-image\">\n<figure class=\"aligncenter size-full\"><img decoding=\"async\" width=\"1280\" height=\"622\" src=\"https:\/\/med.estrategia.com\/portal\/wp-content\/uploads\/2025\/08\/concursos_medicos.jpg\" alt=\"concursos_medicos\" class=\"wp-image-91529\" srcset=\"https:\/\/med.estrategia.com\/portal\/wp-content\/uploads\/2025\/08\/concursos_medicos.jpg 1280w, https:\/\/med.estrategia.com\/portal\/wp-content\/uploads\/2025\/08\/concursos_medicos-1024x498.jpg 1024w, https:\/\/med.estrategia.com\/portal\/wp-content\/uploads\/2025\/08\/concursos_medicos-768x373.jpg 768w, https:\/\/med.estrategia.com\/portal\/wp-content\/uploads\/2025\/08\/concursos_medicos-800x389.jpg 800w, https:\/\/med.estrategia.com\/portal\/wp-content\/uploads\/2025\/08\/concursos_medicos-1160x564.jpg 1160w\" sizes=\"(max-width: 1280px) 100vw, 1280px\" \/><\/figure><\/div><p>\n\n<div id=\"new-form\">\n\t<form id=\"forms_layout\">\n\t<input type=\"hidden\" id=\"chave_de\" name=\"chave_de\" value=\"01_EMED_LEADS_TOTAIS\" \/>\n\t\t<input type=\"hidden\" id=\"mid\" name=\"mid\" value=\"515009018\" \/>\n\t\t<input type=\"hidden\" id=\"Objetivo\" name=\"Objetivo\" value=\"Medicina\" \/>\n\t\t<input type=\"hidden\" id=\"Estado_de_Origem_do_IP\" name=\"Estado_de_Origem_do_IP\"  value=\"\" \/>\n\t\t<input type=\"hidden\" id=\"Cidade_de_Origem_do_IP\" name=\"Cidade_de_Origem_do_IP\" value=\"\" \/>\n\t\t<input type=\"hidden\" id=\"Modo_de_entrada\" name=\"Modo_de_entrada\" value=\"Portal\" \/>\n\t\t<input type=\"hidden\" id=\"Pagina_Origem\" name=\"Pagina_Origem\" value=\"\" \/>\n\n\t\t<div class=\"texto\">\n\t\t\t<h3 class=\"news\">Inscreva-se em nossa newsletter!<\/h3>\n\t\t\t<p>Receba not\u00edcias sobre resid\u00eancia m\u00e9dica, revalida\u00e7\u00e3o de diplomas e concursos m\u00e9dicos, al\u00e9m de materiais de estudo gratuitos e informa\u00e7\u00f5es relevantes do mundo da Medicina.<\/p>\n\t\t<\/div>\n\t\t<div class=\"campos\">\n\t\t\t<div class=\"first_name labels\">\n\t\t\t\t<input type=\"text\" class=\"input_labels\" id=\"first_name\" name=\"Nome_Completo\" placeholder=\"Nome\" required \/>\n\t\t\t<\/div>\n\t\t\t<div class=\"email labels\">\n\t\t\t\t<input type=\"email\" class=\"input_labels\" id=\"email\" name=\"Email\" placeholder=\"E-mail\" required \/>\n\t\t\t<\/div>\n\t\t\t<button type=\"submit\" class=\"button_layout\">\n\t\t\t\t<div id=\"lblBotao\">Inscreva-se<\/div>\n\t\t\t\t<span id=\"divSpiner\" class=\"loader\" role=\"status\" style=\"display: none;\"><\/span>\t\n\t\t\t<\/button>\n\t\t<\/div><!-- \/campos -->\n\t\t\n\t\t<label class=\"container_checkbox\">Voc\u00ea concorda com a nossa\n\t\t\t<a class=\"politics_privacy_ahref\" target=\"_blank\" href=\"https:\/\/gratis.estrategiaconcursos.com.br\/politica-de-privacidade\/\">Pol\u00edtica de Privacidade<\/a> e aceita receber informa\u00e7\u00f5es adicionais do Estrat\u00e9gia Educacional.\n\t\t\t<input id=\"checkbox_layout\" type=\"checkbox\" checked=\"checked\" required \/>\n\t\t\t<span class=\"checkbox\"><\/span>\n\t\t<\/label>\n\t\t<div id=\"msg\"><\/div>\n\t\t<div id=\"error\" class=\"error\">\n\t\t<\/div>\n\t<\/form>\n<\/div><!-- \/new-form -->\n<\/p><\/p>\n","protected":false},"excerpt":{"rendered":"O Tribunal Regional Federal da 6&ordf; Regi&atilde;o (TRF-6) divulgou nesta sexta-feira, 14 de mar&ccedil;o de 2025, os resultados&hellip;\n","protected":false},"author":45,"featured_media":82567,"comment_status":"closed","ping_status":"closed","sticky":false,"template":"","format":"standard","meta":{"wl_entities_gutenberg":"","footnotes":""},"categories":[474],"tags":[],"wl_entity_type":[199],"class_list":{"0":"post-83919","1":"post","2":"type-post","3":"status-publish","4":"format-standard","5":"has-post-thumbnail","7":"category-concursos","8":"wl_entity_type-article"},"acf":[],"yoast_head":"<!-- This site is optimized with the Yoast SEO Premium plugin v26.6 (Yoast SEO v26.6) - https:\/\/yoast.com\/wordpress\/plugins\/seo\/ -->\n<title>Concurso TRF6: resultado final da prova discursiva!<\/title>\n<meta name=\"description\" content=\"O Tribunal Regional Federal da 6\u00aa Regi\u00e3o (TRF-6) divulgou o resultado final na prova discursiva do concurso p\u00fablico TRF6.\" \/>\n<meta name=\"robots\" content=\"index, follow, max-snippet:-1, max-image-preview:large, max-video-preview:-1\" \/>\n<link rel=\"canonical\" href=\"https:\/\/med.estrategia.com\/portal\/concursos\/concurso-trf6-resultado-final-da-prova-discursiva\/\" \/>\n<meta property=\"og:locale\" content=\"pt_BR\" \/>\n<meta property=\"og:type\" content=\"article\" \/>\n<meta property=\"og:title\" content=\"Concurso TRF6: resultado final da prova discursiva!\" \/>\n<meta property=\"og:description\" content=\"O Tribunal Regional Federal da 6\u00aa Regi\u00e3o (TRF-6) divulgou o resultado final na prova discursiva do concurso p\u00fablico TRF6.\" \/>\n<meta property=\"og:url\" content=\"https:\/\/med.estrategia.com\/portal\/concursos\/concurso-trf6-resultado-final-da-prova-discursiva\/\" \/>\n<meta property=\"og:site_name\" content=\"Estrat\u00e9gia MED\" \/>\n<meta property=\"article:publisher\" content=\"https:\/\/www.facebook.com\/estrategiamed1\" \/>\n<meta property=\"article:published_time\" content=\"2025-03-14T15:10:40+00:00\" \/>\n<meta property=\"article:modified_time\" content=\"2025-03-14T15:10:44+00:00\" \/>\n<meta property=\"og:image\" content=\"https:\/\/med.estrategia.com\/portal\/wp-content\/uploads\/2025\/02\/concurso_TRF6.jpg\" \/>\n\t<meta property=\"og:image:width\" content=\"1280\" \/>\n\t<meta property=\"og:image:height\" content=\"720\" \/>\n\t<meta property=\"og:image:type\" content=\"image\/jpeg\" \/>\n<meta name=\"author\" content=\"Priscila Pereira\" \/>\n<meta name=\"twitter:card\" content=\"summary_large_image\" \/>\n<meta name=\"twitter:creator\" content=\"@estrategiamed_\" \/>\n<meta name=\"twitter:site\" content=\"@estrategiamed_\" \/>\n<meta name=\"twitter:label1\" content=\"Escrito por\" \/>\n\t<meta name=\"twitter:data1\" content=\"Priscila Pereira\" \/>\n\t<meta name=\"twitter:label2\" content=\"Est. tempo de leitura\" \/>\n\t<meta name=\"twitter:data2\" content=\"1 minuto\" \/>\n<script type=\"application\/ld+json\" class=\"yoast-schema-graph\">{\"@context\":\"https:\/\/schema.org\",\"@graph\":[{\"@type\":\"WebPage\",\"@id\":\"https:\/\/med.estrategia.com\/portal\/concursos\/concurso-trf6-resultado-final-da-prova-discursiva\/\",\"url\":\"https:\/\/med.estrategia.com\/portal\/concursos\/concurso-trf6-resultado-final-da-prova-discursiva\/\",\"name\":\"Concurso TRF6: resultado final da prova discursiva!\",\"isPartOf\":{\"@id\":\"https:\/\/med.estrategia.com\/portal\/#website\"},\"primaryImageOfPage\":{\"@id\":\"https:\/\/med.estrategia.com\/portal\/concursos\/concurso-trf6-resultado-final-da-prova-discursiva\/#primaryimage\"},\"image\":{\"@id\":\"https:\/\/med.estrategia.com\/portal\/concursos\/concurso-trf6-resultado-final-da-prova-discursiva\/#primaryimage\"},\"thumbnailUrl\":\"https:\/\/med.estrategia.com\/portal\/wp-content\/uploads\/2025\/02\/concurso_TRF6.jpg\",\"datePublished\":\"2025-03-14T15:10:40+00:00\",\"dateModified\":\"2025-03-14T15:10:44+00:00\",\"author\":{\"@id\":\"https:\/\/med.estrategia.com\/portal\/#\/schema\/person\/d1df06a83a849b79b2d480e7d8952ce3\"},\"description\":\"O Tribunal Regional Federal da 6\u00aa Regi\u00e3o (TRF-6) divulgou o resultado final na prova discursiva do concurso p\u00fablico TRF6.\",\"breadcrumb\":{\"@id\":\"https:\/\/med.estrategia.com\/portal\/concursos\/concurso-trf6-resultado-final-da-prova-discursiva\/#breadcrumb\"},\"inLanguage\":\"pt-BR\",\"potentialAction\":[{\"@type\":\"ReadAction\",\"target\":[\"https:\/\/med.estrategia.com\/portal\/concursos\/concurso-trf6-resultado-final-da-prova-discursiva\/\"]}]},{\"@type\":\"ImageObject\",\"inLanguage\":\"pt-BR\",\"@id\":\"https:\/\/med.estrategia.com\/portal\/concursos\/concurso-trf6-resultado-final-da-prova-discursiva\/#primaryimage\",\"url\":\"https:\/\/med.estrategia.com\/portal\/wp-content\/uploads\/2025\/02\/concurso_TRF6.jpg\",\"contentUrl\":\"https:\/\/med.estrategia.com\/portal\/wp-content\/uploads\/2025\/02\/concurso_TRF6.jpg\",\"width\":1280,\"height\":720,\"caption\":\"Estrat\u00e9gia MED | Concurso P\u00fablico TRF6 resultados\"},{\"@type\":\"BreadcrumbList\",\"@id\":\"https:\/\/med.estrategia.com\/portal\/concursos\/concurso-trf6-resultado-final-da-prova-discursiva\/#breadcrumb\",\"itemListElement\":[{\"@type\":\"ListItem\",\"position\":1,\"name\":\"Home\",\"item\":\"https:\/\/med.estrategia.com\/portal\/\"},{\"@type\":\"ListItem\",\"position\":2,\"name\":\"Concursos M\u00e9dicos\",\"item\":\"https:\/\/med.estrategia.com\/portal\/concursos\/\"},{\"@type\":\"ListItem\",\"position\":3,\"name\":\"Concurso TRF6: resultado final da prova discursiva!\"}]},{\"@type\":\"WebSite\",\"@id\":\"https:\/\/med.estrategia.com\/portal\/#website\",\"url\":\"https:\/\/med.estrategia.com\/portal\/\",\"name\":\"Estrat\u00e9gia MED\",\"description\":\"\",\"potentialAction\":[{\"@type\":\"SearchAction\",\"target\":{\"@type\":\"EntryPoint\",\"urlTemplate\":\"https:\/\/med.estrategia.com\/portal\/?s={search_term_string}\"},\"query-input\":{\"@type\":\"PropertyValueSpecification\",\"valueRequired\":true,\"valueName\":\"search_term_string\"}}],\"inLanguage\":\"pt-BR\"},{\"@type\":\"Person\",\"@id\":\"https:\/\/med.estrategia.com\/portal\/#\/schema\/person\/d1df06a83a849b79b2d480e7d8952ce3\",\"name\":\"Priscila Pereira\",\"image\":{\"@type\":\"ImageObject\",\"inLanguage\":\"pt-BR\",\"@id\":\"https:\/\/med.estrategia.com\/portal\/#\/schema\/person\/image\/\",\"url\":\"https:\/\/secure.gravatar.com\/avatar\/fe94f8430a1d23a69c0bc7aab6202e21?s=96&d=mm&r=g\",\"contentUrl\":\"https:\/\/secure.gravatar.com\/avatar\/fe94f8430a1d23a69c0bc7aab6202e21?s=96&d=mm&r=g\",\"caption\":\"Priscila Pereira\"},\"description\":\"Formada e p\u00f3s-graduada na \u00e1rea de comunica\u00e7\u00e3o, divido minha paix\u00e3o entre o jornalismo e os esportes\",\"url\":\"https:\/\/med.estrategia.com\/portal\/author\/priscila-pereira\/\"}]}<\/script>\n<!-- \/ Yoast SEO Premium plugin. -->","yoast_head_json":{"title":"Concurso TRF6: resultado final da prova discursiva!","description":"O Tribunal Regional Federal da 6\u00aa Regi\u00e3o (TRF-6) divulgou o resultado final na prova discursiva do concurso p\u00fablico TRF6.","robots":{"index":"index","follow":"follow","max-snippet":"max-snippet:-1","max-image-preview":"max-image-preview:large","max-video-preview":"max-video-preview:-1"},"canonical":"https:\/\/med.estrategia.com\/portal\/concursos\/concurso-trf6-resultado-final-da-prova-discursiva\/","og_locale":"pt_BR","og_type":"article","og_title":"Concurso TRF6: resultado final da prova discursiva!","og_description":"O Tribunal Regional Federal da 6\u00aa Regi\u00e3o (TRF-6) divulgou o resultado final na prova discursiva do concurso p\u00fablico TRF6.","og_url":"https:\/\/med.estrategia.com\/portal\/concursos\/concurso-trf6-resultado-final-da-prova-discursiva\/","og_site_name":"Estrat\u00e9gia MED","article_publisher":"https:\/\/www.facebook.com\/estrategiamed1","article_published_time":"2025-03-14T15:10:40+00:00","article_modified_time":"2025-03-14T15:10:44+00:00","og_image":[{"width":1280,"height":720,"url":"https:\/\/med.estrategia.com\/portal\/wp-content\/uploads\/2025\/02\/concurso_TRF6.jpg","type":"image\/jpeg"}],"author":"Priscila Pereira","twitter_card":"summary_large_image","twitter_creator":"@estrategiamed_","twitter_site":"@estrategiamed_","twitter_misc":{"Escrito por":"Priscila Pereira","Est. tempo de leitura":"1 minuto"},"schema":{"@context":"https:\/\/schema.org","@graph":[{"@type":"WebPage","@id":"https:\/\/med.estrategia.com\/portal\/concursos\/concurso-trf6-resultado-final-da-prova-discursiva\/","url":"https:\/\/med.estrategia.com\/portal\/concursos\/concurso-trf6-resultado-final-da-prova-discursiva\/","name":"Concurso TRF6: resultado final da prova discursiva!","isPartOf":{"@id":"https:\/\/med.estrategia.com\/portal\/#website"},"primaryImageOfPage":{"@id":"https:\/\/med.estrategia.com\/portal\/concursos\/concurso-trf6-resultado-final-da-prova-discursiva\/#primaryimage"},"image":{"@id":"https:\/\/med.estrategia.com\/portal\/concursos\/concurso-trf6-resultado-final-da-prova-discursiva\/#primaryimage"},"thumbnailUrl":"https:\/\/med.estrategia.com\/portal\/wp-content\/uploads\/2025\/02\/concurso_TRF6.jpg","datePublished":"2025-03-14T15:10:40+00:00","dateModified":"2025-03-14T15:10:44+00:00","author":{"@id":"https:\/\/med.estrategia.com\/portal\/#\/schema\/person\/d1df06a83a849b79b2d480e7d8952ce3"},"description":"O Tribunal Regional Federal da 6\u00aa Regi\u00e3o (TRF-6) divulgou o resultado final na prova discursiva do concurso p\u00fablico TRF6.","breadcrumb":{"@id":"https:\/\/med.estrategia.com\/portal\/concursos\/concurso-trf6-resultado-final-da-prova-discursiva\/#breadcrumb"},"inLanguage":"pt-BR","potentialAction":[{"@type":"ReadAction","target":["https:\/\/med.estrategia.com\/portal\/concursos\/concurso-trf6-resultado-final-da-prova-discursiva\/"]}]},{"@type":"ImageObject","inLanguage":"pt-BR","@id":"https:\/\/med.estrategia.com\/portal\/concursos\/concurso-trf6-resultado-final-da-prova-discursiva\/#primaryimage","url":"https:\/\/med.estrategia.com\/portal\/wp-content\/uploads\/2025\/02\/concurso_TRF6.jpg","contentUrl":"https:\/\/med.estrategia.com\/portal\/wp-content\/uploads\/2025\/02\/concurso_TRF6.jpg","width":1280,"height":720,"caption":"Estrat\u00e9gia MED | Concurso P\u00fablico TRF6 resultados"},{"@type":"BreadcrumbList","@id":"https:\/\/med.estrategia.com\/portal\/concursos\/concurso-trf6-resultado-final-da-prova-discursiva\/#breadcrumb","itemListElement":[{"@type":"ListItem","position":1,"name":"Home","item":"https:\/\/med.estrategia.com\/portal\/"},{"@type":"ListItem","position":2,"name":"Concursos M\u00e9dicos","item":"https:\/\/med.estrategia.com\/portal\/concursos\/"},{"@type":"ListItem","position":3,"name":"Concurso TRF6: resultado final da prova discursiva!"}]},{"@type":"WebSite","@id":"https:\/\/med.estrategia.com\/portal\/#website","url":"https:\/\/med.estrategia.com\/portal\/","name":"Estrat\u00e9gia MED","description":"","potentialAction":[{"@type":"SearchAction","target":{"@type":"EntryPoint","urlTemplate":"https:\/\/med.estrategia.com\/portal\/?s={search_term_string}"},"query-input":{"@type":"PropertyValueSpecification","valueRequired":true,"valueName":"search_term_string"}}],"inLanguage":"pt-BR"},{"@type":"Person","@id":"https:\/\/med.estrategia.com\/portal\/#\/schema\/person\/d1df06a83a849b79b2d480e7d8952ce3","name":"Priscila Pereira","image":{"@type":"ImageObject","inLanguage":"pt-BR","@id":"https:\/\/med.estrategia.com\/portal\/#\/schema\/person\/image\/","url":"https:\/\/secure.gravatar.com\/avatar\/fe94f8430a1d23a69c0bc7aab6202e21?s=96&d=mm&r=g","contentUrl":"https:\/\/secure.gravatar.com\/avatar\/fe94f8430a1d23a69c0bc7aab6202e21?s=96&d=mm&r=g","caption":"Priscila Pereira"},"description":"Formada e p\u00f3s-graduada na \u00e1rea de comunica\u00e7\u00e3o, divido minha paix\u00e3o entre o jornalismo e os esportes","url":"https:\/\/med.estrategia.com\/portal\/author\/priscila-pereira\/"}]}},"_wl_alt_label":[],"wl:entity_url":"\/post\/concurso-trf6-resultados-provas-objetiva-e-discursiva-83919","_links":{"self":[{"href":"https:\/\/med.estrategia.com\/portal\/wp-json\/wp\/v2\/posts\/83919","targetHints":{"allow":["GET"]}}],"collection":[{"href":"https:\/\/med.estrategia.com\/portal\/wp-json\/wp\/v2\/posts"}],"about":[{"href":"https:\/\/med.estrategia.com\/portal\/wp-json\/wp\/v2\/types\/post"}],"author":[{"embeddable":true,"href":"https:\/\/med.estrategia.com\/portal\/wp-json\/wp\/v2\/users\/45"}],"replies":[{"embeddable":true,"href":"https:\/\/med.estrategia.com\/portal\/wp-json\/wp\/v2\/comments?post=83919"}],"version-history":[{"count":4,"href":"https:\/\/med.estrategia.com\/portal\/wp-json\/wp\/v2\/posts\/83919\/revisions"}],"predecessor-version":[{"id":83924,"href":"https:\/\/med.estrategia.com\/portal\/wp-json\/wp\/v2\/posts\/83919\/revisions\/83924"}],"wp:featuredmedia":[{"embeddable":true,"href":"https:\/\/med.estrategia.com\/portal\/wp-json\/wp\/v2\/media\/82567"}],"wp:attachment":[{"href":"https:\/\/med.estrategia.com\/portal\/wp-json\/wp\/v2\/media?parent=83919"}],"wp:term":[{"taxonomy":"category","embeddable":true,"href":"https:\/\/med.estrategia.com\/portal\/wp-json\/wp\/v2\/categories?post=83919"},{"taxonomy":"post_tag","embeddable":true,"href":"https:\/\/med.estrategia.com\/portal\/wp-json\/wp\/v2\/tags?post=83919"},{"taxonomy":"wl_entity_type","embeddable":true,"href":"https:\/\/med.estrategia.com\/portal\/wp-json\/wp\/v2\/wl_entity_type?post=83919"}],"curies":[{"name":"wp","href":"https:\/\/api.w.org\/{rel}","templated":true}]}}