{"id":84033,"date":"2025-03-18T11:03:13","date_gmt":"2025-03-18T14:03:13","guid":{"rendered":"https:\/\/med.estrategia.com\/portal\/?p=84033"},"modified":"2025-03-24T16:02:02","modified_gmt":"2025-03-24T19:02:02","slug":"pf-administrativo-define-banca-para-concurso-com-vagas-para-medicos","status":"publish","type":"post","link":"https:\/\/med.estrategia.com\/portal\/concursos\/pf-administrativo-define-banca-para-concurso-com-vagas-para-medicos\/","title":{"rendered":"PF Administrativo define banca para concurso com vagas para m\u00e9dicos"},"content":{"rendered":"<p>A <strong>banca definida<\/strong> para o pr&oacute;ximo <strong>concurso p&uacute;blico da Pol&iacute;cia Federal administrativo (PF)<\/strong> &eacute; o <a href=\"https:\/\/www.cebraspe.org.br\/concursos\/CPNUJE_24\" target=\"_blank\">Cebraspe<\/a>. O termo de dispensa de&nbsp;<a href=\"https:\/\/dhg1h5j42swfq.cloudfront.net\/2025\/03\/17191532\/sei_40067108_lici-_ato_de_dispensa_de_licitacao-1.pdf\" target=\"_blank\">licita&ccedil;&atilde;o<\/a> que confirma a institui&ccedil;&atilde;o como respons&aacute;vel por organizar e administrar o certame foi publicado no dia 17 de mar&ccedil;o de 2025. <p>O concurso oferta <strong>35 vagas para os cargos de m&eacute;dico<\/strong> <strong>cl&iacute;nico<\/strong>,<strong> psiquiatra e<\/strong> <strong>ortopedista<\/strong>. A remunera&ccedil;&atilde;o inicial &eacute; de <strong>R$ 5.320,69<\/strong> para uma carga hor&aacute;ria de <strong>20 horas mensais. <\/strong><\/p><p>Como requisitos para o cargo, os candidatos precisam possuir diploma, devidamente registrado, de conclus&atilde;o de curso de gradua&ccedil;&atilde;o de n&iacute;vel superior em Medicina, fornecido por institui&ccedil;&atilde;o de ensino superior reconhecida pelo MEC, inscri&ccedil;&atilde;o no Conselho Regional de Medicina e Registro de Qualifica&ccedil;&atilde;o de Especialidade (RQE) no cargo pretendido. <\/p><p>Al&eacute;m das informa&ccedil;&otilde;es sobre as vagas ofertadas no pr&oacute;ximo edital, o termo de refer&ecirc;ncia tamb&eacute;m confirma quais as etapas do processo seletivo do concurso os candidatos aos cargos de n&iacute;vel superior ser&atilde;o avaliados. O processo conta com uma prova objetiva e uma prova discursiva. <\/p><p>A prova objetiva ser&aacute; eliminat&oacute;ria e classificat&oacute;ria. A prova discursiva, tamb&eacute;m de car&aacute;ter  classificat&oacute;rio e eliminat&oacute;rio, consistir&aacute; na elabora&ccedil;&atilde;o de texto dissertativo de at&eacute; 30 linhas a respeito do conhecimento espec&iacute;fico do cargo. <\/p><ul class=\"wp-block-list\">\n<li><a href=\"https:\/\/med.estrategia.com\/portal\/wp-content\/uploads\/2025\/03\/sei_40047254_lici-_termo_de_referencia_PFAdm.pdf\" target=\"_blank\">Veja o termo de refer&ecirc;ncia na &iacute;ntegra!<\/a><\/li>\n<\/ul><div id=\"ez-toc-container\" class=\"ez-toc-v2_0_79_2 counter-hierarchy ez-toc-counter ez-toc-transparent ez-toc-container-direction\">\n<div class=\"ez-toc-title-container\"><p class=\"ez-toc-title\" style=\"cursor:inherit\">Navegue pelo conte\u00fado<\/p>\n<\/div><nav><ul class='ez-toc-list ez-toc-list-level-1 ' ><li class='ez-toc-page-1 ez-toc-heading-level-2'><a class=\"ez-toc-link ez-toc-heading-1\" href=\"https:\/\/med.estrategia.com\/portal\/concursos\/pf-administrativo-define-banca-para-concurso-com-vagas-para-medicos\/#Ultimo-Concurso-PF-2013\" >&Uacute;ltimo Concurso PF 2013<\/a><\/li><li class='ez-toc-page-1 ez-toc-heading-level-2'><a class=\"ez-toc-link ez-toc-heading-2\" href=\"https:\/\/med.estrategia.com\/portal\/concursos\/pf-administrativo-define-banca-para-concurso-com-vagas-para-medicos\/#Estrategia-MED-tira-suas-duvidas-do-edital-do-Concursos-Medicos-%E2%80%93-Policia-Federal\" >Estrat&eacute;gia MED tira suas d&uacute;vidas do edital do Concursos M&eacute;dicos &ndash; Pol&iacute;cia Federal!<\/a><\/li><li class='ez-toc-page-1 ez-toc-heading-level-2'><a class=\"ez-toc-link ez-toc-heading-3\" href=\"https:\/\/med.estrategia.com\/portal\/concursos\/pf-administrativo-define-banca-para-concurso-com-vagas-para-medicos\/#Prepare-se-agora-para-o-concurso-publico-do-Concursos-Medicos-%E2%80%93-Policia-Federal-com-o-Estrategia-MED\" >Prepare-se agora para o concurso p&uacute;blico do Concursos M&eacute;dicos &ndash; Pol&iacute;cia Federal com o Estrat&eacute;gia MED!<\/a><\/li><\/ul><\/nav><\/div>\n<h2 class=\"wp-block-heading\" id=\"h-ultimo-concurso-pf-2013\"><span class=\"ez-toc-section\" id=\"Ultimo-Concurso-PF-2013\"><\/span>&Uacute;ltimo Concurso PF 2013<span class=\"ez-toc-section-end\"><\/span><\/h2><p>O&nbsp;<strong>&uacute;ltimo concurso p&uacute;blico&nbsp;<\/strong>para cargos na <strong>&aacute;rea administrativa da Pol&iacute;cia Federal<\/strong> teve como banca organizadora a institui&ccedil;&atilde;o Cespe (atual Cebraspe), em&nbsp;2013. Apesar de ofertar um total de 534 vagas, distribu&iacute;das entre diversos estados, n&atilde;o houve cargos para &aacute;rea m&eacute;dica.<\/p><p>O processo seletivo contou com uma&nbsp;<strong>prova objetiva composta por 70 quest&otilde;es de conhecimentos espec&iacute;ficos<\/strong> <strong>e 50 quest&otilde;es de conhecimentos b&aacute;sicos<\/strong>, com um total de&nbsp;<strong>120 quest&otilde;es<\/strong>, distribu&iacute;das entre as seguintes disciplinas:<\/p><ul class=\"wp-block-list\">\n<li>Portugu&ecirc;s;<\/li>\n\n\n\n<li>No&ccedil;&otilde;es de Inform&aacute;tica;<\/li>\n\n\n\n<li>Racioc&iacute;nio L&oacute;gico;<\/li>\n\n\n\n<li>Atualidades;<\/li>\n\n\n\n<li>No&ccedil;&otilde;es de Direito Administrativo;<\/li>\n\n\n\n<li>No&ccedil;&otilde;es de Direito Constitucional.<\/li>\n<\/ul><h2 class=\"wp-block-heading\" id=\"h-estrategia-med-tira-suas-duvidas-do-edital-do-concursos-medicos-policia-federal\"><span class=\"ez-toc-section\" id=\"Estrategia-MED-tira-suas-duvidas-do-edital-do-Concursos-Medicos-%E2%80%93-Policia-Federal\"><\/span>Estrat&eacute;gia MED tira suas d&uacute;vidas do edital do Concursos M&eacute;dicos &ndash; Pol&iacute;cia Federal!<span class=\"ez-toc-section-end\"><\/span><\/h2><p>Aproveite e n&atilde;o deixe de assistir o <a href=\"https:\/\/youtube.com\/live\/JTqgBdUD9Q8?feature=share\" target=\"_blank\">webin&aacute;rio<\/a> comandado pelos professores do Estrat&eacute;gia MED, <strong>Jo&atilde;o Paulo Telles e Renatha Paiva<\/strong>, com informa&ccedil;&otilde;es completas sobre os Concursos M&eacute;dicos &ndash; Pol&iacute;cia Federal. A transmiss&atilde;o acontece em nosso canal do Youtube no dia 07 de abril de 2025, &agrave;s 20h.<mark style=\"background-color:rgba(0, 0, 0, 0)\" class=\"has-inline-color has-black-color\"> Clique na imagem a seguir e acompanhe:<\/mark><\/p><figure class=\"wp-block-embed is-type-video is-provider-youtube wp-block-embed-youtube wp-embed-aspect-16-9 wp-has-aspect-ratio\"><div class=\"wp-block-embed__wrapper\">\n<div class=\"cs-embed cs-embed-responsive\"><iframe title=\"Opera&ccedil;&atilde;o Pol&iacute;cia Federal - Conquiste sua vaga para ganhar at&eacute; 26k\/m&ecirc;s com estabilidade\" width=\"1200\" height=\"675\" src=\"https:\/\/www.youtube.com\/embed\/JTqgBdUD9Q8?feature=oembed\" frameborder=\"0\" allow=\"accelerometer; autoplay; clipboard-write; encrypted-media; gyroscope; picture-in-picture; web-share\" referrerpolicy=\"strict-origin-when-cross-origin\" allowfullscreen><\/iframe><\/div>\n<\/div><\/figure><p>E n&atilde;o se esque&ccedil;a de se inscrever em nosso canal e ativar o sino de notifica&ccedil;&atilde;o para n&atilde;o perder nenhuma novidade sobre concursos p&uacute;blicos com cargos m&eacute;dicos, atualiza&ccedil;&otilde;es m&eacute;dicas e muito mais!<\/p><h2 class=\"wp-block-heading\"><span class=\"ez-toc-section\" id=\"Prepare-se-agora-para-o-concurso-publico-do-Concursos-Medicos-%E2%80%93-Policia-Federal-com-o-Estrategia-MED\"><\/span>Prepare-se agora para o concurso p&uacute;blico do Concursos M&eacute;dicos &ndash; Pol&iacute;cia Federal com o Estrat&eacute;gia MED!<span class=\"ez-toc-section-end\"><\/span><\/h2><p>Com o <a href=\"https:\/\/med.estrategia.com\/curso\/concursos-medicos-policia-federal-administrativo-pre-edital\/\" target=\"_blank\">Concursos M&eacute;dicos &ndash; Pol&iacute;cia Federal Administrativo (Pr&eacute;-edital)<\/a>, tenha acesso ao material completo e direcionado para que voc&ecirc; possa realizar um estudo focado, contemplando as disciplinas gerais e espec&iacute;ficas do &uacute;ltimo edital:<\/p><ul class=\"wp-block-list\">\n<li>No&ccedil;&otilde;es de Inform&aacute;tica<\/li>\n\n\n\n<li>Racioc&iacute;nio L&oacute;gico<\/li>\n\n\n\n<li>Atualidades (ser&aacute; disponibilizado at&eacute; 05\/05)<\/li>\n\n\n\n<li>No&ccedil;&otilde;es de Direito Administrativo<\/li>\n\n\n\n<li>No&ccedil;&otilde;es de Direito Constitucional<\/li>\n\n\n\n<li>Cl&iacute;nica M&eacute;dica<\/li>\n\n\n\n<li>Psiquiatria<\/li>\n\n\n\n<li>Ortopedia (ser&aacute; disponibilizado at&eacute; 05\/05)<\/li>\n<\/ul><p>O material foi desenvolvido para proporcionar um estudo estrat&eacute;gico, permitindo que o aluno otimize seu tempo e se prepare com efici&ecirc;ncia. Os alunos do pr&eacute;-edital ter&atilde;o acesso integral e gratuito ao material p&oacute;s-edital.<\/p><div class=\"wp-block-image\">\n<figure class=\"aligncenter size-full\"><img decoding=\"async\" width=\"1280\" height=\"622\" src=\"https:\/\/med.estrategia.com\/portal\/wp-content\/uploads\/2025\/08\/concursos_medicos.jpg\" alt=\"concursos_medicos\" class=\"wp-image-91529\" srcset=\"https:\/\/med.estrategia.com\/portal\/wp-content\/uploads\/2025\/08\/concursos_medicos.jpg 1280w, https:\/\/med.estrategia.com\/portal\/wp-content\/uploads\/2025\/08\/concursos_medicos-1024x498.jpg 1024w, https:\/\/med.estrategia.com\/portal\/wp-content\/uploads\/2025\/08\/concursos_medicos-768x373.jpg 768w, https:\/\/med.estrategia.com\/portal\/wp-content\/uploads\/2025\/08\/concursos_medicos-800x389.jpg 800w, https:\/\/med.estrategia.com\/portal\/wp-content\/uploads\/2025\/08\/concursos_medicos-1160x564.jpg 1160w\" sizes=\"(max-width: 1280px) 100vw, 1280px\" \/><\/figure><\/div><p>\n\n<div id=\"new-form\">\n\t<form id=\"forms_layout\">\n\t<input type=\"hidden\" id=\"chave_de\" name=\"chave_de\" value=\"01_EMED_LEADS_TOTAIS\" \/>\n\t\t<input type=\"hidden\" id=\"mid\" name=\"mid\" value=\"515009018\" \/>\n\t\t<input type=\"hidden\" id=\"Objetivo\" name=\"Objetivo\" value=\"Medicina\" \/>\n\t\t<input type=\"hidden\" id=\"Estado_de_Origem_do_IP\" name=\"Estado_de_Origem_do_IP\"  value=\"\" \/>\n\t\t<input type=\"hidden\" id=\"Cidade_de_Origem_do_IP\" name=\"Cidade_de_Origem_do_IP\" value=\"\" \/>\n\t\t<input type=\"hidden\" id=\"Modo_de_entrada\" name=\"Modo_de_entrada\" value=\"Portal\" \/>\n\t\t<input type=\"hidden\" id=\"Pagina_Origem\" name=\"Pagina_Origem\" value=\"\" \/>\n\n\t\t<div class=\"texto\">\n\t\t\t<h3 class=\"news\">Inscreva-se em nossa newsletter!<\/h3>\n\t\t\t<p>Receba not\u00edcias sobre resid\u00eancia m\u00e9dica, revalida\u00e7\u00e3o de diplomas e concursos m\u00e9dicos, al\u00e9m de materiais de estudo gratuitos e informa\u00e7\u00f5es relevantes do mundo da Medicina.<\/p>\n\t\t<\/div>\n\t\t<div class=\"campos\">\n\t\t\t<div class=\"first_name labels\">\n\t\t\t\t<input type=\"text\" class=\"input_labels\" id=\"first_name\" name=\"Nome_Completo\" placeholder=\"Nome\" required \/>\n\t\t\t<\/div>\n\t\t\t<div class=\"email labels\">\n\t\t\t\t<input type=\"email\" class=\"input_labels\" id=\"email\" name=\"Email\" placeholder=\"E-mail\" required \/>\n\t\t\t<\/div>\n\t\t\t<button type=\"submit\" class=\"button_layout\">\n\t\t\t\t<div id=\"lblBotao\">Inscreva-se<\/div>\n\t\t\t\t<span id=\"divSpiner\" class=\"loader\" role=\"status\" style=\"display: none;\"><\/span>\t\n\t\t\t<\/button>\n\t\t<\/div><!-- \/campos -->\n\t\t\n\t\t<label class=\"container_checkbox\">Voc\u00ea concorda com a nossa\n\t\t\t<a class=\"politics_privacy_ahref\" target=\"_blank\" href=\"https:\/\/gratis.estrategiaconcursos.com.br\/politica-de-privacidade\/\">Pol\u00edtica de Privacidade<\/a> e aceita receber informa\u00e7\u00f5es adicionais do Estrat\u00e9gia Educacional.\n\t\t\t<input id=\"checkbox_layout\" type=\"checkbox\" checked=\"checked\" required \/>\n\t\t\t<span class=\"checkbox\"><\/span>\n\t\t<\/label>\n\t\t<div id=\"msg\"><\/div>\n\t\t<div id=\"error\" class=\"error\">\n\t\t<\/div>\n\t<\/form>\n<\/div><!-- \/new-form -->\n<\/p><\/p>\n","protected":false},"excerpt":{"rendered":"O edital do pr\u00f3ximo concurso p\u00fablico para a \u00e1rea administrativa da Pol\u00edcia Federal deve ser divulgado em breve\n","protected":false},"author":45,"featured_media":78232,"comment_status":"closed","ping_status":"closed","sticky":false,"template":"","format":"standard","meta":{"wl_entities_gutenberg":"","footnotes":""},"categories":[474],"tags":[],"wl_entity_type":[199],"class_list":{"0":"post-84033","1":"post","2":"type-post","3":"status-publish","4":"format-standard","5":"has-post-thumbnail","7":"category-concursos","8":"wl_entity_type-article"},"acf":[],"yoast_head":"<!-- This site is optimized with the Yoast SEO Premium plugin v26.6 (Yoast SEO v26.6) - https:\/\/yoast.com\/wordpress\/plugins\/seo\/ -->\n<title>PF Administrativo define banca para concurso p\u00fablico<\/title>\n<meta name=\"description\" content=\"A banca definida para o pr\u00f3ximo concurso p\u00fablico da Pol\u00edcia Federal administrativo (PF) \u00e9 o Cebraspe. Edital dever ser publicado em breve.\" \/>\n<meta name=\"robots\" content=\"index, follow, max-snippet:-1, max-image-preview:large, max-video-preview:-1\" \/>\n<link rel=\"canonical\" href=\"https:\/\/med.estrategia.com\/portal\/concursos\/pf-administrativo-define-banca-para-concurso-com-vagas-para-medicos\/\" \/>\n<meta property=\"og:locale\" content=\"pt_BR\" \/>\n<meta property=\"og:type\" content=\"article\" \/>\n<meta property=\"og:title\" content=\"PF Administrativo define banca para concurso com vagas para m\u00e9dicos\" \/>\n<meta property=\"og:description\" content=\"A banca definida para o pr\u00f3ximo concurso p\u00fablico da Pol\u00edcia Federal administrativo (PF) \u00e9 o Cebraspe. Edital dever ser publicado em breve.\" \/>\n<meta property=\"og:url\" content=\"https:\/\/med.estrategia.com\/portal\/concursos\/pf-administrativo-define-banca-para-concurso-com-vagas-para-medicos\/\" \/>\n<meta property=\"og:site_name\" content=\"Estrat\u00e9gia MED\" \/>\n<meta property=\"article:publisher\" content=\"https:\/\/www.facebook.com\/estrategiamed1\" \/>\n<meta property=\"article:published_time\" content=\"2025-03-18T14:03:13+00:00\" \/>\n<meta property=\"article:modified_time\" content=\"2025-03-24T19:02:02+00:00\" \/>\n<meta property=\"og:image\" content=\"https:\/\/med.estrategia.com\/portal\/wp-content\/uploads\/2024\/12\/Capa_Concurso_PF_ADM.jpg\" \/>\n\t<meta property=\"og:image:width\" content=\"1280\" \/>\n\t<meta property=\"og:image:height\" content=\"720\" \/>\n\t<meta property=\"og:image:type\" content=\"image\/jpeg\" \/>\n<meta name=\"author\" content=\"Priscila Pereira\" \/>\n<meta name=\"twitter:card\" content=\"summary_large_image\" \/>\n<meta name=\"twitter:creator\" content=\"@estrategiamed_\" \/>\n<meta name=\"twitter:site\" content=\"@estrategiamed_\" \/>\n<meta name=\"twitter:label1\" content=\"Escrito por\" \/>\n\t<meta name=\"twitter:data1\" content=\"Priscila Pereira\" \/>\n\t<meta name=\"twitter:label2\" content=\"Est. tempo de leitura\" \/>\n\t<meta name=\"twitter:data2\" content=\"3 minutos\" \/>\n<script type=\"application\/ld+json\" class=\"yoast-schema-graph\">{\"@context\":\"https:\/\/schema.org\",\"@graph\":[{\"@type\":\"WebPage\",\"@id\":\"https:\/\/med.estrategia.com\/portal\/concursos\/pf-administrativo-define-banca-para-concurso-com-vagas-para-medicos\/\",\"url\":\"https:\/\/med.estrategia.com\/portal\/concursos\/pf-administrativo-define-banca-para-concurso-com-vagas-para-medicos\/\",\"name\":\"PF Administrativo define banca para concurso p\u00fablico\",\"isPartOf\":{\"@id\":\"https:\/\/med.estrategia.com\/portal\/#website\"},\"primaryImageOfPage\":{\"@id\":\"https:\/\/med.estrategia.com\/portal\/concursos\/pf-administrativo-define-banca-para-concurso-com-vagas-para-medicos\/#primaryimage\"},\"image\":{\"@id\":\"https:\/\/med.estrategia.com\/portal\/concursos\/pf-administrativo-define-banca-para-concurso-com-vagas-para-medicos\/#primaryimage\"},\"thumbnailUrl\":\"https:\/\/med.estrategia.com\/portal\/wp-content\/uploads\/2024\/12\/Capa_Concurso_PF_ADM.jpg\",\"datePublished\":\"2025-03-18T14:03:13+00:00\",\"dateModified\":\"2025-03-24T19:02:02+00:00\",\"author\":{\"@id\":\"https:\/\/med.estrategia.com\/portal\/#\/schema\/person\/d1df06a83a849b79b2d480e7d8952ce3\"},\"description\":\"A banca definida para o pr\u00f3ximo concurso p\u00fablico da Pol\u00edcia Federal administrativo (PF) \u00e9 o Cebraspe. Edital dever ser publicado em breve.\",\"breadcrumb\":{\"@id\":\"https:\/\/med.estrategia.com\/portal\/concursos\/pf-administrativo-define-banca-para-concurso-com-vagas-para-medicos\/#breadcrumb\"},\"inLanguage\":\"pt-BR\",\"potentialAction\":[{\"@type\":\"ReadAction\",\"target\":[\"https:\/\/med.estrategia.com\/portal\/concursos\/pf-administrativo-define-banca-para-concurso-com-vagas-para-medicos\/\"]}]},{\"@type\":\"ImageObject\",\"inLanguage\":\"pt-BR\",\"@id\":\"https:\/\/med.estrategia.com\/portal\/concursos\/pf-administrativo-define-banca-para-concurso-com-vagas-para-medicos\/#primaryimage\",\"url\":\"https:\/\/med.estrategia.com\/portal\/wp-content\/uploads\/2024\/12\/Capa_Concurso_PF_ADM.jpg\",\"contentUrl\":\"https:\/\/med.estrategia.com\/portal\/wp-content\/uploads\/2024\/12\/Capa_Concurso_PF_ADM.jpg\",\"width\":1280,\"height\":720,\"caption\":\"Estrat\u00e9gia MED | Concurso P\u00fablico PF Administrativo\"},{\"@type\":\"BreadcrumbList\",\"@id\":\"https:\/\/med.estrategia.com\/portal\/concursos\/pf-administrativo-define-banca-para-concurso-com-vagas-para-medicos\/#breadcrumb\",\"itemListElement\":[{\"@type\":\"ListItem\",\"position\":1,\"name\":\"Home\",\"item\":\"https:\/\/med.estrategia.com\/portal\/\"},{\"@type\":\"ListItem\",\"position\":2,\"name\":\"Concursos M\u00e9dicos\",\"item\":\"https:\/\/med.estrategia.com\/portal\/concursos\/\"},{\"@type\":\"ListItem\",\"position\":3,\"name\":\"PF Administrativo define banca para concurso com vagas para m\u00e9dicos\"}]},{\"@type\":\"WebSite\",\"@id\":\"https:\/\/med.estrategia.com\/portal\/#website\",\"url\":\"https:\/\/med.estrategia.com\/portal\/\",\"name\":\"Estrat\u00e9gia MED\",\"description\":\"\",\"potentialAction\":[{\"@type\":\"SearchAction\",\"target\":{\"@type\":\"EntryPoint\",\"urlTemplate\":\"https:\/\/med.estrategia.com\/portal\/?s={search_term_string}\"},\"query-input\":{\"@type\":\"PropertyValueSpecification\",\"valueRequired\":true,\"valueName\":\"search_term_string\"}}],\"inLanguage\":\"pt-BR\"},{\"@type\":\"Person\",\"@id\":\"https:\/\/med.estrategia.com\/portal\/#\/schema\/person\/d1df06a83a849b79b2d480e7d8952ce3\",\"name\":\"Priscila Pereira\",\"image\":{\"@type\":\"ImageObject\",\"inLanguage\":\"pt-BR\",\"@id\":\"https:\/\/med.estrategia.com\/portal\/#\/schema\/person\/image\/\",\"url\":\"https:\/\/secure.gravatar.com\/avatar\/fe94f8430a1d23a69c0bc7aab6202e21?s=96&d=mm&r=g\",\"contentUrl\":\"https:\/\/secure.gravatar.com\/avatar\/fe94f8430a1d23a69c0bc7aab6202e21?s=96&d=mm&r=g\",\"caption\":\"Priscila Pereira\"},\"description\":\"Formada e p\u00f3s-graduada na \u00e1rea de comunica\u00e7\u00e3o, divido minha paix\u00e3o entre o jornalismo e os esportes\",\"url\":\"https:\/\/med.estrategia.com\/portal\/author\/priscila-pereira\/\"}]}<\/script>\n<!-- \/ Yoast SEO Premium plugin. -->","yoast_head_json":{"title":"PF Administrativo define banca para concurso p\u00fablico","description":"A banca definida para o pr\u00f3ximo concurso p\u00fablico da Pol\u00edcia Federal administrativo (PF) \u00e9 o Cebraspe. Edital dever ser publicado em breve.","robots":{"index":"index","follow":"follow","max-snippet":"max-snippet:-1","max-image-preview":"max-image-preview:large","max-video-preview":"max-video-preview:-1"},"canonical":"https:\/\/med.estrategia.com\/portal\/concursos\/pf-administrativo-define-banca-para-concurso-com-vagas-para-medicos\/","og_locale":"pt_BR","og_type":"article","og_title":"PF Administrativo define banca para concurso com vagas para m\u00e9dicos","og_description":"A banca definida para o pr\u00f3ximo concurso p\u00fablico da Pol\u00edcia Federal administrativo (PF) \u00e9 o Cebraspe. Edital dever ser publicado em breve.","og_url":"https:\/\/med.estrategia.com\/portal\/concursos\/pf-administrativo-define-banca-para-concurso-com-vagas-para-medicos\/","og_site_name":"Estrat\u00e9gia MED","article_publisher":"https:\/\/www.facebook.com\/estrategiamed1","article_published_time":"2025-03-18T14:03:13+00:00","article_modified_time":"2025-03-24T19:02:02+00:00","og_image":[{"width":1280,"height":720,"url":"https:\/\/med.estrategia.com\/portal\/wp-content\/uploads\/2024\/12\/Capa_Concurso_PF_ADM.jpg","type":"image\/jpeg"}],"author":"Priscila Pereira","twitter_card":"summary_large_image","twitter_creator":"@estrategiamed_","twitter_site":"@estrategiamed_","twitter_misc":{"Escrito por":"Priscila Pereira","Est. tempo de leitura":"3 minutos"},"schema":{"@context":"https:\/\/schema.org","@graph":[{"@type":"WebPage","@id":"https:\/\/med.estrategia.com\/portal\/concursos\/pf-administrativo-define-banca-para-concurso-com-vagas-para-medicos\/","url":"https:\/\/med.estrategia.com\/portal\/concursos\/pf-administrativo-define-banca-para-concurso-com-vagas-para-medicos\/","name":"PF Administrativo define banca para concurso p\u00fablico","isPartOf":{"@id":"https:\/\/med.estrategia.com\/portal\/#website"},"primaryImageOfPage":{"@id":"https:\/\/med.estrategia.com\/portal\/concursos\/pf-administrativo-define-banca-para-concurso-com-vagas-para-medicos\/#primaryimage"},"image":{"@id":"https:\/\/med.estrategia.com\/portal\/concursos\/pf-administrativo-define-banca-para-concurso-com-vagas-para-medicos\/#primaryimage"},"thumbnailUrl":"https:\/\/med.estrategia.com\/portal\/wp-content\/uploads\/2024\/12\/Capa_Concurso_PF_ADM.jpg","datePublished":"2025-03-18T14:03:13+00:00","dateModified":"2025-03-24T19:02:02+00:00","author":{"@id":"https:\/\/med.estrategia.com\/portal\/#\/schema\/person\/d1df06a83a849b79b2d480e7d8952ce3"},"description":"A banca definida para o pr\u00f3ximo concurso p\u00fablico da Pol\u00edcia Federal administrativo (PF) \u00e9 o Cebraspe. Edital dever ser publicado em breve.","breadcrumb":{"@id":"https:\/\/med.estrategia.com\/portal\/concursos\/pf-administrativo-define-banca-para-concurso-com-vagas-para-medicos\/#breadcrumb"},"inLanguage":"pt-BR","potentialAction":[{"@type":"ReadAction","target":["https:\/\/med.estrategia.com\/portal\/concursos\/pf-administrativo-define-banca-para-concurso-com-vagas-para-medicos\/"]}]},{"@type":"ImageObject","inLanguage":"pt-BR","@id":"https:\/\/med.estrategia.com\/portal\/concursos\/pf-administrativo-define-banca-para-concurso-com-vagas-para-medicos\/#primaryimage","url":"https:\/\/med.estrategia.com\/portal\/wp-content\/uploads\/2024\/12\/Capa_Concurso_PF_ADM.jpg","contentUrl":"https:\/\/med.estrategia.com\/portal\/wp-content\/uploads\/2024\/12\/Capa_Concurso_PF_ADM.jpg","width":1280,"height":720,"caption":"Estrat\u00e9gia MED | Concurso P\u00fablico PF Administrativo"},{"@type":"BreadcrumbList","@id":"https:\/\/med.estrategia.com\/portal\/concursos\/pf-administrativo-define-banca-para-concurso-com-vagas-para-medicos\/#breadcrumb","itemListElement":[{"@type":"ListItem","position":1,"name":"Home","item":"https:\/\/med.estrategia.com\/portal\/"},{"@type":"ListItem","position":2,"name":"Concursos M\u00e9dicos","item":"https:\/\/med.estrategia.com\/portal\/concursos\/"},{"@type":"ListItem","position":3,"name":"PF Administrativo define banca para concurso com vagas para m\u00e9dicos"}]},{"@type":"WebSite","@id":"https:\/\/med.estrategia.com\/portal\/#website","url":"https:\/\/med.estrategia.com\/portal\/","name":"Estrat\u00e9gia MED","description":"","potentialAction":[{"@type":"SearchAction","target":{"@type":"EntryPoint","urlTemplate":"https:\/\/med.estrategia.com\/portal\/?s={search_term_string}"},"query-input":{"@type":"PropertyValueSpecification","valueRequired":true,"valueName":"search_term_string"}}],"inLanguage":"pt-BR"},{"@type":"Person","@id":"https:\/\/med.estrategia.com\/portal\/#\/schema\/person\/d1df06a83a849b79b2d480e7d8952ce3","name":"Priscila Pereira","image":{"@type":"ImageObject","inLanguage":"pt-BR","@id":"https:\/\/med.estrategia.com\/portal\/#\/schema\/person\/image\/","url":"https:\/\/secure.gravatar.com\/avatar\/fe94f8430a1d23a69c0bc7aab6202e21?s=96&d=mm&r=g","contentUrl":"https:\/\/secure.gravatar.com\/avatar\/fe94f8430a1d23a69c0bc7aab6202e21?s=96&d=mm&r=g","caption":"Priscila Pereira"},"description":"Formada e p\u00f3s-graduada na \u00e1rea de comunica\u00e7\u00e3o, divido minha paix\u00e3o entre o jornalismo e os esportes","url":"https:\/\/med.estrategia.com\/portal\/author\/priscila-pereira\/"}]}},"_wl_alt_label":[],"wl:entity_url":"\/post\/pf-administrativo-define-banca-para-concurso-com-vagas-para-medicos-84033","_links":{"self":[{"href":"https:\/\/med.estrategia.com\/portal\/wp-json\/wp\/v2\/posts\/84033","targetHints":{"allow":["GET"]}}],"collection":[{"href":"https:\/\/med.estrategia.com\/portal\/wp-json\/wp\/v2\/posts"}],"about":[{"href":"https:\/\/med.estrategia.com\/portal\/wp-json\/wp\/v2\/types\/post"}],"author":[{"embeddable":true,"href":"https:\/\/med.estrategia.com\/portal\/wp-json\/wp\/v2\/users\/45"}],"replies":[{"embeddable":true,"href":"https:\/\/med.estrategia.com\/portal\/wp-json\/wp\/v2\/comments?post=84033"}],"version-history":[{"count":9,"href":"https:\/\/med.estrategia.com\/portal\/wp-json\/wp\/v2\/posts\/84033\/revisions"}],"predecessor-version":[{"id":84344,"href":"https:\/\/med.estrategia.com\/portal\/wp-json\/wp\/v2\/posts\/84033\/revisions\/84344"}],"wp:featuredmedia":[{"embeddable":true,"href":"https:\/\/med.estrategia.com\/portal\/wp-json\/wp\/v2\/media\/78232"}],"wp:attachment":[{"href":"https:\/\/med.estrategia.com\/portal\/wp-json\/wp\/v2\/media?parent=84033"}],"wp:term":[{"taxonomy":"category","embeddable":true,"href":"https:\/\/med.estrategia.com\/portal\/wp-json\/wp\/v2\/categories?post=84033"},{"taxonomy":"post_tag","embeddable":true,"href":"https:\/\/med.estrategia.com\/portal\/wp-json\/wp\/v2\/tags?post=84033"},{"taxonomy":"wl_entity_type","embeddable":true,"href":"https:\/\/med.estrategia.com\/portal\/wp-json\/wp\/v2\/wl_entity_type?post=84033"}],"curies":[{"name":"wp","href":"https:\/\/api.w.org\/{rel}","templated":true}]}}