{"id":84051,"date":"2025-03-18T14:41:42","date_gmt":"2025-03-18T17:41:42","guid":{"rendered":"https:\/\/med.estrategia.com\/portal\/?p=84051"},"modified":"2025-03-31T18:56:36","modified_gmt":"2025-03-31T21:56:36","slug":"padilha-quer-atualizar-revalida-para-que-exame-seja-mais-justo","status":"publish","type":"post","link":"https:\/\/med.estrategia.com\/portal\/noticias\/padilha-quer-atualizar-revalida-para-que-exame-seja-mais-justo\/","title":{"rendered":"Padilha quer atualizar Revalida para que exame seja mais &#8216;justo&#8217;"},"content":{"rendered":"<p>Durante o lan&ccedil;amento do 1&ordm; M&oacute;dulo de Acolhimento e Avalia&ccedil;&atilde;o de 2025 do programa Mais M&eacute;dicos, realizado ontem (17), o ministro da Sa&uacute;de, Alexandre Padilha, <strong>defendeu a necessidade de atualiza&ccedil;&atilde;o do Revalida<\/strong>. Segundo ele, o Exame Nacional de Revalida&ccedil;&atilde;o de Diplomas M&eacute;dicos Expedidos por Institui&ccedil;&atilde;o de Ensino Superior Estrangeira, conduzido pelo Instituto Nacional de Estudos e Pesquisas Educacionais An&iacute;sio Teixeira (Inep), deve <strong>estar mais alinhado &agrave;s exig&ecirc;ncias que os minist&eacute;rios da Sa&uacute;de e da Educa&ccedil;&atilde;o imp&otilde;em aos cursos de forma&ccedil;&atilde;o m&eacute;dica no Brasil<\/strong>.<blockquote class=\"wp-block-quote has-text-align-center is-layout-flow wp-block-quote-is-layout-flow\">\n<p class=\"has-text-align-left\">&ldquo;Contem comigo na luta de um Revalida justo. N&oacute;s n&atilde;o queremos nenhum Revalida pior ou mais dif&iacute;cil do que aquilo que &eacute; cobrado e avaliado para todo m&eacute;dico e m&eacute;dica que se forma nesse pa&iacute;s. A gente quer o mesmo patamar&rdquo;<\/p>\n<cite>Alexandre Padilha, ministro da Sa&uacute;de, em seu discurso para inaugura&ccedil;&atilde;o do 1&ordm; M&oacute;dulo de Acolhimento e Avalia&ccedil;&atilde;o (MAAv) de 2025 do Mais M&eacute;dicos em 17 de mar&ccedil;o de 2025<\/cite><\/blockquote><p>Ainda, de acordo com o ministro, o <strong>processo de atualiza&ccedil;&atilde;o do exame j&aacute; tem sido discutido pelo Minist&eacute;rio da Educa&ccedil;&atilde;o (MEC)<\/strong> juntamente &agrave; avalia&ccedil;&atilde;o da forma&ccedil;&atilde;o m&eacute;dica no Brasil. Confira discurso de Alexandre Padilha e o lan&ccedil;amento do 1&ordm; MAAv de 2025:<\/p><figure class=\"wp-block-embed is-type-video is-provider-youtube wp-block-embed-youtube wp-embed-aspect-16-9 wp-has-aspect-ratio\"><div class=\"wp-block-embed__wrapper\">\n<div class=\"cs-embed cs-embed-responsive\"><iframe title=\"#AoVivo | 1&ordm; M&oacute;dulo de Acolhimento e Avalia&ccedil;&atilde;o de 2025 do Mais M&eacute;dicos\" width=\"1200\" height=\"675\" src=\"https:\/\/www.youtube.com\/embed\/--MfHxT2_HQ?feature=oembed\" frameborder=\"0\" allow=\"accelerometer; autoplay; clipboard-write; encrypted-media; gyroscope; picture-in-picture; web-share\" referrerpolicy=\"strict-origin-when-cross-origin\" allowfullscreen><\/iframe><\/div>\n<\/div><\/figure><p>At&eacute; o momento, <strong>a pasta n&atilde;o detalhou como a atualiza&ccedil;&atilde;o do exame ser&aacute; feita nem estabeleceu prazos para as mudan&ccedil;as<\/strong>. O an&uacute;ncio do Minist&eacute;rio ocorre ap&oacute;s recorrentes reclama&ccedil;&otilde;es sobre o n&iacute;vel de exig&ecirc;ncia do Revalida e a organiza&ccedil;&atilde;o das &uacute;ltimas edi&ccedil;&otilde;es.<\/p><p class=\"wp-block-verse\">Confira tamb&eacute;m:&nbsp;<a href=\"https:\/\/med.estrategia.com\/portal\/maismedicos\/ministerio-da-saude-anuncia-edital-para-contratacao-de-2-279-medicos-pelo-mais-medicos\/\" target=\"_blank\">Minist&eacute;rio da Sa&uacute;de anuncia edital para contrata&ccedil;&atilde;o de 2.279 m&eacute;dicos pelo Mais M&eacute;dicos<\/a><\/p><div id=\"ez-toc-container\" class=\"ez-toc-v2_0_79_2 counter-hierarchy ez-toc-counter ez-toc-transparent ez-toc-container-direction\">\n<div class=\"ez-toc-title-container\"><p class=\"ez-toc-title\" style=\"cursor:inherit\">Navegue pelo conte\u00fado<\/p>\n<\/div><nav><ul class='ez-toc-list ez-toc-list-level-1 ' ><li class='ez-toc-page-1 ez-toc-heading-level-2'><a class=\"ez-toc-link ez-toc-heading-1\" href=\"https:\/\/med.estrategia.com\/portal\/noticias\/padilha-quer-atualizar-revalida-para-que-exame-seja-mais-justo\/#O-que-e-o-Revalida\" >O que &eacute; o Revalida?<\/a><ul class='ez-toc-list-level-3' ><li class='ez-toc-heading-level-3'><a class=\"ez-toc-link ez-toc-heading-2\" href=\"https:\/\/med.estrategia.com\/portal\/noticias\/padilha-quer-atualizar-revalida-para-que-exame-seja-mais-justo\/#Inscricao-no-Conselho-Regional-de-Medicina\" >Inscri&ccedil;&atilde;o no Conselho Regional de Medicina<\/a><\/li><\/ul><\/li><\/ul><\/nav><\/div>\n<h2 class=\"wp-block-heading\" id=\"h-o-que-e-o-revalida\"><span class=\"ez-toc-section\" id=\"O-que-e-o-Revalida\"><\/span>O que &eacute; o Revalida?<span class=\"ez-toc-section-end\"><\/span><\/h2><p>O&nbsp;<a href=\"https:\/\/med.estrategia.com\/portal\/residencia-medica\/programa-de-residencia-medica\/o-que-e-revalida\/\" target=\"_blank\">Exame Nacional de Revalida&ccedil;&atilde;o de Diplomas M&eacute;dicos Expedidos por Institui&ccedil;&atilde;o de Ensino Superior Estrangeira<\/a>&nbsp;(Revalida) &eacute; uma das principais provas relacionadas &agrave;&nbsp;<strong>revalida&ccedil;&atilde;o de diplomas no Brasil.<\/strong>&nbsp;Organizada pelo&nbsp;<a href=\"https:\/\/www.gov.br\/inep\/pt-br\/areas-de-atuacao\/avaliacao-e-exames-educacionais\/revalida\" target=\"_blank\">Inep<\/a>&nbsp;desde 2011, a avalia&ccedil;&atilde;o &eacute; voltada para&nbsp;<strong>estrangeiros ou brasileiros que cursaram a faculdade de Medicina no exterior&nbsp;<\/strong>e querem&nbsp;<strong>exercer a profiss&atilde;o no Brasil.&nbsp;<\/strong><\/p><h3 class=\"wp-block-heading\"><span class=\"ez-toc-section\" id=\"Inscricao-no-Conselho-Regional-de-Medicina\"><\/span>Inscri&ccedil;&atilde;o no Conselho Regional de Medicina<span class=\"ez-toc-section-end\"><\/span><\/h3><p>A partir da aprova&ccedil;&atilde;o no Revalida, os m&eacute;dicos podem<strong>&nbsp;conquistar o seu CRM<\/strong>, ou seja, registro dos diplomas junto ao Minist&eacute;rio da Educa&ccedil;&atilde;o e Cultura (MEC) e inscri&ccedil;&atilde;o no Conselho Regional de Medicina.<\/p><p>Isso ocorre porque, no Brasil, segundo o&nbsp;<strong>Art.17 da Lei n&ordm; 3.268\/1957<\/strong>, os m&eacute;dicos s&oacute; poder&atilde;o&nbsp;<strong>exercer legalmente a medicina<\/strong>, em qualquer ramo ou especialidade ap&oacute;s&nbsp;<strong>registrar previamente os seus t&iacute;tulos, diplomas, certificados ou cartas no MEC<\/strong>. Al&eacute;m disso, ap&oacute;s os registros, o profissional ainda deve&nbsp;<strong>prosseguir com a sua inscri&ccedil;&atilde;o no Conselho Regional de Medicina do seu estado<\/strong>. Assim, o m&eacute;dico dever&aacute; atuar sob a jurisdi&ccedil;&atilde;o do local de seu registro e trabalho.&nbsp;<\/p><div class=\"wp-block-buttons is-content-justification-center is-layout-flex wp-container-core-buttons-is-layout-1 wp-block-buttons-is-layout-flex\">\n<div class=\"wp-block-button\"><a class=\"wp-block-button__link wp-element-button\" href=\"https:\/\/med.estrategia.com\/portal\/revalida\/revalida-inep\/\" target=\"_blank\">saiba mais sobre o revalida<\/a><\/div>\n<\/div><p>Se voc&ecirc; quer ficar por dentro de mais conte&uacute;dos relevantes sobre a &aacute;rea m&eacute;dica, continue acompanhando o material preparado pelo <a href=\"https:\/\/med.estrategia.com\/portal\/\" target=\"_blank\">Portal de Not&iacute;cias do Estrat&eacute;gia MED<\/a>. Aqui, voc&ecirc; encontrar&aacute; informa&ccedil;&otilde;es atualizadas sobre resid&ecirc;ncias, carreira m&eacute;dica e muito mais.<\/p><p><strong><a id=\"cta\" class=\"cta-imagem\" href=\"https:\/\/med.estrategia.com\/cursos\/revalida-exclusive\/\" target=\"blank\">\n                <img decoding=\"async\" width=\"100%\" src=\"https:\/\/med.estrategia.com\/portal\/wp-content\/uploads\/2025\/08\/revalida_exclusive.jpg\" alt=\"revalida_exclusive\" title=\"revalida_exclusive\">\n        <\/a><\/strong><\/p><\/p>\n","protected":false},"excerpt":{"rendered":"Reformula\u00e7\u00e3o do exame j\u00e1 est\u00e1 em debate no Minist\u00e9rio da Educa\u00e7\u00e3o\n","protected":false},"author":22,"featured_media":84060,"comment_status":"closed","ping_status":"closed","sticky":false,"template":"","format":"standard","meta":{"wl_entities_gutenberg":"","footnotes":""},"categories":[300],"tags":[],"wl_entity_type":[199],"class_list":{"0":"post-84051","1":"post","2":"type-post","3":"status-publish","4":"format-standard","5":"has-post-thumbnail","7":"category-noticias","8":"wl_entity_type-article"},"acf":[],"yoast_head":"<!-- This site is optimized with the Yoast SEO Premium plugin v26.6 (Yoast SEO v26.6) - https:\/\/yoast.com\/wordpress\/plugins\/seo\/ -->\n<title>Padilha quer atualizar Revalida para que exame seja mais &#039;justo&#039;<\/title>\n<meta name=\"description\" content=\"Padilha defende que Revalida seja mais justo e alinhado \u00e0s exig\u00eancias impostas aos cursos de forma\u00e7\u00e3o m\u00e9dica no Brasil. Entenda!\" \/>\n<meta name=\"robots\" content=\"index, follow, max-snippet:-1, max-image-preview:large, max-video-preview:-1\" \/>\n<link rel=\"canonical\" href=\"https:\/\/med.estrategia.com\/portal\/noticias\/padilha-quer-atualizar-revalida-para-que-exame-seja-mais-justo\/\" \/>\n<meta property=\"og:locale\" content=\"pt_BR\" \/>\n<meta property=\"og:type\" content=\"article\" \/>\n<meta property=\"og:title\" content=\"Padilha quer atualizar Revalida para que exame seja mais &#039;justo&#039;\" \/>\n<meta property=\"og:description\" content=\"Padilha defende que Revalida seja mais justo e alinhado \u00e0s exig\u00eancias impostas aos cursos de forma\u00e7\u00e3o m\u00e9dica no Brasil. Entenda!\" \/>\n<meta property=\"og:url\" content=\"https:\/\/med.estrategia.com\/portal\/noticias\/padilha-quer-atualizar-revalida-para-que-exame-seja-mais-justo\/\" \/>\n<meta property=\"og:site_name\" content=\"Estrat\u00e9gia MED\" \/>\n<meta property=\"article:publisher\" content=\"https:\/\/www.facebook.com\/estrategiamed1\" \/>\n<meta property=\"article:published_time\" content=\"2025-03-18T17:41:42+00:00\" \/>\n<meta property=\"article:modified_time\" content=\"2025-03-31T21:56:36+00:00\" \/>\n<meta property=\"og:image\" content=\"https:\/\/med.estrategia.com\/portal\/wp-content\/uploads\/2025\/03\/mcm_2195.jpg\" \/>\n\t<meta property=\"og:image:width\" content=\"1920\" \/>\n\t<meta property=\"og:image:height\" content=\"1280\" \/>\n\t<meta property=\"og:image:type\" content=\"image\/jpeg\" \/>\n<meta name=\"author\" content=\"Erika Coelho\" \/>\n<meta name=\"twitter:card\" content=\"summary_large_image\" \/>\n<meta name=\"twitter:creator\" content=\"@estrategiamed_\" \/>\n<meta name=\"twitter:site\" content=\"@estrategiamed_\" \/>\n<meta name=\"twitter:label1\" content=\"Escrito por\" \/>\n\t<meta name=\"twitter:data1\" content=\"Erika Coelho\" \/>\n\t<meta name=\"twitter:label2\" content=\"Est. tempo de leitura\" \/>\n\t<meta name=\"twitter:data2\" content=\"3 minutos\" \/>\n<script type=\"application\/ld+json\" class=\"yoast-schema-graph\">{\"@context\":\"https:\/\/schema.org\",\"@graph\":[{\"@type\":\"WebPage\",\"@id\":\"https:\/\/med.estrategia.com\/portal\/noticias\/padilha-quer-atualizar-revalida-para-que-exame-seja-mais-justo\/\",\"url\":\"https:\/\/med.estrategia.com\/portal\/noticias\/padilha-quer-atualizar-revalida-para-que-exame-seja-mais-justo\/\",\"name\":\"Padilha quer atualizar Revalida para que exame seja mais 'justo'\",\"isPartOf\":{\"@id\":\"https:\/\/med.estrategia.com\/portal\/#website\"},\"primaryImageOfPage\":{\"@id\":\"https:\/\/med.estrategia.com\/portal\/noticias\/padilha-quer-atualizar-revalida-para-que-exame-seja-mais-justo\/#primaryimage\"},\"image\":{\"@id\":\"https:\/\/med.estrategia.com\/portal\/noticias\/padilha-quer-atualizar-revalida-para-que-exame-seja-mais-justo\/#primaryimage\"},\"thumbnailUrl\":\"https:\/\/med.estrategia.com\/portal\/wp-content\/uploads\/2025\/03\/mcm_2195.jpg\",\"datePublished\":\"2025-03-18T17:41:42+00:00\",\"dateModified\":\"2025-03-31T21:56:36+00:00\",\"author\":{\"@id\":\"https:\/\/med.estrategia.com\/portal\/#\/schema\/person\/8e7c9b2f53f2eede3b8880ad86ff20a3\"},\"description\":\"Padilha defende que Revalida seja mais justo e alinhado \u00e0s exig\u00eancias impostas aos cursos de forma\u00e7\u00e3o m\u00e9dica no Brasil. Entenda!\",\"breadcrumb\":{\"@id\":\"https:\/\/med.estrategia.com\/portal\/noticias\/padilha-quer-atualizar-revalida-para-que-exame-seja-mais-justo\/#breadcrumb\"},\"inLanguage\":\"pt-BR\",\"potentialAction\":[{\"@type\":\"ReadAction\",\"target\":[\"https:\/\/med.estrategia.com\/portal\/noticias\/padilha-quer-atualizar-revalida-para-que-exame-seja-mais-justo\/\"]}]},{\"@type\":\"ImageObject\",\"inLanguage\":\"pt-BR\",\"@id\":\"https:\/\/med.estrategia.com\/portal\/noticias\/padilha-quer-atualizar-revalida-para-que-exame-seja-mais-justo\/#primaryimage\",\"url\":\"https:\/\/med.estrategia.com\/portal\/wp-content\/uploads\/2025\/03\/mcm_2195.jpg\",\"contentUrl\":\"https:\/\/med.estrategia.com\/portal\/wp-content\/uploads\/2025\/03\/mcm_2195.jpg\",\"width\":1920,\"height\":1280,\"caption\":\"Foto: Marcelo Camargo\/Ag\u00eancia Brasil\"},{\"@type\":\"BreadcrumbList\",\"@id\":\"https:\/\/med.estrategia.com\/portal\/noticias\/padilha-quer-atualizar-revalida-para-que-exame-seja-mais-justo\/#breadcrumb\",\"itemListElement\":[{\"@type\":\"ListItem\",\"position\":1,\"name\":\"Home\",\"item\":\"https:\/\/med.estrategia.com\/portal\/\"},{\"@type\":\"ListItem\",\"position\":2,\"name\":\"Not\u00edcias\",\"item\":\"https:\/\/med.estrategia.com\/portal\/noticias\/\"},{\"@type\":\"ListItem\",\"position\":3,\"name\":\"Padilha quer atualizar Revalida para que exame seja mais &#8216;justo&#8217;\"}]},{\"@type\":\"WebSite\",\"@id\":\"https:\/\/med.estrategia.com\/portal\/#website\",\"url\":\"https:\/\/med.estrategia.com\/portal\/\",\"name\":\"Estrat\u00e9gia MED\",\"description\":\"\",\"potentialAction\":[{\"@type\":\"SearchAction\",\"target\":{\"@type\":\"EntryPoint\",\"urlTemplate\":\"https:\/\/med.estrategia.com\/portal\/?s={search_term_string}\"},\"query-input\":{\"@type\":\"PropertyValueSpecification\",\"valueRequired\":true,\"valueName\":\"search_term_string\"}}],\"inLanguage\":\"pt-BR\"},{\"@type\":\"Person\",\"@id\":\"https:\/\/med.estrategia.com\/portal\/#\/schema\/person\/8e7c9b2f53f2eede3b8880ad86ff20a3\",\"name\":\"Erika Coelho\",\"image\":{\"@type\":\"ImageObject\",\"inLanguage\":\"pt-BR\",\"@id\":\"https:\/\/med.estrategia.com\/portal\/#\/schema\/person\/image\/\",\"url\":\"https:\/\/secure.gravatar.com\/avatar\/8ef9ff2e2fa53829c640cca8d1a45178?s=96&d=mm&r=g\",\"contentUrl\":\"https:\/\/secure.gravatar.com\/avatar\/8ef9ff2e2fa53829c640cca8d1a45178?s=96&d=mm&r=g\",\"caption\":\"Erika Coelho\"},\"description\":\"Jornalista pela Universidade Presbiteriana Mackenzie, escrevo sobre educa\u00e7\u00e3o, sa\u00fade e pol\u00edticas p\u00fablicas\",\"url\":\"https:\/\/med.estrategia.com\/portal\/author\/erika\/\"}]}<\/script>\n<!-- \/ Yoast SEO Premium plugin. -->","yoast_head_json":{"title":"Padilha quer atualizar Revalida para que exame seja mais 'justo'","description":"Padilha defende que Revalida seja mais justo e alinhado \u00e0s exig\u00eancias impostas aos cursos de forma\u00e7\u00e3o m\u00e9dica no Brasil. Entenda!","robots":{"index":"index","follow":"follow","max-snippet":"max-snippet:-1","max-image-preview":"max-image-preview:large","max-video-preview":"max-video-preview:-1"},"canonical":"https:\/\/med.estrategia.com\/portal\/noticias\/padilha-quer-atualizar-revalida-para-que-exame-seja-mais-justo\/","og_locale":"pt_BR","og_type":"article","og_title":"Padilha quer atualizar Revalida para que exame seja mais 'justo'","og_description":"Padilha defende que Revalida seja mais justo e alinhado \u00e0s exig\u00eancias impostas aos cursos de forma\u00e7\u00e3o m\u00e9dica no Brasil. Entenda!","og_url":"https:\/\/med.estrategia.com\/portal\/noticias\/padilha-quer-atualizar-revalida-para-que-exame-seja-mais-justo\/","og_site_name":"Estrat\u00e9gia MED","article_publisher":"https:\/\/www.facebook.com\/estrategiamed1","article_published_time":"2025-03-18T17:41:42+00:00","article_modified_time":"2025-03-31T21:56:36+00:00","og_image":[{"width":1920,"height":1280,"url":"https:\/\/med.estrategia.com\/portal\/wp-content\/uploads\/2025\/03\/mcm_2195.jpg","type":"image\/jpeg"}],"author":"Erika Coelho","twitter_card":"summary_large_image","twitter_creator":"@estrategiamed_","twitter_site":"@estrategiamed_","twitter_misc":{"Escrito por":"Erika Coelho","Est. tempo de leitura":"3 minutos"},"schema":{"@context":"https:\/\/schema.org","@graph":[{"@type":"WebPage","@id":"https:\/\/med.estrategia.com\/portal\/noticias\/padilha-quer-atualizar-revalida-para-que-exame-seja-mais-justo\/","url":"https:\/\/med.estrategia.com\/portal\/noticias\/padilha-quer-atualizar-revalida-para-que-exame-seja-mais-justo\/","name":"Padilha quer atualizar Revalida para que exame seja mais 'justo'","isPartOf":{"@id":"https:\/\/med.estrategia.com\/portal\/#website"},"primaryImageOfPage":{"@id":"https:\/\/med.estrategia.com\/portal\/noticias\/padilha-quer-atualizar-revalida-para-que-exame-seja-mais-justo\/#primaryimage"},"image":{"@id":"https:\/\/med.estrategia.com\/portal\/noticias\/padilha-quer-atualizar-revalida-para-que-exame-seja-mais-justo\/#primaryimage"},"thumbnailUrl":"https:\/\/med.estrategia.com\/portal\/wp-content\/uploads\/2025\/03\/mcm_2195.jpg","datePublished":"2025-03-18T17:41:42+00:00","dateModified":"2025-03-31T21:56:36+00:00","author":{"@id":"https:\/\/med.estrategia.com\/portal\/#\/schema\/person\/8e7c9b2f53f2eede3b8880ad86ff20a3"},"description":"Padilha defende que Revalida seja mais justo e alinhado \u00e0s exig\u00eancias impostas aos cursos de forma\u00e7\u00e3o m\u00e9dica no Brasil. Entenda!","breadcrumb":{"@id":"https:\/\/med.estrategia.com\/portal\/noticias\/padilha-quer-atualizar-revalida-para-que-exame-seja-mais-justo\/#breadcrumb"},"inLanguage":"pt-BR","potentialAction":[{"@type":"ReadAction","target":["https:\/\/med.estrategia.com\/portal\/noticias\/padilha-quer-atualizar-revalida-para-que-exame-seja-mais-justo\/"]}]},{"@type":"ImageObject","inLanguage":"pt-BR","@id":"https:\/\/med.estrategia.com\/portal\/noticias\/padilha-quer-atualizar-revalida-para-que-exame-seja-mais-justo\/#primaryimage","url":"https:\/\/med.estrategia.com\/portal\/wp-content\/uploads\/2025\/03\/mcm_2195.jpg","contentUrl":"https:\/\/med.estrategia.com\/portal\/wp-content\/uploads\/2025\/03\/mcm_2195.jpg","width":1920,"height":1280,"caption":"Foto: Marcelo Camargo\/Ag\u00eancia Brasil"},{"@type":"BreadcrumbList","@id":"https:\/\/med.estrategia.com\/portal\/noticias\/padilha-quer-atualizar-revalida-para-que-exame-seja-mais-justo\/#breadcrumb","itemListElement":[{"@type":"ListItem","position":1,"name":"Home","item":"https:\/\/med.estrategia.com\/portal\/"},{"@type":"ListItem","position":2,"name":"Not\u00edcias","item":"https:\/\/med.estrategia.com\/portal\/noticias\/"},{"@type":"ListItem","position":3,"name":"Padilha quer atualizar Revalida para que exame seja mais &#8216;justo&#8217;"}]},{"@type":"WebSite","@id":"https:\/\/med.estrategia.com\/portal\/#website","url":"https:\/\/med.estrategia.com\/portal\/","name":"Estrat\u00e9gia MED","description":"","potentialAction":[{"@type":"SearchAction","target":{"@type":"EntryPoint","urlTemplate":"https:\/\/med.estrategia.com\/portal\/?s={search_term_string}"},"query-input":{"@type":"PropertyValueSpecification","valueRequired":true,"valueName":"search_term_string"}}],"inLanguage":"pt-BR"},{"@type":"Person","@id":"https:\/\/med.estrategia.com\/portal\/#\/schema\/person\/8e7c9b2f53f2eede3b8880ad86ff20a3","name":"Erika Coelho","image":{"@type":"ImageObject","inLanguage":"pt-BR","@id":"https:\/\/med.estrategia.com\/portal\/#\/schema\/person\/image\/","url":"https:\/\/secure.gravatar.com\/avatar\/8ef9ff2e2fa53829c640cca8d1a45178?s=96&d=mm&r=g","contentUrl":"https:\/\/secure.gravatar.com\/avatar\/8ef9ff2e2fa53829c640cca8d1a45178?s=96&d=mm&r=g","caption":"Erika Coelho"},"description":"Jornalista pela Universidade Presbiteriana Mackenzie, escrevo sobre educa\u00e7\u00e3o, sa\u00fade e pol\u00edticas p\u00fablicas","url":"https:\/\/med.estrategia.com\/portal\/author\/erika\/"}]}},"_wl_alt_label":[],"wl:entity_url":"\/post\/-84051","_links":{"self":[{"href":"https:\/\/med.estrategia.com\/portal\/wp-json\/wp\/v2\/posts\/84051","targetHints":{"allow":["GET"]}}],"collection":[{"href":"https:\/\/med.estrategia.com\/portal\/wp-json\/wp\/v2\/posts"}],"about":[{"href":"https:\/\/med.estrategia.com\/portal\/wp-json\/wp\/v2\/types\/post"}],"author":[{"embeddable":true,"href":"https:\/\/med.estrategia.com\/portal\/wp-json\/wp\/v2\/users\/22"}],"replies":[{"embeddable":true,"href":"https:\/\/med.estrategia.com\/portal\/wp-json\/wp\/v2\/comments?post=84051"}],"version-history":[{"count":5,"href":"https:\/\/med.estrategia.com\/portal\/wp-json\/wp\/v2\/posts\/84051\/revisions"}],"predecessor-version":[{"id":84065,"href":"https:\/\/med.estrategia.com\/portal\/wp-json\/wp\/v2\/posts\/84051\/revisions\/84065"}],"wp:featuredmedia":[{"embeddable":true,"href":"https:\/\/med.estrategia.com\/portal\/wp-json\/wp\/v2\/media\/84060"}],"wp:attachment":[{"href":"https:\/\/med.estrategia.com\/portal\/wp-json\/wp\/v2\/media?parent=84051"}],"wp:term":[{"taxonomy":"category","embeddable":true,"href":"https:\/\/med.estrategia.com\/portal\/wp-json\/wp\/v2\/categories?post=84051"},{"taxonomy":"post_tag","embeddable":true,"href":"https:\/\/med.estrategia.com\/portal\/wp-json\/wp\/v2\/tags?post=84051"},{"taxonomy":"wl_entity_type","embeddable":true,"href":"https:\/\/med.estrategia.com\/portal\/wp-json\/wp\/v2\/wl_entity_type?post=84051"}],"curies":[{"name":"wp","href":"https:\/\/api.w.org\/{rel}","templated":true}]}}