{"id":84101,"date":"2025-03-19T09:48:33","date_gmt":"2025-03-19T12:48:33","guid":{"rendered":"https:\/\/med.estrategia.com\/portal\/?p=84101"},"modified":"2025-11-09T10:34:54","modified_gmt":"2025-11-09T13:34:54","slug":"resumo-de-eritema-ab-igne-causas-sintomas-diagnostico-e-mais","status":"publish","type":"post","link":"https:\/\/med.estrategia.com\/portal\/conteudos-gratis\/doencas\/resumo-de-eritema-ab-igne-causas-sintomas-diagnostico-e-mais\/","title":{"rendered":"Resumo de Eritema Ab Igne: causas, sintomas, diagn\u00f3stico e mais!"},"content":{"rendered":"<p><strong>Ol&aacute;, querido doutor e doutora! <\/strong>O eritema ab igne &eacute; uma dermatose causada pela exposi&ccedil;&atilde;o repetida ao calor moderado, gerando um padr&atilde;o reticulado hiperpigmentado na pele. Com o avan&ccedil;o tecnol&oacute;gico, sua incid&ecirc;ncia tem aumentado devido ao uso prolongado de laptops, aquecedores e dispositivos terap&ecirc;uticos. Embora geralmente benigno, a exposi&ccedil;&atilde;o cr&ocirc;nica pode levar a altera&ccedil;&otilde;es persistentes e, em casos raros, &agrave; transforma&ccedil;&atilde;o maligna.<p><em>A hiperpigmenta&ccedil;&atilde;o pode se tornar permanente em exposi&ccedil;&otilde;es prolongadas, exigindo acompanhamento dermatol&oacute;gico para descartar complica&ccedil;&otilde;es.<\/em><\/p><div id=\"ez-toc-container\" class=\"ez-toc-v2_0_79_2 counter-hierarchy ez-toc-counter ez-toc-transparent ez-toc-container-direction\">\n<div class=\"ez-toc-title-container\"><p class=\"ez-toc-title\" style=\"cursor:inherit\">Navegue pelo conte\u00fado<\/p>\n<\/div><nav><ul class='ez-toc-list ez-toc-list-level-1 ' ><li class='ez-toc-page-1 ez-toc-heading-level-2'><a class=\"ez-toc-link ez-toc-heading-1\" href=\"https:\/\/med.estrategia.com\/portal\/conteudos-gratis\/doencas\/resumo-de-eritema-ab-igne-causas-sintomas-diagnostico-e-mais\/#Conceito-de-eritema-ab-igne\" >Conceito de eritema ab igne<\/a><\/li><li class='ez-toc-page-1 ez-toc-heading-level-2'><a class=\"ez-toc-link ez-toc-heading-2\" href=\"https:\/\/med.estrategia.com\/portal\/conteudos-gratis\/doencas\/resumo-de-eritema-ab-igne-causas-sintomas-diagnostico-e-mais\/#Fisiopatologia-do-eritema-ab-igne\" >Fisiopatologia do eritema ab igne&nbsp;<\/a><\/li><li class='ez-toc-page-1 ez-toc-heading-level-2'><a class=\"ez-toc-link ez-toc-heading-3\" href=\"https:\/\/med.estrategia.com\/portal\/conteudos-gratis\/doencas\/resumo-de-eritema-ab-igne-causas-sintomas-diagnostico-e-mais\/#Causas-de-eritema-ab-igne\" >Causas de eritema ab igne&nbsp;&nbsp;<\/a><\/li><li class='ez-toc-page-1 ez-toc-heading-level-2'><a class=\"ez-toc-link ez-toc-heading-4\" href=\"https:\/\/med.estrategia.com\/portal\/conteudos-gratis\/doencas\/resumo-de-eritema-ab-igne-causas-sintomas-diagnostico-e-mais\/#Diagnostico\" >Diagn&oacute;stico<\/a><\/li><li class='ez-toc-page-1 ez-toc-heading-level-2'><a class=\"ez-toc-link ez-toc-heading-5\" href=\"https:\/\/med.estrategia.com\/portal\/conteudos-gratis\/doencas\/resumo-de-eritema-ab-igne-causas-sintomas-diagnostico-e-mais\/#Tratamento\" >Tratamento&nbsp;<\/a><\/li><li class='ez-toc-page-1 ez-toc-heading-level-2'><a class=\"ez-toc-link ez-toc-heading-6\" href=\"https:\/\/med.estrategia.com\/portal\/conteudos-gratis\/doencas\/resumo-de-eritema-ab-igne-causas-sintomas-diagnostico-e-mais\/#Veja-Tambem\" >Veja Tamb&eacute;m<\/a><\/li><li class='ez-toc-page-1 ez-toc-heading-level-2'><a class=\"ez-toc-link ez-toc-heading-7\" href=\"https:\/\/med.estrategia.com\/portal\/conteudos-gratis\/doencas\/resumo-de-eritema-ab-igne-causas-sintomas-diagnostico-e-mais\/#Canal-do-YouTube\" >Canal do YouTube&nbsp;<\/a><\/li><li class='ez-toc-page-1 ez-toc-heading-level-2'><a class=\"ez-toc-link ez-toc-heading-8\" href=\"https:\/\/med.estrategia.com\/portal\/conteudos-gratis\/doencas\/resumo-de-eritema-ab-igne-causas-sintomas-diagnostico-e-mais\/#Referencias-Bibliograficas\" >Refer&ecirc;ncias Bibliogr&aacute;ficas&nbsp;<\/a><\/li><\/ul><\/nav><\/div>\n<h2 class=\"wp-block-heading\" id=\"h-conceito-de-eritema-ab-igne\"><span class=\"ez-toc-section\" id=\"Conceito-de-eritema-ab-igne\"><\/span>Conceito de eritema ab igne<span class=\"ez-toc-section-end\"><\/span><\/h2><p>O eritema ab igne &eacute; uma <strong>altera&ccedil;&atilde;o cut&acirc;nea causada pela exposi&ccedil;&atilde;o repetida e prolongada ao calor<\/strong> em n&iacute;veis insuficientes para provocar queimaduras diretas. A pele afetada desenvolve um padr&atilde;o reticulado escurecido, frequentemente acompanhado de vasos dilatados vis&iacute;veis. Em fases iniciais, a les&atilde;o pode apresentar colora&ccedil;&atilde;o avermelhada, que gradualmente evolui para tons acastanhados com o tempo.&nbsp;<\/p><p>Essa condi&ccedil;&atilde;o costuma surgir em &aacute;reas do corpo que entram em contato com fontes de calor, como <strong>bolsas t&eacute;rmicas, aquecedores, dispositivos eletr&ocirc;nicos e equipamentos terap&ecirc;uticos<\/strong>. Embora geralmente seja um achado benigno, a exposi&ccedil;&atilde;o cont&iacute;nua pode levar a danos persistentes e, em casos raros, ao desenvolvimento de altera&ccedil;&otilde;es pr&eacute;-malignas.<\/p><h2 class=\"wp-block-heading\" id=\"h-fisiopatologia-do-eritema-ab-igne-nbsp\"><span class=\"ez-toc-section\" id=\"Fisiopatologia-do-eritema-ab-igne\"><\/span>Fisiopatologia do eritema ab igne&nbsp;<span class=\"ez-toc-section-end\"><\/span><\/h2><p>O eritema ab igne surge devido &agrave; exposi&ccedil;&atilde;o repetida da pele ao calor moderado, abaixo do limiar necess&aacute;rio para causar queimaduras. Esse est&iacute;mulo t&eacute;rmico cont&iacute;nuo provoca uma <strong>resposta vascular caracterizada por dilata&ccedil;&atilde;o dos capilares d&eacute;rmicos<\/strong>, levando &agrave; forma&ccedil;&atilde;o do padr&atilde;o reticulado t&iacute;pico da condi&ccedil;&atilde;o. Com o tempo, a exposi&ccedil;&atilde;o prolongada resulta na deposi&ccedil;&atilde;o de hemossiderina e melanina na derme, contribuindo para a hiperpigmenta&ccedil;&atilde;o caracter&iacute;stica.<\/p><p>Al&eacute;m das altera&ccedil;&otilde;es pigmentares, a exposi&ccedil;&atilde;o cr&ocirc;nica ao calor pode causar <strong>atrofia epid&eacute;rmica e destrui&ccedil;&atilde;o progressiva das fibras col&aacute;genas<\/strong>, tornando a pele mais fina e predisposta a telangiectasias. Em casos avan&ccedil;ados, pode ocorrer hiperqueratose e displasia das c&eacute;lulas epid&eacute;rmicas, o que eleva o risco de transforma&ccedil;&atilde;o maligna, principalmente para carcinoma espinocelular.<\/p><h2 class=\"wp-block-heading\" id=\"h-causas-de-eritema-ab-igne-nbsp-nbsp\"><span class=\"ez-toc-section\" id=\"Causas-de-eritema-ab-igne\"><\/span>Causas de eritema ab igne&nbsp;&nbsp;<span class=\"ez-toc-section-end\"><\/span><\/h2><p>O eritema ab igne ocorre devido &agrave; <strong>exposi&ccedil;&atilde;o repetida e prolongada ao calor moderado<\/strong>, sem que a temperatura atinja n&iacute;veis suficientes para causar queimaduras diretas. Esse contato cont&iacute;nuo com a fonte t&eacute;rmica gera altera&ccedil;&otilde;es nos capilares d&eacute;rmicos, levando ao padr&atilde;o reticulado caracter&iacute;stico da condi&ccedil;&atilde;o. As principais fontes de calor associadas ao desenvolvimento dessa dermatose incluem:&nbsp;<\/p><ul class=\"wp-block-list\">\n<li><strong>Dispositivos eletr&ocirc;nicos<\/strong>: o uso frequente de computadores port&aacute;teis apoiados diretamente sobre as pernas pode gerar aquecimento suficiente para provocar a les&atilde;o.&nbsp;<\/li>\n<\/ul><ul class=\"wp-block-list\">\n<li><strong>M&eacute;todos terap&ecirc;uticos<\/strong>: bolsas t&eacute;rmicas, compressas quentes e equipamentos de fisioterapia, como diatermia e ultrassom terap&ecirc;utico, s&atilde;o frequentemente relatados como desencadeadores.&nbsp;<\/li>\n<\/ul><ul class=\"wp-block-list\">\n<li><strong>Aquecedores el&eacute;tricos e lareiras<\/strong>: exposi&ccedil;&atilde;o cont&iacute;nua a radiadores e outros dispositivos de aquecimento, especialmente durante o inverno, pode afetar &aacute;reas como pernas e costas.&nbsp;<\/li>\n<\/ul><ul class=\"wp-block-list\">\n<li><strong>Exposi&ccedil;&atilde;o ocupacional<\/strong>: trabalhadores que lidam com fornos, caldeiras e outras fontes de calor intenso podem desenvolver a condi&ccedil;&atilde;o em &aacute;reas expostas.<\/li>\n<\/ul><h2 class=\"wp-block-heading\" id=\"h-diagnostico\"><span class=\"ez-toc-section\" id=\"Diagnostico\"><\/span>Diagn&oacute;stico<span class=\"ez-toc-section-end\"><\/span><\/h2><p>O diagn&oacute;stico do eritema ab igne &eacute; <strong>essencialmente cl&iacute;nico<\/strong>, baseado na hist&oacute;ria de exposi&ccedil;&atilde;o ao calor e na observa&ccedil;&atilde;o das les&otilde;es caracter&iacute;sticas. A presen&ccedil;a de um padr&atilde;o reticulado hiperpigmentado em &aacute;reas submetidas a fontes de calor repetitivas levanta forte suspeita da condi&ccedil;&atilde;o.&nbsp;<\/p><p>O eritema ab igne se manifesta inicialmente como uma <strong>&aacute;rea avermelhada<\/strong>, geralmente <strong>indolor<\/strong>, que surge na regi&atilde;o exposta ao calor repetitivo. Com a continuidade da exposi&ccedil;&atilde;o, a colora&ccedil;&atilde;o eritematosa d&aacute; lugar a um <strong>padr&atilde;o reticulado hiperpigmentado<\/strong>, que pode variar de tons acastanhados a arroxeados.<\/p><figure class=\"wp-block-image\"><img decoding=\"async\" src=\"https:\/\/lh7-rt.googleusercontent.com\/docsz\/AD_4nXf3QIoDWnRcyo2nyys4Mj0s6bxW9qRUtTePwU4FB-fOzQiyrEuQw4BArhZ3mjSlYF4aM6frewvytlts-GesSVyZMa42OlrMCm-DgFo0UzatKBeZy-5Cu1Gxq2cMCdM-VFc1RVLNdw?key=qx4082GDDhVRFGX8innZZ3W-\" alt=\"\"><figcaption class=\"wp-element-caption\">M&aacute;culas acastanhadas com eritema na periferia na face anterior das coxas. GIRALDI, S. et al<\/figcaption><\/figure><figure class=\"wp-block-table\"><table class=\"has-fixed-layout\"><tbody><tr><td><strong>Caracter&iacute;sticas&nbsp;<\/strong><\/td><td><strong>Descri&ccedil;&atilde;o<\/strong><\/td><\/tr><tr><td>Padr&atilde;o inicial<\/td><td>&Aacute;rea avermelhada na regi&atilde;o exposta ao calor.<\/td><\/tr><tr><td>Evolu&ccedil;&atilde;o da colora&ccedil;&atilde;o<\/td><td>O eritema inicial evolui para padr&atilde;o reticulado hiperpigmentado, podendo ser acastanhado ou arroxeado.<\/td><\/tr><tr><td>Sintomas<\/td><td>Geralmente assintom&aacute;tico, mas pode haver leve ard&ecirc;ncia ou prurido.<\/td><\/tr><tr><td>Altera&ccedil;&otilde;es cut&acirc;neas<\/td><td>Telangiectasias, atrofia epid&eacute;rmica, descama&ccedil;&atilde;o fina e sensa&ccedil;&atilde;o de calor.<\/td><\/tr><tr><td>Locais mais comuns<\/td><td>Coxas, pernas, regi&atilde;o lombossacral e abdome, conforme a fonte de calor utilizada.<\/td><\/tr><tr><td>Possibilidade de maligniza&ccedil;&atilde;o<\/td><td>Rara, mas poss&iacute;vel em exposi&ccedil;&otilde;es prolongadas, exigindo acompanhamento dermatol&oacute;gico.<\/td><\/tr><\/tbody><\/table><\/figure><h3 class=\"wp-block-heading\" id=\"h-diagnostico-diferencial-nbsp-nbsp\">Diagn&oacute;stico diferencial&nbsp;&nbsp;<\/h3><ul class=\"wp-block-list\">\n<li><strong>Livedo reticularis;<\/strong><\/li>\n<\/ul><ul class=\"wp-block-list\">\n<li><strong>Dermatite de contato pigmentada;<\/strong><\/li>\n<\/ul><ul class=\"wp-block-list\">\n<li><strong>Poiquilodermia act&iacute;nica;<\/strong><\/li>\n<\/ul><ul class=\"wp-block-list\">\n<li><strong>Vasculites cut&acirc;neas; e<\/strong><\/li>\n<\/ul><ul class=\"wp-block-list\">\n<li><strong>Cutis marmorata telangiect&aacute;tica cong&ecirc;nita.<\/strong><\/li>\n<\/ul><h2 class=\"wp-block-heading\" id=\"h-tratamento-nbsp\"><span class=\"ez-toc-section\" id=\"Tratamento\"><\/span>Tratamento&nbsp;<span class=\"ez-toc-section-end\"><\/span><\/h2><h3 class=\"wp-block-heading\" id=\"h-interrupcao-da-exposicao-ao-calor-nbsp\">Interrup&ccedil;&atilde;o da exposi&ccedil;&atilde;o ao calor&nbsp;<\/h3><p>O passo mais importante no tratamento do eritema ab igne &eacute; <strong>cessar o contato com a fonte de calor<\/strong>. Em muitos casos, apenas essa medida j&aacute; &eacute; suficiente para que as les&otilde;es regridam gradualmente. O paciente deve ser orientado a evitar o uso direto de bolsas t&eacute;rmicas, aquecedores, laptops sobre a pele e qualquer outro dispositivo que emita calor prolongado.<\/p><h3 class=\"wp-block-heading\" id=\"h-cuidados-com-a-pele-e-fotoprotecao-nbsp\">Cuidados com a pele e fotoprote&ccedil;&atilde;o&nbsp;<\/h3><p>A <strong>fotoprote&ccedil;&atilde;o<\/strong> &eacute; essencial para evitar a piora da hiperpigmenta&ccedil;&atilde;o e prevenir danos adicionais causados pela exposi&ccedil;&atilde;o solar. O uso de <strong>protetores solares<\/strong> de amplo espectro deve ser incentivado, especialmente quando a les&atilde;o se localiza em &aacute;reas expostas. Al&eacute;m disso, <strong>hidratantes<\/strong> e produtos que restauram a barreira cut&acirc;nea ajudam a manter a pele saud&aacute;vel e reduzir descama&ccedil;&atilde;o ou irrita&ccedil;&atilde;o.<\/p><h3 class=\"wp-block-heading\" id=\"h-evolucao\">Evolu&ccedil;&atilde;o<\/h3><p>A evolu&ccedil;&atilde;o do quadro depende da dura&ccedil;&atilde;o e intensidade da exposi&ccedil;&atilde;o ao calor. Quando o contato com a fonte t&eacute;rmica &eacute; interrompido <strong>precocemente<\/strong>, as les&otilde;es podem regredir completamente ao longo de meses. No entanto, em exposi&ccedil;&otilde;es prolongadas, a hiperpigmenta&ccedil;&atilde;o pode se tornar permanente e, em casos raros, h&aacute; risco de transforma&ccedil;&atilde;o para <strong>carcinoma espinocelular.<\/strong><\/p><p><strong><em>Venha fazer parte da maior plataforma de Medicina do Brasil! O Estrat&eacute;gia MED possui os materiais mais atualizados e cursos ministrados por especialistas na &aacute;rea. N&atilde;o perca a oportunidade de elevar seus estudos, inscreva-se agora e comece a construir um caminho de excel&ecirc;ncia na medicina!<\/em><\/strong>&nbsp;<\/p><h2 class=\"wp-block-heading\" id=\"h-veja-tambem\"><span class=\"ez-toc-section\" id=\"Veja-Tambem\"><\/span>Veja Tamb&eacute;m<span class=\"ez-toc-section-end\"><\/span><\/h2><ul class=\"wp-block-list\">\n<li><a href=\"https:\/\/med.estrategia.com\/portal\/conteudos-gratis\/doencas\/resumo-da-sindrome-dress-causas-diagnostico-e-mais\/\">Resumo da S&iacute;ndrome DRESS: causas, diagn&oacute;stico e mais!<\/a><\/li>\n\n\n\n<li><a href=\"https:\/\/med.estrategia.com\/portal\/conteudos-gratis\/doencas\/resumo-de-ectima-conceito-causas-diagnostico-e-mais\/\">Resumo de Ectima: conceito, causas, diagn&oacute;stico e mais!<\/a><\/li>\n\n\n\n<li><a href=\"https:\/\/med.estrategia.com\/portal\/conteudos-gratis\/doencas\/resumo-de-piodermites-conceito-classificacao-e-mais\/\">Resumo de Piodermites: conceito, classifica&ccedil;&atilde;o e mais!<\/a><\/li>\n\n\n\n<li><a href=\"https:\/\/med.estrategia.com\/portal\/conteudos-gratis\/doencas\/resumo-de-impetigo-diagnostico-tratamento-e-mais\/\">Resumo de impetigo: diagn&oacute;stico, tratamento e mais!<\/a><\/li>\n\n\n\n<li><a href=\"https:\/\/med.estrategia.com\/portal\/conteudos-gratis\/doencas\/resumo-sobre-rash-cutaneo-definicao-etiologias-e-mais\/\">Resumo sobre Rash Cut&acirc;neo: defini&ccedil;&atilde;o, etiologias e mais!<\/a><\/li>\n\n\n\n<li><a href=\"https:\/\/med.estrategia.com\/portal\/conteudos-gratis\/doencas\/resumo-sobre-lipoma-diagnostico-tratamento-e-mais\/\">Resumo sobre lipoma: diagn&oacute;stico, tratamento e mais!<\/a><\/li>\n\n\n\n<li><a href=\"https:\/\/med.estrategia.com\/portal\/outros\/resumo-sobre-tecido-epitelial-estruturas-funcoes-e-mais\/\">Resumo sobre tecido epitelial: estruturas, fun&ccedil;&otilde;es e mais!<\/a><\/li>\n\n\n\n<li><a href=\"https:\/\/med.estrategia.com\/portal\/conteudos-gratis\/doencas\/resumo-de-dermatofitose-tinea-diagnostico-tratamento-e-mais\/\">Resumo de dermatofitose (Tinea): diagn&oacute;stico, tratamento e mais!<\/a><\/li>\n\n\n\n<li><a href=\"https:\/\/med.estrategia.com\/portal\/conteudos-gratis\/doencas\/resumo-de-tinea-corporis-diagnostico-tratamento-e-mais\/\">Resumo de Tinea corporis: diagn&oacute;stico, tratamento e mais!<\/a>&nbsp;<\/li>\n<\/ul><h2 class=\"wp-block-heading\" id=\"h-canal-do-youtube-nbsp\"><span class=\"ez-toc-section\" id=\"Canal-do-YouTube\"><\/span>Canal do YouTube&nbsp;<span class=\"ez-toc-section-end\"><\/span><\/h2><ul class=\"wp-block-list\">\n<li><a href=\"https:\/\/www.youtube.com\/@EstrategiaMED\" target=\"_blank\" rel=\"noopener noreferrer\">YouTube do Estrat&eacute;gia MED<\/a><\/li>\n<\/ul><h2 class=\"wp-block-heading\" id=\"h-referencias-bibliograficas-nbsp\"><span class=\"ez-toc-section\" id=\"Referencias-Bibliograficas\"><\/span>Refer&ecirc;ncias Bibliogr&aacute;ficas&nbsp;<span class=\"ez-toc-section-end\"><\/span><\/h2><ol class=\"wp-block-list\">\n<li>GIRALDI, S. et al. <strong>Eritema Ab Igne em adolescente induzido por computador laptop<\/strong>. Anais Brasileiros de Dermatologia, v. 86, n. 1, p. 128-130, 2011.&nbsp;&nbsp;<\/li>\n<\/ol><ol start=\"2\" class=\"wp-block-list\">\n<li>KETTELHUT, E. A. et al. <strong>Erythema Ab Igne<\/strong>. StatPearls Publishing, 2025.&nbsp;<\/li>\n<\/ol><ol start=\"3\" class=\"wp-block-list\">\n<li>WEBER, M. B. et al. <strong>Erythema ab igne: relato de um caso.<\/strong> Anais Brasileiros de Dermatologia, v. 80, n. 2, p. 187-188, 2005.&nbsp;<\/li>\n<\/ol><\/p>\n","protected":false},"excerpt":{"rendered":"Ol&aacute;, querido doutor e doutora! O eritema ab igne &eacute; uma dermatose causada pela exposi&ccedil;&atilde;o repetida ao calor&hellip;\n","protected":false},"author":46,"featured_media":84102,"comment_status":"closed","ping_status":"closed","sticky":false,"template":"","format":"standard","meta":{"wl_entities_gutenberg":"","footnotes":""},"categories":[304],"tags":[60,1310],"wl_entity_type":[199],"class_list":{"0":"post-84101","1":"post","2":"type-post","3":"status-publish","4":"format-standard","5":"has-post-thumbnail","7":"category-doencas","8":"tag-dermatologia","9":"tag-eritema-ab-igne","10":"wl_entity_type-article"},"acf":[],"yoast_head":"<!-- This site is optimized with the Yoast SEO Premium plugin v26.6 (Yoast SEO v26.6) - https:\/\/yoast.com\/wordpress\/plugins\/seo\/ -->\n<title>Resumo de Eritema Ab Igne: causas, sintomas, diagn\u00f3stico e mais!<\/title>\n<meta name=\"description\" content=\"O eritema ab igne ocorre devido \u00e0 exposi\u00e7\u00e3o prolongada ao calor, sem que a temperatura atinja n\u00edveis para causar queimaduras diretas.\" \/>\n<meta name=\"robots\" content=\"index, follow, max-snippet:-1, max-image-preview:large, max-video-preview:-1\" \/>\n<link rel=\"canonical\" href=\"https:\/\/med.estrategia.com\/portal\/conteudos-gratis\/doencas\/resumo-de-eritema-ab-igne-causas-sintomas-diagnostico-e-mais\/\" \/>\n<meta property=\"og:locale\" content=\"pt_BR\" \/>\n<meta property=\"og:type\" content=\"article\" \/>\n<meta property=\"og:title\" content=\"Resumo de Eritema Ab Igne: causas, sintomas, diagn\u00f3stico e mais!\" \/>\n<meta property=\"og:description\" content=\"O eritema ab igne ocorre devido \u00e0 exposi\u00e7\u00e3o prolongada ao calor, sem que a temperatura atinja n\u00edveis para causar queimaduras diretas.\" \/>\n<meta property=\"og:url\" content=\"https:\/\/med.estrategia.com\/portal\/conteudos-gratis\/doencas\/resumo-de-eritema-ab-igne-causas-sintomas-diagnostico-e-mais\/\" \/>\n<meta property=\"og:site_name\" content=\"Estrat\u00e9gia MED\" \/>\n<meta property=\"article:publisher\" content=\"https:\/\/www.facebook.com\/estrategiamed1\" \/>\n<meta property=\"article:published_time\" content=\"2025-03-19T12:48:33+00:00\" \/>\n<meta property=\"article:modified_time\" content=\"2025-11-09T13:34:54+00:00\" \/>\n<meta property=\"og:image\" content=\"https:\/\/med.estrategia.com\/portal\/wp-content\/uploads\/2025\/03\/iScreen-Shoter-Pre-Visualizacao-250319094422.jpg\" \/>\n\t<meta property=\"og:image:width\" content=\"865\" \/>\n\t<meta property=\"og:image:height\" content=\"669\" \/>\n\t<meta property=\"og:image:type\" content=\"image\/jpeg\" \/>\n<meta name=\"author\" content=\"Pablo Fernandes\" \/>\n<meta name=\"twitter:card\" content=\"summary_large_image\" \/>\n<meta name=\"twitter:creator\" content=\"@estrategiamed_\" \/>\n<meta name=\"twitter:site\" content=\"@estrategiamed_\" \/>\n<meta name=\"twitter:label1\" content=\"Escrito por\" \/>\n\t<meta name=\"twitter:data1\" content=\"Pablo Fernandes\" \/>\n\t<meta name=\"twitter:label2\" content=\"Est. tempo de leitura\" \/>\n\t<meta name=\"twitter:data2\" content=\"6 minutos\" \/>\n<script type=\"application\/ld+json\" class=\"yoast-schema-graph\">{\"@context\":\"https:\/\/schema.org\",\"@graph\":[{\"@type\":\"WebPage\",\"@id\":\"https:\/\/med.estrategia.com\/portal\/conteudos-gratis\/doencas\/resumo-de-eritema-ab-igne-causas-sintomas-diagnostico-e-mais\/\",\"url\":\"https:\/\/med.estrategia.com\/portal\/conteudos-gratis\/doencas\/resumo-de-eritema-ab-igne-causas-sintomas-diagnostico-e-mais\/\",\"name\":\"Resumo de Eritema Ab Igne: causas, sintomas, diagn\u00f3stico e mais!\",\"isPartOf\":{\"@id\":\"https:\/\/med.estrategia.com\/portal\/#website\"},\"primaryImageOfPage\":{\"@id\":\"https:\/\/med.estrategia.com\/portal\/conteudos-gratis\/doencas\/resumo-de-eritema-ab-igne-causas-sintomas-diagnostico-e-mais\/#primaryimage\"},\"image\":{\"@id\":\"https:\/\/med.estrategia.com\/portal\/conteudos-gratis\/doencas\/resumo-de-eritema-ab-igne-causas-sintomas-diagnostico-e-mais\/#primaryimage\"},\"thumbnailUrl\":\"https:\/\/med.estrategia.com\/portal\/wp-content\/uploads\/2025\/03\/iScreen-Shoter-Pre-Visualizacao-250319094422.jpg\",\"datePublished\":\"2025-03-19T12:48:33+00:00\",\"dateModified\":\"2025-11-09T13:34:54+00:00\",\"author\":{\"@id\":\"https:\/\/med.estrategia.com\/portal\/#\/schema\/person\/67a72aa9c51ed5919796767d808606b4\"},\"description\":\"O eritema ab igne ocorre devido \u00e0 exposi\u00e7\u00e3o prolongada ao calor, sem que a temperatura atinja n\u00edveis para causar queimaduras diretas.\",\"breadcrumb\":{\"@id\":\"https:\/\/med.estrategia.com\/portal\/conteudos-gratis\/doencas\/resumo-de-eritema-ab-igne-causas-sintomas-diagnostico-e-mais\/#breadcrumb\"},\"inLanguage\":\"pt-BR\",\"potentialAction\":[{\"@type\":\"ReadAction\",\"target\":[\"https:\/\/med.estrategia.com\/portal\/conteudos-gratis\/doencas\/resumo-de-eritema-ab-igne-causas-sintomas-diagnostico-e-mais\/\"]}]},{\"@type\":\"ImageObject\",\"inLanguage\":\"pt-BR\",\"@id\":\"https:\/\/med.estrategia.com\/portal\/conteudos-gratis\/doencas\/resumo-de-eritema-ab-igne-causas-sintomas-diagnostico-e-mais\/#primaryimage\",\"url\":\"https:\/\/med.estrategia.com\/portal\/wp-content\/uploads\/2025\/03\/iScreen-Shoter-Pre-Visualizacao-250319094422.jpg\",\"contentUrl\":\"https:\/\/med.estrategia.com\/portal\/wp-content\/uploads\/2025\/03\/iScreen-Shoter-Pre-Visualizacao-250319094422.jpg\",\"width\":865,\"height\":669,\"caption\":\"Anais Brasileiros de Dermatologia.\"},{\"@type\":\"BreadcrumbList\",\"@id\":\"https:\/\/med.estrategia.com\/portal\/conteudos-gratis\/doencas\/resumo-de-eritema-ab-igne-causas-sintomas-diagnostico-e-mais\/#breadcrumb\",\"itemListElement\":[{\"@type\":\"ListItem\",\"position\":1,\"name\":\"Home\",\"item\":\"https:\/\/med.estrategia.com\/portal\/\"},{\"@type\":\"ListItem\",\"position\":2,\"name\":\"Conte\u00fados Gr\u00e1tis\",\"item\":\"https:\/\/med.estrategia.com\/portal\/conteudos-gratis\/\"},{\"@type\":\"ListItem\",\"position\":3,\"name\":\"Doen\u00e7as\",\"item\":\"https:\/\/med.estrategia.com\/portal\/conteudos-gratis\/doencas\/\"},{\"@type\":\"ListItem\",\"position\":4,\"name\":\"Resumo de Eritema Ab Igne: causas, sintomas, diagn\u00f3stico e mais!\"}]},{\"@type\":\"WebSite\",\"@id\":\"https:\/\/med.estrategia.com\/portal\/#website\",\"url\":\"https:\/\/med.estrategia.com\/portal\/\",\"name\":\"Estrat\u00e9gia MED\",\"description\":\"\",\"potentialAction\":[{\"@type\":\"SearchAction\",\"target\":{\"@type\":\"EntryPoint\",\"urlTemplate\":\"https:\/\/med.estrategia.com\/portal\/?s={search_term_string}\"},\"query-input\":{\"@type\":\"PropertyValueSpecification\",\"valueRequired\":true,\"valueName\":\"search_term_string\"}}],\"inLanguage\":\"pt-BR\"},{\"@type\":\"Person\",\"@id\":\"https:\/\/med.estrategia.com\/portal\/#\/schema\/person\/67a72aa9c51ed5919796767d808606b4\",\"name\":\"Pablo Fernandes\",\"image\":{\"@type\":\"ImageObject\",\"inLanguage\":\"pt-BR\",\"@id\":\"https:\/\/med.estrategia.com\/portal\/#\/schema\/person\/image\/\",\"url\":\"https:\/\/med.estrategia.com\/portal\/wp-content\/uploads\/2025\/07\/DSC_0059-1-150x150.jpg\",\"contentUrl\":\"https:\/\/med.estrategia.com\/portal\/wp-content\/uploads\/2025\/07\/DSC_0059-1-150x150.jpg\",\"caption\":\"Pablo Fernandes\"},\"description\":\"R1 em Medicina de Fam\u00edlia e Comunidade, mineiro e apaixonado por Jesus.\",\"sameAs\":[\"https:\/\/www.instagram.com\/pablowiil\/\"],\"url\":\"https:\/\/med.estrategia.com\/portal\/author\/pablo-souza\/\"}]}<\/script>\n<!-- \/ Yoast SEO Premium plugin. -->","yoast_head_json":{"title":"Resumo de Eritema Ab Igne: causas, sintomas, diagn\u00f3stico e mais!","description":"O eritema ab igne ocorre devido \u00e0 exposi\u00e7\u00e3o prolongada ao calor, sem que a temperatura atinja n\u00edveis para causar queimaduras diretas.","robots":{"index":"index","follow":"follow","max-snippet":"max-snippet:-1","max-image-preview":"max-image-preview:large","max-video-preview":"max-video-preview:-1"},"canonical":"https:\/\/med.estrategia.com\/portal\/conteudos-gratis\/doencas\/resumo-de-eritema-ab-igne-causas-sintomas-diagnostico-e-mais\/","og_locale":"pt_BR","og_type":"article","og_title":"Resumo de Eritema Ab Igne: causas, sintomas, diagn\u00f3stico e mais!","og_description":"O eritema ab igne ocorre devido \u00e0 exposi\u00e7\u00e3o prolongada ao calor, sem que a temperatura atinja n\u00edveis para causar queimaduras diretas.","og_url":"https:\/\/med.estrategia.com\/portal\/conteudos-gratis\/doencas\/resumo-de-eritema-ab-igne-causas-sintomas-diagnostico-e-mais\/","og_site_name":"Estrat\u00e9gia MED","article_publisher":"https:\/\/www.facebook.com\/estrategiamed1","article_published_time":"2025-03-19T12:48:33+00:00","article_modified_time":"2025-11-09T13:34:54+00:00","og_image":[{"width":865,"height":669,"url":"https:\/\/med.estrategia.com\/portal\/wp-content\/uploads\/2025\/03\/iScreen-Shoter-Pre-Visualizacao-250319094422.jpg","type":"image\/jpeg"}],"author":"Pablo Fernandes","twitter_card":"summary_large_image","twitter_creator":"@estrategiamed_","twitter_site":"@estrategiamed_","twitter_misc":{"Escrito por":"Pablo Fernandes","Est. tempo de leitura":"6 minutos"},"schema":{"@context":"https:\/\/schema.org","@graph":[{"@type":"WebPage","@id":"https:\/\/med.estrategia.com\/portal\/conteudos-gratis\/doencas\/resumo-de-eritema-ab-igne-causas-sintomas-diagnostico-e-mais\/","url":"https:\/\/med.estrategia.com\/portal\/conteudos-gratis\/doencas\/resumo-de-eritema-ab-igne-causas-sintomas-diagnostico-e-mais\/","name":"Resumo de Eritema Ab Igne: causas, sintomas, diagn\u00f3stico e mais!","isPartOf":{"@id":"https:\/\/med.estrategia.com\/portal\/#website"},"primaryImageOfPage":{"@id":"https:\/\/med.estrategia.com\/portal\/conteudos-gratis\/doencas\/resumo-de-eritema-ab-igne-causas-sintomas-diagnostico-e-mais\/#primaryimage"},"image":{"@id":"https:\/\/med.estrategia.com\/portal\/conteudos-gratis\/doencas\/resumo-de-eritema-ab-igne-causas-sintomas-diagnostico-e-mais\/#primaryimage"},"thumbnailUrl":"https:\/\/med.estrategia.com\/portal\/wp-content\/uploads\/2025\/03\/iScreen-Shoter-Pre-Visualizacao-250319094422.jpg","datePublished":"2025-03-19T12:48:33+00:00","dateModified":"2025-11-09T13:34:54+00:00","author":{"@id":"https:\/\/med.estrategia.com\/portal\/#\/schema\/person\/67a72aa9c51ed5919796767d808606b4"},"description":"O eritema ab igne ocorre devido \u00e0 exposi\u00e7\u00e3o prolongada ao calor, sem que a temperatura atinja n\u00edveis para causar queimaduras diretas.","breadcrumb":{"@id":"https:\/\/med.estrategia.com\/portal\/conteudos-gratis\/doencas\/resumo-de-eritema-ab-igne-causas-sintomas-diagnostico-e-mais\/#breadcrumb"},"inLanguage":"pt-BR","potentialAction":[{"@type":"ReadAction","target":["https:\/\/med.estrategia.com\/portal\/conteudos-gratis\/doencas\/resumo-de-eritema-ab-igne-causas-sintomas-diagnostico-e-mais\/"]}]},{"@type":"ImageObject","inLanguage":"pt-BR","@id":"https:\/\/med.estrategia.com\/portal\/conteudos-gratis\/doencas\/resumo-de-eritema-ab-igne-causas-sintomas-diagnostico-e-mais\/#primaryimage","url":"https:\/\/med.estrategia.com\/portal\/wp-content\/uploads\/2025\/03\/iScreen-Shoter-Pre-Visualizacao-250319094422.jpg","contentUrl":"https:\/\/med.estrategia.com\/portal\/wp-content\/uploads\/2025\/03\/iScreen-Shoter-Pre-Visualizacao-250319094422.jpg","width":865,"height":669,"caption":"Anais Brasileiros de Dermatologia."},{"@type":"BreadcrumbList","@id":"https:\/\/med.estrategia.com\/portal\/conteudos-gratis\/doencas\/resumo-de-eritema-ab-igne-causas-sintomas-diagnostico-e-mais\/#breadcrumb","itemListElement":[{"@type":"ListItem","position":1,"name":"Home","item":"https:\/\/med.estrategia.com\/portal\/"},{"@type":"ListItem","position":2,"name":"Conte\u00fados Gr\u00e1tis","item":"https:\/\/med.estrategia.com\/portal\/conteudos-gratis\/"},{"@type":"ListItem","position":3,"name":"Doen\u00e7as","item":"https:\/\/med.estrategia.com\/portal\/conteudos-gratis\/doencas\/"},{"@type":"ListItem","position":4,"name":"Resumo de Eritema Ab Igne: causas, sintomas, diagn\u00f3stico e mais!"}]},{"@type":"WebSite","@id":"https:\/\/med.estrategia.com\/portal\/#website","url":"https:\/\/med.estrategia.com\/portal\/","name":"Estrat\u00e9gia MED","description":"","potentialAction":[{"@type":"SearchAction","target":{"@type":"EntryPoint","urlTemplate":"https:\/\/med.estrategia.com\/portal\/?s={search_term_string}"},"query-input":{"@type":"PropertyValueSpecification","valueRequired":true,"valueName":"search_term_string"}}],"inLanguage":"pt-BR"},{"@type":"Person","@id":"https:\/\/med.estrategia.com\/portal\/#\/schema\/person\/67a72aa9c51ed5919796767d808606b4","name":"Pablo Fernandes","image":{"@type":"ImageObject","inLanguage":"pt-BR","@id":"https:\/\/med.estrategia.com\/portal\/#\/schema\/person\/image\/","url":"https:\/\/med.estrategia.com\/portal\/wp-content\/uploads\/2025\/07\/DSC_0059-1-150x150.jpg","contentUrl":"https:\/\/med.estrategia.com\/portal\/wp-content\/uploads\/2025\/07\/DSC_0059-1-150x150.jpg","caption":"Pablo Fernandes"},"description":"R1 em Medicina de Fam\u00edlia e Comunidade, mineiro e apaixonado por Jesus.","sameAs":["https:\/\/www.instagram.com\/pablowiil\/"],"url":"https:\/\/med.estrategia.com\/portal\/author\/pablo-souza\/"}]}},"_wl_alt_label":[],"wl:entity_url":"\/post\/resumo-de-eritema-ab-igne-causas-sintomas-diagnostico-e-mais-84101","_links":{"self":[{"href":"https:\/\/med.estrategia.com\/portal\/wp-json\/wp\/v2\/posts\/84101","targetHints":{"allow":["GET"]}}],"collection":[{"href":"https:\/\/med.estrategia.com\/portal\/wp-json\/wp\/v2\/posts"}],"about":[{"href":"https:\/\/med.estrategia.com\/portal\/wp-json\/wp\/v2\/types\/post"}],"author":[{"embeddable":true,"href":"https:\/\/med.estrategia.com\/portal\/wp-json\/wp\/v2\/users\/46"}],"replies":[{"embeddable":true,"href":"https:\/\/med.estrategia.com\/portal\/wp-json\/wp\/v2\/comments?post=84101"}],"version-history":[{"count":3,"href":"https:\/\/med.estrategia.com\/portal\/wp-json\/wp\/v2\/posts\/84101\/revisions"}],"predecessor-version":[{"id":100129,"href":"https:\/\/med.estrategia.com\/portal\/wp-json\/wp\/v2\/posts\/84101\/revisions\/100129"}],"wp:featuredmedia":[{"embeddable":true,"href":"https:\/\/med.estrategia.com\/portal\/wp-json\/wp\/v2\/media\/84102"}],"wp:attachment":[{"href":"https:\/\/med.estrategia.com\/portal\/wp-json\/wp\/v2\/media?parent=84101"}],"wp:term":[{"taxonomy":"category","embeddable":true,"href":"https:\/\/med.estrategia.com\/portal\/wp-json\/wp\/v2\/categories?post=84101"},{"taxonomy":"post_tag","embeddable":true,"href":"https:\/\/med.estrategia.com\/portal\/wp-json\/wp\/v2\/tags?post=84101"},{"taxonomy":"wl_entity_type","embeddable":true,"href":"https:\/\/med.estrategia.com\/portal\/wp-json\/wp\/v2\/wl_entity_type?post=84101"}],"curies":[{"name":"wp","href":"https:\/\/api.w.org\/{rel}","templated":true}]}}